{"id":3763,"date":"2017-01-02T16:22:11","date_gmt":"2017-01-02T15:22:11","guid":{"rendered":"http:\/\/www.vsveicolispeciali.com\/brand-e-food-truck-insieme-per-il-successo\/"},"modified":"2024-07-30T13:04:12","modified_gmt":"2024-07-30T11:04:12","slug":"le-succes-dun-food-truck-depend-aussi-de-la-marque","status":"publish","type":"post","link":"https:\/\/www.vsveicolispeciali.com\/fr\/le-succes-dun-food-truck-depend-aussi-de-la-marque\/","title":{"rendered":"Le Succ\u00e8s d\u2019un \u201cFood Truck\u201d d\u00e9pend aussi de sa Conception"},"content":{"rendered":"<p>La question commune \u00e0 laquelle nous souhaitons r\u00e9pondre est la suivante: pourquoi s\u2019adresser \u00e0 un professionnel pour la <strong>r\u00e9alisation du Brand de votre camion-restaurant?<\/strong><\/p>\n<p>Afin de r\u00e9duire les co\u00fbts dans les p\u00e9riodes de crise comme \u00e0 pr\u00e9sent, beaucoup d\u2019op\u00e9rateurs du secteur des cuisines de rue ont la tendance \u00e0 reposer sur leur propre cr\u00e9ativit\u00e9, ou bien \u00e0 confier \u00e0 des sujets \u00e0 la comp\u00e9tence discutable la <strong>conception de la marque<\/strong> et la <strong>cr\u00e9ation de l\u2019identit\u00e9 graphique<\/strong> de leur activit\u00e9. On ne r\u00e9p\u00e9tera jamais assez qu\u2019il s\u2019agit d\u2019une erreur monumentale qui risque de compromettre le succ\u00e8s de votre activit\u00e9.<\/p>\n<p>Il faut bien \u00e9liminer les co\u00fbts inutiles; par contre, <strong>l\u2019\u00e9tude graphique r\u00e9alis\u00e9e avec soin ne devrait pas \u00eatre consid\u00e9r\u00e9e comme un co\u00fbt, mais comme un investissement<\/strong> qui va donner ses fruits dans le temps. C\u2019est le cas pour toutes les entreprises, bien s\u00fbr, mais c\u2019est encore plus vrai pour le \u00ab\u00a0street food\u00a0\u00bb, prenant en compte sa nature hautement dynamique.<\/p>\n<p>Lorsqu\u2019on se d\u00e9place sur la route sans rel\u00e2che, sans un si\u00e8ge fixe et des rep\u00e8res g\u00e9ographiques pr\u00e9cis, ce qui fait la diff\u00e9rence est <strong>une identit\u00e9 forte et imm\u00e9diatement reconnaissable<\/strong>.<\/p>\n<p><strong>C\u2019est l\u00e0 que le professionnel joue son r\u00f4le fondamental<\/strong>, car il con\u00e7oit la repr\u00e9sentation graphique \u00e0 r\u00e9aliser selon les exigences du client, la cible, le budget \u00e0 investir, le type et la modalit\u00e9 de travail, et ainsi de suite. Il s\u2019agit donc <strong>d\u2019\u00e9tudier la communication<\/strong> la plus efficace par rapport au type de client\u00e8le qu\u2019on souhaite atteindre afin de promouvoir l\u2019activit\u00e9 ou le produit au mieux.<\/p>\n<p>Malheureusement, beaucoup d\u2019entrepreneurs pr\u00e9f\u00e8rent opter pour l\u2019offre \u00e9conomiquement plus avantageuse sans \u00e9valuer l\u2019<strong>investissement le meilleur<\/strong>: c\u2019est comme \u00e7a que trop de projets sont \u00e0 l\u2019impasse avant encore de commencer.<\/p>\n<p>Concevoir une marque et sa repr\u00e9sentation graphique, et donc cr\u00e9er une identit\u00e9 est fondamental non seulement pour \u00eatre reconnus dans la masse, mais aussi pour augmenter votre cr\u00e9dibilit\u00e9 aux yeux de tous ce qui voient votre <a href=\"https:\/\/www.vsveicolispeciali.com\/fr\/amenagement-vehicules-magasin-commerce-ambulant\/food-truck-camion-magasin-pour-vente-ambulante\/\" target=\"_blank\" rel=\"noopener noreferrer\">food truck<\/a> pour la premi\u00e8re fois!<\/p>\n<p>C\u2019est dans ces premi\u00e8res minutes que vous transmettez votre passion et d\u00e9vouement \u00e0 la cuisine de rue!<\/p>\n<p>L\u2019esth\u00e9tique et l\u2019originalit\u00e9 du food truck ont \u200b\u200bsans aucun doute un impact sur les ventes, pensez au splendide design du food truck pro x ou du food truck NV.<\/p>\n<p>Et puis il y a de <a href=\"https:\/\/www.vsveicolispeciali.com\/fr\/amenagement-vehicules-magasin-commerce-ambulant\/triporteur-ape-piaggio-food-truck-et-vespacar-a-vendre\/triporteur-piaggio-tr-espaces-commerciaux\/\">nouveaux concepts de food trucks<\/a> \u00e0 prendre en consid\u00e9ration pour exploiter leur potentiel dans des contextes inhabituels, comme au sein des hypermarch\u00e9s et des espaces commerciaux priv\u00e9s.<\/p>\n<p>Par exemple, un <a href=\"https:\/\/www.vsveicolispeciali.com\/fr\/triporteur-tr-nouveau-concept-de-cafe-ambulant\/\">nouveau concept de caf\u00e9 mobile<\/a>, construit sur un Piaggio Ape sans moteur, permet d&rsquo;<a href=\"https:\/\/www.vsveicolispeciali.com\/fr\/ce-dont-vous-avez-besoin-pour-ouvrir-un-food-truck\/\">ouvrir un food truck<\/a> dans les supermarch\u00e9s et les espaces priv\u00e9s.<br \/>\n&nbsp;<br \/>\n<a href=\"https:\/\/www.vsveicolispeciali.com\/wp-content\/uploads\/2024\/07\/nouveau-concept-food-truck-cafe.jpg\"><img loading=\"lazy\" decoding=\"async\" src=\"https:\/\/www.vsveicolispeciali.com\/wp-content\/uploads\/2024\/07\/nouveau-concept-food-truck-cafe.jpg\" alt=\"nouveau concept food truck cafe\" width=\"1272\" height=\"715\" class=\"alignleft size-full wp-image-26070\" srcset=\"https:\/\/www.vsveicolispeciali.com\/wp-content\/uploads\/2024\/07\/nouveau-concept-food-truck-cafe.jpg 1272w, https:\/\/www.vsveicolispeciali.com\/wp-content\/uploads\/2024\/07\/nouveau-concept-food-truck-cafe-300x169.jpg 300w, https:\/\/www.vsveicolispeciali.com\/wp-content\/uploads\/2024\/07\/nouveau-concept-food-truck-cafe-1024x576.jpg 1024w, https:\/\/www.vsveicolispeciali.com\/wp-content\/uploads\/2024\/07\/nouveau-concept-food-truck-cafe-768x432.jpg 768w, https:\/\/www.vsveicolispeciali.com\/wp-content\/uploads\/2024\/07\/nouveau-concept-food-truck-cafe-700x393.jpg 700w, https:\/\/www.vsveicolispeciali.com\/wp-content\/uploads\/2024\/07\/nouveau-concept-food-truck-cafe-539x303.jpg 539w\" sizes=\"(max-width: 1272px) 100vw, 1272px\" \/><\/a><br \/>\n&nbsp;<br \/>\n<a href=\"https:\/\/www.vsveicolispeciali.com\/wp-content\/uploads\/2024\/07\/nouveau-concept-cafe-ambulant-re-nero.jpg\"><img loading=\"lazy\" decoding=\"async\" src=\"https:\/\/www.vsveicolispeciali.com\/wp-content\/uploads\/2024\/07\/nouveau-concept-cafe-ambulant-re-nero.jpg\" alt=\"nouveau concept cafe ambulant re nero\" width=\"1272\" height=\"715\" class=\"alignleft size-full wp-image-26066\" srcset=\"https:\/\/www.vsveicolispeciali.com\/wp-content\/uploads\/2024\/07\/nouveau-concept-cafe-ambulant-re-nero.jpg 1272w, https:\/\/www.vsveicolispeciali.com\/wp-content\/uploads\/2024\/07\/nouveau-concept-cafe-ambulant-re-nero-300x169.jpg 300w, https:\/\/www.vsveicolispeciali.com\/wp-content\/uploads\/2024\/07\/nouveau-concept-cafe-ambulant-re-nero-1024x576.jpg 1024w, https:\/\/www.vsveicolispeciali.com\/wp-content\/uploads\/2024\/07\/nouveau-concept-cafe-ambulant-re-nero-768x432.jpg 768w, https:\/\/www.vsveicolispeciali.com\/wp-content\/uploads\/2024\/07\/nouveau-concept-cafe-ambulant-re-nero-700x393.jpg 700w, https:\/\/www.vsveicolispeciali.com\/wp-content\/uploads\/2024\/07\/nouveau-concept-cafe-ambulant-re-nero-539x303.jpg 539w\" sizes=\"(max-width: 1272px) 100vw, 1272px\" \/><\/a><br \/>\n&nbsp;<br \/>\n<a href=\"https:\/\/www.vsveicolispeciali.com\/wp-content\/uploads\/2024\/07\/food-truck-caisse-automatique.jpg\"><img loading=\"lazy\" decoding=\"async\" src=\"https:\/\/www.vsveicolispeciali.com\/wp-content\/uploads\/2024\/07\/food-truck-caisse-automatique.jpg\" alt=\"food truck caisse automatique\" width=\"1272\" height=\"715\" class=\"alignleft size-full wp-image-26062\" srcset=\"https:\/\/www.vsveicolispeciali.com\/wp-content\/uploads\/2024\/07\/food-truck-caisse-automatique.jpg 1272w, https:\/\/www.vsveicolispeciali.com\/wp-content\/uploads\/2024\/07\/food-truck-caisse-automatique-300x169.jpg 300w, https:\/\/www.vsveicolispeciali.com\/wp-content\/uploads\/2024\/07\/food-truck-caisse-automatique-1024x576.jpg 1024w, https:\/\/www.vsveicolispeciali.com\/wp-content\/uploads\/2024\/07\/food-truck-caisse-automatique-768x432.jpg 768w, https:\/\/www.vsveicolispeciali.com\/wp-content\/uploads\/2024\/07\/food-truck-caisse-automatique-700x393.jpg 700w, https:\/\/www.vsveicolispeciali.com\/wp-content\/uploads\/2024\/07\/food-truck-caisse-automatique-539x303.jpg 539w\" sizes=\"(max-width: 1272px) 100vw, 1272px\" \/><\/a><br \/>\n&nbsp;<br \/>\nDans l\u2019\u00e8re des m\u00e9dias sociaux, o\u00f9 l\u2019image et la <strong>r\u00e9putation<\/strong> d\u2019une entreprise deviennent encore plus centrales qu\u2019auparavant, il est n\u00e9cessaire de se doter des instruments aptes \u00e0 se faire trouver, comprendre, appr\u00e9cier et reconna\u00eetre!<\/p>\n<p>Aujourd\u2019hui nous appr\u00e9cions tous le <a href=\"https:\/\/www.vsveicolispeciali.com\/fr\/street-food\/\">street food<\/a> et commes en mesure de comprendre \u00e0 premi\u00e8re vue si un camion-restaurant, par exemple lors d\u2019un <strong>festival<\/strong>, est improvis\u00e9 et \u00ab\u00a0bricol\u00e9\u00a0\u00bb. C\u2019est la qualit\u00e9 du food truck qui le montre, ainsi que le personnel et la marque!<\/p>\n<p>Dans la plupart des cas, ces v\u00e9hicules sont vieux, sans structures ad\u00e9quates et non conformes aux <a href=\"https:\/\/www.vsveicolispeciali.com\/fr\/comment-on-certifie-un-camion-restaurant-conforme-a-la-reglementation-sanitaire\/\" target=\"_blank\" rel=\"noopener noreferrer\">normes sanitaires en vigueur<\/a>. Ils n\u2019ont m\u00eame pas de cuisine appropri\u00e9e aux n\u00e9cessit\u00e9s de l\u2019activit\u00e9, qu\u2019en tous cas ils ne sont pas en mesure de communiquer: les menus sont infinis (et on n\u2019arrive pas \u00e0 imaginer o\u00f9 ils pourraient garder tous les ingr\u00e9dients pour tous ces plats), et parfois la marque n\u2019a rien \u00e0 voir avec le produit vendu.<\/p>\n<p>R\u00e9sultat: que de la CONFUSION. La confusion fait peur et n\u2019aide certainement pas \u00e0 gagner des clients qui vont contribuer au succ\u00e8s et \u00e0 la diffusion de votre marque par bouche \u00e0 oreille.<\/p>\n<p>Voil\u00e0 donc qu\u2019il faut faire le bon choix et s\u2019adresser \u00e0 un professionnel du secteur, pour mettre en commun les id\u00e9es visant au meilleur r\u00e9sultat possible. De plus, choisir un constructeur professionnel permet de garantir un haut niveau de <a href=\"https:\/\/www.vsveicolispeciali.com\/fr\/fabricant-camions-magasin-de-la-conception-au-service-apres-vente\/\">conception du food truck et service apr\u00e8s-vente<\/a>.<\/p>\n<p>&nbsp;<\/p>\n\n\t\t<style type=\"text\/css\">\n\t\t\t#gallery-1 {\n\t\t\t\tmargin: auto;\n\t\t\t}\n\t\t\t#gallery-1 .gallery-item {\n\t\t\t\tfloat: left;\n\t\t\t\tmargin-top: 10px;\n\t\t\t\ttext-align: center;\n\t\t\t\twidth: 33%;\n\t\t\t}\n\t\t\t#gallery-1 img {\n\t\t\t\tborder: 2px solid #cfcfcf;\n\t\t\t}\n\t\t\t#gallery-1 .gallery-caption {\n\t\t\t\tmargin-left: 0;\n\t\t\t}\n\t\t\t\/* see gallery_shortcode() in wp-includes\/media.php *\/\n\t\t<\/style>\n\t\t<div id='gallery-1' class='gallery galleryid-3763 gallery-columns-3 gallery-size-thumbnail'><dl class='gallery-item'>\n\t\t\t<dt class='gallery-icon landscape'>\n\t\t\t\t<a href='https:\/\/www.vsveicolispeciali.com\/fr\/le-succes-dun-food-truck-depend-aussi-de-la-marque\/office_001-3\/'><img loading=\"lazy\" decoding=\"async\" width=\"150\" height=\"150\" src=\"https:\/\/www.vsveicolispeciali.com\/wp-content\/uploads\/2016\/12\/office_001-2-150x150.jpg\" class=\"attachment-thumbnail size-thumbnail\" alt=\"\" srcset=\"https:\/\/www.vsveicolispeciali.com\/wp-content\/uploads\/2016\/12\/office_001-2-150x150.jpg 150w, https:\/\/www.vsveicolispeciali.com\/wp-content\/uploads\/2016\/12\/office_001-2-500x500.jpg 500w\" sizes=\"(max-width: 150px) 100vw, 150px\" \/><\/a>\n\t\t\t<\/dt><\/dl><dl class='gallery-item'>\n\t\t\t<dt class='gallery-icon landscape'>\n\t\t\t\t<a href='https:\/\/www.vsveicolispeciali.com\/fr\/le-succes-dun-food-truck-depend-aussi-de-la-marque\/rockburger-2-2-2\/'><img loading=\"lazy\" decoding=\"async\" width=\"150\" height=\"150\" src=\"https:\/\/www.vsveicolispeciali.com\/wp-content\/uploads\/2017\/01\/RockBurger-2-150x150.jpg\" class=\"attachment-thumbnail size-thumbnail\" alt=\"\" srcset=\"https:\/\/www.vsveicolispeciali.com\/wp-content\/uploads\/2017\/01\/RockBurger-2-150x150.jpg 150w, https:\/\/www.vsveicolispeciali.com\/wp-content\/uploads\/2017\/01\/RockBurger-2-500x500.jpg 500w\" sizes=\"(max-width: 150px) 100vw, 150px\" \/><\/a>\n\t\t\t<\/dt><\/dl><dl class='gallery-item'>\n\t\t\t<dt class='gallery-icon landscape'>\n\t\t\t\t<a href='https:\/\/www.vsveicolispeciali.com\/fr\/le-succes-dun-food-truck-depend-aussi-de-la-marque\/aperoad-2\/'><img loading=\"lazy\" decoding=\"async\" width=\"150\" height=\"150\" src=\"https:\/\/www.vsveicolispeciali.com\/wp-content\/uploads\/2017\/01\/Aperoad-2-150x150.jpg\" class=\"attachment-thumbnail size-thumbnail\" alt=\"\" srcset=\"https:\/\/www.vsveicolispeciali.com\/wp-content\/uploads\/2017\/01\/Aperoad-2-150x150.jpg 150w, https:\/\/www.vsveicolispeciali.com\/wp-content\/uploads\/2017\/01\/Aperoad-2-500x500.jpg 500w\" sizes=\"(max-width: 150px) 100vw, 150px\" \/><\/a>\n\t\t\t<\/dt><\/dl><br style=\"clear: both\" \/>\n\t\t<\/div>\n\n","protected":false},"excerpt":{"rendered":"<p>La question commune \u00e0 laquelle nous souhaitons r\u00e9pondre est la suivante: pourquoi s\u2019adresser \u00e0 un professionnel pour la r\u00e9alisation du Brand de votre camion-restaurant? Afin de r\u00e9duire les co\u00fbts dans les p\u00e9riodes de crise comme \u00e0 pr\u00e9sent, beaucoup d\u2019op\u00e9rateurs du secteur des cuisines de rue&#8230;<\/p>\n","protected":false},"author":2,"featured_media":3765,"comment_status":"open","ping_status":"open","sticky":false,"template":"","format":"gallery","meta":{"footnotes":""},"categories":[27],"tags":[220],"class_list":["post-3763","post","type-post","status-publish","format-gallery","has-post-thumbnail","hentry","category-news-fr","tag-concept-food-truck-original","post_format-post-format-gallery"],"yoast_head":"<!-- This site is optimized with the Yoast SEO plugin v25.4 - https:\/\/yoast.com\/wordpress\/plugins\/seo\/ -->\n<title>Le Succ\u00e8s d\u2019un \u201cFood Truck\u201d d\u00e9pend aussi de sa Conception<\/title>\n<meta name=\"description\" content=\"Cr\u00e9ation d&#039;un food truck : conception de la marque et id\u00e9ation de l\u2019identit\u00e9 graphique. Communication de marque et de produit &gt;\" \/>\n<meta name=\"robots\" content=\"index, follow, max-snippet:-1, max-image-preview:large, max-video-preview:-1\" \/>\n<link rel=\"canonical\" href=\"https:\/\/www.vsveicolispeciali.com\/fr\/le-succes-dun-food-truck-depend-aussi-de-la-marque\/\" \/>\n<meta property=\"og:locale\" content=\"fr_FR\" \/>\n<meta property=\"og:type\" content=\"article\" \/>\n<meta property=\"og:title\" content=\"Le Succ\u00e8s d\u2019un \u201cFood Truck\u201d d\u00e9pend aussi de sa Conception\" \/>\n<meta property=\"og:description\" content=\"Cr\u00e9ation d&#039;un food truck : conception de la marque et id\u00e9ation de l\u2019identit\u00e9 graphique. Communication de marque et de produit &gt;\" \/>\n<meta property=\"og:url\" content=\"https:\/\/www.vsveicolispeciali.com\/fr\/le-succes-dun-food-truck-depend-aussi-de-la-marque\/\" \/>\n<meta property=\"og:site_name\" content=\"VS Veicoli Speciali\" \/>\n<meta property=\"article:publisher\" content=\"https:\/\/www.facebook.com\/VSVeicoliSpeciali.Food.Trucks\/\" \/>\n<meta property=\"article:published_time\" content=\"2017-01-02T15:22:11+00:00\" \/>\n<meta property=\"article:modified_time\" content=\"2024-07-30T11:04:12+00:00\" \/>\n<meta property=\"og:image\" content=\"https:\/\/www.vsveicolispeciali.com\/wp-content\/uploads\/2016\/12\/office_001-3.jpg\" \/>\n\t<meta property=\"og:image:width\" content=\"960\" \/>\n\t<meta property=\"og:image:height\" content=\"540\" \/>\n\t<meta property=\"og:image:type\" content=\"image\/jpeg\" \/>\n<meta name=\"author\" content=\"VS Veicoli Speciali\" \/>\n<meta name=\"twitter:card\" content=\"summary_large_image\" \/>\n<meta name=\"twitter:creator\" content=\"@veicolispeciali\" \/>\n<meta name=\"twitter:site\" content=\"@veicolispeciali\" \/>\n<meta name=\"twitter:label1\" content=\"\u00c9crit par\" \/>\n\t<meta name=\"twitter:data1\" content=\"VS Veicoli Speciali\" \/>\n\t<meta name=\"twitter:label2\" content=\"Dur\u00e9e de lecture estim\u00e9e\" \/>\n\t<meta name=\"twitter:data2\" content=\"5 minutes\" \/>\n<script type=\"application\/ld+json\" class=\"yoast-schema-graph\">{\"@context\":\"https:\/\/schema.org\",\"@graph\":[{\"@type\":\"Article\",\"@id\":\"https:\/\/www.vsveicolispeciali.com\/fr\/le-succes-dun-food-truck-depend-aussi-de-la-marque\/#article\",\"isPartOf\":{\"@id\":\"https:\/\/www.vsveicolispeciali.com\/fr\/le-succes-dun-food-truck-depend-aussi-de-la-marque\/\"},\"author\":{\"name\":\"VS Veicoli Speciali\",\"@id\":\"https:\/\/www.vsveicolispeciali.com\/fr\/#\/schema\/person\/8c8e3b05db2eca472cca11ff78d1a62d\"},\"headline\":\"Le Succ\u00e8s d\u2019un \u201cFood Truck\u201d d\u00e9pend aussi de sa Conception\",\"datePublished\":\"2017-01-02T15:22:11+00:00\",\"dateModified\":\"2024-07-30T11:04:12+00:00\",\"mainEntityOfPage\":{\"@id\":\"https:\/\/www.vsveicolispeciali.com\/fr\/le-succes-dun-food-truck-depend-aussi-de-la-marque\/\"},\"wordCount\":766,\"commentCount\":0,\"publisher\":{\"@id\":\"https:\/\/www.vsveicolispeciali.com\/fr\/#organization\"},\"image\":{\"@id\":\"https:\/\/www.vsveicolispeciali.com\/fr\/le-succes-dun-food-truck-depend-aussi-de-la-marque\/#primaryimage\"},\"thumbnailUrl\":\"https:\/\/www.vsveicolispeciali.com\/wp-content\/uploads\/2016\/12\/office_001-3.jpg\",\"keywords\":[\"concept food truck original\"],\"articleSection\":[\"News\"],\"inLanguage\":\"fr-FR\",\"potentialAction\":[{\"@type\":\"CommentAction\",\"name\":\"Comment\",\"target\":[\"https:\/\/www.vsveicolispeciali.com\/fr\/le-succes-dun-food-truck-depend-aussi-de-la-marque\/#respond\"]}]},{\"@type\":\"WebPage\",\"@id\":\"https:\/\/www.vsveicolispeciali.com\/fr\/le-succes-dun-food-truck-depend-aussi-de-la-marque\/\",\"url\":\"https:\/\/www.vsveicolispeciali.com\/fr\/le-succes-dun-food-truck-depend-aussi-de-la-marque\/\",\"name\":\"Le Succ\u00e8s d\u2019un \u201cFood Truck\u201d d\u00e9pend aussi de sa Conception\",\"isPartOf\":{\"@id\":\"https:\/\/www.vsveicolispeciali.com\/fr\/#website\"},\"primaryImageOfPage\":{\"@id\":\"https:\/\/www.vsveicolispeciali.com\/fr\/le-succes-dun-food-truck-depend-aussi-de-la-marque\/#primaryimage\"},\"image\":{\"@id\":\"https:\/\/www.vsveicolispeciali.com\/fr\/le-succes-dun-food-truck-depend-aussi-de-la-marque\/#primaryimage\"},\"thumbnailUrl\":\"https:\/\/www.vsveicolispeciali.com\/wp-content\/uploads\/2016\/12\/office_001-3.jpg\",\"datePublished\":\"2017-01-02T15:22:11+00:00\",\"dateModified\":\"2024-07-30T11:04:12+00:00\",\"description\":\"Cr\u00e9ation d'un food truck : conception de la marque et id\u00e9ation de l\u2019identit\u00e9 graphique. Communication de marque et de produit >\",\"breadcrumb\":{\"@id\":\"https:\/\/www.vsveicolispeciali.com\/fr\/le-succes-dun-food-truck-depend-aussi-de-la-marque\/#breadcrumb\"},\"inLanguage\":\"fr-FR\",\"potentialAction\":[{\"@type\":\"ReadAction\",\"target\":[\"https:\/\/www.vsveicolispeciali.com\/fr\/le-succes-dun-food-truck-depend-aussi-de-la-marque\/\"]}]},{\"@type\":\"ImageObject\",\"inLanguage\":\"fr-FR\",\"@id\":\"https:\/\/www.vsveicolispeciali.com\/fr\/le-succes-dun-food-truck-depend-aussi-de-la-marque\/#primaryimage\",\"url\":\"https:\/\/www.vsveicolispeciali.com\/wp-content\/uploads\/2016\/12\/office_001-3.jpg\",\"contentUrl\":\"https:\/\/www.vsveicolispeciali.com\/wp-content\/uploads\/2016\/12\/office_001-3.jpg\",\"width\":960,\"height\":540},{\"@type\":\"BreadcrumbList\",\"@id\":\"https:\/\/www.vsveicolispeciali.com\/fr\/le-succes-dun-food-truck-depend-aussi-de-la-marque\/#breadcrumb\",\"itemListElement\":[{\"@type\":\"ListItem\",\"position\":1,\"name\":\"Home\",\"item\":\"https:\/\/www.vsveicolispeciali.com\/fr\/\"},{\"@type\":\"ListItem\",\"position\":2,\"name\":\"Le Succ\u00e8s d\u2019un \u201cFood Truck\u201d d\u00e9pend aussi de sa Conception\"}]},{\"@type\":\"WebSite\",\"@id\":\"https:\/\/www.vsveicolispeciali.com\/fr\/#website\",\"url\":\"https:\/\/www.vsveicolispeciali.com\/fr\/\",\"name\":\"VS Veicoli Speciali\",\"description\":\"\",\"publisher\":{\"@id\":\"https:\/\/www.vsveicolispeciali.com\/fr\/#organization\"},\"potentialAction\":[{\"@type\":\"SearchAction\",\"target\":{\"@type\":\"EntryPoint\",\"urlTemplate\":\"https:\/\/www.vsveicolispeciali.com\/fr\/?s={search_term_string}\"},\"query-input\":{\"@type\":\"PropertyValueSpecification\",\"valueRequired\":true,\"valueName\":\"search_term_string\"}}],\"inLanguage\":\"fr-FR\"},{\"@type\":\"Organization\",\"@id\":\"https:\/\/www.vsveicolispeciali.com\/fr\/#organization\",\"name\":\"VS Veicoli Speciali\",\"url\":\"https:\/\/www.vsveicolispeciali.com\/fr\/\",\"logo\":{\"@type\":\"ImageObject\",\"inLanguage\":\"fr-FR\",\"@id\":\"https:\/\/www.vsveicolispeciali.com\/fr\/#\/schema\/logo\/image\/\",\"url\":\"http:\/\/www.vsveicolispeciali.com\/wp-content\/uploads\/2015\/05\/vs_veicoli_speciali-logo.png\",\"contentUrl\":\"http:\/\/www.vsveicolispeciali.com\/wp-content\/uploads\/2015\/05\/vs_veicoli_speciali-logo.png\",\"width\":252,\"height\":134,\"caption\":\"VS Veicoli Speciali\"},\"image\":{\"@id\":\"https:\/\/www.vsveicolispeciali.com\/fr\/#\/schema\/logo\/image\/\"},\"sameAs\":[\"https:\/\/www.facebook.com\/VSVeicoliSpeciali.Food.Trucks\/\",\"https:\/\/x.com\/veicolispeciali\",\"https:\/\/www.instagram.com\/vs_veicolispeciali\/\",\"https:\/\/www.linkedin.com\/company\/2811960\/\",\"https:\/\/www.pinterest.com\/streetfoodtruck\/\",\"https:\/\/www.youtube.com\/user\/veicolispeciali\"]},{\"@type\":\"Person\",\"@id\":\"https:\/\/www.vsveicolispeciali.com\/fr\/#\/schema\/person\/8c8e3b05db2eca472cca11ff78d1a62d\",\"name\":\"VS Veicoli Speciali\",\"image\":{\"@type\":\"ImageObject\",\"inLanguage\":\"fr-FR\",\"@id\":\"https:\/\/www.vsveicolispeciali.com\/fr\/#\/schema\/person\/image\/\",\"url\":\"https:\/\/secure.gravatar.com\/avatar\/69112ab3f18e6754894da123600ad5b0?s=96&d=mm&r=g\",\"contentUrl\":\"https:\/\/secure.gravatar.com\/avatar\/69112ab3f18e6754894da123600ad5b0?s=96&d=mm&r=g\",\"caption\":\"VS Veicoli Speciali\"}}]}<\/script>\n<!-- \/ Yoast SEO plugin. -->","yoast_head_json":{"title":"Le Succ\u00e8s d\u2019un \u201cFood Truck\u201d d\u00e9pend aussi de sa Conception","description":"Cr\u00e9ation d'un food truck : conception de la marque et id\u00e9ation de l\u2019identit\u00e9 graphique. Communication de marque et de produit >","robots":{"index":"index","follow":"follow","max-snippet":"max-snippet:-1","max-image-preview":"max-image-preview:large","max-video-preview":"max-video-preview:-1"},"canonical":"https:\/\/www.vsveicolispeciali.com\/fr\/le-succes-dun-food-truck-depend-aussi-de-la-marque\/","og_locale":"fr_FR","og_type":"article","og_title":"Le Succ\u00e8s d\u2019un \u201cFood Truck\u201d d\u00e9pend aussi de sa Conception","og_description":"Cr\u00e9ation d'un food truck : conception de la marque et id\u00e9ation de l\u2019identit\u00e9 graphique. Communication de marque et de produit >","og_url":"https:\/\/www.vsveicolispeciali.com\/fr\/le-succes-dun-food-truck-depend-aussi-de-la-marque\/","og_site_name":"VS Veicoli Speciali","article_publisher":"https:\/\/www.facebook.com\/VSVeicoliSpeciali.Food.Trucks\/","article_published_time":"2017-01-02T15:22:11+00:00","article_modified_time":"2024-07-30T11:04:12+00:00","og_image":[{"width":960,"height":540,"url":"https:\/\/www.vsveicolispeciali.com\/wp-content\/uploads\/2016\/12\/office_001-3.jpg","type":"image\/jpeg"}],"author":"VS Veicoli Speciali","twitter_card":"summary_large_image","twitter_creator":"@veicolispeciali","twitter_site":"@veicolispeciali","twitter_misc":{"\u00c9crit par":"VS Veicoli Speciali","Dur\u00e9e de lecture estim\u00e9e":"5 minutes"},"schema":{"@context":"https:\/\/schema.org","@graph":[{"@type":"Article","@id":"https:\/\/www.vsveicolispeciali.com\/fr\/le-succes-dun-food-truck-depend-aussi-de-la-marque\/#article","isPartOf":{"@id":"https:\/\/www.vsveicolispeciali.com\/fr\/le-succes-dun-food-truck-depend-aussi-de-la-marque\/"},"author":{"name":"VS Veicoli Speciali","@id":"https:\/\/www.vsveicolispeciali.com\/fr\/#\/schema\/person\/8c8e3b05db2eca472cca11ff78d1a62d"},"headline":"Le Succ\u00e8s d\u2019un \u201cFood Truck\u201d d\u00e9pend aussi de sa Conception","datePublished":"2017-01-02T15:22:11+00:00","dateModified":"2024-07-30T11:04:12+00:00","mainEntityOfPage":{"@id":"https:\/\/www.vsveicolispeciali.com\/fr\/le-succes-dun-food-truck-depend-aussi-de-la-marque\/"},"wordCount":766,"commentCount":0,"publisher":{"@id":"https:\/\/www.vsveicolispeciali.com\/fr\/#organization"},"image":{"@id":"https:\/\/www.vsveicolispeciali.com\/fr\/le-succes-dun-food-truck-depend-aussi-de-la-marque\/#primaryimage"},"thumbnailUrl":"https:\/\/www.vsveicolispeciali.com\/wp-content\/uploads\/2016\/12\/office_001-3.jpg","keywords":["concept food truck original"],"articleSection":["News"],"inLanguage":"fr-FR","potentialAction":[{"@type":"CommentAction","name":"Comment","target":["https:\/\/www.vsveicolispeciali.com\/fr\/le-succes-dun-food-truck-depend-aussi-de-la-marque\/#respond"]}]},{"@type":"WebPage","@id":"https:\/\/www.vsveicolispeciali.com\/fr\/le-succes-dun-food-truck-depend-aussi-de-la-marque\/","url":"https:\/\/www.vsveicolispeciali.com\/fr\/le-succes-dun-food-truck-depend-aussi-de-la-marque\/","name":"Le Succ\u00e8s d\u2019un \u201cFood Truck\u201d d\u00e9pend aussi de sa Conception","isPartOf":{"@id":"https:\/\/www.vsveicolispeciali.com\/fr\/#website"},"primaryImageOfPage":{"@id":"https:\/\/www.vsveicolispeciali.com\/fr\/le-succes-dun-food-truck-depend-aussi-de-la-marque\/#primaryimage"},"image":{"@id":"https:\/\/www.vsveicolispeciali.com\/fr\/le-succes-dun-food-truck-depend-aussi-de-la-marque\/#primaryimage"},"thumbnailUrl":"https:\/\/www.vsveicolispeciali.com\/wp-content\/uploads\/2016\/12\/office_001-3.jpg","datePublished":"2017-01-02T15:22:11+00:00","dateModified":"2024-07-30T11:04:12+00:00","description":"Cr\u00e9ation d'un food truck : conception de la marque et id\u00e9ation de l\u2019identit\u00e9 graphique. Communication de marque et de produit >","breadcrumb":{"@id":"https:\/\/www.vsveicolispeciali.com\/fr\/le-succes-dun-food-truck-depend-aussi-de-la-marque\/#breadcrumb"},"inLanguage":"fr-FR","potentialAction":[{"@type":"ReadAction","target":["https:\/\/www.vsveicolispeciali.com\/fr\/le-succes-dun-food-truck-depend-aussi-de-la-marque\/"]}]},{"@type":"ImageObject","inLanguage":"fr-FR","@id":"https:\/\/www.vsveicolispeciali.com\/fr\/le-succes-dun-food-truck-depend-aussi-de-la-marque\/#primaryimage","url":"https:\/\/www.vsveicolispeciali.com\/wp-content\/uploads\/2016\/12\/office_001-3.jpg","contentUrl":"https:\/\/www.vsveicolispeciali.com\/wp-content\/uploads\/2016\/12\/office_001-3.jpg","width":960,"height":540},{"@type":"BreadcrumbList","@id":"https:\/\/www.vsveicolispeciali.com\/fr\/le-succes-dun-food-truck-depend-aussi-de-la-marque\/#breadcrumb","itemListElement":[{"@type":"ListItem","position":1,"name":"Home","item":"https:\/\/www.vsveicolispeciali.com\/fr\/"},{"@type":"ListItem","position":2,"name":"Le Succ\u00e8s d\u2019un \u201cFood Truck\u201d d\u00e9pend aussi de sa Conception"}]},{"@type":"WebSite","@id":"https:\/\/www.vsveicolispeciali.com\/fr\/#website","url":"https:\/\/www.vsveicolispeciali.com\/fr\/","name":"VS Veicoli Speciali","description":"","publisher":{"@id":"https:\/\/www.vsveicolispeciali.com\/fr\/#organization"},"potentialAction":[{"@type":"SearchAction","target":{"@type":"EntryPoint","urlTemplate":"https:\/\/www.vsveicolispeciali.com\/fr\/?s={search_term_string}"},"query-input":{"@type":"PropertyValueSpecification","valueRequired":true,"valueName":"search_term_string"}}],"inLanguage":"fr-FR"},{"@type":"Organization","@id":"https:\/\/www.vsveicolispeciali.com\/fr\/#organization","name":"VS Veicoli Speciali","url":"https:\/\/www.vsveicolispeciali.com\/fr\/","logo":{"@type":"ImageObject","inLanguage":"fr-FR","@id":"https:\/\/www.vsveicolispeciali.com\/fr\/#\/schema\/logo\/image\/","url":"http:\/\/www.vsveicolispeciali.com\/wp-content\/uploads\/2015\/05\/vs_veicoli_speciali-logo.png","contentUrl":"http:\/\/www.vsveicolispeciali.com\/wp-content\/uploads\/2015\/05\/vs_veicoli_speciali-logo.png","width":252,"height":134,"caption":"VS Veicoli Speciali"},"image":{"@id":"https:\/\/www.vsveicolispeciali.com\/fr\/#\/schema\/logo\/image\/"},"sameAs":["https:\/\/www.facebook.com\/VSVeicoliSpeciali.Food.Trucks\/","https:\/\/x.com\/veicolispeciali","https:\/\/www.instagram.com\/vs_veicolispeciali\/","https:\/\/www.linkedin.com\/company\/2811960\/","https:\/\/www.pinterest.com\/streetfoodtruck\/","https:\/\/www.youtube.com\/user\/veicolispeciali"]},{"@type":"Person","@id":"https:\/\/www.vsveicolispeciali.com\/fr\/#\/schema\/person\/8c8e3b05db2eca472cca11ff78d1a62d","name":"VS Veicoli Speciali","image":{"@type":"ImageObject","inLanguage":"fr-FR","@id":"https:\/\/www.vsveicolispeciali.com\/fr\/#\/schema\/person\/image\/","url":"https:\/\/secure.gravatar.com\/avatar\/69112ab3f18e6754894da123600ad5b0?s=96&d=mm&r=g","contentUrl":"https:\/\/secure.gravatar.com\/avatar\/69112ab3f18e6754894da123600ad5b0?s=96&d=mm&r=g","caption":"VS Veicoli Speciali"}}]}},"_links":{"self":[{"href":"https:\/\/www.vsveicolispeciali.com\/fr\/wp-json\/wp\/v2\/posts\/3763"}],"collection":[{"href":"https:\/\/www.vsveicolispeciali.com\/fr\/wp-json\/wp\/v2\/posts"}],"about":[{"href":"https:\/\/www.vsveicolispeciali.com\/fr\/wp-json\/wp\/v2\/types\/post"}],"author":[{"embeddable":true,"href":"https:\/\/www.vsveicolispeciali.com\/fr\/wp-json\/wp\/v2\/users\/2"}],"replies":[{"embeddable":true,"href":"https:\/\/www.vsveicolispeciali.com\/fr\/wp-json\/wp\/v2\/comments?post=3763"}],"version-history":[{"count":4,"href":"https:\/\/www.vsveicolispeciali.com\/fr\/wp-json\/wp\/v2\/posts\/3763\/revisions"}],"predecessor-version":[{"id":26075,"href":"https:\/\/www.vsveicolispeciali.com\/fr\/wp-json\/wp\/v2\/posts\/3763\/revisions\/26075"}],"wp:featuredmedia":[{"embeddable":true,"href":"https:\/\/www.vsveicolispeciali.com\/fr\/wp-json\/wp\/v2\/media\/3765"}],"wp:attachment":[{"href":"https:\/\/www.vsveicolispeciali.com\/fr\/wp-json\/wp\/v2\/media?parent=3763"}],"wp:term":[{"taxonomy":"category","embeddable":true,"href":"https:\/\/www.vsveicolispeciali.com\/fr\/wp-json\/wp\/v2\/categories?post=3763"},{"taxonomy":"post_tag","embeddable":true,"href":"https:\/\/www.vsveicolispeciali.com\/fr\/wp-json\/wp\/v2\/tags?post=3763"}],"curies":[{"name":"wp","href":"https:\/\/api.w.org\/{rel}","templated":true}]}}