{"id":29089,"date":"2025-12-04T12:07:47","date_gmt":"2025-12-04T11:07:47","guid":{"rendered":"https:\/\/www.vsveicolispeciali.com\/food-truck-e-ora-di-adeguarsi-ai-tempi-nuovi\/"},"modified":"2025-12-04T13:22:22","modified_gmt":"2025-12-04T12:22:22","slug":"food-truck-il-est-temps-de-sadapter-aux-nouveaux-temps","status":"publish","type":"post","link":"https:\/\/www.vsveicolispeciali.com\/fr\/food-truck-il-est-temps-de-sadapter-aux-nouveaux-temps\/","title":{"rendered":"Food truck : il est temps de s\u2019adapter aux nouveaux temps"},"content":{"rendered":"<p>Le monde du <strong>street food<\/strong> a chang\u00e9 ces derni\u00e8res ann\u00e9es plus rapidement que beaucoup d\u2019op\u00e9rateurs ne l\u2019auraient imagin\u00e9. Le food truck n\u2019est plus \u201cseulement\u201d un v\u00e9hicule bien am\u00e9nag\u00e9 et un bon produit : aujourd\u2019hui, ceux qui travaillent dans la rue doivent rivaliser avec les applications de livraison, les fast-foods structur\u00e9s, les dark kitchens hyper-organis\u00e9es et une client\u00e8le de plus en plus digitale.<\/p>\n<p>La bonne nouvelle ? Un <a href=\"https:\/\/www.vsveicolispeciali.com\/fr\/amenagement-vehicules-magasin-commerce-ambulant\/food-truck-camion-magasin-pour-vente-ambulante\/\" rel=\"noopener\" target=\"_blank\">food truck<\/a>, s\u2019il est bien organis\u00e9 et mis \u00e0 jour, peut encore relever ce d\u00e9fi. Mais <strong>il est temps de s\u2019adapter<\/strong> : technologie, donn\u00e9es, itin\u00e9rance intelligente et \u00e9v\u00e9nements cibl\u00e9s deviennent partie int\u00e9grante du travail, tout comme la recette de ton sandwich ou de ta glace.<\/p>\n<p>Dans cet article, nous analysons cinq leviers essentiels :<\/p>\n<ul class=\"lista\">\n<li>applications pour commandes et paiements<\/li>\n<li>demande structur\u00e9e d\u2019avis<\/li>\n<li>tra\u00e7abilit\u00e9 en temps r\u00e9el du truck<\/li>\n<li>ma\u00eetrise de l\u2019itin\u00e9rance<\/li>\n<li>cr\u00e9ation d\u2019\u00e9v\u00e9nements pour tester les produits<\/li>\n<\/ul>\n<p>&nbsp;<\/p>\n<h2>1. Applications de commande : du \u201cfaire la queue et attendre\u201d au \u201ccommander et retirer\u201d<\/h2>\n<p>Le client moyen est habitu\u00e9 \u00e0 tout commander depuis son <strong>smartphone<\/strong> : courses, billets de train, etc. L\u2019une des limites historiques des food trucks a toujours \u00e9t\u00e9 la file d\u2019attente : le client s\u2019arr\u00eate, attend, puis parfois renonce.<\/p>\n<p>Int\u00e9grer un <strong>syst\u00e8me de commande digitale<\/strong> te permet de :<\/p>\n<ul class=\"lista\">\n<li>r\u00e9duire la file physique (et la perception d\u2019attente)<\/li>\n<li>optimiser la production (tu vois les commandes \u00e0 venir)<\/li>\n<li>augmenter le ticket moyen (gr\u00e2ce aux suggestions et menus structur\u00e9s)<\/li>\n<li>collecter des donn\u00e9es : plats les plus vendus, cr\u00e9neaux horaires, ticket moyen<\/li>\n<\/ul>\n<p>&nbsp;<br \/>\nTu peux choisir parmi <strong>plusieurs solutions<\/strong> :<\/p>\n<ul class=\"lista\">\n<li>Applications de commande d\u00e9di\u00e9es \u00e0 ton food truck ;<\/li>\n<li>Un QR code sur le v\u00e9hicule menant \u00e0 une web app o\u00f9 le client peut consulter le menu \u00e0 jour, personnaliser son plat, payer en ligne et recevoir la notification \u00ab votre commande est pr\u00eate \u00bb ;<\/li>\n<li>Int\u00e9gration avec les syst\u00e8mes de paiement \u00e9lectronique ;<\/li>\n<li>De nombreux POS avanc\u00e9s permettent menu digital, gestion des commandes, re\u00e7us et facturation automatique ;<\/li>\n<li>Commandes anticip\u00e9es pour \u00e9v\u00e9nements ou d\u00e9jeuners d\u2019entreprise ;<\/li>\n<li>Pour foires, \u00e9v\u00e9nements d\u2019entreprise ou zones de bureaux, les clients peuvent pr\u00e9commander avant une certaine heure, choisir un cr\u00e9neau et recevoir confirmation par email ou WhatsApp.<\/li>\n<\/ul>\n<p>&nbsp;<br \/>\nL\u2019objectif n\u2019est pas \u201cd\u2019\u00eatre digital parce que c\u2019est tendance\u201d, mais de <strong>simplifier l\u2019exp\u00e9rience<\/strong>, autant pour le client que pour l\u2019\u00e9quipe \u00e0 bord du food truck.<\/p>\n<p>&nbsp;&nbsp;<\/p>\n<h2>2. Demander des avis : sans feedback, on ne progresse pas<\/h2>\n<p>Aujourd\u2019hui, beaucoup choisissent o\u00f9 manger en regardant <strong>les avis et photos en ligne<\/strong>. Un food truck itin\u00e9rant, s\u2019il ne collecte pas d\u2019avis, laisse derri\u00e8re lui un capital de r\u00e9putation.<\/p>\n<p>Il faut une strat\u00e9gie simple et r\u00e9p\u00e9table.<\/p>\n<h3>Quand demander l\u2019avis<\/h3>\n<p>Juste apr\u00e8s avoir servi le client (\u00ab Si cela vous a plu, pourriez-vous nous laisser un avis ? \u00bb), avec une petite affiche pr\u00e8s de la fen\u00eatre de service ou via un message automatique apr\u00e8s une commande effectu\u00e9e via l\u2019app.<\/p>\n<h3>Comment le rendre facile<\/h3>\n<p>Un QR code menant directement \u00e0 Google Maps, \u00e0 la page Facebook ou \u00e0 la plateforme d\u2019avis choisie ; ou un lien dans un message WhatsApp ou SMS pour les clients r\u00e9guliers ou lors d\u2019\u00e9v\u00e9nements.<\/p>\n<h3>Pourquoi c\u2019est essentiel<\/h3>\n<p>Cela augmente la visibilit\u00e9 locale, cr\u00e9e une preuve sociale pour les \u00e9v\u00e9nements et festivals, et donne un retour r\u00e9el sur produit, service, prix et temps d\u2019attente.<\/p>\n<p>Apprends \u00e0 lire les avis comme une boussole : tu comprends ce qui fonctionne, ce qui ne va pas, o\u00f9 t\u2019am\u00e9liorer et comment orienter ton menu.<\/p>\n<p>&nbsp;&nbsp;<\/p>\n<h2>3. Tra\u00e7abilit\u00e9 en temps r\u00e9el : \u00ab O\u00f9 \u00eates-vous aujourd\u2019hui ? \u00bb<\/h2>\n<p>L\u2019une des phrases que l\u2019on entend le plus souvent pour un food truck est : \u00ab Mais o\u00f9 \u00eates-vous aujourd\u2019hui ? \u00bb.<\/p>\n<p><a href=\"https:\/\/www.vsveicolispeciali.com\/wp-content\/uploads\/2025\/12\/food-truck-app-ordini-selle-royal.jpg\"><img loading=\"lazy\" decoding=\"async\" src=\"https:\/\/www.vsveicolispeciali.com\/wp-content\/uploads\/2025\/12\/food-truck-app-ordini-selle-royal.jpg\" alt=\"food truck app ordini selle royal\" width=\"1024\" height=\"558\" class=\"alignleft size-full wp-image-29079\" srcset=\"https:\/\/www.vsveicolispeciali.com\/wp-content\/uploads\/2025\/12\/food-truck-app-ordini-selle-royal.jpg 1024w, https:\/\/www.vsveicolispeciali.com\/wp-content\/uploads\/2025\/12\/food-truck-app-ordini-selle-royal-300x163.jpg 300w, https:\/\/www.vsveicolispeciali.com\/wp-content\/uploads\/2025\/12\/food-truck-app-ordini-selle-royal-768x419.jpg 768w, https:\/\/www.vsveicolispeciali.com\/wp-content\/uploads\/2025\/12\/food-truck-app-ordini-selle-royal-700x381.jpg 700w\" sizes=\"(max-width: 1024px) 100vw, 1024px\" \/><\/a><\/p>\n<p>Si tu dois r\u00e9pondre chaque jour \u00e0 des messages, appels et stories Instagram, cela signifie qu\u2019il te manque un syst\u00e8me de base : un espace digital o\u00f9 le client peut <strong>voir en temps r\u00e9el o\u00f9 tu es et o\u00f9 tu seras<\/strong>.<\/p>\n<p>Les <strong>solutions<\/strong> possibles :<\/p>\n<ul class=\"lista\">\n<li>Carte mise \u00e0 jour sur le site web ;<\/li>\n<li>Une section \u00ab O\u00f9 nous trouvons-nous aujourd\u2019hui \u00bb, une carte en temps r\u00e9el ou au moins les horaires et adresses, plus un calendrier hebdomadaire ou mensuel ;<\/li>\n<li>R\u00e9seaux sociaux comme \u00ab tableau num\u00e9rique \u00bb ;<\/li>\n<li>Stories Instagram enregistr\u00e9es, publications hebdomadaires avec le calendrier des d\u00e9placements et lien vers le site pour les d\u00e9tails ;<\/li>\n<li>G\u00e9olocalisation via une app ;<\/li>\n<li>Certaines apps permettent de \u00ab suivre \u00bb le truck : le client ouvre l\u2019app et voit imm\u00e9diatement o\u00f9 tu es, les horaires et le menu du jour.<\/li>\n<\/ul>\n<p>&nbsp;<br \/>\n<strong>L\u2019avantage est double<\/strong> : le client n\u2019a aucune frustration car il sait toujours o\u00f9 te trouver ; pour toi, c\u2019est moins de temps perdu \u00e0 r\u00e9pondre mille fois \u00e0 la m\u00eame question. De plus, en int\u00e9grant ces donn\u00e9es, tu commences \u00e0 comprendre quelles zones fonctionnent le mieux, quels jours et avec quels produits.<\/p>\n<p>&nbsp;&nbsp;<\/p>\n<h2>4. Savoir faire de l\u2019itin\u00e9rance de mani\u00e8re proactive<\/h2>\n<p>Le c\u0153ur du food truck est <strong>l\u2019itin\u00e9rance<\/strong>. Mais \u00ab itin\u00e9rant \u00bb ne signifie pas se d\u00e9placer au hasard : cela signifie planifier une strat\u00e9gie de pr\u00e9sence.<\/p>\n<p>Voici quelques id\u00e9es pratiques :<\/p>\n<ul class=\"lista\">\n<li>Diff\u00e9rents horaires, diff\u00e9rents publics ;<\/li>\n<li>D\u00e9jeuner : bureaux, zones industrielles, universit\u00e9s. Apr\u00e8s-midi : \u00e9coles, parcs, rues pi\u00e9tonnes. Soir\/nuit : places centrales, quartiers anim\u00e9s, \u00e9v\u00e9nements, concerts ;<\/li>\n<li>Rotation planifi\u00e9e pour \u00e9viter la saturation ;<\/li>\n<li>Mieux vaut revenir dans une zone 1\u20132 fois par semaine, toujours les m\u00eames jours et heures : le client doit savoir que le mardi \u00e0 midi tu es toujours l\u00e0 ;<\/li>\n<li>Collaborations locales ;<\/li>\n<li>Brasseries, clubs, associations, salles de sport, coworkings : tu apportes la nourriture, ils apportent l\u2019espace et la client\u00e8le. Tout le monde y gagne.<\/li>\n<\/ul>\n<p>&nbsp;<br \/>\n\u00catre itin\u00e9rant aujourd\u2019hui signifie utiliser les donn\u00e9es (recettes, avis, flux de personnes) pour d\u00e9cider o\u00f9 il vaut la peine de revenir \u2014 et o\u00f9 non. On ne va pas \u00ab au feeling \u00bb : <strong>on mesure les r\u00e9sultats<\/strong>.<\/p>\n<p><a href=\"https:\/\/www.vsveicolispeciali.com\/wp-content\/uploads\/2025\/12\/cafe-alpin-app-ordini.jpeg\"><img loading=\"lazy\" decoding=\"async\" src=\"https:\/\/www.vsveicolispeciali.com\/wp-content\/uploads\/2025\/12\/cafe-alpin-app-ordini.jpeg\" alt=\"food truck cafe alpin integra l&#039;applicazione mobile per ricezione ordini\" width=\"1080\" height=\"1080\" class=\"alignleft size-full wp-image-29075\" srcset=\"https:\/\/www.vsveicolispeciali.com\/wp-content\/uploads\/2025\/12\/cafe-alpin-app-ordini.jpeg 1080w, https:\/\/www.vsveicolispeciali.com\/wp-content\/uploads\/2025\/12\/cafe-alpin-app-ordini-300x300.jpeg 300w, https:\/\/www.vsveicolispeciali.com\/wp-content\/uploads\/2025\/12\/cafe-alpin-app-ordini-1024x1024.jpeg 1024w, https:\/\/www.vsveicolispeciali.com\/wp-content\/uploads\/2025\/12\/cafe-alpin-app-ordini-150x150.jpeg 150w, https:\/\/www.vsveicolispeciali.com\/wp-content\/uploads\/2025\/12\/cafe-alpin-app-ordini-768x768.jpeg 768w, https:\/\/www.vsveicolispeciali.com\/wp-content\/uploads\/2025\/12\/cafe-alpin-app-ordini-570x570.jpeg 570w, https:\/\/www.vsveicolispeciali.com\/wp-content\/uploads\/2025\/12\/cafe-alpin-app-ordini-500x500.jpeg 500w, https:\/\/www.vsveicolispeciali.com\/wp-content\/uploads\/2025\/12\/cafe-alpin-app-ordini-1000x1000.jpeg 1000w, https:\/\/www.vsveicolispeciali.com\/wp-content\/uploads\/2025\/12\/cafe-alpin-app-ordini-700x700.jpeg 700w\" sizes=\"(max-width: 1080px) 100vw, 1080px\" \/><\/a><\/p>\n<p>&nbsp;&nbsp;<\/p>\n<h2>5. Cr\u00e9er des \u00e9v\u00e9nements pour tester les produits : le truck comme laboratoire<\/h2>\n<p>Un \u00e9norme avantage d\u2019<a href=\"https:\/\/www.vsveicolispeciali.com\/fr\/9-bonnes-raisons-dacheter-un-food-truck-et-de-lancer-une-activite-itinerante\/\" rel=\"noopener\" target=\"_blank\">acheter un food truck<\/a> par rapport \u00e0 un local fixe est la <strong>flexibilit\u00e9 de l\u2019offre<\/strong>. Tu peux utiliser ton truck comme un v\u00e9ritable laboratoire itin\u00e9rant pour tester de nouveaux plats, des variantes de recettes, diff\u00e9rentes gammes de prix et des menus \u00e0 th\u00e8me.<\/p>\n<p><strong>Comment le faire<\/strong> de mani\u00e8re structur\u00e9e :<\/p>\n<ul class=\"lista\">\n<li>\u00c9v\u00e9nements \u00e0 th\u00e8me ;<\/li>\n<li>Semaine du sandwich gourmet, sp\u00e9cial street food mexicain, week-end pulled pork, soir\u00e9e v\u00e9g\u00e9tarienne\/v\u00e9gane. Tu annonces l\u2019\u00e9v\u00e9nement sur les r\u00e9seaux sociaux, via newsletter ou WhatsApp, et invites les clients \u00e0 tester et laisser un avis ;<\/li>\n<li>Sondages rapides ;<\/li>\n<li>Collaborations avec des marques ou des producteurs ;<\/li>\n<li>Soir\u00e9es co-branding avec brasseries artisanales, fromageries, producteurs de charcuterie, sauces ou desserts : tu testes de nouveaux accords, ils touchent un nouveau public.<\/li>\n<\/ul>\n<p>&nbsp;<br \/>\nAinsi, tu ne te contentes pas de vendre : tu <strong>exp\u00e9rimentes<\/strong>, tu mesures et tu d\u00e9cides ensuite ce qui doit devenir permanent dans le menu.<\/p>\n<p>&nbsp;&nbsp;<\/p>\n<h2>Le food truck du futur est un hybride entre cuisine, apps et donn\u00e9es<\/h2>\n<p>S\u2019adapter aujourd\u2019hui signifie accepter que <strong>le food truck<\/strong> n\u2019est pas seulement le v\u00e9hicule, que <strong>le produit<\/strong> n\u2019est pas seulement la recette et que <strong>le client<\/strong> n\u2019est pas seulement le passant.<\/p>\n<p>C\u2019est une <strong>combinaison<\/strong> de technologie (apps, paiements, cartes, donn\u00e9es), de relation (avis, communaut\u00e9, r\u00e9seaux sociaux) et de strat\u00e9gie (itin\u00e9rance planifi\u00e9e, \u00e9v\u00e9nements cibl\u00e9s, tests produits).<\/p>\n<p>Ceux qui sauront int\u00e9grer ces \u00e9l\u00e9ments auront un \u00e9norme avantage sur ceux qui restent coinc\u00e9s dans l\u2019ancien mod\u00e8le : \u00ab ouvre le hayon et esp\u00e8re que quelqu\u2019un passe \u00bb.<\/p>\n\n\t\t<style type=\"text\/css\">\n\t\t\t#gallery-1 {\n\t\t\t\tmargin: auto;\n\t\t\t}\n\t\t\t#gallery-1 .gallery-item {\n\t\t\t\tfloat: left;\n\t\t\t\tmargin-top: 10px;\n\t\t\t\ttext-align: center;\n\t\t\t\twidth: 33%;\n\t\t\t}\n\t\t\t#gallery-1 img {\n\t\t\t\tborder: 2px solid #cfcfcf;\n\t\t\t}\n\t\t\t#gallery-1 .gallery-caption {\n\t\t\t\tmargin-left: 0;\n\t\t\t}\n\t\t\t\/* see gallery_shortcode() in wp-includes\/media.php *\/\n\t\t<\/style>\n\t\t<div id='gallery-1' class='gallery galleryid-29089 gallery-columns-3 gallery-size-thumbnail'><dl class='gallery-item'>\n\t\t\t<dt class='gallery-icon landscape'>\n\t\t\t\t<a href='https:\/\/www.vsveicolispeciali.com\/fr\/food-truck-tempi-nuovi-2\/'><img loading=\"lazy\" decoding=\"async\" width=\"150\" height=\"150\" src=\"https:\/\/www.vsveicolispeciali.com\/wp-content\/uploads\/2025\/12\/food-truck-tempi-nuovi-150x150.jpg\" class=\"attachment-thumbnail size-thumbnail\" alt=\"\" srcset=\"https:\/\/www.vsveicolispeciali.com\/wp-content\/uploads\/2025\/12\/food-truck-tempi-nuovi-150x150.jpg 150w, https:\/\/www.vsveicolispeciali.com\/wp-content\/uploads\/2025\/12\/food-truck-tempi-nuovi-300x300.jpg 300w, https:\/\/www.vsveicolispeciali.com\/wp-content\/uploads\/2025\/12\/food-truck-tempi-nuovi-1024x1024.jpg 1024w, https:\/\/www.vsveicolispeciali.com\/wp-content\/uploads\/2025\/12\/food-truck-tempi-nuovi-768x768.jpg 768w, https:\/\/www.vsveicolispeciali.com\/wp-content\/uploads\/2025\/12\/food-truck-tempi-nuovi-570x570.jpg 570w, https:\/\/www.vsveicolispeciali.com\/wp-content\/uploads\/2025\/12\/food-truck-tempi-nuovi-500x500.jpg 500w, https:\/\/www.vsveicolispeciali.com\/wp-content\/uploads\/2025\/12\/food-truck-tempi-nuovi-1000x1000.jpg 1000w, https:\/\/www.vsveicolispeciali.com\/wp-content\/uploads\/2025\/12\/food-truck-tempi-nuovi-700x700.jpg 700w, https:\/\/www.vsveicolispeciali.com\/wp-content\/uploads\/2025\/12\/food-truck-tempi-nuovi.jpg 1200w\" sizes=\"(max-width: 150px) 100vw, 150px\" \/><\/a>\n\t\t\t<\/dt><\/dl>\n\t\t\t<br style='clear: both' \/>\n\t\t<\/div>\n\n","protected":false},"excerpt":{"rendered":"<p>Le monde du street food a chang\u00e9 ces derni\u00e8res ann\u00e9es plus rapidement que beaucoup d\u2019op\u00e9rateurs ne l\u2019auraient imagin\u00e9. Le food truck n\u2019est plus \u201cseulement\u201d un v\u00e9hicule bien am\u00e9nag\u00e9 et un bon produit : aujourd\u2019hui, ceux qui travaillent dans la rue doivent rivaliser avec les applications&#8230;<\/p>\n","protected":false},"author":1001012,"featured_media":29073,"comment_status":"closed","ping_status":"open","sticky":false,"template":"","format":"gallery","meta":{"footnotes":""},"categories":[27],"tags":[184,377,378],"class_list":["post-29089","post","type-post","status-publish","format-gallery","has-post-thumbnail","hentry","category-news-fr","tag-ouvrir-un-food-truck","tag-food-truck-business","tag-marketing-food-truck","post_format-post-format-gallery"],"yoast_head":"<!-- This site is optimized with the Yoast SEO plugin v25.4 - https:\/\/yoast.com\/wordpress\/plugins\/seo\/ -->\n<title>Food truck : il est temps de s\u2019adapter aux nouveaux temps<\/title>\n<meta name=\"description\" content=\"Le food truck du futur est un hybride entre cuisine, applications et donn\u00e9es. D\u00e9couvrez cinq leviers essentiels pour augmenter la rentabilit\u00e9 de votre activit\u00e9 mobile\" \/>\n<meta name=\"robots\" content=\"index, follow, max-snippet:-1, max-image-preview:large, max-video-preview:-1\" \/>\n<link rel=\"canonical\" href=\"https:\/\/www.vsveicolispeciali.com\/fr\/food-truck-il-est-temps-de-sadapter-aux-nouveaux-temps\/\" \/>\n<meta property=\"og:locale\" content=\"fr_FR\" \/>\n<meta property=\"og:type\" content=\"article\" \/>\n<meta property=\"og:title\" content=\"Food truck : il est temps de s\u2019adapter aux nouveaux temps\" \/>\n<meta property=\"og:description\" content=\"Le food truck du futur est un hybride entre cuisine, applications et donn\u00e9es. D\u00e9couvrez cinq leviers essentiels pour augmenter la rentabilit\u00e9 de votre activit\u00e9 mobile\" \/>\n<meta property=\"og:url\" content=\"https:\/\/www.vsveicolispeciali.com\/fr\/food-truck-il-est-temps-de-sadapter-aux-nouveaux-temps\/\" \/>\n<meta property=\"og:site_name\" content=\"VS Veicoli Speciali\" \/>\n<meta property=\"article:publisher\" content=\"https:\/\/www.facebook.com\/VSVeicoliSpeciali.Food.Trucks\/\" \/>\n<meta property=\"article:published_time\" content=\"2025-12-04T11:07:47+00:00\" \/>\n<meta property=\"article:modified_time\" content=\"2025-12-04T12:22:22+00:00\" \/>\n<meta property=\"og:image\" content=\"https:\/\/www.vsveicolispeciali.com\/wp-content\/uploads\/2025\/12\/food-truck-tempi-nuovi.jpg\" \/>\n\t<meta property=\"og:image:width\" content=\"1200\" \/>\n\t<meta property=\"og:image:height\" content=\"1200\" \/>\n\t<meta property=\"og:image:type\" content=\"image\/jpeg\" \/>\n<meta name=\"author\" content=\"VS Veicoli Speciali\" \/>\n<meta name=\"twitter:card\" content=\"summary_large_image\" \/>\n<meta name=\"twitter:creator\" content=\"@veicolispeciali\" \/>\n<meta name=\"twitter:site\" content=\"@veicolispeciali\" \/>\n<meta name=\"twitter:label1\" content=\"\u00c9crit par\" \/>\n\t<meta name=\"twitter:data1\" content=\"VS Veicoli Speciali\" \/>\n\t<meta name=\"twitter:label2\" content=\"Dur\u00e9e de lecture estim\u00e9e\" \/>\n\t<meta name=\"twitter:data2\" content=\"7 minutes\" \/>\n<script type=\"application\/ld+json\" class=\"yoast-schema-graph\">{\"@context\":\"https:\/\/schema.org\",\"@graph\":[{\"@type\":\"Article\",\"@id\":\"https:\/\/www.vsveicolispeciali.com\/fr\/food-truck-il-est-temps-de-sadapter-aux-nouveaux-temps\/#article\",\"isPartOf\":{\"@id\":\"https:\/\/www.vsveicolispeciali.com\/fr\/food-truck-il-est-temps-de-sadapter-aux-nouveaux-temps\/\"},\"author\":{\"name\":\"VS Veicoli Speciali\",\"@id\":\"https:\/\/www.vsveicolispeciali.com\/fr\/#\/schema\/person\/1241826d792bde4333b3db1395b12be9\"},\"headline\":\"Food truck : il est temps de s\u2019adapter aux nouveaux temps\",\"datePublished\":\"2025-12-04T11:07:47+00:00\",\"dateModified\":\"2025-12-04T12:22:22+00:00\",\"mainEntityOfPage\":{\"@id\":\"https:\/\/www.vsveicolispeciali.com\/fr\/food-truck-il-est-temps-de-sadapter-aux-nouveaux-temps\/\"},\"wordCount\":1339,\"publisher\":{\"@id\":\"https:\/\/www.vsveicolispeciali.com\/fr\/#organization\"},\"image\":{\"@id\":\"https:\/\/www.vsveicolispeciali.com\/fr\/food-truck-il-est-temps-de-sadapter-aux-nouveaux-temps\/#primaryimage\"},\"thumbnailUrl\":\"https:\/\/www.vsveicolispeciali.com\/wp-content\/uploads\/2025\/12\/food-truck-tempi-nuovi.jpg\",\"keywords\":[\"ouvrir un food truck\",\"food truck business\",\"marketing food truck\"],\"articleSection\":[\"News\"],\"inLanguage\":\"fr-FR\"},{\"@type\":\"WebPage\",\"@id\":\"https:\/\/www.vsveicolispeciali.com\/fr\/food-truck-il-est-temps-de-sadapter-aux-nouveaux-temps\/\",\"url\":\"https:\/\/www.vsveicolispeciali.com\/fr\/food-truck-il-est-temps-de-sadapter-aux-nouveaux-temps\/\",\"name\":\"Food truck : il est temps de s\u2019adapter aux nouveaux temps\",\"isPartOf\":{\"@id\":\"https:\/\/www.vsveicolispeciali.com\/fr\/#website\"},\"primaryImageOfPage\":{\"@id\":\"https:\/\/www.vsveicolispeciali.com\/fr\/food-truck-il-est-temps-de-sadapter-aux-nouveaux-temps\/#primaryimage\"},\"image\":{\"@id\":\"https:\/\/www.vsveicolispeciali.com\/fr\/food-truck-il-est-temps-de-sadapter-aux-nouveaux-temps\/#primaryimage\"},\"thumbnailUrl\":\"https:\/\/www.vsveicolispeciali.com\/wp-content\/uploads\/2025\/12\/food-truck-tempi-nuovi.jpg\",\"datePublished\":\"2025-12-04T11:07:47+00:00\",\"dateModified\":\"2025-12-04T12:22:22+00:00\",\"description\":\"Le food truck du futur est un hybride entre cuisine, applications et donn\u00e9es. D\u00e9couvrez cinq leviers essentiels pour augmenter la rentabilit\u00e9 de votre activit\u00e9 mobile\",\"breadcrumb\":{\"@id\":\"https:\/\/www.vsveicolispeciali.com\/fr\/food-truck-il-est-temps-de-sadapter-aux-nouveaux-temps\/#breadcrumb\"},\"inLanguage\":\"fr-FR\",\"potentialAction\":[{\"@type\":\"ReadAction\",\"target\":[\"https:\/\/www.vsveicolispeciali.com\/fr\/food-truck-il-est-temps-de-sadapter-aux-nouveaux-temps\/\"]}]},{\"@type\":\"ImageObject\",\"inLanguage\":\"fr-FR\",\"@id\":\"https:\/\/www.vsveicolispeciali.com\/fr\/food-truck-il-est-temps-de-sadapter-aux-nouveaux-temps\/#primaryimage\",\"url\":\"https:\/\/www.vsveicolispeciali.com\/wp-content\/uploads\/2025\/12\/food-truck-tempi-nuovi.jpg\",\"contentUrl\":\"https:\/\/www.vsveicolispeciali.com\/wp-content\/uploads\/2025\/12\/food-truck-tempi-nuovi.jpg\",\"width\":1200,\"height\":1200},{\"@type\":\"BreadcrumbList\",\"@id\":\"https:\/\/www.vsveicolispeciali.com\/fr\/food-truck-il-est-temps-de-sadapter-aux-nouveaux-temps\/#breadcrumb\",\"itemListElement\":[{\"@type\":\"ListItem\",\"position\":1,\"name\":\"Home\",\"item\":\"https:\/\/www.vsveicolispeciali.com\/fr\/\"},{\"@type\":\"ListItem\",\"position\":2,\"name\":\"Food truck : il est temps de s\u2019adapter aux nouveaux temps\"}]},{\"@type\":\"WebSite\",\"@id\":\"https:\/\/www.vsveicolispeciali.com\/fr\/#website\",\"url\":\"https:\/\/www.vsveicolispeciali.com\/fr\/\",\"name\":\"VS Veicoli Speciali\",\"description\":\"\",\"publisher\":{\"@id\":\"https:\/\/www.vsveicolispeciali.com\/fr\/#organization\"},\"potentialAction\":[{\"@type\":\"SearchAction\",\"target\":{\"@type\":\"EntryPoint\",\"urlTemplate\":\"https:\/\/www.vsveicolispeciali.com\/fr\/?s={search_term_string}\"},\"query-input\":{\"@type\":\"PropertyValueSpecification\",\"valueRequired\":true,\"valueName\":\"search_term_string\"}}],\"inLanguage\":\"fr-FR\"},{\"@type\":\"Organization\",\"@id\":\"https:\/\/www.vsveicolispeciali.com\/fr\/#organization\",\"name\":\"VS Veicoli Speciali\",\"url\":\"https:\/\/www.vsveicolispeciali.com\/fr\/\",\"logo\":{\"@type\":\"ImageObject\",\"inLanguage\":\"fr-FR\",\"@id\":\"https:\/\/www.vsveicolispeciali.com\/fr\/#\/schema\/logo\/image\/\",\"url\":\"http:\/\/www.vsveicolispeciali.com\/wp-content\/uploads\/2015\/05\/vs_veicoli_speciali-logo.png\",\"contentUrl\":\"http:\/\/www.vsveicolispeciali.com\/wp-content\/uploads\/2015\/05\/vs_veicoli_speciali-logo.png\",\"width\":252,\"height\":134,\"caption\":\"VS Veicoli Speciali\"},\"image\":{\"@id\":\"https:\/\/www.vsveicolispeciali.com\/fr\/#\/schema\/logo\/image\/\"},\"sameAs\":[\"https:\/\/www.facebook.com\/VSVeicoliSpeciali.Food.Trucks\/\",\"https:\/\/x.com\/veicolispeciali\",\"https:\/\/www.instagram.com\/vs_veicolispeciali\/\",\"https:\/\/www.linkedin.com\/company\/2811960\/\",\"https:\/\/www.pinterest.com\/streetfoodtruck\/\",\"https:\/\/www.youtube.com\/user\/veicolispeciali\"]},{\"@type\":\"Person\",\"@id\":\"https:\/\/www.vsveicolispeciali.com\/fr\/#\/schema\/person\/1241826d792bde4333b3db1395b12be9\",\"name\":\"VS Veicoli Speciali\",\"image\":{\"@type\":\"ImageObject\",\"inLanguage\":\"fr-FR\",\"@id\":\"https:\/\/www.vsveicolispeciali.com\/fr\/#\/schema\/person\/image\/\",\"url\":\"https:\/\/secure.gravatar.com\/avatar\/4ea93278e71ba140dbbbfb5d34409507?s=96&d=mm&r=g\",\"contentUrl\":\"https:\/\/secure.gravatar.com\/avatar\/4ea93278e71ba140dbbbfb5d34409507?s=96&d=mm&r=g\",\"caption\":\"VS Veicoli Speciali\"}}]}<\/script>\n<!-- \/ Yoast SEO plugin. -->","yoast_head_json":{"title":"Food truck : il est temps de s\u2019adapter aux nouveaux temps","description":"Le food truck du futur est un hybride entre cuisine, applications et donn\u00e9es. D\u00e9couvrez cinq leviers essentiels pour augmenter la rentabilit\u00e9 de votre activit\u00e9 mobile","robots":{"index":"index","follow":"follow","max-snippet":"max-snippet:-1","max-image-preview":"max-image-preview:large","max-video-preview":"max-video-preview:-1"},"canonical":"https:\/\/www.vsveicolispeciali.com\/fr\/food-truck-il-est-temps-de-sadapter-aux-nouveaux-temps\/","og_locale":"fr_FR","og_type":"article","og_title":"Food truck : il est temps de s\u2019adapter aux nouveaux temps","og_description":"Le food truck du futur est un hybride entre cuisine, applications et donn\u00e9es. D\u00e9couvrez cinq leviers essentiels pour augmenter la rentabilit\u00e9 de votre activit\u00e9 mobile","og_url":"https:\/\/www.vsveicolispeciali.com\/fr\/food-truck-il-est-temps-de-sadapter-aux-nouveaux-temps\/","og_site_name":"VS Veicoli Speciali","article_publisher":"https:\/\/www.facebook.com\/VSVeicoliSpeciali.Food.Trucks\/","article_published_time":"2025-12-04T11:07:47+00:00","article_modified_time":"2025-12-04T12:22:22+00:00","og_image":[{"width":1200,"height":1200,"url":"https:\/\/www.vsveicolispeciali.com\/wp-content\/uploads\/2025\/12\/food-truck-tempi-nuovi.jpg","type":"image\/jpeg"}],"author":"VS Veicoli Speciali","twitter_card":"summary_large_image","twitter_creator":"@veicolispeciali","twitter_site":"@veicolispeciali","twitter_misc":{"\u00c9crit par":"VS Veicoli Speciali","Dur\u00e9e de lecture estim\u00e9e":"7 minutes"},"schema":{"@context":"https:\/\/schema.org","@graph":[{"@type":"Article","@id":"https:\/\/www.vsveicolispeciali.com\/fr\/food-truck-il-est-temps-de-sadapter-aux-nouveaux-temps\/#article","isPartOf":{"@id":"https:\/\/www.vsveicolispeciali.com\/fr\/food-truck-il-est-temps-de-sadapter-aux-nouveaux-temps\/"},"author":{"name":"VS Veicoli Speciali","@id":"https:\/\/www.vsveicolispeciali.com\/fr\/#\/schema\/person\/1241826d792bde4333b3db1395b12be9"},"headline":"Food truck : il est temps de s\u2019adapter aux nouveaux temps","datePublished":"2025-12-04T11:07:47+00:00","dateModified":"2025-12-04T12:22:22+00:00","mainEntityOfPage":{"@id":"https:\/\/www.vsveicolispeciali.com\/fr\/food-truck-il-est-temps-de-sadapter-aux-nouveaux-temps\/"},"wordCount":1339,"publisher":{"@id":"https:\/\/www.vsveicolispeciali.com\/fr\/#organization"},"image":{"@id":"https:\/\/www.vsveicolispeciali.com\/fr\/food-truck-il-est-temps-de-sadapter-aux-nouveaux-temps\/#primaryimage"},"thumbnailUrl":"https:\/\/www.vsveicolispeciali.com\/wp-content\/uploads\/2025\/12\/food-truck-tempi-nuovi.jpg","keywords":["ouvrir un food truck","food truck business","marketing food truck"],"articleSection":["News"],"inLanguage":"fr-FR"},{"@type":"WebPage","@id":"https:\/\/www.vsveicolispeciali.com\/fr\/food-truck-il-est-temps-de-sadapter-aux-nouveaux-temps\/","url":"https:\/\/www.vsveicolispeciali.com\/fr\/food-truck-il-est-temps-de-sadapter-aux-nouveaux-temps\/","name":"Food truck : il est temps de s\u2019adapter aux nouveaux temps","isPartOf":{"@id":"https:\/\/www.vsveicolispeciali.com\/fr\/#website"},"primaryImageOfPage":{"@id":"https:\/\/www.vsveicolispeciali.com\/fr\/food-truck-il-est-temps-de-sadapter-aux-nouveaux-temps\/#primaryimage"},"image":{"@id":"https:\/\/www.vsveicolispeciali.com\/fr\/food-truck-il-est-temps-de-sadapter-aux-nouveaux-temps\/#primaryimage"},"thumbnailUrl":"https:\/\/www.vsveicolispeciali.com\/wp-content\/uploads\/2025\/12\/food-truck-tempi-nuovi.jpg","datePublished":"2025-12-04T11:07:47+00:00","dateModified":"2025-12-04T12:22:22+00:00","description":"Le food truck du futur est un hybride entre cuisine, applications et donn\u00e9es. D\u00e9couvrez cinq leviers essentiels pour augmenter la rentabilit\u00e9 de votre activit\u00e9 mobile","breadcrumb":{"@id":"https:\/\/www.vsveicolispeciali.com\/fr\/food-truck-il-est-temps-de-sadapter-aux-nouveaux-temps\/#breadcrumb"},"inLanguage":"fr-FR","potentialAction":[{"@type":"ReadAction","target":["https:\/\/www.vsveicolispeciali.com\/fr\/food-truck-il-est-temps-de-sadapter-aux-nouveaux-temps\/"]}]},{"@type":"ImageObject","inLanguage":"fr-FR","@id":"https:\/\/www.vsveicolispeciali.com\/fr\/food-truck-il-est-temps-de-sadapter-aux-nouveaux-temps\/#primaryimage","url":"https:\/\/www.vsveicolispeciali.com\/wp-content\/uploads\/2025\/12\/food-truck-tempi-nuovi.jpg","contentUrl":"https:\/\/www.vsveicolispeciali.com\/wp-content\/uploads\/2025\/12\/food-truck-tempi-nuovi.jpg","width":1200,"height":1200},{"@type":"BreadcrumbList","@id":"https:\/\/www.vsveicolispeciali.com\/fr\/food-truck-il-est-temps-de-sadapter-aux-nouveaux-temps\/#breadcrumb","itemListElement":[{"@type":"ListItem","position":1,"name":"Home","item":"https:\/\/www.vsveicolispeciali.com\/fr\/"},{"@type":"ListItem","position":2,"name":"Food truck : il est temps de s\u2019adapter aux nouveaux temps"}]},{"@type":"WebSite","@id":"https:\/\/www.vsveicolispeciali.com\/fr\/#website","url":"https:\/\/www.vsveicolispeciali.com\/fr\/","name":"VS Veicoli Speciali","description":"","publisher":{"@id":"https:\/\/www.vsveicolispeciali.com\/fr\/#organization"},"potentialAction":[{"@type":"SearchAction","target":{"@type":"EntryPoint","urlTemplate":"https:\/\/www.vsveicolispeciali.com\/fr\/?s={search_term_string}"},"query-input":{"@type":"PropertyValueSpecification","valueRequired":true,"valueName":"search_term_string"}}],"inLanguage":"fr-FR"},{"@type":"Organization","@id":"https:\/\/www.vsveicolispeciali.com\/fr\/#organization","name":"VS Veicoli Speciali","url":"https:\/\/www.vsveicolispeciali.com\/fr\/","logo":{"@type":"ImageObject","inLanguage":"fr-FR","@id":"https:\/\/www.vsveicolispeciali.com\/fr\/#\/schema\/logo\/image\/","url":"http:\/\/www.vsveicolispeciali.com\/wp-content\/uploads\/2015\/05\/vs_veicoli_speciali-logo.png","contentUrl":"http:\/\/www.vsveicolispeciali.com\/wp-content\/uploads\/2015\/05\/vs_veicoli_speciali-logo.png","width":252,"height":134,"caption":"VS Veicoli Speciali"},"image":{"@id":"https:\/\/www.vsveicolispeciali.com\/fr\/#\/schema\/logo\/image\/"},"sameAs":["https:\/\/www.facebook.com\/VSVeicoliSpeciali.Food.Trucks\/","https:\/\/x.com\/veicolispeciali","https:\/\/www.instagram.com\/vs_veicolispeciali\/","https:\/\/www.linkedin.com\/company\/2811960\/","https:\/\/www.pinterest.com\/streetfoodtruck\/","https:\/\/www.youtube.com\/user\/veicolispeciali"]},{"@type":"Person","@id":"https:\/\/www.vsveicolispeciali.com\/fr\/#\/schema\/person\/1241826d792bde4333b3db1395b12be9","name":"VS Veicoli Speciali","image":{"@type":"ImageObject","inLanguage":"fr-FR","@id":"https:\/\/www.vsveicolispeciali.com\/fr\/#\/schema\/person\/image\/","url":"https:\/\/secure.gravatar.com\/avatar\/4ea93278e71ba140dbbbfb5d34409507?s=96&d=mm&r=g","contentUrl":"https:\/\/secure.gravatar.com\/avatar\/4ea93278e71ba140dbbbfb5d34409507?s=96&d=mm&r=g","caption":"VS Veicoli Speciali"}}]}},"_links":{"self":[{"href":"https:\/\/www.vsveicolispeciali.com\/fr\/wp-json\/wp\/v2\/posts\/29089"}],"collection":[{"href":"https:\/\/www.vsveicolispeciali.com\/fr\/wp-json\/wp\/v2\/posts"}],"about":[{"href":"https:\/\/www.vsveicolispeciali.com\/fr\/wp-json\/wp\/v2\/types\/post"}],"author":[{"embeddable":true,"href":"https:\/\/www.vsveicolispeciali.com\/fr\/wp-json\/wp\/v2\/users\/1001012"}],"replies":[{"embeddable":true,"href":"https:\/\/www.vsveicolispeciali.com\/fr\/wp-json\/wp\/v2\/comments?post=29089"}],"version-history":[{"count":3,"href":"https:\/\/www.vsveicolispeciali.com\/fr\/wp-json\/wp\/v2\/posts\/29089\/revisions"}],"predecessor-version":[{"id":29096,"href":"https:\/\/www.vsveicolispeciali.com\/fr\/wp-json\/wp\/v2\/posts\/29089\/revisions\/29096"}],"wp:featuredmedia":[{"embeddable":true,"href":"https:\/\/www.vsveicolispeciali.com\/fr\/wp-json\/wp\/v2\/media\/29073"}],"wp:attachment":[{"href":"https:\/\/www.vsveicolispeciali.com\/fr\/wp-json\/wp\/v2\/media?parent=29089"}],"wp:term":[{"taxonomy":"category","embeddable":true,"href":"https:\/\/www.vsveicolispeciali.com\/fr\/wp-json\/wp\/v2\/categories?post=29089"},{"taxonomy":"post_tag","embeddable":true,"href":"https:\/\/www.vsveicolispeciali.com\/fr\/wp-json\/wp\/v2\/tags?post=29089"}],"curies":[{"name":"wp","href":"https:\/\/api.w.org\/{rel}","templated":true}]}}