{"id":28437,"date":"2025-08-09T15:28:57","date_gmt":"2025-08-09T13:28:57","guid":{"rendered":"https:\/\/www.vsveicolispeciali.com\/10-examples-of-french-food-trucks-that-make-you-hungry\/"},"modified":"2025-08-09T19:11:08","modified_gmt":"2025-08-09T17:11:08","slug":"10-exemples-de-food-trucks-francais-qui-donnent-faim","status":"publish","type":"post","link":"https:\/\/www.vsveicolispeciali.com\/fr\/10-exemples-de-food-trucks-francais-qui-donnent-faim\/","title":{"rendered":"10 exemples de food trucks fran\u00e7ais qui donnent faim"},"content":{"rendered":"<p>Aujourd\u2019hui, il n\u2019est pas rare de croiser un camion-magasin install\u00e9 sur la place d\u2019un village, pr\u00e8s d\u2019un bureau ou m\u00eame au milieu d\u2019un mariage.<\/p>\n<p>Avec <strong>plus de 3.000 v\u00e9hicules recens\u00e9s sur le territoire fran\u00e7ais<\/strong>, ce secteur est en constante croissance et attire aussi bien des chefs talentueux que des entrepreneurs en qu\u00eate de nouvelles opportunit\u00e9s.<\/p>\n<p>Le <strong>march\u00e9 fran\u00e7ais<\/strong>, historiquement attach\u00e9 \u00e0 la culture du repas \u201cassis \u00e0 table\u201d, s\u2019ouvre de plus en plus \u00e0 cette forme de restauration rapide, mais originale et de qualit\u00e9.<\/p>\n<p>Autrefois consid\u00e9r\u00e9s comme une curiosit\u00e9 venue d\u2019outre-Atlantique, les <a href=\"https:\/\/www.vsveicolispeciali.com\/fr\/amenagement-vehicules-magasin-commerce-ambulant\/food-truck-camion-magasin-pour-vente-ambulante\/\" rel=\"noopener\" target=\"_blank\">food trucks<\/a> font d\u00e9sormais partie int\u00e9grante de la culture culinaire fran\u00e7aise.<\/p>\n<p>En alliant le plaisir du contact direct avec le consommateur et un esprit nomade parfaitement en phase avec notre \u00e9poque, les food trucks s\u00e9duisent un public d\u2019amateurs toujours plus large, en France comme \u00e0 l\u2019\u00e9tranger.<\/p>\n<p>Au-del\u00e0 d\u2019un style dynamique et convivial, la restauration sur roues pr\u00e9sente un MOD\u00c8LE \u00c9CONOMIQUE GAGNANT : investissement r\u00e9duit, nombreuses opportunit\u00e9s commerciales, marges \u00e9lev\u00e9es et fort retour d\u2019image.<\/p>\n<p>&nbsp;&nbsp;<\/p>\n<h2>10 food trucks qui mettent l\u2019eau \u00e0 la bouche d\u00e8s le premier regard<\/h2>\n<p>&nbsp;<\/p>\n<h3>1.<\/p>\n<p><a href=\"https:\/\/www.vsveicolispeciali.com\/fr\/street-food-truck\/food-truck-boulangerie-michel-et-augustin\/\" rel=\"noopener\" target=\"_blank\">Michel et Augustin<\/a><\/h3>\n<p>Model: Ape Smart \u00c9lectrique<br \/>\nR\u00e9gion: Paris<\/p>\n<p><a href=\"https:\/\/www.vsveicolispeciali.com\/wp-content\/uploads\/2025\/08\/michel-et-augustin-boulangerie-food-truck-1.jpg\"><img loading=\"lazy\" decoding=\"async\" src=\"https:\/\/www.vsveicolispeciali.com\/wp-content\/uploads\/2025\/08\/michel-et-augustin-boulangerie-food-truck-1.jpg\" alt=\"michel et augustin boulangerie food truck livr\u00e9 \u00e0 Paris\" width=\"810\" height=\"810\" class=\"alignleft size-full wp-image-28390\" srcset=\"https:\/\/www.vsveicolispeciali.com\/wp-content\/uploads\/2025\/08\/michel-et-augustin-boulangerie-food-truck-1.jpg 810w, https:\/\/www.vsveicolispeciali.com\/wp-content\/uploads\/2025\/08\/michel-et-augustin-boulangerie-food-truck-1-300x300.jpg 300w, https:\/\/www.vsveicolispeciali.com\/wp-content\/uploads\/2025\/08\/michel-et-augustin-boulangerie-food-truck-1-150x150.jpg 150w, https:\/\/www.vsveicolispeciali.com\/wp-content\/uploads\/2025\/08\/michel-et-augustin-boulangerie-food-truck-1-768x768.jpg 768w, https:\/\/www.vsveicolispeciali.com\/wp-content\/uploads\/2025\/08\/michel-et-augustin-boulangerie-food-truck-1-570x570.jpg 570w, https:\/\/www.vsveicolispeciali.com\/wp-content\/uploads\/2025\/08\/michel-et-augustin-boulangerie-food-truck-1-500x500.jpg 500w, https:\/\/www.vsveicolispeciali.com\/wp-content\/uploads\/2025\/08\/michel-et-augustin-boulangerie-food-truck-1-700x700.jpg 700w\" sizes=\"(max-width: 810px) 100vw, 810px\" \/><\/a><\/p>\n<p>Rendus c\u00e9l\u00e8bres par leurs d\u00e9licieux biscuits sabl\u00e9s, Michel et Augustin sont aujourd\u2019hui une marque reconnue dans toute la France, avec des boulangeries et \u00e9piceries ouvertes dans chaque ville. Ce petit food truck boulangerie appara\u00eet ici et l\u00e0 dans tout Paris comme un lutin pr\u00eat \u00e0 surprendre et \u00e0 r\u00e9galer les gourmets parisiens.<\/p>\n<p>&nbsp;<\/p>\n<h3>2.<\/p>\n<p><a href=\"https:\/\/www.vsveicolispeciali.com\/fr\/street-food-truck\/food-truck-traiteur-haut-metsghane\/\" rel=\"noopener\" target=\"_blank\">Haut Mets\u2019ghane<\/a><\/h3>\n<p>Model: Piaggio Porter Craft X<br \/>\nR\u00e9gion: Bourgogne-Franche-Comt\u00e9 et Jura<\/p>\n<p><a href=\"https:\/\/www.vsveicolispeciali.com\/wp-content\/uploads\/2024\/07\/food-truck-Haut-Mets-Ghane.jpg\"><img loading=\"lazy\" decoding=\"async\" src=\"https:\/\/www.vsveicolispeciali.com\/wp-content\/uploads\/2024\/07\/food-truck-Haut-Mets-Ghane.jpg\" alt=\"food truck Haut Mets&#039;Ghane aux Moussi\u00e8res en France\" width=\"1000\" height=\"800\" class=\"alignleft size-full wp-image-25948\" srcset=\"https:\/\/www.vsveicolispeciali.com\/wp-content\/uploads\/2024\/07\/food-truck-Haut-Mets-Ghane.jpg 1000w, https:\/\/www.vsveicolispeciali.com\/wp-content\/uploads\/2024\/07\/food-truck-Haut-Mets-Ghane-300x240.jpg 300w, https:\/\/www.vsveicolispeciali.com\/wp-content\/uploads\/2024\/07\/food-truck-Haut-Mets-Ghane-768x614.jpg 768w, https:\/\/www.vsveicolispeciali.com\/wp-content\/uploads\/2024\/07\/food-truck-Haut-Mets-Ghane-700x560.jpg 700w\" sizes=\"(max-width: 1000px) 100vw, 1000px\" \/><\/a><\/p>\n<p>Des plats faits maison et des sp\u00e9cialit\u00e9s locales : tout dans un seul food truck. \u2028Bas\u00e9 \u00e0 Les Moussi\u00e8res, Haut Mets\u2019Ghane associe la vente de plats cuisin\u00e9s maison \u00e0 celle de produits gastronomiques typiques de la r\u00e9gion. On le trouve sur les places, parkings et points strat\u00e9giques de Bourgogne-Franche-Comt\u00e9 et du Jura, \u00e0 la fronti\u00e8re suisse, servant repas chauds et plats \u00e0 emporter aux habitants et aux travailleurs. Il propose \u00e9galement un service traiteur \u00e0 domicile, avec des solutions sur mesure pour chaque occasion.<\/p>\n<p>&nbsp;<\/p>\n<h3>3.<\/p>\n<p><a href=\"https:\/\/www.vsveicolispeciali.com\/fr\/street-food-truck\/pizzeria-ambulante-don-carlo\/\" rel=\"noopener\" target=\"_blank\">Pizzeria Don Carlo<\/a><\/h3>\n<p>Mod\u00e8le: Ape Smart<br \/>\nR\u00e9gion: Strasbourg<\/p>\n<p><a href=\"https:\/\/www.vsveicolispeciali.com\/wp-content\/uploads\/2025\/08\/food-truck-pizza-don-carlo.jpg\"><img loading=\"lazy\" decoding=\"async\" src=\"https:\/\/www.vsveicolispeciali.com\/wp-content\/uploads\/2025\/08\/food-truck-pizza-don-carlo.jpg\" alt=\"food truck pizza don carlo in France\" width=\"810\" height=\"999\" class=\"alignleft size-full wp-image-28394\" srcset=\"https:\/\/www.vsveicolispeciali.com\/wp-content\/uploads\/2025\/08\/food-truck-pizza-don-carlo.jpg 810w, https:\/\/www.vsveicolispeciali.com\/wp-content\/uploads\/2025\/08\/food-truck-pizza-don-carlo-243x300.jpg 243w, https:\/\/www.vsveicolispeciali.com\/wp-content\/uploads\/2025\/08\/food-truck-pizza-don-carlo-768x947.jpg 768w, https:\/\/www.vsveicolispeciali.com\/wp-content\/uploads\/2025\/08\/food-truck-pizza-don-carlo-700x863.jpg 700w\" sizes=\"(max-width: 810px) 100vw, 810px\" \/><\/a><\/p>\n<p>Il s\u2019appelle Carlo, mais tout le monde le surnomme Don Carlo, le pizzaiolo le plus amusant de France. Avec sa petite pizzeria mobile, il s\u2019est fait conna\u00eetre de tous et tout le monde loue son food truck pour servir la plus authentique pizza napolitaine lors de mariages, anniversaires et \u00e9v\u00e9nements. La presse et la t\u00e9l\u00e9vision fran\u00e7aises parlent de lui, mais Don Carlo garde la t\u00eate froide : toujours un sourire aux l\u00e8vres, il sort des pizzas br\u00fblantes comme le V\u00e9suve et pleines des saveurs de sa terre natale.<\/p>\n<p>&nbsp;<\/p>\n<h3>4.<\/p>\n<p><a href=\"https:\/\/www.vsveicolispeciali.com\/fr\/street-food-truck\/wine-truck-champagne-pastot\/\" rel=\"noopener\" target=\"_blank\">Wine Truck Event Chez Filou<\/a><\/h3>\n<p>Mod\u00e8le: NV Food Truck<br \/>\nR\u00e9gion: Paris and Eure et Loir<\/p>\n<p><a href=\"https:\/\/www.vsveicolispeciali.com\/wp-content\/uploads\/2025\/08\/foodtruck-Wine-Truck-Event-Chez-Filou.jpg\"><img loading=\"lazy\" decoding=\"async\" src=\"https:\/\/www.vsveicolispeciali.com\/wp-content\/uploads\/2025\/08\/foodtruck-Wine-Truck-Event-Chez-Filou.jpg\" alt=\"Wine Truck Event Chez Filou service traiteur pour \u00e9v\u00e9nements en France\" width=\"810\" height=\"536\" class=\"alignleft size-full wp-image-28398\" srcset=\"https:\/\/www.vsveicolispeciali.com\/wp-content\/uploads\/2025\/08\/foodtruck-Wine-Truck-Event-Chez-Filou.jpg 810w, https:\/\/www.vsveicolispeciali.com\/wp-content\/uploads\/2025\/08\/foodtruck-Wine-Truck-Event-Chez-Filou-300x199.jpg 300w, https:\/\/www.vsveicolispeciali.com\/wp-content\/uploads\/2025\/08\/foodtruck-Wine-Truck-Event-Chez-Filou-768x508.jpg 768w, https:\/\/www.vsveicolispeciali.com\/wp-content\/uploads\/2025\/08\/foodtruck-Wine-Truck-Event-Chez-Filou-700x463.jpg 700w\" sizes=\"(max-width: 810px) 100vw, 810px\" \/><\/a><\/p>\n<p>Ce magnifique food truck sp\u00e9cialis\u00e9 dans les boissons est le projet extraordinaire de Philippe et Lucie, p\u00e8re et fille unis par la passion du bon vin et de la bonne cuisine. Philippe, acteur, metteur en sc\u00e8ne et directeur artistique, a d\u00e9velopp\u00e9 un vif int\u00e9r\u00eat pour les vins naturels et durables gr\u00e2ce \u00e0 ses voyages et \u00e0 sa d\u00e9couverte de la gastronomie japonaise. Lucie, experte en communication et organisation d\u2019\u00e9v\u00e9nements, travaille \u00e9galement dans la compagnie th\u00e9\u00e2trale fond\u00e9e par son p\u00e8re. Ensemble, ils ont d\u00e9cid\u00e9 de cr\u00e9er un wine truck pour donner vie \u00e0 une compagnie itin\u00e9rante proposant, sur demande, un service traiteur pour les \u00e9v\u00e9nements, avec de nouvelles exp\u00e9riences culinaires, des produits de qualit\u00e9 et beaucoup de convivialit\u00e9.<\/p>\n<p>&nbsp;<\/p>\n<h3>5.<\/p>\n<p><a href=\"https:\/\/www.vsveicolispeciali.com\/fr\/street-food-truck\/piaggio-ape-electrique-food-truck-knack-eat\/\" rel=\"noopener\" target=\"_blank\">Knack Eat<\/a><\/h3>\n<p>Mod\u00e8le: Ape Piaggio V-Curve\u00ae \u00c9lectrique<br \/>\nR\u00e9gion: Alsace<\/p>\n<div class=\"video-youtube\"><iframe src=\"https:\/\/www.youtube.com\/embed\/kGndwoqRapw\" frameborder=\"0\" allowfullscreen=\"allowfullscreen\"><\/iframe><\/div>\n<p>&nbsp;<\/p>\n<p><em>Knack Eat<\/em> propose des saucisses \u00e0 emporter depuis un triporteur Piaggio silencieux et \u00e9cologique. Disponible \u00e0 la location pour foires, \u00e9v\u00e9nements d\u2019entreprise et f\u00eates priv\u00e9es, ainsi que pour la livraison \u00e0 domicile, Knack Eat apporte partout une touche de go\u00fbt, de couleur et d\u2019optimisme.<\/p>\n<p>&nbsp;<\/p>\n<h3>6.<\/p>\n<p><a href=\"https:\/\/www.vsveicolispeciali.com\/fr\/street-food-truck\/food-truck-barbecue-bbq-texan\/\" rel=\"noopener\" target=\"_blank\">BBQ Texan<\/a><\/h3>\n<p>Mod\u00e8le: NV Food Truck<br \/>\nR\u00e9gion: Toulouse<\/p>\n<p><a href=\"https:\/\/www.vsveicolispeciali.com\/wp-content\/uploads\/2025\/08\/food-truck-bbq-texan.jpeg\"><img loading=\"lazy\" decoding=\"async\" src=\"https:\/\/www.vsveicolispeciali.com\/wp-content\/uploads\/2025\/08\/food-truck-bbq-texan.jpeg\" alt=\"food truck bbq texan propose des grillades et des barbecues am\u00e9ricains pour des \u00e9v\u00e9nements priv\u00e9s et d'entreprise\" width=\"1081\" height=\"783\" class=\"alignleft size-full wp-image-28402\" srcset=\"https:\/\/www.vsveicolispeciali.com\/wp-content\/uploads\/2025\/08\/food-truck-bbq-texan.jpeg 1081w, https:\/\/www.vsveicolispeciali.com\/wp-content\/uploads\/2025\/08\/food-truck-bbq-texan-300x217.jpeg 300w, https:\/\/www.vsveicolispeciali.com\/wp-content\/uploads\/2025\/08\/food-truck-bbq-texan-1024x742.jpeg 1024w, https:\/\/www.vsveicolispeciali.com\/wp-content\/uploads\/2025\/08\/food-truck-bbq-texan-768x556.jpeg 768w, https:\/\/www.vsveicolispeciali.com\/wp-content\/uploads\/2025\/08\/food-truck-bbq-texan-700x507.jpeg 700w\" sizes=\"(max-width: 1081px) 100vw, 1081px\" \/><\/a><\/p>\n<p>Nous sommes dans le sud-ouest de la France, mais lorsque BBQ Texan arrive, c\u2019est direction l\u2019Ouest am\u00e9ricain. L\u2019ambiance se r\u00e9chauffe, le gril cr\u00e9pite, et la viande cuit juste ce qu\u2019il faut pour ravir les papilles des convives. \u00c9v\u00e9nements d\u2019entreprise, foires, festivals, march\u00e9s en plein air, \u00e9v\u00e9nements sportifs, mariages et f\u00eates priv\u00e9es : le barbecue texan se d\u00e9place partout o\u00f9 la faim de viande et l\u2019\u00e9nergie cr\u00e9ative se font sentir.<\/p>\n<p>&nbsp;<\/p>\n<h3>7.<\/p>\n<p><a href=\"https:\/\/www.vsveicolispeciali.com\/fr\/street-food-truck\/piaggio-tr-triporteur-bar-snack-point-de-restauration-mobile-chenonceau-chateau\/\" rel=\"noopener\" target=\"_blank\">Chenonceau<\/a><\/h3>\n<p>Mod\u00e8le: Ape Piaggio TR\u00ae<br \/>\nR\u00e9gion: Vall\u00e9e de la Loire<\/p>\n<p><a href=\"https:\/\/www.vsveicolispeciali.com\/wp-content\/uploads\/2025\/08\/food-truck-ape-piaggio-chateau-chenonceau.jpg\"><img loading=\"lazy\" decoding=\"async\" src=\"https:\/\/www.vsveicolispeciali.com\/wp-content\/uploads\/2025\/08\/food-truck-ape-piaggio-chateau-chenonceau.jpg\" alt=\"food truck ape piaggio chateau chenonceau \u00e0 la livraison au ch\u00e2teau de la Vall\u00e9e de la Loire\" width=\"960\" height=\"540\" class=\"alignleft size-full wp-image-28410\" srcset=\"https:\/\/www.vsveicolispeciali.com\/wp-content\/uploads\/2025\/08\/food-truck-ape-piaggio-chateau-chenonceau.jpg 960w, https:\/\/www.vsveicolispeciali.com\/wp-content\/uploads\/2025\/08\/food-truck-ape-piaggio-chateau-chenonceau-300x169.jpg 300w, https:\/\/www.vsveicolispeciali.com\/wp-content\/uploads\/2025\/08\/food-truck-ape-piaggio-chateau-chenonceau-768x432.jpg 768w, https:\/\/www.vsveicolispeciali.com\/wp-content\/uploads\/2025\/08\/food-truck-ape-piaggio-chateau-chenonceau-700x394.jpg 700w, https:\/\/www.vsveicolispeciali.com\/wp-content\/uploads\/2025\/08\/food-truck-ape-piaggio-chateau-chenonceau-539x303.jpg 539w\" sizes=\"(max-width: 960px) 100vw, 960px\" \/><\/a><\/p>\n<p>Parmi les magnifiques ch\u00e2teaux de la Vall\u00e9e de la Loire, l\u2019un d\u2019eux accueille ses visiteurs avec une touche de magie suppl\u00e9mentaire. Dans ses immenses et spectaculaires jardins, le ch\u00e2teau de Chenonceau propose un moment de d\u00e9tente autour d\u2019un petit kiosque mobile servant boissons et encas de grande qualit\u00e9. Un service digne de la royaut\u00e9.<\/p>\n<p>&nbsp;<\/p>\n<h3>8.<\/p>\n<p>Rice Repuplic\u00a0Reunion<\/h3>\n<p>Mod\u00e8le: Piaggio Porter Craft X<br \/>\nR\u00e9gion: R\u00e9union<\/p>\n<p><a href=\"https:\/\/www.vsveicolispeciali.com\/wp-content\/uploads\/2025\/08\/rice-republic-reunion-food-truck-porter.jpg\"><img loading=\"lazy\" decoding=\"async\" src=\"https:\/\/www.vsveicolispeciali.com\/wp-content\/uploads\/2025\/08\/rice-republic-reunion-food-truck-porter.jpg\" alt=\"rice republic reunion food truck porter\" width=\"1080\" height=\"948\" class=\"alignleft size-full wp-image-28414\" srcset=\"https:\/\/www.vsveicolispeciali.com\/wp-content\/uploads\/2025\/08\/rice-republic-reunion-food-truck-porter.jpg 1080w, https:\/\/www.vsveicolispeciali.com\/wp-content\/uploads\/2025\/08\/rice-republic-reunion-food-truck-porter-300x263.jpg 300w, https:\/\/www.vsveicolispeciali.com\/wp-content\/uploads\/2025\/08\/rice-republic-reunion-food-truck-porter-1024x899.jpg 1024w, https:\/\/www.vsveicolispeciali.com\/wp-content\/uploads\/2025\/08\/rice-republic-reunion-food-truck-porter-768x674.jpg 768w, https:\/\/www.vsveicolispeciali.com\/wp-content\/uploads\/2025\/08\/rice-republic-reunion-food-truck-porter-700x614.jpg 700w\" sizes=\"(max-width: 1080px) 100vw, 1080px\" \/><\/a><\/p>\n<p>Deux enseignes de burgers sur l\u2019\u00eele fran\u00e7aise de la R\u00e9union, connues pour avoir introduit les saveurs japonaises dans la cuisine locale, ne se sont pas arr\u00eat\u00e9es l\u00e0. L\u2019\u00e9quipe de Shiso Burger a innov\u00e9 avec un food truck color\u00e9, construit sur un Piaggio Porter, \u00e9quip\u00e9 pour pr\u00e9parer donburi, bols au curry et salades garnies de katsu, saumon ou tofu : de la cuisine japonaise avec une touche de tradition locale. Maintenant qu\u2019ils sont sur roues, plus rien ne peut les arr\u00eater.<\/p>\n<p>&nbsp;<\/p>\n<h3>9.<\/p>\n<p><a href=\"https:\/\/www.vsveicolispeciali.com\/fr\/street-food-truck\/triporteur-a-cafe-artari-magasin-ambulant\/\" rel=\"noopener\" target=\"_blank\">Caff\u00e8 Artari<\/a><\/h3>\n<p>Mod\u00e8le: Ape Piaggio V-Curve et V-Smart<br \/>\nR\u00e9gion: Paris et Versailles<\/p>\n<p><a href=\"https:\/\/www.vsveicolispeciali.com\/wp-content\/uploads\/2025\/08\/artari-coffee-truck-paris-market.jpeg\"><img loading=\"lazy\" decoding=\"async\" src=\"https:\/\/www.vsveicolispeciali.com\/wp-content\/uploads\/2025\/08\/artari-coffee-truck-paris-market.jpeg\" alt=\"artari coffee truck at paris market\" width=\"1024\" height=\"1024\" class=\"alignleft size-full wp-image-28418\" srcset=\"https:\/\/www.vsveicolispeciali.com\/wp-content\/uploads\/2025\/08\/artari-coffee-truck-paris-market.jpeg 1024w, https:\/\/www.vsveicolispeciali.com\/wp-content\/uploads\/2025\/08\/artari-coffee-truck-paris-market-300x300.jpeg 300w, https:\/\/www.vsveicolispeciali.com\/wp-content\/uploads\/2025\/08\/artari-coffee-truck-paris-market-150x150.jpeg 150w, https:\/\/www.vsveicolispeciali.com\/wp-content\/uploads\/2025\/08\/artari-coffee-truck-paris-market-768x768.jpeg 768w, https:\/\/www.vsveicolispeciali.com\/wp-content\/uploads\/2025\/08\/artari-coffee-truck-paris-market-570x570.jpeg 570w, https:\/\/www.vsveicolispeciali.com\/wp-content\/uploads\/2025\/08\/artari-coffee-truck-paris-market-500x500.jpeg 500w, https:\/\/www.vsveicolispeciali.com\/wp-content\/uploads\/2025\/08\/artari-coffee-truck-paris-market-1000x1000.jpeg 1000w, https:\/\/www.vsveicolispeciali.com\/wp-content\/uploads\/2025\/08\/artari-coffee-truck-paris-market-700x700.jpeg 700w\" sizes=\"(max-width: 1024px) 100vw, 1024px\" \/><\/a><\/p>\n<p>Depuis la Vall\u00e9e d\u2019Aoste, une vague rouge passion frappe en plein c\u0153ur de la France. Emporio Artari, marque historique de caf\u00e9 italien, d\u00e9ploie quatre caf\u00e9s ambulants \u00e0 trois roues, s\u00e9duisant le public entre Paris et Versailles. Pr\u00e9sents surtout sur les march\u00e9s locaux, ils apparaissent aussi dans les centres commerciaux et foires de village. L\u2019art du caf\u00e9 se diffuse ainsi, dans la joie et la couleur.<\/p>\n<p>&nbsp;<\/p>\n<h3>10.<\/p>\n<p>ED traiteur<\/h3>\n<p>Mod\u00e8le: NV Food Truck<br \/>\nR\u00e9gion: Alsace<\/p>\n<p><a href=\"https:\/\/www.vsveicolispeciali.com\/wp-content\/uploads\/2025\/08\/ed-traiteur-food-truck.jpg\"><img loading=\"lazy\" decoding=\"async\" src=\"https:\/\/www.vsveicolispeciali.com\/wp-content\/uploads\/2025\/08\/ed-traiteur-food-truck.jpg\" alt=\"ed traiteur food truck pr\u00eat \u00e0 \u00eatre livr\u00e9 en Alsace, France\" width=\"1000\" height=\"755\" class=\"alignleft size-full wp-image-28426\" srcset=\"https:\/\/www.vsveicolispeciali.com\/wp-content\/uploads\/2025\/08\/ed-traiteur-food-truck.jpg 1000w, https:\/\/www.vsveicolispeciali.com\/wp-content\/uploads\/2025\/08\/ed-traiteur-food-truck-300x227.jpg 300w, https:\/\/www.vsveicolispeciali.com\/wp-content\/uploads\/2025\/08\/ed-traiteur-food-truck-768x580.jpg 768w, https:\/\/www.vsveicolispeciali.com\/wp-content\/uploads\/2025\/08\/ed-traiteur-food-truck-700x529.jpg 700w\" sizes=\"(max-width: 1000px) 100vw, 1000px\" \/><\/a><\/p>\n<p>Pr\u00eat pour la livraison et op\u00e9rationnel depuis septembre, ED Traiteur est le food truck dont \u00c9milie et Damien r\u00eavaient depuis longtemps. Ils proposent un service traiteur pour mariages, bapt\u00eames, communions, f\u00eates priv\u00e9es et \u00e9v\u00e9nements d\u2019entreprise. Professionnalisme garanti : \u00c9milie, ma\u00eetresse d\u2019h\u00f4tel, dirige son \u00e9quipe pour rendre chaque \u00e9v\u00e9nement parfait ; Damien, chef \u00e9toil\u00e9, r\u00e9gale les invit\u00e9s avec des plats raffin\u00e9s \u00e0 base d\u2019ingr\u00e9dients locaux et de saison. Boissons et ap\u00e9ritifs viendront aussi animer l\u2019ambiance.<\/p>\n<p>&nbsp;<\/p>\n<p>Si l\u2019un de ces food trucks a \u00e9veill\u00e9 votre enthousiasme, contactez-nous : en quelques mois, vous pourriez en recevoir un tout neuf vous aussi.<\/p>\n<p>&nbsp;<\/p>\n\n\t\t<style type=\"text\/css\">\n\t\t\t#gallery-1 {\n\t\t\t\tmargin: auto;\n\t\t\t}\n\t\t\t#gallery-1 .gallery-item {\n\t\t\t\tfloat: left;\n\t\t\t\tmargin-top: 10px;\n\t\t\t\ttext-align: center;\n\t\t\t\twidth: 33%;\n\t\t\t}\n\t\t\t#gallery-1 img {\n\t\t\t\tborder: 2px solid #cfcfcf;\n\t\t\t}\n\t\t\t#gallery-1 .gallery-caption {\n\t\t\t\tmargin-left: 0;\n\t\t\t}\n\t\t\t\/* see gallery_shortcode() in wp-includes\/media.php *\/\n\t\t<\/style>\n\t\t<div id='gallery-1' class='gallery galleryid-28437 gallery-columns-3 gallery-size-thumbnail'><dl class='gallery-item'>\n\t\t\t<dt class='gallery-icon landscape'>\n\t\t\t\t<a href='https:\/\/www.vsveicolispeciali.com\/fr\/ed-traiteur-food-truck-stellato-france-2\/'><img loading=\"lazy\" decoding=\"async\" width=\"150\" height=\"150\" src=\"https:\/\/www.vsveicolispeciali.com\/wp-content\/uploads\/2025\/08\/ed-traiteur-food-truck-stellato-france-150x150.jpg\" class=\"attachment-thumbnail size-thumbnail\" alt=\"ed traiteur food truck france pr\u00eat \u00e0 \u00eatre livr\u00e9 en Alsace, France\" srcset=\"https:\/\/www.vsveicolispeciali.com\/wp-content\/uploads\/2025\/08\/ed-traiteur-food-truck-stellato-france-150x150.jpg 150w, https:\/\/www.vsveicolispeciali.com\/wp-content\/uploads\/2025\/08\/ed-traiteur-food-truck-stellato-france-570x570.jpg 570w, https:\/\/www.vsveicolispeciali.com\/wp-content\/uploads\/2025\/08\/ed-traiteur-food-truck-stellato-france-500x500.jpg 500w\" sizes=\"(max-width: 150px) 100vw, 150px\" \/><\/a>\n\t\t\t<\/dt><\/dl>\n\t\t\t<br style='clear: both' \/>\n\t\t<\/div>\n\n","protected":false},"excerpt":{"rendered":"<p>Aujourd\u2019hui, il n\u2019est pas rare de croiser un camion-magasin install\u00e9 sur la place d\u2019un village, pr\u00e8s d\u2019un bureau ou m\u00eame au milieu d\u2019un mariage. Avec plus de 3.000 v\u00e9hicules recens\u00e9s sur le territoire fran\u00e7ais, ce secteur est en constante croissance et attire aussi bien des&#8230;<\/p>\n","protected":false},"author":1001012,"featured_media":28424,"comment_status":"closed","ping_status":"open","sticky":false,"template":"","format":"gallery","meta":{"footnotes":""},"categories":[27],"tags":[213,218],"class_list":["post-28437","post","type-post","status-publish","format-gallery","has-post-thumbnail","hentry","category-news-fr","tag-food-truck-evenementiel","tag-food-truck-france","post_format-post-format-gallery"],"yoast_head":"<!-- This site is optimized with the Yoast SEO plugin v25.4 - https:\/\/yoast.com\/wordpress\/plugins\/seo\/ -->\n<title>10 Exemples de Food Trucks Fran\u00e7ais qui donnent Faim<\/title>\n<meta name=\"description\" content=\"Il existe plus de 3\u00a0000 food trucks en France. Inspirez-vous de 10 des plus beaux, \u00e9quip\u00e9s pour la street food et la restauration \u00e9v\u00e9nementielle\" \/>\n<meta name=\"robots\" content=\"index, follow, max-snippet:-1, max-image-preview:large, max-video-preview:-1\" \/>\n<link rel=\"canonical\" href=\"https:\/\/www.vsveicolispeciali.com\/fr\/10-exemples-de-food-trucks-francais-qui-donnent-faim\/\" \/>\n<meta property=\"og:locale\" content=\"fr_FR\" \/>\n<meta property=\"og:type\" content=\"article\" \/>\n<meta property=\"og:title\" content=\"10 Exemples de Food Trucks Fran\u00e7ais qui donnent Faim\" \/>\n<meta property=\"og:description\" content=\"Il existe plus de 3\u00a0000 food trucks en France. Inspirez-vous de 10 des plus beaux, \u00e9quip\u00e9s pour la street food et la restauration \u00e9v\u00e9nementielle\" \/>\n<meta property=\"og:url\" content=\"https:\/\/www.vsveicolispeciali.com\/fr\/10-exemples-de-food-trucks-francais-qui-donnent-faim\/\" \/>\n<meta property=\"og:site_name\" content=\"VS Veicoli Speciali\" \/>\n<meta property=\"article:publisher\" content=\"https:\/\/www.facebook.com\/VSVeicoliSpeciali.Food.Trucks\/\" \/>\n<meta property=\"article:published_time\" content=\"2025-08-09T13:28:57+00:00\" \/>\n<meta property=\"article:modified_time\" content=\"2025-08-09T17:11:08+00:00\" \/>\n<meta property=\"og:image\" content=\"https:\/\/www.vsveicolispeciali.com\/wp-content\/uploads\/2025\/08\/ed-traiteur-food-truck-stellato-france.jpg\" \/>\n\t<meta property=\"og:image:width\" content=\"1000\" \/>\n\t<meta property=\"og:image:height\" content=\"958\" \/>\n\t<meta property=\"og:image:type\" content=\"image\/jpeg\" \/>\n<meta name=\"author\" content=\"VS Veicoli Speciali\" \/>\n<meta name=\"twitter:card\" content=\"summary_large_image\" \/>\n<meta name=\"twitter:creator\" content=\"@veicolispeciali\" \/>\n<meta name=\"twitter:site\" content=\"@veicolispeciali\" \/>\n<meta name=\"twitter:label1\" content=\"\u00c9crit par\" \/>\n\t<meta name=\"twitter:data1\" content=\"VS Veicoli Speciali\" \/>\n\t<meta name=\"twitter:label2\" content=\"Dur\u00e9e de lecture estim\u00e9e\" \/>\n\t<meta name=\"twitter:data2\" content=\"7 minutes\" \/>\n<script type=\"application\/ld+json\" class=\"yoast-schema-graph\">{\"@context\":\"https:\/\/schema.org\",\"@graph\":[{\"@type\":\"Article\",\"@id\":\"https:\/\/www.vsveicolispeciali.com\/fr\/10-exemples-de-food-trucks-francais-qui-donnent-faim\/#article\",\"isPartOf\":{\"@id\":\"https:\/\/www.vsveicolispeciali.com\/fr\/10-exemples-de-food-trucks-francais-qui-donnent-faim\/\"},\"author\":{\"name\":\"VS Veicoli Speciali\",\"@id\":\"https:\/\/www.vsveicolispeciali.com\/fr\/#\/schema\/person\/1241826d792bde4333b3db1395b12be9\"},\"headline\":\"10 exemples de food trucks fran\u00e7ais qui donnent faim\",\"datePublished\":\"2025-08-09T13:28:57+00:00\",\"dateModified\":\"2025-08-09T17:11:08+00:00\",\"mainEntityOfPage\":{\"@id\":\"https:\/\/www.vsveicolispeciali.com\/fr\/10-exemples-de-food-trucks-francais-qui-donnent-faim\/\"},\"wordCount\":1191,\"publisher\":{\"@id\":\"https:\/\/www.vsveicolispeciali.com\/fr\/#organization\"},\"image\":{\"@id\":\"https:\/\/www.vsveicolispeciali.com\/fr\/10-exemples-de-food-trucks-francais-qui-donnent-faim\/#primaryimage\"},\"thumbnailUrl\":\"https:\/\/www.vsveicolispeciali.com\/wp-content\/uploads\/2025\/08\/ed-traiteur-food-truck-stellato-france.jpg\",\"keywords\":[\"food truck \u00e9v\u00e9nementiel\",\"food truck france\"],\"articleSection\":[\"News\"],\"inLanguage\":\"fr-FR\"},{\"@type\":\"WebPage\",\"@id\":\"https:\/\/www.vsveicolispeciali.com\/fr\/10-exemples-de-food-trucks-francais-qui-donnent-faim\/\",\"url\":\"https:\/\/www.vsveicolispeciali.com\/fr\/10-exemples-de-food-trucks-francais-qui-donnent-faim\/\",\"name\":\"10 Exemples de Food Trucks Fran\u00e7ais qui donnent Faim\",\"isPartOf\":{\"@id\":\"https:\/\/www.vsveicolispeciali.com\/fr\/#website\"},\"primaryImageOfPage\":{\"@id\":\"https:\/\/www.vsveicolispeciali.com\/fr\/10-exemples-de-food-trucks-francais-qui-donnent-faim\/#primaryimage\"},\"image\":{\"@id\":\"https:\/\/www.vsveicolispeciali.com\/fr\/10-exemples-de-food-trucks-francais-qui-donnent-faim\/#primaryimage\"},\"thumbnailUrl\":\"https:\/\/www.vsveicolispeciali.com\/wp-content\/uploads\/2025\/08\/ed-traiteur-food-truck-stellato-france.jpg\",\"datePublished\":\"2025-08-09T13:28:57+00:00\",\"dateModified\":\"2025-08-09T17:11:08+00:00\",\"description\":\"Il existe plus de 3\u00a0000 food trucks en France. Inspirez-vous de 10 des plus beaux, \u00e9quip\u00e9s pour la street food et la restauration \u00e9v\u00e9nementielle\",\"breadcrumb\":{\"@id\":\"https:\/\/www.vsveicolispeciali.com\/fr\/10-exemples-de-food-trucks-francais-qui-donnent-faim\/#breadcrumb\"},\"inLanguage\":\"fr-FR\",\"potentialAction\":[{\"@type\":\"ReadAction\",\"target\":[\"https:\/\/www.vsveicolispeciali.com\/fr\/10-exemples-de-food-trucks-francais-qui-donnent-faim\/\"]}]},{\"@type\":\"ImageObject\",\"inLanguage\":\"fr-FR\",\"@id\":\"https:\/\/www.vsveicolispeciali.com\/fr\/10-exemples-de-food-trucks-francais-qui-donnent-faim\/#primaryimage\",\"url\":\"https:\/\/www.vsveicolispeciali.com\/wp-content\/uploads\/2025\/08\/ed-traiteur-food-truck-stellato-france.jpg\",\"contentUrl\":\"https:\/\/www.vsveicolispeciali.com\/wp-content\/uploads\/2025\/08\/ed-traiteur-food-truck-stellato-france.jpg\",\"width\":1000,\"height\":958,\"caption\":\"ed traiteur food truck france pr\u00eat \u00e0 \u00eatre livr\u00e9 en Alsace, France\"},{\"@type\":\"BreadcrumbList\",\"@id\":\"https:\/\/www.vsveicolispeciali.com\/fr\/10-exemples-de-food-trucks-francais-qui-donnent-faim\/#breadcrumb\",\"itemListElement\":[{\"@type\":\"ListItem\",\"position\":1,\"name\":\"Home\",\"item\":\"https:\/\/www.vsveicolispeciali.com\/fr\/\"},{\"@type\":\"ListItem\",\"position\":2,\"name\":\"10 exemples de food trucks fran\u00e7ais qui donnent faim\"}]},{\"@type\":\"WebSite\",\"@id\":\"https:\/\/www.vsveicolispeciali.com\/fr\/#website\",\"url\":\"https:\/\/www.vsveicolispeciali.com\/fr\/\",\"name\":\"VS Veicoli Speciali\",\"description\":\"\",\"publisher\":{\"@id\":\"https:\/\/www.vsveicolispeciali.com\/fr\/#organization\"},\"potentialAction\":[{\"@type\":\"SearchAction\",\"target\":{\"@type\":\"EntryPoint\",\"urlTemplate\":\"https:\/\/www.vsveicolispeciali.com\/fr\/?s={search_term_string}\"},\"query-input\":{\"@type\":\"PropertyValueSpecification\",\"valueRequired\":true,\"valueName\":\"search_term_string\"}}],\"inLanguage\":\"fr-FR\"},{\"@type\":\"Organization\",\"@id\":\"https:\/\/www.vsveicolispeciali.com\/fr\/#organization\",\"name\":\"VS Veicoli Speciali\",\"url\":\"https:\/\/www.vsveicolispeciali.com\/fr\/\",\"logo\":{\"@type\":\"ImageObject\",\"inLanguage\":\"fr-FR\",\"@id\":\"https:\/\/www.vsveicolispeciali.com\/fr\/#\/schema\/logo\/image\/\",\"url\":\"http:\/\/www.vsveicolispeciali.com\/wp-content\/uploads\/2015\/05\/vs_veicoli_speciali-logo.png\",\"contentUrl\":\"http:\/\/www.vsveicolispeciali.com\/wp-content\/uploads\/2015\/05\/vs_veicoli_speciali-logo.png\",\"width\":252,\"height\":134,\"caption\":\"VS Veicoli Speciali\"},\"image\":{\"@id\":\"https:\/\/www.vsveicolispeciali.com\/fr\/#\/schema\/logo\/image\/\"},\"sameAs\":[\"https:\/\/www.facebook.com\/VSVeicoliSpeciali.Food.Trucks\/\",\"https:\/\/x.com\/veicolispeciali\",\"https:\/\/www.instagram.com\/vs_veicolispeciali\/\",\"https:\/\/www.linkedin.com\/company\/2811960\/\",\"https:\/\/www.pinterest.com\/streetfoodtruck\/\",\"https:\/\/www.youtube.com\/user\/veicolispeciali\"]},{\"@type\":\"Person\",\"@id\":\"https:\/\/www.vsveicolispeciali.com\/fr\/#\/schema\/person\/1241826d792bde4333b3db1395b12be9\",\"name\":\"VS Veicoli Speciali\",\"image\":{\"@type\":\"ImageObject\",\"inLanguage\":\"fr-FR\",\"@id\":\"https:\/\/www.vsveicolispeciali.com\/fr\/#\/schema\/person\/image\/\",\"url\":\"https:\/\/secure.gravatar.com\/avatar\/4ea93278e71ba140dbbbfb5d34409507?s=96&d=mm&r=g\",\"contentUrl\":\"https:\/\/secure.gravatar.com\/avatar\/4ea93278e71ba140dbbbfb5d34409507?s=96&d=mm&r=g\",\"caption\":\"VS Veicoli Speciali\"}}]}<\/script>\n<!-- \/ Yoast SEO plugin. -->","yoast_head_json":{"title":"10 Exemples de Food Trucks Fran\u00e7ais qui donnent Faim","description":"Il existe plus de 3\u00a0000 food trucks en France. Inspirez-vous de 10 des plus beaux, \u00e9quip\u00e9s pour la street food et la restauration \u00e9v\u00e9nementielle","robots":{"index":"index","follow":"follow","max-snippet":"max-snippet:-1","max-image-preview":"max-image-preview:large","max-video-preview":"max-video-preview:-1"},"canonical":"https:\/\/www.vsveicolispeciali.com\/fr\/10-exemples-de-food-trucks-francais-qui-donnent-faim\/","og_locale":"fr_FR","og_type":"article","og_title":"10 Exemples de Food Trucks Fran\u00e7ais qui donnent Faim","og_description":"Il existe plus de 3\u00a0000 food trucks en France. Inspirez-vous de 10 des plus beaux, \u00e9quip\u00e9s pour la street food et la restauration \u00e9v\u00e9nementielle","og_url":"https:\/\/www.vsveicolispeciali.com\/fr\/10-exemples-de-food-trucks-francais-qui-donnent-faim\/","og_site_name":"VS Veicoli Speciali","article_publisher":"https:\/\/www.facebook.com\/VSVeicoliSpeciali.Food.Trucks\/","article_published_time":"2025-08-09T13:28:57+00:00","article_modified_time":"2025-08-09T17:11:08+00:00","og_image":[{"width":1000,"height":958,"url":"https:\/\/www.vsveicolispeciali.com\/wp-content\/uploads\/2025\/08\/ed-traiteur-food-truck-stellato-france.jpg","type":"image\/jpeg"}],"author":"VS Veicoli Speciali","twitter_card":"summary_large_image","twitter_creator":"@veicolispeciali","twitter_site":"@veicolispeciali","twitter_misc":{"\u00c9crit par":"VS Veicoli Speciali","Dur\u00e9e de lecture estim\u00e9e":"7 minutes"},"schema":{"@context":"https:\/\/schema.org","@graph":[{"@type":"Article","@id":"https:\/\/www.vsveicolispeciali.com\/fr\/10-exemples-de-food-trucks-francais-qui-donnent-faim\/#article","isPartOf":{"@id":"https:\/\/www.vsveicolispeciali.com\/fr\/10-exemples-de-food-trucks-francais-qui-donnent-faim\/"},"author":{"name":"VS Veicoli Speciali","@id":"https:\/\/www.vsveicolispeciali.com\/fr\/#\/schema\/person\/1241826d792bde4333b3db1395b12be9"},"headline":"10 exemples de food trucks fran\u00e7ais qui donnent faim","datePublished":"2025-08-09T13:28:57+00:00","dateModified":"2025-08-09T17:11:08+00:00","mainEntityOfPage":{"@id":"https:\/\/www.vsveicolispeciali.com\/fr\/10-exemples-de-food-trucks-francais-qui-donnent-faim\/"},"wordCount":1191,"publisher":{"@id":"https:\/\/www.vsveicolispeciali.com\/fr\/#organization"},"image":{"@id":"https:\/\/www.vsveicolispeciali.com\/fr\/10-exemples-de-food-trucks-francais-qui-donnent-faim\/#primaryimage"},"thumbnailUrl":"https:\/\/www.vsveicolispeciali.com\/wp-content\/uploads\/2025\/08\/ed-traiteur-food-truck-stellato-france.jpg","keywords":["food truck \u00e9v\u00e9nementiel","food truck france"],"articleSection":["News"],"inLanguage":"fr-FR"},{"@type":"WebPage","@id":"https:\/\/www.vsveicolispeciali.com\/fr\/10-exemples-de-food-trucks-francais-qui-donnent-faim\/","url":"https:\/\/www.vsveicolispeciali.com\/fr\/10-exemples-de-food-trucks-francais-qui-donnent-faim\/","name":"10 Exemples de Food Trucks Fran\u00e7ais qui donnent Faim","isPartOf":{"@id":"https:\/\/www.vsveicolispeciali.com\/fr\/#website"},"primaryImageOfPage":{"@id":"https:\/\/www.vsveicolispeciali.com\/fr\/10-exemples-de-food-trucks-francais-qui-donnent-faim\/#primaryimage"},"image":{"@id":"https:\/\/www.vsveicolispeciali.com\/fr\/10-exemples-de-food-trucks-francais-qui-donnent-faim\/#primaryimage"},"thumbnailUrl":"https:\/\/www.vsveicolispeciali.com\/wp-content\/uploads\/2025\/08\/ed-traiteur-food-truck-stellato-france.jpg","datePublished":"2025-08-09T13:28:57+00:00","dateModified":"2025-08-09T17:11:08+00:00","description":"Il existe plus de 3\u00a0000 food trucks en France. Inspirez-vous de 10 des plus beaux, \u00e9quip\u00e9s pour la street food et la restauration \u00e9v\u00e9nementielle","breadcrumb":{"@id":"https:\/\/www.vsveicolispeciali.com\/fr\/10-exemples-de-food-trucks-francais-qui-donnent-faim\/#breadcrumb"},"inLanguage":"fr-FR","potentialAction":[{"@type":"ReadAction","target":["https:\/\/www.vsveicolispeciali.com\/fr\/10-exemples-de-food-trucks-francais-qui-donnent-faim\/"]}]},{"@type":"ImageObject","inLanguage":"fr-FR","@id":"https:\/\/www.vsveicolispeciali.com\/fr\/10-exemples-de-food-trucks-francais-qui-donnent-faim\/#primaryimage","url":"https:\/\/www.vsveicolispeciali.com\/wp-content\/uploads\/2025\/08\/ed-traiteur-food-truck-stellato-france.jpg","contentUrl":"https:\/\/www.vsveicolispeciali.com\/wp-content\/uploads\/2025\/08\/ed-traiteur-food-truck-stellato-france.jpg","width":1000,"height":958,"caption":"ed traiteur food truck france pr\u00eat \u00e0 \u00eatre livr\u00e9 en Alsace, France"},{"@type":"BreadcrumbList","@id":"https:\/\/www.vsveicolispeciali.com\/fr\/10-exemples-de-food-trucks-francais-qui-donnent-faim\/#breadcrumb","itemListElement":[{"@type":"ListItem","position":1,"name":"Home","item":"https:\/\/www.vsveicolispeciali.com\/fr\/"},{"@type":"ListItem","position":2,"name":"10 exemples de food trucks fran\u00e7ais qui donnent faim"}]},{"@type":"WebSite","@id":"https:\/\/www.vsveicolispeciali.com\/fr\/#website","url":"https:\/\/www.vsveicolispeciali.com\/fr\/","name":"VS Veicoli Speciali","description":"","publisher":{"@id":"https:\/\/www.vsveicolispeciali.com\/fr\/#organization"},"potentialAction":[{"@type":"SearchAction","target":{"@type":"EntryPoint","urlTemplate":"https:\/\/www.vsveicolispeciali.com\/fr\/?s={search_term_string}"},"query-input":{"@type":"PropertyValueSpecification","valueRequired":true,"valueName":"search_term_string"}}],"inLanguage":"fr-FR"},{"@type":"Organization","@id":"https:\/\/www.vsveicolispeciali.com\/fr\/#organization","name":"VS Veicoli Speciali","url":"https:\/\/www.vsveicolispeciali.com\/fr\/","logo":{"@type":"ImageObject","inLanguage":"fr-FR","@id":"https:\/\/www.vsveicolispeciali.com\/fr\/#\/schema\/logo\/image\/","url":"http:\/\/www.vsveicolispeciali.com\/wp-content\/uploads\/2015\/05\/vs_veicoli_speciali-logo.png","contentUrl":"http:\/\/www.vsveicolispeciali.com\/wp-content\/uploads\/2015\/05\/vs_veicoli_speciali-logo.png","width":252,"height":134,"caption":"VS Veicoli Speciali"},"image":{"@id":"https:\/\/www.vsveicolispeciali.com\/fr\/#\/schema\/logo\/image\/"},"sameAs":["https:\/\/www.facebook.com\/VSVeicoliSpeciali.Food.Trucks\/","https:\/\/x.com\/veicolispeciali","https:\/\/www.instagram.com\/vs_veicolispeciali\/","https:\/\/www.linkedin.com\/company\/2811960\/","https:\/\/www.pinterest.com\/streetfoodtruck\/","https:\/\/www.youtube.com\/user\/veicolispeciali"]},{"@type":"Person","@id":"https:\/\/www.vsveicolispeciali.com\/fr\/#\/schema\/person\/1241826d792bde4333b3db1395b12be9","name":"VS Veicoli Speciali","image":{"@type":"ImageObject","inLanguage":"fr-FR","@id":"https:\/\/www.vsveicolispeciali.com\/fr\/#\/schema\/person\/image\/","url":"https:\/\/secure.gravatar.com\/avatar\/4ea93278e71ba140dbbbfb5d34409507?s=96&d=mm&r=g","contentUrl":"https:\/\/secure.gravatar.com\/avatar\/4ea93278e71ba140dbbbfb5d34409507?s=96&d=mm&r=g","caption":"VS Veicoli Speciali"}}]}},"_links":{"self":[{"href":"https:\/\/www.vsveicolispeciali.com\/fr\/wp-json\/wp\/v2\/posts\/28437"}],"collection":[{"href":"https:\/\/www.vsveicolispeciali.com\/fr\/wp-json\/wp\/v2\/posts"}],"about":[{"href":"https:\/\/www.vsveicolispeciali.com\/fr\/wp-json\/wp\/v2\/types\/post"}],"author":[{"embeddable":true,"href":"https:\/\/www.vsveicolispeciali.com\/fr\/wp-json\/wp\/v2\/users\/1001012"}],"replies":[{"embeddable":true,"href":"https:\/\/www.vsveicolispeciali.com\/fr\/wp-json\/wp\/v2\/comments?post=28437"}],"version-history":[{"count":2,"href":"https:\/\/www.vsveicolispeciali.com\/fr\/wp-json\/wp\/v2\/posts\/28437\/revisions"}],"predecessor-version":[{"id":28439,"href":"https:\/\/www.vsveicolispeciali.com\/fr\/wp-json\/wp\/v2\/posts\/28437\/revisions\/28439"}],"wp:featuredmedia":[{"embeddable":true,"href":"https:\/\/www.vsveicolispeciali.com\/fr\/wp-json\/wp\/v2\/media\/28424"}],"wp:attachment":[{"href":"https:\/\/www.vsveicolispeciali.com\/fr\/wp-json\/wp\/v2\/media?parent=28437"}],"wp:term":[{"taxonomy":"category","embeddable":true,"href":"https:\/\/www.vsveicolispeciali.com\/fr\/wp-json\/wp\/v2\/categories?post=28437"},{"taxonomy":"post_tag","embeddable":true,"href":"https:\/\/www.vsveicolispeciali.com\/fr\/wp-json\/wp\/v2\/tags?post=28437"}],"curies":[{"name":"wp","href":"https:\/\/api.w.org\/{rel}","templated":true}]}}