{"id":28319,"date":"2025-07-19T12:13:43","date_gmt":"2025-07-19T10:13:43","guid":{"rendered":"https:\/\/www.vsveicolispeciali.com\/come-funziona-lauto-certificazione-sanitaria-di-un-food-truck\/"},"modified":"2025-11-10T15:12:53","modified_gmt":"2025-11-10T14:12:53","slug":"comment-fonctionne-la-declaration-sanitaire-dun-food-truck","status":"publish","type":"post","link":"https:\/\/www.vsveicolispeciali.com\/fr\/comment-fonctionne-la-declaration-sanitaire-dun-food-truck\/","title":{"rendered":"Comment fonctionne la d\u00e9claration sanitaire d\u2019un food truck ?"},"content":{"rendered":"<p>Parmi les \u00e9tapes essentielles pour d\u00e9marrer une activit\u00e9 de street food figure la <strong>d\u00e9claration sanitaire du food truck<\/strong>, un aspect particuli\u00e8rement important pour ceux qui envisagent d\u2019acheter un food truck pour la premi\u00e8re fois.<\/p>\n<p><strong>Toute activit\u00e9 alimentaire, fixe ou mobile, doit \u00eatre d\u00e9clar\u00e9e aupr\u00e8s de l\u2019autorit\u00e9 sanitaire comp\u00e9tente<\/strong> du pays o\u00f9 elle est exerc\u00e9e. Ce processus, obligatoire dans toute l\u2019Union europ\u00e9enne, est indispensable pour garantir la s\u00e9curit\u00e9 alimentaire.<\/p>\n<p>Dans le cas d\u2019un food truck, il s\u2019agit de <strong>notifier le d\u00e9marrage de l\u2019activit\u00e9<\/strong> et d\u2019assurer le respect des normes d\u2019hygi\u00e8ne et sanitaires pr\u00e9vues, de la conception du v\u00e9hicule jusqu\u2019aux m\u00e9thodes de conservation et de manipulation des aliments.<\/p>\n<p>Chaque pays de l\u2019UE dispose de sa propre proc\u00e9dure (plus ou moins simplifi\u00e9e), mais l\u2019essentiel reste le m\u00eame : le propri\u00e9taire doit d\u00e9montrer que <a href=\"https:\/\/www.vsveicolispeciali.com\/fr\/comment-on-certifie-un-camion-restaurant-conforme-a-la-reglementation-sanitaire\/\" rel=\"noopener\" target=\"_blank\">l&rsquo;am\u00e9nagement du food truck est conforme aux normes<\/a> et que l\u2019activit\u00e9 sera exerc\u00e9e dans le respect de la r\u00e9glementation.<\/p>\n<p>La <strong>d\u00e9claration sanitaire<\/strong> est une formalit\u00e9 administrative par laquelle le propri\u00e9taire du food truck informe les services de la DDPP (Direction D\u00e9partementale de la Protection des Populations) du <a href=\"https:\/\/www.vsveicolispeciali.com\/fr\/ce-dont-vous-avez-besoin-pour-ouvrir-un-food-truck\/\" target=\"_blank\" rel=\"noopener\">d\u00e9marrage de l\u2019activit\u00e9 ambulante de restauration<\/a>.<\/p>\n<p>Concr\u00e8tement, il s\u2019agit d\u2019un document obligatoire qui atteste que <a href=\"https:\/\/www.vsveicolispeciali.com\/fr\/ingredients-pour-un-bon-food-truck\/\" rel=\"noopener\" target=\"_blank\">le food truck est conforme aux r\u00e8gles d\u2019hygi\u00e8ne alimentaire<\/a> en vigueur pour la pr\u00e9paration, la distribution et la vente de denr\u00e9es alimentaires.<\/p>\n<p>Ce n\u2019est pas une certification \u00ab passive \u00bb d\u00e9livr\u00e9e par un organisme, mais bien une d\u00e9claration volontaire du propri\u00e9taire, qui engage sa responsabilit\u00e9 \u00e0 respecter les r\u00e8gles du \u00ab Paquet Hygi\u00e8ne \u00bb (r\u00e8glements CE 852\/2004 et 853\/2004).<\/p>\n<p><strong>En Italie<\/strong>, par exemple, cette d\u00e9claration est appel\u00e9e SCIA sanitaire ; <strong>en France<\/strong>, on parle de d\u00e9claration d\u2019activit\u00e9 aupr\u00e8s de la DDPP ; <strong>en Allemagne<\/strong>, on parle d\u2019\u00ab Anmeldung \u00bb aupr\u00e8s du service local de s\u00e9curit\u00e9 alimentaire.<\/p>\n<p>Chaque pays europ\u00e9en suit sa propre proc\u00e9dure, mais dans tous les cas, il s\u2019agit d\u2019une obligation l\u00e9gale et d\u2019un pr\u00e9alable indispensable avant de commencer \u00e0 <a href=\"https:\/\/www.vsveicolispeciali.com\/fr\/quest-ce-quun-food-truck-et-comment-semancipe-t-il-du-street-food\/\" target=\"_blank\" rel=\"noopener\">travailler avec un food truck<\/a>.<\/p>\n<p><a href=\"https:\/\/www.vsveicolispeciali.com\/wp-content\/uploads\/2025\/07\/sicurezza-alimentare-foodtruck.jpeg\"><img loading=\"lazy\" decoding=\"async\" src=\"https:\/\/www.vsveicolispeciali.com\/wp-content\/uploads\/2025\/07\/sicurezza-alimentare-foodtruck.jpeg\" alt=\"S\u00e9curit\u00e9 alimentaire des food trucks, photo du v\u00e9hicule construit pour Brazzale\" width=\"1165\" height=\"1080\" class=\"alignleft size-full wp-image-28302\" srcset=\"https:\/\/www.vsveicolispeciali.com\/wp-content\/uploads\/2025\/07\/sicurezza-alimentare-foodtruck.jpeg 1165w, https:\/\/www.vsveicolispeciali.com\/wp-content\/uploads\/2025\/07\/sicurezza-alimentare-foodtruck-300x278.jpeg 300w, https:\/\/www.vsveicolispeciali.com\/wp-content\/uploads\/2025\/07\/sicurezza-alimentare-foodtruck-1024x949.jpeg 1024w, https:\/\/www.vsveicolispeciali.com\/wp-content\/uploads\/2025\/07\/sicurezza-alimentare-foodtruck-768x712.jpeg 768w, https:\/\/www.vsveicolispeciali.com\/wp-content\/uploads\/2025\/07\/sicurezza-alimentare-foodtruck-700x649.jpeg 700w\" sizes=\"(max-width: 1165px) 100vw, 1165px\" \/><\/a><\/p>\n<p>&nbsp;<\/p>\n<h2>Pourquoi la d\u00e9claration sanitaire d\u2019un food truck est-elle importante ?<\/h2>\n<p>La <strong>d\u00e9claration sanitaire<\/strong>, ou enregistrement de l\u2019activit\u00e9 aupr\u00e8s des autorit\u00e9s sanitaires, est indispensable pour exercer une activit\u00e9 alimentaire mobile en toute l\u00e9galit\u00e9.<\/p>\n<p>Plusieurs raisons l\u2019expliquent :<\/p>\n<p>&nbsp;<\/p>\n<h3>C\u2019est une obligation l\u00e9gale<\/h3>\n<p>Dans toute l\u2019Union europ\u00e9enne, toute personne pr\u00e9parant, transformant, distribuant ou vendant des aliments doit obligatoirement enregistrer son activit\u00e9 aupr\u00e8s de l\u2019autorit\u00e9 sanitaire comp\u00e9tente. Cela s\u2019applique \u00e9galement aux activit\u00e9s mobiles comme les food trucks. Travailler sans cette d\u00e9claration revient \u00e0 exercer ill\u00e9galement, avec des risques d\u2019amendes, de fermeture administrative et de sanctions p\u00e9nales.<\/p>\n<p>&nbsp;<\/p>\n<h3>Elle garantit la s\u00e9curit\u00e9 alimentaire<\/h3>\n<p>L\u2019objectif principal de cette r\u00e9glementation est la protection de la sant\u00e9 publique. La d\u00e9claration atteste que :<\/p>\n<ul class=\"lista\">\n<li>les aliments sont manipul\u00e9s dans un environnement propre ;<\/li>\n<li>les temp\u00e9ratures de conservation sont respect\u00e9es ;<\/li>\n<li>les surfaces sont nettoyables et d\u00e9sinfectables ;<\/li>\n<li>le personnel applique les bonnes pratiques HACCP.<\/li>\n<\/ul>\n<p>&nbsp;<\/p>\n<p>Ces exigences permettent de r\u00e9duire consid\u00e9rablement les risques de contamination, d\u2019intoxication alimentaire ou de non-conformit\u00e9s li\u00e9es \u00e0 l\u2019hygi\u00e8ne.<\/p>\n<p>&nbsp;<\/p>\n<h3>Elle facilite l\u2019acc\u00e8s aux march\u00e9s, \u00e9v\u00e9nements et partenariats<\/h3>\n<p>Sans d\u00e9claration sanitaire, un food truck ne peut pas participer \u00e0 des festivals, foires, march\u00e9s ou \u00e9v\u00e9nements publics. Les organisateurs exigent toujours la preuve que l\u2019activit\u00e9 est bien enregistr\u00e9e aupr\u00e8s de la DDPP. Les partenaires commerciaux potentiels souhaitent \u00e9galement collaborer avec des op\u00e9rateurs en r\u00e8gle.<\/p>\n<p>&nbsp;<\/p>\n<h3>Elle rassure les clients et valorise l\u2019image de marque<\/h3>\n<p>Un food truck d\u00e9clar\u00e9 et conforme inspire confiance. Les clients sont de plus en plus sensibles aux questions d\u2019hygi\u00e8ne. Un environnement propre, bien organis\u00e9, et conforme aux normes officielles est un atout pour la r\u00e9putation du food truck.<\/p>\n<p>&nbsp;<\/p>\n<h3>Quelles sont les exigences pour obtenir l\u2019enregistrement sanitaire d\u2019un food truck ?<\/h3>\n<p>Pour obtenir une d\u00e9claration aupr\u00e8s de la DDPP, un food truck doit \u00eatre con\u00e7u selon les crit\u00e8res d\u2019hygi\u00e8ne d\u00e9finis par la r\u00e9glementation europ\u00e9enne :<\/p>\n<p>&nbsp;<\/p>\n<h4>Surfaces r\u00e9sistantes, lavables et faciles \u00e0 nettoyer<\/h4>\n<p>&nbsp;<br \/>\n<a href=\"https:\/\/www.vsveicolispeciali.com\/wp-content\/uploads\/2025\/07\/food-truck-pulizia-superfici.jpg\"><img loading=\"lazy\" decoding=\"async\" src=\"https:\/\/www.vsveicolispeciali.com\/wp-content\/uploads\/2025\/07\/food-truck-pulizia-superfici.jpg\" alt=\"nettoyage des surfaces des food trucks\" width=\"810\" height=\"1080\" class=\"alignleft size-full wp-image-28265\" srcset=\"https:\/\/www.vsveicolispeciali.com\/wp-content\/uploads\/2025\/07\/food-truck-pulizia-superfici.jpg 810w, https:\/\/www.vsveicolispeciali.com\/wp-content\/uploads\/2025\/07\/food-truck-pulizia-superfici-225x300.jpg 225w, https:\/\/www.vsveicolispeciali.com\/wp-content\/uploads\/2025\/07\/food-truck-pulizia-superfici-768x1024.jpg 768w, https:\/\/www.vsveicolispeciali.com\/wp-content\/uploads\/2025\/07\/food-truck-pulizia-superfici-600x800.jpg 600w, https:\/\/www.vsveicolispeciali.com\/wp-content\/uploads\/2025\/07\/food-truck-pulizia-superfici-700x933.jpg 700w\" sizes=\"(max-width: 810px) 100vw, 810px\" \/><\/a><\/p>\n<p>&nbsp;<\/p>\n<h4>Lavabos avec eau potable pour le lavage des mains et du mat\u00e9riel<\/h4>\n<p>&nbsp;<br \/>\n<a href=\"https:\/\/www.vsveicolispeciali.com\/wp-content\/uploads\/2025\/07\/food-truck-lavabo.jpg\"><img loading=\"lazy\" decoding=\"async\" src=\"https:\/\/www.vsveicolispeciali.com\/wp-content\/uploads\/2025\/07\/food-truck-lavabo.jpg\" alt=\"food truck \u00e9quipement d'\u00e9vier\" width=\"810\" height=\"1076\" class=\"alignleft size-full wp-image-28269\" srcset=\"https:\/\/www.vsveicolispeciali.com\/wp-content\/uploads\/2025\/07\/food-truck-lavabo.jpg 810w, https:\/\/www.vsveicolispeciali.com\/wp-content\/uploads\/2025\/07\/food-truck-lavabo-226x300.jpg 226w, https:\/\/www.vsveicolispeciali.com\/wp-content\/uploads\/2025\/07\/food-truck-lavabo-771x1024.jpg 771w, https:\/\/www.vsveicolispeciali.com\/wp-content\/uploads\/2025\/07\/food-truck-lavabo-768x1020.jpg 768w, https:\/\/www.vsveicolispeciali.com\/wp-content\/uploads\/2025\/07\/food-truck-lavabo-700x930.jpg 700w\" sizes=\"(max-width: 810px) 100vw, 810px\" \/><\/a><\/p>\n<p>&nbsp;<\/p>\n<h4>Installations \u00e9lectriques et hydrauliques aux normes, avec syst\u00e8me d\u2019\u00e9vacuation des eaux us\u00e9es<\/h4>\n<p>&nbsp;<br \/>\n<a href=\"https:\/\/www.vsveicolispeciali.com\/wp-content\/uploads\/2025\/07\/food-truck-impianto-elettrico.jpg\"><img loading=\"lazy\" decoding=\"async\" src=\"https:\/\/www.vsveicolispeciali.com\/wp-content\/uploads\/2025\/07\/food-truck-impianto-elettrico.jpg\" alt=\"food truck syst\u00e8me \u00e9lectrique conforme\" width=\"810\" height=\"540\" class=\"alignleft size-full wp-image-28273\" srcset=\"https:\/\/www.vsveicolispeciali.com\/wp-content\/uploads\/2025\/07\/food-truck-impianto-elettrico.jpg 810w, https:\/\/www.vsveicolispeciali.com\/wp-content\/uploads\/2025\/07\/food-truck-impianto-elettrico-300x200.jpg 300w, https:\/\/www.vsveicolispeciali.com\/wp-content\/uploads\/2025\/07\/food-truck-impianto-elettrico-768x512.jpg 768w, https:\/\/www.vsveicolispeciali.com\/wp-content\/uploads\/2025\/07\/food-truck-impianto-elettrico-700x467.jpg 700w\" sizes=\"(max-width: 810px) 100vw, 810px\" \/><\/a><\/p>\n<p>&nbsp;<\/p>\n<h4>R\u00e9frig\u00e9rateurs ou \u00e9quipements isothermes pour garantir la cha\u00eene du froid, avec thermom\u00e8tre visible<\/h4>\n<p>&nbsp;<br \/>\n<a href=\"https:\/\/www.vsveicolispeciali.com\/wp-content\/uploads\/2025\/07\/food-truck-frigo.jpg\"><img loading=\"lazy\" decoding=\"async\" src=\"https:\/\/www.vsveicolispeciali.com\/wp-content\/uploads\/2025\/07\/food-truck-frigo.jpg\" alt=\"food truck r\u00e9frig\u00e9rateur\" width=\"810\" height=\"1076\" class=\"alignleft size-full wp-image-28277\" srcset=\"https:\/\/www.vsveicolispeciali.com\/wp-content\/uploads\/2025\/07\/food-truck-frigo.jpg 810w, https:\/\/www.vsveicolispeciali.com\/wp-content\/uploads\/2025\/07\/food-truck-frigo-226x300.jpg 226w, https:\/\/www.vsveicolispeciali.com\/wp-content\/uploads\/2025\/07\/food-truck-frigo-771x1024.jpg 771w, https:\/\/www.vsveicolispeciali.com\/wp-content\/uploads\/2025\/07\/food-truck-frigo-768x1020.jpg 768w, https:\/\/www.vsveicolispeciali.com\/wp-content\/uploads\/2025\/07\/food-truck-frigo-700x930.jpg 700w\" sizes=\"(max-width: 810px) 100vw, 810px\" \/><\/a><\/p>\n<p>&nbsp;<\/p>\n<h4>Sols antid\u00e9rapants et antibact\u00e9riens<\/h4>\n<p>&nbsp;<br \/>\n<a href=\"https:\/\/www.vsveicolispeciali.com\/wp-content\/uploads\/2025\/07\/food-truck-pavimento.jpg\"><img loading=\"lazy\" decoding=\"async\" src=\"https:\/\/www.vsveicolispeciali.com\/wp-content\/uploads\/2025\/07\/food-truck-pavimento.jpg\" alt=\"food truck rev\u00eatement de sol antibact\u00e9rien et antid\u00e9rapant\" width=\"810\" height=\"1076\" class=\"alignleft size-full wp-image-28281\" srcset=\"https:\/\/www.vsveicolispeciali.com\/wp-content\/uploads\/2025\/07\/food-truck-pavimento.jpg 810w, https:\/\/www.vsveicolispeciali.com\/wp-content\/uploads\/2025\/07\/food-truck-pavimento-226x300.jpg 226w, https:\/\/www.vsveicolispeciali.com\/wp-content\/uploads\/2025\/07\/food-truck-pavimento-771x1024.jpg 771w, https:\/\/www.vsveicolispeciali.com\/wp-content\/uploads\/2025\/07\/food-truck-pavimento-768x1020.jpg 768w, https:\/\/www.vsveicolispeciali.com\/wp-content\/uploads\/2025\/07\/food-truck-pavimento-700x930.jpg 700w\" sizes=\"(max-width: 810px) 100vw, 810px\" \/><\/a><\/p>\n<p>&nbsp;<\/p>\n<h4>Hotte aspirante couvrant les \u00e9quipements de cuisson<\/h4>\n<p>&nbsp;<br \/>\n<a href=\"https:\/\/www.vsveicolispeciali.com\/wp-content\/uploads\/2025\/07\/food-truck-cappa-aspirazione.jpg\"><img loading=\"lazy\" decoding=\"async\" src=\"https:\/\/www.vsveicolispeciali.com\/wp-content\/uploads\/2025\/07\/food-truck-cappa-aspirazione.jpg\" alt=\"food truck hotte aspirante dans la cuisine\" width=\"810\" height=\"1076\" class=\"alignleft size-full wp-image-28285\" srcset=\"https:\/\/www.vsveicolispeciali.com\/wp-content\/uploads\/2025\/07\/food-truck-cappa-aspirazione.jpg 810w, https:\/\/www.vsveicolispeciali.com\/wp-content\/uploads\/2025\/07\/food-truck-cappa-aspirazione-226x300.jpg 226w, https:\/\/www.vsveicolispeciali.com\/wp-content\/uploads\/2025\/07\/food-truck-cappa-aspirazione-771x1024.jpg 771w, https:\/\/www.vsveicolispeciali.com\/wp-content\/uploads\/2025\/07\/food-truck-cappa-aspirazione-768x1020.jpg 768w, https:\/\/www.vsveicolispeciali.com\/wp-content\/uploads\/2025\/07\/food-truck-cappa-aspirazione-700x930.jpg 700w\" sizes=\"(max-width: 810px) 100vw, 810px\" \/><\/a><\/p>\n<p>&nbsp;<\/p>\n<h4>Am\u00e9nagement int\u00e9rieur fonctionnel, pour \u00e9viter les contaminations crois\u00e9es<\/h4>\n<p>&nbsp;<br \/>\n<a href=\"https:\/\/www.vsveicolispeciali.com\/wp-content\/uploads\/2025\/07\/food-truck-design-interno.jpg\"><img loading=\"lazy\" decoding=\"async\" src=\"https:\/\/www.vsveicolispeciali.com\/wp-content\/uploads\/2025\/07\/food-truck-design-interno.jpg\" alt=\"food truck design int\u00e9rieur du Lavazza Airstream\" width=\"1008\" height=\"756\" class=\"alignleft size-full wp-image-28289\" srcset=\"https:\/\/www.vsveicolispeciali.com\/wp-content\/uploads\/2025\/07\/food-truck-design-interno.jpg 1008w, https:\/\/www.vsveicolispeciali.com\/wp-content\/uploads\/2025\/07\/food-truck-design-interno-300x225.jpg 300w, https:\/\/www.vsveicolispeciali.com\/wp-content\/uploads\/2025\/07\/food-truck-design-interno-768x576.jpg 768w, https:\/\/www.vsveicolispeciali.com\/wp-content\/uploads\/2025\/07\/food-truck-design-interno-800x600.jpg 800w, https:\/\/www.vsveicolispeciali.com\/wp-content\/uploads\/2025\/07\/food-truck-design-interno-700x525.jpg 700w\" sizes=\"(max-width: 1008px) 100vw, 1008px\" \/><\/a><\/p>\n<p>&nbsp;<\/p>\n<h4>Hauteur int\u00e9rieure d\u2019au moins 2 m\u00e8tres<\/h4>\n<p>&nbsp;<br \/>\n<a href=\"https:\/\/www.vsveicolispeciali.com\/wp-content\/uploads\/2025\/07\/food-truck-abitabilita-interna.jpg\"><img loading=\"lazy\" decoding=\"async\" src=\"https:\/\/www.vsveicolispeciali.com\/wp-content\/uploads\/2025\/07\/food-truck-abitabilita-interna.jpg\" alt=\"food truck habitabilit\u00e9 int\u00e9rieure\" width=\"810\" height=\"540\" class=\"alignleft size-full wp-image-28293\" srcset=\"https:\/\/www.vsveicolispeciali.com\/wp-content\/uploads\/2025\/07\/food-truck-abitabilita-interna.jpg 810w, https:\/\/www.vsveicolispeciali.com\/wp-content\/uploads\/2025\/07\/food-truck-abitabilita-interna-300x200.jpg 300w, https:\/\/www.vsveicolispeciali.com\/wp-content\/uploads\/2025\/07\/food-truck-abitabilita-interna-768x512.jpg 768w, https:\/\/www.vsveicolispeciali.com\/wp-content\/uploads\/2025\/07\/food-truck-abitabilita-interna-700x467.jpg 700w\" sizes=\"(max-width: 810px) 100vw, 810px\" \/><\/a><\/p>\n<p><strong>Un fabricant professionnel propose des food trucks pr\u00eats \u00e0 \u00eatre enregistr\u00e9s<\/strong>, avec tous ces \u00e9l\u00e9ments int\u00e9gr\u00e9s d\u00e8s la conception, simplifiant les d\u00e9marches administratives.<\/p>\n<p>Il revient cependant au propri\u00e9taire du food truck de mettre en place un plan de ma\u00eetrise sanitaire fond\u00e9 sur les <strong>principes HACCP<\/strong>, comme l\u2019exige la l\u00e9gislation europ\u00e9enne, en documentant les proc\u00e9dures de nettoyage, de conservation, de tra\u00e7abilit\u00e9 et d\u2019hygi\u00e8ne du personnel.<\/p>\n<p>&nbsp;&nbsp;<\/p>\n<h2>Pourquoi faire appel \u00e0 un fabricant exp\u00e9riment\u00e9 ?<\/h2>\n<p>Derri\u00e8re chaque food truck r\u00e9ussi se trouve un travail rigoureux et structur\u00e9, allant de la construction du v\u00e9hicule \u00e0 l\u2019obtention des autorisations n\u00e9cessaires pour exercer en toute conformit\u00e9.<\/p>\n<p>Un <strong>fabricant sp\u00e9cialis\u00e9<\/strong> conna\u00eet les besoins du secteur et con\u00e7oit des v\u00e9hicules conformes aux exigences europ\u00e9ennes, tant techniques que sanitaires.<\/p>\n<p>Le respect des normes techniques permet l\u2019<a href=\"https:\/\/www.vsveicolispeciali.com\/fr\/homologation-et-licence-du-food-truck-avec-vs-tout-devient-facile\/\" target=\"_blank\" rel=\"noopener\">homologation<\/a> routi\u00e8re, tandis que la conformit\u00e9 sanitaire est essentielle pour manipuler des aliments.<\/p>\n<p>Un food truck conforme doit donc \u00eatre :<\/p>\n<ul class=\"lista\">\n<li>homologu\u00e9 selon le R\u00e8glement (UE) 2018\/858 relatif \u00e0 la r\u00e9ception des v\u00e9hicules ;<\/li>\n<li><a href=\"https:\/\/www.vsveicolispeciali.com\/fr\/food-truck-choisir-des-equipements-de-cuisson-professionnels-fait-la-difference\/\" rel=\"noopener\" target=\"_blank\">\u00e9quip\u00e9 d\u2019installations certifi\u00e9es<\/a> (\u00e9lectricit\u00e9, gaz, eau, ventilation) ;<\/li>\n<li>conforme aux exigences d\u2019hygi\u00e8ne alimentaire du R\u00e8glement CE 852\/2004 et aux principes HACCP ;<\/li>\n<li>fabriqu\u00e9 \u00e0 partir de mat\u00e9riaux adapt\u00e9s au contact alimentaire (conform\u00e9ment au R\u00e8glement CE 1935\/2004).<\/li>\n<\/ul>\n<p>&nbsp;<br \/>\n<a href=\"https:\/\/www.vsveicolispeciali.com\/wp-content\/uploads\/2025\/07\/omologazione-food-truck-costruttore.jpg\"><img loading=\"lazy\" decoding=\"async\" src=\"https:\/\/www.vsveicolispeciali.com\/wp-content\/uploads\/2025\/07\/omologazione-food-truck-costruttore.jpg\" alt=\"photo d'approbation du food truck de la zone de production du fabricant\" width=\"1200\" height=\"622\" class=\"alignleft size-full wp-image-28306\" srcset=\"https:\/\/www.vsveicolispeciali.com\/wp-content\/uploads\/2025\/07\/omologazione-food-truck-costruttore.jpg 1200w, https:\/\/www.vsveicolispeciali.com\/wp-content\/uploads\/2025\/07\/omologazione-food-truck-costruttore-300x156.jpg 300w, https:\/\/www.vsveicolispeciali.com\/wp-content\/uploads\/2025\/07\/omologazione-food-truck-costruttore-1024x531.jpg 1024w, https:\/\/www.vsveicolispeciali.com\/wp-content\/uploads\/2025\/07\/omologazione-food-truck-costruttore-768x398.jpg 768w, https:\/\/www.vsveicolispeciali.com\/wp-content\/uploads\/2025\/07\/omologazione-food-truck-costruttore-700x363.jpg 700w\" sizes=\"(max-width: 1200px) 100vw, 1200px\" \/><\/a><\/p>\n<p>L\u2019homologation est assur\u00e9e par le <a href=\"https:\/\/www.vsveicolispeciali.com\/fr\/fabricant-food-trucks-personnalises-pour-entreprises-exigeantes\/\" target=\"_blank\" rel=\"noopener\">fabricant du food truck<\/a>. La d\u00e9claration sanitaire est de la responsabilit\u00e9 de l\u2019acheteur, mais repose sur le s\u00e9rieux du constructeur. Enfin, c\u2019est au propri\u00e9taire du food truck d\u2019obtenir la <a href=\"https:\/\/www.vsveicolispeciali.com\/fr\/vasp-food-truck-france-pourquoi-acheter-en-italie-est-la-meilleure-option\/\" rel=\"noopener\" target=\"_blank\">carte grise Vasp<\/a> pour exercer.<\/p>\n<p>Si vous souhaitez <a href=\"https:\/\/www.vsveicolispeciali.com\/fr\/comment-acheter-un-food-truck-et-eviter-les-mauvaises-surprises\/\" target=\"_blank\" rel=\"noopener\">acheter un food truck neuf<\/a>, VS Veicoli Speciali vous propose :<\/p>\n<ul class=\"lista\">\n<li>un v\u00e9hicule con\u00e7u selon les normes d\u2019hygi\u00e8ne europ\u00e9ennes, pr\u00eat \u00e0 \u00eatre d\u00e9clar\u00e9 aupr\u00e8s de la DDPP ;<\/li>\n<li>la documentation technique et les plans n\u00e9cessaires \u00e0 votre dossier ;<\/li>\n<li>un accompagnement dans la configuration du food truck et de ses installations ;<\/li>\n<li>un service apr\u00e8s-vente fiable et r\u00e9actif.<\/li>\n<\/ul>\n<p>&nbsp;<\/p>\n<p>Faire appel \u00e0 un constructeur comme VS garantit au <strong>propri\u00e9taire du food truck<\/strong> de pouvoir exercer sans interruption, sans risquer de sanctions administratives ou de saisie du v\u00e9hicule en cas de non-conformit\u00e9 sanitaire.<\/p>\n<p>Nous sommes impatients de travailler sur votre projet, et vous ?<\/p>\n<p>\n\t\t<style type=\"text\/css\">\n\t\t\t#gallery-1 {\n\t\t\t\tmargin: auto;\n\t\t\t}\n\t\t\t#gallery-1 .gallery-item {\n\t\t\t\tfloat: left;\n\t\t\t\tmargin-top: 10px;\n\t\t\t\ttext-align: center;\n\t\t\t\twidth: 33%;\n\t\t\t}\n\t\t\t#gallery-1 img {\n\t\t\t\tborder: 2px solid #cfcfcf;\n\t\t\t}\n\t\t\t#gallery-1 .gallery-caption {\n\t\t\t\tmargin-left: 0;\n\t\t\t}\n\t\t\t\/* see gallery_shortcode() in wp-includes\/media.php *\/\n\t\t<\/style>\n\t\t<div id='gallery-1' class='gallery galleryid-28319 gallery-columns-3 gallery-size-thumbnail'><dl class='gallery-item'>\n\t\t\t<dt class='gallery-icon landscape'>\n\t\t\t\t<a href='https:\/\/www.vsveicolispeciali.com\/fr\/auto-certificazione-sanitaria-food-truck-2\/'><img loading=\"lazy\" decoding=\"async\" width=\"150\" height=\"150\" src=\"https:\/\/www.vsveicolispeciali.com\/wp-content\/uploads\/2025\/07\/auto-certificazione-sanitaria-food-truck-150x150.jpg\" class=\"attachment-thumbnail size-thumbnail\" alt=\"\" srcset=\"https:\/\/www.vsveicolispeciali.com\/wp-content\/uploads\/2025\/07\/auto-certificazione-sanitaria-food-truck-150x150.jpg 150w, https:\/\/www.vsveicolispeciali.com\/wp-content\/uploads\/2025\/07\/auto-certificazione-sanitaria-food-truck-570x570.jpg 570w, https:\/\/www.vsveicolispeciali.com\/wp-content\/uploads\/2025\/07\/auto-certificazione-sanitaria-food-truck-500x500.jpg 500w\" sizes=\"(max-width: 150px) 100vw, 150px\" \/><\/a>\n\t\t\t<\/dt><\/dl>\n\t\t\t<br style='clear: both' \/>\n\t\t<\/div>\n<br \/>\n&nbsp;<\/p>\n","protected":false},"excerpt":{"rendered":"<p>Parmi les \u00e9tapes essentielles pour d\u00e9marrer une activit\u00e9 de street food figure la d\u00e9claration sanitaire du food truck, un aspect particuli\u00e8rement important pour ceux qui envisagent d\u2019acheter un food truck pour la premi\u00e8re fois. Toute activit\u00e9 alimentaire, fixe ou mobile, doit \u00eatre d\u00e9clar\u00e9e aupr\u00e8s de&#8230;<\/p>\n","protected":false},"author":1001012,"featured_media":28300,"comment_status":"closed","ping_status":"open","sticky":false,"template":"","format":"gallery","meta":{"footnotes":""},"categories":[27],"tags":[181,184,211,218,448],"class_list":["post-28319","post","type-post","status-publish","format-gallery","has-post-thumbnail","hentry","category-news-fr","tag-food-truck-achat","tag-ouvrir-un-food-truck","tag-food-truck-reglementation","tag-food-truck-france","tag-fabricant-camion-magasin","post_format-post-format-gallery"],"yoast_head":"<!-- This site is optimized with the Yoast SEO plugin v25.4 - https:\/\/yoast.com\/wordpress\/plugins\/seo\/ -->\n<title>Comment fonctionne la d\u00e9claration sanitaire d\u2019un food truck ?<\/title>\n<meta name=\"description\" content=\"Comment obtenir l&#039;autorisation sanitaire pour un food truck et pourquoi il est important de choisir un fabricant qui produit des v\u00e9hicules conformes \u00e0 la loi\" \/>\n<meta name=\"robots\" content=\"index, follow, max-snippet:-1, max-image-preview:large, max-video-preview:-1\" \/>\n<link rel=\"canonical\" href=\"https:\/\/www.vsveicolispeciali.com\/fr\/comment-fonctionne-la-declaration-sanitaire-dun-food-truck\/\" \/>\n<meta property=\"og:locale\" content=\"fr_FR\" \/>\n<meta property=\"og:type\" content=\"article\" \/>\n<meta property=\"og:title\" content=\"Comment fonctionne la d\u00e9claration sanitaire d\u2019un food truck ?\" \/>\n<meta property=\"og:description\" content=\"Comment obtenir l&#039;autorisation sanitaire pour un food truck et pourquoi il est important de choisir un fabricant qui produit des v\u00e9hicules conformes \u00e0 la loi\" \/>\n<meta property=\"og:url\" content=\"https:\/\/www.vsveicolispeciali.com\/fr\/comment-fonctionne-la-declaration-sanitaire-dun-food-truck\/\" \/>\n<meta property=\"og:site_name\" content=\"VS Veicoli Speciali\" \/>\n<meta property=\"article:publisher\" content=\"https:\/\/www.facebook.com\/VSVeicoliSpeciali.Food.Trucks\/\" \/>\n<meta property=\"article:published_time\" content=\"2025-07-19T10:13:43+00:00\" \/>\n<meta property=\"article:modified_time\" content=\"2025-11-10T14:12:53+00:00\" \/>\n<meta property=\"og:image\" content=\"https:\/\/www.vsveicolispeciali.com\/wp-content\/uploads\/2025\/07\/auto-certificazione-sanitaria-food-truck.jpg\" \/>\n\t<meta property=\"og:image:width\" content=\"1200\" \/>\n\t<meta property=\"og:image:height\" content=\"904\" \/>\n\t<meta property=\"og:image:type\" content=\"image\/jpeg\" \/>\n<meta name=\"author\" content=\"VS Veicoli Speciali\" \/>\n<meta name=\"twitter:card\" content=\"summary_large_image\" \/>\n<meta name=\"twitter:creator\" content=\"@veicolispeciali\" \/>\n<meta name=\"twitter:site\" content=\"@veicolispeciali\" \/>\n<meta name=\"twitter:label1\" content=\"\u00c9crit par\" \/>\n\t<meta name=\"twitter:data1\" content=\"VS Veicoli Speciali\" \/>\n\t<meta name=\"twitter:label2\" content=\"Dur\u00e9e de lecture estim\u00e9e\" \/>\n\t<meta name=\"twitter:data2\" content=\"8 minutes\" \/>\n<script type=\"application\/ld+json\" class=\"yoast-schema-graph\">{\"@context\":\"https:\/\/schema.org\",\"@graph\":[{\"@type\":\"Article\",\"@id\":\"https:\/\/www.vsveicolispeciali.com\/fr\/comment-fonctionne-la-declaration-sanitaire-dun-food-truck\/#article\",\"isPartOf\":{\"@id\":\"https:\/\/www.vsveicolispeciali.com\/fr\/comment-fonctionne-la-declaration-sanitaire-dun-food-truck\/\"},\"author\":{\"name\":\"VS Veicoli Speciali\",\"@id\":\"https:\/\/www.vsveicolispeciali.com\/fr\/#\/schema\/person\/1241826d792bde4333b3db1395b12be9\"},\"headline\":\"Comment fonctionne la d\u00e9claration sanitaire d\u2019un food truck ?\",\"datePublished\":\"2025-07-19T10:13:43+00:00\",\"dateModified\":\"2025-11-10T14:12:53+00:00\",\"mainEntityOfPage\":{\"@id\":\"https:\/\/www.vsveicolispeciali.com\/fr\/comment-fonctionne-la-declaration-sanitaire-dun-food-truck\/\"},\"wordCount\":1235,\"publisher\":{\"@id\":\"https:\/\/www.vsveicolispeciali.com\/fr\/#organization\"},\"image\":{\"@id\":\"https:\/\/www.vsveicolispeciali.com\/fr\/comment-fonctionne-la-declaration-sanitaire-dun-food-truck\/#primaryimage\"},\"thumbnailUrl\":\"https:\/\/www.vsveicolispeciali.com\/wp-content\/uploads\/2025\/07\/auto-certificazione-sanitaria-food-truck.jpg\",\"keywords\":[\"food truck achat\",\"ouvrir un food truck\",\"food truck r\u00e9glementation\",\"food truck france\",\"fabricant camion magasin\"],\"articleSection\":[\"News\"],\"inLanguage\":\"fr-FR\"},{\"@type\":\"WebPage\",\"@id\":\"https:\/\/www.vsveicolispeciali.com\/fr\/comment-fonctionne-la-declaration-sanitaire-dun-food-truck\/\",\"url\":\"https:\/\/www.vsveicolispeciali.com\/fr\/comment-fonctionne-la-declaration-sanitaire-dun-food-truck\/\",\"name\":\"Comment fonctionne la d\u00e9claration sanitaire d\u2019un food truck ?\",\"isPartOf\":{\"@id\":\"https:\/\/www.vsveicolispeciali.com\/fr\/#website\"},\"primaryImageOfPage\":{\"@id\":\"https:\/\/www.vsveicolispeciali.com\/fr\/comment-fonctionne-la-declaration-sanitaire-dun-food-truck\/#primaryimage\"},\"image\":{\"@id\":\"https:\/\/www.vsveicolispeciali.com\/fr\/comment-fonctionne-la-declaration-sanitaire-dun-food-truck\/#primaryimage\"},\"thumbnailUrl\":\"https:\/\/www.vsveicolispeciali.com\/wp-content\/uploads\/2025\/07\/auto-certificazione-sanitaria-food-truck.jpg\",\"datePublished\":\"2025-07-19T10:13:43+00:00\",\"dateModified\":\"2025-11-10T14:12:53+00:00\",\"description\":\"Comment obtenir l'autorisation sanitaire pour un food truck et pourquoi il est important de choisir un fabricant qui produit des v\u00e9hicules conformes \u00e0 la loi\",\"breadcrumb\":{\"@id\":\"https:\/\/www.vsveicolispeciali.com\/fr\/comment-fonctionne-la-declaration-sanitaire-dun-food-truck\/#breadcrumb\"},\"inLanguage\":\"fr-FR\",\"potentialAction\":[{\"@type\":\"ReadAction\",\"target\":[\"https:\/\/www.vsveicolispeciali.com\/fr\/comment-fonctionne-la-declaration-sanitaire-dun-food-truck\/\"]}]},{\"@type\":\"ImageObject\",\"inLanguage\":\"fr-FR\",\"@id\":\"https:\/\/www.vsveicolispeciali.com\/fr\/comment-fonctionne-la-declaration-sanitaire-dun-food-truck\/#primaryimage\",\"url\":\"https:\/\/www.vsveicolispeciali.com\/wp-content\/uploads\/2025\/07\/auto-certificazione-sanitaria-food-truck.jpg\",\"contentUrl\":\"https:\/\/www.vsveicolispeciali.com\/wp-content\/uploads\/2025\/07\/auto-certificazione-sanitaria-food-truck.jpg\",\"width\":1200,\"height\":904},{\"@type\":\"BreadcrumbList\",\"@id\":\"https:\/\/www.vsveicolispeciali.com\/fr\/comment-fonctionne-la-declaration-sanitaire-dun-food-truck\/#breadcrumb\",\"itemListElement\":[{\"@type\":\"ListItem\",\"position\":1,\"name\":\"Home\",\"item\":\"https:\/\/www.vsveicolispeciali.com\/fr\/\"},{\"@type\":\"ListItem\",\"position\":2,\"name\":\"Comment fonctionne la d\u00e9claration sanitaire d\u2019un food truck ?\"}]},{\"@type\":\"WebSite\",\"@id\":\"https:\/\/www.vsveicolispeciali.com\/fr\/#website\",\"url\":\"https:\/\/www.vsveicolispeciali.com\/fr\/\",\"name\":\"VS Veicoli Speciali\",\"description\":\"\",\"publisher\":{\"@id\":\"https:\/\/www.vsveicolispeciali.com\/fr\/#organization\"},\"potentialAction\":[{\"@type\":\"SearchAction\",\"target\":{\"@type\":\"EntryPoint\",\"urlTemplate\":\"https:\/\/www.vsveicolispeciali.com\/fr\/?s={search_term_string}\"},\"query-input\":{\"@type\":\"PropertyValueSpecification\",\"valueRequired\":true,\"valueName\":\"search_term_string\"}}],\"inLanguage\":\"fr-FR\"},{\"@type\":\"Organization\",\"@id\":\"https:\/\/www.vsveicolispeciali.com\/fr\/#organization\",\"name\":\"VS Veicoli Speciali\",\"url\":\"https:\/\/www.vsveicolispeciali.com\/fr\/\",\"logo\":{\"@type\":\"ImageObject\",\"inLanguage\":\"fr-FR\",\"@id\":\"https:\/\/www.vsveicolispeciali.com\/fr\/#\/schema\/logo\/image\/\",\"url\":\"http:\/\/www.vsveicolispeciali.com\/wp-content\/uploads\/2015\/05\/vs_veicoli_speciali-logo.png\",\"contentUrl\":\"http:\/\/www.vsveicolispeciali.com\/wp-content\/uploads\/2015\/05\/vs_veicoli_speciali-logo.png\",\"width\":252,\"height\":134,\"caption\":\"VS Veicoli Speciali\"},\"image\":{\"@id\":\"https:\/\/www.vsveicolispeciali.com\/fr\/#\/schema\/logo\/image\/\"},\"sameAs\":[\"https:\/\/www.facebook.com\/VSVeicoliSpeciali.Food.Trucks\/\",\"https:\/\/x.com\/veicolispeciali\",\"https:\/\/www.instagram.com\/vs_veicolispeciali\/\",\"https:\/\/www.linkedin.com\/company\/2811960\/\",\"https:\/\/www.pinterest.com\/streetfoodtruck\/\",\"https:\/\/www.youtube.com\/user\/veicolispeciali\"]},{\"@type\":\"Person\",\"@id\":\"https:\/\/www.vsveicolispeciali.com\/fr\/#\/schema\/person\/1241826d792bde4333b3db1395b12be9\",\"name\":\"VS Veicoli Speciali\",\"image\":{\"@type\":\"ImageObject\",\"inLanguage\":\"fr-FR\",\"@id\":\"https:\/\/www.vsveicolispeciali.com\/fr\/#\/schema\/person\/image\/\",\"url\":\"https:\/\/secure.gravatar.com\/avatar\/4ea93278e71ba140dbbbfb5d34409507?s=96&d=mm&r=g\",\"contentUrl\":\"https:\/\/secure.gravatar.com\/avatar\/4ea93278e71ba140dbbbfb5d34409507?s=96&d=mm&r=g\",\"caption\":\"VS Veicoli Speciali\"}}]}<\/script>\n<!-- \/ Yoast SEO plugin. -->","yoast_head_json":{"title":"Comment fonctionne la d\u00e9claration sanitaire d\u2019un food truck ?","description":"Comment obtenir l'autorisation sanitaire pour un food truck et pourquoi il est important de choisir un fabricant qui produit des v\u00e9hicules conformes \u00e0 la loi","robots":{"index":"index","follow":"follow","max-snippet":"max-snippet:-1","max-image-preview":"max-image-preview:large","max-video-preview":"max-video-preview:-1"},"canonical":"https:\/\/www.vsveicolispeciali.com\/fr\/comment-fonctionne-la-declaration-sanitaire-dun-food-truck\/","og_locale":"fr_FR","og_type":"article","og_title":"Comment fonctionne la d\u00e9claration sanitaire d\u2019un food truck ?","og_description":"Comment obtenir l'autorisation sanitaire pour un food truck et pourquoi il est important de choisir un fabricant qui produit des v\u00e9hicules conformes \u00e0 la loi","og_url":"https:\/\/www.vsveicolispeciali.com\/fr\/comment-fonctionne-la-declaration-sanitaire-dun-food-truck\/","og_site_name":"VS Veicoli Speciali","article_publisher":"https:\/\/www.facebook.com\/VSVeicoliSpeciali.Food.Trucks\/","article_published_time":"2025-07-19T10:13:43+00:00","article_modified_time":"2025-11-10T14:12:53+00:00","og_image":[{"width":1200,"height":904,"url":"https:\/\/www.vsveicolispeciali.com\/wp-content\/uploads\/2025\/07\/auto-certificazione-sanitaria-food-truck.jpg","type":"image\/jpeg"}],"author":"VS Veicoli Speciali","twitter_card":"summary_large_image","twitter_creator":"@veicolispeciali","twitter_site":"@veicolispeciali","twitter_misc":{"\u00c9crit par":"VS Veicoli Speciali","Dur\u00e9e de lecture estim\u00e9e":"8 minutes"},"schema":{"@context":"https:\/\/schema.org","@graph":[{"@type":"Article","@id":"https:\/\/www.vsveicolispeciali.com\/fr\/comment-fonctionne-la-declaration-sanitaire-dun-food-truck\/#article","isPartOf":{"@id":"https:\/\/www.vsveicolispeciali.com\/fr\/comment-fonctionne-la-declaration-sanitaire-dun-food-truck\/"},"author":{"name":"VS Veicoli Speciali","@id":"https:\/\/www.vsveicolispeciali.com\/fr\/#\/schema\/person\/1241826d792bde4333b3db1395b12be9"},"headline":"Comment fonctionne la d\u00e9claration sanitaire d\u2019un food truck ?","datePublished":"2025-07-19T10:13:43+00:00","dateModified":"2025-11-10T14:12:53+00:00","mainEntityOfPage":{"@id":"https:\/\/www.vsveicolispeciali.com\/fr\/comment-fonctionne-la-declaration-sanitaire-dun-food-truck\/"},"wordCount":1235,"publisher":{"@id":"https:\/\/www.vsveicolispeciali.com\/fr\/#organization"},"image":{"@id":"https:\/\/www.vsveicolispeciali.com\/fr\/comment-fonctionne-la-declaration-sanitaire-dun-food-truck\/#primaryimage"},"thumbnailUrl":"https:\/\/www.vsveicolispeciali.com\/wp-content\/uploads\/2025\/07\/auto-certificazione-sanitaria-food-truck.jpg","keywords":["food truck achat","ouvrir un food truck","food truck r\u00e9glementation","food truck france","fabricant camion magasin"],"articleSection":["News"],"inLanguage":"fr-FR"},{"@type":"WebPage","@id":"https:\/\/www.vsveicolispeciali.com\/fr\/comment-fonctionne-la-declaration-sanitaire-dun-food-truck\/","url":"https:\/\/www.vsveicolispeciali.com\/fr\/comment-fonctionne-la-declaration-sanitaire-dun-food-truck\/","name":"Comment fonctionne la d\u00e9claration sanitaire d\u2019un food truck ?","isPartOf":{"@id":"https:\/\/www.vsveicolispeciali.com\/fr\/#website"},"primaryImageOfPage":{"@id":"https:\/\/www.vsveicolispeciali.com\/fr\/comment-fonctionne-la-declaration-sanitaire-dun-food-truck\/#primaryimage"},"image":{"@id":"https:\/\/www.vsveicolispeciali.com\/fr\/comment-fonctionne-la-declaration-sanitaire-dun-food-truck\/#primaryimage"},"thumbnailUrl":"https:\/\/www.vsveicolispeciali.com\/wp-content\/uploads\/2025\/07\/auto-certificazione-sanitaria-food-truck.jpg","datePublished":"2025-07-19T10:13:43+00:00","dateModified":"2025-11-10T14:12:53+00:00","description":"Comment obtenir l'autorisation sanitaire pour un food truck et pourquoi il est important de choisir un fabricant qui produit des v\u00e9hicules conformes \u00e0 la loi","breadcrumb":{"@id":"https:\/\/www.vsveicolispeciali.com\/fr\/comment-fonctionne-la-declaration-sanitaire-dun-food-truck\/#breadcrumb"},"inLanguage":"fr-FR","potentialAction":[{"@type":"ReadAction","target":["https:\/\/www.vsveicolispeciali.com\/fr\/comment-fonctionne-la-declaration-sanitaire-dun-food-truck\/"]}]},{"@type":"ImageObject","inLanguage":"fr-FR","@id":"https:\/\/www.vsveicolispeciali.com\/fr\/comment-fonctionne-la-declaration-sanitaire-dun-food-truck\/#primaryimage","url":"https:\/\/www.vsveicolispeciali.com\/wp-content\/uploads\/2025\/07\/auto-certificazione-sanitaria-food-truck.jpg","contentUrl":"https:\/\/www.vsveicolispeciali.com\/wp-content\/uploads\/2025\/07\/auto-certificazione-sanitaria-food-truck.jpg","width":1200,"height":904},{"@type":"BreadcrumbList","@id":"https:\/\/www.vsveicolispeciali.com\/fr\/comment-fonctionne-la-declaration-sanitaire-dun-food-truck\/#breadcrumb","itemListElement":[{"@type":"ListItem","position":1,"name":"Home","item":"https:\/\/www.vsveicolispeciali.com\/fr\/"},{"@type":"ListItem","position":2,"name":"Comment fonctionne la d\u00e9claration sanitaire d\u2019un food truck ?"}]},{"@type":"WebSite","@id":"https:\/\/www.vsveicolispeciali.com\/fr\/#website","url":"https:\/\/www.vsveicolispeciali.com\/fr\/","name":"VS Veicoli Speciali","description":"","publisher":{"@id":"https:\/\/www.vsveicolispeciali.com\/fr\/#organization"},"potentialAction":[{"@type":"SearchAction","target":{"@type":"EntryPoint","urlTemplate":"https:\/\/www.vsveicolispeciali.com\/fr\/?s={search_term_string}"},"query-input":{"@type":"PropertyValueSpecification","valueRequired":true,"valueName":"search_term_string"}}],"inLanguage":"fr-FR"},{"@type":"Organization","@id":"https:\/\/www.vsveicolispeciali.com\/fr\/#organization","name":"VS Veicoli Speciali","url":"https:\/\/www.vsveicolispeciali.com\/fr\/","logo":{"@type":"ImageObject","inLanguage":"fr-FR","@id":"https:\/\/www.vsveicolispeciali.com\/fr\/#\/schema\/logo\/image\/","url":"http:\/\/www.vsveicolispeciali.com\/wp-content\/uploads\/2015\/05\/vs_veicoli_speciali-logo.png","contentUrl":"http:\/\/www.vsveicolispeciali.com\/wp-content\/uploads\/2015\/05\/vs_veicoli_speciali-logo.png","width":252,"height":134,"caption":"VS Veicoli Speciali"},"image":{"@id":"https:\/\/www.vsveicolispeciali.com\/fr\/#\/schema\/logo\/image\/"},"sameAs":["https:\/\/www.facebook.com\/VSVeicoliSpeciali.Food.Trucks\/","https:\/\/x.com\/veicolispeciali","https:\/\/www.instagram.com\/vs_veicolispeciali\/","https:\/\/www.linkedin.com\/company\/2811960\/","https:\/\/www.pinterest.com\/streetfoodtruck\/","https:\/\/www.youtube.com\/user\/veicolispeciali"]},{"@type":"Person","@id":"https:\/\/www.vsveicolispeciali.com\/fr\/#\/schema\/person\/1241826d792bde4333b3db1395b12be9","name":"VS Veicoli Speciali","image":{"@type":"ImageObject","inLanguage":"fr-FR","@id":"https:\/\/www.vsveicolispeciali.com\/fr\/#\/schema\/person\/image\/","url":"https:\/\/secure.gravatar.com\/avatar\/4ea93278e71ba140dbbbfb5d34409507?s=96&d=mm&r=g","contentUrl":"https:\/\/secure.gravatar.com\/avatar\/4ea93278e71ba140dbbbfb5d34409507?s=96&d=mm&r=g","caption":"VS Veicoli Speciali"}}]}},"_links":{"self":[{"href":"https:\/\/www.vsveicolispeciali.com\/fr\/wp-json\/wp\/v2\/posts\/28319"}],"collection":[{"href":"https:\/\/www.vsveicolispeciali.com\/fr\/wp-json\/wp\/v2\/posts"}],"about":[{"href":"https:\/\/www.vsveicolispeciali.com\/fr\/wp-json\/wp\/v2\/types\/post"}],"author":[{"embeddable":true,"href":"https:\/\/www.vsveicolispeciali.com\/fr\/wp-json\/wp\/v2\/users\/1001012"}],"replies":[{"embeddable":true,"href":"https:\/\/www.vsveicolispeciali.com\/fr\/wp-json\/wp\/v2\/comments?post=28319"}],"version-history":[{"count":6,"href":"https:\/\/www.vsveicolispeciali.com\/fr\/wp-json\/wp\/v2\/posts\/28319\/revisions"}],"predecessor-version":[{"id":29022,"href":"https:\/\/www.vsveicolispeciali.com\/fr\/wp-json\/wp\/v2\/posts\/28319\/revisions\/29022"}],"wp:featuredmedia":[{"embeddable":true,"href":"https:\/\/www.vsveicolispeciali.com\/fr\/wp-json\/wp\/v2\/media\/28300"}],"wp:attachment":[{"href":"https:\/\/www.vsveicolispeciali.com\/fr\/wp-json\/wp\/v2\/media?parent=28319"}],"wp:term":[{"taxonomy":"category","embeddable":true,"href":"https:\/\/www.vsveicolispeciali.com\/fr\/wp-json\/wp\/v2\/categories?post=28319"},{"taxonomy":"post_tag","embeddable":true,"href":"https:\/\/www.vsveicolispeciali.com\/fr\/wp-json\/wp\/v2\/tags?post=28319"}],"curies":[{"name":"wp","href":"https:\/\/api.w.org\/{rel}","templated":true}]}}