{"id":28035,"date":"2025-05-28T17:42:38","date_gmt":"2025-05-28T15:42:38","guid":{"rendered":"https:\/\/www.vsveicolispeciali.com\/genevas-food-trucks-purchased-in-turin-a-vs-branded-magic\/"},"modified":"2025-05-28T22:26:33","modified_gmt":"2025-05-28T20:26:33","slug":"les-food-trucks-de-geneve-achetes-a-turin-une-magie-signee-vs","status":"publish","type":"post","link":"https:\/\/www.vsveicolispeciali.com\/fr\/les-food-trucks-de-geneve-achetes-a-turin-une-magie-signee-vs\/","title":{"rendered":"Les food trucks de Gen\u00e8ve achet\u00e9s \u00e0 Turin : une magie sign\u00e9e VS"},"content":{"rendered":"<p>Situ\u00e9e au c\u0153ur de l\u2019Europe et bord\u00e9e par le lac L\u00e9man, <strong>Gen\u00e8ve<\/strong> affiche depuis toujours un dynamisme particulier dans tous les domaines de l\u2019\u00e9conomie, y compris la gastronomie.<\/p>\n<p>Alors que la ville conserve sa r\u00e9putation de centre financier et diplomatique international, <strong>les food trucks gourmets et les concepts itin\u00e9rants<\/strong> prolif\u00e8rent dans le secteur de la restauration.<\/p>\n<p><strong>En Suisse<\/strong>, plus qu\u2019ailleurs, on assiste \u00e0 une convergence entre la cuisine de rue et la restauration de qualit\u00e9 ; en t\u00e9moignent les nombreux <a href=\"https:\/\/www.vsveicolispeciali.com\/fr\/food-truck-et-festivals-street-food-le-dynamisme-du-commerce-ambulant-en-suisse\/\" rel=\"noopener\" target=\"_blank\">festivals de street food<\/a> et les offres gastronomiques des <a href=\"https:\/\/www.vsveicolispeciali.com\/fr\/15-superbes-food-trucks-vendus-en-suisse-par-vs\/\" target=\"_blank\" rel=\"noopener\">food trucks dans la Conf\u00e9d\u00e9ration<\/a>.<\/p>\n<p><strong>Gen\u00e8ve<\/strong>, avec sa population cosmopolite et son fort pouvoir d\u2019achat, offre un environnement id\u00e9al pour les formats de restauration innovants.<\/p>\n<p>Dans cette ville helv\u00e9tique, <strong>la demande d\u2019exp\u00e9riences gastronomiques dynamiques et accessibles<\/strong> est en constante augmentation : cadres en pause d\u00e9jeuner, \u00e9tudiants, touristes et habitants sont souvent \u00e0 la recherche de plats de qualit\u00e9 \u00e0 consommer librement.<\/p>\n<p><strong>Les food trucks gastronomiques<\/strong> constituent la r\u00e9ponse parfaite \u00e0 ce besoin, alliant rapidit\u00e9 de service et un style contemporain \u00e0 la fois raffin\u00e9 et boh\u00e8me.<\/p>\n<p>C\u2019est le cas, par exemple, d\u2019<em>Eden Parc<\/em>, un <a href=\"https:\/\/www.vsveicolispeciali.com\/fr\/street-food-truck\/mexican-food-truck-eden-parc\/\" target=\"_blank\" rel=\"noopener\">food truck achet\u00e9<\/a> par une c\u00e9l\u00e8bre cha\u00eene de restaurants genevoise, qui propose une cuisine mexicaine et \u00e9largit ainsi son offre culinaire avec une strat\u00e9gie compl\u00e9mentaire \u00e0 ses \u00e9tablissements fixes.<\/p>\n<p>&nbsp;&nbsp;<\/p>\n<h2>Un \u00e9cosyst\u00e8me favorable aux acteurs de la restauration<\/h2>\n<p>Ces derni\u00e8res ann\u00e9es, les autorit\u00e9s genevoises ont adopt\u00e9 une <strong>attitude ouverte envers les formats ambulants<\/strong>, accordant des licences dans des zones strat\u00e9giques comme les parcs, les campus universitaires, les \u00e9v\u00e9nements publics et les festivals culturels.<\/p>\n<p>Ce climat r\u00e9glementaire favorable, conjugu\u00e9 \u00e0 l\u2019efficacit\u00e9 des services et \u00e0 une bonne planification urbaine, permet aux op\u00e9rateurs de travailler sereinement, en <strong>tirant pleinement parti de la mobilit\u00e9<\/strong> qui caract\u00e9rise le mod\u00e8le commercial du <a href=\"https:\/\/www.vsveicolispeciali.com\/fr\/street-food\/\" target=\"_blank\" rel=\"noopener\">street food<\/a>.<\/p>\n<p>Cependant, quiconque souhaite <strong>investir dans un food truck \u00e0 Gen\u00e8ve<\/strong> doit viser haut. Le march\u00e9 genevois r\u00e9compense la qualit\u00e9 des plats, le soin esth\u00e9tique du v\u00e9hicule et l\u2019efficacit\u00e9 du service.<\/p>\n<p>Dans cette optique, le v\u00e9hicule n\u2019est pas simplement un outil de travail, mais une partie int\u00e9grante de l\u2019exp\u00e9rience client et de l\u2019image de marque.<\/p>\n<p>C\u2019est pourquoi il est essentiel de faire appel \u00e0 un <a href=\"https:\/\/www.vsveicolispeciali.com\/fr\/vs-constructeur-italien-de-food-truck-a-vocation-internationale\/\" rel=\"noopener\" target=\"_blank\">constructeur de food trucks<\/a> capable de conjuguer efficacit\u00e9 et robustesse dans un design original, afin de valoriser au maximum l\u2019offre gastronomique et l\u2019identit\u00e9 de la marque.<\/p>\n<p>Pour atteindre cet objectif, apr\u00e8s avoir fait appel \u00e0 <em>VS Veicoli Speciali<\/em>, <strong>The Hamburger Foundation<\/strong> a choisi deux mod\u00e8les de food trucks totalement diff\u00e9rents dans leur forme, mais unis par le respect du style et de la culture d\u2019entreprise.<\/p>\n<p>Un <a href=\"https:\/\/www.vsveicolispeciali.com\/fr\/street-food-truck\/fiat-ducato-cuisine-mobile-thf-geneve-suisse\/\" target=\"_blank\" rel=\"noopener\">food truck hamburger<\/a> enti\u00e8rement noir.<\/p>\n<p><a href=\"https:\/\/www.vsveicolispeciali.com\/wp-content\/uploads\/2023\/12\/thf-food-truck.jpeg\"><img loading=\"lazy\" decoding=\"async\" src=\"https:\/\/www.vsveicolispeciali.com\/wp-content\/uploads\/2023\/12\/thf-food-truck.jpeg\" alt=\"thf food truck hamburger \u00e0 Gen\u00e8ve en Suisse\" width=\"1080\" height=\"852\" class=\"alignleft size-full wp-image-24804\" srcset=\"https:\/\/www.vsveicolispeciali.com\/wp-content\/uploads\/2023\/12\/thf-food-truck.jpeg 1080w, https:\/\/www.vsveicolispeciali.com\/wp-content\/uploads\/2023\/12\/thf-food-truck-300x237.jpeg 300w, https:\/\/www.vsveicolispeciali.com\/wp-content\/uploads\/2023\/12\/thf-food-truck-1024x808.jpeg 1024w, https:\/\/www.vsveicolispeciali.com\/wp-content\/uploads\/2023\/12\/thf-food-truck-768x606.jpeg 768w, https:\/\/www.vsveicolispeciali.com\/wp-content\/uploads\/2023\/12\/thf-food-truck-700x552.jpeg 700w\" sizes=\"(max-width: 1080px) 100vw, 1080px\" \/><\/a><\/p>\n<p>Et une magnifique <a href=\"https:\/\/www.vsveicolispeciali.com\/fr\/street-food-truck\/remorque-cuisine-hamburger-foundation-thf\/\" target=\"_blank\" rel=\"noopener\">remorque burger<\/a> tout aussi noire !<\/p>\n<p><a href=\"https:\/\/www.vsveicolispeciali.com\/wp-content\/uploads\/2025\/05\/thf-geneva-remorque-food-truck.jpg\"><img loading=\"lazy\" decoding=\"async\" src=\"https:\/\/www.vsveicolispeciali.com\/wp-content\/uploads\/2025\/05\/thf-geneva-remorque-food-truck.jpg\" alt=\"the hamburger foundation remorque burger en Suisse\" width=\"840\" height=\"496\" class=\"alignleft size-full wp-image-28010\" srcset=\"https:\/\/www.vsveicolispeciali.com\/wp-content\/uploads\/2025\/05\/thf-geneva-remorque-food-truck.jpg 840w, https:\/\/www.vsveicolispeciali.com\/wp-content\/uploads\/2025\/05\/thf-geneva-remorque-food-truck-300x177.jpg 300w, https:\/\/www.vsveicolispeciali.com\/wp-content\/uploads\/2025\/05\/thf-geneva-remorque-food-truck-768x453.jpg 768w, https:\/\/www.vsveicolispeciali.com\/wp-content\/uploads\/2025\/05\/thf-geneva-remorque-food-truck-700x413.jpg 700w\" sizes=\"(max-width: 840px) 100vw, 840px\" \/><\/a><\/p>\n<p>Trois restaurants et deux food trucks pour r\u00e9pandre leur \u00e9vangile : le <a href=\"https:\/\/www.vsveicolispeciali.com\/fr\/street-food\/camion-burger-food-truck\/\" target=\"_blank\" rel=\"noopener\">hamburger gourmet<\/a>.<\/p>\n<p>Investir dans la restauration \u00e0 Gen\u00e8ve, c\u2019est aussi choisir un <strong>emplacement strat\u00e9gique<\/strong> pour s\u2019\u00e9tendre dans le reste de la Suisse.<\/p>\n<p><!--\nUn excellent exemple de ce type de croissance est <strong>Sando<\/strong>, une enseigne c\u00e9l\u00e8bre pour ses d\u00e9licieux burgers japonais. Partie de Gen\u00e8ve, elle a ouvert d\u2019autres \u00e9tablissements \u00e0 Zurich, Berne et Malley.\n\nLe <a href=\"https:\/\/www.vsveicolispeciali.com\/fr\/street-food-truck\/food-truck-burger-sando\/\" target=\"_blank\" rel=\"noopener\">food truck achet\u00e9<\/a> \u00e0 Turin est utilis\u00e9 pour assurer des services de catering lors d\u2019\u00e9v\u00e9nements et c\u00e9l\u00e9brations de tout genre, ainsi que pour promouvoir la marque de fa\u00e7on itin\u00e9rante.\n--><\/p>\n<p>Naturellement, des villes comme Lausanne, Zurich et B\u00e2le d\u00e9veloppent \u00e9galement des march\u00e9s du <a href=\"https:\/\/www.vsveicolispeciali.com\/fr\/street-food\/\" rel=\"noopener\" target=\"_blank\">street food<\/a> dynamiques.<\/p>\n<p>Mais c\u2019est bien \u00e0 Gen\u00e8ve, carrefour international et ville \u00e0 la forte vocation exp\u00e9rimentale, que naissent de nombreuses tendances.<\/p>\n<p>&nbsp;&nbsp;<\/p>\n<h2>Comment tirer parti de la polyvalence des food trucks<\/h2>\n<p>Alliant excellence gastronomique et <strong>flexibilit\u00e9 op\u00e9rationnelle<\/strong>, le food truck s\u2019impose comme un outil strat\u00e9gique permettant d\u2019innover dans l\u2019offre et d\u2019atteindre les clients o\u00f9 qu\u2019ils soient, tout en renfor\u00e7ant de mani\u00e8re distinctive l\u2019image de marque.<\/p>\n<p><em>Caviar House &#038; Prunier<\/em>, une marque de luxe alimentaire r\u00e9put\u00e9e notamment pour son caviar (b\u00e9luga, osci\u00e8tre et esturgeon sib\u00e9rien), a command\u00e9 \u00e0 VS <a href=\"https:\/\/www.vsveicolispeciali.com\/fr\/street-food-truck\/triporteur-ape-cafe-et-snack-aeroport-de-geneve\/\" target=\"_blank\" rel=\"noopener\">deux food trucks Ape TR<\/a>, utilis\u00e9s pour proposer des plats et snacks \u00e0 base de produits de haute gastronomie.<\/p>\n<p><em>Caviar House &#038; Prunier<\/em>, a luxury food brand known especially for its caviar (beluga, oscietra, and Siberian sturgeon), commissioned VS to build <a href=\"https:\/\/www.vsveicolispeciali.com\/fr\/street-food-truck\/triporteur-ape-cafe-et-snack-aeroport-de-geneve\/\" target=\"_blank\" rel=\"noopener\">two Ape TR gourmet trucks<\/a>. These are used to offer high-end snacks and dishes.<\/p>\n<p><a href=\"https:\/\/www.vsveicolispeciali.com\/wp-content\/uploads\/2018\/06\/Caviar-House-Prunier-geneva-airport.jpg\"><img loading=\"lazy\" decoding=\"async\" src=\"https:\/\/www.vsveicolispeciali.com\/wp-content\/uploads\/2018\/06\/Caviar-House-Prunier-geneva-airport.jpg\" alt=\"Caviar House Prunier gourmet trucks \u00e0 l'a\u00e9roport de Gen\u00e8ve\" width=\"629\" height=\"419\" class=\"alignright size-full wp-image-7270\" srcset=\"https:\/\/www.vsveicolispeciali.com\/wp-content\/uploads\/2018\/06\/Caviar-House-Prunier-geneva-airport.jpg 629w, https:\/\/www.vsveicolispeciali.com\/wp-content\/uploads\/2018\/06\/Caviar-House-Prunier-geneva-airport-300x200.jpg 300w\" sizes=\"(max-width: 629px) 100vw, 629px\" \/><\/a><\/p>\n<p>Les deux v\u00e9hicules ont \u00e9t\u00e9 install\u00e9s \u00e0 l\u2019a\u00e9roport de Gen\u00e8ve pour satisfaire les voyageurs exigeants avec des produits de la mer et des en-cas d\u2019une rare finesse.<\/p>\n<p>Et que dire de la pizza romaine de <strong>Nero\u2019s Pizza<\/strong> ? Pr\u00e9par\u00e9e avec des ingr\u00e9dients frais et authentiques, elle a su conqu\u00e9rir une place sp\u00e9ciale dans le c\u0153ur des Genevois.<\/p>\n<p>Le <a href=\"https:\/\/www.vsveicolispeciali.com\/fr\/street-food-truck\/fiat-ducato-food-truck-nero-s-pizza-geneve\/\" target=\"_blank\" rel=\"noopener\">food truck Nero\u2019s Pizza<\/a> parcourt la ville en diffusant son irr\u00e9sistible parfum de pizza lors de mariages, anniversaires ou tout \u00e9v\u00e9nement n\u00e9cessitant un service de restauration \u00e0 fort impact \u00e9motionnel.<\/p>\n<p><a href=\"https:\/\/www.vsveicolispeciali.com\/wp-content\/uploads\/2025\/05\/Neros-Pizza-foodtruck.jpg\"><img loading=\"lazy\" decoding=\"async\" src=\"https:\/\/www.vsveicolispeciali.com\/wp-content\/uploads\/2025\/05\/Neros-Pizza-foodtruck.jpg\" alt=\"food truck Neros Pizza\" width=\"960\" height=\"960\" class=\"alignleft size-full wp-image-28018\" srcset=\"https:\/\/www.vsveicolispeciali.com\/wp-content\/uploads\/2025\/05\/Neros-Pizza-foodtruck.jpg 960w, https:\/\/www.vsveicolispeciali.com\/wp-content\/uploads\/2025\/05\/Neros-Pizza-foodtruck-300x300.jpg 300w, https:\/\/www.vsveicolispeciali.com\/wp-content\/uploads\/2025\/05\/Neros-Pizza-foodtruck-150x150.jpg 150w, https:\/\/www.vsveicolispeciali.com\/wp-content\/uploads\/2025\/05\/Neros-Pizza-foodtruck-768x768.jpg 768w, https:\/\/www.vsveicolispeciali.com\/wp-content\/uploads\/2025\/05\/Neros-Pizza-foodtruck-570x570.jpg 570w, https:\/\/www.vsveicolispeciali.com\/wp-content\/uploads\/2025\/05\/Neros-Pizza-foodtruck-500x500.jpg 500w, https:\/\/www.vsveicolispeciali.com\/wp-content\/uploads\/2025\/05\/Neros-Pizza-foodtruck-700x700.jpg 700w\" sizes=\"(max-width: 960px) 100vw, 960px\" \/><\/a><\/p>\n<p>Pr\u00eats \u00e0 le louer pour votre \u00e9v\u00e9nement ?<\/p>\n<p>La <strong>souplesse des food trucks<\/strong> est bien connue, mais la diversit\u00e9 des usages possibles surprend parfois m\u00eame les professionnels du secteur.<\/p>\n<p>\u00c0 Gen\u00e8ve, les food truckers peuvent profiter de grands \u00e9v\u00e9nements tels que :<\/p>\n<ul class=\"lista\">\n<li>Geneva Street Food Festival ;<\/li>\n<li>F\u00eate de la Musique ;<\/li>\n<li>Lake Parade.<\/li>\n<\/ul>\n<p>&nbsp;<\/p>\n<p>Dans la r\u00e9gion touristique du <strong>lac L\u00e9man<\/strong>, pr\u00e8s de Gen\u00e8ve, le <a href=\"https:\/\/www.vsveicolispeciali.com\/fr\/street-food-truck\/friterie-food-truck-lhelvete\/\" target=\"_blank\" rel=\"noopener\">friterie food truck<\/a> L\u2019Helvete montre qu\u2019il est possible de travailler aussi bien en hiver qu\u2019en \u00e9t\u00e9, en proposant des plats de la gastronomie locale, des frites et des salades, ainsi que des boissons chaudes et froides.<\/p>\n<p><a href=\"https:\/\/www.vsveicolispeciali.com\/wp-content\/uploads\/2025\/05\/fry-food-truck-lhelvete.jpg\"><img loading=\"lazy\" decoding=\"async\" src=\"https:\/\/www.vsveicolispeciali.com\/wp-content\/uploads\/2025\/05\/fry-food-truck-lhelvete.jpg\" alt=\"food truck friterie l'helvete, friterie mobile op\u00e9rant dans la r\u00e9gion du lac L\u00e9man, pr\u00e8s de Gen\u00e8ve\" width=\"1000\" height=\"563\" class=\"alignleft size-full wp-image-28014\" srcset=\"https:\/\/www.vsveicolispeciali.com\/wp-content\/uploads\/2025\/05\/fry-food-truck-lhelvete.jpg 1000w, https:\/\/www.vsveicolispeciali.com\/wp-content\/uploads\/2025\/05\/fry-food-truck-lhelvete-300x169.jpg 300w, https:\/\/www.vsveicolispeciali.com\/wp-content\/uploads\/2025\/05\/fry-food-truck-lhelvete-768x432.jpg 768w, https:\/\/www.vsveicolispeciali.com\/wp-content\/uploads\/2025\/05\/fry-food-truck-lhelvete-700x394.jpg 700w, https:\/\/www.vsveicolispeciali.com\/wp-content\/uploads\/2025\/05\/fry-food-truck-lhelvete-539x303.jpg 539w\" sizes=\"(max-width: 1000px) 100vw, 1000px\" \/><\/a><\/p>\n<p>Touristes et r\u00e9sidents peuvent savourer des croquettes Malakoff et des saucisses fum\u00e9es Sch\u00fcblig toute l\u2019ann\u00e9e.<\/p>\n<p>Enfin, un autre excellent exemple de r\u00e9ussite dans le street food genevois est <strong>Misses Fries<\/strong>, un kiosque situ\u00e9 sur les rives du Rh\u00f4ne, devenu extr\u00eamement populaire pour ses fritures mixtes. Il a acquis un food truck VS pour cuisiner \u00e0 domicile.<\/p>\n<p>Le <a href=\"https:\/\/www.vsveicolispeciali.com\/fr\/street-food-truck\/camion-friterie-misses-fries\/\" rel=\"noopener\" target=\"_blank\">camion friterie<\/a> Misses Fries peut \u00eatre lou\u00e9 pour des f\u00eates et \u00e9v\u00e9nements priv\u00e9s, ou retrouv\u00e9 en semaine dans diff\u00e9rents quartiers de la ville.<\/p>\n<p><a href=\"https:\/\/www.vsveicolispeciali.com\/wp-content\/uploads\/2024\/10\/friggitoria-ambulante-misses-fries-svizzera.jpg\"><img loading=\"lazy\" decoding=\"async\" src=\"https:\/\/www.vsveicolispeciali.com\/wp-content\/uploads\/2024\/10\/friggitoria-ambulante-misses-fries-svizzera.jpg\" alt=\"Misses Fries camion friterie \u00e0 Gen\u00e8ve Swiss\" width=\"1000\" height=\"800\" class=\"alignleft size-full wp-image-26600\" srcset=\"https:\/\/www.vsveicolispeciali.com\/wp-content\/uploads\/2024\/10\/friggitoria-ambulante-misses-fries-svizzera.jpg 1000w, https:\/\/www.vsveicolispeciali.com\/wp-content\/uploads\/2024\/10\/friggitoria-ambulante-misses-fries-svizzera-300x240.jpg 300w, https:\/\/www.vsveicolispeciali.com\/wp-content\/uploads\/2024\/10\/friggitoria-ambulante-misses-fries-svizzera-768x614.jpg 768w, https:\/\/www.vsveicolispeciali.com\/wp-content\/uploads\/2024\/10\/friggitoria-ambulante-misses-fries-svizzera-700x560.jpg 700w\" sizes=\"(max-width: 1000px) 100vw, 1000px\" \/><\/a><\/p>\n<p>Plaque de cuisson de 40 cm, deux friteuses \u00e0 gaz de 18 litres chacune, un chauffe-pommes de terre et deux bains-marie \u00e9lectriques : Misses Fries est une v\u00e9ritable machine \u00e0 frire, presque sans \u00e9gale sur le march\u00e9.<\/p>\n<p>&nbsp;<\/p>\n<p>Nous sommes convaincus que le partenariat Gen\u00e8ve-Turin se distinguera encore \u00e0 l\u2019avenir par de <strong>nouveaux exemples de succ\u00e8s<\/strong>, gr\u00e2ce aux food trucks de VS Veicoli Speciali.<\/p>\n<p>Parlez-nous de votre projet : il pourrait bient\u00f4t devenir le prochain <strong>cas exemplaire<\/strong> \u00e0 pr\u00e9senter aux Suisses.<\/p>\n\n\t\t<style type=\"text\/css\">\n\t\t\t#gallery-1 {\n\t\t\t\tmargin: auto;\n\t\t\t}\n\t\t\t#gallery-1 .gallery-item {\n\t\t\t\tfloat: left;\n\t\t\t\tmargin-top: 10px;\n\t\t\t\ttext-align: center;\n\t\t\t\twidth: 33%;\n\t\t\t}\n\t\t\t#gallery-1 img {\n\t\t\t\tborder: 2px solid #cfcfcf;\n\t\t\t}\n\t\t\t#gallery-1 .gallery-caption {\n\t\t\t\tmargin-left: 0;\n\t\t\t}\n\t\t\t\/* see gallery_shortcode() in wp-includes\/media.php *\/\n\t\t<\/style>\n\t\t<div id='gallery-1' class='gallery galleryid-28035 gallery-columns-3 gallery-size-thumbnail'><dl class='gallery-item'>\n\t\t\t<dt class='gallery-icon landscape'>\n\t\t\t\t<a href='https:\/\/www.vsveicolispeciali.com\/fr\/food-truck-fritterie-lhelvete-2\/'><img loading=\"lazy\" decoding=\"async\" width=\"150\" height=\"150\" src=\"https:\/\/www.vsveicolispeciali.com\/wp-content\/uploads\/2025\/05\/food-truck-fritterie-lhelvete-150x150.jpg\" class=\"attachment-thumbnail size-thumbnail\" alt=\"\" srcset=\"https:\/\/www.vsveicolispeciali.com\/wp-content\/uploads\/2025\/05\/food-truck-fritterie-lhelvete-150x150.jpg 150w, https:\/\/www.vsveicolispeciali.com\/wp-content\/uploads\/2025\/05\/food-truck-fritterie-lhelvete-570x570.jpg 570w, https:\/\/www.vsveicolispeciali.com\/wp-content\/uploads\/2025\/05\/food-truck-fritterie-lhelvete-500x500.jpg 500w, https:\/\/www.vsveicolispeciali.com\/wp-content\/uploads\/2025\/05\/food-truck-fritterie-lhelvete-1000x1000.jpg 1000w\" sizes=\"(max-width: 150px) 100vw, 150px\" \/><\/a>\n\t\t\t<\/dt><\/dl>\n\t\t\t<br style='clear: both' \/>\n\t\t<\/div>\n\n","protected":false},"excerpt":{"rendered":"<p>Situ\u00e9e au c\u0153ur de l\u2019Europe et bord\u00e9e par le lac L\u00e9man, Gen\u00e8ve affiche depuis toujours un dynamisme particulier dans tous les domaines de l\u2019\u00e9conomie, y compris la gastronomie. Alors que la ville conserve sa r\u00e9putation de centre financier et diplomatique international, les food trucks gourmets&#8230;<\/p>\n","protected":false},"author":1001012,"featured_media":28025,"comment_status":"closed","ping_status":"open","sticky":false,"template":"","format":"gallery","meta":{"footnotes":""},"categories":[27],"tags":[205,208,483],"class_list":["post-28035","post","type-post","status-publish","format-gallery","has-post-thumbnail","hentry","category-news-fr","tag-street-food","tag-food-truck-gastronomique","tag-food-truck-suisse","post_format-post-format-gallery"],"yoast_head":"<!-- This site is optimized with the Yoast SEO plugin v25.4 - https:\/\/yoast.com\/wordpress\/plugins\/seo\/ -->\n<title>Les food trucks de Gen\u00e8ve achet\u00e9s \u00e0 Turin : une magie sign\u00e9e VS<\/title>\n<meta name=\"description\" content=\"Certains des meilleurs food trucks gastronomiques de Gen\u00e8ve (Suisse) sont achet\u00e9s \u00e0 Turin aupr\u00e8s du constructeur VS. Voici pourquoi &gt;\" \/>\n<meta name=\"robots\" content=\"index, follow, max-snippet:-1, max-image-preview:large, max-video-preview:-1\" \/>\n<link rel=\"canonical\" href=\"https:\/\/www.vsveicolispeciali.com\/fr\/les-food-trucks-de-geneve-achetes-a-turin-une-magie-signee-vs\/\" \/>\n<meta property=\"og:locale\" content=\"fr_FR\" \/>\n<meta property=\"og:type\" content=\"article\" \/>\n<meta property=\"og:title\" content=\"Les food trucks de Gen\u00e8ve achet\u00e9s \u00e0 Turin : une magie sign\u00e9e VS\" \/>\n<meta property=\"og:description\" content=\"Certains des meilleurs food trucks gastronomiques de Gen\u00e8ve (Suisse) sont achet\u00e9s \u00e0 Turin aupr\u00e8s du constructeur VS. Voici pourquoi &gt;\" \/>\n<meta property=\"og:url\" content=\"https:\/\/www.vsveicolispeciali.com\/fr\/les-food-trucks-de-geneve-achetes-a-turin-une-magie-signee-vs\/\" \/>\n<meta property=\"og:site_name\" content=\"VS Veicoli Speciali\" \/>\n<meta property=\"article:publisher\" content=\"https:\/\/www.facebook.com\/VSVeicoliSpeciali.Food.Trucks\/\" \/>\n<meta property=\"article:published_time\" content=\"2025-05-28T15:42:38+00:00\" \/>\n<meta property=\"article:modified_time\" content=\"2025-05-28T20:26:33+00:00\" \/>\n<meta property=\"og:image\" content=\"https:\/\/www.vsveicolispeciali.com\/wp-content\/uploads\/2025\/05\/food-truck-fritterie-lhelvete.jpg\" \/>\n\t<meta property=\"og:image:width\" content=\"1728\" \/>\n\t<meta property=\"og:image:height\" content=\"1152\" \/>\n\t<meta property=\"og:image:type\" content=\"image\/jpeg\" \/>\n<meta name=\"author\" content=\"VS Veicoli Speciali\" \/>\n<meta name=\"twitter:card\" content=\"summary_large_image\" \/>\n<meta name=\"twitter:creator\" content=\"@veicolispeciali\" \/>\n<meta name=\"twitter:site\" content=\"@veicolispeciali\" \/>\n<meta name=\"twitter:label1\" content=\"\u00c9crit par\" \/>\n\t<meta name=\"twitter:data1\" content=\"VS Veicoli Speciali\" \/>\n\t<meta name=\"twitter:label2\" content=\"Dur\u00e9e de lecture estim\u00e9e\" \/>\n\t<meta name=\"twitter:data2\" content=\"7 minutes\" \/>\n<script type=\"application\/ld+json\" class=\"yoast-schema-graph\">{\"@context\":\"https:\/\/schema.org\",\"@graph\":[{\"@type\":\"Article\",\"@id\":\"https:\/\/www.vsveicolispeciali.com\/fr\/les-food-trucks-de-geneve-achetes-a-turin-une-magie-signee-vs\/#article\",\"isPartOf\":{\"@id\":\"https:\/\/www.vsveicolispeciali.com\/fr\/les-food-trucks-de-geneve-achetes-a-turin-une-magie-signee-vs\/\"},\"author\":{\"name\":\"VS Veicoli Speciali\",\"@id\":\"https:\/\/www.vsveicolispeciali.com\/fr\/#\/schema\/person\/1241826d792bde4333b3db1395b12be9\"},\"headline\":\"Les food trucks de Gen\u00e8ve achet\u00e9s \u00e0 Turin : une magie sign\u00e9e VS\",\"datePublished\":\"2025-05-28T15:42:38+00:00\",\"dateModified\":\"2025-05-28T20:26:33+00:00\",\"mainEntityOfPage\":{\"@id\":\"https:\/\/www.vsveicolispeciali.com\/fr\/les-food-trucks-de-geneve-achetes-a-turin-une-magie-signee-vs\/\"},\"wordCount\":1092,\"publisher\":{\"@id\":\"https:\/\/www.vsveicolispeciali.com\/fr\/#organization\"},\"image\":{\"@id\":\"https:\/\/www.vsveicolispeciali.com\/fr\/les-food-trucks-de-geneve-achetes-a-turin-une-magie-signee-vs\/#primaryimage\"},\"thumbnailUrl\":\"https:\/\/www.vsveicolispeciali.com\/wp-content\/uploads\/2025\/05\/food-truck-fritterie-lhelvete.jpg\",\"keywords\":[\"street food\",\"food truck gastronomique\",\"food truck suisse\"],\"articleSection\":[\"News\"],\"inLanguage\":\"fr-FR\"},{\"@type\":\"WebPage\",\"@id\":\"https:\/\/www.vsveicolispeciali.com\/fr\/les-food-trucks-de-geneve-achetes-a-turin-une-magie-signee-vs\/\",\"url\":\"https:\/\/www.vsveicolispeciali.com\/fr\/les-food-trucks-de-geneve-achetes-a-turin-une-magie-signee-vs\/\",\"name\":\"Les food trucks de Gen\u00e8ve achet\u00e9s \u00e0 Turin : une magie sign\u00e9e VS\",\"isPartOf\":{\"@id\":\"https:\/\/www.vsveicolispeciali.com\/fr\/#website\"},\"primaryImageOfPage\":{\"@id\":\"https:\/\/www.vsveicolispeciali.com\/fr\/les-food-trucks-de-geneve-achetes-a-turin-une-magie-signee-vs\/#primaryimage\"},\"image\":{\"@id\":\"https:\/\/www.vsveicolispeciali.com\/fr\/les-food-trucks-de-geneve-achetes-a-turin-une-magie-signee-vs\/#primaryimage\"},\"thumbnailUrl\":\"https:\/\/www.vsveicolispeciali.com\/wp-content\/uploads\/2025\/05\/food-truck-fritterie-lhelvete.jpg\",\"datePublished\":\"2025-05-28T15:42:38+00:00\",\"dateModified\":\"2025-05-28T20:26:33+00:00\",\"description\":\"Certains des meilleurs food trucks gastronomiques de Gen\u00e8ve (Suisse) sont achet\u00e9s \u00e0 Turin aupr\u00e8s du constructeur VS. Voici pourquoi >\",\"breadcrumb\":{\"@id\":\"https:\/\/www.vsveicolispeciali.com\/fr\/les-food-trucks-de-geneve-achetes-a-turin-une-magie-signee-vs\/#breadcrumb\"},\"inLanguage\":\"fr-FR\",\"potentialAction\":[{\"@type\":\"ReadAction\",\"target\":[\"https:\/\/www.vsveicolispeciali.com\/fr\/les-food-trucks-de-geneve-achetes-a-turin-une-magie-signee-vs\/\"]}]},{\"@type\":\"ImageObject\",\"inLanguage\":\"fr-FR\",\"@id\":\"https:\/\/www.vsveicolispeciali.com\/fr\/les-food-trucks-de-geneve-achetes-a-turin-une-magie-signee-vs\/#primaryimage\",\"url\":\"https:\/\/www.vsveicolispeciali.com\/wp-content\/uploads\/2025\/05\/food-truck-fritterie-lhelvete.jpg\",\"contentUrl\":\"https:\/\/www.vsveicolispeciali.com\/wp-content\/uploads\/2025\/05\/food-truck-fritterie-lhelvete.jpg\",\"width\":1728,\"height\":1152},{\"@type\":\"BreadcrumbList\",\"@id\":\"https:\/\/www.vsveicolispeciali.com\/fr\/les-food-trucks-de-geneve-achetes-a-turin-une-magie-signee-vs\/#breadcrumb\",\"itemListElement\":[{\"@type\":\"ListItem\",\"position\":1,\"name\":\"Home\",\"item\":\"https:\/\/www.vsveicolispeciali.com\/fr\/\"},{\"@type\":\"ListItem\",\"position\":2,\"name\":\"Les food trucks de Gen\u00e8ve achet\u00e9s \u00e0 Turin : une magie sign\u00e9e VS\"}]},{\"@type\":\"WebSite\",\"@id\":\"https:\/\/www.vsveicolispeciali.com\/fr\/#website\",\"url\":\"https:\/\/www.vsveicolispeciali.com\/fr\/\",\"name\":\"VS Veicoli Speciali\",\"description\":\"\",\"publisher\":{\"@id\":\"https:\/\/www.vsveicolispeciali.com\/fr\/#organization\"},\"potentialAction\":[{\"@type\":\"SearchAction\",\"target\":{\"@type\":\"EntryPoint\",\"urlTemplate\":\"https:\/\/www.vsveicolispeciali.com\/fr\/?s={search_term_string}\"},\"query-input\":{\"@type\":\"PropertyValueSpecification\",\"valueRequired\":true,\"valueName\":\"search_term_string\"}}],\"inLanguage\":\"fr-FR\"},{\"@type\":\"Organization\",\"@id\":\"https:\/\/www.vsveicolispeciali.com\/fr\/#organization\",\"name\":\"VS Veicoli Speciali\",\"url\":\"https:\/\/www.vsveicolispeciali.com\/fr\/\",\"logo\":{\"@type\":\"ImageObject\",\"inLanguage\":\"fr-FR\",\"@id\":\"https:\/\/www.vsveicolispeciali.com\/fr\/#\/schema\/logo\/image\/\",\"url\":\"http:\/\/www.vsveicolispeciali.com\/wp-content\/uploads\/2015\/05\/vs_veicoli_speciali-logo.png\",\"contentUrl\":\"http:\/\/www.vsveicolispeciali.com\/wp-content\/uploads\/2015\/05\/vs_veicoli_speciali-logo.png\",\"width\":252,\"height\":134,\"caption\":\"VS Veicoli Speciali\"},\"image\":{\"@id\":\"https:\/\/www.vsveicolispeciali.com\/fr\/#\/schema\/logo\/image\/\"},\"sameAs\":[\"https:\/\/www.facebook.com\/VSVeicoliSpeciali.Food.Trucks\/\",\"https:\/\/x.com\/veicolispeciali\",\"https:\/\/www.instagram.com\/vs_veicolispeciali\/\",\"https:\/\/www.linkedin.com\/company\/2811960\/\",\"https:\/\/www.pinterest.com\/streetfoodtruck\/\",\"https:\/\/www.youtube.com\/user\/veicolispeciali\"]},{\"@type\":\"Person\",\"@id\":\"https:\/\/www.vsveicolispeciali.com\/fr\/#\/schema\/person\/1241826d792bde4333b3db1395b12be9\",\"name\":\"VS Veicoli Speciali\",\"image\":{\"@type\":\"ImageObject\",\"inLanguage\":\"fr-FR\",\"@id\":\"https:\/\/www.vsveicolispeciali.com\/fr\/#\/schema\/person\/image\/\",\"url\":\"https:\/\/secure.gravatar.com\/avatar\/4ea93278e71ba140dbbbfb5d34409507?s=96&d=mm&r=g\",\"contentUrl\":\"https:\/\/secure.gravatar.com\/avatar\/4ea93278e71ba140dbbbfb5d34409507?s=96&d=mm&r=g\",\"caption\":\"VS Veicoli Speciali\"}}]}<\/script>\n<!-- \/ Yoast SEO plugin. -->","yoast_head_json":{"title":"Les food trucks de Gen\u00e8ve achet\u00e9s \u00e0 Turin : une magie sign\u00e9e VS","description":"Certains des meilleurs food trucks gastronomiques de Gen\u00e8ve (Suisse) sont achet\u00e9s \u00e0 Turin aupr\u00e8s du constructeur VS. Voici pourquoi >","robots":{"index":"index","follow":"follow","max-snippet":"max-snippet:-1","max-image-preview":"max-image-preview:large","max-video-preview":"max-video-preview:-1"},"canonical":"https:\/\/www.vsveicolispeciali.com\/fr\/les-food-trucks-de-geneve-achetes-a-turin-une-magie-signee-vs\/","og_locale":"fr_FR","og_type":"article","og_title":"Les food trucks de Gen\u00e8ve achet\u00e9s \u00e0 Turin : une magie sign\u00e9e VS","og_description":"Certains des meilleurs food trucks gastronomiques de Gen\u00e8ve (Suisse) sont achet\u00e9s \u00e0 Turin aupr\u00e8s du constructeur VS. Voici pourquoi >","og_url":"https:\/\/www.vsveicolispeciali.com\/fr\/les-food-trucks-de-geneve-achetes-a-turin-une-magie-signee-vs\/","og_site_name":"VS Veicoli Speciali","article_publisher":"https:\/\/www.facebook.com\/VSVeicoliSpeciali.Food.Trucks\/","article_published_time":"2025-05-28T15:42:38+00:00","article_modified_time":"2025-05-28T20:26:33+00:00","og_image":[{"width":1728,"height":1152,"url":"https:\/\/www.vsveicolispeciali.com\/wp-content\/uploads\/2025\/05\/food-truck-fritterie-lhelvete.jpg","type":"image\/jpeg"}],"author":"VS Veicoli Speciali","twitter_card":"summary_large_image","twitter_creator":"@veicolispeciali","twitter_site":"@veicolispeciali","twitter_misc":{"\u00c9crit par":"VS Veicoli Speciali","Dur\u00e9e de lecture estim\u00e9e":"7 minutes"},"schema":{"@context":"https:\/\/schema.org","@graph":[{"@type":"Article","@id":"https:\/\/www.vsveicolispeciali.com\/fr\/les-food-trucks-de-geneve-achetes-a-turin-une-magie-signee-vs\/#article","isPartOf":{"@id":"https:\/\/www.vsveicolispeciali.com\/fr\/les-food-trucks-de-geneve-achetes-a-turin-une-magie-signee-vs\/"},"author":{"name":"VS Veicoli Speciali","@id":"https:\/\/www.vsveicolispeciali.com\/fr\/#\/schema\/person\/1241826d792bde4333b3db1395b12be9"},"headline":"Les food trucks de Gen\u00e8ve achet\u00e9s \u00e0 Turin : une magie sign\u00e9e VS","datePublished":"2025-05-28T15:42:38+00:00","dateModified":"2025-05-28T20:26:33+00:00","mainEntityOfPage":{"@id":"https:\/\/www.vsveicolispeciali.com\/fr\/les-food-trucks-de-geneve-achetes-a-turin-une-magie-signee-vs\/"},"wordCount":1092,"publisher":{"@id":"https:\/\/www.vsveicolispeciali.com\/fr\/#organization"},"image":{"@id":"https:\/\/www.vsveicolispeciali.com\/fr\/les-food-trucks-de-geneve-achetes-a-turin-une-magie-signee-vs\/#primaryimage"},"thumbnailUrl":"https:\/\/www.vsveicolispeciali.com\/wp-content\/uploads\/2025\/05\/food-truck-fritterie-lhelvete.jpg","keywords":["street food","food truck gastronomique","food truck suisse"],"articleSection":["News"],"inLanguage":"fr-FR"},{"@type":"WebPage","@id":"https:\/\/www.vsveicolispeciali.com\/fr\/les-food-trucks-de-geneve-achetes-a-turin-une-magie-signee-vs\/","url":"https:\/\/www.vsveicolispeciali.com\/fr\/les-food-trucks-de-geneve-achetes-a-turin-une-magie-signee-vs\/","name":"Les food trucks de Gen\u00e8ve achet\u00e9s \u00e0 Turin : une magie sign\u00e9e VS","isPartOf":{"@id":"https:\/\/www.vsveicolispeciali.com\/fr\/#website"},"primaryImageOfPage":{"@id":"https:\/\/www.vsveicolispeciali.com\/fr\/les-food-trucks-de-geneve-achetes-a-turin-une-magie-signee-vs\/#primaryimage"},"image":{"@id":"https:\/\/www.vsveicolispeciali.com\/fr\/les-food-trucks-de-geneve-achetes-a-turin-une-magie-signee-vs\/#primaryimage"},"thumbnailUrl":"https:\/\/www.vsveicolispeciali.com\/wp-content\/uploads\/2025\/05\/food-truck-fritterie-lhelvete.jpg","datePublished":"2025-05-28T15:42:38+00:00","dateModified":"2025-05-28T20:26:33+00:00","description":"Certains des meilleurs food trucks gastronomiques de Gen\u00e8ve (Suisse) sont achet\u00e9s \u00e0 Turin aupr\u00e8s du constructeur VS. Voici pourquoi >","breadcrumb":{"@id":"https:\/\/www.vsveicolispeciali.com\/fr\/les-food-trucks-de-geneve-achetes-a-turin-une-magie-signee-vs\/#breadcrumb"},"inLanguage":"fr-FR","potentialAction":[{"@type":"ReadAction","target":["https:\/\/www.vsveicolispeciali.com\/fr\/les-food-trucks-de-geneve-achetes-a-turin-une-magie-signee-vs\/"]}]},{"@type":"ImageObject","inLanguage":"fr-FR","@id":"https:\/\/www.vsveicolispeciali.com\/fr\/les-food-trucks-de-geneve-achetes-a-turin-une-magie-signee-vs\/#primaryimage","url":"https:\/\/www.vsveicolispeciali.com\/wp-content\/uploads\/2025\/05\/food-truck-fritterie-lhelvete.jpg","contentUrl":"https:\/\/www.vsveicolispeciali.com\/wp-content\/uploads\/2025\/05\/food-truck-fritterie-lhelvete.jpg","width":1728,"height":1152},{"@type":"BreadcrumbList","@id":"https:\/\/www.vsveicolispeciali.com\/fr\/les-food-trucks-de-geneve-achetes-a-turin-une-magie-signee-vs\/#breadcrumb","itemListElement":[{"@type":"ListItem","position":1,"name":"Home","item":"https:\/\/www.vsveicolispeciali.com\/fr\/"},{"@type":"ListItem","position":2,"name":"Les food trucks de Gen\u00e8ve achet\u00e9s \u00e0 Turin : une magie sign\u00e9e VS"}]},{"@type":"WebSite","@id":"https:\/\/www.vsveicolispeciali.com\/fr\/#website","url":"https:\/\/www.vsveicolispeciali.com\/fr\/","name":"VS Veicoli Speciali","description":"","publisher":{"@id":"https:\/\/www.vsveicolispeciali.com\/fr\/#organization"},"potentialAction":[{"@type":"SearchAction","target":{"@type":"EntryPoint","urlTemplate":"https:\/\/www.vsveicolispeciali.com\/fr\/?s={search_term_string}"},"query-input":{"@type":"PropertyValueSpecification","valueRequired":true,"valueName":"search_term_string"}}],"inLanguage":"fr-FR"},{"@type":"Organization","@id":"https:\/\/www.vsveicolispeciali.com\/fr\/#organization","name":"VS Veicoli Speciali","url":"https:\/\/www.vsveicolispeciali.com\/fr\/","logo":{"@type":"ImageObject","inLanguage":"fr-FR","@id":"https:\/\/www.vsveicolispeciali.com\/fr\/#\/schema\/logo\/image\/","url":"http:\/\/www.vsveicolispeciali.com\/wp-content\/uploads\/2015\/05\/vs_veicoli_speciali-logo.png","contentUrl":"http:\/\/www.vsveicolispeciali.com\/wp-content\/uploads\/2015\/05\/vs_veicoli_speciali-logo.png","width":252,"height":134,"caption":"VS Veicoli Speciali"},"image":{"@id":"https:\/\/www.vsveicolispeciali.com\/fr\/#\/schema\/logo\/image\/"},"sameAs":["https:\/\/www.facebook.com\/VSVeicoliSpeciali.Food.Trucks\/","https:\/\/x.com\/veicolispeciali","https:\/\/www.instagram.com\/vs_veicolispeciali\/","https:\/\/www.linkedin.com\/company\/2811960\/","https:\/\/www.pinterest.com\/streetfoodtruck\/","https:\/\/www.youtube.com\/user\/veicolispeciali"]},{"@type":"Person","@id":"https:\/\/www.vsveicolispeciali.com\/fr\/#\/schema\/person\/1241826d792bde4333b3db1395b12be9","name":"VS Veicoli Speciali","image":{"@type":"ImageObject","inLanguage":"fr-FR","@id":"https:\/\/www.vsveicolispeciali.com\/fr\/#\/schema\/person\/image\/","url":"https:\/\/secure.gravatar.com\/avatar\/4ea93278e71ba140dbbbfb5d34409507?s=96&d=mm&r=g","contentUrl":"https:\/\/secure.gravatar.com\/avatar\/4ea93278e71ba140dbbbfb5d34409507?s=96&d=mm&r=g","caption":"VS Veicoli Speciali"}}]}},"_links":{"self":[{"href":"https:\/\/www.vsveicolispeciali.com\/fr\/wp-json\/wp\/v2\/posts\/28035"}],"collection":[{"href":"https:\/\/www.vsveicolispeciali.com\/fr\/wp-json\/wp\/v2\/posts"}],"about":[{"href":"https:\/\/www.vsveicolispeciali.com\/fr\/wp-json\/wp\/v2\/types\/post"}],"author":[{"embeddable":true,"href":"https:\/\/www.vsveicolispeciali.com\/fr\/wp-json\/wp\/v2\/users\/1001012"}],"replies":[{"embeddable":true,"href":"https:\/\/www.vsveicolispeciali.com\/fr\/wp-json\/wp\/v2\/comments?post=28035"}],"version-history":[{"count":4,"href":"https:\/\/www.vsveicolispeciali.com\/fr\/wp-json\/wp\/v2\/posts\/28035\/revisions"}],"predecessor-version":[{"id":28039,"href":"https:\/\/www.vsveicolispeciali.com\/fr\/wp-json\/wp\/v2\/posts\/28035\/revisions\/28039"}],"wp:featuredmedia":[{"embeddable":true,"href":"https:\/\/www.vsveicolispeciali.com\/fr\/wp-json\/wp\/v2\/media\/28025"}],"wp:attachment":[{"href":"https:\/\/www.vsveicolispeciali.com\/fr\/wp-json\/wp\/v2\/media?parent=28035"}],"wp:term":[{"taxonomy":"category","embeddable":true,"href":"https:\/\/www.vsveicolispeciali.com\/fr\/wp-json\/wp\/v2\/categories?post=28035"},{"taxonomy":"post_tag","embeddable":true,"href":"https:\/\/www.vsveicolispeciali.com\/fr\/wp-json\/wp\/v2\/tags?post=28035"}],"curies":[{"name":"wp","href":"https:\/\/api.w.org\/{rel}","templated":true}]}}