{"id":27861,"date":"2025-04-27T16:23:23","date_gmt":"2025-04-27T14:23:23","guid":{"rendered":"https:\/\/www.vsveicolispeciali.com\/mercato-dei-food-truck-in-germania-austria-e-svizzera-tedesca\/"},"modified":"2025-05-29T12:58:20","modified_gmt":"2025-05-29T10:58:20","slug":"marche-des-food-trucks-en-allemagne-autriche-et-suisse-alemanique","status":"publish","type":"post","link":"https:\/\/www.vsveicolispeciali.com\/fr\/marche-des-food-trucks-en-allemagne-autriche-et-suisse-alemanique\/","title":{"rendered":"Le march\u00e9 des food trucks en Allemagne, Autriche et Suisse al\u00e9manique"},"content":{"rendered":"<p>Au c\u0153ur de l\u2019<strong>Europe centrale<\/strong>, la culture du <a href=\"https:\/\/www.vsveicolispeciali.com\/fr\/12-street-foods-tres-populaires-en-europe\/\" target=\"_blank\" rel=\"noopener\">street food<\/a> a trouv\u00e9 un terrain fertile pour \u00e9voluer dans une perspective contemporaine.<\/p>\n<p><strong>L&rsquo;Allemagne, l&rsquo;Autriche et la Suisse al\u00e9manique<\/strong> repr\u00e9sentent aujourd&rsquo;hui un \u00e9cosyst\u00e8me particuli\u00e8rement dynamique pour ceux qui op\u00e8rent dans le secteur des food trucks, gr\u00e2ce \u00e0 une combinaison gagnante de tradition gastronomique et d&rsquo;innovation entrepreneuriale.<\/p>\n<p>&nbsp;&nbsp;<\/p>\n<h2>Street food entre tradition et modernit\u00e9<\/h2>\n<p>Dans les <strong>pays germanophones<\/strong>, le street food n&rsquo;est pas une simple mode passag\u00e8re, mais fait partie int\u00e9grante de la culture urbaine contemporaine.<\/p>\n<p>L&rsquo;<strong>Allemagne poss\u00e8de une longue tradition de nourriture de rue<\/strong>, bien au-del\u00e0 des c\u00e9l\u00e8bres Currywurst et Bratwurst des foires populaires.<\/p>\n<p>Dans des villes comme <strong>Berlin, Hambourg et Cologne<\/strong>, de nombreux entrepreneurs du secteur de la restauration, mais aussi d&rsquo;autres domaines, ont lanc\u00e9 des projets dans le street food et les services de catering comme solutions pour \u00e9tendre leur pr\u00e9sence et renforcer leur image de marque.<\/p>\n<p>En Autriche, la tradition des kiosques s&rsquo;est transform\u00e9e en projets itin\u00e9rants qui savent conjuguer le go\u00fbt de l&rsquo;esth\u00e9tique et la valorisation des produits locaux. <strong>Vienne, Graz et Salzbourg<\/strong> se distinguent par la vari\u00e9t\u00e9 de leurs propositions gastronomiques et d&rsquo;\u00e9v\u00e9nements d\u00e9di\u00e9s au street food et \u00e0 la gastronomie. Les food trucks ne sont plus de simples kiosques sur roues, mais de v\u00e9ritables stations culinaires itin\u00e9rantes offrant des exp\u00e9riences gastronomiques originales.<\/p>\n<p>La Suisse al\u00e9manique, quant \u00e0 elle, b\u00e9n\u00e9ficie d&rsquo;une client\u00e8le attentive \u00e0 la qualit\u00e9 et \u00e0 la durabilit\u00e9, en parfaite ad\u00e9quation avec les caract\u00e9ristiques d&rsquo;un food truck bien con\u00e7u. \u00c0 <strong>Zurich, B\u00e2le et Lucerne<\/strong>, les food trucks font d\u00e9sormais partie int\u00e9grante du tissu urbain, gr\u00e2ce aussi \u00e0 l&rsquo;enthousiasme des Suisses pour les solutions mobiles originales et bien pens\u00e9es.<\/p>\n<p>&nbsp;&nbsp;<\/p>\n<h2>Pourquoi le march\u00e9 germanophone est-il particuli\u00e8rement favorable aux food trucks ?<\/h2>\n<p>Pour au moins cinq raisons.<\/p>\n<p><strong>Un cadre r\u00e9glementaire clair et bien d\u00e9fini<\/strong>, qui rassure les entrepreneurs et valorise les investissements ainsi que les nouvelles id\u00e9es.<\/p>\n<p><strong>Stabilit\u00e9 \u00e9conomique et fort pouvoir d&rsquo;achat<\/strong>: un contexte qui r\u00e9compense ceux qui proposent des produits de qualit\u00e9 et des formats innovants.<\/p>\n<p><strong>Une demande consciente et orient\u00e9e vers la qualit\u00e9<\/strong>: le consommateur germanophone moyen est curieux, exigeant et pr\u00eat \u00e0 investir dans des exp\u00e9riences gastronomiques authentiques.<\/p>\n<p><a href=\"https:\/\/www.vsveicolispeciali.com\/wp-content\/uploads\/2025\/04\/andis-arancini-ape-piaggio-food-truck.jpg\"><img loading=\"lazy\" decoding=\"async\" src=\"https:\/\/www.vsveicolispeciali.com\/wp-content\/uploads\/2025\/04\/andis-arancini-ape-piaggio-food-truck.jpg\" alt=\"andis arancini ape piaggio food truck \u00e0 Vienne\" width=\"1099\" height=\"731\" class=\"alignleft size-full wp-image-27843\" srcset=\"https:\/\/www.vsveicolispeciali.com\/wp-content\/uploads\/2025\/04\/andis-arancini-ape-piaggio-food-truck.jpg 1099w, https:\/\/www.vsveicolispeciali.com\/wp-content\/uploads\/2025\/04\/andis-arancini-ape-piaggio-food-truck-300x200.jpg 300w, https:\/\/www.vsveicolispeciali.com\/wp-content\/uploads\/2025\/04\/andis-arancini-ape-piaggio-food-truck-1024x681.jpg 1024w, https:\/\/www.vsveicolispeciali.com\/wp-content\/uploads\/2025\/04\/andis-arancini-ape-piaggio-food-truck-768x511.jpg 768w, https:\/\/www.vsveicolispeciali.com\/wp-content\/uploads\/2025\/04\/andis-arancini-ape-piaggio-food-truck-700x466.jpg 700w\" sizes=\"(max-width: 1099px) 100vw, 1099px\" \/><\/a><\/p>\n<p><strong>Une attention croissante port\u00e9e au design et \u00e0 la personnalisation<\/strong>, qui rend les <a href=\"https:\/\/www.vsveicolispeciali.com\/fr\/food-truck-et-design-duo-desormais-populaire-grace-a-vs-veicoli-speciali\/\" rel=\"noopener\" target=\"_blank\">food trucks esth\u00e9tiquement \u00e9labor\u00e9s<\/a> particuli\u00e8rement attractifs pour les clients.<\/p>\n<p><strong>Un r\u00e9seau bien \u00e9tabli d&rsquo;\u00e9v\u00e9nements, de march\u00e9s et de festivals th\u00e9matiques<\/strong>, qui garantit des opportunit\u00e9s commerciales et un retour sur investissement m\u00eame pour les nouvelles entreprises.<\/p>\n<p>&nbsp;&nbsp;<\/p>\n<h2>De nombreux \u00e9v\u00e9nements o\u00f9 le food truck est \u00e0 l&rsquo;honneur<\/h2>\n<p>En Autriche, en Allemagne et en Suisse al\u00e9manique, le secteur gastronomique est anim\u00e9 par un <strong>solide r\u00e9seau d&rsquo;\u00e9v\u00e9nements et de festivals de street food<\/strong>, qui constituent une vitrine importante pour les op\u00e9rateurs:<\/p>\n<ul class=\"lista\">\n<li><strong>Street Food Festival (dans plusieurs villes d&rsquo;Allemagne)<\/strong>: un circuit itin\u00e9rant qui parcourt les principales villes allemandes, accueillant des centaines de camions venus de toute l&rsquo;Europe ;<\/li>\n<li><strong>Eat &amp; Style (Hambourg, Stuttgart) <\/strong>: un salon gastronomique comprenant une importante section d\u00e9di\u00e9e au street food mobile et au design de food trucks ;<\/li>\n<li><strong>Karlsruhe Food Truck Convention<\/strong>: un \u00e9v\u00e9nement plus orient\u00e9 vers les professionnels du secteur, o\u00f9 sont discut\u00e9es les innovations techniques et les tendances futures ;<\/li>\n<li><strong>Wiener Genuss Festival (Vienne)<\/strong>: \u00e9v\u00e9nement de r\u00e9f\u00e9rence en Autriche, avec une forte pr\u00e9sence de food trucks locaux et internationaux ;<\/li>\n<li><strong>European Street Food Festival (Vienne)<\/strong>: le plus grand \u00e9v\u00e9nement de street food d&rsquo;Autriche, avec une large gamme de cuisines internationales et locales ;<\/li>\n<li><strong>Street Food Festival Z\u00fcrich<\/strong>: l&rsquo;un des plus grands de Suisse, accueillant chaque ann\u00e9e des dizaines de food trucks et des milliers de visiteurs ;<\/li>\n<li><strong>Streetfood Festival Basel (B\u00e2le)<\/strong>: se tenant sur la Messeplatz, en plein centre-ville, cet \u00e9v\u00e9nement folklorique propose de nombreux stands et food trucks offrant une cuisine internationale dans une ambiance festive et conviviale.<\/li>\n<li><strong>Geneva Street Food Festival<\/strong>: une occasion parfaite pour d\u00e9couvrir <a href=\"https:\/\/www.vsveicolispeciali.com\/fr\/les-food-trucks-de-geneve-achetes-a-turin-une-magie-signee-vs\/\" rel=\"noopener\" target=\"_blank\">la diversit\u00e9 culinaire genevoise<\/a> et vivre de nouvelles exp\u00e9riences gustatives dans un cadre urbain dynamique.<\/li>\n<\/ul>\n<p>&nbsp;<\/p>\n<p>Cette liste comprend des festivals tr\u00e8s r\u00e9put\u00e9s auxquels s&rsquo;ajoutent de nombreux <strong>\u00e9v\u00e9nements plus petits<\/strong> r\u00e9partis sur l&rsquo;ensemble de la zone germanophone.<\/p>\n<p>Les entreprises qui participent \u00e0 ces \u00e9v\u00e9nements ne se contentent pas de vendre des produits : elles font la promotion de leur marque, testent de nouveaux concepts et recueillent des retours d&rsquo;exp\u00e9rience pr\u00e9cieux.<\/p>\n<p>&nbsp;&nbsp;<\/p>\n<h2>La contribution de VS : des food trucks haut de gamme pour se d\u00e9marquer de la concurrence<\/h2>\n<p><em>VS Veicoli Speciali<\/em> est sp\u00e9cialis\u00e9e dans la conception et la fabrication de <a href=\"https:\/\/www.vsveicolispeciali.com\/fr\/comment-on-certifie-un-camion-restaurant-conforme-a-la-reglementation-sanitaire\/\" target=\"_blank\" rel=\"noopener\">food trucks homologu\u00e9s<\/a> pour circuler et op\u00e9rer en Allemagne, en Autriche et en Suisse al\u00e9manique.<\/p>\n<p>Chaque v\u00e9hicule est construit dans le <a href=\"https:\/\/www.vsveicolispeciali.com\/fr\/ingredients-pour-un-bon-food-truck\/\" target=\"_blank\" rel=\"noopener\">respect des r\u00e9glementations routi\u00e8res et sanitaires en vigueur<\/a>, y compris celles relatives aux installations \u00e9lectriques, aux syst\u00e8mes de ventilation, aux certifications alimentaires et \u00e0 la s\u00e9curit\u00e9.<\/p>\n<p><strong>Nous travaillons en \u00e9troite collaboration avec chaque client<\/strong> pour d\u00e9velopper un v\u00e9hicule fonctionnel, dot\u00e9 d&rsquo;une forte identit\u00e9 de marque et parfaitement align\u00e9 avec les standards requis par chaque pays.<\/p>\n<p>Qu&rsquo;il s&rsquo;agisse d&rsquo;un projet unique ou d&rsquo;une flotte pour une marque d\u00e9j\u00e0 bien \u00e9tablie, nous proposons des solutions cl\u00e9s en main, avec une <strong>assistance compl\u00e8te<\/strong> sur le design, les mat\u00e9riaux, les \u00e9quipements et autres options.<\/p>\n<p>Dans un march\u00e9 de plus en plus exigeant et comp\u00e9titif, nous croyons que <strong>la personnalisation et la qualit\u00e9<\/strong> font toute la diff\u00e9rence.<\/p>\n<p>Voici quelques EXEMPLES de <strong>food trucks r\u00e9alis\u00e9s pour l&rsquo;Allemagne, l&rsquo;Autriche et la Suisse al\u00e9manique<\/strong>.<\/p>\n<p>&nbsp;<\/p>\n<h3>ALLEMAGNE<\/h3>\n<p>&nbsp;<br \/>\n<a href=\"https:\/\/www.vsveicolispeciali.com\/fr\/street-food-truck\/pizzeria-mobile-360-street-food\/\" target=\"_blank\" rel=\"noopener\">360 Street Food<\/a><br \/>\n<a href=\"https:\/\/www.vsveicolispeciali.com\/wp-content\/uploads\/2025\/04\/foodtruck-360-streetfood.jpg\"><img loading=\"lazy\" decoding=\"async\" class=\"alignleft size-full wp-image-27814\" src=\"https:\/\/www.vsveicolispeciali.com\/wp-content\/uploads\/2025\/04\/foodtruck-360-streetfood.jpg\" alt=\"Pizzeria Mobile 360 Street Food\" width=\"810\" height=\"540\" srcset=\"https:\/\/www.vsveicolispeciali.com\/wp-content\/uploads\/2025\/04\/foodtruck-360-streetfood.jpg 810w, https:\/\/www.vsveicolispeciali.com\/wp-content\/uploads\/2025\/04\/foodtruck-360-streetfood-300x200.jpg 300w, https:\/\/www.vsveicolispeciali.com\/wp-content\/uploads\/2025\/04\/foodtruck-360-streetfood-768x512.jpg 768w, https:\/\/www.vsveicolispeciali.com\/wp-content\/uploads\/2025\/04\/foodtruck-360-streetfood-700x467.jpg 700w\" sizes=\"(max-width: 810px) 100vw, 810px\" \/><\/a><\/p>\n<p>&nbsp;<\/p>\n<p><a href=\"https:\/\/www.vsveicolispeciali.com\/fr\/street-food-truck\/piaggio-triporteur-magasin-ambulant-amenage-pour-le-commerce-itinerant\/\" target=\"_blank\" rel=\"noopener\">Orangerie<\/a><br \/>\n<a href=\"https:\/\/www.vsveicolispeciali.com\/wp-content\/uploads\/2018\/11\/negozio-su-tre-ruote-piaggio.jpg\"><img loading=\"lazy\" decoding=\"async\" class=\"alignleft size-full wp-image-8417\" src=\"https:\/\/www.vsveicolispeciali.com\/wp-content\/uploads\/2018\/11\/negozio-su-tre-ruote-piaggio.jpg\" alt=\"Magasin ambulante Ape Piaggio en Allemagne\" width=\"1000\" height=\"800\" srcset=\"https:\/\/www.vsveicolispeciali.com\/wp-content\/uploads\/2018\/11\/negozio-su-tre-ruote-piaggio.jpg 1000w, https:\/\/www.vsveicolispeciali.com\/wp-content\/uploads\/2018\/11\/negozio-su-tre-ruote-piaggio-300x240.jpg 300w, https:\/\/www.vsveicolispeciali.com\/wp-content\/uploads\/2018\/11\/negozio-su-tre-ruote-piaggio-768x614.jpg 768w, https:\/\/www.vsveicolispeciali.com\/wp-content\/uploads\/2018\/11\/negozio-su-tre-ruote-piaggio-700x560.jpg 700w\" sizes=\"(max-width: 1000px) 100vw, 1000px\" \/><\/a><br \/>\n&nbsp;<\/p>\n<p><a href=\"https:\/\/www.vsveicolispeciali.com\/fr\/street-food-truck\/piaggio-triporteur-ambulant-italien-ciao-italia\/\" target=\"_blank\" rel=\"noopener\">Ciao Italia<\/a><br \/>\n<a href=\"https:\/\/www.vsveicolispeciali.com\/wp-content\/uploads\/2025\/04\/ciao-italia-ape-foodtruck.jpg\"><img loading=\"lazy\" decoding=\"async\" class=\"alignleft size-full wp-image-27818\" src=\"https:\/\/www.vsveicolispeciali.com\/wp-content\/uploads\/2025\/04\/ciao-italia-ape-foodtruck.jpg\" alt=\"ciao italia ape piaggio food truck\" width=\"810\" height=\"608\" srcset=\"https:\/\/www.vsveicolispeciali.com\/wp-content\/uploads\/2025\/04\/ciao-italia-ape-foodtruck.jpg 810w, https:\/\/www.vsveicolispeciali.com\/wp-content\/uploads\/2025\/04\/ciao-italia-ape-foodtruck-300x225.jpg 300w, https:\/\/www.vsveicolispeciali.com\/wp-content\/uploads\/2025\/04\/ciao-italia-ape-foodtruck-768x576.jpg 768w, https:\/\/www.vsveicolispeciali.com\/wp-content\/uploads\/2025\/04\/ciao-italia-ape-foodtruck-800x600.jpg 800w, https:\/\/www.vsveicolispeciali.com\/wp-content\/uploads\/2025\/04\/ciao-italia-ape-foodtruck-700x525.jpg 700w\" sizes=\"(max-width: 810px) 100vw, 810px\" \/><\/a><\/p>\n<p>&nbsp;<\/p>\n<p><a href=\"https:\/\/www.vsveicolispeciali.com\/fr\/street-food-truck\/food-truck-glaces-eiswerkstatt\/\" target=\"_blank\" rel=\"noopener\">Eiswerkstatt<\/a><br \/>\n<a href=\"https:\/\/www.vsveicolispeciali.com\/wp-content\/uploads\/2024\/12\/vendeur-glace-ambulant-eiswerkstaat.jpg\"><img loading=\"lazy\" decoding=\"async\" class=\"alignleft size-full wp-image-27336\" src=\"https:\/\/www.vsveicolispeciali.com\/wp-content\/uploads\/2024\/12\/vendeur-glace-ambulant-eiswerkstaat.jpg\" alt=\"Eiswerkstatt food truck glaces\" width=\"810\" height=\"608\" srcset=\"https:\/\/www.vsveicolispeciali.com\/wp-content\/uploads\/2024\/12\/vendeur-glace-ambulant-eiswerkstaat.jpg 810w, https:\/\/www.vsveicolispeciali.com\/wp-content\/uploads\/2024\/12\/vendeur-glace-ambulant-eiswerkstaat-300x225.jpg 300w, https:\/\/www.vsveicolispeciali.com\/wp-content\/uploads\/2024\/12\/vendeur-glace-ambulant-eiswerkstaat-768x576.jpg 768w, https:\/\/www.vsveicolispeciali.com\/wp-content\/uploads\/2024\/12\/vendeur-glace-ambulant-eiswerkstaat-800x600.jpg 800w, https:\/\/www.vsveicolispeciali.com\/wp-content\/uploads\/2024\/12\/vendeur-glace-ambulant-eiswerkstaat-700x525.jpg 700w\" sizes=\"(max-width: 810px) 100vw, 810px\" \/><\/a><\/p>\n<p>&nbsp;<\/p>\n<p><a href=\"https:\/\/www.vsveicolispeciali.com\/fr\/street-food-truck\/triporteur-cafe-ambulant-la-lela\/\" target=\"_blank\" rel=\"noopener\">La Lela<\/a><br \/>\n<a href=\"https:\/\/www.vsveicolispeciali.com\/wp-content\/uploads\/2020\/12\/coffee-truck-caffe-la-lela.jpg\"><img loading=\"lazy\" decoding=\"async\" class=\"alignleft size-full wp-image-13892\" src=\"https:\/\/www.vsveicolispeciali.com\/wp-content\/uploads\/2020\/12\/coffee-truck-caffe-la-lela.jpg\" alt=\"coffee truck la lela\" width=\"1000\" height=\"800\" srcset=\"https:\/\/www.vsveicolispeciali.com\/wp-content\/uploads\/2020\/12\/coffee-truck-caffe-la-lela.jpg 1000w, https:\/\/www.vsveicolispeciali.com\/wp-content\/uploads\/2020\/12\/coffee-truck-caffe-la-lela-300x240.jpg 300w, https:\/\/www.vsveicolispeciali.com\/wp-content\/uploads\/2020\/12\/coffee-truck-caffe-la-lela-768x614.jpg 768w, https:\/\/www.vsveicolispeciali.com\/wp-content\/uploads\/2020\/12\/coffee-truck-caffe-la-lela-700x560.jpg 700w\" sizes=\"(max-width: 1000px) 100vw, 1000px\" \/><\/a><\/p>\n<p>&nbsp;<\/p>\n<p><a href=\"https:\/\/www.vsveicolispeciali.com\/fr\/street-food-truck\/ape-food-truck-v-curve-stuttgart\/\" target=\"_blank\" rel=\"noopener\">Parma Food<\/a><br \/>\n<a href=\"https:\/\/www.vsveicolispeciali.com\/wp-content\/uploads\/2016\/09\/Ape_Street_Food_ParmaMen\u00f9_01-1.jpg\"><img loading=\"lazy\" decoding=\"async\" src=\"https:\/\/www.vsveicolispeciali.com\/wp-content\/uploads\/2016\/09\/Ape_Street_Food_ParmaMen\u00f9_01-1.jpg\" alt=\"parma food truck allemagne\" width=\"1000\" height=\"800\" class=\"alignleft size-full wp-image-2977\" srcset=\"https:\/\/www.vsveicolispeciali.com\/wp-content\/uploads\/2016\/09\/Ape_Street_Food_ParmaMen\u00f9_01-1.jpg 1000w, https:\/\/www.vsveicolispeciali.com\/wp-content\/uploads\/2016\/09\/Ape_Street_Food_ParmaMen\u00f9_01-1-300x240.jpg 300w, https:\/\/www.vsveicolispeciali.com\/wp-content\/uploads\/2016\/09\/Ape_Street_Food_ParmaMen\u00f9_01-1-768x614.jpg 768w, https:\/\/www.vsveicolispeciali.com\/wp-content\/uploads\/2016\/09\/Ape_Street_Food_ParmaMen\u00f9_01-1-700x560.jpg 700w\" sizes=\"(max-width: 1000px) 100vw, 1000px\" \/><\/a><\/p>\n<p>&nbsp;<\/p>\n<p>Der Bar<br \/>\n<a href=\"https:\/\/www.vsveicolispeciali.com\/wp-content\/uploads\/2025\/04\/der-bar-food-truck.jpg\"><img loading=\"lazy\" decoding=\"async\" class=\"alignleft size-full wp-image-27802\" src=\"https:\/\/www.vsveicolispeciali.com\/wp-content\/uploads\/2025\/04\/der-bar-food-truck.jpg\" alt=\"der bar food truck vendu en Allemagne et fabriqu\u00e9 sur NV Food Truck\" width=\"810\" height=\"456\" srcset=\"https:\/\/www.vsveicolispeciali.com\/wp-content\/uploads\/2025\/04\/der-bar-food-truck.jpg 810w, https:\/\/www.vsveicolispeciali.com\/wp-content\/uploads\/2025\/04\/der-bar-food-truck-300x169.jpg 300w, https:\/\/www.vsveicolispeciali.com\/wp-content\/uploads\/2025\/04\/der-bar-food-truck-768x432.jpg 768w, https:\/\/www.vsveicolispeciali.com\/wp-content\/uploads\/2025\/04\/der-bar-food-truck-700x394.jpg 700w, https:\/\/www.vsveicolispeciali.com\/wp-content\/uploads\/2025\/04\/der-bar-food-truck-539x303.jpg 539w\" sizes=\"(max-width: 810px) 100vw, 810px\" \/><\/a><\/p>\n<p>&nbsp;<\/p>\n<p><a href=\"https:\/\/www.vsveicolispeciali.com\/wp-content\/uploads\/2025\/04\/ape-food-truck-deutch.jpg\"><img loading=\"lazy\" decoding=\"async\" class=\"alignleft size-full wp-image-27798\" src=\"https:\/\/www.vsveicolispeciali.com\/wp-content\/uploads\/2025\/04\/ape-food-truck-deutch.jpg\" alt=\"ape food truck allemagne\" width=\"810\" height=\"675\" srcset=\"https:\/\/www.vsveicolispeciali.com\/wp-content\/uploads\/2025\/04\/ape-food-truck-deutch.jpg 810w, https:\/\/www.vsveicolispeciali.com\/wp-content\/uploads\/2025\/04\/ape-food-truck-deutch-300x250.jpg 300w, https:\/\/www.vsveicolispeciali.com\/wp-content\/uploads\/2025\/04\/ape-food-truck-deutch-768x640.jpg 768w, https:\/\/www.vsveicolispeciali.com\/wp-content\/uploads\/2025\/04\/ape-food-truck-deutch-700x583.jpg 700w\" sizes=\"(max-width: 810px) 100vw, 810px\" \/><\/a><\/p>\n<p>&nbsp;<\/p>\n<h3>AUSTRIA<\/h3>\n<p>&nbsp;<br \/>\n<a href=\"https:\/\/www.vsveicolispeciali.com\/fr\/street-food-truck\/cocktail-truck-aperol-spritz\/\" target=\"_blank\" rel=\"noopener\">Aperol Spritz<\/a><br \/>\n<a href=\"https:\/\/www.vsveicolispeciali.com\/wp-content\/uploads\/2023\/07\/cocktail-bar-truck-aperol-spritz.jpg\"><img loading=\"lazy\" decoding=\"async\" src=\"https:\/\/www.vsveicolispeciali.com\/wp-content\/uploads\/2023\/07\/cocktail-bar-truck-aperol-spritz.jpg\" alt=\"cocktail-bar truck aperol spritz\" width=\"1000\" height=\"800\" class=\"alignleft size-full wp-image-23684\" srcset=\"https:\/\/www.vsveicolispeciali.com\/wp-content\/uploads\/2023\/07\/cocktail-bar-truck-aperol-spritz.jpg 1000w, https:\/\/www.vsveicolispeciali.com\/wp-content\/uploads\/2023\/07\/cocktail-bar-truck-aperol-spritz-300x240.jpg 300w, https:\/\/www.vsveicolispeciali.com\/wp-content\/uploads\/2023\/07\/cocktail-bar-truck-aperol-spritz-768x614.jpg 768w, https:\/\/www.vsveicolispeciali.com\/wp-content\/uploads\/2023\/07\/cocktail-bar-truck-aperol-spritz-700x560.jpg 700w\" sizes=\"(max-width: 1000px) 100vw, 1000px\" \/><\/a><\/p>\n<p>&nbsp;<\/p>\n<p><a href=\"https:\/\/www.vsveicolispeciali.com\/fr\/street-food-truck\/piaggio-food-truck-andis-arancini\/\" target=\"_blank\" rel=\"noopener\">Andis Arancini<\/a><br \/>\n<a href=\"https:\/\/www.vsveicolispeciali.com\/wp-content\/uploads\/2025\/04\/andis-arancini-ape-piaggio-foodtruck.jpeg\"><img loading=\"lazy\" decoding=\"async\" class=\"alignleft size-full wp-image-27810\" src=\"https:\/\/www.vsveicolispeciali.com\/wp-content\/uploads\/2025\/04\/andis-arancini-ape-piaggio-foodtruck.jpeg\" alt=\"Andis Arancini ape piaggio street food\" width=\"949\" height=\"949\" srcset=\"https:\/\/www.vsveicolispeciali.com\/wp-content\/uploads\/2025\/04\/andis-arancini-ape-piaggio-foodtruck.jpeg 949w, https:\/\/www.vsveicolispeciali.com\/wp-content\/uploads\/2025\/04\/andis-arancini-ape-piaggio-foodtruck-300x300.jpeg 300w, https:\/\/www.vsveicolispeciali.com\/wp-content\/uploads\/2025\/04\/andis-arancini-ape-piaggio-foodtruck-150x150.jpeg 150w, https:\/\/www.vsveicolispeciali.com\/wp-content\/uploads\/2025\/04\/andis-arancini-ape-piaggio-foodtruck-768x768.jpeg 768w, https:\/\/www.vsveicolispeciali.com\/wp-content\/uploads\/2025\/04\/andis-arancini-ape-piaggio-foodtruck-570x570.jpeg 570w, https:\/\/www.vsveicolispeciali.com\/wp-content\/uploads\/2025\/04\/andis-arancini-ape-piaggio-foodtruck-500x500.jpeg 500w, https:\/\/www.vsveicolispeciali.com\/wp-content\/uploads\/2025\/04\/andis-arancini-ape-piaggio-foodtruck-700x700.jpeg 700w\" sizes=\"(max-width: 949px) 100vw, 949px\" \/><\/a><\/p>\n<p>&nbsp;<\/p>\n<h3>SUISSE ALLEMANDE<\/h3>\n<p>&nbsp;<br \/>\n<a href=\"https:\/\/www.vsveicolispeciali.com\/fr\/street-food-truck\/petit-biere-truck-joseph-kolb\/\" target=\"_blank\" rel=\"noopener\">Joseph Kolb AG<\/a><br \/>\n<a href=\"https:\/\/www.vsveicolispeciali.com\/wp-content\/uploads\/2025\/04\/ale-house-bier-wagen.jpg\"><img loading=\"lazy\" decoding=\"async\" src=\"https:\/\/www.vsveicolispeciali.com\/wp-content\/uploads\/2025\/04\/ale-house-bier-wagen.jpg\" alt=\"alehouse Joseph Kolb AG ape biere truck\" width=\"810\" height=\"609\" class=\"alignleft size-full wp-image-27806\" srcset=\"https:\/\/www.vsveicolispeciali.com\/wp-content\/uploads\/2025\/04\/ale-house-bier-wagen.jpg 810w, https:\/\/www.vsveicolispeciali.com\/wp-content\/uploads\/2025\/04\/ale-house-bier-wagen-300x226.jpg 300w, https:\/\/www.vsveicolispeciali.com\/wp-content\/uploads\/2025\/04\/ale-house-bier-wagen-768x577.jpg 768w, https:\/\/www.vsveicolispeciali.com\/wp-content\/uploads\/2025\/04\/ale-house-bier-wagen-800x600.jpg 800w, https:\/\/www.vsveicolispeciali.com\/wp-content\/uploads\/2025\/04\/ale-house-bier-wagen-700x526.jpg 700w\" sizes=\"(max-width: 810px) 100vw, 810px\" \/><\/a><\/p>\n<p>&nbsp;<\/p>\n<p><a href=\"https:\/\/www.vsveicolispeciali.com\/fr\/street-food-truck\/triporteur-cafe-electrique-piaggio-ape-smart\/\" target=\"_blank\" rel=\"noopener\">Unternehmen Mitte<\/a><br \/>\n<a href=\"https:\/\/www.vsveicolispeciali.com\/wp-content\/uploads\/2025\/04\/unternehmen-mitte-foodtruck-ape.jpg\"><img loading=\"lazy\" decoding=\"async\" src=\"https:\/\/www.vsveicolispeciali.com\/wp-content\/uploads\/2025\/04\/unternehmen-mitte-foodtruck-ape.jpg\" alt=\"unternehmen mitte food truck ape piaggio\" width=\"810\" height=\"1013\" class=\"alignleft size-full wp-image-27823\" srcset=\"https:\/\/www.vsveicolispeciali.com\/wp-content\/uploads\/2025\/04\/unternehmen-mitte-foodtruck-ape.jpg 810w, https:\/\/www.vsveicolispeciali.com\/wp-content\/uploads\/2025\/04\/unternehmen-mitte-foodtruck-ape-240x300.jpg 240w, https:\/\/www.vsveicolispeciali.com\/wp-content\/uploads\/2025\/04\/unternehmen-mitte-foodtruck-ape-768x960.jpg 768w, https:\/\/www.vsveicolispeciali.com\/wp-content\/uploads\/2025\/04\/unternehmen-mitte-foodtruck-ape-700x875.jpg 700w\" sizes=\"(max-width: 810px) 100vw, 810px\" \/><\/a><\/p>\n<p>&nbsp;<\/p>\n<p><a href=\"https:\/\/www.vsveicolispeciali.com\/fr\/street-food-truck\/food-truck-ducato-fiat-gabriele-suisse\/\" target=\"_blank\" rel=\"noopener\">Gabriele<\/a><br \/>\n<a href=\"https:\/\/www.vsveicolispeciali.com\/wp-content\/uploads\/2025\/04\/foodtruck-gabriele-switzerland.jpg\"><img loading=\"lazy\" decoding=\"async\" src=\"https:\/\/www.vsveicolispeciali.com\/wp-content\/uploads\/2025\/04\/foodtruck-gabriele-switzerland.jpg\" alt=\"food truck gabriele suisse\" width=\"810\" height=\"477\" class=\"alignleft size-full wp-image-27827\" srcset=\"https:\/\/www.vsveicolispeciali.com\/wp-content\/uploads\/2025\/04\/foodtruck-gabriele-switzerland.jpg 810w, https:\/\/www.vsveicolispeciali.com\/wp-content\/uploads\/2025\/04\/foodtruck-gabriele-switzerland-300x177.jpg 300w, https:\/\/www.vsveicolispeciali.com\/wp-content\/uploads\/2025\/04\/foodtruck-gabriele-switzerland-768x452.jpg 768w, https:\/\/www.vsveicolispeciali.com\/wp-content\/uploads\/2025\/04\/foodtruck-gabriele-switzerland-700x412.jpg 700w\" sizes=\"(max-width: 810px) 100vw, 810px\" \/><\/a><\/p>\n<p>&nbsp;<\/p>\n<p><a href=\"https:\/\/www.vsveicolispeciali.com\/fr\/street-food-truck\/camion-pizza-da-salvo-economique-food-truck\/\" target=\"_blank\" rel=\"noopener\">Pizza Da Salvo<\/a><br \/>\n<a href=\"https:\/\/www.vsveicolispeciali.com\/wp-content\/uploads\/2025\/04\/foodtruck-pizza-da-salvo.jpg\"><img loading=\"lazy\" decoding=\"async\" src=\"https:\/\/www.vsveicolispeciali.com\/wp-content\/uploads\/2025\/04\/foodtruck-pizza-da-salvo.jpg\" alt=\"food truck pizza da salvo\" width=\"810\" height=\"551\" class=\"alignleft size-full wp-image-27831\" srcset=\"https:\/\/www.vsveicolispeciali.com\/wp-content\/uploads\/2025\/04\/foodtruck-pizza-da-salvo.jpg 810w, https:\/\/www.vsveicolispeciali.com\/wp-content\/uploads\/2025\/04\/foodtruck-pizza-da-salvo-300x204.jpg 300w, https:\/\/www.vsveicolispeciali.com\/wp-content\/uploads\/2025\/04\/foodtruck-pizza-da-salvo-768x522.jpg 768w, https:\/\/www.vsveicolispeciali.com\/wp-content\/uploads\/2025\/04\/foodtruck-pizza-da-salvo-700x476.jpg 700w\" sizes=\"(max-width: 810px) 100vw, 810px\" \/><\/a><\/p>\n<p>&nbsp;<\/p>\n<p><a href=\"https:\/\/www.vsveicolispeciali.com\/fr\/street-food-truck\/food-truck-creperie-triporteur-zurich\/\" target=\"_blank\" rel=\"noopener\">La Creperie Switzerland<\/a><br \/>\n<a href=\"https:\/\/www.vsveicolispeciali.com\/wp-content\/uploads\/2024\/09\/ape-la-creperie-switzerland-zurich.jpg\"><img loading=\"lazy\" decoding=\"async\" src=\"https:\/\/www.vsveicolispeciali.com\/wp-content\/uploads\/2024\/09\/ape-la-creperie-switzerland-zurich.jpg\" alt=\"ape la creperie switzerland \u00e0 Zurich\" width=\"810\" height=\"710\" class=\"alignleft size-full wp-image-26384\" srcset=\"https:\/\/www.vsveicolispeciali.com\/wp-content\/uploads\/2024\/09\/ape-la-creperie-switzerland-zurich.jpg 810w, https:\/\/www.vsveicolispeciali.com\/wp-content\/uploads\/2024\/09\/ape-la-creperie-switzerland-zurich-300x263.jpg 300w, https:\/\/www.vsveicolispeciali.com\/wp-content\/uploads\/2024\/09\/ape-la-creperie-switzerland-zurich-768x673.jpg 768w, https:\/\/www.vsveicolispeciali.com\/wp-content\/uploads\/2024\/09\/ape-la-creperie-switzerland-zurich-700x614.jpg 700w\" sizes=\"(max-width: 810px) 100vw, 810px\" \/><\/a><\/p>\n<p>&nbsp;<\/p>\n<p><a href=\"https:\/\/www.vsveicolispeciali.com\/fr\/street-food-truck\/food-truck-pates-fraiches-pastardo\/\" target=\"_blank\" rel=\"noopener\">Pastardo<\/a><br \/>\n<a href=\"https:\/\/www.vsveicolispeciali.com\/wp-content\/uploads\/2025\/04\/pastardo-pasta-foodtruck.jpg\"><img loading=\"lazy\" decoding=\"async\" src=\"https:\/\/www.vsveicolispeciali.com\/wp-content\/uploads\/2025\/04\/pastardo-pasta-foodtruck.jpg\" alt=\"pastardo pasta food truck\" width=\"810\" height=\"810\" class=\"alignleft size-full wp-image-27835\" srcset=\"https:\/\/www.vsveicolispeciali.com\/wp-content\/uploads\/2025\/04\/pastardo-pasta-foodtruck.jpg 810w, https:\/\/www.vsveicolispeciali.com\/wp-content\/uploads\/2025\/04\/pastardo-pasta-foodtruck-300x300.jpg 300w, https:\/\/www.vsveicolispeciali.com\/wp-content\/uploads\/2025\/04\/pastardo-pasta-foodtruck-150x150.jpg 150w, https:\/\/www.vsveicolispeciali.com\/wp-content\/uploads\/2025\/04\/pastardo-pasta-foodtruck-768x768.jpg 768w, https:\/\/www.vsveicolispeciali.com\/wp-content\/uploads\/2025\/04\/pastardo-pasta-foodtruck-570x570.jpg 570w, https:\/\/www.vsveicolispeciali.com\/wp-content\/uploads\/2025\/04\/pastardo-pasta-foodtruck-500x500.jpg 500w, https:\/\/www.vsveicolispeciali.com\/wp-content\/uploads\/2025\/04\/pastardo-pasta-foodtruck-700x700.jpg 700w\" sizes=\"(max-width: 810px) 100vw, 810px\" \/><\/a><\/p>\n<p>&nbsp;<\/p>\n<p><a href=\"https:\/\/www.vsveicolispeciali.com\/fr\/street-food-truck\/camion-boutique-renault-hugo-reitzel\/\" target=\"_blank\" rel=\"noopener\">Hugo Reitzel<\/a><br \/>\n<a href=\"https:\/\/www.vsveicolispeciali.com\/wp-content\/uploads\/2023\/03\/food-truck-hugo-reitzel-sottaceti.jpeg\"><img loading=\"lazy\" decoding=\"async\" src=\"https:\/\/www.vsveicolispeciali.com\/wp-content\/uploads\/2023\/03\/food-truck-hugo-reitzel-sottaceti.jpeg\" alt=\"food truck hugo reitzel\" width=\"960\" height=\"721\" class=\"alignleft size-full wp-image-21988\" srcset=\"https:\/\/www.vsveicolispeciali.com\/wp-content\/uploads\/2023\/03\/food-truck-hugo-reitzel-sottaceti.jpeg 960w, https:\/\/www.vsveicolispeciali.com\/wp-content\/uploads\/2023\/03\/food-truck-hugo-reitzel-sottaceti-300x225.jpeg 300w, https:\/\/www.vsveicolispeciali.com\/wp-content\/uploads\/2023\/03\/food-truck-hugo-reitzel-sottaceti-768x577.jpeg 768w, https:\/\/www.vsveicolispeciali.com\/wp-content\/uploads\/2023\/03\/food-truck-hugo-reitzel-sottaceti-800x600.jpeg 800w, https:\/\/www.vsveicolispeciali.com\/wp-content\/uploads\/2023\/03\/food-truck-hugo-reitzel-sottaceti-700x526.jpeg 700w\" sizes=\"(max-width: 960px) 100vw, 960px\" \/><\/a><\/p>\n<p>&nbsp;<\/p>\n<p><a href=\"https:\/\/www.vsveicolispeciali.com\/fr\/street-food-truck\/mercedes-food-truck-kitchenette-zurich\/\" target=\"_blank\" rel=\"noopener\">Kitchenette<\/a><br \/>\n<a href=\"https:\/\/www.vsveicolispeciali.com\/wp-content\/uploads\/2018\/02\/food-truck-mercedes-kitchenette-zurigo.jpg\"><img loading=\"lazy\" decoding=\"async\" src=\"https:\/\/www.vsveicolispeciali.com\/wp-content\/uploads\/2018\/02\/food-truck-mercedes-kitchenette-zurigo.jpg\" alt=\"kitchenette est un food truck mercedes vert qui op\u00e8re dans le commerce de rue \u00e0 Zurich\" width=\"800\" height=\"537\" class=\"alignleft size-full wp-image-6403\" srcset=\"https:\/\/www.vsveicolispeciali.com\/wp-content\/uploads\/2018\/02\/food-truck-mercedes-kitchenette-zurigo.jpg 800w, https:\/\/www.vsveicolispeciali.com\/wp-content\/uploads\/2018\/02\/food-truck-mercedes-kitchenette-zurigo-300x201.jpg 300w, https:\/\/www.vsveicolispeciali.com\/wp-content\/uploads\/2018\/02\/food-truck-mercedes-kitchenette-zurigo-768x516.jpg 768w, https:\/\/www.vsveicolispeciali.com\/wp-content\/uploads\/2018\/02\/food-truck-mercedes-kitchenette-zurigo-700x470.jpg 700w\" sizes=\"(max-width: 800px) 100vw, 800px\" \/><\/a><\/p>\n<p>&nbsp;&nbsp;<\/p>\n\n\t\t<style type=\"text\/css\">\n\t\t\t#gallery-1 {\n\t\t\t\tmargin: auto;\n\t\t\t}\n\t\t\t#gallery-1 .gallery-item {\n\t\t\t\tfloat: left;\n\t\t\t\tmargin-top: 10px;\n\t\t\t\ttext-align: center;\n\t\t\t\twidth: 33%;\n\t\t\t}\n\t\t\t#gallery-1 img {\n\t\t\t\tborder: 2px solid #cfcfcf;\n\t\t\t}\n\t\t\t#gallery-1 .gallery-caption {\n\t\t\t\tmargin-left: 0;\n\t\t\t}\n\t\t\t\/* see gallery_shortcode() in wp-includes\/media.php *\/\n\t\t<\/style>\n\t\t<div id='gallery-1' class='gallery galleryid-27861 gallery-columns-3 gallery-size-thumbnail'><dl class='gallery-item'>\n\t\t\t<dt class='gallery-icon landscape'>\n\t\t\t\t<a href='https:\/\/www.vsveicolispeciali.com\/fr\/pasta-foodtruck-gabriele-streetfood-2\/'><img loading=\"lazy\" decoding=\"async\" width=\"150\" height=\"150\" src=\"https:\/\/www.vsveicolispeciali.com\/wp-content\/uploads\/2025\/04\/pasta-foodtruck-gabriele-streetfood-150x150.jpg\" class=\"attachment-thumbnail size-thumbnail\" alt=\"pasta food truck gabriele street food en Suisse\" srcset=\"https:\/\/www.vsveicolispeciali.com\/wp-content\/uploads\/2025\/04\/pasta-foodtruck-gabriele-streetfood-150x150.jpg 150w, https:\/\/www.vsveicolispeciali.com\/wp-content\/uploads\/2025\/04\/pasta-foodtruck-gabriele-streetfood-570x570.jpg 570w, https:\/\/www.vsveicolispeciali.com\/wp-content\/uploads\/2025\/04\/pasta-foodtruck-gabriele-streetfood-500x500.jpg 500w, https:\/\/www.vsveicolispeciali.com\/wp-content\/uploads\/2025\/04\/pasta-foodtruck-gabriele-streetfood-1000x1000.jpg 1000w\" sizes=\"(max-width: 150px) 100vw, 150px\" \/><\/a>\n\t\t\t<\/dt><\/dl>\n\t\t\t<br style='clear: both' \/>\n\t\t<\/div>\n\n","protected":false},"excerpt":{"rendered":"<p>Au c\u0153ur de l\u2019Europe centrale, la culture du street food a trouv\u00e9 un terrain fertile pour \u00e9voluer dans une perspective contemporaine. L&rsquo;Allemagne, l&rsquo;Autriche et la Suisse al\u00e9manique repr\u00e9sentent aujourd&rsquo;hui un \u00e9cosyst\u00e8me particuli\u00e8rement dynamique pour ceux qui op\u00e8rent dans le secteur des food trucks, gr\u00e2ce \u00e0&#8230;<\/p>\n","protected":false},"author":1001012,"featured_media":27841,"comment_status":"closed","ping_status":"open","sticky":false,"template":"","format":"gallery","meta":{"footnotes":""},"categories":[27],"tags":[213,483,551],"class_list":["post-27861","post","type-post","status-publish","format-gallery","has-post-thumbnail","hentry","category-news-fr","tag-food-truck-evenementiel","tag-food-truck-suisse","tag-food-truck-allemagne","post_format-post-format-gallery"],"yoast_head":"<!-- This site is optimized with the Yoast SEO plugin v25.4 - https:\/\/yoast.com\/wordpress\/plugins\/seo\/ -->\n<title>Le March\u00e9 des Food Trucks en Allemagne, Autriche et Suisse al\u00e9manique<\/title>\n<meta name=\"description\" content=\"Dans les pays germanophones, il existe une riche tradition de cuisine de rue et un march\u00e9 de food trucks florissant. D\u00e9couvrez le meilleur &gt;\" \/>\n<meta name=\"robots\" content=\"index, follow, max-snippet:-1, max-image-preview:large, max-video-preview:-1\" \/>\n<link rel=\"canonical\" href=\"https:\/\/www.vsveicolispeciali.com\/fr\/marche-des-food-trucks-en-allemagne-autriche-et-suisse-alemanique\/\" \/>\n<meta property=\"og:locale\" content=\"fr_FR\" \/>\n<meta property=\"og:type\" content=\"article\" \/>\n<meta property=\"og:title\" content=\"Le March\u00e9 des Food Trucks en Allemagne, Autriche et Suisse al\u00e9manique\" \/>\n<meta property=\"og:description\" content=\"Dans les pays germanophones, il existe une riche tradition de cuisine de rue et un march\u00e9 de food trucks florissant. D\u00e9couvrez le meilleur &gt;\" \/>\n<meta property=\"og:url\" content=\"https:\/\/www.vsveicolispeciali.com\/fr\/marche-des-food-trucks-en-allemagne-autriche-et-suisse-alemanique\/\" \/>\n<meta property=\"og:site_name\" content=\"VS Veicoli Speciali\" \/>\n<meta property=\"article:publisher\" content=\"https:\/\/www.facebook.com\/VSVeicoliSpeciali.Food.Trucks\/\" \/>\n<meta property=\"article:published_time\" content=\"2025-04-27T14:23:23+00:00\" \/>\n<meta property=\"article:modified_time\" content=\"2025-05-29T10:58:20+00:00\" \/>\n<meta property=\"og:image\" content=\"https:\/\/www.vsveicolispeciali.com\/wp-content\/uploads\/2025\/04\/pasta-foodtruck-gabriele-streetfood.jpg\" \/>\n\t<meta property=\"og:image:width\" content=\"1200\" \/>\n\t<meta property=\"og:image:height\" content=\"1010\" \/>\n\t<meta property=\"og:image:type\" content=\"image\/jpeg\" \/>\n<meta name=\"author\" content=\"VS Veicoli Speciali\" \/>\n<meta name=\"twitter:card\" content=\"summary_large_image\" \/>\n<meta name=\"twitter:creator\" content=\"@veicolispeciali\" \/>\n<meta name=\"twitter:site\" content=\"@veicolispeciali\" \/>\n<meta name=\"twitter:label1\" content=\"\u00c9crit par\" \/>\n\t<meta name=\"twitter:data1\" content=\"VS Veicoli Speciali\" \/>\n\t<meta name=\"twitter:label2\" content=\"Dur\u00e9e de lecture estim\u00e9e\" \/>\n\t<meta name=\"twitter:data2\" content=\"9 minutes\" \/>\n<script type=\"application\/ld+json\" class=\"yoast-schema-graph\">{\"@context\":\"https:\/\/schema.org\",\"@graph\":[{\"@type\":\"Article\",\"@id\":\"https:\/\/www.vsveicolispeciali.com\/fr\/marche-des-food-trucks-en-allemagne-autriche-et-suisse-alemanique\/#article\",\"isPartOf\":{\"@id\":\"https:\/\/www.vsveicolispeciali.com\/fr\/marche-des-food-trucks-en-allemagne-autriche-et-suisse-alemanique\/\"},\"author\":{\"name\":\"VS Veicoli Speciali\",\"@id\":\"https:\/\/www.vsveicolispeciali.com\/fr\/#\/schema\/person\/1241826d792bde4333b3db1395b12be9\"},\"headline\":\"Le march\u00e9 des food trucks en Allemagne, Autriche et Suisse al\u00e9manique\",\"datePublished\":\"2025-04-27T14:23:23+00:00\",\"dateModified\":\"2025-05-29T10:58:20+00:00\",\"mainEntityOfPage\":{\"@id\":\"https:\/\/www.vsveicolispeciali.com\/fr\/marche-des-food-trucks-en-allemagne-autriche-et-suisse-alemanique\/\"},\"wordCount\":1068,\"publisher\":{\"@id\":\"https:\/\/www.vsveicolispeciali.com\/fr\/#organization\"},\"image\":{\"@id\":\"https:\/\/www.vsveicolispeciali.com\/fr\/marche-des-food-trucks-en-allemagne-autriche-et-suisse-alemanique\/#primaryimage\"},\"thumbnailUrl\":\"https:\/\/www.vsveicolispeciali.com\/wp-content\/uploads\/2025\/04\/pasta-foodtruck-gabriele-streetfood.jpg\",\"keywords\":[\"food truck \u00e9v\u00e9nementiel\",\"food truck suisse\",\"food truck allemagne\"],\"articleSection\":[\"News\"],\"inLanguage\":\"fr-FR\"},{\"@type\":\"WebPage\",\"@id\":\"https:\/\/www.vsveicolispeciali.com\/fr\/marche-des-food-trucks-en-allemagne-autriche-et-suisse-alemanique\/\",\"url\":\"https:\/\/www.vsveicolispeciali.com\/fr\/marche-des-food-trucks-en-allemagne-autriche-et-suisse-alemanique\/\",\"name\":\"Le March\u00e9 des Food Trucks en Allemagne, Autriche et Suisse al\u00e9manique\",\"isPartOf\":{\"@id\":\"https:\/\/www.vsveicolispeciali.com\/fr\/#website\"},\"primaryImageOfPage\":{\"@id\":\"https:\/\/www.vsveicolispeciali.com\/fr\/marche-des-food-trucks-en-allemagne-autriche-et-suisse-alemanique\/#primaryimage\"},\"image\":{\"@id\":\"https:\/\/www.vsveicolispeciali.com\/fr\/marche-des-food-trucks-en-allemagne-autriche-et-suisse-alemanique\/#primaryimage\"},\"thumbnailUrl\":\"https:\/\/www.vsveicolispeciali.com\/wp-content\/uploads\/2025\/04\/pasta-foodtruck-gabriele-streetfood.jpg\",\"datePublished\":\"2025-04-27T14:23:23+00:00\",\"dateModified\":\"2025-05-29T10:58:20+00:00\",\"description\":\"Dans les pays germanophones, il existe une riche tradition de cuisine de rue et un march\u00e9 de food trucks florissant. D\u00e9couvrez le meilleur >\",\"breadcrumb\":{\"@id\":\"https:\/\/www.vsveicolispeciali.com\/fr\/marche-des-food-trucks-en-allemagne-autriche-et-suisse-alemanique\/#breadcrumb\"},\"inLanguage\":\"fr-FR\",\"potentialAction\":[{\"@type\":\"ReadAction\",\"target\":[\"https:\/\/www.vsveicolispeciali.com\/fr\/marche-des-food-trucks-en-allemagne-autriche-et-suisse-alemanique\/\"]}]},{\"@type\":\"ImageObject\",\"inLanguage\":\"fr-FR\",\"@id\":\"https:\/\/www.vsveicolispeciali.com\/fr\/marche-des-food-trucks-en-allemagne-autriche-et-suisse-alemanique\/#primaryimage\",\"url\":\"https:\/\/www.vsveicolispeciali.com\/wp-content\/uploads\/2025\/04\/pasta-foodtruck-gabriele-streetfood.jpg\",\"contentUrl\":\"https:\/\/www.vsveicolispeciali.com\/wp-content\/uploads\/2025\/04\/pasta-foodtruck-gabriele-streetfood.jpg\",\"width\":1200,\"height\":1010,\"caption\":\"pasta food truck gabriele street food en Suisse\"},{\"@type\":\"BreadcrumbList\",\"@id\":\"https:\/\/www.vsveicolispeciali.com\/fr\/marche-des-food-trucks-en-allemagne-autriche-et-suisse-alemanique\/#breadcrumb\",\"itemListElement\":[{\"@type\":\"ListItem\",\"position\":1,\"name\":\"Home\",\"item\":\"https:\/\/www.vsveicolispeciali.com\/fr\/\"},{\"@type\":\"ListItem\",\"position\":2,\"name\":\"Le march\u00e9 des food trucks en Allemagne, Autriche et Suisse al\u00e9manique\"}]},{\"@type\":\"WebSite\",\"@id\":\"https:\/\/www.vsveicolispeciali.com\/fr\/#website\",\"url\":\"https:\/\/www.vsveicolispeciali.com\/fr\/\",\"name\":\"VS Veicoli Speciali\",\"description\":\"\",\"publisher\":{\"@id\":\"https:\/\/www.vsveicolispeciali.com\/fr\/#organization\"},\"potentialAction\":[{\"@type\":\"SearchAction\",\"target\":{\"@type\":\"EntryPoint\",\"urlTemplate\":\"https:\/\/www.vsveicolispeciali.com\/fr\/?s={search_term_string}\"},\"query-input\":{\"@type\":\"PropertyValueSpecification\",\"valueRequired\":true,\"valueName\":\"search_term_string\"}}],\"inLanguage\":\"fr-FR\"},{\"@type\":\"Organization\",\"@id\":\"https:\/\/www.vsveicolispeciali.com\/fr\/#organization\",\"name\":\"VS Veicoli Speciali\",\"url\":\"https:\/\/www.vsveicolispeciali.com\/fr\/\",\"logo\":{\"@type\":\"ImageObject\",\"inLanguage\":\"fr-FR\",\"@id\":\"https:\/\/www.vsveicolispeciali.com\/fr\/#\/schema\/logo\/image\/\",\"url\":\"http:\/\/www.vsveicolispeciali.com\/wp-content\/uploads\/2015\/05\/vs_veicoli_speciali-logo.png\",\"contentUrl\":\"http:\/\/www.vsveicolispeciali.com\/wp-content\/uploads\/2015\/05\/vs_veicoli_speciali-logo.png\",\"width\":252,\"height\":134,\"caption\":\"VS Veicoli Speciali\"},\"image\":{\"@id\":\"https:\/\/www.vsveicolispeciali.com\/fr\/#\/schema\/logo\/image\/\"},\"sameAs\":[\"https:\/\/www.facebook.com\/VSVeicoliSpeciali.Food.Trucks\/\",\"https:\/\/x.com\/veicolispeciali\",\"https:\/\/www.instagram.com\/vs_veicolispeciali\/\",\"https:\/\/www.linkedin.com\/company\/2811960\/\",\"https:\/\/www.pinterest.com\/streetfoodtruck\/\",\"https:\/\/www.youtube.com\/user\/veicolispeciali\"]},{\"@type\":\"Person\",\"@id\":\"https:\/\/www.vsveicolispeciali.com\/fr\/#\/schema\/person\/1241826d792bde4333b3db1395b12be9\",\"name\":\"VS Veicoli Speciali\",\"image\":{\"@type\":\"ImageObject\",\"inLanguage\":\"fr-FR\",\"@id\":\"https:\/\/www.vsveicolispeciali.com\/fr\/#\/schema\/person\/image\/\",\"url\":\"https:\/\/secure.gravatar.com\/avatar\/4ea93278e71ba140dbbbfb5d34409507?s=96&d=mm&r=g\",\"contentUrl\":\"https:\/\/secure.gravatar.com\/avatar\/4ea93278e71ba140dbbbfb5d34409507?s=96&d=mm&r=g\",\"caption\":\"VS Veicoli Speciali\"}}]}<\/script>\n<!-- \/ Yoast SEO plugin. -->","yoast_head_json":{"title":"Le March\u00e9 des Food Trucks en Allemagne, Autriche et Suisse al\u00e9manique","description":"Dans les pays germanophones, il existe une riche tradition de cuisine de rue et un march\u00e9 de food trucks florissant. D\u00e9couvrez le meilleur >","robots":{"index":"index","follow":"follow","max-snippet":"max-snippet:-1","max-image-preview":"max-image-preview:large","max-video-preview":"max-video-preview:-1"},"canonical":"https:\/\/www.vsveicolispeciali.com\/fr\/marche-des-food-trucks-en-allemagne-autriche-et-suisse-alemanique\/","og_locale":"fr_FR","og_type":"article","og_title":"Le March\u00e9 des Food Trucks en Allemagne, Autriche et Suisse al\u00e9manique","og_description":"Dans les pays germanophones, il existe une riche tradition de cuisine de rue et un march\u00e9 de food trucks florissant. D\u00e9couvrez le meilleur >","og_url":"https:\/\/www.vsveicolispeciali.com\/fr\/marche-des-food-trucks-en-allemagne-autriche-et-suisse-alemanique\/","og_site_name":"VS Veicoli Speciali","article_publisher":"https:\/\/www.facebook.com\/VSVeicoliSpeciali.Food.Trucks\/","article_published_time":"2025-04-27T14:23:23+00:00","article_modified_time":"2025-05-29T10:58:20+00:00","og_image":[{"width":1200,"height":1010,"url":"https:\/\/www.vsveicolispeciali.com\/wp-content\/uploads\/2025\/04\/pasta-foodtruck-gabriele-streetfood.jpg","type":"image\/jpeg"}],"author":"VS Veicoli Speciali","twitter_card":"summary_large_image","twitter_creator":"@veicolispeciali","twitter_site":"@veicolispeciali","twitter_misc":{"\u00c9crit par":"VS Veicoli Speciali","Dur\u00e9e de lecture estim\u00e9e":"9 minutes"},"schema":{"@context":"https:\/\/schema.org","@graph":[{"@type":"Article","@id":"https:\/\/www.vsveicolispeciali.com\/fr\/marche-des-food-trucks-en-allemagne-autriche-et-suisse-alemanique\/#article","isPartOf":{"@id":"https:\/\/www.vsveicolispeciali.com\/fr\/marche-des-food-trucks-en-allemagne-autriche-et-suisse-alemanique\/"},"author":{"name":"VS Veicoli Speciali","@id":"https:\/\/www.vsveicolispeciali.com\/fr\/#\/schema\/person\/1241826d792bde4333b3db1395b12be9"},"headline":"Le march\u00e9 des food trucks en Allemagne, Autriche et Suisse al\u00e9manique","datePublished":"2025-04-27T14:23:23+00:00","dateModified":"2025-05-29T10:58:20+00:00","mainEntityOfPage":{"@id":"https:\/\/www.vsveicolispeciali.com\/fr\/marche-des-food-trucks-en-allemagne-autriche-et-suisse-alemanique\/"},"wordCount":1068,"publisher":{"@id":"https:\/\/www.vsveicolispeciali.com\/fr\/#organization"},"image":{"@id":"https:\/\/www.vsveicolispeciali.com\/fr\/marche-des-food-trucks-en-allemagne-autriche-et-suisse-alemanique\/#primaryimage"},"thumbnailUrl":"https:\/\/www.vsveicolispeciali.com\/wp-content\/uploads\/2025\/04\/pasta-foodtruck-gabriele-streetfood.jpg","keywords":["food truck \u00e9v\u00e9nementiel","food truck suisse","food truck allemagne"],"articleSection":["News"],"inLanguage":"fr-FR"},{"@type":"WebPage","@id":"https:\/\/www.vsveicolispeciali.com\/fr\/marche-des-food-trucks-en-allemagne-autriche-et-suisse-alemanique\/","url":"https:\/\/www.vsveicolispeciali.com\/fr\/marche-des-food-trucks-en-allemagne-autriche-et-suisse-alemanique\/","name":"Le March\u00e9 des Food Trucks en Allemagne, Autriche et Suisse al\u00e9manique","isPartOf":{"@id":"https:\/\/www.vsveicolispeciali.com\/fr\/#website"},"primaryImageOfPage":{"@id":"https:\/\/www.vsveicolispeciali.com\/fr\/marche-des-food-trucks-en-allemagne-autriche-et-suisse-alemanique\/#primaryimage"},"image":{"@id":"https:\/\/www.vsveicolispeciali.com\/fr\/marche-des-food-trucks-en-allemagne-autriche-et-suisse-alemanique\/#primaryimage"},"thumbnailUrl":"https:\/\/www.vsveicolispeciali.com\/wp-content\/uploads\/2025\/04\/pasta-foodtruck-gabriele-streetfood.jpg","datePublished":"2025-04-27T14:23:23+00:00","dateModified":"2025-05-29T10:58:20+00:00","description":"Dans les pays germanophones, il existe une riche tradition de cuisine de rue et un march\u00e9 de food trucks florissant. D\u00e9couvrez le meilleur >","breadcrumb":{"@id":"https:\/\/www.vsveicolispeciali.com\/fr\/marche-des-food-trucks-en-allemagne-autriche-et-suisse-alemanique\/#breadcrumb"},"inLanguage":"fr-FR","potentialAction":[{"@type":"ReadAction","target":["https:\/\/www.vsveicolispeciali.com\/fr\/marche-des-food-trucks-en-allemagne-autriche-et-suisse-alemanique\/"]}]},{"@type":"ImageObject","inLanguage":"fr-FR","@id":"https:\/\/www.vsveicolispeciali.com\/fr\/marche-des-food-trucks-en-allemagne-autriche-et-suisse-alemanique\/#primaryimage","url":"https:\/\/www.vsveicolispeciali.com\/wp-content\/uploads\/2025\/04\/pasta-foodtruck-gabriele-streetfood.jpg","contentUrl":"https:\/\/www.vsveicolispeciali.com\/wp-content\/uploads\/2025\/04\/pasta-foodtruck-gabriele-streetfood.jpg","width":1200,"height":1010,"caption":"pasta food truck gabriele street food en Suisse"},{"@type":"BreadcrumbList","@id":"https:\/\/www.vsveicolispeciali.com\/fr\/marche-des-food-trucks-en-allemagne-autriche-et-suisse-alemanique\/#breadcrumb","itemListElement":[{"@type":"ListItem","position":1,"name":"Home","item":"https:\/\/www.vsveicolispeciali.com\/fr\/"},{"@type":"ListItem","position":2,"name":"Le march\u00e9 des food trucks en Allemagne, Autriche et Suisse al\u00e9manique"}]},{"@type":"WebSite","@id":"https:\/\/www.vsveicolispeciali.com\/fr\/#website","url":"https:\/\/www.vsveicolispeciali.com\/fr\/","name":"VS Veicoli Speciali","description":"","publisher":{"@id":"https:\/\/www.vsveicolispeciali.com\/fr\/#organization"},"potentialAction":[{"@type":"SearchAction","target":{"@type":"EntryPoint","urlTemplate":"https:\/\/www.vsveicolispeciali.com\/fr\/?s={search_term_string}"},"query-input":{"@type":"PropertyValueSpecification","valueRequired":true,"valueName":"search_term_string"}}],"inLanguage":"fr-FR"},{"@type":"Organization","@id":"https:\/\/www.vsveicolispeciali.com\/fr\/#organization","name":"VS Veicoli Speciali","url":"https:\/\/www.vsveicolispeciali.com\/fr\/","logo":{"@type":"ImageObject","inLanguage":"fr-FR","@id":"https:\/\/www.vsveicolispeciali.com\/fr\/#\/schema\/logo\/image\/","url":"http:\/\/www.vsveicolispeciali.com\/wp-content\/uploads\/2015\/05\/vs_veicoli_speciali-logo.png","contentUrl":"http:\/\/www.vsveicolispeciali.com\/wp-content\/uploads\/2015\/05\/vs_veicoli_speciali-logo.png","width":252,"height":134,"caption":"VS Veicoli Speciali"},"image":{"@id":"https:\/\/www.vsveicolispeciali.com\/fr\/#\/schema\/logo\/image\/"},"sameAs":["https:\/\/www.facebook.com\/VSVeicoliSpeciali.Food.Trucks\/","https:\/\/x.com\/veicolispeciali","https:\/\/www.instagram.com\/vs_veicolispeciali\/","https:\/\/www.linkedin.com\/company\/2811960\/","https:\/\/www.pinterest.com\/streetfoodtruck\/","https:\/\/www.youtube.com\/user\/veicolispeciali"]},{"@type":"Person","@id":"https:\/\/www.vsveicolispeciali.com\/fr\/#\/schema\/person\/1241826d792bde4333b3db1395b12be9","name":"VS Veicoli Speciali","image":{"@type":"ImageObject","inLanguage":"fr-FR","@id":"https:\/\/www.vsveicolispeciali.com\/fr\/#\/schema\/person\/image\/","url":"https:\/\/secure.gravatar.com\/avatar\/4ea93278e71ba140dbbbfb5d34409507?s=96&d=mm&r=g","contentUrl":"https:\/\/secure.gravatar.com\/avatar\/4ea93278e71ba140dbbbfb5d34409507?s=96&d=mm&r=g","caption":"VS Veicoli Speciali"}}]}},"_links":{"self":[{"href":"https:\/\/www.vsveicolispeciali.com\/fr\/wp-json\/wp\/v2\/posts\/27861"}],"collection":[{"href":"https:\/\/www.vsveicolispeciali.com\/fr\/wp-json\/wp\/v2\/posts"}],"about":[{"href":"https:\/\/www.vsveicolispeciali.com\/fr\/wp-json\/wp\/v2\/types\/post"}],"author":[{"embeddable":true,"href":"https:\/\/www.vsveicolispeciali.com\/fr\/wp-json\/wp\/v2\/users\/1001012"}],"replies":[{"embeddable":true,"href":"https:\/\/www.vsveicolispeciali.com\/fr\/wp-json\/wp\/v2\/comments?post=27861"}],"version-history":[{"count":3,"href":"https:\/\/www.vsveicolispeciali.com\/fr\/wp-json\/wp\/v2\/posts\/27861\/revisions"}],"predecessor-version":[{"id":28054,"href":"https:\/\/www.vsveicolispeciali.com\/fr\/wp-json\/wp\/v2\/posts\/27861\/revisions\/28054"}],"wp:featuredmedia":[{"embeddable":true,"href":"https:\/\/www.vsveicolispeciali.com\/fr\/wp-json\/wp\/v2\/media\/27841"}],"wp:attachment":[{"href":"https:\/\/www.vsveicolispeciali.com\/fr\/wp-json\/wp\/v2\/media?parent=27861"}],"wp:term":[{"taxonomy":"category","embeddable":true,"href":"https:\/\/www.vsveicolispeciali.com\/fr\/wp-json\/wp\/v2\/categories?post=27861"},{"taxonomy":"post_tag","embeddable":true,"href":"https:\/\/www.vsveicolispeciali.com\/fr\/wp-json\/wp\/v2\/tags?post=27861"}],"curies":[{"name":"wp","href":"https:\/\/api.w.org\/{rel}","templated":true}]}}