{"id":26567,"date":"2024-10-10T20:51:43","date_gmt":"2024-10-10T18:51:43","guid":{"rendered":"https:\/\/www.vsveicolispeciali.com\/autonegozio-di-abbigliamento-il-prototipo-di-tutti-gli-autonegozi-ambulanti\/"},"modified":"2024-12-18T18:26:20","modified_gmt":"2024-12-18T17:26:20","slug":"camion-magasin-vetement-le-prototype-de-tous-les-magasins-ambulants","status":"publish","type":"post","link":"https:\/\/www.vsveicolispeciali.com\/fr\/camion-magasin-vetement-le-prototype-de-tous-les-magasins-ambulants\/","title":{"rendered":"Camion magasin de v\u00eatements : le prototype de tous les magasins ambulants"},"content":{"rendered":"<p>Dans le domaine du commerce ambulant, il existe <strong>deux grandes cat\u00e9gories de v\u00e9hicules<\/strong> : les camions-magasins alimentaires (ou food trucks) et les camions-magasins non alimentaires.<\/p>\n<p>Parmi ces derniers, les plus repr\u00e9sentatifs sont les <strong>camions-magasins de v\u00eatements et accessoires de mode<\/strong>, mais les cat\u00e9gories de produits qui peuvent \u00eatre vendus \u00e0 partir de v\u00e9hicules sp\u00e9cialement am\u00e9nag\u00e9s pour l&rsquo;exposition et la vente sont nombreuses :<\/p>\n<ul class=\"lista\">\n<li><a href=\"https:\/\/www.vsveicolispeciali.com\/fr\/camions-boutiques-pour-societes-de-cosmetiques-et-fabricants-de-parfums\/\" rel=\"noopener\" target=\"_blank\">Produits cosm\u00e9tiques, tels que parfums, maquillage, cr\u00e8mes et produits de beaut\u00e9<\/a> ;<\/li>\n<li>Livres et magazines (camions-librerie et kiosques ambulants) ;<\/li>\n<li>Fleurs et plantes ;<\/li>\n<li>Articles artisanaux, tels que bijoux, bracelets, colliers, objets d\u00e9coratifs, etc. ;<\/li>\n<li>Articles pour la maison, tissus, d\u00e9corations, mobilier ;<\/li>\n<li>Jeux et jouets, \u00e9ducatifs, jeux de soci\u00e9t\u00e9, d\u00e9guisements pour enfants ;<\/li>\n<li>\u00c9lectronique et accessoires technologiques, tels que smartphones, casques, enceintes, etc. ;<\/li>\n<li>Accessoires de sport, pour le cyclisme, la gym, le ski, etc. ;<\/li>\n<li>Accessoires pour animaux ;<\/li>\n<li>Art, comme des peintures, sculptures, photographies (camions-galeries d\u2019art et expositions itin\u00e9rantes) ;<\/li>\n<li>Instruments de musique ;<\/li>\n<li>Outils et articles de bricolage ;<\/li>\n<li>Etc.<\/li>\n<\/ul>\n<p>&nbsp;<\/p>\n<p>Il existe \u00e9galement des <a href=\"https:\/\/www.vsveicolispeciali.com\/fr\/amenagement-vehicules-magasin-commerce-ambulant\/\" rel=\"noopener\" target=\"_blank\">camions magasins<\/a> qui vendent et promeuvent des services :<\/p>\n<ul class=\"lista\">\n<li>Tatouages et piercings ;<\/li>\n<li>Coiffeurs ambulants et salons de beaut\u00e9 mobiles ;<\/li>\n<li>Cin\u00e9mas itin\u00e9rants et th\u00e9\u00e2tres mobiles ;<\/li>\n<li>Conseils et services professionnels, dans le domaine juridique, de l\u2019assurance, etc.<\/li>\n<\/ul>\n<p>&nbsp;<br \/>\n<a href=\"https:\/\/www.vsveicolispeciali.com\/wp-content\/uploads\/2018\/04\/noleggio-ape-per-tour-promozionale-legg-mason.jpg\"><img loading=\"lazy\" decoding=\"async\" src=\"https:\/\/www.vsveicolispeciali.com\/wp-content\/uploads\/2018\/04\/noleggio-ape-per-tour-promozionale-legg-mason.jpg\" alt=\"camion magasin pour la tourn\u00e9e promotionnelle de Legg Mason\" width=\"800\" height=\"450\" class=\"alignleft size-full wp-image-6616\" srcset=\"https:\/\/www.vsveicolispeciali.com\/wp-content\/uploads\/2018\/04\/noleggio-ape-per-tour-promozionale-legg-mason.jpg 800w, https:\/\/www.vsveicolispeciali.com\/wp-content\/uploads\/2018\/04\/noleggio-ape-per-tour-promozionale-legg-mason-300x169.jpg 300w, https:\/\/www.vsveicolispeciali.com\/wp-content\/uploads\/2018\/04\/noleggio-ape-per-tour-promozionale-legg-mason-768x432.jpg 768w, https:\/\/www.vsveicolispeciali.com\/wp-content\/uploads\/2018\/04\/noleggio-ape-per-tour-promozionale-legg-mason-700x394.jpg 700w, https:\/\/www.vsveicolispeciali.com\/wp-content\/uploads\/2018\/04\/noleggio-ape-per-tour-promozionale-legg-mason-539x303.jpg 539w\" sizes=\"(max-width: 800px) 100vw, 800px\" \/><\/a><br \/>\n&nbsp;<br \/>\nDans tous les cas, le camion magasin peut fonctionner comme un v\u00e9ritable boutique pour la vente de produits et de services, mais aussi comme un outil promotionnel pour <strong>donner de la visibilit\u00e9 \u00e0 la marque<\/strong>.<\/p>\n<p>Il n\u2019est pas surprenant que les <strong>marques de luxe<\/strong> utilisent souvent des camions-magasins \u00e0 des fins de <strong>marketing non conventionnel<\/strong>.<\/p>\n<p>Lorsque l\u2019intention publicitaire pr\u00e9vaut, le camion-magasin peut \u00eatre encore mieux d\u00e9fini comme un <a href=\"https:\/\/www.vsveicolispeciali.com\/fr\/amenagement-vehicules-magasin-commerce-ambulant\/boutique-nomade-camion-evenementiel\/\" target=\"_blank\" rel=\"noopener\">promo truck<\/a>, soulignant ainsi son <strong>usage promotionnel<\/strong>.<\/p>\n<p>&nbsp;&nbsp;<\/p>\n<h2>Comment les marques de v\u00eatements exploitent-elles les camions magasins ?<\/h2>\n<p>&nbsp;<\/p>\n<p>Les marques de mode tirent parti de la force communicative des camions magasins pour accro\u00eetre leur visibilit\u00e9 et <strong>capter l&rsquo;attention du public<\/strong>, dans un monde o\u00f9 la concurrence est f\u00e9roce.<\/p>\n<p><a href=\"https:\/\/www.vsveicolispeciali.com\/fr\/street-food-truck\/fashion-truck-vintage-christian-dior\/\" rel=\"noopener\" target=\"_blank\">Christian Dior<\/a><br \/>\n<a href=\"https:\/\/www.vsveicolispeciali.com\/wp-content\/uploads\/2024\/08\/fashion-truck-evenementiel-christian-dior.jpg\"><img loading=\"lazy\" decoding=\"async\" src=\"https:\/\/www.vsveicolispeciali.com\/wp-content\/uploads\/2024\/08\/fashion-truck-evenementiel-christian-dior.jpg\" alt=\"camion magasin vetement christian dior\" width=\"1000\" height=\"677\" class=\"alignleft size-full wp-image-26278\" srcset=\"https:\/\/www.vsveicolispeciali.com\/wp-content\/uploads\/2024\/08\/fashion-truck-evenementiel-christian-dior.jpg 1000w, https:\/\/www.vsveicolispeciali.com\/wp-content\/uploads\/2024\/08\/fashion-truck-evenementiel-christian-dior-300x203.jpg 300w, https:\/\/www.vsveicolispeciali.com\/wp-content\/uploads\/2024\/08\/fashion-truck-evenementiel-christian-dior-768x520.jpg 768w, https:\/\/www.vsveicolispeciali.com\/wp-content\/uploads\/2024\/08\/fashion-truck-evenementiel-christian-dior-700x474.jpg 700w\" sizes=\"(max-width: 1000px) 100vw, 1000px\" \/><\/a><\/p>\n<p>Les camions-magasins de v\u00eatements ou <a href=\"https:\/\/www.vsveicolispeciali.com\/fr\/les-fashion-trucks-seduisent-les-marques-de-haute-couture\/\" target=\"_blank\" rel=\"noopener\">fashion truck<\/a> permettent d\u2019offrir une <strong>exp\u00e9rience unique<\/strong> aux clients dans des contextes souvent inaccessibles par des moyens traditionnels.<\/p>\n<p>Voyons quelques exemples.<\/p>\n<p>&nbsp;<\/p>\n<h3>\u00c9v\u00e9nements promotionnels et street marketing<\/h3>\n<p>Les camions-magasins de v\u00eatements peuvent \u00eatre utilis\u00e9s lors de tourn\u00e9es promotionnelles et de campagnes marketing. Les marques les utilisent comme des camions boutiques, d\u00e9corant le v\u00e9hicule avec le logo de la marque, des graphismes accrocheurs et des couleurs distinctives. Personnalis\u00e9s de cette mani\u00e8re, les v\u00e9hicules suscitent une curiosit\u00e9 imm\u00e9diate et attirent des clients potentiels, favorisant l\u2019interaction et le partage spontan\u00e9 de photos et vid\u00e9os sur les r\u00e9seaux sociaux.<\/p>\n<p><a href=\"https:\/\/www.vsveicolispeciali.com\/fr\/street-food-truck\/camion-vitrine-pour-la-vente-de-vetement-milan\/\" rel=\"noopener\" target=\"_blank\">Rosa Clandestino<\/a><br \/>\n<a href=\"https:\/\/www.vsveicolispeciali.com\/wp-content\/uploads\/2023\/02\/ape-rosa-clandestino-fashion-truck.jpg\"><img loading=\"lazy\" decoding=\"async\" src=\"https:\/\/www.vsveicolispeciali.com\/wp-content\/uploads\/2023\/02\/ape-rosa-clandestino-fashion-truck.jpg\" alt=\"fashion truck rosa clandestino pour la publicit\u00e9 et la vente de v\u00eatements pour femmes\" width=\"810\" height=\"510\" class=\"alignleft size-full wp-image-21519\" srcset=\"https:\/\/www.vsveicolispeciali.com\/wp-content\/uploads\/2023\/02\/ape-rosa-clandestino-fashion-truck.jpg 810w, https:\/\/www.vsveicolispeciali.com\/wp-content\/uploads\/2023\/02\/ape-rosa-clandestino-fashion-truck-300x189.jpg 300w, https:\/\/www.vsveicolispeciali.com\/wp-content\/uploads\/2023\/02\/ape-rosa-clandestino-fashion-truck-768x484.jpg 768w, https:\/\/www.vsveicolispeciali.com\/wp-content\/uploads\/2023\/02\/ape-rosa-clandestino-fashion-truck-700x441.jpg 700w\" sizes=\"(max-width: 810px) 100vw, 810px\" \/><\/a><\/p>\n<p>&nbsp;<\/p>\n<h3>Boutiques Nomades<\/h3>\n<p>Les marques de v\u00eatements utilisent \u00e9galement des camions magasins comme des boutiques nomades, c\u2019est-\u00e0-dire des magasins temporaires sur roues qui se d\u00e9placent dans diff\u00e9rentes villes ou quartiers pour participer \u00e0 des \u00e9v\u00e9nements ou se placer dans des zones \u00e0 forte affluence (comme les plages, centres commerciaux, outlets ou grands espaces d\u2019exposition et mus\u00e9es) pour une courte p\u00e9riode. Les boutiques nomades utilis\u00e9s comme stations promotionnelles itin\u00e9rantes sont un excellent outil pour tester de nouveaux march\u00e9s et attirer l\u2019attention du public sans les co\u00fbts et l\u2019engagement d\u2019un magasin fixe.<\/p>\n<p><a href=\"https:\/\/www.vsveicolispeciali.com\/wp-content\/uploads\/2024\/10\/fendi-promo-truck-piaggio-ape.jpg\"><img loading=\"lazy\" decoding=\"async\" src=\"https:\/\/www.vsveicolispeciali.com\/wp-content\/uploads\/2024\/10\/fendi-promo-truck-piaggio-ape.jpg\" alt=\"fendi promo truck un magasin de v\u00eatements pour exposer des sacs dans la cour d'un centre commercial\" width=\"1024\" height=\"769\" class=\"alignleft size-full wp-image-26531\" srcset=\"https:\/\/www.vsveicolispeciali.com\/wp-content\/uploads\/2024\/10\/fendi-promo-truck-piaggio-ape.jpg 1024w, https:\/\/www.vsveicolispeciali.com\/wp-content\/uploads\/2024\/10\/fendi-promo-truck-piaggio-ape-300x225.jpg 300w, https:\/\/www.vsveicolispeciali.com\/wp-content\/uploads\/2024\/10\/fendi-promo-truck-piaggio-ape-768x577.jpg 768w, https:\/\/www.vsveicolispeciali.com\/wp-content\/uploads\/2024\/10\/fendi-promo-truck-piaggio-ape-800x600.jpg 800w, https:\/\/www.vsveicolispeciali.com\/wp-content\/uploads\/2024\/10\/fendi-promo-truck-piaggio-ape-700x526.jpg 700w\" sizes=\"(max-width: 1024px) 100vw, 1024px\" \/><\/a><\/p>\n<p>&nbsp;<\/p>\n<h3>Participation \u00e0 des foires et festivals<\/h3>\n<p>Une autre mani\u00e8re dont les marques de v\u00eatements exploitent les camions boutiques est par leur pr\u00e9sence dans des foires et festivals. Ces \u00e9v\u00e9nements attirent de grandes foules, souvent \u00e0 la recherche de nouvelles exp\u00e9riences et produits ; un camion magasin dans ces contextes sert de stand particuli\u00e8rement attrayant, maximisant les opportunit\u00e9s de vente et de visibilit\u00e9 pour la marque.<\/p>\n<p><a href=\"https:\/\/www.vsveicolispeciali.com\/wp-content\/uploads\/2024\/10\/Jennifer-Pie-autonegozio-abbigliamento-intimo.jpg\"><img loading=\"lazy\" decoding=\"async\" src=\"https:\/\/www.vsveicolispeciali.com\/wp-content\/uploads\/2024\/10\/Jennifer-Pie-autonegozio-abbigliamento-intimo.jpg\" alt=\"Jennifer Pie boutique nomade de sous-v\u00eatements\" width=\"820\" height=\"820\" class=\"alignleft size-full wp-image-26539\" srcset=\"https:\/\/www.vsveicolispeciali.com\/wp-content\/uploads\/2024\/10\/Jennifer-Pie-autonegozio-abbigliamento-intimo.jpg 820w, https:\/\/www.vsveicolispeciali.com\/wp-content\/uploads\/2024\/10\/Jennifer-Pie-autonegozio-abbigliamento-intimo-300x300.jpg 300w, https:\/\/www.vsveicolispeciali.com\/wp-content\/uploads\/2024\/10\/Jennifer-Pie-autonegozio-abbigliamento-intimo-150x150.jpg 150w, https:\/\/www.vsveicolispeciali.com\/wp-content\/uploads\/2024\/10\/Jennifer-Pie-autonegozio-abbigliamento-intimo-768x768.jpg 768w, https:\/\/www.vsveicolispeciali.com\/wp-content\/uploads\/2024\/10\/Jennifer-Pie-autonegozio-abbigliamento-intimo-570x570.jpg 570w, https:\/\/www.vsveicolispeciali.com\/wp-content\/uploads\/2024\/10\/Jennifer-Pie-autonegozio-abbigliamento-intimo-500x500.jpg 500w, https:\/\/www.vsveicolispeciali.com\/wp-content\/uploads\/2024\/10\/Jennifer-Pie-autonegozio-abbigliamento-intimo-700x700.jpg 700w\" sizes=\"(max-width: 820px) 100vw, 820px\" \/><\/a><\/p>\n<p>&nbsp;<\/p>\n<h3>Lancement de nouvelles collections<\/h3>\n<p>Les camions-magasins de v\u00eatements peuvent devenir une plateforme dynamique pour le lancement de nouvelles collections, sous-marques et produits sp\u00e9ciaux. Les marques utilisent cette formule pour cr\u00e9er des \u00e9v\u00e9nements exclusifs, o\u00f9 les clients peuvent d\u00e9couvrir en avant-premi\u00e8re de nouveaux accessoires et v\u00eatements de mani\u00e8re originale. Cette approche cr\u00e9e un effet d&rsquo;exclusivit\u00e9 et incite les clients \u00e0 acheter imm\u00e9diatement.<\/p>\n<p>&nbsp;<\/p>\n<h3>Marketing exp\u00e9rientiel<\/h3>\n<p>Les camions boutiques offrent une exp\u00e9rience sp\u00e9ciale aux clients, \u00e9tant am\u00e9nag\u00e9s de mani\u00e8re cr\u00e9ative et raffin\u00e9e, avec des int\u00e9rieurs soign\u00e9s, de la musique, des jeux de lumi\u00e8re et une atmosph\u00e8re refl\u00e9tant l\u2019identit\u00e9 de la marque. L\u2019exp\u00e9rience d\u2019achat devient ainsi unique et m\u00e9morable, renfor\u00e7ant le lien \u00e9motionnel avec les fans et les consommateurs en g\u00e9n\u00e9ral. Le camion-magasin de v\u00eatements est parfait pour le marketing exp\u00e9rientiel, o\u00f9 l\u2019objectif est de faire vivre au client une exp\u00e9rience allant au-del\u00e0 de l\u2019achat d\u2019un produit, lui laissant un souvenir positif associ\u00e9 \u00e0 la marque.<\/p>\n<p><a href=\"https:\/\/www.vsveicolispeciali.com\/wp-content\/uploads\/2024\/10\/autonegozio-di-abbiglimento-fashion.jpg\"><img loading=\"lazy\" decoding=\"async\" src=\"https:\/\/www.vsveicolispeciali.com\/wp-content\/uploads\/2024\/10\/autonegozio-di-abbiglimento-fashion.jpg\" alt=\"camion-magasin de v\u00eatements\" width=\"810\" height=\"540\" class=\"alignleft size-full wp-image-26543\" srcset=\"https:\/\/www.vsveicolispeciali.com\/wp-content\/uploads\/2024\/10\/autonegozio-di-abbiglimento-fashion.jpg 810w, https:\/\/www.vsveicolispeciali.com\/wp-content\/uploads\/2024\/10\/autonegozio-di-abbiglimento-fashion-300x200.jpg 300w, https:\/\/www.vsveicolispeciali.com\/wp-content\/uploads\/2024\/10\/autonegozio-di-abbiglimento-fashion-768x512.jpg 768w, https:\/\/www.vsveicolispeciali.com\/wp-content\/uploads\/2024\/10\/autonegozio-di-abbiglimento-fashion-700x467.jpg 700w\" sizes=\"(max-width: 810px) 100vw, 810px\" \/><\/a><\/p>\n<p>&nbsp;<\/p>\n<h3>Plus de flexibilit\u00e9 et acc\u00e8s \u00e0 de nouveaux march\u00e9s<\/h3>\n<p>Les camions magasins ambulants permettent de faire preuve de flexibilit\u00e9 et de toucher des clients dans des localit\u00e9s qui ne justifieraient pas l\u2019ouverture d\u2019un magasin physique. Pour les <a href=\"https:\/\/www.vsveicolispeciali.com\/fr\/les-grandes-marques-choisissent-les-promo-trucks-pour-la-publicite-et-les-evenements\/\" rel=\"noopener\" target=\"_blank\">grandes marques<\/a>, en particulier, il est typique d\u2019\u00eatre pr\u00e9sentes dans les rues les plus importantes des grandes villes, mais d\u2019avoir peu ou pas de pr\u00e9sence dans les centres plus petits. Un camion magasin v\u00eatement peut servir des zones urbaines en expansion, des quartiers p\u00e9riph\u00e9riques, des \u00e9v\u00e9nements dans de petites villes ou des destinations touristiques saisonni\u00e8res, \u00e9largissant ainsi l\u2019accessibilit\u00e9 de la marque \u00e0 de nouveaux march\u00e9s. Ci-dessous un exemple de <a href=\"https:\/\/www.vsveicolispeciali.com\/fr\/amenagement-vehicules-magasin-commerce-ambulant\/remorque-amenagee-cuisine-et-caravane-food-truck\/\" rel=\"noopener\" target=\"_blank\">remorque magasin<\/a>.<\/p>\n<p><a href=\"https:\/\/www.vsveicolispeciali.com\/fr\/street-food-truck\/remorque-boutique-de-vetements-robe-di-kappa\/\" rel=\"noopener\" target=\"_blank\">Robe di Kappa<\/a><br \/>\n<a href=\"https:\/\/www.vsveicolispeciali.com\/wp-content\/uploads\/2024\/10\/rimorchio-autonegozio-robe-di-kappa.jpg\"><img loading=\"lazy\" decoding=\"async\" src=\"https:\/\/www.vsveicolispeciali.com\/wp-content\/uploads\/2024\/10\/rimorchio-autonegozio-robe-di-kappa.jpg\" alt=\"remorque magasin robe di kappa\" width=\"1080\" height=\"1080\" class=\"alignleft size-full wp-image-26527\" srcset=\"https:\/\/www.vsveicolispeciali.com\/wp-content\/uploads\/2024\/10\/rimorchio-autonegozio-robe-di-kappa.jpg 1080w, https:\/\/www.vsveicolispeciali.com\/wp-content\/uploads\/2024\/10\/rimorchio-autonegozio-robe-di-kappa-300x300.jpg 300w, https:\/\/www.vsveicolispeciali.com\/wp-content\/uploads\/2024\/10\/rimorchio-autonegozio-robe-di-kappa-1024x1024.jpg 1024w, https:\/\/www.vsveicolispeciali.com\/wp-content\/uploads\/2024\/10\/rimorchio-autonegozio-robe-di-kappa-150x150.jpg 150w, https:\/\/www.vsveicolispeciali.com\/wp-content\/uploads\/2024\/10\/rimorchio-autonegozio-robe-di-kappa-768x768.jpg 768w, https:\/\/www.vsveicolispeciali.com\/wp-content\/uploads\/2024\/10\/rimorchio-autonegozio-robe-di-kappa-570x570.jpg 570w, https:\/\/www.vsveicolispeciali.com\/wp-content\/uploads\/2024\/10\/rimorchio-autonegozio-robe-di-kappa-500x500.jpg 500w, https:\/\/www.vsveicolispeciali.com\/wp-content\/uploads\/2024\/10\/rimorchio-autonegozio-robe-di-kappa-1000x1000.jpg 1000w, https:\/\/www.vsveicolispeciali.com\/wp-content\/uploads\/2024\/10\/rimorchio-autonegozio-robe-di-kappa-700x700.jpg 700w\" sizes=\"(max-width: 1080px) 100vw, 1080px\" \/><\/a><\/p>\n<p>&nbsp;<\/p>\n<h3>\u00c9v\u00e9nements exclusifs<\/h3>\n<p>Les marques de luxe utilisent les camions-magasins de v\u00eatements pour cr\u00e9er des exp\u00e9riences de shopping exclusives dans des cercles ferm\u00e9s. Les magasins ambulants peuvent \u00eatre r\u00e9serv\u00e9s pour des \u00e9v\u00e9nements priv\u00e9s, o\u00f9 les clients sont accueillis dans un environnement exclusif, recevant des conseils personnalis\u00e9s et un traitement sp\u00e9cial. En pratique, il s\u2019agit d\u2019une strat\u00e9gie destin\u00e9e aux clients VIP ou \u00e0 un public s\u00e9lectionn\u00e9 dans des niches de march\u00e9 sp\u00e9cifiques.<\/p>\n<p><a href=\"https:\/\/www.vsveicolispeciali.com\/wp-content\/uploads\/2024\/10\/autonegozio-piaggio-ape-fendi-harrods-london.jpg\"><img loading=\"lazy\" decoding=\"async\" src=\"https:\/\/www.vsveicolispeciali.com\/wp-content\/uploads\/2024\/10\/autonegozio-piaggio-ape-fendi-harrods-london.jpg\" alt=\"boutique nomade piaggio ape fendi harrods Londres\" width=\"1024\" height=\"717\" class=\"alignleft size-full wp-image-26547\" srcset=\"https:\/\/www.vsveicolispeciali.com\/wp-content\/uploads\/2024\/10\/autonegozio-piaggio-ape-fendi-harrods-london.jpg 1024w, https:\/\/www.vsveicolispeciali.com\/wp-content\/uploads\/2024\/10\/autonegozio-piaggio-ape-fendi-harrods-london-300x210.jpg 300w, https:\/\/www.vsveicolispeciali.com\/wp-content\/uploads\/2024\/10\/autonegozio-piaggio-ape-fendi-harrods-london-768x538.jpg 768w, https:\/\/www.vsveicolispeciali.com\/wp-content\/uploads\/2024\/10\/autonegozio-piaggio-ape-fendi-harrods-london-700x490.jpg 700w\" sizes=\"(max-width: 1024px) 100vw, 1024px\" \/><\/a><\/p>\n<p>&nbsp;&nbsp;<\/p>\n<h2>Camion magasin v\u00eatement : un mod\u00e8le de r\u00e9f\u00e9rence pour d\u2019autres secteurs<\/h2>\n<p>Les camions-magasins de v\u00eatements deviennent un <strong>mod\u00e8le de r\u00e9f\u00e9rence<\/strong> pour tous les autres secteurs souhaitant adopter un mod\u00e8le commercial plus mobile et flexible. Ce qui, au d\u00e9part, pouvait sembler \u00eatre une exp\u00e9rience r\u00e9serv\u00e9e \u00e0 quelques entreprises disposant de grandes capacit\u00e9s financi\u00e8res est aujourd\u2019hui consid\u00e9r\u00e9 comme un <strong>prototype de succ\u00e8s<\/strong> pour les petites maisons de mode et autres secteurs, de la cosm\u00e9tique aux accessoires, du design aux soci\u00e9t\u00e9s de conseil.<\/p>\n<p><a href=\"https:\/\/www.vsveicolispeciali.com\/wp-content\/uploads\/2024\/10\/autonegozio-abbigliamento-piaggio-Rosa-Clandestino.jpg\"><img loading=\"lazy\" decoding=\"async\" src=\"https:\/\/www.vsveicolispeciali.com\/wp-content\/uploads\/2024\/10\/autonegozio-abbigliamento-piaggio-Rosa-Clandestino.jpg\" alt=\"camion magasin v\u00eatement piaggio Rosa Clandestino\" width=\"810\" height=\"531\" class=\"alignleft size-full wp-image-26551\" srcset=\"https:\/\/www.vsveicolispeciali.com\/wp-content\/uploads\/2024\/10\/autonegozio-abbigliamento-piaggio-Rosa-Clandestino.jpg 810w, https:\/\/www.vsveicolispeciali.com\/wp-content\/uploads\/2024\/10\/autonegozio-abbigliamento-piaggio-Rosa-Clandestino-300x197.jpg 300w, https:\/\/www.vsveicolispeciali.com\/wp-content\/uploads\/2024\/10\/autonegozio-abbigliamento-piaggio-Rosa-Clandestino-768x503.jpg 768w, https:\/\/www.vsveicolispeciali.com\/wp-content\/uploads\/2024\/10\/autonegozio-abbigliamento-piaggio-Rosa-Clandestino-700x459.jpg 700w\" sizes=\"(max-width: 810px) 100vw, 810px\" \/><\/a><\/p>\n<p>L\u2019id\u00e9e de transformer le concept de magasin physique en une version mobile, en combinant la tradition du commerce ambulant avec l\u2019innovation technologique et de design, a prouv\u00e9 la <strong>validit\u00e9 de ce mod\u00e8le dans de nombreux contextes<\/strong>.<\/p>\n<p>Actuellement, de nombreux designers et entrepreneurs exp\u00e9rimentent de <strong>nouveaux formats et solutions<\/strong> pour \u00e9largir leurs capacit\u00e9s de marketing en mouvement.<\/p>\n<p>Votre <a href=\"https:\/\/www.vsveicolispeciali.com\/fr\/amenagement-vehicules-magasin-commerce-ambulant\/boutique-nomade-camion-evenementiel\/\" rel=\"noopener\" target=\"_blank\">camion boutique<\/a> <strong>peut \u00eatre modifi\u00e9 et personnalis\u00e9 de toutes les mani\u00e8res possibles<\/strong> par des techniciens exp\u00e9riment\u00e9s dans ce domaine. <\/p>\n<p><strong>VS Veicoli Speciali<\/strong> est capable de d\u00e9velopper le projet de A \u00e0 Z, fournissant \u00e9galement un support strat\u00e9gique et accompagnant le client apr\u00e8s la vente.<\/p>\n<p>Pourquoi ne pas commencer ici ?<\/p>\n<p>\n\t\t<style type=\"text\/css\">\n\t\t\t#gallery-1 {\n\t\t\t\tmargin: auto;\n\t\t\t}\n\t\t\t#gallery-1 .gallery-item {\n\t\t\t\tfloat: left;\n\t\t\t\tmargin-top: 10px;\n\t\t\t\ttext-align: center;\n\t\t\t\twidth: 33%;\n\t\t\t}\n\t\t\t#gallery-1 img {\n\t\t\t\tborder: 2px solid #cfcfcf;\n\t\t\t}\n\t\t\t#gallery-1 .gallery-caption {\n\t\t\t\tmargin-left: 0;\n\t\t\t}\n\t\t\t\/* see gallery_shortcode() in wp-includes\/media.php *\/\n\t\t<\/style>\n\t\t<div id='gallery-1' class='gallery galleryid-26567 gallery-columns-3 gallery-size-thumbnail'><dl class='gallery-item'>\n\t\t\t<dt class='gallery-icon landscape'>\n\t\t\t\t<a href='https:\/\/www.vsveicolispeciali.com\/fr\/autonegozio-abbigliamento-emporio-armani-2\/'><img loading=\"lazy\" decoding=\"async\" width=\"150\" height=\"150\" src=\"https:\/\/www.vsveicolispeciali.com\/wp-content\/uploads\/2024\/10\/autonegozio-abbigliamento-emporio-armani-150x150.jpg\" class=\"attachment-thumbnail size-thumbnail\" alt=\"\" srcset=\"https:\/\/www.vsveicolispeciali.com\/wp-content\/uploads\/2024\/10\/autonegozio-abbigliamento-emporio-armani-150x150.jpg 150w, https:\/\/www.vsveicolispeciali.com\/wp-content\/uploads\/2024\/10\/autonegozio-abbigliamento-emporio-armani-570x570.jpg 570w, https:\/\/www.vsveicolispeciali.com\/wp-content\/uploads\/2024\/10\/autonegozio-abbigliamento-emporio-armani-500x500.jpg 500w\" sizes=\"(max-width: 150px) 100vw, 150px\" \/><\/a>\n\t\t\t<\/dt><\/dl>\n\t\t\t<br style='clear: both' \/>\n\t\t<\/div>\n<br \/>\n&nbsp;&nbsp;<\/p>\n","protected":false},"excerpt":{"rendered":"<p>Dans le domaine du commerce ambulant, il existe deux grandes cat\u00e9gories de v\u00e9hicules : les camions-magasins alimentaires (ou food trucks) et les camions-magasins non alimentaires. Parmi ces derniers, les plus repr\u00e9sentatifs sont les camions-magasins de v\u00eatements et accessoires de mode, mais les cat\u00e9gories de produits&#8230;<\/p>\n","protected":false},"author":1001012,"featured_media":26525,"comment_status":"closed","ping_status":"open","sticky":false,"template":"","format":"gallery","meta":{"footnotes":""},"categories":[27],"tags":[300,448],"class_list":["post-26567","post","type-post","status-publish","format-gallery","has-post-thumbnail","hentry","category-news-fr","tag-boutique-mobile","tag-fabricant-camion-magasin","post_format-post-format-gallery"],"yoast_head":"<!-- This site is optimized with the Yoast SEO plugin v25.4 - https:\/\/yoast.com\/wordpress\/plugins\/seo\/ -->\n<title>Camion Magasin V\u00eatement : prototype de tous les boutiques ambulantes<\/title>\n<meta name=\"description\" content=\"Comment les marques de v\u00eatements exploitent-elles les camions magasins ? Tourn\u00e9es promotionnelles, marketing exp\u00e9rientiel, foires, \u00e9v\u00e9nements exclusifs...\" \/>\n<meta name=\"robots\" content=\"index, follow, max-snippet:-1, max-image-preview:large, max-video-preview:-1\" \/>\n<link rel=\"canonical\" href=\"https:\/\/www.vsveicolispeciali.com\/fr\/camion-magasin-vetement-le-prototype-de-tous-les-magasins-ambulants\/\" \/>\n<meta property=\"og:locale\" content=\"fr_FR\" \/>\n<meta property=\"og:type\" content=\"article\" \/>\n<meta property=\"og:title\" content=\"Camion Magasin V\u00eatement : prototype de tous les boutiques ambulantes\" \/>\n<meta property=\"og:description\" content=\"Comment les marques de v\u00eatements exploitent-elles les camions magasins ? Tourn\u00e9es promotionnelles, marketing exp\u00e9rientiel, foires, \u00e9v\u00e9nements exclusifs...\" \/>\n<meta property=\"og:url\" content=\"https:\/\/www.vsveicolispeciali.com\/fr\/camion-magasin-vetement-le-prototype-de-tous-les-magasins-ambulants\/\" \/>\n<meta property=\"og:site_name\" content=\"VS Veicoli Speciali\" \/>\n<meta property=\"article:publisher\" content=\"https:\/\/www.facebook.com\/VSVeicoliSpeciali.Food.Trucks\/\" \/>\n<meta property=\"article:published_time\" content=\"2024-10-10T18:51:43+00:00\" \/>\n<meta property=\"article:modified_time\" content=\"2024-12-18T17:26:20+00:00\" \/>\n<meta property=\"og:image\" content=\"https:\/\/www.vsveicolispeciali.com\/wp-content\/uploads\/2024\/10\/autonegozio-abbigliamento-emporio-armani.jpg\" \/>\n\t<meta property=\"og:image:width\" content=\"810\" \/>\n\t<meta property=\"og:image:height\" content=\"656\" \/>\n\t<meta property=\"og:image:type\" content=\"image\/jpeg\" \/>\n<meta name=\"author\" content=\"VS Veicoli Speciali\" \/>\n<meta name=\"twitter:card\" content=\"summary_large_image\" \/>\n<meta name=\"twitter:creator\" content=\"@veicolispeciali\" \/>\n<meta name=\"twitter:site\" content=\"@veicolispeciali\" \/>\n<meta name=\"twitter:label1\" content=\"\u00c9crit par\" \/>\n\t<meta name=\"twitter:data1\" content=\"VS Veicoli Speciali\" \/>\n\t<meta name=\"twitter:label2\" content=\"Dur\u00e9e de lecture estim\u00e9e\" \/>\n\t<meta name=\"twitter:data2\" content=\"8 minutes\" \/>\n<script type=\"application\/ld+json\" class=\"yoast-schema-graph\">{\"@context\":\"https:\/\/schema.org\",\"@graph\":[{\"@type\":\"Article\",\"@id\":\"https:\/\/www.vsveicolispeciali.com\/fr\/camion-magasin-vetement-le-prototype-de-tous-les-magasins-ambulants\/#article\",\"isPartOf\":{\"@id\":\"https:\/\/www.vsveicolispeciali.com\/fr\/camion-magasin-vetement-le-prototype-de-tous-les-magasins-ambulants\/\"},\"author\":{\"name\":\"VS Veicoli Speciali\",\"@id\":\"https:\/\/www.vsveicolispeciali.com\/fr\/#\/schema\/person\/1241826d792bde4333b3db1395b12be9\"},\"headline\":\"Camion magasin de v\u00eatements : le prototype de tous les magasins ambulants\",\"datePublished\":\"2024-10-10T18:51:43+00:00\",\"dateModified\":\"2024-12-18T17:26:20+00:00\",\"mainEntityOfPage\":{\"@id\":\"https:\/\/www.vsveicolispeciali.com\/fr\/camion-magasin-vetement-le-prototype-de-tous-les-magasins-ambulants\/\"},\"wordCount\":1271,\"publisher\":{\"@id\":\"https:\/\/www.vsveicolispeciali.com\/fr\/#organization\"},\"image\":{\"@id\":\"https:\/\/www.vsveicolispeciali.com\/fr\/camion-magasin-vetement-le-prototype-de-tous-les-magasins-ambulants\/#primaryimage\"},\"thumbnailUrl\":\"https:\/\/www.vsveicolispeciali.com\/wp-content\/uploads\/2024\/10\/autonegozio-abbigliamento-emporio-armani.jpg\",\"keywords\":[\"boutique mobile\",\"fabricant camion magasin\"],\"articleSection\":[\"News\"],\"inLanguage\":\"fr-FR\"},{\"@type\":\"WebPage\",\"@id\":\"https:\/\/www.vsveicolispeciali.com\/fr\/camion-magasin-vetement-le-prototype-de-tous-les-magasins-ambulants\/\",\"url\":\"https:\/\/www.vsveicolispeciali.com\/fr\/camion-magasin-vetement-le-prototype-de-tous-les-magasins-ambulants\/\",\"name\":\"Camion Magasin V\u00eatement : prototype de tous les boutiques ambulantes\",\"isPartOf\":{\"@id\":\"https:\/\/www.vsveicolispeciali.com\/fr\/#website\"},\"primaryImageOfPage\":{\"@id\":\"https:\/\/www.vsveicolispeciali.com\/fr\/camion-magasin-vetement-le-prototype-de-tous-les-magasins-ambulants\/#primaryimage\"},\"image\":{\"@id\":\"https:\/\/www.vsveicolispeciali.com\/fr\/camion-magasin-vetement-le-prototype-de-tous-les-magasins-ambulants\/#primaryimage\"},\"thumbnailUrl\":\"https:\/\/www.vsveicolispeciali.com\/wp-content\/uploads\/2024\/10\/autonegozio-abbigliamento-emporio-armani.jpg\",\"datePublished\":\"2024-10-10T18:51:43+00:00\",\"dateModified\":\"2024-12-18T17:26:20+00:00\",\"description\":\"Comment les marques de v\u00eatements exploitent-elles les camions magasins ? Tourn\u00e9es promotionnelles, marketing exp\u00e9rientiel, foires, \u00e9v\u00e9nements exclusifs...\",\"breadcrumb\":{\"@id\":\"https:\/\/www.vsveicolispeciali.com\/fr\/camion-magasin-vetement-le-prototype-de-tous-les-magasins-ambulants\/#breadcrumb\"},\"inLanguage\":\"fr-FR\",\"potentialAction\":[{\"@type\":\"ReadAction\",\"target\":[\"https:\/\/www.vsveicolispeciali.com\/fr\/camion-magasin-vetement-le-prototype-de-tous-les-magasins-ambulants\/\"]}]},{\"@type\":\"ImageObject\",\"inLanguage\":\"fr-FR\",\"@id\":\"https:\/\/www.vsveicolispeciali.com\/fr\/camion-magasin-vetement-le-prototype-de-tous-les-magasins-ambulants\/#primaryimage\",\"url\":\"https:\/\/www.vsveicolispeciali.com\/wp-content\/uploads\/2024\/10\/autonegozio-abbigliamento-emporio-armani.jpg\",\"contentUrl\":\"https:\/\/www.vsveicolispeciali.com\/wp-content\/uploads\/2024\/10\/autonegozio-abbigliamento-emporio-armani.jpg\",\"width\":810,\"height\":656},{\"@type\":\"BreadcrumbList\",\"@id\":\"https:\/\/www.vsveicolispeciali.com\/fr\/camion-magasin-vetement-le-prototype-de-tous-les-magasins-ambulants\/#breadcrumb\",\"itemListElement\":[{\"@type\":\"ListItem\",\"position\":1,\"name\":\"Home\",\"item\":\"https:\/\/www.vsveicolispeciali.com\/fr\/\"},{\"@type\":\"ListItem\",\"position\":2,\"name\":\"Camion magasin de v\u00eatements : le prototype de tous les magasins ambulants\"}]},{\"@type\":\"WebSite\",\"@id\":\"https:\/\/www.vsveicolispeciali.com\/fr\/#website\",\"url\":\"https:\/\/www.vsveicolispeciali.com\/fr\/\",\"name\":\"VS Veicoli Speciali\",\"description\":\"\",\"publisher\":{\"@id\":\"https:\/\/www.vsveicolispeciali.com\/fr\/#organization\"},\"potentialAction\":[{\"@type\":\"SearchAction\",\"target\":{\"@type\":\"EntryPoint\",\"urlTemplate\":\"https:\/\/www.vsveicolispeciali.com\/fr\/?s={search_term_string}\"},\"query-input\":{\"@type\":\"PropertyValueSpecification\",\"valueRequired\":true,\"valueName\":\"search_term_string\"}}],\"inLanguage\":\"fr-FR\"},{\"@type\":\"Organization\",\"@id\":\"https:\/\/www.vsveicolispeciali.com\/fr\/#organization\",\"name\":\"VS Veicoli Speciali\",\"url\":\"https:\/\/www.vsveicolispeciali.com\/fr\/\",\"logo\":{\"@type\":\"ImageObject\",\"inLanguage\":\"fr-FR\",\"@id\":\"https:\/\/www.vsveicolispeciali.com\/fr\/#\/schema\/logo\/image\/\",\"url\":\"http:\/\/www.vsveicolispeciali.com\/wp-content\/uploads\/2015\/05\/vs_veicoli_speciali-logo.png\",\"contentUrl\":\"http:\/\/www.vsveicolispeciali.com\/wp-content\/uploads\/2015\/05\/vs_veicoli_speciali-logo.png\",\"width\":252,\"height\":134,\"caption\":\"VS Veicoli Speciali\"},\"image\":{\"@id\":\"https:\/\/www.vsveicolispeciali.com\/fr\/#\/schema\/logo\/image\/\"},\"sameAs\":[\"https:\/\/www.facebook.com\/VSVeicoliSpeciali.Food.Trucks\/\",\"https:\/\/x.com\/veicolispeciali\",\"https:\/\/www.instagram.com\/vs_veicolispeciali\/\",\"https:\/\/www.linkedin.com\/company\/2811960\/\",\"https:\/\/www.pinterest.com\/streetfoodtruck\/\",\"https:\/\/www.youtube.com\/user\/veicolispeciali\"]},{\"@type\":\"Person\",\"@id\":\"https:\/\/www.vsveicolispeciali.com\/fr\/#\/schema\/person\/1241826d792bde4333b3db1395b12be9\",\"name\":\"VS Veicoli Speciali\",\"image\":{\"@type\":\"ImageObject\",\"inLanguage\":\"fr-FR\",\"@id\":\"https:\/\/www.vsveicolispeciali.com\/fr\/#\/schema\/person\/image\/\",\"url\":\"https:\/\/secure.gravatar.com\/avatar\/4ea93278e71ba140dbbbfb5d34409507?s=96&d=mm&r=g\",\"contentUrl\":\"https:\/\/secure.gravatar.com\/avatar\/4ea93278e71ba140dbbbfb5d34409507?s=96&d=mm&r=g\",\"caption\":\"VS Veicoli Speciali\"}}]}<\/script>\n<!-- \/ Yoast SEO plugin. -->","yoast_head_json":{"title":"Camion Magasin V\u00eatement : prototype de tous les boutiques ambulantes","description":"Comment les marques de v\u00eatements exploitent-elles les camions magasins ? Tourn\u00e9es promotionnelles, marketing exp\u00e9rientiel, foires, \u00e9v\u00e9nements exclusifs...","robots":{"index":"index","follow":"follow","max-snippet":"max-snippet:-1","max-image-preview":"max-image-preview:large","max-video-preview":"max-video-preview:-1"},"canonical":"https:\/\/www.vsveicolispeciali.com\/fr\/camion-magasin-vetement-le-prototype-de-tous-les-magasins-ambulants\/","og_locale":"fr_FR","og_type":"article","og_title":"Camion Magasin V\u00eatement : prototype de tous les boutiques ambulantes","og_description":"Comment les marques de v\u00eatements exploitent-elles les camions magasins ? Tourn\u00e9es promotionnelles, marketing exp\u00e9rientiel, foires, \u00e9v\u00e9nements exclusifs...","og_url":"https:\/\/www.vsveicolispeciali.com\/fr\/camion-magasin-vetement-le-prototype-de-tous-les-magasins-ambulants\/","og_site_name":"VS Veicoli Speciali","article_publisher":"https:\/\/www.facebook.com\/VSVeicoliSpeciali.Food.Trucks\/","article_published_time":"2024-10-10T18:51:43+00:00","article_modified_time":"2024-12-18T17:26:20+00:00","og_image":[{"width":810,"height":656,"url":"https:\/\/www.vsveicolispeciali.com\/wp-content\/uploads\/2024\/10\/autonegozio-abbigliamento-emporio-armani.jpg","type":"image\/jpeg"}],"author":"VS Veicoli Speciali","twitter_card":"summary_large_image","twitter_creator":"@veicolispeciali","twitter_site":"@veicolispeciali","twitter_misc":{"\u00c9crit par":"VS Veicoli Speciali","Dur\u00e9e de lecture estim\u00e9e":"8 minutes"},"schema":{"@context":"https:\/\/schema.org","@graph":[{"@type":"Article","@id":"https:\/\/www.vsveicolispeciali.com\/fr\/camion-magasin-vetement-le-prototype-de-tous-les-magasins-ambulants\/#article","isPartOf":{"@id":"https:\/\/www.vsveicolispeciali.com\/fr\/camion-magasin-vetement-le-prototype-de-tous-les-magasins-ambulants\/"},"author":{"name":"VS Veicoli Speciali","@id":"https:\/\/www.vsveicolispeciali.com\/fr\/#\/schema\/person\/1241826d792bde4333b3db1395b12be9"},"headline":"Camion magasin de v\u00eatements : le prototype de tous les magasins ambulants","datePublished":"2024-10-10T18:51:43+00:00","dateModified":"2024-12-18T17:26:20+00:00","mainEntityOfPage":{"@id":"https:\/\/www.vsveicolispeciali.com\/fr\/camion-magasin-vetement-le-prototype-de-tous-les-magasins-ambulants\/"},"wordCount":1271,"publisher":{"@id":"https:\/\/www.vsveicolispeciali.com\/fr\/#organization"},"image":{"@id":"https:\/\/www.vsveicolispeciali.com\/fr\/camion-magasin-vetement-le-prototype-de-tous-les-magasins-ambulants\/#primaryimage"},"thumbnailUrl":"https:\/\/www.vsveicolispeciali.com\/wp-content\/uploads\/2024\/10\/autonegozio-abbigliamento-emporio-armani.jpg","keywords":["boutique mobile","fabricant camion magasin"],"articleSection":["News"],"inLanguage":"fr-FR"},{"@type":"WebPage","@id":"https:\/\/www.vsveicolispeciali.com\/fr\/camion-magasin-vetement-le-prototype-de-tous-les-magasins-ambulants\/","url":"https:\/\/www.vsveicolispeciali.com\/fr\/camion-magasin-vetement-le-prototype-de-tous-les-magasins-ambulants\/","name":"Camion Magasin V\u00eatement : prototype de tous les boutiques ambulantes","isPartOf":{"@id":"https:\/\/www.vsveicolispeciali.com\/fr\/#website"},"primaryImageOfPage":{"@id":"https:\/\/www.vsveicolispeciali.com\/fr\/camion-magasin-vetement-le-prototype-de-tous-les-magasins-ambulants\/#primaryimage"},"image":{"@id":"https:\/\/www.vsveicolispeciali.com\/fr\/camion-magasin-vetement-le-prototype-de-tous-les-magasins-ambulants\/#primaryimage"},"thumbnailUrl":"https:\/\/www.vsveicolispeciali.com\/wp-content\/uploads\/2024\/10\/autonegozio-abbigliamento-emporio-armani.jpg","datePublished":"2024-10-10T18:51:43+00:00","dateModified":"2024-12-18T17:26:20+00:00","description":"Comment les marques de v\u00eatements exploitent-elles les camions magasins ? Tourn\u00e9es promotionnelles, marketing exp\u00e9rientiel, foires, \u00e9v\u00e9nements exclusifs...","breadcrumb":{"@id":"https:\/\/www.vsveicolispeciali.com\/fr\/camion-magasin-vetement-le-prototype-de-tous-les-magasins-ambulants\/#breadcrumb"},"inLanguage":"fr-FR","potentialAction":[{"@type":"ReadAction","target":["https:\/\/www.vsveicolispeciali.com\/fr\/camion-magasin-vetement-le-prototype-de-tous-les-magasins-ambulants\/"]}]},{"@type":"ImageObject","inLanguage":"fr-FR","@id":"https:\/\/www.vsveicolispeciali.com\/fr\/camion-magasin-vetement-le-prototype-de-tous-les-magasins-ambulants\/#primaryimage","url":"https:\/\/www.vsveicolispeciali.com\/wp-content\/uploads\/2024\/10\/autonegozio-abbigliamento-emporio-armani.jpg","contentUrl":"https:\/\/www.vsveicolispeciali.com\/wp-content\/uploads\/2024\/10\/autonegozio-abbigliamento-emporio-armani.jpg","width":810,"height":656},{"@type":"BreadcrumbList","@id":"https:\/\/www.vsveicolispeciali.com\/fr\/camion-magasin-vetement-le-prototype-de-tous-les-magasins-ambulants\/#breadcrumb","itemListElement":[{"@type":"ListItem","position":1,"name":"Home","item":"https:\/\/www.vsveicolispeciali.com\/fr\/"},{"@type":"ListItem","position":2,"name":"Camion magasin de v\u00eatements : le prototype de tous les magasins ambulants"}]},{"@type":"WebSite","@id":"https:\/\/www.vsveicolispeciali.com\/fr\/#website","url":"https:\/\/www.vsveicolispeciali.com\/fr\/","name":"VS Veicoli Speciali","description":"","publisher":{"@id":"https:\/\/www.vsveicolispeciali.com\/fr\/#organization"},"potentialAction":[{"@type":"SearchAction","target":{"@type":"EntryPoint","urlTemplate":"https:\/\/www.vsveicolispeciali.com\/fr\/?s={search_term_string}"},"query-input":{"@type":"PropertyValueSpecification","valueRequired":true,"valueName":"search_term_string"}}],"inLanguage":"fr-FR"},{"@type":"Organization","@id":"https:\/\/www.vsveicolispeciali.com\/fr\/#organization","name":"VS Veicoli Speciali","url":"https:\/\/www.vsveicolispeciali.com\/fr\/","logo":{"@type":"ImageObject","inLanguage":"fr-FR","@id":"https:\/\/www.vsveicolispeciali.com\/fr\/#\/schema\/logo\/image\/","url":"http:\/\/www.vsveicolispeciali.com\/wp-content\/uploads\/2015\/05\/vs_veicoli_speciali-logo.png","contentUrl":"http:\/\/www.vsveicolispeciali.com\/wp-content\/uploads\/2015\/05\/vs_veicoli_speciali-logo.png","width":252,"height":134,"caption":"VS Veicoli Speciali"},"image":{"@id":"https:\/\/www.vsveicolispeciali.com\/fr\/#\/schema\/logo\/image\/"},"sameAs":["https:\/\/www.facebook.com\/VSVeicoliSpeciali.Food.Trucks\/","https:\/\/x.com\/veicolispeciali","https:\/\/www.instagram.com\/vs_veicolispeciali\/","https:\/\/www.linkedin.com\/company\/2811960\/","https:\/\/www.pinterest.com\/streetfoodtruck\/","https:\/\/www.youtube.com\/user\/veicolispeciali"]},{"@type":"Person","@id":"https:\/\/www.vsveicolispeciali.com\/fr\/#\/schema\/person\/1241826d792bde4333b3db1395b12be9","name":"VS Veicoli Speciali","image":{"@type":"ImageObject","inLanguage":"fr-FR","@id":"https:\/\/www.vsveicolispeciali.com\/fr\/#\/schema\/person\/image\/","url":"https:\/\/secure.gravatar.com\/avatar\/4ea93278e71ba140dbbbfb5d34409507?s=96&d=mm&r=g","contentUrl":"https:\/\/secure.gravatar.com\/avatar\/4ea93278e71ba140dbbbfb5d34409507?s=96&d=mm&r=g","caption":"VS Veicoli Speciali"}}]}},"_links":{"self":[{"href":"https:\/\/www.vsveicolispeciali.com\/fr\/wp-json\/wp\/v2\/posts\/26567"}],"collection":[{"href":"https:\/\/www.vsveicolispeciali.com\/fr\/wp-json\/wp\/v2\/posts"}],"about":[{"href":"https:\/\/www.vsveicolispeciali.com\/fr\/wp-json\/wp\/v2\/types\/post"}],"author":[{"embeddable":true,"href":"https:\/\/www.vsveicolispeciali.com\/fr\/wp-json\/wp\/v2\/users\/1001012"}],"replies":[{"embeddable":true,"href":"https:\/\/www.vsveicolispeciali.com\/fr\/wp-json\/wp\/v2\/comments?post=26567"}],"version-history":[{"count":6,"href":"https:\/\/www.vsveicolispeciali.com\/fr\/wp-json\/wp\/v2\/posts\/26567\/revisions"}],"predecessor-version":[{"id":27439,"href":"https:\/\/www.vsveicolispeciali.com\/fr\/wp-json\/wp\/v2\/posts\/26567\/revisions\/27439"}],"wp:featuredmedia":[{"embeddable":true,"href":"https:\/\/www.vsveicolispeciali.com\/fr\/wp-json\/wp\/v2\/media\/26525"}],"wp:attachment":[{"href":"https:\/\/www.vsveicolispeciali.com\/fr\/wp-json\/wp\/v2\/media?parent=26567"}],"wp:term":[{"taxonomy":"category","embeddable":true,"href":"https:\/\/www.vsveicolispeciali.com\/fr\/wp-json\/wp\/v2\/categories?post=26567"},{"taxonomy":"post_tag","embeddable":true,"href":"https:\/\/www.vsveicolispeciali.com\/fr\/wp-json\/wp\/v2\/tags?post=26567"}],"curies":[{"name":"wp","href":"https:\/\/api.w.org\/{rel}","templated":true}]}}