{"id":25879,"date":"2018-02-22T12:58:54","date_gmt":"2018-02-22T11:58:54","guid":{"rendered":"https:\/\/www.vsveicolispeciali.com\/f-trailer-rimorchio-street-food-alimentato-con-energia-solare\/"},"modified":"2024-07-31T15:56:41","modified_gmt":"2024-07-31T13:56:41","slug":"remorque-food-truck-a-energie-solaire","status":"publish","type":"post","link":"https:\/\/www.vsveicolispeciali.com\/fr\/remorque-food-truck-a-energie-solaire\/","title":{"rendered":"La Remorque Food Truck \u00e0 \u00c9nergie Solaire"},"content":{"rendered":"<p>T\u00f4t ou tard, il devait arriver que m\u00eame dans le <strong>secteur du street food<\/strong>, en particulier dans la fabrication de f<strong>ood trucks<\/strong>, on assiste \u00e0 un processus d&rsquo;innovation technologique embrassant non seulement le design, mais aussi la recherche sur les mat\u00e9riaux, l&rsquo;attention \u00e0 la sant\u00e9 et les \u00e9conomies d&rsquo;\u00e9nergie.<\/p>\n<p>Depuis des ann\u00e9es, VS Veicoli Speciali s&rsquo;engage \u00e0 <strong>innover le monde des food trucks<\/strong> en \u00e9levant les normes de qualit\u00e9 et de s\u00e9curit\u00e9 des v\u00e9hicules, en introduisant des mat\u00e9riaux et des proc\u00e9d\u00e9s de haute valeur, en combinant praticit\u00e9, ergonomie et beaut\u00e9 dans une synth\u00e8se qui se pose comme un mod\u00e8le de design industriel dans le secteur des v\u00e9hicules sp\u00e9ciaux.<\/p>\n<p>Parmi ceux-ci, les <a href=\"https:\/\/www.vsveicolispeciali.com\/fr\/amenagement-vehicules-magasin-commerce-ambulant\/remorque-amenagee-cuisine-et-caravane-food-truck\/\">remorques food truck<\/a> offrent une <strong>grande vari\u00e9t\u00e9 d&rsquo;utilisations<\/strong>, elles peuvent \u00eatre transport\u00e9es et plac\u00e9es n&rsquo;importe o\u00f9, mais en m\u00eame temps, leur alimentation n\u00e9cessite un travail d&rsquo;optimisation des espaces, des mat\u00e9riaux et des \u00e9quipements pour minimiser la consommation d&rsquo;\u00e9nergie pendant la pr\u00e9paration et la distribution de la \u00ab\u00a0nourriture de rue\u00a0\u00bb.<\/p>\n<p>L&rsquo;occasion d&rsquo;une \u00e9volution technologique substantielle dans la <strong>construction de remorques pour le street food<\/strong> s&rsquo;est pr\u00e9sent\u00e9e lorsque eV-Now! et Tesla Owners Italia ont d\u00e9cid\u00e9 d&rsquo;organiser une <strong>tourn\u00e9e promotionnelle<\/strong>, \u00e0 la d\u00e9couverte des points de recharge \u00ab\u00a0Destination Charge\u00a0\u00bb, en unissant le th\u00e8me de la cuisine d&rsquo;excellence \u00e0 la durabilit\u00e9.<\/p>\n<p>Lorsque eV-Now!, Tesla Owners Italia et VS Veicoli Speciali se sont rencontr\u00e9s, il a \u00e9t\u00e9 imm\u00e9diatement clair qu&rsquo;un accord serait trouv\u00e9, ce sont toutes des entit\u00e9s qui ont <strong>l&rsquo;innovation et le go\u00fbt de la recherche<\/strong> dans leur ADN.<\/p>\n<p><a href=\"https:\/\/www.vsveicolispeciali.com\/wp-content\/uploads\/2018\/02\/rimorchio-street-food-tour-promozionale-tesla.jpg\"><img loading=\"lazy\" decoding=\"async\" class=\"alignleft size-full wp-image-6339\" src=\"https:\/\/www.vsveicolispeciali.com\/wp-content\/uploads\/2018\/02\/rimorchio-street-food-tour-promozionale-tesla.jpg\" alt=\"rimorchio street food usato per esibizioni di cucina nel tour promozionale di tesla\" width=\"800\" height=\"281\" srcset=\"https:\/\/www.vsveicolispeciali.com\/wp-content\/uploads\/2018\/02\/rimorchio-street-food-tour-promozionale-tesla.jpg 800w, https:\/\/www.vsveicolispeciali.com\/wp-content\/uploads\/2018\/02\/rimorchio-street-food-tour-promozionale-tesla-300x105.jpg 300w, https:\/\/www.vsveicolispeciali.com\/wp-content\/uploads\/2018\/02\/rimorchio-street-food-tour-promozionale-tesla-768x270.jpg 768w, https:\/\/www.vsveicolispeciali.com\/wp-content\/uploads\/2018\/02\/rimorchio-street-food-tour-promozionale-tesla-700x246.jpg 700w\" sizes=\"(max-width: 800px) 100vw, 800px\" \/><\/a><\/p>\n<p>Ainsi est n\u00e9 l&rsquo;<strong>F-Trailer<\/strong>, acronyme de Future Trailer, une remorque street food innovante dot\u00e9e d&rsquo;une cuisine \u00e0 induction aliment\u00e9e par un cube photovolta\u00efque et, pour l&rsquo;occasion, tract\u00e9e par la Model X.<\/p>\n<p>La <strong>tourn\u00e9e promotionnelle<\/strong>, commenc\u00e9e en janvier, se d\u00e9roulera tout au long de 2018 avec pour objectif non seulement de promouvoir la mobilit\u00e9 durable, mais de la repr\u00e9senter et de la mettre en sc\u00e8ne concr\u00e8tement, montrant qu&rsquo;elle est d\u00e9j\u00e0 une r\u00e9alit\u00e9.<\/p>\n<p>\u00c0 cette fin, VS Veicoli Speciali et tous les autres partenaires technologiques qui ont particip\u00e9 au projet ont travaill\u00e9 pour rendre la remorque food truck <strong>totalement autonome en \u00e9nergie solaire<\/strong>.<\/p>\n<p>Le voyage promotionnel aura un impact z\u00e9ro tant du point de vue de la mobilit\u00e9, gr\u00e2ce \u00e0 la <strong>propulsion \u00e0 \u00e9nergie \u00e9lectrique renouvelable<\/strong>, que pour ce qui concerne la cuisine, qui fonctionnera de mani\u00e8re autonome gr\u00e2ce \u00e0 l&rsquo;\u00e9nergie solaire stock\u00e9e.<\/p>\n<p>&nbsp;&nbsp;<\/p>\n<h2>Remorque Food Truck aliment\u00e9e par \u00e9nergie renouvelable<\/h2>\n<p>L&rsquo;F-Trailer est le prototype de chariot street food autoaliment\u00e9 con\u00e7u pour le <strong>Tesla Destination Tour<\/strong> et destin\u00e9 \u00e0 devenir une r\u00e9f\u00e9rence dans le secteur.<\/p>\n<p><a href=\"https:\/\/www.vsveicolispeciali.com\/wp-content\/uploads\/2018\/02\/carrello-street-food-energia-solare-f-trailer.jpg\"><img loading=\"lazy\" decoding=\"async\" class=\"alignleft size-full wp-image-6342\" src=\"https:\/\/www.vsveicolispeciali.com\/wp-content\/uploads\/2018\/02\/carrello-street-food-energia-solare-f-trailer.jpg\" alt=\"carrello street food alimentato a energia solare con batteria flash battery e pannelli fotovoltaici solbian. Allestito con cucina professionale per lo show cooking. Cucina mobile autoalimentata ed ecosostenibile\" width=\"800\" height=\"533\" srcset=\"https:\/\/www.vsveicolispeciali.com\/wp-content\/uploads\/2018\/02\/carrello-street-food-energia-solare-f-trailer.jpg 800w, https:\/\/www.vsveicolispeciali.com\/wp-content\/uploads\/2018\/02\/carrello-street-food-energia-solare-f-trailer-300x200.jpg 300w, https:\/\/www.vsveicolispeciali.com\/wp-content\/uploads\/2018\/02\/carrello-street-food-energia-solare-f-trailer-768x512.jpg 768w, https:\/\/www.vsveicolispeciali.com\/wp-content\/uploads\/2018\/02\/carrello-street-food-energia-solare-f-trailer-700x466.jpg 700w\" sizes=\"(max-width: 800px) 100vw, 800px\" \/><\/a><\/p>\n<p>Ses <strong>caract\u00e9ristiques techniques<\/strong> sont les suivantes :<\/p>\n<ul class=\"lista\">\n<li>Poids de 1000 kg et hauteur de 2 m\u00e8tres<\/li>\n<li>4 pieds de stationnement<\/li>\n<li>Toit relevable et comptoir coulissant<\/li>\n<li>Syst\u00e8me d&rsquo;eau autonome avec chauffage \u00e0 faible consommation<\/li>\n<li>2 r\u00e9frig\u00e9rateurs de 150 litres \u00e0 accumulation de froid avec 8 heures d&rsquo;autonomie sans courant<\/li>\n<li>Zone cuisine avec hotte et plaque \u00e0 induction \u00e0 faible consommation<\/li>\n<li>\u00c9clairage LED<\/li>\n<li>Batterie au lithium de 10,2 kWh<\/li>\n<li>Syst\u00e8me photovolta\u00efque de 1,5 kWp<\/li>\n<li>Syst\u00e8me de recharge \u00e9galement via bornes<\/li>\n<li>Surveillance \u00e0 distance<\/li>\n<\/ul>\n<p>&nbsp;<\/p>\n<p>C&rsquo;est la <strong>premi\u00e8re remorque \u00e9cologique<\/strong> bas\u00e9e sur des batteries aliment\u00e9es par des panneaux photovolta\u00efques et \u00e9quip\u00e9e d&rsquo;une cuisine professionnelle o\u00f9 tous les mat\u00e9riaux et \u00e9l\u00e9ments technologiques sont \u00e9tudi\u00e9s pour minimiser la consommation d&rsquo;\u00e9nergie et l&rsquo;impact environnemental.<\/p>\n<p>&nbsp;&nbsp;<\/p>\n<h2>Remorque food truck \u00e9quip\u00e9 de technologies de pointe<\/h2>\n<p>L&rsquo;F-Trailer est le r\u00e9sultat de la collaboration de certaines des meilleures entreprises des secteurs de l&rsquo;alimentation, de l&rsquo;automobile et de la technologie. La synergie entre <em>VS Veicoli Speciali<\/em> et ces entreprises de pointe dans leurs secteurs respectifs a permis d&rsquo;atteindre le r\u00e9sultat extraordinaire d&rsquo;une remorque qui est un v\u00e9ritable <strong>restaurant mobile \u00e9co-durable<\/strong>.<\/p>\n<p><a href=\"https:\/\/www.vsveicolispeciali.com\/wp-content\/uploads\/2018\/02\/f-trailer-rimorchio-cucina-mobile-con-pannelli-solari.jpg\"><img loading=\"lazy\" decoding=\"async\" class=\"alignleft size-full wp-image-6345\" src=\"https:\/\/www.vsveicolispeciali.com\/wp-content\/uploads\/2018\/02\/f-trailer-rimorchio-cucina-mobile-con-pannelli-solari.jpg\" alt=\"rimorchio cucina mobile con batteria e pannelli solari per un consumo energetico ecosostenibile. F-trailer progettato per il tesla destination tour\" width=\"800\" height=\"746\" srcset=\"https:\/\/www.vsveicolispeciali.com\/wp-content\/uploads\/2018\/02\/f-trailer-rimorchio-cucina-mobile-con-pannelli-solari.jpg 800w, https:\/\/www.vsveicolispeciali.com\/wp-content\/uploads\/2018\/02\/f-trailer-rimorchio-cucina-mobile-con-pannelli-solari-300x280.jpg 300w, https:\/\/www.vsveicolispeciali.com\/wp-content\/uploads\/2018\/02\/f-trailer-rimorchio-cucina-mobile-con-pannelli-solari-768x716.jpg 768w, https:\/\/www.vsveicolispeciali.com\/wp-content\/uploads\/2018\/02\/f-trailer-rimorchio-cucina-mobile-con-pannelli-solari-700x653.jpg 700w\" sizes=\"(max-width: 800px) 100vw, 800px\" \/><\/a><\/p>\n<p>Voyons quelle a \u00e9t\u00e9 la contribution des diff\u00e9rents partenaires technologiques qui ont assist\u00e9 VS.<\/p>\n<p><strong>Flash Battery<\/strong><\/p>\n<p>La batterie au lithium utilis\u00e9e dans l&rsquo;F-Trailer s&rsquo;appelle Flash Battery et est produite par l&rsquo;entreprise homonyme. Flash Battery a une puissance de 10,2 kWh, avec une tension de 51,2 V et une capacit\u00e9 de 200Ah. Le contr\u00f4le \u00e0 distance propri\u00e9taire permet de surveiller l&rsquo;efficacit\u00e9 et la fonctionnalit\u00e9 de la batterie tout au long de la tourn\u00e9e.<\/p>\n<p>La batterie se recharge \u00e0 l&rsquo;\u00e9nergie solaire gr\u00e2ce aux panneaux photovolta\u00efques monocristallins innovants con\u00e7us par Solbian.<\/p>\n<p>&nbsp;<\/p>\n<p><strong>Solbian<\/strong><\/p>\n<p>Le <strong>syst\u00e8me photovolta\u00efque install\u00e9<\/strong> sur la remorque-cuisine est un concentr\u00e9 de technologie de pointe et de durabilit\u00e9, utilisant les caract\u00e9ristiques de l\u00e9g\u00e8ret\u00e9 et de puissance des panneaux solaires fournis par Solbian. Une puissance de presque 1400W pour un poids total de seulement 18 kg.<\/p>\n<p><a href=\"https:\/\/www.vsveicolispeciali.com\/wp-content\/uploads\/2018\/02\/pannelli-fotovoltaici-solbian-che-alimentano-f-trailer.jpg\"><img loading=\"lazy\" decoding=\"async\" class=\"alignleft size-full wp-image-6348\" src=\"https:\/\/www.vsveicolispeciali.com\/wp-content\/uploads\/2018\/02\/pannelli-fotovoltaici-solbian-che-alimentano-f-trailer.jpg\" alt=\"foto dei pannelli fotovoltaici solbian che alimentano la cucina dell'f-trailer\" width=\"800\" height=\"533\" srcset=\"https:\/\/www.vsveicolispeciali.com\/wp-content\/uploads\/2018\/02\/pannelli-fotovoltaici-solbian-che-alimentano-f-trailer.jpg 800w, https:\/\/www.vsveicolispeciali.com\/wp-content\/uploads\/2018\/02\/pannelli-fotovoltaici-solbian-che-alimentano-f-trailer-300x200.jpg 300w, https:\/\/www.vsveicolispeciali.com\/wp-content\/uploads\/2018\/02\/pannelli-fotovoltaici-solbian-che-alimentano-f-trailer-768x512.jpg 768w, https:\/\/www.vsveicolispeciali.com\/wp-content\/uploads\/2018\/02\/pannelli-fotovoltaici-solbian-che-alimentano-f-trailer-700x466.jpg 700w\" sizes=\"(max-width: 800px) 100vw, 800px\" \/><\/a><\/p>\n<p>Des chiffres rendus possibles d&rsquo;une part gr\u00e2ce \u00e0 l&rsquo;extr\u00eame personnalisation des panneaux qui a permis d&rsquo;exploiter au maximum les surfaces disponibles, d&rsquo;autre part gr\u00e2ce \u00e0 la technologie propri\u00e9taire de l&rsquo;entreprise turinoise qui utilise des cellules de derni\u00e8re g\u00e9n\u00e9ration prot\u00e9g\u00e9es par des technopolym\u00e8res capables d&rsquo;offrir r\u00e9sistance et durabilit\u00e9, malgr\u00e9 des \u00e9paisseurs de quelques dixi\u00e8mes de millim\u00e8tre.<\/p>\n<p>Les panneaux solaires choisis utilisent des cellules monocristallines de silicium et un contact \u00e9lectrique \u00ab\u00a0multi-busbar\u00a0\u00bb, ce qui maximise le rendement m\u00eame en faible \u00e9clairage et rend le syst\u00e8me tr\u00e8s r\u00e9sistant aux petits dommages, toujours possibles dans l&rsquo;utilisation de v\u00e9hicules en mouvement.<\/p>\n<p>Le syst\u00e8me a \u00e9galement \u00e9t\u00e9 optimis\u00e9 du point de vue du rendement \u00e9lectrique, en divisant le champ photovolta\u00efque en 5 sections ind\u00e9pendantes, chacune contr\u00f4l\u00e9e par un r\u00e9gulateur de charge \u00e0 haute efficacit\u00e9 et dot\u00e9 d&rsquo;un algorithme MPPT (recherche de la puissance maximale).<\/p>\n<p>De cette mani\u00e8re, les 5 sections fonctionnent \u00e0 l&rsquo;unisson lorsque l&rsquo;F-Trailer est ouvert (et que les panneaux sont tous orient\u00e9s de mani\u00e8re similaire), mais peuvent fournir de la charge m\u00eame \u00e0 remorque ferm\u00e9e, lorsque l&rsquo;orientation vers le soleil n&rsquo;est pas homog\u00e8ne, chaque section donnant la contribution maximale possible.<\/p>\n<p>Dans les meilleures conditions, repr\u00e9sent\u00e9es par une journ\u00e9e ensoleill\u00e9e estivale, le syst\u00e8me peut fournir jusqu&rsquo;\u00e0 8 kWh d&rsquo;\u00e9nergie au cours de la journ\u00e9e. Une quantit\u00e9 non n\u00e9gligeable, capable d&rsquo;exc\u00e9der les consommations de la cuisine \u00e0 bord.<\/p>\n<p><strong>Gaggenau<\/strong><\/p>\n<p>Le fabricant allemand d&rsquo;\u00e9lectrom\u00e9nagers premium a fourni la plaque de cuisson \u00e0 induction Full Induction, qui se configure comme une seule grande surface de cuisson \u00e0 haute flexibilit\u00e9 et efficacit\u00e9 \u00e9nerg\u00e9tique.<\/p>\n<p><a href=\"https:\/\/www.vsveicolispeciali.com\/wp-content\/uploads\/2018\/02\/piano-cottura-induzione-attrezzatura-f-trailer.jpg\"><img loading=\"lazy\" decoding=\"async\" class=\"alignleft size-full wp-image-6351\" src=\"https:\/\/www.vsveicolispeciali.com\/wp-content\/uploads\/2018\/02\/piano-cottura-induzione-attrezzatura-f-trailer.jpg\" alt=\"piano cottura a induzione della gaggenau montato sul rimorchio street food f-trailer\" width=\"800\" height=\"533\" srcset=\"https:\/\/www.vsveicolispeciali.com\/wp-content\/uploads\/2018\/02\/piano-cottura-induzione-attrezzatura-f-trailer.jpg 800w, https:\/\/www.vsveicolispeciali.com\/wp-content\/uploads\/2018\/02\/piano-cottura-induzione-attrezzatura-f-trailer-300x200.jpg 300w, https:\/\/www.vsveicolispeciali.com\/wp-content\/uploads\/2018\/02\/piano-cottura-induzione-attrezzatura-f-trailer-768x512.jpg 768w, https:\/\/www.vsveicolispeciali.com\/wp-content\/uploads\/2018\/02\/piano-cottura-induzione-attrezzatura-f-trailer-700x466.jpg 700w\" sizes=\"(max-width: 800px) 100vw, 800px\" \/><\/a><\/p>\n<p>Gr\u00e2ce aux 48 micro-inducteurs log\u00e9s sous la plaque en vitroc\u00e9ramique, un champ \u00e9lectromagn\u00e9tique est cr\u00e9\u00e9 capable de d\u00e9tecter le positionnement de la casserole et de diffuser la chaleur de mani\u00e8re s\u00e9lective, chauffant uniform\u00e9ment uniquement le mat\u00e9riau de l&rsquo;objet sans dispersion d&rsquo;\u00e9nergie. De cette mani\u00e8re, la technologie de l&rsquo;induction garantit des temps de cuisson plus rapides, un rendement \u00e9nerg\u00e9tique \u00e9lev\u00e9 et un confort maximal pour l&rsquo;utilisateur.<\/p>\n<p><strong>Elementi<\/strong><\/p>\n<p>A r\u00e9alis\u00e9 la table personnalis\u00e9e couleur cuivre et les plans de travail en Krion avec une barre de connexion \u00e9lectrique innovante.<\/p>\n<p><strong>Rocket Espresso<\/strong><\/p>\n<p>Rocket Espresso a r\u00e9alis\u00e9 une machine \u00e0 caf\u00e9 expresso en poudre portable \u00e0 tr\u00e8s haute efficacit\u00e9, utilis\u00e9e \u00e0 bord de la remorque street food pour servir d&rsquo;excellents caf\u00e9s avec une consommation d&rsquo;\u00e9nergie minimale.<\/p>\n<p><a href=\"https:\/\/www.vsveicolispeciali.com\/wp-content\/uploads\/2018\/02\/macchina-caffe-rocket-espresso-f-trailer.jpg\"><img loading=\"lazy\" decoding=\"async\" class=\"alignleft size-full wp-image-6354\" src=\"https:\/\/www.vsveicolispeciali.com\/wp-content\/uploads\/2018\/02\/macchina-caffe-rocket-espresso-f-trailer.jpg\" alt=\"macchina da caffe espresso usata nella cucina mobile del rimorchio street food\" width=\"800\" height=\"533\" srcset=\"https:\/\/www.vsveicolispeciali.com\/wp-content\/uploads\/2018\/02\/macchina-caffe-rocket-espresso-f-trailer.jpg 800w, https:\/\/www.vsveicolispeciali.com\/wp-content\/uploads\/2018\/02\/macchina-caffe-rocket-espresso-f-trailer-300x200.jpg 300w, https:\/\/www.vsveicolispeciali.com\/wp-content\/uploads\/2018\/02\/macchina-caffe-rocket-espresso-f-trailer-768x512.jpg 768w, https:\/\/www.vsveicolispeciali.com\/wp-content\/uploads\/2018\/02\/macchina-caffe-rocket-espresso-f-trailer-700x466.jpg 700w\" sizes=\"(max-width: 800px) 100vw, 800px\" \/><\/a><\/p>\n<p>&nbsp;&nbsp;<\/p>\n<h2>Utiliser une remorque food truck \u00e0 des fins promotionnelles ou pour la vente ambulante<\/h2>\n<p>La tourn\u00e9e promotionnelle de Tesla est un excellent exemple de la mani\u00e8re dont la <strong>cuisine de rue peut \u00eatre utilis\u00e9e comme une occasion de promouvoir ses produits<\/strong> et un nouveau concept de mobilit\u00e9 durable.<\/p>\n<p>Gr\u00e2ce \u00e0 son extr\u00eame flexibilit\u00e9 d&rsquo;utilisation, l&rsquo;F-Trailer peut \u00eatre tract\u00e9 vers n&rsquo;importe quelle destination et \u00eatre utilis\u00e9 dans diff\u00e9rents contextes :<\/p>\n<ul class=\"lista\">\n<li>Rues<\/li>\n<li>Festivals et foires<\/li>\n<li>\u00c9v\u00e9nements publics et priv\u00e9s<\/li>\n<li>Tourn\u00e9es promotionnelles itin\u00e9rantes<\/li>\n<li>Etc.<\/li>\n<\/ul>\n<p>&nbsp;<br \/>\nDe plus, gr\u00e2ce \u00e0 son <strong>autonomie \u00e9nerg\u00e9tique compl\u00e8te<\/strong>, il n&rsquo;a m\u00eame pas besoin d&rsquo;\u00eatre raccord\u00e9 au r\u00e9seau \u00e9lectrique et peut \u00eatre plac\u00e9 dans des positions strat\u00e9giques pour maximiser la visibilit\u00e9.<\/p>\n<p>Au-del\u00e0 des <strong>objectifs de promotion d&rsquo;entreprise<\/strong>, la remorque peut \u00e9galement \u00eatre utilis\u00e9e comme v\u00e9hicule pour le commerce ambulant. Les entreprises op\u00e9rant dans le secteur de la restauration peuvent la convertir en cuisine mobile afin de g\u00e9n\u00e9rer des profits directement avec la vente de plats \u00e9labor\u00e9s \u00e0 bord, combinant en un seul v\u00e9hicule la fonction publicitaire et celle de <a href=\"https:\/\/www.vsveicolispeciali.com\/fr\/yield-trailer-remorque-ecotechnologique-qui-defie-les-food-trucks-et-les-boutiques-nomades\/\">petit remorque autoaliment\u00e9e<\/a>.<\/p>\n<p>Les <a href=\"https:\/\/www.vsveicolispeciali.com\/fr\/promo-truck-est-un-outil-de-marketing-dentreprise-efficace\/\" target=\"_blank\" rel=\"noopener\">strat\u00e9gies de marketing et de vente<\/a> qui peuvent \u00eatre mises en \u0153uvre gr\u00e2ce \u00e0 l&rsquo;<strong>F-Trailer<\/strong> sont infinies.<\/p>\n<p>Tesla est une des sources d&rsquo;inspiration.<\/p>\n\n\t\t<style type=\"text\/css\">\n\t\t\t#gallery-1 {\n\t\t\t\tmargin: auto;\n\t\t\t}\n\t\t\t#gallery-1 .gallery-item {\n\t\t\t\tfloat: left;\n\t\t\t\tmargin-top: 10px;\n\t\t\t\ttext-align: center;\n\t\t\t\twidth: 33%;\n\t\t\t}\n\t\t\t#gallery-1 img {\n\t\t\t\tborder: 2px solid #cfcfcf;\n\t\t\t}\n\t\t\t#gallery-1 .gallery-caption {\n\t\t\t\tmargin-left: 0;\n\t\t\t}\n\t\t\t\/* see gallery_shortcode() in wp-includes\/media.php *\/\n\t\t<\/style>\n\t\t<div id='gallery-1' class='gallery galleryid-25879 gallery-columns-3 gallery-size-thumbnail'><dl class='gallery-item'>\n\t\t\t<dt class='gallery-icon landscape'>\n\t\t\t\t<a href='https:\/\/www.vsveicolispeciali.com\/fr\/remorque-food-truck-a-energie-solaire\/carrello-street-food-energia-solare-f-trailer-2\/'><img loading=\"lazy\" decoding=\"async\" width=\"150\" height=\"150\" src=\"https:\/\/www.vsveicolispeciali.com\/wp-content\/uploads\/2018\/02\/carrello-street-food-energia-solare-f-trailer-150x150.jpg\" class=\"attachment-thumbnail size-thumbnail\" alt=\"\" srcset=\"https:\/\/www.vsveicolispeciali.com\/wp-content\/uploads\/2018\/02\/carrello-street-food-energia-solare-f-trailer-150x150.jpg 150w, https:\/\/www.vsveicolispeciali.com\/wp-content\/uploads\/2018\/02\/carrello-street-food-energia-solare-f-trailer-500x500.jpg 500w\" sizes=\"(max-width: 150px) 100vw, 150px\" \/><\/a>\n\t\t\t<\/dt><\/dl>\n\t\t\t<br style='clear: both' \/>\n\t\t<\/div>\n\n<p>&nbsp;<\/p>\n","protected":false},"excerpt":{"rendered":"<p>T\u00f4t ou tard, il devait arriver que m\u00eame dans le secteur du street food, en particulier dans la fabrication de food trucks, on assiste \u00e0 un processus d&rsquo;innovation technologique embrassant non seulement le design, mais aussi la recherche sur les mat\u00e9riaux, l&rsquo;attention \u00e0 la sant\u00e9&#8230;<\/p>\n","protected":false},"author":2,"featured_media":6344,"comment_status":"open","ping_status":"open","sticky":false,"template":"","format":"gallery","meta":{"footnotes":""},"categories":[27],"tags":[185,378],"class_list":["post-25879","post","type-post","status-publish","format-gallery","has-post-thumbnail","hentry","category-news-fr","tag-remorque-magasin","tag-marketing-food-truck","post_format-post-format-gallery"],"yoast_head":"<!-- This site is optimized with the Yoast SEO plugin v25.4 - https:\/\/yoast.com\/wordpress\/plugins\/seo\/ -->\n<title>La Remorque Food Truck \u00e0 \u00c9nergie Solaire | TESLA<\/title>\n<meta name=\"description\" content=\"Remorque am\u00e9nag\u00e9 en food truck avec cuisine aliment\u00e9 par batterie au lithium et panneaux photovolta\u00efques. Tesla Destination Tour &gt;\" \/>\n<meta name=\"robots\" content=\"index, follow, max-snippet:-1, max-image-preview:large, max-video-preview:-1\" \/>\n<link rel=\"canonical\" href=\"https:\/\/www.vsveicolispeciali.com\/fr\/remorque-food-truck-a-energie-solaire\/\" \/>\n<meta property=\"og:locale\" content=\"fr_FR\" \/>\n<meta property=\"og:type\" content=\"article\" \/>\n<meta property=\"og:title\" content=\"La Remorque Food Truck \u00e0 \u00c9nergie Solaire | TESLA\" \/>\n<meta property=\"og:description\" content=\"Remorque am\u00e9nag\u00e9 en food truck avec cuisine aliment\u00e9 par batterie au lithium et panneaux photovolta\u00efques. Tesla Destination Tour &gt;\" \/>\n<meta property=\"og:url\" content=\"https:\/\/www.vsveicolispeciali.com\/fr\/remorque-food-truck-a-energie-solaire\/\" \/>\n<meta property=\"og:site_name\" content=\"VS Veicoli Speciali\" \/>\n<meta property=\"article:publisher\" content=\"https:\/\/www.facebook.com\/VSVeicoliSpeciali.Food.Trucks\/\" \/>\n<meta property=\"article:published_time\" content=\"2018-02-22T11:58:54+00:00\" \/>\n<meta property=\"article:modified_time\" content=\"2024-07-31T13:56:41+00:00\" \/>\n<meta property=\"og:image\" content=\"https:\/\/www.vsveicolispeciali.com\/wp-content\/uploads\/2018\/02\/carrello-street-food-energia-solare-f-trailer.jpg\" \/>\n\t<meta property=\"og:image:width\" content=\"800\" \/>\n\t<meta property=\"og:image:height\" content=\"533\" \/>\n\t<meta property=\"og:image:type\" content=\"image\/jpeg\" \/>\n<meta name=\"author\" content=\"VS Veicoli Speciali\" \/>\n<meta name=\"twitter:card\" content=\"summary_large_image\" \/>\n<meta name=\"twitter:creator\" content=\"@veicolispeciali\" \/>\n<meta name=\"twitter:site\" content=\"@veicolispeciali\" \/>\n<meta name=\"twitter:label1\" content=\"\u00c9crit par\" \/>\n\t<meta name=\"twitter:data1\" content=\"VS Veicoli Speciali\" \/>\n\t<meta name=\"twitter:label2\" content=\"Dur\u00e9e de lecture estim\u00e9e\" \/>\n\t<meta name=\"twitter:data2\" content=\"9 minutes\" \/>\n<script type=\"application\/ld+json\" class=\"yoast-schema-graph\">{\"@context\":\"https:\/\/schema.org\",\"@graph\":[{\"@type\":\"Article\",\"@id\":\"https:\/\/www.vsveicolispeciali.com\/fr\/remorque-food-truck-a-energie-solaire\/#article\",\"isPartOf\":{\"@id\":\"https:\/\/www.vsveicolispeciali.com\/fr\/remorque-food-truck-a-energie-solaire\/\"},\"author\":{\"name\":\"VS Veicoli Speciali\",\"@id\":\"https:\/\/www.vsveicolispeciali.com\/fr\/#\/schema\/person\/8c8e3b05db2eca472cca11ff78d1a62d\"},\"headline\":\"La Remorque Food Truck \u00e0 \u00c9nergie Solaire\",\"datePublished\":\"2018-02-22T11:58:54+00:00\",\"dateModified\":\"2024-07-31T13:56:41+00:00\",\"mainEntityOfPage\":{\"@id\":\"https:\/\/www.vsveicolispeciali.com\/fr\/remorque-food-truck-a-energie-solaire\/\"},\"wordCount\":1498,\"commentCount\":0,\"publisher\":{\"@id\":\"https:\/\/www.vsveicolispeciali.com\/fr\/#organization\"},\"image\":{\"@id\":\"https:\/\/www.vsveicolispeciali.com\/fr\/remorque-food-truck-a-energie-solaire\/#primaryimage\"},\"thumbnailUrl\":\"https:\/\/www.vsveicolispeciali.com\/wp-content\/uploads\/2018\/02\/carrello-street-food-energia-solare-f-trailer.jpg\",\"keywords\":[\"remorque magasin\",\"marketing food truck\"],\"articleSection\":[\"News\"],\"inLanguage\":\"fr-FR\",\"potentialAction\":[{\"@type\":\"CommentAction\",\"name\":\"Comment\",\"target\":[\"https:\/\/www.vsveicolispeciali.com\/fr\/remorque-food-truck-a-energie-solaire\/#respond\"]}]},{\"@type\":\"WebPage\",\"@id\":\"https:\/\/www.vsveicolispeciali.com\/fr\/remorque-food-truck-a-energie-solaire\/\",\"url\":\"https:\/\/www.vsveicolispeciali.com\/fr\/remorque-food-truck-a-energie-solaire\/\",\"name\":\"La Remorque Food Truck \u00e0 \u00c9nergie Solaire | TESLA\",\"isPartOf\":{\"@id\":\"https:\/\/www.vsveicolispeciali.com\/fr\/#website\"},\"primaryImageOfPage\":{\"@id\":\"https:\/\/www.vsveicolispeciali.com\/fr\/remorque-food-truck-a-energie-solaire\/#primaryimage\"},\"image\":{\"@id\":\"https:\/\/www.vsveicolispeciali.com\/fr\/remorque-food-truck-a-energie-solaire\/#primaryimage\"},\"thumbnailUrl\":\"https:\/\/www.vsveicolispeciali.com\/wp-content\/uploads\/2018\/02\/carrello-street-food-energia-solare-f-trailer.jpg\",\"datePublished\":\"2018-02-22T11:58:54+00:00\",\"dateModified\":\"2024-07-31T13:56:41+00:00\",\"description\":\"Remorque am\u00e9nag\u00e9 en food truck avec cuisine aliment\u00e9 par batterie au lithium et panneaux photovolta\u00efques. Tesla Destination Tour >\",\"breadcrumb\":{\"@id\":\"https:\/\/www.vsveicolispeciali.com\/fr\/remorque-food-truck-a-energie-solaire\/#breadcrumb\"},\"inLanguage\":\"fr-FR\",\"potentialAction\":[{\"@type\":\"ReadAction\",\"target\":[\"https:\/\/www.vsveicolispeciali.com\/fr\/remorque-food-truck-a-energie-solaire\/\"]}]},{\"@type\":\"ImageObject\",\"inLanguage\":\"fr-FR\",\"@id\":\"https:\/\/www.vsveicolispeciali.com\/fr\/remorque-food-truck-a-energie-solaire\/#primaryimage\",\"url\":\"https:\/\/www.vsveicolispeciali.com\/wp-content\/uploads\/2018\/02\/carrello-street-food-energia-solare-f-trailer.jpg\",\"contentUrl\":\"https:\/\/www.vsveicolispeciali.com\/wp-content\/uploads\/2018\/02\/carrello-street-food-energia-solare-f-trailer.jpg\",\"width\":800,\"height\":533},{\"@type\":\"BreadcrumbList\",\"@id\":\"https:\/\/www.vsveicolispeciali.com\/fr\/remorque-food-truck-a-energie-solaire\/#breadcrumb\",\"itemListElement\":[{\"@type\":\"ListItem\",\"position\":1,\"name\":\"Home\",\"item\":\"https:\/\/www.vsveicolispeciali.com\/fr\/\"},{\"@type\":\"ListItem\",\"position\":2,\"name\":\"La Remorque Food Truck \u00e0 \u00c9nergie Solaire\"}]},{\"@type\":\"WebSite\",\"@id\":\"https:\/\/www.vsveicolispeciali.com\/fr\/#website\",\"url\":\"https:\/\/www.vsveicolispeciali.com\/fr\/\",\"name\":\"VS Veicoli Speciali\",\"description\":\"\",\"publisher\":{\"@id\":\"https:\/\/www.vsveicolispeciali.com\/fr\/#organization\"},\"potentialAction\":[{\"@type\":\"SearchAction\",\"target\":{\"@type\":\"EntryPoint\",\"urlTemplate\":\"https:\/\/www.vsveicolispeciali.com\/fr\/?s={search_term_string}\"},\"query-input\":{\"@type\":\"PropertyValueSpecification\",\"valueRequired\":true,\"valueName\":\"search_term_string\"}}],\"inLanguage\":\"fr-FR\"},{\"@type\":\"Organization\",\"@id\":\"https:\/\/www.vsveicolispeciali.com\/fr\/#organization\",\"name\":\"VS Veicoli Speciali\",\"url\":\"https:\/\/www.vsveicolispeciali.com\/fr\/\",\"logo\":{\"@type\":\"ImageObject\",\"inLanguage\":\"fr-FR\",\"@id\":\"https:\/\/www.vsveicolispeciali.com\/fr\/#\/schema\/logo\/image\/\",\"url\":\"http:\/\/www.vsveicolispeciali.com\/wp-content\/uploads\/2015\/05\/vs_veicoli_speciali-logo.png\",\"contentUrl\":\"http:\/\/www.vsveicolispeciali.com\/wp-content\/uploads\/2015\/05\/vs_veicoli_speciali-logo.png\",\"width\":252,\"height\":134,\"caption\":\"VS Veicoli Speciali\"},\"image\":{\"@id\":\"https:\/\/www.vsveicolispeciali.com\/fr\/#\/schema\/logo\/image\/\"},\"sameAs\":[\"https:\/\/www.facebook.com\/VSVeicoliSpeciali.Food.Trucks\/\",\"https:\/\/x.com\/veicolispeciali\",\"https:\/\/www.instagram.com\/vs_veicolispeciali\/\",\"https:\/\/www.linkedin.com\/company\/2811960\/\",\"https:\/\/www.pinterest.com\/streetfoodtruck\/\",\"https:\/\/www.youtube.com\/user\/veicolispeciali\"]},{\"@type\":\"Person\",\"@id\":\"https:\/\/www.vsveicolispeciali.com\/fr\/#\/schema\/person\/8c8e3b05db2eca472cca11ff78d1a62d\",\"name\":\"VS Veicoli Speciali\",\"image\":{\"@type\":\"ImageObject\",\"inLanguage\":\"fr-FR\",\"@id\":\"https:\/\/www.vsveicolispeciali.com\/fr\/#\/schema\/person\/image\/\",\"url\":\"https:\/\/secure.gravatar.com\/avatar\/69112ab3f18e6754894da123600ad5b0?s=96&d=mm&r=g\",\"contentUrl\":\"https:\/\/secure.gravatar.com\/avatar\/69112ab3f18e6754894da123600ad5b0?s=96&d=mm&r=g\",\"caption\":\"VS Veicoli Speciali\"}}]}<\/script>\n<!-- \/ Yoast SEO plugin. -->","yoast_head_json":{"title":"La Remorque Food Truck \u00e0 \u00c9nergie Solaire | TESLA","description":"Remorque am\u00e9nag\u00e9 en food truck avec cuisine aliment\u00e9 par batterie au lithium et panneaux photovolta\u00efques. Tesla Destination Tour >","robots":{"index":"index","follow":"follow","max-snippet":"max-snippet:-1","max-image-preview":"max-image-preview:large","max-video-preview":"max-video-preview:-1"},"canonical":"https:\/\/www.vsveicolispeciali.com\/fr\/remorque-food-truck-a-energie-solaire\/","og_locale":"fr_FR","og_type":"article","og_title":"La Remorque Food Truck \u00e0 \u00c9nergie Solaire | TESLA","og_description":"Remorque am\u00e9nag\u00e9 en food truck avec cuisine aliment\u00e9 par batterie au lithium et panneaux photovolta\u00efques. Tesla Destination Tour >","og_url":"https:\/\/www.vsveicolispeciali.com\/fr\/remorque-food-truck-a-energie-solaire\/","og_site_name":"VS Veicoli Speciali","article_publisher":"https:\/\/www.facebook.com\/VSVeicoliSpeciali.Food.Trucks\/","article_published_time":"2018-02-22T11:58:54+00:00","article_modified_time":"2024-07-31T13:56:41+00:00","og_image":[{"width":800,"height":533,"url":"https:\/\/www.vsveicolispeciali.com\/wp-content\/uploads\/2018\/02\/carrello-street-food-energia-solare-f-trailer.jpg","type":"image\/jpeg"}],"author":"VS Veicoli Speciali","twitter_card":"summary_large_image","twitter_creator":"@veicolispeciali","twitter_site":"@veicolispeciali","twitter_misc":{"\u00c9crit par":"VS Veicoli Speciali","Dur\u00e9e de lecture estim\u00e9e":"9 minutes"},"schema":{"@context":"https:\/\/schema.org","@graph":[{"@type":"Article","@id":"https:\/\/www.vsveicolispeciali.com\/fr\/remorque-food-truck-a-energie-solaire\/#article","isPartOf":{"@id":"https:\/\/www.vsveicolispeciali.com\/fr\/remorque-food-truck-a-energie-solaire\/"},"author":{"name":"VS Veicoli Speciali","@id":"https:\/\/www.vsveicolispeciali.com\/fr\/#\/schema\/person\/8c8e3b05db2eca472cca11ff78d1a62d"},"headline":"La Remorque Food Truck \u00e0 \u00c9nergie Solaire","datePublished":"2018-02-22T11:58:54+00:00","dateModified":"2024-07-31T13:56:41+00:00","mainEntityOfPage":{"@id":"https:\/\/www.vsveicolispeciali.com\/fr\/remorque-food-truck-a-energie-solaire\/"},"wordCount":1498,"commentCount":0,"publisher":{"@id":"https:\/\/www.vsveicolispeciali.com\/fr\/#organization"},"image":{"@id":"https:\/\/www.vsveicolispeciali.com\/fr\/remorque-food-truck-a-energie-solaire\/#primaryimage"},"thumbnailUrl":"https:\/\/www.vsveicolispeciali.com\/wp-content\/uploads\/2018\/02\/carrello-street-food-energia-solare-f-trailer.jpg","keywords":["remorque magasin","marketing food truck"],"articleSection":["News"],"inLanguage":"fr-FR","potentialAction":[{"@type":"CommentAction","name":"Comment","target":["https:\/\/www.vsveicolispeciali.com\/fr\/remorque-food-truck-a-energie-solaire\/#respond"]}]},{"@type":"WebPage","@id":"https:\/\/www.vsveicolispeciali.com\/fr\/remorque-food-truck-a-energie-solaire\/","url":"https:\/\/www.vsveicolispeciali.com\/fr\/remorque-food-truck-a-energie-solaire\/","name":"La Remorque Food Truck \u00e0 \u00c9nergie Solaire | TESLA","isPartOf":{"@id":"https:\/\/www.vsveicolispeciali.com\/fr\/#website"},"primaryImageOfPage":{"@id":"https:\/\/www.vsveicolispeciali.com\/fr\/remorque-food-truck-a-energie-solaire\/#primaryimage"},"image":{"@id":"https:\/\/www.vsveicolispeciali.com\/fr\/remorque-food-truck-a-energie-solaire\/#primaryimage"},"thumbnailUrl":"https:\/\/www.vsveicolispeciali.com\/wp-content\/uploads\/2018\/02\/carrello-street-food-energia-solare-f-trailer.jpg","datePublished":"2018-02-22T11:58:54+00:00","dateModified":"2024-07-31T13:56:41+00:00","description":"Remorque am\u00e9nag\u00e9 en food truck avec cuisine aliment\u00e9 par batterie au lithium et panneaux photovolta\u00efques. Tesla Destination Tour >","breadcrumb":{"@id":"https:\/\/www.vsveicolispeciali.com\/fr\/remorque-food-truck-a-energie-solaire\/#breadcrumb"},"inLanguage":"fr-FR","potentialAction":[{"@type":"ReadAction","target":["https:\/\/www.vsveicolispeciali.com\/fr\/remorque-food-truck-a-energie-solaire\/"]}]},{"@type":"ImageObject","inLanguage":"fr-FR","@id":"https:\/\/www.vsveicolispeciali.com\/fr\/remorque-food-truck-a-energie-solaire\/#primaryimage","url":"https:\/\/www.vsveicolispeciali.com\/wp-content\/uploads\/2018\/02\/carrello-street-food-energia-solare-f-trailer.jpg","contentUrl":"https:\/\/www.vsveicolispeciali.com\/wp-content\/uploads\/2018\/02\/carrello-street-food-energia-solare-f-trailer.jpg","width":800,"height":533},{"@type":"BreadcrumbList","@id":"https:\/\/www.vsveicolispeciali.com\/fr\/remorque-food-truck-a-energie-solaire\/#breadcrumb","itemListElement":[{"@type":"ListItem","position":1,"name":"Home","item":"https:\/\/www.vsveicolispeciali.com\/fr\/"},{"@type":"ListItem","position":2,"name":"La Remorque Food Truck \u00e0 \u00c9nergie Solaire"}]},{"@type":"WebSite","@id":"https:\/\/www.vsveicolispeciali.com\/fr\/#website","url":"https:\/\/www.vsveicolispeciali.com\/fr\/","name":"VS Veicoli Speciali","description":"","publisher":{"@id":"https:\/\/www.vsveicolispeciali.com\/fr\/#organization"},"potentialAction":[{"@type":"SearchAction","target":{"@type":"EntryPoint","urlTemplate":"https:\/\/www.vsveicolispeciali.com\/fr\/?s={search_term_string}"},"query-input":{"@type":"PropertyValueSpecification","valueRequired":true,"valueName":"search_term_string"}}],"inLanguage":"fr-FR"},{"@type":"Organization","@id":"https:\/\/www.vsveicolispeciali.com\/fr\/#organization","name":"VS Veicoli Speciali","url":"https:\/\/www.vsveicolispeciali.com\/fr\/","logo":{"@type":"ImageObject","inLanguage":"fr-FR","@id":"https:\/\/www.vsveicolispeciali.com\/fr\/#\/schema\/logo\/image\/","url":"http:\/\/www.vsveicolispeciali.com\/wp-content\/uploads\/2015\/05\/vs_veicoli_speciali-logo.png","contentUrl":"http:\/\/www.vsveicolispeciali.com\/wp-content\/uploads\/2015\/05\/vs_veicoli_speciali-logo.png","width":252,"height":134,"caption":"VS Veicoli Speciali"},"image":{"@id":"https:\/\/www.vsveicolispeciali.com\/fr\/#\/schema\/logo\/image\/"},"sameAs":["https:\/\/www.facebook.com\/VSVeicoliSpeciali.Food.Trucks\/","https:\/\/x.com\/veicolispeciali","https:\/\/www.instagram.com\/vs_veicolispeciali\/","https:\/\/www.linkedin.com\/company\/2811960\/","https:\/\/www.pinterest.com\/streetfoodtruck\/","https:\/\/www.youtube.com\/user\/veicolispeciali"]},{"@type":"Person","@id":"https:\/\/www.vsveicolispeciali.com\/fr\/#\/schema\/person\/8c8e3b05db2eca472cca11ff78d1a62d","name":"VS Veicoli Speciali","image":{"@type":"ImageObject","inLanguage":"fr-FR","@id":"https:\/\/www.vsveicolispeciali.com\/fr\/#\/schema\/person\/image\/","url":"https:\/\/secure.gravatar.com\/avatar\/69112ab3f18e6754894da123600ad5b0?s=96&d=mm&r=g","contentUrl":"https:\/\/secure.gravatar.com\/avatar\/69112ab3f18e6754894da123600ad5b0?s=96&d=mm&r=g","caption":"VS Veicoli Speciali"}}]}},"_links":{"self":[{"href":"https:\/\/www.vsveicolispeciali.com\/fr\/wp-json\/wp\/v2\/posts\/25879"}],"collection":[{"href":"https:\/\/www.vsveicolispeciali.com\/fr\/wp-json\/wp\/v2\/posts"}],"about":[{"href":"https:\/\/www.vsveicolispeciali.com\/fr\/wp-json\/wp\/v2\/types\/post"}],"author":[{"embeddable":true,"href":"https:\/\/www.vsveicolispeciali.com\/fr\/wp-json\/wp\/v2\/users\/2"}],"replies":[{"embeddable":true,"href":"https:\/\/www.vsveicolispeciali.com\/fr\/wp-json\/wp\/v2\/comments?post=25879"}],"version-history":[{"count":4,"href":"https:\/\/www.vsveicolispeciali.com\/fr\/wp-json\/wp\/v2\/posts\/25879\/revisions"}],"predecessor-version":[{"id":26107,"href":"https:\/\/www.vsveicolispeciali.com\/fr\/wp-json\/wp\/v2\/posts\/25879\/revisions\/26107"}],"wp:featuredmedia":[{"embeddable":true,"href":"https:\/\/www.vsveicolispeciali.com\/fr\/wp-json\/wp\/v2\/media\/6344"}],"wp:attachment":[{"href":"https:\/\/www.vsveicolispeciali.com\/fr\/wp-json\/wp\/v2\/media?parent=25879"}],"wp:term":[{"taxonomy":"category","embeddable":true,"href":"https:\/\/www.vsveicolispeciali.com\/fr\/wp-json\/wp\/v2\/categories?post=25879"},{"taxonomy":"post_tag","embeddable":true,"href":"https:\/\/www.vsveicolispeciali.com\/fr\/wp-json\/wp\/v2\/tags?post=25879"}],"curies":[{"name":"wp","href":"https:\/\/api.w.org\/{rel}","templated":true}]}}