{"id":25867,"date":"2018-02-27T00:03:38","date_gmt":"2018-02-26T23:03:38","guid":{"rendered":"https:\/\/www.vsveicolispeciali.com\/food-truck-festival-street-food-commercio-ambulante-svizzera\/"},"modified":"2025-05-29T19:11:32","modified_gmt":"2025-05-29T17:11:32","slug":"food-truck-et-festivals-street-food-le-dynamisme-du-commerce-ambulant-en-suisse","status":"publish","type":"post","link":"https:\/\/www.vsveicolispeciali.com\/fr\/food-truck-et-festivals-street-food-le-dynamisme-du-commerce-ambulant-en-suisse\/","title":{"rendered":"Food truck et festivals street food en Suisse"},"content":{"rendered":"<p>La <strong>Suisse<\/strong> est un endroit id\u00e9al pour g\u00e9rer une activit\u00e9 street food avec son propre food truck : une bureaucratie l\u00e9g\u00e8re, une fiscalit\u00e9 basse, des services efficaces, un public r\u00e9ceptif et ouvert aux cuisines du monde.<\/p>\n<p>Comme dans d&rsquo;autres pays fortement industrialis\u00e9s, les gens appr\u00e9cient les repas rapides et de qualit\u00e9 pendant la semaine de travail, et lorsque la saison chaude commence, les \u00e9v\u00e9nements street food sont pris d&rsquo;assaut les week-ends.<\/p>\n<p>Pour ces raisons, le nombre de food trucks en circulation en Suisse augmente rapidement, tout comme le nombre d&rsquo;\u00e9v\u00e9nements street food organis\u00e9s.<\/p>\n<p>Voici quelques-uns des <a href=\"https:\/\/www.vsveicolispeciali.com\/fr\/15-superbes-food-trucks-vendus-en-suisse-par-vs\/\" rel=\"noopener\" target=\"_blank\">food trucks les plus beaux en Suisse<\/a>.<\/p>\n<p><strong><a href=\"https:\/\/www.vsveicolispeciali.com\/fr\/street-food-truck\/fiat-ducato-food-truck-nero-s-pizza-geneve\/\" target=\"_blank\" rel=\"noopener\">Nero&rsquo;s Pizza<\/a><\/strong><\/p>\n<p><a href=\"https:\/\/www.vsveicolispeciali.com\/wp-content\/uploads\/2018\/02\/neros-pizza-ginevra-svizzera.jpg\"><img loading=\"lazy\" decoding=\"async\" class=\"alignleft size-full wp-image-6412\" src=\"https:\/\/www.vsveicolispeciali.com\/wp-content\/uploads\/2018\/02\/neros-pizza-ginevra-svizzera.jpg\" alt=\"Nero's Pizza food truck vendant des pizzas \u00e0 la tranche \u00e0 Gen\u00e8ve, Suisse\" width=\"800\" height=\"800\" srcset=\"https:\/\/www.vsveicolispeciali.com\/wp-content\/uploads\/2018\/02\/neros-pizza-ginevra-svizzera.jpg 800w, https:\/\/www.vsveicolispeciali.com\/wp-content\/uploads\/2018\/02\/neros-pizza-ginevra-svizzera-150x150.jpg 150w, https:\/\/www.vsveicolispeciali.com\/wp-content\/uploads\/2018\/02\/neros-pizza-ginevra-svizzera-300x300.jpg 300w, https:\/\/www.vsveicolispeciali.com\/wp-content\/uploads\/2018\/02\/neros-pizza-ginevra-svizzera-768x768.jpg 768w, https:\/\/www.vsveicolispeciali.com\/wp-content\/uploads\/2018\/02\/neros-pizza-ginevra-svizzera-570x570.jpg 570w, https:\/\/www.vsveicolispeciali.com\/wp-content\/uploads\/2018\/02\/neros-pizza-ginevra-svizzera-500x500.jpg 500w, https:\/\/www.vsveicolispeciali.com\/wp-content\/uploads\/2018\/02\/neros-pizza-ginevra-svizzera-700x700.jpg 700w\" sizes=\"(max-width: 800px) 100vw, 800px\" \/><\/a><\/p>\n<p><strong><a href=\"https:\/\/www.vsveicolispeciali.com\/fr\/street-food-truck\/fiat-ducato-cuisine-mobile-thf-geneve-suisse\/\" target=\"_blank\" rel=\"noopener\">THF &#8211; The Hamburger Foundation<\/a><\/strong><\/p>\n<p><a href=\"https:\/\/www.vsveicolispeciali.com\/wp-content\/uploads\/2018\/02\/food-truck-the-hamburger-foundation-svizzera.jpg\"><img loading=\"lazy\" decoding=\"async\" class=\"alignleft size-full wp-image-6406\" src=\"https:\/\/www.vsveicolispeciali.com\/wp-content\/uploads\/2018\/02\/food-truck-the-hamburger-foundation-svizzera.jpg\" alt=\"food truck the hamburger foundation Suisse\" width=\"800\" height=\"600\" srcset=\"https:\/\/www.vsveicolispeciali.com\/wp-content\/uploads\/2018\/02\/food-truck-the-hamburger-foundation-svizzera.jpg 800w, https:\/\/www.vsveicolispeciali.com\/wp-content\/uploads\/2018\/02\/food-truck-the-hamburger-foundation-svizzera-300x225.jpg 300w, https:\/\/www.vsveicolispeciali.com\/wp-content\/uploads\/2018\/02\/food-truck-the-hamburger-foundation-svizzera-768x576.jpg 768w, https:\/\/www.vsveicolispeciali.com\/wp-content\/uploads\/2018\/02\/food-truck-the-hamburger-foundation-svizzera-700x525.jpg 700w\" sizes=\"(max-width: 800px) 100vw, 800px\" \/><\/a><\/p>\n<p><strong><a href=\"https:\/\/www.vsveicolispeciali.com\/fr\/street-food-truck\/food-truck-ducato-fiat-gabriele-suisse\/\" target=\"_blank\" rel=\"noopener\">Gabriele Street Food<\/a><\/strong><\/p>\n<p><a href=\"https:\/\/www.vsveicolispeciali.com\/wp-content\/uploads\/2018\/02\/food-truck-fiat-ducato-gabriele-street-food.jpg\"><img loading=\"lazy\" decoding=\"async\" class=\"alignleft size-full wp-image-6400\" src=\"https:\/\/www.vsveicolispeciali.com\/wp-content\/uploads\/2018\/02\/food-truck-fiat-ducato-gabriele-street-food.jpg\" alt=\"food truck fiat ducato gabriele street food gar\u00e9 sur une place suisse\" width=\"800\" height=\"518\" srcset=\"https:\/\/www.vsveicolispeciali.com\/wp-content\/uploads\/2018\/02\/food-truck-fiat-ducato-gabriele-street-food.jpg 800w, https:\/\/www.vsveicolispeciali.com\/wp-content\/uploads\/2018\/02\/food-truck-fiat-ducato-gabriele-street-food-300x194.jpg 300w, https:\/\/www.vsveicolispeciali.com\/wp-content\/uploads\/2018\/02\/food-truck-fiat-ducato-gabriele-street-food-768x497.jpg 768w, https:\/\/www.vsveicolispeciali.com\/wp-content\/uploads\/2018\/02\/food-truck-fiat-ducato-gabriele-street-food-400x260.jpg 400w, https:\/\/www.vsveicolispeciali.com\/wp-content\/uploads\/2018\/02\/food-truck-fiat-ducato-gabriele-street-food-700x453.jpg 700w\" sizes=\"(max-width: 800px) 100vw, 800px\" \/><\/a><\/p>\n<p><strong><a href=\"https:\/\/www.vsveicolispeciali.com\/fr\/street-food-truck\/mercedes-food-truck-kitchenette-zurich\/\" target=\"_blank\" rel=\"noopener\">Kitchenette<\/a><\/strong><\/p>\n<p><a href=\"https:\/\/www.vsveicolispeciali.com\/wp-content\/uploads\/2018\/02\/food-truck-mercedes-kitchenette-zurigo.jpg\"><img loading=\"lazy\" decoding=\"async\" class=\"alignleft size-full wp-image-6403\" src=\"https:\/\/www.vsveicolispeciali.com\/wp-content\/uploads\/2018\/02\/food-truck-mercedes-kitchenette-zurigo.jpg\" alt=\"food truck mercedes kitchenette de couleur verte travaille dans le commerce de rue \u00e0 Zurich\" width=\"800\" height=\"537\" srcset=\"https:\/\/www.vsveicolispeciali.com\/wp-content\/uploads\/2018\/02\/food-truck-mercedes-kitchenette-zurigo.jpg 800w, https:\/\/www.vsveicolispeciali.com\/wp-content\/uploads\/2018\/02\/food-truck-mercedes-kitchenette-zurigo-300x201.jpg 300w, https:\/\/www.vsveicolispeciali.com\/wp-content\/uploads\/2018\/02\/food-truck-mercedes-kitchenette-zurigo-768x516.jpg 768w, https:\/\/www.vsveicolispeciali.com\/wp-content\/uploads\/2018\/02\/food-truck-mercedes-kitchenette-zurigo-700x470.jpg 700w\" sizes=\"(max-width: 800px) 100vw, 800px\" \/><\/a><\/p>\n<p><strong><a href=\"https:\/\/www.vsveicolispeciali.com\/fr\/street-food-truck\/camionnette-fiat-ducato-food-truck-trevor-suisse\/\" target=\"_blank\" rel=\"noopener\">Tr3vor<\/a><\/strong><\/p>\n<p><a href=\"https:\/\/www.vsveicolispeciali.com\/wp-content\/uploads\/2018\/02\/tr3vor-food-truck-canton-ticino-svizzera.jpg\"><img loading=\"lazy\" decoding=\"async\" class=\"alignleft size-full wp-image-6415\" src=\"https:\/\/www.vsveicolispeciali.com\/wp-content\/uploads\/2018\/02\/tr3vor-food-truck-canton-ticino-svizzera.jpg\" alt=\"tr3vor food truck op\u00e9rant dans le canton du Tessin en Suisse dirig\u00e9 par le chef Trevor Alpignani\" width=\"800\" height=\"618\" srcset=\"https:\/\/www.vsveicolispeciali.com\/wp-content\/uploads\/2018\/02\/tr3vor-food-truck-canton-ticino-svizzera.jpg 800w, https:\/\/www.vsveicolispeciali.com\/wp-content\/uploads\/2018\/02\/tr3vor-food-truck-canton-ticino-svizzera-300x232.jpg 300w, https:\/\/www.vsveicolispeciali.com\/wp-content\/uploads\/2018\/02\/tr3vor-food-truck-canton-ticino-svizzera-768x593.jpg 768w, https:\/\/www.vsveicolispeciali.com\/wp-content\/uploads\/2018\/02\/tr3vor-food-truck-canton-ticino-svizzera-700x541.jpg 700w\" sizes=\"(max-width: 800px) 100vw, 800px\" \/><\/a><\/p>\n<p><strong><a href=\"https:\/\/www.vsveicolispeciali.com\/fr\/street-food-truck\/camion-sandwich-cuisine-de-rue-guadaloupe-lor-bokit\/\" target=\"_blank\" rel=\"noopener\">De l&rsquo;Or Bokit<\/a><\/strong><\/p>\n<p><a href=\"https:\/\/www.vsveicolispeciali.com\/wp-content\/uploads\/2018\/02\/furgone-food-truck-de-lor-bokit-svizzera.jpg\"><img loading=\"lazy\" decoding=\"async\" class=\"alignleft size-full wp-image-6409\" src=\"https:\/\/www.vsveicolispeciali.com\/wp-content\/uploads\/2018\/02\/furgone-food-truck-de-lor-bokit-svizzera.jpg\" alt=\"camion food truck de l'or bokit Suisse pour la vente de sandwichs typiques de Guadalupe\" width=\"800\" height=\"530\" srcset=\"https:\/\/www.vsveicolispeciali.com\/wp-content\/uploads\/2018\/02\/furgone-food-truck-de-lor-bokit-svizzera.jpg 800w, https:\/\/www.vsveicolispeciali.com\/wp-content\/uploads\/2018\/02\/furgone-food-truck-de-lor-bokit-svizzera-300x199.jpg 300w, https:\/\/www.vsveicolispeciali.com\/wp-content\/uploads\/2018\/02\/furgone-food-truck-de-lor-bokit-svizzera-768x509.jpg 768w, https:\/\/www.vsveicolispeciali.com\/wp-content\/uploads\/2018\/02\/furgone-food-truck-de-lor-bokit-svizzera-700x464.jpg 700w\" sizes=\"(max-width: 800px) 100vw, 800px\" \/><\/a><\/p>\n<p>&nbsp;<\/p>\n<h2>Les festivals de street food les plus populaires en Suisse<\/h2>\n<p>&nbsp;<\/p>\n<p>En Suisse, les festivals d\u00e9di\u00e9s <a href=\"https:\/\/www.vsveicolispeciali.com\/fr\/street-food\/\" rel=\"noopener\" target=\"_blank\">au street food et aux food trucks<\/a> sont de plus en plus nombreux et fr\u00e9quent\u00e9s. Une tendance commune \u00e0 d&rsquo;autres pays europ\u00e9ens et \u00e0 l&rsquo;Italie, o\u00f9 ces \u00e9v\u00e9nements se multiplient d&rsquo;ann\u00e9e en ann\u00e9e. Sans parler des festivals de food trucks aux \u00c9tats-Unis, nombreux et gigantesques.<\/p>\n<p><strong><a href=\"https:\/\/streetfood-festivals.ch\/locarno\/\" rel=\"noopener\" target=\"_blank\">Street Food Festival Locarno<\/a> | 2024<\/strong><br \/>\n&nbsp;<br \/>\n<a href=\"https:\/\/www.vsveicolispeciali.com\/wp-content\/uploads\/2024\/08\/streetfoodfestival-suisse-food-truck-rapelli.jpg\"><img loading=\"lazy\" decoding=\"async\" src=\"https:\/\/www.vsveicolispeciali.com\/wp-content\/uploads\/2024\/08\/streetfoodfestival-suisse-food-truck-rapelli.jpg\" alt=\"streetfoodfestival suisse food truck rapelli\" width=\"810\" height=\"462\" class=\"alignleft size-full wp-image-26115\" srcset=\"https:\/\/www.vsveicolispeciali.com\/wp-content\/uploads\/2024\/08\/streetfoodfestival-suisse-food-truck-rapelli.jpg 810w, https:\/\/www.vsveicolispeciali.com\/wp-content\/uploads\/2024\/08\/streetfoodfestival-suisse-food-truck-rapelli-300x171.jpg 300w, https:\/\/www.vsveicolispeciali.com\/wp-content\/uploads\/2024\/08\/streetfoodfestival-suisse-food-truck-rapelli-768x438.jpg 768w, https:\/\/www.vsveicolispeciali.com\/wp-content\/uploads\/2024\/08\/streetfoodfestival-suisse-food-truck-rapelli-345x198.jpg 345w, https:\/\/www.vsveicolispeciali.com\/wp-content\/uploads\/2024\/08\/streetfoodfestival-suisse-food-truck-rapelli-700x399.jpg 700w\" sizes=\"(max-width: 810px) 100vw, 810px\" \/><\/a><br \/>\n<a href=\"https:\/\/www.vsveicolispeciali.com\/fr\/street-food-truck\/charcuterie-food-truck-rapelli-epicerie-fine-itinerante\/\" rel=\"noopener\" target=\"_blank\">Charcuterie Food Truck &#8211; Rapelli<\/a><br \/>\n&nbsp;<br \/>\nUn <strong>\u00e9v\u00e9nement street food<\/strong> o\u00f9 les protagonistes sont la cuisine de rue et surtout les food trucks : camions \u00e9quip\u00e9s de cuisines professionnelles, caravanes et fourgons convertis, Piaggio Apecar transform\u00e9s en petits restaurants ambulants venant de toute la Suisse et, dans certains cas, d&rsquo;Italie.<\/p>\n<p>Un <strong>\u00e9v\u00e9nement gastronomique<\/strong> o\u00f9 les plats pr\u00e9par\u00e9s et servis par les food-truckers sont authentiques et repr\u00e9sentent les traditions culinaires de leurs r\u00e9gions d&rsquo;origine.<\/p>\n<p>Dans le splendide cadre de la Piazza Grande, une zone du centre historique facilement accessible \u00e0 Locarno, on pourra d\u00e9guster de l&rsquo;entr\u00e9e au dessert une grande vari\u00e9t\u00e9 de plats, ainsi que de la bi\u00e8re, des vins et d&rsquo;autres boissons. Le tout agr\u00e9ment\u00e9 d&rsquo;\u00e9v\u00e9nements musicaux et de spectacles de rue : histoires, musique et culture.<\/p>\n<p>&nbsp;&nbsp;<\/p>\n<h2>Les festivals de street food les plus populaires en Suisse<\/h2>\n<p>&nbsp;<\/p>\n<p><strong><a href=\"https:\/\/streetfood-festivals.ch\/lausanne\/\" rel=\"noopener\" target=\"_blank\">Street Food Festival Lausanne<\/a> | 2024<\/strong><\/p>\n<p><strong><a href=\"https:\/\/streetfood-festivals.ch\/lugano\/\" rel=\"noopener\" target=\"_blank\">Street Food Festival Lugano<\/a> | 2024 <\/strong><\/p>\n<p><strong><a href=\"https:\/\/www.streetfoodfest.ch\/\" rel=\"noopener\" target=\"_blank\">Street Food Festival Zurich<\/a> | 2024<\/strong><\/p>\n<p><strong><a href=\"http:\/\/www.gvastreetfoodfest.ch\/\" rel=\"noopener\" target=\"_blank\">Geneva Street Food Festival<\/a><\/strong>: une occasion parfaite pour d\u00e9couvrir la <a href=\"https:\/\/www.vsveicolispeciali.com\/fr\/les-food-trucks-de-geneve-achetes-a-turin-une-magie-signee-vs\/\" rel=\"noopener\" target=\"_blank\">vivacit\u00e9 culinaire de Gen\u00e8ve<\/a> et les derni\u00e8res nouveaut\u00e9s du monde de la street food.<\/p>\n<p>Pour conna\u00eetre les principaux festivals de street food en Suisse et leurs dates, consultez le site suivant :<\/p>\n<p><a href=\"https:\/\/streetfood-festivals.ch\/#events\" target=\"_blank\" rel=\"noopener\">https:\/\/streetfood-festivals.ch\/#events<\/a><\/p>\n<p>&nbsp;<\/p>\n<h2>Lancer une activit\u00e9 de commerce ambulant en Suisse<\/h2>\n<p>Le <strong>secteur du street food en Suisse<\/strong> est en plein essor et offre de bonnes opportunit\u00e9s pour les nouveaux petits entrepreneurs et les entreprises d\u00e9j\u00e0 actives. Une excellente nouvelle pour ceux qui envisagent d&rsquo;<a href=\"https:\/\/www.vsveicolispeciali.com\/fr\/amenagement-vehicules-magasin-commerce-ambulant\/food-truck-camion-magasin-pour-vente-ambulante\/\">acheter un food truck<\/a> et d&rsquo;\u00e9tendre leur activit\u00e9 sur la route.<br \/>\n&nbsp;<br \/>\n<a href=\"https:\/\/www.vsveicolispeciali.com\/wp-content\/uploads\/2024\/08\/lugano-food-truck-ghost-bagel.jpg\"><img loading=\"lazy\" decoding=\"async\" src=\"https:\/\/www.vsveicolispeciali.com\/wp-content\/uploads\/2024\/08\/lugano-food-truck-ghost-bagel.jpg\" alt=\"lugano food truck ghost bagel\" width=\"1000\" height=\"1114\" class=\"alignleft size-full wp-image-26112\" srcset=\"https:\/\/www.vsveicolispeciali.com\/wp-content\/uploads\/2024\/08\/lugano-food-truck-ghost-bagel.jpg 1000w, https:\/\/www.vsveicolispeciali.com\/wp-content\/uploads\/2024\/08\/lugano-food-truck-ghost-bagel-269x300.jpg 269w, https:\/\/www.vsveicolispeciali.com\/wp-content\/uploads\/2024\/08\/lugano-food-truck-ghost-bagel-919x1024.jpg 919w, https:\/\/www.vsveicolispeciali.com\/wp-content\/uploads\/2024\/08\/lugano-food-truck-ghost-bagel-768x856.jpg 768w, https:\/\/www.vsveicolispeciali.com\/wp-content\/uploads\/2024\/08\/lugano-food-truck-ghost-bagel-700x780.jpg 700w\" sizes=\"(max-width: 1000px) 100vw, 1000px\" \/><\/a><br \/>\n<a href=\"https:\/\/www.vsveicolispeciali.com\/fr\/street-food-truck\/bagel-truck-porter-piaggio-np6-ghost-bagel\/\" rel=\"noopener\" target=\"_blank\">Bagel Truck &#8211; Ghost Bagel<\/a><br \/>\n&nbsp;<br \/>\nL&rsquo;autre bonne nouvelle est que pour l&rsquo;<strong>exercice du commerce ambulant<\/strong>, la bureaucratie suisse est l\u00e9g\u00e8re et efficace. Le march\u00e9 est ouvert \u00e0 tous, contrairement \u00e0 ce qui se passe dans le secteur du commerce ambulant en Italie. La demande d&rsquo;autorisation est soumise \u00e0 quelques conditions :<\/p>\n<ul class=\"lista\">\n<li>Le demandeur de l&rsquo;autorisation, au cours des deux ann\u00e9es pr\u00e9c\u00e9dant la demande, n&rsquo;a pas \u00e9t\u00e9 condamn\u00e9 pour un d\u00e9lit ou un crime en relation avec lequel l&rsquo;exercice du commerce ambulant pr\u00e9sente un risque de r\u00e9cidive. En cas de peine de prison purg\u00e9e, la p\u00e9riode consid\u00e9r\u00e9e commence au moment de la lib\u00e9ration ;<\/li>\n<li>La demande d&rsquo;autorisation doit \u00eatre d\u00e9pos\u00e9e aupr\u00e8s de l&rsquo;autorit\u00e9 cantonale comp\u00e9tente ou de l&rsquo;association professionnelle autoris\u00e9e au moins 20 jours avant le d\u00e9but de l&rsquo;activit\u00e9 ou avant l&rsquo;expiration de l&rsquo;autorisation en cours.<\/li>\n<\/ul>\n<p>&nbsp;<\/p>\n<p>Les <strong>documents<\/strong> suivants doivent \u00eatre joints \u00e0 la demande :<\/p>\n<ul class=\"lista\">\n<li>Deux photos d&rsquo;identit\u00e9 r\u00e9centes au format passeport ;<\/li>\n<li>Un extrait du registre du commerce relatif \u00e0 l&rsquo;entreprise pour laquelle le salari\u00e9 exerce l&rsquo;activit\u00e9, d\u00e9livr\u00e9 au cours des trois mois pr\u00e9c\u00e9dents, ou une pi\u00e8ce d&rsquo;identit\u00e9 valide (passeport, permis de conduire, carte d&rsquo;identit\u00e9) dans les cas o\u00f9 le demandeur lui-m\u00eame ou l&rsquo;entreprise pour laquelle il exerce l&rsquo;activit\u00e9 n&rsquo;est pas soumis \u00e0 l&rsquo;obligation d&rsquo;inscription au registre du commerce ; en cas de proc\u00e9dure \u00e9crite, une photocopie des documents mentionn\u00e9s suffit ;<\/li>\n<li>Un extrait du casier judiciaire d\u00e9livr\u00e9 au cours du mois pr\u00e9c\u00e9dent par l&rsquo;autorit\u00e9 f\u00e9d\u00e9rale comp\u00e9tente ;<\/li>\n<li>Un certificat de domicile d\u00e9livr\u00e9 au cours des douze mois pr\u00e9c\u00e9dents.<\/li>\n<\/ul>\n<p>&nbsp;<\/p>\n<p>Les citoyens \u00e9trangers r\u00e9sidant \u00e0 l&rsquo;\u00e9tranger ont droit \u00e0 une autorisation aux m\u00eames conditions. Sous r\u00e9serve des dispositions de la l\u00e9gislation sur les \u00e9trangers.<\/p>\n<p>Les documents d\u00e9livr\u00e9s \u00e0 l&rsquo;\u00e9tranger doivent \u00eatre \u00e9quivalents aux documents correspondants d\u00e9livr\u00e9s en Suisse.<\/p>\n<p>&nbsp;<br \/>\n\n\t\t<style type=\"text\/css\">\n\t\t\t#gallery-1 {\n\t\t\t\tmargin: auto;\n\t\t\t}\n\t\t\t#gallery-1 .gallery-item {\n\t\t\t\tfloat: left;\n\t\t\t\tmargin-top: 10px;\n\t\t\t\ttext-align: center;\n\t\t\t\twidth: 33%;\n\t\t\t}\n\t\t\t#gallery-1 img {\n\t\t\t\tborder: 2px solid #cfcfcf;\n\t\t\t}\n\t\t\t#gallery-1 .gallery-caption {\n\t\t\t\tmargin-left: 0;\n\t\t\t}\n\t\t\t\/* see gallery_shortcode() in wp-includes\/media.php *\/\n\t\t<\/style>\n\t\t<div id='gallery-1' class='gallery galleryid-25867 gallery-columns-3 gallery-size-thumbnail'><dl class='gallery-item'>\n\t\t\t<dt class='gallery-icon landscape'>\n\t\t\t\t<a href='https:\/\/www.vsveicolispeciali.com\/fr\/food-truck-et-festivals-street-food-le-dynamisme-du-commerce-ambulant-en-suisse\/furgone-food-truck-de-lor-bokit-svizzera-2\/'><img loading=\"lazy\" decoding=\"async\" width=\"150\" height=\"150\" src=\"https:\/\/www.vsveicolispeciali.com\/wp-content\/uploads\/2018\/02\/furgone-food-truck-de-lor-bokit-svizzera-150x150.jpg\" class=\"attachment-thumbnail size-thumbnail\" alt=\"\" srcset=\"https:\/\/www.vsveicolispeciali.com\/wp-content\/uploads\/2018\/02\/furgone-food-truck-de-lor-bokit-svizzera-150x150.jpg 150w, https:\/\/www.vsveicolispeciali.com\/wp-content\/uploads\/2018\/02\/furgone-food-truck-de-lor-bokit-svizzera-500x500.jpg 500w\" sizes=\"(max-width: 150px) 100vw, 150px\" \/><\/a>\n\t\t\t<\/dt><\/dl>\n\t\t\t<br style='clear: both' \/>\n\t\t<\/div>\n<br \/>\n&nbsp;<\/p>\n","protected":false},"excerpt":{"rendered":"<p>La Suisse est un endroit id\u00e9al pour g\u00e9rer une activit\u00e9 street food avec son propre food truck : une bureaucratie l\u00e9g\u00e8re, une fiscalit\u00e9 basse, des services efficaces, un public r\u00e9ceptif et ouvert aux cuisines du monde. Comme dans d&rsquo;autres pays fortement industrialis\u00e9s, les gens appr\u00e9cient&#8230;<\/p>\n","protected":false},"author":2,"featured_media":6411,"comment_status":"open","ping_status":"open","sticky":false,"template":"","format":"gallery","meta":{"footnotes":""},"categories":[27],"tags":[205,211,483],"class_list":["post-25867","post","type-post","status-publish","format-gallery","has-post-thumbnail","hentry","category-news-fr","tag-street-food","tag-food-truck-reglementation","tag-food-truck-suisse","post_format-post-format-gallery"],"yoast_head":"<!-- This site is optimized with the Yoast SEO plugin v25.4 - https:\/\/yoast.com\/wordpress\/plugins\/seo\/ -->\n<title>Food truck et festivals street food en Suisse<\/title>\n<meta name=\"description\" content=\"Certains des meilleurs food trucks circulent en Suisse ainsi que les principaux festivals et \u00e9v\u00e9nements de street food &gt;\" \/>\n<meta name=\"robots\" content=\"index, follow, max-snippet:-1, max-image-preview:large, max-video-preview:-1\" \/>\n<link rel=\"canonical\" href=\"https:\/\/www.vsveicolispeciali.com\/fr\/food-truck-et-festivals-street-food-le-dynamisme-du-commerce-ambulant-en-suisse\/\" \/>\n<meta property=\"og:locale\" content=\"fr_FR\" \/>\n<meta property=\"og:type\" content=\"article\" \/>\n<meta property=\"og:title\" content=\"Food truck et festivals street food en Suisse\" \/>\n<meta property=\"og:description\" content=\"Certains des meilleurs food trucks circulent en Suisse ainsi que les principaux festivals et \u00e9v\u00e9nements de street food &gt;\" \/>\n<meta property=\"og:url\" content=\"https:\/\/www.vsveicolispeciali.com\/fr\/food-truck-et-festivals-street-food-le-dynamisme-du-commerce-ambulant-en-suisse\/\" \/>\n<meta property=\"og:site_name\" content=\"VS Veicoli Speciali\" \/>\n<meta property=\"article:publisher\" content=\"https:\/\/www.facebook.com\/VSVeicoliSpeciali.Food.Trucks\/\" \/>\n<meta property=\"article:published_time\" content=\"2018-02-26T23:03:38+00:00\" \/>\n<meta property=\"article:modified_time\" content=\"2025-05-29T17:11:32+00:00\" \/>\n<meta property=\"og:image\" content=\"https:\/\/www.vsveicolispeciali.com\/wp-content\/uploads\/2018\/02\/furgone-food-truck-de-lor-bokit-svizzera.jpg\" \/>\n\t<meta property=\"og:image:width\" content=\"800\" \/>\n\t<meta property=\"og:image:height\" content=\"530\" \/>\n\t<meta property=\"og:image:type\" content=\"image\/jpeg\" \/>\n<meta name=\"author\" content=\"VS Veicoli Speciali\" \/>\n<meta name=\"twitter:card\" content=\"summary_large_image\" \/>\n<meta name=\"twitter:creator\" content=\"@veicolispeciali\" \/>\n<meta name=\"twitter:site\" content=\"@veicolispeciali\" \/>\n<meta name=\"twitter:label1\" content=\"\u00c9crit par\" \/>\n\t<meta name=\"twitter:data1\" content=\"VS Veicoli Speciali\" \/>\n\t<meta name=\"twitter:label2\" content=\"Dur\u00e9e de lecture estim\u00e9e\" \/>\n\t<meta name=\"twitter:data2\" content=\"6 minutes\" \/>\n<script type=\"application\/ld+json\" class=\"yoast-schema-graph\">{\"@context\":\"https:\/\/schema.org\",\"@graph\":[{\"@type\":\"Article\",\"@id\":\"https:\/\/www.vsveicolispeciali.com\/fr\/food-truck-et-festivals-street-food-le-dynamisme-du-commerce-ambulant-en-suisse\/#article\",\"isPartOf\":{\"@id\":\"https:\/\/www.vsveicolispeciali.com\/fr\/food-truck-et-festivals-street-food-le-dynamisme-du-commerce-ambulant-en-suisse\/\"},\"author\":{\"name\":\"VS Veicoli Speciali\",\"@id\":\"https:\/\/www.vsveicolispeciali.com\/fr\/#\/schema\/person\/8c8e3b05db2eca472cca11ff78d1a62d\"},\"headline\":\"Food truck et festivals street food en Suisse\",\"datePublished\":\"2018-02-26T23:03:38+00:00\",\"dateModified\":\"2025-05-29T17:11:32+00:00\",\"mainEntityOfPage\":{\"@id\":\"https:\/\/www.vsveicolispeciali.com\/fr\/food-truck-et-festivals-street-food-le-dynamisme-du-commerce-ambulant-en-suisse\/\"},\"wordCount\":840,\"commentCount\":0,\"publisher\":{\"@id\":\"https:\/\/www.vsveicolispeciali.com\/fr\/#organization\"},\"image\":{\"@id\":\"https:\/\/www.vsveicolispeciali.com\/fr\/food-truck-et-festivals-street-food-le-dynamisme-du-commerce-ambulant-en-suisse\/#primaryimage\"},\"thumbnailUrl\":\"https:\/\/www.vsveicolispeciali.com\/wp-content\/uploads\/2018\/02\/furgone-food-truck-de-lor-bokit-svizzera.jpg\",\"keywords\":[\"street food\",\"food truck r\u00e9glementation\",\"food truck suisse\"],\"articleSection\":[\"News\"],\"inLanguage\":\"fr-FR\",\"potentialAction\":[{\"@type\":\"CommentAction\",\"name\":\"Comment\",\"target\":[\"https:\/\/www.vsveicolispeciali.com\/fr\/food-truck-et-festivals-street-food-le-dynamisme-du-commerce-ambulant-en-suisse\/#respond\"]}]},{\"@type\":\"WebPage\",\"@id\":\"https:\/\/www.vsveicolispeciali.com\/fr\/food-truck-et-festivals-street-food-le-dynamisme-du-commerce-ambulant-en-suisse\/\",\"url\":\"https:\/\/www.vsveicolispeciali.com\/fr\/food-truck-et-festivals-street-food-le-dynamisme-du-commerce-ambulant-en-suisse\/\",\"name\":\"Food truck et festivals street food en Suisse\",\"isPartOf\":{\"@id\":\"https:\/\/www.vsveicolispeciali.com\/fr\/#website\"},\"primaryImageOfPage\":{\"@id\":\"https:\/\/www.vsveicolispeciali.com\/fr\/food-truck-et-festivals-street-food-le-dynamisme-du-commerce-ambulant-en-suisse\/#primaryimage\"},\"image\":{\"@id\":\"https:\/\/www.vsveicolispeciali.com\/fr\/food-truck-et-festivals-street-food-le-dynamisme-du-commerce-ambulant-en-suisse\/#primaryimage\"},\"thumbnailUrl\":\"https:\/\/www.vsveicolispeciali.com\/wp-content\/uploads\/2018\/02\/furgone-food-truck-de-lor-bokit-svizzera.jpg\",\"datePublished\":\"2018-02-26T23:03:38+00:00\",\"dateModified\":\"2025-05-29T17:11:32+00:00\",\"description\":\"Certains des meilleurs food trucks circulent en Suisse ainsi que les principaux festivals et \u00e9v\u00e9nements de street food >\",\"breadcrumb\":{\"@id\":\"https:\/\/www.vsveicolispeciali.com\/fr\/food-truck-et-festivals-street-food-le-dynamisme-du-commerce-ambulant-en-suisse\/#breadcrumb\"},\"inLanguage\":\"fr-FR\",\"potentialAction\":[{\"@type\":\"ReadAction\",\"target\":[\"https:\/\/www.vsveicolispeciali.com\/fr\/food-truck-et-festivals-street-food-le-dynamisme-du-commerce-ambulant-en-suisse\/\"]}]},{\"@type\":\"ImageObject\",\"inLanguage\":\"fr-FR\",\"@id\":\"https:\/\/www.vsveicolispeciali.com\/fr\/food-truck-et-festivals-street-food-le-dynamisme-du-commerce-ambulant-en-suisse\/#primaryimage\",\"url\":\"https:\/\/www.vsveicolispeciali.com\/wp-content\/uploads\/2018\/02\/furgone-food-truck-de-lor-bokit-svizzera.jpg\",\"contentUrl\":\"https:\/\/www.vsveicolispeciali.com\/wp-content\/uploads\/2018\/02\/furgone-food-truck-de-lor-bokit-svizzera.jpg\",\"width\":800,\"height\":530},{\"@type\":\"BreadcrumbList\",\"@id\":\"https:\/\/www.vsveicolispeciali.com\/fr\/food-truck-et-festivals-street-food-le-dynamisme-du-commerce-ambulant-en-suisse\/#breadcrumb\",\"itemListElement\":[{\"@type\":\"ListItem\",\"position\":1,\"name\":\"Home\",\"item\":\"https:\/\/www.vsveicolispeciali.com\/fr\/\"},{\"@type\":\"ListItem\",\"position\":2,\"name\":\"Food truck et festivals street food en Suisse\"}]},{\"@type\":\"WebSite\",\"@id\":\"https:\/\/www.vsveicolispeciali.com\/fr\/#website\",\"url\":\"https:\/\/www.vsveicolispeciali.com\/fr\/\",\"name\":\"VS Veicoli Speciali\",\"description\":\"\",\"publisher\":{\"@id\":\"https:\/\/www.vsveicolispeciali.com\/fr\/#organization\"},\"potentialAction\":[{\"@type\":\"SearchAction\",\"target\":{\"@type\":\"EntryPoint\",\"urlTemplate\":\"https:\/\/www.vsveicolispeciali.com\/fr\/?s={search_term_string}\"},\"query-input\":{\"@type\":\"PropertyValueSpecification\",\"valueRequired\":true,\"valueName\":\"search_term_string\"}}],\"inLanguage\":\"fr-FR\"},{\"@type\":\"Organization\",\"@id\":\"https:\/\/www.vsveicolispeciali.com\/fr\/#organization\",\"name\":\"VS Veicoli Speciali\",\"url\":\"https:\/\/www.vsveicolispeciali.com\/fr\/\",\"logo\":{\"@type\":\"ImageObject\",\"inLanguage\":\"fr-FR\",\"@id\":\"https:\/\/www.vsveicolispeciali.com\/fr\/#\/schema\/logo\/image\/\",\"url\":\"http:\/\/www.vsveicolispeciali.com\/wp-content\/uploads\/2015\/05\/vs_veicoli_speciali-logo.png\",\"contentUrl\":\"http:\/\/www.vsveicolispeciali.com\/wp-content\/uploads\/2015\/05\/vs_veicoli_speciali-logo.png\",\"width\":252,\"height\":134,\"caption\":\"VS Veicoli Speciali\"},\"image\":{\"@id\":\"https:\/\/www.vsveicolispeciali.com\/fr\/#\/schema\/logo\/image\/\"},\"sameAs\":[\"https:\/\/www.facebook.com\/VSVeicoliSpeciali.Food.Trucks\/\",\"https:\/\/x.com\/veicolispeciali\",\"https:\/\/www.instagram.com\/vs_veicolispeciali\/\",\"https:\/\/www.linkedin.com\/company\/2811960\/\",\"https:\/\/www.pinterest.com\/streetfoodtruck\/\",\"https:\/\/www.youtube.com\/user\/veicolispeciali\"]},{\"@type\":\"Person\",\"@id\":\"https:\/\/www.vsveicolispeciali.com\/fr\/#\/schema\/person\/8c8e3b05db2eca472cca11ff78d1a62d\",\"name\":\"VS Veicoli Speciali\",\"image\":{\"@type\":\"ImageObject\",\"inLanguage\":\"fr-FR\",\"@id\":\"https:\/\/www.vsveicolispeciali.com\/fr\/#\/schema\/person\/image\/\",\"url\":\"https:\/\/secure.gravatar.com\/avatar\/69112ab3f18e6754894da123600ad5b0?s=96&d=mm&r=g\",\"contentUrl\":\"https:\/\/secure.gravatar.com\/avatar\/69112ab3f18e6754894da123600ad5b0?s=96&d=mm&r=g\",\"caption\":\"VS Veicoli Speciali\"}}]}<\/script>\n<!-- \/ Yoast SEO plugin. -->","yoast_head_json":{"title":"Food truck et festivals street food en Suisse","description":"Certains des meilleurs food trucks circulent en Suisse ainsi que les principaux festivals et \u00e9v\u00e9nements de street food >","robots":{"index":"index","follow":"follow","max-snippet":"max-snippet:-1","max-image-preview":"max-image-preview:large","max-video-preview":"max-video-preview:-1"},"canonical":"https:\/\/www.vsveicolispeciali.com\/fr\/food-truck-et-festivals-street-food-le-dynamisme-du-commerce-ambulant-en-suisse\/","og_locale":"fr_FR","og_type":"article","og_title":"Food truck et festivals street food en Suisse","og_description":"Certains des meilleurs food trucks circulent en Suisse ainsi que les principaux festivals et \u00e9v\u00e9nements de street food >","og_url":"https:\/\/www.vsveicolispeciali.com\/fr\/food-truck-et-festivals-street-food-le-dynamisme-du-commerce-ambulant-en-suisse\/","og_site_name":"VS Veicoli Speciali","article_publisher":"https:\/\/www.facebook.com\/VSVeicoliSpeciali.Food.Trucks\/","article_published_time":"2018-02-26T23:03:38+00:00","article_modified_time":"2025-05-29T17:11:32+00:00","og_image":[{"width":800,"height":530,"url":"https:\/\/www.vsveicolispeciali.com\/wp-content\/uploads\/2018\/02\/furgone-food-truck-de-lor-bokit-svizzera.jpg","type":"image\/jpeg"}],"author":"VS Veicoli Speciali","twitter_card":"summary_large_image","twitter_creator":"@veicolispeciali","twitter_site":"@veicolispeciali","twitter_misc":{"\u00c9crit par":"VS Veicoli Speciali","Dur\u00e9e de lecture estim\u00e9e":"6 minutes"},"schema":{"@context":"https:\/\/schema.org","@graph":[{"@type":"Article","@id":"https:\/\/www.vsveicolispeciali.com\/fr\/food-truck-et-festivals-street-food-le-dynamisme-du-commerce-ambulant-en-suisse\/#article","isPartOf":{"@id":"https:\/\/www.vsveicolispeciali.com\/fr\/food-truck-et-festivals-street-food-le-dynamisme-du-commerce-ambulant-en-suisse\/"},"author":{"name":"VS Veicoli Speciali","@id":"https:\/\/www.vsveicolispeciali.com\/fr\/#\/schema\/person\/8c8e3b05db2eca472cca11ff78d1a62d"},"headline":"Food truck et festivals street food en Suisse","datePublished":"2018-02-26T23:03:38+00:00","dateModified":"2025-05-29T17:11:32+00:00","mainEntityOfPage":{"@id":"https:\/\/www.vsveicolispeciali.com\/fr\/food-truck-et-festivals-street-food-le-dynamisme-du-commerce-ambulant-en-suisse\/"},"wordCount":840,"commentCount":0,"publisher":{"@id":"https:\/\/www.vsveicolispeciali.com\/fr\/#organization"},"image":{"@id":"https:\/\/www.vsveicolispeciali.com\/fr\/food-truck-et-festivals-street-food-le-dynamisme-du-commerce-ambulant-en-suisse\/#primaryimage"},"thumbnailUrl":"https:\/\/www.vsveicolispeciali.com\/wp-content\/uploads\/2018\/02\/furgone-food-truck-de-lor-bokit-svizzera.jpg","keywords":["street food","food truck r\u00e9glementation","food truck suisse"],"articleSection":["News"],"inLanguage":"fr-FR","potentialAction":[{"@type":"CommentAction","name":"Comment","target":["https:\/\/www.vsveicolispeciali.com\/fr\/food-truck-et-festivals-street-food-le-dynamisme-du-commerce-ambulant-en-suisse\/#respond"]}]},{"@type":"WebPage","@id":"https:\/\/www.vsveicolispeciali.com\/fr\/food-truck-et-festivals-street-food-le-dynamisme-du-commerce-ambulant-en-suisse\/","url":"https:\/\/www.vsveicolispeciali.com\/fr\/food-truck-et-festivals-street-food-le-dynamisme-du-commerce-ambulant-en-suisse\/","name":"Food truck et festivals street food en Suisse","isPartOf":{"@id":"https:\/\/www.vsveicolispeciali.com\/fr\/#website"},"primaryImageOfPage":{"@id":"https:\/\/www.vsveicolispeciali.com\/fr\/food-truck-et-festivals-street-food-le-dynamisme-du-commerce-ambulant-en-suisse\/#primaryimage"},"image":{"@id":"https:\/\/www.vsveicolispeciali.com\/fr\/food-truck-et-festivals-street-food-le-dynamisme-du-commerce-ambulant-en-suisse\/#primaryimage"},"thumbnailUrl":"https:\/\/www.vsveicolispeciali.com\/wp-content\/uploads\/2018\/02\/furgone-food-truck-de-lor-bokit-svizzera.jpg","datePublished":"2018-02-26T23:03:38+00:00","dateModified":"2025-05-29T17:11:32+00:00","description":"Certains des meilleurs food trucks circulent en Suisse ainsi que les principaux festivals et \u00e9v\u00e9nements de street food >","breadcrumb":{"@id":"https:\/\/www.vsveicolispeciali.com\/fr\/food-truck-et-festivals-street-food-le-dynamisme-du-commerce-ambulant-en-suisse\/#breadcrumb"},"inLanguage":"fr-FR","potentialAction":[{"@type":"ReadAction","target":["https:\/\/www.vsveicolispeciali.com\/fr\/food-truck-et-festivals-street-food-le-dynamisme-du-commerce-ambulant-en-suisse\/"]}]},{"@type":"ImageObject","inLanguage":"fr-FR","@id":"https:\/\/www.vsveicolispeciali.com\/fr\/food-truck-et-festivals-street-food-le-dynamisme-du-commerce-ambulant-en-suisse\/#primaryimage","url":"https:\/\/www.vsveicolispeciali.com\/wp-content\/uploads\/2018\/02\/furgone-food-truck-de-lor-bokit-svizzera.jpg","contentUrl":"https:\/\/www.vsveicolispeciali.com\/wp-content\/uploads\/2018\/02\/furgone-food-truck-de-lor-bokit-svizzera.jpg","width":800,"height":530},{"@type":"BreadcrumbList","@id":"https:\/\/www.vsveicolispeciali.com\/fr\/food-truck-et-festivals-street-food-le-dynamisme-du-commerce-ambulant-en-suisse\/#breadcrumb","itemListElement":[{"@type":"ListItem","position":1,"name":"Home","item":"https:\/\/www.vsveicolispeciali.com\/fr\/"},{"@type":"ListItem","position":2,"name":"Food truck et festivals street food en Suisse"}]},{"@type":"WebSite","@id":"https:\/\/www.vsveicolispeciali.com\/fr\/#website","url":"https:\/\/www.vsveicolispeciali.com\/fr\/","name":"VS Veicoli Speciali","description":"","publisher":{"@id":"https:\/\/www.vsveicolispeciali.com\/fr\/#organization"},"potentialAction":[{"@type":"SearchAction","target":{"@type":"EntryPoint","urlTemplate":"https:\/\/www.vsveicolispeciali.com\/fr\/?s={search_term_string}"},"query-input":{"@type":"PropertyValueSpecification","valueRequired":true,"valueName":"search_term_string"}}],"inLanguage":"fr-FR"},{"@type":"Organization","@id":"https:\/\/www.vsveicolispeciali.com\/fr\/#organization","name":"VS Veicoli Speciali","url":"https:\/\/www.vsveicolispeciali.com\/fr\/","logo":{"@type":"ImageObject","inLanguage":"fr-FR","@id":"https:\/\/www.vsveicolispeciali.com\/fr\/#\/schema\/logo\/image\/","url":"http:\/\/www.vsveicolispeciali.com\/wp-content\/uploads\/2015\/05\/vs_veicoli_speciali-logo.png","contentUrl":"http:\/\/www.vsveicolispeciali.com\/wp-content\/uploads\/2015\/05\/vs_veicoli_speciali-logo.png","width":252,"height":134,"caption":"VS Veicoli Speciali"},"image":{"@id":"https:\/\/www.vsveicolispeciali.com\/fr\/#\/schema\/logo\/image\/"},"sameAs":["https:\/\/www.facebook.com\/VSVeicoliSpeciali.Food.Trucks\/","https:\/\/x.com\/veicolispeciali","https:\/\/www.instagram.com\/vs_veicolispeciali\/","https:\/\/www.linkedin.com\/company\/2811960\/","https:\/\/www.pinterest.com\/streetfoodtruck\/","https:\/\/www.youtube.com\/user\/veicolispeciali"]},{"@type":"Person","@id":"https:\/\/www.vsveicolispeciali.com\/fr\/#\/schema\/person\/8c8e3b05db2eca472cca11ff78d1a62d","name":"VS Veicoli Speciali","image":{"@type":"ImageObject","inLanguage":"fr-FR","@id":"https:\/\/www.vsveicolispeciali.com\/fr\/#\/schema\/person\/image\/","url":"https:\/\/secure.gravatar.com\/avatar\/69112ab3f18e6754894da123600ad5b0?s=96&d=mm&r=g","contentUrl":"https:\/\/secure.gravatar.com\/avatar\/69112ab3f18e6754894da123600ad5b0?s=96&d=mm&r=g","caption":"VS Veicoli Speciali"}}]}},"_links":{"self":[{"href":"https:\/\/www.vsveicolispeciali.com\/fr\/wp-json\/wp\/v2\/posts\/25867"}],"collection":[{"href":"https:\/\/www.vsveicolispeciali.com\/fr\/wp-json\/wp\/v2\/posts"}],"about":[{"href":"https:\/\/www.vsveicolispeciali.com\/fr\/wp-json\/wp\/v2\/types\/post"}],"author":[{"embeddable":true,"href":"https:\/\/www.vsveicolispeciali.com\/fr\/wp-json\/wp\/v2\/users\/2"}],"replies":[{"embeddable":true,"href":"https:\/\/www.vsveicolispeciali.com\/fr\/wp-json\/wp\/v2\/comments?post=25867"}],"version-history":[{"count":12,"href":"https:\/\/www.vsveicolispeciali.com\/fr\/wp-json\/wp\/v2\/posts\/25867\/revisions"}],"predecessor-version":[{"id":28058,"href":"https:\/\/www.vsveicolispeciali.com\/fr\/wp-json\/wp\/v2\/posts\/25867\/revisions\/28058"}],"wp:featuredmedia":[{"embeddable":true,"href":"https:\/\/www.vsveicolispeciali.com\/fr\/wp-json\/wp\/v2\/media\/6411"}],"wp:attachment":[{"href":"https:\/\/www.vsveicolispeciali.com\/fr\/wp-json\/wp\/v2\/media?parent=25867"}],"wp:term":[{"taxonomy":"category","embeddable":true,"href":"https:\/\/www.vsveicolispeciali.com\/fr\/wp-json\/wp\/v2\/categories?post=25867"},{"taxonomy":"post_tag","embeddable":true,"href":"https:\/\/www.vsveicolispeciali.com\/fr\/wp-json\/wp\/v2\/tags?post=25867"}],"curies":[{"name":"wp","href":"https:\/\/api.w.org\/{rel}","templated":true}]}}