{"id":25231,"date":"2024-03-07T21:02:17","date_gmt":"2024-03-07T20:02:17","guid":{"rendered":"https:\/\/www.vsveicolispeciali.com\/multiplying-food-trucks-to-multiply-profits\/"},"modified":"2024-12-17T19:48:06","modified_gmt":"2024-12-17T18:48:06","slug":"multiplier-les-food-trucks-pour-multiplier-les-benefices","status":"publish","type":"post","link":"https:\/\/www.vsveicolispeciali.com\/fr\/multiplier-les-food-trucks-pour-multiplier-les-benefices\/","title":{"rendered":"Multiplier les food trucks pour multiplier les b\u00e9n\u00e9fices"},"content":{"rendered":"<p>Il est de notori\u00e9t\u00e9 publique que sur le <strong>march\u00e9 de la restauration<\/strong>, un <strong>bon produit<\/strong> chasse toujours un <strong>mauvais produit<\/strong>.<\/p>\n<p>Mais lorsqu&rsquo;il faut <strong>choisir o\u00f9 manger<\/strong>, la qualit\u00e9 du produit n&rsquo;est pas tout et d&rsquo;<strong>autres facteurs<\/strong> entrent en jeu, tels que la qualit\u00e9 du service, la propret\u00e9 de l&rsquo;\u00e9tablissement, l&rsquo;esth\u00e9tique et l&rsquo;ambiance propos\u00e9es.<\/p>\n<p><strong>Un food truck est un \u00e9tablissement en mouvement<\/strong>, un endroit o\u00f9 l&rsquo;on ach\u00e8te de la bonne nourriture, en cherchant les m\u00eames sensations agr\u00e9ables.<\/p>\n<p>Les food trucks qui savent \u00e9voquer ces sensations sont ceux qui fonctionnent. Bien s\u00fbr, le m\u00eame principe s&rsquo;applique \u00e0 ces \u00e9tablissements mobiles comme aux \u00e9tablissements traditionnels : <strong>ils peuvent \u00eatre multipli\u00e9s pour reproduire le succ\u00e8s et \u00e9tendre l&rsquo;activit\u00e9<\/strong>.<\/p>\n<p>Dans la restauration traditionnelle, on cr\u00e9e des cha\u00eenes (de restaurants, de pizzerias, de glaciers&#8230;), dans le secteur de la street food, on cr\u00e9e des <strong>flottes de food trucks<\/strong>.<\/p>\n<p>&nbsp;&nbsp;<\/p>\n<h2>Des flottes de food trucks pour multiplier le succ\u00e8s<\/h2>\n<p>Une <strong>entreprise<\/strong> pourrait d\u00e9cider d&rsquo;acheter deux ou plusieurs food trucks pour diverses raisons strat\u00e9giques et op\u00e9rationnelles.<\/p>\n<p>Voyons-en quelques-unes avec des exemples correspondants.<\/p>\n<p>&nbsp;<\/p>\n<h3>\u00c9tendre la port\u00e9e g\u00e9ographique<\/h3>\n<p>Avec plusieurs food trucks, une entreprise peut op\u00e9rer dans diff\u00e9rentes zones en m\u00eame temps, atteignant une client\u00e8le plus large et vari\u00e9e. Cela permet d&rsquo;explorer de nouveaux march\u00e9s et de comprendre o\u00f9 les produits ou services offerts sont plus populaires.<\/p>\n<p>&nbsp;<\/p>\n<p><strong>Kalle<\/strong><br \/>\n<a href=\"https:\/\/www.vsveicolispeciali.com\/fr\/street-food-truck\/petit-camion-glace-triporteur-ape-finlande-kalle\/\" target=\"_blank\" rel=\"noopener\">2 Piaggio Ape V-Curve<\/a><br \/>\n<a href=\"https:\/\/www.vsveicolispeciali.com\/fr\/street-food-truck\/food-truck-glaces-kalle\/\" target=\"_blank\" rel=\"noopener\">1 Piaggio Porter Craft X<\/a><\/p>\n<p><a href=\"https:\/\/www.vsveicolispeciali.com\/wp-content\/uploads\/2020\/10\/gelateria-ambulante-ape-gelato-finlandia.jpg\"><img loading=\"lazy\" decoding=\"async\" class=\"alignleft size-full wp-image-13641\" src=\"https:\/\/www.vsveicolispeciali.com\/wp-content\/uploads\/2020\/10\/gelateria-ambulante-ape-gelato-finlandia.jpg\" alt=\"glacier ambulant en Finlande\" width=\"1000\" height=\"800\" srcset=\"https:\/\/www.vsveicolispeciali.com\/wp-content\/uploads\/2020\/10\/gelateria-ambulante-ape-gelato-finlandia.jpg 1000w, https:\/\/www.vsveicolispeciali.com\/wp-content\/uploads\/2020\/10\/gelateria-ambulante-ape-gelato-finlandia-300x240.jpg 300w, https:\/\/www.vsveicolispeciali.com\/wp-content\/uploads\/2020\/10\/gelateria-ambulante-ape-gelato-finlandia-768x614.jpg 768w, https:\/\/www.vsveicolispeciali.com\/wp-content\/uploads\/2020\/10\/gelateria-ambulante-ape-gelato-finlandia-700x560.jpg 700w\" sizes=\"(max-width: 1000px) 100vw, 1000px\" \/><\/a><\/p>\n<p><a href=\"https:\/\/www.vsveicolispeciali.com\/wp-content\/uploads\/2023\/06\/porter-gelateria-ambulante-kalle.jpg\"><img loading=\"lazy\" decoding=\"async\" class=\"alignleft size-full wp-image-23488\" src=\"https:\/\/www.vsveicolispeciali.com\/wp-content\/uploads\/2023\/06\/porter-gelateria-ambulante-kalle.jpg\" alt=\"piaggio porter glacier mobile kalle\" width=\"1000\" height=\"800\" srcset=\"https:\/\/www.vsveicolispeciali.com\/wp-content\/uploads\/2023\/06\/porter-gelateria-ambulante-kalle.jpg 1000w, https:\/\/www.vsveicolispeciali.com\/wp-content\/uploads\/2023\/06\/porter-gelateria-ambulante-kalle-300x240.jpg 300w, https:\/\/www.vsveicolispeciali.com\/wp-content\/uploads\/2023\/06\/porter-gelateria-ambulante-kalle-768x614.jpg 768w, https:\/\/www.vsveicolispeciali.com\/wp-content\/uploads\/2023\/06\/porter-gelateria-ambulante-kalle-700x560.jpg 700w\" sizes=\"(max-width: 1000px) 100vw, 1000px\" \/><\/a><\/p>\n<p>&nbsp;<\/p>\n<h3>Saturer une zone g\u00e9ographique en pr\u00e9venant la concurrence<\/h3>\n<p>Disposer de plusieurs v\u00e9hicules dans le m\u00eame endroit ou \u00e0 l&rsquo;int\u00e9rieur d&rsquo;une zone g\u00e9ographique limit\u00e9e est un moyen d&rsquo;\u00e9viter que la concurrence ne s&rsquo;immisce en conqu\u00e9rant un domaine d&rsquo;activit\u00e9. L&rsquo;occupation des positions les plus rentables maximise les profits et garde \u00e0 distance les concurrents.<\/p>\n<p>&nbsp;<\/p>\n<p><strong>Caf\u00e8 Alpin<\/strong><br \/>\n<a href=\"https:\/\/www.vsveicolispeciali.com\/fr\/street-food-truck\/triporteur-cafe-mobile-cafe-alpin\/\" target=\"_blank\" rel=\"noopener\">4 Piaggio Ape V-Curve<\/a><\/p>\n<p><a href=\"https:\/\/www.vsveicolispeciali.com\/wp-content\/uploads\/2018\/01\/bar-caffetteria-ambulante-alpin.jpg\"><img loading=\"lazy\" decoding=\"async\" class=\"alignleft size-full wp-image-6183\" src=\"https:\/\/www.vsveicolispeciali.com\/wp-content\/uploads\/2018\/01\/bar-caffetteria-ambulante-alpin.jpg\" alt=\"Alpin caf\u00e9 mobile, food truck bleu clair con\u00e7u pour vendre des boissons chaudes sur les pistes de Chamonix\" width=\"1000\" height=\"800\" srcset=\"https:\/\/www.vsveicolispeciali.com\/wp-content\/uploads\/2018\/01\/bar-caffetteria-ambulante-alpin.jpg 1000w, https:\/\/www.vsveicolispeciali.com\/wp-content\/uploads\/2018\/01\/bar-caffetteria-ambulante-alpin-300x240.jpg 300w, https:\/\/www.vsveicolispeciali.com\/wp-content\/uploads\/2018\/01\/bar-caffetteria-ambulante-alpin-768x614.jpg 768w, https:\/\/www.vsveicolispeciali.com\/wp-content\/uploads\/2018\/01\/bar-caffetteria-ambulante-alpin-700x560.jpg 700w\" sizes=\"(max-width: 1000px) 100vw, 1000px\" \/><\/a><\/p>\n<p><strong>Artari<\/strong><br \/>\n3 Piaggio Ape V-Curve<br \/>\n<a href=\"https:\/\/www.vsveicolispeciali.com\/fr\/street-food-truck\/triporteur-a-cafe-artari-magasin-ambulant\/\" target=\"_blank\" rel=\"noopener\">1 Piaggio Ape V-Smart<\/a><\/p>\n<p><a href=\"https:\/\/www.vsveicolispeciali.com\/wp-content\/uploads\/2020\/12\/ape-street-food-artari-caffe-italiano-versailles.jpg\"><img loading=\"lazy\" decoding=\"async\" class=\"alignleft size-full wp-image-14101\" src=\"https:\/\/www.vsveicolispeciali.com\/wp-content\/uploads\/2020\/12\/ape-street-food-artari-caffe-italiano-versailles.jpg\" alt=\"Ape street food Emporio Artari Caf\u00e9 italien au march\u00e9 de Versailles en France\" width=\"1000\" height=\"800\" srcset=\"https:\/\/www.vsveicolispeciali.com\/wp-content\/uploads\/2020\/12\/ape-street-food-artari-caffe-italiano-versailles.jpg 1000w, https:\/\/www.vsveicolispeciali.com\/wp-content\/uploads\/2020\/12\/ape-street-food-artari-caffe-italiano-versailles-300x240.jpg 300w, https:\/\/www.vsveicolispeciali.com\/wp-content\/uploads\/2020\/12\/ape-street-food-artari-caffe-italiano-versailles-768x614.jpg 768w, https:\/\/www.vsveicolispeciali.com\/wp-content\/uploads\/2020\/12\/ape-street-food-artari-caffe-italiano-versailles-700x560.jpg 700w\" sizes=\"(max-width: 1000px) 100vw, 1000px\" \/><\/a><\/p>\n<p>&nbsp;<\/p>\n<h3>Augmenter la capacit\u00e9 de service<\/h3>\n<p>Lors d&rsquo;\u00e9v\u00e9nements \u00e0 forte affluence ou dans des lieux particuli\u00e8rement populaires, un seul food truck peut ne pas suffire \u00e0 g\u00e9rer le volume de clients. Avoir plusieurs unit\u00e9s permet de servir plus de personnes en m\u00eame temps, r\u00e9duisant les temps d&rsquo;attente et am\u00e9liorant l&rsquo;exp\u00e9rience client.<\/p>\n<p>&nbsp;<\/p>\n<h3>Diversifier l&rsquo;offre<\/h3>\n<p>Diff\u00e9rents food trucks peuvent \u00eatre \u00e9quip\u00e9s ou th\u00e9matis\u00e9s diff\u00e9remment pour offrir des menus ou des exp\u00e9riences culinaires vari\u00e9s m\u00eame au sein du m\u00eame emplacement g\u00e9ographique. Ainsi, on peut attirer un large spectre de clients aux go\u00fbts et pr\u00e9f\u00e9rences vari\u00e9s.<\/p>\n<p>&nbsp;<\/p>\n<p><strong>Itinerant Street Food<\/strong><br \/>\n<a href=\"https:\/\/www.vsveicolispeciali.com\/en\/sardinia-3-piaggio-food-trucks-unique-business-concept\/\" target=\"_blank\" rel=\"noopener\">3 Piaggio Ape V-Curve<\/a><\/p>\n<p><a href=\"https:\/\/www.vsveicolispeciali.com\/wp-content\/uploads\/2017\/05\/Ape_StreetFood_SuPrimu_01.jpg\"><img loading=\"lazy\" decoding=\"async\" class=\"alignleft size-full wp-image-4506\" src=\"https:\/\/www.vsveicolispeciali.com\/wp-content\/uploads\/2017\/05\/Ape_StreetFood_SuPrimu_01.jpg\" alt=\"Ape Street Food SuPrimu\" width=\"1000\" height=\"800\" srcset=\"https:\/\/www.vsveicolispeciali.com\/wp-content\/uploads\/2017\/05\/Ape_StreetFood_SuPrimu_01.jpg 1000w, https:\/\/www.vsveicolispeciali.com\/wp-content\/uploads\/2017\/05\/Ape_StreetFood_SuPrimu_01-300x240.jpg 300w, https:\/\/www.vsveicolispeciali.com\/wp-content\/uploads\/2017\/05\/Ape_StreetFood_SuPrimu_01-768x614.jpg 768w, https:\/\/www.vsveicolispeciali.com\/wp-content\/uploads\/2017\/05\/Ape_StreetFood_SuPrimu_01-700x560.jpg 700w\" sizes=\"(max-width: 1000px) 100vw, 1000px\" \/><\/a><\/p>\n<p><a href=\"https:\/\/www.vsveicolispeciali.com\/wp-content\/uploads\/2017\/05\/Ape_StreetFood_SuSegundu_03.jpg\"><img loading=\"lazy\" decoding=\"async\" class=\"alignleft size-full wp-image-4497\" src=\"https:\/\/www.vsveicolispeciali.com\/wp-content\/uploads\/2017\/05\/Ape_StreetFood_SuSegundu_03.jpg\" alt=\"Ape Stree Food SuSegundu Sardegna\" width=\"1000\" height=\"800\" srcset=\"https:\/\/www.vsveicolispeciali.com\/wp-content\/uploads\/2017\/05\/Ape_StreetFood_SuSegundu_03.jpg 1000w, https:\/\/www.vsveicolispeciali.com\/wp-content\/uploads\/2017\/05\/Ape_StreetFood_SuSegundu_03-300x240.jpg 300w, https:\/\/www.vsveicolispeciali.com\/wp-content\/uploads\/2017\/05\/Ape_StreetFood_SuSegundu_03-768x614.jpg 768w, https:\/\/www.vsveicolispeciali.com\/wp-content\/uploads\/2017\/05\/Ape_StreetFood_SuSegundu_03-700x560.jpg 700w\" sizes=\"(max-width: 1000px) 100vw, 1000px\" \/><\/a><\/p>\n<p><a href=\"https:\/\/www.vsveicolispeciali.com\/wp-content\/uploads\/2016\/12\/Ape_Street_Food_SuFrittu_01.jpg\"><img loading=\"lazy\" decoding=\"async\" class=\"alignleft size-full wp-image-3204\" src=\"https:\/\/www.vsveicolispeciali.com\/wp-content\/uploads\/2016\/12\/Ape_Street_Food_SuFrittu_01.jpg\" alt=\"itinerant ape street food sufrittu\" width=\"1000\" height=\"800\" srcset=\"https:\/\/www.vsveicolispeciali.com\/wp-content\/uploads\/2016\/12\/Ape_Street_Food_SuFrittu_01.jpg 1000w, https:\/\/www.vsveicolispeciali.com\/wp-content\/uploads\/2016\/12\/Ape_Street_Food_SuFrittu_01-300x240.jpg 300w, https:\/\/www.vsveicolispeciali.com\/wp-content\/uploads\/2016\/12\/Ape_Street_Food_SuFrittu_01-768x614.jpg 768w, https:\/\/www.vsveicolispeciali.com\/wp-content\/uploads\/2016\/12\/Ape_Street_Food_SuFrittu_01-700x560.jpg 700w\" sizes=\"(max-width: 1000px) 100vw, 1000px\" \/><\/a><\/p>\n<p>&nbsp;<\/p>\n<h3>Flexibilit\u00e9 op\u00e9rationnelle<\/h3>\n<p>En cas de pannes m\u00e9caniques ou de maintenances programm\u00e9es, avoir plus d&rsquo;un v\u00e9hicule assure que l&rsquo;activit\u00e9 puisse continuer sans interruptions. De plus, deux v\u00e9hicules permettent \u00e0 l&rsquo;entreprise de s&rsquo;adapter facilement \u00e0 des saisons ou \u00e9v\u00e9nements particuliers, allouant plus de ressources l\u00e0 et quand elles sont le plus n\u00e9cessaires.<\/p>\n<p>&nbsp;<\/p>\n<h3>Augmenter la visibilit\u00e9 de la marque<\/h3>\n<p>Plus de food trucks en circulation avec la marque de l&rsquo;entreprise augmentent la visibilit\u00e9 de la marque. Cela peut servir d&rsquo;outil de marketing puissant, surtout si les v\u00e9hicules sont esth\u00e9tiquement soign\u00e9s et reconnaissables.<\/p>\n<p>&nbsp;<\/p>\n<p><strong>Consorzio Asti DOCG<\/strong><br \/>\n<a href=\"https:\/\/www.vsveicolispeciali.com\/fr\/street-food-truck\/wine-truck-spumante-moscato-asti-docg\/\" target=\"_blank\" rel=\"noopener\">2 Piaggio Ape V-Curve<\/a><\/p>\n<p><a href=\"https:\/\/www.vsveicolispeciali.com\/wp-content\/uploads\/2021\/10\/ape-wine-bar-consorzio-asti-docg.jpg\"><img loading=\"lazy\" decoding=\"async\" class=\"alignleft size-full wp-image-15125\" src=\"https:\/\/www.vsveicolispeciali.com\/wp-content\/uploads\/2021\/10\/ape-wine-bar-consorzio-asti-docg.jpg\" alt=\"ape wine bar consorzio d'asti docg\" width=\"1000\" height=\"800\" srcset=\"https:\/\/www.vsveicolispeciali.com\/wp-content\/uploads\/2021\/10\/ape-wine-bar-consorzio-asti-docg.jpg 1000w, https:\/\/www.vsveicolispeciali.com\/wp-content\/uploads\/2021\/10\/ape-wine-bar-consorzio-asti-docg-300x240.jpg 300w, https:\/\/www.vsveicolispeciali.com\/wp-content\/uploads\/2021\/10\/ape-wine-bar-consorzio-asti-docg-768x614.jpg 768w, https:\/\/www.vsveicolispeciali.com\/wp-content\/uploads\/2021\/10\/ape-wine-bar-consorzio-asti-docg-700x560.jpg 700w\" sizes=\"(max-width: 1000px) 100vw, 1000px\" \/><\/a><\/p>\n<p><strong>Aperol<\/strong><br \/>\n<a href=\"https:\/\/www.vsveicolispeciali.com\/fr\/street-food-truck\/cocktail-truck-aperol-spritz\/\" target=\"_blank\" rel=\"noopener\">1 Piaggio Porter Craft X<\/a><br \/>\n<a href=\"https:\/\/www.vsveicolispeciali.com\/fr\/street-food-truck\/triporteur-bar-a-cocktail-aperol\/\" target=\"_blank\" rel=\"noopener\">1 Piaggio Ape V-Curve<\/a><br \/>\n<a href=\"https:\/\/www.vsveicolispeciali.com\/fr\/street-food-truck\/food-truck-volkswagen-t2-vw\/\" target=\"_blank\" rel=\"noopener\">1 Van Wolkswagen T2<\/a><\/p>\n<p><a href=\"https:\/\/www.vsveicolispeciali.com\/wp-content\/uploads\/2023\/07\/cocktail-truck-aperol-spritz.jpg\"><img loading=\"lazy\" decoding=\"async\" class=\"alignleft size-full wp-image-23688\" src=\"https:\/\/www.vsveicolispeciali.com\/wp-content\/uploads\/2023\/07\/cocktail-truck-aperol-spritz.jpg\" alt=\"orange cocktail truck de aperol spritz imagin\u00e9 pour servir des ap\u00e9ritifs spritz au rythme de la musique\" width=\"1000\" height=\"800\" srcset=\"https:\/\/www.vsveicolispeciali.com\/wp-content\/uploads\/2023\/07\/cocktail-truck-aperol-spritz.jpg 1000w, https:\/\/www.vsveicolispeciali.com\/wp-content\/uploads\/2023\/07\/cocktail-truck-aperol-spritz-300x240.jpg 300w, https:\/\/www.vsveicolispeciali.com\/wp-content\/uploads\/2023\/07\/cocktail-truck-aperol-spritz-768x614.jpg 768w, https:\/\/www.vsveicolispeciali.com\/wp-content\/uploads\/2023\/07\/cocktail-truck-aperol-spritz-700x560.jpg 700w\" sizes=\"(max-width: 1000px) 100vw, 1000px\" \/><\/a><\/p>\n<p><a href=\"https:\/\/www.vsveicolispeciali.com\/wp-content\/uploads\/2019\/08\/ape-cocktail-bar-aperol-2.jpg\"><img loading=\"lazy\" decoding=\"async\" class=\"alignleft size-full wp-image-10452\" src=\"https:\/\/www.vsveicolispeciali.com\/wp-content\/uploads\/2019\/08\/ape-cocktail-bar-aperol-2.jpg\" alt=\"ape cocktail-bar aperol cr\u00e9\u00e9 pour c\u00e9l\u00e9brer le 100e anniversaire de l'entreprise\" width=\"1000\" height=\"800\" srcset=\"https:\/\/www.vsveicolispeciali.com\/wp-content\/uploads\/2019\/08\/ape-cocktail-bar-aperol-2.jpg 1000w, https:\/\/www.vsveicolispeciali.com\/wp-content\/uploads\/2019\/08\/ape-cocktail-bar-aperol-2-300x240.jpg 300w, https:\/\/www.vsveicolispeciali.com\/wp-content\/uploads\/2019\/08\/ape-cocktail-bar-aperol-2-768x614.jpg 768w, https:\/\/www.vsveicolispeciali.com\/wp-content\/uploads\/2019\/08\/ape-cocktail-bar-aperol-2-700x560.jpg 700w\" sizes=\"(max-width: 1000px) 100vw, 1000px\" \/><\/a><\/p>\n<p><a href=\"https:\/\/www.vsveicolispeciali.com\/wp-content\/uploads\/2015\/11\/volkswagen-food-truck-t2-vw.jpg\"><img loading=\"lazy\" decoding=\"async\" class=\"alignleft size-full wp-image-1371\" src=\"https:\/\/www.vsveicolispeciali.com\/wp-content\/uploads\/2015\/11\/volkswagen-food-truck-t2-vw.jpg\" alt=\"volkswagen food truck T2 VW\" width=\"1000\" height=\"800\" srcset=\"https:\/\/www.vsveicolispeciali.com\/wp-content\/uploads\/2015\/11\/volkswagen-food-truck-t2-vw.jpg 1000w, https:\/\/www.vsveicolispeciali.com\/wp-content\/uploads\/2015\/11\/volkswagen-food-truck-t2-vw-300x240.jpg 300w, https:\/\/www.vsveicolispeciali.com\/wp-content\/uploads\/2015\/11\/volkswagen-food-truck-t2-vw-768x614.jpg 768w, https:\/\/www.vsveicolispeciali.com\/wp-content\/uploads\/2015\/11\/volkswagen-food-truck-t2-vw-700x560.jpg 700w\" sizes=\"(max-width: 1000px) 100vw, 1000px\" \/><\/a><\/p>\n<p><strong>Lavazza<\/strong><br \/>\n<a href=\"https:\/\/www.vsveicolispeciali.com\/fr\/street-food-truck\/transformation-airstream-en-remorque-cafeteria-mobile-lavazza\/\" target=\"_blank\" rel=\"noopener\">1 Remorque Airstream<\/a><br \/>\n<a href=\"https:\/\/www.vsveicolispeciali.com\/fr\/street-food-truck\/lavazza-food-truck-fiat-615\/\" target=\"_blank\" rel=\"noopener\">2 Food Trucks Vintage<\/a><\/p>\n<p><a href=\"https:\/\/www.vsveicolispeciali.com\/wp-content\/uploads\/2018\/09\/carrello-rimorchio-food-airstream-lavazza.jpg\"><img loading=\"lazy\" decoding=\"async\" class=\"alignleft size-full wp-image-7882\" src=\"https:\/\/www.vsveicolispeciali.com\/wp-content\/uploads\/2018\/09\/carrello-rimorchio-food-airstream-lavazza.jpg\" alt=\"remorque de caf\u00e9 airstream lavazza. V\u00e9hicule vintage r\u00e9nov\u00e9 et modernis\u00e9 des ann\u00e9es 70 comme on le voit sur la photo\" width=\"1000\" height=\"800\" srcset=\"https:\/\/www.vsveicolispeciali.com\/wp-content\/uploads\/2018\/09\/carrello-rimorchio-food-airstream-lavazza.jpg 1000w, https:\/\/www.vsveicolispeciali.com\/wp-content\/uploads\/2018\/09\/carrello-rimorchio-food-airstream-lavazza-300x240.jpg 300w, https:\/\/www.vsveicolispeciali.com\/wp-content\/uploads\/2018\/09\/carrello-rimorchio-food-airstream-lavazza-768x614.jpg 768w, https:\/\/www.vsveicolispeciali.com\/wp-content\/uploads\/2018\/09\/carrello-rimorchio-food-airstream-lavazza-700x560.jpg 700w\" sizes=\"(max-width: 1000px) 100vw, 1000px\" \/><\/a><\/p>\n<p><a href=\"https:\/\/www.vsveicolispeciali.com\/wp-content\/uploads\/2016\/01\/FoodTruck_Street_Food_MyChefLavazza_01.jpg\"><img loading=\"lazy\" decoding=\"async\" class=\"alignleft size-full wp-image-1557\" src=\"https:\/\/www.vsveicolispeciali.com\/wp-content\/uploads\/2016\/01\/FoodTruck_Street_Food_MyChefLavazza_01.jpg\" alt=\"Food Truck Fiat 615 Lavazza\" width=\"1000\" height=\"800\" srcset=\"https:\/\/www.vsveicolispeciali.com\/wp-content\/uploads\/2016\/01\/FoodTruck_Street_Food_MyChefLavazza_01.jpg 1000w, https:\/\/www.vsveicolispeciali.com\/wp-content\/uploads\/2016\/01\/FoodTruck_Street_Food_MyChefLavazza_01-300x240.jpg 300w, https:\/\/www.vsveicolispeciali.com\/wp-content\/uploads\/2016\/01\/FoodTruck_Street_Food_MyChefLavazza_01-768x614.jpg 768w, https:\/\/www.vsveicolispeciali.com\/wp-content\/uploads\/2016\/01\/FoodTruck_Street_Food_MyChefLavazza_01-700x560.jpg 700w\" sizes=\"(max-width: 1000px) 100vw, 1000px\" \/><\/a><\/p>\n<p><a href=\"https:\/\/www.vsveicolispeciali.com\/wp-content\/uploads\/2018\/07\/food-truck-fiat-616-lavazza.jpg\"><img loading=\"lazy\" decoding=\"async\" class=\"alignleft size-full wp-image-7360\" src=\"https:\/\/www.vsveicolispeciali.com\/wp-content\/uploads\/2018\/07\/food-truck-fiat-616-lavazza.jpg\" alt=\"food truck fiat 616 lavazza pour la promotion du caf\u00e9 en Suisse\" width=\"1000\" height=\"800\" srcset=\"https:\/\/www.vsveicolispeciali.com\/wp-content\/uploads\/2018\/07\/food-truck-fiat-616-lavazza.jpg 1000w, https:\/\/www.vsveicolispeciali.com\/wp-content\/uploads\/2018\/07\/food-truck-fiat-616-lavazza-300x240.jpg 300w, https:\/\/www.vsveicolispeciali.com\/wp-content\/uploads\/2018\/07\/food-truck-fiat-616-lavazza-768x614.jpg 768w, https:\/\/www.vsveicolispeciali.com\/wp-content\/uploads\/2018\/07\/food-truck-fiat-616-lavazza-700x560.jpg 700w\" sizes=\"(max-width: 1000px) 100vw, 1000px\" \/><\/a><\/p>\n<p>&nbsp;<\/p>\n<h3>Exp\u00e9rimenter avec de nouveaux concepts ou produits<\/h3>\n<p>Une entreprise peut utiliser un food truck suppl\u00e9mentaire pour tester de nouveaux concepts de menus ou strat\u00e9gies d&rsquo;affaires sans compromettre l&rsquo;op\u00e9rabilit\u00e9 du v\u00e9hicule principal. Cela permet une approche plus prudente de l&rsquo;innovation, r\u00e9duisant les risques associ\u00e9s.<\/p>\n<p>&nbsp;<\/p>\n<p><strong>Martini<\/strong><br \/>\n<a href=\"https:\/\/www.vsveicolispeciali.com\/fr\/street-food-truck\/triporteur-ape-cocktail-bar-martini\/\" target=\"_blank\" rel=\"noopener\">1 Piaggio Ape Classic<\/a><br \/>\n<a href=\"https:\/\/www.vsveicolispeciali.com\/fr\/street-food-truck\/airstream-cocktail-bar-martini\/\" target=\"_blank\" rel=\"noopener\">1 Remorque Aircrome<\/a><\/p>\n<p><a href=\"https:\/\/www.vsveicolispeciali.com\/wp-content\/uploads\/2015\/11\/food-truck-ape-martini-racing.jpg\"><img loading=\"lazy\" decoding=\"async\" class=\"alignleft size-full wp-image-1255\" src=\"https:\/\/www.vsveicolispeciali.com\/wp-content\/uploads\/2015\/11\/food-truck-ape-martini-racing.jpg\" alt=\"food truck ape martini racing\" width=\"1000\" height=\"800\" srcset=\"https:\/\/www.vsveicolispeciali.com\/wp-content\/uploads\/2015\/11\/food-truck-ape-martini-racing.jpg 1000w, https:\/\/www.vsveicolispeciali.com\/wp-content\/uploads\/2015\/11\/food-truck-ape-martini-racing-300x240.jpg 300w, https:\/\/www.vsveicolispeciali.com\/wp-content\/uploads\/2015\/11\/food-truck-ape-martini-racing-768x614.jpg 768w, https:\/\/www.vsveicolispeciali.com\/wp-content\/uploads\/2015\/11\/food-truck-ape-martini-racing-700x560.jpg 700w\" sizes=\"(max-width: 1000px) 100vw, 1000px\" \/><\/a><\/p>\n<p><a href=\"https:\/\/www.vsveicolispeciali.com\/wp-content\/uploads\/2023\/07\/airstream-cocktail-bar-martini.jpg\"><img loading=\"lazy\" decoding=\"async\" class=\"alignleft size-full wp-image-23827\" src=\"https:\/\/www.vsveicolispeciali.com\/wp-content\/uploads\/2023\/07\/airstream-cocktail-bar-martini.jpg\" alt=\"airstream cocktail-bar martini\" width=\"1000\" height=\"800\" srcset=\"https:\/\/www.vsveicolispeciali.com\/wp-content\/uploads\/2023\/07\/airstream-cocktail-bar-martini.jpg 1000w, https:\/\/www.vsveicolispeciali.com\/wp-content\/uploads\/2023\/07\/airstream-cocktail-bar-martini-300x240.jpg 300w, https:\/\/www.vsveicolispeciali.com\/wp-content\/uploads\/2023\/07\/airstream-cocktail-bar-martini-768x614.jpg 768w, https:\/\/www.vsveicolispeciali.com\/wp-content\/uploads\/2023\/07\/airstream-cocktail-bar-martini-700x560.jpg 700w\" sizes=\"(max-width: 1000px) 100vw, 1000px\" \/><\/a><\/p>\n<p>&nbsp;<\/p>\n<p><strong>Brazzale<\/strong><br \/>\n<a href=\"https:\/\/www.vsveicolispeciali.com\/fr\/street-food-truck\/nv-food-truck-tournee-promotion-entreprise-laitiere-brazzale\/\" target=\"_blank\" rel=\"noopener\">2 NV Food Trucks<\/a><\/p>\n<p><a href=\"https:\/\/www.vsveicolispeciali.com\/wp-content\/uploads\/2021\/07\/food-truck-formaggio-brazzale-gran-moravia.jpg\"><img loading=\"lazy\" decoding=\"async\" class=\"alignleft size-full wp-image-14908\" src=\"https:\/\/www.vsveicolispeciali.com\/wp-content\/uploads\/2021\/07\/food-truck-formaggio-brazzale-gran-moravia.jpg\" alt=\"food truck con\u00e7u pour vendre le fromage Gran Moravia de Brazzale et d'autres produits laitiers\" width=\"1000\" height=\"800\" srcset=\"https:\/\/www.vsveicolispeciali.com\/wp-content\/uploads\/2021\/07\/food-truck-formaggio-brazzale-gran-moravia.jpg 1000w, https:\/\/www.vsveicolispeciali.com\/wp-content\/uploads\/2021\/07\/food-truck-formaggio-brazzale-gran-moravia-300x240.jpg 300w, https:\/\/www.vsveicolispeciali.com\/wp-content\/uploads\/2021\/07\/food-truck-formaggio-brazzale-gran-moravia-768x614.jpg 768w, https:\/\/www.vsveicolispeciali.com\/wp-content\/uploads\/2021\/07\/food-truck-formaggio-brazzale-gran-moravia-700x560.jpg 700w\" sizes=\"(max-width: 1000px) 100vw, 1000px\" \/><\/a><\/p>\n<p><a href=\"https:\/\/www.vsveicolispeciali.com\/wp-content\/uploads\/2021\/07\/nv-food-truck-tour-promozionale-brazzale.jpg\"><img loading=\"lazy\" decoding=\"async\" class=\"alignleft size-full wp-image-14880\" src=\"https:\/\/www.vsveicolispeciali.com\/wp-content\/uploads\/2021\/07\/nv-food-truck-tour-promozionale-brazzale.jpg\" alt=\"nv food truck pour tourn\u00e9e promotionnelle de brazzale\" width=\"1000\" height=\"800\" srcset=\"https:\/\/www.vsveicolispeciali.com\/wp-content\/uploads\/2021\/07\/nv-food-truck-tour-promozionale-brazzale.jpg 1000w, https:\/\/www.vsveicolispeciali.com\/wp-content\/uploads\/2021\/07\/nv-food-truck-tour-promozionale-brazzale-300x240.jpg 300w, https:\/\/www.vsveicolispeciali.com\/wp-content\/uploads\/2021\/07\/nv-food-truck-tour-promozionale-brazzale-768x614.jpg 768w, https:\/\/www.vsveicolispeciali.com\/wp-content\/uploads\/2021\/07\/nv-food-truck-tour-promozionale-brazzale-700x560.jpg 700w\" sizes=\"(max-width: 1000px) 100vw, 1000px\" \/><\/a><\/p>\n<p>&nbsp;<\/p>\n<h3>\u00c9v\u00e9nements priv\u00e9s et traiteur<\/h3>\n<p>Avec plusieurs food trucks, l&rsquo;entreprise peut \u00e9galement se consacrer au service traiteur pour des \u00e9v\u00e9nements priv\u00e9s, des f\u00eates, des mariages ou des \u00e9v\u00e9nements d&rsquo;entreprise, ouvrant un flux de revenus suppl\u00e9mentaire.<\/p>\n<p>&nbsp;<\/p>\n<p><strong>Fabrique des Burgers<\/strong><br \/>\n<a href=\"https:\/\/www.vsveicolispeciali.com\/fr\/street-food-truck\/burger-truck-ma-fabrique-du-burger\/\" target=\"_blank\" rel=\"noopener\">3 Professional Food Trucks<\/a><\/p>\n<p><a href=\"https:\/\/www.vsveicolispeciali.com\/wp-content\/uploads\/2022\/11\/burger-truck-ma-fabrique-du-burger.jpg\"><img loading=\"lazy\" decoding=\"async\" class=\"alignleft size-full wp-image-19952\" src=\"https:\/\/www.vsveicolispeciali.com\/wp-content\/uploads\/2022\/11\/burger-truck-ma-fabrique-du-burger.jpg\" alt=\"burger truck ma fabrique du burger\" width=\"1000\" height=\"800\" srcset=\"https:\/\/www.vsveicolispeciali.com\/wp-content\/uploads\/2022\/11\/burger-truck-ma-fabrique-du-burger.jpg 1000w, https:\/\/www.vsveicolispeciali.com\/wp-content\/uploads\/2022\/11\/burger-truck-ma-fabrique-du-burger-300x240.jpg 300w, https:\/\/www.vsveicolispeciali.com\/wp-content\/uploads\/2022\/11\/burger-truck-ma-fabrique-du-burger-768x614.jpg 768w, https:\/\/www.vsveicolispeciali.com\/wp-content\/uploads\/2022\/11\/burger-truck-ma-fabrique-du-burger-700x560.jpg 700w\" sizes=\"(max-width: 1000px) 100vw, 1000px\" \/><\/a><\/p>\n<p>&nbsp;<\/p>\n<h3>Livraisons \u00e0 domicile<\/h3>\n<p>La disponibilit\u00e9 de food trucks suppl\u00e9mentaires rend possible l&rsquo;offre de service de livraison sans renoncer \u00e0 un emplacement avantageux pr\u00e9c\u00e9demment acquis.<\/p>\n<p>&nbsp;<\/p>\n<p><strong>BBQ Valdichiana<\/strong><br \/>\n<a href=\"https:\/\/www.vsveicolispeciali.com\/fr\/street-food-truck\/piaggio-food-truck-burger-bbq-valdichiana\/\" target=\"_blank\" rel=\"noopener\">1 Piaggio Ape Classic<\/a><br \/>\n1 NV Food Truck<\/p>\n<p><a href=\"https:\/\/www.vsveicolispeciali.com\/wp-content\/uploads\/2015\/11\/ape-hamburger-valdichiana.jpg\"><img loading=\"lazy\" decoding=\"async\" class=\"alignleft size-full wp-image-1241\" src=\"https:\/\/www.vsveicolispeciali.com\/wp-content\/uploads\/2015\/11\/ape-hamburger-valdichiana.jpg\" alt=\"triporteur ape burger Valdichiana BBQ\" width=\"1000\" height=\"800\" srcset=\"https:\/\/www.vsveicolispeciali.com\/wp-content\/uploads\/2015\/11\/ape-hamburger-valdichiana.jpg 1000w, https:\/\/www.vsveicolispeciali.com\/wp-content\/uploads\/2015\/11\/ape-hamburger-valdichiana-300x240.jpg 300w, https:\/\/www.vsveicolispeciali.com\/wp-content\/uploads\/2015\/11\/ape-hamburger-valdichiana-768x614.jpg 768w, https:\/\/www.vsveicolispeciali.com\/wp-content\/uploads\/2015\/11\/ape-hamburger-valdichiana-700x560.jpg 700w\" sizes=\"(max-width: 1000px) 100vw, 1000px\" \/><\/a><\/p>\n<p>&nbsp;<\/p>\n<h3>Compl\u00e9mentarit\u00e9 des food trucks<\/h3>\n<p>Diff\u00e9rents mod\u00e8les peuvent remplir des fonctions diff\u00e9rentes. Une entreprise, par exemple, peut acheter un <a href=\"https:\/\/www.vsveicolispeciali.com\/fr\/amenagement-vehicules-magasin-commerce-ambulant\/food-truck-camion-magasin-pour-vente-ambulante\/pro-x-food-truck\/\" target=\"_blank\" rel=\"noopener\">Food Truck Pro X<\/a> pour l&rsquo;utiliser comme restaurant mobile, et une Remorque Yield pour l&rsquo;utiliser comme bar-cocktail compl\u00e9mentaire.<\/p>\n<p>&nbsp;<\/p>\n<p><strong>Street Arbre<\/strong><br \/>\n<a href=\"https:\/\/www.vsveicolispeciali.com\/fr\/street-food-truck\/triporteur-restaurant-service-catering-traiteur-street-arbre\/\" target=\"_blank\" rel=\"noopener\">1 Piaggio Ape V-Curve<\/a><br \/>\n<a href=\"https:\/\/www.vsveicolispeciali.com\/fr\/street-food-truck\/food-truck-gourmet-street-arbre-cuisine-nomade\/\" target=\"_blank\" rel=\"noopener\">1 NV Food Trucks<\/a><\/p>\n<p><a href=\"https:\/\/www.vsveicolispeciali.com\/wp-content\/uploads\/2021\/10\/street-arbre-mini-food-truck-catering-delivery.jpg\"><img loading=\"lazy\" decoding=\"async\" class=\"alignleft size-full wp-image-15101\" src=\"https:\/\/www.vsveicolispeciali.com\/wp-content\/uploads\/2021\/10\/street-arbre-mini-food-truck-catering-delivery.jpg\" alt=\"street arbre mini food truck Piaggio triporteur con\u00e7u pour la restauration et la livraison\" width=\"1000\" height=\"800\" srcset=\"https:\/\/www.vsveicolispeciali.com\/wp-content\/uploads\/2021\/10\/street-arbre-mini-food-truck-catering-delivery.jpg 1000w, https:\/\/www.vsveicolispeciali.com\/wp-content\/uploads\/2021\/10\/street-arbre-mini-food-truck-catering-delivery-300x240.jpg 300w, https:\/\/www.vsveicolispeciali.com\/wp-content\/uploads\/2021\/10\/street-arbre-mini-food-truck-catering-delivery-768x614.jpg 768w, https:\/\/www.vsveicolispeciali.com\/wp-content\/uploads\/2021\/10\/street-arbre-mini-food-truck-catering-delivery-700x560.jpg 700w\" sizes=\"(max-width: 1000px) 100vw, 1000px\" \/><\/a><\/p>\n<p><a href=\"https:\/\/www.vsveicolispeciali.com\/wp-content\/uploads\/2021\/10\/nv-food-truck-gastronomia-nomade-street-arbre.jpg\"><img loading=\"lazy\" decoding=\"async\" class=\"alignleft size-full wp-image-15081\" src=\"https:\/\/www.vsveicolispeciali.com\/wp-content\/uploads\/2021\/10\/nv-food-truck-gastronomia-nomade-street-arbre.jpg\" alt=\"street arbre nv food truck est un projet de gastronomie nomade et de street food de la chef fran\u00e7aise Yoranne\" width=\"1000\" height=\"800\" srcset=\"https:\/\/www.vsveicolispeciali.com\/wp-content\/uploads\/2021\/10\/nv-food-truck-gastronomia-nomade-street-arbre.jpg 1000w, https:\/\/www.vsveicolispeciali.com\/wp-content\/uploads\/2021\/10\/nv-food-truck-gastronomia-nomade-street-arbre-300x240.jpg 300w, https:\/\/www.vsveicolispeciali.com\/wp-content\/uploads\/2021\/10\/nv-food-truck-gastronomia-nomade-street-arbre-768x614.jpg 768w, https:\/\/www.vsveicolispeciali.com\/wp-content\/uploads\/2021\/10\/nv-food-truck-gastronomia-nomade-street-arbre-700x560.jpg 700w\" sizes=\"(max-width: 1000px) 100vw, 1000px\" \/><\/a><\/p>\n<p><strong>The Hamburger Foundation<\/strong><br \/>\n<a href=\"https:\/\/www.vsveicolispeciali.com\/fr\/street-food-truck\/remorque-cuisine-hamburger-foundation-thf\/\" target=\"_blank\" rel=\"noopener\">1 Remorque<\/a><br \/>\n<a href=\"https:\/\/www.vsveicolispeciali.com\/fr\/street-food-truck\/fiat-ducato-cuisine-mobile-thf-geneve-suisse\/\" target=\"_blank\" rel=\"noopener\">1 Professional Food Truck<\/a><\/p>\n<p><a href=\"https:\/\/www.vsveicolispeciali.com\/wp-content\/uploads\/2015\/11\/allestimento-autonegozio-rimorchio-thf.jpg\"><img loading=\"lazy\" decoding=\"async\" class=\"alignleft size-full wp-image-1421\" src=\"https:\/\/www.vsveicolispeciali.com\/wp-content\/uploads\/2015\/11\/allestimento-autonegozio-rimorchio-thf.jpg\" alt=\"am\u00e9nagement THF trailer\" width=\"1000\" height=\"800\" srcset=\"https:\/\/www.vsveicolispeciali.com\/wp-content\/uploads\/2015\/11\/allestimento-autonegozio-rimorchio-thf.jpg 1000w, https:\/\/www.vsveicolispeciali.com\/wp-content\/uploads\/2015\/11\/allestimento-autonegozio-rimorchio-thf-300x240.jpg 300w, https:\/\/www.vsveicolispeciali.com\/wp-content\/uploads\/2015\/11\/allestimento-autonegozio-rimorchio-thf-768x614.jpg 768w, https:\/\/www.vsveicolispeciali.com\/wp-content\/uploads\/2015\/11\/allestimento-autonegozio-rimorchio-thf-700x560.jpg 700w\" sizes=\"(max-width: 1000px) 100vw, 1000px\" \/><\/a><\/p>\n<p><a href=\"https:\/\/www.vsveicolispeciali.com\/wp-content\/uploads\/2015\/11\/allestimento-furgone-food-truck-thf.jpg\"><img loading=\"lazy\" decoding=\"async\" class=\"alignleft size-full wp-image-1349\" src=\"https:\/\/www.vsveicolispeciali.com\/wp-content\/uploads\/2015\/11\/allestimento-furgone-food-truck-thf.jpg\" alt=\"am\u00e9nagement food truck thf\" width=\"1000\" height=\"800\" srcset=\"https:\/\/www.vsveicolispeciali.com\/wp-content\/uploads\/2015\/11\/allestimento-furgone-food-truck-thf.jpg 1000w, https:\/\/www.vsveicolispeciali.com\/wp-content\/uploads\/2015\/11\/allestimento-furgone-food-truck-thf-300x240.jpg 300w, https:\/\/www.vsveicolispeciali.com\/wp-content\/uploads\/2015\/11\/allestimento-furgone-food-truck-thf-768x614.jpg 768w, https:\/\/www.vsveicolispeciali.com\/wp-content\/uploads\/2015\/11\/allestimento-furgone-food-truck-thf-700x560.jpg 700w\" sizes=\"(max-width: 1000px) 100vw, 1000px\" \/><\/a><\/p>\n<p><strong>Tr3vor<\/strong><br \/>\n<a href=\"https:\/\/www.vsveicolispeciali.com\/fr\/street-food-truck\/triporteur-restaurant-mobile-piaggio-ape-vcurve-tr3vor\/\" target=\"_blank\" rel=\"noopener\">1 Piaggio Ape V-Curve<\/a><br \/>\n<a href=\"https:\/\/www.vsveicolispeciali.com\/fr\/street-food-truck\/camionnette-fiat-ducato-food-truck-trevor-suisse\/\" target=\"_blank\" rel=\"noopener\">1 Professional Food Truck<\/a><\/p>\n<p><a href=\"https:\/\/www.vsveicolispeciali.com\/wp-content\/uploads\/2019\/08\/mini-food-truck-piaggio-tr3vor.jpg\"><img loading=\"lazy\" decoding=\"async\" class=\"alignleft size-full wp-image-10338\" src=\"https:\/\/www.vsveicolispeciali.com\/wp-content\/uploads\/2019\/08\/mini-food-truck-piaggio-tr3vor.jpg\" alt=\"mini food truck piaggio tr3vor\" width=\"1000\" height=\"800\" srcset=\"https:\/\/www.vsveicolispeciali.com\/wp-content\/uploads\/2019\/08\/mini-food-truck-piaggio-tr3vor.jpg 1000w, https:\/\/www.vsveicolispeciali.com\/wp-content\/uploads\/2019\/08\/mini-food-truck-piaggio-tr3vor-300x240.jpg 300w, https:\/\/www.vsveicolispeciali.com\/wp-content\/uploads\/2019\/08\/mini-food-truck-piaggio-tr3vor-768x614.jpg 768w, https:\/\/www.vsveicolispeciali.com\/wp-content\/uploads\/2019\/08\/mini-food-truck-piaggio-tr3vor-700x560.jpg 700w\" sizes=\"(max-width: 1000px) 100vw, 1000px\" \/><\/a><\/p>\n<p><a href=\"https:\/\/www.vsveicolispeciali.com\/wp-content\/uploads\/2016\/03\/Food_Truck_Street_Food_Trevor_2.jpg\"><img loading=\"lazy\" decoding=\"async\" class=\"alignleft size-full wp-image-2342\" src=\"https:\/\/www.vsveicolispeciali.com\/wp-content\/uploads\/2016\/03\/Food_Truck_Street_Food_Trevor_2.jpg\" alt=\"Food Truck Tr3vor Swiss\" width=\"1000\" height=\"800\" srcset=\"https:\/\/www.vsveicolispeciali.com\/wp-content\/uploads\/2016\/03\/Food_Truck_Street_Food_Trevor_2.jpg 1000w, https:\/\/www.vsveicolispeciali.com\/wp-content\/uploads\/2016\/03\/Food_Truck_Street_Food_Trevor_2-300x240.jpg 300w, https:\/\/www.vsveicolispeciali.com\/wp-content\/uploads\/2016\/03\/Food_Truck_Street_Food_Trevor_2-768x614.jpg 768w, https:\/\/www.vsveicolispeciali.com\/wp-content\/uploads\/2016\/03\/Food_Truck_Street_Food_Trevor_2-700x560.jpg 700w\" sizes=\"(max-width: 1000px) 100vw, 1000px\" \/><\/a><\/p>\n<p>&nbsp;<\/p>\n<p>En somme, les <strong>flottes de food trucks<\/strong> permettent d&rsquo;escalader l&rsquo;op\u00e9rativit\u00e9, d&rsquo;explorer de nouveaux march\u00e9s et de satisfaire une client\u00e8le plus large avec plus de flexibilit\u00e9 et de r\u00e9silience.<\/p>\n<p>L&rsquo;<a href=\"https:\/\/www.vsveicolispeciali.com\/fr\/amenagement-vehicules-magasin-commerce-ambulant\/food-truck-camion-magasin-pour-vente-ambulante\/\">achat de 2 ou plus de food trucks<\/a> peut r\u00e9pondre \u00e0 un plan pr\u00e9d\u00e9fini ou suivre le succ\u00e8s inattendu d&rsquo;un premier investissement.<\/p>\n<p>Nous chez <strong>VS<\/strong> t\u00e9moignons avec grande satisfaction de la r\u00e9currence des deux cas de figure.<\/p>\n<p>&nbsp;<\/p>\n\n\t\t<style type=\"text\/css\">\n\t\t\t#gallery-1 {\n\t\t\t\tmargin: auto;\n\t\t\t}\n\t\t\t#gallery-1 .gallery-item {\n\t\t\t\tfloat: left;\n\t\t\t\tmargin-top: 10px;\n\t\t\t\ttext-align: center;\n\t\t\t\twidth: 33%;\n\t\t\t}\n\t\t\t#gallery-1 img {\n\t\t\t\tborder: 2px solid #cfcfcf;\n\t\t\t}\n\t\t\t#gallery-1 .gallery-caption {\n\t\t\t\tmargin-left: 0;\n\t\t\t}\n\t\t\t\/* see gallery_shortcode() in wp-includes\/media.php *\/\n\t\t<\/style>\n\t\t<div id='gallery-1' class='gallery galleryid-25231 gallery-columns-3 gallery-size-thumbnail'><dl class='gallery-item'>\n\t\t\t<dt class='gallery-icon landscape'>\n\t\t\t\t<a href='https:\/\/www.vsveicolispeciali.com\/fr\/foodtruck-fleets-2\/'><img loading=\"lazy\" decoding=\"async\" width=\"150\" height=\"150\" src=\"https:\/\/www.vsveicolispeciali.com\/wp-content\/uploads\/2024\/03\/foodtruck-fleets-150x150.jpg\" class=\"attachment-thumbnail size-thumbnail\" alt=\"flottes de food trucks\" srcset=\"https:\/\/www.vsveicolispeciali.com\/wp-content\/uploads\/2024\/03\/foodtruck-fleets-150x150.jpg 150w, https:\/\/www.vsveicolispeciali.com\/wp-content\/uploads\/2024\/03\/foodtruck-fleets-570x570.jpg 570w, https:\/\/www.vsveicolispeciali.com\/wp-content\/uploads\/2024\/03\/foodtruck-fleets-500x500.jpg 500w\" sizes=\"(max-width: 150px) 100vw, 150px\" \/><\/a>\n\t\t\t<\/dt><\/dl>\n\t\t\t<br style='clear: both' \/>\n\t\t<\/div>\n\n","protected":false},"excerpt":{"rendered":"<p>Il est de notori\u00e9t\u00e9 publique que sur le march\u00e9 de la restauration, un bon produit chasse toujours un mauvais produit. Mais lorsqu&rsquo;il faut choisir o\u00f9 manger, la qualit\u00e9 du produit n&rsquo;est pas tout et d&rsquo;autres facteurs entrent en jeu, tels que la qualit\u00e9 du service,&#8230;<\/p>\n","protected":false},"author":1001012,"featured_media":25221,"comment_status":"closed","ping_status":"open","sticky":false,"template":"","format":"gallery","meta":{"footnotes":""},"categories":[27],"tags":[181,377],"class_list":["post-25231","post","type-post","status-publish","format-gallery","has-post-thumbnail","hentry","category-news-fr","tag-food-truck-achat","tag-food-truck-business","post_format-post-format-gallery"],"yoast_head":"<!-- This site is optimized with the Yoast SEO plugin v25.4 - https:\/\/yoast.com\/wordpress\/plugins\/seo\/ -->\n<title>Multiplier les food trucks pour multiplier les b\u00e9n\u00e9fices<\/title>\n<meta name=\"description\" content=\"L&#039;acquisition de plusieurs food trucks assure avantages commerciaux. Entreprises utilisent cet atout pour \u00e9tendre leur activit\u00e9, d\u00e9couvrez lesquels\" \/>\n<meta name=\"robots\" content=\"index, follow, max-snippet:-1, max-image-preview:large, max-video-preview:-1\" \/>\n<link rel=\"canonical\" href=\"https:\/\/www.vsveicolispeciali.com\/fr\/multiplier-les-food-trucks-pour-multiplier-les-benefices\/\" \/>\n<meta property=\"og:locale\" content=\"fr_FR\" \/>\n<meta property=\"og:type\" content=\"article\" \/>\n<meta property=\"og:title\" content=\"Multiplier les food trucks pour multiplier les b\u00e9n\u00e9fices\" \/>\n<meta property=\"og:description\" content=\"L&#039;acquisition de plusieurs food trucks assure avantages commerciaux. Entreprises utilisent cet atout pour \u00e9tendre leur activit\u00e9, d\u00e9couvrez lesquels\" \/>\n<meta property=\"og:url\" content=\"https:\/\/www.vsveicolispeciali.com\/fr\/multiplier-les-food-trucks-pour-multiplier-les-benefices\/\" \/>\n<meta property=\"og:site_name\" content=\"VS Veicoli Speciali\" \/>\n<meta property=\"article:publisher\" content=\"https:\/\/www.facebook.com\/VSVeicoliSpeciali.Food.Trucks\/\" \/>\n<meta property=\"article:published_time\" content=\"2024-03-07T20:02:17+00:00\" \/>\n<meta property=\"article:modified_time\" content=\"2024-12-17T18:48:06+00:00\" \/>\n<meta property=\"og:image\" content=\"https:\/\/www.vsveicolispeciali.com\/wp-content\/uploads\/2024\/03\/foodtruck-fleets.jpg\" \/>\n\t<meta property=\"og:image:width\" content=\"1080\" \/>\n\t<meta property=\"og:image:height\" content=\"920\" \/>\n\t<meta property=\"og:image:type\" content=\"image\/jpeg\" \/>\n<meta name=\"author\" content=\"VS Veicoli Speciali\" \/>\n<meta name=\"twitter:card\" content=\"summary_large_image\" \/>\n<meta name=\"twitter:creator\" content=\"@veicolispeciali\" \/>\n<meta name=\"twitter:site\" content=\"@veicolispeciali\" \/>\n<meta name=\"twitter:label1\" content=\"\u00c9crit par\" \/>\n\t<meta name=\"twitter:data1\" content=\"VS Veicoli Speciali\" \/>\n\t<meta name=\"twitter:label2\" content=\"Dur\u00e9e de lecture estim\u00e9e\" \/>\n\t<meta name=\"twitter:data2\" content=\"10 minutes\" \/>\n<script type=\"application\/ld+json\" class=\"yoast-schema-graph\">{\"@context\":\"https:\/\/schema.org\",\"@graph\":[{\"@type\":\"Article\",\"@id\":\"https:\/\/www.vsveicolispeciali.com\/fr\/multiplier-les-food-trucks-pour-multiplier-les-benefices\/#article\",\"isPartOf\":{\"@id\":\"https:\/\/www.vsveicolispeciali.com\/fr\/multiplier-les-food-trucks-pour-multiplier-les-benefices\/\"},\"author\":{\"name\":\"VS Veicoli Speciali\",\"@id\":\"https:\/\/www.vsveicolispeciali.com\/fr\/#\/schema\/person\/1241826d792bde4333b3db1395b12be9\"},\"headline\":\"Multiplier les food trucks pour multiplier les b\u00e9n\u00e9fices\",\"datePublished\":\"2024-03-07T20:02:17+00:00\",\"dateModified\":\"2024-12-17T18:48:06+00:00\",\"mainEntityOfPage\":{\"@id\":\"https:\/\/www.vsveicolispeciali.com\/fr\/multiplier-les-food-trucks-pour-multiplier-les-benefices\/\"},\"wordCount\":906,\"publisher\":{\"@id\":\"https:\/\/www.vsveicolispeciali.com\/fr\/#organization\"},\"image\":{\"@id\":\"https:\/\/www.vsveicolispeciali.com\/fr\/multiplier-les-food-trucks-pour-multiplier-les-benefices\/#primaryimage\"},\"thumbnailUrl\":\"https:\/\/www.vsveicolispeciali.com\/wp-content\/uploads\/2024\/03\/foodtruck-fleets.jpg\",\"keywords\":[\"food truck achat\",\"food truck business\"],\"articleSection\":[\"News\"],\"inLanguage\":\"fr-FR\"},{\"@type\":\"WebPage\",\"@id\":\"https:\/\/www.vsveicolispeciali.com\/fr\/multiplier-les-food-trucks-pour-multiplier-les-benefices\/\",\"url\":\"https:\/\/www.vsveicolispeciali.com\/fr\/multiplier-les-food-trucks-pour-multiplier-les-benefices\/\",\"name\":\"Multiplier les food trucks pour multiplier les b\u00e9n\u00e9fices\",\"isPartOf\":{\"@id\":\"https:\/\/www.vsveicolispeciali.com\/fr\/#website\"},\"primaryImageOfPage\":{\"@id\":\"https:\/\/www.vsveicolispeciali.com\/fr\/multiplier-les-food-trucks-pour-multiplier-les-benefices\/#primaryimage\"},\"image\":{\"@id\":\"https:\/\/www.vsveicolispeciali.com\/fr\/multiplier-les-food-trucks-pour-multiplier-les-benefices\/#primaryimage\"},\"thumbnailUrl\":\"https:\/\/www.vsveicolispeciali.com\/wp-content\/uploads\/2024\/03\/foodtruck-fleets.jpg\",\"datePublished\":\"2024-03-07T20:02:17+00:00\",\"dateModified\":\"2024-12-17T18:48:06+00:00\",\"description\":\"L'acquisition de plusieurs food trucks assure avantages commerciaux. Entreprises utilisent cet atout pour \u00e9tendre leur activit\u00e9, d\u00e9couvrez lesquels\",\"breadcrumb\":{\"@id\":\"https:\/\/www.vsveicolispeciali.com\/fr\/multiplier-les-food-trucks-pour-multiplier-les-benefices\/#breadcrumb\"},\"inLanguage\":\"fr-FR\",\"potentialAction\":[{\"@type\":\"ReadAction\",\"target\":[\"https:\/\/www.vsveicolispeciali.com\/fr\/multiplier-les-food-trucks-pour-multiplier-les-benefices\/\"]}]},{\"@type\":\"ImageObject\",\"inLanguage\":\"fr-FR\",\"@id\":\"https:\/\/www.vsveicolispeciali.com\/fr\/multiplier-les-food-trucks-pour-multiplier-les-benefices\/#primaryimage\",\"url\":\"https:\/\/www.vsveicolispeciali.com\/wp-content\/uploads\/2024\/03\/foodtruck-fleets.jpg\",\"contentUrl\":\"https:\/\/www.vsveicolispeciali.com\/wp-content\/uploads\/2024\/03\/foodtruck-fleets.jpg\",\"width\":1080,\"height\":920,\"caption\":\"flottes de food trucks\"},{\"@type\":\"BreadcrumbList\",\"@id\":\"https:\/\/www.vsveicolispeciali.com\/fr\/multiplier-les-food-trucks-pour-multiplier-les-benefices\/#breadcrumb\",\"itemListElement\":[{\"@type\":\"ListItem\",\"position\":1,\"name\":\"Home\",\"item\":\"https:\/\/www.vsveicolispeciali.com\/fr\/\"},{\"@type\":\"ListItem\",\"position\":2,\"name\":\"Multiplier les food trucks pour multiplier les b\u00e9n\u00e9fices\"}]},{\"@type\":\"WebSite\",\"@id\":\"https:\/\/www.vsveicolispeciali.com\/fr\/#website\",\"url\":\"https:\/\/www.vsveicolispeciali.com\/fr\/\",\"name\":\"VS Veicoli Speciali\",\"description\":\"\",\"publisher\":{\"@id\":\"https:\/\/www.vsveicolispeciali.com\/fr\/#organization\"},\"potentialAction\":[{\"@type\":\"SearchAction\",\"target\":{\"@type\":\"EntryPoint\",\"urlTemplate\":\"https:\/\/www.vsveicolispeciali.com\/fr\/?s={search_term_string}\"},\"query-input\":{\"@type\":\"PropertyValueSpecification\",\"valueRequired\":true,\"valueName\":\"search_term_string\"}}],\"inLanguage\":\"fr-FR\"},{\"@type\":\"Organization\",\"@id\":\"https:\/\/www.vsveicolispeciali.com\/fr\/#organization\",\"name\":\"VS Veicoli Speciali\",\"url\":\"https:\/\/www.vsveicolispeciali.com\/fr\/\",\"logo\":{\"@type\":\"ImageObject\",\"inLanguage\":\"fr-FR\",\"@id\":\"https:\/\/www.vsveicolispeciali.com\/fr\/#\/schema\/logo\/image\/\",\"url\":\"http:\/\/www.vsveicolispeciali.com\/wp-content\/uploads\/2015\/05\/vs_veicoli_speciali-logo.png\",\"contentUrl\":\"http:\/\/www.vsveicolispeciali.com\/wp-content\/uploads\/2015\/05\/vs_veicoli_speciali-logo.png\",\"width\":252,\"height\":134,\"caption\":\"VS Veicoli Speciali\"},\"image\":{\"@id\":\"https:\/\/www.vsveicolispeciali.com\/fr\/#\/schema\/logo\/image\/\"},\"sameAs\":[\"https:\/\/www.facebook.com\/VSVeicoliSpeciali.Food.Trucks\/\",\"https:\/\/x.com\/veicolispeciali\",\"https:\/\/www.instagram.com\/vs_veicolispeciali\/\",\"https:\/\/www.linkedin.com\/company\/2811960\/\",\"https:\/\/www.pinterest.com\/streetfoodtruck\/\",\"https:\/\/www.youtube.com\/user\/veicolispeciali\"]},{\"@type\":\"Person\",\"@id\":\"https:\/\/www.vsveicolispeciali.com\/fr\/#\/schema\/person\/1241826d792bde4333b3db1395b12be9\",\"name\":\"VS Veicoli Speciali\",\"image\":{\"@type\":\"ImageObject\",\"inLanguage\":\"fr-FR\",\"@id\":\"https:\/\/www.vsveicolispeciali.com\/fr\/#\/schema\/person\/image\/\",\"url\":\"https:\/\/secure.gravatar.com\/avatar\/4ea93278e71ba140dbbbfb5d34409507?s=96&d=mm&r=g\",\"contentUrl\":\"https:\/\/secure.gravatar.com\/avatar\/4ea93278e71ba140dbbbfb5d34409507?s=96&d=mm&r=g\",\"caption\":\"VS Veicoli Speciali\"}}]}<\/script>\n<!-- \/ Yoast SEO plugin. -->","yoast_head_json":{"title":"Multiplier les food trucks pour multiplier les b\u00e9n\u00e9fices","description":"L'acquisition de plusieurs food trucks assure avantages commerciaux. Entreprises utilisent cet atout pour \u00e9tendre leur activit\u00e9, d\u00e9couvrez lesquels","robots":{"index":"index","follow":"follow","max-snippet":"max-snippet:-1","max-image-preview":"max-image-preview:large","max-video-preview":"max-video-preview:-1"},"canonical":"https:\/\/www.vsveicolispeciali.com\/fr\/multiplier-les-food-trucks-pour-multiplier-les-benefices\/","og_locale":"fr_FR","og_type":"article","og_title":"Multiplier les food trucks pour multiplier les b\u00e9n\u00e9fices","og_description":"L'acquisition de plusieurs food trucks assure avantages commerciaux. Entreprises utilisent cet atout pour \u00e9tendre leur activit\u00e9, d\u00e9couvrez lesquels","og_url":"https:\/\/www.vsveicolispeciali.com\/fr\/multiplier-les-food-trucks-pour-multiplier-les-benefices\/","og_site_name":"VS Veicoli Speciali","article_publisher":"https:\/\/www.facebook.com\/VSVeicoliSpeciali.Food.Trucks\/","article_published_time":"2024-03-07T20:02:17+00:00","article_modified_time":"2024-12-17T18:48:06+00:00","og_image":[{"width":1080,"height":920,"url":"https:\/\/www.vsveicolispeciali.com\/wp-content\/uploads\/2024\/03\/foodtruck-fleets.jpg","type":"image\/jpeg"}],"author":"VS Veicoli Speciali","twitter_card":"summary_large_image","twitter_creator":"@veicolispeciali","twitter_site":"@veicolispeciali","twitter_misc":{"\u00c9crit par":"VS Veicoli Speciali","Dur\u00e9e de lecture estim\u00e9e":"10 minutes"},"schema":{"@context":"https:\/\/schema.org","@graph":[{"@type":"Article","@id":"https:\/\/www.vsveicolispeciali.com\/fr\/multiplier-les-food-trucks-pour-multiplier-les-benefices\/#article","isPartOf":{"@id":"https:\/\/www.vsveicolispeciali.com\/fr\/multiplier-les-food-trucks-pour-multiplier-les-benefices\/"},"author":{"name":"VS Veicoli Speciali","@id":"https:\/\/www.vsveicolispeciali.com\/fr\/#\/schema\/person\/1241826d792bde4333b3db1395b12be9"},"headline":"Multiplier les food trucks pour multiplier les b\u00e9n\u00e9fices","datePublished":"2024-03-07T20:02:17+00:00","dateModified":"2024-12-17T18:48:06+00:00","mainEntityOfPage":{"@id":"https:\/\/www.vsveicolispeciali.com\/fr\/multiplier-les-food-trucks-pour-multiplier-les-benefices\/"},"wordCount":906,"publisher":{"@id":"https:\/\/www.vsveicolispeciali.com\/fr\/#organization"},"image":{"@id":"https:\/\/www.vsveicolispeciali.com\/fr\/multiplier-les-food-trucks-pour-multiplier-les-benefices\/#primaryimage"},"thumbnailUrl":"https:\/\/www.vsveicolispeciali.com\/wp-content\/uploads\/2024\/03\/foodtruck-fleets.jpg","keywords":["food truck achat","food truck business"],"articleSection":["News"],"inLanguage":"fr-FR"},{"@type":"WebPage","@id":"https:\/\/www.vsveicolispeciali.com\/fr\/multiplier-les-food-trucks-pour-multiplier-les-benefices\/","url":"https:\/\/www.vsveicolispeciali.com\/fr\/multiplier-les-food-trucks-pour-multiplier-les-benefices\/","name":"Multiplier les food trucks pour multiplier les b\u00e9n\u00e9fices","isPartOf":{"@id":"https:\/\/www.vsveicolispeciali.com\/fr\/#website"},"primaryImageOfPage":{"@id":"https:\/\/www.vsveicolispeciali.com\/fr\/multiplier-les-food-trucks-pour-multiplier-les-benefices\/#primaryimage"},"image":{"@id":"https:\/\/www.vsveicolispeciali.com\/fr\/multiplier-les-food-trucks-pour-multiplier-les-benefices\/#primaryimage"},"thumbnailUrl":"https:\/\/www.vsveicolispeciali.com\/wp-content\/uploads\/2024\/03\/foodtruck-fleets.jpg","datePublished":"2024-03-07T20:02:17+00:00","dateModified":"2024-12-17T18:48:06+00:00","description":"L'acquisition de plusieurs food trucks assure avantages commerciaux. Entreprises utilisent cet atout pour \u00e9tendre leur activit\u00e9, d\u00e9couvrez lesquels","breadcrumb":{"@id":"https:\/\/www.vsveicolispeciali.com\/fr\/multiplier-les-food-trucks-pour-multiplier-les-benefices\/#breadcrumb"},"inLanguage":"fr-FR","potentialAction":[{"@type":"ReadAction","target":["https:\/\/www.vsveicolispeciali.com\/fr\/multiplier-les-food-trucks-pour-multiplier-les-benefices\/"]}]},{"@type":"ImageObject","inLanguage":"fr-FR","@id":"https:\/\/www.vsveicolispeciali.com\/fr\/multiplier-les-food-trucks-pour-multiplier-les-benefices\/#primaryimage","url":"https:\/\/www.vsveicolispeciali.com\/wp-content\/uploads\/2024\/03\/foodtruck-fleets.jpg","contentUrl":"https:\/\/www.vsveicolispeciali.com\/wp-content\/uploads\/2024\/03\/foodtruck-fleets.jpg","width":1080,"height":920,"caption":"flottes de food trucks"},{"@type":"BreadcrumbList","@id":"https:\/\/www.vsveicolispeciali.com\/fr\/multiplier-les-food-trucks-pour-multiplier-les-benefices\/#breadcrumb","itemListElement":[{"@type":"ListItem","position":1,"name":"Home","item":"https:\/\/www.vsveicolispeciali.com\/fr\/"},{"@type":"ListItem","position":2,"name":"Multiplier les food trucks pour multiplier les b\u00e9n\u00e9fices"}]},{"@type":"WebSite","@id":"https:\/\/www.vsveicolispeciali.com\/fr\/#website","url":"https:\/\/www.vsveicolispeciali.com\/fr\/","name":"VS Veicoli Speciali","description":"","publisher":{"@id":"https:\/\/www.vsveicolispeciali.com\/fr\/#organization"},"potentialAction":[{"@type":"SearchAction","target":{"@type":"EntryPoint","urlTemplate":"https:\/\/www.vsveicolispeciali.com\/fr\/?s={search_term_string}"},"query-input":{"@type":"PropertyValueSpecification","valueRequired":true,"valueName":"search_term_string"}}],"inLanguage":"fr-FR"},{"@type":"Organization","@id":"https:\/\/www.vsveicolispeciali.com\/fr\/#organization","name":"VS Veicoli Speciali","url":"https:\/\/www.vsveicolispeciali.com\/fr\/","logo":{"@type":"ImageObject","inLanguage":"fr-FR","@id":"https:\/\/www.vsveicolispeciali.com\/fr\/#\/schema\/logo\/image\/","url":"http:\/\/www.vsveicolispeciali.com\/wp-content\/uploads\/2015\/05\/vs_veicoli_speciali-logo.png","contentUrl":"http:\/\/www.vsveicolispeciali.com\/wp-content\/uploads\/2015\/05\/vs_veicoli_speciali-logo.png","width":252,"height":134,"caption":"VS Veicoli Speciali"},"image":{"@id":"https:\/\/www.vsveicolispeciali.com\/fr\/#\/schema\/logo\/image\/"},"sameAs":["https:\/\/www.facebook.com\/VSVeicoliSpeciali.Food.Trucks\/","https:\/\/x.com\/veicolispeciali","https:\/\/www.instagram.com\/vs_veicolispeciali\/","https:\/\/www.linkedin.com\/company\/2811960\/","https:\/\/www.pinterest.com\/streetfoodtruck\/","https:\/\/www.youtube.com\/user\/veicolispeciali"]},{"@type":"Person","@id":"https:\/\/www.vsveicolispeciali.com\/fr\/#\/schema\/person\/1241826d792bde4333b3db1395b12be9","name":"VS Veicoli Speciali","image":{"@type":"ImageObject","inLanguage":"fr-FR","@id":"https:\/\/www.vsveicolispeciali.com\/fr\/#\/schema\/person\/image\/","url":"https:\/\/secure.gravatar.com\/avatar\/4ea93278e71ba140dbbbfb5d34409507?s=96&d=mm&r=g","contentUrl":"https:\/\/secure.gravatar.com\/avatar\/4ea93278e71ba140dbbbfb5d34409507?s=96&d=mm&r=g","caption":"VS Veicoli Speciali"}}]}},"_links":{"self":[{"href":"https:\/\/www.vsveicolispeciali.com\/fr\/wp-json\/wp\/v2\/posts\/25231"}],"collection":[{"href":"https:\/\/www.vsveicolispeciali.com\/fr\/wp-json\/wp\/v2\/posts"}],"about":[{"href":"https:\/\/www.vsveicolispeciali.com\/fr\/wp-json\/wp\/v2\/types\/post"}],"author":[{"embeddable":true,"href":"https:\/\/www.vsveicolispeciali.com\/fr\/wp-json\/wp\/v2\/users\/1001012"}],"replies":[{"embeddable":true,"href":"https:\/\/www.vsveicolispeciali.com\/fr\/wp-json\/wp\/v2\/comments?post=25231"}],"version-history":[{"count":4,"href":"https:\/\/www.vsveicolispeciali.com\/fr\/wp-json\/wp\/v2\/posts\/25231\/revisions"}],"predecessor-version":[{"id":27418,"href":"https:\/\/www.vsveicolispeciali.com\/fr\/wp-json\/wp\/v2\/posts\/25231\/revisions\/27418"}],"wp:featuredmedia":[{"embeddable":true,"href":"https:\/\/www.vsveicolispeciali.com\/fr\/wp-json\/wp\/v2\/media\/25221"}],"wp:attachment":[{"href":"https:\/\/www.vsveicolispeciali.com\/fr\/wp-json\/wp\/v2\/media?parent=25231"}],"wp:term":[{"taxonomy":"category","embeddable":true,"href":"https:\/\/www.vsveicolispeciali.com\/fr\/wp-json\/wp\/v2\/categories?post=25231"},{"taxonomy":"post_tag","embeddable":true,"href":"https:\/\/www.vsveicolispeciali.com\/fr\/wp-json\/wp\/v2\/tags?post=25231"}],"curies":[{"name":"wp","href":"https:\/\/api.w.org\/{rel}","templated":true}]}}