{"id":25147,"date":"2018-07-19T13:41:02","date_gmt":"2018-07-19T11:41:02","guid":{"rendered":"https:\/\/www.vsveicolispeciali.com\/in-inverno-i-food-truck-e-il-commercio-ambulante-non-vanno-in-letargo\/"},"modified":"2024-08-27T16:53:51","modified_gmt":"2024-08-27T14:53:51","slug":"en-hiver-les-food-trucks-et-le-commerce-ambulant-ne-vont-pas-en-hibernation","status":"publish","type":"post","link":"https:\/\/www.vsveicolispeciali.com\/fr\/en-hiver-les-food-trucks-et-le-commerce-ambulant-ne-vont-pas-en-hibernation\/","title":{"rendered":"En hiver, les food trucks et le commerce ambulant ne vont pas en hibernation"},"content":{"rendered":"<p>Une des craintes les plus r\u00e9pandues parmi les <strong>commer\u00e7ants<\/strong> qui ont un magasin et voudraient lancer une version itin\u00e9rante, ou parmi ceux qui aspirent \u00e0 ouvrir une activit\u00e9 ambulante, est celle de ne pas savoir s&rsquo;ils seront capables de faire face \u00e0 l&rsquo;hiver.<\/p>\n<p>On imagine g\u00e9n\u00e9ralement qu&rsquo;en hiver, les gens tendent \u00e0 \u00e9viter la rue et \u00e0 se r\u00e9fugier dans des lieux \u00e0 la recherche d&rsquo;environnements chauds et accueillants. C&rsquo;est une v\u00e9rit\u00e9 partielle, car il existe une vari\u00e9t\u00e9 de situations o\u00f9 <strong>les gens passent du temps \u00e0 l&rsquo;ext\u00e9rieur m\u00eame en hiver<\/strong> et les food truckers ont leurs bonnes opportunit\u00e9s commerciales.<\/p>\n<p>Voyons quelques <strong>exemples de food trucks<\/strong> et de contextes dans lesquels le facteur \u201chiver\u201d ne joue pas un r\u00f4le d\u00e9favorable ou, dans certains cas, s&rsquo;av\u00e8re \u00eatre le principal alli\u00e9 du commer\u00e7ant ambulant.<\/p>\n<p>&nbsp;&nbsp;<br \/>\n<strong><a href=\"https:\/\/www.vsveicolispeciali.com\/fr\/street-food-truck\/amenagement-food-truck-peugeot-boxer-sanfish-autriche\/\" target=\"_blank\" rel=\"noopener\">Sanfish<\/a><\/strong><\/p>\n<p>&nbsp;<br \/>\n<a href=\"https:\/\/www.vsveicolispeciali.com\/wp-content\/uploads\/2018\/07\/sanfish-food-truck-peugeot-boxer.jpg\"><img loading=\"lazy\" decoding=\"async\" class=\"alignleft size-full wp-image-7451\" src=\"https:\/\/www.vsveicolispeciali.com\/wp-content\/uploads\/2018\/07\/sanfish-food-truck-peugeot-boxer.jpg\" alt=\"sanfish food truck peugeot boxer mercatini di natale a Vienna\" width=\"800\" height=\"600\" srcset=\"https:\/\/www.vsveicolispeciali.com\/wp-content\/uploads\/2018\/07\/sanfish-food-truck-peugeot-boxer.jpg 800w, https:\/\/www.vsveicolispeciali.com\/wp-content\/uploads\/2018\/07\/sanfish-food-truck-peugeot-boxer-300x225.jpg 300w, https:\/\/www.vsveicolispeciali.com\/wp-content\/uploads\/2018\/07\/sanfish-food-truck-peugeot-boxer-768x576.jpg 768w, https:\/\/www.vsveicolispeciali.com\/wp-content\/uploads\/2018\/07\/sanfish-food-truck-peugeot-boxer-700x525.jpg 700w\" sizes=\"(max-width: 800px) 100vw, 800px\" \/><\/a><br \/>\n&nbsp;<\/p>\n<p>Food truck am\u00e9nag\u00e9 sur un Peugeot Boxer, \u00e9quip\u00e9 d&rsquo;une cuisine professionnelle pour servir du street food de poisson dans les rues de Vienne et de l&rsquo;Autriche.<\/p>\n<p>Quelqu&rsquo;un pense-t-il peut-\u00eatre que l&rsquo;hiver autrichien est court et doux ? \u00c9videmment non. Cela n&#8217;emp\u00eache pas les gars de Sanfish de travailler toute l&rsquo;ann\u00e9e.<\/p>\n<p>Quand ont-ils les meilleures opportunit\u00e9s ? Pendant les march\u00e9s de No\u00ebl. Il faut le voir pour le croire.<\/p>\n<p>&nbsp;&nbsp;<br \/>\n<strong><a href=\"https:\/\/www.vsveicolispeciali.com\/fr\/street-food-truck\/triporteur-cafe-mobile-cafe-alpin\/\" target=\"_blank\" rel=\"noopener\">Caf\u00e9 Alpin<\/a><\/strong><\/p>\n<p>&nbsp;<br \/>\n<a href=\"https:\/\/www.vsveicolispeciali.com\/wp-content\/uploads\/2018\/07\/cafe-alpin-ape-street-food-inverno.jpg\"><img loading=\"lazy\" decoding=\"async\" class=\"alignleft size-full wp-image-7430\" src=\"https:\/\/www.vsveicolispeciali.com\/wp-content\/uploads\/2018\/07\/cafe-alpin-ape-street-food-inverno.jpg\" alt=\"cafe alpin ape street food in inverno a Chamonix\" width=\"800\" height=\"600\" srcset=\"https:\/\/www.vsveicolispeciali.com\/wp-content\/uploads\/2018\/07\/cafe-alpin-ape-street-food-inverno.jpg 800w, https:\/\/www.vsveicolispeciali.com\/wp-content\/uploads\/2018\/07\/cafe-alpin-ape-street-food-inverno-300x225.jpg 300w, https:\/\/www.vsveicolispeciali.com\/wp-content\/uploads\/2018\/07\/cafe-alpin-ape-street-food-inverno-768x576.jpg 768w, https:\/\/www.vsveicolispeciali.com\/wp-content\/uploads\/2018\/07\/cafe-alpin-ape-street-food-inverno-700x525.jpg 700w\" sizes=\"(max-width: 800px) 100vw, 800px\" \/><\/a><br \/>\n&nbsp;<\/p>\n<p>Ape caf\u00e9 mobile qui a transform\u00e9 le froid hiver de Chamonix en un avantage. Plus pr\u00e9cis\u00e9ment, il s&rsquo;agit d&rsquo;une flotte de food trucks Piaggio con\u00e7us pour offrir des boissons chaudes aux skieurs.<\/p>\n<p>Caf\u00e9 italien et chocolat chaud, th\u00e9 anglais et autres d\u00e9lices qui font le bonheur des skieurs et des touristes pr\u00e8s des remont\u00e9es m\u00e9caniques et des zones les plus fr\u00e9quent\u00e9es de Chamonix.<\/p>\n<p>&nbsp;&nbsp;<br \/>\n<strong><a href=\"https:\/\/www.vsveicolispeciali.com\/fr\/street-food-truck\/food-truck-creperie-triporteur-zurich\/\" target=\"_blank\" rel=\"noopener\">La Creperie Switzerland<\/a><\/strong><\/p>\n<p>&nbsp;<br \/>\n<a href=\"https:\/\/www.vsveicolispeciali.com\/wp-content\/uploads\/2018\/07\/la-creperie-zurich-piaggio-ape.jpg\"><img loading=\"lazy\" decoding=\"async\" class=\"alignleft size-full wp-image-7436\" src=\"https:\/\/www.vsveicolispeciali.com\/wp-content\/uploads\/2018\/07\/la-creperie-zurich-piaggio-ape.jpg\" alt=\"la creperie zurich piaggio ape per vendita itinerante di crepes\" width=\"800\" height=\"600\" srcset=\"https:\/\/www.vsveicolispeciali.com\/wp-content\/uploads\/2018\/07\/la-creperie-zurich-piaggio-ape.jpg 800w, https:\/\/www.vsveicolispeciali.com\/wp-content\/uploads\/2018\/07\/la-creperie-zurich-piaggio-ape-300x225.jpg 300w, https:\/\/www.vsveicolispeciali.com\/wp-content\/uploads\/2018\/07\/la-creperie-zurich-piaggio-ape-768x576.jpg 768w, https:\/\/www.vsveicolispeciali.com\/wp-content\/uploads\/2018\/07\/la-creperie-zurich-piaggio-ape-700x525.jpg 700w\" sizes=\"(max-width: 800px) 100vw, 800px\" \/><\/a><br \/>\n&nbsp;<\/p>\n<p>Am\u00e9nagement sur un Ape Piaggio V-Curve avec tout l&rsquo;\u00e9quipement n\u00e9cessaire pour cuisiner de d\u00e9licieuses cr\u00eapes fran\u00e7aises, une v\u00e9ritable cr\u00eaperie ambulante.<\/p>\n<p>On peut la rencontrer \u00e0 Zurich en toutes saisons. L&rsquo;endroit le plus strat\u00e9gique o\u00f9 la trouver est la gare, l\u00e0 l&rsquo;hiver ne se fait pas sentir.<\/p>\n<p><strong><a href=\"https:\/\/www.vsveicolispeciali.com\/fr\/street-food-truck\/remorque-food-truck-a-vendre-glace-la-cremeria\/\" target=\"_blank\" rel=\"noopener\">La Tua Cremeria &#8211; Remorque<\/a><\/strong><\/p>\n<p><a href=\"https:\/\/www.vsveicolispeciali.com\/wp-content\/uploads\/2018\/07\/gelateria-ambulante-outlet-serravalle-inverno.jpg\"><img loading=\"lazy\" decoding=\"async\" class=\"alignleft size-full wp-image-7433\" src=\"https:\/\/www.vsveicolispeciali.com\/wp-content\/uploads\/2018\/07\/gelateria-ambulante-outlet-serravalle-inverno.jpg\" alt=\"gelateria ambulante outlet serravalle inverno - la tua cremeria\" width=\"800\" height=\"449\" srcset=\"https:\/\/www.vsveicolispeciali.com\/wp-content\/uploads\/2018\/07\/gelateria-ambulante-outlet-serravalle-inverno.jpg 800w, https:\/\/www.vsveicolispeciali.com\/wp-content\/uploads\/2018\/07\/gelateria-ambulante-outlet-serravalle-inverno-300x168.jpg 300w, https:\/\/www.vsveicolispeciali.com\/wp-content\/uploads\/2018\/07\/gelateria-ambulante-outlet-serravalle-inverno-768x431.jpg 768w, https:\/\/www.vsveicolispeciali.com\/wp-content\/uploads\/2018\/07\/gelateria-ambulante-outlet-serravalle-inverno-700x393.jpg 700w, https:\/\/www.vsveicolispeciali.com\/wp-content\/uploads\/2018\/07\/gelateria-ambulante-outlet-serravalle-inverno-539x303.jpg 539w\" sizes=\"(max-width: 800px) 100vw, 800px\" \/><\/a><\/p>\n<p><strong><a href=\"https:\/\/www.vsveicolispeciali.com\/fr\/street-food-truck\/piaggio-porter-amenage-en-glacerie\/\" target=\"_blank\" rel=\"noopener\">La Tua Cremeria &#8211; Porter Piaggio<\/a><\/strong><\/p>\n<p><a href=\"https:\/\/www.vsveicolispeciali.com\/wp-content\/uploads\/2018\/07\/porter-piaggio-street-food.jpg\"><img loading=\"lazy\" decoding=\"async\" class=\"aligncenter size-full wp-image-7448\" src=\"https:\/\/www.vsveicolispeciali.com\/wp-content\/uploads\/2018\/07\/porter-piaggio-street-food.jpg\" alt=\"porter piaggio per attivit\u00e0 street food nell'outlet di Serravalle\" width=\"540\" height=\"528\" srcset=\"https:\/\/www.vsveicolispeciali.com\/wp-content\/uploads\/2018\/07\/porter-piaggio-street-food.jpg 540w, https:\/\/www.vsveicolispeciali.com\/wp-content\/uploads\/2018\/07\/porter-piaggio-street-food-300x293.jpg 300w\" sizes=\"(max-width: 540px) 100vw, 540px\" \/><\/a><\/p>\n<p>Une remorque food truck et un Porter Piaggio am\u00e9nag\u00e9s pour la vente de glaces molles. La Tua Cremeria aussi ne conna\u00eet pas la saisonnalit\u00e9, ses glaces se vendent comme des petits pains toute l&rsquo;ann\u00e9e, m\u00eame dans le c\u00e9l\u00e8bre outlet de Serravalle, dans la province d&rsquo;Alessandria, o\u00f9 elle se positionne les week-ends.<\/p>\n<p>&nbsp;&nbsp;<br \/>\n<strong><a href=\"https:\/\/www.vsveicolispeciali.com\/fr\/street-food-truck\/food-truck-ape-tr-centre-commercial-paris-nonna-nonno\/\" target=\"_blank\" rel=\"noopener\">Nonna &amp; Nonno<\/a><\/strong><\/p>\n<p><a href=\"https:\/\/www.vsveicolispeciali.com\/wp-content\/uploads\/2018\/07\/ape-piaggio-centre-comercial-paris.jpg\"><img loading=\"lazy\" decoding=\"async\" class=\"alignleft size-full wp-image-7427\" src=\"https:\/\/www.vsveicolispeciali.com\/wp-content\/uploads\/2018\/07\/ape-piaggio-centre-comercial-paris.jpg\" alt=\"ape piaggio centre comercial paris\" width=\"800\" height=\"600\" srcset=\"https:\/\/www.vsveicolispeciali.com\/wp-content\/uploads\/2018\/07\/ape-piaggio-centre-comercial-paris.jpg 800w, https:\/\/www.vsveicolispeciali.com\/wp-content\/uploads\/2018\/07\/ape-piaggio-centre-comercial-paris-300x225.jpg 300w, https:\/\/www.vsveicolispeciali.com\/wp-content\/uploads\/2018\/07\/ape-piaggio-centre-comercial-paris-768x576.jpg 768w, https:\/\/www.vsveicolispeciali.com\/wp-content\/uploads\/2018\/07\/ape-piaggio-centre-comercial-paris-700x525.jpg 700w\" sizes=\"(max-width: 800px) 100vw, 800px\" \/><\/a><\/p>\n<p>Am\u00e9nagement brevet\u00e9 sur un Piaggio TR pour la vente de produits italiens et napolitains dans le centre commercial Les Arcades \u00e0 Paris.<\/p>\n<p>Il s&rsquo;agit d&rsquo;un v\u00e9hicule con\u00e7u pour fonctionner dans des espaces ferm\u00e9s et ouverts, publics et priv\u00e9s, sans limitation d&rsquo;utilisation. Quelle importance a la saison ?<\/p>\n<p>&nbsp;&nbsp;<br \/>\n<strong><a href=\"https:\/\/www.vsveicolispeciali.com\/fr\/street-food-truck\/lavazza-food-truck-fiat-615\/\" target=\"_blank\" rel=\"noopener\">Caff\u00e8 Lavazza<\/a><\/strong><\/p>\n<p><a href=\"https:\/\/www.vsveicolispeciali.com\/wp-content\/uploads\/2018\/07\/lavazza-vintage-food-truck-airport.jpg\"><img loading=\"lazy\" decoding=\"async\" class=\"alignleft size-full wp-image-7439\" src=\"https:\/\/www.vsveicolispeciali.com\/wp-content\/uploads\/2018\/07\/lavazza-vintage-food-truck-airport.jpg\" alt=\"lavazza vintage food truck at turin airport\" width=\"800\" height=\"450\" srcset=\"https:\/\/www.vsveicolispeciali.com\/wp-content\/uploads\/2018\/07\/lavazza-vintage-food-truck-airport.jpg 800w, https:\/\/www.vsveicolispeciali.com\/wp-content\/uploads\/2018\/07\/lavazza-vintage-food-truck-airport-300x169.jpg 300w, https:\/\/www.vsveicolispeciali.com\/wp-content\/uploads\/2018\/07\/lavazza-vintage-food-truck-airport-768x432.jpg 768w, https:\/\/www.vsveicolispeciali.com\/wp-content\/uploads\/2018\/07\/lavazza-vintage-food-truck-airport-700x394.jpg 700w, https:\/\/www.vsveicolispeciali.com\/wp-content\/uploads\/2018\/07\/lavazza-vintage-food-truck-airport-539x303.jpg 539w\" sizes=\"(max-width: 800px) 100vw, 800px\" \/><\/a><\/p>\n<p>R\u00e9alis\u00e9 en convertissant en food truck vintage le v\u00e9hicule d&rsquo;\u00e9poque Fiat 615. Une v\u00e9ritable caf\u00e9t\u00e9ria mobile qui se trouve toute l&rsquo;ann\u00e9e \u00e0 l&rsquo;a\u00e9roport de Turin pour accueillir et saluer les voyageurs avec un fabuleux ar\u00f4me de caf\u00e9 italien.<\/p>\n<p>&nbsp;&nbsp;<br \/>\n<strong><a href=\"https:\/\/www.vsveicolispeciali.com\/fr\/street-food-truck\/triporteur-ape-cafe-et-snack-aeroport-de-geneve\/\" target=\"_blank\" rel=\"noopener\">Caviar House<\/a><\/strong><\/p>\n<p><a href=\"https:\/\/www.vsveicolispeciali.com\/wp-content\/uploads\/2018\/07\/piaggio-caviar-house-geneva-airport.jpg\"><img loading=\"lazy\" decoding=\"async\" class=\"aligncenter size-full wp-image-7445\" src=\"https:\/\/www.vsveicolispeciali.com\/wp-content\/uploads\/2018\/07\/piaggio-caviar-house-geneva-airport.jpg\" alt=\"piaggio caviar house at geneva airport\" width=\"629\" height=\"419\" srcset=\"https:\/\/www.vsveicolispeciali.com\/wp-content\/uploads\/2018\/07\/piaggio-caviar-house-geneva-airport.jpg 629w, https:\/\/www.vsveicolispeciali.com\/wp-content\/uploads\/2018\/07\/piaggio-caviar-house-geneva-airport-300x200.jpg 300w\" sizes=\"(max-width: 629px) 100vw, 629px\" \/><\/a><\/p>\n<p>Encore un a\u00e9roport, cette fois celui de Gen\u00e8ve, pour cette Ape food truck sp\u00e9cialis\u00e9e dans les snacks et les plats de poisson frais. Comme vous pouvez l&rsquo;imaginer, dans ce cas aussi, l&rsquo;hiver reste \u00e0 l&rsquo;ext\u00e9rieur.<\/p>\n<p>&nbsp;&nbsp;<br \/>\n<strong><a href=\"https:\/\/www.vsveicolispeciali.com\/fr\/street-food-truck\/fiat-ducato-cuisine-mobile-thf-geneve-suisse\/\" target=\"_blank\" rel=\"noopener\">THF \u2013 The Hamburger Foundation<\/a><\/strong><\/p>\n<p><a href=\"https:\/\/www.vsveicolispeciali.com\/wp-content\/uploads\/2018\/07\/thf-food-van-switzerland-winterjpg.jpg\"><img loading=\"lazy\" decoding=\"async\" class=\"alignleft size-full wp-image-7454\" src=\"https:\/\/www.vsveicolispeciali.com\/wp-content\/uploads\/2018\/07\/thf-food-van-switzerland-winterjpg.jpg\" alt=\"thf furgone street food in svizzera in inverno\" width=\"800\" height=\"600\" srcset=\"https:\/\/www.vsveicolispeciali.com\/wp-content\/uploads\/2018\/07\/thf-food-van-switzerland-winterjpg.jpg 800w, https:\/\/www.vsveicolispeciali.com\/wp-content\/uploads\/2018\/07\/thf-food-van-switzerland-winterjpg-300x225.jpg 300w, https:\/\/www.vsveicolispeciali.com\/wp-content\/uploads\/2018\/07\/thf-food-van-switzerland-winterjpg-768x576.jpg 768w, https:\/\/www.vsveicolispeciali.com\/wp-content\/uploads\/2018\/07\/thf-food-van-switzerland-winterjpg-700x525.jpg 700w\" sizes=\"(max-width: 800px) 100vw, 800px\" \/><\/a><\/p>\n<p>Trois amis, en Suisse, d\u00e9fendent l&rsquo;honneur du hamburger gourmet face \u00e0 l&rsquo;assaut des fast-foods sur ce Fiat Ducato enti\u00e8rement \u00e9quip\u00e9. Manifestement, aucune peur de l&rsquo;hiver.<\/p>\n<p>&nbsp;&nbsp;<br \/>\n<strong><a href=\"https:\/\/www.vsveicolispeciali.com\/fr\/street-food-truck\/triporteur-glace-piaggio-tr-glacier-pepino\/\" target=\"_blank\" rel=\"noopener\">Pepino<\/a><\/strong><\/p>\n<p><a href=\"https:\/\/www.vsveicolispeciali.com\/wp-content\/uploads\/2018\/07\/pepino-ape-gelato-concessionario.jpg\"><img loading=\"lazy\" decoding=\"async\" class=\"alignleft size-full wp-image-7442\" src=\"https:\/\/www.vsveicolispeciali.com\/wp-content\/uploads\/2018\/07\/pepino-ape-gelato-concessionario.jpg\" alt=\"pepino ape gelato dentro concessionario mercedes\" width=\"800\" height=\"600\" srcset=\"https:\/\/www.vsveicolispeciali.com\/wp-content\/uploads\/2018\/07\/pepino-ape-gelato-concessionario.jpg 800w, https:\/\/www.vsveicolispeciali.com\/wp-content\/uploads\/2018\/07\/pepino-ape-gelato-concessionario-300x225.jpg 300w, https:\/\/www.vsveicolispeciali.com\/wp-content\/uploads\/2018\/07\/pepino-ape-gelato-concessionario-768x576.jpg 768w, https:\/\/www.vsveicolispeciali.com\/wp-content\/uploads\/2018\/07\/pepino-ape-gelato-concessionario-700x525.jpg 700w\" sizes=\"(max-width: 800px) 100vw, 800px\" \/><\/a><\/p>\n<p>Glacier mobile am\u00e9nag\u00e9e sur un Ape TR. Pepino trouve toujours le moyen de vendre ses tr\u00e8s appr\u00e9ci\u00e9s glaces artisanales. Peu importe o\u00f9, peu importe quand, Pepino ne s&rsquo;arr\u00eate pas et engrange des profits.<\/p>\n<p>&nbsp;&nbsp;<br \/>\n<strong><a href=\"https:\/\/www.vsveicolispeciali.com\/fr\/street-food-truck\/pro-x-food-truck-dolomiti-street-food-gourmet-cuisine\/\" rel=\"noopener\" target=\"_blank\">Dolomiti Street Food<\/a><\/strong><\/p>\n<p>Un food truck au design unique et brevet\u00e9, con\u00e7u pour Lorenzo De Nadai, un chef renomm\u00e9 dans la r\u00e9gion des Dolomites.<\/p>\n<p>Le <a href=\"https:\/\/www.vsveicolispeciali.com\/fr\/amenagement-vehicules-magasin-commerce-ambulant\/food-truck-camion-magasin-pour-vente-ambulante\/pro-x-food-truck\/\" rel=\"noopener\" target=\"_blank\">Food Truck Pro X<\/a> a la particularit\u00e9 d&rsquo;\u00eatre totalement autosuffisant sur le plan \u00e9nerg\u00e9tique, et est en plus \u00e9quip\u00e9 de <a href=\"https:\/\/www.vsveicolispeciali.com\/fr\/vs-innovation-lab\/extra-pour-votre-food-truck\/\" rel=\"noopener\" target=\"_blank\">eXtra\u00ae<\/a>, un syst\u00e8me num\u00e9rique int\u00e9gr\u00e9 au v\u00e9hicule, qui permet de g\u00e9rer de nombreuses fonctions du food truck via smartphone.<\/p>\n<p><a href=\"https:\/\/www.vsveicolispeciali.com\/wp-content\/uploads\/2024\/08\/hiver-food-truck-eco-responsable.jpg\"><img loading=\"lazy\" decoding=\"async\" src=\"https:\/\/www.vsveicolispeciali.com\/wp-content\/uploads\/2024\/08\/hiver-food-truck-eco-responsable.jpg\" alt=\"food truck eco-responsable actif dans les Dolomites toutes les saisons de l&#039;ann\u00e9e y compris en hiver\" width=\"1333\" height=\"889\" class=\"alignleft size-full wp-image-26263\" srcset=\"https:\/\/www.vsveicolispeciali.com\/wp-content\/uploads\/2024\/08\/hiver-food-truck-eco-responsable.jpg 1333w, https:\/\/www.vsveicolispeciali.com\/wp-content\/uploads\/2024\/08\/hiver-food-truck-eco-responsable-300x200.jpg 300w, https:\/\/www.vsveicolispeciali.com\/wp-content\/uploads\/2024\/08\/hiver-food-truck-eco-responsable-1024x683.jpg 1024w, https:\/\/www.vsveicolispeciali.com\/wp-content\/uploads\/2024\/08\/hiver-food-truck-eco-responsable-768x512.jpg 768w, https:\/\/www.vsveicolispeciali.com\/wp-content\/uploads\/2024\/08\/hiver-food-truck-eco-responsable-700x467.jpg 700w\" sizes=\"(max-width: 1333px) 100vw, 1333px\" \/><\/a><\/p>\n<p>Lorenzo De Nadai est <strong>actif dans les Dolomites toutes les saisons de l&rsquo;ann\u00e9e<\/strong>, il participe aux \u00e9v\u00e9nements et offre un service de traiteur \u00e0 domicile.<\/p>\n<p>Il attend avec impatience les <strong>Jeux Olympiques d&rsquo;Hiver de 2026<\/strong>, \u00e0 Milan et Cortina d\u2019Ampezzo, pour faire d\u00e9couvrir son exceptionnel street food aux visiteurs et aux athl\u00e8tes.<\/p>\n<p>&nbsp;<\/p>\n<p>En somme, que ce soit en int\u00e9rieur ou en ext\u00e9rieur, dans des b\u00e2timents ou dans la rue, les <a href=\"https:\/\/www.vsveicolispeciali.com\/fr\/amenagement-vehicules-magasin-commerce-ambulant\/food-truck-camion-magasin-pour-vente-ambulante\/\" target=\"_blank\" rel=\"noopener\">food trucks<\/a> ont mille fa\u00e7ons de travailler \u00e0 plein r\u00e9gime m\u00eame <strong>en hiver<\/strong>.<\/p>\n<p>Les <strong>commer\u00e7ants ambulants<\/strong> et les op\u00e9rateurs dans le secteur du <a href=\"https:\/\/www.vsveicolispeciali.com\/fr\/street-food\/\">street food<\/a> continuent d&rsquo;inventer de nouvelles fa\u00e7ons de se d\u00e9velopper.<\/p>\n<p>Il faut de l&rsquo;initiative et de la flexibilit\u00e9, les id\u00e9es et l&rsquo;exp\u00e9rience viennent avec le temps, tandis qu&rsquo;une bonne consultation de la part d&rsquo;experts du secteur peut acc\u00e9l\u00e9rer tout le processus.<\/p>\n\n\t\t<style type=\"text\/css\">\n\t\t\t#gallery-1 {\n\t\t\t\tmargin: auto;\n\t\t\t}\n\t\t\t#gallery-1 .gallery-item {\n\t\t\t\tfloat: left;\n\t\t\t\tmargin-top: 10px;\n\t\t\t\ttext-align: center;\n\t\t\t\twidth: 33%;\n\t\t\t}\n\t\t\t#gallery-1 img {\n\t\t\t\tborder: 2px solid #cfcfcf;\n\t\t\t}\n\t\t\t#gallery-1 .gallery-caption {\n\t\t\t\tmargin-left: 0;\n\t\t\t}\n\t\t\t\/* see gallery_shortcode() in wp-includes\/media.php *\/\n\t\t<\/style>\n\t\t<div id='gallery-1' class='gallery galleryid-25147 gallery-columns-3 gallery-size-thumbnail'><dl class='gallery-item'>\n\t\t\t<dt class='gallery-icon landscape'>\n\t\t\t\t<a href='https:\/\/www.vsveicolispeciali.com\/fr\/en-hiver-les-food-trucks-et-le-commerce-ambulant-ne-vont-pas-en-hibernation\/thf-food-van-switzerland-winterjpg-2\/'><img loading=\"lazy\" decoding=\"async\" width=\"150\" height=\"150\" src=\"https:\/\/www.vsveicolispeciali.com\/wp-content\/uploads\/2018\/07\/thf-food-van-switzerland-winterjpg-150x150.jpg\" class=\"attachment-thumbnail size-thumbnail\" alt=\"thf furgone street food in svizzera in inverno\" srcset=\"https:\/\/www.vsveicolispeciali.com\/wp-content\/uploads\/2018\/07\/thf-food-van-switzerland-winterjpg-150x150.jpg 150w, https:\/\/www.vsveicolispeciali.com\/wp-content\/uploads\/2018\/07\/thf-food-van-switzerland-winterjpg-570x570.jpg 570w, https:\/\/www.vsveicolispeciali.com\/wp-content\/uploads\/2018\/07\/thf-food-van-switzerland-winterjpg-600x600.jpg 600w, https:\/\/www.vsveicolispeciali.com\/wp-content\/uploads\/2018\/07\/thf-food-van-switzerland-winterjpg-500x500.jpg 500w\" sizes=\"(max-width: 150px) 100vw, 150px\" \/><\/a>\n\t\t\t<\/dt><\/dl><dl class='gallery-item'>\n\t\t\t<dt class='gallery-icon landscape'>\n\t\t\t\t<a href='https:\/\/www.vsveicolispeciali.com\/fr\/en-hiver-les-food-trucks-et-le-commerce-ambulant-ne-vont-pas-en-hibernation\/sanfish-food-truck-peugeot-boxer-2\/'><img loading=\"lazy\" decoding=\"async\" width=\"150\" height=\"150\" src=\"https:\/\/www.vsveicolispeciali.com\/wp-content\/uploads\/2018\/07\/sanfish-food-truck-peugeot-boxer-150x150.jpg\" class=\"attachment-thumbnail size-thumbnail\" alt=\"sanfish food truck peugeot boxer au travail pendant les march\u00e9s de No\u00ebl \u00e0 Vienne\" srcset=\"https:\/\/www.vsveicolispeciali.com\/wp-content\/uploads\/2018\/07\/sanfish-food-truck-peugeot-boxer-150x150.jpg 150w, https:\/\/www.vsveicolispeciali.com\/wp-content\/uploads\/2018\/07\/sanfish-food-truck-peugeot-boxer-570x570.jpg 570w, https:\/\/www.vsveicolispeciali.com\/wp-content\/uploads\/2018\/07\/sanfish-food-truck-peugeot-boxer-600x600.jpg 600w, https:\/\/www.vsveicolispeciali.com\/wp-content\/uploads\/2018\/07\/sanfish-food-truck-peugeot-boxer-500x500.jpg 500w\" sizes=\"(max-width: 150px) 100vw, 150px\" \/><\/a>\n\t\t\t<\/dt><\/dl><dl class='gallery-item'>\n\t\t\t<dt class='gallery-icon landscape'>\n\t\t\t\t<a href='https:\/\/www.vsveicolispeciali.com\/fr\/en-hiver-les-food-trucks-et-le-commerce-ambulant-ne-vont-pas-en-hibernation\/cafe-alpin-ape-street-food-inverno-2\/'><img loading=\"lazy\" decoding=\"async\" width=\"150\" height=\"150\" src=\"https:\/\/www.vsveicolispeciali.com\/wp-content\/uploads\/2018\/07\/cafe-alpin-ape-street-food-inverno-150x150.jpg\" class=\"attachment-thumbnail size-thumbnail\" alt=\"cafe alpin ape street food in inverno a Chamonix\" srcset=\"https:\/\/www.vsveicolispeciali.com\/wp-content\/uploads\/2018\/07\/cafe-alpin-ape-street-food-inverno-150x150.jpg 150w, https:\/\/www.vsveicolispeciali.com\/wp-content\/uploads\/2018\/07\/cafe-alpin-ape-street-food-inverno-570x570.jpg 570w, https:\/\/www.vsveicolispeciali.com\/wp-content\/uploads\/2018\/07\/cafe-alpin-ape-street-food-inverno-600x600.jpg 600w, https:\/\/www.vsveicolispeciali.com\/wp-content\/uploads\/2018\/07\/cafe-alpin-ape-street-food-inverno-500x500.jpg 500w\" sizes=\"(max-width: 150px) 100vw, 150px\" \/><\/a>\n\t\t\t<\/dt><\/dl><br style=\"clear: both\" \/>\n\t\t<\/div>\n\n<p>&nbsp;&nbsp;<\/p>\n","protected":false},"excerpt":{"rendered":"<p>Une des craintes les plus r\u00e9pandues parmi les commer\u00e7ants qui ont un magasin et voudraient lancer une version itin\u00e9rante, ou parmi ceux qui aspirent \u00e0 ouvrir une activit\u00e9 ambulante, est celle de ne pas savoir s&rsquo;ils seront capables de faire face \u00e0 l&rsquo;hiver. On imagine&#8230;<\/p>\n","protected":false},"author":2,"featured_media":7456,"comment_status":"open","ping_status":"open","sticky":false,"template":"","format":"gallery","meta":{"footnotes":""},"categories":[27],"tags":[184,377],"class_list":["post-25147","post","type-post","status-publish","format-gallery","has-post-thumbnail","hentry","category-news-fr","tag-ouvrir-un-food-truck","tag-food-truck-business","post_format-post-format-gallery"],"yoast_head":"<!-- This site is optimized with the Yoast SEO plugin v25.4 - https:\/\/yoast.com\/wordpress\/plugins\/seo\/ -->\n<title>En hiver les Food Trucks ne vont pas en Hibernation<\/title>\n<meta name=\"description\" content=\"Si vous envisagez d&#039;ouvrir un food truck et d&#039;entrer dans le secteur du commerce ambulant, l&#039;hiver ne devrait pas vous effrayer. Voici pourquoi\" \/>\n<meta name=\"robots\" content=\"index, follow, max-snippet:-1, max-image-preview:large, max-video-preview:-1\" \/>\n<link rel=\"canonical\" href=\"https:\/\/www.vsveicolispeciali.com\/fr\/en-hiver-les-food-trucks-et-le-commerce-ambulant-ne-vont-pas-en-hibernation\/\" \/>\n<meta property=\"og:locale\" content=\"fr_FR\" \/>\n<meta property=\"og:type\" content=\"article\" \/>\n<meta property=\"og:title\" content=\"En hiver les Food Trucks ne vont pas en Hibernation\" \/>\n<meta property=\"og:description\" content=\"Si vous envisagez d&#039;ouvrir un food truck et d&#039;entrer dans le secteur du commerce ambulant, l&#039;hiver ne devrait pas vous effrayer. Voici pourquoi\" \/>\n<meta property=\"og:url\" content=\"https:\/\/www.vsveicolispeciali.com\/fr\/en-hiver-les-food-trucks-et-le-commerce-ambulant-ne-vont-pas-en-hibernation\/\" \/>\n<meta property=\"og:site_name\" content=\"VS Veicoli Speciali\" \/>\n<meta property=\"article:publisher\" content=\"https:\/\/www.facebook.com\/VSVeicoliSpeciali.Food.Trucks\/\" \/>\n<meta property=\"article:published_time\" content=\"2018-07-19T11:41:02+00:00\" \/>\n<meta property=\"article:modified_time\" content=\"2024-08-27T14:53:51+00:00\" \/>\n<meta property=\"og:image\" content=\"https:\/\/www.vsveicolispeciali.com\/wp-content\/uploads\/2018\/07\/thf-food-van-switzerland-winterjpg.jpg\" \/>\n\t<meta property=\"og:image:width\" content=\"800\" \/>\n\t<meta property=\"og:image:height\" content=\"600\" \/>\n\t<meta property=\"og:image:type\" content=\"image\/jpeg\" \/>\n<meta name=\"author\" content=\"VS Veicoli Speciali\" \/>\n<meta name=\"twitter:card\" content=\"summary_large_image\" \/>\n<meta name=\"twitter:creator\" content=\"@veicolispeciali\" \/>\n<meta name=\"twitter:site\" content=\"@veicolispeciali\" \/>\n<meta name=\"twitter:label1\" content=\"\u00c9crit par\" \/>\n\t<meta name=\"twitter:data1\" content=\"VS Veicoli Speciali\" \/>\n\t<meta name=\"twitter:label2\" content=\"Dur\u00e9e de lecture estim\u00e9e\" \/>\n\t<meta name=\"twitter:data2\" content=\"7 minutes\" \/>\n<script type=\"application\/ld+json\" class=\"yoast-schema-graph\">{\"@context\":\"https:\/\/schema.org\",\"@graph\":[{\"@type\":\"Article\",\"@id\":\"https:\/\/www.vsveicolispeciali.com\/fr\/en-hiver-les-food-trucks-et-le-commerce-ambulant-ne-vont-pas-en-hibernation\/#article\",\"isPartOf\":{\"@id\":\"https:\/\/www.vsveicolispeciali.com\/fr\/en-hiver-les-food-trucks-et-le-commerce-ambulant-ne-vont-pas-en-hibernation\/\"},\"author\":{\"name\":\"VS Veicoli Speciali\",\"@id\":\"https:\/\/www.vsveicolispeciali.com\/fr\/#\/schema\/person\/8c8e3b05db2eca472cca11ff78d1a62d\"},\"headline\":\"En hiver, les food trucks et le commerce ambulant ne vont pas en hibernation\",\"datePublished\":\"2018-07-19T11:41:02+00:00\",\"dateModified\":\"2024-08-27T14:53:51+00:00\",\"mainEntityOfPage\":{\"@id\":\"https:\/\/www.vsveicolispeciali.com\/fr\/en-hiver-les-food-trucks-et-le-commerce-ambulant-ne-vont-pas-en-hibernation\/\"},\"wordCount\":929,\"commentCount\":0,\"publisher\":{\"@id\":\"https:\/\/www.vsveicolispeciali.com\/fr\/#organization\"},\"image\":{\"@id\":\"https:\/\/www.vsveicolispeciali.com\/fr\/en-hiver-les-food-trucks-et-le-commerce-ambulant-ne-vont-pas-en-hibernation\/#primaryimage\"},\"thumbnailUrl\":\"https:\/\/www.vsveicolispeciali.com\/wp-content\/uploads\/2018\/07\/thf-food-van-switzerland-winterjpg.jpg\",\"keywords\":[\"ouvrir un food truck\",\"food truck business\"],\"articleSection\":[\"News\"],\"inLanguage\":\"fr-FR\",\"potentialAction\":[{\"@type\":\"CommentAction\",\"name\":\"Comment\",\"target\":[\"https:\/\/www.vsveicolispeciali.com\/fr\/en-hiver-les-food-trucks-et-le-commerce-ambulant-ne-vont-pas-en-hibernation\/#respond\"]}]},{\"@type\":\"WebPage\",\"@id\":\"https:\/\/www.vsveicolispeciali.com\/fr\/en-hiver-les-food-trucks-et-le-commerce-ambulant-ne-vont-pas-en-hibernation\/\",\"url\":\"https:\/\/www.vsveicolispeciali.com\/fr\/en-hiver-les-food-trucks-et-le-commerce-ambulant-ne-vont-pas-en-hibernation\/\",\"name\":\"En hiver les Food Trucks ne vont pas en Hibernation\",\"isPartOf\":{\"@id\":\"https:\/\/www.vsveicolispeciali.com\/fr\/#website\"},\"primaryImageOfPage\":{\"@id\":\"https:\/\/www.vsveicolispeciali.com\/fr\/en-hiver-les-food-trucks-et-le-commerce-ambulant-ne-vont-pas-en-hibernation\/#primaryimage\"},\"image\":{\"@id\":\"https:\/\/www.vsveicolispeciali.com\/fr\/en-hiver-les-food-trucks-et-le-commerce-ambulant-ne-vont-pas-en-hibernation\/#primaryimage\"},\"thumbnailUrl\":\"https:\/\/www.vsveicolispeciali.com\/wp-content\/uploads\/2018\/07\/thf-food-van-switzerland-winterjpg.jpg\",\"datePublished\":\"2018-07-19T11:41:02+00:00\",\"dateModified\":\"2024-08-27T14:53:51+00:00\",\"description\":\"Si vous envisagez d'ouvrir un food truck et d'entrer dans le secteur du commerce ambulant, l'hiver ne devrait pas vous effrayer. Voici pourquoi\",\"breadcrumb\":{\"@id\":\"https:\/\/www.vsveicolispeciali.com\/fr\/en-hiver-les-food-trucks-et-le-commerce-ambulant-ne-vont-pas-en-hibernation\/#breadcrumb\"},\"inLanguage\":\"fr-FR\",\"potentialAction\":[{\"@type\":\"ReadAction\",\"target\":[\"https:\/\/www.vsveicolispeciali.com\/fr\/en-hiver-les-food-trucks-et-le-commerce-ambulant-ne-vont-pas-en-hibernation\/\"]}]},{\"@type\":\"ImageObject\",\"inLanguage\":\"fr-FR\",\"@id\":\"https:\/\/www.vsveicolispeciali.com\/fr\/en-hiver-les-food-trucks-et-le-commerce-ambulant-ne-vont-pas-en-hibernation\/#primaryimage\",\"url\":\"https:\/\/www.vsveicolispeciali.com\/wp-content\/uploads\/2018\/07\/thf-food-van-switzerland-winterjpg.jpg\",\"contentUrl\":\"https:\/\/www.vsveicolispeciali.com\/wp-content\/uploads\/2018\/07\/thf-food-van-switzerland-winterjpg.jpg\",\"width\":800,\"height\":600,\"caption\":\"thf furgone street food in svizzera in inverno\"},{\"@type\":\"BreadcrumbList\",\"@id\":\"https:\/\/www.vsveicolispeciali.com\/fr\/en-hiver-les-food-trucks-et-le-commerce-ambulant-ne-vont-pas-en-hibernation\/#breadcrumb\",\"itemListElement\":[{\"@type\":\"ListItem\",\"position\":1,\"name\":\"Home\",\"item\":\"https:\/\/www.vsveicolispeciali.com\/fr\/\"},{\"@type\":\"ListItem\",\"position\":2,\"name\":\"En hiver, les food trucks et le commerce ambulant ne vont pas en hibernation\"}]},{\"@type\":\"WebSite\",\"@id\":\"https:\/\/www.vsveicolispeciali.com\/fr\/#website\",\"url\":\"https:\/\/www.vsveicolispeciali.com\/fr\/\",\"name\":\"VS Veicoli Speciali\",\"description\":\"\",\"publisher\":{\"@id\":\"https:\/\/www.vsveicolispeciali.com\/fr\/#organization\"},\"potentialAction\":[{\"@type\":\"SearchAction\",\"target\":{\"@type\":\"EntryPoint\",\"urlTemplate\":\"https:\/\/www.vsveicolispeciali.com\/fr\/?s={search_term_string}\"},\"query-input\":{\"@type\":\"PropertyValueSpecification\",\"valueRequired\":true,\"valueName\":\"search_term_string\"}}],\"inLanguage\":\"fr-FR\"},{\"@type\":\"Organization\",\"@id\":\"https:\/\/www.vsveicolispeciali.com\/fr\/#organization\",\"name\":\"VS Veicoli Speciali\",\"url\":\"https:\/\/www.vsveicolispeciali.com\/fr\/\",\"logo\":{\"@type\":\"ImageObject\",\"inLanguage\":\"fr-FR\",\"@id\":\"https:\/\/www.vsveicolispeciali.com\/fr\/#\/schema\/logo\/image\/\",\"url\":\"http:\/\/www.vsveicolispeciali.com\/wp-content\/uploads\/2015\/05\/vs_veicoli_speciali-logo.png\",\"contentUrl\":\"http:\/\/www.vsveicolispeciali.com\/wp-content\/uploads\/2015\/05\/vs_veicoli_speciali-logo.png\",\"width\":252,\"height\":134,\"caption\":\"VS Veicoli Speciali\"},\"image\":{\"@id\":\"https:\/\/www.vsveicolispeciali.com\/fr\/#\/schema\/logo\/image\/\"},\"sameAs\":[\"https:\/\/www.facebook.com\/VSVeicoliSpeciali.Food.Trucks\/\",\"https:\/\/x.com\/veicolispeciali\",\"https:\/\/www.instagram.com\/vs_veicolispeciali\/\",\"https:\/\/www.linkedin.com\/company\/2811960\/\",\"https:\/\/www.pinterest.com\/streetfoodtruck\/\",\"https:\/\/www.youtube.com\/user\/veicolispeciali\"]},{\"@type\":\"Person\",\"@id\":\"https:\/\/www.vsveicolispeciali.com\/fr\/#\/schema\/person\/8c8e3b05db2eca472cca11ff78d1a62d\",\"name\":\"VS Veicoli Speciali\",\"image\":{\"@type\":\"ImageObject\",\"inLanguage\":\"fr-FR\",\"@id\":\"https:\/\/www.vsveicolispeciali.com\/fr\/#\/schema\/person\/image\/\",\"url\":\"https:\/\/secure.gravatar.com\/avatar\/69112ab3f18e6754894da123600ad5b0?s=96&d=mm&r=g\",\"contentUrl\":\"https:\/\/secure.gravatar.com\/avatar\/69112ab3f18e6754894da123600ad5b0?s=96&d=mm&r=g\",\"caption\":\"VS Veicoli Speciali\"}}]}<\/script>\n<!-- \/ Yoast SEO plugin. -->","yoast_head_json":{"title":"En hiver les Food Trucks ne vont pas en Hibernation","description":"Si vous envisagez d'ouvrir un food truck et d'entrer dans le secteur du commerce ambulant, l'hiver ne devrait pas vous effrayer. Voici pourquoi","robots":{"index":"index","follow":"follow","max-snippet":"max-snippet:-1","max-image-preview":"max-image-preview:large","max-video-preview":"max-video-preview:-1"},"canonical":"https:\/\/www.vsveicolispeciali.com\/fr\/en-hiver-les-food-trucks-et-le-commerce-ambulant-ne-vont-pas-en-hibernation\/","og_locale":"fr_FR","og_type":"article","og_title":"En hiver les Food Trucks ne vont pas en Hibernation","og_description":"Si vous envisagez d'ouvrir un food truck et d'entrer dans le secteur du commerce ambulant, l'hiver ne devrait pas vous effrayer. Voici pourquoi","og_url":"https:\/\/www.vsveicolispeciali.com\/fr\/en-hiver-les-food-trucks-et-le-commerce-ambulant-ne-vont-pas-en-hibernation\/","og_site_name":"VS Veicoli Speciali","article_publisher":"https:\/\/www.facebook.com\/VSVeicoliSpeciali.Food.Trucks\/","article_published_time":"2018-07-19T11:41:02+00:00","article_modified_time":"2024-08-27T14:53:51+00:00","og_image":[{"width":800,"height":600,"url":"https:\/\/www.vsveicolispeciali.com\/wp-content\/uploads\/2018\/07\/thf-food-van-switzerland-winterjpg.jpg","type":"image\/jpeg"}],"author":"VS Veicoli Speciali","twitter_card":"summary_large_image","twitter_creator":"@veicolispeciali","twitter_site":"@veicolispeciali","twitter_misc":{"\u00c9crit par":"VS Veicoli Speciali","Dur\u00e9e de lecture estim\u00e9e":"7 minutes"},"schema":{"@context":"https:\/\/schema.org","@graph":[{"@type":"Article","@id":"https:\/\/www.vsveicolispeciali.com\/fr\/en-hiver-les-food-trucks-et-le-commerce-ambulant-ne-vont-pas-en-hibernation\/#article","isPartOf":{"@id":"https:\/\/www.vsveicolispeciali.com\/fr\/en-hiver-les-food-trucks-et-le-commerce-ambulant-ne-vont-pas-en-hibernation\/"},"author":{"name":"VS Veicoli Speciali","@id":"https:\/\/www.vsveicolispeciali.com\/fr\/#\/schema\/person\/8c8e3b05db2eca472cca11ff78d1a62d"},"headline":"En hiver, les food trucks et le commerce ambulant ne vont pas en hibernation","datePublished":"2018-07-19T11:41:02+00:00","dateModified":"2024-08-27T14:53:51+00:00","mainEntityOfPage":{"@id":"https:\/\/www.vsveicolispeciali.com\/fr\/en-hiver-les-food-trucks-et-le-commerce-ambulant-ne-vont-pas-en-hibernation\/"},"wordCount":929,"commentCount":0,"publisher":{"@id":"https:\/\/www.vsveicolispeciali.com\/fr\/#organization"},"image":{"@id":"https:\/\/www.vsveicolispeciali.com\/fr\/en-hiver-les-food-trucks-et-le-commerce-ambulant-ne-vont-pas-en-hibernation\/#primaryimage"},"thumbnailUrl":"https:\/\/www.vsveicolispeciali.com\/wp-content\/uploads\/2018\/07\/thf-food-van-switzerland-winterjpg.jpg","keywords":["ouvrir un food truck","food truck business"],"articleSection":["News"],"inLanguage":"fr-FR","potentialAction":[{"@type":"CommentAction","name":"Comment","target":["https:\/\/www.vsveicolispeciali.com\/fr\/en-hiver-les-food-trucks-et-le-commerce-ambulant-ne-vont-pas-en-hibernation\/#respond"]}]},{"@type":"WebPage","@id":"https:\/\/www.vsveicolispeciali.com\/fr\/en-hiver-les-food-trucks-et-le-commerce-ambulant-ne-vont-pas-en-hibernation\/","url":"https:\/\/www.vsveicolispeciali.com\/fr\/en-hiver-les-food-trucks-et-le-commerce-ambulant-ne-vont-pas-en-hibernation\/","name":"En hiver les Food Trucks ne vont pas en Hibernation","isPartOf":{"@id":"https:\/\/www.vsveicolispeciali.com\/fr\/#website"},"primaryImageOfPage":{"@id":"https:\/\/www.vsveicolispeciali.com\/fr\/en-hiver-les-food-trucks-et-le-commerce-ambulant-ne-vont-pas-en-hibernation\/#primaryimage"},"image":{"@id":"https:\/\/www.vsveicolispeciali.com\/fr\/en-hiver-les-food-trucks-et-le-commerce-ambulant-ne-vont-pas-en-hibernation\/#primaryimage"},"thumbnailUrl":"https:\/\/www.vsveicolispeciali.com\/wp-content\/uploads\/2018\/07\/thf-food-van-switzerland-winterjpg.jpg","datePublished":"2018-07-19T11:41:02+00:00","dateModified":"2024-08-27T14:53:51+00:00","description":"Si vous envisagez d'ouvrir un food truck et d'entrer dans le secteur du commerce ambulant, l'hiver ne devrait pas vous effrayer. Voici pourquoi","breadcrumb":{"@id":"https:\/\/www.vsveicolispeciali.com\/fr\/en-hiver-les-food-trucks-et-le-commerce-ambulant-ne-vont-pas-en-hibernation\/#breadcrumb"},"inLanguage":"fr-FR","potentialAction":[{"@type":"ReadAction","target":["https:\/\/www.vsveicolispeciali.com\/fr\/en-hiver-les-food-trucks-et-le-commerce-ambulant-ne-vont-pas-en-hibernation\/"]}]},{"@type":"ImageObject","inLanguage":"fr-FR","@id":"https:\/\/www.vsveicolispeciali.com\/fr\/en-hiver-les-food-trucks-et-le-commerce-ambulant-ne-vont-pas-en-hibernation\/#primaryimage","url":"https:\/\/www.vsveicolispeciali.com\/wp-content\/uploads\/2018\/07\/thf-food-van-switzerland-winterjpg.jpg","contentUrl":"https:\/\/www.vsveicolispeciali.com\/wp-content\/uploads\/2018\/07\/thf-food-van-switzerland-winterjpg.jpg","width":800,"height":600,"caption":"thf furgone street food in svizzera in inverno"},{"@type":"BreadcrumbList","@id":"https:\/\/www.vsveicolispeciali.com\/fr\/en-hiver-les-food-trucks-et-le-commerce-ambulant-ne-vont-pas-en-hibernation\/#breadcrumb","itemListElement":[{"@type":"ListItem","position":1,"name":"Home","item":"https:\/\/www.vsveicolispeciali.com\/fr\/"},{"@type":"ListItem","position":2,"name":"En hiver, les food trucks et le commerce ambulant ne vont pas en hibernation"}]},{"@type":"WebSite","@id":"https:\/\/www.vsveicolispeciali.com\/fr\/#website","url":"https:\/\/www.vsveicolispeciali.com\/fr\/","name":"VS Veicoli Speciali","description":"","publisher":{"@id":"https:\/\/www.vsveicolispeciali.com\/fr\/#organization"},"potentialAction":[{"@type":"SearchAction","target":{"@type":"EntryPoint","urlTemplate":"https:\/\/www.vsveicolispeciali.com\/fr\/?s={search_term_string}"},"query-input":{"@type":"PropertyValueSpecification","valueRequired":true,"valueName":"search_term_string"}}],"inLanguage":"fr-FR"},{"@type":"Organization","@id":"https:\/\/www.vsveicolispeciali.com\/fr\/#organization","name":"VS Veicoli Speciali","url":"https:\/\/www.vsveicolispeciali.com\/fr\/","logo":{"@type":"ImageObject","inLanguage":"fr-FR","@id":"https:\/\/www.vsveicolispeciali.com\/fr\/#\/schema\/logo\/image\/","url":"http:\/\/www.vsveicolispeciali.com\/wp-content\/uploads\/2015\/05\/vs_veicoli_speciali-logo.png","contentUrl":"http:\/\/www.vsveicolispeciali.com\/wp-content\/uploads\/2015\/05\/vs_veicoli_speciali-logo.png","width":252,"height":134,"caption":"VS Veicoli Speciali"},"image":{"@id":"https:\/\/www.vsveicolispeciali.com\/fr\/#\/schema\/logo\/image\/"},"sameAs":["https:\/\/www.facebook.com\/VSVeicoliSpeciali.Food.Trucks\/","https:\/\/x.com\/veicolispeciali","https:\/\/www.instagram.com\/vs_veicolispeciali\/","https:\/\/www.linkedin.com\/company\/2811960\/","https:\/\/www.pinterest.com\/streetfoodtruck\/","https:\/\/www.youtube.com\/user\/veicolispeciali"]},{"@type":"Person","@id":"https:\/\/www.vsveicolispeciali.com\/fr\/#\/schema\/person\/8c8e3b05db2eca472cca11ff78d1a62d","name":"VS Veicoli Speciali","image":{"@type":"ImageObject","inLanguage":"fr-FR","@id":"https:\/\/www.vsveicolispeciali.com\/fr\/#\/schema\/person\/image\/","url":"https:\/\/secure.gravatar.com\/avatar\/69112ab3f18e6754894da123600ad5b0?s=96&d=mm&r=g","contentUrl":"https:\/\/secure.gravatar.com\/avatar\/69112ab3f18e6754894da123600ad5b0?s=96&d=mm&r=g","caption":"VS Veicoli Speciali"}}]}},"_links":{"self":[{"href":"https:\/\/www.vsveicolispeciali.com\/fr\/wp-json\/wp\/v2\/posts\/25147"}],"collection":[{"href":"https:\/\/www.vsveicolispeciali.com\/fr\/wp-json\/wp\/v2\/posts"}],"about":[{"href":"https:\/\/www.vsveicolispeciali.com\/fr\/wp-json\/wp\/v2\/types\/post"}],"author":[{"embeddable":true,"href":"https:\/\/www.vsveicolispeciali.com\/fr\/wp-json\/wp\/v2\/users\/2"}],"replies":[{"embeddable":true,"href":"https:\/\/www.vsveicolispeciali.com\/fr\/wp-json\/wp\/v2\/comments?post=25147"}],"version-history":[{"count":5,"href":"https:\/\/www.vsveicolispeciali.com\/fr\/wp-json\/wp\/v2\/posts\/25147\/revisions"}],"predecessor-version":[{"id":26267,"href":"https:\/\/www.vsveicolispeciali.com\/fr\/wp-json\/wp\/v2\/posts\/25147\/revisions\/26267"}],"wp:featuredmedia":[{"embeddable":true,"href":"https:\/\/www.vsveicolispeciali.com\/fr\/wp-json\/wp\/v2\/media\/7456"}],"wp:attachment":[{"href":"https:\/\/www.vsveicolispeciali.com\/fr\/wp-json\/wp\/v2\/media?parent=25147"}],"wp:term":[{"taxonomy":"category","embeddable":true,"href":"https:\/\/www.vsveicolispeciali.com\/fr\/wp-json\/wp\/v2\/categories?post=25147"},{"taxonomy":"post_tag","embeddable":true,"href":"https:\/\/www.vsveicolispeciali.com\/fr\/wp-json\/wp\/v2\/tags?post=25147"}],"curies":[{"name":"wp","href":"https:\/\/api.w.org\/{rel}","templated":true}]}}