{"id":25090,"date":"2024-01-29T21:33:53","date_gmt":"2024-01-29T20:33:53","guid":{"rendered":"https:\/\/www.vsveicolispeciali.com\/the-art-of-the-mobile-coffee-shop-according-to-artari\/"},"modified":"2024-07-30T16:37:06","modified_gmt":"2024-07-30T14:37:06","slug":"lart-du-cafe-mobil-selon-artari","status":"publish","type":"post","link":"https:\/\/www.vsveicolispeciali.com\/fr\/lart-du-cafe-mobil-selon-artari\/","title":{"rendered":"L&rsquo;art du caf\u00e9 mobile selon Artari"},"content":{"rendered":"<p>En Italie, l&rsquo;art de la <strong>torr\u00e9faction du caf\u00e9<\/strong> est ancien. <strong>Giuseppe Artari<\/strong> a fond\u00e9 sa premi\u00e8re boutique en <strong>1886<\/strong> \u00e0 Morgex, sur les pentes du Mont Blanc en Vall\u00e9e d&rsquo;Aoste.<\/p>\n<p>Apr\u00e8s quelques ann\u00e9es, il d\u00e9cide de cr\u00e9er son propre <strong>atelier pour torr\u00e9fier directement le caf\u00e9<\/strong>.<\/p>\n<p>D\u00e8s le d\u00e9but, avec passion, il se consacre \u00e0 perfectionner la <strong>pr\u00e9paration du caf\u00e9<\/strong> en soignant particuli\u00e8rement trois aspects:<\/p>\n<ul class=\"lista\">\n<li>la s\u00e9lection des vari\u00e9t\u00e9s les plus exquises;<\/li>\n<li>l&rsquo;harmonisation des m\u00e9langes pour trouver l&rsquo;\u00e9quilibre parfait d&rsquo;ar\u00f4mes et de saveurs;<\/li>\n<li>la torr\u00e9faction lente pour exalter au maximum les qualit\u00e9s distinctives des grains.<\/li>\n<\/ul>\n<p>&nbsp;<\/p>\n<p>Depuis lors, plusieurs g\u00e9n\u00e9rations de la famille se sont succ\u00e9d\u00e9 avec la m\u00eame d\u00e9votion afin de conf\u00e9rer au <strong>caf\u00e9 Artari<\/strong> un go\u00fbt unique et exquis.<\/p>\n<p>Aujourd&rsquo;hui, l&rsquo;Emporio Artari est l&rsquo;une des marques les plus repr\u00e9sentatives de la <strong>tradition du caf\u00e9 italien<\/strong>, avec l&rsquo;ambition d&rsquo;acqu\u00e9rir une renomm\u00e9e \u00e9gale \u00e0 l&rsquo;\u00e9tranger.<\/p>\n<p>&nbsp;&nbsp;<\/p>\n<h2>\u00c0 la conqu\u00eate de la France avec une flotte de caf\u00e9s mobiles<\/h2>\n<p>&nbsp;<br \/>\nIl y a de nombreuses mani\u00e8res de <strong>vendre du caf\u00e9<\/strong> et <strong>de promouvoir ses produits<\/strong>, mais une seule pour le faire de mani\u00e8re vraiment cr\u00e9ative, dynamique et amusante : au moyen d&rsquo;un food truck ou, mieux encore, d&rsquo;une <a href=\"https:\/\/www.vsveicolispeciali.com\/fr\/multiplier-les-food-trucks-pour-multiplier-les-benefices\/\" rel=\"noopener\" target=\"_blank\">flotte de food trucks<\/a>.<\/p>\n<p>&nbsp;<br \/>\n<a href=\"https:\/\/www.vsveicolispeciali.com\/wp-content\/uploads\/2024\/01\/caffe-artari-piaggio-triporteur-versailles.jpg\"><img loading=\"lazy\" decoding=\"async\" class=\"alignleft size-full wp-image-25051\" src=\"https:\/\/www.vsveicolispeciali.com\/wp-content\/uploads\/2024\/01\/caffe-artari-piaggio-triporteur-versailles.jpg\" alt=\"piaggio ape caf\u00e9 in versailles\" width=\"1200\" height=\"1200\" srcset=\"https:\/\/www.vsveicolispeciali.com\/wp-content\/uploads\/2024\/01\/caffe-artari-piaggio-triporteur-versailles.jpg 1200w, https:\/\/www.vsveicolispeciali.com\/wp-content\/uploads\/2024\/01\/caffe-artari-piaggio-triporteur-versailles-300x300.jpg 300w, https:\/\/www.vsveicolispeciali.com\/wp-content\/uploads\/2024\/01\/caffe-artari-piaggio-triporteur-versailles-1024x1024.jpg 1024w, https:\/\/www.vsveicolispeciali.com\/wp-content\/uploads\/2024\/01\/caffe-artari-piaggio-triporteur-versailles-150x150.jpg 150w, https:\/\/www.vsveicolispeciali.com\/wp-content\/uploads\/2024\/01\/caffe-artari-piaggio-triporteur-versailles-768x768.jpg 768w, https:\/\/www.vsveicolispeciali.com\/wp-content\/uploads\/2024\/01\/caffe-artari-piaggio-triporteur-versailles-570x570.jpg 570w, https:\/\/www.vsveicolispeciali.com\/wp-content\/uploads\/2024\/01\/caffe-artari-piaggio-triporteur-versailles-500x500.jpg 500w, https:\/\/www.vsveicolispeciali.com\/wp-content\/uploads\/2024\/01\/caffe-artari-piaggio-triporteur-versailles-1000x1000.jpg 1000w, https:\/\/www.vsveicolispeciali.com\/wp-content\/uploads\/2024\/01\/caffe-artari-piaggio-triporteur-versailles-700x700.jpg 700w\" sizes=\"(max-width: 1200px) 100vw, 1200px\" \/><\/a><br \/>\n&nbsp;<\/p>\n<p>Dans ce domaine aussi, l&rsquo;Emporio Artari a montr\u00e9 qu&rsquo;il poss\u00e8de du caract\u00e8re et un esprit d&rsquo;aventure, en <strong>acqu\u00e9rant pas moins de 4 Ape food trucks<\/strong> \u00e0 utiliser comme <a href=\"https:\/\/www.vsveicolispeciali.com\/fr\/triporteur-cafe-derniere-evolution-des-cafes-vergnano-1882\/\" rel=\"noopener\" target=\"_blank\">triporteur caf\u00e9s<\/a> itin\u00e9rants \u00e9quip\u00e9s pour vendre du caf\u00e9 et faire conna\u00eetre la marque aux Fran\u00e7ais.<\/p>\n<p>En respectant son <strong>identit\u00e9 de marque<\/strong>, Artari a opt\u00e9 pour l&rsquo;Ape Piaggio, symbole d&rsquo;italianit\u00e9, de tradition et de bon go\u00fbt.<\/p>\n<p>Plus pr\u00e9cis\u00e9ment, <strong>Artari a achet\u00e9<\/strong>:<\/p>\n<ul class=\"lista\">\n<li>3 <a href=\"https:\/\/www.vsveicolispeciali.com\/fr\/amenagement-vehicules-magasin-commerce-ambulant\/triporteur-ape-piaggio-food-truck-et-vespacar-a-vendre\/piaggio-triporteur-street-food\/\" target=\"_blank\" rel=\"noopener\"> Piaggio Ape V-Curve<\/a>;<\/li>\n<li>1 <a href=\"https:\/\/www.vsveicolispeciali.com\/fr\/amenagement-vehicules-magasin-commerce-ambulant\/triporteur-ape-piaggio-food-truck-et-vespacar-a-vendre\/piaggio-smart-restauration-vente-mobile\/\" target=\"_blank\" rel=\"noopener\">Piaggio Ape V-Smart<\/a>.<\/li>\n<\/ul>\n<p>&nbsp;<br \/>\n<a href=\"https:\/\/www.vsveicolispeciali.com\/wp-content\/uploads\/2024\/01\/triporteur-ape-cafe-paris-versailles.jpg\"><img loading=\"lazy\" decoding=\"async\" class=\"alignleft size-full wp-image-25055\" src=\"https:\/\/www.vsveicolispeciali.com\/wp-content\/uploads\/2024\/01\/triporteur-ape-cafe-paris-versailles.jpg\" alt=\"ape cafes mobiles in paris et versailles\" width=\"1200\" height=\"967\" srcset=\"https:\/\/www.vsveicolispeciali.com\/wp-content\/uploads\/2024\/01\/triporteur-ape-cafe-paris-versailles.jpg 1200w, https:\/\/www.vsveicolispeciali.com\/wp-content\/uploads\/2024\/01\/triporteur-ape-cafe-paris-versailles-300x242.jpg 300w, https:\/\/www.vsveicolispeciali.com\/wp-content\/uploads\/2024\/01\/triporteur-ape-cafe-paris-versailles-1024x825.jpg 1024w, https:\/\/www.vsveicolispeciali.com\/wp-content\/uploads\/2024\/01\/triporteur-ape-cafe-paris-versailles-768x619.jpg 768w, https:\/\/www.vsveicolispeciali.com\/wp-content\/uploads\/2024\/01\/triporteur-ape-cafe-paris-versailles-700x564.jpg 700w\" sizes=\"(max-width: 1200px) 100vw, 1200px\" \/><\/a><br \/>\n&nbsp;<\/p>\n<p>Quatre <strong>am\u00e9nagements personnalis\u00e9s en fonction des besoins d&rsquo;utilisation<\/strong>, avec un design raffin\u00e9 et un \u00e9quipement comprenant :<\/p>\n<ul class=\"lista\">\n<li>des tiroirs \u00e0 caf\u00e9<\/li>\n<li>un distributeur de gobelets<\/li>\n<li>des \u00e9tag\u00e8res internes<\/li>\n<li>des rayonnages r\u00e9tractables<\/li>\n<li>un logement pour la machine \u00e0 caf\u00e9<\/li>\n<\/ul>\n<p>&nbsp;<\/p>\n<p>O\u00f9 qu&rsquo;ils soient plac\u00e9s, les <a href=\"https:\/\/www.vsveicolispeciali.com\/fr\/street-food\/coffee-food-truck-cafe\/\" target=\"_blank\" rel=\"noopener\">food truck caf\u00e9s<\/a> d&rsquo;Artari <strong>captivent les regards et la curiosit\u00e9 des passants<\/strong>. Les amateurs de caf\u00e9 ne r\u00e9sistent pas \u00e0 une pause \u00e0 l&rsquo;italienne.<\/p>\n<p>&nbsp;&nbsp;<\/p>\n<h2>Le projet <em>Streetaly<\/em> de Caff\u00e8 Artari<\/h2>\n<p>&nbsp;<br \/>\n<a href=\"https:\/\/www.streetaly-caffe.com\/\" target=\"_blank\" rel=\"noopener\">Streetaly<\/a> est le nom sous lequel <strong>Caff\u00e8 Artari<\/strong> a lanc\u00e9 ce <a href=\"https:\/\/www.vsveicolispeciali.com\/fr\/street-food\/\" target=\"_blank\" rel=\"noopener\">projet street food<\/a> excitant, qui pr\u00e9voit actuellement l&rsquo;utilisation de 4 <a href=\"https:\/\/www.vsveicolispeciali.com\/fr\/street-food-truck\/triporteur-a-cafe-artari-magasin-ambulant\/\" target=\"_blank\" rel=\"noopener\">triporteurs \u00e1 caf\u00e9<\/a> dans <strong>6 emplacements <\/strong>:<\/p>\n<ul class=\"lista\">\n<li>Centre Commercial Parly 2 (Le Chesnay) ;<\/li>\n<li>March\u00e9 Notre Dame (Versailles) ;<\/li>\n<li>March\u00e9 Saint-Louis (Versailles) ;<\/li>\n<li>March\u00e9 du ch\u00e2teau (Versailles) ;<\/li>\n<li>March\u00e9 de La Garenne (La Garenne-Colombes) ;<\/li>\n<li>March\u00e9 Villeneuve Clichy (Clichy).<\/li>\n<\/ul>\n<p>&nbsp;<br \/>\n<a href=\"https:\/\/www.vsveicolispeciali.com\/wp-content\/uploads\/2024\/01\/artari-pause-cafe-paris-street-food.jpg\"><img loading=\"lazy\" decoding=\"async\" class=\"alignleft size-full wp-image-25057\" src=\"https:\/\/www.vsveicolispeciali.com\/wp-content\/uploads\/2024\/01\/artari-pause-cafe-paris-street-food.jpg\" alt=\"pause caf\u00e9 \u00e0 paris, un caf\u00e9 mobil avec machine \u00e0 caf\u00e9 Artari\" width=\"1034\" height=\"1293\" srcset=\"https:\/\/www.vsveicolispeciali.com\/wp-content\/uploads\/2024\/01\/artari-pause-cafe-paris-street-food.jpg 1034w, https:\/\/www.vsveicolispeciali.com\/wp-content\/uploads\/2024\/01\/artari-pause-cafe-paris-street-food-240x300.jpg 240w, https:\/\/www.vsveicolispeciali.com\/wp-content\/uploads\/2024\/01\/artari-pause-cafe-paris-street-food-819x1024.jpg 819w, https:\/\/www.vsveicolispeciali.com\/wp-content\/uploads\/2024\/01\/artari-pause-cafe-paris-street-food-768x960.jpg 768w, https:\/\/www.vsveicolispeciali.com\/wp-content\/uploads\/2024\/01\/artari-pause-cafe-paris-street-food-700x875.jpg 700w\" sizes=\"(max-width: 1034px) 100vw, 1034px\" \/><\/a><br \/>\n&nbsp;<\/p>\n<p>Les caf\u00e9s \u00e0 3 roues d&rsquo;Artari proposent principalement <strong>trois sp\u00e9cialit\u00e9s de caf\u00e9<\/strong> :<\/p>\n<ul class=\"lista\">\n<li>Qualit\u00e0 Rossa 100% Arabica en grains, moulu ou d\u00e9caf\u00e9in\u00e9<\/li>\n<li>Qualit\u00e0 Verde 80% Arabica 20% Robusta en grains<\/li>\n<li>Capsules Monodose 100% Arabica<\/li>\n<\/ul>\n<p>&nbsp;<br \/>\n<a href=\"https:\/\/www.vsveicolispeciali.com\/wp-content\/uploads\/2024\/01\/coffee-truck-artari-caffetteria-ambulante-1.jpg\"><img loading=\"lazy\" decoding=\"async\" class=\"alignleft size-full wp-image-25066\" src=\"https:\/\/www.vsveicolispeciali.com\/wp-content\/uploads\/2024\/01\/coffee-truck-artari-caffetteria-ambulante-1.jpg\" alt=\"coffee truck artari dans les rues fran\u00e7aises\" width=\"937\" height=\"901\" srcset=\"https:\/\/www.vsveicolispeciali.com\/wp-content\/uploads\/2024\/01\/coffee-truck-artari-caffetteria-ambulante-1.jpg 937w, https:\/\/www.vsveicolispeciali.com\/wp-content\/uploads\/2024\/01\/coffee-truck-artari-caffetteria-ambulante-1-300x288.jpg 300w, https:\/\/www.vsveicolispeciali.com\/wp-content\/uploads\/2024\/01\/coffee-truck-artari-caffetteria-ambulante-1-768x738.jpg 768w, https:\/\/www.vsveicolispeciali.com\/wp-content\/uploads\/2024\/01\/coffee-truck-artari-caffetteria-ambulante-1-700x673.jpg 700w\" sizes=\"(max-width: 937px) 100vw, 937px\" \/><\/a><br \/>\n&nbsp;<\/p>\n<p>Ils fonctionnent comme de <strong>petits caf\u00e9s-boutiques mobiles<\/strong> o\u00f9 les gens peuvent s&rsquo;arr\u00eater pour une pause caf\u00e9 ou un cappuccino et acheter du bon caf\u00e9 \u00e0 emporter ou \u00e0 offrir.<\/p>\n<p>Dans tous les cas, le client rentre chez lui avec le souvenir d&rsquo;une <strong>exp\u00e9rience sensorielle satisfaisante<\/strong>, agr\u00e9able au go\u00fbt et \u00e0 la vue.<\/p>\n<p>&nbsp;<\/p>\n\n\t\t<style type=\"text\/css\">\n\t\t\t#gallery-1 {\n\t\t\t\tmargin: auto;\n\t\t\t}\n\t\t\t#gallery-1 .gallery-item {\n\t\t\t\tfloat: left;\n\t\t\t\tmargin-top: 10px;\n\t\t\t\ttext-align: center;\n\t\t\t\twidth: 33%;\n\t\t\t}\n\t\t\t#gallery-1 img {\n\t\t\t\tborder: 2px solid #cfcfcf;\n\t\t\t}\n\t\t\t#gallery-1 .gallery-caption {\n\t\t\t\tmargin-left: 0;\n\t\t\t}\n\t\t\t\/* see gallery_shortcode() in wp-includes\/media.php *\/\n\t\t<\/style>\n\t\t<div id='gallery-1' class='gallery galleryid-25090 gallery-columns-3 gallery-size-thumbnail'><dl class='gallery-item'>\n\t\t\t<dt class='gallery-icon landscape'>\n\t\t\t\t<a href='https:\/\/www.vsveicolispeciali.com\/fr\/lart-du-cafe-mobil-selon-artari\/artari-caffetteria-ambulante-piaggio-ape-v-smart\/'><img loading=\"lazy\" decoding=\"async\" width=\"150\" height=\"150\" src=\"https:\/\/www.vsveicolispeciali.com\/wp-content\/uploads\/2024\/01\/artari-caffetteria-ambulante-piaggio-ape-v-smart-150x150.jpg\" class=\"attachment-thumbnail size-thumbnail\" alt=\"artari caffetteria ambulante piaggio ape v-smart\" srcset=\"https:\/\/www.vsveicolispeciali.com\/wp-content\/uploads\/2024\/01\/artari-caffetteria-ambulante-piaggio-ape-v-smart-150x150.jpg 150w, https:\/\/www.vsveicolispeciali.com\/wp-content\/uploads\/2024\/01\/artari-caffetteria-ambulante-piaggio-ape-v-smart-300x300.jpg 300w, https:\/\/www.vsveicolispeciali.com\/wp-content\/uploads\/2024\/01\/artari-caffetteria-ambulante-piaggio-ape-v-smart-1024x1024.jpg 1024w, https:\/\/www.vsveicolispeciali.com\/wp-content\/uploads\/2024\/01\/artari-caffetteria-ambulante-piaggio-ape-v-smart-768x768.jpg 768w, https:\/\/www.vsveicolispeciali.com\/wp-content\/uploads\/2024\/01\/artari-caffetteria-ambulante-piaggio-ape-v-smart-570x570.jpg 570w, https:\/\/www.vsveicolispeciali.com\/wp-content\/uploads\/2024\/01\/artari-caffetteria-ambulante-piaggio-ape-v-smart-500x500.jpg 500w, https:\/\/www.vsveicolispeciali.com\/wp-content\/uploads\/2024\/01\/artari-caffetteria-ambulante-piaggio-ape-v-smart-1000x1000.jpg 1000w, https:\/\/www.vsveicolispeciali.com\/wp-content\/uploads\/2024\/01\/artari-caffetteria-ambulante-piaggio-ape-v-smart-700x700.jpg 700w, https:\/\/www.vsveicolispeciali.com\/wp-content\/uploads\/2024\/01\/artari-caffetteria-ambulante-piaggio-ape-v-smart.jpg 1200w\" sizes=\"(max-width: 150px) 100vw, 150px\" \/><\/a>\n\t\t\t<\/dt><\/dl>\n\t\t\t<br style='clear: both' \/>\n\t\t<\/div>\n\n","protected":false},"excerpt":{"rendered":"<p>En Italie, l&rsquo;art de la torr\u00e9faction du caf\u00e9 est ancien. Giuseppe Artari a fond\u00e9 sa premi\u00e8re boutique en 1886 \u00e0 Morgex, sur les pentes du Mont Blanc en Vall\u00e9e d&rsquo;Aoste. Apr\u00e8s quelques ann\u00e9es, il d\u00e9cide de cr\u00e9er son propre atelier pour torr\u00e9fier directement le caf\u00e9&#8230;.<\/p>\n","protected":false},"author":1001012,"featured_media":25044,"comment_status":"closed","ping_status":"open","sticky":false,"template":"","format":"gallery","meta":{"footnotes":""},"categories":[27],"tags":[383],"class_list":["post-25090","post","type-post","status-publish","format-gallery","has-post-thumbnail","hentry","category-news-fr","tag-camion-cafe","post_format-post-format-gallery"],"yoast_head":"<!-- This site is optimized with the Yoast SEO plugin v25.4 - https:\/\/yoast.com\/wordpress\/plugins\/seo\/ -->\n<title>L&#039;art du Caf\u00e9 Mobile selon Artari<\/title>\n<meta name=\"description\" content=\"Caff\u00e8 Artari a lanc\u00e9 un projet passionnant de street food, qui pr\u00e9voit actuellement l&#039;utilisation de 4 caf\u00e9s mobiles dans 6 emplacements &gt;\" \/>\n<meta name=\"robots\" content=\"index, follow, max-snippet:-1, max-image-preview:large, max-video-preview:-1\" \/>\n<link rel=\"canonical\" href=\"https:\/\/www.vsveicolispeciali.com\/fr\/lart-du-cafe-mobil-selon-artari\/\" \/>\n<meta property=\"og:locale\" content=\"fr_FR\" \/>\n<meta property=\"og:type\" content=\"article\" \/>\n<meta property=\"og:title\" content=\"L&#039;art du Caf\u00e9 Mobile selon Artari\" \/>\n<meta property=\"og:description\" content=\"Caff\u00e8 Artari a lanc\u00e9 un projet passionnant de street food, qui pr\u00e9voit actuellement l&#039;utilisation de 4 caf\u00e9s mobiles dans 6 emplacements &gt;\" \/>\n<meta property=\"og:url\" content=\"https:\/\/www.vsveicolispeciali.com\/fr\/lart-du-cafe-mobil-selon-artari\/\" \/>\n<meta property=\"og:site_name\" content=\"VS Veicoli Speciali\" \/>\n<meta property=\"article:publisher\" content=\"https:\/\/www.facebook.com\/VSVeicoliSpeciali.Food.Trucks\/\" \/>\n<meta property=\"article:published_time\" content=\"2024-01-29T20:33:53+00:00\" \/>\n<meta property=\"article:modified_time\" content=\"2024-07-30T14:37:06+00:00\" \/>\n<meta property=\"og:image\" content=\"https:\/\/www.vsveicolispeciali.com\/wp-content\/uploads\/2024\/01\/artari-caffetteria-ambulante-piaggio-ape-v-smart.jpg\" \/>\n\t<meta property=\"og:image:width\" content=\"1200\" \/>\n\t<meta property=\"og:image:height\" content=\"1200\" \/>\n\t<meta property=\"og:image:type\" content=\"image\/jpeg\" \/>\n<meta name=\"author\" content=\"VS Veicoli Speciali\" \/>\n<meta name=\"twitter:card\" content=\"summary_large_image\" \/>\n<meta name=\"twitter:creator\" content=\"@veicolispeciali\" \/>\n<meta name=\"twitter:site\" content=\"@veicolispeciali\" \/>\n<meta name=\"twitter:label1\" content=\"\u00c9crit par\" \/>\n\t<meta name=\"twitter:data1\" content=\"VS Veicoli Speciali\" \/>\n\t<meta name=\"twitter:label2\" content=\"Dur\u00e9e de lecture estim\u00e9e\" \/>\n\t<meta name=\"twitter:data2\" content=\"4 minutes\" \/>\n<script type=\"application\/ld+json\" class=\"yoast-schema-graph\">{\"@context\":\"https:\/\/schema.org\",\"@graph\":[{\"@type\":\"Article\",\"@id\":\"https:\/\/www.vsveicolispeciali.com\/fr\/lart-du-cafe-mobil-selon-artari\/#article\",\"isPartOf\":{\"@id\":\"https:\/\/www.vsveicolispeciali.com\/fr\/lart-du-cafe-mobil-selon-artari\/\"},\"author\":{\"name\":\"VS Veicoli Speciali\",\"@id\":\"https:\/\/www.vsveicolispeciali.com\/fr\/#\/schema\/person\/1241826d792bde4333b3db1395b12be9\"},\"headline\":\"L&rsquo;art du caf\u00e9 mobile selon Artari\",\"datePublished\":\"2024-01-29T20:33:53+00:00\",\"dateModified\":\"2024-07-30T14:37:06+00:00\",\"mainEntityOfPage\":{\"@id\":\"https:\/\/www.vsveicolispeciali.com\/fr\/lart-du-cafe-mobil-selon-artari\/\"},\"wordCount\":573,\"publisher\":{\"@id\":\"https:\/\/www.vsveicolispeciali.com\/fr\/#organization\"},\"image\":{\"@id\":\"https:\/\/www.vsveicolispeciali.com\/fr\/lart-du-cafe-mobil-selon-artari\/#primaryimage\"},\"thumbnailUrl\":\"https:\/\/www.vsveicolispeciali.com\/wp-content\/uploads\/2024\/01\/artari-caffetteria-ambulante-piaggio-ape-v-smart.jpg\",\"keywords\":[\"camion caf\u00e9\"],\"articleSection\":[\"News\"],\"inLanguage\":\"fr-FR\"},{\"@type\":\"WebPage\",\"@id\":\"https:\/\/www.vsveicolispeciali.com\/fr\/lart-du-cafe-mobil-selon-artari\/\",\"url\":\"https:\/\/www.vsveicolispeciali.com\/fr\/lart-du-cafe-mobil-selon-artari\/\",\"name\":\"L'art du Caf\u00e9 Mobile selon Artari\",\"isPartOf\":{\"@id\":\"https:\/\/www.vsveicolispeciali.com\/fr\/#website\"},\"primaryImageOfPage\":{\"@id\":\"https:\/\/www.vsveicolispeciali.com\/fr\/lart-du-cafe-mobil-selon-artari\/#primaryimage\"},\"image\":{\"@id\":\"https:\/\/www.vsveicolispeciali.com\/fr\/lart-du-cafe-mobil-selon-artari\/#primaryimage\"},\"thumbnailUrl\":\"https:\/\/www.vsveicolispeciali.com\/wp-content\/uploads\/2024\/01\/artari-caffetteria-ambulante-piaggio-ape-v-smart.jpg\",\"datePublished\":\"2024-01-29T20:33:53+00:00\",\"dateModified\":\"2024-07-30T14:37:06+00:00\",\"description\":\"Caff\u00e8 Artari a lanc\u00e9 un projet passionnant de street food, qui pr\u00e9voit actuellement l'utilisation de 4 caf\u00e9s mobiles dans 6 emplacements >\",\"breadcrumb\":{\"@id\":\"https:\/\/www.vsveicolispeciali.com\/fr\/lart-du-cafe-mobil-selon-artari\/#breadcrumb\"},\"inLanguage\":\"fr-FR\",\"potentialAction\":[{\"@type\":\"ReadAction\",\"target\":[\"https:\/\/www.vsveicolispeciali.com\/fr\/lart-du-cafe-mobil-selon-artari\/\"]}]},{\"@type\":\"ImageObject\",\"inLanguage\":\"fr-FR\",\"@id\":\"https:\/\/www.vsveicolispeciali.com\/fr\/lart-du-cafe-mobil-selon-artari\/#primaryimage\",\"url\":\"https:\/\/www.vsveicolispeciali.com\/wp-content\/uploads\/2024\/01\/artari-caffetteria-ambulante-piaggio-ape-v-smart.jpg\",\"contentUrl\":\"https:\/\/www.vsveicolispeciali.com\/wp-content\/uploads\/2024\/01\/artari-caffetteria-ambulante-piaggio-ape-v-smart.jpg\",\"width\":1200,\"height\":1200,\"caption\":\"artari caffetteria ambulante piaggio ape v-smart\"},{\"@type\":\"BreadcrumbList\",\"@id\":\"https:\/\/www.vsveicolispeciali.com\/fr\/lart-du-cafe-mobil-selon-artari\/#breadcrumb\",\"itemListElement\":[{\"@type\":\"ListItem\",\"position\":1,\"name\":\"Home\",\"item\":\"https:\/\/www.vsveicolispeciali.com\/fr\/\"},{\"@type\":\"ListItem\",\"position\":2,\"name\":\"L&#8217;art du caf\u00e9 mobile selon Artari\"}]},{\"@type\":\"WebSite\",\"@id\":\"https:\/\/www.vsveicolispeciali.com\/fr\/#website\",\"url\":\"https:\/\/www.vsveicolispeciali.com\/fr\/\",\"name\":\"VS Veicoli Speciali\",\"description\":\"\",\"publisher\":{\"@id\":\"https:\/\/www.vsveicolispeciali.com\/fr\/#organization\"},\"potentialAction\":[{\"@type\":\"SearchAction\",\"target\":{\"@type\":\"EntryPoint\",\"urlTemplate\":\"https:\/\/www.vsveicolispeciali.com\/fr\/?s={search_term_string}\"},\"query-input\":{\"@type\":\"PropertyValueSpecification\",\"valueRequired\":true,\"valueName\":\"search_term_string\"}}],\"inLanguage\":\"fr-FR\"},{\"@type\":\"Organization\",\"@id\":\"https:\/\/www.vsveicolispeciali.com\/fr\/#organization\",\"name\":\"VS Veicoli Speciali\",\"url\":\"https:\/\/www.vsveicolispeciali.com\/fr\/\",\"logo\":{\"@type\":\"ImageObject\",\"inLanguage\":\"fr-FR\",\"@id\":\"https:\/\/www.vsveicolispeciali.com\/fr\/#\/schema\/logo\/image\/\",\"url\":\"http:\/\/www.vsveicolispeciali.com\/wp-content\/uploads\/2015\/05\/vs_veicoli_speciali-logo.png\",\"contentUrl\":\"http:\/\/www.vsveicolispeciali.com\/wp-content\/uploads\/2015\/05\/vs_veicoli_speciali-logo.png\",\"width\":252,\"height\":134,\"caption\":\"VS Veicoli Speciali\"},\"image\":{\"@id\":\"https:\/\/www.vsveicolispeciali.com\/fr\/#\/schema\/logo\/image\/\"},\"sameAs\":[\"https:\/\/www.facebook.com\/VSVeicoliSpeciali.Food.Trucks\/\",\"https:\/\/x.com\/veicolispeciali\",\"https:\/\/www.instagram.com\/vs_veicolispeciali\/\",\"https:\/\/www.linkedin.com\/company\/2811960\/\",\"https:\/\/www.pinterest.com\/streetfoodtruck\/\",\"https:\/\/www.youtube.com\/user\/veicolispeciali\"]},{\"@type\":\"Person\",\"@id\":\"https:\/\/www.vsveicolispeciali.com\/fr\/#\/schema\/person\/1241826d792bde4333b3db1395b12be9\",\"name\":\"VS Veicoli Speciali\",\"image\":{\"@type\":\"ImageObject\",\"inLanguage\":\"fr-FR\",\"@id\":\"https:\/\/www.vsveicolispeciali.com\/fr\/#\/schema\/person\/image\/\",\"url\":\"https:\/\/secure.gravatar.com\/avatar\/4ea93278e71ba140dbbbfb5d34409507?s=96&d=mm&r=g\",\"contentUrl\":\"https:\/\/secure.gravatar.com\/avatar\/4ea93278e71ba140dbbbfb5d34409507?s=96&d=mm&r=g\",\"caption\":\"VS Veicoli Speciali\"}}]}<\/script>\n<!-- \/ Yoast SEO plugin. -->","yoast_head_json":{"title":"L'art du Caf\u00e9 Mobile selon Artari","description":"Caff\u00e8 Artari a lanc\u00e9 un projet passionnant de street food, qui pr\u00e9voit actuellement l'utilisation de 4 caf\u00e9s mobiles dans 6 emplacements >","robots":{"index":"index","follow":"follow","max-snippet":"max-snippet:-1","max-image-preview":"max-image-preview:large","max-video-preview":"max-video-preview:-1"},"canonical":"https:\/\/www.vsveicolispeciali.com\/fr\/lart-du-cafe-mobil-selon-artari\/","og_locale":"fr_FR","og_type":"article","og_title":"L'art du Caf\u00e9 Mobile selon Artari","og_description":"Caff\u00e8 Artari a lanc\u00e9 un projet passionnant de street food, qui pr\u00e9voit actuellement l'utilisation de 4 caf\u00e9s mobiles dans 6 emplacements >","og_url":"https:\/\/www.vsveicolispeciali.com\/fr\/lart-du-cafe-mobil-selon-artari\/","og_site_name":"VS Veicoli Speciali","article_publisher":"https:\/\/www.facebook.com\/VSVeicoliSpeciali.Food.Trucks\/","article_published_time":"2024-01-29T20:33:53+00:00","article_modified_time":"2024-07-30T14:37:06+00:00","og_image":[{"width":1200,"height":1200,"url":"https:\/\/www.vsveicolispeciali.com\/wp-content\/uploads\/2024\/01\/artari-caffetteria-ambulante-piaggio-ape-v-smart.jpg","type":"image\/jpeg"}],"author":"VS Veicoli Speciali","twitter_card":"summary_large_image","twitter_creator":"@veicolispeciali","twitter_site":"@veicolispeciali","twitter_misc":{"\u00c9crit par":"VS Veicoli Speciali","Dur\u00e9e de lecture estim\u00e9e":"4 minutes"},"schema":{"@context":"https:\/\/schema.org","@graph":[{"@type":"Article","@id":"https:\/\/www.vsveicolispeciali.com\/fr\/lart-du-cafe-mobil-selon-artari\/#article","isPartOf":{"@id":"https:\/\/www.vsveicolispeciali.com\/fr\/lart-du-cafe-mobil-selon-artari\/"},"author":{"name":"VS Veicoli Speciali","@id":"https:\/\/www.vsveicolispeciali.com\/fr\/#\/schema\/person\/1241826d792bde4333b3db1395b12be9"},"headline":"L&rsquo;art du caf\u00e9 mobile selon Artari","datePublished":"2024-01-29T20:33:53+00:00","dateModified":"2024-07-30T14:37:06+00:00","mainEntityOfPage":{"@id":"https:\/\/www.vsveicolispeciali.com\/fr\/lart-du-cafe-mobil-selon-artari\/"},"wordCount":573,"publisher":{"@id":"https:\/\/www.vsveicolispeciali.com\/fr\/#organization"},"image":{"@id":"https:\/\/www.vsveicolispeciali.com\/fr\/lart-du-cafe-mobil-selon-artari\/#primaryimage"},"thumbnailUrl":"https:\/\/www.vsveicolispeciali.com\/wp-content\/uploads\/2024\/01\/artari-caffetteria-ambulante-piaggio-ape-v-smart.jpg","keywords":["camion caf\u00e9"],"articleSection":["News"],"inLanguage":"fr-FR"},{"@type":"WebPage","@id":"https:\/\/www.vsveicolispeciali.com\/fr\/lart-du-cafe-mobil-selon-artari\/","url":"https:\/\/www.vsveicolispeciali.com\/fr\/lart-du-cafe-mobil-selon-artari\/","name":"L'art du Caf\u00e9 Mobile selon Artari","isPartOf":{"@id":"https:\/\/www.vsveicolispeciali.com\/fr\/#website"},"primaryImageOfPage":{"@id":"https:\/\/www.vsveicolispeciali.com\/fr\/lart-du-cafe-mobil-selon-artari\/#primaryimage"},"image":{"@id":"https:\/\/www.vsveicolispeciali.com\/fr\/lart-du-cafe-mobil-selon-artari\/#primaryimage"},"thumbnailUrl":"https:\/\/www.vsveicolispeciali.com\/wp-content\/uploads\/2024\/01\/artari-caffetteria-ambulante-piaggio-ape-v-smart.jpg","datePublished":"2024-01-29T20:33:53+00:00","dateModified":"2024-07-30T14:37:06+00:00","description":"Caff\u00e8 Artari a lanc\u00e9 un projet passionnant de street food, qui pr\u00e9voit actuellement l'utilisation de 4 caf\u00e9s mobiles dans 6 emplacements >","breadcrumb":{"@id":"https:\/\/www.vsveicolispeciali.com\/fr\/lart-du-cafe-mobil-selon-artari\/#breadcrumb"},"inLanguage":"fr-FR","potentialAction":[{"@type":"ReadAction","target":["https:\/\/www.vsveicolispeciali.com\/fr\/lart-du-cafe-mobil-selon-artari\/"]}]},{"@type":"ImageObject","inLanguage":"fr-FR","@id":"https:\/\/www.vsveicolispeciali.com\/fr\/lart-du-cafe-mobil-selon-artari\/#primaryimage","url":"https:\/\/www.vsveicolispeciali.com\/wp-content\/uploads\/2024\/01\/artari-caffetteria-ambulante-piaggio-ape-v-smart.jpg","contentUrl":"https:\/\/www.vsveicolispeciali.com\/wp-content\/uploads\/2024\/01\/artari-caffetteria-ambulante-piaggio-ape-v-smart.jpg","width":1200,"height":1200,"caption":"artari caffetteria ambulante piaggio ape v-smart"},{"@type":"BreadcrumbList","@id":"https:\/\/www.vsveicolispeciali.com\/fr\/lart-du-cafe-mobil-selon-artari\/#breadcrumb","itemListElement":[{"@type":"ListItem","position":1,"name":"Home","item":"https:\/\/www.vsveicolispeciali.com\/fr\/"},{"@type":"ListItem","position":2,"name":"L&#8217;art du caf\u00e9 mobile selon Artari"}]},{"@type":"WebSite","@id":"https:\/\/www.vsveicolispeciali.com\/fr\/#website","url":"https:\/\/www.vsveicolispeciali.com\/fr\/","name":"VS Veicoli Speciali","description":"","publisher":{"@id":"https:\/\/www.vsveicolispeciali.com\/fr\/#organization"},"potentialAction":[{"@type":"SearchAction","target":{"@type":"EntryPoint","urlTemplate":"https:\/\/www.vsveicolispeciali.com\/fr\/?s={search_term_string}"},"query-input":{"@type":"PropertyValueSpecification","valueRequired":true,"valueName":"search_term_string"}}],"inLanguage":"fr-FR"},{"@type":"Organization","@id":"https:\/\/www.vsveicolispeciali.com\/fr\/#organization","name":"VS Veicoli Speciali","url":"https:\/\/www.vsveicolispeciali.com\/fr\/","logo":{"@type":"ImageObject","inLanguage":"fr-FR","@id":"https:\/\/www.vsveicolispeciali.com\/fr\/#\/schema\/logo\/image\/","url":"http:\/\/www.vsveicolispeciali.com\/wp-content\/uploads\/2015\/05\/vs_veicoli_speciali-logo.png","contentUrl":"http:\/\/www.vsveicolispeciali.com\/wp-content\/uploads\/2015\/05\/vs_veicoli_speciali-logo.png","width":252,"height":134,"caption":"VS Veicoli Speciali"},"image":{"@id":"https:\/\/www.vsveicolispeciali.com\/fr\/#\/schema\/logo\/image\/"},"sameAs":["https:\/\/www.facebook.com\/VSVeicoliSpeciali.Food.Trucks\/","https:\/\/x.com\/veicolispeciali","https:\/\/www.instagram.com\/vs_veicolispeciali\/","https:\/\/www.linkedin.com\/company\/2811960\/","https:\/\/www.pinterest.com\/streetfoodtruck\/","https:\/\/www.youtube.com\/user\/veicolispeciali"]},{"@type":"Person","@id":"https:\/\/www.vsveicolispeciali.com\/fr\/#\/schema\/person\/1241826d792bde4333b3db1395b12be9","name":"VS Veicoli Speciali","image":{"@type":"ImageObject","inLanguage":"fr-FR","@id":"https:\/\/www.vsveicolispeciali.com\/fr\/#\/schema\/person\/image\/","url":"https:\/\/secure.gravatar.com\/avatar\/4ea93278e71ba140dbbbfb5d34409507?s=96&d=mm&r=g","contentUrl":"https:\/\/secure.gravatar.com\/avatar\/4ea93278e71ba140dbbbfb5d34409507?s=96&d=mm&r=g","caption":"VS Veicoli Speciali"}}]}},"_links":{"self":[{"href":"https:\/\/www.vsveicolispeciali.com\/fr\/wp-json\/wp\/v2\/posts\/25090"}],"collection":[{"href":"https:\/\/www.vsveicolispeciali.com\/fr\/wp-json\/wp\/v2\/posts"}],"about":[{"href":"https:\/\/www.vsveicolispeciali.com\/fr\/wp-json\/wp\/v2\/types\/post"}],"author":[{"embeddable":true,"href":"https:\/\/www.vsveicolispeciali.com\/fr\/wp-json\/wp\/v2\/users\/1001012"}],"replies":[{"embeddable":true,"href":"https:\/\/www.vsveicolispeciali.com\/fr\/wp-json\/wp\/v2\/comments?post=25090"}],"version-history":[{"count":5,"href":"https:\/\/www.vsveicolispeciali.com\/fr\/wp-json\/wp\/v2\/posts\/25090\/revisions"}],"predecessor-version":[{"id":25091,"href":"https:\/\/www.vsveicolispeciali.com\/fr\/wp-json\/wp\/v2\/posts\/25090\/revisions\/25091"}],"wp:featuredmedia":[{"embeddable":true,"href":"https:\/\/www.vsveicolispeciali.com\/fr\/wp-json\/wp\/v2\/media\/25044"}],"wp:attachment":[{"href":"https:\/\/www.vsveicolispeciali.com\/fr\/wp-json\/wp\/v2\/media?parent=25090"}],"wp:term":[{"taxonomy":"category","embeddable":true,"href":"https:\/\/www.vsveicolispeciali.com\/fr\/wp-json\/wp\/v2\/categories?post=25090"},{"taxonomy":"post_tag","embeddable":true,"href":"https:\/\/www.vsveicolispeciali.com\/fr\/wp-json\/wp\/v2\/tags?post=25090"}],"curies":[{"name":"wp","href":"https:\/\/api.w.org\/{rel}","templated":true}]}}