{"id":25017,"date":"2024-01-07T16:49:17","date_gmt":"2024-01-07T15:49:17","guid":{"rendered":"https:\/\/www.vsveicolispeciali.com\/the-most-beloved-sweet-street-foods-in-europe\/"},"modified":"2025-05-01T12:03:27","modified_gmt":"2025-05-01T10:03:27","slug":"les-street-food-sucrees-les-plus-appreciees-en-europe","status":"publish","type":"post","link":"https:\/\/www.vsveicolispeciali.com\/fr\/les-street-food-sucrees-les-plus-appreciees-en-europe\/","title":{"rendered":"Les Street-Food Sucr\u00e9es les Plus Appr\u00e9ci\u00e9es en Europe"},"content":{"rendered":"<p><strong>La riche tradition des desserts europ\u00e9ens<\/strong> continue de s&rsquo;innover avec l&rsquo;introduction de nouvelles combinaisons d&rsquo;ingr\u00e9dients et la fusion de recettes venant de diff\u00e9rents pays.<\/p>\n<p>Cependant, les friandises et les <strong>desserts classiques<\/strong> restent les plus populaires et sont couramment consomm\u00e9s dans la rue car ils sont faciles \u00e0 pr\u00e9parer et \u00e0 servir.<\/p>\n<p>Parmi <strong>les street food sucr\u00e9es les plus appr\u00e9ci\u00e9es en Europe<\/strong>, on trouve:<\/p>\n<p>&nbsp;<\/p>\n<h3>Crepes (France)<\/h3>\n<p><a href=\"https:\/\/www.vsveicolispeciali.com\/wp-content\/uploads\/2023\/11\/street-food-crepes.jpg\"><img loading=\"lazy\" decoding=\"async\" class=\"alignleft size-full wp-image-24687\" src=\"https:\/\/www.vsveicolispeciali.com\/wp-content\/uploads\/2023\/11\/street-food-crepes.jpg\" alt=\"street food crepes france\" width=\"810\" height=\"456\" srcset=\"https:\/\/www.vsveicolispeciali.com\/wp-content\/uploads\/2023\/11\/street-food-crepes.jpg 810w, https:\/\/www.vsveicolispeciali.com\/wp-content\/uploads\/2023\/11\/street-food-crepes-300x169.jpg 300w, https:\/\/www.vsveicolispeciali.com\/wp-content\/uploads\/2023\/11\/street-food-crepes-768x432.jpg 768w, https:\/\/www.vsveicolispeciali.com\/wp-content\/uploads\/2023\/11\/street-food-crepes-700x394.jpg 700w, https:\/\/www.vsveicolispeciali.com\/wp-content\/uploads\/2023\/11\/street-food-crepes-539x303.jpg 539w\" sizes=\"(max-width: 810px) 100vw, 810px\" \/><\/a><br \/>\nLes cr\u00eapes fran\u00e7aises sont de fines cr\u00eapes sucr\u00e9es \u00e0 base de farine, d&rsquo;\u0153ufs et de lait, souvent servies avec du sucre, du chocolat, de la confiture et des fruits frais.<\/p>\n<p>&nbsp;<\/p>\n<h3>Churros (Espagne)<\/h3>\n<p><a href=\"https:\/\/www.vsveicolispeciali.com\/wp-content\/uploads\/2024\/01\/churros-street-food.jpg\"><img loading=\"lazy\" decoding=\"async\" class=\"alignleft size-full wp-image-25003\" src=\"https:\/\/www.vsveicolispeciali.com\/wp-content\/uploads\/2024\/01\/churros-street-food.jpg\" alt=\"churros \u00e0 manger dans la rue comme cuisine de rue typiquement espagnole\" width=\"1200\" height=\"675\" srcset=\"https:\/\/www.vsveicolispeciali.com\/wp-content\/uploads\/2024\/01\/churros-street-food.jpg 1200w, https:\/\/www.vsveicolispeciali.com\/wp-content\/uploads\/2024\/01\/churros-street-food-300x169.jpg 300w, https:\/\/www.vsveicolispeciali.com\/wp-content\/uploads\/2024\/01\/churros-street-food-1024x576.jpg 1024w, https:\/\/www.vsveicolispeciali.com\/wp-content\/uploads\/2024\/01\/churros-street-food-768x432.jpg 768w, https:\/\/www.vsveicolispeciali.com\/wp-content\/uploads\/2024\/01\/churros-street-food-700x394.jpg 700w, https:\/\/www.vsveicolispeciali.com\/wp-content\/uploads\/2024\/01\/churros-street-food-539x303.jpg 539w\" sizes=\"(max-width: 1200px) 100vw, 1200px\" \/><\/a><br \/>\nLes churros sont de longs b\u00e2tonnets de p\u00e2te frite \u00e0 tremper dans du chocolat chaud, typiques de la r\u00e9gion de Madrid, mais populaires dans toute l&rsquo;Espagne.<\/p>\n<p>&nbsp;<\/p>\n<h3>Gelato (Italie)<\/h3>\n<p><a href=\"https:\/\/www.vsveicolispeciali.com\/wp-content\/uploads\/2023\/11\/street-food-gelato.jpg\"><img loading=\"lazy\" decoding=\"async\" class=\"alignleft size-full wp-image-24691\" src=\"https:\/\/www.vsveicolispeciali.com\/wp-content\/uploads\/2023\/11\/street-food-gelato.jpg\" alt=\"glace italienne comme nourriture de rue\" width=\"810\" height=\"454\" srcset=\"https:\/\/www.vsveicolispeciali.com\/wp-content\/uploads\/2023\/11\/street-food-gelato.jpg 810w, https:\/\/www.vsveicolispeciali.com\/wp-content\/uploads\/2023\/11\/street-food-gelato-300x168.jpg 300w, https:\/\/www.vsveicolispeciali.com\/wp-content\/uploads\/2023\/11\/street-food-gelato-768x430.jpg 768w, https:\/\/www.vsveicolispeciali.com\/wp-content\/uploads\/2023\/11\/street-food-gelato-700x392.jpg 700w, https:\/\/www.vsveicolispeciali.com\/wp-content\/uploads\/2023\/11\/street-food-gelato-539x303.jpg 539w\" sizes=\"(max-width: 810px) 100vw, 810px\" \/><\/a><br \/>\nProbablement la <a href=\"https:\/\/www.vsveicolispeciali.com\/fr\/street-food-italienne-sicile-naples-et-rome\/\" rel=\"noopener\" target=\"_blank\">street food italienne<\/a> la plus connue au monde, le <a href=\"https:\/\/www.vsveicolispeciali.com\/fr\/street-food\/glacier-food-truck-glace\/\" rel=\"noopener\" target=\"_blank\">gelato<\/a> est un dessert \u00e0 base de lait, de sucre et d&rsquo;ar\u00f4mes, disponible en plusieurs saveurs, certaines pouvant \u00e9galement \u00eatre pr\u00e9par\u00e9es avec des \u0153ufs. Il est vendu en cornets ou en coupes.<\/p>\n<p>&nbsp;<\/p>\n<h3>Gaufres (Belgique)<\/h3>\n<p><a href=\"https:\/\/www.vsveicolispeciali.com\/wp-content\/uploads\/2023\/11\/gaufre-walle-street-food.jpg\"><img loading=\"lazy\" decoding=\"async\" class=\"alignleft size-full wp-image-24679\" src=\"https:\/\/www.vsveicolispeciali.com\/wp-content\/uploads\/2023\/11\/gaufre-walle-street-food.jpg\" alt=\"la gaufre belge et la gaufre am\u00e9ricaine sont des street food sucr\u00e9s tr\u00e8s populaires\" width=\"810\" height=\"456\" srcset=\"https:\/\/www.vsveicolispeciali.com\/wp-content\/uploads\/2023\/11\/gaufre-walle-street-food.jpg 810w, https:\/\/www.vsveicolispeciali.com\/wp-content\/uploads\/2023\/11\/gaufre-walle-street-food-300x169.jpg 300w, https:\/\/www.vsveicolispeciali.com\/wp-content\/uploads\/2023\/11\/gaufre-walle-street-food-768x432.jpg 768w, https:\/\/www.vsveicolispeciali.com\/wp-content\/uploads\/2023\/11\/gaufre-walle-street-food-700x394.jpg 700w, https:\/\/www.vsveicolispeciali.com\/wp-content\/uploads\/2023\/11\/gaufre-walle-street-food-539x303.jpg 539w\" sizes=\"(max-width: 810px) 100vw, 810px\" \/><\/a><br \/>\nLes gaufres belges sont fabriqu\u00e9es \u00e0 partir d&rsquo;une p\u00e2te \u00e0 base de farine, de lait, de sucre, de beurre et de levure. Elles sont croustillantes \u00e0 l&rsquo;ext\u00e9rieur et moelleuses \u00e0 l&rsquo;int\u00e9rieur, et sont servies avec une vari\u00e9t\u00e9 de garnitures, dont du chocolat, des fruits et de la cr\u00e8me fouett\u00e9e.<\/p>\n<p>&nbsp;<\/p>\n<h3>Baklava (Turquie et Balkans)<\/h3>\n<p><a href=\"https:\/\/www.vsveicolispeciali.com\/wp-content\/uploads\/2024\/01\/baklava-street-food.jpg\"><img loading=\"lazy\" decoding=\"async\" class=\"alignleft size-full wp-image-24963\" src=\"https:\/\/www.vsveicolispeciali.com\/wp-content\/uploads\/2024\/01\/baklava-street-food.jpg\" alt=\"baklava street food de Turquie\" width=\"1200\" height=\"800\" srcset=\"https:\/\/www.vsveicolispeciali.com\/wp-content\/uploads\/2024\/01\/baklava-street-food.jpg 1200w, https:\/\/www.vsveicolispeciali.com\/wp-content\/uploads\/2024\/01\/baklava-street-food-300x200.jpg 300w, https:\/\/www.vsveicolispeciali.com\/wp-content\/uploads\/2024\/01\/baklava-street-food-1024x683.jpg 1024w, https:\/\/www.vsveicolispeciali.com\/wp-content\/uploads\/2024\/01\/baklava-street-food-768x512.jpg 768w, https:\/\/www.vsveicolispeciali.com\/wp-content\/uploads\/2024\/01\/baklava-street-food-700x467.jpg 700w\" sizes=\"(max-width: 1200px) 100vw, 1200px\" \/><\/a><br \/>\nCe friandise \u00e0 base de p\u00e2te feuillet\u00e9e, de fruits secs (g\u00e9n\u00e9ralement des noix ou des pistaches) et de miel est originaire de Turquie et se d\u00e9guste \u00e0 tout moment de la journ\u00e9e.<\/p>\n<p>&nbsp;<\/p>\n<h3>Past\u00e9is de Nata ou Pastel de Bel\u00e9m (Portugal)<\/h3>\n<p><a href=\"https:\/\/www.vsveicolispeciali.com\/wp-content\/uploads\/2024\/01\/pastel-de-belem-pasteis-de-nata-street-food.jpg\"><img loading=\"lazy\" decoding=\"async\" class=\"alignleft size-full wp-image-24971\" src=\"https:\/\/www.vsveicolispeciali.com\/wp-content\/uploads\/2024\/01\/pastel-de-belem-pasteis-de-nata-street-food.jpg\" alt=\"Le pastel de belem ou pasteis de nata est une street food sucr\u00e9 typique du Portugal\" width=\"1200\" height=\"800\" srcset=\"https:\/\/www.vsveicolispeciali.com\/wp-content\/uploads\/2024\/01\/pastel-de-belem-pasteis-de-nata-street-food.jpg 1200w, https:\/\/www.vsveicolispeciali.com\/wp-content\/uploads\/2024\/01\/pastel-de-belem-pasteis-de-nata-street-food-300x200.jpg 300w, https:\/\/www.vsveicolispeciali.com\/wp-content\/uploads\/2024\/01\/pastel-de-belem-pasteis-de-nata-street-food-1024x683.jpg 1024w, https:\/\/www.vsveicolispeciali.com\/wp-content\/uploads\/2024\/01\/pastel-de-belem-pasteis-de-nata-street-food-768x512.jpg 768w, https:\/\/www.vsveicolispeciali.com\/wp-content\/uploads\/2024\/01\/pastel-de-belem-pasteis-de-nata-street-food-700x467.jpg 700w\" sizes=\"(max-width: 1200px) 100vw, 1200px\" \/><\/a><br \/>\nCes petites p\u00e2tisseries \u00e0 base de p\u00e2te feuillet\u00e9e et de cr\u00e8me p\u00e2tissi\u00e8re (\u00e0 base d&rsquo;\u0153ufs) sont une sp\u00e9cialit\u00e9 portugaise tr\u00e8s appr\u00e9ci\u00e9e, \u00e9galement disponible en version street food.<\/p>\n<p>&nbsp;<\/p>\n<h3>Stroopwafels (Pays-Bas)<\/h3>\n<p><a href=\"https:\/\/www.vsveicolispeciali.com\/wp-content\/uploads\/2024\/01\/stroopwafel-street-food.jpg\"><img loading=\"lazy\" decoding=\"async\" class=\"alignleft size-full wp-image-24975\" src=\"https:\/\/www.vsveicolispeciali.com\/wp-content\/uploads\/2024\/01\/stroopwafel-street-food.jpg\" alt=\"Le stroopwafel est un aliment de rue sucr\u00e9 traditionnel des Pays-Bas\" width=\"1143\" height=\"1043\" srcset=\"https:\/\/www.vsveicolispeciali.com\/wp-content\/uploads\/2024\/01\/stroopwafel-street-food.jpg 1143w, https:\/\/www.vsveicolispeciali.com\/wp-content\/uploads\/2024\/01\/stroopwafel-street-food-300x274.jpg 300w, https:\/\/www.vsveicolispeciali.com\/wp-content\/uploads\/2024\/01\/stroopwafel-street-food-1024x934.jpg 1024w, https:\/\/www.vsveicolispeciali.com\/wp-content\/uploads\/2024\/01\/stroopwafel-street-food-768x701.jpg 768w, https:\/\/www.vsveicolispeciali.com\/wp-content\/uploads\/2024\/01\/stroopwafel-street-food-700x639.jpg 700w\" sizes=\"(max-width: 1143px) 100vw, 1143px\" \/><\/a><br \/>\nLes stroopwafels sont une friandise n\u00e9erlandaise typique tr\u00e8s populaire aux Pays-Bas. Ce sont des biscuits fins, croustillants et l\u00e9g\u00e8rement sucr\u00e9s, compos\u00e9s de deux disques de p\u00e2te gaufre garnis d&rsquo;une couche de sirop de caramel et servis l\u00e9g\u00e8rement chauds.<\/p>\n<p>&nbsp;<\/p>\n<h3>Trdeln\u00edk ou k\u00fcrt\u0151skal\u00e1cs ou Trdlo ou Trozkol (R\u00e9publique tch\u00e8que, Slovaquie et Hongrie)<\/h3>\n<p><a href=\"https:\/\/www.vsveicolispeciali.com\/wp-content\/uploads\/2024\/01\/trdelnik-kurtoskalacs-street-food.jpg\"><img loading=\"lazy\" decoding=\"async\" class=\"alignleft size-full wp-image-24983\" src=\"https:\/\/www.vsveicolispeciali.com\/wp-content\/uploads\/2024\/01\/trdelnik-kurtoskalacs-street-food.jpg\" alt=\"Les trdelnik ou kurtoskalacs sont des friandises consomm\u00e9es dans les rues de la R\u00e9publique tch\u00e8que, de la Hongrie et de la Slovaquie.\" width=\"1200\" height=\"800\" srcset=\"https:\/\/www.vsveicolispeciali.com\/wp-content\/uploads\/2024\/01\/trdelnik-kurtoskalacs-street-food.jpg 1200w, https:\/\/www.vsveicolispeciali.com\/wp-content\/uploads\/2024\/01\/trdelnik-kurtoskalacs-street-food-300x200.jpg 300w, https:\/\/www.vsveicolispeciali.com\/wp-content\/uploads\/2024\/01\/trdelnik-kurtoskalacs-street-food-1024x683.jpg 1024w, https:\/\/www.vsveicolispeciali.com\/wp-content\/uploads\/2024\/01\/trdelnik-kurtoskalacs-street-food-768x512.jpg 768w, https:\/\/www.vsveicolispeciali.com\/wp-content\/uploads\/2024\/01\/trdelnik-kurtoskalacs-street-food-700x467.jpg 700w\" sizes=\"(max-width: 1200px) 100vw, 1200px\" \/><\/a><br \/>\nAussi connus sous le nom de Chimney Cake, ils sont pr\u00e9par\u00e9s avec de la farine, de l&rsquo;eau, du lait, du sucre, du beurre et de la levure. La forme cylindrique ou en spirale du dessert est obtenue en enroulant la p\u00e2te autour d&rsquo;un b\u00e2ton ou d&rsquo;un c\u00f4ne en bois avant la cuisson. Ils sont g\u00e9n\u00e9ralement roul\u00e9s dans un m\u00e9lange de sucre et de cannelle, puis remplis de glace, de chocolat ou d&rsquo;autres douceurs.<\/p>\n<p>&nbsp;<\/p>\n<h3>Kanelbullar (Su\u00e8de)<\/h3>\n<p><a href=\"https:\/\/www.vsveicolispeciali.com\/wp-content\/uploads\/2024\/01\/kanelbulle-kanelbullar-street-food.jpg\"><img loading=\"lazy\" decoding=\"async\" class=\"alignleft size-full wp-image-24967\" src=\"https:\/\/www.vsveicolispeciali.com\/wp-content\/uploads\/2024\/01\/kanelbulle-kanelbullar-street-food.jpg\" alt=\"kanelbulle ou kanelbullar est une street-food sucre typique de la Su\u00e8de\" width=\"1200\" height=\"900\" srcset=\"https:\/\/www.vsveicolispeciali.com\/wp-content\/uploads\/2024\/01\/kanelbulle-kanelbullar-street-food.jpg 1200w, https:\/\/www.vsveicolispeciali.com\/wp-content\/uploads\/2024\/01\/kanelbulle-kanelbullar-street-food-300x225.jpg 300w, https:\/\/www.vsveicolispeciali.com\/wp-content\/uploads\/2024\/01\/kanelbulle-kanelbullar-street-food-1024x768.jpg 1024w, https:\/\/www.vsveicolispeciali.com\/wp-content\/uploads\/2024\/01\/kanelbulle-kanelbullar-street-food-768x576.jpg 768w, https:\/\/www.vsveicolispeciali.com\/wp-content\/uploads\/2024\/01\/kanelbulle-kanelbullar-street-food-800x600.jpg 800w, https:\/\/www.vsveicolispeciali.com\/wp-content\/uploads\/2024\/01\/kanelbulle-kanelbullar-street-food-700x525.jpg 700w\" sizes=\"(max-width: 1200px) 100vw, 1200px\" \/><\/a><br \/>\nCe sont de petits pains sucr\u00e9s en forme de spirale, fabriqu\u00e9s \u00e0 partir de farine, de lait et de beurre, sucr\u00e9s avec du sucre et parfum\u00e9s \u00e0 la cannelle et \u00e0 la cardamome.<\/p>\n<p>&nbsp;<\/p>\n<h3>S\u00fc\u00dfe Brezeln (Allemagne et Autriche)<\/h3>\n<p><a href=\"https:\/\/www.vsveicolispeciali.com\/wp-content\/uploads\/2024\/01\/su\u0308se-brezeln-street-food.jpg\"><img loading=\"lazy\" decoding=\"async\" class=\"alignleft size-full wp-image-24979\" src=\"https:\/\/www.vsveicolispeciali.com\/wp-content\/uploads\/2024\/01\/su\u0308se-brezeln-street-food.jpg\" alt=\"Les s\u00fc\u00dfe brezeln sont des friandises de rue typiques d'Allemagne et d'Autriche.\" width=\"1200\" height=\"911\" srcset=\"https:\/\/www.vsveicolispeciali.com\/wp-content\/uploads\/2024\/01\/su\u0308se-brezeln-street-food.jpg 1200w, https:\/\/www.vsveicolispeciali.com\/wp-content\/uploads\/2024\/01\/su\u0308se-brezeln-street-food-300x228.jpg 300w, https:\/\/www.vsveicolispeciali.com\/wp-content\/uploads\/2024\/01\/su\u0308se-brezeln-street-food-1024x777.jpg 1024w, https:\/\/www.vsveicolispeciali.com\/wp-content\/uploads\/2024\/01\/su\u0308se-brezeln-street-food-768x583.jpg 768w, https:\/\/www.vsveicolispeciali.com\/wp-content\/uploads\/2024\/01\/su\u0308se-brezeln-street-food-500x380.jpg 500w, https:\/\/www.vsveicolispeciali.com\/wp-content\/uploads\/2024\/01\/su\u0308se-brezeln-street-food-700x531.jpg 700w\" sizes=\"(max-width: 1200px) 100vw, 1200px\" \/><\/a><br \/>\nLes bretzels sucr\u00e9s ont une forme similaire \u00e0 celle des bretzels traditionnels, mais sont g\u00e9n\u00e9ralement l\u00e9g\u00e8rement plus grands et sont pr\u00e9par\u00e9s avec une p\u00e2te sucr\u00e9e pouvant contenir du sucre, de la cannelle, des noix hach\u00e9es ou du gla\u00e7age au sucre.<\/p>\n<p>Cette liste, qui pourrait \u00eatre compl\u00e9t\u00e9e par de nombreuses autres d\u00e9lices europ\u00e9ens typiques, repr\u00e9sente la version sucr\u00e9e <a href=\"https:\/\/www.vsveicolispeciali.com\/fr\/12-street-foods-tres-populaires-en-europe\/\" target=\"_blank\" rel=\"noopener\">des street foods les plus populaires en Europe<\/a>.<\/p>\n<p>L&rsquo;immense vari\u00e9t\u00e9 de d\u00e9lices sucr\u00e9s, invent\u00e9s ou r\u00e9invent\u00e9s sur le sol europ\u00e9en, constitue \u00e9galement une opportunit\u00e9 commerciale pour la vente ambulante via des <a href=\"https:\/\/www.vsveicolispeciali.com\/fr\/marche-des-food-trucks-en-allemagne-autriche-et-suisse-alemanique\/\" rel=\"noopener\" target=\"_blank\">food trucks<\/a>.<\/p>\n<p>&nbsp;<\/p>\n<h2>Food Trucks Sucr\u00e9s dans les Rues d&rsquo;Europe<\/h2>\n<p>Les glaces, les sucreries et les produits de boulangerie sont <strong>adapt\u00e9s \u00e0 la vente en rue<\/strong> car ils peuvent presque toujours \u00eatre pr\u00e9par\u00e9s \u00e0 l&rsquo;avance et servis rapidement sur place.<\/p>\n<p>Dans les rues des villes europ\u00e9ennes, lors d&rsquo;\u00e9v\u00e9nements et de festivals, vous pouvez trouver de magnifiques food trucks \u00e9quip\u00e9s pour vendre des sucreries en version <a href=\"https:\/\/www.vsveicolispeciali.com\/fr\/street-food\/\">street food<\/a>.<\/p>\n<p>Ci-dessous, quelques mod\u00e8les produits par <em>VS Veicoli Speciali<\/em> :<\/p>\n<p>&nbsp;<\/p>\n<p><a href=\"https:\/\/www.vsveicolispeciali.com\/fr\/street-food-truck\/food-truck-creperie-triporteur-zurich\/\"><strong>La Creperie \u2013 Piaggio Ape V-Curve \u2013 Crepes<\/strong><\/a><br \/>\n<a href=\"https:\/\/www.vsveicolispeciali.com\/wp-content\/uploads\/2024\/01\/crepes-food-truck.jpeg\"><img loading=\"lazy\" decoding=\"async\" class=\"alignleft size-full wp-image-24988\" src=\"https:\/\/www.vsveicolispeciali.com\/wp-content\/uploads\/2024\/01\/crepes-food-truck.jpeg\" alt=\"food truck crepes piaggio ape\" width=\"1148\" height=\"1148\" srcset=\"https:\/\/www.vsveicolispeciali.com\/wp-content\/uploads\/2024\/01\/crepes-food-truck.jpeg 1148w, https:\/\/www.vsveicolispeciali.com\/wp-content\/uploads\/2024\/01\/crepes-food-truck-300x300.jpeg 300w, https:\/\/www.vsveicolispeciali.com\/wp-content\/uploads\/2024\/01\/crepes-food-truck-1024x1024.jpeg 1024w, https:\/\/www.vsveicolispeciali.com\/wp-content\/uploads\/2024\/01\/crepes-food-truck-150x150.jpeg 150w, https:\/\/www.vsveicolispeciali.com\/wp-content\/uploads\/2024\/01\/crepes-food-truck-768x768.jpeg 768w, https:\/\/www.vsveicolispeciali.com\/wp-content\/uploads\/2024\/01\/crepes-food-truck-570x570.jpeg 570w, https:\/\/www.vsveicolispeciali.com\/wp-content\/uploads\/2024\/01\/crepes-food-truck-500x500.jpeg 500w, https:\/\/www.vsveicolispeciali.com\/wp-content\/uploads\/2024\/01\/crepes-food-truck-1000x1000.jpeg 1000w, https:\/\/www.vsveicolispeciali.com\/wp-content\/uploads\/2024\/01\/crepes-food-truck-700x700.jpeg 700w\" sizes=\"(max-width: 1148px) 100vw, 1148px\" \/><\/a><\/p>\n<p>&nbsp;<br \/>\n<a href=\"https:\/\/www.vsveicolispeciali.com\/fr\/street-food-truck\/camion-de-glace-pistacchio-gelateria\/\"><strong>Pistacchio \u2013 Piaggio Porter Craft X \u2013 Gelati<\/strong><\/a><br \/>\n<a href=\"https:\/\/www.vsveicolispeciali.com\/wp-content\/uploads\/2023\/06\/food-truck-pistacchio-gelateria.jpg\"><img loading=\"lazy\" decoding=\"async\" class=\"alignleft size-full wp-image-23504\" src=\"https:\/\/www.vsveicolispeciali.com\/wp-content\/uploads\/2023\/06\/food-truck-pistacchio-gelateria.jpg\" alt=\"food truck pistacchio gelateria\" width=\"1000\" height=\"800\" srcset=\"https:\/\/www.vsveicolispeciali.com\/wp-content\/uploads\/2023\/06\/food-truck-pistacchio-gelateria.jpg 1000w, https:\/\/www.vsveicolispeciali.com\/wp-content\/uploads\/2023\/06\/food-truck-pistacchio-gelateria-300x240.jpg 300w, https:\/\/www.vsveicolispeciali.com\/wp-content\/uploads\/2023\/06\/food-truck-pistacchio-gelateria-768x614.jpg 768w, https:\/\/www.vsveicolispeciali.com\/wp-content\/uploads\/2023\/06\/food-truck-pistacchio-gelateria-700x560.jpg 700w\" sizes=\"(max-width: 1000px) 100vw, 1000px\" \/><\/a><\/p>\n<p>&nbsp;<br \/>\n<a href=\"https:\/\/www.vsveicolispeciali.com\/fr\/street-food-truck\/food-truck-renault-master-dolcelavita\/\"><strong>Dolcevita \u2013 Professiona Food Truck \u2013 Glaces et p\u00e2tisseries italiennes<\/strong><\/a><br \/>\n<a href=\"https:\/\/www.vsveicolispeciali.com\/wp-content\/uploads\/2016\/03\/Foodtruck_Street_Food_Dolcevita_1.jpg\"><img loading=\"lazy\" decoding=\"async\" class=\"alignleft size-full wp-image-2321\" src=\"https:\/\/www.vsveicolispeciali.com\/wp-content\/uploads\/2016\/03\/Foodtruck_Street_Food_Dolcevita_1.jpg\" alt=\"camion de glaces Dolcelavita aux couleurs chocolat et fraise\" width=\"1000\" height=\"800\" srcset=\"https:\/\/www.vsveicolispeciali.com\/wp-content\/uploads\/2016\/03\/Foodtruck_Street_Food_Dolcevita_1.jpg 1000w, https:\/\/www.vsveicolispeciali.com\/wp-content\/uploads\/2016\/03\/Foodtruck_Street_Food_Dolcevita_1-300x240.jpg 300w, https:\/\/www.vsveicolispeciali.com\/wp-content\/uploads\/2016\/03\/Foodtruck_Street_Food_Dolcevita_1-768x614.jpg 768w, https:\/\/www.vsveicolispeciali.com\/wp-content\/uploads\/2016\/03\/Foodtruck_Street_Food_Dolcevita_1-700x560.jpg 700w\" sizes=\"(max-width: 1000px) 100vw, 1000px\" \/><\/a><\/p>\n<p>&nbsp;<br \/>\n<a href=\"https:\/\/www.vsveicolispeciali.com\/fr\/street-food-truck\/food-truck-churros-les-triporteur-personnalise-churros-du-chef\/\"><strong>Les Churros du Chef \u2013 Piaggio Ape V-Curve \u2013 Churros<\/strong><\/a><br \/>\n<a href=\"https:\/\/www.vsveicolispeciali.com\/wp-content\/uploads\/2024\/01\/food-truck-les-churros.jpg\"><img loading=\"lazy\" decoding=\"async\" class=\"alignleft size-full wp-image-24992\" src=\"https:\/\/www.vsveicolispeciali.com\/wp-content\/uploads\/2024\/01\/food-truck-les-churros.jpg\" alt=\"food truck les churros in Paris\" width=\"1200\" height=\"1395\" srcset=\"https:\/\/www.vsveicolispeciali.com\/wp-content\/uploads\/2024\/01\/food-truck-les-churros.jpg 1200w, https:\/\/www.vsveicolispeciali.com\/wp-content\/uploads\/2024\/01\/food-truck-les-churros-258x300.jpg 258w, https:\/\/www.vsveicolispeciali.com\/wp-content\/uploads\/2024\/01\/food-truck-les-churros-881x1024.jpg 881w, https:\/\/www.vsveicolispeciali.com\/wp-content\/uploads\/2024\/01\/food-truck-les-churros-768x893.jpg 768w, https:\/\/www.vsveicolispeciali.com\/wp-content\/uploads\/2024\/01\/food-truck-les-churros-700x814.jpg 700w\" sizes=\"(max-width: 1200px) 100vw, 1200px\" \/><\/a><\/p>\n<p>&nbsp;<br \/>\n<a href=\"https:\/\/www.vsveicolispeciali.com\/fr\/street-food-truck\/camion-boulangerie-leclaire-de-genie\/\"><strong>L\u2019Eclaire De Gen\u00ece \u2013 Piaggio Ape V-Curve &#8211; \u00c9clairs<\/strong><\/a><br \/>\n<a href=\"https:\/\/www.vsveicolispeciali.com\/wp-content\/uploads\/2024\/01\/eclairs-street-food-truck.jpg\"><img loading=\"lazy\" decoding=\"async\" class=\"alignleft size-full wp-image-24996\" src=\"https:\/\/www.vsveicolispeciali.com\/wp-content\/uploads\/2024\/01\/eclairs-street-food-truck.jpg\" alt=\"eclairs street food vendus avec food truck piaggio\" width=\"1280\" height=\"720\" srcset=\"https:\/\/www.vsveicolispeciali.com\/wp-content\/uploads\/2024\/01\/eclairs-street-food-truck.jpg 1280w, https:\/\/www.vsveicolispeciali.com\/wp-content\/uploads\/2024\/01\/eclairs-street-food-truck-300x169.jpg 300w, https:\/\/www.vsveicolispeciali.com\/wp-content\/uploads\/2024\/01\/eclairs-street-food-truck-1024x576.jpg 1024w, https:\/\/www.vsveicolispeciali.com\/wp-content\/uploads\/2024\/01\/eclairs-street-food-truck-768x432.jpg 768w, https:\/\/www.vsveicolispeciali.com\/wp-content\/uploads\/2024\/01\/eclairs-street-food-truck-700x394.jpg 700w, https:\/\/www.vsveicolispeciali.com\/wp-content\/uploads\/2024\/01\/eclairs-street-food-truck-539x303.jpg 539w\" sizes=\"(max-width: 1280px) 100vw, 1280px\" \/><\/a><\/p>\n<p>&nbsp;<br \/>\n<a href=\"https:\/\/www.vsveicolispeciali.com\/fr\/street-food-truck\/camion-patisserie-glacier\/\" rel=\"noopener\" target=\"_blank\">Ivima &#8211; NV Food Truck &#8211; P\u00e2tisserie-Glacier<\/a><br \/>\n<a href=\"https:\/\/www.vsveicolispeciali.com\/wp-content\/uploads\/2024\/12\/patisserie-food-truck-glacier.jpg\"><img loading=\"lazy\" decoding=\"async\" src=\"https:\/\/www.vsveicolispeciali.com\/wp-content\/uploads\/2024\/12\/patisserie-food-truck-glacier.jpg\" alt=\"patisserie food truck glacier\" width=\"810\" height=\"608\" class=\"alignleft size-full wp-image-27412\" srcset=\"https:\/\/www.vsveicolispeciali.com\/wp-content\/uploads\/2024\/12\/patisserie-food-truck-glacier.jpg 810w, https:\/\/www.vsveicolispeciali.com\/wp-content\/uploads\/2024\/12\/patisserie-food-truck-glacier-300x225.jpg 300w, https:\/\/www.vsveicolispeciali.com\/wp-content\/uploads\/2024\/12\/patisserie-food-truck-glacier-768x576.jpg 768w, https:\/\/www.vsveicolispeciali.com\/wp-content\/uploads\/2024\/12\/patisserie-food-truck-glacier-800x600.jpg 800w, https:\/\/www.vsveicolispeciali.com\/wp-content\/uploads\/2024\/12\/patisserie-food-truck-glacier-700x525.jpg 700w\" sizes=\"(max-width: 810px) 100vw, 810px\" \/><\/a><\/p>\n<p>Vous souhaitez un <a href=\"https:\/\/www.vsveicolispeciali.com\/fr\/amenagement-vehicules-magasin-commerce-ambulant\/food-truck-camion-magasin-pour-vente-ambulante\/\">food truck<\/a> personnalis\u00e9 \u00e9quip\u00e9 de tout ce dont vous avez besoin pour <a href=\"https:\/\/www.vsveicolispeciali.com\/fr\/street-food\/camion-food-truck-patisserie\/\" rel=\"noopener\" target=\"_blank\">vendre vos produits sucr\u00e9s<\/a>?<\/p>\n<p>N&rsquo;h\u00e9sitez pas \u00e0 <a href=\"https:\/\/www.vsveicolispeciali.com\/fr\/contacts_vs\/\">nous contacter<\/a>. Nous mettrons notre exp\u00e9rience au service de votre projet.<\/p>\n\n\t\t<style type=\"text\/css\">\n\t\t\t#gallery-1 {\n\t\t\t\tmargin: auto;\n\t\t\t}\n\t\t\t#gallery-1 .gallery-item {\n\t\t\t\tfloat: left;\n\t\t\t\tmargin-top: 10px;\n\t\t\t\ttext-align: center;\n\t\t\t\twidth: 33%;\n\t\t\t}\n\t\t\t#gallery-1 img {\n\t\t\t\tborder: 2px solid #cfcfcf;\n\t\t\t}\n\t\t\t#gallery-1 .gallery-caption {\n\t\t\t\tmargin-left: 0;\n\t\t\t}\n\t\t\t\/* see gallery_shortcode() in wp-includes\/media.php *\/\n\t\t<\/style>\n\t\t<div id='gallery-1' class='gallery galleryid-25017 gallery-columns-3 gallery-size-thumbnail'><dl class='gallery-item'>\n\t\t\t<dt class='gallery-icon landscape'>\n\t\t\t\t<a href='https:\/\/www.vsveicolispeciali.com\/fr\/les-street-food-sucrees-les-plus-appreciees-en-europe\/pastel-de-belem-pasteis-de-nata-street-food-2\/'><img loading=\"lazy\" decoding=\"async\" width=\"150\" height=\"150\" src=\"https:\/\/www.vsveicolispeciali.com\/wp-content\/uploads\/2024\/01\/pastel-de-belem-pasteis-de-nata-street-food-150x150.jpg\" class=\"attachment-thumbnail size-thumbnail\" alt=\"pastel de belem o pasteis de nata \u00e8 un dolce street food tipico del Portogallo\" srcset=\"https:\/\/www.vsveicolispeciali.com\/wp-content\/uploads\/2024\/01\/pastel-de-belem-pasteis-de-nata-street-food-150x150.jpg 150w, https:\/\/www.vsveicolispeciali.com\/wp-content\/uploads\/2024\/01\/pastel-de-belem-pasteis-de-nata-street-food-570x570.jpg 570w, https:\/\/www.vsveicolispeciali.com\/wp-content\/uploads\/2024\/01\/pastel-de-belem-pasteis-de-nata-street-food-500x500.jpg 500w\" sizes=\"(max-width: 150px) 100vw, 150px\" \/><\/a>\n\t\t\t<\/dt><\/dl>\n\t\t\t<br style='clear: both' \/>\n\t\t<\/div>\n\n","protected":false},"excerpt":{"rendered":"<p>La riche tradition des desserts europ\u00e9ens continue de s&rsquo;innover avec l&rsquo;introduction de nouvelles combinaisons d&rsquo;ingr\u00e9dients et la fusion de recettes venant de diff\u00e9rents pays. Cependant, les friandises et les desserts classiques restent les plus populaires et sont couramment consomm\u00e9s dans la rue car ils sont&#8230;<\/p>\n","protected":false},"author":1001012,"featured_media":24973,"comment_status":"closed","ping_status":"open","sticky":false,"template":"","format":"gallery","meta":{"footnotes":""},"categories":[27],"tags":[205],"class_list":["post-25017","post","type-post","status-publish","format-gallery","has-post-thumbnail","hentry","category-news-fr","tag-street-food","post_format-post-format-gallery"],"yoast_head":"<!-- This site is optimized with the Yoast SEO plugin v25.4 - https:\/\/yoast.com\/wordpress\/plugins\/seo\/ -->\n<title>Les Street-Food Sucr\u00e9es les Plus Appr\u00e9ci\u00e9es en Europe<\/title>\n<meta name=\"description\" content=\"D\u00e9couvrez quels aliments sucr\u00e9s sont les plus vendus dans les rues europ\u00e9ennes\u00a0: cr\u00eapes, gaufres, glaces, churros, baklava, bretzels sucr\u00e9s ..\" \/>\n<meta name=\"robots\" content=\"index, follow, max-snippet:-1, max-image-preview:large, max-video-preview:-1\" \/>\n<link rel=\"canonical\" href=\"https:\/\/www.vsveicolispeciali.com\/fr\/les-street-food-sucrees-les-plus-appreciees-en-europe\/\" \/>\n<meta property=\"og:locale\" content=\"fr_FR\" \/>\n<meta property=\"og:type\" content=\"article\" \/>\n<meta property=\"og:title\" content=\"Les Street-Food Sucr\u00e9es les Plus Appr\u00e9ci\u00e9es en Europe\" \/>\n<meta property=\"og:description\" content=\"D\u00e9couvrez quels aliments sucr\u00e9s sont les plus vendus dans les rues europ\u00e9ennes\u00a0: cr\u00eapes, gaufres, glaces, churros, baklava, bretzels sucr\u00e9s ..\" \/>\n<meta property=\"og:url\" content=\"https:\/\/www.vsveicolispeciali.com\/fr\/les-street-food-sucrees-les-plus-appreciees-en-europe\/\" \/>\n<meta property=\"og:site_name\" content=\"VS Veicoli Speciali\" \/>\n<meta property=\"article:publisher\" content=\"https:\/\/www.facebook.com\/VSVeicoliSpeciali.Food.Trucks\/\" \/>\n<meta property=\"article:published_time\" content=\"2024-01-07T15:49:17+00:00\" \/>\n<meta property=\"article:modified_time\" content=\"2025-05-01T10:03:27+00:00\" \/>\n<meta property=\"og:image\" content=\"https:\/\/www.vsveicolispeciali.com\/wp-content\/uploads\/2024\/01\/pastel-de-belem-pasteis-de-nata-street-food.jpg\" \/>\n\t<meta property=\"og:image:width\" content=\"1200\" \/>\n\t<meta property=\"og:image:height\" content=\"800\" \/>\n\t<meta property=\"og:image:type\" content=\"image\/jpeg\" \/>\n<meta name=\"author\" content=\"VS Veicoli Speciali\" \/>\n<meta name=\"twitter:card\" content=\"summary_large_image\" \/>\n<meta name=\"twitter:creator\" content=\"@veicolispeciali\" \/>\n<meta name=\"twitter:site\" content=\"@veicolispeciali\" \/>\n<meta name=\"twitter:label1\" content=\"\u00c9crit par\" \/>\n\t<meta name=\"twitter:data1\" content=\"VS Veicoli Speciali\" \/>\n\t<meta name=\"twitter:label2\" content=\"Dur\u00e9e de lecture estim\u00e9e\" \/>\n\t<meta name=\"twitter:data2\" content=\"8 minutes\" \/>\n<script type=\"application\/ld+json\" class=\"yoast-schema-graph\">{\"@context\":\"https:\/\/schema.org\",\"@graph\":[{\"@type\":\"Article\",\"@id\":\"https:\/\/www.vsveicolispeciali.com\/fr\/les-street-food-sucrees-les-plus-appreciees-en-europe\/#article\",\"isPartOf\":{\"@id\":\"https:\/\/www.vsveicolispeciali.com\/fr\/les-street-food-sucrees-les-plus-appreciees-en-europe\/\"},\"author\":{\"name\":\"VS Veicoli Speciali\",\"@id\":\"https:\/\/www.vsveicolispeciali.com\/fr\/#\/schema\/person\/1241826d792bde4333b3db1395b12be9\"},\"headline\":\"Les Street-Food Sucr\u00e9es les Plus Appr\u00e9ci\u00e9es en Europe\",\"datePublished\":\"2024-01-07T15:49:17+00:00\",\"dateModified\":\"2025-05-01T10:03:27+00:00\",\"mainEntityOfPage\":{\"@id\":\"https:\/\/www.vsveicolispeciali.com\/fr\/les-street-food-sucrees-les-plus-appreciees-en-europe\/\"},\"wordCount\":835,\"publisher\":{\"@id\":\"https:\/\/www.vsveicolispeciali.com\/fr\/#organization\"},\"image\":{\"@id\":\"https:\/\/www.vsveicolispeciali.com\/fr\/les-street-food-sucrees-les-plus-appreciees-en-europe\/#primaryimage\"},\"thumbnailUrl\":\"https:\/\/www.vsveicolispeciali.com\/wp-content\/uploads\/2024\/01\/pastel-de-belem-pasteis-de-nata-street-food.jpg\",\"keywords\":[\"street food\"],\"articleSection\":[\"News\"],\"inLanguage\":\"fr-FR\"},{\"@type\":\"WebPage\",\"@id\":\"https:\/\/www.vsveicolispeciali.com\/fr\/les-street-food-sucrees-les-plus-appreciees-en-europe\/\",\"url\":\"https:\/\/www.vsveicolispeciali.com\/fr\/les-street-food-sucrees-les-plus-appreciees-en-europe\/\",\"name\":\"Les Street-Food Sucr\u00e9es les Plus Appr\u00e9ci\u00e9es en Europe\",\"isPartOf\":{\"@id\":\"https:\/\/www.vsveicolispeciali.com\/fr\/#website\"},\"primaryImageOfPage\":{\"@id\":\"https:\/\/www.vsveicolispeciali.com\/fr\/les-street-food-sucrees-les-plus-appreciees-en-europe\/#primaryimage\"},\"image\":{\"@id\":\"https:\/\/www.vsveicolispeciali.com\/fr\/les-street-food-sucrees-les-plus-appreciees-en-europe\/#primaryimage\"},\"thumbnailUrl\":\"https:\/\/www.vsveicolispeciali.com\/wp-content\/uploads\/2024\/01\/pastel-de-belem-pasteis-de-nata-street-food.jpg\",\"datePublished\":\"2024-01-07T15:49:17+00:00\",\"dateModified\":\"2025-05-01T10:03:27+00:00\",\"description\":\"D\u00e9couvrez quels aliments sucr\u00e9s sont les plus vendus dans les rues europ\u00e9ennes\u00a0: cr\u00eapes, gaufres, glaces, churros, baklava, bretzels sucr\u00e9s ..\",\"breadcrumb\":{\"@id\":\"https:\/\/www.vsveicolispeciali.com\/fr\/les-street-food-sucrees-les-plus-appreciees-en-europe\/#breadcrumb\"},\"inLanguage\":\"fr-FR\",\"potentialAction\":[{\"@type\":\"ReadAction\",\"target\":[\"https:\/\/www.vsveicolispeciali.com\/fr\/les-street-food-sucrees-les-plus-appreciees-en-europe\/\"]}]},{\"@type\":\"ImageObject\",\"inLanguage\":\"fr-FR\",\"@id\":\"https:\/\/www.vsveicolispeciali.com\/fr\/les-street-food-sucrees-les-plus-appreciees-en-europe\/#primaryimage\",\"url\":\"https:\/\/www.vsveicolispeciali.com\/wp-content\/uploads\/2024\/01\/pastel-de-belem-pasteis-de-nata-street-food.jpg\",\"contentUrl\":\"https:\/\/www.vsveicolispeciali.com\/wp-content\/uploads\/2024\/01\/pastel-de-belem-pasteis-de-nata-street-food.jpg\",\"width\":1200,\"height\":800,\"caption\":\"pastel de belem o pasteis de nata \u00e8 un dolce street food tipico del Portogallo\"},{\"@type\":\"BreadcrumbList\",\"@id\":\"https:\/\/www.vsveicolispeciali.com\/fr\/les-street-food-sucrees-les-plus-appreciees-en-europe\/#breadcrumb\",\"itemListElement\":[{\"@type\":\"ListItem\",\"position\":1,\"name\":\"Home\",\"item\":\"https:\/\/www.vsveicolispeciali.com\/fr\/\"},{\"@type\":\"ListItem\",\"position\":2,\"name\":\"Les Street-Food Sucr\u00e9es les Plus Appr\u00e9ci\u00e9es en Europe\"}]},{\"@type\":\"WebSite\",\"@id\":\"https:\/\/www.vsveicolispeciali.com\/fr\/#website\",\"url\":\"https:\/\/www.vsveicolispeciali.com\/fr\/\",\"name\":\"VS Veicoli Speciali\",\"description\":\"\",\"publisher\":{\"@id\":\"https:\/\/www.vsveicolispeciali.com\/fr\/#organization\"},\"potentialAction\":[{\"@type\":\"SearchAction\",\"target\":{\"@type\":\"EntryPoint\",\"urlTemplate\":\"https:\/\/www.vsveicolispeciali.com\/fr\/?s={search_term_string}\"},\"query-input\":{\"@type\":\"PropertyValueSpecification\",\"valueRequired\":true,\"valueName\":\"search_term_string\"}}],\"inLanguage\":\"fr-FR\"},{\"@type\":\"Organization\",\"@id\":\"https:\/\/www.vsveicolispeciali.com\/fr\/#organization\",\"name\":\"VS Veicoli Speciali\",\"url\":\"https:\/\/www.vsveicolispeciali.com\/fr\/\",\"logo\":{\"@type\":\"ImageObject\",\"inLanguage\":\"fr-FR\",\"@id\":\"https:\/\/www.vsveicolispeciali.com\/fr\/#\/schema\/logo\/image\/\",\"url\":\"http:\/\/www.vsveicolispeciali.com\/wp-content\/uploads\/2015\/05\/vs_veicoli_speciali-logo.png\",\"contentUrl\":\"http:\/\/www.vsveicolispeciali.com\/wp-content\/uploads\/2015\/05\/vs_veicoli_speciali-logo.png\",\"width\":252,\"height\":134,\"caption\":\"VS Veicoli Speciali\"},\"image\":{\"@id\":\"https:\/\/www.vsveicolispeciali.com\/fr\/#\/schema\/logo\/image\/\"},\"sameAs\":[\"https:\/\/www.facebook.com\/VSVeicoliSpeciali.Food.Trucks\/\",\"https:\/\/x.com\/veicolispeciali\",\"https:\/\/www.instagram.com\/vs_veicolispeciali\/\",\"https:\/\/www.linkedin.com\/company\/2811960\/\",\"https:\/\/www.pinterest.com\/streetfoodtruck\/\",\"https:\/\/www.youtube.com\/user\/veicolispeciali\"]},{\"@type\":\"Person\",\"@id\":\"https:\/\/www.vsveicolispeciali.com\/fr\/#\/schema\/person\/1241826d792bde4333b3db1395b12be9\",\"name\":\"VS Veicoli Speciali\",\"image\":{\"@type\":\"ImageObject\",\"inLanguage\":\"fr-FR\",\"@id\":\"https:\/\/www.vsveicolispeciali.com\/fr\/#\/schema\/person\/image\/\",\"url\":\"https:\/\/secure.gravatar.com\/avatar\/4ea93278e71ba140dbbbfb5d34409507?s=96&d=mm&r=g\",\"contentUrl\":\"https:\/\/secure.gravatar.com\/avatar\/4ea93278e71ba140dbbbfb5d34409507?s=96&d=mm&r=g\",\"caption\":\"VS Veicoli Speciali\"}}]}<\/script>\n<!-- \/ Yoast SEO plugin. -->","yoast_head_json":{"title":"Les Street-Food Sucr\u00e9es les Plus Appr\u00e9ci\u00e9es en Europe","description":"D\u00e9couvrez quels aliments sucr\u00e9s sont les plus vendus dans les rues europ\u00e9ennes\u00a0: cr\u00eapes, gaufres, glaces, churros, baklava, bretzels sucr\u00e9s ..","robots":{"index":"index","follow":"follow","max-snippet":"max-snippet:-1","max-image-preview":"max-image-preview:large","max-video-preview":"max-video-preview:-1"},"canonical":"https:\/\/www.vsveicolispeciali.com\/fr\/les-street-food-sucrees-les-plus-appreciees-en-europe\/","og_locale":"fr_FR","og_type":"article","og_title":"Les Street-Food Sucr\u00e9es les Plus Appr\u00e9ci\u00e9es en Europe","og_description":"D\u00e9couvrez quels aliments sucr\u00e9s sont les plus vendus dans les rues europ\u00e9ennes\u00a0: cr\u00eapes, gaufres, glaces, churros, baklava, bretzels sucr\u00e9s ..","og_url":"https:\/\/www.vsveicolispeciali.com\/fr\/les-street-food-sucrees-les-plus-appreciees-en-europe\/","og_site_name":"VS Veicoli Speciali","article_publisher":"https:\/\/www.facebook.com\/VSVeicoliSpeciali.Food.Trucks\/","article_published_time":"2024-01-07T15:49:17+00:00","article_modified_time":"2025-05-01T10:03:27+00:00","og_image":[{"width":1200,"height":800,"url":"https:\/\/www.vsveicolispeciali.com\/wp-content\/uploads\/2024\/01\/pastel-de-belem-pasteis-de-nata-street-food.jpg","type":"image\/jpeg"}],"author":"VS Veicoli Speciali","twitter_card":"summary_large_image","twitter_creator":"@veicolispeciali","twitter_site":"@veicolispeciali","twitter_misc":{"\u00c9crit par":"VS Veicoli Speciali","Dur\u00e9e de lecture estim\u00e9e":"8 minutes"},"schema":{"@context":"https:\/\/schema.org","@graph":[{"@type":"Article","@id":"https:\/\/www.vsveicolispeciali.com\/fr\/les-street-food-sucrees-les-plus-appreciees-en-europe\/#article","isPartOf":{"@id":"https:\/\/www.vsveicolispeciali.com\/fr\/les-street-food-sucrees-les-plus-appreciees-en-europe\/"},"author":{"name":"VS Veicoli Speciali","@id":"https:\/\/www.vsveicolispeciali.com\/fr\/#\/schema\/person\/1241826d792bde4333b3db1395b12be9"},"headline":"Les Street-Food Sucr\u00e9es les Plus Appr\u00e9ci\u00e9es en Europe","datePublished":"2024-01-07T15:49:17+00:00","dateModified":"2025-05-01T10:03:27+00:00","mainEntityOfPage":{"@id":"https:\/\/www.vsveicolispeciali.com\/fr\/les-street-food-sucrees-les-plus-appreciees-en-europe\/"},"wordCount":835,"publisher":{"@id":"https:\/\/www.vsveicolispeciali.com\/fr\/#organization"},"image":{"@id":"https:\/\/www.vsveicolispeciali.com\/fr\/les-street-food-sucrees-les-plus-appreciees-en-europe\/#primaryimage"},"thumbnailUrl":"https:\/\/www.vsveicolispeciali.com\/wp-content\/uploads\/2024\/01\/pastel-de-belem-pasteis-de-nata-street-food.jpg","keywords":["street food"],"articleSection":["News"],"inLanguage":"fr-FR"},{"@type":"WebPage","@id":"https:\/\/www.vsveicolispeciali.com\/fr\/les-street-food-sucrees-les-plus-appreciees-en-europe\/","url":"https:\/\/www.vsveicolispeciali.com\/fr\/les-street-food-sucrees-les-plus-appreciees-en-europe\/","name":"Les Street-Food Sucr\u00e9es les Plus Appr\u00e9ci\u00e9es en Europe","isPartOf":{"@id":"https:\/\/www.vsveicolispeciali.com\/fr\/#website"},"primaryImageOfPage":{"@id":"https:\/\/www.vsveicolispeciali.com\/fr\/les-street-food-sucrees-les-plus-appreciees-en-europe\/#primaryimage"},"image":{"@id":"https:\/\/www.vsveicolispeciali.com\/fr\/les-street-food-sucrees-les-plus-appreciees-en-europe\/#primaryimage"},"thumbnailUrl":"https:\/\/www.vsveicolispeciali.com\/wp-content\/uploads\/2024\/01\/pastel-de-belem-pasteis-de-nata-street-food.jpg","datePublished":"2024-01-07T15:49:17+00:00","dateModified":"2025-05-01T10:03:27+00:00","description":"D\u00e9couvrez quels aliments sucr\u00e9s sont les plus vendus dans les rues europ\u00e9ennes\u00a0: cr\u00eapes, gaufres, glaces, churros, baklava, bretzels sucr\u00e9s ..","breadcrumb":{"@id":"https:\/\/www.vsveicolispeciali.com\/fr\/les-street-food-sucrees-les-plus-appreciees-en-europe\/#breadcrumb"},"inLanguage":"fr-FR","potentialAction":[{"@type":"ReadAction","target":["https:\/\/www.vsveicolispeciali.com\/fr\/les-street-food-sucrees-les-plus-appreciees-en-europe\/"]}]},{"@type":"ImageObject","inLanguage":"fr-FR","@id":"https:\/\/www.vsveicolispeciali.com\/fr\/les-street-food-sucrees-les-plus-appreciees-en-europe\/#primaryimage","url":"https:\/\/www.vsveicolispeciali.com\/wp-content\/uploads\/2024\/01\/pastel-de-belem-pasteis-de-nata-street-food.jpg","contentUrl":"https:\/\/www.vsveicolispeciali.com\/wp-content\/uploads\/2024\/01\/pastel-de-belem-pasteis-de-nata-street-food.jpg","width":1200,"height":800,"caption":"pastel de belem o pasteis de nata \u00e8 un dolce street food tipico del Portogallo"},{"@type":"BreadcrumbList","@id":"https:\/\/www.vsveicolispeciali.com\/fr\/les-street-food-sucrees-les-plus-appreciees-en-europe\/#breadcrumb","itemListElement":[{"@type":"ListItem","position":1,"name":"Home","item":"https:\/\/www.vsveicolispeciali.com\/fr\/"},{"@type":"ListItem","position":2,"name":"Les Street-Food Sucr\u00e9es les Plus Appr\u00e9ci\u00e9es en Europe"}]},{"@type":"WebSite","@id":"https:\/\/www.vsveicolispeciali.com\/fr\/#website","url":"https:\/\/www.vsveicolispeciali.com\/fr\/","name":"VS Veicoli Speciali","description":"","publisher":{"@id":"https:\/\/www.vsveicolispeciali.com\/fr\/#organization"},"potentialAction":[{"@type":"SearchAction","target":{"@type":"EntryPoint","urlTemplate":"https:\/\/www.vsveicolispeciali.com\/fr\/?s={search_term_string}"},"query-input":{"@type":"PropertyValueSpecification","valueRequired":true,"valueName":"search_term_string"}}],"inLanguage":"fr-FR"},{"@type":"Organization","@id":"https:\/\/www.vsveicolispeciali.com\/fr\/#organization","name":"VS Veicoli Speciali","url":"https:\/\/www.vsveicolispeciali.com\/fr\/","logo":{"@type":"ImageObject","inLanguage":"fr-FR","@id":"https:\/\/www.vsveicolispeciali.com\/fr\/#\/schema\/logo\/image\/","url":"http:\/\/www.vsveicolispeciali.com\/wp-content\/uploads\/2015\/05\/vs_veicoli_speciali-logo.png","contentUrl":"http:\/\/www.vsveicolispeciali.com\/wp-content\/uploads\/2015\/05\/vs_veicoli_speciali-logo.png","width":252,"height":134,"caption":"VS Veicoli Speciali"},"image":{"@id":"https:\/\/www.vsveicolispeciali.com\/fr\/#\/schema\/logo\/image\/"},"sameAs":["https:\/\/www.facebook.com\/VSVeicoliSpeciali.Food.Trucks\/","https:\/\/x.com\/veicolispeciali","https:\/\/www.instagram.com\/vs_veicolispeciali\/","https:\/\/www.linkedin.com\/company\/2811960\/","https:\/\/www.pinterest.com\/streetfoodtruck\/","https:\/\/www.youtube.com\/user\/veicolispeciali"]},{"@type":"Person","@id":"https:\/\/www.vsveicolispeciali.com\/fr\/#\/schema\/person\/1241826d792bde4333b3db1395b12be9","name":"VS Veicoli Speciali","image":{"@type":"ImageObject","inLanguage":"fr-FR","@id":"https:\/\/www.vsveicolispeciali.com\/fr\/#\/schema\/person\/image\/","url":"https:\/\/secure.gravatar.com\/avatar\/4ea93278e71ba140dbbbfb5d34409507?s=96&d=mm&r=g","contentUrl":"https:\/\/secure.gravatar.com\/avatar\/4ea93278e71ba140dbbbfb5d34409507?s=96&d=mm&r=g","caption":"VS Veicoli Speciali"}}]}},"_links":{"self":[{"href":"https:\/\/www.vsveicolispeciali.com\/fr\/wp-json\/wp\/v2\/posts\/25017"}],"collection":[{"href":"https:\/\/www.vsveicolispeciali.com\/fr\/wp-json\/wp\/v2\/posts"}],"about":[{"href":"https:\/\/www.vsveicolispeciali.com\/fr\/wp-json\/wp\/v2\/types\/post"}],"author":[{"embeddable":true,"href":"https:\/\/www.vsveicolispeciali.com\/fr\/wp-json\/wp\/v2\/users\/1001012"}],"replies":[{"embeddable":true,"href":"https:\/\/www.vsveicolispeciali.com\/fr\/wp-json\/wp\/v2\/comments?post=25017"}],"version-history":[{"count":7,"href":"https:\/\/www.vsveicolispeciali.com\/fr\/wp-json\/wp\/v2\/posts\/25017\/revisions"}],"predecessor-version":[{"id":27878,"href":"https:\/\/www.vsveicolispeciali.com\/fr\/wp-json\/wp\/v2\/posts\/25017\/revisions\/27878"}],"wp:featuredmedia":[{"embeddable":true,"href":"https:\/\/www.vsveicolispeciali.com\/fr\/wp-json\/wp\/v2\/media\/24973"}],"wp:attachment":[{"href":"https:\/\/www.vsveicolispeciali.com\/fr\/wp-json\/wp\/v2\/media?parent=25017"}],"wp:term":[{"taxonomy":"category","embeddable":true,"href":"https:\/\/www.vsveicolispeciali.com\/fr\/wp-json\/wp\/v2\/categories?post=25017"},{"taxonomy":"post_tag","embeddable":true,"href":"https:\/\/www.vsveicolispeciali.com\/fr\/wp-json\/wp\/v2\/tags?post=25017"}],"curies":[{"name":"wp","href":"https:\/\/api.w.org\/{rel}","templated":true}]}}