{"id":21662,"date":"2023-02-10T18:16:54","date_gmt":"2023-02-10T17:16:54","guid":{"rendered":"http:\/\/www.vsveicolispeciali.com\/fashion-trucks-attract-haute-couture-brands\/"},"modified":"2024-12-16T19:41:20","modified_gmt":"2024-12-16T18:41:20","slug":"les-fashion-trucks-seduisent-les-marques-de-haute-couture","status":"publish","type":"post","link":"https:\/\/www.vsveicolispeciali.com\/fr\/les-fashion-trucks-seduisent-les-marques-de-haute-couture\/","title":{"rendered":"Les fashion trucks s\u00e9duisent les marques de haute couture"},"content":{"rendered":"<p>Les <strong>maisons de couture<\/strong> ont toujours \u00e9t\u00e9 parmi les entreprises les plus dynamiques et les plus ouvertes \u00e0 la nouveaut\u00e9. Il ne pouvait pas en \u00eatre autrement puisqu&rsquo;elles \u00e9voluent dans un secteur o\u00f9 les produits, les go\u00fbts des clients et les demandes de la soci\u00e9t\u00e9 \u00e9voluent d\u2019une saison \u00e0 l\u2019autre.<\/p>\n<p><strong>Le secteur du pr\u00eat-\u00e0-porter et des accessoires<\/strong> de mode se caract\u00e9rise \u00e9galement par une concurrence \u00e9norme et f\u00e9roce. Quiconque s&rsquo;arr\u00eate, m\u00eame un instant, se retrouve distanc\u00e9.<\/p>\n<p>La recherche sur les techniques de production, les mat\u00e9riaux et l&rsquo;innovation en mati\u00e8re de produits va de pair avec la <strong>n\u00e9cessit\u00e9 d&rsquo;innover en mati\u00e8re de strat\u00e9gies de marketing<\/strong> et de fa\u00e7ons de promouvoir les produits et les marques.<\/p>\n<p>Le <strong>fashion truck<\/strong> est un <a href=\"https:\/\/www.vsveicolispeciali.com\/fr\/camion-magasin-vetement-le-prototype-de-tous-les-magasins-ambulants\/\" rel=\"noopener\" target=\"_blank\">camion magasin de v\u00eatement<\/a> am\u00e9nag\u00e9e en fonction des besoins de l&rsquo;entreprise cliente, qui peuvent les suivants\u00a0:<\/p>\n<ul class=\"lista\">\n<li>vendre des produits,<\/li>\n<li>les exposer et les promouvoir,<\/li>\n<li>donner de la visibilit\u00e9 \u00e0 une marque ou \u00e0 une sous-marque donn\u00e9e,<\/li>\n<li>promouvoir la marque,<\/li>\n<li>offrir un service d&rsquo;information,<\/li>\n<li>l&rsquo;\u00e9ducation du public \u00e0 l&rsquo;utilisation d&rsquo;un produit,<\/li>\n<li>am\u00e9nager un espace d&rsquo;exposition ou commercial.<\/li>\n<\/ul>\n<p>&nbsp;<\/p>\n<p>Les mat\u00e9riaux, l&rsquo;\u00e9clairage, les \u00e9l\u00e9ments graphiques, les couleurs, les \u00e9l\u00e9ments d\u00e9coratifs et les accessoires sont incorpor\u00e9s avec go\u00fbt et de mani\u00e8re coh\u00e9rente dans le <a href=\"https:\/\/www.vsveicolispeciali.com\/fr\/amenagement-vehicules-magasin-commerce-ambulant\/boutique-nomade-camion-evenementiel\/\" rel=\"noopener\" target=\"_blank\">boutique nomade<\/a>, <strong>conform\u00e9ment aux sp\u00e9cifications du client<\/strong>.<\/p>\n<p>&nbsp;<br \/>\n<a href=\"https:\/\/www.vsveicolispeciali.com\/wp-content\/uploads\/2023\/02\/Jennifer-Pie-autonegozio-piaggio.jpg\"><img loading=\"lazy\" decoding=\"async\" class=\"alignnone size-full wp-image-21539\" src=\"https:\/\/www.vsveicolispeciali.com\/wp-content\/uploads\/2023\/02\/Jennifer-Pie-autonegozio-piaggio.jpg\" alt=\"Piaggio boutique truck Jennifer Pie avec configuration personnalis\u00e9e pour l'exposition et la vente de sous-v\u00eatements\" width=\"810\" height=\"810\" srcset=\"https:\/\/www.vsveicolispeciali.com\/wp-content\/uploads\/2023\/02\/Jennifer-Pie-autonegozio-piaggio.jpg 810w, https:\/\/www.vsveicolispeciali.com\/wp-content\/uploads\/2023\/02\/Jennifer-Pie-autonegozio-piaggio-300x300.jpg 300w, https:\/\/www.vsveicolispeciali.com\/wp-content\/uploads\/2023\/02\/Jennifer-Pie-autonegozio-piaggio-150x150.jpg 150w, https:\/\/www.vsveicolispeciali.com\/wp-content\/uploads\/2023\/02\/Jennifer-Pie-autonegozio-piaggio-768x768.jpg 768w, https:\/\/www.vsveicolispeciali.com\/wp-content\/uploads\/2023\/02\/Jennifer-Pie-autonegozio-piaggio-570x570.jpg 570w, https:\/\/www.vsveicolispeciali.com\/wp-content\/uploads\/2023\/02\/Jennifer-Pie-autonegozio-piaggio-500x500.jpg 500w, https:\/\/www.vsveicolispeciali.com\/wp-content\/uploads\/2023\/02\/Jennifer-Pie-autonegozio-piaggio-700x700.jpg 700w\" sizes=\"(max-width: 810px) 100vw, 810px\" \/><\/a><br \/>\n&nbsp;<\/p>\n<p>L&rsquo;<strong>installation<\/strong> est construite selon un projet m\u00e9ticuleusement <strong>ergonomique et design<\/strong>, de mani\u00e8re \u00e0 faciliter le travail du personnel et \u00e0 optimiser la pr\u00e9sentation des produits.<\/p>\n<p>Le <strong>fashion truck<\/strong>, de la m\u00eame mani\u00e8re que les <a href=\"https:\/\/www.vsveicolispeciali.com\/fr\/camions-boutiques-pour-societes-de-cosmetiques-et-fabricants-de-parfums\/\" rel=\"noopener\" target=\"_blank\">beauty trucks<\/a>, peut \u00eatre \u00e9quip\u00e9 pour une large gamme de produits :<\/p>\n<ul class=\"lista\">\n<li>le <strong>pr\u00eat-\u00e0-porter<\/strong> (robes, vestes, chaussures, pantalons, jupes, chaussettes, chemises, costumes, sous-v\u00eatements, etc.),<\/li>\n<li>les <strong>accessoires de mode<\/strong> (sacs, lunettes, bijoux, montres, portefeuilles, chapeaux, gants, \u00e9charpes, cravates, ceintures, broches, bretelles, etc.).<\/li>\n<\/ul>\n<p>&nbsp;<\/p>\n<h3><a href=\"https:\/\/www.vsveicolispeciali.com\/fr\/street-food-truck\/fashion-truck-vintage-christian-dior\/\"><strong>CHRISTIAN DIOR<\/strong><\/a><\/h3>\n<p><a href=\"https:\/\/www.vsveicolispeciali.com\/wp-content\/uploads\/2024\/08\/fashion-truck-evenementiel-christian-dior.jpg\"><img loading=\"lazy\" decoding=\"async\" src=\"https:\/\/www.vsveicolispeciali.com\/wp-content\/uploads\/2024\/08\/fashion-truck-evenementiel-christian-dior.jpg\" alt=\"fashion truck evenementiel christian dior\" width=\"1000\" height=\"677\" class=\"alignleft size-full wp-image-26275\" srcset=\"https:\/\/www.vsveicolispeciali.com\/wp-content\/uploads\/2024\/08\/fashion-truck-evenementiel-christian-dior.jpg 1000w, https:\/\/www.vsveicolispeciali.com\/wp-content\/uploads\/2024\/08\/fashion-truck-evenementiel-christian-dior-300x203.jpg 300w, https:\/\/www.vsveicolispeciali.com\/wp-content\/uploads\/2024\/08\/fashion-truck-evenementiel-christian-dior-768x520.jpg 768w, https:\/\/www.vsveicolispeciali.com\/wp-content\/uploads\/2024\/08\/fashion-truck-evenementiel-christian-dior-700x474.jpg 700w\" sizes=\"(max-width: 1000px) 100vw, 1000px\" \/><\/a><br \/>\n&nbsp;<br \/>\nEn fonction du type d&rsquo;articles manipul\u00e9s, divers <strong>\u00e9quipements et meubles<\/strong> seront mont\u00e9s sur le v\u00e9hicule\u00a0:<\/p>\n<ul class=\"lista\">\n<li>\u00e9tag\u00e8res de pr\u00e9sentation,<\/li>\n<li>tiroirs,<\/li>\n<li>portemanteaux,<\/li>\n<li>parois et vitrines,<\/li>\n<li>syst\u00e8mes antivol,<\/li>\n<li>compartiments de rangement,<\/li>\n<li>syst\u00e8me d&rsquo;\u00e9clairage personnalis\u00e9,<\/li>\n<li>etc.<\/li>\n<\/ul>\n<p>&nbsp;<\/p>\n<p><a href=\"https:\/\/www.vsveicolispeciali.com\/wp-content\/uploads\/2023\/02\/allestimento-autonegozio-abbigliamento-intimo.jpg\"><img loading=\"lazy\" decoding=\"async\" class=\"alignnone size-full wp-image-21511\" src=\"https:\/\/www.vsveicolispeciali.com\/wp-content\/uploads\/2023\/02\/allestimento-autonegozio-abbigliamento-intimo.jpg\" alt=\"am\u00e9nagement d'un fashion truck de sous-v\u00eatements avec des tiroirs, un miroir, des cintres et des compartiments d'affichage sur mesure\" width=\"810\" height=\"540\" srcset=\"https:\/\/www.vsveicolispeciali.com\/wp-content\/uploads\/2023\/02\/allestimento-autonegozio-abbigliamento-intimo.jpg 810w, https:\/\/www.vsveicolispeciali.com\/wp-content\/uploads\/2023\/02\/allestimento-autonegozio-abbigliamento-intimo-300x200.jpg 300w, https:\/\/www.vsveicolispeciali.com\/wp-content\/uploads\/2023\/02\/allestimento-autonegozio-abbigliamento-intimo-768x512.jpg 768w, https:\/\/www.vsveicolispeciali.com\/wp-content\/uploads\/2023\/02\/allestimento-autonegozio-abbigliamento-intimo-700x467.jpg 700w\" sizes=\"(max-width: 810px) 100vw, 810px\" \/><\/a><br \/>\n&nbsp;<br \/>\nChaque \u00e9l\u00e9ment est configur\u00e9 sur mesure et con\u00e7u pour \u00eatre utilis\u00e9 de fa\u00e7on pratique et l&rsquo;ensemble de l&rsquo;am\u00e9nagement est personnalis\u00e9 pour lui <strong>conf\u00e9rer une forte identit\u00e9 de marque et de produit<\/strong>.<\/p>\n<p>&nbsp;<\/p>\n<h3><a href=\"https:\/\/www.vsveicolispeciali.com\/fr\/street-food-truck\/remorque-boutique-de-vetements-robe-di-kappa\/\"><strong>ROBE DI KAPPA<\/strong><\/a><\/h3>\n<p><a href=\"https:\/\/www.vsveicolispeciali.com\/wp-content\/uploads\/2024\/10\/rimorchio-autonegozio-robe-di-kappa.jpg\"><img loading=\"lazy\" decoding=\"async\" src=\"https:\/\/www.vsveicolispeciali.com\/wp-content\/uploads\/2024\/10\/rimorchio-autonegozio-robe-di-kappa.jpg\" alt=\"fashion truck remorque boutique robe di kappa\" width=\"1080\" height=\"1080\" class=\"alignleft size-full wp-image-26529\" srcset=\"https:\/\/www.vsveicolispeciali.com\/wp-content\/uploads\/2024\/10\/rimorchio-autonegozio-robe-di-kappa.jpg 1080w, https:\/\/www.vsveicolispeciali.com\/wp-content\/uploads\/2024\/10\/rimorchio-autonegozio-robe-di-kappa-300x300.jpg 300w, https:\/\/www.vsveicolispeciali.com\/wp-content\/uploads\/2024\/10\/rimorchio-autonegozio-robe-di-kappa-1024x1024.jpg 1024w, https:\/\/www.vsveicolispeciali.com\/wp-content\/uploads\/2024\/10\/rimorchio-autonegozio-robe-di-kappa-150x150.jpg 150w, https:\/\/www.vsveicolispeciali.com\/wp-content\/uploads\/2024\/10\/rimorchio-autonegozio-robe-di-kappa-768x768.jpg 768w, https:\/\/www.vsveicolispeciali.com\/wp-content\/uploads\/2024\/10\/rimorchio-autonegozio-robe-di-kappa-570x570.jpg 570w, https:\/\/www.vsveicolispeciali.com\/wp-content\/uploads\/2024\/10\/rimorchio-autonegozio-robe-di-kappa-500x500.jpg 500w, https:\/\/www.vsveicolispeciali.com\/wp-content\/uploads\/2024\/10\/rimorchio-autonegozio-robe-di-kappa-1000x1000.jpg 1000w, https:\/\/www.vsveicolispeciali.com\/wp-content\/uploads\/2024\/10\/rimorchio-autonegozio-robe-di-kappa-700x700.jpg 700w\" sizes=\"(max-width: 1080px) 100vw, 1080px\" \/><\/a><\/p>\n<p>&nbsp;&nbsp;<\/p>\n<h2>Le charme du Piaggio Ape avec le plus environnemental<\/h2>\n<p>&nbsp;<\/p>\n<p>Autre aspect positif de ces \u00e9l\u00e9gants magasins ambulants\u00a0: ils peuvent \u00eatre <strong>\u00e9quip\u00e9s d&rsquo;un moteur \u00e9lectrique et d&rsquo;un syst\u00e8me d&rsquo;alimentation bas\u00e9 sur des batteries au lithium<\/strong>. De cette fa\u00e7on, l&rsquo;installation devient durable, propre, silencieuse et adapt\u00e9e \u00e0 tout contexte commercial.<\/p>\n<p>L&rsquo;un des v\u00e9hicules qui a su s\u2019adapter aux exigences environnementales est l&rsquo;<a href=\"https:\/\/www.vsveicolispeciali.com\/fr\/vs-innovation-lab\/triporteur-electrique-ape-vcurve\/\">Ape Piaggio \u00e9lectrique<\/a>, un v\u00e9hicule universellement appr\u00e9ci\u00e9 qui peut \u00eatre <strong>transform\u00e9 en un petit fashion truck<\/strong> capable de mettre en valeur n&rsquo;importe quelle marque gr\u00e2ce \u00e0 son design r\u00e9tro et \u00e9l\u00e9gant.<\/p>\n<p>Gr\u00e2ce \u00e0 la conversion de l\u2019Ape \u00e9lectrique, les marques de pr\u00eat-\u00e0-porter et d&rsquo;accessoires de mode peuvent tirer parti d&rsquo;un outil polyvalent qui pr\u00e9sente des <strong>avantages suppl\u00e9mentaires pour leur strat\u00e9gie de marketing<\/strong> :<\/p>\n<ul class=\"lista\">\n<li>capter l&rsquo;attention des passants,<\/li>\n<li>apporter de la valeur au contexte en \u00e9tant un objet de design en soi,<\/li>\n<li>amener de la joie de vivre et du dynamisme \u00e0 l&rsquo;environnement,<\/li>\n<li>faire la promotion de la marque tout en se d\u00e9pla\u00e7ant \u00e0 travers les rues.<\/li>\n<\/ul>\n<p>&nbsp;<br \/>\nUn <strong>investissement limit\u00e9 et des co\u00fbts de maintenance minimes<\/strong> pour un outil de promotion puissant et flexible.<\/p>\n<p>&nbsp;<\/p>\n<p><a href=\"https:\/\/www.vsveicolispeciali.com\/wp-content\/uploads\/2023\/02\/fendi-fashion-truck.jpg\"><img loading=\"lazy\" decoding=\"async\" class=\"alignnone size-full wp-image-21535\" src=\"https:\/\/www.vsveicolispeciali.com\/wp-content\/uploads\/2023\/02\/fendi-fashion-truck.jpg\" alt=\"camion promotionnel et d'exposition fendi construit sur un piaggio ape rouge\" width=\"810\" height=\"542\" srcset=\"https:\/\/www.vsveicolispeciali.com\/wp-content\/uploads\/2023\/02\/fendi-fashion-truck.jpg 810w, https:\/\/www.vsveicolispeciali.com\/wp-content\/uploads\/2023\/02\/fendi-fashion-truck-300x201.jpg 300w, https:\/\/www.vsveicolispeciali.com\/wp-content\/uploads\/2023\/02\/fendi-fashion-truck-768x514.jpg 768w, https:\/\/www.vsveicolispeciali.com\/wp-content\/uploads\/2023\/02\/fendi-fashion-truck-700x468.jpg 700w\" sizes=\"(max-width: 810px) 100vw, 810px\" \/><\/a><\/p>\n<p>&nbsp;&nbsp;<\/p>\n<h2>Des fashion trucks r\u00e9alis\u00e9s sur Piaggio Ape pour des marques de mode renomm\u00e9es<\/h2>\n<p>&nbsp;<br \/>\nLa possibilit\u00e9 de personnaliser l&rsquo;\u00e9quipement sur tous les plans permet de disposer d&rsquo;un <strong>v\u00e9hicule adaptable et multifonctionnel<\/strong> qui peut \u00eatre exploit\u00e9 de nombreuses fa\u00e7ons.<\/p>\n<p>Le <strong>boutique mobile Piaggio Ape<\/strong> se pr\u00eate particuli\u00e8rement bien \u00e0 une utilisation en tant que :<\/p>\n<ul class=\"lista\">\n<li>v\u00e9hicule promotionnel,<\/li>\n<li>v\u00e9hicule d&rsquo;exposition,<\/li>\n<li>boutique ambulante optimis\u00e9e pour la vente itin\u00e9rante,<\/li>\n<li>installation mobile pour les foires et \u00e9v\u00e9nements,<\/li>\n<li>point de vente fixe dans les espaces commerciaux,<\/li>\n<li>boutique ambulante dans les cours et les espaces ext\u00e9rieurs priv\u00e9s,<\/li>\n<li>kiosque d&rsquo;information \u00e0 l&rsquo;int\u00e9rieur d&rsquo;un hall d&rsquo;accueil,<\/li>\n<li>mobilier et \u00e9l\u00e9ment de design dans un espace d&rsquo;exposition.<\/li>\n<\/ul>\n<p>&nbsp;<\/p>\n<p>Vous trouverez ci-dessous quelques <strong>exemples de marques de mode<\/strong> qui ont d\u00e9cid\u00e9 de faire l\u2019acquisition d\u2019un Fashion Truck Ape et de l&rsquo;utiliser d&rsquo;une ou plusieurs des mani\u00e8res d\u00e9crites ci-dessus.<\/p>\n<p>&nbsp;&nbsp;<\/p>\n<h3><strong>FENDI<\/strong><\/h3>\n<p><a href=\"https:\/\/www.vsveicolispeciali.com\/wp-content\/uploads\/2023\/02\/fashion-truck-negozio-mobile-fendi.jpg\"><img loading=\"lazy\" decoding=\"async\" class=\"alignnone size-full wp-image-21545\" src=\"https:\/\/www.vsveicolispeciali.com\/wp-content\/uploads\/2023\/02\/fashion-truck-negozio-mobile-fendi.jpg\" alt=\"fashion truck et boutique mobile fendi\" width=\"810\" height=\"540\" srcset=\"https:\/\/www.vsveicolispeciali.com\/wp-content\/uploads\/2023\/02\/fashion-truck-negozio-mobile-fendi.jpg 810w, https:\/\/www.vsveicolispeciali.com\/wp-content\/uploads\/2023\/02\/fashion-truck-negozio-mobile-fendi-300x200.jpg 300w, https:\/\/www.vsveicolispeciali.com\/wp-content\/uploads\/2023\/02\/fashion-truck-negozio-mobile-fendi-768x512.jpg 768w, https:\/\/www.vsveicolispeciali.com\/wp-content\/uploads\/2023\/02\/fashion-truck-negozio-mobile-fendi-700x467.jpg 700w\" sizes=\"(max-width: 810px) 100vw, 810px\" \/><\/a><\/p>\n<p>&nbsp;&nbsp;<\/p>\n<h3><a href=\"https:\/\/www.vsveicolispeciali.com\/fr\/street-food-truck\/camion-vitrine-pour-la-vente-de-vetement-milan\/\"><strong>ROSA CLANDESTINO<\/strong><\/a><\/h3>\n<p><a href=\"https:\/\/www.vsveicolispeciali.com\/wp-content\/uploads\/2023\/02\/ape-rosa-clandestino-fashion-truck.jpg\"><img loading=\"lazy\" decoding=\"async\" class=\"alignnone size-full wp-image-21519\" src=\"https:\/\/www.vsveicolispeciali.com\/wp-content\/uploads\/2023\/02\/ape-rosa-clandestino-fashion-truck.jpg\" alt=\"boutique nomade pour la vente de v\u00eatements pour femmes et pour l'image de marque\" width=\"810\" height=\"510\" srcset=\"https:\/\/www.vsveicolispeciali.com\/wp-content\/uploads\/2023\/02\/ape-rosa-clandestino-fashion-truck.jpg 810w, https:\/\/www.vsveicolispeciali.com\/wp-content\/uploads\/2023\/02\/ape-rosa-clandestino-fashion-truck-300x189.jpg 300w, https:\/\/www.vsveicolispeciali.com\/wp-content\/uploads\/2023\/02\/ape-rosa-clandestino-fashion-truck-768x484.jpg 768w, https:\/\/www.vsveicolispeciali.com\/wp-content\/uploads\/2023\/02\/ape-rosa-clandestino-fashion-truck-700x441.jpg 700w\" sizes=\"(max-width: 810px) 100vw, 810px\" \/><\/a><\/p>\n<p>&nbsp;&nbsp;<\/p>\n<h3><a href=\"https:\/\/www.vsveicolispeciali.com\/fr\/street-food-truck\/triporteur-boutique-nomade-martignon\/\"><strong>OTTICA MARTIGNON<\/strong><\/a><\/h3>\n<p><a href=\"https:\/\/www.vsveicolispeciali.com\/wp-content\/uploads\/2023\/02\/ape-negozio-occhiali-ottica-martignon.jpg\"><img loading=\"lazy\" decoding=\"async\" class=\"alignnone size-full wp-image-21515\" src=\"https:\/\/www.vsveicolispeciali.com\/wp-content\/uploads\/2023\/02\/ape-negozio-occhiali-ottica-martignon.jpg\" alt=\"piaggio ape transform\u00e9e en boutique de lunettes mobile pour ottica martignon\" width=\"810\" height=\"608\" srcset=\"https:\/\/www.vsveicolispeciali.com\/wp-content\/uploads\/2023\/02\/ape-negozio-occhiali-ottica-martignon.jpg 810w, https:\/\/www.vsveicolispeciali.com\/wp-content\/uploads\/2023\/02\/ape-negozio-occhiali-ottica-martignon-300x225.jpg 300w, https:\/\/www.vsveicolispeciali.com\/wp-content\/uploads\/2023\/02\/ape-negozio-occhiali-ottica-martignon-768x576.jpg 768w, https:\/\/www.vsveicolispeciali.com\/wp-content\/uploads\/2023\/02\/ape-negozio-occhiali-ottica-martignon-800x600.jpg 800w, https:\/\/www.vsveicolispeciali.com\/wp-content\/uploads\/2023\/02\/ape-negozio-occhiali-ottica-martignon-700x525.jpg 700w\" sizes=\"(max-width: 810px) 100vw, 810px\" \/><\/a><\/p>\n<p>&nbsp;&nbsp;<\/p>\n<h3><strong>THE LINGERIE ATTITUDE<\/strong><\/h3>\n<p><a href=\"https:\/\/www.vsveicolispeciali.com\/wp-content\/uploads\/2023\/02\/ape-the-lingerie-attitude.jpg\"><img loading=\"lazy\" decoding=\"async\" class=\"alignnone size-full wp-image-21523\" src=\"https:\/\/www.vsveicolispeciali.com\/wp-content\/uploads\/2023\/02\/ape-the-lingerie-attitude.jpg\" alt=\"ape fashion truck the lingerie attitude\" width=\"810\" height=\"759\" srcset=\"https:\/\/www.vsveicolispeciali.com\/wp-content\/uploads\/2023\/02\/ape-the-lingerie-attitude.jpg 810w, https:\/\/www.vsveicolispeciali.com\/wp-content\/uploads\/2023\/02\/ape-the-lingerie-attitude-300x281.jpg 300w, https:\/\/www.vsveicolispeciali.com\/wp-content\/uploads\/2023\/02\/ape-the-lingerie-attitude-768x720.jpg 768w, https:\/\/www.vsveicolispeciali.com\/wp-content\/uploads\/2023\/02\/ape-the-lingerie-attitude-700x656.jpg 700w\" sizes=\"(max-width: 810px) 100vw, 810px\" \/><\/a><\/p>\n<p>&nbsp;&nbsp;<\/p>\n<h3><a href=\"https:\/\/www.vsveicolispeciali.com\/fr\/street-food-truck\/piaggio-ape-boutique-zip-and-zip\/\"><strong>ZIP&amp;ZIP<\/strong><\/a><\/h3>\n<p><a href=\"https:\/\/www.vsveicolispeciali.com\/wp-content\/uploads\/2023\/02\/fashion-truck-zip-and-zip-borse.jpeg\"><img loading=\"lazy\" decoding=\"async\" class=\"alignnone size-full wp-image-21531\" src=\"https:\/\/www.vsveicolispeciali.com\/wp-content\/uploads\/2023\/02\/fashion-truck-zip-and-zip-borse.jpeg\" alt=\"fashion truck zip&#038;zip pr\u00e9sente des sacs pr\u00eats \u00e0 la vente\" width=\"960\" height=\"720\" srcset=\"https:\/\/www.vsveicolispeciali.com\/wp-content\/uploads\/2023\/02\/fashion-truck-zip-and-zip-borse.jpeg 960w, https:\/\/www.vsveicolispeciali.com\/wp-content\/uploads\/2023\/02\/fashion-truck-zip-and-zip-borse-300x225.jpeg 300w, https:\/\/www.vsveicolispeciali.com\/wp-content\/uploads\/2023\/02\/fashion-truck-zip-and-zip-borse-768x576.jpeg 768w, https:\/\/www.vsveicolispeciali.com\/wp-content\/uploads\/2023\/02\/fashion-truck-zip-and-zip-borse-800x600.jpeg 800w, https:\/\/www.vsveicolispeciali.com\/wp-content\/uploads\/2023\/02\/fashion-truck-zip-and-zip-borse-700x525.jpeg 700w\" sizes=\"(max-width: 960px) 100vw, 960px\" \/><\/a><\/p>\n<p>&nbsp;&nbsp;<\/p>\n<h3><a href=\"https:\/\/www.vsveicolispeciali.com\/fr\/street-food-truck\/fashion-truck-boutique-de-vetements-ambulante-caramelo-milan\/\"><strong>CARAMELO MILANO<\/strong><\/a><\/h3>\n<p><a href=\"https:\/\/www.vsveicolispeciali.com\/wp-content\/uploads\/2023\/02\/caramelo-milano-ape-store-accessori-abbigliamento.jpg\"><img loading=\"lazy\" decoding=\"async\" class=\"alignnone size-full wp-image-21527\" src=\"https:\/\/www.vsveicolispeciali.com\/wp-content\/uploads\/2023\/02\/caramelo-milano-ape-store-accessori-abbigliamento.jpg\" alt=\"caramelo milano triporteur magasin d'exposition et de vente d'accessoires vestimentaires\" width=\"810\" height=\"810\" srcset=\"https:\/\/www.vsveicolispeciali.com\/wp-content\/uploads\/2023\/02\/caramelo-milano-ape-store-accessori-abbigliamento.jpg 810w, https:\/\/www.vsveicolispeciali.com\/wp-content\/uploads\/2023\/02\/caramelo-milano-ape-store-accessori-abbigliamento-300x300.jpg 300w, https:\/\/www.vsveicolispeciali.com\/wp-content\/uploads\/2023\/02\/caramelo-milano-ape-store-accessori-abbigliamento-150x150.jpg 150w, https:\/\/www.vsveicolispeciali.com\/wp-content\/uploads\/2023\/02\/caramelo-milano-ape-store-accessori-abbigliamento-768x768.jpg 768w, https:\/\/www.vsveicolispeciali.com\/wp-content\/uploads\/2023\/02\/caramelo-milano-ape-store-accessori-abbigliamento-570x570.jpg 570w, https:\/\/www.vsveicolispeciali.com\/wp-content\/uploads\/2023\/02\/caramelo-milano-ape-store-accessori-abbigliamento-500x500.jpg 500w, https:\/\/www.vsveicolispeciali.com\/wp-content\/uploads\/2023\/02\/caramelo-milano-ape-store-accessori-abbigliamento-700x700.jpg 700w\" sizes=\"(max-width: 810px) 100vw, 810px\" \/><\/a><\/p>\n<p>&nbsp;&nbsp;<\/p>\n<h3><a href=\"https:\/\/www.vsveicolispeciali.com\/fr\/street-food-truck\/event-truck-dolce-gabbana\/\"><strong>DOLCE &#038; GABBANA<\/strong><\/a><\/h3>\n<p><a href=\"https:\/\/www.vsveicolispeciali.com\/wp-content\/uploads\/2024\/12\/fashion-truck-dolce-gabbana.jpg\"><img loading=\"lazy\" decoding=\"async\" src=\"https:\/\/www.vsveicolispeciali.com\/wp-content\/uploads\/2024\/12\/fashion-truck-dolce-gabbana.jpg\" alt=\"fashion truck dolce &amp; gabbana\" width=\"810\" height=\"826\" class=\"alignleft size-full wp-image-27345\" srcset=\"https:\/\/www.vsveicolispeciali.com\/wp-content\/uploads\/2024\/12\/fashion-truck-dolce-gabbana.jpg 810w, https:\/\/www.vsveicolispeciali.com\/wp-content\/uploads\/2024\/12\/fashion-truck-dolce-gabbana-294x300.jpg 294w, https:\/\/www.vsveicolispeciali.com\/wp-content\/uploads\/2024\/12\/fashion-truck-dolce-gabbana-768x783.jpg 768w, https:\/\/www.vsveicolispeciali.com\/wp-content\/uploads\/2024\/12\/fashion-truck-dolce-gabbana-700x714.jpg 700w\" sizes=\"(max-width: 810px) 100vw, 810px\" \/><\/a><\/p>\n\n\t\t<style type=\"text\/css\">\n\t\t\t#gallery-1 {\n\t\t\t\tmargin: auto;\n\t\t\t}\n\t\t\t#gallery-1 .gallery-item {\n\t\t\t\tfloat: left;\n\t\t\t\tmargin-top: 10px;\n\t\t\t\ttext-align: center;\n\t\t\t\twidth: 33%;\n\t\t\t}\n\t\t\t#gallery-1 img {\n\t\t\t\tborder: 2px solid #cfcfcf;\n\t\t\t}\n\t\t\t#gallery-1 .gallery-caption {\n\t\t\t\tmargin-left: 0;\n\t\t\t}\n\t\t\t\/* see gallery_shortcode() in wp-includes\/media.php *\/\n\t\t<\/style>\n\t\t<div id='gallery-1' class='gallery galleryid-21662 gallery-columns-3 gallery-size-thumbnail'><dl class='gallery-item'>\n\t\t\t<dt class='gallery-icon landscape'>\n\t\t\t\t<a href='https:\/\/www.vsveicolispeciali.com\/fr\/les-fashion-trucks-seduisent-les-marques-de-haute-couture\/fashion-truck-negozio-mobile-fendi-2\/'><img loading=\"lazy\" decoding=\"async\" width=\"150\" height=\"150\" src=\"https:\/\/www.vsveicolispeciali.com\/wp-content\/uploads\/2023\/02\/fashion-truck-negozio-mobile-fendi-150x150.jpg\" class=\"attachment-thumbnail size-thumbnail\" alt=\"fashion truck et boutique mobile fendi utilis\u00e9 comme vitrine dans un centre commercial\" srcset=\"https:\/\/www.vsveicolispeciali.com\/wp-content\/uploads\/2023\/02\/fashion-truck-negozio-mobile-fendi-150x150.jpg 150w, https:\/\/www.vsveicolispeciali.com\/wp-content\/uploads\/2023\/02\/fashion-truck-negozio-mobile-fendi-500x500.jpg 500w\" sizes=\"(max-width: 150px) 100vw, 150px\" \/><\/a>\n\t\t\t<\/dt><\/dl>\n\t\t\t<br style='clear: both' \/>\n\t\t<\/div>\n\n<p>&nbsp;<\/p>\n","protected":false},"excerpt":{"rendered":"<p>Les maisons de couture ont toujours \u00e9t\u00e9 parmi les entreprises les plus dynamiques et les plus ouvertes \u00e0 la nouveaut\u00e9. Il ne pouvait pas en \u00eatre autrement puisqu&rsquo;elles \u00e9voluent dans un secteur o\u00f9 les produits, les go\u00fbts des clients et les demandes de la soci\u00e9t\u00e9&#8230;<\/p>\n","protected":false},"author":1001012,"featured_media":21547,"comment_status":"closed","ping_status":"open","sticky":false,"template":"","format":"gallery","meta":{"footnotes":""},"categories":[27],"tags":[220,300,448],"class_list":["post-21662","post","type-post","status-publish","format-gallery","has-post-thumbnail","hentry","category-news-fr","tag-concept-food-truck-original","tag-boutique-mobile","tag-fabricant-camion-magasin","post_format-post-format-gallery"],"yoast_head":"<!-- This site is optimized with the Yoast SEO plugin v25.4 - https:\/\/yoast.com\/wordpress\/plugins\/seo\/ -->\n<title>Les Fashion Trucks s\u00e9duisent les Marques de Haute Couture<\/title>\n<meta name=\"description\" content=\"Les marques de v\u00eatements et de luxe profitent d&#039;un petit camion boutique (triporteur Piaggio) pour innover leur strat\u00e9gie marketing &gt;\" \/>\n<meta name=\"robots\" content=\"index, follow, max-snippet:-1, max-image-preview:large, max-video-preview:-1\" \/>\n<link rel=\"canonical\" href=\"https:\/\/www.vsveicolispeciali.com\/fr\/les-fashion-trucks-seduisent-les-marques-de-haute-couture\/\" \/>\n<meta property=\"og:locale\" content=\"fr_FR\" \/>\n<meta property=\"og:type\" content=\"article\" \/>\n<meta property=\"og:title\" content=\"Les Fashion Trucks s\u00e9duisent les Marques de Haute Couture\" \/>\n<meta property=\"og:description\" content=\"Les marques de v\u00eatements et de luxe profitent d&#039;un petit camion boutique (triporteur Piaggio) pour innover leur strat\u00e9gie marketing &gt;\" \/>\n<meta property=\"og:url\" content=\"https:\/\/www.vsveicolispeciali.com\/fr\/les-fashion-trucks-seduisent-les-marques-de-haute-couture\/\" \/>\n<meta property=\"og:site_name\" content=\"VS Veicoli Speciali\" \/>\n<meta property=\"article:publisher\" content=\"https:\/\/www.facebook.com\/VSVeicoliSpeciali.Food.Trucks\/\" \/>\n<meta property=\"article:published_time\" content=\"2023-02-10T17:16:54+00:00\" \/>\n<meta property=\"article:modified_time\" content=\"2024-12-16T18:41:20+00:00\" \/>\n<meta property=\"og:image\" content=\"https:\/\/www.vsveicolispeciali.com\/wp-content\/uploads\/2023\/02\/fashion-truck-negozio-mobile-fendi.jpg\" \/>\n\t<meta property=\"og:image:width\" content=\"810\" \/>\n\t<meta property=\"og:image:height\" content=\"540\" \/>\n\t<meta property=\"og:image:type\" content=\"image\/jpeg\" \/>\n<meta name=\"author\" content=\"VS Veicoli Speciali\" \/>\n<meta name=\"twitter:card\" content=\"summary_large_image\" \/>\n<meta name=\"twitter:creator\" content=\"@veicolispeciali\" \/>\n<meta name=\"twitter:site\" content=\"@veicolispeciali\" \/>\n<meta name=\"twitter:label1\" content=\"\u00c9crit par\" \/>\n\t<meta name=\"twitter:data1\" content=\"VS Veicoli Speciali\" \/>\n\t<meta name=\"twitter:label2\" content=\"Dur\u00e9e de lecture estim\u00e9e\" \/>\n\t<meta name=\"twitter:data2\" content=\"7 minutes\" \/>\n<script type=\"application\/ld+json\" class=\"yoast-schema-graph\">{\"@context\":\"https:\/\/schema.org\",\"@graph\":[{\"@type\":\"Article\",\"@id\":\"https:\/\/www.vsveicolispeciali.com\/fr\/les-fashion-trucks-seduisent-les-marques-de-haute-couture\/#article\",\"isPartOf\":{\"@id\":\"https:\/\/www.vsveicolispeciali.com\/fr\/les-fashion-trucks-seduisent-les-marques-de-haute-couture\/\"},\"author\":{\"name\":\"VS Veicoli Speciali\",\"@id\":\"https:\/\/www.vsveicolispeciali.com\/fr\/#\/schema\/person\/1241826d792bde4333b3db1395b12be9\"},\"headline\":\"Les fashion trucks s\u00e9duisent les marques de haute couture\",\"datePublished\":\"2023-02-10T17:16:54+00:00\",\"dateModified\":\"2024-12-16T18:41:20+00:00\",\"mainEntityOfPage\":{\"@id\":\"https:\/\/www.vsveicolispeciali.com\/fr\/les-fashion-trucks-seduisent-les-marques-de-haute-couture\/\"},\"wordCount\":838,\"publisher\":{\"@id\":\"https:\/\/www.vsveicolispeciali.com\/fr\/#organization\"},\"image\":{\"@id\":\"https:\/\/www.vsveicolispeciali.com\/fr\/les-fashion-trucks-seduisent-les-marques-de-haute-couture\/#primaryimage\"},\"thumbnailUrl\":\"https:\/\/www.vsveicolispeciali.com\/wp-content\/uploads\/2023\/02\/fashion-truck-negozio-mobile-fendi.jpg\",\"keywords\":[\"concept food truck original\",\"boutique mobile\",\"fabricant camion magasin\"],\"articleSection\":[\"News\"],\"inLanguage\":\"fr-FR\"},{\"@type\":\"WebPage\",\"@id\":\"https:\/\/www.vsveicolispeciali.com\/fr\/les-fashion-trucks-seduisent-les-marques-de-haute-couture\/\",\"url\":\"https:\/\/www.vsveicolispeciali.com\/fr\/les-fashion-trucks-seduisent-les-marques-de-haute-couture\/\",\"name\":\"Les Fashion Trucks s\u00e9duisent les Marques de Haute Couture\",\"isPartOf\":{\"@id\":\"https:\/\/www.vsveicolispeciali.com\/fr\/#website\"},\"primaryImageOfPage\":{\"@id\":\"https:\/\/www.vsveicolispeciali.com\/fr\/les-fashion-trucks-seduisent-les-marques-de-haute-couture\/#primaryimage\"},\"image\":{\"@id\":\"https:\/\/www.vsveicolispeciali.com\/fr\/les-fashion-trucks-seduisent-les-marques-de-haute-couture\/#primaryimage\"},\"thumbnailUrl\":\"https:\/\/www.vsveicolispeciali.com\/wp-content\/uploads\/2023\/02\/fashion-truck-negozio-mobile-fendi.jpg\",\"datePublished\":\"2023-02-10T17:16:54+00:00\",\"dateModified\":\"2024-12-16T18:41:20+00:00\",\"description\":\"Les marques de v\u00eatements et de luxe profitent d'un petit camion boutique (triporteur Piaggio) pour innover leur strat\u00e9gie marketing >\",\"breadcrumb\":{\"@id\":\"https:\/\/www.vsveicolispeciali.com\/fr\/les-fashion-trucks-seduisent-les-marques-de-haute-couture\/#breadcrumb\"},\"inLanguage\":\"fr-FR\",\"potentialAction\":[{\"@type\":\"ReadAction\",\"target\":[\"https:\/\/www.vsveicolispeciali.com\/fr\/les-fashion-trucks-seduisent-les-marques-de-haute-couture\/\"]}]},{\"@type\":\"ImageObject\",\"inLanguage\":\"fr-FR\",\"@id\":\"https:\/\/www.vsveicolispeciali.com\/fr\/les-fashion-trucks-seduisent-les-marques-de-haute-couture\/#primaryimage\",\"url\":\"https:\/\/www.vsveicolispeciali.com\/wp-content\/uploads\/2023\/02\/fashion-truck-negozio-mobile-fendi.jpg\",\"contentUrl\":\"https:\/\/www.vsveicolispeciali.com\/wp-content\/uploads\/2023\/02\/fashion-truck-negozio-mobile-fendi.jpg\",\"width\":810,\"height\":540,\"caption\":\"fashion truck et boutique mobile fendi utilis\u00e9 comme vitrine dans un centre commercial\"},{\"@type\":\"BreadcrumbList\",\"@id\":\"https:\/\/www.vsveicolispeciali.com\/fr\/les-fashion-trucks-seduisent-les-marques-de-haute-couture\/#breadcrumb\",\"itemListElement\":[{\"@type\":\"ListItem\",\"position\":1,\"name\":\"Home\",\"item\":\"https:\/\/www.vsveicolispeciali.com\/fr\/\"},{\"@type\":\"ListItem\",\"position\":2,\"name\":\"Les fashion trucks s\u00e9duisent les marques de haute couture\"}]},{\"@type\":\"WebSite\",\"@id\":\"https:\/\/www.vsveicolispeciali.com\/fr\/#website\",\"url\":\"https:\/\/www.vsveicolispeciali.com\/fr\/\",\"name\":\"VS Veicoli Speciali\",\"description\":\"\",\"publisher\":{\"@id\":\"https:\/\/www.vsveicolispeciali.com\/fr\/#organization\"},\"potentialAction\":[{\"@type\":\"SearchAction\",\"target\":{\"@type\":\"EntryPoint\",\"urlTemplate\":\"https:\/\/www.vsveicolispeciali.com\/fr\/?s={search_term_string}\"},\"query-input\":{\"@type\":\"PropertyValueSpecification\",\"valueRequired\":true,\"valueName\":\"search_term_string\"}}],\"inLanguage\":\"fr-FR\"},{\"@type\":\"Organization\",\"@id\":\"https:\/\/www.vsveicolispeciali.com\/fr\/#organization\",\"name\":\"VS Veicoli Speciali\",\"url\":\"https:\/\/www.vsveicolispeciali.com\/fr\/\",\"logo\":{\"@type\":\"ImageObject\",\"inLanguage\":\"fr-FR\",\"@id\":\"https:\/\/www.vsveicolispeciali.com\/fr\/#\/schema\/logo\/image\/\",\"url\":\"http:\/\/www.vsveicolispeciali.com\/wp-content\/uploads\/2015\/05\/vs_veicoli_speciali-logo.png\",\"contentUrl\":\"http:\/\/www.vsveicolispeciali.com\/wp-content\/uploads\/2015\/05\/vs_veicoli_speciali-logo.png\",\"width\":252,\"height\":134,\"caption\":\"VS Veicoli Speciali\"},\"image\":{\"@id\":\"https:\/\/www.vsveicolispeciali.com\/fr\/#\/schema\/logo\/image\/\"},\"sameAs\":[\"https:\/\/www.facebook.com\/VSVeicoliSpeciali.Food.Trucks\/\",\"https:\/\/x.com\/veicolispeciali\",\"https:\/\/www.instagram.com\/vs_veicolispeciali\/\",\"https:\/\/www.linkedin.com\/company\/2811960\/\",\"https:\/\/www.pinterest.com\/streetfoodtruck\/\",\"https:\/\/www.youtube.com\/user\/veicolispeciali\"]},{\"@type\":\"Person\",\"@id\":\"https:\/\/www.vsveicolispeciali.com\/fr\/#\/schema\/person\/1241826d792bde4333b3db1395b12be9\",\"name\":\"VS Veicoli Speciali\",\"image\":{\"@type\":\"ImageObject\",\"inLanguage\":\"fr-FR\",\"@id\":\"https:\/\/www.vsveicolispeciali.com\/fr\/#\/schema\/person\/image\/\",\"url\":\"https:\/\/secure.gravatar.com\/avatar\/4ea93278e71ba140dbbbfb5d34409507?s=96&d=mm&r=g\",\"contentUrl\":\"https:\/\/secure.gravatar.com\/avatar\/4ea93278e71ba140dbbbfb5d34409507?s=96&d=mm&r=g\",\"caption\":\"VS Veicoli Speciali\"}}]}<\/script>\n<!-- \/ Yoast SEO plugin. -->","yoast_head_json":{"title":"Les Fashion Trucks s\u00e9duisent les Marques de Haute Couture","description":"Les marques de v\u00eatements et de luxe profitent d'un petit camion boutique (triporteur Piaggio) pour innover leur strat\u00e9gie marketing >","robots":{"index":"index","follow":"follow","max-snippet":"max-snippet:-1","max-image-preview":"max-image-preview:large","max-video-preview":"max-video-preview:-1"},"canonical":"https:\/\/www.vsveicolispeciali.com\/fr\/les-fashion-trucks-seduisent-les-marques-de-haute-couture\/","og_locale":"fr_FR","og_type":"article","og_title":"Les Fashion Trucks s\u00e9duisent les Marques de Haute Couture","og_description":"Les marques de v\u00eatements et de luxe profitent d'un petit camion boutique (triporteur Piaggio) pour innover leur strat\u00e9gie marketing >","og_url":"https:\/\/www.vsveicolispeciali.com\/fr\/les-fashion-trucks-seduisent-les-marques-de-haute-couture\/","og_site_name":"VS Veicoli Speciali","article_publisher":"https:\/\/www.facebook.com\/VSVeicoliSpeciali.Food.Trucks\/","article_published_time":"2023-02-10T17:16:54+00:00","article_modified_time":"2024-12-16T18:41:20+00:00","og_image":[{"width":810,"height":540,"url":"https:\/\/www.vsveicolispeciali.com\/wp-content\/uploads\/2023\/02\/fashion-truck-negozio-mobile-fendi.jpg","type":"image\/jpeg"}],"author":"VS Veicoli Speciali","twitter_card":"summary_large_image","twitter_creator":"@veicolispeciali","twitter_site":"@veicolispeciali","twitter_misc":{"\u00c9crit par":"VS Veicoli Speciali","Dur\u00e9e de lecture estim\u00e9e":"7 minutes"},"schema":{"@context":"https:\/\/schema.org","@graph":[{"@type":"Article","@id":"https:\/\/www.vsveicolispeciali.com\/fr\/les-fashion-trucks-seduisent-les-marques-de-haute-couture\/#article","isPartOf":{"@id":"https:\/\/www.vsveicolispeciali.com\/fr\/les-fashion-trucks-seduisent-les-marques-de-haute-couture\/"},"author":{"name":"VS Veicoli Speciali","@id":"https:\/\/www.vsveicolispeciali.com\/fr\/#\/schema\/person\/1241826d792bde4333b3db1395b12be9"},"headline":"Les fashion trucks s\u00e9duisent les marques de haute couture","datePublished":"2023-02-10T17:16:54+00:00","dateModified":"2024-12-16T18:41:20+00:00","mainEntityOfPage":{"@id":"https:\/\/www.vsveicolispeciali.com\/fr\/les-fashion-trucks-seduisent-les-marques-de-haute-couture\/"},"wordCount":838,"publisher":{"@id":"https:\/\/www.vsveicolispeciali.com\/fr\/#organization"},"image":{"@id":"https:\/\/www.vsveicolispeciali.com\/fr\/les-fashion-trucks-seduisent-les-marques-de-haute-couture\/#primaryimage"},"thumbnailUrl":"https:\/\/www.vsveicolispeciali.com\/wp-content\/uploads\/2023\/02\/fashion-truck-negozio-mobile-fendi.jpg","keywords":["concept food truck original","boutique mobile","fabricant camion magasin"],"articleSection":["News"],"inLanguage":"fr-FR"},{"@type":"WebPage","@id":"https:\/\/www.vsveicolispeciali.com\/fr\/les-fashion-trucks-seduisent-les-marques-de-haute-couture\/","url":"https:\/\/www.vsveicolispeciali.com\/fr\/les-fashion-trucks-seduisent-les-marques-de-haute-couture\/","name":"Les Fashion Trucks s\u00e9duisent les Marques de Haute Couture","isPartOf":{"@id":"https:\/\/www.vsveicolispeciali.com\/fr\/#website"},"primaryImageOfPage":{"@id":"https:\/\/www.vsveicolispeciali.com\/fr\/les-fashion-trucks-seduisent-les-marques-de-haute-couture\/#primaryimage"},"image":{"@id":"https:\/\/www.vsveicolispeciali.com\/fr\/les-fashion-trucks-seduisent-les-marques-de-haute-couture\/#primaryimage"},"thumbnailUrl":"https:\/\/www.vsveicolispeciali.com\/wp-content\/uploads\/2023\/02\/fashion-truck-negozio-mobile-fendi.jpg","datePublished":"2023-02-10T17:16:54+00:00","dateModified":"2024-12-16T18:41:20+00:00","description":"Les marques de v\u00eatements et de luxe profitent d'un petit camion boutique (triporteur Piaggio) pour innover leur strat\u00e9gie marketing >","breadcrumb":{"@id":"https:\/\/www.vsveicolispeciali.com\/fr\/les-fashion-trucks-seduisent-les-marques-de-haute-couture\/#breadcrumb"},"inLanguage":"fr-FR","potentialAction":[{"@type":"ReadAction","target":["https:\/\/www.vsveicolispeciali.com\/fr\/les-fashion-trucks-seduisent-les-marques-de-haute-couture\/"]}]},{"@type":"ImageObject","inLanguage":"fr-FR","@id":"https:\/\/www.vsveicolispeciali.com\/fr\/les-fashion-trucks-seduisent-les-marques-de-haute-couture\/#primaryimage","url":"https:\/\/www.vsveicolispeciali.com\/wp-content\/uploads\/2023\/02\/fashion-truck-negozio-mobile-fendi.jpg","contentUrl":"https:\/\/www.vsveicolispeciali.com\/wp-content\/uploads\/2023\/02\/fashion-truck-negozio-mobile-fendi.jpg","width":810,"height":540,"caption":"fashion truck et boutique mobile fendi utilis\u00e9 comme vitrine dans un centre commercial"},{"@type":"BreadcrumbList","@id":"https:\/\/www.vsveicolispeciali.com\/fr\/les-fashion-trucks-seduisent-les-marques-de-haute-couture\/#breadcrumb","itemListElement":[{"@type":"ListItem","position":1,"name":"Home","item":"https:\/\/www.vsveicolispeciali.com\/fr\/"},{"@type":"ListItem","position":2,"name":"Les fashion trucks s\u00e9duisent les marques de haute couture"}]},{"@type":"WebSite","@id":"https:\/\/www.vsveicolispeciali.com\/fr\/#website","url":"https:\/\/www.vsveicolispeciali.com\/fr\/","name":"VS Veicoli Speciali","description":"","publisher":{"@id":"https:\/\/www.vsveicolispeciali.com\/fr\/#organization"},"potentialAction":[{"@type":"SearchAction","target":{"@type":"EntryPoint","urlTemplate":"https:\/\/www.vsveicolispeciali.com\/fr\/?s={search_term_string}"},"query-input":{"@type":"PropertyValueSpecification","valueRequired":true,"valueName":"search_term_string"}}],"inLanguage":"fr-FR"},{"@type":"Organization","@id":"https:\/\/www.vsveicolispeciali.com\/fr\/#organization","name":"VS Veicoli Speciali","url":"https:\/\/www.vsveicolispeciali.com\/fr\/","logo":{"@type":"ImageObject","inLanguage":"fr-FR","@id":"https:\/\/www.vsveicolispeciali.com\/fr\/#\/schema\/logo\/image\/","url":"http:\/\/www.vsveicolispeciali.com\/wp-content\/uploads\/2015\/05\/vs_veicoli_speciali-logo.png","contentUrl":"http:\/\/www.vsveicolispeciali.com\/wp-content\/uploads\/2015\/05\/vs_veicoli_speciali-logo.png","width":252,"height":134,"caption":"VS Veicoli Speciali"},"image":{"@id":"https:\/\/www.vsveicolispeciali.com\/fr\/#\/schema\/logo\/image\/"},"sameAs":["https:\/\/www.facebook.com\/VSVeicoliSpeciali.Food.Trucks\/","https:\/\/x.com\/veicolispeciali","https:\/\/www.instagram.com\/vs_veicolispeciali\/","https:\/\/www.linkedin.com\/company\/2811960\/","https:\/\/www.pinterest.com\/streetfoodtruck\/","https:\/\/www.youtube.com\/user\/veicolispeciali"]},{"@type":"Person","@id":"https:\/\/www.vsveicolispeciali.com\/fr\/#\/schema\/person\/1241826d792bde4333b3db1395b12be9","name":"VS Veicoli Speciali","image":{"@type":"ImageObject","inLanguage":"fr-FR","@id":"https:\/\/www.vsveicolispeciali.com\/fr\/#\/schema\/person\/image\/","url":"https:\/\/secure.gravatar.com\/avatar\/4ea93278e71ba140dbbbfb5d34409507?s=96&d=mm&r=g","contentUrl":"https:\/\/secure.gravatar.com\/avatar\/4ea93278e71ba140dbbbfb5d34409507?s=96&d=mm&r=g","caption":"VS Veicoli Speciali"}}]}},"_links":{"self":[{"href":"https:\/\/www.vsveicolispeciali.com\/fr\/wp-json\/wp\/v2\/posts\/21662"}],"collection":[{"href":"https:\/\/www.vsveicolispeciali.com\/fr\/wp-json\/wp\/v2\/posts"}],"about":[{"href":"https:\/\/www.vsveicolispeciali.com\/fr\/wp-json\/wp\/v2\/types\/post"}],"author":[{"embeddable":true,"href":"https:\/\/www.vsveicolispeciali.com\/fr\/wp-json\/wp\/v2\/users\/1001012"}],"replies":[{"embeddable":true,"href":"https:\/\/www.vsveicolispeciali.com\/fr\/wp-json\/wp\/v2\/comments?post=21662"}],"version-history":[{"count":6,"href":"https:\/\/www.vsveicolispeciali.com\/fr\/wp-json\/wp\/v2\/posts\/21662\/revisions"}],"predecessor-version":[{"id":27377,"href":"https:\/\/www.vsveicolispeciali.com\/fr\/wp-json\/wp\/v2\/posts\/21662\/revisions\/27377"}],"wp:featuredmedia":[{"embeddable":true,"href":"https:\/\/www.vsveicolispeciali.com\/fr\/wp-json\/wp\/v2\/media\/21547"}],"wp:attachment":[{"href":"https:\/\/www.vsveicolispeciali.com\/fr\/wp-json\/wp\/v2\/media?parent=21662"}],"wp:term":[{"taxonomy":"category","embeddable":true,"href":"https:\/\/www.vsveicolispeciali.com\/fr\/wp-json\/wp\/v2\/categories?post=21662"},{"taxonomy":"post_tag","embeddable":true,"href":"https:\/\/www.vsveicolispeciali.com\/fr\/wp-json\/wp\/v2\/tags?post=21662"}],"curies":[{"name":"wp","href":"https:\/\/api.w.org\/{rel}","templated":true}]}}