{"id":18309,"date":"2022-10-09T22:51:31","date_gmt":"2022-10-09T20:51:31","guid":{"rendered":"http:\/\/www.vsveicolispeciali.com\/la-gelateria-ambulante-non-passa-mai-di-moda-e-si-rinnova\/"},"modified":"2025-09-15T11:44:42","modified_gmt":"2025-09-15T09:44:42","slug":"le-marchand-de-glaces-ambulant-est-un-intemporel","status":"publish","type":"post","link":"https:\/\/www.vsveicolispeciali.com\/fr\/le-marchand-de-glaces-ambulant-est-un-intemporel\/","title":{"rendered":"Le marchand de glaces ambulant est un intemporel"},"content":{"rendered":"<p>Il \u00e9tait une fois le <strong>chariot \u00e0 glace<\/strong>&#8230; Aujourd\u2019hui ce sont ses h\u00e9ritiers qui ont pris le relais, perp\u00e9tuant une tradition ancienne qui s\u2019est renouvel\u00e9e au fil du temps, en gardant tout son charme inchang\u00e9.<\/p>\n<p>Autrefois, le MARCHAND DE GLACES AMBULANT se d\u00e9pla\u00e7ait sur des chariots en bois pouss\u00e9s \u00e0 la main. Ensuite ils y avaient les v\u00e9los qui aidaient \u00e0 les d\u00e9placer; enfin, les marchands de glaces \u00e9taient install\u00e9s sur de petits v\u00e9hicules \u00e0 moteur tels que les vespacar et les triporteurs Piaggio. D\u00e9sormais, <strong>diff\u00e9rentes solutions<\/strong> permettant de construire des marchands de glaces ambulants :<\/p>\n<ul class=\"lista\">\n<li><a href=\"https:\/\/www.vsveicolispeciali.com\/fr\/amenagement-vehicules-magasin-commerce-ambulant\/triporteur-ape-piaggio-food-truck-et-vespacar-a-vendre\/\">Ape Piaggio<\/a> de derni\u00e8re g\u00e9n\u00e9ration<\/li>\n<li><a href=\"https:\/\/www.vsveicolispeciali.com\/fr\/amenagement-vehicules-magasin-commerce-ambulant\/food-truck-camion-magasin-pour-vente-ambulante\/\">Food Truck modernes<\/a> et professionnels<\/li>\n<li><a href=\"https:\/\/www.vsveicolispeciali.com\/fr\/amenagement-vehicules-magasin-commerce-ambulant\/food-truck-camion-magasin-pour-vente-ambulante\/food-truck-vintage-a-vendre\/\">Food Truck vintage<\/a> construits sur des v\u00e9hicules d\u2019\u00e9poque<\/li>\n<li><a href=\"https:\/\/www.vsveicolispeciali.com\/fr\/amenagement-vehicules-magasin-commerce-ambulant\/remorque-amenagee-cuisine-et-caravane-food-truck\/\" rel=\"noopener\" target=\"_blank\">Remorques cuisine<\/a><\/a><\/li>\n<\/ul>\n<p>&nbsp;<\/p>\n<p>Au fait, le <a href=\"https:\/\/www.vsveicolispeciali.com\/fr\/chariot-a-main-est-de-nouveau-en-vogue-grace-a-vs-street-food\/\" target=\"_blank\" rel=\"noopener\">chariot<\/a> \u00e0 glace n\u2019a pas r\u00e9ellement pris sa retraite, mais a \u00e9volu\u00e9, devenant moderne, efficace et personnalisable pour communiquer l\u2019identit\u00e9 de votre entreprise et promouvoir votre marque.<\/p>\n<p>Les v\u00e9hicules ont chang\u00e9, mais pas le concept, qui reste <strong>formidablement efficace<\/strong> pour une simple raison\u00a0: lorsqu\u2019il arrive, le <strong>marchand de glaces ambulant<\/strong> offre de la convivialit\u00e9, des d\u00e9lices et des couleurs.<\/p>\n<p>&nbsp;<\/p>\n<p><strong>Triporteur Glacier (Ape V-Curve)<\/strong>: <a href=\"https:\/\/www.vsveicolispeciali.com\/fr\/street-food-truck\/maison-charrier-triporteur-glacier-itinerant-ape-vcurve\/\">Maison Charri\u00e9<\/a><br \/>\n&nbsp;<br \/>\n<a href=\"https:\/\/www.vsveicolispeciali.com\/wp-content\/uploads\/2022\/10\/maison-charrie-piaggio-ape-glaces-et-sorbets.jpeg\"><img loading=\"lazy\" decoding=\"async\" class=\"alignnone size-full wp-image-18273\" src=\"https:\/\/www.vsveicolispeciali.com\/wp-content\/uploads\/2022\/10\/maison-charrie-piaggio-ape-glaces-et-sorbets.jpeg\" alt=\"maison charrie piaggio ape glaces et sorbets\" width=\"1080\" height=\"626\" srcset=\"https:\/\/www.vsveicolispeciali.com\/wp-content\/uploads\/2022\/10\/maison-charrie-piaggio-ape-glaces-et-sorbets.jpeg 1080w, https:\/\/www.vsveicolispeciali.com\/wp-content\/uploads\/2022\/10\/maison-charrie-piaggio-ape-glaces-et-sorbets-300x174.jpeg 300w, https:\/\/www.vsveicolispeciali.com\/wp-content\/uploads\/2022\/10\/maison-charrie-piaggio-ape-glaces-et-sorbets-1024x594.jpeg 1024w, https:\/\/www.vsveicolispeciali.com\/wp-content\/uploads\/2022\/10\/maison-charrie-piaggio-ape-glaces-et-sorbets-768x445.jpeg 768w, https:\/\/www.vsveicolispeciali.com\/wp-content\/uploads\/2022\/10\/maison-charrie-piaggio-ape-glaces-et-sorbets-700x406.jpeg 700w\" sizes=\"(max-width: 1080px) 100vw, 1080px\" \/><\/a><br \/>\n&nbsp;<br \/>\n<strong>Les petits comme les grands<\/strong> retrouvent imm\u00e9diatement le sourire et la bonne humeur en pr\u00e9sence d\u2019un marchand de glaces mobile.<\/p>\n<p>C\u2019est sur ce CONCEPT que les entreprises et les <strong>vendeurs ambulants<\/strong> continuent de s\u2019appuyer pour ouvrir des activit\u00e9s florissantes dans le monde entier\u00a0:<\/p>\n<ul class=\"lista\">\n<li>Dans les grandes et petites villes\u00a0;<\/li>\n<li>\u00c0 l\u2019int\u00e9rieur d\u2019espaces commerciaux\u00a0;<\/li>\n<li>Dans des cours, des patios et des jardins priv\u00e9s\u00a0;<\/li>\n<li>Dans les zones tr\u00e8s fr\u00e9quent\u00e9es lors de grands \u00e9v\u00e9nements, festivals et salons sectoriels\u00a0;<\/li>\n<li>Etc.<\/li>\n<\/ul>\n<p>&nbsp;<\/p>\n<p>La mobilit\u00e9 d\u2019un marchand de glaces itin\u00e9rant moderne vous permet de <strong>profiter de chaque opportunit\u00e9 et de chaque espace<\/strong> pour vendre vos produits et affirmer votre visibilit\u00e9, <a href=\"https:\/\/www.vsveicolispeciali.com\/fr\/7-camions-de-glace-qui-font-tourner-les-tetes-en-france\/\" rel=\"noopener\" target=\"_blank\">en France<\/a> ils le savent bien.<\/p>\n<p>&nbsp;<\/p>\n<p><strong>Camion de Glace<\/strong>: <a href=\"https:\/\/www.vsveicolispeciali.com\/fr\/street-food-truck\/food-truck-renault-master-dolcelavita\/\">Dolcelavita<\/a><br \/>\n&nbsp;<br \/>\n<a href=\"https:\/\/www.vsveicolispeciali.com\/wp-content\/uploads\/2022\/10\/Food-Truck-Gelateria-Ambulante-Dolcelavita.jpg\"><img loading=\"lazy\" decoding=\"async\" class=\"alignnone size-full wp-image-18269\" src=\"https:\/\/www.vsveicolispeciali.com\/wp-content\/uploads\/2022\/10\/Food-Truck-Gelateria-Ambulante-Dolcelavita.jpg\" alt=\"Camion de glace Renault Dolcelavita\" width=\"1000\" height=\"500\" srcset=\"https:\/\/www.vsveicolispeciali.com\/wp-content\/uploads\/2022\/10\/Food-Truck-Gelateria-Ambulante-Dolcelavita.jpg 1000w, https:\/\/www.vsveicolispeciali.com\/wp-content\/uploads\/2022\/10\/Food-Truck-Gelateria-Ambulante-Dolcelavita-300x150.jpg 300w, https:\/\/www.vsveicolispeciali.com\/wp-content\/uploads\/2022\/10\/Food-Truck-Gelateria-Ambulante-Dolcelavita-768x384.jpg 768w, https:\/\/www.vsveicolispeciali.com\/wp-content\/uploads\/2022\/10\/Food-Truck-Gelateria-Ambulante-Dolcelavita-700x350.jpg 700w\" sizes=\"(max-width: 1000px) 100vw, 1000px\" \/><\/a><br \/>\n&nbsp;<br \/>\nVotre OFFRE peut ne pas se limiter n\u00e9cessairement aux <a href=\"http:\/\/www.vsveicolispeciali.com\/fr\/street-food\/glacier-food-truck-glace\/\">glaces<\/a>, vous pouvez \u00e9galement proposer :<\/p>\n<ul class=\"lista\">\n<li>Des granit\u00e9s<\/li>\n<li>Des milk-shakes et des smoothies<\/li>\n<li>Des caf\u00e9s<\/li>\n<li>Des boissons chaudes<\/li>\n<li>Des jus de fruits press\u00e9s<\/li>\n<li>Des g\u00e2teaux et des friandises artisanales<\/li>\n<li>Etc.<\/li>\n<\/ul>\n<p>&nbsp;<\/p>\n<p>Tout type d\u2019entreprise, dans n\u2019importe quel secteur d\u2019activit\u00e9, peut proposer un <strong>service de bar et de glacerie<\/strong> \u00e0 ses clients externes et internes.<\/p>\n<p>&nbsp;&nbsp;<\/p>\n<h2>Un camion \u00e0 glaces pour promouvoir votre marque tout en r\u00e9alisant des b\u00e9n\u00e9fices<\/h2>\n<p>&nbsp;<\/p>\n<p>Vous pouvez construire un marchand de glaces sur tout type de v\u00e9hicule avec <strong>les \u00e9quipements et la configuration<\/strong> les mieux adapt\u00e9s \u00e0 vos objectifs et aux contextes dans lesquels vous l\u2019utiliserez.<\/p>\n<p>Am\u00e9nag\u00e9 sue un <a href=\"https:\/\/www.vsveicolispeciali.com\/fr\/vs-innovation-lab\/triporteur-electrique-ape-vcurve\/\">triporteur Piaggio \u00e9lectrique<\/a>, le vendeur de glaces acquiert le charme r\u00e9tro du v\u00e9hicule iconique de Piaggio avec tout le confort et les options dont vous pouvez disposer avec les nouvelles technologies.<\/p>\n<p>&nbsp;<\/p>\n<p><strong>Triporteur \u00c9lectrique a Glace<\/strong>: <a href=\"https:\/\/www.vsveicolispeciali.com\/fr\/street-food-truck\/triporteur-electrique-glace-bastia-raugi-company\/\">Raugi<\/a><br \/>\n&nbsp;<br \/>\n<a href=\"https:\/\/www.vsveicolispeciali.com\/wp-content\/uploads\/2022\/07\/raugi-glacier-triporteur-electrique.jpeg\"><img loading=\"lazy\" decoding=\"async\" class=\"alignnone size-full wp-image-17492\" src=\"https:\/\/www.vsveicolispeciali.com\/wp-content\/uploads\/2022\/07\/raugi-glacier-triporteur-electrique.jpeg\" alt=\"raugi triporteur electrique a glace\" width=\"1077\" height=\"1075\" srcset=\"https:\/\/www.vsveicolispeciali.com\/wp-content\/uploads\/2022\/07\/raugi-glacier-triporteur-electrique.jpeg 1077w, https:\/\/www.vsveicolispeciali.com\/wp-content\/uploads\/2022\/07\/raugi-glacier-triporteur-electrique-300x300.jpeg 300w, https:\/\/www.vsveicolispeciali.com\/wp-content\/uploads\/2022\/07\/raugi-glacier-triporteur-electrique-1024x1022.jpeg 1024w, https:\/\/www.vsveicolispeciali.com\/wp-content\/uploads\/2022\/07\/raugi-glacier-triporteur-electrique-150x150.jpeg 150w, https:\/\/www.vsveicolispeciali.com\/wp-content\/uploads\/2022\/07\/raugi-glacier-triporteur-electrique-768x767.jpeg 768w, https:\/\/www.vsveicolispeciali.com\/wp-content\/uploads\/2022\/07\/raugi-glacier-triporteur-electrique-570x570.jpeg 570w, https:\/\/www.vsveicolispeciali.com\/wp-content\/uploads\/2022\/07\/raugi-glacier-triporteur-electrique-500x500.jpeg 500w, https:\/\/www.vsveicolispeciali.com\/wp-content\/uploads\/2022\/07\/raugi-glacier-triporteur-electrique-700x699.jpeg 700w\" sizes=\"(max-width: 1077px) 100vw, 1077px\" \/><\/a><br \/>\n&nbsp;<br \/>\n<strong>Le moteur \u00e9lectrique et les batteries rechargeables<\/strong> vous permettent d\u2019exercer votre activit\u00e9 dans le respect de l\u2019environnement, sans d\u2019\u00e9missions polluantes ni de bruit g\u00eanant, tout en optimisant votre consommation de carburant, et en permettant \u00e0 votre food truck d\u2019acc\u00e9der m\u00eame aux zones interdites aux v\u00e9hicules \u00e0 moteur \u00e0 combustion interne.<\/p>\n<p>Ceux d\u2019entre vous qui ont besoin de dimensions plus importantes peuvent profiter de l\u2019espace agile d\u2019un <a href=\"https:\/\/www.vsveicolispeciali.com\/fr\/porter-craft-x-2\/\">Porter Craft X<\/a>, permettant de g\u00e9rer de gros volumes de production tout en gardant une faible consommation.<\/p>\n<p>Et ainsi de suite jusqu\u2019aux <strong>grands food trucks \u00e0 glaces et \u00e0 caf\u00e9<\/strong> am\u00e9nag\u00e9s pour vendre une grande vari\u00e9t\u00e9 de boissons et de produits alimentaires.<\/p>\n<p>L\u2019NV Food Truck, par exemple, ou le tout nouveau <a href=\"https:\/\/www.vsveicolispeciali.com\/fr\/vs-innovation-lab\/fabricant-pro-x-food-truck-italien\/\">Pro X Food Truck<\/a>, vous offrent un potentiel commercial \u00e9norme dans le domaine du street food, y compris dans le secteur des glaces.<\/p>\n<p>La rentabilit\u00e9 des <a href=\"https:\/\/www.vsveicolispeciali.com\/fr\/dri-dri-ape-glacier-ambulant-debarque-aux-etats-unis\/\" rel=\"noopener\" target=\"_blank\">glaciers ambulants<\/a> construits par VS Veicoli Speciali s\u2019explique par les <strong>hauts niveaux d\u2019ergonomie<\/strong> avec lesquelles nous concevons l\u2019am\u00e9nagement.<\/p>\n<p>&nbsp;<\/p>\n<p><strong>Remorque Glacier<\/strong>: <a href=\"https:\/\/www.vsveicolispeciali.com\/fr\/street-food-truck\/remorque-food-truck-a-vendre-glace-la-cremeria\/\">La Tua Cremeria<\/a><br \/>\n&nbsp;<br \/>\n<a href=\"https:\/\/www.vsveicolispeciali.com\/wp-content\/uploads\/2017\/01\/Rimorchio_LaCremeria_03.jpg\"><img loading=\"lazy\" decoding=\"async\" class=\"alignnone size-full wp-image-3543\" src=\"https:\/\/www.vsveicolispeciali.com\/wp-content\/uploads\/2017\/01\/Rimorchio_LaCremeria_03.jpg\" alt=\"remorque glace la cremeria\" width=\"1000\" height=\"800\" srcset=\"https:\/\/www.vsveicolispeciali.com\/wp-content\/uploads\/2017\/01\/Rimorchio_LaCremeria_03.jpg 1000w, https:\/\/www.vsveicolispeciali.com\/wp-content\/uploads\/2017\/01\/Rimorchio_LaCremeria_03-300x240.jpg 300w, https:\/\/www.vsveicolispeciali.com\/wp-content\/uploads\/2017\/01\/Rimorchio_LaCremeria_03-768x614.jpg 768w, https:\/\/www.vsveicolispeciali.com\/wp-content\/uploads\/2017\/01\/Rimorchio_LaCremeria_03-700x560.jpg 700w\" sizes=\"(max-width: 1000px) 100vw, 1000px\" \/><\/a><br \/>\n&nbsp;<br \/>\nNous portons les plus grands soins \u00e0 l\u2019\u00e9quipement, l\u2019\u00e9clairage, les mat\u00e9riaux et le design int\u00e9rieur, nous les compl\u00e9tons et les peaufinons afin de <strong>maximiser le confort des op\u00e9rateurs \u00e0 bord<\/strong>.<\/p>\n<p>Mais ce n\u2019est pas tout, vous pouvez int\u00e9grer l\u2019\u00e9quipement de ce marchand de glaces \u00e0 un <a href=\"https:\/\/www.vsveicolispeciali.com\/fr\/vs-innovation-lab\/extra-pour-votre-food-truck\/\" rel=\"noopener\" target=\"_blank\">SYST\u00c8ME NUM\u00c8RIQUE DE CONTR\u00d4LE \u00c0 DISTANCE<\/a> des composants et des fonctions du food truck.<\/p>\n<p>Avec \u00e0 l\u2019<strong>APP eXtra<\/strong>, que vous pouvez installer sur n\u2019importe quel smartphone, vous pouvez\u00a0:<\/p>\n<ul class=\"lista\">\n<li>Allumer ou \u00e9teindre le r\u00e9frig\u00e9rateur et les cong\u00e9lateurs, en r\u00e9glant leur temp\u00e9rature\u00a0;<\/li>\n<li>V\u00e9rifier l\u2019\u00e9clairage, la ventilation et la climatisation\u00a0;<\/li>\n<li>R\u00e9gler la temp\u00e9rature et l\u2019humidit\u00e9 \u00e0 l\u2019int\u00e9rieur de la zone de travail\u00a0;<\/li>\n<li>V\u00e9rifier la position de votre food truck et sauvegarder les itin\u00e9raires emprunt\u00e9s\u00a0;<\/li>\n<li>V\u00e9rifiez l\u2019\u00e9tat d\u2019ouverture\/fermeture des portes et des pieds de stationnement\u00a0;<\/li>\n<li>ETC.<\/li>\n<\/ul>\n<p>&nbsp;<\/p>\n<p>Une <strong>technologie<\/strong> con\u00e7ue pour faciliter votre travail, am\u00e9liorer votre s\u00e9curit\u00e9 et accro\u00eetre votre productivit\u00e9.<\/p>\n<p>Une fois que vous avez charg\u00e9 le contenu dans le module \u00e0 glaces, avec la <strong>gestion \u00e0 distance de votre marchand de glaces<\/strong>, confortablement install\u00e9(e) chez vous, vous pouvez par exemple contr\u00f4ler que votre food truck soit bien pr\u00e9par\u00e9, en v\u00e9rifiant que le module ait la bonne temp\u00e9rature pour le lendemain.<\/p>\n<p>&nbsp;<\/p>\n<p><strong>Piaggio Porter Glacerie<\/strong>: <a href=\"https:\/\/www.vsveicolispeciali.com\/fr\/street-food-truck\/piaggio-porter-amenage-en-glacerie\/\">La Tua Cremeria<\/a><br \/>\n&nbsp;<br \/>\n<a href=\"https:\/\/www.vsveicolispeciali.com\/wp-content\/uploads\/2015\/11\/gelateria-su-porter-piaggio-la-cremeria-bogliolo.jpg\"><img loading=\"lazy\" decoding=\"async\" class=\"alignnone size-full wp-image-1378\" src=\"https:\/\/www.vsveicolispeciali.com\/wp-content\/uploads\/2015\/11\/gelateria-su-porter-piaggio-la-cremeria-bogliolo.jpg\" alt=\"Glacerie Porter Piaggio la cremeria bogliolo\" width=\"1000\" height=\"800\" srcset=\"https:\/\/www.vsveicolispeciali.com\/wp-content\/uploads\/2015\/11\/gelateria-su-porter-piaggio-la-cremeria-bogliolo.jpg 1000w, https:\/\/www.vsveicolispeciali.com\/wp-content\/uploads\/2015\/11\/gelateria-su-porter-piaggio-la-cremeria-bogliolo-300x240.jpg 300w, https:\/\/www.vsveicolispeciali.com\/wp-content\/uploads\/2015\/11\/gelateria-su-porter-piaggio-la-cremeria-bogliolo-768x614.jpg 768w, https:\/\/www.vsveicolispeciali.com\/wp-content\/uploads\/2015\/11\/gelateria-su-porter-piaggio-la-cremeria-bogliolo-700x560.jpg 700w\" sizes=\"(max-width: 1000px) 100vw, 1000px\" \/><\/a><br \/>\n&nbsp;<br \/>\nFinies les mauvaises surprises, comme une cr\u00e8me glac\u00e9e compl\u00e8tement fondue \u00e0 cause d\u2019une panne de courant\u00a0: <strong>eXtra<\/strong> surveille la temp\u00e9rature des r\u00e9frig\u00e9rateurs et, en cas d\u2019interruption, elle vous envoie un message pour vous signaler le dysfonctionnement, de sorte que vous puissiez intervenir \u00e0 temps, en prot\u00e9geant votre marchandise et votre travail\u00a0!<br \/>\n&nbsp;<\/p>\n<p><strong>NV Food Truck Glacier<\/strong>: <a href=\"https:\/\/www.vsveicolispeciali.com\/fr\/street-food-truck\/camion-patisserie-glacier\/\">home-madebymaria<\/a><br \/>\n&nbsp;<br \/>\n<a href=\"https:\/\/www.vsveicolispeciali.com\/wp-content\/uploads\/2024\/12\/patisserie-food-truck-glace-home-madebymaria.jpg\"><img loading=\"lazy\" decoding=\"async\" src=\"https:\/\/www.vsveicolispeciali.com\/wp-content\/uploads\/2024\/12\/patisserie-food-truck-glace-home-madebymaria.jpg\" alt=\"patisserie food truck glace home-madebymaria en Bulgarie\" width=\"810\" height=\"608\" class=\"alignleft size-full wp-image-27329\" srcset=\"https:\/\/www.vsveicolispeciali.com\/wp-content\/uploads\/2024\/12\/patisserie-food-truck-glace-home-madebymaria.jpg 810w, https:\/\/www.vsveicolispeciali.com\/wp-content\/uploads\/2024\/12\/patisserie-food-truck-glace-home-madebymaria-300x225.jpg 300w, https:\/\/www.vsveicolispeciali.com\/wp-content\/uploads\/2024\/12\/patisserie-food-truck-glace-home-madebymaria-768x576.jpg 768w, https:\/\/www.vsveicolispeciali.com\/wp-content\/uploads\/2024\/12\/patisserie-food-truck-glace-home-madebymaria-800x600.jpg 800w, https:\/\/www.vsveicolispeciali.com\/wp-content\/uploads\/2024\/12\/patisserie-food-truck-glace-home-madebymaria-700x525.jpg 700w\" sizes=\"(max-width: 810px) 100vw, 810px\" \/><\/a><br \/>\n&nbsp;<br \/>\nP\u00e2tisserie-glace ambulante tr\u00e8s populaire \u00e0 Sofia, Bulgarie. Difficile de r\u00e9sister aux nombreuses gourmandises propos\u00e9es lors de votre passage.<br \/>\n&nbsp;<\/p>\n<p><strong>Piaggio Porter Vendeur de Glac\u00e9<\/strong>: <a href=\"https:\/\/www.vsveicolispeciali.com\/fr\/street-food-truck\/food-truck-glaces-eiswerkstatt\/\">Eiswerkstatt<\/a><br \/>\n&nbsp;<br \/>\n<a href=\"https:\/\/www.vsveicolispeciali.com\/wp-content\/uploads\/2024\/12\/vendeur-glace-ambulant-eiswerkstaat.jpg\"><img loading=\"lazy\" decoding=\"async\" src=\"https:\/\/www.vsveicolispeciali.com\/wp-content\/uploads\/2024\/12\/vendeur-glace-ambulant-eiswerkstaat.jpg\" alt=\"vendeur glace ambulant eiswerkstatt a Berne\" width=\"810\" height=\"608\" class=\"alignleft size-full wp-image-27333\" srcset=\"https:\/\/www.vsveicolispeciali.com\/wp-content\/uploads\/2024\/12\/vendeur-glace-ambulant-eiswerkstaat.jpg 810w, https:\/\/www.vsveicolispeciali.com\/wp-content\/uploads\/2024\/12\/vendeur-glace-ambulant-eiswerkstaat-300x225.jpg 300w, https:\/\/www.vsveicolispeciali.com\/wp-content\/uploads\/2024\/12\/vendeur-glace-ambulant-eiswerkstaat-768x576.jpg 768w, https:\/\/www.vsveicolispeciali.com\/wp-content\/uploads\/2024\/12\/vendeur-glace-ambulant-eiswerkstaat-800x600.jpg 800w, https:\/\/www.vsveicolispeciali.com\/wp-content\/uploads\/2024\/12\/vendeur-glace-ambulant-eiswerkstaat-700x525.jpg 700w\" sizes=\"(max-width: 810px) 100vw, 810px\" \/><\/a><br \/>\n&nbsp;<br \/>\n\u00c0 Berne, un ancien d\u00e9p\u00f4t de tram a \u00e9t\u00e9 transform\u00e9 en h\u00f4tel avec un restaurant, une grande brasserie et un laboratoire de production de glaces. Ce petit glacier mobile permet de vendre des glaces artisanales dans les rues de Berne, faisant la publicit\u00e9 de toute la structure h\u00f4teli\u00e8re.<br \/>\n&nbsp;<\/p>\n<p>Nous avons parcouru un long chemin depuis les anciens chariots de glaces, mais la fonction sociale exerc\u00e9e par les <strong>marchands de glaces ambulants<\/strong> n\u2019a pas du tout chang\u00e9. Voil\u00e0 pourquoi ils continuent \u00e0 avoir le m\u00eame succ\u00e8s, mais \u00e0 plus grande \u00e9chelle encore.<\/p>\n<p>Faites confiance \u00e0 <em>Vs Veicoli Speciali<\/em>, vous b\u00e9n\u00e9ficierez d\u2019un marchand de glaces ambulant innovant et super performant sans renoncer aux valeurs de la tradition\u00a0: un bon design et des produits faits maison.<\/p>\n<p>Qui veut des glaces\u00a0!?<\/p>\n<p>&nbsp;<\/p>\n<p>&nbsp;<\/p>\n\n\t\t<style type=\"text\/css\">\n\t\t\t#gallery-1 {\n\t\t\t\tmargin: auto;\n\t\t\t}\n\t\t\t#gallery-1 .gallery-item {\n\t\t\t\tfloat: left;\n\t\t\t\tmargin-top: 10px;\n\t\t\t\ttext-align: center;\n\t\t\t\twidth: 33%;\n\t\t\t}\n\t\t\t#gallery-1 img {\n\t\t\t\tborder: 2px solid #cfcfcf;\n\t\t\t}\n\t\t\t#gallery-1 .gallery-caption {\n\t\t\t\tmargin-left: 0;\n\t\t\t}\n\t\t\t\/* see gallery_shortcode() in wp-includes\/media.php *\/\n\t\t<\/style>\n\t\t<div id='gallery-1' class='gallery galleryid-18309 gallery-columns-3 gallery-size-thumbnail'><dl class='gallery-item'>\n\t\t\t<dt class='gallery-icon portrait'>\n\t\t\t\t<a href='https:\/\/www.vsveicolispeciali.com\/fr\/triporteur-glace-simone-et-maurice-digione-2\/'><img loading=\"lazy\" decoding=\"async\" width=\"150\" height=\"150\" src=\"https:\/\/www.vsveicolispeciali.com\/wp-content\/uploads\/2022\/10\/triporteur-glace-simone-et-maurice-digione-150x150.jpg\" class=\"attachment-thumbnail size-thumbnail\" alt=\"triporteur glace simone et maurice digione\" srcset=\"https:\/\/www.vsveicolispeciali.com\/wp-content\/uploads\/2022\/10\/triporteur-glace-simone-et-maurice-digione-150x150.jpg 150w, https:\/\/www.vsveicolispeciali.com\/wp-content\/uploads\/2022\/10\/triporteur-glace-simone-et-maurice-digione-300x300.jpg 300w, https:\/\/www.vsveicolispeciali.com\/wp-content\/uploads\/2022\/10\/triporteur-glace-simone-et-maurice-digione-768x769.jpg 768w, https:\/\/www.vsveicolispeciali.com\/wp-content\/uploads\/2022\/10\/triporteur-glace-simone-et-maurice-digione-570x570.jpg 570w, https:\/\/www.vsveicolispeciali.com\/wp-content\/uploads\/2022\/10\/triporteur-glace-simone-et-maurice-digione-500x500.jpg 500w, https:\/\/www.vsveicolispeciali.com\/wp-content\/uploads\/2022\/10\/triporteur-glace-simone-et-maurice-digione-700x701.jpg 700w, https:\/\/www.vsveicolispeciali.com\/wp-content\/uploads\/2022\/10\/triporteur-glace-simone-et-maurice-digione.jpg 1000w\" sizes=\"(max-width: 150px) 100vw, 150px\" \/><\/a>\n\t\t\t<\/dt><\/dl>\n\t\t\t<br style='clear: both' \/>\n\t\t<\/div>\n\n","protected":false},"excerpt":{"rendered":"<p>Il \u00e9tait une fois le chariot \u00e0 glace&#8230; Aujourd\u2019hui ce sont ses h\u00e9ritiers qui ont pris le relais, perp\u00e9tuant une tradition ancienne qui s\u2019est renouvel\u00e9e au fil du temps, en gardant tout son charme inchang\u00e9. Autrefois, le MARCHAND DE GLACES AMBULANT se d\u00e9pla\u00e7ait sur des&#8230;<\/p>\n","protected":false},"author":1001012,"featured_media":18283,"comment_status":"closed","ping_status":"open","sticky":false,"template":"","format":"gallery","meta":{"footnotes":""},"categories":[27],"tags":[179],"class_list":["post-18309","post","type-post","status-publish","format-gallery","has-post-thumbnail","hentry","category-news-fr","tag-camion-glace","post_format-post-format-gallery"],"yoast_head":"<!-- This site is optimized with the Yoast SEO plugin v25.4 - https:\/\/yoast.com\/wordpress\/plugins\/seo\/ -->\n<title>Le Marchand de Glaces Ambulant est un Intemporel<\/title>\n<meta name=\"description\" content=\"Des anciens chariots de glaces aux camions de glace modernes \u00e9quip\u00e9s sur mesure avec la technologie de contr\u00f4le \u00e0 distance (application eXtra)\" \/>\n<meta name=\"robots\" content=\"index, follow, max-snippet:-1, max-image-preview:large, max-video-preview:-1\" \/>\n<link rel=\"canonical\" href=\"https:\/\/www.vsveicolispeciali.com\/fr\/le-marchand-de-glaces-ambulant-est-un-intemporel\/\" \/>\n<meta property=\"og:locale\" content=\"fr_FR\" \/>\n<meta property=\"og:type\" content=\"article\" \/>\n<meta property=\"og:title\" content=\"Le Marchand de Glaces Ambulant est un Intemporel\" \/>\n<meta property=\"og:description\" content=\"Des anciens chariots de glaces aux camions de glace modernes \u00e9quip\u00e9s sur mesure avec la technologie de contr\u00f4le \u00e0 distance (application eXtra)\" \/>\n<meta property=\"og:url\" content=\"https:\/\/www.vsveicolispeciali.com\/fr\/le-marchand-de-glaces-ambulant-est-un-intemporel\/\" \/>\n<meta property=\"og:site_name\" content=\"VS Veicoli Speciali\" \/>\n<meta property=\"article:publisher\" content=\"https:\/\/www.facebook.com\/VSVeicoliSpeciali.Food.Trucks\/\" \/>\n<meta property=\"article:published_time\" content=\"2022-10-09T20:51:31+00:00\" \/>\n<meta property=\"article:modified_time\" content=\"2025-09-15T09:44:42+00:00\" \/>\n<meta property=\"og:image\" content=\"https:\/\/www.vsveicolispeciali.com\/wp-content\/uploads\/2022\/10\/triporteur-glace-simone-et-maurice-digione.jpg\" \/>\n\t<meta property=\"og:image:width\" content=\"1000\" \/>\n\t<meta property=\"og:image:height\" content=\"1001\" \/>\n\t<meta property=\"og:image:type\" content=\"image\/jpeg\" \/>\n<meta name=\"author\" content=\"VS Veicoli Speciali\" \/>\n<meta name=\"twitter:card\" content=\"summary_large_image\" \/>\n<meta name=\"twitter:creator\" content=\"@veicolispeciali\" \/>\n<meta name=\"twitter:site\" content=\"@veicolispeciali\" \/>\n<meta name=\"twitter:label1\" content=\"\u00c9crit par\" \/>\n\t<meta name=\"twitter:data1\" content=\"VS Veicoli Speciali\" \/>\n\t<meta name=\"twitter:label2\" content=\"Dur\u00e9e de lecture estim\u00e9e\" \/>\n\t<meta name=\"twitter:data2\" content=\"7 minutes\" \/>\n<script type=\"application\/ld+json\" class=\"yoast-schema-graph\">{\"@context\":\"https:\/\/schema.org\",\"@graph\":[{\"@type\":\"Article\",\"@id\":\"https:\/\/www.vsveicolispeciali.com\/fr\/le-marchand-de-glaces-ambulant-est-un-intemporel\/#article\",\"isPartOf\":{\"@id\":\"https:\/\/www.vsveicolispeciali.com\/fr\/le-marchand-de-glaces-ambulant-est-un-intemporel\/\"},\"author\":{\"name\":\"VS Veicoli Speciali\",\"@id\":\"https:\/\/www.vsveicolispeciali.com\/fr\/#\/schema\/person\/1241826d792bde4333b3db1395b12be9\"},\"headline\":\"Le marchand de glaces ambulant est un intemporel\",\"datePublished\":\"2022-10-09T20:51:31+00:00\",\"dateModified\":\"2025-09-15T09:44:42+00:00\",\"mainEntityOfPage\":{\"@id\":\"https:\/\/www.vsveicolispeciali.com\/fr\/le-marchand-de-glaces-ambulant-est-un-intemporel\/\"},\"wordCount\":1170,\"publisher\":{\"@id\":\"https:\/\/www.vsveicolispeciali.com\/fr\/#organization\"},\"image\":{\"@id\":\"https:\/\/www.vsveicolispeciali.com\/fr\/le-marchand-de-glaces-ambulant-est-un-intemporel\/#primaryimage\"},\"thumbnailUrl\":\"https:\/\/www.vsveicolispeciali.com\/wp-content\/uploads\/2022\/10\/triporteur-glace-simone-et-maurice-digione.jpg\",\"keywords\":[\"camion glace\"],\"articleSection\":[\"News\"],\"inLanguage\":\"fr-FR\"},{\"@type\":\"WebPage\",\"@id\":\"https:\/\/www.vsveicolispeciali.com\/fr\/le-marchand-de-glaces-ambulant-est-un-intemporel\/\",\"url\":\"https:\/\/www.vsveicolispeciali.com\/fr\/le-marchand-de-glaces-ambulant-est-un-intemporel\/\",\"name\":\"Le Marchand de Glaces Ambulant est un Intemporel\",\"isPartOf\":{\"@id\":\"https:\/\/www.vsveicolispeciali.com\/fr\/#website\"},\"primaryImageOfPage\":{\"@id\":\"https:\/\/www.vsveicolispeciali.com\/fr\/le-marchand-de-glaces-ambulant-est-un-intemporel\/#primaryimage\"},\"image\":{\"@id\":\"https:\/\/www.vsveicolispeciali.com\/fr\/le-marchand-de-glaces-ambulant-est-un-intemporel\/#primaryimage\"},\"thumbnailUrl\":\"https:\/\/www.vsveicolispeciali.com\/wp-content\/uploads\/2022\/10\/triporteur-glace-simone-et-maurice-digione.jpg\",\"datePublished\":\"2022-10-09T20:51:31+00:00\",\"dateModified\":\"2025-09-15T09:44:42+00:00\",\"description\":\"Des anciens chariots de glaces aux camions de glace modernes \u00e9quip\u00e9s sur mesure avec la technologie de contr\u00f4le \u00e0 distance (application eXtra)\",\"breadcrumb\":{\"@id\":\"https:\/\/www.vsveicolispeciali.com\/fr\/le-marchand-de-glaces-ambulant-est-un-intemporel\/#breadcrumb\"},\"inLanguage\":\"fr-FR\",\"potentialAction\":[{\"@type\":\"ReadAction\",\"target\":[\"https:\/\/www.vsveicolispeciali.com\/fr\/le-marchand-de-glaces-ambulant-est-un-intemporel\/\"]}]},{\"@type\":\"ImageObject\",\"inLanguage\":\"fr-FR\",\"@id\":\"https:\/\/www.vsveicolispeciali.com\/fr\/le-marchand-de-glaces-ambulant-est-un-intemporel\/#primaryimage\",\"url\":\"https:\/\/www.vsveicolispeciali.com\/wp-content\/uploads\/2022\/10\/triporteur-glace-simone-et-maurice-digione.jpg\",\"contentUrl\":\"https:\/\/www.vsveicolispeciali.com\/wp-content\/uploads\/2022\/10\/triporteur-glace-simone-et-maurice-digione.jpg\",\"width\":1000,\"height\":1001,\"caption\":\"triporteur glace simone et maurice digione\"},{\"@type\":\"BreadcrumbList\",\"@id\":\"https:\/\/www.vsveicolispeciali.com\/fr\/le-marchand-de-glaces-ambulant-est-un-intemporel\/#breadcrumb\",\"itemListElement\":[{\"@type\":\"ListItem\",\"position\":1,\"name\":\"Home\",\"item\":\"https:\/\/www.vsveicolispeciali.com\/fr\/\"},{\"@type\":\"ListItem\",\"position\":2,\"name\":\"Le marchand de glaces ambulant est un intemporel\"}]},{\"@type\":\"WebSite\",\"@id\":\"https:\/\/www.vsveicolispeciali.com\/fr\/#website\",\"url\":\"https:\/\/www.vsveicolispeciali.com\/fr\/\",\"name\":\"VS Veicoli Speciali\",\"description\":\"\",\"publisher\":{\"@id\":\"https:\/\/www.vsveicolispeciali.com\/fr\/#organization\"},\"potentialAction\":[{\"@type\":\"SearchAction\",\"target\":{\"@type\":\"EntryPoint\",\"urlTemplate\":\"https:\/\/www.vsveicolispeciali.com\/fr\/?s={search_term_string}\"},\"query-input\":{\"@type\":\"PropertyValueSpecification\",\"valueRequired\":true,\"valueName\":\"search_term_string\"}}],\"inLanguage\":\"fr-FR\"},{\"@type\":\"Organization\",\"@id\":\"https:\/\/www.vsveicolispeciali.com\/fr\/#organization\",\"name\":\"VS Veicoli Speciali\",\"url\":\"https:\/\/www.vsveicolispeciali.com\/fr\/\",\"logo\":{\"@type\":\"ImageObject\",\"inLanguage\":\"fr-FR\",\"@id\":\"https:\/\/www.vsveicolispeciali.com\/fr\/#\/schema\/logo\/image\/\",\"url\":\"http:\/\/www.vsveicolispeciali.com\/wp-content\/uploads\/2015\/05\/vs_veicoli_speciali-logo.png\",\"contentUrl\":\"http:\/\/www.vsveicolispeciali.com\/wp-content\/uploads\/2015\/05\/vs_veicoli_speciali-logo.png\",\"width\":252,\"height\":134,\"caption\":\"VS Veicoli Speciali\"},\"image\":{\"@id\":\"https:\/\/www.vsveicolispeciali.com\/fr\/#\/schema\/logo\/image\/\"},\"sameAs\":[\"https:\/\/www.facebook.com\/VSVeicoliSpeciali.Food.Trucks\/\",\"https:\/\/x.com\/veicolispeciali\",\"https:\/\/www.instagram.com\/vs_veicolispeciali\/\",\"https:\/\/www.linkedin.com\/company\/2811960\/\",\"https:\/\/www.pinterest.com\/streetfoodtruck\/\",\"https:\/\/www.youtube.com\/user\/veicolispeciali\"]},{\"@type\":\"Person\",\"@id\":\"https:\/\/www.vsveicolispeciali.com\/fr\/#\/schema\/person\/1241826d792bde4333b3db1395b12be9\",\"name\":\"VS Veicoli Speciali\",\"image\":{\"@type\":\"ImageObject\",\"inLanguage\":\"fr-FR\",\"@id\":\"https:\/\/www.vsveicolispeciali.com\/fr\/#\/schema\/person\/image\/\",\"url\":\"https:\/\/secure.gravatar.com\/avatar\/4ea93278e71ba140dbbbfb5d34409507?s=96&d=mm&r=g\",\"contentUrl\":\"https:\/\/secure.gravatar.com\/avatar\/4ea93278e71ba140dbbbfb5d34409507?s=96&d=mm&r=g\",\"caption\":\"VS Veicoli Speciali\"}}]}<\/script>\n<!-- \/ Yoast SEO plugin. -->","yoast_head_json":{"title":"Le Marchand de Glaces Ambulant est un Intemporel","description":"Des anciens chariots de glaces aux camions de glace modernes \u00e9quip\u00e9s sur mesure avec la technologie de contr\u00f4le \u00e0 distance (application eXtra)","robots":{"index":"index","follow":"follow","max-snippet":"max-snippet:-1","max-image-preview":"max-image-preview:large","max-video-preview":"max-video-preview:-1"},"canonical":"https:\/\/www.vsveicolispeciali.com\/fr\/le-marchand-de-glaces-ambulant-est-un-intemporel\/","og_locale":"fr_FR","og_type":"article","og_title":"Le Marchand de Glaces Ambulant est un Intemporel","og_description":"Des anciens chariots de glaces aux camions de glace modernes \u00e9quip\u00e9s sur mesure avec la technologie de contr\u00f4le \u00e0 distance (application eXtra)","og_url":"https:\/\/www.vsveicolispeciali.com\/fr\/le-marchand-de-glaces-ambulant-est-un-intemporel\/","og_site_name":"VS Veicoli Speciali","article_publisher":"https:\/\/www.facebook.com\/VSVeicoliSpeciali.Food.Trucks\/","article_published_time":"2022-10-09T20:51:31+00:00","article_modified_time":"2025-09-15T09:44:42+00:00","og_image":[{"width":1000,"height":1001,"url":"https:\/\/www.vsveicolispeciali.com\/wp-content\/uploads\/2022\/10\/triporteur-glace-simone-et-maurice-digione.jpg","type":"image\/jpeg"}],"author":"VS Veicoli Speciali","twitter_card":"summary_large_image","twitter_creator":"@veicolispeciali","twitter_site":"@veicolispeciali","twitter_misc":{"\u00c9crit par":"VS Veicoli Speciali","Dur\u00e9e de lecture estim\u00e9e":"7 minutes"},"schema":{"@context":"https:\/\/schema.org","@graph":[{"@type":"Article","@id":"https:\/\/www.vsveicolispeciali.com\/fr\/le-marchand-de-glaces-ambulant-est-un-intemporel\/#article","isPartOf":{"@id":"https:\/\/www.vsveicolispeciali.com\/fr\/le-marchand-de-glaces-ambulant-est-un-intemporel\/"},"author":{"name":"VS Veicoli Speciali","@id":"https:\/\/www.vsveicolispeciali.com\/fr\/#\/schema\/person\/1241826d792bde4333b3db1395b12be9"},"headline":"Le marchand de glaces ambulant est un intemporel","datePublished":"2022-10-09T20:51:31+00:00","dateModified":"2025-09-15T09:44:42+00:00","mainEntityOfPage":{"@id":"https:\/\/www.vsveicolispeciali.com\/fr\/le-marchand-de-glaces-ambulant-est-un-intemporel\/"},"wordCount":1170,"publisher":{"@id":"https:\/\/www.vsveicolispeciali.com\/fr\/#organization"},"image":{"@id":"https:\/\/www.vsveicolispeciali.com\/fr\/le-marchand-de-glaces-ambulant-est-un-intemporel\/#primaryimage"},"thumbnailUrl":"https:\/\/www.vsveicolispeciali.com\/wp-content\/uploads\/2022\/10\/triporteur-glace-simone-et-maurice-digione.jpg","keywords":["camion glace"],"articleSection":["News"],"inLanguage":"fr-FR"},{"@type":"WebPage","@id":"https:\/\/www.vsveicolispeciali.com\/fr\/le-marchand-de-glaces-ambulant-est-un-intemporel\/","url":"https:\/\/www.vsveicolispeciali.com\/fr\/le-marchand-de-glaces-ambulant-est-un-intemporel\/","name":"Le Marchand de Glaces Ambulant est un Intemporel","isPartOf":{"@id":"https:\/\/www.vsveicolispeciali.com\/fr\/#website"},"primaryImageOfPage":{"@id":"https:\/\/www.vsveicolispeciali.com\/fr\/le-marchand-de-glaces-ambulant-est-un-intemporel\/#primaryimage"},"image":{"@id":"https:\/\/www.vsveicolispeciali.com\/fr\/le-marchand-de-glaces-ambulant-est-un-intemporel\/#primaryimage"},"thumbnailUrl":"https:\/\/www.vsveicolispeciali.com\/wp-content\/uploads\/2022\/10\/triporteur-glace-simone-et-maurice-digione.jpg","datePublished":"2022-10-09T20:51:31+00:00","dateModified":"2025-09-15T09:44:42+00:00","description":"Des anciens chariots de glaces aux camions de glace modernes \u00e9quip\u00e9s sur mesure avec la technologie de contr\u00f4le \u00e0 distance (application eXtra)","breadcrumb":{"@id":"https:\/\/www.vsveicolispeciali.com\/fr\/le-marchand-de-glaces-ambulant-est-un-intemporel\/#breadcrumb"},"inLanguage":"fr-FR","potentialAction":[{"@type":"ReadAction","target":["https:\/\/www.vsveicolispeciali.com\/fr\/le-marchand-de-glaces-ambulant-est-un-intemporel\/"]}]},{"@type":"ImageObject","inLanguage":"fr-FR","@id":"https:\/\/www.vsveicolispeciali.com\/fr\/le-marchand-de-glaces-ambulant-est-un-intemporel\/#primaryimage","url":"https:\/\/www.vsveicolispeciali.com\/wp-content\/uploads\/2022\/10\/triporteur-glace-simone-et-maurice-digione.jpg","contentUrl":"https:\/\/www.vsveicolispeciali.com\/wp-content\/uploads\/2022\/10\/triporteur-glace-simone-et-maurice-digione.jpg","width":1000,"height":1001,"caption":"triporteur glace simone et maurice digione"},{"@type":"BreadcrumbList","@id":"https:\/\/www.vsveicolispeciali.com\/fr\/le-marchand-de-glaces-ambulant-est-un-intemporel\/#breadcrumb","itemListElement":[{"@type":"ListItem","position":1,"name":"Home","item":"https:\/\/www.vsveicolispeciali.com\/fr\/"},{"@type":"ListItem","position":2,"name":"Le marchand de glaces ambulant est un intemporel"}]},{"@type":"WebSite","@id":"https:\/\/www.vsveicolispeciali.com\/fr\/#website","url":"https:\/\/www.vsveicolispeciali.com\/fr\/","name":"VS Veicoli Speciali","description":"","publisher":{"@id":"https:\/\/www.vsveicolispeciali.com\/fr\/#organization"},"potentialAction":[{"@type":"SearchAction","target":{"@type":"EntryPoint","urlTemplate":"https:\/\/www.vsveicolispeciali.com\/fr\/?s={search_term_string}"},"query-input":{"@type":"PropertyValueSpecification","valueRequired":true,"valueName":"search_term_string"}}],"inLanguage":"fr-FR"},{"@type":"Organization","@id":"https:\/\/www.vsveicolispeciali.com\/fr\/#organization","name":"VS Veicoli Speciali","url":"https:\/\/www.vsveicolispeciali.com\/fr\/","logo":{"@type":"ImageObject","inLanguage":"fr-FR","@id":"https:\/\/www.vsveicolispeciali.com\/fr\/#\/schema\/logo\/image\/","url":"http:\/\/www.vsveicolispeciali.com\/wp-content\/uploads\/2015\/05\/vs_veicoli_speciali-logo.png","contentUrl":"http:\/\/www.vsveicolispeciali.com\/wp-content\/uploads\/2015\/05\/vs_veicoli_speciali-logo.png","width":252,"height":134,"caption":"VS Veicoli Speciali"},"image":{"@id":"https:\/\/www.vsveicolispeciali.com\/fr\/#\/schema\/logo\/image\/"},"sameAs":["https:\/\/www.facebook.com\/VSVeicoliSpeciali.Food.Trucks\/","https:\/\/x.com\/veicolispeciali","https:\/\/www.instagram.com\/vs_veicolispeciali\/","https:\/\/www.linkedin.com\/company\/2811960\/","https:\/\/www.pinterest.com\/streetfoodtruck\/","https:\/\/www.youtube.com\/user\/veicolispeciali"]},{"@type":"Person","@id":"https:\/\/www.vsveicolispeciali.com\/fr\/#\/schema\/person\/1241826d792bde4333b3db1395b12be9","name":"VS Veicoli Speciali","image":{"@type":"ImageObject","inLanguage":"fr-FR","@id":"https:\/\/www.vsveicolispeciali.com\/fr\/#\/schema\/person\/image\/","url":"https:\/\/secure.gravatar.com\/avatar\/4ea93278e71ba140dbbbfb5d34409507?s=96&d=mm&r=g","contentUrl":"https:\/\/secure.gravatar.com\/avatar\/4ea93278e71ba140dbbbfb5d34409507?s=96&d=mm&r=g","caption":"VS Veicoli Speciali"}}]}},"_links":{"self":[{"href":"https:\/\/www.vsveicolispeciali.com\/fr\/wp-json\/wp\/v2\/posts\/18309"}],"collection":[{"href":"https:\/\/www.vsveicolispeciali.com\/fr\/wp-json\/wp\/v2\/posts"}],"about":[{"href":"https:\/\/www.vsveicolispeciali.com\/fr\/wp-json\/wp\/v2\/types\/post"}],"author":[{"embeddable":true,"href":"https:\/\/www.vsveicolispeciali.com\/fr\/wp-json\/wp\/v2\/users\/1001012"}],"replies":[{"embeddable":true,"href":"https:\/\/www.vsveicolispeciali.com\/fr\/wp-json\/wp\/v2\/comments?post=18309"}],"version-history":[{"count":8,"href":"https:\/\/www.vsveicolispeciali.com\/fr\/wp-json\/wp\/v2\/posts\/18309\/revisions"}],"predecessor-version":[{"id":28614,"href":"https:\/\/www.vsveicolispeciali.com\/fr\/wp-json\/wp\/v2\/posts\/18309\/revisions\/28614"}],"wp:featuredmedia":[{"embeddable":true,"href":"https:\/\/www.vsveicolispeciali.com\/fr\/wp-json\/wp\/v2\/media\/18283"}],"wp:attachment":[{"href":"https:\/\/www.vsveicolispeciali.com\/fr\/wp-json\/wp\/v2\/media?parent=18309"}],"wp:term":[{"taxonomy":"category","embeddable":true,"href":"https:\/\/www.vsveicolispeciali.com\/fr\/wp-json\/wp\/v2\/categories?post=18309"},{"taxonomy":"post_tag","embeddable":true,"href":"https:\/\/www.vsveicolispeciali.com\/fr\/wp-json\/wp\/v2\/tags?post=18309"}],"curies":[{"name":"wp","href":"https:\/\/api.w.org\/{rel}","templated":true}]}}