{"id":18193,"date":"2022-09-12T16:48:39","date_gmt":"2022-09-12T14:48:39","guid":{"rendered":"http:\/\/www.vsveicolispeciali.com\/what-does-a-food-trucks-price-depend-on\/"},"modified":"2025-06-26T23:51:26","modified_gmt":"2025-06-26T21:51:26","slug":"de-quoi-depend-le-tarif-dun-food-truck","status":"publish","type":"post","link":"https:\/\/www.vsveicolispeciali.com\/fr\/de-quoi-depend-le-tarif-dun-food-truck\/","title":{"rendered":"De quoi d\u00e9pend le tarif d\u2019un food truck\u00a0?"},"content":{"rendered":"<p>Les food trucks sont l\u2019outil de pr\u00e9dilection des entreprises dont l\u2019objectif est de <strong>vendre de la nourriture de rue<\/strong>, en s\u2019affranchissant des limites des \u00e9tablissements fixes, et en profitant des avantages de la mobilit\u00e9.<\/p>\n<p>Bien \u00e9videmment, les petits ENTREPRENEURS qui se lancent dans une activit\u00e9 de vente ambulante s\u2019\u00e9quipent eux aussi de v\u00e9hicules magasins personnalis\u00e9s et am\u00e9nag\u00e9s au gr\u00e9 de leurs exigences.<\/p>\n<p>Dans le <strong>secteur de la restauration et de l\u2019h\u00f4tellerie<\/strong>, les food trucks achet\u00e9s par les bars, les marchands de glaces, les restaurants, les cha\u00eenes de fast food et les h\u00f4tels repr\u00e9sentent une extension mobile et, dans certains cas, compl\u00e9mentaire aux activit\u00e9s ordinaires.<\/p>\n<p>Le service de bar dans les jardins d\u2019un complexe h\u00f4telier, la cuisine de rue lors d\u2019un festival, le service traiteur pour un \u00e9v\u00e9nement d\u2019entreprise ou les repas livr\u00e9s \u00e0 domicile, sont des services que les <a href=\"https:\/\/www.vsveicolispeciali.com\/fr\/quest-ce-quun-food-truck-et-comment-semancipe-t-il-du-street-food\/\" rel=\"noopener\" target=\"_blank\">food trucks d&rsquo;aujourd&rsquo;hui<\/a> r\u00e9alisent mieux et plus joyeusement que les solutions plus traditionnelles.<\/p>\n<p>\u00c0 noter qu\u2019un <a href=\"https:\/\/www.vsveicolispeciali.com\/fr\/amenagement-vehicules-magasin-commerce-ambulant\/food-truck-camion-magasin-pour-vente-ambulante\/\" target=\"_blank\" rel=\"noopener\">bon food truck<\/a> n\u00e9cessite un investissement appropri\u00e9. Comme pour tout autre secteur de production, le tarif est l\u2019indicateur le plus pertinent pour mesurer la qualit\u00e9 des r\u00e9f\u00e9rences.<\/p>\n<p>Mais <strong>de quoi d\u00e9pend le tarif d\u2019un food truck\u00a0?<\/strong><\/p>\n<p>&nbsp;&nbsp;<\/p>\n<h2>Quels sont les aspects les plus importants pour d\u00e9terminer le prix d&rsquo;un food truck ?<\/h2>\n<p>&nbsp;<br \/>\nSans vouloir \u00eatre exhaustif, essayons d\u2019en \u00e9num\u00e9rer quelques-uns.<\/p>\n<p>&nbsp;<\/p>\n<h3>LE MOD\u00c8LE<\/h3>\n<p>Aussi \u00e9vident que cela puisse para\u00eetre, le type de v\u00e9hicule et les \u00e9quipements dont il dispose sont le premier facteur qui d\u00e9termine le prix final. Les petits mod\u00e8les ont tendance \u00e0 avoir un co\u00fbt proportionnellement plus faible, les triporteurs Ape TR ou Ape Smart se situent dans une fourchette de prix qui sera toujours inf\u00e9rieure \u00e0 celle d\u2019un <a href=\"https:\/\/www.vsveicolispeciali.com\/fr\/amenagement-vehicules-magasin-commerce-ambulant\/food-truck-camion-magasin-pour-vente-ambulante\/pro-x-food-truck\/\" target=\"_blank\" rel=\"noopener\">Food Truck Pro X<\/a>, quel que soit le nombre de personnalisations et d\u2019options que vous demandez. Un autre aspect important caract\u00e9risant le mod\u00e8le est la m\u00e9thode de construction de la structure ; de nombreux installateurs et constructeurs, dans un souci d\u2019\u00e9conomie, pr\u00e9f\u00e8rent construire des structures avec des parois non isol\u00e9es, sans renforts internes et maintenues uniquement par des profils p\u00e9rim\u00e9triques. Les structures de Vs Veicoli Speciali se distinguent par leur solidit\u00e9 et esth\u00e9tisme, car elles sont compos\u00e9es de parois en panneaux sandwich avec des renforts internes, c\u2019est-\u00e0-dire une structure extr\u00eamement solide sans grands profils p\u00e9rim\u00e9triques.<\/p>\n<p><a href=\"https:\/\/www.vsveicolispeciali.com\/wp-content\/uploads\/2022\/07\/lorenzo-de-nadai-dolomiti-pro-x-food-truck.jpeg\"><img loading=\"lazy\" decoding=\"async\" class=\"alignnone size-full wp-image-17264\" src=\"https:\/\/www.vsveicolispeciali.com\/wp-content\/uploads\/2022\/07\/lorenzo-de-nadai-dolomiti-pro-x-food-truck.jpeg\" alt=\"lorenzo de nadai chef de dolomiti street food le pro x food truck\" width=\"1024\" height=\"768\" srcset=\"https:\/\/www.vsveicolispeciali.com\/wp-content\/uploads\/2022\/07\/lorenzo-de-nadai-dolomiti-pro-x-food-truck.jpeg 1024w, https:\/\/www.vsveicolispeciali.com\/wp-content\/uploads\/2022\/07\/lorenzo-de-nadai-dolomiti-pro-x-food-truck-300x225.jpeg 300w, https:\/\/www.vsveicolispeciali.com\/wp-content\/uploads\/2022\/07\/lorenzo-de-nadai-dolomiti-pro-x-food-truck-768x576.jpeg 768w, https:\/\/www.vsveicolispeciali.com\/wp-content\/uploads\/2022\/07\/lorenzo-de-nadai-dolomiti-pro-x-food-truck-800x600.jpeg 800w, https:\/\/www.vsveicolispeciali.com\/wp-content\/uploads\/2022\/07\/lorenzo-de-nadai-dolomiti-pro-x-food-truck-700x525.jpeg 700w\" sizes=\"(max-width: 1024px) 100vw, 1024px\" \/><\/a><\/p>\n<p>&nbsp;<\/p>\n<h3>LE NIVEAU DE PERSONNALISATION<\/h3>\n<p>Une fois que vous aurez choisi le mod\u00e8le de base, le prix d\u00e9pendra du nombre et de la qualit\u00e9 des personnalisations que vous souhaiterez apporter \u00e0 l\u2019un ou \u00e0 l\u2019autre des \u00e9l\u00e9ments allant composer l\u2019am\u00e9nagement\u00a0: les mat\u00e9riaux, les \u00e9quipements, le mobilier, les visuels, l\u2019\u00e9clairage, les options, etc.<\/p>\n<p>&nbsp;<\/p>\n<h3>LA PEINTURE<\/h3>\n<p>Son impact est important : le v\u00e9hicule peut demeurer dans sa couleur d\u2019origine ou \u00eatre peint, ce qui a un impact significatif sur le prix final ; l\u2019incidence peut encore augmenter pour les couleurs sp\u00e9ciales, non standards.<br \/>\nEn outre, ils existent diff\u00e9rents types et niveaux de peinture, ce qui peut \u00e9galement faire augmenter ou baisser le tarif. Aux yeux d\u2019une personne inexp\u00e9riment\u00e9e, la diff\u00e9rence entre les peintures n\u2019est pas si nette, mais avec le temps, entre un travail professionnel r\u00e9alis\u00e9 avec la qualit\u00e9 d\u2019un carrossier et un travail industriel r\u00e9alis\u00e9 avec des mat\u00e9riaux de mauvaise qualit\u00e9, la diff\u00e9rence sautera sans aucun doute aux yeux. En effet, au fil du temps, avec une peinture et des produits de mauvaise qualit\u00e9, le food truck deviendra un v\u00e9hicule v\u00e9tuste et d\u00e9suet.<\/p>\n<p><a href=\"https:\/\/www.vsveicolispeciali.com\/wp-content\/uploads\/2024\/12\/food-truck-cafe-selle-royal.jpg\"><img loading=\"lazy\" decoding=\"async\" src=\"https:\/\/www.vsveicolispeciali.com\/wp-content\/uploads\/2024\/12\/food-truck-cafe-selle-royal.jpg\" alt=\"co\u00fbt du food truck caf\u00e9 selle royal\" width=\"810\" height=\"540\" class=\"alignleft size-full wp-image-27323\" srcset=\"https:\/\/www.vsveicolispeciali.com\/wp-content\/uploads\/2024\/12\/food-truck-cafe-selle-royal.jpg 810w, https:\/\/www.vsveicolispeciali.com\/wp-content\/uploads\/2024\/12\/food-truck-cafe-selle-royal-300x200.jpg 300w, https:\/\/www.vsveicolispeciali.com\/wp-content\/uploads\/2024\/12\/food-truck-cafe-selle-royal-768x512.jpg 768w, https:\/\/www.vsveicolispeciali.com\/wp-content\/uploads\/2024\/12\/food-truck-cafe-selle-royal-700x467.jpg 700w\" sizes=\"(max-width: 810px) 100vw, 810px\" \/><\/a><\/p>\n<p>&nbsp;<\/p>\n<h3>LE MOBILIER<\/h3>\n<p>Les meubles peuvent \u00eatre standards, r\u00e9duits au strict minimum, ou, au contraire, vous pouvez les faire fabriquer sur mesure, en soignant les moindres d\u00e9tails, vous obtiendrez ainsi un espace professionnel optimal pour mieux travailler, avec plus de confort, et obtenant un plus grand volume de production. Pour r\u00e9aliser un mobilier sur mesure, il est essentiel de s\u2019appuyer sur une \u00e9quipe d\u2019experts.<\/p>\n<p>&nbsp;<\/p>\n<h3>LA CUISINE<\/h3>\n<p>La zone de cuisson et la hotte aspirante ont des conceptions, des mat\u00e9riaux et des performances qui peuvent varier consid\u00e9rablement. Il y a des marques qui co\u00fbtent peu et, au contraire, des marques qui co\u00fbtent cher.<br \/>\nSi \u00e0 l\u2019\u0153il, les friteuses se ressemblent toutes, ce n\u2019est pas le cas dans les faits : leurs performances et leur solidit\u00e9 changent beaucoup d\u2019une r\u00e9f\u00e9rence \u00e0 l\u2019autre. Seule une longue exp\u00e9rience dans le secteur permet de conna\u00eetre et de choisir les \u00e9quipements professionnels qui accompagneront bien votre travail en cas de besoin, lorsque les flux de production sont importants.<\/p>\n<p>&nbsp;<\/p>\n<h3>LE SYST\u00c8ME D\u2019ALIMENTATION EN EAU<\/h3>\n<p>Le syst\u00e8me de distribution de l\u2019eau peut \u00eatre autonome ou \u00e0 chargement et d\u00e9chargement manuel, ce qui co\u00fbte plus cher, mais optimise l\u2019espace \u00e0 bord, et rend l\u2019ensemble plus facile \u00e0 l\u2019entretien et \u00e0 l\u2019utilisation, tout en \u00e9tant conforme aux normes d\u2019hygi\u00e8ne.<\/p>\n<p><a href=\"https:\/\/www.vsveicolispeciali.com\/wp-content\/uploads\/2022\/09\/prezzo-food-truck-asti-docg-ape-v-curve.jpg\"><img loading=\"lazy\" decoding=\"async\" class=\"alignnone size-full wp-image-17736\" src=\"https:\/\/www.vsveicolispeciali.com\/wp-content\/uploads\/2022\/09\/prezzo-food-truck-asti-docg-ape-v-curve.jpg\" alt=\"prix food truck asti docg ape v-curve\" width=\"805\" height=\"537\" srcset=\"https:\/\/www.vsveicolispeciali.com\/wp-content\/uploads\/2022\/09\/prezzo-food-truck-asti-docg-ape-v-curve.jpg 805w, https:\/\/www.vsveicolispeciali.com\/wp-content\/uploads\/2022\/09\/prezzo-food-truck-asti-docg-ape-v-curve-300x200.jpg 300w, https:\/\/www.vsveicolispeciali.com\/wp-content\/uploads\/2022\/09\/prezzo-food-truck-asti-docg-ape-v-curve-768x512.jpg 768w, https:\/\/www.vsveicolispeciali.com\/wp-content\/uploads\/2022\/09\/prezzo-food-truck-asti-docg-ape-v-curve-700x467.jpg 700w\" sizes=\"(max-width: 805px) 100vw, 805px\" \/><\/a><\/p>\n<p>&nbsp;<\/p>\n<h3>L\u2019INSTALLATION \u00c9LECTRIQUE<\/h3>\n<p>Par rapport \u00e0 cet \u00e9l\u00e9ment, les clients n\u2019ont g\u00e9n\u00e9ralement pas le choix. Il y a des fabricants qui optent pour une installation \u00e9lectrique avec une certification compl\u00e8te, comprenant une protection pour chaque circuit et chaque \u00e9quipement, tandis que d\u2019autres, afin d\u2019\u00e9conomiser, utilisent une protection pour plusieurs circuits et sections de c\u00e2bles, \u00e0 la limite des bonnes pratiques. Il est clair que dans le deuxi\u00e8me cas, les \u00e9conomies sont r\u00e9alis\u00e9es au d\u00e9triment de la fiabilit\u00e9 et de la s\u00e9curit\u00e9 du syst\u00e8me.<\/p>\n<p>&nbsp;<\/p>\n<h3>LE G\u00c9N\u00c9RATEUR DE COURANT ET LES BATTERIES AU LITHIUM<\/h3>\n<p>Un g\u00e9n\u00e9rateur professionnel encastr\u00e9 ou un bloc de batteries au lithium devraient \u00eatre install\u00e9s sur tout bon food truck qu\u2019il soit. Cependant, pour \u00e9conomiser, certains constructeurs utilisent des g\u00e9n\u00e9rateurs d\u2019ext\u00e9rieurs en les adaptant tant bien que mal \u00e0 l\u2019int\u00e9rieur.<\/p>\n<p>&nbsp;<\/p>\n<h3>LES R\u00c9FRIG\u00c9RATEURS<\/h3>\n<p>Pour optimiser l\u2019espace et les performances, vous pouvez installer des r\u00e9frig\u00e9rateurs standards ou personnalis\u00e9s.<br \/>\nIl est \u00e9vident que la deuxi\u00e8me option est plus ch\u00e8re, mais elle garantit un espace de stockage nettement plus important et des performances plus \u00e9lev\u00e9es, en gardant la temp\u00e9rature id\u00e9ale \u00e0 l\u2019int\u00e9rieur des r\u00e9frig\u00e9rateurs m\u00eame en cas de forte chaleur ext\u00e9rieure, et lorsque le r\u00e9frig\u00e9rateur est ouvert en permanence pour le retrait des marchandises.<\/p>\n<p>&nbsp;<\/p>\n<h3>L\u2019\u00c9CLAIRAGE<\/h3>\n<p>L\u2019\u00e9clairage du food truck peut \u00eatre r\u00e9parti de mani\u00e8re \u00e0 maximiser la visibilit\u00e9 en tout point du v\u00e9hicule, notamment dans les zones de travail, ou vous pouvez faire des \u00e9conomies gr\u00e2ce \u00e0 un \u00e9clairage standard et non optimis\u00e9.<br \/>\nUn truck bien con\u00e7u doit comporter au moins 3 zones bien \u00e9clair\u00e9es : la zone de travail, la zone de service et la zone ext\u00e9rieure pour le client.<\/p>\n<p><a href=\"https:\/\/www.vsveicolispeciali.com\/wp-content\/uploads\/2022\/09\/rodemack-food-truck-costo.jpg\"><img loading=\"lazy\" decoding=\"async\" class=\"alignnone size-full wp-image-17740\" src=\"https:\/\/www.vsveicolispeciali.com\/wp-content\/uploads\/2022\/09\/rodemack-food-truck-costo.jpg\" alt=\"rodemack food truck prix\" width=\"805\" height=\"521\" srcset=\"https:\/\/www.vsveicolispeciali.com\/wp-content\/uploads\/2022\/09\/rodemack-food-truck-costo.jpg 805w, https:\/\/www.vsveicolispeciali.com\/wp-content\/uploads\/2022\/09\/rodemack-food-truck-costo-300x194.jpg 300w, https:\/\/www.vsveicolispeciali.com\/wp-content\/uploads\/2022\/09\/rodemack-food-truck-costo-768x497.jpg 768w, https:\/\/www.vsveicolispeciali.com\/wp-content\/uploads\/2022\/09\/rodemack-food-truck-costo-400x260.jpg 400w, https:\/\/www.vsveicolispeciali.com\/wp-content\/uploads\/2022\/09\/rodemack-food-truck-costo-700x453.jpg 700w\" sizes=\"(max-width: 805px) 100vw, 805px\" \/><\/a><\/p>\n<p>&nbsp;<\/p>\n<h3>LES OPTIONS<\/h3>\n<p>Les options ont \u00e9galement un impact sur le prix final : vous pouvez ajouter une cam\u00e9ra ou pas, choisir entre 2 ou 4 pieds de stationnement, installer une marche de mont\u00e9e escamotable et antid\u00e9rapante, int\u00e9grer des syst\u00e8mes de gestion du food truck \u00e0 distance, etc.<\/p>\n<p>&nbsp;<\/p>\n<p>En conclusion, nous pouvons affirmer que le <strong>tarif d\u2019un food truck<\/strong> d\u00e9pend de nombreux facteurs :<\/p>\n<ul class=\"lista\">\n<li>certains sont incorpor\u00e9s dans les \u00e9l\u00e9ments de l\u2019am\u00e9nagement, que le client ne peut pas choisir, mais qui font partie de la qualit\u00e9 du produit final que le fabricant d\u00e9cide d\u2019offrir ;<\/li>\n<li>d\u2019autres sont, dans une certaine mesure, contr\u00f4l\u00e9s par le client, qui peut choisir entre des alternatives plus ou moins co\u00fbteuses.<\/li>\n<\/ul>\n<p>&nbsp;<\/p>\n<p>Il y a tr\u00e8s peu de <a href=\"https:\/\/www.vsveicolispeciali.com\/fr\/societe-fabricant-de-vehicules-magasins\/\">fabricants<\/a> sur le march\u00e9 qui produisent des <a href=\"https:\/\/www.vsveicolispeciali.com\/fr\/amenagement-vehicules-magasin-commerce-ambulant\/food-truck-camion-magasin-pour-vente-ambulante\/\">food trucks haut de gamme<\/a>, optimisant chaque \u00e9l\u00e9ment de l\u2019am\u00e9nagement et respectant toutes les r\u00e9glementations routi\u00e8res, de sant\u00e9 et d\u2019hygi\u00e8ne.<\/p>\n<p><a href=\"https:\/\/www.vsveicolispeciali.com\/wp-content\/uploads\/2024\/12\/tarif-fish-truck-octofood.jpg\"><img loading=\"lazy\" decoding=\"async\" src=\"https:\/\/www.vsveicolispeciali.com\/wp-content\/uploads\/2024\/12\/tarif-fish-truck-octofood.jpg\" alt=\"tarif fish truck octofood ape piaggio\" width=\"810\" height=\"501\" class=\"alignleft size-full wp-image-27319\" srcset=\"https:\/\/www.vsveicolispeciali.com\/wp-content\/uploads\/2024\/12\/tarif-fish-truck-octofood.jpg 810w, https:\/\/www.vsveicolispeciali.com\/wp-content\/uploads\/2024\/12\/tarif-fish-truck-octofood-300x186.jpg 300w, https:\/\/www.vsveicolispeciali.com\/wp-content\/uploads\/2024\/12\/tarif-fish-truck-octofood-768x475.jpg 768w, https:\/\/www.vsveicolispeciali.com\/wp-content\/uploads\/2024\/12\/tarif-fish-truck-octofood-700x433.jpg 700w\" sizes=\"(max-width: 810px) 100vw, 810px\" \/><\/a><\/p>\n<p>Mais au bout du compte, lorsqu\u2019il s\u2019agit d\u2019\u00e9valuer des aspects tels que l\u2019efficacit\u00e9, la solidit\u00e9, la force et la qualit\u00e9 de la communication ou le confort de travail, l\u2019investissement suppl\u00e9mentaire requis pour un <strong>food truck de haute qualit\u00e9<\/strong> est largement rentabilis\u00e9.<\/p>\n<p>Il est \u00e9vident qu\u2019un food truck r\u00e9duisant les co\u00fbts d\u2019entretien, et permettant de mieux travailler \u00e0 bord, ainsi que de grands volumes de productions, augmente les marges b\u00e9n\u00e9ficiaires, ce qui justifie l\u2019investissement.<\/p>\n<p>Chez <em>VS Veicoli Speciali<\/em> nous sommes disponibles \u00e0 vous offrir des conseils complets avant de vous <a href=\"https:\/\/www.vsveicolispeciali.com\/fr\/9-bonnes-raisons-dacheter-un-food-truck-et-de-lancer-une-activite-itinerante\/\">lancer votre food truck<\/a>.<\/p>\n<p>&nbsp;<\/p>\n\n\t\t<style type=\"text\/css\">\n\t\t\t#gallery-1 {\n\t\t\t\tmargin: auto;\n\t\t\t}\n\t\t\t#gallery-1 .gallery-item {\n\t\t\t\tfloat: left;\n\t\t\t\tmargin-top: 10px;\n\t\t\t\ttext-align: center;\n\t\t\t\twidth: 33%;\n\t\t\t}\n\t\t\t#gallery-1 img {\n\t\t\t\tborder: 2px solid #cfcfcf;\n\t\t\t}\n\t\t\t#gallery-1 .gallery-caption {\n\t\t\t\tmargin-left: 0;\n\t\t\t}\n\t\t\t\/* see gallery_shortcode() in wp-includes\/media.php *\/\n\t\t<\/style>\n\t\t<div id='gallery-1' class='gallery galleryid-18193 gallery-columns-3 gallery-size-thumbnail'><dl class='gallery-item'>\n\t\t\t<dt class='gallery-icon landscape'>\n\t\t\t\t<a href='https:\/\/www.vsveicolispeciali.com\/fr\/julius-meinl-coffee-truck-costi-2\/'><img loading=\"lazy\" decoding=\"async\" width=\"150\" height=\"150\" src=\"https:\/\/www.vsveicolispeciali.com\/wp-content\/uploads\/2022\/09\/julius-meinl-coffee-truck-costi-1-150x150.jpg\" class=\"attachment-thumbnail size-thumbnail\" alt=\"julius meinl coffee truck costi\" srcset=\"https:\/\/www.vsveicolispeciali.com\/wp-content\/uploads\/2022\/09\/julius-meinl-coffee-truck-costi-1-150x150.jpg 150w, https:\/\/www.vsveicolispeciali.com\/wp-content\/uploads\/2022\/09\/julius-meinl-coffee-truck-costi-1-570x570.jpg 570w, https:\/\/www.vsveicolispeciali.com\/wp-content\/uploads\/2022\/09\/julius-meinl-coffee-truck-costi-1-500x500.jpg 500w\" sizes=\"(max-width: 150px) 100vw, 150px\" \/><\/a>\n\t\t\t<\/dt><\/dl>\n\t\t\t<br style='clear: both' \/>\n\t\t<\/div>\n\n","protected":false},"excerpt":{"rendered":"<p>Les food trucks sont l\u2019outil de pr\u00e9dilection des entreprises dont l\u2019objectif est de vendre de la nourriture de rue, en s\u2019affranchissant des limites des \u00e9tablissements fixes, et en profitant des avantages de la mobilit\u00e9. Bien \u00e9videmment, les petits ENTREPRENEURS qui se lancent dans une activit\u00e9&#8230;<\/p>\n","protected":false},"author":1001012,"featured_media":17734,"comment_status":"closed","ping_status":"open","sticky":false,"template":"","format":"gallery","meta":{"footnotes":""},"categories":[27],"tags":[180,181,448],"class_list":["post-18193","post","type-post","status-publish","format-gallery","has-post-thumbnail","hentry","category-news-fr","tag-amenagement-food-truck-prix","tag-food-truck-achat","tag-fabricant-camion-magasin","post_format-post-format-gallery"],"yoast_head":"<!-- This site is optimized with the Yoast SEO plugin v25.4 - https:\/\/yoast.com\/wordpress\/plugins\/seo\/ -->\n<title>De quoi d\u00e9pend le Tarif d\u2019un Food Truck\u00a0?<\/title>\n<meta name=\"description\" content=\"Avant d&#039;acheter un nouveau food truck, il est important de comprendre quels sont les aspects qui affectent le plus le prix et la qualit\u00e9 du v\u00e9hicule\" \/>\n<meta name=\"robots\" content=\"index, follow, max-snippet:-1, max-image-preview:large, max-video-preview:-1\" \/>\n<link rel=\"canonical\" href=\"https:\/\/www.vsveicolispeciali.com\/fr\/de-quoi-depend-le-tarif-dun-food-truck\/\" \/>\n<meta property=\"og:locale\" content=\"fr_FR\" \/>\n<meta property=\"og:type\" content=\"article\" \/>\n<meta property=\"og:title\" content=\"De quoi d\u00e9pend le Tarif d\u2019un Food Truck\u00a0?\" \/>\n<meta property=\"og:description\" content=\"Avant d&#039;acheter un nouveau food truck, il est important de comprendre quels sont les aspects qui affectent le plus le prix et la qualit\u00e9 du v\u00e9hicule\" \/>\n<meta property=\"og:url\" content=\"https:\/\/www.vsveicolispeciali.com\/fr\/de-quoi-depend-le-tarif-dun-food-truck\/\" \/>\n<meta property=\"og:site_name\" content=\"VS Veicoli Speciali\" \/>\n<meta property=\"article:publisher\" content=\"https:\/\/www.facebook.com\/VSVeicoliSpeciali.Food.Trucks\/\" \/>\n<meta property=\"article:published_time\" content=\"2022-09-12T14:48:39+00:00\" \/>\n<meta property=\"article:modified_time\" content=\"2025-06-26T21:51:26+00:00\" \/>\n<meta property=\"og:image\" content=\"https:\/\/www.vsveicolispeciali.com\/wp-content\/uploads\/2022\/09\/julius-meinl-coffee-truck-costi-1.jpg\" \/>\n\t<meta property=\"og:image:width\" content=\"805\" \/>\n\t<meta property=\"og:image:height\" content=\"625\" \/>\n\t<meta property=\"og:image:type\" content=\"image\/jpeg\" \/>\n<meta name=\"author\" content=\"VS Veicoli Speciali\" \/>\n<meta name=\"twitter:card\" content=\"summary_large_image\" \/>\n<meta name=\"twitter:creator\" content=\"@veicolispeciali\" \/>\n<meta name=\"twitter:site\" content=\"@veicolispeciali\" \/>\n<meta name=\"twitter:label1\" content=\"\u00c9crit par\" \/>\n\t<meta name=\"twitter:data1\" content=\"VS Veicoli Speciali\" \/>\n\t<meta name=\"twitter:label2\" content=\"Dur\u00e9e de lecture estim\u00e9e\" \/>\n\t<meta name=\"twitter:data2\" content=\"8 minutes\" \/>\n<script type=\"application\/ld+json\" class=\"yoast-schema-graph\">{\"@context\":\"https:\/\/schema.org\",\"@graph\":[{\"@type\":\"Article\",\"@id\":\"https:\/\/www.vsveicolispeciali.com\/fr\/de-quoi-depend-le-tarif-dun-food-truck\/#article\",\"isPartOf\":{\"@id\":\"https:\/\/www.vsveicolispeciali.com\/fr\/de-quoi-depend-le-tarif-dun-food-truck\/\"},\"author\":{\"name\":\"VS Veicoli Speciali\",\"@id\":\"https:\/\/www.vsveicolispeciali.com\/fr\/#\/schema\/person\/1241826d792bde4333b3db1395b12be9\"},\"headline\":\"De quoi d\u00e9pend le tarif d\u2019un food truck\u00a0?\",\"datePublished\":\"2022-09-12T14:48:39+00:00\",\"dateModified\":\"2025-06-26T21:51:26+00:00\",\"mainEntityOfPage\":{\"@id\":\"https:\/\/www.vsveicolispeciali.com\/fr\/de-quoi-depend-le-tarif-dun-food-truck\/\"},\"wordCount\":1472,\"publisher\":{\"@id\":\"https:\/\/www.vsveicolispeciali.com\/fr\/#organization\"},\"image\":{\"@id\":\"https:\/\/www.vsveicolispeciali.com\/fr\/de-quoi-depend-le-tarif-dun-food-truck\/#primaryimage\"},\"thumbnailUrl\":\"https:\/\/www.vsveicolispeciali.com\/wp-content\/uploads\/2022\/09\/julius-meinl-coffee-truck-costi-1.jpg\",\"keywords\":[\"am\u00e9nagement food truck prix\",\"food truck achat\",\"fabricant camion magasin\"],\"articleSection\":[\"News\"],\"inLanguage\":\"fr-FR\"},{\"@type\":\"WebPage\",\"@id\":\"https:\/\/www.vsveicolispeciali.com\/fr\/de-quoi-depend-le-tarif-dun-food-truck\/\",\"url\":\"https:\/\/www.vsveicolispeciali.com\/fr\/de-quoi-depend-le-tarif-dun-food-truck\/\",\"name\":\"De quoi d\u00e9pend le Tarif d\u2019un Food Truck\u00a0?\",\"isPartOf\":{\"@id\":\"https:\/\/www.vsveicolispeciali.com\/fr\/#website\"},\"primaryImageOfPage\":{\"@id\":\"https:\/\/www.vsveicolispeciali.com\/fr\/de-quoi-depend-le-tarif-dun-food-truck\/#primaryimage\"},\"image\":{\"@id\":\"https:\/\/www.vsveicolispeciali.com\/fr\/de-quoi-depend-le-tarif-dun-food-truck\/#primaryimage\"},\"thumbnailUrl\":\"https:\/\/www.vsveicolispeciali.com\/wp-content\/uploads\/2022\/09\/julius-meinl-coffee-truck-costi-1.jpg\",\"datePublished\":\"2022-09-12T14:48:39+00:00\",\"dateModified\":\"2025-06-26T21:51:26+00:00\",\"description\":\"Avant d'acheter un nouveau food truck, il est important de comprendre quels sont les aspects qui affectent le plus le prix et la qualit\u00e9 du v\u00e9hicule\",\"breadcrumb\":{\"@id\":\"https:\/\/www.vsveicolispeciali.com\/fr\/de-quoi-depend-le-tarif-dun-food-truck\/#breadcrumb\"},\"inLanguage\":\"fr-FR\",\"potentialAction\":[{\"@type\":\"ReadAction\",\"target\":[\"https:\/\/www.vsveicolispeciali.com\/fr\/de-quoi-depend-le-tarif-dun-food-truck\/\"]}]},{\"@type\":\"ImageObject\",\"inLanguage\":\"fr-FR\",\"@id\":\"https:\/\/www.vsveicolispeciali.com\/fr\/de-quoi-depend-le-tarif-dun-food-truck\/#primaryimage\",\"url\":\"https:\/\/www.vsveicolispeciali.com\/wp-content\/uploads\/2022\/09\/julius-meinl-coffee-truck-costi-1.jpg\",\"contentUrl\":\"https:\/\/www.vsveicolispeciali.com\/wp-content\/uploads\/2022\/09\/julius-meinl-coffee-truck-costi-1.jpg\",\"width\":805,\"height\":625,\"caption\":\"julius meinl coffee truck costi\"},{\"@type\":\"BreadcrumbList\",\"@id\":\"https:\/\/www.vsveicolispeciali.com\/fr\/de-quoi-depend-le-tarif-dun-food-truck\/#breadcrumb\",\"itemListElement\":[{\"@type\":\"ListItem\",\"position\":1,\"name\":\"Home\",\"item\":\"https:\/\/www.vsveicolispeciali.com\/fr\/\"},{\"@type\":\"ListItem\",\"position\":2,\"name\":\"De quoi d\u00e9pend le tarif d\u2019un food truck\u00a0?\"}]},{\"@type\":\"WebSite\",\"@id\":\"https:\/\/www.vsveicolispeciali.com\/fr\/#website\",\"url\":\"https:\/\/www.vsveicolispeciali.com\/fr\/\",\"name\":\"VS Veicoli Speciali\",\"description\":\"\",\"publisher\":{\"@id\":\"https:\/\/www.vsveicolispeciali.com\/fr\/#organization\"},\"potentialAction\":[{\"@type\":\"SearchAction\",\"target\":{\"@type\":\"EntryPoint\",\"urlTemplate\":\"https:\/\/www.vsveicolispeciali.com\/fr\/?s={search_term_string}\"},\"query-input\":{\"@type\":\"PropertyValueSpecification\",\"valueRequired\":true,\"valueName\":\"search_term_string\"}}],\"inLanguage\":\"fr-FR\"},{\"@type\":\"Organization\",\"@id\":\"https:\/\/www.vsveicolispeciali.com\/fr\/#organization\",\"name\":\"VS Veicoli Speciali\",\"url\":\"https:\/\/www.vsveicolispeciali.com\/fr\/\",\"logo\":{\"@type\":\"ImageObject\",\"inLanguage\":\"fr-FR\",\"@id\":\"https:\/\/www.vsveicolispeciali.com\/fr\/#\/schema\/logo\/image\/\",\"url\":\"http:\/\/www.vsveicolispeciali.com\/wp-content\/uploads\/2015\/05\/vs_veicoli_speciali-logo.png\",\"contentUrl\":\"http:\/\/www.vsveicolispeciali.com\/wp-content\/uploads\/2015\/05\/vs_veicoli_speciali-logo.png\",\"width\":252,\"height\":134,\"caption\":\"VS Veicoli Speciali\"},\"image\":{\"@id\":\"https:\/\/www.vsveicolispeciali.com\/fr\/#\/schema\/logo\/image\/\"},\"sameAs\":[\"https:\/\/www.facebook.com\/VSVeicoliSpeciali.Food.Trucks\/\",\"https:\/\/x.com\/veicolispeciali\",\"https:\/\/www.instagram.com\/vs_veicolispeciali\/\",\"https:\/\/www.linkedin.com\/company\/2811960\/\",\"https:\/\/www.pinterest.com\/streetfoodtruck\/\",\"https:\/\/www.youtube.com\/user\/veicolispeciali\"]},{\"@type\":\"Person\",\"@id\":\"https:\/\/www.vsveicolispeciali.com\/fr\/#\/schema\/person\/1241826d792bde4333b3db1395b12be9\",\"name\":\"VS Veicoli Speciali\",\"image\":{\"@type\":\"ImageObject\",\"inLanguage\":\"fr-FR\",\"@id\":\"https:\/\/www.vsveicolispeciali.com\/fr\/#\/schema\/person\/image\/\",\"url\":\"https:\/\/secure.gravatar.com\/avatar\/4ea93278e71ba140dbbbfb5d34409507?s=96&d=mm&r=g\",\"contentUrl\":\"https:\/\/secure.gravatar.com\/avatar\/4ea93278e71ba140dbbbfb5d34409507?s=96&d=mm&r=g\",\"caption\":\"VS Veicoli Speciali\"}}]}<\/script>\n<!-- \/ Yoast SEO plugin. -->","yoast_head_json":{"title":"De quoi d\u00e9pend le Tarif d\u2019un Food Truck\u00a0?","description":"Avant d'acheter un nouveau food truck, il est important de comprendre quels sont les aspects qui affectent le plus le prix et la qualit\u00e9 du v\u00e9hicule","robots":{"index":"index","follow":"follow","max-snippet":"max-snippet:-1","max-image-preview":"max-image-preview:large","max-video-preview":"max-video-preview:-1"},"canonical":"https:\/\/www.vsveicolispeciali.com\/fr\/de-quoi-depend-le-tarif-dun-food-truck\/","og_locale":"fr_FR","og_type":"article","og_title":"De quoi d\u00e9pend le Tarif d\u2019un Food Truck\u00a0?","og_description":"Avant d'acheter un nouveau food truck, il est important de comprendre quels sont les aspects qui affectent le plus le prix et la qualit\u00e9 du v\u00e9hicule","og_url":"https:\/\/www.vsveicolispeciali.com\/fr\/de-quoi-depend-le-tarif-dun-food-truck\/","og_site_name":"VS Veicoli Speciali","article_publisher":"https:\/\/www.facebook.com\/VSVeicoliSpeciali.Food.Trucks\/","article_published_time":"2022-09-12T14:48:39+00:00","article_modified_time":"2025-06-26T21:51:26+00:00","og_image":[{"width":805,"height":625,"url":"https:\/\/www.vsveicolispeciali.com\/wp-content\/uploads\/2022\/09\/julius-meinl-coffee-truck-costi-1.jpg","type":"image\/jpeg"}],"author":"VS Veicoli Speciali","twitter_card":"summary_large_image","twitter_creator":"@veicolispeciali","twitter_site":"@veicolispeciali","twitter_misc":{"\u00c9crit par":"VS Veicoli Speciali","Dur\u00e9e de lecture estim\u00e9e":"8 minutes"},"schema":{"@context":"https:\/\/schema.org","@graph":[{"@type":"Article","@id":"https:\/\/www.vsveicolispeciali.com\/fr\/de-quoi-depend-le-tarif-dun-food-truck\/#article","isPartOf":{"@id":"https:\/\/www.vsveicolispeciali.com\/fr\/de-quoi-depend-le-tarif-dun-food-truck\/"},"author":{"name":"VS Veicoli Speciali","@id":"https:\/\/www.vsveicolispeciali.com\/fr\/#\/schema\/person\/1241826d792bde4333b3db1395b12be9"},"headline":"De quoi d\u00e9pend le tarif d\u2019un food truck\u00a0?","datePublished":"2022-09-12T14:48:39+00:00","dateModified":"2025-06-26T21:51:26+00:00","mainEntityOfPage":{"@id":"https:\/\/www.vsveicolispeciali.com\/fr\/de-quoi-depend-le-tarif-dun-food-truck\/"},"wordCount":1472,"publisher":{"@id":"https:\/\/www.vsveicolispeciali.com\/fr\/#organization"},"image":{"@id":"https:\/\/www.vsveicolispeciali.com\/fr\/de-quoi-depend-le-tarif-dun-food-truck\/#primaryimage"},"thumbnailUrl":"https:\/\/www.vsveicolispeciali.com\/wp-content\/uploads\/2022\/09\/julius-meinl-coffee-truck-costi-1.jpg","keywords":["am\u00e9nagement food truck prix","food truck achat","fabricant camion magasin"],"articleSection":["News"],"inLanguage":"fr-FR"},{"@type":"WebPage","@id":"https:\/\/www.vsveicolispeciali.com\/fr\/de-quoi-depend-le-tarif-dun-food-truck\/","url":"https:\/\/www.vsveicolispeciali.com\/fr\/de-quoi-depend-le-tarif-dun-food-truck\/","name":"De quoi d\u00e9pend le Tarif d\u2019un Food Truck\u00a0?","isPartOf":{"@id":"https:\/\/www.vsveicolispeciali.com\/fr\/#website"},"primaryImageOfPage":{"@id":"https:\/\/www.vsveicolispeciali.com\/fr\/de-quoi-depend-le-tarif-dun-food-truck\/#primaryimage"},"image":{"@id":"https:\/\/www.vsveicolispeciali.com\/fr\/de-quoi-depend-le-tarif-dun-food-truck\/#primaryimage"},"thumbnailUrl":"https:\/\/www.vsveicolispeciali.com\/wp-content\/uploads\/2022\/09\/julius-meinl-coffee-truck-costi-1.jpg","datePublished":"2022-09-12T14:48:39+00:00","dateModified":"2025-06-26T21:51:26+00:00","description":"Avant d'acheter un nouveau food truck, il est important de comprendre quels sont les aspects qui affectent le plus le prix et la qualit\u00e9 du v\u00e9hicule","breadcrumb":{"@id":"https:\/\/www.vsveicolispeciali.com\/fr\/de-quoi-depend-le-tarif-dun-food-truck\/#breadcrumb"},"inLanguage":"fr-FR","potentialAction":[{"@type":"ReadAction","target":["https:\/\/www.vsveicolispeciali.com\/fr\/de-quoi-depend-le-tarif-dun-food-truck\/"]}]},{"@type":"ImageObject","inLanguage":"fr-FR","@id":"https:\/\/www.vsveicolispeciali.com\/fr\/de-quoi-depend-le-tarif-dun-food-truck\/#primaryimage","url":"https:\/\/www.vsveicolispeciali.com\/wp-content\/uploads\/2022\/09\/julius-meinl-coffee-truck-costi-1.jpg","contentUrl":"https:\/\/www.vsveicolispeciali.com\/wp-content\/uploads\/2022\/09\/julius-meinl-coffee-truck-costi-1.jpg","width":805,"height":625,"caption":"julius meinl coffee truck costi"},{"@type":"BreadcrumbList","@id":"https:\/\/www.vsveicolispeciali.com\/fr\/de-quoi-depend-le-tarif-dun-food-truck\/#breadcrumb","itemListElement":[{"@type":"ListItem","position":1,"name":"Home","item":"https:\/\/www.vsveicolispeciali.com\/fr\/"},{"@type":"ListItem","position":2,"name":"De quoi d\u00e9pend le tarif d\u2019un food truck\u00a0?"}]},{"@type":"WebSite","@id":"https:\/\/www.vsveicolispeciali.com\/fr\/#website","url":"https:\/\/www.vsveicolispeciali.com\/fr\/","name":"VS Veicoli Speciali","description":"","publisher":{"@id":"https:\/\/www.vsveicolispeciali.com\/fr\/#organization"},"potentialAction":[{"@type":"SearchAction","target":{"@type":"EntryPoint","urlTemplate":"https:\/\/www.vsveicolispeciali.com\/fr\/?s={search_term_string}"},"query-input":{"@type":"PropertyValueSpecification","valueRequired":true,"valueName":"search_term_string"}}],"inLanguage":"fr-FR"},{"@type":"Organization","@id":"https:\/\/www.vsveicolispeciali.com\/fr\/#organization","name":"VS Veicoli Speciali","url":"https:\/\/www.vsveicolispeciali.com\/fr\/","logo":{"@type":"ImageObject","inLanguage":"fr-FR","@id":"https:\/\/www.vsveicolispeciali.com\/fr\/#\/schema\/logo\/image\/","url":"http:\/\/www.vsveicolispeciali.com\/wp-content\/uploads\/2015\/05\/vs_veicoli_speciali-logo.png","contentUrl":"http:\/\/www.vsveicolispeciali.com\/wp-content\/uploads\/2015\/05\/vs_veicoli_speciali-logo.png","width":252,"height":134,"caption":"VS Veicoli Speciali"},"image":{"@id":"https:\/\/www.vsveicolispeciali.com\/fr\/#\/schema\/logo\/image\/"},"sameAs":["https:\/\/www.facebook.com\/VSVeicoliSpeciali.Food.Trucks\/","https:\/\/x.com\/veicolispeciali","https:\/\/www.instagram.com\/vs_veicolispeciali\/","https:\/\/www.linkedin.com\/company\/2811960\/","https:\/\/www.pinterest.com\/streetfoodtruck\/","https:\/\/www.youtube.com\/user\/veicolispeciali"]},{"@type":"Person","@id":"https:\/\/www.vsveicolispeciali.com\/fr\/#\/schema\/person\/1241826d792bde4333b3db1395b12be9","name":"VS Veicoli Speciali","image":{"@type":"ImageObject","inLanguage":"fr-FR","@id":"https:\/\/www.vsveicolispeciali.com\/fr\/#\/schema\/person\/image\/","url":"https:\/\/secure.gravatar.com\/avatar\/4ea93278e71ba140dbbbfb5d34409507?s=96&d=mm&r=g","contentUrl":"https:\/\/secure.gravatar.com\/avatar\/4ea93278e71ba140dbbbfb5d34409507?s=96&d=mm&r=g","caption":"VS Veicoli Speciali"}}]}},"_links":{"self":[{"href":"https:\/\/www.vsveicolispeciali.com\/fr\/wp-json\/wp\/v2\/posts\/18193"}],"collection":[{"href":"https:\/\/www.vsveicolispeciali.com\/fr\/wp-json\/wp\/v2\/posts"}],"about":[{"href":"https:\/\/www.vsveicolispeciali.com\/fr\/wp-json\/wp\/v2\/types\/post"}],"author":[{"embeddable":true,"href":"https:\/\/www.vsveicolispeciali.com\/fr\/wp-json\/wp\/v2\/users\/1001012"}],"replies":[{"embeddable":true,"href":"https:\/\/www.vsveicolispeciali.com\/fr\/wp-json\/wp\/v2\/comments?post=18193"}],"version-history":[{"count":9,"href":"https:\/\/www.vsveicolispeciali.com\/fr\/wp-json\/wp\/v2\/posts\/18193\/revisions"}],"predecessor-version":[{"id":28199,"href":"https:\/\/www.vsveicolispeciali.com\/fr\/wp-json\/wp\/v2\/posts\/18193\/revisions\/28199"}],"wp:featuredmedia":[{"embeddable":true,"href":"https:\/\/www.vsveicolispeciali.com\/fr\/wp-json\/wp\/v2\/media\/17734"}],"wp:attachment":[{"href":"https:\/\/www.vsveicolispeciali.com\/fr\/wp-json\/wp\/v2\/media?parent=18193"}],"wp:term":[{"taxonomy":"category","embeddable":true,"href":"https:\/\/www.vsveicolispeciali.com\/fr\/wp-json\/wp\/v2\/categories?post=18193"},{"taxonomy":"post_tag","embeddable":true,"href":"https:\/\/www.vsveicolispeciali.com\/fr\/wp-json\/wp\/v2\/tags?post=18193"}],"curies":[{"name":"wp","href":"https:\/\/api.w.org\/{rel}","templated":true}]}}