{"id":16866,"date":"2022-06-08T13:52:47","date_gmt":"2022-06-08T11:52:47","guid":{"rendered":"http:\/\/www.vsveicolispeciali.com\/eroeffnen-sie-ein-temporaeres-strandrestaurant-mit-zwei-komplementaeren-imbissanhaenger\/"},"modified":"2024-12-17T19:48:52","modified_gmt":"2024-12-17T18:48:52","slug":"2-remorques-amenagees-pour-ouvrir-un-restaurant-de-plage-temporaire","status":"publish","type":"post","link":"https:\/\/www.vsveicolispeciali.com\/fr\/2-remorques-amenagees-pour-ouvrir-un-restaurant-de-plage-temporaire\/","title":{"rendered":"2 Remorques am\u00e9nag\u00e9es pour ouvrir un restaurant de plage temporaire"},"content":{"rendered":"<p>Le <strong>secteur de la restauration<\/strong> a toujours \u00e9t\u00e9 caract\u00e9ris\u00e9 par une grande imagination dans la mani\u00e8re d\u2019offrir un service \u00e0 une client\u00e8le qui a toujours <em>soif<\/em> de nouveaut\u00e9s.<\/p>\n<p>L\u2019un des aspects qui influencent le plus le succ\u00e8s d\u2019une activit\u00e9 de restauration est <strong>l\u2019emplacement o\u00f9 elle se trouve<\/strong>. Un carrefour plus loin, de l\u2019autre c\u00f4t\u00e9 de la rue, juste au coin de la rue&#8230; Ces diff\u00e9rents emplacements peuvent vraiment faire la diff\u00e9rence pour un restaurateur.<\/p>\n<p>Les localit\u00e9s populaires <strong>pendant les vacances d\u2019\u00e9t\u00e9<\/strong> sont tr\u00e8s pris\u00e9es par les acteurs qui recherchent des situations \u00e0 fort potentiel de rentabilit\u00e9. Les <strong>plages<\/strong> de ces endroits sont tr\u00e8s convoit\u00e9es, car les touristes aiment boire et manger les pieds dans le sable et avec vue sur la mer.<\/p>\n<p>R\u00e9ussir \u00e0 mettre sur pied un bar, un restaurant ou un \u00e9tablissement similaire dans de tels contextes peut \u00eatre prohibitif pour de nombreuses raisons, notamment l\u2019impossibilit\u00e9 ou la <strong>difficult\u00e9 de mettre en place une structure<\/strong> (m\u00eame si elle est juste temporaire) avec tous les \u00e9quipements et les installations \u00e9lectriques n\u00e9cessaires au service de restauration, surtout s\u2019il s\u2019agit d\u2019un v\u00e9ritable restaurant, et non d\u2019un simple kiosque fast food.<\/p>\n<p>C\u2019est l\u00e0 qu\u2019entre en jeu notre solution avec <strong>DOUBLE REMORQUES AM\u00c9NAG\u00c9ES<\/strong> qui vous permet de contourner certains des obstacles les plus courants, si votre aspiration est de vous lancer dans une de ces <a href=\"https:\/\/www.vsveicolispeciali.com\/fr\/multiplier-les-food-trucks-pour-multiplier-les-benefices\/\" rel=\"noopener\" target=\"_blank\">activit\u00e9s rentables<\/a>.<\/p>\n<p>Tout d\u2019abord, notez que les 2 <a href=\"https:\/\/www.vsveicolispeciali.com\/fr\/amenagement-vehicules-magasin-commerce-ambulant\/remorque-amenagee-cuisine-et-caravane-food-truck\/\">remorques am\u00e9nag\u00e9es<\/a>, repr\u00e9sent\u00e9es par des <strong>caravanes avec crochets d\u2019attelage<\/strong>, remplissent <u>deux fonctions compl\u00e9mentaires<\/u>\u00a0:<\/p>\n<ul class=\"lista\">\n<li>Une cuisine mobile hautement professionnelle\u00a0;<\/li>\n<li>Un moyen auxiliaire avec service de stockage et de blanchissage.<\/li>\n<\/ul>\n<p>&nbsp;<\/p>\n<p><span style=\"text-decoration: underline;\">Int\u00e9rieur de la remorque auxiliaire pour le stockage et le lavage<\/span><a href=\"https:\/\/www.vsveicolispeciali.com\/wp-content\/uploads\/2022\/06\/carrello-servizio-ristorazione-225x300.jpg\"><img loading=\"lazy\" decoding=\"async\" class=\"alignnone size-medium wp-image-16721\" src=\"https:\/\/www.vsveicolispeciali.com\/wp-content\/uploads\/2022\/06\/carrello-servizio-ristorazione-225x300.jpg\" alt=\"remorque auxiliaire mit rquipement pour service de stockage et de blanchissage\" width=\"810\" height=\"1080\" srcset=\"https:\/\/www.vsveicolispeciali.com\/wp-content\/uploads\/2022\/06\/carrello-servizio-ristorazione-225x300.jpg 225w, https:\/\/www.vsveicolispeciali.com\/wp-content\/uploads\/2022\/06\/carrello-servizio-ristorazione-768x1024.jpg 768w, https:\/\/www.vsveicolispeciali.com\/wp-content\/uploads\/2022\/06\/carrello-servizio-ristorazione-600x800.jpg 600w, https:\/\/www.vsveicolispeciali.com\/wp-content\/uploads\/2022\/06\/carrello-servizio-ristorazione-700x933.jpg 700w, https:\/\/www.vsveicolispeciali.com\/wp-content\/uploads\/2022\/06\/carrello-servizio-ristorazione.jpg 810w\" sizes=\"(max-width: 810px) 100vw, 810px\" \/><\/a><\/p>\n<p>Ensemble, les deux remorques disposent de <strong>tout l\u2019\u00e9quipement d\u2019un restaurant de taille moyenne-grande<\/strong>, \u00e0 m\u00eame de g\u00e9rer de gros volumes de service et un grand afflux de clients.<\/p>\n<p>Nous avons con\u00e7u l\u2019<strong>ergonomie des am\u00e9nagements<\/strong> non seulement pour permettre aux op\u00e9rateurs de travailler dans le plus grand confort, mais aussi pour augmenter leur productivit\u00e9, afin de d\u00e9velopper des volumes de travail plus \u00e9lev\u00e9s par unit\u00e9 de temps.<\/p>\n<p>Les deux <a href=\"https:\/\/www.vsveicolispeciali.com\/fr\/aircrome-la-nouvelle-remorque-food-truck-inspiree-de-lairstream\/\" rel=\"noopener\" target=\"_blank\">remorques am\u00e9nag\u00e9es en food trucks<\/a> sont <strong>climatis\u00e9s<\/strong> pour rendre votre environnement de travail confortable, m\u00eame sur la plage.<\/p>\n<p>Utilis\u00e9s en combinaison, les deux chariots street food vous permettent de d\u00e9velopper des <strong>volumes de production<\/strong> plus importants que n\u2019importe quel autre <a href=\"http:\/\/www.vsveicolispeciali.com\/fr\/amenagement-vehicules-magasin-commerce-ambulant\/food-truck-camion-magasin-pour-vente-ambulante\/\">food truck<\/a>, m\u00eame de grande taille.<\/p>\n<p><span style=\"text-decoration: underline;\">Int\u00e9rieur de la Remorque Cuisine Mobile<\/span><br \/>\n<a href=\"https:\/\/www.vsveicolispeciali.com\/wp-content\/uploads\/2022\/06\/rimorchio-food-truck-cucina-300x225.jpg\"><img loading=\"lazy\" decoding=\"async\" class=\"alignnone size-medium wp-image-16725\" src=\"https:\/\/www.vsveicolispeciali.com\/wp-content\/uploads\/2022\/06\/rimorchio-food-truck-cucina-300x225.jpg\" alt=\"remorque cuisine mobile grand restaurant\" width=\"810\" height=\"608\" srcset=\"https:\/\/www.vsveicolispeciali.com\/wp-content\/uploads\/2022\/06\/rimorchio-food-truck-cucina-300x225.jpg 300w, https:\/\/www.vsveicolispeciali.com\/wp-content\/uploads\/2022\/06\/rimorchio-food-truck-cucina-768x576.jpg 768w, https:\/\/www.vsveicolispeciali.com\/wp-content\/uploads\/2022\/06\/rimorchio-food-truck-cucina-800x600.jpg 800w, https:\/\/www.vsveicolispeciali.com\/wp-content\/uploads\/2022\/06\/rimorchio-food-truck-cucina-700x525.jpg 700w, https:\/\/www.vsveicolispeciali.com\/wp-content\/uploads\/2022\/06\/rimorchio-food-truck-cucina.jpg 810w\" sizes=\"(max-width: 810px) 100vw, 810px\" \/><\/a><\/p>\n<p>D\u2019autre part, \u00e0 l\u2019instar des food trucks, vous pourrez enlever facilement <strong>les remorques am\u00e9nag\u00e9es \u00e0 la fin de la saison<\/strong>, comme l\u2019exigent ces cas.<\/p>\n<p>La remorque-cuisine et la remorque magasin auxiliaire ont les m\u00eames <strong>caract\u00e9ristiques structurelles<\/strong>\u00a0:<\/p>\n<ul class=\"lista\">\n<li>Un ch\u00e2ssis en acier galvanis\u00e9 \u00e0 chaud, double essieu, masse totale de 2900kg et capacit\u00e9 de charge de 600 kg\u00a0;<\/li>\n<li>Un jeu de 4 pieds de stationnement disposant de v\u00e9rins, capables de soulever la remorque pour la stabiliser m\u00eame sur un terrain accident\u00e9\u00a0;<\/li>\n<li>Une fen\u00eatre de service sur le c\u00f4t\u00e9 avec portes coulissantes ;<\/li>\n<li>De l\u2019air conditionn\u00e9 et un hublot avec ventilateur pour maintenir la bonne temp\u00e9rature \u00e0 l\u2019int\u00e9rieur\u00a0;<\/li>\n<li>Un plancher en vinyle antibact\u00e9rien et antid\u00e9rapant \u00e0 l\u2019int\u00e9rieur\u00a0;<\/li>\n<li>Une installation d\u2019eau avec raccordements directs, \u00e0 connexion rapide, de chargement et de d\u00e9chargement ;<\/li>\n<li>Un \u00e9clairage \u00e0 LEDS\u00a0;<\/li>\n<li>Une installation \u00e9lectrique triphas\u00e9e, de 32 A avec armoire de commande \u00e9lectrique, prot\u00e9g\u00e9e par des disjoncteurs et des interrupteurs magn\u00e9tothermiques sur chaque utilisateur\u00a0;<\/li>\n<li>Des barres d\u2019\u00e9quilibrage de potentiel pour le syst\u00e8me de mise \u00e0 la terre.<\/li>\n<\/ul>\n<p>&nbsp;<\/p>\n<h2>Remorque cuisine mobile<\/h2>\n<p>Elle se d\u00e9veloppe sur deux c\u00f4t\u00e9s.<\/p>\n<p>D\u2019un c\u00f4t\u00e9 vous trouverez une cuisine de 4 m\u00e8tres lin\u00e9aires, compos\u00e9e d\u2019un cuiseur \u00e0 p\u00e2tes avec chargement et d\u00e9chargement de l\u2019eau, de 6 feux avec four statique, d\u2019un fry top de 80 cm, d\u2019une friteuse avec double bac de 20 litres ; le tout sous une hotte aspirante avec \u00e9vacuation ext\u00e9rieure des fum\u00e9es.<\/p>\n<p><a href=\"https:\/\/www.vsveicolispeciali.com\/wp-content\/uploads\/2022\/06\/rimorchio-cucina-roulotte-300x225.jpg\"><img loading=\"lazy\" decoding=\"async\" class=\"alignnone size-medium wp-image-16709\" src=\"https:\/\/www.vsveicolispeciali.com\/wp-content\/uploads\/2022\/06\/rimorchio-cucina-roulotte-300x225.jpg\" alt=\"Roulotte food truck pour Catering-Service\" width=\"810\" height=\"608\" srcset=\"https:\/\/www.vsveicolispeciali.com\/wp-content\/uploads\/2022\/06\/rimorchio-cucina-roulotte-300x225.jpg 300w, https:\/\/www.vsveicolispeciali.com\/wp-content\/uploads\/2022\/06\/rimorchio-cucina-roulotte-768x576.jpg 768w, https:\/\/www.vsveicolispeciali.com\/wp-content\/uploads\/2022\/06\/rimorchio-cucina-roulotte-800x600.jpg 800w, https:\/\/www.vsveicolispeciali.com\/wp-content\/uploads\/2022\/06\/rimorchio-cucina-roulotte-700x525.jpg 700w, https:\/\/www.vsveicolispeciali.com\/wp-content\/uploads\/2022\/06\/rimorchio-cucina-roulotte.jpg 810w\" sizes=\"(max-width: 810px) 100vw, 810px\" \/><\/a><\/p>\n<p>Viennent ensuite une cellule de refroidissement, un \u00e9vier avec commande au pied et des unit\u00e9s murales en acier inoxydable avec portes coulissantes.<\/p>\n<p>De l\u2019autre c\u00f4t\u00e9 vous trouverez 2 r\u00e9frig\u00e9rateurs armoires de 350 litres chacun, un module en acier inoxydable avec 3 tiroirs, un module \u00e0 4 portes de 400 litres, et le cong\u00e9lateur.<\/p>\n<p>&nbsp;<\/p>\n<h2>Remorque magasin auxiliaire<\/h2>\n<p>Elle se d\u00e9veloppe sur deux c\u00f4t\u00e9s.<\/p>\n<p>D\u2019un c\u00f4t\u00e9 vous trouverez la zone de nettoyage, \u00e9quip\u00e9e d\u2019un \u00e9vier, d\u2019un double lavabo et d\u2019une goulotte avec douchette, d\u2019un lave-vaisselle, d\u2019un lave-verres, d\u2019une machine \u00e0 gla\u00e7ons, de modules en acier inoxydable avec portes coulissantes pour le rangement des outils et le s\u00e9chage des accessoires.<\/p>\n<p><a href=\"https:\/\/www.vsveicolispeciali.com\/wp-content\/uploads\/2022\/06\/rimorchio-servizio-stoccaggio-lavaggio-225x300.jpg\"><img loading=\"lazy\" decoding=\"async\" class=\"alignnone size-medium wp-image-16713\" src=\"https:\/\/www.vsveicolispeciali.com\/wp-content\/uploads\/2022\/06\/rimorchio-servizio-stoccaggio-lavaggio-225x300.jpg\" alt=\"Remorque magasin auxiliaire service d'assistance au restaurant\" width=\"810\" height=\"1080\" srcset=\"https:\/\/www.vsveicolispeciali.com\/wp-content\/uploads\/2022\/06\/rimorchio-servizio-stoccaggio-lavaggio-225x300.jpg 225w, https:\/\/www.vsveicolispeciali.com\/wp-content\/uploads\/2022\/06\/rimorchio-servizio-stoccaggio-lavaggio-768x1024.jpg 768w, https:\/\/www.vsveicolispeciali.com\/wp-content\/uploads\/2022\/06\/rimorchio-servizio-stoccaggio-lavaggio-600x800.jpg 600w, https:\/\/www.vsveicolispeciali.com\/wp-content\/uploads\/2022\/06\/rimorchio-servizio-stoccaggio-lavaggio-700x933.jpg 700w, https:\/\/www.vsveicolispeciali.com\/wp-content\/uploads\/2022\/06\/rimorchio-servizio-stoccaggio-lavaggio.jpg 810w\" sizes=\"(max-width: 810px) 100vw, 810px\" \/><\/a><\/p>\n<p>De l\u2019autre, vous trouverez l\u2019armoire neutre, un module avec 3 portes de 400 litres, un cong\u00e9lateur, un autre module avec 3 portes de 400 litres et le r\u00e9frig\u00e9rateur. Au fonds vous trouverez des unit\u00e9s murales en acier inoxydable avec portes coulissantes.<\/p>\n<p>&nbsp;<\/p>\n<p>Cette <strong>solution<\/strong> de double roulottes foodtruck vous offre comme petit plus d\u2019\u00eatre extr\u00eamement polyvalente, puisque vous pouvez l\u2019utiliser non seulement sur les plages, mais aussi dans les espaces ouverts de grands complexes h\u00f4teliers, ou pour offrir des services traiteur lors de grands \u00e9v\u00e9nements, de salons sectoriels et de festivals.<\/p>\n<p>Et, apr\u00e8s avoir re\u00e7u un grand groupe de personnes, pourquoi ne pas l\u2019utiliser comme unit\u00e9 d\u2019appoint, de stockage et de cuisson, si des situations d\u2019urgence se pr\u00e9sentent.<\/p>\n<p>Ce <strong>syst\u00e8me \u00e0 2 remorques am\u00e9nag\u00e9es<\/strong> est agile, fonctionnel et rentable. Une solution qui vous permettra de surmonter des obstacles qui semblaient insurmontables.<\/p>\n<p>En revanche, si ce dont votre projet a besoin, ce sont des dimensions tr\u00e8s r\u00e9duites et une tr\u00e8s grande agilit\u00e9, alors une <a href=\"https:\/\/www.vsveicolispeciali.com\/fr\/vs-innovation-lab\/yield-trailer-remorque-electrique-cuisine-mobile-magasin-ambulant\/\">mini remorque am\u00e9nag\u00e9e<\/a> sera la solution id\u00e9ale.<\/p>\n<p>C\u2019est vraiment le cas de dire qu\u2019il y a une solution \u00e0 tout !<\/p>\n<p>&nbsp;<\/p>\n<p>&nbsp;<\/p>\n\n\t\t<style type=\"text\/css\">\n\t\t\t#gallery-1 {\n\t\t\t\tmargin: auto;\n\t\t\t}\n\t\t\t#gallery-1 .gallery-item {\n\t\t\t\tfloat: left;\n\t\t\t\tmargin-top: 10px;\n\t\t\t\ttext-align: center;\n\t\t\t\twidth: 33%;\n\t\t\t}\n\t\t\t#gallery-1 img {\n\t\t\t\tborder: 2px solid #cfcfcf;\n\t\t\t}\n\t\t\t#gallery-1 .gallery-caption {\n\t\t\t\tmargin-left: 0;\n\t\t\t}\n\t\t\t\/* see gallery_shortcode() in wp-includes\/media.php *\/\n\t\t<\/style>\n\t\t<div id='gallery-1' class='gallery galleryid-16866 gallery-columns-3 gallery-size-thumbnail'><dl class='gallery-item'>\n\t\t\t<dt class='gallery-icon landscape'>\n\t\t\t\t<a href='https:\/\/www.vsveicolispeciali.com\/fr\/carrelli-street-food-roulotte-2\/'><img loading=\"lazy\" decoding=\"async\" width=\"150\" height=\"150\" src=\"https:\/\/www.vsveicolispeciali.com\/wp-content\/uploads\/2022\/06\/carrelli-street-food-roulotte-150x150.jpg\" class=\"attachment-thumbnail size-thumbnail\" alt=\"carrelli street food roulotte con gancio traino per montare un ristorante temporaneo in spiaggia\" srcset=\"https:\/\/www.vsveicolispeciali.com\/wp-content\/uploads\/2022\/06\/carrelli-street-food-roulotte-150x150.jpg 150w, https:\/\/www.vsveicolispeciali.com\/wp-content\/uploads\/2022\/06\/carrelli-street-food-roulotte-500x500.jpg 500w\" sizes=\"(max-width: 150px) 100vw, 150px\" \/><\/a>\n\t\t\t<\/dt><\/dl>\n\t\t\t<br style='clear: both' \/>\n\t\t<\/div>\n\n","protected":false},"excerpt":{"rendered":"<p>Le secteur de la restauration a toujours \u00e9t\u00e9 caract\u00e9ris\u00e9 par une grande imagination dans la mani\u00e8re d\u2019offrir un service \u00e0 une client\u00e8le qui a toujours soif de nouveaut\u00e9s. L\u2019un des aspects qui influencent le plus le succ\u00e8s d\u2019une activit\u00e9 de restauration est l\u2019emplacement o\u00f9 elle&#8230;<\/p>\n","protected":false},"author":1001012,"featured_media":16707,"comment_status":"closed","ping_status":"open","sticky":false,"template":"","format":"gallery","meta":{"footnotes":""},"categories":[27],"tags":[180,185,220],"class_list":["post-16866","post","type-post","status-publish","format-gallery","has-post-thumbnail","hentry","category-news-fr","tag-amenagement-food-truck-prix","tag-remorque-magasin","tag-concept-food-truck-original","post_format-post-format-gallery"],"yoast_head":"<!-- This site is optimized with the Yoast SEO plugin v25.4 - https:\/\/yoast.com\/wordpress\/plugins\/seo\/ -->\n<title>Remorques am\u00e9nag\u00e9es pour ouvrir un restaurant de plage temporaire<\/title>\n<meta name=\"description\" content=\"2 remorques food truck remplissent deux fonctions : cuisine mobile am\u00e9nag\u00e9e et magasin auxiliare de stockage et de lavage &gt;\" \/>\n<meta name=\"robots\" content=\"index, follow, max-snippet:-1, max-image-preview:large, max-video-preview:-1\" \/>\n<link rel=\"canonical\" href=\"https:\/\/www.vsveicolispeciali.com\/fr\/2-remorques-amenagees-pour-ouvrir-un-restaurant-de-plage-temporaire\/\" \/>\n<meta property=\"og:locale\" content=\"fr_FR\" \/>\n<meta property=\"og:type\" content=\"article\" \/>\n<meta property=\"og:title\" content=\"Remorques am\u00e9nag\u00e9es pour ouvrir un restaurant de plage temporaire\" \/>\n<meta property=\"og:description\" content=\"2 remorques food truck remplissent deux fonctions : cuisine mobile am\u00e9nag\u00e9e et magasin auxiliare de stockage et de lavage &gt;\" \/>\n<meta property=\"og:url\" content=\"https:\/\/www.vsveicolispeciali.com\/fr\/2-remorques-amenagees-pour-ouvrir-un-restaurant-de-plage-temporaire\/\" \/>\n<meta property=\"og:site_name\" content=\"VS Veicoli Speciali\" \/>\n<meta property=\"article:publisher\" content=\"https:\/\/www.facebook.com\/VSVeicoliSpeciali.Food.Trucks\/\" \/>\n<meta property=\"article:published_time\" content=\"2022-06-08T11:52:47+00:00\" \/>\n<meta property=\"article:modified_time\" content=\"2024-12-17T18:48:52+00:00\" \/>\n<meta property=\"og:image\" content=\"https:\/\/www.vsveicolispeciali.com\/wp-content\/uploads\/2022\/06\/carrelli-street-food-roulotte.jpg\" \/>\n\t<meta property=\"og:image:width\" content=\"810\" \/>\n\t<meta property=\"og:image:height\" content=\"522\" \/>\n\t<meta property=\"og:image:type\" content=\"image\/jpeg\" \/>\n<meta name=\"author\" content=\"VS Veicoli Speciali\" \/>\n<meta name=\"twitter:card\" content=\"summary_large_image\" \/>\n<meta name=\"twitter:creator\" content=\"@veicolispeciali\" \/>\n<meta name=\"twitter:site\" content=\"@veicolispeciali\" \/>\n<meta name=\"twitter:label1\" content=\"\u00c9crit par\" \/>\n\t<meta name=\"twitter:data1\" content=\"VS Veicoli Speciali\" \/>\n\t<meta name=\"twitter:label2\" content=\"Dur\u00e9e de lecture estim\u00e9e\" \/>\n\t<meta name=\"twitter:data2\" content=\"6 minutes\" \/>\n<script type=\"application\/ld+json\" class=\"yoast-schema-graph\">{\"@context\":\"https:\/\/schema.org\",\"@graph\":[{\"@type\":\"Article\",\"@id\":\"https:\/\/www.vsveicolispeciali.com\/fr\/2-remorques-amenagees-pour-ouvrir-un-restaurant-de-plage-temporaire\/#article\",\"isPartOf\":{\"@id\":\"https:\/\/www.vsveicolispeciali.com\/fr\/2-remorques-amenagees-pour-ouvrir-un-restaurant-de-plage-temporaire\/\"},\"author\":{\"name\":\"VS Veicoli Speciali\",\"@id\":\"https:\/\/www.vsveicolispeciali.com\/fr\/#\/schema\/person\/1241826d792bde4333b3db1395b12be9\"},\"headline\":\"2 Remorques am\u00e9nag\u00e9es pour ouvrir un restaurant de plage temporaire\",\"datePublished\":\"2022-06-08T11:52:47+00:00\",\"dateModified\":\"2024-12-17T18:48:52+00:00\",\"mainEntityOfPage\":{\"@id\":\"https:\/\/www.vsveicolispeciali.com\/fr\/2-remorques-amenagees-pour-ouvrir-un-restaurant-de-plage-temporaire\/\"},\"wordCount\":1042,\"publisher\":{\"@id\":\"https:\/\/www.vsveicolispeciali.com\/fr\/#organization\"},\"image\":{\"@id\":\"https:\/\/www.vsveicolispeciali.com\/fr\/2-remorques-amenagees-pour-ouvrir-un-restaurant-de-plage-temporaire\/#primaryimage\"},\"thumbnailUrl\":\"https:\/\/www.vsveicolispeciali.com\/wp-content\/uploads\/2022\/06\/carrelli-street-food-roulotte.jpg\",\"keywords\":[\"am\u00e9nagement food truck prix\",\"remorque magasin\",\"concept food truck original\"],\"articleSection\":[\"News\"],\"inLanguage\":\"fr-FR\"},{\"@type\":\"WebPage\",\"@id\":\"https:\/\/www.vsveicolispeciali.com\/fr\/2-remorques-amenagees-pour-ouvrir-un-restaurant-de-plage-temporaire\/\",\"url\":\"https:\/\/www.vsveicolispeciali.com\/fr\/2-remorques-amenagees-pour-ouvrir-un-restaurant-de-plage-temporaire\/\",\"name\":\"Remorques am\u00e9nag\u00e9es pour ouvrir un restaurant de plage temporaire\",\"isPartOf\":{\"@id\":\"https:\/\/www.vsveicolispeciali.com\/fr\/#website\"},\"primaryImageOfPage\":{\"@id\":\"https:\/\/www.vsveicolispeciali.com\/fr\/2-remorques-amenagees-pour-ouvrir-un-restaurant-de-plage-temporaire\/#primaryimage\"},\"image\":{\"@id\":\"https:\/\/www.vsveicolispeciali.com\/fr\/2-remorques-amenagees-pour-ouvrir-un-restaurant-de-plage-temporaire\/#primaryimage\"},\"thumbnailUrl\":\"https:\/\/www.vsveicolispeciali.com\/wp-content\/uploads\/2022\/06\/carrelli-street-food-roulotte.jpg\",\"datePublished\":\"2022-06-08T11:52:47+00:00\",\"dateModified\":\"2024-12-17T18:48:52+00:00\",\"description\":\"2 remorques food truck remplissent deux fonctions : cuisine mobile am\u00e9nag\u00e9e et magasin auxiliare de stockage et de lavage >\",\"breadcrumb\":{\"@id\":\"https:\/\/www.vsveicolispeciali.com\/fr\/2-remorques-amenagees-pour-ouvrir-un-restaurant-de-plage-temporaire\/#breadcrumb\"},\"inLanguage\":\"fr-FR\",\"potentialAction\":[{\"@type\":\"ReadAction\",\"target\":[\"https:\/\/www.vsveicolispeciali.com\/fr\/2-remorques-amenagees-pour-ouvrir-un-restaurant-de-plage-temporaire\/\"]}]},{\"@type\":\"ImageObject\",\"inLanguage\":\"fr-FR\",\"@id\":\"https:\/\/www.vsveicolispeciali.com\/fr\/2-remorques-amenagees-pour-ouvrir-un-restaurant-de-plage-temporaire\/#primaryimage\",\"url\":\"https:\/\/www.vsveicolispeciali.com\/wp-content\/uploads\/2022\/06\/carrelli-street-food-roulotte.jpg\",\"contentUrl\":\"https:\/\/www.vsveicolispeciali.com\/wp-content\/uploads\/2022\/06\/carrelli-street-food-roulotte.jpg\",\"width\":810,\"height\":522,\"caption\":\"carrelli street food roulotte con gancio traino per montare un ristorante temporaneo in spiaggia\"},{\"@type\":\"BreadcrumbList\",\"@id\":\"https:\/\/www.vsveicolispeciali.com\/fr\/2-remorques-amenagees-pour-ouvrir-un-restaurant-de-plage-temporaire\/#breadcrumb\",\"itemListElement\":[{\"@type\":\"ListItem\",\"position\":1,\"name\":\"Home\",\"item\":\"https:\/\/www.vsveicolispeciali.com\/fr\/\"},{\"@type\":\"ListItem\",\"position\":2,\"name\":\"2 Remorques am\u00e9nag\u00e9es pour ouvrir un restaurant de plage temporaire\"}]},{\"@type\":\"WebSite\",\"@id\":\"https:\/\/www.vsveicolispeciali.com\/fr\/#website\",\"url\":\"https:\/\/www.vsveicolispeciali.com\/fr\/\",\"name\":\"VS Veicoli Speciali\",\"description\":\"\",\"publisher\":{\"@id\":\"https:\/\/www.vsveicolispeciali.com\/fr\/#organization\"},\"potentialAction\":[{\"@type\":\"SearchAction\",\"target\":{\"@type\":\"EntryPoint\",\"urlTemplate\":\"https:\/\/www.vsveicolispeciali.com\/fr\/?s={search_term_string}\"},\"query-input\":{\"@type\":\"PropertyValueSpecification\",\"valueRequired\":true,\"valueName\":\"search_term_string\"}}],\"inLanguage\":\"fr-FR\"},{\"@type\":\"Organization\",\"@id\":\"https:\/\/www.vsveicolispeciali.com\/fr\/#organization\",\"name\":\"VS Veicoli Speciali\",\"url\":\"https:\/\/www.vsveicolispeciali.com\/fr\/\",\"logo\":{\"@type\":\"ImageObject\",\"inLanguage\":\"fr-FR\",\"@id\":\"https:\/\/www.vsveicolispeciali.com\/fr\/#\/schema\/logo\/image\/\",\"url\":\"http:\/\/www.vsveicolispeciali.com\/wp-content\/uploads\/2015\/05\/vs_veicoli_speciali-logo.png\",\"contentUrl\":\"http:\/\/www.vsveicolispeciali.com\/wp-content\/uploads\/2015\/05\/vs_veicoli_speciali-logo.png\",\"width\":252,\"height\":134,\"caption\":\"VS Veicoli Speciali\"},\"image\":{\"@id\":\"https:\/\/www.vsveicolispeciali.com\/fr\/#\/schema\/logo\/image\/\"},\"sameAs\":[\"https:\/\/www.facebook.com\/VSVeicoliSpeciali.Food.Trucks\/\",\"https:\/\/x.com\/veicolispeciali\",\"https:\/\/www.instagram.com\/vs_veicolispeciali\/\",\"https:\/\/www.linkedin.com\/company\/2811960\/\",\"https:\/\/www.pinterest.com\/streetfoodtruck\/\",\"https:\/\/www.youtube.com\/user\/veicolispeciali\"]},{\"@type\":\"Person\",\"@id\":\"https:\/\/www.vsveicolispeciali.com\/fr\/#\/schema\/person\/1241826d792bde4333b3db1395b12be9\",\"name\":\"VS Veicoli Speciali\",\"image\":{\"@type\":\"ImageObject\",\"inLanguage\":\"fr-FR\",\"@id\":\"https:\/\/www.vsveicolispeciali.com\/fr\/#\/schema\/person\/image\/\",\"url\":\"https:\/\/secure.gravatar.com\/avatar\/4ea93278e71ba140dbbbfb5d34409507?s=96&d=mm&r=g\",\"contentUrl\":\"https:\/\/secure.gravatar.com\/avatar\/4ea93278e71ba140dbbbfb5d34409507?s=96&d=mm&r=g\",\"caption\":\"VS Veicoli Speciali\"}}]}<\/script>\n<!-- \/ Yoast SEO plugin. -->","yoast_head_json":{"title":"Remorques am\u00e9nag\u00e9es pour ouvrir un restaurant de plage temporaire","description":"2 remorques food truck remplissent deux fonctions : cuisine mobile am\u00e9nag\u00e9e et magasin auxiliare de stockage et de lavage >","robots":{"index":"index","follow":"follow","max-snippet":"max-snippet:-1","max-image-preview":"max-image-preview:large","max-video-preview":"max-video-preview:-1"},"canonical":"https:\/\/www.vsveicolispeciali.com\/fr\/2-remorques-amenagees-pour-ouvrir-un-restaurant-de-plage-temporaire\/","og_locale":"fr_FR","og_type":"article","og_title":"Remorques am\u00e9nag\u00e9es pour ouvrir un restaurant de plage temporaire","og_description":"2 remorques food truck remplissent deux fonctions : cuisine mobile am\u00e9nag\u00e9e et magasin auxiliare de stockage et de lavage >","og_url":"https:\/\/www.vsveicolispeciali.com\/fr\/2-remorques-amenagees-pour-ouvrir-un-restaurant-de-plage-temporaire\/","og_site_name":"VS Veicoli Speciali","article_publisher":"https:\/\/www.facebook.com\/VSVeicoliSpeciali.Food.Trucks\/","article_published_time":"2022-06-08T11:52:47+00:00","article_modified_time":"2024-12-17T18:48:52+00:00","og_image":[{"width":810,"height":522,"url":"https:\/\/www.vsveicolispeciali.com\/wp-content\/uploads\/2022\/06\/carrelli-street-food-roulotte.jpg","type":"image\/jpeg"}],"author":"VS Veicoli Speciali","twitter_card":"summary_large_image","twitter_creator":"@veicolispeciali","twitter_site":"@veicolispeciali","twitter_misc":{"\u00c9crit par":"VS Veicoli Speciali","Dur\u00e9e de lecture estim\u00e9e":"6 minutes"},"schema":{"@context":"https:\/\/schema.org","@graph":[{"@type":"Article","@id":"https:\/\/www.vsveicolispeciali.com\/fr\/2-remorques-amenagees-pour-ouvrir-un-restaurant-de-plage-temporaire\/#article","isPartOf":{"@id":"https:\/\/www.vsveicolispeciali.com\/fr\/2-remorques-amenagees-pour-ouvrir-un-restaurant-de-plage-temporaire\/"},"author":{"name":"VS Veicoli Speciali","@id":"https:\/\/www.vsveicolispeciali.com\/fr\/#\/schema\/person\/1241826d792bde4333b3db1395b12be9"},"headline":"2 Remorques am\u00e9nag\u00e9es pour ouvrir un restaurant de plage temporaire","datePublished":"2022-06-08T11:52:47+00:00","dateModified":"2024-12-17T18:48:52+00:00","mainEntityOfPage":{"@id":"https:\/\/www.vsveicolispeciali.com\/fr\/2-remorques-amenagees-pour-ouvrir-un-restaurant-de-plage-temporaire\/"},"wordCount":1042,"publisher":{"@id":"https:\/\/www.vsveicolispeciali.com\/fr\/#organization"},"image":{"@id":"https:\/\/www.vsveicolispeciali.com\/fr\/2-remorques-amenagees-pour-ouvrir-un-restaurant-de-plage-temporaire\/#primaryimage"},"thumbnailUrl":"https:\/\/www.vsveicolispeciali.com\/wp-content\/uploads\/2022\/06\/carrelli-street-food-roulotte.jpg","keywords":["am\u00e9nagement food truck prix","remorque magasin","concept food truck original"],"articleSection":["News"],"inLanguage":"fr-FR"},{"@type":"WebPage","@id":"https:\/\/www.vsveicolispeciali.com\/fr\/2-remorques-amenagees-pour-ouvrir-un-restaurant-de-plage-temporaire\/","url":"https:\/\/www.vsveicolispeciali.com\/fr\/2-remorques-amenagees-pour-ouvrir-un-restaurant-de-plage-temporaire\/","name":"Remorques am\u00e9nag\u00e9es pour ouvrir un restaurant de plage temporaire","isPartOf":{"@id":"https:\/\/www.vsveicolispeciali.com\/fr\/#website"},"primaryImageOfPage":{"@id":"https:\/\/www.vsveicolispeciali.com\/fr\/2-remorques-amenagees-pour-ouvrir-un-restaurant-de-plage-temporaire\/#primaryimage"},"image":{"@id":"https:\/\/www.vsveicolispeciali.com\/fr\/2-remorques-amenagees-pour-ouvrir-un-restaurant-de-plage-temporaire\/#primaryimage"},"thumbnailUrl":"https:\/\/www.vsveicolispeciali.com\/wp-content\/uploads\/2022\/06\/carrelli-street-food-roulotte.jpg","datePublished":"2022-06-08T11:52:47+00:00","dateModified":"2024-12-17T18:48:52+00:00","description":"2 remorques food truck remplissent deux fonctions : cuisine mobile am\u00e9nag\u00e9e et magasin auxiliare de stockage et de lavage >","breadcrumb":{"@id":"https:\/\/www.vsveicolispeciali.com\/fr\/2-remorques-amenagees-pour-ouvrir-un-restaurant-de-plage-temporaire\/#breadcrumb"},"inLanguage":"fr-FR","potentialAction":[{"@type":"ReadAction","target":["https:\/\/www.vsveicolispeciali.com\/fr\/2-remorques-amenagees-pour-ouvrir-un-restaurant-de-plage-temporaire\/"]}]},{"@type":"ImageObject","inLanguage":"fr-FR","@id":"https:\/\/www.vsveicolispeciali.com\/fr\/2-remorques-amenagees-pour-ouvrir-un-restaurant-de-plage-temporaire\/#primaryimage","url":"https:\/\/www.vsveicolispeciali.com\/wp-content\/uploads\/2022\/06\/carrelli-street-food-roulotte.jpg","contentUrl":"https:\/\/www.vsveicolispeciali.com\/wp-content\/uploads\/2022\/06\/carrelli-street-food-roulotte.jpg","width":810,"height":522,"caption":"carrelli street food roulotte con gancio traino per montare un ristorante temporaneo in spiaggia"},{"@type":"BreadcrumbList","@id":"https:\/\/www.vsveicolispeciali.com\/fr\/2-remorques-amenagees-pour-ouvrir-un-restaurant-de-plage-temporaire\/#breadcrumb","itemListElement":[{"@type":"ListItem","position":1,"name":"Home","item":"https:\/\/www.vsveicolispeciali.com\/fr\/"},{"@type":"ListItem","position":2,"name":"2 Remorques am\u00e9nag\u00e9es pour ouvrir un restaurant de plage temporaire"}]},{"@type":"WebSite","@id":"https:\/\/www.vsveicolispeciali.com\/fr\/#website","url":"https:\/\/www.vsveicolispeciali.com\/fr\/","name":"VS Veicoli Speciali","description":"","publisher":{"@id":"https:\/\/www.vsveicolispeciali.com\/fr\/#organization"},"potentialAction":[{"@type":"SearchAction","target":{"@type":"EntryPoint","urlTemplate":"https:\/\/www.vsveicolispeciali.com\/fr\/?s={search_term_string}"},"query-input":{"@type":"PropertyValueSpecification","valueRequired":true,"valueName":"search_term_string"}}],"inLanguage":"fr-FR"},{"@type":"Organization","@id":"https:\/\/www.vsveicolispeciali.com\/fr\/#organization","name":"VS Veicoli Speciali","url":"https:\/\/www.vsveicolispeciali.com\/fr\/","logo":{"@type":"ImageObject","inLanguage":"fr-FR","@id":"https:\/\/www.vsveicolispeciali.com\/fr\/#\/schema\/logo\/image\/","url":"http:\/\/www.vsveicolispeciali.com\/wp-content\/uploads\/2015\/05\/vs_veicoli_speciali-logo.png","contentUrl":"http:\/\/www.vsveicolispeciali.com\/wp-content\/uploads\/2015\/05\/vs_veicoli_speciali-logo.png","width":252,"height":134,"caption":"VS Veicoli Speciali"},"image":{"@id":"https:\/\/www.vsveicolispeciali.com\/fr\/#\/schema\/logo\/image\/"},"sameAs":["https:\/\/www.facebook.com\/VSVeicoliSpeciali.Food.Trucks\/","https:\/\/x.com\/veicolispeciali","https:\/\/www.instagram.com\/vs_veicolispeciali\/","https:\/\/www.linkedin.com\/company\/2811960\/","https:\/\/www.pinterest.com\/streetfoodtruck\/","https:\/\/www.youtube.com\/user\/veicolispeciali"]},{"@type":"Person","@id":"https:\/\/www.vsveicolispeciali.com\/fr\/#\/schema\/person\/1241826d792bde4333b3db1395b12be9","name":"VS Veicoli Speciali","image":{"@type":"ImageObject","inLanguage":"fr-FR","@id":"https:\/\/www.vsveicolispeciali.com\/fr\/#\/schema\/person\/image\/","url":"https:\/\/secure.gravatar.com\/avatar\/4ea93278e71ba140dbbbfb5d34409507?s=96&d=mm&r=g","contentUrl":"https:\/\/secure.gravatar.com\/avatar\/4ea93278e71ba140dbbbfb5d34409507?s=96&d=mm&r=g","caption":"VS Veicoli Speciali"}}]}},"_links":{"self":[{"href":"https:\/\/www.vsveicolispeciali.com\/fr\/wp-json\/wp\/v2\/posts\/16866"}],"collection":[{"href":"https:\/\/www.vsveicolispeciali.com\/fr\/wp-json\/wp\/v2\/posts"}],"about":[{"href":"https:\/\/www.vsveicolispeciali.com\/fr\/wp-json\/wp\/v2\/types\/post"}],"author":[{"embeddable":true,"href":"https:\/\/www.vsveicolispeciali.com\/fr\/wp-json\/wp\/v2\/users\/1001012"}],"replies":[{"embeddable":true,"href":"https:\/\/www.vsveicolispeciali.com\/fr\/wp-json\/wp\/v2\/comments?post=16866"}],"version-history":[{"count":9,"href":"https:\/\/www.vsveicolispeciali.com\/fr\/wp-json\/wp\/v2\/posts\/16866\/revisions"}],"predecessor-version":[{"id":27419,"href":"https:\/\/www.vsveicolispeciali.com\/fr\/wp-json\/wp\/v2\/posts\/16866\/revisions\/27419"}],"wp:featuredmedia":[{"embeddable":true,"href":"https:\/\/www.vsveicolispeciali.com\/fr\/wp-json\/wp\/v2\/media\/16707"}],"wp:attachment":[{"href":"https:\/\/www.vsveicolispeciali.com\/fr\/wp-json\/wp\/v2\/media?parent=16866"}],"wp:term":[{"taxonomy":"category","embeddable":true,"href":"https:\/\/www.vsveicolispeciali.com\/fr\/wp-json\/wp\/v2\/categories?post=16866"},{"taxonomy":"post_tag","embeddable":true,"href":"https:\/\/www.vsveicolispeciali.com\/fr\/wp-json\/wp\/v2\/tags?post=16866"}],"curies":[{"name":"wp","href":"https:\/\/api.w.org\/{rel}","templated":true}]}}