{"id":15722,"date":"2022-02-14T22:17:14","date_gmt":"2022-02-14T21:17:14","guid":{"rendered":"http:\/\/www.vsveicolispeciali.com\/mini-vs-food-truck-with-a-valoriani-dual-oven-pizza-is-served\/"},"modified":"2024-11-29T13:53:19","modified_gmt":"2024-11-29T12:53:19","slug":"mini-food-truck-vs-avec-double-four-valoriani-la-pizza-est-servie","status":"publish","type":"post","link":"https:\/\/www.vsveicolispeciali.com\/fr\/mini-food-truck-vs-avec-double-four-valoriani-la-pizza-est-servie\/","title":{"rendered":"Le mini food truck avec double four Valoriani\u00a0: la pizza est servie"},"content":{"rendered":"<p>La <strong>pizza<\/strong> est une telle r\u00e9ussite dans le monde entier qu\u2019elle est connue et appr\u00e9ci\u00e9e pratiquement partout.<\/p>\n<p>Le <strong>potentiel de vente<\/strong> de ce produit alimentaire est presque infini, car elle est consomm\u00e9e par tout le monde, \u00e0 tout moment de la journ\u00e9e.<\/p>\n<p>Ce n\u2019est pas un hasard si <strong>les restaurateurs ne se contentent plus de la proposer dans leurs \u00e9tablissements fixes<\/strong>, avec toute la rigidit\u00e9 que cela implique, mais cherchent des moyens plus flexibles, afin de la pr\u00e9parer et de la vendre dans d\u2019autres lieux, saisissant ainsi des opportunit\u00e9s de b\u00e9n\u00e9fice qui seraient autrement perdues.<\/p>\n<p>Une <strong>pizzeria mobile<\/strong>, c\u2019est-\u00e0-dire un v\u00e9hicule ou une remorque \u00e9quip\u00e9e pour la vente de pizzas, r\u00e9pond au besoin d\u2019une plus grande mobilit\u00e9 dans l\u2019espace, afin d\u2019atteindre des lieux et des contextes autrement inaccessibles :<\/p>\n<ul class=\"lista\">\n<li>Les \u00e9v\u00e9nements priv\u00e9s, publics et d\u2019entreprise<\/li>\n<li>Les festivals et salons<\/li>\n<li>Les expositions et les espaces d\u2019exposition<\/li>\n<li>Les mus\u00e9es<\/li>\n<li>Les centres commerciaux et les outlets<\/li>\n<li>Les casinos et les parcs d\u2019attractions<\/li>\n<li>Les grandes cha\u00eenes h\u00f4teli\u00e8res et les complexes h\u00f4teliers<\/li>\n<li>Les gares et les a\u00e9roports<\/li>\n<li>Les rues, les places et les fronts de mer.<\/li>\n<\/ul>\n<p>&nbsp;<\/p>\n<p>Sur un <a href=\"https:\/\/www.vsveicolispeciali.com\/fr\/importance-du-four-pour-le-succes-dun-camion-de-pizza\/\" target=\"_blank\" rel=\"noopener\">camion avec un four \u00e0 pizza<\/a>, la pizza est tout d\u2019abord pr\u00e9par\u00e9e ailleurs, puis stock\u00e9e, expos\u00e9e dans la vitrine, r\u00e9chauff\u00e9e et vendue aux clients par le biais du v\u00e9hicule.<\/p>\n<p>Certains types de pizza se pr\u00eatent \u00e9galement \u00e0 ce mode de vente, comme celles vendues par les boulangeries par exemple. Dans ces cas, il serait toutefois plus correct de parler de <strong>point de vente mobile<\/strong>, puisque la pizza n\u2019est pas fabriqu\u00e9e sur place.<\/p>\n<p>En revanche, une <strong>v\u00e9ritable pizzeria mobile avec un four au feu de bois ou \u00e0 gaz<\/strong>, construite sur un food truck (ou une remorque) permet de vendre un produit frais et de qualit\u00e9, comme dans les pizzerias traditionnelles.<\/p>\n<p>Il existe plusieurs <a href=\"https:\/\/www.vsveicolispeciali.com\/fr\/4-modeles-de-pizza-trucks-pour-acquerir-de-nouveaux-clients-en-un-rien-de-temps\/\" target=\"_blank\" rel=\"noopener\">types de pizza trucks<\/a> qui peuvent remplir efficacement cette fonction, chaque mod\u00e8le ayant des caract\u00e9ristiques et des <a href=\"https:\/\/www.vsveicolispeciali.com\/fr\/les-meilleurs-camions-a-pizza-ditalie-coutent-entre-60000-et-90000-euros\/\" rel=\"noopener\" target=\"_blank\">prix diff\u00e9rents<\/a>.<\/p>\n<p><a href=\"https:\/\/www.vsveicolispeciali.com\/wp-content\/uploads\/2022\/02\/mini-pizza-truck-ape-smart-forno-gas-legna.jpg\"><img loading=\"lazy\" decoding=\"async\" class=\"alignnone size-full wp-image-15708\" src=\"https:\/\/www.vsveicolispeciali.com\/wp-content\/uploads\/2022\/02\/mini-pizza-truck-ape-smart-forno-gas-legna.jpg\" alt=\"mini pizza truck install\u00e9 sur ape smart avec four \u00e0 gaz et \u00e0 bois\" width=\"800\" height=\"610\" srcset=\"https:\/\/www.vsveicolispeciali.com\/wp-content\/uploads\/2022\/02\/mini-pizza-truck-ape-smart-forno-gas-legna.jpg 800w, https:\/\/www.vsveicolispeciali.com\/wp-content\/uploads\/2022\/02\/mini-pizza-truck-ape-smart-forno-gas-legna-300x229.jpg 300w, https:\/\/www.vsveicolispeciali.com\/wp-content\/uploads\/2022\/02\/mini-pizza-truck-ape-smart-forno-gas-legna-768x586.jpg 768w, https:\/\/www.vsveicolispeciali.com\/wp-content\/uploads\/2022\/02\/mini-pizza-truck-ape-smart-forno-gas-legna-500x380.jpg 500w, https:\/\/www.vsveicolispeciali.com\/wp-content\/uploads\/2022\/02\/mini-pizza-truck-ape-smart-forno-gas-legna-700x534.jpg 700w\" sizes=\"(max-width: 800px) 100vw, 800px\" \/><\/a><\/p>\n<p>Un mini food truck, construit sur un Ape Smart, est l\u2019une des solutions d\u00e9velopp\u00e9es par VS Veicoli Speciali pour lancer une pizzeria itin\u00e9rante parfaitement fonctionnelle, tout en gardant l\u2019investissement initial faible, et les frais d\u2019entretien ult\u00e9rieurs presque nuls.<\/p>\n<p>Afin d\u2019offrir un outil de travail professionnel, durable et performant, <strong>VS collabore avec Valoriani<\/strong>, une entreprise de Florence, \u00e0 la renomm\u00e9e internationale, sp\u00e9cialis\u00e9e dans la production de fours pour pizzerias et boulangeries.<\/p>\n<p>Un <strong>mini food truck VS \u00e9quip\u00e9 d\u2019un four Valoriani<\/strong> offre la possibilit\u00e9 de vendre des pizzas de qualit\u00e9 sup\u00e9rieure avec un v\u00e9hicule \u00e9l\u00e9gant et extr\u00eamement performant.<\/p>\n<p>La <strong>synergie entre ces deux entreprises<\/strong> aboutit \u00e0 la cr\u00e9ation d\u2019une pizzeria mobile aux qualit\u00e9s exemplaires.<\/p>\n<p>Analysons-les en d\u00e9tail.<\/p>\n<p>&nbsp;&nbsp;<\/p>\n<h2>La pizzeria mobile sur un mini food truck Ape Smart<\/h2>\n<p>Un v\u00e9hicule compact et \u00e9conomique, con\u00e7u pour le travail au sol du pizza\u00efolo qui, apr\u00e8s avoir atteint le lieu de travail et plac\u00e9 convenablement le mini truck, descend du v\u00e9hicule et <strong>le met en marche en 2 minutes<\/strong>.<\/p>\n<p><a href=\"https:\/\/www.vsveicolispeciali.com\/wp-content\/uploads\/2022\/02\/mini-food-truck-pizzeria-mobile-ape-smart.jpg\"><img loading=\"lazy\" decoding=\"async\" class=\"alignnone size-full wp-image-15695\" src=\"https:\/\/www.vsveicolispeciali.com\/wp-content\/uploads\/2022\/02\/mini-food-truck-pizzeria-mobile-ape-smart.jpg\" alt=\"mini food truck pizzeria mobile ape smart\" width=\"800\" height=\"450\" srcset=\"https:\/\/www.vsveicolispeciali.com\/wp-content\/uploads\/2022\/02\/mini-food-truck-pizzeria-mobile-ape-smart.jpg 800w, https:\/\/www.vsveicolispeciali.com\/wp-content\/uploads\/2022\/02\/mini-food-truck-pizzeria-mobile-ape-smart-300x169.jpg 300w, https:\/\/www.vsveicolispeciali.com\/wp-content\/uploads\/2022\/02\/mini-food-truck-pizzeria-mobile-ape-smart-768x432.jpg 768w, https:\/\/www.vsveicolispeciali.com\/wp-content\/uploads\/2022\/02\/mini-food-truck-pizzeria-mobile-ape-smart-700x394.jpg 700w, https:\/\/www.vsveicolispeciali.com\/wp-content\/uploads\/2022\/02\/mini-food-truck-pizzeria-mobile-ape-smart-539x303.jpg 539w\" sizes=\"(max-width: 800px) 100vw, 800px\" \/><\/a><\/p>\n<p>L\u2019<a href=\"https:\/\/www.vsveicolispeciali.com\/fr\/amenagement-vehicules-magasin-commerce-ambulant\/triporteur-ape-piaggio-food-truck-et-vespacar-a-vendre\/piaggio-smart-restauration-vente-mobile\/\" target=\"_blank\" rel=\"noopener\">Ape Smart<\/a> s\u2019ouvre sur 3 c\u00f4t\u00e9s, le plan de travail est positionn\u00e9 perpendiculairement au v\u00e9hicule et le four reste visible.<\/p>\n<p>Cela permet \u00e0 l\u2019op\u00e9rateur de travailler avec le plus grand confort, en exploitant l\u2019<strong>effet show cooking<\/strong> sur les clients, ces derniers le voient en action, lors de sa pr\u00e9paration des pizzas, pendant qu\u2019ils attendent.<\/p>\n<p>En outre, cette m\u00e9thode de travail permet un <strong>rapport beaucoup plus direct avec les clients<\/strong>, ce qui encourage la communication et la fid\u00e9lisation.<\/p>\n<p>&nbsp;<br \/>\n<a href=\"https:\/\/www.vsveicolispeciali.com\/fr\/street-food-truck\/pizzeria-ambulante-don-carlo\/\" rel=\"noopener\" target=\"_blank\">Pizzeria Ambulante Don Carlo<\/a><br \/>\n<a href=\"https:\/\/www.vsveicolispeciali.com\/wp-content\/uploads\/2024\/11\/doncarlo-mini-pizza-truck.jpg\"><img loading=\"lazy\" decoding=\"async\" src=\"https:\/\/www.vsveicolispeciali.com\/wp-content\/uploads\/2024\/11\/doncarlo-mini-pizza-truck.jpg\" alt=\"doncarlo mini pizza truck avec four \u00e0 bois et \u00e0 gaz\" width=\"810\" height=\"695\" class=\"alignleft size-full wp-image-27212\" srcset=\"https:\/\/www.vsveicolispeciali.com\/wp-content\/uploads\/2024\/11\/doncarlo-mini-pizza-truck.jpg 810w, https:\/\/www.vsveicolispeciali.com\/wp-content\/uploads\/2024\/11\/doncarlo-mini-pizza-truck-300x257.jpg 300w, https:\/\/www.vsveicolispeciali.com\/wp-content\/uploads\/2024\/11\/doncarlo-mini-pizza-truck-768x659.jpg 768w, https:\/\/www.vsveicolispeciali.com\/wp-content\/uploads\/2024\/11\/doncarlo-mini-pizza-truck-700x601.jpg 700w\" sizes=\"(max-width: 810px) 100vw, 810px\" \/><\/a><\/p>\n<p>Toutes les parties de la pizzeria mobile Ape Smart <strong>peuvent \u00eatre personnalis\u00e9es<\/strong>\u00a0: couleurs, \u00e9l\u00e9ments graphiques, mat\u00e9riaux, \u00e9clairage et accessoires.<\/p>\n<p>Il est ainsi possible <strong>d\u2019imprimer une forte identit\u00e9 de marque au v\u00e9hicule<\/strong>, en conciliant les besoins promotionnels avec l\u2019ergonomie et la fonctionnalit\u00e9.<\/p>\n<p>&nbsp;&nbsp;<\/p>\n<h2>Le mini pizza truck \u00e9quip\u00e9e avec four \u00e0 bois et \u00e0 gaz<\/h2>\n<p>Sur un mini food truck, comme l\u2019Ape Smart, il \u00e9tait n\u00e9cessaire d\u2019int\u00e9grer un <strong>mini four professionnel<\/strong> s\u2019adaptant parfaitement \u00e0 la disposition du v\u00e9hicule, et au reste de l\u2019\u00e9quipement.<\/p>\n<p>Le <strong>four Valoriani Baby 75<\/strong> poss\u00e8de les caract\u00e9ristiques id\u00e9ales pour une pizzeria mobile comme l\u2019Ape Smart.<\/p>\n<p>&nbsp;<br \/>\n<a href=\"https:\/\/www.vsveicolispeciali.com\/fr\/street-food-truck\/pizza-food-truck-piaggio-duo-di-volpi\/\" rel=\"noopener\" target=\"_blank\">Mini Pizza Truck Piaggio \u00ab\u00a0Duo di Volpi\u00a0\u00bb<\/a><br \/>\n<a href=\"https:\/\/www.vsveicolispeciali.com\/wp-content\/uploads\/2022\/02\/pizzeria-mobile-con-forno-duale-gas-legna.jpg\"><img loading=\"lazy\" decoding=\"async\" class=\"alignnone size-full wp-image-15699\" src=\"https:\/\/www.vsveicolispeciali.com\/wp-content\/uploads\/2022\/02\/pizzeria-mobile-con-forno-duale-gas-legna.jpg\" alt=\"mini pizza truck \u00e9quip\u00e9 d'un double four aliment\u00e9 au gaz et au bois\" width=\"800\" height=\"533\" srcset=\"https:\/\/www.vsveicolispeciali.com\/wp-content\/uploads\/2022\/02\/pizzeria-mobile-con-forno-duale-gas-legna.jpg 800w, https:\/\/www.vsveicolispeciali.com\/wp-content\/uploads\/2022\/02\/pizzeria-mobile-con-forno-duale-gas-legna-300x200.jpg 300w, https:\/\/www.vsveicolispeciali.com\/wp-content\/uploads\/2022\/02\/pizzeria-mobile-con-forno-duale-gas-legna-768x512.jpg 768w, https:\/\/www.vsveicolispeciali.com\/wp-content\/uploads\/2022\/02\/pizzeria-mobile-con-forno-duale-gas-legna-700x466.jpg 700w\" sizes=\"(max-width: 800px) 100vw, 800px\" \/><\/a><\/p>\n<p>Il s\u2019agit d\u2019un <strong>double four, \u00e0 gaz et au feu de bois, l\u00e9ger et nomade<\/strong>.<\/p>\n<p>Ces qualit\u00e9s s\u2019accordent \u00e0 une grande solidit\u00e9 et durabilit\u00e9, ainsi qu\u2019\u00e0 une esth\u00e9tique fine et moderne.<\/p>\n<p>La <strong>combinaison entre l\u2019Ape Smart et le double four Baby 75<\/strong> garantit une cuisson professionnelle des pizzas, et la possibilit\u00e9 de vendre dans n\u2019importe quel contexte, d\u2019une f\u00eate priv\u00e9e dans un jardin \u00e0 un grand \u00e9v\u00e9nement public.<\/p>\n<p>Une v\u00e9ritable pizzeria mobile, personnalis\u00e9e, agile et efficace, pr\u00eate \u00e0 saisir en 2 minutes toute opportunit\u00e9 commerciale, le temps de l\u2019ouvrir et de la mettre en marche.<\/p>\n<p>Le Baby 75 peut \u00e9galement \u00eatre install\u00e9 sur une <a href=\"https:\/\/www.vsveicolispeciali.com\/fr\/vs-innovation-lab\/yield-trailer-remorque-electrique-cuisine-mobile-magasin-ambulant\/\" target=\"_blank\" rel=\"noopener\">petit remorque<\/a>, avec le m\u00eame am\u00e9nagement que l\u2019Ape Smart.<\/p>\n<p>Une <strong>remorque pizzeria mobile<\/strong> a comme atout le fait de pouvoir \u00eatre tract\u00e9e par n\u2019importe quelle voiture, m\u00eame de petites dimensions, car elle a un poids maximal de 750 kg. Il suffit de disposer d\u2019un permis B.<\/p>\n<p>De plus, \u00e9tant donn\u00e9 que son <strong>ch\u00e2ssis est tr\u00e8s bas<\/strong>, la remorque peut facilement se rentrer dans une pi\u00e8ce ou un garage automobile, ce qui augmente le confort et la s\u00e9curit\u00e9.<\/p>\n<p>Aussi bien le mini food truck Ape Smart que la version Remorque peuvent tous deux \u00eatre aliment\u00e9s par des <strong>batteries au lithium<\/strong>, acqu\u00e9rant ainsi une autonomie \u00e9nerg\u00e9tique totale, et devenant des outils de travail \u00e9coresponsables.<\/p>\n<p>Gr\u00e2ce \u00e0 la synergie entre VS Veicoli Speciali et Valoriani, la <strong>cuisine de rue<\/strong> acquiert un nouveau prestige au profit du monde de la restauration.<\/p>\n<p>&nbsp;<\/p>\n\n\t\t<style type=\"text\/css\">\n\t\t\t#gallery-1 {\n\t\t\t\tmargin: auto;\n\t\t\t}\n\t\t\t#gallery-1 .gallery-item {\n\t\t\t\tfloat: left;\n\t\t\t\tmargin-top: 10px;\n\t\t\t\ttext-align: center;\n\t\t\t\twidth: 33%;\n\t\t\t}\n\t\t\t#gallery-1 img {\n\t\t\t\tborder: 2px solid #cfcfcf;\n\t\t\t}\n\t\t\t#gallery-1 .gallery-caption {\n\t\t\t\tmargin-left: 0;\n\t\t\t}\n\t\t\t\/* see gallery_shortcode() in wp-includes\/media.php *\/\n\t\t<\/style>\n\t\t<div id='gallery-1' class='gallery galleryid-15722 gallery-columns-3 gallery-size-thumbnail'><dl class='gallery-item'>\n\t\t\t<dt class='gallery-icon landscape'>\n\t\t\t\t<a href='https:\/\/www.vsveicolispeciali.com\/fr\/pizzeria-mobile-mini-food-truck-con-forno-valoriani-2\/'><img loading=\"lazy\" decoding=\"async\" width=\"150\" height=\"150\" src=\"https:\/\/www.vsveicolispeciali.com\/wp-content\/uploads\/2022\/02\/pizzeria-mobile-mini-food-truck-con-forno-valoriani-150x150.jpg\" class=\"attachment-thumbnail size-thumbnail\" alt=\"pizzeria mobile mini food truck avec four valoriani baby 75\" srcset=\"https:\/\/www.vsveicolispeciali.com\/wp-content\/uploads\/2022\/02\/pizzeria-mobile-mini-food-truck-con-forno-valoriani-150x150.jpg 150w, https:\/\/www.vsveicolispeciali.com\/wp-content\/uploads\/2022\/02\/pizzeria-mobile-mini-food-truck-con-forno-valoriani-570x570.jpg 570w, https:\/\/www.vsveicolispeciali.com\/wp-content\/uploads\/2022\/02\/pizzeria-mobile-mini-food-truck-con-forno-valoriani-500x500.jpg 500w\" sizes=\"(max-width: 150px) 100vw, 150px\" \/><\/a>\n\t\t\t<\/dt><\/dl>\n\t\t\t<br style='clear: both' \/>\n\t\t<\/div>\n\n","protected":false},"excerpt":{"rendered":"<p>La pizza est une telle r\u00e9ussite dans le monde entier qu\u2019elle est connue et appr\u00e9ci\u00e9e pratiquement partout. Le potentiel de vente de ce produit alimentaire est presque infini, car elle est consomm\u00e9e par tout le monde, \u00e0 tout moment de la journ\u00e9e. Ce n\u2019est pas&#8230;<\/p>\n","protected":false},"author":1001012,"featured_media":15705,"comment_status":"closed","ping_status":"open","sticky":false,"template":"","format":"gallery","meta":{"footnotes":""},"categories":[27],"tags":[189,510],"class_list":["post-15722","post","type-post","status-publish","format-gallery","has-post-thumbnail","hentry","category-news-fr","tag-camion-pizza","tag-four-a-pizza","post_format-post-format-gallery"],"yoast_head":"<!-- This site is optimized with the Yoast SEO plugin v25.4 - https:\/\/yoast.com\/wordpress\/plugins\/seo\/ -->\n<title>Le Mini Food Truck avec Double Four Valoriani : la Pizza est Servie<\/title>\n<meta name=\"description\" content=\"Mini pizza truck \u00e9quip\u00e9e d&#039;un four \u00e0 bois et \u00e0 gaz. Une pizzeria mobile et compacte pour travailler dans la street food \u00e0 un prix abordable &gt;\" \/>\n<meta name=\"robots\" content=\"index, follow, max-snippet:-1, max-image-preview:large, max-video-preview:-1\" \/>\n<link rel=\"canonical\" href=\"https:\/\/www.vsveicolispeciali.com\/fr\/mini-food-truck-vs-avec-double-four-valoriani-la-pizza-est-servie\/\" \/>\n<meta property=\"og:locale\" content=\"fr_FR\" \/>\n<meta property=\"og:type\" content=\"article\" \/>\n<meta property=\"og:title\" content=\"Le Mini Food Truck avec Double Four Valoriani : la Pizza est Servie\" \/>\n<meta property=\"og:description\" content=\"Mini pizza truck \u00e9quip\u00e9e d&#039;un four \u00e0 bois et \u00e0 gaz. Une pizzeria mobile et compacte pour travailler dans la street food \u00e0 un prix abordable &gt;\" \/>\n<meta property=\"og:url\" content=\"https:\/\/www.vsveicolispeciali.com\/fr\/mini-food-truck-vs-avec-double-four-valoriani-la-pizza-est-servie\/\" \/>\n<meta property=\"og:site_name\" content=\"VS Veicoli Speciali\" \/>\n<meta property=\"article:publisher\" content=\"https:\/\/www.facebook.com\/VSVeicoliSpeciali.Food.Trucks\/\" \/>\n<meta property=\"article:published_time\" content=\"2022-02-14T21:17:14+00:00\" \/>\n<meta property=\"article:modified_time\" content=\"2024-11-29T12:53:19+00:00\" \/>\n<meta property=\"og:image\" content=\"https:\/\/www.vsveicolispeciali.com\/wp-content\/uploads\/2022\/02\/pizzeria-mobile-mini-food-truck-con-forno-valoriani.jpg\" \/>\n\t<meta property=\"og:image:width\" content=\"895\" \/>\n\t<meta property=\"og:image:height\" content=\"731\" \/>\n\t<meta property=\"og:image:type\" content=\"image\/jpeg\" \/>\n<meta name=\"author\" content=\"VS Veicoli Speciali\" \/>\n<meta name=\"twitter:card\" content=\"summary_large_image\" \/>\n<meta name=\"twitter:creator\" content=\"@veicolispeciali\" \/>\n<meta name=\"twitter:site\" content=\"@veicolispeciali\" \/>\n<meta name=\"twitter:label1\" content=\"\u00c9crit par\" \/>\n\t<meta name=\"twitter:data1\" content=\"VS Veicoli Speciali\" \/>\n\t<meta name=\"twitter:label2\" content=\"Dur\u00e9e de lecture estim\u00e9e\" \/>\n\t<meta name=\"twitter:data2\" content=\"6 minutes\" \/>\n<script type=\"application\/ld+json\" class=\"yoast-schema-graph\">{\"@context\":\"https:\/\/schema.org\",\"@graph\":[{\"@type\":\"Article\",\"@id\":\"https:\/\/www.vsveicolispeciali.com\/fr\/mini-food-truck-vs-avec-double-four-valoriani-la-pizza-est-servie\/#article\",\"isPartOf\":{\"@id\":\"https:\/\/www.vsveicolispeciali.com\/fr\/mini-food-truck-vs-avec-double-four-valoriani-la-pizza-est-servie\/\"},\"author\":{\"name\":\"VS Veicoli Speciali\",\"@id\":\"https:\/\/www.vsveicolispeciali.com\/fr\/#\/schema\/person\/1241826d792bde4333b3db1395b12be9\"},\"headline\":\"Le mini food truck avec double four Valoriani\u00a0: la pizza est servie\",\"datePublished\":\"2022-02-14T21:17:14+00:00\",\"dateModified\":\"2024-11-29T12:53:19+00:00\",\"mainEntityOfPage\":{\"@id\":\"https:\/\/www.vsveicolispeciali.com\/fr\/mini-food-truck-vs-avec-double-four-valoriani-la-pizza-est-servie\/\"},\"wordCount\":1035,\"publisher\":{\"@id\":\"https:\/\/www.vsveicolispeciali.com\/fr\/#organization\"},\"image\":{\"@id\":\"https:\/\/www.vsveicolispeciali.com\/fr\/mini-food-truck-vs-avec-double-four-valoriani-la-pizza-est-servie\/#primaryimage\"},\"thumbnailUrl\":\"https:\/\/www.vsveicolispeciali.com\/wp-content\/uploads\/2022\/02\/pizzeria-mobile-mini-food-truck-con-forno-valoriani.jpg\",\"keywords\":[\"camion pizza\",\"four a pizza\"],\"articleSection\":[\"News\"],\"inLanguage\":\"fr-FR\"},{\"@type\":\"WebPage\",\"@id\":\"https:\/\/www.vsveicolispeciali.com\/fr\/mini-food-truck-vs-avec-double-four-valoriani-la-pizza-est-servie\/\",\"url\":\"https:\/\/www.vsveicolispeciali.com\/fr\/mini-food-truck-vs-avec-double-four-valoriani-la-pizza-est-servie\/\",\"name\":\"Le Mini Food Truck avec Double Four Valoriani : la Pizza est Servie\",\"isPartOf\":{\"@id\":\"https:\/\/www.vsveicolispeciali.com\/fr\/#website\"},\"primaryImageOfPage\":{\"@id\":\"https:\/\/www.vsveicolispeciali.com\/fr\/mini-food-truck-vs-avec-double-four-valoriani-la-pizza-est-servie\/#primaryimage\"},\"image\":{\"@id\":\"https:\/\/www.vsveicolispeciali.com\/fr\/mini-food-truck-vs-avec-double-four-valoriani-la-pizza-est-servie\/#primaryimage\"},\"thumbnailUrl\":\"https:\/\/www.vsveicolispeciali.com\/wp-content\/uploads\/2022\/02\/pizzeria-mobile-mini-food-truck-con-forno-valoriani.jpg\",\"datePublished\":\"2022-02-14T21:17:14+00:00\",\"dateModified\":\"2024-11-29T12:53:19+00:00\",\"description\":\"Mini pizza truck \u00e9quip\u00e9e d'un four \u00e0 bois et \u00e0 gaz. Une pizzeria mobile et compacte pour travailler dans la street food \u00e0 un prix abordable >\",\"breadcrumb\":{\"@id\":\"https:\/\/www.vsveicolispeciali.com\/fr\/mini-food-truck-vs-avec-double-four-valoriani-la-pizza-est-servie\/#breadcrumb\"},\"inLanguage\":\"fr-FR\",\"potentialAction\":[{\"@type\":\"ReadAction\",\"target\":[\"https:\/\/www.vsveicolispeciali.com\/fr\/mini-food-truck-vs-avec-double-four-valoriani-la-pizza-est-servie\/\"]}]},{\"@type\":\"ImageObject\",\"inLanguage\":\"fr-FR\",\"@id\":\"https:\/\/www.vsveicolispeciali.com\/fr\/mini-food-truck-vs-avec-double-four-valoriani-la-pizza-est-servie\/#primaryimage\",\"url\":\"https:\/\/www.vsveicolispeciali.com\/wp-content\/uploads\/2022\/02\/pizzeria-mobile-mini-food-truck-con-forno-valoriani.jpg\",\"contentUrl\":\"https:\/\/www.vsveicolispeciali.com\/wp-content\/uploads\/2022\/02\/pizzeria-mobile-mini-food-truck-con-forno-valoriani.jpg\",\"width\":895,\"height\":731,\"caption\":\"pizzeria mobile mini food truck avec four valoriani baby 75\"},{\"@type\":\"BreadcrumbList\",\"@id\":\"https:\/\/www.vsveicolispeciali.com\/fr\/mini-food-truck-vs-avec-double-four-valoriani-la-pizza-est-servie\/#breadcrumb\",\"itemListElement\":[{\"@type\":\"ListItem\",\"position\":1,\"name\":\"Home\",\"item\":\"https:\/\/www.vsveicolispeciali.com\/fr\/\"},{\"@type\":\"ListItem\",\"position\":2,\"name\":\"Le mini food truck avec double four Valoriani\u00a0: la pizza est servie\"}]},{\"@type\":\"WebSite\",\"@id\":\"https:\/\/www.vsveicolispeciali.com\/fr\/#website\",\"url\":\"https:\/\/www.vsveicolispeciali.com\/fr\/\",\"name\":\"VS Veicoli Speciali\",\"description\":\"\",\"publisher\":{\"@id\":\"https:\/\/www.vsveicolispeciali.com\/fr\/#organization\"},\"potentialAction\":[{\"@type\":\"SearchAction\",\"target\":{\"@type\":\"EntryPoint\",\"urlTemplate\":\"https:\/\/www.vsveicolispeciali.com\/fr\/?s={search_term_string}\"},\"query-input\":{\"@type\":\"PropertyValueSpecification\",\"valueRequired\":true,\"valueName\":\"search_term_string\"}}],\"inLanguage\":\"fr-FR\"},{\"@type\":\"Organization\",\"@id\":\"https:\/\/www.vsveicolispeciali.com\/fr\/#organization\",\"name\":\"VS Veicoli Speciali\",\"url\":\"https:\/\/www.vsveicolispeciali.com\/fr\/\",\"logo\":{\"@type\":\"ImageObject\",\"inLanguage\":\"fr-FR\",\"@id\":\"https:\/\/www.vsveicolispeciali.com\/fr\/#\/schema\/logo\/image\/\",\"url\":\"http:\/\/www.vsveicolispeciali.com\/wp-content\/uploads\/2015\/05\/vs_veicoli_speciali-logo.png\",\"contentUrl\":\"http:\/\/www.vsveicolispeciali.com\/wp-content\/uploads\/2015\/05\/vs_veicoli_speciali-logo.png\",\"width\":252,\"height\":134,\"caption\":\"VS Veicoli Speciali\"},\"image\":{\"@id\":\"https:\/\/www.vsveicolispeciali.com\/fr\/#\/schema\/logo\/image\/\"},\"sameAs\":[\"https:\/\/www.facebook.com\/VSVeicoliSpeciali.Food.Trucks\/\",\"https:\/\/x.com\/veicolispeciali\",\"https:\/\/www.instagram.com\/vs_veicolispeciali\/\",\"https:\/\/www.linkedin.com\/company\/2811960\/\",\"https:\/\/www.pinterest.com\/streetfoodtruck\/\",\"https:\/\/www.youtube.com\/user\/veicolispeciali\"]},{\"@type\":\"Person\",\"@id\":\"https:\/\/www.vsveicolispeciali.com\/fr\/#\/schema\/person\/1241826d792bde4333b3db1395b12be9\",\"name\":\"VS Veicoli Speciali\",\"image\":{\"@type\":\"ImageObject\",\"inLanguage\":\"fr-FR\",\"@id\":\"https:\/\/www.vsveicolispeciali.com\/fr\/#\/schema\/person\/image\/\",\"url\":\"https:\/\/secure.gravatar.com\/avatar\/4ea93278e71ba140dbbbfb5d34409507?s=96&d=mm&r=g\",\"contentUrl\":\"https:\/\/secure.gravatar.com\/avatar\/4ea93278e71ba140dbbbfb5d34409507?s=96&d=mm&r=g\",\"caption\":\"VS Veicoli Speciali\"}}]}<\/script>\n<!-- \/ Yoast SEO plugin. -->","yoast_head_json":{"title":"Le Mini Food Truck avec Double Four Valoriani : la Pizza est Servie","description":"Mini pizza truck \u00e9quip\u00e9e d'un four \u00e0 bois et \u00e0 gaz. Une pizzeria mobile et compacte pour travailler dans la street food \u00e0 un prix abordable >","robots":{"index":"index","follow":"follow","max-snippet":"max-snippet:-1","max-image-preview":"max-image-preview:large","max-video-preview":"max-video-preview:-1"},"canonical":"https:\/\/www.vsveicolispeciali.com\/fr\/mini-food-truck-vs-avec-double-four-valoriani-la-pizza-est-servie\/","og_locale":"fr_FR","og_type":"article","og_title":"Le Mini Food Truck avec Double Four Valoriani : la Pizza est Servie","og_description":"Mini pizza truck \u00e9quip\u00e9e d'un four \u00e0 bois et \u00e0 gaz. Une pizzeria mobile et compacte pour travailler dans la street food \u00e0 un prix abordable >","og_url":"https:\/\/www.vsveicolispeciali.com\/fr\/mini-food-truck-vs-avec-double-four-valoriani-la-pizza-est-servie\/","og_site_name":"VS Veicoli Speciali","article_publisher":"https:\/\/www.facebook.com\/VSVeicoliSpeciali.Food.Trucks\/","article_published_time":"2022-02-14T21:17:14+00:00","article_modified_time":"2024-11-29T12:53:19+00:00","og_image":[{"width":895,"height":731,"url":"https:\/\/www.vsveicolispeciali.com\/wp-content\/uploads\/2022\/02\/pizzeria-mobile-mini-food-truck-con-forno-valoriani.jpg","type":"image\/jpeg"}],"author":"VS Veicoli Speciali","twitter_card":"summary_large_image","twitter_creator":"@veicolispeciali","twitter_site":"@veicolispeciali","twitter_misc":{"\u00c9crit par":"VS Veicoli Speciali","Dur\u00e9e de lecture estim\u00e9e":"6 minutes"},"schema":{"@context":"https:\/\/schema.org","@graph":[{"@type":"Article","@id":"https:\/\/www.vsveicolispeciali.com\/fr\/mini-food-truck-vs-avec-double-four-valoriani-la-pizza-est-servie\/#article","isPartOf":{"@id":"https:\/\/www.vsveicolispeciali.com\/fr\/mini-food-truck-vs-avec-double-four-valoriani-la-pizza-est-servie\/"},"author":{"name":"VS Veicoli Speciali","@id":"https:\/\/www.vsveicolispeciali.com\/fr\/#\/schema\/person\/1241826d792bde4333b3db1395b12be9"},"headline":"Le mini food truck avec double four Valoriani\u00a0: la pizza est servie","datePublished":"2022-02-14T21:17:14+00:00","dateModified":"2024-11-29T12:53:19+00:00","mainEntityOfPage":{"@id":"https:\/\/www.vsveicolispeciali.com\/fr\/mini-food-truck-vs-avec-double-four-valoriani-la-pizza-est-servie\/"},"wordCount":1035,"publisher":{"@id":"https:\/\/www.vsveicolispeciali.com\/fr\/#organization"},"image":{"@id":"https:\/\/www.vsveicolispeciali.com\/fr\/mini-food-truck-vs-avec-double-four-valoriani-la-pizza-est-servie\/#primaryimage"},"thumbnailUrl":"https:\/\/www.vsveicolispeciali.com\/wp-content\/uploads\/2022\/02\/pizzeria-mobile-mini-food-truck-con-forno-valoriani.jpg","keywords":["camion pizza","four a pizza"],"articleSection":["News"],"inLanguage":"fr-FR"},{"@type":"WebPage","@id":"https:\/\/www.vsveicolispeciali.com\/fr\/mini-food-truck-vs-avec-double-four-valoriani-la-pizza-est-servie\/","url":"https:\/\/www.vsveicolispeciali.com\/fr\/mini-food-truck-vs-avec-double-four-valoriani-la-pizza-est-servie\/","name":"Le Mini Food Truck avec Double Four Valoriani : la Pizza est Servie","isPartOf":{"@id":"https:\/\/www.vsveicolispeciali.com\/fr\/#website"},"primaryImageOfPage":{"@id":"https:\/\/www.vsveicolispeciali.com\/fr\/mini-food-truck-vs-avec-double-four-valoriani-la-pizza-est-servie\/#primaryimage"},"image":{"@id":"https:\/\/www.vsveicolispeciali.com\/fr\/mini-food-truck-vs-avec-double-four-valoriani-la-pizza-est-servie\/#primaryimage"},"thumbnailUrl":"https:\/\/www.vsveicolispeciali.com\/wp-content\/uploads\/2022\/02\/pizzeria-mobile-mini-food-truck-con-forno-valoriani.jpg","datePublished":"2022-02-14T21:17:14+00:00","dateModified":"2024-11-29T12:53:19+00:00","description":"Mini pizza truck \u00e9quip\u00e9e d'un four \u00e0 bois et \u00e0 gaz. Une pizzeria mobile et compacte pour travailler dans la street food \u00e0 un prix abordable >","breadcrumb":{"@id":"https:\/\/www.vsveicolispeciali.com\/fr\/mini-food-truck-vs-avec-double-four-valoriani-la-pizza-est-servie\/#breadcrumb"},"inLanguage":"fr-FR","potentialAction":[{"@type":"ReadAction","target":["https:\/\/www.vsveicolispeciali.com\/fr\/mini-food-truck-vs-avec-double-four-valoriani-la-pizza-est-servie\/"]}]},{"@type":"ImageObject","inLanguage":"fr-FR","@id":"https:\/\/www.vsveicolispeciali.com\/fr\/mini-food-truck-vs-avec-double-four-valoriani-la-pizza-est-servie\/#primaryimage","url":"https:\/\/www.vsveicolispeciali.com\/wp-content\/uploads\/2022\/02\/pizzeria-mobile-mini-food-truck-con-forno-valoriani.jpg","contentUrl":"https:\/\/www.vsveicolispeciali.com\/wp-content\/uploads\/2022\/02\/pizzeria-mobile-mini-food-truck-con-forno-valoriani.jpg","width":895,"height":731,"caption":"pizzeria mobile mini food truck avec four valoriani baby 75"},{"@type":"BreadcrumbList","@id":"https:\/\/www.vsveicolispeciali.com\/fr\/mini-food-truck-vs-avec-double-four-valoriani-la-pizza-est-servie\/#breadcrumb","itemListElement":[{"@type":"ListItem","position":1,"name":"Home","item":"https:\/\/www.vsveicolispeciali.com\/fr\/"},{"@type":"ListItem","position":2,"name":"Le mini food truck avec double four Valoriani\u00a0: la pizza est servie"}]},{"@type":"WebSite","@id":"https:\/\/www.vsveicolispeciali.com\/fr\/#website","url":"https:\/\/www.vsveicolispeciali.com\/fr\/","name":"VS Veicoli Speciali","description":"","publisher":{"@id":"https:\/\/www.vsveicolispeciali.com\/fr\/#organization"},"potentialAction":[{"@type":"SearchAction","target":{"@type":"EntryPoint","urlTemplate":"https:\/\/www.vsveicolispeciali.com\/fr\/?s={search_term_string}"},"query-input":{"@type":"PropertyValueSpecification","valueRequired":true,"valueName":"search_term_string"}}],"inLanguage":"fr-FR"},{"@type":"Organization","@id":"https:\/\/www.vsveicolispeciali.com\/fr\/#organization","name":"VS Veicoli Speciali","url":"https:\/\/www.vsveicolispeciali.com\/fr\/","logo":{"@type":"ImageObject","inLanguage":"fr-FR","@id":"https:\/\/www.vsveicolispeciali.com\/fr\/#\/schema\/logo\/image\/","url":"http:\/\/www.vsveicolispeciali.com\/wp-content\/uploads\/2015\/05\/vs_veicoli_speciali-logo.png","contentUrl":"http:\/\/www.vsveicolispeciali.com\/wp-content\/uploads\/2015\/05\/vs_veicoli_speciali-logo.png","width":252,"height":134,"caption":"VS Veicoli Speciali"},"image":{"@id":"https:\/\/www.vsveicolispeciali.com\/fr\/#\/schema\/logo\/image\/"},"sameAs":["https:\/\/www.facebook.com\/VSVeicoliSpeciali.Food.Trucks\/","https:\/\/x.com\/veicolispeciali","https:\/\/www.instagram.com\/vs_veicolispeciali\/","https:\/\/www.linkedin.com\/company\/2811960\/","https:\/\/www.pinterest.com\/streetfoodtruck\/","https:\/\/www.youtube.com\/user\/veicolispeciali"]},{"@type":"Person","@id":"https:\/\/www.vsveicolispeciali.com\/fr\/#\/schema\/person\/1241826d792bde4333b3db1395b12be9","name":"VS Veicoli Speciali","image":{"@type":"ImageObject","inLanguage":"fr-FR","@id":"https:\/\/www.vsveicolispeciali.com\/fr\/#\/schema\/person\/image\/","url":"https:\/\/secure.gravatar.com\/avatar\/4ea93278e71ba140dbbbfb5d34409507?s=96&d=mm&r=g","contentUrl":"https:\/\/secure.gravatar.com\/avatar\/4ea93278e71ba140dbbbfb5d34409507?s=96&d=mm&r=g","caption":"VS Veicoli Speciali"}}]}},"_links":{"self":[{"href":"https:\/\/www.vsveicolispeciali.com\/fr\/wp-json\/wp\/v2\/posts\/15722"}],"collection":[{"href":"https:\/\/www.vsveicolispeciali.com\/fr\/wp-json\/wp\/v2\/posts"}],"about":[{"href":"https:\/\/www.vsveicolispeciali.com\/fr\/wp-json\/wp\/v2\/types\/post"}],"author":[{"embeddable":true,"href":"https:\/\/www.vsveicolispeciali.com\/fr\/wp-json\/wp\/v2\/users\/1001012"}],"replies":[{"embeddable":true,"href":"https:\/\/www.vsveicolispeciali.com\/fr\/wp-json\/wp\/v2\/comments?post=15722"}],"version-history":[{"count":10,"href":"https:\/\/www.vsveicolispeciali.com\/fr\/wp-json\/wp\/v2\/posts\/15722\/revisions"}],"predecessor-version":[{"id":15723,"href":"https:\/\/www.vsveicolispeciali.com\/fr\/wp-json\/wp\/v2\/posts\/15722\/revisions\/15723"}],"wp:featuredmedia":[{"embeddable":true,"href":"https:\/\/www.vsveicolispeciali.com\/fr\/wp-json\/wp\/v2\/media\/15705"}],"wp:attachment":[{"href":"https:\/\/www.vsveicolispeciali.com\/fr\/wp-json\/wp\/v2\/media?parent=15722"}],"wp:term":[{"taxonomy":"category","embeddable":true,"href":"https:\/\/www.vsveicolispeciali.com\/fr\/wp-json\/wp\/v2\/categories?post=15722"},{"taxonomy":"post_tag","embeddable":true,"href":"https:\/\/www.vsveicolispeciali.com\/fr\/wp-json\/wp\/v2\/tags?post=15722"}],"curies":[{"name":"wp","href":"https:\/\/api.w.org\/{rel}","templated":true}]}}