{"id":15259,"date":"2021-11-05T16:21:55","date_gmt":"2021-11-05T15:21:55","guid":{"rendered":"http:\/\/vsveicolispeciali.com\/yield-trailer-eco-technological-trailer-challenging-food-trucks\/"},"modified":"2024-12-01T15:44:22","modified_gmt":"2024-12-01T14:44:22","slug":"yield-trailer-remorque-ecotechnologique-qui-defie-les-food-trucks-et-les-boutiques-nomades","status":"publish","type":"post","link":"https:\/\/www.vsveicolispeciali.com\/fr\/yield-trailer-remorque-ecotechnologique-qui-defie-les-food-trucks-et-les-boutiques-nomades\/","title":{"rendered":"Le petite remorque qui d\u00e9fie les food trucks et les boutiques nomades"},"content":{"rendered":"<p><strong>Les remorques am\u00e9nag\u00e9es en cuisines mobiles ou en magasins ambulants<\/strong> ont toujours \u00e9t\u00e9 un choix int\u00e9ressant pour les entreprises qui souhaitent offrir un service dynamique et flexible, capable de saisir des opportunit\u00e9s de vente dans des contextes autrement difficiles \u00e0 conqu\u00e9rir.<\/p>\n<p>L\u2019avantage de pouvoir <strong>tracter un point de vente<\/strong> et de le placer dans des espaces inhabituels ou recul\u00e9s incite les restaurants, les bars, les cha\u00eenes de restaurants, les entreprises alimentaires et les soci\u00e9t\u00e9s appartenant \u00e0 d\u2019autres secteurs \u00e0 s\u2019\u00e9quiper d\u2019une remorque modifi\u00e9e pour mener \u00e0 bien leur activit\u00e9.<\/p>\n<p>De plus, la <strong>personnalisation des \u00e9l\u00e9ments graphiques<\/strong> du v\u00e9hicule vous permet de communiquer l\u2019identit\u00e9 de votre entreprise et de faire conna\u00eetre votre marque lors des d\u00e9placements du v\u00e9hicule, avant m\u00eame d\u2019entrer en contact avec vos clients.<\/p>\n<p>Tous ces avantages sont appr\u00e9ciables, mais ils sont contrebalanc\u00e9s par un certain nombre de <strong>limitations importantes<\/strong>, tels que leur taille excessive, leur besoin d\u2019un raccordement \u00e9lectrique pour l\u2019alimentation en \u00e9nergie et leurs co\u00fbts de fabrication plut\u00f4t \u00e9lev\u00e9s.<\/p>\n<p>En observant ces aspects, qui limitent la facilit\u00e9 d\u2019utilisation du v\u00e9hicule, VS Veicoli Speciali a con\u00e7u une remorque de nouvelle g\u00e9n\u00e9ration, avec le potentiel pour <strong>r\u00e9volutionner le march\u00e9 de la restauration mobile et des magasins sur roues<\/strong>.<\/p>\n<p>La derni\u00e8re cr\u00e9ation de VS ne se contente pas de surmonter les limites des remorques traditionnelles, mais va beaucoup plus loin en int\u00e9grant la <strong>technologie IOT (Internet Of Things)<\/strong>, avec une augmentation consid\u00e9rable du niveau d\u2019efficacit\u00e9 dans la gestion des ressources, et misant de mani\u00e8re d\u00e9cisive sur un mod\u00e8le de travail durable et \u00e9cologique, qui minimise l\u2019impact qu\u2019il a sur l\u2019environnement.<\/p>\n<p>Mais proc\u00e9dons \u00e9tape par \u00e9tape.<\/p>\n<p>&nbsp;&nbsp;<\/p>\n<h2>Le food truck remorque solaire pr\u00e9curseur du Yield Trailer<\/h2>\n<p>&nbsp;<\/p>\n<p>L\u2019opportunit\u00e9 d\u2019apporter une v\u00e9ritable innovation dans le domaine des <a href=\"https:\/\/www.vsveicolispeciali.com\/fr\/2-remorques-amenagees-pour-ouvrir-un-restaurant-de-plage-temporaire\/\" rel=\"noopener\" target=\"_blank\">remorques am\u00e9nag\u00e9es en cuisines mobiles<\/a> s\u2019est pr\u00e9sent\u00e9e en 2018, lorsque la multinationale TESLA a d\u00e9cid\u00e9 de confier \u00e0 <em>VS Veicoli Speciali<\/em> la conception d\u2019une remorque aliment\u00e9e par des cellules photovolta\u00efques et des batteries, en accord avec les principes de reconversion \u00e9cologique du groupe fond\u00e9 par Elon Musk.<\/p>\n<p>La solution aux demandes de Tesla prend la forme d\u2019un <strong>cube photovolta\u00efque<\/strong> capable d\u2019alimenter les batteries contr\u00f4lables \u00e0 distance de la Future Trailer, de sorte qu\u2019elle est autonome et elle n\u2019a pas besoin d\u2019\u00eatre raccord\u00e9e au secteur.<\/p>\n<p>&nbsp;<\/p>\n<p><a href=\"https:\/\/www.vsveicolispeciali.com\/wp-content\/uploads\/2018\/01\/rimorchio-street-food-carrello-f-trailer.jpg\"><img loading=\"lazy\" decoding=\"async\" class=\"alignright size-full wp-image-6165\" src=\"https:\/\/www.vsveicolispeciali.com\/wp-content\/uploads\/2018\/01\/rimorchio-street-food-carrello-f-trailer.jpg\" alt=\"f-trailer est une petite remorque alimentaire con\u00e7ue par VS Veicoli Speciali enti\u00e8rement autonome avec des panneaux photovolta\u00efques\" width=\"1200\" height=\"799\" srcset=\"https:\/\/www.vsveicolispeciali.com\/wp-content\/uploads\/2018\/01\/rimorchio-street-food-carrello-f-trailer.jpg 1200w, https:\/\/www.vsveicolispeciali.com\/wp-content\/uploads\/2018\/01\/rimorchio-street-food-carrello-f-trailer-300x200.jpg 300w, https:\/\/www.vsveicolispeciali.com\/wp-content\/uploads\/2018\/01\/rimorchio-street-food-carrello-f-trailer-768x511.jpg 768w, https:\/\/www.vsveicolispeciali.com\/wp-content\/uploads\/2018\/01\/rimorchio-street-food-carrello-f-trailer-1024x682.jpg 1024w, https:\/\/www.vsveicolispeciali.com\/wp-content\/uploads\/2018\/01\/rimorchio-street-food-carrello-f-trailer-700x466.jpg 700w\" sizes=\"(max-width: 1200px) 100vw, 1200px\" \/><\/a><\/p>\n<p>&nbsp;<\/p>\n<p>La Future Trailer, tract\u00e9e par une Tesla Model X, est ensuite utilis\u00e9e pour une <strong>tourn\u00e9e de promotion \u00e0 travers l\u2019Italie<\/strong>, afin de promouvoir la mobilit\u00e9 durable bas\u00e9e sur les voitures \u00e9lectriques et les stations de recharge qui sillonnent tout le territoire.<\/p>\n<p>Gr\u00e2ce \u00e0 l\u2019utilisation de cette <a href=\"https:\/\/www.vsveicolispeciali.com\/fr\/remorque-food-truck-a-energie-solaire\/\" rel=\"noopener\" target=\"_blank\">food truck remorque solaire<\/a>, \u00e9quip\u00e9e d\u2019une cuisine professionnelle \u00e0 l\u2019usage de chefs renomm\u00e9s, la tourn\u00e9e fait \u00e9tape dans de nombreuses villes italiennes o\u00f9 elle produit des spectacles et des <strong>repr\u00e9sentations de haute cuisine<\/strong>.<\/p>\n<p>Apr\u00e8s cette exp\u00e9rience, la <a href=\"https:\/\/www.vsveicolispeciali.com\/fr\/street-food-truck\/remorque-cuisine-pour-tournee-promotionnelle-ftrailer-prototype-tesla\/\" target=\"_blank\" rel=\"noopener\">petite remorque de Tesla<\/a> est revenue sur le devant de la sc\u00e8ne gr\u00e2ce \u00e0 la Fondation eV-Now (qui avait \u00e9galement soign\u00e9 la tourn\u00e9e Tesla) pour un nouveau projet de communication itin\u00e9rant financ\u00e9 par la Communaut\u00e9 europ\u00e9enne, et visant \u00e0 <strong>promouvoir la mobilit\u00e9 \u00e9lectrique<\/strong>.<\/p>\n<p>Toujours en cours, le projet d\u00e9nomm\u00e9 EViaggioItaliano utilise la <strong>cuisine de la remorque photovolta\u00efque<\/strong> afin de renforcer un message simple : la conversion \u00e9cologique bas\u00e9e sur l\u2019utilisation d\u2019\u00e9nergies vertes est une urgence.<\/p>\n<p>Dans le cadre de cette tendance \u00e0 une plus grande durabilit\u00e9 des activit\u00e9s humaines, nous avons utilis\u00e9 toutes les recherches et les exp\u00e9riences qui nous ont permis de fabriquer la Future Trailer pour cr\u00e9er la toute <strong>nouvelle Yield Trailer<\/strong>.<\/p>\n<p>&nbsp;&nbsp;<\/p>\n<h2>Yield Trailer est une petite remorque \u00e9co responsable adapt\u00e9e \u00e0 la restauration mobile et a la vente ambulante<\/h2>\n<p>&nbsp;<\/p>\n<p>Le travail que nous avons r\u00e9alis\u00e9 au cours des derni\u00e8res ann\u00e9es pour cr\u00e9er la remorque du futur a abouti \u00e0 une innovation d\u00e9nomm\u00e9e Yield Trailer, une <strong>remorque efficace et \u00e9co-responsable au service des entreprises<\/strong>.<\/p>\n<p>&nbsp;<\/p>\n<div class=\"video-youtube\"><iframe title=\"YouTube video player\" src=\"https:\/\/www.youtube.com\/embed\/BixK0ScoYz4?rel=0\" frameborder=\"0\" allowfullscreen=\"allowfullscreen\"><\/iframe><\/div>\n<p>&nbsp;<\/p>\n<p><strong>La Yield Trailer peut \u00eatre transform\u00e9e en cuisine mobile ou en boutique nomade<\/strong> ; dans les deux cas, elle s\u2019int\u00e8gre parfaitement aux technologies qui permettent une gestion beaucoup plus rapide, efficace et s\u00e9curis\u00e9e de la remorque et des ressources utilis\u00e9es.<\/p>\n<p>Les batteries au lithium et les panneaux photovolta\u00efques situ\u00e9s sur le toit relevable garantissent une <strong>autonomie \u00e9nerg\u00e9tique compl\u00e8te<\/strong> de la remorque avec un rendement optimal.<\/p>\n<p><a href=\"https:\/\/www.vsveicolispeciali.com\/fr\/vs-innovation-lab\/extra-pour-votre-food-truck\/\" rel=\"noopener\" target=\"_blank\">EXTRA, le Syst\u00e8me IOT int\u00e9gr\u00e9<\/a> exploite l\u2019intelligence artificielle afin de :<\/p>\n<ul class=\"lista\">\n<li>Permettre de contr\u00f4ler \u00e0 distance toutes les fonctions de la remorque\u00a0;<\/li>\n<li>Simplifier l\u2019utilisation du v\u00e9hicule ;<\/li>\n<li>Accro\u00eetre la s\u00e9curit\u00e9 ;<\/li>\n<li>Suivre et optimiser les consommations ;<\/li>\n<li>Am\u00e9liorer la qualit\u00e9 de l\u2019environnement de travail.<\/li>\n<\/ul>\n<p>&nbsp;<\/p>\n<p>Gr\u00e2ce au suivi pr\u00e9cis, m\u00eame \u00e0 distance, de tous les appareils et des \u00e9quipements install\u00e9s sur la remorque, Yield Trailer permet d\u2019optimiser l\u2019utilisation des ressources et de <strong>r\u00e9duire la consommation d\u2019\u00e9nergie<\/strong>, avec des avantages consid\u00e9rables pour l\u2019environnement.<\/p>\n<p>Une <strong>petit remorque \u00e9cologique<\/strong> qui combine les avantages mentionn\u00e9s avec d\u2019autres atouts tr\u00e8s int\u00e9ressants pour les entreprises.<\/p>\n<p><strong>Ferm\u00e9e<\/strong>, elle est compacte et extr\u00eamement facile \u00e0 transporter ; <strong>ouverte<\/strong>, elle devient spacieuse et elle permet \u00e0 un ou deux op\u00e9rateurs de servir les clients de mani\u00e8re tr\u00e8s pratique.<\/p>\n<p>Non seulement elle est <strong>l\u00e9g\u00e8re<\/strong> et n\u2019importe quelle voiture \u00e9quip\u00e9e d\u2019un attelage peut la <strong>tracter facilement<\/strong>, la Yield Trailer est aussi <strong>enti\u00e8rement personnalisable<\/strong> en termes d\u2019\u00e9quipement, de mat\u00e9riaux, d\u2019\u00e9l\u00e9ments graphiques et de finition.<\/p>\n<p>Vous pouvez la configurer pour vendre les <strong>types de produits<\/strong> les plus divers :<\/p>\n<ul class=\"lista\">\n<li>Dans le secteur du <strong>street food<\/strong> : des paninis, des pizzas, des p\u00e2tes, des glaces, du sushi, du prosecco, de la bi\u00e8re au f\u00fbt, du vin&#8230;<\/li>\n<li>Dans le secteur du <strong>retail<\/strong>\u00a0: des v\u00eatements, des bijoux, du parfum, des smartphones, des accessoires&#8230;<\/li>\n<\/ul>\n<p>&nbsp;<\/p>\n<p>Enfin, vous pouvez placer la remorque \u00e0 l\u2019ext\u00e9rieur comme \u00e0 l\u2019int\u00e9rieur, aussi bien en tant que <a href=\"https:\/\/www.vsveicolispeciali.com\/fr\/amenagement-vehicules-magasin-commerce-ambulant\/remorque-amenagee-cuisine-et-caravane-food-truck\/\">remorque food truck<\/a> qu\u2019en tant que <a href=\"https:\/\/www.vsveicolispeciali.com\/fr\/street-food-truck\/remorque-boutique-de-vetements-robe-di-kappa\/\" rel=\"noopener\" target=\"_blank\">remorque boutique nomade<\/a>, gr\u00e2ce \u00e0 son syst\u00e8me non polluant \u00e0 <strong>z\u00e9ro \u00e9mission<\/strong> et \u00e0 faible impact sur l\u2019environnement.<\/p>\n<p><a href=\"https:\/\/www.vsveicolispeciali.com\/wp-content\/uploads\/2023\/07\/autonegozio-di-abbigliamento-robe-di-kappa.jpg\"><img loading=\"lazy\" decoding=\"async\" src=\"https:\/\/www.vsveicolispeciali.com\/wp-content\/uploads\/2023\/07\/autonegozio-di-abbigliamento-robe-di-kappa.jpg\" alt=\"petite boutique ambulante Robe di Kappa\" width=\"1000\" height=\"800\" class=\"alignleft size-full wp-image-23707\" srcset=\"https:\/\/www.vsveicolispeciali.com\/wp-content\/uploads\/2023\/07\/autonegozio-di-abbigliamento-robe-di-kappa.jpg 1000w, https:\/\/www.vsveicolispeciali.com\/wp-content\/uploads\/2023\/07\/autonegozio-di-abbigliamento-robe-di-kappa-300x240.jpg 300w, https:\/\/www.vsveicolispeciali.com\/wp-content\/uploads\/2023\/07\/autonegozio-di-abbigliamento-robe-di-kappa-768x614.jpg 768w, https:\/\/www.vsveicolispeciali.com\/wp-content\/uploads\/2023\/07\/autonegozio-di-abbigliamento-robe-di-kappa-700x560.jpg 700w\" sizes=\"(max-width: 1000px) 100vw, 1000px\" \/><\/a><\/p>\n<p>Avec ce v\u00e9hicule au charme ind\u00e9niable, <strong>tout devient facile<\/strong>, convivial et agr\u00e9able : les \u00e9v\u00e9nements d\u2019entreprise et les grands festivals, les mus\u00e9es et les expositions, les parcs publics et les locaux priv\u00e9s, les centres commerciaux et les complexes h\u00f4teliers, tout espace devient accessible et une source potentielle de b\u00e9n\u00e9fices.<\/p>\n<p>Qui aurait cru que l\u2019\u00e9conomie verte trouve un produit exemplaire dans une <a href=\"https:\/\/www.vsveicolispeciali.com\/fr\/vs-innovation-lab\/yield-trailer-remorque-electrique-cuisine-mobile-magasin-ambulant\/\">petite remorque am\u00e9nag\u00e9e<\/a> ?<\/p>\n<p>&nbsp;<\/p>\n<p>&nbsp;<\/p>\n\n\t\t<style type=\"text\/css\">\n\t\t\t#gallery-1 {\n\t\t\t\tmargin: auto;\n\t\t\t}\n\t\t\t#gallery-1 .gallery-item {\n\t\t\t\tfloat: left;\n\t\t\t\tmargin-top: 10px;\n\t\t\t\ttext-align: center;\n\t\t\t\twidth: 33%;\n\t\t\t}\n\t\t\t#gallery-1 img {\n\t\t\t\tborder: 2px solid #cfcfcf;\n\t\t\t}\n\t\t\t#gallery-1 .gallery-caption {\n\t\t\t\tmargin-left: 0;\n\t\t\t}\n\t\t\t\/* see gallery_shortcode() in wp-includes\/media.php *\/\n\t\t<\/style>\n\t\t<div id='gallery-1' class='gallery galleryid-15259 gallery-columns-3 gallery-size-thumbnail'><dl class='gallery-item'>\n\t\t\t<dt class='gallery-icon landscape'>\n\t\t\t\t<a href='https:\/\/www.vsveicolispeciali.com\/fr\/?attachment_id=15226'><img loading=\"lazy\" decoding=\"async\" width=\"150\" height=\"150\" src=\"https:\/\/www.vsveicolispeciali.com\/wp-content\/uploads\/2021\/11\/yield-trailer-rimorchio-ecotecnologico-150x150.jpg\" class=\"attachment-thumbnail size-thumbnail\" alt=\"yield trailer est un remorque \u00e9cologique convertible en remorque food truck et magasin mobile\" srcset=\"https:\/\/www.vsveicolispeciali.com\/wp-content\/uploads\/2021\/11\/yield-trailer-rimorchio-ecotecnologico-150x150.jpg 150w, https:\/\/www.vsveicolispeciali.com\/wp-content\/uploads\/2021\/11\/yield-trailer-rimorchio-ecotecnologico-570x570.jpg 570w, https:\/\/www.vsveicolispeciali.com\/wp-content\/uploads\/2021\/11\/yield-trailer-rimorchio-ecotecnologico-500x500.jpg 500w\" sizes=\"(max-width: 150px) 100vw, 150px\" \/><\/a>\n\t\t\t<\/dt><\/dl>\n\t\t\t<br style='clear: both' \/>\n\t\t<\/div>\n\n","protected":false},"excerpt":{"rendered":"<p>Les remorques am\u00e9nag\u00e9es en cuisines mobiles ou en magasins ambulants ont toujours \u00e9t\u00e9 un choix int\u00e9ressant pour les entreprises qui souhaitent offrir un service dynamique et flexible, capable de saisir des opportunit\u00e9s de vente dans des contextes autrement difficiles \u00e0 conqu\u00e9rir. L\u2019avantage de pouvoir tracter&#8230;<\/p>\n","protected":false},"author":1001012,"featured_media":15226,"comment_status":"closed","ping_status":"open","sticky":false,"template":"","format":"gallery","meta":{"footnotes":""},"categories":[27],"tags":[185,187],"class_list":["post-15259","post","type-post","status-publish","format-gallery","has-post-thumbnail","hentry","category-news-fr","tag-remorque-magasin","tag-food-truck-ecologique","post_format-post-format-gallery"],"yoast_head":"<!-- This site is optimized with the Yoast SEO plugin v25.4 - https:\/\/yoast.com\/wordpress\/plugins\/seo\/ -->\n<title>Un petite Remorque d\u00e9fie les Food Trucks et les Boutiques Nomades<\/title>\n<meta name=\"description\" content=\"Petite remorque am\u00e9nag\u00e9e en food truck autoaliment\u00e9e ou en boutique mobile. Un concept original pour promouvoir votre marque &gt;\" \/>\n<meta name=\"robots\" content=\"index, follow, max-snippet:-1, max-image-preview:large, max-video-preview:-1\" \/>\n<link rel=\"canonical\" href=\"https:\/\/www.vsveicolispeciali.com\/fr\/yield-trailer-remorque-ecotechnologique-qui-defie-les-food-trucks-et-les-boutiques-nomades\/\" \/>\n<meta property=\"og:locale\" content=\"fr_FR\" \/>\n<meta property=\"og:type\" content=\"article\" \/>\n<meta property=\"og:title\" content=\"Un petite Remorque d\u00e9fie les Food Trucks et les Boutiques Nomades\" \/>\n<meta property=\"og:description\" content=\"Petite remorque am\u00e9nag\u00e9e en food truck autoaliment\u00e9e ou en boutique mobile. Un concept original pour promouvoir votre marque &gt;\" \/>\n<meta property=\"og:url\" content=\"https:\/\/www.vsveicolispeciali.com\/fr\/yield-trailer-remorque-ecotechnologique-qui-defie-les-food-trucks-et-les-boutiques-nomades\/\" \/>\n<meta property=\"og:site_name\" content=\"VS Veicoli Speciali\" \/>\n<meta property=\"article:publisher\" content=\"https:\/\/www.facebook.com\/VSVeicoliSpeciali.Food.Trucks\/\" \/>\n<meta property=\"article:published_time\" content=\"2021-11-05T15:21:55+00:00\" \/>\n<meta property=\"article:modified_time\" content=\"2024-12-01T14:44:22+00:00\" \/>\n<meta property=\"og:image\" content=\"https:\/\/www.vsveicolispeciali.com\/wp-content\/uploads\/2021\/11\/yield-trailer-rimorchio-ecotecnologico.jpg\" \/>\n\t<meta property=\"og:image:width\" content=\"1333\" \/>\n\t<meta property=\"og:image:height\" content=\"923\" \/>\n\t<meta property=\"og:image:type\" content=\"image\/jpeg\" \/>\n<meta name=\"author\" content=\"VS Veicoli Speciali\" \/>\n<meta name=\"twitter:card\" content=\"summary_large_image\" \/>\n<meta name=\"twitter:creator\" content=\"@veicolispeciali\" \/>\n<meta name=\"twitter:site\" content=\"@veicolispeciali\" \/>\n<meta name=\"twitter:label1\" content=\"\u00c9crit par\" \/>\n\t<meta name=\"twitter:data1\" content=\"VS Veicoli Speciali\" \/>\n\t<meta name=\"twitter:label2\" content=\"Dur\u00e9e de lecture estim\u00e9e\" \/>\n\t<meta name=\"twitter:data2\" content=\"6 minutes\" \/>\n<script type=\"application\/ld+json\" class=\"yoast-schema-graph\">{\"@context\":\"https:\/\/schema.org\",\"@graph\":[{\"@type\":\"Article\",\"@id\":\"https:\/\/www.vsveicolispeciali.com\/fr\/yield-trailer-remorque-ecotechnologique-qui-defie-les-food-trucks-et-les-boutiques-nomades\/#article\",\"isPartOf\":{\"@id\":\"https:\/\/www.vsveicolispeciali.com\/fr\/yield-trailer-remorque-ecotechnologique-qui-defie-les-food-trucks-et-les-boutiques-nomades\/\"},\"author\":{\"name\":\"VS Veicoli Speciali\",\"@id\":\"https:\/\/www.vsveicolispeciali.com\/fr\/#\/schema\/person\/1241826d792bde4333b3db1395b12be9\"},\"headline\":\"Le petite remorque qui d\u00e9fie les food trucks et les boutiques nomades\",\"datePublished\":\"2021-11-05T15:21:55+00:00\",\"dateModified\":\"2024-12-01T14:44:22+00:00\",\"mainEntityOfPage\":{\"@id\":\"https:\/\/www.vsveicolispeciali.com\/fr\/yield-trailer-remorque-ecotechnologique-qui-defie-les-food-trucks-et-les-boutiques-nomades\/\"},\"wordCount\":1174,\"publisher\":{\"@id\":\"https:\/\/www.vsveicolispeciali.com\/fr\/#organization\"},\"image\":{\"@id\":\"https:\/\/www.vsveicolispeciali.com\/fr\/yield-trailer-remorque-ecotechnologique-qui-defie-les-food-trucks-et-les-boutiques-nomades\/#primaryimage\"},\"thumbnailUrl\":\"https:\/\/www.vsveicolispeciali.com\/wp-content\/uploads\/2021\/11\/yield-trailer-rimorchio-ecotecnologico.jpg\",\"keywords\":[\"remorque magasin\",\"food truck ecologique\"],\"articleSection\":[\"News\"],\"inLanguage\":\"fr-FR\"},{\"@type\":\"WebPage\",\"@id\":\"https:\/\/www.vsveicolispeciali.com\/fr\/yield-trailer-remorque-ecotechnologique-qui-defie-les-food-trucks-et-les-boutiques-nomades\/\",\"url\":\"https:\/\/www.vsveicolispeciali.com\/fr\/yield-trailer-remorque-ecotechnologique-qui-defie-les-food-trucks-et-les-boutiques-nomades\/\",\"name\":\"Un petite Remorque d\u00e9fie les Food Trucks et les Boutiques Nomades\",\"isPartOf\":{\"@id\":\"https:\/\/www.vsveicolispeciali.com\/fr\/#website\"},\"primaryImageOfPage\":{\"@id\":\"https:\/\/www.vsveicolispeciali.com\/fr\/yield-trailer-remorque-ecotechnologique-qui-defie-les-food-trucks-et-les-boutiques-nomades\/#primaryimage\"},\"image\":{\"@id\":\"https:\/\/www.vsveicolispeciali.com\/fr\/yield-trailer-remorque-ecotechnologique-qui-defie-les-food-trucks-et-les-boutiques-nomades\/#primaryimage\"},\"thumbnailUrl\":\"https:\/\/www.vsveicolispeciali.com\/wp-content\/uploads\/2021\/11\/yield-trailer-rimorchio-ecotecnologico.jpg\",\"datePublished\":\"2021-11-05T15:21:55+00:00\",\"dateModified\":\"2024-12-01T14:44:22+00:00\",\"description\":\"Petite remorque am\u00e9nag\u00e9e en food truck autoaliment\u00e9e ou en boutique mobile. Un concept original pour promouvoir votre marque >\",\"breadcrumb\":{\"@id\":\"https:\/\/www.vsveicolispeciali.com\/fr\/yield-trailer-remorque-ecotechnologique-qui-defie-les-food-trucks-et-les-boutiques-nomades\/#breadcrumb\"},\"inLanguage\":\"fr-FR\",\"potentialAction\":[{\"@type\":\"ReadAction\",\"target\":[\"https:\/\/www.vsveicolispeciali.com\/fr\/yield-trailer-remorque-ecotechnologique-qui-defie-les-food-trucks-et-les-boutiques-nomades\/\"]}]},{\"@type\":\"ImageObject\",\"inLanguage\":\"fr-FR\",\"@id\":\"https:\/\/www.vsveicolispeciali.com\/fr\/yield-trailer-remorque-ecotechnologique-qui-defie-les-food-trucks-et-les-boutiques-nomades\/#primaryimage\",\"url\":\"https:\/\/www.vsveicolispeciali.com\/wp-content\/uploads\/2021\/11\/yield-trailer-rimorchio-ecotecnologico.jpg\",\"contentUrl\":\"https:\/\/www.vsveicolispeciali.com\/wp-content\/uploads\/2021\/11\/yield-trailer-rimorchio-ecotecnologico.jpg\",\"width\":1333,\"height\":923,\"caption\":\"yield trailer est un remorque \u00e9cologique convertible en remorque food truck et magasin mobile\"},{\"@type\":\"BreadcrumbList\",\"@id\":\"https:\/\/www.vsveicolispeciali.com\/fr\/yield-trailer-remorque-ecotechnologique-qui-defie-les-food-trucks-et-les-boutiques-nomades\/#breadcrumb\",\"itemListElement\":[{\"@type\":\"ListItem\",\"position\":1,\"name\":\"Home\",\"item\":\"https:\/\/www.vsveicolispeciali.com\/fr\/\"},{\"@type\":\"ListItem\",\"position\":2,\"name\":\"Le petite remorque qui d\u00e9fie les food trucks et les boutiques nomades\"}]},{\"@type\":\"WebSite\",\"@id\":\"https:\/\/www.vsveicolispeciali.com\/fr\/#website\",\"url\":\"https:\/\/www.vsveicolispeciali.com\/fr\/\",\"name\":\"VS Veicoli Speciali\",\"description\":\"\",\"publisher\":{\"@id\":\"https:\/\/www.vsveicolispeciali.com\/fr\/#organization\"},\"potentialAction\":[{\"@type\":\"SearchAction\",\"target\":{\"@type\":\"EntryPoint\",\"urlTemplate\":\"https:\/\/www.vsveicolispeciali.com\/fr\/?s={search_term_string}\"},\"query-input\":{\"@type\":\"PropertyValueSpecification\",\"valueRequired\":true,\"valueName\":\"search_term_string\"}}],\"inLanguage\":\"fr-FR\"},{\"@type\":\"Organization\",\"@id\":\"https:\/\/www.vsveicolispeciali.com\/fr\/#organization\",\"name\":\"VS Veicoli Speciali\",\"url\":\"https:\/\/www.vsveicolispeciali.com\/fr\/\",\"logo\":{\"@type\":\"ImageObject\",\"inLanguage\":\"fr-FR\",\"@id\":\"https:\/\/www.vsveicolispeciali.com\/fr\/#\/schema\/logo\/image\/\",\"url\":\"http:\/\/www.vsveicolispeciali.com\/wp-content\/uploads\/2015\/05\/vs_veicoli_speciali-logo.png\",\"contentUrl\":\"http:\/\/www.vsveicolispeciali.com\/wp-content\/uploads\/2015\/05\/vs_veicoli_speciali-logo.png\",\"width\":252,\"height\":134,\"caption\":\"VS Veicoli Speciali\"},\"image\":{\"@id\":\"https:\/\/www.vsveicolispeciali.com\/fr\/#\/schema\/logo\/image\/\"},\"sameAs\":[\"https:\/\/www.facebook.com\/VSVeicoliSpeciali.Food.Trucks\/\",\"https:\/\/x.com\/veicolispeciali\",\"https:\/\/www.instagram.com\/vs_veicolispeciali\/\",\"https:\/\/www.linkedin.com\/company\/2811960\/\",\"https:\/\/www.pinterest.com\/streetfoodtruck\/\",\"https:\/\/www.youtube.com\/user\/veicolispeciali\"]},{\"@type\":\"Person\",\"@id\":\"https:\/\/www.vsveicolispeciali.com\/fr\/#\/schema\/person\/1241826d792bde4333b3db1395b12be9\",\"name\":\"VS Veicoli Speciali\",\"image\":{\"@type\":\"ImageObject\",\"inLanguage\":\"fr-FR\",\"@id\":\"https:\/\/www.vsveicolispeciali.com\/fr\/#\/schema\/person\/image\/\",\"url\":\"https:\/\/secure.gravatar.com\/avatar\/4ea93278e71ba140dbbbfb5d34409507?s=96&d=mm&r=g\",\"contentUrl\":\"https:\/\/secure.gravatar.com\/avatar\/4ea93278e71ba140dbbbfb5d34409507?s=96&d=mm&r=g\",\"caption\":\"VS Veicoli Speciali\"}}]}<\/script>\n<!-- \/ Yoast SEO plugin. -->","yoast_head_json":{"title":"Un petite Remorque d\u00e9fie les Food Trucks et les Boutiques Nomades","description":"Petite remorque am\u00e9nag\u00e9e en food truck autoaliment\u00e9e ou en boutique mobile. Un concept original pour promouvoir votre marque >","robots":{"index":"index","follow":"follow","max-snippet":"max-snippet:-1","max-image-preview":"max-image-preview:large","max-video-preview":"max-video-preview:-1"},"canonical":"https:\/\/www.vsveicolispeciali.com\/fr\/yield-trailer-remorque-ecotechnologique-qui-defie-les-food-trucks-et-les-boutiques-nomades\/","og_locale":"fr_FR","og_type":"article","og_title":"Un petite Remorque d\u00e9fie les Food Trucks et les Boutiques Nomades","og_description":"Petite remorque am\u00e9nag\u00e9e en food truck autoaliment\u00e9e ou en boutique mobile. Un concept original pour promouvoir votre marque >","og_url":"https:\/\/www.vsveicolispeciali.com\/fr\/yield-trailer-remorque-ecotechnologique-qui-defie-les-food-trucks-et-les-boutiques-nomades\/","og_site_name":"VS Veicoli Speciali","article_publisher":"https:\/\/www.facebook.com\/VSVeicoliSpeciali.Food.Trucks\/","article_published_time":"2021-11-05T15:21:55+00:00","article_modified_time":"2024-12-01T14:44:22+00:00","og_image":[{"width":1333,"height":923,"url":"https:\/\/www.vsveicolispeciali.com\/wp-content\/uploads\/2021\/11\/yield-trailer-rimorchio-ecotecnologico.jpg","type":"image\/jpeg"}],"author":"VS Veicoli Speciali","twitter_card":"summary_large_image","twitter_creator":"@veicolispeciali","twitter_site":"@veicolispeciali","twitter_misc":{"\u00c9crit par":"VS Veicoli Speciali","Dur\u00e9e de lecture estim\u00e9e":"6 minutes"},"schema":{"@context":"https:\/\/schema.org","@graph":[{"@type":"Article","@id":"https:\/\/www.vsveicolispeciali.com\/fr\/yield-trailer-remorque-ecotechnologique-qui-defie-les-food-trucks-et-les-boutiques-nomades\/#article","isPartOf":{"@id":"https:\/\/www.vsveicolispeciali.com\/fr\/yield-trailer-remorque-ecotechnologique-qui-defie-les-food-trucks-et-les-boutiques-nomades\/"},"author":{"name":"VS Veicoli Speciali","@id":"https:\/\/www.vsveicolispeciali.com\/fr\/#\/schema\/person\/1241826d792bde4333b3db1395b12be9"},"headline":"Le petite remorque qui d\u00e9fie les food trucks et les boutiques nomades","datePublished":"2021-11-05T15:21:55+00:00","dateModified":"2024-12-01T14:44:22+00:00","mainEntityOfPage":{"@id":"https:\/\/www.vsveicolispeciali.com\/fr\/yield-trailer-remorque-ecotechnologique-qui-defie-les-food-trucks-et-les-boutiques-nomades\/"},"wordCount":1174,"publisher":{"@id":"https:\/\/www.vsveicolispeciali.com\/fr\/#organization"},"image":{"@id":"https:\/\/www.vsveicolispeciali.com\/fr\/yield-trailer-remorque-ecotechnologique-qui-defie-les-food-trucks-et-les-boutiques-nomades\/#primaryimage"},"thumbnailUrl":"https:\/\/www.vsveicolispeciali.com\/wp-content\/uploads\/2021\/11\/yield-trailer-rimorchio-ecotecnologico.jpg","keywords":["remorque magasin","food truck ecologique"],"articleSection":["News"],"inLanguage":"fr-FR"},{"@type":"WebPage","@id":"https:\/\/www.vsveicolispeciali.com\/fr\/yield-trailer-remorque-ecotechnologique-qui-defie-les-food-trucks-et-les-boutiques-nomades\/","url":"https:\/\/www.vsveicolispeciali.com\/fr\/yield-trailer-remorque-ecotechnologique-qui-defie-les-food-trucks-et-les-boutiques-nomades\/","name":"Un petite Remorque d\u00e9fie les Food Trucks et les Boutiques Nomades","isPartOf":{"@id":"https:\/\/www.vsveicolispeciali.com\/fr\/#website"},"primaryImageOfPage":{"@id":"https:\/\/www.vsveicolispeciali.com\/fr\/yield-trailer-remorque-ecotechnologique-qui-defie-les-food-trucks-et-les-boutiques-nomades\/#primaryimage"},"image":{"@id":"https:\/\/www.vsveicolispeciali.com\/fr\/yield-trailer-remorque-ecotechnologique-qui-defie-les-food-trucks-et-les-boutiques-nomades\/#primaryimage"},"thumbnailUrl":"https:\/\/www.vsveicolispeciali.com\/wp-content\/uploads\/2021\/11\/yield-trailer-rimorchio-ecotecnologico.jpg","datePublished":"2021-11-05T15:21:55+00:00","dateModified":"2024-12-01T14:44:22+00:00","description":"Petite remorque am\u00e9nag\u00e9e en food truck autoaliment\u00e9e ou en boutique mobile. Un concept original pour promouvoir votre marque >","breadcrumb":{"@id":"https:\/\/www.vsveicolispeciali.com\/fr\/yield-trailer-remorque-ecotechnologique-qui-defie-les-food-trucks-et-les-boutiques-nomades\/#breadcrumb"},"inLanguage":"fr-FR","potentialAction":[{"@type":"ReadAction","target":["https:\/\/www.vsveicolispeciali.com\/fr\/yield-trailer-remorque-ecotechnologique-qui-defie-les-food-trucks-et-les-boutiques-nomades\/"]}]},{"@type":"ImageObject","inLanguage":"fr-FR","@id":"https:\/\/www.vsveicolispeciali.com\/fr\/yield-trailer-remorque-ecotechnologique-qui-defie-les-food-trucks-et-les-boutiques-nomades\/#primaryimage","url":"https:\/\/www.vsveicolispeciali.com\/wp-content\/uploads\/2021\/11\/yield-trailer-rimorchio-ecotecnologico.jpg","contentUrl":"https:\/\/www.vsveicolispeciali.com\/wp-content\/uploads\/2021\/11\/yield-trailer-rimorchio-ecotecnologico.jpg","width":1333,"height":923,"caption":"yield trailer est un remorque \u00e9cologique convertible en remorque food truck et magasin mobile"},{"@type":"BreadcrumbList","@id":"https:\/\/www.vsveicolispeciali.com\/fr\/yield-trailer-remorque-ecotechnologique-qui-defie-les-food-trucks-et-les-boutiques-nomades\/#breadcrumb","itemListElement":[{"@type":"ListItem","position":1,"name":"Home","item":"https:\/\/www.vsveicolispeciali.com\/fr\/"},{"@type":"ListItem","position":2,"name":"Le petite remorque qui d\u00e9fie les food trucks et les boutiques nomades"}]},{"@type":"WebSite","@id":"https:\/\/www.vsveicolispeciali.com\/fr\/#website","url":"https:\/\/www.vsveicolispeciali.com\/fr\/","name":"VS Veicoli Speciali","description":"","publisher":{"@id":"https:\/\/www.vsveicolispeciali.com\/fr\/#organization"},"potentialAction":[{"@type":"SearchAction","target":{"@type":"EntryPoint","urlTemplate":"https:\/\/www.vsveicolispeciali.com\/fr\/?s={search_term_string}"},"query-input":{"@type":"PropertyValueSpecification","valueRequired":true,"valueName":"search_term_string"}}],"inLanguage":"fr-FR"},{"@type":"Organization","@id":"https:\/\/www.vsveicolispeciali.com\/fr\/#organization","name":"VS Veicoli Speciali","url":"https:\/\/www.vsveicolispeciali.com\/fr\/","logo":{"@type":"ImageObject","inLanguage":"fr-FR","@id":"https:\/\/www.vsveicolispeciali.com\/fr\/#\/schema\/logo\/image\/","url":"http:\/\/www.vsveicolispeciali.com\/wp-content\/uploads\/2015\/05\/vs_veicoli_speciali-logo.png","contentUrl":"http:\/\/www.vsveicolispeciali.com\/wp-content\/uploads\/2015\/05\/vs_veicoli_speciali-logo.png","width":252,"height":134,"caption":"VS Veicoli Speciali"},"image":{"@id":"https:\/\/www.vsveicolispeciali.com\/fr\/#\/schema\/logo\/image\/"},"sameAs":["https:\/\/www.facebook.com\/VSVeicoliSpeciali.Food.Trucks\/","https:\/\/x.com\/veicolispeciali","https:\/\/www.instagram.com\/vs_veicolispeciali\/","https:\/\/www.linkedin.com\/company\/2811960\/","https:\/\/www.pinterest.com\/streetfoodtruck\/","https:\/\/www.youtube.com\/user\/veicolispeciali"]},{"@type":"Person","@id":"https:\/\/www.vsveicolispeciali.com\/fr\/#\/schema\/person\/1241826d792bde4333b3db1395b12be9","name":"VS Veicoli Speciali","image":{"@type":"ImageObject","inLanguage":"fr-FR","@id":"https:\/\/www.vsveicolispeciali.com\/fr\/#\/schema\/person\/image\/","url":"https:\/\/secure.gravatar.com\/avatar\/4ea93278e71ba140dbbbfb5d34409507?s=96&d=mm&r=g","contentUrl":"https:\/\/secure.gravatar.com\/avatar\/4ea93278e71ba140dbbbfb5d34409507?s=96&d=mm&r=g","caption":"VS Veicoli Speciali"}}]}},"_links":{"self":[{"href":"https:\/\/www.vsveicolispeciali.com\/fr\/wp-json\/wp\/v2\/posts\/15259"}],"collection":[{"href":"https:\/\/www.vsveicolispeciali.com\/fr\/wp-json\/wp\/v2\/posts"}],"about":[{"href":"https:\/\/www.vsveicolispeciali.com\/fr\/wp-json\/wp\/v2\/types\/post"}],"author":[{"embeddable":true,"href":"https:\/\/www.vsveicolispeciali.com\/fr\/wp-json\/wp\/v2\/users\/1001012"}],"replies":[{"embeddable":true,"href":"https:\/\/www.vsveicolispeciali.com\/fr\/wp-json\/wp\/v2\/comments?post=15259"}],"version-history":[{"count":8,"href":"https:\/\/www.vsveicolispeciali.com\/fr\/wp-json\/wp\/v2\/posts\/15259\/revisions"}],"predecessor-version":[{"id":27259,"href":"https:\/\/www.vsveicolispeciali.com\/fr\/wp-json\/wp\/v2\/posts\/15259\/revisions\/27259"}],"wp:featuredmedia":[{"embeddable":true,"href":"https:\/\/www.vsveicolispeciali.com\/fr\/wp-json\/wp\/v2\/media\/15226"}],"wp:attachment":[{"href":"https:\/\/www.vsveicolispeciali.com\/fr\/wp-json\/wp\/v2\/media?parent=15259"}],"wp:term":[{"taxonomy":"category","embeddable":true,"href":"https:\/\/www.vsveicolispeciali.com\/fr\/wp-json\/wp\/v2\/categories?post=15259"},{"taxonomy":"post_tag","embeddable":true,"href":"https:\/\/www.vsveicolispeciali.com\/fr\/wp-json\/wp\/v2\/tags?post=15259"}],"curies":[{"name":"wp","href":"https:\/\/api.w.org\/{rel}","templated":true}]}}