{"id":14989,"date":"2021-08-11T20:44:35","date_gmt":"2021-08-11T18:44:35","guid":{"rendered":"http:\/\/vsveicolispeciali.com\/eco-food-truck-solution-for-those-looking-for-quality-and-savings\/"},"modified":"2024-12-17T19:52:01","modified_gmt":"2024-12-17T18:52:01","slug":"eco-food-truck-solution-de-qualite-tout-en-faisant-des-economies","status":"publish","type":"post","link":"https:\/\/www.vsveicolispeciali.com\/fr\/eco-food-truck-solution-de-qualite-tout-en-faisant-des-economies\/","title":{"rendered":"\u00c9co Food Truck \u2013 Profitez de la qualit\u00e9 \u00e0 un prix abordable"},"content":{"rendered":"<p>Depuis des ann\u00e9es, le <strong>march\u00e9 des food trucks<\/strong> s\u2019oriente vers une personnalisation extr\u00eame du design et vers la recherche d\u2019une identit\u00e9 esth\u00e9tique forte, coh\u00e9rente avec la marque et ses valeurs.<\/p>\n<p>Les <strong>entreprises qui ach\u00e8tent des v\u00e9hicules pour le street food et la promotion itin\u00e9rante<\/strong> souhaitent un v\u00e9hicule \u00e0 fort impact esth\u00e9tique, o\u00f9 chaque d\u00e9tail est soign\u00e9, <a href=\"https:\/\/www.vsveicolispeciali.com\/fr\/achat-food-truck-personnalise-pour-la-promotion-de-votre-firme\/\" target=\"_blank\" rel=\"noopener\">impeccablement personnalis\u00e9<\/a> pour exprimer l\u2019unicit\u00e9 et se d\u00e9marquer de la concurrence.<\/p>\n<p>Qu\u2019il s\u2019agisse d\u2019un restaurant ou d\u2019une multinationale de la mode, peu importe : le v\u00e9hicule n\u2019est pas seulement utilis\u00e9 pour vendre des produits, mais fait \u00e9galement <strong>partie d\u2019une strat\u00e9gie de marketing plus large<\/strong> visant \u00e0 faire conna\u00eetre la marque et \u00e0 communiquer ses valeurs.<\/p>\n<p>C\u2019est pourquoi les entreprises se concentrent bien \u00e9videmment sur <strong>l\u2019esth\u00e9tique et le design<\/strong>, mais aussi sur l\u2019<a href=\"https:\/\/www.vsveicolispeciali.com\/fr\/fabricant-food-trucks-personnalises-pour-entreprises-exigeantes\/\" rel=\"noopener\" target=\"_blank\">am\u00e9nagement et l\u2019\u00e9quipement<\/a>. Car les couleurs, les messages textuels, les d\u00e9tails graphiques et m\u00eame les \u00e9l\u00e9ments d\u00e9coratifs du food truck sont essentiels pour \u00e9tablir la brand identity (l\u2019identit\u00e9 de la marque).<\/p>\n<p>Mais que se passe-t-il lorsque les aspects promotionnels passent au second plan si le <strong>food truck doit remplir une fonction purement commerciale ou de soutien<\/strong>. C\u2019est-\u00e0-dire quand il sert \u00e0 pr\u00e9parer et \u00e0 vendre un produit dans des contextes o\u00f9 il n\u2019est pas forc\u00e9ment n\u00e9cessaire que la soci\u00e9t\u00e9 soit extr\u00eamement reconnaissable ?<\/p>\n<p>Qui a dit qu\u2019un food truck pour \u00eatre une r\u00e9ussite doit \u00eatre unique, exceptionnel et extr\u00eamement personnalis\u00e9 ?<\/p>\n<p>Pour certaines <a href=\"https:\/\/www.vsveicolispeciali.com\/fr\/8-raisons-acheter-un-food-truck-entreprise-secteur-restauration\/\" target=\"_blank\" rel=\"noopener\">entreprises du secteur de la restauration<\/a> et de la grande distribution, le food truck doit avant tout d\u00e9velopper des volumes de vente ad\u00e9quats et \u00eatre utilis\u00e9 de mani\u00e8re intensive dans des contextes o\u00f9 l\u2019esth\u00e9tique et la communication sont secondaires, voire inutiles ; par exemple <strong>un food truck en appui d\u2019un service traiteur, ou comme prolongement d\u2019une cuisine dans un complexe h\u00f4telier ou d\u2019un club de golf<\/strong>.<\/p>\n<p>Cependant, cette situation n\u2019est pas la seule, il existe des entreprises tr\u00e8s bien organis\u00e9es avec en mode itin\u00e9rant des <a href=\"https:\/\/www.vsveicolispeciali.com\/fr\/multiplier-les-food-trucks-pour-multiplier-les-benefices\/\" rel=\"noopener\" target=\"_blank\">flottes de Food Trucks<\/a> simples et l\u00e9gers, qui r\u00e9duisent les co\u00fbts de gestion et d\u2019investissement, rendant leur activit\u00e9 \u00e9volutive. <\/p>\n<p><strong><a href=\"https:\/\/www.vsveicolispeciali.com\/fr\/street-food-truck\/food-truck-sushi-maki-poke-bao\/\" rel=\"noopener\" target=\"_blank\">ECO FOOD TRUCK SUSHI MARACAIBA<\/a><\/strong><br \/>\n<a href=\"https:\/\/www.vsveicolispeciali.com\/wp-content\/uploads\/2021\/08\/maracaiba-flotta-food-truck-costi-bassi-business-scalabile.jpg\"><img loading=\"lazy\" decoding=\"async\" class=\"alignleft size-full wp-image-14969\" src=\"https:\/\/www.vsveicolispeciali.com\/wp-content\/uploads\/2021\/08\/maracaiba-flotta-food-truck-costi-bassi-business-scalabile.jpg\" alt=\"flotte de camions de restauration maracaiba pour livraison achet\u00e9e \u00e0 faible co\u00fbt, entreprise \u00e9volutive\" width=\"1200\" height=\"800\" srcset=\"https:\/\/www.vsveicolispeciali.com\/wp-content\/uploads\/2021\/08\/maracaiba-flotta-food-truck-costi-bassi-business-scalabile.jpg 1200w, https:\/\/www.vsveicolispeciali.com\/wp-content\/uploads\/2021\/08\/maracaiba-flotta-food-truck-costi-bassi-business-scalabile-300x200.jpg 300w, https:\/\/www.vsveicolispeciali.com\/wp-content\/uploads\/2021\/08\/maracaiba-flotta-food-truck-costi-bassi-business-scalabile-1024x683.jpg 1024w, https:\/\/www.vsveicolispeciali.com\/wp-content\/uploads\/2021\/08\/maracaiba-flotta-food-truck-costi-bassi-business-scalabile-768x512.jpg 768w, https:\/\/www.vsveicolispeciali.com\/wp-content\/uploads\/2021\/08\/maracaiba-flotta-food-truck-costi-bassi-business-scalabile-700x467.jpg 700w\" sizes=\"(max-width: 1200px) 100vw, 1200px\" \/><\/a><\/p>\n<p>Un Food Truck simplifi\u00e9 de la sorte pourrait \u00e9galement \u00eatre <strong>utilis\u00e9 comme un v\u00e9hicule de r\u00e9serve<\/strong>, qui n\u2019entre en action qu\u2019en cas de besoin urgent.<\/p>\n<p>Un v\u00e9hicule de ce type peut \u00e9galement \u00eatre utilis\u00e9 par des <strong>agences de communication qui louent le food truck \u00e0 des clients aux exigences tr\u00e8s diverses<\/strong>, et qui ont besoin de le personnaliser tr\u00e8s rapidement, en adaptant l\u2019am\u00e9nagement \u00e0 leur activit\u00e9.<\/p>\n<p>Dans toutes ces situations, le food truck doit <a href=\"https:\/\/www.vsveicolispeciali.com\/fr\/ingredients-pour-un-bon-food-truck\/\" target=\"_blank\" rel=\"noopener\">respecter les r\u00e9glementations de sant\u00e9 et d\u2019hygi\u00e8ne<\/a> en vigueur et \u00eatre \u00e9quip\u00e9 avec du mat\u00e9riel professionnel.<\/p>\n<p>C\u2019est pr\u00e9cis\u00e9ment dans ce but qu\u2019a \u00e9t\u00e9 cr\u00e9\u00e9 l\u2019<strong>\u00e9co food truck<\/strong>, un v\u00e9hicule \u00c9COnomique, essentiel en termes de personnalisation, simple dans son am\u00e9nagement, mais solide, ergonomique et complet. Disposant de tout ce qui est n\u00e9cessaire pour d\u00e9velopper de grands volumes de production et supporter les op\u00e9rateurs dans des situations difficiles, avec des cadences de travail \u00e9lev\u00e9es.<\/p>\n<p>&nbsp;&nbsp;<\/p>\n<h2>Caract\u00e9ristiques de l\u2019\u00c9co Food Truck et versions disponibles<\/h2>\n<p>&nbsp;<br \/>\nUn <strong>\u00e9co food truck<\/strong> est de couleur blanche standard et b\u00e9n\u00e9ficie d\u2019un am\u00e9nagement int\u00e9rieur r\u00e9sistant et essentiel.<\/p>\n<p>La <strong>qualit\u00e9 des syst\u00e8mes et accessoires<\/strong> install\u00e9s \u00e0 bord reste principalement la m\u00eame que celle de ses fr\u00e8res hauts de gamme:<\/p>\n<ul class=\"lista\">\n<li><a href=\"https:\/\/www.vsveicolispeciali.com\/fr\/amenagement-vehicules-magasin-commerce-ambulant\/food-truck-camion-magasin-pour-vente-ambulante\/acheter-un-food-truck-personnalise\/\" target=\"_blank\" rel=\"noopener\">Professional food truck<\/a>;<\/li>\n<li><a href=\"https:\/\/www.vsveicolispeciali.com\/fr\/amenagement-vehicules-magasin-commerce-ambulant\/food-truck-camion-magasin-pour-vente-ambulante\/citroen-jumper-food-truck-neuf-innovant\/\" target=\"_blank\" rel=\"noopener\">NV food truck<\/a>.<\/li>\n<\/ul>\n<p>&nbsp;<br \/>\n<a href=\"https:\/\/www.vsveicolispeciali.com\/fr\/street-food-truck\/eco-food-truck-pizza-pz1\/\" rel=\"noopener\" target=\"_blank\">ECO FOOD TRUCK PIZZA PZ1<\/a><br \/>\n<a href=\"https:\/\/www.vsveicolispeciali.com\/wp-content\/uploads\/2024\/11\/camion-pizza-food-truck-pz1.jpg\"><img loading=\"lazy\" decoding=\"async\" src=\"https:\/\/www.vsveicolispeciali.com\/wp-content\/uploads\/2024\/11\/camion-pizza-food-truck-pz1.jpg\" alt=\"camion pizza food truck pz1\" width=\"810\" height=\"679\" class=\"alignleft size-full wp-image-27138\" srcset=\"https:\/\/www.vsveicolispeciali.com\/wp-content\/uploads\/2024\/11\/camion-pizza-food-truck-pz1.jpg 810w, https:\/\/www.vsveicolispeciali.com\/wp-content\/uploads\/2024\/11\/camion-pizza-food-truck-pz1-300x251.jpg 300w, https:\/\/www.vsveicolispeciali.com\/wp-content\/uploads\/2024\/11\/camion-pizza-food-truck-pz1-768x644.jpg 768w, https:\/\/www.vsveicolispeciali.com\/wp-content\/uploads\/2024\/11\/camion-pizza-food-truck-pz1-700x587.jpg 700w\" sizes=\"(max-width: 810px) 100vw, 810px\" \/><\/a><br \/>\n&nbsp;<\/p>\n<p>Son <strong>\u00e9quipement<\/strong> comprend :<\/p>\n<ul class=\"lista\">\n<li>Une installation d\u2019eau autonome ;<\/li>\n<li>Une installation \u00e9lectrique 220 V, 16 A, avec disjoncteur ;<\/li>\n<li>2 lignes d\u2019\u00e9clairage pour un total de 10 m\u00e8tres lin\u00e9aires de bandes LED ;<\/li>\n<li>Des espaces de rangement compos\u00e9s de compartiments ouverts tr\u00e8s pratiques pour le stockage des marchandises ;<\/li>\n<li>Des planchers en aluminium recouverts de PVC antibact\u00e9rien et antid\u00e9rapant (cette solution permet de contr\u00f4ler le poids et rend le plancher quasiment indestructible).<\/li>\n<\/ul>\n<p>&nbsp;<br \/>\n<a href=\"https:\/\/www.vsveicolispeciali.com\/fr\/street-food-truck\/camion-pizza-da-salvo-economique-food-truck\/\" rel=\"noopener\" target=\"_blank\">ECO FOOD TRUCK PIZZA DA SALVO<\/a><br \/>\n<a href=\"https:\/\/www.vsveicolispeciali.com\/wp-content\/uploads\/2020\/12\/pizza-truck-economico.jpg\"><img loading=\"lazy\" decoding=\"async\" class=\"alignleft size-full wp-image-13917\" src=\"https:\/\/www.vsveicolispeciali.com\/wp-content\/uploads\/2020\/12\/pizza-truck-economico.jpg\" alt=\"food truck \u00e9cologique en version camion \u00e0 pizza \u00e9conomique, blanc sans peinture, \u00e9quip\u00e9 de l'essentiel pour maximiser les profits de la restauration\" width=\"800\" height=\"614\" srcset=\"https:\/\/www.vsveicolispeciali.com\/wp-content\/uploads\/2020\/12\/pizza-truck-economico.jpg 800w, https:\/\/www.vsveicolispeciali.com\/wp-content\/uploads\/2020\/12\/pizza-truck-economico-300x230.jpg 300w, https:\/\/www.vsveicolispeciali.com\/wp-content\/uploads\/2020\/12\/pizza-truck-economico-768x589.jpg 768w, https:\/\/www.vsveicolispeciali.com\/wp-content\/uploads\/2020\/12\/pizza-truck-economico-700x537.jpg 700w\" sizes=\"(max-width: 800px) 100vw, 800px\" \/><\/a><br \/>\n&nbsp;<br \/>\nLes <strong>accessoires de base<\/strong> sont les m\u00eames :<\/p>\n<ul class=\"lista\">\n<li>Des pieds de stationnement manuels<\/li>\n<li>Une marche de mont\u00e9e escamotable<\/li>\n<\/ul>\n<p>&nbsp;<br \/>\n<a href=\"https:\/\/www.vsveicolispeciali.com\/fr\/street-food-truck\/camion-friterie-misses-fries\/\" rel=\"noopener\" target=\"_blank\">ECO FOOD TRUCK FRITERIE MISSES FRIES<\/a><br \/>\n<a href=\"https:\/\/www.vsveicolispeciali.com\/wp-content\/uploads\/2024\/10\/friggitoria-ambulante-misses-fries-svizzera.jpg\"><img loading=\"lazy\" decoding=\"async\" src=\"https:\/\/www.vsveicolispeciali.com\/wp-content\/uploads\/2024\/10\/friggitoria-ambulante-misses-fries-svizzera.jpg\" alt=\"MISSES FRIES camion friterie a Geneve Swiss\" width=\"1000\" height=\"800\" class=\"alignleft size-full wp-image-26602\" srcset=\"https:\/\/www.vsveicolispeciali.com\/wp-content\/uploads\/2024\/10\/friggitoria-ambulante-misses-fries-svizzera.jpg 1000w, https:\/\/www.vsveicolispeciali.com\/wp-content\/uploads\/2024\/10\/friggitoria-ambulante-misses-fries-svizzera-300x240.jpg 300w, https:\/\/www.vsveicolispeciali.com\/wp-content\/uploads\/2024\/10\/friggitoria-ambulante-misses-fries-svizzera-768x614.jpg 768w, https:\/\/www.vsveicolispeciali.com\/wp-content\/uploads\/2024\/10\/friggitoria-ambulante-misses-fries-svizzera-700x560.jpg 700w\" sizes=\"(max-width: 1000px) 100vw, 1000px\" \/><\/a><br \/>\n&nbsp;<\/p>\n<p>L\u2019\u00e9co food truck est disponible en <strong>4 versions ou am\u00e9nagements<\/strong> :<\/p>\n<ol class=\"lista\">\n<li><a href=\"https:\/\/www.vsveicolispeciali.com\/fr\/street-food\/food-truck-pizza-camion\/\" rel=\"noopener\" target=\"_blank\">Pizzeria<\/a> ;<\/li>\n<li>Restaurant (sur lequel il faudra int\u00e9grer les \u00e9l\u00e9ments de cuisson n\u00e9cessaires) ;<\/li>\n<li>Marchand ambulant de glaces ;<\/li>\n<li>Expositif-promotionnel.<\/li>\n<\/ol>\n<p>&nbsp;<\/p>\n<p>Le <strong>co\u00fbt d\u2019un \u00e9co food truck<\/strong> est bien inf\u00e9rieur \u00e0 celui des produits hauts de gamme, m\u00eame si l\u2019efficacit\u00e9 et la capacit\u00e9 de production restent les m\u00eames.<\/p>\n<p>Pour cette raison, c&rsquo;est une excellente alternative aux <a href=\"https:\/\/www.vsveicolispeciali.com\/fr\/notre-objectif-nest-pas-de-vendre-un-food-truck-a-tout-prix\/\">food trucks \u00e0 vendre<\/a> \u00e0 bas prix \u00e9tant d&rsquo;occasion.<\/p>\n<p>Un v\u00e9hicule comme celui-ci peut \u00eatre utilis\u00e9 de mani\u00e8re <a href=\"https:\/\/www.vsveicolispeciali.com\/fr\/multiplier-les-food-trucks-pour-multiplier-les-benefices\/\">rentable par les entreprises<\/a> de restauration et de l\u2019industrie alimentaire, mais aussi par les petits entrepreneurs et les vendeurs ambulants qui cherchent un moyen plus abordable de <a href=\"https:\/\/www.vsveicolispeciali.com\/fr\/9-bonnes-raisons-dacheter-un-food-truck-et-de-lancer-une-activite-itinerante\/\">lancer un food truck<\/a>, en \u00e9conomisant sur l\u2019investissement initial.<\/p>\n<p><strong>Gr\u00e2ce \u00e0 l\u2019\u00e9co food truck, renoncer \u00e0 la personnalisation esth\u00e9tique n\u2019est pas un prix \u00e0 payer, mais un co\u00fbt \u00e0 \u00e9conomiser<\/strong>.<\/p>\n<p>&nbsp;<\/p>\n\n\t\t<style type=\"text\/css\">\n\t\t\t#gallery-1 {\n\t\t\t\tmargin: auto;\n\t\t\t}\n\t\t\t#gallery-1 .gallery-item {\n\t\t\t\tfloat: left;\n\t\t\t\tmargin-top: 10px;\n\t\t\t\ttext-align: center;\n\t\t\t\twidth: 33%;\n\t\t\t}\n\t\t\t#gallery-1 img {\n\t\t\t\tborder: 2px solid #cfcfcf;\n\t\t\t}\n\t\t\t#gallery-1 .gallery-caption {\n\t\t\t\tmargin-left: 0;\n\t\t\t}\n\t\t\t\/* see gallery_shortcode() in wp-includes\/media.php *\/\n\t\t<\/style>\n\t\t<div id='gallery-1' class='gallery galleryid-14989 gallery-columns-3 gallery-size-thumbnail'><dl class='gallery-item'>\n\t\t\t<dt class='gallery-icon landscape'>\n\t\t\t\t<a href='https:\/\/www.vsveicolispeciali.com\/fr\/eco-food-truck-solution-de-qualite-tout-en-faisant-des-economies\/maracaiba-flotta-food-truck-costi-bassi-business-scalabile-2\/'><img loading=\"lazy\" decoding=\"async\" width=\"150\" height=\"150\" src=\"https:\/\/www.vsveicolispeciali.com\/wp-content\/uploads\/2021\/08\/maracaiba-flotta-food-truck-costi-bassi-business-scalabile-150x150.jpg\" class=\"attachment-thumbnail size-thumbnail\" alt=\"flotte de camions de restauration maracaiba pour livraison achet\u00e9e \u00e0 faible co\u00fbt, entreprise \u00e9volutive\" srcset=\"https:\/\/www.vsveicolispeciali.com\/wp-content\/uploads\/2021\/08\/maracaiba-flotta-food-truck-costi-bassi-business-scalabile-150x150.jpg 150w, https:\/\/www.vsveicolispeciali.com\/wp-content\/uploads\/2021\/08\/maracaiba-flotta-food-truck-costi-bassi-business-scalabile-570x570.jpg 570w, https:\/\/www.vsveicolispeciali.com\/wp-content\/uploads\/2021\/08\/maracaiba-flotta-food-truck-costi-bassi-business-scalabile-500x500.jpg 500w\" sizes=\"(max-width: 150px) 100vw, 150px\" \/><\/a>\n\t\t\t<\/dt><\/dl>\n\t\t\t<br style='clear: both' \/>\n\t\t<\/div>\n\n<p>&nbsp;<\/p>\n","protected":false},"excerpt":{"rendered":"<p>Depuis des ann\u00e9es, le march\u00e9 des food trucks s\u2019oriente vers une personnalisation extr\u00eame du design et vers la recherche d\u2019une identit\u00e9 esth\u00e9tique forte, coh\u00e9rente avec la marque et ses valeurs. Les entreprises qui ach\u00e8tent des v\u00e9hicules pour le street food et la promotion itin\u00e9rante souhaitent&#8230;<\/p>\n","protected":false},"author":1001012,"featured_media":13915,"comment_status":"closed","ping_status":"open","sticky":false,"template":"","format":"gallery","meta":{"footnotes":""},"categories":[27],"tags":[189,180,184],"class_list":["post-14989","post","type-post","status-publish","format-gallery","has-post-thumbnail","hentry","category-news-fr","tag-camion-pizza","tag-amenagement-food-truck-prix","tag-ouvrir-un-food-truck","post_format-post-format-gallery"],"yoast_head":"<!-- This site is optimized with the Yoast SEO plugin v25.4 - https:\/\/yoast.com\/wordpress\/plugins\/seo\/ -->\n<title>\u00c9co Food Truck \u2013 Profitez de la qualit\u00e9 \u00e0 un Prix abordable<\/title>\n<meta name=\"description\" content=\"Achetez un food truck solide et fonctionnel \u00e0 moindre co\u00fbt. V\u00e9hicule \u00e9conomique avec un design adaptable et des volumes de production \u00e9lev\u00e9s\" \/>\n<meta name=\"robots\" content=\"index, follow, max-snippet:-1, max-image-preview:large, max-video-preview:-1\" \/>\n<link rel=\"canonical\" href=\"https:\/\/www.vsveicolispeciali.com\/fr\/eco-food-truck-solution-de-qualite-tout-en-faisant-des-economies\/\" \/>\n<meta property=\"og:locale\" content=\"fr_FR\" \/>\n<meta property=\"og:type\" content=\"article\" \/>\n<meta property=\"og:title\" content=\"\u00c9co Food Truck \u2013 Profitez de la qualit\u00e9 \u00e0 un Prix abordable\" \/>\n<meta property=\"og:description\" content=\"Achetez un food truck solide et fonctionnel \u00e0 moindre co\u00fbt. V\u00e9hicule \u00e9conomique avec un design adaptable et des volumes de production \u00e9lev\u00e9s\" \/>\n<meta property=\"og:url\" content=\"https:\/\/www.vsveicolispeciali.com\/fr\/eco-food-truck-solution-de-qualite-tout-en-faisant-des-economies\/\" \/>\n<meta property=\"og:site_name\" content=\"VS Veicoli Speciali\" \/>\n<meta property=\"article:publisher\" content=\"https:\/\/www.facebook.com\/VSVeicoliSpeciali.Food.Trucks\/\" \/>\n<meta property=\"article:published_time\" content=\"2021-08-11T18:44:35+00:00\" \/>\n<meta property=\"article:modified_time\" content=\"2024-12-17T18:52:01+00:00\" \/>\n<meta property=\"og:image\" content=\"https:\/\/www.vsveicolispeciali.com\/wp-content\/uploads\/2020\/12\/eco-food-truck-pizzeria-ambulante.jpg\" \/>\n\t<meta property=\"og:image:width\" content=\"800\" \/>\n\t<meta property=\"og:image:height\" content=\"533\" \/>\n\t<meta property=\"og:image:type\" content=\"image\/jpeg\" \/>\n<meta name=\"author\" content=\"VS Veicoli Speciali\" \/>\n<meta name=\"twitter:card\" content=\"summary_large_image\" \/>\n<meta name=\"twitter:creator\" content=\"@veicolispeciali\" \/>\n<meta name=\"twitter:site\" content=\"@veicolispeciali\" \/>\n<meta name=\"twitter:label1\" content=\"\u00c9crit par\" \/>\n\t<meta name=\"twitter:data1\" content=\"VS Veicoli Speciali\" \/>\n\t<meta name=\"twitter:label2\" content=\"Dur\u00e9e de lecture estim\u00e9e\" \/>\n\t<meta name=\"twitter:data2\" content=\"6 minutes\" \/>\n<script type=\"application\/ld+json\" class=\"yoast-schema-graph\">{\"@context\":\"https:\/\/schema.org\",\"@graph\":[{\"@type\":\"Article\",\"@id\":\"https:\/\/www.vsveicolispeciali.com\/fr\/eco-food-truck-solution-de-qualite-tout-en-faisant-des-economies\/#article\",\"isPartOf\":{\"@id\":\"https:\/\/www.vsveicolispeciali.com\/fr\/eco-food-truck-solution-de-qualite-tout-en-faisant-des-economies\/\"},\"author\":{\"name\":\"VS Veicoli Speciali\",\"@id\":\"https:\/\/www.vsveicolispeciali.com\/fr\/#\/schema\/person\/1241826d792bde4333b3db1395b12be9\"},\"headline\":\"\u00c9co Food Truck \u2013 Profitez de la qualit\u00e9 \u00e0 un prix abordable\",\"datePublished\":\"2021-08-11T18:44:35+00:00\",\"dateModified\":\"2024-12-17T18:52:01+00:00\",\"mainEntityOfPage\":{\"@id\":\"https:\/\/www.vsveicolispeciali.com\/fr\/eco-food-truck-solution-de-qualite-tout-en-faisant-des-economies\/\"},\"wordCount\":906,\"publisher\":{\"@id\":\"https:\/\/www.vsveicolispeciali.com\/fr\/#organization\"},\"image\":{\"@id\":\"https:\/\/www.vsveicolispeciali.com\/fr\/eco-food-truck-solution-de-qualite-tout-en-faisant-des-economies\/#primaryimage\"},\"thumbnailUrl\":\"https:\/\/www.vsveicolispeciali.com\/wp-content\/uploads\/2020\/12\/eco-food-truck-pizzeria-ambulante.jpg\",\"keywords\":[\"camion pizza\",\"am\u00e9nagement food truck prix\",\"ouvrir un food truck\"],\"articleSection\":[\"News\"],\"inLanguage\":\"fr-FR\"},{\"@type\":\"WebPage\",\"@id\":\"https:\/\/www.vsveicolispeciali.com\/fr\/eco-food-truck-solution-de-qualite-tout-en-faisant-des-economies\/\",\"url\":\"https:\/\/www.vsveicolispeciali.com\/fr\/eco-food-truck-solution-de-qualite-tout-en-faisant-des-economies\/\",\"name\":\"\u00c9co Food Truck \u2013 Profitez de la qualit\u00e9 \u00e0 un Prix abordable\",\"isPartOf\":{\"@id\":\"https:\/\/www.vsveicolispeciali.com\/fr\/#website\"},\"primaryImageOfPage\":{\"@id\":\"https:\/\/www.vsveicolispeciali.com\/fr\/eco-food-truck-solution-de-qualite-tout-en-faisant-des-economies\/#primaryimage\"},\"image\":{\"@id\":\"https:\/\/www.vsveicolispeciali.com\/fr\/eco-food-truck-solution-de-qualite-tout-en-faisant-des-economies\/#primaryimage\"},\"thumbnailUrl\":\"https:\/\/www.vsveicolispeciali.com\/wp-content\/uploads\/2020\/12\/eco-food-truck-pizzeria-ambulante.jpg\",\"datePublished\":\"2021-08-11T18:44:35+00:00\",\"dateModified\":\"2024-12-17T18:52:01+00:00\",\"description\":\"Achetez un food truck solide et fonctionnel \u00e0 moindre co\u00fbt. V\u00e9hicule \u00e9conomique avec un design adaptable et des volumes de production \u00e9lev\u00e9s\",\"breadcrumb\":{\"@id\":\"https:\/\/www.vsveicolispeciali.com\/fr\/eco-food-truck-solution-de-qualite-tout-en-faisant-des-economies\/#breadcrumb\"},\"inLanguage\":\"fr-FR\",\"potentialAction\":[{\"@type\":\"ReadAction\",\"target\":[\"https:\/\/www.vsveicolispeciali.com\/fr\/eco-food-truck-solution-de-qualite-tout-en-faisant-des-economies\/\"]}]},{\"@type\":\"ImageObject\",\"inLanguage\":\"fr-FR\",\"@id\":\"https:\/\/www.vsveicolispeciali.com\/fr\/eco-food-truck-solution-de-qualite-tout-en-faisant-des-economies\/#primaryimage\",\"url\":\"https:\/\/www.vsveicolispeciali.com\/wp-content\/uploads\/2020\/12\/eco-food-truck-pizzeria-ambulante.jpg\",\"contentUrl\":\"https:\/\/www.vsveicolispeciali.com\/wp-content\/uploads\/2020\/12\/eco-food-truck-pizzeria-ambulante.jpg\",\"width\":800,\"height\":533,\"caption\":\"eco food truck pizzeria ambulante non verniciato con attrezzature essenziali orientato alla vendita\"},{\"@type\":\"BreadcrumbList\",\"@id\":\"https:\/\/www.vsveicolispeciali.com\/fr\/eco-food-truck-solution-de-qualite-tout-en-faisant-des-economies\/#breadcrumb\",\"itemListElement\":[{\"@type\":\"ListItem\",\"position\":1,\"name\":\"Home\",\"item\":\"https:\/\/www.vsveicolispeciali.com\/fr\/\"},{\"@type\":\"ListItem\",\"position\":2,\"name\":\"\u00c9co Food Truck \u2013 Profitez de la qualit\u00e9 \u00e0 un prix abordable\"}]},{\"@type\":\"WebSite\",\"@id\":\"https:\/\/www.vsveicolispeciali.com\/fr\/#website\",\"url\":\"https:\/\/www.vsveicolispeciali.com\/fr\/\",\"name\":\"VS Veicoli Speciali\",\"description\":\"\",\"publisher\":{\"@id\":\"https:\/\/www.vsveicolispeciali.com\/fr\/#organization\"},\"potentialAction\":[{\"@type\":\"SearchAction\",\"target\":{\"@type\":\"EntryPoint\",\"urlTemplate\":\"https:\/\/www.vsveicolispeciali.com\/fr\/?s={search_term_string}\"},\"query-input\":{\"@type\":\"PropertyValueSpecification\",\"valueRequired\":true,\"valueName\":\"search_term_string\"}}],\"inLanguage\":\"fr-FR\"},{\"@type\":\"Organization\",\"@id\":\"https:\/\/www.vsveicolispeciali.com\/fr\/#organization\",\"name\":\"VS Veicoli Speciali\",\"url\":\"https:\/\/www.vsveicolispeciali.com\/fr\/\",\"logo\":{\"@type\":\"ImageObject\",\"inLanguage\":\"fr-FR\",\"@id\":\"https:\/\/www.vsveicolispeciali.com\/fr\/#\/schema\/logo\/image\/\",\"url\":\"http:\/\/www.vsveicolispeciali.com\/wp-content\/uploads\/2015\/05\/vs_veicoli_speciali-logo.png\",\"contentUrl\":\"http:\/\/www.vsveicolispeciali.com\/wp-content\/uploads\/2015\/05\/vs_veicoli_speciali-logo.png\",\"width\":252,\"height\":134,\"caption\":\"VS Veicoli Speciali\"},\"image\":{\"@id\":\"https:\/\/www.vsveicolispeciali.com\/fr\/#\/schema\/logo\/image\/\"},\"sameAs\":[\"https:\/\/www.facebook.com\/VSVeicoliSpeciali.Food.Trucks\/\",\"https:\/\/x.com\/veicolispeciali\",\"https:\/\/www.instagram.com\/vs_veicolispeciali\/\",\"https:\/\/www.linkedin.com\/company\/2811960\/\",\"https:\/\/www.pinterest.com\/streetfoodtruck\/\",\"https:\/\/www.youtube.com\/user\/veicolispeciali\"]},{\"@type\":\"Person\",\"@id\":\"https:\/\/www.vsveicolispeciali.com\/fr\/#\/schema\/person\/1241826d792bde4333b3db1395b12be9\",\"name\":\"VS Veicoli Speciali\",\"image\":{\"@type\":\"ImageObject\",\"inLanguage\":\"fr-FR\",\"@id\":\"https:\/\/www.vsveicolispeciali.com\/fr\/#\/schema\/person\/image\/\",\"url\":\"https:\/\/secure.gravatar.com\/avatar\/4ea93278e71ba140dbbbfb5d34409507?s=96&d=mm&r=g\",\"contentUrl\":\"https:\/\/secure.gravatar.com\/avatar\/4ea93278e71ba140dbbbfb5d34409507?s=96&d=mm&r=g\",\"caption\":\"VS Veicoli Speciali\"}}]}<\/script>\n<!-- \/ Yoast SEO plugin. -->","yoast_head_json":{"title":"\u00c9co Food Truck \u2013 Profitez de la qualit\u00e9 \u00e0 un Prix abordable","description":"Achetez un food truck solide et fonctionnel \u00e0 moindre co\u00fbt. V\u00e9hicule \u00e9conomique avec un design adaptable et des volumes de production \u00e9lev\u00e9s","robots":{"index":"index","follow":"follow","max-snippet":"max-snippet:-1","max-image-preview":"max-image-preview:large","max-video-preview":"max-video-preview:-1"},"canonical":"https:\/\/www.vsveicolispeciali.com\/fr\/eco-food-truck-solution-de-qualite-tout-en-faisant-des-economies\/","og_locale":"fr_FR","og_type":"article","og_title":"\u00c9co Food Truck \u2013 Profitez de la qualit\u00e9 \u00e0 un Prix abordable","og_description":"Achetez un food truck solide et fonctionnel \u00e0 moindre co\u00fbt. V\u00e9hicule \u00e9conomique avec un design adaptable et des volumes de production \u00e9lev\u00e9s","og_url":"https:\/\/www.vsveicolispeciali.com\/fr\/eco-food-truck-solution-de-qualite-tout-en-faisant-des-economies\/","og_site_name":"VS Veicoli Speciali","article_publisher":"https:\/\/www.facebook.com\/VSVeicoliSpeciali.Food.Trucks\/","article_published_time":"2021-08-11T18:44:35+00:00","article_modified_time":"2024-12-17T18:52:01+00:00","og_image":[{"width":800,"height":533,"url":"https:\/\/www.vsveicolispeciali.com\/wp-content\/uploads\/2020\/12\/eco-food-truck-pizzeria-ambulante.jpg","type":"image\/jpeg"}],"author":"VS Veicoli Speciali","twitter_card":"summary_large_image","twitter_creator":"@veicolispeciali","twitter_site":"@veicolispeciali","twitter_misc":{"\u00c9crit par":"VS Veicoli Speciali","Dur\u00e9e de lecture estim\u00e9e":"6 minutes"},"schema":{"@context":"https:\/\/schema.org","@graph":[{"@type":"Article","@id":"https:\/\/www.vsveicolispeciali.com\/fr\/eco-food-truck-solution-de-qualite-tout-en-faisant-des-economies\/#article","isPartOf":{"@id":"https:\/\/www.vsveicolispeciali.com\/fr\/eco-food-truck-solution-de-qualite-tout-en-faisant-des-economies\/"},"author":{"name":"VS Veicoli Speciali","@id":"https:\/\/www.vsveicolispeciali.com\/fr\/#\/schema\/person\/1241826d792bde4333b3db1395b12be9"},"headline":"\u00c9co Food Truck \u2013 Profitez de la qualit\u00e9 \u00e0 un prix abordable","datePublished":"2021-08-11T18:44:35+00:00","dateModified":"2024-12-17T18:52:01+00:00","mainEntityOfPage":{"@id":"https:\/\/www.vsveicolispeciali.com\/fr\/eco-food-truck-solution-de-qualite-tout-en-faisant-des-economies\/"},"wordCount":906,"publisher":{"@id":"https:\/\/www.vsveicolispeciali.com\/fr\/#organization"},"image":{"@id":"https:\/\/www.vsveicolispeciali.com\/fr\/eco-food-truck-solution-de-qualite-tout-en-faisant-des-economies\/#primaryimage"},"thumbnailUrl":"https:\/\/www.vsveicolispeciali.com\/wp-content\/uploads\/2020\/12\/eco-food-truck-pizzeria-ambulante.jpg","keywords":["camion pizza","am\u00e9nagement food truck prix","ouvrir un food truck"],"articleSection":["News"],"inLanguage":"fr-FR"},{"@type":"WebPage","@id":"https:\/\/www.vsveicolispeciali.com\/fr\/eco-food-truck-solution-de-qualite-tout-en-faisant-des-economies\/","url":"https:\/\/www.vsveicolispeciali.com\/fr\/eco-food-truck-solution-de-qualite-tout-en-faisant-des-economies\/","name":"\u00c9co Food Truck \u2013 Profitez de la qualit\u00e9 \u00e0 un Prix abordable","isPartOf":{"@id":"https:\/\/www.vsveicolispeciali.com\/fr\/#website"},"primaryImageOfPage":{"@id":"https:\/\/www.vsveicolispeciali.com\/fr\/eco-food-truck-solution-de-qualite-tout-en-faisant-des-economies\/#primaryimage"},"image":{"@id":"https:\/\/www.vsveicolispeciali.com\/fr\/eco-food-truck-solution-de-qualite-tout-en-faisant-des-economies\/#primaryimage"},"thumbnailUrl":"https:\/\/www.vsveicolispeciali.com\/wp-content\/uploads\/2020\/12\/eco-food-truck-pizzeria-ambulante.jpg","datePublished":"2021-08-11T18:44:35+00:00","dateModified":"2024-12-17T18:52:01+00:00","description":"Achetez un food truck solide et fonctionnel \u00e0 moindre co\u00fbt. V\u00e9hicule \u00e9conomique avec un design adaptable et des volumes de production \u00e9lev\u00e9s","breadcrumb":{"@id":"https:\/\/www.vsveicolispeciali.com\/fr\/eco-food-truck-solution-de-qualite-tout-en-faisant-des-economies\/#breadcrumb"},"inLanguage":"fr-FR","potentialAction":[{"@type":"ReadAction","target":["https:\/\/www.vsveicolispeciali.com\/fr\/eco-food-truck-solution-de-qualite-tout-en-faisant-des-economies\/"]}]},{"@type":"ImageObject","inLanguage":"fr-FR","@id":"https:\/\/www.vsveicolispeciali.com\/fr\/eco-food-truck-solution-de-qualite-tout-en-faisant-des-economies\/#primaryimage","url":"https:\/\/www.vsveicolispeciali.com\/wp-content\/uploads\/2020\/12\/eco-food-truck-pizzeria-ambulante.jpg","contentUrl":"https:\/\/www.vsveicolispeciali.com\/wp-content\/uploads\/2020\/12\/eco-food-truck-pizzeria-ambulante.jpg","width":800,"height":533,"caption":"eco food truck pizzeria ambulante non verniciato con attrezzature essenziali orientato alla vendita"},{"@type":"BreadcrumbList","@id":"https:\/\/www.vsveicolispeciali.com\/fr\/eco-food-truck-solution-de-qualite-tout-en-faisant-des-economies\/#breadcrumb","itemListElement":[{"@type":"ListItem","position":1,"name":"Home","item":"https:\/\/www.vsveicolispeciali.com\/fr\/"},{"@type":"ListItem","position":2,"name":"\u00c9co Food Truck \u2013 Profitez de la qualit\u00e9 \u00e0 un prix abordable"}]},{"@type":"WebSite","@id":"https:\/\/www.vsveicolispeciali.com\/fr\/#website","url":"https:\/\/www.vsveicolispeciali.com\/fr\/","name":"VS Veicoli Speciali","description":"","publisher":{"@id":"https:\/\/www.vsveicolispeciali.com\/fr\/#organization"},"potentialAction":[{"@type":"SearchAction","target":{"@type":"EntryPoint","urlTemplate":"https:\/\/www.vsveicolispeciali.com\/fr\/?s={search_term_string}"},"query-input":{"@type":"PropertyValueSpecification","valueRequired":true,"valueName":"search_term_string"}}],"inLanguage":"fr-FR"},{"@type":"Organization","@id":"https:\/\/www.vsveicolispeciali.com\/fr\/#organization","name":"VS Veicoli Speciali","url":"https:\/\/www.vsveicolispeciali.com\/fr\/","logo":{"@type":"ImageObject","inLanguage":"fr-FR","@id":"https:\/\/www.vsveicolispeciali.com\/fr\/#\/schema\/logo\/image\/","url":"http:\/\/www.vsveicolispeciali.com\/wp-content\/uploads\/2015\/05\/vs_veicoli_speciali-logo.png","contentUrl":"http:\/\/www.vsveicolispeciali.com\/wp-content\/uploads\/2015\/05\/vs_veicoli_speciali-logo.png","width":252,"height":134,"caption":"VS Veicoli Speciali"},"image":{"@id":"https:\/\/www.vsveicolispeciali.com\/fr\/#\/schema\/logo\/image\/"},"sameAs":["https:\/\/www.facebook.com\/VSVeicoliSpeciali.Food.Trucks\/","https:\/\/x.com\/veicolispeciali","https:\/\/www.instagram.com\/vs_veicolispeciali\/","https:\/\/www.linkedin.com\/company\/2811960\/","https:\/\/www.pinterest.com\/streetfoodtruck\/","https:\/\/www.youtube.com\/user\/veicolispeciali"]},{"@type":"Person","@id":"https:\/\/www.vsveicolispeciali.com\/fr\/#\/schema\/person\/1241826d792bde4333b3db1395b12be9","name":"VS Veicoli Speciali","image":{"@type":"ImageObject","inLanguage":"fr-FR","@id":"https:\/\/www.vsveicolispeciali.com\/fr\/#\/schema\/person\/image\/","url":"https:\/\/secure.gravatar.com\/avatar\/4ea93278e71ba140dbbbfb5d34409507?s=96&d=mm&r=g","contentUrl":"https:\/\/secure.gravatar.com\/avatar\/4ea93278e71ba140dbbbfb5d34409507?s=96&d=mm&r=g","caption":"VS Veicoli Speciali"}}]}},"_links":{"self":[{"href":"https:\/\/www.vsveicolispeciali.com\/fr\/wp-json\/wp\/v2\/posts\/14989"}],"collection":[{"href":"https:\/\/www.vsveicolispeciali.com\/fr\/wp-json\/wp\/v2\/posts"}],"about":[{"href":"https:\/\/www.vsveicolispeciali.com\/fr\/wp-json\/wp\/v2\/types\/post"}],"author":[{"embeddable":true,"href":"https:\/\/www.vsveicolispeciali.com\/fr\/wp-json\/wp\/v2\/users\/1001012"}],"replies":[{"embeddable":true,"href":"https:\/\/www.vsveicolispeciali.com\/fr\/wp-json\/wp\/v2\/comments?post=14989"}],"version-history":[{"count":11,"href":"https:\/\/www.vsveicolispeciali.com\/fr\/wp-json\/wp\/v2\/posts\/14989\/revisions"}],"predecessor-version":[{"id":27421,"href":"https:\/\/www.vsveicolispeciali.com\/fr\/wp-json\/wp\/v2\/posts\/14989\/revisions\/27421"}],"wp:featuredmedia":[{"embeddable":true,"href":"https:\/\/www.vsveicolispeciali.com\/fr\/wp-json\/wp\/v2\/media\/13915"}],"wp:attachment":[{"href":"https:\/\/www.vsveicolispeciali.com\/fr\/wp-json\/wp\/v2\/media?parent=14989"}],"wp:term":[{"taxonomy":"category","embeddable":true,"href":"https:\/\/www.vsveicolispeciali.com\/fr\/wp-json\/wp\/v2\/categories?post=14989"},{"taxonomy":"post_tag","embeddable":true,"href":"https:\/\/www.vsveicolispeciali.com\/fr\/wp-json\/wp\/v2\/tags?post=14989"}],"curies":[{"name":"wp","href":"https:\/\/api.w.org\/{rel}","templated":true}]}}