{"id":14584,"date":"2021-03-13T16:29:19","date_gmt":"2021-03-13T15:29:19","guid":{"rendered":"http:\/\/vsveicolispeciali.com\/food-truck-eno-gastronomici-cucina-gourmet-per-clienti-selezionati\/"},"modified":"2024-11-24T21:28:07","modified_gmt":"2024-11-24T20:28:07","slug":"food-trucks-oeno-gastronomiques-cuisine-gourmande-clients-privilegies","status":"publish","type":"post","link":"https:\/\/www.vsveicolispeciali.com\/fr\/food-trucks-oeno-gastronomiques-cuisine-gourmande-clients-privilegies\/","title":{"rendered":"Food trucks \u0153no-gastronomiques\u00a0: cuisine gourmande pour des clients privil\u00e9gi\u00e9s"},"content":{"rendered":"<p>Sur notre blog, nous avons souvent parl\u00e9 du succ\u00e8s croissant des food trucks, parmi les <strong>moyennes et grandes entreprises<\/strong>, un nouveau ph\u00e9nom\u00e8ne qui a permis d\u2019aller au-del\u00e0 de l\u2019id\u00e9e traditionnelle selon laquelle ce n\u2019\u00e9taient que de simples v\u00e9hicules pour la vente ambulante et la vente sur les march\u00e9s.<\/p>\n<p>Les <a href=\"https:\/\/www.vsveicolispeciali.com\/fr\/amenagement-vehicules-magasin-commerce-ambulant\/food-truck-camion-magasin-pour-vente-ambulante\/\" target=\"_blank\" rel=\"noopener noreferrer\">food trucks<\/a> sont con\u00e7us non seulement pour vendre des snacks, des plats chauds et des produits gastronomiques, mais aussi pour promouvoir une firme, un style, une ligne de produits ou une nouvelle marque.<\/p>\n<p>Les grandes entreprises et les multinationales <strong>ach\u00e8tent<\/strong> parfois <strong>des food trucks<\/strong> \u00ab\u00a0uniquement\u00a0\u00bb pour offrir un service \u00e0 leurs clients ou leurs employ\u00e9s d\u2019une mani\u00e8re qui donne du prestige \u00e0 leur marque, en cr\u00e9ant une atmosph\u00e8re conviviale et positive pour tous les utilisateurs.<\/p>\n<p>Si nous examinons d\u2019autres secteurs diff\u00e9rents par rapport \u00e0 ceux de la restauration et de l\u2019alimentation, nous noterons des <strong>entrepreneurs<\/strong> qui ach\u00e8tent des trucks am\u00e9nag\u00e9s pour la vente au d\u00e9tail de v\u00eatements, mais aussi des <strong>entreprises<\/strong> qui ach\u00e8tent des v\u00e9hicules d\u2019exposition pour leurs gammes de design, de haute couture et de bijoux, et m\u00eame des <strong>banques<\/strong> qui font la promotion de leurs services financiers en utilisant des promos trucks personnalis\u00e9s.<\/p>\n<p>Bref, les strat\u00e9gies de vente et de promotion mobiles gagnent en popularit\u00e9, notamment aupr\u00e8s des <a href=\"https:\/\/www.vsveicolispeciali.com\/fr\/food-trucks-innovants-et-nouveaux-modeles-commerciaux-pour-le-street-food\/\" target=\"_blank\" rel=\"noopener noreferrer\">entreprises les plus innovantes<\/a> et avant-gardistes, car ce sont des outils puissants et flexibles permettant d\u2019accro\u00eetre la visibilit\u00e9 de la marque et de gagner de nouveaux clients : des formes proactives de <a href=\"https:\/\/www.vsveicolispeciali.com\/fr\/promo-truck-est-un-outil-de-marketing-dentreprise-efficace\/\" target=\"_blank\" rel=\"noopener noreferrer\">marketing non conventionnel<\/a>.<br \/>\n&nbsp;<br \/>\n<a href=\"https:\/\/www.vsveicolispeciali.com\/wp-content\/uploads\/2021\/03\/ape-food-truck-bee-chic-hotel-positano.jpg\"><img loading=\"lazy\" decoding=\"async\" class=\"alignright size-full wp-image-14560\" src=\"https:\/\/www.vsveicolispeciali.com\/wp-content\/uploads\/2021\/03\/ape-food-truck-bee-chic-hotel-positano.jpg\" alt=\"Bee Chic est un Food Truck Piaggio utilis\u00e9 par l'h\u00f4tel Le Sireneuse \u00e0 Positano comme bar \u00e0 cocktails mobile\" width=\"805\" height=\"572\" srcset=\"https:\/\/www.vsveicolispeciali.com\/wp-content\/uploads\/2021\/03\/ape-food-truck-bee-chic-hotel-positano.jpg 805w, https:\/\/www.vsveicolispeciali.com\/wp-content\/uploads\/2021\/03\/ape-food-truck-bee-chic-hotel-positano-300x213.jpg 300w, https:\/\/www.vsveicolispeciali.com\/wp-content\/uploads\/2021\/03\/ape-food-truck-bee-chic-hotel-positano-768x546.jpg 768w, https:\/\/www.vsveicolispeciali.com\/wp-content\/uploads\/2021\/03\/ape-food-truck-bee-chic-hotel-positano-700x497.jpg 700w\" sizes=\"(max-width: 805px) 100vw, 805px\" \/><\/a><br \/>\n&nbsp;<br \/>\nUn autre ph\u00e9nom\u00e8ne qui passe un peu sous le radar, mais qui m\u00e9rite une grande attention, est la <strong>convergence entre la cuisine gastronomique et les food trucks \u0153nogastronomiques haut de gamme<\/strong>.<br \/>\n&nbsp;&nbsp;<\/p>\n<h2>Le mariage de convenance entre les food trucks et la haute cuisine<\/h2>\n<p>&nbsp;<br \/>\nL\u2019une des tendances contemporaines les plus positives est le d\u00e9sir de <strong>bien manger<\/strong> tout en respectant l\u2019environnement qui nous entoure.<\/p>\n<p>\u00c0 tous les niveaux de la soci\u00e9t\u00e9, les gens appr\u00e9cient et recherchent une alimentation saine et des plats savoureux, pr\u00e9par\u00e9s avec des ingr\u00e9dients naturels et obtenus par des proc\u00e9d\u00e9s non invasifs.<\/p>\n<p>S\u2019il fut un temps o\u00f9 seuls les restaurants \u00e9toil\u00e9s <strong>proposaient des plats gastronomiques<\/strong>, sublim\u00e9s par leur go\u00fbt et leur pr\u00e9sentation, aujourd\u2019hui, la cuisine populaire s\u2019est appropri\u00e9e de l\u2019importance de l\u2019exp\u00e9rimentation culinaire et de la vocation de l\u2019\u00e9l\u00e9gance.<\/p>\n<p>La <strong>cuisine de rue<\/strong> elle-m\u00eame conna\u00eet une nouvelle renaissance, qui puise dans la red\u00e9couverte des plats traditionnels et dans leur contamination par des sp\u00e9cialit\u00e9s d\u2019autres territoires et cultures.<\/p>\n<p>Le soi-disant <strong>street food<\/strong> est de plus en plus la cible des investissements de nombreux acteurs travaillant \u00e0 haut niveau dans le domaine de la restauration traditionnelle.<br \/>\n&nbsp;<br \/>\n<a href=\"https:\/\/www.vsveicolispeciali.com\/wp-content\/uploads\/2021\/03\/italian-food-truck-trailer-lucitta.jpg\"><img loading=\"lazy\" decoding=\"async\" class=\"alignright size-full wp-image-14540\" src=\"https:\/\/www.vsveicolispeciali.com\/wp-content\/uploads\/2021\/03\/italian-food-truck-trailer-lucitta.jpg\" alt=\"Remorque food truck alimentaire italien Ristolucitta en Sardaigne pour des activit\u00e9s gastronomiques de rue\" width=\"805\" height=\"268\" srcset=\"https:\/\/www.vsveicolispeciali.com\/wp-content\/uploads\/2021\/03\/italian-food-truck-trailer-lucitta.jpg 805w, https:\/\/www.vsveicolispeciali.com\/wp-content\/uploads\/2021\/03\/italian-food-truck-trailer-lucitta-300x100.jpg 300w, https:\/\/www.vsveicolispeciali.com\/wp-content\/uploads\/2021\/03\/italian-food-truck-trailer-lucitta-768x256.jpg 768w, https:\/\/www.vsveicolispeciali.com\/wp-content\/uploads\/2021\/03\/italian-food-truck-trailer-lucitta-700x233.jpg 700w\" sizes=\"(max-width: 805px) 100vw, 805px\" \/><\/a><br \/>\n&nbsp;<br \/>\nIl ne fait aucun doute que l\u2019attrait du street food a augment\u00e9 lorsque des food trucks de qualit\u00e9 sup\u00e9rieure, au design \u00e9l\u00e9gant et dot\u00e9s d\u2019un \u00e9quipement qui n\u2019a rien \u00e0 envier aux cuisines des restaurants professionnels, ont commenc\u00e9 \u00e0 circuler sur le march\u00e9.<\/p>\n<p>L\u2019\u00e9quipe VS r\u00e9alise l&rsquo;<a href=\"https:\/\/vsveicolispeciali.com\/fr\/amenagement-vehicules-magasin-commerce-ambulant\/\" target=\"_blank\" rel=\"noopener noreferrer\">am\u00e9nagement d&rsquo;un food truck<\/a> haut de gamme sur mesure pour tous les clients:<\/p>\n<ul class=\"lista\">\n<li>Ape v-curve\u00a0;<\/li>\n<li>Ape tr\u00a0;<\/li>\n<li>Ape smart et V-smart\u00a0;<\/li>\n<li>Piaggio Porter food truck\u00a0;<\/li>\n<li>Professional food truck\u00a0;<\/li>\n<li>NV food truck\u00a0;<\/li>\n<li>Food truck vintage\u00a0;<\/li>\n<li>Eco food truck ;<\/li>\n<li>Pro X food truck .<\/li>\n<\/ul>\n<p>&nbsp;<br \/>\nIls sont tous <strong>personnalis\u00e9s dans les moindres d\u00e9tails<\/strong> en fonction de vos besoins et de vos d\u00e9sirs. Les mat\u00e9riaux, les \u00e9quipements, l\u2019\u00e9clairage, les \u00e9l\u00e9ments graphiques et le design sont toujours d\u2019excellente facture, en coh\u00e9rence stylistique et conceptuelle totale avec les propositions culinaires les plus sophistiqu\u00e9es.<\/p>\n<p>Ainsi, les food trucks et la gastronomie forment une incroyable alliance sur l\u2019autel du <a href=\"https:\/\/www.vsveicolispeciali.com\/fr\/street-food\/\" rel=\"noopener\" target=\"_blank\">street food<\/a> ; <strong>les chefs de renom et les grands cuisiniers<\/strong> deviennent les pr\u00eatres de cette union gagnante.<\/p>\n<p>Nous vous pr\u00e9sentons ci-dessous une s\u00e9rie de <strong>rencontres r\u00e9ussies entre food trucks et cuisine gastronomique<\/strong>, une int\u00e9gration parfaite entre les v\u00e9hicules d\u2019une part, et des transformations d\u2019aliments et de boissons d\u2019exception de l\u2019autre.<\/p>\n<p>Les marques \u00e0 succ\u00e8s et les entreprises actives dans le <strong>secteur de la restauration<\/strong> ont commenc\u00e9 \u00e0 bouger.<\/p>\n<p>&nbsp;&nbsp;<br \/>\n<strong><a href=\"https:\/\/www.vsveicolispeciali.com\/fr\/street-food-truck\/remorque-food-restaurant-ristolucitta\/\" rel=\"noopener\" target=\"_blank\">RISTOLUCITTA<\/a><\/strong><br \/>\n&nbsp;<br \/>\n<a href=\"https:\/\/www.vsveicolispeciali.com\/wp-content\/uploads\/2021\/03\/ristolucitta-food-truck-trailer.jpg\"><img loading=\"lazy\" decoding=\"async\" class=\"alignright size-full wp-image-14544\" src=\"https:\/\/www.vsveicolispeciali.com\/wp-content\/uploads\/2021\/03\/ristolucitta-food-truck-trailer.jpg\" alt=\"Remorque foodtruck futuriste ristolucitta cr\u00e9\u00e9e pour le projet de cuisine de rue de Clelia Bandini\" width=\"805\" height=\"249\" srcset=\"https:\/\/www.vsveicolispeciali.com\/wp-content\/uploads\/2021\/03\/ristolucitta-food-truck-trailer.jpg 805w, https:\/\/www.vsveicolispeciali.com\/wp-content\/uploads\/2021\/03\/ristolucitta-food-truck-trailer-300x93.jpg 300w, https:\/\/www.vsveicolispeciali.com\/wp-content\/uploads\/2021\/03\/ristolucitta-food-truck-trailer-768x238.jpg 768w, https:\/\/www.vsveicolispeciali.com\/wp-content\/uploads\/2021\/03\/ristolucitta-food-truck-trailer-700x217.jpg 700w\" sizes=\"(max-width: 805px) 100vw, 805px\" \/><\/a><br \/>\nProjet de cuisine de rue de la c\u00e9l\u00e8bre chef Clelia Bandini qui propose des plats pr\u00e9par\u00e9s avec 80% d&rsquo;ingr\u00e9dients produits localement.<\/p>\n<p>&nbsp;&nbsp;<br \/>\n<strong><a href=\"https:\/\/www.vsveicolispeciali.com\/fr\/street-food-truck\/piaggio-food-truck-evenementiel\/\" rel=\"noopener\" target=\"_blank\">BEE CHIC<\/a><\/strong><br \/>\n&nbsp;<br \/>\n<a href=\"https:\/\/www.vsveicolispeciali.com\/wp-content\/uploads\/2021\/03\/ape-food-truck-bee-chic-hotel-positano-le-sireneuse.jpg\"><img loading=\"lazy\" decoding=\"async\" class=\"alignright size-full wp-image-14556\" src=\"https:\/\/www.vsveicolispeciali.com\/wp-content\/uploads\/2021\/03\/ape-food-truck-bee-chic-hotel-positano-le-sireneuse.jpg\" alt=\"Ape food truck Bee Chic achet\u00e9 \u00e0 l'h\u00f4tel Le Sireneuse \u00e0 Positano et positionn\u00e9 sur la terrasse\" width=\"805\" height=\"708\" srcset=\"https:\/\/www.vsveicolispeciali.com\/wp-content\/uploads\/2021\/03\/ape-food-truck-bee-chic-hotel-positano-le-sireneuse.jpg 805w, https:\/\/www.vsveicolispeciali.com\/wp-content\/uploads\/2021\/03\/ape-food-truck-bee-chic-hotel-positano-le-sireneuse-300x264.jpg 300w, https:\/\/www.vsveicolispeciali.com\/wp-content\/uploads\/2021\/03\/ape-food-truck-bee-chic-hotel-positano-le-sireneuse-768x675.jpg 768w, https:\/\/www.vsveicolispeciali.com\/wp-content\/uploads\/2021\/03\/ape-food-truck-bee-chic-hotel-positano-le-sireneuse-700x616.jpg 700w\" sizes=\"(max-width: 805px) 100vw, 805px\" \/><\/a><br \/>\nV\u00e9ritable food truck r\u00e9tro chic, un Piaggio Ape transport\u00e9 litt\u00e9ralement en h\u00e9licopt\u00e8re jusqu&rsquo;\u00e0 la terrasse de l&rsquo;h\u00f4tel Le Sireneuse \u00e0 Positano pour se transformer en une irr\u00e9sistible tentation gourmande.<\/p>\n<p>&nbsp;&nbsp;<br \/>\n<strong><a href=\"https:\/\/www.vsveicolispeciali.com\/fr\/street-food-truck\/camionnette-fiat-ducato-food-truck-trevor-suisse\/\" rel=\"noopener\" target=\"_blank\">TR3VOR<\/a><\/strong><br \/>\n&nbsp;<br \/>\n<a href=\"https:\/\/www.vsveicolispeciali.com\/wp-content\/uploads\/2021\/03\/food-truck-imbisswagen-tr3vor-switzerland.jpg\"><img loading=\"lazy\" decoding=\"async\" class=\"alignright size-full wp-image-14565\" src=\"https:\/\/www.vsveicolispeciali.com\/wp-content\/uploads\/2021\/03\/food-truck-imbisswagen-tr3vor-switzerland.jpg\" alt=\"food truck construit pour Tr3vor, un chef \u00e9toil\u00e9 Michelin qui travaille en Suisse\" width=\"805\" height=\"562\" srcset=\"https:\/\/www.vsveicolispeciali.com\/wp-content\/uploads\/2021\/03\/food-truck-imbisswagen-tr3vor-switzerland.jpg 805w, https:\/\/www.vsveicolispeciali.com\/wp-content\/uploads\/2021\/03\/food-truck-imbisswagen-tr3vor-switzerland-300x209.jpg 300w, https:\/\/www.vsveicolispeciali.com\/wp-content\/uploads\/2021\/03\/food-truck-imbisswagen-tr3vor-switzerland-768x536.jpg 768w, https:\/\/www.vsveicolispeciali.com\/wp-content\/uploads\/2021\/03\/food-truck-imbisswagen-tr3vor-switzerland-700x489.jpg 700w\" sizes=\"(max-width: 805px) 100vw, 805px\" \/><\/a><br \/>\nTrevor Alpignani est un chef \u00e9toil\u00e9 au guide Michelin qui se consacre \u00e0 la cuisine de rue de haute qualit\u00e9 en Suisse.<br \/>\nEn plus du food truck Ducato a \u00e9galement achet\u00e9 un <a href=\"https:\/\/www.vsveicolispeciali.com\/fr\/street-food-truck\/triporteur-restaurant-mobile-piaggio-ape-vcurve-tr3vor\/\" target=\"_blank\" rel=\"noopener noreferrer\">triporteur restaurant<\/a><\/p>\n<p>&nbsp;&nbsp;<br \/>\n<strong><a href=\"https:\/\/www.vsveicolispeciali.com\/fr\/street-food-truck\/triporteur-ambulant-bar-a-vin-oenotheque-signorvino\/\" rel=\"noopener\" target=\"_blank\">SIGNORVINO<\/a><\/strong><br \/>\n&nbsp;<br \/>\n<a href=\"https:\/\/www.vsveicolispeciali.com\/wp-content\/uploads\/2021\/03\/triporteur-a-vin-wine-truck-signorvino.jpg\"><img loading=\"lazy\" decoding=\"async\" class=\"alignright size-full wp-image-14552\" src=\"https:\/\/www.vsveicolispeciali.com\/wp-content\/uploads\/2021\/03\/triporteur-a-vin-wine-truck-signorvino.jpg\" alt=\"Wine Truck Signorvino magasin de vin itin\u00e9rant pour la cuisine de rue lors d'\u00e9v\u00e9nements, vend des vins et des plats gastronomiques\" width=\"805\" height=\"805\" srcset=\"https:\/\/www.vsveicolispeciali.com\/wp-content\/uploads\/2021\/03\/triporteur-a-vin-wine-truck-signorvino.jpg 805w, https:\/\/www.vsveicolispeciali.com\/wp-content\/uploads\/2021\/03\/triporteur-a-vin-wine-truck-signorvino-300x300.jpg 300w, https:\/\/www.vsveicolispeciali.com\/wp-content\/uploads\/2021\/03\/triporteur-a-vin-wine-truck-signorvino-150x150.jpg 150w, https:\/\/www.vsveicolispeciali.com\/wp-content\/uploads\/2021\/03\/triporteur-a-vin-wine-truck-signorvino-768x768.jpg 768w, https:\/\/www.vsveicolispeciali.com\/wp-content\/uploads\/2021\/03\/triporteur-a-vin-wine-truck-signorvino-570x570.jpg 570w, https:\/\/www.vsveicolispeciali.com\/wp-content\/uploads\/2021\/03\/triporteur-a-vin-wine-truck-signorvino-500x500.jpg 500w, https:\/\/www.vsveicolispeciali.com\/wp-content\/uploads\/2021\/03\/triporteur-a-vin-wine-truck-signorvino-700x700.jpg 700w\" sizes=\"(max-width: 805px) 100vw, 805px\" \/><\/a><br \/>\nUne marque de plus en plus populaire, connue pour ses bars \u00e0 vins et ses restaurants diss\u00e9min\u00e9s dans toute l&rsquo;Italie, sp\u00e9cialis\u00e9e dans la vente de vins 100% italiens et des d\u00e9gustations de qualit\u00e9.<\/p>\n<p>&nbsp;&nbsp;<\/p>\n<p><strong><a href=\"https:\/\/www.vsveicolispeciali.com\/fr\/street-food-truck\/food-truck-gourmet-street-arbre-cuisine-nomade\/\" rel=\"noopener\" target=\"_blank\">STREET ArBRE<\/a><\/strong><\/p>\n<div style=\"padding: 56.25% 0 0 0; position: relative;\"><iframe style=\"position: absolute; top: 0; left: 0; width: 100%; height: 100%;\" title=\"NV Food Truck | Street ArBre | Gastronomie Nomade France\" src=\"https:\/\/player.vimeo.com\/video\/560814577?badge=0&amp;autopause=0&amp;player_id=0&amp;app_id=58479&amp;h=63ccc8be4c\" frameborder=\"0\" allowfullscreen=\"allowfullscreen\"><\/iframe><\/div>\n<p><script src=\"https:\/\/player.vimeo.com\/api\/player.js\"><\/script><\/p>\n<p>Yorann Vandriessche est un <a href=\"https:\/\/www.vsveicolispeciali.com\/fr\/yorann-vandriessche-chef-francais-etoile-michelin-restaurant-2-food-trucks\/\" rel=\"noopener\" target=\"_blank\">chef \u00e9toil\u00e9<\/a> fran\u00e7ais qui, apr\u00e8s avoir obtenu une \u00e9toile Michelin, a ferm\u00e9 son restaurant pour en ouvrir un autre \u00e0 Le Lavandou, sur la C\u00f4te d\u2019Azur. Le restaurant s\u2019appelle l\u2019Arbre au Soleil et son activit\u00e9 est boost\u00e9e par deux cuisines nomades, un triporteur restaurant et ce NV Food Truck, que Yorann utilise \u00e0 des fins de promotion, afin de proposer un service traiteur de proximit\u00e9.<\/p>\n<p>&nbsp;&nbsp;<br \/>\n<strong><a href=\"https:\/\/www.vsveicolispeciali.com\/fr\/street-food-truck\/pro-x-food-truck-dolomiti-street-food-gourmet-cuisine\/\" rel=\"noopener\" target=\"_blank\">DOLOMITI STREET FOOD<\/a><\/strong><br \/>\n&nbsp;<br \/>\n<a href=\"https:\/\/www.vsveicolispeciali.com\/wp-content\/uploads\/2024\/11\/foodtruck-gastronomique.jpg\"><img loading=\"lazy\" decoding=\"async\" src=\"https:\/\/www.vsveicolispeciali.com\/wp-content\/uploads\/2024\/11\/foodtruck-gastronomique.jpg\" alt=\"foodtruck gastronomique dolomiti street food gourmet en Italie\" width=\"810\" height=\"810\" class=\"alignleft size-full wp-image-27157\" srcset=\"https:\/\/www.vsveicolispeciali.com\/wp-content\/uploads\/2024\/11\/foodtruck-gastronomique.jpg 810w, https:\/\/www.vsveicolispeciali.com\/wp-content\/uploads\/2024\/11\/foodtruck-gastronomique-300x300.jpg 300w, https:\/\/www.vsveicolispeciali.com\/wp-content\/uploads\/2024\/11\/foodtruck-gastronomique-150x150.jpg 150w, https:\/\/www.vsveicolispeciali.com\/wp-content\/uploads\/2024\/11\/foodtruck-gastronomique-768x768.jpg 768w, https:\/\/www.vsveicolispeciali.com\/wp-content\/uploads\/2024\/11\/foodtruck-gastronomique-570x570.jpg 570w, https:\/\/www.vsveicolispeciali.com\/wp-content\/uploads\/2024\/11\/foodtruck-gastronomique-500x500.jpg 500w, https:\/\/www.vsveicolispeciali.com\/wp-content\/uploads\/2024\/11\/foodtruck-gastronomique-700x700.jpg 700w\" sizes=\"(max-width: 810px) 100vw, 810px\" \/><\/a><br \/>\nUn food truck \u00e9cologique dot\u00e9 de panneaux photovolta\u00efques sur lequel le chef Lorenzo De Nadai cuisine des plats gastronomiques<\/p>\n<p>&nbsp;&nbsp;<br \/>\n<strong><a href=\"https:\/\/www.vsveicolispeciali.com\/fr\/street-food-truck\/wine-truck-champagne-pastot\/\" rel=\"noopener\" target=\"_blank\">WINE TRUCK EVENTS CHEZ FILOU<\/a><\/strong><br \/>\n&nbsp;<br \/>\n<a href=\"https:\/\/www.vsveicolispeciali.com\/wp-content\/uploads\/2024\/11\/foodtruck-gastronomique-events.jpg\"><img loading=\"lazy\" decoding=\"async\" src=\"https:\/\/www.vsveicolispeciali.com\/wp-content\/uploads\/2024\/11\/foodtruck-gastronomique-events.jpg\" alt=\"foodtruck gastronomique Wine Truck Events Chez Filou\" width=\"810\" height=\"560\" class=\"alignleft size-full wp-image-27161\" srcset=\"https:\/\/www.vsveicolispeciali.com\/wp-content\/uploads\/2024\/11\/foodtruck-gastronomique-events.jpg 810w, https:\/\/www.vsveicolispeciali.com\/wp-content\/uploads\/2024\/11\/foodtruck-gastronomique-events-300x207.jpg 300w, https:\/\/www.vsveicolispeciali.com\/wp-content\/uploads\/2024\/11\/foodtruck-gastronomique-events-768x531.jpg 768w, https:\/\/www.vsveicolispeciali.com\/wp-content\/uploads\/2024\/11\/foodtruck-gastronomique-events-700x484.jpg 700w\" sizes=\"(max-width: 810px) 100vw, 810px\" \/><\/a><br \/>\nUn food truck gastronomique pouvant \u00eatre lou\u00e9 pour le service traiteur lors d&rsquo;\u00e9v\u00e9nements avec une offre de plats gastronomiques de la cuisine fran\u00e7aise et orientale, accompagn\u00e9s de vins bio, de bi\u00e8res artisanales, de champagne et de sak\u00e9 japonais.<\/p>\n<p>&nbsp;<\/p>\n\n\t\t<style type=\"text\/css\">\n\t\t\t#gallery-1 {\n\t\t\t\tmargin: auto;\n\t\t\t}\n\t\t\t#gallery-1 .gallery-item {\n\t\t\t\tfloat: left;\n\t\t\t\tmargin-top: 10px;\n\t\t\t\ttext-align: center;\n\t\t\t\twidth: 33%;\n\t\t\t}\n\t\t\t#gallery-1 img {\n\t\t\t\tborder: 2px solid #cfcfcf;\n\t\t\t}\n\t\t\t#gallery-1 .gallery-caption {\n\t\t\t\tmargin-left: 0;\n\t\t\t}\n\t\t\t\/* see gallery_shortcode() in wp-includes\/media.php *\/\n\t\t<\/style>\n\t\t<div id='gallery-1' class='gallery galleryid-14584 gallery-columns-3 gallery-size-thumbnail'><dl class='gallery-item'>\n\t\t\t<dt class='gallery-icon landscape'>\n\t\t\t\t<a href='https:\/\/www.vsveicolispeciali.com\/fr\/15-superbes-food-trucks-vendus-en-suisse-par-vs\/tr3vor-chef-food-truck-gourmet-2\/'><img loading=\"lazy\" decoding=\"async\" width=\"150\" height=\"150\" src=\"https:\/\/www.vsveicolispeciali.com\/wp-content\/uploads\/2021\/03\/tr3vor-chef-food-truck-gourmet-150x150.jpg\" class=\"attachment-thumbnail size-thumbnail\" alt=\"food truck gourmande de tr3vor chef en Suisse\" srcset=\"https:\/\/www.vsveicolispeciali.com\/wp-content\/uploads\/2021\/03\/tr3vor-chef-food-truck-gourmet-150x150.jpg 150w, https:\/\/www.vsveicolispeciali.com\/wp-content\/uploads\/2021\/03\/tr3vor-chef-food-truck-gourmet-570x570.jpg 570w, https:\/\/www.vsveicolispeciali.com\/wp-content\/uploads\/2021\/03\/tr3vor-chef-food-truck-gourmet-600x601.jpg 600w, https:\/\/www.vsveicolispeciali.com\/wp-content\/uploads\/2021\/03\/tr3vor-chef-food-truck-gourmet-500x500.jpg 500w\" sizes=\"(max-width: 150px) 100vw, 150px\" \/><\/a>\n\t\t\t<\/dt><\/dl>\n\t\t\t<br style='clear: both' \/>\n\t\t<\/div>\n\n","protected":false},"excerpt":{"rendered":"<p>Sur notre blog, nous avons souvent parl\u00e9 du succ\u00e8s croissant des food trucks, parmi les moyennes et grandes entreprises, un nouveau ph\u00e9nom\u00e8ne qui a permis d\u2019aller au-del\u00e0 de l\u2019id\u00e9e traditionnelle selon laquelle ce n\u2019\u00e9taient que de simples v\u00e9hicules pour la vente ambulante et la vente&#8230;<\/p>\n","protected":false},"author":1001012,"featured_media":14550,"comment_status":"closed","ping_status":"open","sticky":false,"template":"","format":"gallery","meta":{"footnotes":""},"categories":[27],"tags":[204,208],"class_list":["post-14584","post","type-post","status-publish","format-gallery","has-post-thumbnail","hentry","category-news-fr","tag-food-truck-chef-etoile","tag-food-truck-gastronomique","post_format-post-format-gallery"],"yoast_head":"<!-- This site is optimized with the Yoast SEO plugin v25.4 - https:\/\/yoast.com\/wordpress\/plugins\/seo\/ -->\n<title>Food Trucks \u0153no-gastronomiques : Cuisine Gourmande de rue<\/title>\n<meta name=\"description\" content=\"Les chefs s&#039;ouvrent \u00e0 la cuisine de rue et les restaurateurs ach\u00e8tent des food trucks gastronomiques pour saisir de nouvelles opportunit\u00e9s &gt;\" \/>\n<meta name=\"robots\" content=\"index, follow, max-snippet:-1, max-image-preview:large, max-video-preview:-1\" \/>\n<link rel=\"canonical\" href=\"https:\/\/www.vsveicolispeciali.com\/fr\/food-trucks-oeno-gastronomiques-cuisine-gourmande-clients-privilegies\/\" \/>\n<meta property=\"og:locale\" content=\"fr_FR\" \/>\n<meta property=\"og:type\" content=\"article\" \/>\n<meta property=\"og:title\" content=\"Food Trucks \u0153no-gastronomiques : Cuisine Gourmande de rue\" \/>\n<meta property=\"og:description\" content=\"Les chefs s&#039;ouvrent \u00e0 la cuisine de rue et les restaurateurs ach\u00e8tent des food trucks gastronomiques pour saisir de nouvelles opportunit\u00e9s &gt;\" \/>\n<meta property=\"og:url\" content=\"https:\/\/www.vsveicolispeciali.com\/fr\/food-trucks-oeno-gastronomiques-cuisine-gourmande-clients-privilegies\/\" \/>\n<meta property=\"og:site_name\" content=\"VS Veicoli Speciali\" \/>\n<meta property=\"article:publisher\" content=\"https:\/\/www.facebook.com\/VSVeicoliSpeciali.Food.Trucks\/\" \/>\n<meta property=\"article:published_time\" content=\"2021-03-13T15:29:19+00:00\" \/>\n<meta property=\"article:modified_time\" content=\"2024-11-24T20:28:07+00:00\" \/>\n<meta property=\"og:image\" content=\"https:\/\/www.vsveicolispeciali.com\/wp-content\/uploads\/2021\/03\/tr3vor-chef-food-truck-gourmet.jpg\" \/>\n\t<meta property=\"og:image:width\" content=\"805\" \/>\n\t<meta property=\"og:image:height\" content=\"601\" \/>\n\t<meta property=\"og:image:type\" content=\"image\/jpeg\" \/>\n<meta name=\"author\" content=\"VS Veicoli Speciali\" \/>\n<meta name=\"twitter:card\" content=\"summary_large_image\" \/>\n<meta name=\"twitter:creator\" content=\"@veicolispeciali\" \/>\n<meta name=\"twitter:site\" content=\"@veicolispeciali\" \/>\n<meta name=\"twitter:label1\" content=\"\u00c9crit par\" \/>\n\t<meta name=\"twitter:data1\" content=\"VS Veicoli Speciali\" \/>\n\t<meta name=\"twitter:label2\" content=\"Dur\u00e9e de lecture estim\u00e9e\" \/>\n\t<meta name=\"twitter:data2\" content=\"7 minutes\" \/>\n<script type=\"application\/ld+json\" class=\"yoast-schema-graph\">{\"@context\":\"https:\/\/schema.org\",\"@graph\":[{\"@type\":\"Article\",\"@id\":\"https:\/\/www.vsveicolispeciali.com\/fr\/food-trucks-oeno-gastronomiques-cuisine-gourmande-clients-privilegies\/#article\",\"isPartOf\":{\"@id\":\"https:\/\/www.vsveicolispeciali.com\/fr\/food-trucks-oeno-gastronomiques-cuisine-gourmande-clients-privilegies\/\"},\"author\":{\"name\":\"VS Veicoli Speciali\",\"@id\":\"https:\/\/www.vsveicolispeciali.com\/fr\/#\/schema\/person\/1241826d792bde4333b3db1395b12be9\"},\"headline\":\"Food trucks \u0153no-gastronomiques\u00a0: cuisine gourmande pour des clients privil\u00e9gi\u00e9s\",\"datePublished\":\"2021-03-13T15:29:19+00:00\",\"dateModified\":\"2024-11-24T20:28:07+00:00\",\"mainEntityOfPage\":{\"@id\":\"https:\/\/www.vsveicolispeciali.com\/fr\/food-trucks-oeno-gastronomiques-cuisine-gourmande-clients-privilegies\/\"},\"wordCount\":1058,\"publisher\":{\"@id\":\"https:\/\/www.vsveicolispeciali.com\/fr\/#organization\"},\"image\":{\"@id\":\"https:\/\/www.vsveicolispeciali.com\/fr\/food-trucks-oeno-gastronomiques-cuisine-gourmande-clients-privilegies\/#primaryimage\"},\"thumbnailUrl\":\"https:\/\/www.vsveicolispeciali.com\/wp-content\/uploads\/2021\/03\/tr3vor-chef-food-truck-gourmet.jpg\",\"keywords\":[\"food truck chef \u00e9toil\u00e9\",\"food truck gastronomique\"],\"articleSection\":[\"News\"],\"inLanguage\":\"fr-FR\"},{\"@type\":\"WebPage\",\"@id\":\"https:\/\/www.vsveicolispeciali.com\/fr\/food-trucks-oeno-gastronomiques-cuisine-gourmande-clients-privilegies\/\",\"url\":\"https:\/\/www.vsveicolispeciali.com\/fr\/food-trucks-oeno-gastronomiques-cuisine-gourmande-clients-privilegies\/\",\"name\":\"Food Trucks \u0153no-gastronomiques : Cuisine Gourmande de rue\",\"isPartOf\":{\"@id\":\"https:\/\/www.vsveicolispeciali.com\/fr\/#website\"},\"primaryImageOfPage\":{\"@id\":\"https:\/\/www.vsveicolispeciali.com\/fr\/food-trucks-oeno-gastronomiques-cuisine-gourmande-clients-privilegies\/#primaryimage\"},\"image\":{\"@id\":\"https:\/\/www.vsveicolispeciali.com\/fr\/food-trucks-oeno-gastronomiques-cuisine-gourmande-clients-privilegies\/#primaryimage\"},\"thumbnailUrl\":\"https:\/\/www.vsveicolispeciali.com\/wp-content\/uploads\/2021\/03\/tr3vor-chef-food-truck-gourmet.jpg\",\"datePublished\":\"2021-03-13T15:29:19+00:00\",\"dateModified\":\"2024-11-24T20:28:07+00:00\",\"description\":\"Les chefs s'ouvrent \u00e0 la cuisine de rue et les restaurateurs ach\u00e8tent des food trucks gastronomiques pour saisir de nouvelles opportunit\u00e9s >\",\"breadcrumb\":{\"@id\":\"https:\/\/www.vsveicolispeciali.com\/fr\/food-trucks-oeno-gastronomiques-cuisine-gourmande-clients-privilegies\/#breadcrumb\"},\"inLanguage\":\"fr-FR\",\"potentialAction\":[{\"@type\":\"ReadAction\",\"target\":[\"https:\/\/www.vsveicolispeciali.com\/fr\/food-trucks-oeno-gastronomiques-cuisine-gourmande-clients-privilegies\/\"]}]},{\"@type\":\"ImageObject\",\"inLanguage\":\"fr-FR\",\"@id\":\"https:\/\/www.vsveicolispeciali.com\/fr\/food-trucks-oeno-gastronomiques-cuisine-gourmande-clients-privilegies\/#primaryimage\",\"url\":\"https:\/\/www.vsveicolispeciali.com\/wp-content\/uploads\/2021\/03\/tr3vor-chef-food-truck-gourmet.jpg\",\"contentUrl\":\"https:\/\/www.vsveicolispeciali.com\/wp-content\/uploads\/2021\/03\/tr3vor-chef-food-truck-gourmet.jpg\",\"width\":805,\"height\":601,\"caption\":\"food truck gourmande de tr3vor chef en Suisse\"},{\"@type\":\"BreadcrumbList\",\"@id\":\"https:\/\/www.vsveicolispeciali.com\/fr\/food-trucks-oeno-gastronomiques-cuisine-gourmande-clients-privilegies\/#breadcrumb\",\"itemListElement\":[{\"@type\":\"ListItem\",\"position\":1,\"name\":\"Home\",\"item\":\"https:\/\/www.vsveicolispeciali.com\/fr\/\"},{\"@type\":\"ListItem\",\"position\":2,\"name\":\"Food trucks \u0153no-gastronomiques\u00a0: cuisine gourmande pour des clients privil\u00e9gi\u00e9s\"}]},{\"@type\":\"WebSite\",\"@id\":\"https:\/\/www.vsveicolispeciali.com\/fr\/#website\",\"url\":\"https:\/\/www.vsveicolispeciali.com\/fr\/\",\"name\":\"VS Veicoli Speciali\",\"description\":\"\",\"publisher\":{\"@id\":\"https:\/\/www.vsveicolispeciali.com\/fr\/#organization\"},\"potentialAction\":[{\"@type\":\"SearchAction\",\"target\":{\"@type\":\"EntryPoint\",\"urlTemplate\":\"https:\/\/www.vsveicolispeciali.com\/fr\/?s={search_term_string}\"},\"query-input\":{\"@type\":\"PropertyValueSpecification\",\"valueRequired\":true,\"valueName\":\"search_term_string\"}}],\"inLanguage\":\"fr-FR\"},{\"@type\":\"Organization\",\"@id\":\"https:\/\/www.vsveicolispeciali.com\/fr\/#organization\",\"name\":\"VS Veicoli Speciali\",\"url\":\"https:\/\/www.vsveicolispeciali.com\/fr\/\",\"logo\":{\"@type\":\"ImageObject\",\"inLanguage\":\"fr-FR\",\"@id\":\"https:\/\/www.vsveicolispeciali.com\/fr\/#\/schema\/logo\/image\/\",\"url\":\"http:\/\/www.vsveicolispeciali.com\/wp-content\/uploads\/2015\/05\/vs_veicoli_speciali-logo.png\",\"contentUrl\":\"http:\/\/www.vsveicolispeciali.com\/wp-content\/uploads\/2015\/05\/vs_veicoli_speciali-logo.png\",\"width\":252,\"height\":134,\"caption\":\"VS Veicoli Speciali\"},\"image\":{\"@id\":\"https:\/\/www.vsveicolispeciali.com\/fr\/#\/schema\/logo\/image\/\"},\"sameAs\":[\"https:\/\/www.facebook.com\/VSVeicoliSpeciali.Food.Trucks\/\",\"https:\/\/x.com\/veicolispeciali\",\"https:\/\/www.instagram.com\/vs_veicolispeciali\/\",\"https:\/\/www.linkedin.com\/company\/2811960\/\",\"https:\/\/www.pinterest.com\/streetfoodtruck\/\",\"https:\/\/www.youtube.com\/user\/veicolispeciali\"]},{\"@type\":\"Person\",\"@id\":\"https:\/\/www.vsveicolispeciali.com\/fr\/#\/schema\/person\/1241826d792bde4333b3db1395b12be9\",\"name\":\"VS Veicoli Speciali\",\"image\":{\"@type\":\"ImageObject\",\"inLanguage\":\"fr-FR\",\"@id\":\"https:\/\/www.vsveicolispeciali.com\/fr\/#\/schema\/person\/image\/\",\"url\":\"https:\/\/secure.gravatar.com\/avatar\/4ea93278e71ba140dbbbfb5d34409507?s=96&d=mm&r=g\",\"contentUrl\":\"https:\/\/secure.gravatar.com\/avatar\/4ea93278e71ba140dbbbfb5d34409507?s=96&d=mm&r=g\",\"caption\":\"VS Veicoli Speciali\"}}]}<\/script>\n<!-- \/ Yoast SEO plugin. -->","yoast_head_json":{"title":"Food Trucks \u0153no-gastronomiques : Cuisine Gourmande de rue","description":"Les chefs s'ouvrent \u00e0 la cuisine de rue et les restaurateurs ach\u00e8tent des food trucks gastronomiques pour saisir de nouvelles opportunit\u00e9s >","robots":{"index":"index","follow":"follow","max-snippet":"max-snippet:-1","max-image-preview":"max-image-preview:large","max-video-preview":"max-video-preview:-1"},"canonical":"https:\/\/www.vsveicolispeciali.com\/fr\/food-trucks-oeno-gastronomiques-cuisine-gourmande-clients-privilegies\/","og_locale":"fr_FR","og_type":"article","og_title":"Food Trucks \u0153no-gastronomiques : Cuisine Gourmande de rue","og_description":"Les chefs s'ouvrent \u00e0 la cuisine de rue et les restaurateurs ach\u00e8tent des food trucks gastronomiques pour saisir de nouvelles opportunit\u00e9s >","og_url":"https:\/\/www.vsveicolispeciali.com\/fr\/food-trucks-oeno-gastronomiques-cuisine-gourmande-clients-privilegies\/","og_site_name":"VS Veicoli Speciali","article_publisher":"https:\/\/www.facebook.com\/VSVeicoliSpeciali.Food.Trucks\/","article_published_time":"2021-03-13T15:29:19+00:00","article_modified_time":"2024-11-24T20:28:07+00:00","og_image":[{"width":805,"height":601,"url":"https:\/\/www.vsveicolispeciali.com\/wp-content\/uploads\/2021\/03\/tr3vor-chef-food-truck-gourmet.jpg","type":"image\/jpeg"}],"author":"VS Veicoli Speciali","twitter_card":"summary_large_image","twitter_creator":"@veicolispeciali","twitter_site":"@veicolispeciali","twitter_misc":{"\u00c9crit par":"VS Veicoli Speciali","Dur\u00e9e de lecture estim\u00e9e":"7 minutes"},"schema":{"@context":"https:\/\/schema.org","@graph":[{"@type":"Article","@id":"https:\/\/www.vsveicolispeciali.com\/fr\/food-trucks-oeno-gastronomiques-cuisine-gourmande-clients-privilegies\/#article","isPartOf":{"@id":"https:\/\/www.vsveicolispeciali.com\/fr\/food-trucks-oeno-gastronomiques-cuisine-gourmande-clients-privilegies\/"},"author":{"name":"VS Veicoli Speciali","@id":"https:\/\/www.vsveicolispeciali.com\/fr\/#\/schema\/person\/1241826d792bde4333b3db1395b12be9"},"headline":"Food trucks \u0153no-gastronomiques\u00a0: cuisine gourmande pour des clients privil\u00e9gi\u00e9s","datePublished":"2021-03-13T15:29:19+00:00","dateModified":"2024-11-24T20:28:07+00:00","mainEntityOfPage":{"@id":"https:\/\/www.vsveicolispeciali.com\/fr\/food-trucks-oeno-gastronomiques-cuisine-gourmande-clients-privilegies\/"},"wordCount":1058,"publisher":{"@id":"https:\/\/www.vsveicolispeciali.com\/fr\/#organization"},"image":{"@id":"https:\/\/www.vsveicolispeciali.com\/fr\/food-trucks-oeno-gastronomiques-cuisine-gourmande-clients-privilegies\/#primaryimage"},"thumbnailUrl":"https:\/\/www.vsveicolispeciali.com\/wp-content\/uploads\/2021\/03\/tr3vor-chef-food-truck-gourmet.jpg","keywords":["food truck chef \u00e9toil\u00e9","food truck gastronomique"],"articleSection":["News"],"inLanguage":"fr-FR"},{"@type":"WebPage","@id":"https:\/\/www.vsveicolispeciali.com\/fr\/food-trucks-oeno-gastronomiques-cuisine-gourmande-clients-privilegies\/","url":"https:\/\/www.vsveicolispeciali.com\/fr\/food-trucks-oeno-gastronomiques-cuisine-gourmande-clients-privilegies\/","name":"Food Trucks \u0153no-gastronomiques : Cuisine Gourmande de rue","isPartOf":{"@id":"https:\/\/www.vsveicolispeciali.com\/fr\/#website"},"primaryImageOfPage":{"@id":"https:\/\/www.vsveicolispeciali.com\/fr\/food-trucks-oeno-gastronomiques-cuisine-gourmande-clients-privilegies\/#primaryimage"},"image":{"@id":"https:\/\/www.vsveicolispeciali.com\/fr\/food-trucks-oeno-gastronomiques-cuisine-gourmande-clients-privilegies\/#primaryimage"},"thumbnailUrl":"https:\/\/www.vsveicolispeciali.com\/wp-content\/uploads\/2021\/03\/tr3vor-chef-food-truck-gourmet.jpg","datePublished":"2021-03-13T15:29:19+00:00","dateModified":"2024-11-24T20:28:07+00:00","description":"Les chefs s'ouvrent \u00e0 la cuisine de rue et les restaurateurs ach\u00e8tent des food trucks gastronomiques pour saisir de nouvelles opportunit\u00e9s >","breadcrumb":{"@id":"https:\/\/www.vsveicolispeciali.com\/fr\/food-trucks-oeno-gastronomiques-cuisine-gourmande-clients-privilegies\/#breadcrumb"},"inLanguage":"fr-FR","potentialAction":[{"@type":"ReadAction","target":["https:\/\/www.vsveicolispeciali.com\/fr\/food-trucks-oeno-gastronomiques-cuisine-gourmande-clients-privilegies\/"]}]},{"@type":"ImageObject","inLanguage":"fr-FR","@id":"https:\/\/www.vsveicolispeciali.com\/fr\/food-trucks-oeno-gastronomiques-cuisine-gourmande-clients-privilegies\/#primaryimage","url":"https:\/\/www.vsveicolispeciali.com\/wp-content\/uploads\/2021\/03\/tr3vor-chef-food-truck-gourmet.jpg","contentUrl":"https:\/\/www.vsveicolispeciali.com\/wp-content\/uploads\/2021\/03\/tr3vor-chef-food-truck-gourmet.jpg","width":805,"height":601,"caption":"food truck gourmande de tr3vor chef en Suisse"},{"@type":"BreadcrumbList","@id":"https:\/\/www.vsveicolispeciali.com\/fr\/food-trucks-oeno-gastronomiques-cuisine-gourmande-clients-privilegies\/#breadcrumb","itemListElement":[{"@type":"ListItem","position":1,"name":"Home","item":"https:\/\/www.vsveicolispeciali.com\/fr\/"},{"@type":"ListItem","position":2,"name":"Food trucks \u0153no-gastronomiques\u00a0: cuisine gourmande pour des clients privil\u00e9gi\u00e9s"}]},{"@type":"WebSite","@id":"https:\/\/www.vsveicolispeciali.com\/fr\/#website","url":"https:\/\/www.vsveicolispeciali.com\/fr\/","name":"VS Veicoli Speciali","description":"","publisher":{"@id":"https:\/\/www.vsveicolispeciali.com\/fr\/#organization"},"potentialAction":[{"@type":"SearchAction","target":{"@type":"EntryPoint","urlTemplate":"https:\/\/www.vsveicolispeciali.com\/fr\/?s={search_term_string}"},"query-input":{"@type":"PropertyValueSpecification","valueRequired":true,"valueName":"search_term_string"}}],"inLanguage":"fr-FR"},{"@type":"Organization","@id":"https:\/\/www.vsveicolispeciali.com\/fr\/#organization","name":"VS Veicoli Speciali","url":"https:\/\/www.vsveicolispeciali.com\/fr\/","logo":{"@type":"ImageObject","inLanguage":"fr-FR","@id":"https:\/\/www.vsveicolispeciali.com\/fr\/#\/schema\/logo\/image\/","url":"http:\/\/www.vsveicolispeciali.com\/wp-content\/uploads\/2015\/05\/vs_veicoli_speciali-logo.png","contentUrl":"http:\/\/www.vsveicolispeciali.com\/wp-content\/uploads\/2015\/05\/vs_veicoli_speciali-logo.png","width":252,"height":134,"caption":"VS Veicoli Speciali"},"image":{"@id":"https:\/\/www.vsveicolispeciali.com\/fr\/#\/schema\/logo\/image\/"},"sameAs":["https:\/\/www.facebook.com\/VSVeicoliSpeciali.Food.Trucks\/","https:\/\/x.com\/veicolispeciali","https:\/\/www.instagram.com\/vs_veicolispeciali\/","https:\/\/www.linkedin.com\/company\/2811960\/","https:\/\/www.pinterest.com\/streetfoodtruck\/","https:\/\/www.youtube.com\/user\/veicolispeciali"]},{"@type":"Person","@id":"https:\/\/www.vsveicolispeciali.com\/fr\/#\/schema\/person\/1241826d792bde4333b3db1395b12be9","name":"VS Veicoli Speciali","image":{"@type":"ImageObject","inLanguage":"fr-FR","@id":"https:\/\/www.vsveicolispeciali.com\/fr\/#\/schema\/person\/image\/","url":"https:\/\/secure.gravatar.com\/avatar\/4ea93278e71ba140dbbbfb5d34409507?s=96&d=mm&r=g","contentUrl":"https:\/\/secure.gravatar.com\/avatar\/4ea93278e71ba140dbbbfb5d34409507?s=96&d=mm&r=g","caption":"VS Veicoli Speciali"}}]}},"_links":{"self":[{"href":"https:\/\/www.vsveicolispeciali.com\/fr\/wp-json\/wp\/v2\/posts\/14584"}],"collection":[{"href":"https:\/\/www.vsveicolispeciali.com\/fr\/wp-json\/wp\/v2\/posts"}],"about":[{"href":"https:\/\/www.vsveicolispeciali.com\/fr\/wp-json\/wp\/v2\/types\/post"}],"author":[{"embeddable":true,"href":"https:\/\/www.vsveicolispeciali.com\/fr\/wp-json\/wp\/v2\/users\/1001012"}],"replies":[{"embeddable":true,"href":"https:\/\/www.vsveicolispeciali.com\/fr\/wp-json\/wp\/v2\/comments?post=14584"}],"version-history":[{"count":8,"href":"https:\/\/www.vsveicolispeciali.com\/fr\/wp-json\/wp\/v2\/posts\/14584\/revisions"}],"predecessor-version":[{"id":27166,"href":"https:\/\/www.vsveicolispeciali.com\/fr\/wp-json\/wp\/v2\/posts\/14584\/revisions\/27166"}],"wp:featuredmedia":[{"embeddable":true,"href":"https:\/\/www.vsveicolispeciali.com\/fr\/wp-json\/wp\/v2\/media\/14550"}],"wp:attachment":[{"href":"https:\/\/www.vsveicolispeciali.com\/fr\/wp-json\/wp\/v2\/media?parent=14584"}],"wp:term":[{"taxonomy":"category","embeddable":true,"href":"https:\/\/www.vsveicolispeciali.com\/fr\/wp-json\/wp\/v2\/categories?post=14584"},{"taxonomy":"post_tag","embeddable":true,"href":"https:\/\/www.vsveicolispeciali.com\/fr\/wp-json\/wp\/v2\/tags?post=14584"}],"curies":[{"name":"wp","href":"https:\/\/api.w.org\/{rel}","templated":true}]}}