{"id":10430,"date":"2019-04-17T22:26:33","date_gmt":"2019-04-17T20:26:33","guid":{"rendered":"http:\/\/vsveicolispeciali.com\/non-e-il-furgone-che-fa-il-food-truck-valore-aggiunto-allestitore\/"},"modified":"2024-09-18T21:53:37","modified_gmt":"2024-09-18T19:53:37","slug":"ce-nest-pas-la-camionnette-qui-fait-le-food-truck-mais-le-fabricant","status":"publish","type":"post","link":"https:\/\/www.vsveicolispeciali.com\/fr\/ce-nest-pas-la-camionnette-qui-fait-le-food-truck-mais-le-fabricant\/","title":{"rendered":"Ce n\u2019est pas la camionnette qui fait le Food Truck, mais le fabricant."},"content":{"rendered":"<p>Quiconque s\u2019int\u00e9resse aux moteurs et aux v\u00e9hicules utilitaires sait que sur le march\u00e9, en raison des fusions et des coentreprises entre les constructeurs, la <strong>gamme de produits<\/strong> propos\u00e9s est plus limit\u00e9e qu\u2019il n\u2019y para\u00eet \u00e0 premi\u00e8re vue.<\/p>\n<p>Deux des fourgonnettes les <strong>plus vendues sur le march\u00e9<\/strong>, Fiat Ducato et Renault Master, sont <strong>pratiquement identiques<\/strong> en termes de moteur, de consommation de carburant, de stabilit\u00e9 et de confort, avec peu d\u2019autres d\u00e9tails pour les distinguer.<\/p>\n<p>Par cons\u00e9quent, le choix des <strong>entreprises<\/strong> et des <strong>professionnels<\/strong> est influenc\u00e9 notamment par des pr\u00e9f\u00e9rences esth\u00e9tiques peu importantes et par la relation personnelle qu\u2019on peut avoir avec une marque.<\/p>\n<p>il est clair que la <strong>fabrication d\u2019un food truck<\/strong>, \u00e0 partir d\u2019un de ces deux mod\u00e8les (<strong>Ducato et Master<\/strong>), donnera des r\u00e9sultats diff\u00e9rents en fonction de la qualit\u00e9 de l\u2019am\u00e9nagement, et rien d\u2019autre que cela.<br \/>\n&nbsp;<br \/>\n<a href=\"https:\/\/vsveicolispeciali.com\/wp-content\/uploads\/2019\/04\/furgone-food-truck-renault-master-cucina-guadalupe.jpg\"><img loading=\"lazy\" decoding=\"async\" class=\"alignleft size-full wp-image-9842\" src=\"https:\/\/vsveicolispeciali.com\/wp-content\/uploads\/2019\/04\/furgone-food-truck-renault-master-cucina-guadalupe.jpg\" alt=\"camion food van renault master cuisine guadalupe\" width=\"800\" height=\"537\" srcset=\"https:\/\/www.vsveicolispeciali.com\/wp-content\/uploads\/2019\/04\/furgone-food-truck-renault-master-cucina-guadalupe.jpg 800w, https:\/\/www.vsveicolispeciali.com\/wp-content\/uploads\/2019\/04\/furgone-food-truck-renault-master-cucina-guadalupe-300x201.jpg 300w, https:\/\/www.vsveicolispeciali.com\/wp-content\/uploads\/2019\/04\/furgone-food-truck-renault-master-cucina-guadalupe-768x516.jpg 768w, https:\/\/www.vsveicolispeciali.com\/wp-content\/uploads\/2019\/04\/furgone-food-truck-renault-master-cucina-guadalupe-700x470.jpg 700w\" sizes=\"(max-width: 800px) 100vw, 800px\" \/><\/a><br \/>\n&nbsp;<br \/>\nLe facteur d\u00e9terminant devient donc le <a href=\"https:\/\/www.vsveicolispeciali.com\/fr\/amenagement-vehicules-magasin-commerce-ambulant\/\" rel=\"noopener\" target=\"_blank\">fabricant de camions magasins<\/a> bien plus que les <strong>marques des camionnettes<\/strong> m\u00eames sur lesquelles ceux-ci sont am\u00e9nag\u00e9s : Fiat Ducato, Citro\u00ebn Jumper et Peugeot Boxer sortent de la m\u00eame cha\u00eene de production, tout comme Renault Master et Opel Movano sont pratiquement identiques gr\u00e2ce \u00e0 la collaboration entre les deux marques.<\/p>\n<p><strong>De nombreuses marques et peu de diff\u00e9rences signifient que les \u00e9l\u00e9ments qui doivent influencer le choix sont d\u2019autres facteurs:<\/strong><\/p>\n<ul class=\"lista\">\n<li>Le type de food truck, qui doit \u00eatre fonctionnel au secteur commercial dans lequel l\u2019entreprise cliente op\u00e8re et aux objectifs qu\u2019elle se fixe;<\/li>\n<li>La qualit\u00e9 de l\u2019am\u00e9nagement et des \u00e9quipements install\u00e9s;<\/li>\n<\/ul>\n<p>&nbsp;<br \/>\nEn amont deux aspects : premi\u00e8rement, la <strong>fiabilit\u00e9 du fabricant<\/strong>, qui doit orienter le client vers le v\u00e9hicule le plus appropri\u00e9 ; deuxi\u00e8mement, la fourniture d\u2019un food truck beau, solide et efficace.<br \/>\n&nbsp;&nbsp;<\/p>\n<h2>Les 12 principaux mod\u00e8les de food trucks et leurs caract\u00e9ristiques<\/h2>\n<p>&nbsp;<br \/>\n<a href=\"https:\/\/vsveicolispeciali.com\/wp-content\/uploads\/2019\/03\/12-modelli-food-truck-infografia.jpg\"><img loading=\"lazy\" decoding=\"async\" class=\"alignleft size-full wp-image-9560\" src=\"https:\/\/vsveicolispeciali.com\/wp-content\/uploads\/2019\/03\/12-modelli-food-truck-infografia.jpg\" alt=\"12 mod\u00e8les de food trucks pour promouvoir votre entreprise - infographie\" width=\"805\" height=\"1510\" srcset=\"https:\/\/www.vsveicolispeciali.com\/wp-content\/uploads\/2019\/03\/12-modelli-food-truck-infografia.jpg 805w, https:\/\/www.vsveicolispeciali.com\/wp-content\/uploads\/2019\/03\/12-modelli-food-truck-infografia-160x300.jpg 160w, https:\/\/www.vsveicolispeciali.com\/wp-content\/uploads\/2019\/03\/12-modelli-food-truck-infografia-768x1441.jpg 768w, https:\/\/www.vsveicolispeciali.com\/wp-content\/uploads\/2019\/03\/12-modelli-food-truck-infografia-546x1024.jpg 546w, https:\/\/www.vsveicolispeciali.com\/wp-content\/uploads\/2019\/03\/12-modelli-food-truck-infografia-700x1313.jpg 700w\" sizes=\"(max-width: 805px) 100vw, 805px\" \/><\/a><br \/>\n&nbsp;<br \/>\nComme le montre l&rsquo;<a href=\"https:\/\/vsveicolispeciali.com\/wp-content\/uploads\/2019\/03\/12-modelli-food-truck-infografia.pdf\" target=\"_blank\" rel=\"noopener noreferrer\">infographie<\/a> ci-dessus, en plus des <strong>camionnettes food trucks<\/strong>, il existe d\u2019autres mod\u00e8les tout aussi int\u00e9ressants.<\/p>\n<p>L\u2019un des plus populaires et vendus est le Triporteur V-Curve, un v\u00e9hicule avec un design brevet\u00e9, extr\u00eamement flexible et adapt\u00e9 \u00e0 presque tous les types de produits.<\/p>\n<p>En revanche, le Triporteur Ape TR est un v\u00e9hicule con\u00e7u pour p\u00e9n\u00e9trer dans les b\u00e2timents et les espaces clos o\u00f9 les food trucks ne sont pas autoris\u00e9s d\u2019habitude. A\u00e9roports, gares, mus\u00e9es, centres commerciaux, complexes h\u00f4teliers, casinos, partout o\u00f9 il y a des flux de clients potentiels, cette <strong>station semi-fixe<\/strong> aguichante permet de promouvoir votre marque et de vendre vos produits.<\/p>\n<p>Et puis il y a la <strong>remorque de street food<\/strong> avec des co\u00fbts et des encombrements r\u00e9duits, le charme et l\u2019attrait des <strong>food trucks vintage<\/strong>, les mod\u00e8les de Triporteur Smart et Vsmart con\u00e7us pour le travail au sol et adapt\u00e9s au march\u00e9 am\u00e9ricain.<\/p>\n<p>Le <strong>VKart<\/strong>, un <a href=\"https:\/\/vsveicolispeciali.com\/fr\/chariot-a-main-est-de-nouveau-en-vogue-grace-a-vs-street-food\/\" target=\"_blank\" rel=\"noopener noreferrer\">chariot ambulant<\/a> pour la vente d\u2019un seul genre de produit haut de gamme (glaces et autres), est une option id\u00e9ale comme station de support pour les magasins et les restaurants, m\u00eame dans les b\u00e2timents ferm\u00e9s.<\/p>\n<p>Quand est-il id\u00e9al de choisir un <a href=\"https:\/\/vsveicolispeciali.com\/fr\/amenagement-vehicules-magasin-commerce-ambulant\/food-truck-camion-magasin-pour-vente-ambulante\/\" target=\"_blank\" rel=\"noopener noreferrer\">food truck am\u00e9nag\u00e9 sur une camionnette<\/a> du genre: Renault Master, Fiat Ducato, Peugeot Boxer, Opel Movano, Mercedes?<\/p>\n<p><strong>\u00c9galement appel\u00e9s fourgonnettes urbaines (city cargo), ces vans devraient \u00eatre pr\u00e9f\u00e9r\u00e9s \u00e0 d\u2019autres mod\u00e8les<\/strong> pour la transformation en food trucks, lorsque vous avez besoin de plus d\u2019espace de travail ainsi que de plus grands volumes de ventes et de stockage de marchandises.<\/p>\n<p>Une solution alternative, et une tr\u00e8s bonne solution \u00e0 ces camionnettes, est repr\u00e9sent\u00e9e par le <a href=\"https:\/\/www.vsveicolispeciali.com\/fr\/amenagement-vehicules-magasin-commerce-ambulant\/food-truck-camion-magasin-pour-vente-ambulante\/citroen-jumper-food-truck-neuf-innovant\/\" target=\"_blank\" rel=\"noopener noreferrer\">NV Food Truck<\/a>, un am\u00e9nagement r\u00e9alis\u00e9 sur un Citro\u00ebn Jumper, qui r\u00e9cup\u00e8re et renouvelle le style vintage du Citro\u00ebn Type H, en offrant un design \u00e9poustouflant, de grands espaces de stockage pour les produits, et l\u2019insertion d\u2019\u00e9quipements.<br \/>\n&nbsp;&nbsp;<\/p>\n<h2>C\u2019est la qualit\u00e9 de l\u2019am\u00e9nagement qui fait la diff\u00e9rence dans un food truck<\/h2>\n<p>&nbsp;<br \/>\nApr\u00e8s avoir identifi\u00e9 le type de food truck qui convient le mieux aux besoins de l\u2019entreprise qui l\u2019utilisera, et guid\u00e9s par l\u2019exp\u00e9rience du fabricant, le moment est venu de <strong>cr\u00e9er et de personnaliser l\u2019am\u00e9nagement du v\u00e9hicule<\/strong>.<\/p>\n<p>Le <a href=\"https:\/\/vsveicolispeciali.com\/fr\/fabricant-food-trucks-personnalises-pour-entreprises-exigeantes\/\" rel=\"noopener noreferrer\" target=\"_blank\">professionnalisme de l\u2019agenceur-fabricant<\/a> jouent un r\u00f4le d\u00e9terminant dans le r\u00e9sultat final.<\/p>\n<p>Que la <strong>camionnette transform\u00e9e en food truck<\/strong> soit une Renault ou une Fiat, est vraiment peu important, tout d\u00e9pend en revanche de <a href=\"https:\/\/vsveicolispeciali.com\/fr\/societe-fabricant-de-vehicules-magasins\/\" target=\"_blank\" rel=\"noopener noreferrer\">l\u2019entreprise qui r\u00e9alise l\u2019am\u00e9nagement<\/a>.<\/p>\n<p>Les deux aspects \u00e0 combiner et \u00e0 \u00e9quilibrer sont:<\/p>\n<ul class=\"lista\">\n<li>Technique-mat\u00e9riel;<\/li>\n<li>Esth\u00e9tique-communicationnel.<\/li>\n<\/ul>\n<p>&nbsp;<br \/>\nLa personnalisation du food truck comprend:<\/p>\n<ul class=\"lista\">\n<li>Les mat\u00e9riaux<\/li>\n<li>Les \u00e9quipements<\/li>\n<li>L\u2019\u00e9clairage<\/li>\n<li>Les couleurs<\/li>\n<li>Les \u00e9l\u00e9ments graphiques<\/li>\n<li>Les informations textuelles<\/li>\n<li>Des supports tels que des tableaux noirs et des gadgets<\/li>\n<li>Le design et l\u2019ergonomie, c\u2019est-\u00e0-dire comment tous les \u00e9l\u00e9ments pr\u00e9c\u00e9dents sont int\u00e9gr\u00e9s pour rendre le travail plus facile et plus efficace.<\/li>\n<\/ul>\n<p>&nbsp;<br \/>\nTout cela ne peut pas \u00eatre improvis\u00e9, mais le fruit de l\u2019exp\u00e9rience et de l\u2019investissement dans l\u2019innovation et la formation, ce qui fait pr\u00e9cis\u00e9ment de <strong>VS Veicoli Speciali<\/strong> un <a href=\"https:\/\/www.vsveicolispeciali.com\/fr\/\" target=\"_blank\" rel=\"noopener noreferrer\">constructeur de food trucks<\/a> extr\u00eamement appr\u00e9ci\u00e9 en Europe, et capable de se faire (re)conna\u00eetre \u00e0 travers le monde.<br \/>\n&nbsp;<br \/>\n<a href=\"https:\/\/vsveicolispeciali.com\/wp-content\/uploads\/2019\/04\/furgone-food-truck-peugeot-boxer.jpg\"><img loading=\"lazy\" decoding=\"async\" class=\"alignleft size-full wp-image-9838\" src=\"https:\/\/vsveicolispeciali.com\/wp-content\/uploads\/2019\/04\/furgone-food-truck-peugeot-boxer.jpg\" alt=\"photo du food truck peugeot boxer sanfish lors d'un \u00e9v\u00e9nement en plein air\" width=\"800\" height=\"449\" srcset=\"https:\/\/www.vsveicolispeciali.com\/wp-content\/uploads\/2019\/04\/furgone-food-truck-peugeot-boxer.jpg 800w, https:\/\/www.vsveicolispeciali.com\/wp-content\/uploads\/2019\/04\/furgone-food-truck-peugeot-boxer-300x168.jpg 300w, https:\/\/www.vsveicolispeciali.com\/wp-content\/uploads\/2019\/04\/furgone-food-truck-peugeot-boxer-768x431.jpg 768w, https:\/\/www.vsveicolispeciali.com\/wp-content\/uploads\/2019\/04\/furgone-food-truck-peugeot-boxer-700x393.jpg 700w, https:\/\/www.vsveicolispeciali.com\/wp-content\/uploads\/2019\/04\/furgone-food-truck-peugeot-boxer-539x303.jpg 539w\" sizes=\"(max-width: 800px) 100vw, 800px\" \/><\/a><br \/>\n&nbsp;<br \/>\nNous conseillons \u00e0 ceux qui envisagent d\u2019<a href=\"https:\/\/www.vsveicolispeciali.com\/fr\/amenagement-vehicules-magasin-commerce-ambulant\/food-truck-camion-magasin-pour-vente-ambulante\/acheter-un-food-truck-personnalise\/\" rel=\"noopener noreferrer\" target=\"_blank\">acheter une camionnette food truck<\/a> de gagner du temps dans le choix de la marque (Citro\u00ebn, Peugeot, Renault, Fiat, Opel, Mercedes, etc.), \u00e9tant donn\u00e9 que les diff\u00e9rences entre leurs mod\u00e8les sont minimes, et d\u2019investir davantage de temps pour bien \u00e9valuer la <strong>capacit\u00e9 de l\u2019agenceur-constructeur<\/strong> \u00e0 fournir un v\u00e9hicule solide, confortable et efficace. Un v\u00e9hicule con\u00e7u selon les besoins pr\u00e9cis de l\u2019entreprise cliente, et selon ses objectifs commerciaux.<\/p>\n<p>Un <strong>food truck sur mesure de premi\u00e8re qualit\u00e9<\/strong> est le produit de l\u2019agencement et non de la marque du v\u00e9hicule sous-jacent.<\/p>\n<p>\n\t\t<style type=\"text\/css\">\n\t\t\t#gallery-1 {\n\t\t\t\tmargin: auto;\n\t\t\t}\n\t\t\t#gallery-1 .gallery-item {\n\t\t\t\tfloat: left;\n\t\t\t\tmargin-top: 10px;\n\t\t\t\ttext-align: center;\n\t\t\t\twidth: 33%;\n\t\t\t}\n\t\t\t#gallery-1 img {\n\t\t\t\tborder: 2px solid #cfcfcf;\n\t\t\t}\n\t\t\t#gallery-1 .gallery-caption {\n\t\t\t\tmargin-left: 0;\n\t\t\t}\n\t\t\t\/* see gallery_shortcode() in wp-includes\/media.php *\/\n\t\t<\/style>\n\t\t<div id='gallery-1' class='gallery galleryid-10430 gallery-columns-3 gallery-size-thumbnail'><dl class='gallery-item'>\n\t\t\t<dt class='gallery-icon landscape'>\n\t\t\t\t<a href='https:\/\/www.vsveicolispeciali.com\/fr\/12-street-foods-tres-populaires-en-europe\/fish-chic-food-van-fiat-ducato-2\/'><img loading=\"lazy\" decoding=\"async\" width=\"150\" height=\"150\" src=\"https:\/\/www.vsveicolispeciali.com\/wp-content\/uploads\/2019\/04\/Fish-Chic-food-van-fiat-ducato-150x150.jpg\" class=\"attachment-thumbnail size-thumbnail\" alt=\"Fish &amp; Chic food van fiat ducato cucina itinerante\" \/><\/a>\n\t\t\t<\/dt><\/dl>\n\t\t\t<br style='clear: both' \/>\n\t\t<\/div>\n<br \/>\n&nbsp;&nbsp;<\/p>\n","protected":false},"excerpt":{"rendered":"<p>Quiconque s\u2019int\u00e9resse aux moteurs et aux v\u00e9hicules utilitaires sait que sur le march\u00e9, en raison des fusions et des coentreprises entre les constructeurs, la gamme de produits propos\u00e9s est plus limit\u00e9e qu\u2019il n\u2019y para\u00eet \u00e0 premi\u00e8re vue. Deux des fourgonnettes les plus vendues sur le&#8230;<\/p>\n","protected":false},"author":2,"featured_media":9852,"comment_status":"closed","ping_status":"open","sticky":false,"template":"","format":"gallery","meta":{"footnotes":""},"categories":[27],"tags":[180,181],"class_list":["post-10430","post","type-post","status-publish","format-gallery","has-post-thumbnail","hentry","category-news-fr","tag-amenagement-food-truck-prix","tag-food-truck-achat","post_format-post-format-gallery"],"yoast_head":"<!-- This site is optimized with the Yoast SEO plugin v25.4 - https:\/\/yoast.com\/wordpress\/plugins\/seo\/ -->\n<title>Ce n\u2019est pas la Camionnette qui fait le Food Truck, mais le Fabricant<\/title>\n<meta name=\"description\" content=\"Pour construire un food truck la camionnette compte peu en raison des diff\u00e9rences minimes entre les mod\u00e8les sur le march\u00e9. En savoir plus &gt;\" \/>\n<meta name=\"robots\" content=\"index, follow, max-snippet:-1, max-image-preview:large, max-video-preview:-1\" \/>\n<link rel=\"canonical\" href=\"https:\/\/www.vsveicolispeciali.com\/fr\/ce-nest-pas-la-camionnette-qui-fait-le-food-truck-mais-le-fabricant\/\" \/>\n<meta property=\"og:locale\" content=\"fr_FR\" \/>\n<meta property=\"og:type\" content=\"article\" \/>\n<meta property=\"og:title\" content=\"Ce n\u2019est pas la Camionnette qui fait le Food Truck, mais le Fabricant\" \/>\n<meta property=\"og:description\" content=\"Pour construire un food truck la camionnette compte peu en raison des diff\u00e9rences minimes entre les mod\u00e8les sur le march\u00e9. En savoir plus &gt;\" \/>\n<meta property=\"og:url\" content=\"https:\/\/www.vsveicolispeciali.com\/fr\/ce-nest-pas-la-camionnette-qui-fait-le-food-truck-mais-le-fabricant\/\" \/>\n<meta property=\"og:site_name\" content=\"VS Veicoli Speciali\" \/>\n<meta property=\"article:publisher\" content=\"https:\/\/www.facebook.com\/VSVeicoliSpeciali.Food.Trucks\/\" \/>\n<meta property=\"article:published_time\" content=\"2019-04-17T20:26:33+00:00\" \/>\n<meta property=\"article:modified_time\" content=\"2024-09-18T19:53:37+00:00\" \/>\n<meta property=\"og:image\" content=\"https:\/\/www.vsveicolispeciali.com\/wp-content\/uploads\/2019\/04\/Fish-Chic-food-van-fiat-ducato.jpg\" \/>\n\t<meta property=\"og:image:width\" content=\"800\" \/>\n\t<meta property=\"og:image:height\" content=\"448\" \/>\n\t<meta property=\"og:image:type\" content=\"image\/jpeg\" \/>\n<meta name=\"author\" content=\"VS Veicoli Speciali\" \/>\n<meta name=\"twitter:card\" content=\"summary_large_image\" \/>\n<meta name=\"twitter:creator\" content=\"@veicolispeciali\" \/>\n<meta name=\"twitter:site\" content=\"@veicolispeciali\" \/>\n<meta name=\"twitter:label1\" content=\"\u00c9crit par\" \/>\n\t<meta name=\"twitter:data1\" content=\"VS Veicoli Speciali\" \/>\n\t<meta name=\"twitter:label2\" content=\"Dur\u00e9e de lecture estim\u00e9e\" \/>\n\t<meta name=\"twitter:data2\" content=\"6 minutes\" \/>\n<script type=\"application\/ld+json\" class=\"yoast-schema-graph\">{\"@context\":\"https:\/\/schema.org\",\"@graph\":[{\"@type\":\"Article\",\"@id\":\"https:\/\/www.vsveicolispeciali.com\/fr\/ce-nest-pas-la-camionnette-qui-fait-le-food-truck-mais-le-fabricant\/#article\",\"isPartOf\":{\"@id\":\"https:\/\/www.vsveicolispeciali.com\/fr\/ce-nest-pas-la-camionnette-qui-fait-le-food-truck-mais-le-fabricant\/\"},\"author\":{\"name\":\"VS Veicoli Speciali\",\"@id\":\"https:\/\/www.vsveicolispeciali.com\/fr\/#\/schema\/person\/8c8e3b05db2eca472cca11ff78d1a62d\"},\"headline\":\"Ce n\u2019est pas la camionnette qui fait le Food Truck, mais le fabricant.\",\"datePublished\":\"2019-04-17T20:26:33+00:00\",\"dateModified\":\"2024-09-18T19:53:37+00:00\",\"mainEntityOfPage\":{\"@id\":\"https:\/\/www.vsveicolispeciali.com\/fr\/ce-nest-pas-la-camionnette-qui-fait-le-food-truck-mais-le-fabricant\/\"},\"wordCount\":1052,\"publisher\":{\"@id\":\"https:\/\/www.vsveicolispeciali.com\/fr\/#organization\"},\"image\":{\"@id\":\"https:\/\/www.vsveicolispeciali.com\/fr\/ce-nest-pas-la-camionnette-qui-fait-le-food-truck-mais-le-fabricant\/#primaryimage\"},\"thumbnailUrl\":\"https:\/\/www.vsveicolispeciali.com\/wp-content\/uploads\/2019\/04\/Fish-Chic-food-van-fiat-ducato.jpg\",\"keywords\":[\"am\u00e9nagement food truck prix\",\"food truck achat\"],\"articleSection\":[\"News\"],\"inLanguage\":\"fr-FR\"},{\"@type\":\"WebPage\",\"@id\":\"https:\/\/www.vsveicolispeciali.com\/fr\/ce-nest-pas-la-camionnette-qui-fait-le-food-truck-mais-le-fabricant\/\",\"url\":\"https:\/\/www.vsveicolispeciali.com\/fr\/ce-nest-pas-la-camionnette-qui-fait-le-food-truck-mais-le-fabricant\/\",\"name\":\"Ce n\u2019est pas la Camionnette qui fait le Food Truck, mais le Fabricant\",\"isPartOf\":{\"@id\":\"https:\/\/www.vsveicolispeciali.com\/fr\/#website\"},\"primaryImageOfPage\":{\"@id\":\"https:\/\/www.vsveicolispeciali.com\/fr\/ce-nest-pas-la-camionnette-qui-fait-le-food-truck-mais-le-fabricant\/#primaryimage\"},\"image\":{\"@id\":\"https:\/\/www.vsveicolispeciali.com\/fr\/ce-nest-pas-la-camionnette-qui-fait-le-food-truck-mais-le-fabricant\/#primaryimage\"},\"thumbnailUrl\":\"https:\/\/www.vsveicolispeciali.com\/wp-content\/uploads\/2019\/04\/Fish-Chic-food-van-fiat-ducato.jpg\",\"datePublished\":\"2019-04-17T20:26:33+00:00\",\"dateModified\":\"2024-09-18T19:53:37+00:00\",\"description\":\"Pour construire un food truck la camionnette compte peu en raison des diff\u00e9rences minimes entre les mod\u00e8les sur le march\u00e9. En savoir plus >\",\"breadcrumb\":{\"@id\":\"https:\/\/www.vsveicolispeciali.com\/fr\/ce-nest-pas-la-camionnette-qui-fait-le-food-truck-mais-le-fabricant\/#breadcrumb\"},\"inLanguage\":\"fr-FR\",\"potentialAction\":[{\"@type\":\"ReadAction\",\"target\":[\"https:\/\/www.vsveicolispeciali.com\/fr\/ce-nest-pas-la-camionnette-qui-fait-le-food-truck-mais-le-fabricant\/\"]}]},{\"@type\":\"ImageObject\",\"inLanguage\":\"fr-FR\",\"@id\":\"https:\/\/www.vsveicolispeciali.com\/fr\/ce-nest-pas-la-camionnette-qui-fait-le-food-truck-mais-le-fabricant\/#primaryimage\",\"url\":\"https:\/\/www.vsveicolispeciali.com\/wp-content\/uploads\/2019\/04\/Fish-Chic-food-van-fiat-ducato.jpg\",\"contentUrl\":\"https:\/\/www.vsveicolispeciali.com\/wp-content\/uploads\/2019\/04\/Fish-Chic-food-van-fiat-ducato.jpg\",\"width\":800,\"height\":448,\"caption\":\"Fish & Chic food van fiat ducato cucina itinerante\"},{\"@type\":\"BreadcrumbList\",\"@id\":\"https:\/\/www.vsveicolispeciali.com\/fr\/ce-nest-pas-la-camionnette-qui-fait-le-food-truck-mais-le-fabricant\/#breadcrumb\",\"itemListElement\":[{\"@type\":\"ListItem\",\"position\":1,\"name\":\"Home\",\"item\":\"https:\/\/www.vsveicolispeciali.com\/fr\/\"},{\"@type\":\"ListItem\",\"position\":2,\"name\":\"Ce n\u2019est pas la camionnette qui fait le Food Truck, mais le fabricant.\"}]},{\"@type\":\"WebSite\",\"@id\":\"https:\/\/www.vsveicolispeciali.com\/fr\/#website\",\"url\":\"https:\/\/www.vsveicolispeciali.com\/fr\/\",\"name\":\"VS Veicoli Speciali\",\"description\":\"\",\"publisher\":{\"@id\":\"https:\/\/www.vsveicolispeciali.com\/fr\/#organization\"},\"potentialAction\":[{\"@type\":\"SearchAction\",\"target\":{\"@type\":\"EntryPoint\",\"urlTemplate\":\"https:\/\/www.vsveicolispeciali.com\/fr\/?s={search_term_string}\"},\"query-input\":{\"@type\":\"PropertyValueSpecification\",\"valueRequired\":true,\"valueName\":\"search_term_string\"}}],\"inLanguage\":\"fr-FR\"},{\"@type\":\"Organization\",\"@id\":\"https:\/\/www.vsveicolispeciali.com\/fr\/#organization\",\"name\":\"VS Veicoli Speciali\",\"url\":\"https:\/\/www.vsveicolispeciali.com\/fr\/\",\"logo\":{\"@type\":\"ImageObject\",\"inLanguage\":\"fr-FR\",\"@id\":\"https:\/\/www.vsveicolispeciali.com\/fr\/#\/schema\/logo\/image\/\",\"url\":\"http:\/\/www.vsveicolispeciali.com\/wp-content\/uploads\/2015\/05\/vs_veicoli_speciali-logo.png\",\"contentUrl\":\"http:\/\/www.vsveicolispeciali.com\/wp-content\/uploads\/2015\/05\/vs_veicoli_speciali-logo.png\",\"width\":252,\"height\":134,\"caption\":\"VS Veicoli Speciali\"},\"image\":{\"@id\":\"https:\/\/www.vsveicolispeciali.com\/fr\/#\/schema\/logo\/image\/\"},\"sameAs\":[\"https:\/\/www.facebook.com\/VSVeicoliSpeciali.Food.Trucks\/\",\"https:\/\/x.com\/veicolispeciali\",\"https:\/\/www.instagram.com\/vs_veicolispeciali\/\",\"https:\/\/www.linkedin.com\/company\/2811960\/\",\"https:\/\/www.pinterest.com\/streetfoodtruck\/\",\"https:\/\/www.youtube.com\/user\/veicolispeciali\"]},{\"@type\":\"Person\",\"@id\":\"https:\/\/www.vsveicolispeciali.com\/fr\/#\/schema\/person\/8c8e3b05db2eca472cca11ff78d1a62d\",\"name\":\"VS Veicoli Speciali\",\"image\":{\"@type\":\"ImageObject\",\"inLanguage\":\"fr-FR\",\"@id\":\"https:\/\/www.vsveicolispeciali.com\/fr\/#\/schema\/person\/image\/\",\"url\":\"https:\/\/secure.gravatar.com\/avatar\/69112ab3f18e6754894da123600ad5b0?s=96&d=mm&r=g\",\"contentUrl\":\"https:\/\/secure.gravatar.com\/avatar\/69112ab3f18e6754894da123600ad5b0?s=96&d=mm&r=g\",\"caption\":\"VS Veicoli Speciali\"}}]}<\/script>\n<!-- \/ Yoast SEO plugin. -->","yoast_head_json":{"title":"Ce n\u2019est pas la Camionnette qui fait le Food Truck, mais le Fabricant","description":"Pour construire un food truck la camionnette compte peu en raison des diff\u00e9rences minimes entre les mod\u00e8les sur le march\u00e9. En savoir plus >","robots":{"index":"index","follow":"follow","max-snippet":"max-snippet:-1","max-image-preview":"max-image-preview:large","max-video-preview":"max-video-preview:-1"},"canonical":"https:\/\/www.vsveicolispeciali.com\/fr\/ce-nest-pas-la-camionnette-qui-fait-le-food-truck-mais-le-fabricant\/","og_locale":"fr_FR","og_type":"article","og_title":"Ce n\u2019est pas la Camionnette qui fait le Food Truck, mais le Fabricant","og_description":"Pour construire un food truck la camionnette compte peu en raison des diff\u00e9rences minimes entre les mod\u00e8les sur le march\u00e9. En savoir plus >","og_url":"https:\/\/www.vsveicolispeciali.com\/fr\/ce-nest-pas-la-camionnette-qui-fait-le-food-truck-mais-le-fabricant\/","og_site_name":"VS Veicoli Speciali","article_publisher":"https:\/\/www.facebook.com\/VSVeicoliSpeciali.Food.Trucks\/","article_published_time":"2019-04-17T20:26:33+00:00","article_modified_time":"2024-09-18T19:53:37+00:00","og_image":[{"width":800,"height":448,"url":"https:\/\/www.vsveicolispeciali.com\/wp-content\/uploads\/2019\/04\/Fish-Chic-food-van-fiat-ducato.jpg","type":"image\/jpeg"}],"author":"VS Veicoli Speciali","twitter_card":"summary_large_image","twitter_creator":"@veicolispeciali","twitter_site":"@veicolispeciali","twitter_misc":{"\u00c9crit par":"VS Veicoli Speciali","Dur\u00e9e de lecture estim\u00e9e":"6 minutes"},"schema":{"@context":"https:\/\/schema.org","@graph":[{"@type":"Article","@id":"https:\/\/www.vsveicolispeciali.com\/fr\/ce-nest-pas-la-camionnette-qui-fait-le-food-truck-mais-le-fabricant\/#article","isPartOf":{"@id":"https:\/\/www.vsveicolispeciali.com\/fr\/ce-nest-pas-la-camionnette-qui-fait-le-food-truck-mais-le-fabricant\/"},"author":{"name":"VS Veicoli Speciali","@id":"https:\/\/www.vsveicolispeciali.com\/fr\/#\/schema\/person\/8c8e3b05db2eca472cca11ff78d1a62d"},"headline":"Ce n\u2019est pas la camionnette qui fait le Food Truck, mais le fabricant.","datePublished":"2019-04-17T20:26:33+00:00","dateModified":"2024-09-18T19:53:37+00:00","mainEntityOfPage":{"@id":"https:\/\/www.vsveicolispeciali.com\/fr\/ce-nest-pas-la-camionnette-qui-fait-le-food-truck-mais-le-fabricant\/"},"wordCount":1052,"publisher":{"@id":"https:\/\/www.vsveicolispeciali.com\/fr\/#organization"},"image":{"@id":"https:\/\/www.vsveicolispeciali.com\/fr\/ce-nest-pas-la-camionnette-qui-fait-le-food-truck-mais-le-fabricant\/#primaryimage"},"thumbnailUrl":"https:\/\/www.vsveicolispeciali.com\/wp-content\/uploads\/2019\/04\/Fish-Chic-food-van-fiat-ducato.jpg","keywords":["am\u00e9nagement food truck prix","food truck achat"],"articleSection":["News"],"inLanguage":"fr-FR"},{"@type":"WebPage","@id":"https:\/\/www.vsveicolispeciali.com\/fr\/ce-nest-pas-la-camionnette-qui-fait-le-food-truck-mais-le-fabricant\/","url":"https:\/\/www.vsveicolispeciali.com\/fr\/ce-nest-pas-la-camionnette-qui-fait-le-food-truck-mais-le-fabricant\/","name":"Ce n\u2019est pas la Camionnette qui fait le Food Truck, mais le Fabricant","isPartOf":{"@id":"https:\/\/www.vsveicolispeciali.com\/fr\/#website"},"primaryImageOfPage":{"@id":"https:\/\/www.vsveicolispeciali.com\/fr\/ce-nest-pas-la-camionnette-qui-fait-le-food-truck-mais-le-fabricant\/#primaryimage"},"image":{"@id":"https:\/\/www.vsveicolispeciali.com\/fr\/ce-nest-pas-la-camionnette-qui-fait-le-food-truck-mais-le-fabricant\/#primaryimage"},"thumbnailUrl":"https:\/\/www.vsveicolispeciali.com\/wp-content\/uploads\/2019\/04\/Fish-Chic-food-van-fiat-ducato.jpg","datePublished":"2019-04-17T20:26:33+00:00","dateModified":"2024-09-18T19:53:37+00:00","description":"Pour construire un food truck la camionnette compte peu en raison des diff\u00e9rences minimes entre les mod\u00e8les sur le march\u00e9. En savoir plus >","breadcrumb":{"@id":"https:\/\/www.vsveicolispeciali.com\/fr\/ce-nest-pas-la-camionnette-qui-fait-le-food-truck-mais-le-fabricant\/#breadcrumb"},"inLanguage":"fr-FR","potentialAction":[{"@type":"ReadAction","target":["https:\/\/www.vsveicolispeciali.com\/fr\/ce-nest-pas-la-camionnette-qui-fait-le-food-truck-mais-le-fabricant\/"]}]},{"@type":"ImageObject","inLanguage":"fr-FR","@id":"https:\/\/www.vsveicolispeciali.com\/fr\/ce-nest-pas-la-camionnette-qui-fait-le-food-truck-mais-le-fabricant\/#primaryimage","url":"https:\/\/www.vsveicolispeciali.com\/wp-content\/uploads\/2019\/04\/Fish-Chic-food-van-fiat-ducato.jpg","contentUrl":"https:\/\/www.vsveicolispeciali.com\/wp-content\/uploads\/2019\/04\/Fish-Chic-food-van-fiat-ducato.jpg","width":800,"height":448,"caption":"Fish & Chic food van fiat ducato cucina itinerante"},{"@type":"BreadcrumbList","@id":"https:\/\/www.vsveicolispeciali.com\/fr\/ce-nest-pas-la-camionnette-qui-fait-le-food-truck-mais-le-fabricant\/#breadcrumb","itemListElement":[{"@type":"ListItem","position":1,"name":"Home","item":"https:\/\/www.vsveicolispeciali.com\/fr\/"},{"@type":"ListItem","position":2,"name":"Ce n\u2019est pas la camionnette qui fait le Food Truck, mais le fabricant."}]},{"@type":"WebSite","@id":"https:\/\/www.vsveicolispeciali.com\/fr\/#website","url":"https:\/\/www.vsveicolispeciali.com\/fr\/","name":"VS Veicoli Speciali","description":"","publisher":{"@id":"https:\/\/www.vsveicolispeciali.com\/fr\/#organization"},"potentialAction":[{"@type":"SearchAction","target":{"@type":"EntryPoint","urlTemplate":"https:\/\/www.vsveicolispeciali.com\/fr\/?s={search_term_string}"},"query-input":{"@type":"PropertyValueSpecification","valueRequired":true,"valueName":"search_term_string"}}],"inLanguage":"fr-FR"},{"@type":"Organization","@id":"https:\/\/www.vsveicolispeciali.com\/fr\/#organization","name":"VS Veicoli Speciali","url":"https:\/\/www.vsveicolispeciali.com\/fr\/","logo":{"@type":"ImageObject","inLanguage":"fr-FR","@id":"https:\/\/www.vsveicolispeciali.com\/fr\/#\/schema\/logo\/image\/","url":"http:\/\/www.vsveicolispeciali.com\/wp-content\/uploads\/2015\/05\/vs_veicoli_speciali-logo.png","contentUrl":"http:\/\/www.vsveicolispeciali.com\/wp-content\/uploads\/2015\/05\/vs_veicoli_speciali-logo.png","width":252,"height":134,"caption":"VS Veicoli Speciali"},"image":{"@id":"https:\/\/www.vsveicolispeciali.com\/fr\/#\/schema\/logo\/image\/"},"sameAs":["https:\/\/www.facebook.com\/VSVeicoliSpeciali.Food.Trucks\/","https:\/\/x.com\/veicolispeciali","https:\/\/www.instagram.com\/vs_veicolispeciali\/","https:\/\/www.linkedin.com\/company\/2811960\/","https:\/\/www.pinterest.com\/streetfoodtruck\/","https:\/\/www.youtube.com\/user\/veicolispeciali"]},{"@type":"Person","@id":"https:\/\/www.vsveicolispeciali.com\/fr\/#\/schema\/person\/8c8e3b05db2eca472cca11ff78d1a62d","name":"VS Veicoli Speciali","image":{"@type":"ImageObject","inLanguage":"fr-FR","@id":"https:\/\/www.vsveicolispeciali.com\/fr\/#\/schema\/person\/image\/","url":"https:\/\/secure.gravatar.com\/avatar\/69112ab3f18e6754894da123600ad5b0?s=96&d=mm&r=g","contentUrl":"https:\/\/secure.gravatar.com\/avatar\/69112ab3f18e6754894da123600ad5b0?s=96&d=mm&r=g","caption":"VS Veicoli Speciali"}}]}},"_links":{"self":[{"href":"https:\/\/www.vsveicolispeciali.com\/fr\/wp-json\/wp\/v2\/posts\/10430"}],"collection":[{"href":"https:\/\/www.vsveicolispeciali.com\/fr\/wp-json\/wp\/v2\/posts"}],"about":[{"href":"https:\/\/www.vsveicolispeciali.com\/fr\/wp-json\/wp\/v2\/types\/post"}],"author":[{"embeddable":true,"href":"https:\/\/www.vsveicolispeciali.com\/fr\/wp-json\/wp\/v2\/users\/2"}],"replies":[{"embeddable":true,"href":"https:\/\/www.vsveicolispeciali.com\/fr\/wp-json\/wp\/v2\/comments?post=10430"}],"version-history":[{"count":6,"href":"https:\/\/www.vsveicolispeciali.com\/fr\/wp-json\/wp\/v2\/posts\/10430\/revisions"}],"predecessor-version":[{"id":14431,"href":"https:\/\/www.vsveicolispeciali.com\/fr\/wp-json\/wp\/v2\/posts\/10430\/revisions\/14431"}],"wp:featuredmedia":[{"embeddable":true,"href":"https:\/\/www.vsveicolispeciali.com\/fr\/wp-json\/wp\/v2\/media\/9852"}],"wp:attachment":[{"href":"https:\/\/www.vsveicolispeciali.com\/fr\/wp-json\/wp\/v2\/media?parent=10430"}],"wp:term":[{"taxonomy":"category","embeddable":true,"href":"https:\/\/www.vsveicolispeciali.com\/fr\/wp-json\/wp\/v2\/categories?post=10430"},{"taxonomy":"post_tag","embeddable":true,"href":"https:\/\/www.vsveicolispeciali.com\/fr\/wp-json\/wp\/v2\/tags?post=10430"}],"curies":[{"name":"wp","href":"https:\/\/api.w.org\/{rel}","templated":true}]}}