{"id":10414,"date":"2019-04-01T20:44:39","date_gmt":"2019-04-01T18:44:39","guid":{"rendered":"http:\/\/vsveicolispeciali.com\/carretto-a-mano-torna-in-auge-con-vkart-di-vs-street-food\/"},"modified":"2024-09-18T21:07:40","modified_gmt":"2024-09-18T19:07:40","slug":"chariot-a-main-est-de-nouveau-en-vogue-grace-a-vs-street-food","status":"publish","type":"post","link":"https:\/\/www.vsveicolispeciali.com\/fr\/chariot-a-main-est-de-nouveau-en-vogue-grace-a-vs-street-food\/","title":{"rendered":"Un \u00e9l\u00e9gant chariot ambulant con\u00e7u pour la street food"},"content":{"rendered":"<p>Il \u00e9tait une fois la <strong>vente ambulante de nourriture de rue<\/strong> avec des chariots \u00e0 main en bois transport\u00e9s dans les rues des villes et des villages. C\u2019\u00e9tait une forme de commerce pauvre et populaire. La plupart des marchandises vendues \u00e9taient des produits de la terre, des pr\u00e9parations de pain et de farine, mais aussi des aliments bouillis et cuits. Ceux qui l\u2019utilisaient pr\u00e9paraient \u00e0 la maison ou ailleurs les plats \u00e0 offrir aux passants, \u00e0 une \u00e9poque o\u00f9 la vente des aliments n\u2019\u00e9tait pas r\u00e9glement\u00e9e par la r\u00e9glementation en mati\u00e8re de sant\u00e9 et d\u2019hygi\u00e8ne, et o\u00f9 les colporteurs n\u2019\u00e9taient pas tenus d\u2019avoir un permis.<\/p>\n<p><a href=\"https:\/\/www.vsveicolispeciali.com\/wp-content\/uploads\/2019\/03\/antichi-carretti-venditori-ambulanti.jpg\"><img loading=\"lazy\" decoding=\"async\" class=\"aligncenter size-full wp-image-9755\" src=\"https:\/\/www.vsveicolispeciali.com\/wp-content\/uploads\/2019\/03\/antichi-carretti-venditori-ambulanti.jpg\" alt=\"anciennes charrettes de vendeurs ambulants\" width=\"579\" height=\"431\" srcset=\"https:\/\/www.vsveicolispeciali.com\/wp-content\/uploads\/2019\/03\/antichi-carretti-venditori-ambulanti.jpg 579w, https:\/\/www.vsveicolispeciali.com\/wp-content\/uploads\/2019\/03\/antichi-carretti-venditori-ambulanti-300x223.jpg 300w\" sizes=\"(max-width: 579px) 100vw, 579px\" \/><\/a><\/p>\n<p>Entre le XIX<sup>e<\/sup> et le XX<sup>e<\/sup> si\u00e8cle, les <strong>chariots des colporteurs<\/strong> ont grandement contribu\u00e9 \u00e0 fa\u00e7onner l\u2019imaginaire de la vie provinciale italienne, tant dans les villages que sur les places des grandes villes. C\u2019\u00e9tait l\u2019\u00e9poque du <strong>chariot \u00e1 glace<\/strong> autour duquel il y avait des vagues d\u2019enfants enthousiastes, de vieux chariots en bois pour la vente de nourriture typique de toutes sortes issue des diff\u00e9rentes traditions r\u00e9gionales et locales.<\/p>\n<p><a href=\"https:\/\/www.vsveicolispeciali.com\/wp-content\/uploads\/2019\/03\/carretto-dei-gelati-antico.jpg\"><img loading=\"lazy\" decoding=\"async\" class=\"aligncenter size-full wp-image-9759\" src=\"https:\/\/www.vsveicolispeciali.com\/wp-content\/uploads\/2019\/03\/carretto-dei-gelati-antico.jpg\" alt=\"chariot \u00e1 glace\" width=\"665\" height=\"498\" srcset=\"https:\/\/www.vsveicolispeciali.com\/wp-content\/uploads\/2019\/03\/carretto-dei-gelati-antico.jpg 665w, https:\/\/www.vsveicolispeciali.com\/wp-content\/uploads\/2019\/03\/carretto-dei-gelati-antico-300x225.jpg 300w\" sizes=\"(max-width: 665px) 100vw, 665px\" \/><\/a><\/p>\n<p>La <strong>tradition des chariots ambulants et de la nourriture de rue<\/strong> en Sicile est l\u2019une des plus constantes en Europe. On ne peut qu\u2019imaginer le folklore qui \u00e9manait des rues de Palerme avec des foules de marchands ambulants qui vendaient de tout : des produits simples comme des \u00e9pis, des aubergines et d\u2019autres l\u00e9gumes, du poulpe et des oursins, du pain et des pancakes de farine de pois chiche (<em>panelle<\/em>), mais aussi des aliments plus \u00e9labor\u00e9s comme des sandwiches \u00e0 la rate (<em>pani c\u00e2 m\u00e8usa<\/em>) et avec d\u2019autres garnitures (<em>pani cunzatu<\/em>), des tartes et des g\u00e2teaux secs, et bien s\u00fbr de la granita.<\/p>\n<p>Dans les ann\u00e9es 1900, l\u2019habitude de manger dans la rue s\u2019est r\u00e9duite, mais elle n\u2019a jamais tout \u00e0 fait \u00e9t\u00e9 perdue. <strong>Les v\u00e9hicules \u00e0 moteur ont lentement remplac\u00e9 les chariots \u00e0 traction animale ou manuelle<\/strong>. Les v\u00e9hicules magasin pour la vente d\u2019aliments sur les march\u00e9s ou sur des points de rassemblement et de passage sont devenus courants.<\/p>\n<p>La nourriture de rue est d\u00e9sormais commun\u00e9ment appel\u00e9e street food parce que sa popularit\u00e9 est revenue \u00e0 son ancienne gloire d\u2019abord aux \u00c9tats-Unis, et seulement plus tard en Europe. Avec le <strong>street food moderne<\/strong>, les v\u00e9hicules magasin am\u00e9nag\u00e9s tant bien que mal ont \u00e9t\u00e9 remplac\u00e9s par des <a href=\"https:\/\/www.vsveicolispeciali.com\/fr\/amenagement-vehicules-magasin-commerce-ambulant\/food-truck-camion-magasin-pour-vente-ambulante\/\" target=\"_blank\" rel=\"noopener noreferrer\">food trucks fabriqu\u00e9s par des producteurs sp\u00e9cialis\u00e9s<\/a>.<\/p>\n<p>D\u00e9sormais, les food trucks, en termes de design, de mat\u00e9riaux et d\u2019\u00e9quipement, peuvent \u00eatre des outils de travail tr\u00e8s rentables et avec un impact esth\u00e9tique extraordinaire, \u00e0 tel point que m\u00eame les grandes marques et les grandes entreprises les utilisent \u00e0 des <strong>fins commerciales et promotionnelles<\/strong>. Dans ces cas, on les appelle aussi <a href=\"https:\/\/vsveicolispeciali.com\/fr\/promo-truck-est-un-outil-de-marketing-dentreprise-efficace\/\" target=\"_blank\" rel=\"noopener noreferrer\">promo trucks<\/a> pour souligner encore plus leur vocation publicitaire.<\/p>\n<p><a href=\"https:\/\/www.vsveicolispeciali.com\/wp-content\/uploads\/2018\/04\/biraghi-furgone-promozionale-renault-master.jpg\"><img loading=\"lazy\" decoding=\"async\" class=\"alignleft size-full wp-image-6570\" src=\"https:\/\/www.vsveicolispeciali.com\/wp-content\/uploads\/2018\/04\/biraghi-furgone-promozionale-renault-master.jpg\" alt=\"biraghi fourgon promotionnel renault master pour l'exposition et la vente de fromages\" width=\"800\" height=\"533\" srcset=\"https:\/\/www.vsveicolispeciali.com\/wp-content\/uploads\/2018\/04\/biraghi-furgone-promozionale-renault-master.jpg 800w, https:\/\/www.vsveicolispeciali.com\/wp-content\/uploads\/2018\/04\/biraghi-furgone-promozionale-renault-master-300x200.jpg 300w, https:\/\/www.vsveicolispeciali.com\/wp-content\/uploads\/2018\/04\/biraghi-furgone-promozionale-renault-master-768x512.jpg 768w, https:\/\/www.vsveicolispeciali.com\/wp-content\/uploads\/2018\/04\/biraghi-furgone-promozionale-renault-master-700x466.jpg 700w\" sizes=\"(max-width: 800px) 100vw, 800px\" \/><\/a><\/p>\n<p>Au beau milieu de cette renaissance de la cuisine de rue et d\u2019une appr\u00e9ciation renouvel\u00e9e vers les objets vintage, il n\u2019est pas surprenant que le chariot pouss\u00e9 \u00e0 la main soit de nouveau en vogue dans sa version moderne de <strong>chariot ambulant<\/strong>. Le meilleur exemple est un <a href=\"https:\/\/www.vsveicolispeciali.com\/fr\/le-marchand-de-glaces-ambulant-est-un-intemporel\/\">marchand de glace ambulant<\/a>.<br \/>\n&nbsp;&nbsp;<\/p>\n<h2>VKart &#8211; Le chariot street food des colporteurs et des entreprises<\/h2>\n<p>Ces derni\u00e8res ann\u00e9es, il n\u2019est pas difficile de rencontrer de vieux <strong>chariots en bois devant les vitrines des magasins<\/strong> en tant que supports pour la pr\u00e9sentation des produits et des \u00e9l\u00e9ments d\u00e9coratifs.<\/p>\n<p>Un d\u00e9tail raffin\u00e9 r\u00e9v\u00e9lant la tendance \u00e0 <strong>r\u00e9cup\u00e9rer des objets d\u2019usage ancien<\/strong> en les int\u00e9grant dans l\u2019ensemble des outils de travail et de communication actuels.<\/p>\n<p>Le chariot pour la vente ambulante de nourriture, ce que les Anglais appellent le <em>food cart<\/em>, est un autre de ces objets vintage, au charme incontestable, qui revient en vogue dans la foul\u00e9e du succ\u00e8s du <a href=\"https:\/\/www.vsveicolispeciali.com\/fr\/street-food\/\" rel=\"noopener\" target=\"_blank\">street food<\/a>.<\/p>\n<p>Pour cette raison, et pour r\u00e9pondre aux besoins des clients, VS a cr\u00e9\u00e9 et brevet\u00e9 <strong>VKart<\/strong>, un <strong>chariot ambulant de nouvelle g\u00e9n\u00e9ration<\/strong> qui r\u00e9cup\u00e8re la conception des chariots traditionnels, en la modernisant et en l\u2019adaptant aux exigences pratiques et de communication des entreprises.<\/p>\n<p>La production de nouveaux chariots \u00e0 main r\u00e9pond au besoin des entreprises de disposer de <strong>postes de travail petits et l\u00e9gers \u00e0 placer dans des contextes priv\u00e9s<\/strong>: gares, centres commerciaux, h\u00f4tels, points de vente, mus\u00e9es, complexes h\u00f4teliers, etc.<\/p>\n<p>Le VKart peut \u00eatre configur\u00e9 pour offrir uniquement un seul produit haut de gamme:<\/p>\n<ul class=\"lista\">\n<li><a href=\"https:\/\/www.vsveicolispeciali.com\/fr\/street-food\/glacier-food-truck-glace\/\" rel=\"noopener\" target=\"_blank\">Glace<\/a><\/li>\n<li><a href=\"https:\/\/www.vsveicolispeciali.com\/fr\/street-food\/coffee-food-truck-cafe\/\" rel=\"noopener\" target=\"_blank\">Caf\u00e9<\/a><\/li>\n<li><a href=\"https:\/\/www.vsveicolispeciali.com\/fr\/street-food\/food-truck-cocktail-bar\/\" rel=\"noopener\" target=\"_blank\">Cocktails<\/a><\/li>\n<li><a href=\"https:\/\/www.vsveicolispeciali.com\/fr\/street-food\/biere-truck\/\" rel=\"noopener\" target=\"_blank\">Bi\u00e8re au f\u00fbt<\/a><\/li>\n<li><a href=\"https:\/\/www.vsveicolispeciali.com\/fr\/street-food\/wine-trucks\/\" rel=\"noopener\" target=\"_blank\">Vins au verre<\/a><\/li>\n<li>etc.<\/li>\n<\/ul>\n<p>&nbsp;<br \/>\n<a href=\"https:\/\/www.vsveicolispeciali.com\/wp-content\/uploads\/2019\/03\/carretto-gelato-vkart.jpg\"><img loading=\"lazy\" decoding=\"async\" class=\"alignleft size-full wp-image-9763\" src=\"https:\/\/www.vsveicolispeciali.com\/wp-content\/uploads\/2019\/03\/carretto-gelato-vkart.jpg\" alt=\"chariot glac\u00e9 vkart\" width=\"800\" height=\"640\" srcset=\"https:\/\/www.vsveicolispeciali.com\/wp-content\/uploads\/2019\/03\/carretto-gelato-vkart.jpg 800w, https:\/\/www.vsveicolispeciali.com\/wp-content\/uploads\/2019\/03\/carretto-gelato-vkart-300x240.jpg 300w, https:\/\/www.vsveicolispeciali.com\/wp-content\/uploads\/2019\/03\/carretto-gelato-vkart-768x614.jpg 768w, https:\/\/www.vsveicolispeciali.com\/wp-content\/uploads\/2019\/03\/carretto-gelato-vkart-700x560.jpg 700w\" sizes=\"(max-width: 800px) 100vw, 800px\" \/><\/a><\/p>\n<p>C\u2019est-\u00e0-dire des <strong>produits pr\u00e9sentant un faible risque de contamination<\/strong>, car le chariot mobile ne dispose pas d\u2019un espace suffisant pour le stockage et la pr\u00e9paration d\u2019aliments sur place, et ne peut donc \u00eatre plac\u00e9 que l\u00e0 o\u00f9 une certification d\u2019hygi\u00e8ne et de sant\u00e9 n\u2019est pas requise.<\/p>\n<p>Le VKart peut \u00e9galement \u00eatre utilis\u00e9 en tant que support pour l\u2019activit\u00e9 m\u00e8re (restaurant, bar, etc.), et \u00e0 proximit\u00e9 d\u2019elle, afin qu\u2019il puisse \u00eatre ravitaill\u00e9 avec le produit \u00e0 vendre chaque fois que cela est n\u00e9cessaire.<\/p>\n<p><strong>L\u2019am\u00e9nagement est enti\u00e8rement personnalisable<\/strong>, de m\u00eame que les \u00e9l\u00e9ments graphiques, les couleurs et l\u2019auvent.<\/p>\n<p>C\u2019est pour cette raison qu\u2019il peut \u00eatre <strong>combin\u00e9 de mani\u00e8re efficace avec un food truck, dans le but de renforcer l\u2019impact communicatif dans les lieux \u00e0 fort flux de passants, ou \u00e0 proximit\u00e9 d\u2019un public cible.<\/p>\n<p>De plus, ce <strong>chariot street food pour la vente ambulante<\/strong> poss\u00e8de l\u2019\u00e9norme avantage de pouvoir \u00eatre adapt\u00e9 aux r\u00e9glementations de chaque pays du point de vue \u00e9lectrique et structurel.<\/p>\n<p>\u00c9videmment, il est possible d\u2019acheter une <strong>flotte de VKarts<\/strong> \u00e0 envoyer dans les diff\u00e9rents lieux et points de vente o\u00f9 la marque souhaite utiliser une nouvelle, et tr\u00e8s mobile, station smart d\u2019appui.<\/p>\n\n\t\t<style type=\"text\/css\">\n\t\t\t#gallery-1 {\n\t\t\t\tmargin: auto;\n\t\t\t}\n\t\t\t#gallery-1 .gallery-item {\n\t\t\t\tfloat: left;\n\t\t\t\tmargin-top: 10px;\n\t\t\t\ttext-align: center;\n\t\t\t\twidth: 33%;\n\t\t\t}\n\t\t\t#gallery-1 img {\n\t\t\t\tborder: 2px solid #cfcfcf;\n\t\t\t}\n\t\t\t#gallery-1 .gallery-caption {\n\t\t\t\tmargin-left: 0;\n\t\t\t}\n\t\t\t\/* see gallery_shortcode() in wp-includes\/media.php *\/\n\t\t<\/style>\n\t\t<div id='gallery-1' class='gallery galleryid-10414 gallery-columns-3 gallery-size-thumbnail'><dl class='gallery-item'>\n\t\t\t<dt class='gallery-icon landscape'>\n\t\t\t\t<a href='https:\/\/www.vsveicolispeciali.com\/fr\/chariot-a-main-est-de-nouveau-en-vogue-grace-a-vs-street-food\/carretto-gelato-vkart-2\/'><img loading=\"lazy\" decoding=\"async\" width=\"150\" height=\"150\" src=\"https:\/\/www.vsveicolispeciali.com\/wp-content\/uploads\/2019\/03\/carretto-gelato-vkart-150x150.jpg\" class=\"attachment-thumbnail size-thumbnail\" alt=\"carretto gelato vkart\" srcset=\"https:\/\/www.vsveicolispeciali.com\/wp-content\/uploads\/2019\/03\/carretto-gelato-vkart-150x150.jpg 150w, https:\/\/www.vsveicolispeciali.com\/wp-content\/uploads\/2019\/03\/carretto-gelato-vkart-570x570.jpg 570w, https:\/\/www.vsveicolispeciali.com\/wp-content\/uploads\/2019\/03\/carretto-gelato-vkart-500x500.jpg 500w\" sizes=\"(max-width: 150px) 100vw, 150px\" \/><\/a>\n\t\t\t<\/dt><\/dl>\n\t\t\t<br style='clear: both' \/>\n\t\t<\/div>\n\n","protected":false},"excerpt":{"rendered":"<p>Il \u00e9tait une fois la vente ambulante de nourriture de rue avec des chariots \u00e0 main en bois transport\u00e9s dans les rues des villes et des villages. C\u2019\u00e9tait une forme de commerce pauvre et populaire. La plupart des marchandises vendues \u00e9taient des produits de la&#8230;<\/p>\n","protected":false},"author":2,"featured_media":9757,"comment_status":"closed","ping_status":"open","sticky":false,"template":"","format":"gallery","meta":{"footnotes":""},"categories":[27],"tags":[205,219],"class_list":["post-10414","post","type-post","status-publish","format-gallery","has-post-thumbnail","hentry","category-news-fr","tag-street-food","tag-chariot-street-food","post_format-post-format-gallery"],"yoast_head":"<!-- This site is optimized with the Yoast SEO plugin v25.4 - https:\/\/yoast.com\/wordpress\/plugins\/seo\/ -->\n<title>VKart est un \u00e9l\u00e9gant Chariot Ambulant con\u00e7u pour la Street Food<\/title>\n<meta name=\"description\" content=\"De l&#039;ancien chariot en bois des vendeurs ambulants \u00e0 VKart, un chariot street food con\u00e7u pour les entreprises et les commer\u00e7ants &gt;\" \/>\n<meta name=\"robots\" content=\"index, follow, max-snippet:-1, max-image-preview:large, max-video-preview:-1\" \/>\n<link rel=\"canonical\" href=\"https:\/\/www.vsveicolispeciali.com\/fr\/chariot-a-main-est-de-nouveau-en-vogue-grace-a-vs-street-food\/\" \/>\n<meta property=\"og:locale\" content=\"fr_FR\" \/>\n<meta property=\"og:type\" content=\"article\" \/>\n<meta property=\"og:title\" content=\"VKart est un \u00e9l\u00e9gant Chariot Ambulant con\u00e7u pour la Street Food\" \/>\n<meta property=\"og:description\" content=\"De l&#039;ancien chariot en bois des vendeurs ambulants \u00e0 VKart, un chariot street food con\u00e7u pour les entreprises et les commer\u00e7ants &gt;\" \/>\n<meta property=\"og:url\" content=\"https:\/\/www.vsveicolispeciali.com\/fr\/chariot-a-main-est-de-nouveau-en-vogue-grace-a-vs-street-food\/\" \/>\n<meta property=\"og:site_name\" content=\"VS Veicoli Speciali\" \/>\n<meta property=\"article:publisher\" content=\"https:\/\/www.facebook.com\/VSVeicoliSpeciali.Food.Trucks\/\" \/>\n<meta property=\"article:published_time\" content=\"2019-04-01T18:44:39+00:00\" \/>\n<meta property=\"article:modified_time\" content=\"2024-09-18T19:07:40+00:00\" \/>\n<meta property=\"og:image\" content=\"https:\/\/www.vsveicolispeciali.com\/wp-content\/uploads\/2019\/03\/antichi-carretti-venditori-ambulanti.jpg\" \/>\n\t<meta property=\"og:image:width\" content=\"579\" \/>\n\t<meta property=\"og:image:height\" content=\"431\" \/>\n\t<meta property=\"og:image:type\" content=\"image\/jpeg\" \/>\n<meta name=\"author\" content=\"VS Veicoli Speciali\" \/>\n<meta name=\"twitter:card\" content=\"summary_large_image\" \/>\n<meta name=\"twitter:creator\" content=\"@veicolispeciali\" \/>\n<meta name=\"twitter:site\" content=\"@veicolispeciali\" \/>\n<meta name=\"twitter:label1\" content=\"\u00c9crit par\" \/>\n\t<meta name=\"twitter:data1\" content=\"VS Veicoli Speciali\" \/>\n\t<meta name=\"twitter:label2\" content=\"Dur\u00e9e de lecture estim\u00e9e\" \/>\n\t<meta name=\"twitter:data2\" content=\"6 minutes\" \/>\n<script type=\"application\/ld+json\" class=\"yoast-schema-graph\">{\"@context\":\"https:\/\/schema.org\",\"@graph\":[{\"@type\":\"Article\",\"@id\":\"https:\/\/www.vsveicolispeciali.com\/fr\/chariot-a-main-est-de-nouveau-en-vogue-grace-a-vs-street-food\/#article\",\"isPartOf\":{\"@id\":\"https:\/\/www.vsveicolispeciali.com\/fr\/chariot-a-main-est-de-nouveau-en-vogue-grace-a-vs-street-food\/\"},\"author\":{\"name\":\"VS Veicoli Speciali\",\"@id\":\"https:\/\/www.vsveicolispeciali.com\/fr\/#\/schema\/person\/8c8e3b05db2eca472cca11ff78d1a62d\"},\"headline\":\"Un \u00e9l\u00e9gant chariot ambulant con\u00e7u pour la street food\",\"datePublished\":\"2019-04-01T18:44:39+00:00\",\"dateModified\":\"2024-09-18T19:07:40+00:00\",\"mainEntityOfPage\":{\"@id\":\"https:\/\/www.vsveicolispeciali.com\/fr\/chariot-a-main-est-de-nouveau-en-vogue-grace-a-vs-street-food\/\"},\"wordCount\":1020,\"publisher\":{\"@id\":\"https:\/\/www.vsveicolispeciali.com\/fr\/#organization\"},\"image\":{\"@id\":\"https:\/\/www.vsveicolispeciali.com\/fr\/chariot-a-main-est-de-nouveau-en-vogue-grace-a-vs-street-food\/#primaryimage\"},\"thumbnailUrl\":\"https:\/\/www.vsveicolispeciali.com\/wp-content\/uploads\/2019\/03\/antichi-carretti-venditori-ambulanti.jpg\",\"keywords\":[\"street food\",\"chariot street food\"],\"articleSection\":[\"News\"],\"inLanguage\":\"fr-FR\"},{\"@type\":\"WebPage\",\"@id\":\"https:\/\/www.vsveicolispeciali.com\/fr\/chariot-a-main-est-de-nouveau-en-vogue-grace-a-vs-street-food\/\",\"url\":\"https:\/\/www.vsveicolispeciali.com\/fr\/chariot-a-main-est-de-nouveau-en-vogue-grace-a-vs-street-food\/\",\"name\":\"VKart est un \u00e9l\u00e9gant Chariot Ambulant con\u00e7u pour la Street Food\",\"isPartOf\":{\"@id\":\"https:\/\/www.vsveicolispeciali.com\/fr\/#website\"},\"primaryImageOfPage\":{\"@id\":\"https:\/\/www.vsveicolispeciali.com\/fr\/chariot-a-main-est-de-nouveau-en-vogue-grace-a-vs-street-food\/#primaryimage\"},\"image\":{\"@id\":\"https:\/\/www.vsveicolispeciali.com\/fr\/chariot-a-main-est-de-nouveau-en-vogue-grace-a-vs-street-food\/#primaryimage\"},\"thumbnailUrl\":\"https:\/\/www.vsveicolispeciali.com\/wp-content\/uploads\/2019\/03\/antichi-carretti-venditori-ambulanti.jpg\",\"datePublished\":\"2019-04-01T18:44:39+00:00\",\"dateModified\":\"2024-09-18T19:07:40+00:00\",\"description\":\"De l'ancien chariot en bois des vendeurs ambulants \u00e0 VKart, un chariot street food con\u00e7u pour les entreprises et les commer\u00e7ants >\",\"breadcrumb\":{\"@id\":\"https:\/\/www.vsveicolispeciali.com\/fr\/chariot-a-main-est-de-nouveau-en-vogue-grace-a-vs-street-food\/#breadcrumb\"},\"inLanguage\":\"fr-FR\",\"potentialAction\":[{\"@type\":\"ReadAction\",\"target\":[\"https:\/\/www.vsveicolispeciali.com\/fr\/chariot-a-main-est-de-nouveau-en-vogue-grace-a-vs-street-food\/\"]}]},{\"@type\":\"ImageObject\",\"inLanguage\":\"fr-FR\",\"@id\":\"https:\/\/www.vsveicolispeciali.com\/fr\/chariot-a-main-est-de-nouveau-en-vogue-grace-a-vs-street-food\/#primaryimage\",\"url\":\"https:\/\/www.vsveicolispeciali.com\/wp-content\/uploads\/2019\/03\/antichi-carretti-venditori-ambulanti.jpg\",\"contentUrl\":\"https:\/\/www.vsveicolispeciali.com\/wp-content\/uploads\/2019\/03\/antichi-carretti-venditori-ambulanti.jpg\",\"width\":579,\"height\":431,\"caption\":\"antichi carretti venditori ambulanti\"},{\"@type\":\"BreadcrumbList\",\"@id\":\"https:\/\/www.vsveicolispeciali.com\/fr\/chariot-a-main-est-de-nouveau-en-vogue-grace-a-vs-street-food\/#breadcrumb\",\"itemListElement\":[{\"@type\":\"ListItem\",\"position\":1,\"name\":\"Home\",\"item\":\"https:\/\/www.vsveicolispeciali.com\/fr\/\"},{\"@type\":\"ListItem\",\"position\":2,\"name\":\"Un \u00e9l\u00e9gant chariot ambulant con\u00e7u pour la street food\"}]},{\"@type\":\"WebSite\",\"@id\":\"https:\/\/www.vsveicolispeciali.com\/fr\/#website\",\"url\":\"https:\/\/www.vsveicolispeciali.com\/fr\/\",\"name\":\"VS Veicoli Speciali\",\"description\":\"\",\"publisher\":{\"@id\":\"https:\/\/www.vsveicolispeciali.com\/fr\/#organization\"},\"potentialAction\":[{\"@type\":\"SearchAction\",\"target\":{\"@type\":\"EntryPoint\",\"urlTemplate\":\"https:\/\/www.vsveicolispeciali.com\/fr\/?s={search_term_string}\"},\"query-input\":{\"@type\":\"PropertyValueSpecification\",\"valueRequired\":true,\"valueName\":\"search_term_string\"}}],\"inLanguage\":\"fr-FR\"},{\"@type\":\"Organization\",\"@id\":\"https:\/\/www.vsveicolispeciali.com\/fr\/#organization\",\"name\":\"VS Veicoli Speciali\",\"url\":\"https:\/\/www.vsveicolispeciali.com\/fr\/\",\"logo\":{\"@type\":\"ImageObject\",\"inLanguage\":\"fr-FR\",\"@id\":\"https:\/\/www.vsveicolispeciali.com\/fr\/#\/schema\/logo\/image\/\",\"url\":\"http:\/\/www.vsveicolispeciali.com\/wp-content\/uploads\/2015\/05\/vs_veicoli_speciali-logo.png\",\"contentUrl\":\"http:\/\/www.vsveicolispeciali.com\/wp-content\/uploads\/2015\/05\/vs_veicoli_speciali-logo.png\",\"width\":252,\"height\":134,\"caption\":\"VS Veicoli Speciali\"},\"image\":{\"@id\":\"https:\/\/www.vsveicolispeciali.com\/fr\/#\/schema\/logo\/image\/\"},\"sameAs\":[\"https:\/\/www.facebook.com\/VSVeicoliSpeciali.Food.Trucks\/\",\"https:\/\/x.com\/veicolispeciali\",\"https:\/\/www.instagram.com\/vs_veicolispeciali\/\",\"https:\/\/www.linkedin.com\/company\/2811960\/\",\"https:\/\/www.pinterest.com\/streetfoodtruck\/\",\"https:\/\/www.youtube.com\/user\/veicolispeciali\"]},{\"@type\":\"Person\",\"@id\":\"https:\/\/www.vsveicolispeciali.com\/fr\/#\/schema\/person\/8c8e3b05db2eca472cca11ff78d1a62d\",\"name\":\"VS Veicoli Speciali\",\"image\":{\"@type\":\"ImageObject\",\"inLanguage\":\"fr-FR\",\"@id\":\"https:\/\/www.vsveicolispeciali.com\/fr\/#\/schema\/person\/image\/\",\"url\":\"https:\/\/secure.gravatar.com\/avatar\/69112ab3f18e6754894da123600ad5b0?s=96&d=mm&r=g\",\"contentUrl\":\"https:\/\/secure.gravatar.com\/avatar\/69112ab3f18e6754894da123600ad5b0?s=96&d=mm&r=g\",\"caption\":\"VS Veicoli Speciali\"}}]}<\/script>\n<!-- \/ Yoast SEO plugin. -->","yoast_head_json":{"title":"VKart est un \u00e9l\u00e9gant Chariot Ambulant con\u00e7u pour la Street Food","description":"De l'ancien chariot en bois des vendeurs ambulants \u00e0 VKart, un chariot street food con\u00e7u pour les entreprises et les commer\u00e7ants >","robots":{"index":"index","follow":"follow","max-snippet":"max-snippet:-1","max-image-preview":"max-image-preview:large","max-video-preview":"max-video-preview:-1"},"canonical":"https:\/\/www.vsveicolispeciali.com\/fr\/chariot-a-main-est-de-nouveau-en-vogue-grace-a-vs-street-food\/","og_locale":"fr_FR","og_type":"article","og_title":"VKart est un \u00e9l\u00e9gant Chariot Ambulant con\u00e7u pour la Street Food","og_description":"De l'ancien chariot en bois des vendeurs ambulants \u00e0 VKart, un chariot street food con\u00e7u pour les entreprises et les commer\u00e7ants >","og_url":"https:\/\/www.vsveicolispeciali.com\/fr\/chariot-a-main-est-de-nouveau-en-vogue-grace-a-vs-street-food\/","og_site_name":"VS Veicoli Speciali","article_publisher":"https:\/\/www.facebook.com\/VSVeicoliSpeciali.Food.Trucks\/","article_published_time":"2019-04-01T18:44:39+00:00","article_modified_time":"2024-09-18T19:07:40+00:00","og_image":[{"width":579,"height":431,"url":"https:\/\/www.vsveicolispeciali.com\/wp-content\/uploads\/2019\/03\/antichi-carretti-venditori-ambulanti.jpg","type":"image\/jpeg"}],"author":"VS Veicoli Speciali","twitter_card":"summary_large_image","twitter_creator":"@veicolispeciali","twitter_site":"@veicolispeciali","twitter_misc":{"\u00c9crit par":"VS Veicoli Speciali","Dur\u00e9e de lecture estim\u00e9e":"6 minutes"},"schema":{"@context":"https:\/\/schema.org","@graph":[{"@type":"Article","@id":"https:\/\/www.vsveicolispeciali.com\/fr\/chariot-a-main-est-de-nouveau-en-vogue-grace-a-vs-street-food\/#article","isPartOf":{"@id":"https:\/\/www.vsveicolispeciali.com\/fr\/chariot-a-main-est-de-nouveau-en-vogue-grace-a-vs-street-food\/"},"author":{"name":"VS Veicoli Speciali","@id":"https:\/\/www.vsveicolispeciali.com\/fr\/#\/schema\/person\/8c8e3b05db2eca472cca11ff78d1a62d"},"headline":"Un \u00e9l\u00e9gant chariot ambulant con\u00e7u pour la street food","datePublished":"2019-04-01T18:44:39+00:00","dateModified":"2024-09-18T19:07:40+00:00","mainEntityOfPage":{"@id":"https:\/\/www.vsveicolispeciali.com\/fr\/chariot-a-main-est-de-nouveau-en-vogue-grace-a-vs-street-food\/"},"wordCount":1020,"publisher":{"@id":"https:\/\/www.vsveicolispeciali.com\/fr\/#organization"},"image":{"@id":"https:\/\/www.vsveicolispeciali.com\/fr\/chariot-a-main-est-de-nouveau-en-vogue-grace-a-vs-street-food\/#primaryimage"},"thumbnailUrl":"https:\/\/www.vsveicolispeciali.com\/wp-content\/uploads\/2019\/03\/antichi-carretti-venditori-ambulanti.jpg","keywords":["street food","chariot street food"],"articleSection":["News"],"inLanguage":"fr-FR"},{"@type":"WebPage","@id":"https:\/\/www.vsveicolispeciali.com\/fr\/chariot-a-main-est-de-nouveau-en-vogue-grace-a-vs-street-food\/","url":"https:\/\/www.vsveicolispeciali.com\/fr\/chariot-a-main-est-de-nouveau-en-vogue-grace-a-vs-street-food\/","name":"VKart est un \u00e9l\u00e9gant Chariot Ambulant con\u00e7u pour la Street Food","isPartOf":{"@id":"https:\/\/www.vsveicolispeciali.com\/fr\/#website"},"primaryImageOfPage":{"@id":"https:\/\/www.vsveicolispeciali.com\/fr\/chariot-a-main-est-de-nouveau-en-vogue-grace-a-vs-street-food\/#primaryimage"},"image":{"@id":"https:\/\/www.vsveicolispeciali.com\/fr\/chariot-a-main-est-de-nouveau-en-vogue-grace-a-vs-street-food\/#primaryimage"},"thumbnailUrl":"https:\/\/www.vsveicolispeciali.com\/wp-content\/uploads\/2019\/03\/antichi-carretti-venditori-ambulanti.jpg","datePublished":"2019-04-01T18:44:39+00:00","dateModified":"2024-09-18T19:07:40+00:00","description":"De l'ancien chariot en bois des vendeurs ambulants \u00e0 VKart, un chariot street food con\u00e7u pour les entreprises et les commer\u00e7ants >","breadcrumb":{"@id":"https:\/\/www.vsveicolispeciali.com\/fr\/chariot-a-main-est-de-nouveau-en-vogue-grace-a-vs-street-food\/#breadcrumb"},"inLanguage":"fr-FR","potentialAction":[{"@type":"ReadAction","target":["https:\/\/www.vsveicolispeciali.com\/fr\/chariot-a-main-est-de-nouveau-en-vogue-grace-a-vs-street-food\/"]}]},{"@type":"ImageObject","inLanguage":"fr-FR","@id":"https:\/\/www.vsveicolispeciali.com\/fr\/chariot-a-main-est-de-nouveau-en-vogue-grace-a-vs-street-food\/#primaryimage","url":"https:\/\/www.vsveicolispeciali.com\/wp-content\/uploads\/2019\/03\/antichi-carretti-venditori-ambulanti.jpg","contentUrl":"https:\/\/www.vsveicolispeciali.com\/wp-content\/uploads\/2019\/03\/antichi-carretti-venditori-ambulanti.jpg","width":579,"height":431,"caption":"antichi carretti venditori ambulanti"},{"@type":"BreadcrumbList","@id":"https:\/\/www.vsveicolispeciali.com\/fr\/chariot-a-main-est-de-nouveau-en-vogue-grace-a-vs-street-food\/#breadcrumb","itemListElement":[{"@type":"ListItem","position":1,"name":"Home","item":"https:\/\/www.vsveicolispeciali.com\/fr\/"},{"@type":"ListItem","position":2,"name":"Un \u00e9l\u00e9gant chariot ambulant con\u00e7u pour la street food"}]},{"@type":"WebSite","@id":"https:\/\/www.vsveicolispeciali.com\/fr\/#website","url":"https:\/\/www.vsveicolispeciali.com\/fr\/","name":"VS Veicoli Speciali","description":"","publisher":{"@id":"https:\/\/www.vsveicolispeciali.com\/fr\/#organization"},"potentialAction":[{"@type":"SearchAction","target":{"@type":"EntryPoint","urlTemplate":"https:\/\/www.vsveicolispeciali.com\/fr\/?s={search_term_string}"},"query-input":{"@type":"PropertyValueSpecification","valueRequired":true,"valueName":"search_term_string"}}],"inLanguage":"fr-FR"},{"@type":"Organization","@id":"https:\/\/www.vsveicolispeciali.com\/fr\/#organization","name":"VS Veicoli Speciali","url":"https:\/\/www.vsveicolispeciali.com\/fr\/","logo":{"@type":"ImageObject","inLanguage":"fr-FR","@id":"https:\/\/www.vsveicolispeciali.com\/fr\/#\/schema\/logo\/image\/","url":"http:\/\/www.vsveicolispeciali.com\/wp-content\/uploads\/2015\/05\/vs_veicoli_speciali-logo.png","contentUrl":"http:\/\/www.vsveicolispeciali.com\/wp-content\/uploads\/2015\/05\/vs_veicoli_speciali-logo.png","width":252,"height":134,"caption":"VS Veicoli Speciali"},"image":{"@id":"https:\/\/www.vsveicolispeciali.com\/fr\/#\/schema\/logo\/image\/"},"sameAs":["https:\/\/www.facebook.com\/VSVeicoliSpeciali.Food.Trucks\/","https:\/\/x.com\/veicolispeciali","https:\/\/www.instagram.com\/vs_veicolispeciali\/","https:\/\/www.linkedin.com\/company\/2811960\/","https:\/\/www.pinterest.com\/streetfoodtruck\/","https:\/\/www.youtube.com\/user\/veicolispeciali"]},{"@type":"Person","@id":"https:\/\/www.vsveicolispeciali.com\/fr\/#\/schema\/person\/8c8e3b05db2eca472cca11ff78d1a62d","name":"VS Veicoli Speciali","image":{"@type":"ImageObject","inLanguage":"fr-FR","@id":"https:\/\/www.vsveicolispeciali.com\/fr\/#\/schema\/person\/image\/","url":"https:\/\/secure.gravatar.com\/avatar\/69112ab3f18e6754894da123600ad5b0?s=96&d=mm&r=g","contentUrl":"https:\/\/secure.gravatar.com\/avatar\/69112ab3f18e6754894da123600ad5b0?s=96&d=mm&r=g","caption":"VS Veicoli Speciali"}}]}},"_links":{"self":[{"href":"https:\/\/www.vsveicolispeciali.com\/fr\/wp-json\/wp\/v2\/posts\/10414"}],"collection":[{"href":"https:\/\/www.vsveicolispeciali.com\/fr\/wp-json\/wp\/v2\/posts"}],"about":[{"href":"https:\/\/www.vsveicolispeciali.com\/fr\/wp-json\/wp\/v2\/types\/post"}],"author":[{"embeddable":true,"href":"https:\/\/www.vsveicolispeciali.com\/fr\/wp-json\/wp\/v2\/users\/2"}],"replies":[{"embeddable":true,"href":"https:\/\/www.vsveicolispeciali.com\/fr\/wp-json\/wp\/v2\/comments?post=10414"}],"version-history":[{"count":4,"href":"https:\/\/www.vsveicolispeciali.com\/fr\/wp-json\/wp\/v2\/posts\/10414\/revisions"}],"predecessor-version":[{"id":26434,"href":"https:\/\/www.vsveicolispeciali.com\/fr\/wp-json\/wp\/v2\/posts\/10414\/revisions\/26434"}],"wp:featuredmedia":[{"embeddable":true,"href":"https:\/\/www.vsveicolispeciali.com\/fr\/wp-json\/wp\/v2\/media\/9757"}],"wp:attachment":[{"href":"https:\/\/www.vsveicolispeciali.com\/fr\/wp-json\/wp\/v2\/media?parent=10414"}],"wp:term":[{"taxonomy":"category","embeddable":true,"href":"https:\/\/www.vsveicolispeciali.com\/fr\/wp-json\/wp\/v2\/categories?post=10414"},{"taxonomy":"post_tag","embeddable":true,"href":"https:\/\/www.vsveicolispeciali.com\/fr\/wp-json\/wp\/v2\/tags?post=10414"}],"curies":[{"name":"wp","href":"https:\/\/api.w.org\/{rel}","templated":true}]}}