{"id":9715,"date":"2018-02-27T00:03:38","date_gmt":"2018-02-26T23:03:38","guid":{"rendered":"http:\/\/www.vsveicolispeciali.com\/food-truck-festival-street-food-commercio-ambulante-svizzera\/"},"modified":"2025-05-29T19:13:26","modified_gmt":"2025-05-29T17:13:26","slug":"food-truck-festival-street-food-wanderhandel-in-der-schweiz-ist-in-vollem-gange","status":"publish","type":"post","link":"https:\/\/www.vsveicolispeciali.com\/de\/food-truck-festival-street-food-wanderhandel-in-der-schweiz-ist-in-vollem-gange\/","title":{"rendered":"Zwischen Food Trucks und Street-Food Festivals, der Wanderhandel in der Schweiz ist in vollem Gange"},"content":{"rendered":"<p>Die <strong>Schweiz<\/strong> ist ein idealer Ort, um ein Street-Food-Gesch\u00e4ft mit einem eigenen Foodtruck zu betreiben: schlanke B\u00fcrokratie, niedrige Besteuerung, effiziente Dienstleistungen, ein aufgeschlossenes Publikum, das sich den K\u00fcchen der Welt \u00f6ffnet<\/p>\n<p>Auch hier wie in anderen hochindustrialisierten L\u00e4ndern sch\u00e4tzen die Menschen w\u00e4hrend der Arbeitswoche das schnelle, qualitativ hochwertige Mittagessen bei lokalen Food-Trucks, und wenn die hei\u00dfeste Jahreszeit beginnt, werden an den Wochenenden Streetfood-Events veranstaltet Angriff.<\/p>\n<p>Aus diesen Gr\u00fcnden nimmt <strong>die Zahl der<\/strong> in der ganzen Schweiz zirkulierenden <strong>Food Trucks<\/strong> rapide zu, ebenso wie <strong>die Anzahl der organisierten Street-Food-Events<\/strong>.<\/p>\n<p>Im Folgenden zeigen wir Ihnen einige der <a href=\"https:\/\/www.vsveicolispeciali.com\/de\/15-wunderschoene-foodtrucks-die-in-der-schweiz-verkauft-wurden\/\" rel=\"noopener\" target=\"_blank\">sch\u00f6nsten Foodtrucks der Schweiz<\/a>.<\/p>\n<p><strong><a href=\"https:\/\/www.vsveicolispeciali.com\/de\/street-food-truck\/pizza-food-truck-ducato-nero-s-pizza-verkaufswagen\/\" target=\"_blank\" rel=\"noopener\">Nero&#8217;s Pizza<\/a><\/strong><\/p>\n<p><a href=\"https:\/\/www.vsveicolispeciali.com\/wp-content\/uploads\/2018\/02\/neros-pizza-ginevra-svizzera.jpg\"><img loading=\"lazy\" decoding=\"async\" class=\"alignleft size-full wp-image-6412\" src=\"https:\/\/www.vsveicolispeciali.com\/wp-content\/uploads\/2018\/02\/neros-pizza-ginevra-svizzera.jpg\" alt=\"van food truck black pizza schneidet pizza in genf in der schweiz\" width=\"800\" height=\"800\" srcset=\"https:\/\/www.vsveicolispeciali.com\/wp-content\/uploads\/2018\/02\/neros-pizza-ginevra-svizzera.jpg 800w, https:\/\/www.vsveicolispeciali.com\/wp-content\/uploads\/2018\/02\/neros-pizza-ginevra-svizzera-150x150.jpg 150w, https:\/\/www.vsveicolispeciali.com\/wp-content\/uploads\/2018\/02\/neros-pizza-ginevra-svizzera-300x300.jpg 300w, https:\/\/www.vsveicolispeciali.com\/wp-content\/uploads\/2018\/02\/neros-pizza-ginevra-svizzera-768x768.jpg 768w, https:\/\/www.vsveicolispeciali.com\/wp-content\/uploads\/2018\/02\/neros-pizza-ginevra-svizzera-570x570.jpg 570w, https:\/\/www.vsveicolispeciali.com\/wp-content\/uploads\/2018\/02\/neros-pizza-ginevra-svizzera-500x500.jpg 500w, https:\/\/www.vsveicolispeciali.com\/wp-content\/uploads\/2018\/02\/neros-pizza-ginevra-svizzera-700x700.jpg 700w\" sizes=\"(max-width: 800px) 100vw, 800px\" \/><\/a><\/p>\n<p>&nbsp;&nbsp;<br \/>\n<strong><a href=\"https:\/\/www.vsveicolispeciali.com\/de\/street-food-truck\/ducato-food-truck-mobile-restaurant-the-hamburger-foundation\/\" rel=\"noopener\" target=\"_blank\">THF &#8211; The Hamburger Foundation<\/a><\/strong><\/p>\n<p><a href=\"https:\/\/www.vsveicolispeciali.com\/wp-content\/uploads\/2018\/02\/food-truck-the-hamburger-foundation-svizzera.jpg\"><img loading=\"lazy\" decoding=\"async\" class=\"alignleft size-full wp-image-6406\" src=\"https:\/\/www.vsveicolispeciali.com\/wp-content\/uploads\/2018\/02\/food-truck-the-hamburger-foundation-svizzera.jpg\" alt=\"black food truck Die Hamburger Foundation in der Schweiz\" width=\"800\" height=\"600\" srcset=\"https:\/\/www.vsveicolispeciali.com\/wp-content\/uploads\/2018\/02\/food-truck-the-hamburger-foundation-svizzera.jpg 800w, https:\/\/www.vsveicolispeciali.com\/wp-content\/uploads\/2018\/02\/food-truck-the-hamburger-foundation-svizzera-300x225.jpg 300w, https:\/\/www.vsveicolispeciali.com\/wp-content\/uploads\/2018\/02\/food-truck-the-hamburger-foundation-svizzera-768x576.jpg 768w, https:\/\/www.vsveicolispeciali.com\/wp-content\/uploads\/2018\/02\/food-truck-the-hamburger-foundation-svizzera-700x525.jpg 700w\" sizes=\"(max-width: 800px) 100vw, 800px\" \/><\/a><\/p>\n<p>&nbsp;&nbsp;<br \/>\n<strong><a href=\"https:\/\/www.vsveicolispeciali.com\/de\/street-food-truck\/transporter-fiat-ducato-food-truck-gabriele-street-food-fahrzeug\/\" target=\"_blank\" rel=\"noopener\">Gabriele Street Food<\/a><\/strong><\/p>\n<p><a href=\"https:\/\/www.vsveicolispeciali.com\/wp-content\/uploads\/2018\/02\/food-truck-fiat-ducato-gabriele-street-food.jpg\"><img loading=\"lazy\" decoding=\"async\" class=\"alignleft size-full wp-image-6400\" src=\"https:\/\/www.vsveicolispeciali.com\/wp-content\/uploads\/2018\/02\/food-truck-fiat-ducato-gabriele-street-food.jpg\" alt=\"food truck fiat ducato gabriele street food auf einem schweizer Platz\" width=\"800\" height=\"518\" srcset=\"https:\/\/www.vsveicolispeciali.com\/wp-content\/uploads\/2018\/02\/food-truck-fiat-ducato-gabriele-street-food.jpg 800w, https:\/\/www.vsveicolispeciali.com\/wp-content\/uploads\/2018\/02\/food-truck-fiat-ducato-gabriele-street-food-300x194.jpg 300w, https:\/\/www.vsveicolispeciali.com\/wp-content\/uploads\/2018\/02\/food-truck-fiat-ducato-gabriele-street-food-768x497.jpg 768w, https:\/\/www.vsveicolispeciali.com\/wp-content\/uploads\/2018\/02\/food-truck-fiat-ducato-gabriele-street-food-400x260.jpg 400w, https:\/\/www.vsveicolispeciali.com\/wp-content\/uploads\/2018\/02\/food-truck-fiat-ducato-gabriele-street-food-700x453.jpg 700w\" sizes=\"(max-width: 800px) 100vw, 800px\" \/><\/a><\/p>\n<p>&nbsp;&nbsp;<br \/>\n<strong><a href=\"https:\/\/www.vsveicolispeciali.com\/de\/street-food-truck\/mercedes-310-food-truck-oldtimer-kitchenette-zuerich\/\" target=\"_blank\" rel=\"noopener\">Kitchenette<\/a><\/strong><\/p>\n<p><a href=\"https:\/\/www.vsveicolispeciali.com\/wp-content\/uploads\/2018\/02\/food-truck-mercedes-kitchenette-zurigo.jpg\"><img loading=\"lazy\" decoding=\"async\" class=\"alignleft size-full wp-image-6403\" src=\"https:\/\/www.vsveicolispeciali.com\/wp-content\/uploads\/2018\/02\/food-truck-mercedes-kitchenette-zurigo.jpg\" alt=\"green truck food mercedes cooking ist im strassenhandel in z\u00fcrich t\u00e4tig\" width=\"800\" height=\"537\" srcset=\"https:\/\/www.vsveicolispeciali.com\/wp-content\/uploads\/2018\/02\/food-truck-mercedes-kitchenette-zurigo.jpg 800w, https:\/\/www.vsveicolispeciali.com\/wp-content\/uploads\/2018\/02\/food-truck-mercedes-kitchenette-zurigo-300x201.jpg 300w, https:\/\/www.vsveicolispeciali.com\/wp-content\/uploads\/2018\/02\/food-truck-mercedes-kitchenette-zurigo-768x516.jpg 768w, https:\/\/www.vsveicolispeciali.com\/wp-content\/uploads\/2018\/02\/food-truck-mercedes-kitchenette-zurigo-700x470.jpg 700w\" sizes=\"(max-width: 800px) 100vw, 800px\" \/><\/a><\/p>\n<p>&nbsp;&nbsp;<br \/>\n<strong><a href=\"https:\/\/www.vsveicolispeciali.com\/de\/street-food-truck\/lieferwagen-food-truck-fiat-ducato-tr3vor-schweiz\/\" target=\"_blank\" rel=\"noopener\">Tr3vor<\/a><\/strong><\/p>\n<p><a href=\"https:\/\/www.vsveicolispeciali.com\/wp-content\/uploads\/2018\/02\/tr3vor-food-truck-canton-ticino-svizzera.jpg\"><img loading=\"lazy\" decoding=\"async\" class=\"alignleft size-full wp-image-6415\" src=\"https:\/\/www.vsveicolispeciali.com\/wp-content\/uploads\/2018\/02\/tr3vor-food-truck-canton-ticino-svizzera.jpg\" alt=\"tr3vor food truck im kanton tessin in der schweiz, betrieben von koch Trevor Alpignani\" width=\"800\" height=\"618\" srcset=\"https:\/\/www.vsveicolispeciali.com\/wp-content\/uploads\/2018\/02\/tr3vor-food-truck-canton-ticino-svizzera.jpg 800w, https:\/\/www.vsveicolispeciali.com\/wp-content\/uploads\/2018\/02\/tr3vor-food-truck-canton-ticino-svizzera-300x232.jpg 300w, https:\/\/www.vsveicolispeciali.com\/wp-content\/uploads\/2018\/02\/tr3vor-food-truck-canton-ticino-svizzera-768x593.jpg 768w, https:\/\/www.vsveicolispeciali.com\/wp-content\/uploads\/2018\/02\/tr3vor-food-truck-canton-ticino-svizzera-700x541.jpg 700w\" sizes=\"(max-width: 800px) 100vw, 800px\" \/><\/a><\/p>\n<p>&nbsp;&nbsp;<br \/>\n<strong><a href=\"https:\/\/www.vsveicolispeciali.com\/de\/street-food-truck\/renault-master-food-truck-guadalupe-kueche\/\" target=\"_blank\" rel=\"noopener\">De l&#8217;Or Bokit<\/a><\/strong><\/p>\n<p><a href=\"https:\/\/www.vsveicolispeciali.com\/wp-content\/uploads\/2018\/02\/furgone-food-truck-de-lor-bokit-svizzera.jpg\"><img loading=\"lazy\" decoding=\"async\" class=\"alignleft size-full wp-image-6409\" src=\"https:\/\/www.vsveicolispeciali.com\/wp-content\/uploads\/2018\/02\/furgone-food-truck-de-lor-bokit-svizzera.jpg\" alt=\"Schweizer Food Truck van de lor bokit f\u00fcr den Verkauf von typischen Guadalupe-Sandwiches\" width=\"800\" height=\"530\" srcset=\"https:\/\/www.vsveicolispeciali.com\/wp-content\/uploads\/2018\/02\/furgone-food-truck-de-lor-bokit-svizzera.jpg 800w, https:\/\/www.vsveicolispeciali.com\/wp-content\/uploads\/2018\/02\/furgone-food-truck-de-lor-bokit-svizzera-300x199.jpg 300w, https:\/\/www.vsveicolispeciali.com\/wp-content\/uploads\/2018\/02\/furgone-food-truck-de-lor-bokit-svizzera-768x509.jpg 768w, https:\/\/www.vsveicolispeciali.com\/wp-content\/uploads\/2018\/02\/furgone-food-truck-de-lor-bokit-svizzera-700x464.jpg 700w\" sizes=\"(max-width: 800px) 100vw, 800px\" \/><\/a><\/p>\n<p>&nbsp;&nbsp;<\/p>\n<h2>DIE BELIEBSTEN FOOD TRUCK-FESTIVALS IN DER SCHWEIZ<\/h2>\n<p>&nbsp;<\/p>\n<p>In der Schweiz sind Festivals, die sich auf Street Food und Food Trucks konzentrieren, zunehmend zahlreich und \u00fcberf\u00fcllt. Ein Trend, der in anderen europ\u00e4ischen L\u00e4ndern und in <a href=\"https:\/\/www.vsveicolispeciali.com\/de\/die-am-meisten-erwarteten-street-food-veranstaltungen-von-2018-in-italien\/\" rel=\"noopener\" target=\"_blank\">Italien<\/a> \u00fcblich ist, wo sich diese Ereignisse von Jahr zu Jahr vermehren. Ganz zu schweigen von den <a href=\"https:\/\/www.vsveicolispeciali.com\/de\/10-wichtigsten-food-trucks-festivals-der-vereingten-staaten\/\" rel=\"noopener\" target=\"_blank\">Food-Truck-Festivals der Vereinigten Staaten<\/a>, zahlreichen und gigantischen Events.<\/p>\n<p>&nbsp;<\/p>\n<p><strong>Locarno Food Truck Festival | 27.\/29. April 2018<\/strong><\/p>\n<p><strong>Streetfood-Event<\/strong>, bei dem die Protagonisten Street-Food und vor allem Food Trucks sind: Transporter mit professionellen K\u00fcchen, Caravans und umgebauten Minibussen, Piaggio Ape Car verwandelte sich in kleine Restaurants aus der ganzen Schweiz und in einigen F\u00e4llen aus Italien.<\/p>\n<p><strong>Eine gastronomische Veranstaltung<\/strong>, bei der die Gerichte, die von den Truckern zubereitet und serviert werden, authentisch sind und die kulinarischen Traditionen ihres Landes repr\u00e4sentieren.<\/p>\n<p>In der herrlichen Umgebung der Piazza Grande, einem Teil des historischen Zentrums mit leichtem Zugang in Locarno, k\u00f6nnen Sie von Vorspeisen zu Desserts mit einer gro\u00dfen Auswahl an Gerichten sowie Bier, Wein und anderen Getr\u00e4nken genie\u00dfen. Belebt durch musikalische Ereignisse und Stra\u00dfenkunst: Geschichten, Musik und Kultur.<\/p>\n<p>Termine und Uhrzeiten des <a href=\"https:\/\/www.foodtruckticino.ch\" target=\"_blank\" rel=\"noopener\">Locarno Foodtruck Festivals<\/a> (Italienische Schweiz &#8211; Tessin):<\/p>\n<ul class=\"lista\">\n<li>Freitag 27 | 17.00 &#8211; 23.00 Uhr<\/li>\n<li>Samstag 28 | 11:00 bis 23:00 Uhr<\/li>\n<li>Sonntag 29 | 11:00 bis 17:00 Uhr<\/li>\n<\/ul>\n<p>&nbsp;<\/p>\n<p><strong>Food Truck Festival Lausanne | 01.-03. Juni 2018<\/strong><\/p>\n<p>&nbsp;&nbsp;<\/p>\n<h2>DIE BELIEBSTEN STREET-FOOD FESTIVALS IN DER SCHWEIZ<\/h2>\n<p>&nbsp;<\/p>\n<p><strong>Street Food Festival Lugano | 31. M\u00e4rz &#8211; 2. April 2018<\/strong><\/p>\n<p>&nbsp;<br \/>\n<strong>Street Food Festival Z\u00fcrich | 24. Mai &#8211; 3. Juni 2018<\/strong><br \/>\n&nbsp;<\/p>\n<p>Interessantes Video zur Veranstaltung 2017<br \/>\n&nbsp;<\/p>\n<div class=\"video-youtube\"><iframe loading=\"lazy\" src=\"https:\/\/www.youtube.com\/embed\/PC4upULlyQg?rel=0&amp;showinfo=0\" width=\"\" height=\"\" frameborder=\"0\" allowfullscreen=\"allowfullscreen\"><\/iframe><\/div>\n<p>&nbsp;&nbsp;<\/p>\n<p>Details zu diesem Street Food Event finden Sie auf der folgenden Website:<br \/>\n<a href=\"https:\/\/www.foodzurich.com\" target=\"_blank\" rel=\"noopener\">https:\/\/www.foodzurich.com<\/a><\/p>\n<p>&nbsp;<br \/>\n<strong>Geneva Street Food Festival<\/strong><\/p>\n<p>Eine perfekte Gelegenheit, die <a href=\"https:\/\/www.vsveicolispeciali.com\/de\/die-foodtrucks-aus-genf-gekauft-in-turin-ein-zauber-mit-dem-vs-label\/\" rel=\"noopener\" target=\"_blank\">kulinarische Lebhaftigkeit Genfs<\/a> und die neuesten Nachrichten aus der Welt des Street Food kennenzulernen.<\/p>\n<p>&nbsp;&nbsp;<br \/>\nUm herauszufinden, wann und wo alle wichtigen Streetfood-Festivals in der Schweiz stattfinden, verweisen wir auf die folgende Seite:<\/p>\n<p><a href=\"https:\/\/streetfood-festivals.ch\/#events\" target=\"_blank\" rel=\"noopener\">https:\/\/streetfood-festivals.ch\/#events<\/a><\/p>\n<p>&nbsp;&nbsp;<\/p>\n<h2>EIN WANDERGESCH\u00c4FT IN DER SCHWEIZ STARTEN<\/h2>\n<p>&nbsp;<br \/>\nDer Streetfood-Sektor in der Schweiz ist in gro\u00dfer Aufregung und bietet gute Chancen f\u00fcr neue Kleinunternehmer und bereits aktive Unternehmen. Eine gute Nachricht f\u00fcr diejenigen, die die Idee, einen <a href=\"https:\/\/www.vsveicolispeciali.com\/de\/verkaufswagen-kaufen\/food-truck-imbisswagen-kosten\/\" target=\"_blank\" rel=\"noopener\">Food-Truck zu kaufen<\/a> und ihr Gesch\u00e4ft auf der Stra\u00dfe auszubauen, liebkosen.<\/p>\n<p>Die andere positive Nachricht ist, dass die Schweizer B\u00fcrokratie gestrafft und effizient f\u00fcr den <strong>Stra\u00dfenhandel<\/strong> ist. Der Markt steht allen offen, im Gegensatz zu dem, was im Bereich des <a href=\"https:\/\/www.vsveicolispeciali.com\/de\/wandergewerbe-bolkestein-richtlinie-auf-2020-verschoben\/\" rel=\"noopener\" target=\"_blank\">Wanderhandels in Italien<\/a> geschieht. Der Antrag auf Genehmigung unterliegt wenigen Bedingungen:<\/p>\n<ul class=\"lista\">\n<li>Der Antragsteller wurde in den zwei Jahren vor der Einreichung des Zulassungsantrags nicht wegen einer Straftat oder einer Straftat verurteilt, bei der die Aus\u00fcbung des Wanderhandels an sich eine R\u00fcckfallgefahr birgt. Im Falle einer diskontierten Gef\u00e4ngnisstrafe beginnt der Bezugszeitraum zum Zeitpunkt der Entlassung;<\/li>\n<li>Der Antrag auf Bewilligung muss bei der zust\u00e4ndigen kantonalen Beh\u00f6rde oder der zugelassenen Berufsgenossenschaft eingereicht werden, mindestens 20 Tage vor Beginn der Aktivit\u00e4t oder vor Ablauf der laufenden Genehmigung.<\/li>\n<\/ul>\n<p>&nbsp;<\/p>\n<p>Die Bewerbung muss beigef\u00fcgt sein:<\/p>\n<ul class=\"lista\">\n<li>zwei aktuelle Fotos im Passformat;<\/li>\n<li>ein Auszug ein Auszug, aus den letzten drei Monaten, aus dem Handelsregister des Unternehmens, f\u00fcr das der Arbeitnehmer die T\u00e4tigkeit aus\u00fcbt, oder ein g\u00fcltiges Ausweisdokument (Reisepass, F\u00fchrerschein, Personalausweis), in F\u00e4llen, in denen der Antragsteller oder das Unternehmen, f\u00fcr das er die T\u00e4tigkeit aus\u00fcbt, nicht verpflichtet sind, sich im Handelsregister anzumelden; im Falle eines schriftlichen Verfahrens gen\u00fcgt eine Fotokopie der genannten Dokumente;<\/li>\n<li>ein Auszug aus dem Justizregister, der im vergangenen Monat von der zust\u00e4ndigen Bundesbeh\u00f6rde ausgestellt wurde;<\/li>\n<li>eine in den letzten zw\u00f6lf Monaten ausgestellte Wohnsitzbescheinigung.<\/li>\n<\/ul>\n<p>&nbsp;<\/p>\n<p>Im Ausland ausgestellte Dokumente m\u00fcssen den entsprechenden in der Schweiz ausgestellten Dokumenten entsprechen.<\/p>\n\n\t\t<style type=\"text\/css\">\n\t\t\t#gallery-1 {\n\t\t\t\tmargin: auto;\n\t\t\t}\n\t\t\t#gallery-1 .gallery-item {\n\t\t\t\tfloat: left;\n\t\t\t\tmargin-top: 10px;\n\t\t\t\ttext-align: center;\n\t\t\t\twidth: 33%;\n\t\t\t}\n\t\t\t#gallery-1 img {\n\t\t\t\tborder: 2px solid #cfcfcf;\n\t\t\t}\n\t\t\t#gallery-1 .gallery-caption {\n\t\t\t\tmargin-left: 0;\n\t\t\t}\n\t\t\t\/* see gallery_shortcode() in wp-includes\/media.php *\/\n\t\t<\/style>\n\t\t<div id='gallery-1' class='gallery galleryid-9715 gallery-columns-3 gallery-size-thumbnail'><dl class='gallery-item'>\n\t\t\t<dt class='gallery-icon landscape'>\n\t\t\t\t<a href='https:\/\/www.vsveicolispeciali.com\/de\/food-truck-festival-street-food-wanderhandel-in-der-schweiz-ist-in-vollem-gange\/furgone-food-truck-de-lor-bokit-svizzera-2\/'><img loading=\"lazy\" decoding=\"async\" width=\"150\" height=\"150\" src=\"https:\/\/www.vsveicolispeciali.com\/wp-content\/uploads\/2018\/02\/furgone-food-truck-de-lor-bokit-svizzera-150x150.jpg\" class=\"attachment-thumbnail size-thumbnail\" alt=\"\" srcset=\"https:\/\/www.vsveicolispeciali.com\/wp-content\/uploads\/2018\/02\/furgone-food-truck-de-lor-bokit-svizzera-150x150.jpg 150w, https:\/\/www.vsveicolispeciali.com\/wp-content\/uploads\/2018\/02\/furgone-food-truck-de-lor-bokit-svizzera-500x500.jpg 500w\" sizes=\"(max-width: 150px) 100vw, 150px\" \/><\/a>\n\t\t\t<\/dt><\/dl>\n\t\t\t<br style='clear: both' \/>\n\t\t<\/div>\n\n<p>&nbsp;&nbsp;<\/p>\n","protected":false},"excerpt":{"rendered":"<p>Die Schweiz ist ein idealer Ort, um ein Street-Food-Gesch\u00e4ft mit einem eigenen Foodtruck zu betreiben: schlanke B\u00fcrokratie, niedrige Besteuerung, effiziente Dienstleistungen, ein aufgeschlossenes Publikum, das sich den K\u00fcchen der Welt \u00f6ffnet Auch hier wie in anderen hochindustrialisierten L\u00e4ndern sch\u00e4tzen die Menschen w\u00e4hrend der Arbeitswoche das&#8230;<\/p>\n","protected":false},"author":2,"featured_media":9717,"comment_status":"open","ping_status":"open","sticky":false,"template":"","format":"gallery","meta":{"footnotes":""},"categories":[48],"tags":[267,278],"class_list":["post-9715","post","type-post","status-publish","format-gallery","has-post-thumbnail","hentry","category-non-categorizzato","tag-streetfood-business","tag-street-food-events","post_format-post-format-gallery"],"yoast_head":"<!-- This site is optimized with the Yoast SEO plugin v25.4 - https:\/\/yoast.com\/wordpress\/plugins\/seo\/ -->\n<title>Street-Food-Festivals | Wanderhandel in der Schweiz ist in vollem Gange<\/title>\n<meta name=\"description\" content=\"Einige der besten Food Trucks in der Schweiz sowie die wichtigsten Street Food Festivals und Events. Das Reisegewerbe in der Schweiz ist in gro\u00dfer Aufregung und bietet Kleinunternehmern und Unternehmen, die ein Gesch\u00e4ft auf der Stra\u00dfe beginnen m\u00f6chten, Gesch\u00e4ftsm\u00f6glichkeiten. Erfahren Sie mehr zum Thema &gt;\" \/>\n<meta name=\"robots\" content=\"index, follow, max-snippet:-1, max-image-preview:large, max-video-preview:-1\" \/>\n<link rel=\"canonical\" href=\"https:\/\/www.vsveicolispeciali.com\/de\/food-truck-festival-street-food-wanderhandel-in-der-schweiz-ist-in-vollem-gange\/\" \/>\n<meta property=\"og:locale\" content=\"de_DE\" \/>\n<meta property=\"og:type\" content=\"article\" \/>\n<meta property=\"og:title\" content=\"Street-Food-Festivals | Wanderhandel in der Schweiz ist in vollem Gange\" \/>\n<meta property=\"og:description\" content=\"Einige der besten Food Trucks in der Schweiz sowie die wichtigsten Street Food Festivals und Events. Das Reisegewerbe in der Schweiz ist in gro\u00dfer Aufregung und bietet Kleinunternehmern und Unternehmen, die ein Gesch\u00e4ft auf der Stra\u00dfe beginnen m\u00f6chten, Gesch\u00e4ftsm\u00f6glichkeiten. Erfahren Sie mehr zum Thema &gt;\" \/>\n<meta property=\"og:url\" content=\"https:\/\/www.vsveicolispeciali.com\/de\/food-truck-festival-street-food-wanderhandel-in-der-schweiz-ist-in-vollem-gange\/\" \/>\n<meta property=\"og:site_name\" content=\"VS Veicoli Speciali\" \/>\n<meta property=\"article:publisher\" content=\"https:\/\/www.facebook.com\/VSVeicoliSpeciali.Food.Trucks\/\" \/>\n<meta property=\"article:published_time\" content=\"2018-02-26T23:03:38+00:00\" \/>\n<meta property=\"article:modified_time\" content=\"2025-05-29T17:13:26+00:00\" \/>\n<meta property=\"og:image\" content=\"https:\/\/www.vsveicolispeciali.com\/wp-content\/uploads\/2018\/02\/furgone-food-truck-de-lor-bokit-svizzera.jpg\" \/>\n\t<meta property=\"og:image:width\" content=\"800\" \/>\n\t<meta property=\"og:image:height\" content=\"530\" \/>\n\t<meta property=\"og:image:type\" content=\"image\/jpeg\" \/>\n<meta name=\"author\" content=\"VS Veicoli Speciali\" \/>\n<meta name=\"twitter:card\" content=\"summary_large_image\" \/>\n<meta name=\"twitter:creator\" content=\"@veicolispeciali\" \/>\n<meta name=\"twitter:site\" content=\"@veicolispeciali\" \/>\n<meta name=\"twitter:label1\" content=\"Verfasst von\" \/>\n\t<meta name=\"twitter:data1\" content=\"VS Veicoli Speciali\" \/>\n\t<meta name=\"twitter:label2\" content=\"Gesch\u00e4tzte Lesezeit\" \/>\n\t<meta name=\"twitter:data2\" content=\"5\u00a0Minuten\" \/>\n<script type=\"application\/ld+json\" class=\"yoast-schema-graph\">{\"@context\":\"https:\/\/schema.org\",\"@graph\":[{\"@type\":\"Article\",\"@id\":\"https:\/\/www.vsveicolispeciali.com\/de\/food-truck-festival-street-food-wanderhandel-in-der-schweiz-ist-in-vollem-gange\/#article\",\"isPartOf\":{\"@id\":\"https:\/\/www.vsveicolispeciali.com\/de\/food-truck-festival-street-food-wanderhandel-in-der-schweiz-ist-in-vollem-gange\/\"},\"author\":{\"name\":\"VS Veicoli Speciali\",\"@id\":\"https:\/\/www.vsveicolispeciali.com\/de\/#\/schema\/person\/8c8e3b05db2eca472cca11ff78d1a62d\"},\"headline\":\"Zwischen Food Trucks und Street-Food Festivals, der Wanderhandel in der Schweiz ist in vollem Gange\",\"datePublished\":\"2018-02-26T23:03:38+00:00\",\"dateModified\":\"2025-05-29T17:13:26+00:00\",\"mainEntityOfPage\":{\"@id\":\"https:\/\/www.vsveicolispeciali.com\/de\/food-truck-festival-street-food-wanderhandel-in-der-schweiz-ist-in-vollem-gange\/\"},\"wordCount\":766,\"commentCount\":0,\"publisher\":{\"@id\":\"https:\/\/www.vsveicolispeciali.com\/de\/#organization\"},\"image\":{\"@id\":\"https:\/\/www.vsveicolispeciali.com\/de\/food-truck-festival-street-food-wanderhandel-in-der-schweiz-ist-in-vollem-gange\/#primaryimage\"},\"thumbnailUrl\":\"https:\/\/www.vsveicolispeciali.com\/wp-content\/uploads\/2018\/02\/furgone-food-truck-de-lor-bokit-svizzera.jpg\",\"keywords\":[\"streetfood business\",\"street food events\"],\"articleSection\":[\"Non categorizzato\"],\"inLanguage\":\"de\",\"potentialAction\":[{\"@type\":\"CommentAction\",\"name\":\"Comment\",\"target\":[\"https:\/\/www.vsveicolispeciali.com\/de\/food-truck-festival-street-food-wanderhandel-in-der-schweiz-ist-in-vollem-gange\/#respond\"]}]},{\"@type\":\"WebPage\",\"@id\":\"https:\/\/www.vsveicolispeciali.com\/de\/food-truck-festival-street-food-wanderhandel-in-der-schweiz-ist-in-vollem-gange\/\",\"url\":\"https:\/\/www.vsveicolispeciali.com\/de\/food-truck-festival-street-food-wanderhandel-in-der-schweiz-ist-in-vollem-gange\/\",\"name\":\"Street-Food-Festivals | Wanderhandel in der Schweiz ist in vollem Gange\",\"isPartOf\":{\"@id\":\"https:\/\/www.vsveicolispeciali.com\/de\/#website\"},\"primaryImageOfPage\":{\"@id\":\"https:\/\/www.vsveicolispeciali.com\/de\/food-truck-festival-street-food-wanderhandel-in-der-schweiz-ist-in-vollem-gange\/#primaryimage\"},\"image\":{\"@id\":\"https:\/\/www.vsveicolispeciali.com\/de\/food-truck-festival-street-food-wanderhandel-in-der-schweiz-ist-in-vollem-gange\/#primaryimage\"},\"thumbnailUrl\":\"https:\/\/www.vsveicolispeciali.com\/wp-content\/uploads\/2018\/02\/furgone-food-truck-de-lor-bokit-svizzera.jpg\",\"datePublished\":\"2018-02-26T23:03:38+00:00\",\"dateModified\":\"2025-05-29T17:13:26+00:00\",\"description\":\"Einige der besten Food Trucks in der Schweiz sowie die wichtigsten Street Food Festivals und Events. Das Reisegewerbe in der Schweiz ist in gro\u00dfer Aufregung und bietet Kleinunternehmern und Unternehmen, die ein Gesch\u00e4ft auf der Stra\u00dfe beginnen m\u00f6chten, Gesch\u00e4ftsm\u00f6glichkeiten. Erfahren Sie mehr zum Thema >\",\"breadcrumb\":{\"@id\":\"https:\/\/www.vsveicolispeciali.com\/de\/food-truck-festival-street-food-wanderhandel-in-der-schweiz-ist-in-vollem-gange\/#breadcrumb\"},\"inLanguage\":\"de\",\"potentialAction\":[{\"@type\":\"ReadAction\",\"target\":[\"https:\/\/www.vsveicolispeciali.com\/de\/food-truck-festival-street-food-wanderhandel-in-der-schweiz-ist-in-vollem-gange\/\"]}]},{\"@type\":\"ImageObject\",\"inLanguage\":\"de\",\"@id\":\"https:\/\/www.vsveicolispeciali.com\/de\/food-truck-festival-street-food-wanderhandel-in-der-schweiz-ist-in-vollem-gange\/#primaryimage\",\"url\":\"https:\/\/www.vsveicolispeciali.com\/wp-content\/uploads\/2018\/02\/furgone-food-truck-de-lor-bokit-svizzera.jpg\",\"contentUrl\":\"https:\/\/www.vsveicolispeciali.com\/wp-content\/uploads\/2018\/02\/furgone-food-truck-de-lor-bokit-svizzera.jpg\",\"width\":800,\"height\":530},{\"@type\":\"BreadcrumbList\",\"@id\":\"https:\/\/www.vsveicolispeciali.com\/de\/food-truck-festival-street-food-wanderhandel-in-der-schweiz-ist-in-vollem-gange\/#breadcrumb\",\"itemListElement\":[{\"@type\":\"ListItem\",\"position\":1,\"name\":\"Home\",\"item\":\"https:\/\/www.vsveicolispeciali.com\/de\/\"},{\"@type\":\"ListItem\",\"position\":2,\"name\":\"Zwischen Food Trucks und Street-Food Festivals, der Wanderhandel in der Schweiz ist in vollem Gange\"}]},{\"@type\":\"WebSite\",\"@id\":\"https:\/\/www.vsveicolispeciali.com\/de\/#website\",\"url\":\"https:\/\/www.vsveicolispeciali.com\/de\/\",\"name\":\"VS Veicoli Speciali\",\"description\":\"\",\"publisher\":{\"@id\":\"https:\/\/www.vsveicolispeciali.com\/de\/#organization\"},\"potentialAction\":[{\"@type\":\"SearchAction\",\"target\":{\"@type\":\"EntryPoint\",\"urlTemplate\":\"https:\/\/www.vsveicolispeciali.com\/de\/?s={search_term_string}\"},\"query-input\":{\"@type\":\"PropertyValueSpecification\",\"valueRequired\":true,\"valueName\":\"search_term_string\"}}],\"inLanguage\":\"de\"},{\"@type\":\"Organization\",\"@id\":\"https:\/\/www.vsveicolispeciali.com\/de\/#organization\",\"name\":\"VS Veicoli Speciali\",\"url\":\"https:\/\/www.vsveicolispeciali.com\/de\/\",\"logo\":{\"@type\":\"ImageObject\",\"inLanguage\":\"de\",\"@id\":\"https:\/\/www.vsveicolispeciali.com\/de\/#\/schema\/logo\/image\/\",\"url\":\"http:\/\/www.vsveicolispeciali.com\/wp-content\/uploads\/2015\/05\/vs_veicoli_speciali-logo.png\",\"contentUrl\":\"http:\/\/www.vsveicolispeciali.com\/wp-content\/uploads\/2015\/05\/vs_veicoli_speciali-logo.png\",\"width\":252,\"height\":134,\"caption\":\"VS Veicoli Speciali\"},\"image\":{\"@id\":\"https:\/\/www.vsveicolispeciali.com\/de\/#\/schema\/logo\/image\/\"},\"sameAs\":[\"https:\/\/www.facebook.com\/VSVeicoliSpeciali.Food.Trucks\/\",\"https:\/\/x.com\/veicolispeciali\",\"https:\/\/www.instagram.com\/vs_veicolispeciali\/\",\"https:\/\/www.linkedin.com\/company\/2811960\/\",\"https:\/\/www.pinterest.com\/streetfoodtruck\/\",\"https:\/\/www.youtube.com\/user\/veicolispeciali\"]},{\"@type\":\"Person\",\"@id\":\"https:\/\/www.vsveicolispeciali.com\/de\/#\/schema\/person\/8c8e3b05db2eca472cca11ff78d1a62d\",\"name\":\"VS Veicoli Speciali\",\"image\":{\"@type\":\"ImageObject\",\"inLanguage\":\"de\",\"@id\":\"https:\/\/www.vsveicolispeciali.com\/de\/#\/schema\/person\/image\/\",\"url\":\"https:\/\/secure.gravatar.com\/avatar\/69112ab3f18e6754894da123600ad5b0?s=96&d=mm&r=g\",\"contentUrl\":\"https:\/\/secure.gravatar.com\/avatar\/69112ab3f18e6754894da123600ad5b0?s=96&d=mm&r=g\",\"caption\":\"VS Veicoli Speciali\"}}]}<\/script>\n<!-- \/ Yoast SEO plugin. -->","yoast_head_json":{"title":"Street-Food-Festivals | Wanderhandel in der Schweiz ist in vollem Gange","description":"Einige der besten Food Trucks in der Schweiz sowie die wichtigsten Street Food Festivals und Events. Das Reisegewerbe in der Schweiz ist in gro\u00dfer Aufregung und bietet Kleinunternehmern und Unternehmen, die ein Gesch\u00e4ft auf der Stra\u00dfe beginnen m\u00f6chten, Gesch\u00e4ftsm\u00f6glichkeiten. Erfahren Sie mehr zum Thema >","robots":{"index":"index","follow":"follow","max-snippet":"max-snippet:-1","max-image-preview":"max-image-preview:large","max-video-preview":"max-video-preview:-1"},"canonical":"https:\/\/www.vsveicolispeciali.com\/de\/food-truck-festival-street-food-wanderhandel-in-der-schweiz-ist-in-vollem-gange\/","og_locale":"de_DE","og_type":"article","og_title":"Street-Food-Festivals | Wanderhandel in der Schweiz ist in vollem Gange","og_description":"Einige der besten Food Trucks in der Schweiz sowie die wichtigsten Street Food Festivals und Events. Das Reisegewerbe in der Schweiz ist in gro\u00dfer Aufregung und bietet Kleinunternehmern und Unternehmen, die ein Gesch\u00e4ft auf der Stra\u00dfe beginnen m\u00f6chten, Gesch\u00e4ftsm\u00f6glichkeiten. Erfahren Sie mehr zum Thema >","og_url":"https:\/\/www.vsveicolispeciali.com\/de\/food-truck-festival-street-food-wanderhandel-in-der-schweiz-ist-in-vollem-gange\/","og_site_name":"VS Veicoli Speciali","article_publisher":"https:\/\/www.facebook.com\/VSVeicoliSpeciali.Food.Trucks\/","article_published_time":"2018-02-26T23:03:38+00:00","article_modified_time":"2025-05-29T17:13:26+00:00","og_image":[{"width":800,"height":530,"url":"https:\/\/www.vsveicolispeciali.com\/wp-content\/uploads\/2018\/02\/furgone-food-truck-de-lor-bokit-svizzera.jpg","type":"image\/jpeg"}],"author":"VS Veicoli Speciali","twitter_card":"summary_large_image","twitter_creator":"@veicolispeciali","twitter_site":"@veicolispeciali","twitter_misc":{"Verfasst von":"VS Veicoli Speciali","Gesch\u00e4tzte Lesezeit":"5\u00a0Minuten"},"schema":{"@context":"https:\/\/schema.org","@graph":[{"@type":"Article","@id":"https:\/\/www.vsveicolispeciali.com\/de\/food-truck-festival-street-food-wanderhandel-in-der-schweiz-ist-in-vollem-gange\/#article","isPartOf":{"@id":"https:\/\/www.vsveicolispeciali.com\/de\/food-truck-festival-street-food-wanderhandel-in-der-schweiz-ist-in-vollem-gange\/"},"author":{"name":"VS Veicoli Speciali","@id":"https:\/\/www.vsveicolispeciali.com\/de\/#\/schema\/person\/8c8e3b05db2eca472cca11ff78d1a62d"},"headline":"Zwischen Food Trucks und Street-Food Festivals, der Wanderhandel in der Schweiz ist in vollem Gange","datePublished":"2018-02-26T23:03:38+00:00","dateModified":"2025-05-29T17:13:26+00:00","mainEntityOfPage":{"@id":"https:\/\/www.vsveicolispeciali.com\/de\/food-truck-festival-street-food-wanderhandel-in-der-schweiz-ist-in-vollem-gange\/"},"wordCount":766,"commentCount":0,"publisher":{"@id":"https:\/\/www.vsveicolispeciali.com\/de\/#organization"},"image":{"@id":"https:\/\/www.vsveicolispeciali.com\/de\/food-truck-festival-street-food-wanderhandel-in-der-schweiz-ist-in-vollem-gange\/#primaryimage"},"thumbnailUrl":"https:\/\/www.vsveicolispeciali.com\/wp-content\/uploads\/2018\/02\/furgone-food-truck-de-lor-bokit-svizzera.jpg","keywords":["streetfood business","street food events"],"articleSection":["Non categorizzato"],"inLanguage":"de","potentialAction":[{"@type":"CommentAction","name":"Comment","target":["https:\/\/www.vsveicolispeciali.com\/de\/food-truck-festival-street-food-wanderhandel-in-der-schweiz-ist-in-vollem-gange\/#respond"]}]},{"@type":"WebPage","@id":"https:\/\/www.vsveicolispeciali.com\/de\/food-truck-festival-street-food-wanderhandel-in-der-schweiz-ist-in-vollem-gange\/","url":"https:\/\/www.vsveicolispeciali.com\/de\/food-truck-festival-street-food-wanderhandel-in-der-schweiz-ist-in-vollem-gange\/","name":"Street-Food-Festivals | Wanderhandel in der Schweiz ist in vollem Gange","isPartOf":{"@id":"https:\/\/www.vsveicolispeciali.com\/de\/#website"},"primaryImageOfPage":{"@id":"https:\/\/www.vsveicolispeciali.com\/de\/food-truck-festival-street-food-wanderhandel-in-der-schweiz-ist-in-vollem-gange\/#primaryimage"},"image":{"@id":"https:\/\/www.vsveicolispeciali.com\/de\/food-truck-festival-street-food-wanderhandel-in-der-schweiz-ist-in-vollem-gange\/#primaryimage"},"thumbnailUrl":"https:\/\/www.vsveicolispeciali.com\/wp-content\/uploads\/2018\/02\/furgone-food-truck-de-lor-bokit-svizzera.jpg","datePublished":"2018-02-26T23:03:38+00:00","dateModified":"2025-05-29T17:13:26+00:00","description":"Einige der besten Food Trucks in der Schweiz sowie die wichtigsten Street Food Festivals und Events. Das Reisegewerbe in der Schweiz ist in gro\u00dfer Aufregung und bietet Kleinunternehmern und Unternehmen, die ein Gesch\u00e4ft auf der Stra\u00dfe beginnen m\u00f6chten, Gesch\u00e4ftsm\u00f6glichkeiten. Erfahren Sie mehr zum Thema >","breadcrumb":{"@id":"https:\/\/www.vsveicolispeciali.com\/de\/food-truck-festival-street-food-wanderhandel-in-der-schweiz-ist-in-vollem-gange\/#breadcrumb"},"inLanguage":"de","potentialAction":[{"@type":"ReadAction","target":["https:\/\/www.vsveicolispeciali.com\/de\/food-truck-festival-street-food-wanderhandel-in-der-schweiz-ist-in-vollem-gange\/"]}]},{"@type":"ImageObject","inLanguage":"de","@id":"https:\/\/www.vsveicolispeciali.com\/de\/food-truck-festival-street-food-wanderhandel-in-der-schweiz-ist-in-vollem-gange\/#primaryimage","url":"https:\/\/www.vsveicolispeciali.com\/wp-content\/uploads\/2018\/02\/furgone-food-truck-de-lor-bokit-svizzera.jpg","contentUrl":"https:\/\/www.vsveicolispeciali.com\/wp-content\/uploads\/2018\/02\/furgone-food-truck-de-lor-bokit-svizzera.jpg","width":800,"height":530},{"@type":"BreadcrumbList","@id":"https:\/\/www.vsveicolispeciali.com\/de\/food-truck-festival-street-food-wanderhandel-in-der-schweiz-ist-in-vollem-gange\/#breadcrumb","itemListElement":[{"@type":"ListItem","position":1,"name":"Home","item":"https:\/\/www.vsveicolispeciali.com\/de\/"},{"@type":"ListItem","position":2,"name":"Zwischen Food Trucks und Street-Food Festivals, der Wanderhandel in der Schweiz ist in vollem Gange"}]},{"@type":"WebSite","@id":"https:\/\/www.vsveicolispeciali.com\/de\/#website","url":"https:\/\/www.vsveicolispeciali.com\/de\/","name":"VS Veicoli Speciali","description":"","publisher":{"@id":"https:\/\/www.vsveicolispeciali.com\/de\/#organization"},"potentialAction":[{"@type":"SearchAction","target":{"@type":"EntryPoint","urlTemplate":"https:\/\/www.vsveicolispeciali.com\/de\/?s={search_term_string}"},"query-input":{"@type":"PropertyValueSpecification","valueRequired":true,"valueName":"search_term_string"}}],"inLanguage":"de"},{"@type":"Organization","@id":"https:\/\/www.vsveicolispeciali.com\/de\/#organization","name":"VS Veicoli Speciali","url":"https:\/\/www.vsveicolispeciali.com\/de\/","logo":{"@type":"ImageObject","inLanguage":"de","@id":"https:\/\/www.vsveicolispeciali.com\/de\/#\/schema\/logo\/image\/","url":"http:\/\/www.vsveicolispeciali.com\/wp-content\/uploads\/2015\/05\/vs_veicoli_speciali-logo.png","contentUrl":"http:\/\/www.vsveicolispeciali.com\/wp-content\/uploads\/2015\/05\/vs_veicoli_speciali-logo.png","width":252,"height":134,"caption":"VS Veicoli Speciali"},"image":{"@id":"https:\/\/www.vsveicolispeciali.com\/de\/#\/schema\/logo\/image\/"},"sameAs":["https:\/\/www.facebook.com\/VSVeicoliSpeciali.Food.Trucks\/","https:\/\/x.com\/veicolispeciali","https:\/\/www.instagram.com\/vs_veicolispeciali\/","https:\/\/www.linkedin.com\/company\/2811960\/","https:\/\/www.pinterest.com\/streetfoodtruck\/","https:\/\/www.youtube.com\/user\/veicolispeciali"]},{"@type":"Person","@id":"https:\/\/www.vsveicolispeciali.com\/de\/#\/schema\/person\/8c8e3b05db2eca472cca11ff78d1a62d","name":"VS Veicoli Speciali","image":{"@type":"ImageObject","inLanguage":"de","@id":"https:\/\/www.vsveicolispeciali.com\/de\/#\/schema\/person\/image\/","url":"https:\/\/secure.gravatar.com\/avatar\/69112ab3f18e6754894da123600ad5b0?s=96&d=mm&r=g","contentUrl":"https:\/\/secure.gravatar.com\/avatar\/69112ab3f18e6754894da123600ad5b0?s=96&d=mm&r=g","caption":"VS Veicoli Speciali"}}]}},"_links":{"self":[{"href":"https:\/\/www.vsveicolispeciali.com\/de\/wp-json\/wp\/v2\/posts\/9715"}],"collection":[{"href":"https:\/\/www.vsveicolispeciali.com\/de\/wp-json\/wp\/v2\/posts"}],"about":[{"href":"https:\/\/www.vsveicolispeciali.com\/de\/wp-json\/wp\/v2\/types\/post"}],"author":[{"embeddable":true,"href":"https:\/\/www.vsveicolispeciali.com\/de\/wp-json\/wp\/v2\/users\/2"}],"replies":[{"embeddable":true,"href":"https:\/\/www.vsveicolispeciali.com\/de\/wp-json\/wp\/v2\/comments?post=9715"}],"version-history":[{"count":5,"href":"https:\/\/www.vsveicolispeciali.com\/de\/wp-json\/wp\/v2\/posts\/9715\/revisions"}],"predecessor-version":[{"id":28061,"href":"https:\/\/www.vsveicolispeciali.com\/de\/wp-json\/wp\/v2\/posts\/9715\/revisions\/28061"}],"wp:featuredmedia":[{"embeddable":true,"href":"https:\/\/www.vsveicolispeciali.com\/de\/wp-json\/wp\/v2\/media\/9717"}],"wp:attachment":[{"href":"https:\/\/www.vsveicolispeciali.com\/de\/wp-json\/wp\/v2\/media?parent=9715"}],"wp:term":[{"taxonomy":"category","embeddable":true,"href":"https:\/\/www.vsveicolispeciali.com\/de\/wp-json\/wp\/v2\/categories?post=9715"},{"taxonomy":"post_tag","embeddable":true,"href":"https:\/\/www.vsveicolispeciali.com\/de\/wp-json\/wp\/v2\/tags?post=9715"}],"curies":[{"name":"wp","href":"https:\/\/api.w.org\/{rel}","templated":true}]}}