{"id":9703,"date":"2018-03-23T15:17:53","date_gmt":"2018-03-23T14:17:53","guid":{"rendered":"http:\/\/www.vsveicolispeciali.com\/grazie-al-bando-resto-al-sud-aprire-un-food-truck-e-piu-facile\/"},"modified":"2023-01-18T14:28:35","modified_gmt":"2023-01-18T13:28:35","slug":"sueditalienischen-ausschreibung-einfacher-einen-food-truck-zu-eroeffnen","status":"publish","type":"post","link":"https:\/\/www.vsveicolispeciali.com\/de\/sueditalienischen-ausschreibung-einfacher-einen-food-truck-zu-eroeffnen\/","title":{"rendered":"Danke an der s\u00fcditalienischen Ausschreibung, es ist Einfacher, einen Food Truck zu er\u00f6ffnen"},"content":{"rendered":"<p>Jeder, der versucht hat, eine <strong>Wirtschaftst\u00e4tigkeit zu er\u00f6ffnen<\/strong>, wei\u00df, wie schwierig es ist, insbesondere wenn mangels ausreichender finanzieller Mittel \u00f6ffentliche oder private Finanzierung verwendet werden m\u00fcssen.<\/p>\n<p>Oft sind die Ideen da, und sie sind auch gut, aber das <strong>unternehmerische Projekt<\/strong> kommt nicht wegen einer b\u00fcrokratischen Behinderung oder der Unm\u00f6glichkeit, einen ersten Kredit zu bekommen, zustande.<\/p>\n<p>Gerade in S\u00fcditalien kollidieren viele <strong>aufstrebende Stra\u00dfenh\u00e4ndler, die einen Foodtruck er\u00f6ffnen m\u00f6chten, aber sie haben nicht gen\u00fcgend Ressourcen<\/strong>, mit dieser Realit\u00e4t.<\/p>\n<p>Die gute Nachricht f\u00fcr all diese Menschen ist, dass dank der Durchf\u00fchrungsbestimmung \u201cResto al Sud\u201d (&#8222;Ich bleibe im S\u00fcden&#8220;) ab Januar 2018, ver\u00f6ffentlicht im Amtsblatt im Dezember 2017, die <strong>Finanzierung des Start-Ups eines Wanderhandelsgesch\u00e4fts mit Verkaufswagen<\/strong> f\u00fcr jeden erreichbar ist.<\/p>\n<p>Die <strong>Ausschreibung<\/strong> richtet sich an junge Menschen unter 36 Jahren, die im S\u00fcden leben, mit dem Ziel, Initiativen zur Unterst\u00fctzung von Unternehmen mit hoher Intensit\u00e4t zu aktivieren und die Gr\u00fcndung neuer Unternehmen zu f\u00f6rdern.<\/p>\n<p>&nbsp;<\/p>\n<p>&nbsp;<\/p>\n<h2>DIE \u201cRESTO AL SUD\u201d AUSSCHREIBUNG: REGELN UND ANFORDERUNGEN F\u00dcR DIE ANWENDUNG<\/h2>\n<p>&nbsp;<\/p>\n<p><strong>Dekret Nr. 174\/2017<\/strong> legt die Regeln f\u00fcr die Verwendung von Anreizen zur F\u00f6rderung des Unternehmertums junger Menschen fest, um die Gr\u00fcndung neuer Unternehmen in den <strong>Regionen S\u00fcditaliens<\/strong> zu f\u00f6rdern:<\/p>\n<ul class=\"lista\">\n<li>Abruzzen<\/li>\n<li>Basilicata<\/li>\n<li>Kalabrien<\/li>\n<li>Kampanien<\/li>\n<li>Molise<\/li>\n<li>Puglia<\/li>\n<li>Sardinien<\/li>\n<li>Sizilien<\/li>\n<\/ul>\n<p>&nbsp;<\/p>\n<p><a href=\"https:\/\/www.vsveicolispeciali.com\/wp-content\/uploads\/2018\/03\/finanziamenti-per-giovani-apertura-nuove-imprese-sud-italia.jpg\"><img loading=\"lazy\" decoding=\"async\" src=\"https:\/\/www.vsveicolispeciali.com\/wp-content\/uploads\/2018\/03\/finanziamenti-per-giovani-apertura-nuove-imprese-sud-italia.jpg\" alt=\"Darlehen f\u00fcr Jugendliche unter 36 Jahren und Er\u00f6ffnung neuer Unternehmen in S\u00fcditalien\" width=\"800\" height=\"448\" class=\"alignleft size-full wp-image-6544\" srcset=\"https:\/\/www.vsveicolispeciali.com\/wp-content\/uploads\/2018\/03\/finanziamenti-per-giovani-apertura-nuove-imprese-sud-italia.jpg 800w, https:\/\/www.vsveicolispeciali.com\/wp-content\/uploads\/2018\/03\/finanziamenti-per-giovani-apertura-nuove-imprese-sud-italia-300x168.jpg 300w, https:\/\/www.vsveicolispeciali.com\/wp-content\/uploads\/2018\/03\/finanziamenti-per-giovani-apertura-nuove-imprese-sud-italia-768x430.jpg 768w, https:\/\/www.vsveicolispeciali.com\/wp-content\/uploads\/2018\/03\/finanziamenti-per-giovani-apertura-nuove-imprese-sud-italia-700x392.jpg 700w, https:\/\/www.vsveicolispeciali.com\/wp-content\/uploads\/2018\/03\/finanziamenti-per-giovani-apertura-nuove-imprese-sud-italia-539x303.jpg 539w\" sizes=\"(max-width: 800px) 100vw, 800px\" \/><\/a><\/p>\n<p><strong>Voraussetzungen f\u00fcr die Teilnahme an der Ank\u00fcndigung:<\/strong><\/p>\n<ul class=\"lista\">\n<li>Alter zwischen 18 und 35 Jahren;<\/li>\n<li>in einer der oben genannten Regionen zu wohnen.<\/li>\n<\/ul>\n<p>&nbsp;<\/p>\n<p>Diese Subjekte k\u00f6nnen nur dann <strong>einen Antrag auf Zuerkennung von Leistungen stellen<\/strong>, wenn sie zum Zeitpunkt der Antragstellung bereits in einer der folgenden Rechtsformen vorliegen, oder innerhalb von 60 Tagen nach dem Zeitpunkt der Mitteilung des positiven Ergebnisses der Untersuchung:<\/p>\n<ul class=\"lista\">\n<li>Individuelles Unternehmen;<\/li>\n<li>Unternehmen, einschlie\u00dflich Genossenschaften.<\/li>\n<\/ul>\n<p>&nbsp;<\/p>\n<p>Wenn Sie zum Zeitpunkt der erfolgreichen Kommunikation <strong>im Ausland leben<\/strong>, haben Sie 120 Tage Zeit, um eine Firma oder eine einzelne Firma zu gr\u00fcnden.<\/p>\n<p>&nbsp;<\/p>\n<p><strong>Um eine Finanzierung anzufordern, k\u00f6nnen Sie nicht:<\/strong><\/p>\n<ul class=\"lista\">\n<li>in manchen Unternehmen bereits unbefristet besch\u00e4ftigt sein;<\/li>\n<li>Besitzer von anderen Firmen sein;<\/li>\n<li>haben in den letzten 3 Jahren von anderen Anreizen profitiert.<\/li>\n<\/ul>\n<p>&nbsp;<\/p>\n<p><strong>Was kann finanziert warden:<\/strong><\/p>\n<ul class=\"lista\">\n<li>Umstrukturierung oder au\u00dferordentliche Instandhaltung von Geb\u00e4uden;<\/li>\n<li>Kauf von Anlagen, Maschinen, Hardware, Software, ICT-L\u00f6sungen, Rohmaterialien, Verbrauchsmaterialien;<\/li>\n<li>Versorgungsunternehmen, Mieten, Leasing und Versicherungen;<\/li>\n<\/ul>\n<p>&nbsp;<\/p>\n<p><strong>Von der Finanzierung ausgeschlossene Ausgaben:<\/strong><\/p>\n<ul class=\"lista\">\n<li>Designkosten;<\/li>\n<li>Beratung;<\/li>\n<li>Personalkosten.<\/li>\n<\/ul>\n<p>&nbsp;<\/p>\n<p><strong>Bewertungskriterien des eingereichten Projekts:<\/strong><\/p>\n<ul class=\"lista\">\n<li>Angemessenheit und Koh\u00e4renz der Zust\u00e4ndigkeiten der Mitglieder, einschlie\u00dflich der Managementkompetenzen;<\/li>\n<li>Potenzial des Zielmarktes;<\/li>\n<li>Wettbewerbsvorteil und Marketingstrategien;<\/li>\n<li>technisch-\u00f6konomische und finanzielle Nachhaltigkeit.<\/li>\n<\/ul>\n<p>&nbsp;<\/p>\n<p><a href=\"https:\/\/www.vsveicolispeciali.com\/wp-content\/uploads\/2018\/03\/resto-al-sud-accesso-finanziamento-nuove-imprese.jpg\"><img loading=\"lazy\" decoding=\"async\" src=\"https:\/\/www.vsveicolispeciali.com\/wp-content\/uploads\/2018\/03\/resto-al-sud-accesso-finanziamento-nuove-imprese.jpg\" alt=\"ein erl\u00e4uterndes Bild, wie die Finanzierung der Ausschreibung f\u00fcr den S\u00fcden die Erleichterung der Er\u00f6ffnung von Unternehmen im Stra\u00dfenlebensmittelsektor in S\u00fcditalien erleichtert\" width=\"800\" height=\"449\" class=\"alignleft size-full wp-image-6535\" srcset=\"https:\/\/www.vsveicolispeciali.com\/wp-content\/uploads\/2018\/03\/resto-al-sud-accesso-finanziamento-nuove-imprese.jpg 800w, https:\/\/www.vsveicolispeciali.com\/wp-content\/uploads\/2018\/03\/resto-al-sud-accesso-finanziamento-nuove-imprese-300x168.jpg 300w, https:\/\/www.vsveicolispeciali.com\/wp-content\/uploads\/2018\/03\/resto-al-sud-accesso-finanziamento-nuove-imprese-768x431.jpg 768w, https:\/\/www.vsveicolispeciali.com\/wp-content\/uploads\/2018\/03\/resto-al-sud-accesso-finanziamento-nuove-imprese-700x393.jpg 700w, https:\/\/www.vsveicolispeciali.com\/wp-content\/uploads\/2018\/03\/resto-al-sud-accesso-finanziamento-nuove-imprese-539x303.jpg 539w\" sizes=\"(max-width: 800px) 100vw, 800px\" \/><\/a><br \/>\n&nbsp;<\/p>\n<p>Wenn Invitalia (Agentur f\u00fcr Entwicklung), nachdem das Projekt analysiert und die Einhaltung der Anforderungen festgestellt hat, den Zugang zu den Einrichtungen genehmigt, gehen wir mit <strong>der Bitte um Finanzierung an eine der angeschlossenen Banken<\/strong> \u00fcber.<\/p>\n<p>Die <strong>Finanzierung<\/strong> wird durch den KMU-Garantiefonds garantiert und muss \u00fcber 8 Jahre zur\u00fcckbezahlt werden. Stattdessen werden die Interessen von Invitalia abgedeckt.<\/p>\n<p>&nbsp;<\/p>\n<p>Der <strong>vorgesehene Anreiz<\/strong> kann bei Gr\u00fcndung als Einzelunternehmen maximal 50.000 Euro und bei Firmengr\u00fcndung bis zu 200.000 Euro erreichen (50.000 Euro f\u00fcr jeden Bewerber bis maximal 4 Personen).<\/p>\n<p>&nbsp;<\/p>\n<p><strong>Das Darlehen<\/strong> umfasst den Beginn der Produktionst\u00e4tigkeit f\u00fcr Waren und Dienstleistungen.<\/p>\n<p>&nbsp;<\/p>\n<p><strong>Invitalia<\/strong> hat ein <strong>erkl\u00e4rendes Video<\/strong> erstellt, das fasst, was bisher gesagt wurde:<\/p>\n<p>&nbsp;<\/p>\n<div class=\"video-youtube\"><iframe loading=\"lazy\" width=\"\" height=\"\" src=\"https:\/\/www.youtube.com\/embed\/ji0G_0m5GRg\" frameborder=\"0\" allow=\"autoplay; encrypted-media\" allowfullscreen><\/iframe><\/div>\n<p>&nbsp;<\/p>\n<p>Wir erinnern Sie daran, dass <strong>die Anwendung ausschlie\u00dflich online pr\u00e4sentiert werden kann<\/strong>, mit digitaler Signatur und PEC-zertifizierter Post.<\/p>\n<p>&nbsp;<\/p>\n<p>Synthese <strong>INFOGRAFIE<\/strong>:<\/p>\n<p>&nbsp;<\/p>\n<div class=\"canva-embed\" data-height-ratio=\"2.5\" data-design-id=\"DACvK7-ZVvE\" style=\"padding:250% 5px 5px 5px;background:rgba(0,0,0,0.03);border-radius:8px;\"><\/div>\n<p><script async src=\"https:\/\/sdk.canva.com\/v1\/embed.js\"><\/script><a href=\"https:\/\/www.canva.com\/design\/DACvK7-ZVvE\/view\" target=\"_blank\" rel=\"noopener\">INFOGRAFIE \u201cResto al Sud\u201d Inviatalia <\/a> von <a href=\"https:\/\/www.canva.com\/resvaluecompany\" target=\"_blank\" rel=\"noopener\">Trovabando<\/a><\/p>\n<p>&nbsp;<\/p>\n<p>&nbsp;<\/p>\n<h2>WARUM HEUTE EINEN FOOD TRUCK IM S\u00dcDITALIEN ER\u00d6FFNEN?<\/h2>\n<p>&nbsp;<\/p>\n<p>Eine Anforderung, die nicht in der Ausschreibung &#8220; Resto al Sud &#8220; enthalten ist, aber aufgrund der langen Erfahrung im <a href=\"http:\/\/www.vsveicolispeciali.com\/de\/der-street-food-sektor-in-italien-mit-2018-an-der-tuer\/\" rel=\"noopener\" target=\"_blank\">Street-Food-Sektor in Italien<\/a>, ist die Leidenschaft f\u00fcr Stra\u00dfenessen und Kraftfahrzeuge.<\/p>\n<p>Auf dem <strong>Food Truck<\/strong> verbringen Sie jeden Tag viele Stunden und der Truck ist ein Werkzeug f\u00fcr Arbeit und Reise zur gleichen Zeit.<\/p>\n<p>Das <strong>Essen<\/strong>, das zubereitet wird, und die Gerichte, die den Kunden angeboten werden, m\u00fcssen dem Geschmack der Menschen entsprechen, sie m\u00fcssen gut sein und die Liebe zu diesem Job vermitteln. M\u00f6glicherweise ein Hauch von Originalit\u00e4t haben.<\/p>\n<p>Einer der <a href=\"http:\/\/www.vsveicolispeciali.com\/de\/9-gute-gruende-einen-food-truck-zu-kaufen-und-einen-wander-geschaeft-zu-beginnen\/\" rel=\"noopener\" target=\"_blank\">Hauptgr\u00fcnde f\u00fcr den Kauf eines Food Trucks<\/a> in S\u00fcditalien und den Einstieg in das Reise-Catering-Gesch\u00e4ft, ist, dass keine Krise Menschen davon abhalten wird, eine qualitativ hochwertige Mahlzeit zu erschwinglichen Preisen zu genie\u00dfen, was die Gesch\u00e4ftsrisiken im Vergleich zu vielen anderen Sektoren stark begrenzt.<\/p>\n<p>Dar\u00fcber hinaus ist bekannt, wie wichtig gutes Essen in <strong>S\u00fcditalien<\/strong>, einschlie\u00dflich Street Food, ist.<\/p>\n<p>Dank der \u201cResto al Sud\u201d Ausschreibung ist es daher leichter, die <strong>Er\u00f6ffnung von Aktivit\u00e4ten im Zusammenhang mit der Verpflegung und der Versorgung mit Stra\u00dfenessen zu finanzieren<\/strong>. Unter den vielen <a href=\"http:\/\/www.vsveicolispeciali.com\/de\/verkaufswagen-kaufen\/food-truck-imbisswagen-kosten\/\" rel=\"noopener\" target=\"_blank\">Arten von Food Trucks<\/a>, die ge\u00f6ffnet werden k\u00f6nnen, gibt es Vans und Street-Food-Ape Car f\u00fcr den Verkauf von sehr beliebten Produkten:<\/p>\n<ul class=\"lista\">\n<li>Eisdiele;<\/li>\n<li>S\u00fc\u00dfwaren;<\/li>\n<li>Kaffeebar;<\/li>\n<li>Pizzeria;<\/li>\n<li>usw.<\/li>\n<\/ul>\n<p>&nbsp;<\/p>\n<p>Aber auch Food Trucks, die <strong>typische regionale Produkte<\/strong> anbieten:<\/p>\n<ul class=\"lista\">\n<li>Abruzzesische Arrosticini;<\/li>\n<li>pugliese bombette;<\/li>\n<li>Sizilianische Arancini;<\/li>\n<li>usw.<\/li>\n<\/ul>\n<p>&nbsp;<br \/>\nEine dritte Alternative besteht offensichtlich darin, ein <a href=\"http:\/\/www.vsveicolispeciali.com\/de\/wie-ein-street-food-geschaeft-zu-eroeffnen-die-abeille-gourmande-creperie-bretonne\/\" rel=\"noopener\" target=\"_blank\">Street-Food zu er\u00f6ffnen<\/a>, das exotisches Essen verkauft und zu anderen kulinarischen Traditionen geh\u00f6rt:<\/p>\n<ul class=\"lista\">\n<li>crepes;<\/li>\n<li>hamburger;<\/li>\n<li>sushi;<\/li>\n<li>tacos;<\/li>\n<li>empanadas;<\/li>\n<li>ecc.<\/li>\n<\/ul>\n<p>&nbsp;<\/p>\n<p>Eine L\u00f6sung, die viele Gesch\u00e4ftsm\u00f6glichkeiten er\u00f6ffnen kann, besteht darin, einen <a href=\"http:\/\/www.vsveicolispeciali.com\/de\/food-truck-und-promo-truck-piaggio-fuer-catering-und-veranstaltungen\/\">Catering-Service f\u00fcr Veranstaltungen und Hochzeiten<\/a> anzubieten.<\/p>\n<p>Wir laden Sie ein, besser zu verstehen, wie es funktioniert, indem wir ein <a href=\"http:\/\/www.vsveicolispeciali.com\/de\/erfolg-bistrot-1799-piaggio-ape-und-catering-service-fuer-hochzeiten-und-veranstaltungen\/\" rel=\"noopener\" target=\"_blank\">Beispiel f\u00fcr Erfolg<\/a> betrachten, der als Vorbild f\u00fcr neue Gesch\u00e4ftsabenteuer in S\u00fcditalien dienen kann.<\/p>\n<p>Die kommerziellen Strategien erfolgreicher Food Trucks sind zahlreich und es gibt immer Raum f\u00fcr neue Initiativen, vorausgesetzt, Sie verf\u00fcgen \u00fcber ausreichende Initiativen.<\/p>\n<p>&nbsp;&nbsp;<\/p>\n\n\t\t<style type=\"text\/css\">\n\t\t\t#gallery-1 {\n\t\t\t\tmargin: auto;\n\t\t\t}\n\t\t\t#gallery-1 .gallery-item {\n\t\t\t\tfloat: left;\n\t\t\t\tmargin-top: 10px;\n\t\t\t\ttext-align: center;\n\t\t\t\twidth: 33%;\n\t\t\t}\n\t\t\t#gallery-1 img {\n\t\t\t\tborder: 2px solid #cfcfcf;\n\t\t\t}\n\t\t\t#gallery-1 .gallery-caption {\n\t\t\t\tmargin-left: 0;\n\t\t\t}\n\t\t\t\/* see gallery_shortcode() in wp-includes\/media.php *\/\n\t\t<\/style>\n\t\t<div id='gallery-1' class='gallery galleryid-9703 gallery-columns-3 gallery-size-thumbnail'><dl class='gallery-item'>\n\t\t\t<dt class='gallery-icon landscape'>\n\t\t\t\t<a href='https:\/\/www.vsveicolispeciali.com\/de\/bando-resto-al-sud-aprire-food-truck-2\/'><img loading=\"lazy\" decoding=\"async\" width=\"150\" height=\"150\" src=\"https:\/\/www.vsveicolispeciali.com\/wp-content\/uploads\/2018\/03\/bando-resto-al-sud-aprire-food-truck-150x150.jpg\" class=\"attachment-thumbnail size-thumbnail\" alt=\"\" srcset=\"https:\/\/www.vsveicolispeciali.com\/wp-content\/uploads\/2018\/03\/bando-resto-al-sud-aprire-food-truck-150x150.jpg 150w, https:\/\/www.vsveicolispeciali.com\/wp-content\/uploads\/2018\/03\/bando-resto-al-sud-aprire-food-truck-570x570.jpg 570w, https:\/\/www.vsveicolispeciali.com\/wp-content\/uploads\/2018\/03\/bando-resto-al-sud-aprire-food-truck-500x500.jpg 500w\" sizes=\"(max-width: 150px) 100vw, 150px\" \/><\/a>\n\t\t\t<\/dt><\/dl>\n\t\t\t<br style='clear: both' \/>\n\t\t<\/div>\n\n","protected":false},"excerpt":{"rendered":"<p>Jeder, der versucht hat, eine Wirtschaftst\u00e4tigkeit zu er\u00f6ffnen, wei\u00df, wie schwierig es ist, insbesondere wenn mangels ausreichender finanzieller Mittel \u00f6ffentliche oder private Finanzierung verwendet werden m\u00fcssen. Oft sind die Ideen da, und sie sind auch gut, aber das unternehmerische Projekt kommt nicht wegen einer b\u00fcrokratischen&#8230;<\/p>\n","protected":false},"author":2,"featured_media":18664,"comment_status":"open","ping_status":"open","sticky":false,"template":"","format":"gallery","meta":{"footnotes":""},"categories":[48],"tags":[259],"class_list":["post-9703","post","type-post","status-publish","format-gallery","has-post-thumbnail","hentry","category-non-categorizzato","tag-foodtruck-eroeffnen","post_format-post-format-gallery"],"yoast_head":"<!-- This site is optimized with the Yoast SEO plugin v25.4 - https:\/\/yoast.com\/wordpress\/plugins\/seo\/ -->\n<title>Jetzt es ist Einfacher im S\u00fcden einen Food Truck zu er\u00f6ffnen<\/title>\n<meta name=\"description\" content=\"Informationen zum Aufruf &quot;Resto al Sud&quot;: Kauf eines Food Trucks und die Er\u00f6ffnung Ihres eigenen Street Food-Gesch\u00e4fts. Online-Info &gt;\" \/>\n<meta name=\"robots\" content=\"index, follow, max-snippet:-1, max-image-preview:large, max-video-preview:-1\" \/>\n<link rel=\"canonical\" href=\"https:\/\/www.vsveicolispeciali.com\/de\/sueditalienischen-ausschreibung-einfacher-einen-food-truck-zu-eroeffnen\/\" \/>\n<meta property=\"og:locale\" content=\"de_DE\" \/>\n<meta property=\"og:type\" content=\"article\" \/>\n<meta property=\"og:title\" content=\"Jetzt es ist Einfacher im S\u00fcden einen Food Truck zu er\u00f6ffnen\" \/>\n<meta property=\"og:description\" content=\"Informationen zum Aufruf &quot;Resto al Sud&quot;: Kauf eines Food Trucks und die Er\u00f6ffnung Ihres eigenen Street Food-Gesch\u00e4fts. Online-Info &gt;\" \/>\n<meta property=\"og:url\" content=\"https:\/\/www.vsveicolispeciali.com\/de\/sueditalienischen-ausschreibung-einfacher-einen-food-truck-zu-eroeffnen\/\" \/>\n<meta property=\"og:site_name\" content=\"VS Veicoli Speciali\" \/>\n<meta property=\"article:publisher\" content=\"https:\/\/www.facebook.com\/VSVeicoliSpeciali.Food.Trucks\/\" \/>\n<meta property=\"article:published_time\" content=\"2018-03-23T14:17:53+00:00\" \/>\n<meta property=\"article:modified_time\" content=\"2023-01-18T13:28:35+00:00\" \/>\n<meta property=\"og:image\" content=\"https:\/\/www.vsveicolispeciali.com\/wp-content\/uploads\/2018\/03\/bando-resto-al-sud-aprire-food-truck.jpg\" \/>\n\t<meta property=\"og:image:width\" content=\"802\" \/>\n\t<meta property=\"og:image:height\" content=\"572\" \/>\n\t<meta property=\"og:image:type\" content=\"image\/jpeg\" \/>\n<meta name=\"author\" content=\"VS Veicoli Speciali\" \/>\n<meta name=\"twitter:card\" content=\"summary_large_image\" \/>\n<meta name=\"twitter:creator\" content=\"@veicolispeciali\" \/>\n<meta name=\"twitter:site\" content=\"@veicolispeciali\" \/>\n<meta name=\"twitter:label1\" content=\"Verfasst von\" \/>\n\t<meta name=\"twitter:data1\" content=\"VS Veicoli Speciali\" \/>\n\t<meta name=\"twitter:label2\" content=\"Gesch\u00e4tzte Lesezeit\" \/>\n\t<meta name=\"twitter:data2\" content=\"5\u00a0Minuten\" \/>\n<script type=\"application\/ld+json\" class=\"yoast-schema-graph\">{\"@context\":\"https:\/\/schema.org\",\"@graph\":[{\"@type\":\"Article\",\"@id\":\"https:\/\/www.vsveicolispeciali.com\/de\/sueditalienischen-ausschreibung-einfacher-einen-food-truck-zu-eroeffnen\/#article\",\"isPartOf\":{\"@id\":\"https:\/\/www.vsveicolispeciali.com\/de\/sueditalienischen-ausschreibung-einfacher-einen-food-truck-zu-eroeffnen\/\"},\"author\":{\"name\":\"VS Veicoli Speciali\",\"@id\":\"https:\/\/www.vsveicolispeciali.com\/de\/#\/schema\/person\/8c8e3b05db2eca472cca11ff78d1a62d\"},\"headline\":\"Danke an der s\u00fcditalienischen Ausschreibung, es ist Einfacher, einen Food Truck zu er\u00f6ffnen\",\"datePublished\":\"2018-03-23T14:17:53+00:00\",\"dateModified\":\"2023-01-18T13:28:35+00:00\",\"mainEntityOfPage\":{\"@id\":\"https:\/\/www.vsveicolispeciali.com\/de\/sueditalienischen-ausschreibung-einfacher-einen-food-truck-zu-eroeffnen\/\"},\"wordCount\":944,\"commentCount\":0,\"publisher\":{\"@id\":\"https:\/\/www.vsveicolispeciali.com\/de\/#organization\"},\"image\":{\"@id\":\"https:\/\/www.vsveicolispeciali.com\/de\/sueditalienischen-ausschreibung-einfacher-einen-food-truck-zu-eroeffnen\/#primaryimage\"},\"thumbnailUrl\":\"https:\/\/www.vsveicolispeciali.com\/wp-content\/uploads\/2018\/03\/bando-resto-al-sud-aprire-food-truck.jpg\",\"keywords\":[\"foodtruck er\u00f6ffnen\"],\"articleSection\":[\"Non categorizzato\"],\"inLanguage\":\"de\",\"potentialAction\":[{\"@type\":\"CommentAction\",\"name\":\"Comment\",\"target\":[\"https:\/\/www.vsveicolispeciali.com\/de\/sueditalienischen-ausschreibung-einfacher-einen-food-truck-zu-eroeffnen\/#respond\"]}]},{\"@type\":\"WebPage\",\"@id\":\"https:\/\/www.vsveicolispeciali.com\/de\/sueditalienischen-ausschreibung-einfacher-einen-food-truck-zu-eroeffnen\/\",\"url\":\"https:\/\/www.vsveicolispeciali.com\/de\/sueditalienischen-ausschreibung-einfacher-einen-food-truck-zu-eroeffnen\/\",\"name\":\"Jetzt es ist Einfacher im S\u00fcden einen Food Truck zu er\u00f6ffnen\",\"isPartOf\":{\"@id\":\"https:\/\/www.vsveicolispeciali.com\/de\/#website\"},\"primaryImageOfPage\":{\"@id\":\"https:\/\/www.vsveicolispeciali.com\/de\/sueditalienischen-ausschreibung-einfacher-einen-food-truck-zu-eroeffnen\/#primaryimage\"},\"image\":{\"@id\":\"https:\/\/www.vsveicolispeciali.com\/de\/sueditalienischen-ausschreibung-einfacher-einen-food-truck-zu-eroeffnen\/#primaryimage\"},\"thumbnailUrl\":\"https:\/\/www.vsveicolispeciali.com\/wp-content\/uploads\/2018\/03\/bando-resto-al-sud-aprire-food-truck.jpg\",\"datePublished\":\"2018-03-23T14:17:53+00:00\",\"dateModified\":\"2023-01-18T13:28:35+00:00\",\"description\":\"Informationen zum Aufruf \\\"Resto al Sud\\\": Kauf eines Food Trucks und die Er\u00f6ffnung Ihres eigenen Street Food-Gesch\u00e4fts. Online-Info >\",\"breadcrumb\":{\"@id\":\"https:\/\/www.vsveicolispeciali.com\/de\/sueditalienischen-ausschreibung-einfacher-einen-food-truck-zu-eroeffnen\/#breadcrumb\"},\"inLanguage\":\"de\",\"potentialAction\":[{\"@type\":\"ReadAction\",\"target\":[\"https:\/\/www.vsveicolispeciali.com\/de\/sueditalienischen-ausschreibung-einfacher-einen-food-truck-zu-eroeffnen\/\"]}]},{\"@type\":\"ImageObject\",\"inLanguage\":\"de\",\"@id\":\"https:\/\/www.vsveicolispeciali.com\/de\/sueditalienischen-ausschreibung-einfacher-einen-food-truck-zu-eroeffnen\/#primaryimage\",\"url\":\"https:\/\/www.vsveicolispeciali.com\/wp-content\/uploads\/2018\/03\/bando-resto-al-sud-aprire-food-truck.jpg\",\"contentUrl\":\"https:\/\/www.vsveicolispeciali.com\/wp-content\/uploads\/2018\/03\/bando-resto-al-sud-aprire-food-truck.jpg\",\"width\":802,\"height\":572},{\"@type\":\"BreadcrumbList\",\"@id\":\"https:\/\/www.vsveicolispeciali.com\/de\/sueditalienischen-ausschreibung-einfacher-einen-food-truck-zu-eroeffnen\/#breadcrumb\",\"itemListElement\":[{\"@type\":\"ListItem\",\"position\":1,\"name\":\"Home\",\"item\":\"https:\/\/www.vsveicolispeciali.com\/de\/\"},{\"@type\":\"ListItem\",\"position\":2,\"name\":\"Danke an der s\u00fcditalienischen Ausschreibung, es ist Einfacher, einen Food Truck zu er\u00f6ffnen\"}]},{\"@type\":\"WebSite\",\"@id\":\"https:\/\/www.vsveicolispeciali.com\/de\/#website\",\"url\":\"https:\/\/www.vsveicolispeciali.com\/de\/\",\"name\":\"VS Veicoli Speciali\",\"description\":\"\",\"publisher\":{\"@id\":\"https:\/\/www.vsveicolispeciali.com\/de\/#organization\"},\"potentialAction\":[{\"@type\":\"SearchAction\",\"target\":{\"@type\":\"EntryPoint\",\"urlTemplate\":\"https:\/\/www.vsveicolispeciali.com\/de\/?s={search_term_string}\"},\"query-input\":{\"@type\":\"PropertyValueSpecification\",\"valueRequired\":true,\"valueName\":\"search_term_string\"}}],\"inLanguage\":\"de\"},{\"@type\":\"Organization\",\"@id\":\"https:\/\/www.vsveicolispeciali.com\/de\/#organization\",\"name\":\"VS Veicoli Speciali\",\"url\":\"https:\/\/www.vsveicolispeciali.com\/de\/\",\"logo\":{\"@type\":\"ImageObject\",\"inLanguage\":\"de\",\"@id\":\"https:\/\/www.vsveicolispeciali.com\/de\/#\/schema\/logo\/image\/\",\"url\":\"http:\/\/www.vsveicolispeciali.com\/wp-content\/uploads\/2015\/05\/vs_veicoli_speciali-logo.png\",\"contentUrl\":\"http:\/\/www.vsveicolispeciali.com\/wp-content\/uploads\/2015\/05\/vs_veicoli_speciali-logo.png\",\"width\":252,\"height\":134,\"caption\":\"VS Veicoli Speciali\"},\"image\":{\"@id\":\"https:\/\/www.vsveicolispeciali.com\/de\/#\/schema\/logo\/image\/\"},\"sameAs\":[\"https:\/\/www.facebook.com\/VSVeicoliSpeciali.Food.Trucks\/\",\"https:\/\/x.com\/veicolispeciali\",\"https:\/\/www.instagram.com\/vs_veicolispeciali\/\",\"https:\/\/www.linkedin.com\/company\/2811960\/\",\"https:\/\/www.pinterest.com\/streetfoodtruck\/\",\"https:\/\/www.youtube.com\/user\/veicolispeciali\"]},{\"@type\":\"Person\",\"@id\":\"https:\/\/www.vsveicolispeciali.com\/de\/#\/schema\/person\/8c8e3b05db2eca472cca11ff78d1a62d\",\"name\":\"VS Veicoli Speciali\",\"image\":{\"@type\":\"ImageObject\",\"inLanguage\":\"de\",\"@id\":\"https:\/\/www.vsveicolispeciali.com\/de\/#\/schema\/person\/image\/\",\"url\":\"https:\/\/secure.gravatar.com\/avatar\/69112ab3f18e6754894da123600ad5b0?s=96&d=mm&r=g\",\"contentUrl\":\"https:\/\/secure.gravatar.com\/avatar\/69112ab3f18e6754894da123600ad5b0?s=96&d=mm&r=g\",\"caption\":\"VS Veicoli Speciali\"}}]}<\/script>\n<!-- \/ Yoast SEO plugin. -->","yoast_head_json":{"title":"Jetzt es ist Einfacher im S\u00fcden einen Food Truck zu er\u00f6ffnen","description":"Informationen zum Aufruf \"Resto al Sud\": Kauf eines Food Trucks und die Er\u00f6ffnung Ihres eigenen Street Food-Gesch\u00e4fts. Online-Info >","robots":{"index":"index","follow":"follow","max-snippet":"max-snippet:-1","max-image-preview":"max-image-preview:large","max-video-preview":"max-video-preview:-1"},"canonical":"https:\/\/www.vsveicolispeciali.com\/de\/sueditalienischen-ausschreibung-einfacher-einen-food-truck-zu-eroeffnen\/","og_locale":"de_DE","og_type":"article","og_title":"Jetzt es ist Einfacher im S\u00fcden einen Food Truck zu er\u00f6ffnen","og_description":"Informationen zum Aufruf \"Resto al Sud\": Kauf eines Food Trucks und die Er\u00f6ffnung Ihres eigenen Street Food-Gesch\u00e4fts. Online-Info >","og_url":"https:\/\/www.vsveicolispeciali.com\/de\/sueditalienischen-ausschreibung-einfacher-einen-food-truck-zu-eroeffnen\/","og_site_name":"VS Veicoli Speciali","article_publisher":"https:\/\/www.facebook.com\/VSVeicoliSpeciali.Food.Trucks\/","article_published_time":"2018-03-23T14:17:53+00:00","article_modified_time":"2023-01-18T13:28:35+00:00","og_image":[{"width":802,"height":572,"url":"https:\/\/www.vsveicolispeciali.com\/wp-content\/uploads\/2018\/03\/bando-resto-al-sud-aprire-food-truck.jpg","type":"image\/jpeg"}],"author":"VS Veicoli Speciali","twitter_card":"summary_large_image","twitter_creator":"@veicolispeciali","twitter_site":"@veicolispeciali","twitter_misc":{"Verfasst von":"VS Veicoli Speciali","Gesch\u00e4tzte Lesezeit":"5\u00a0Minuten"},"schema":{"@context":"https:\/\/schema.org","@graph":[{"@type":"Article","@id":"https:\/\/www.vsveicolispeciali.com\/de\/sueditalienischen-ausschreibung-einfacher-einen-food-truck-zu-eroeffnen\/#article","isPartOf":{"@id":"https:\/\/www.vsveicolispeciali.com\/de\/sueditalienischen-ausschreibung-einfacher-einen-food-truck-zu-eroeffnen\/"},"author":{"name":"VS Veicoli Speciali","@id":"https:\/\/www.vsveicolispeciali.com\/de\/#\/schema\/person\/8c8e3b05db2eca472cca11ff78d1a62d"},"headline":"Danke an der s\u00fcditalienischen Ausschreibung, es ist Einfacher, einen Food Truck zu er\u00f6ffnen","datePublished":"2018-03-23T14:17:53+00:00","dateModified":"2023-01-18T13:28:35+00:00","mainEntityOfPage":{"@id":"https:\/\/www.vsveicolispeciali.com\/de\/sueditalienischen-ausschreibung-einfacher-einen-food-truck-zu-eroeffnen\/"},"wordCount":944,"commentCount":0,"publisher":{"@id":"https:\/\/www.vsveicolispeciali.com\/de\/#organization"},"image":{"@id":"https:\/\/www.vsveicolispeciali.com\/de\/sueditalienischen-ausschreibung-einfacher-einen-food-truck-zu-eroeffnen\/#primaryimage"},"thumbnailUrl":"https:\/\/www.vsveicolispeciali.com\/wp-content\/uploads\/2018\/03\/bando-resto-al-sud-aprire-food-truck.jpg","keywords":["foodtruck er\u00f6ffnen"],"articleSection":["Non categorizzato"],"inLanguage":"de","potentialAction":[{"@type":"CommentAction","name":"Comment","target":["https:\/\/www.vsveicolispeciali.com\/de\/sueditalienischen-ausschreibung-einfacher-einen-food-truck-zu-eroeffnen\/#respond"]}]},{"@type":"WebPage","@id":"https:\/\/www.vsveicolispeciali.com\/de\/sueditalienischen-ausschreibung-einfacher-einen-food-truck-zu-eroeffnen\/","url":"https:\/\/www.vsveicolispeciali.com\/de\/sueditalienischen-ausschreibung-einfacher-einen-food-truck-zu-eroeffnen\/","name":"Jetzt es ist Einfacher im S\u00fcden einen Food Truck zu er\u00f6ffnen","isPartOf":{"@id":"https:\/\/www.vsveicolispeciali.com\/de\/#website"},"primaryImageOfPage":{"@id":"https:\/\/www.vsveicolispeciali.com\/de\/sueditalienischen-ausschreibung-einfacher-einen-food-truck-zu-eroeffnen\/#primaryimage"},"image":{"@id":"https:\/\/www.vsveicolispeciali.com\/de\/sueditalienischen-ausschreibung-einfacher-einen-food-truck-zu-eroeffnen\/#primaryimage"},"thumbnailUrl":"https:\/\/www.vsveicolispeciali.com\/wp-content\/uploads\/2018\/03\/bando-resto-al-sud-aprire-food-truck.jpg","datePublished":"2018-03-23T14:17:53+00:00","dateModified":"2023-01-18T13:28:35+00:00","description":"Informationen zum Aufruf \"Resto al Sud\": Kauf eines Food Trucks und die Er\u00f6ffnung Ihres eigenen Street Food-Gesch\u00e4fts. Online-Info >","breadcrumb":{"@id":"https:\/\/www.vsveicolispeciali.com\/de\/sueditalienischen-ausschreibung-einfacher-einen-food-truck-zu-eroeffnen\/#breadcrumb"},"inLanguage":"de","potentialAction":[{"@type":"ReadAction","target":["https:\/\/www.vsveicolispeciali.com\/de\/sueditalienischen-ausschreibung-einfacher-einen-food-truck-zu-eroeffnen\/"]}]},{"@type":"ImageObject","inLanguage":"de","@id":"https:\/\/www.vsveicolispeciali.com\/de\/sueditalienischen-ausschreibung-einfacher-einen-food-truck-zu-eroeffnen\/#primaryimage","url":"https:\/\/www.vsveicolispeciali.com\/wp-content\/uploads\/2018\/03\/bando-resto-al-sud-aprire-food-truck.jpg","contentUrl":"https:\/\/www.vsveicolispeciali.com\/wp-content\/uploads\/2018\/03\/bando-resto-al-sud-aprire-food-truck.jpg","width":802,"height":572},{"@type":"BreadcrumbList","@id":"https:\/\/www.vsveicolispeciali.com\/de\/sueditalienischen-ausschreibung-einfacher-einen-food-truck-zu-eroeffnen\/#breadcrumb","itemListElement":[{"@type":"ListItem","position":1,"name":"Home","item":"https:\/\/www.vsveicolispeciali.com\/de\/"},{"@type":"ListItem","position":2,"name":"Danke an der s\u00fcditalienischen Ausschreibung, es ist Einfacher, einen Food Truck zu er\u00f6ffnen"}]},{"@type":"WebSite","@id":"https:\/\/www.vsveicolispeciali.com\/de\/#website","url":"https:\/\/www.vsveicolispeciali.com\/de\/","name":"VS Veicoli Speciali","description":"","publisher":{"@id":"https:\/\/www.vsveicolispeciali.com\/de\/#organization"},"potentialAction":[{"@type":"SearchAction","target":{"@type":"EntryPoint","urlTemplate":"https:\/\/www.vsveicolispeciali.com\/de\/?s={search_term_string}"},"query-input":{"@type":"PropertyValueSpecification","valueRequired":true,"valueName":"search_term_string"}}],"inLanguage":"de"},{"@type":"Organization","@id":"https:\/\/www.vsveicolispeciali.com\/de\/#organization","name":"VS Veicoli Speciali","url":"https:\/\/www.vsveicolispeciali.com\/de\/","logo":{"@type":"ImageObject","inLanguage":"de","@id":"https:\/\/www.vsveicolispeciali.com\/de\/#\/schema\/logo\/image\/","url":"http:\/\/www.vsveicolispeciali.com\/wp-content\/uploads\/2015\/05\/vs_veicoli_speciali-logo.png","contentUrl":"http:\/\/www.vsveicolispeciali.com\/wp-content\/uploads\/2015\/05\/vs_veicoli_speciali-logo.png","width":252,"height":134,"caption":"VS Veicoli Speciali"},"image":{"@id":"https:\/\/www.vsveicolispeciali.com\/de\/#\/schema\/logo\/image\/"},"sameAs":["https:\/\/www.facebook.com\/VSVeicoliSpeciali.Food.Trucks\/","https:\/\/x.com\/veicolispeciali","https:\/\/www.instagram.com\/vs_veicolispeciali\/","https:\/\/www.linkedin.com\/company\/2811960\/","https:\/\/www.pinterest.com\/streetfoodtruck\/","https:\/\/www.youtube.com\/user\/veicolispeciali"]},{"@type":"Person","@id":"https:\/\/www.vsveicolispeciali.com\/de\/#\/schema\/person\/8c8e3b05db2eca472cca11ff78d1a62d","name":"VS Veicoli Speciali","image":{"@type":"ImageObject","inLanguage":"de","@id":"https:\/\/www.vsveicolispeciali.com\/de\/#\/schema\/person\/image\/","url":"https:\/\/secure.gravatar.com\/avatar\/69112ab3f18e6754894da123600ad5b0?s=96&d=mm&r=g","contentUrl":"https:\/\/secure.gravatar.com\/avatar\/69112ab3f18e6754894da123600ad5b0?s=96&d=mm&r=g","caption":"VS Veicoli Speciali"}}]}},"_links":{"self":[{"href":"https:\/\/www.vsveicolispeciali.com\/de\/wp-json\/wp\/v2\/posts\/9703"}],"collection":[{"href":"https:\/\/www.vsveicolispeciali.com\/de\/wp-json\/wp\/v2\/posts"}],"about":[{"href":"https:\/\/www.vsveicolispeciali.com\/de\/wp-json\/wp\/v2\/types\/post"}],"author":[{"embeddable":true,"href":"https:\/\/www.vsveicolispeciali.com\/de\/wp-json\/wp\/v2\/users\/2"}],"replies":[{"embeddable":true,"href":"https:\/\/www.vsveicolispeciali.com\/de\/wp-json\/wp\/v2\/comments?post=9703"}],"version-history":[{"count":2,"href":"https:\/\/www.vsveicolispeciali.com\/de\/wp-json\/wp\/v2\/posts\/9703\/revisions"}],"predecessor-version":[{"id":20904,"href":"https:\/\/www.vsveicolispeciali.com\/de\/wp-json\/wp\/v2\/posts\/9703\/revisions\/20904"}],"wp:featuredmedia":[{"embeddable":true,"href":"https:\/\/www.vsveicolispeciali.com\/de\/wp-json\/wp\/v2\/media\/18664"}],"wp:attachment":[{"href":"https:\/\/www.vsveicolispeciali.com\/de\/wp-json\/wp\/v2\/media?parent=9703"}],"wp:term":[{"taxonomy":"category","embeddable":true,"href":"https:\/\/www.vsveicolispeciali.com\/de\/wp-json\/wp\/v2\/categories?post=9703"},{"taxonomy":"post_tag","embeddable":true,"href":"https:\/\/www.vsveicolispeciali.com\/de\/wp-json\/wp\/v2\/tags?post=9703"}],"curies":[{"name":"wp","href":"https:\/\/api.w.org\/{rel}","templated":true}]}}