{"id":9675,"date":"2017-12-22T14:22:53","date_gmt":"2017-12-22T13:22:53","guid":{"rendered":"http:\/\/www.vsveicolispeciali.com\/commercio-ambulante-direttiva-bolkestein-rinviata-al-2020\/"},"modified":"2023-01-18T17:03:17","modified_gmt":"2023-01-18T16:03:17","slug":"wandergewerbe-bolkestein-richtlinie-auf-2020-verschoben","status":"publish","type":"post","link":"https:\/\/www.vsveicolispeciali.com\/de\/wandergewerbe-bolkestein-richtlinie-auf-2020-verschoben\/","title":{"rendered":"Streetfood-Wandergewerbe: Bolkestein-Richtlinie auf 2020 Verschoben"},"content":{"rendered":"<p>Die <strong>Bolkestein-Richtlinie<\/strong> ist ein Gesetz, das 2006 vom Europ\u00e4ischen Parlament angenommen und 2010 von Italien umgesetzt wurde, das durch die Wahl der Regierungen seither nie in Kraft getreten ist.<\/p>\n<p>Es sieht vor, dass <strong>viele \u00f6ffentliche Konzessionen verboten sind<\/strong>, um den Abbau von Barrieren zwischen den verschiedenen L\u00e4ndern und den freien Dienstleistungsverkehr innerhalb der Europ\u00e4ischen Union zu f\u00f6rdern.<\/p>\n<p>Nach dem <strong>Urteil des Gerichtshofs<\/strong>, der 2016 die Praktiken der automatischen Verl\u00e4ngerung von Konzessionen und Abtretungen durch direkte \u00f6ffentlich-private Vereinbarung sanktionierte, hatte die Regierung die Umsetzung der Richtlinie um ein weiteres Jahr verschoben.<\/p>\n<p>In der Nacht vom 19. auf den 20. Dezember billigte der Haushaltsausschuss des Parlaments einen \u00c4nderungsantrag f\u00fcr eine weitere <strong>Verschiebung der Bolkestein-Richtlinie auf das Jahr 2020<\/strong>.<\/p>\n<p>Die bereits in Betrieb befindlichen <strong>Stra\u00dfenh\u00e4ndler<\/strong> atmen erleichtert auf, weil ein Punkt der europ\u00e4ischen Richtlinie \u00f6ffentliche R\u00e4ume betrifft, die f\u00fcr den Wanderverkehr bestimmt sind: er sorgt f\u00fcr die Liberalisierung des Marktes f\u00fcr Stra\u00dfenverk\u00e4ufe und deren Verbot, mit genauen Regeln \u00fcber die Dauer der Lizenzen und f\u00fcr die Neuzuweisung, sobald sie abgelaufen sind.<\/p>\n<p><a href=\"http:\/\/www.vsveicolispeciali.com\/wp-content\/uploads\/2017\/12\/chiosco-commercio-ambulante-roma.jpg\"><img loading=\"lazy\" decoding=\"async\" src=\"http:\/\/www.vsveicolispeciali.com\/wp-content\/uploads\/2017\/12\/chiosco-commercio-ambulante-roma.jpg\" alt=\"Kiosk-Kiosk in Rom in der N\u00e4he des Kolosseums\" width=\"593\" height=\"443\" class=\"alignleft size-full wp-image-5884\" srcset=\"https:\/\/www.vsveicolispeciali.com\/wp-content\/uploads\/2017\/12\/chiosco-commercio-ambulante-roma.jpg 593w, https:\/\/www.vsveicolispeciali.com\/wp-content\/uploads\/2017\/12\/chiosco-commercio-ambulante-roma-300x224.jpg 300w\" sizes=\"(max-width: 593px) 100vw, 593px\" \/><\/a><\/p>\n<p>In Italien werden <strong>Lizenzen<\/strong> dieser Art normalerweise in der Familie vererbt oder vom Eigent\u00fcmer an einen neuen H\u00e4ndler verkauft.<\/p>\n<p>Wenn die Bolkestein-Richtlinie in Kraft tritt, werden sich die Dinge \u00e4ndern: Der <strong>Wanderhandel<\/strong> in staatseigenen Gebieten, in der N\u00e4he von Denkm\u00e4lern oder im historischen Zentrum kann f\u00fcr maximal 7 oder 12 Jahre ausge\u00fcbt werden, danach m\u00fcssen Sie mit anderen Betreibern f\u00fcr die Neuzuweisung eines \u00f6ffentlichen Bereichs konkurrieren.<\/p>\n<p>Dies wird zwangsl\u00e4ufig zu mehr Dynamik und zur \u00d6ffnung des Marktes f\u00fcr den <strong>Eintritt neuer Unternehmen<\/strong> f\u00fchren.<\/p>\n<p>Der repr\u00e4sentativste Schritt des <strong>\u00c4nderungsantrags<\/strong>, mit dem die Regierung die derzeitigen Betreiber des Handelssektors sch\u00fctzt, ist folgender: \u201cum sicherzustellen, dass die Verfahren f\u00fcr die Zuteilung von Handelszugest\u00e4ndnissen in \u00f6ffentlichen Bereichen in einem homogenen zeitlichen und rechtlichen Rahmen durchgef\u00fchrt werden, die Laufzeit der zum Zeitpunkt des Inkrafttretens dieser Bestimmung bestehenden und bis zum 31. Dezember auslaufenden Konzessionen verl\u00e4ngert sich bis zu diesem Zeitpunkt&#8220; (zuvor im Jahr 2020 gegr\u00fcndet)<\/p>\n<p>Wie einige Regierungssprecher sagen, dienen die zwei Jahre dazu, einer <strong>Gruppe von Kleinunternehmern<\/strong>, die besonders den Markttrends und dem Tourismussektor ausgesetzt sind, etwas Zeit zu geben.<\/p>\n<p><a href=\"http:\/\/www.vsveicolispeciali.com\/wp-content\/uploads\/2017\/12\/commercio-ambulante-food-truck.jpg\"><img loading=\"lazy\" decoding=\"async\" src=\"http:\/\/www.vsveicolispeciali.com\/wp-content\/uploads\/2017\/12\/commercio-ambulante-food-truck.jpg\" alt=\"ape piaggio wurde in einen food truck f\u00fcr den stra\u00dfenhandel und den verkauf von eiscreme auf der stra\u00dfe umgewandelt\" width=\"400\" height=\"533\" class=\"alignright size-full wp-image-5887\" srcset=\"https:\/\/www.vsveicolispeciali.com\/wp-content\/uploads\/2017\/12\/commercio-ambulante-food-truck.jpg 400w, https:\/\/www.vsveicolispeciali.com\/wp-content\/uploads\/2017\/12\/commercio-ambulante-food-truck-225x300.jpg 225w\" sizes=\"(max-width: 400px) 100vw, 400px\" \/><\/a><\/p>\n<p>Trotz der Wanderh\u00e4ndler, mit einem festen Ort und beschr\u00e4nkter Lizenz f\u00fcr einen bestimmten \u00f6ffentlichen Bereich, bitten, dass die Umsetzung nicht nur verschoben, sondern endg\u00fcltig abgelehnt wird, ist es unwahrscheinlich, dass es passiert. Europa hat einen klaren <strong>Weg der Liberalisierung in allen Bereichen der Wirtschaft beschritten<\/strong>, der derzeit nicht umkehrbar scheint.<\/p>\n<p>Das Thema besch\u00e4ftigt sich weniger mit all jenen Unternehmen, die im Bereich Stra\u00dfenverk\u00e4ufer t\u00e4tig sind, mit Verkaufsfahrzuege, <strong>Food Trucks<\/strong> oder anderen Nutzfahrzeugen, und so die Freiheit haben, sich nach ihren Bed\u00fcrfnissen und ihren Gesch\u00e4ftszielen zu bewegen.<\/p>\n<p>In jedem Fall wird das Inkrafttreten von Bolkestein nach 2020 dem <a href=\"http:\/\/www.vsveicolispeciali.com\/de\/verkaufswagen-kaufen\/\" rel=\"noopener\" target=\"_blank\">Verkauf von Street Food Wagen<\/a> neues Leben einhauchen, eine Branche, die sich gegen den Trend wendet und auf wichtige Wachstumsraten hinweist.<\/p>\n<p>In diesem Sinne gibt es mehrere <strong>Gr\u00fcnde<\/strong>, warum es besser ist, <a href=\"http:\/\/www.vsveicolispeciali.com\/de\/9-gute-gruende-einen-food-truck-zu-kaufen-und-einen-wander-geschaeft-zu-beginnen\/\" rel=\"noopener\" target=\"_blank\">einen Food Truck zu kaufen und eine Wandergesch\u00e4ft zu er\u00f6ffnen<\/a>. Eines davon ist die extreme Mobilit\u00e4t, die es erm\u00f6glicht, zusammen mit der Vielzahl von M\u00f6glichkeiten, die es bietet.<\/p>\n<p>F\u00fcr diejenigen, die beabsichtigen, ein <a href=\"http:\/\/www.vsveicolispeciali.com\/de\/wie-ein-street-food-geschaeft-zu-eroeffnen-die-abeille-gourmande-creperie-bretonne\/\" rel=\"noopener\" target=\"_blank\">Street-Food-Business zu er\u00f6ffnen<\/a>, das sich von den Beschr\u00e4nkungen des festen Ortes befreit, besteht die L\u00f6sung darin, einen Foodtruck zu w\u00e4hlen. Diese L\u00f6sung ist auch erschwinglich, wenn man die M\u00f6glichkeit in Betracht zieht, Geld zu erhalten.<\/p>\n<p>Jenseits der Stra\u00dfe K\u00fcche Sektor, zieht die Verwendung von mobilen Verkaufs- und Promotion-Fahrzeugen Industrieunternehmen nicht nur von den Beschr\u00e4nkungen eines festen Standorts ab, aber sie erlauben, nach <strong>Gesch\u00e4ftsm\u00f6glichkeiten<\/strong> zu suchen, wo auch immer sie sind.<\/p>\n<p>Es ist nur eine Frage von Initiative und Einfallsreichtum, auf die kein Unternehmer verzichten kann. <\/p>\n\n\t\t<style type=\"text\/css\">\n\t\t\t#gallery-1 {\n\t\t\t\tmargin: auto;\n\t\t\t}\n\t\t\t#gallery-1 .gallery-item {\n\t\t\t\tfloat: left;\n\t\t\t\tmargin-top: 10px;\n\t\t\t\ttext-align: center;\n\t\t\t\twidth: 33%;\n\t\t\t}\n\t\t\t#gallery-1 img {\n\t\t\t\tborder: 2px solid #cfcfcf;\n\t\t\t}\n\t\t\t#gallery-1 .gallery-caption {\n\t\t\t\tmargin-left: 0;\n\t\t\t}\n\t\t\t\/* see gallery_shortcode() in wp-includes\/media.php *\/\n\t\t<\/style>\n\t\t<div id='gallery-1' class='gallery galleryid-9675 gallery-columns-3 gallery-size-thumbnail'><dl class='gallery-item'>\n\t\t\t<dt class='gallery-icon landscape'>\n\t\t\t\t<a href='https:\/\/www.vsveicolispeciali.com\/de\/commercianti-ambulanti-e-direttiva-bolkestein-2-2\/'><img loading=\"lazy\" decoding=\"async\" width=\"150\" height=\"150\" src=\"https:\/\/www.vsveicolispeciali.com\/wp-content\/uploads\/2017\/12\/commercianti-ambulanti-e-direttiva-bolkestein-150x150.jpg\" class=\"attachment-thumbnail size-thumbnail\" alt=\"\" srcset=\"https:\/\/www.vsveicolispeciali.com\/wp-content\/uploads\/2017\/12\/commercianti-ambulanti-e-direttiva-bolkestein-150x150.jpg 150w, https:\/\/www.vsveicolispeciali.com\/wp-content\/uploads\/2017\/12\/commercianti-ambulanti-e-direttiva-bolkestein-570x570.jpg 570w, https:\/\/www.vsveicolispeciali.com\/wp-content\/uploads\/2017\/12\/commercianti-ambulanti-e-direttiva-bolkestein-600x600.jpg 600w, https:\/\/www.vsveicolispeciali.com\/wp-content\/uploads\/2017\/12\/commercianti-ambulanti-e-direttiva-bolkestein-500x500.jpg 500w\" sizes=\"(max-width: 150px) 100vw, 150px\" \/><\/a>\n\t\t\t<\/dt><\/dl>\n\t\t\t<br style='clear: both' \/>\n\t\t<\/div>\n\n","protected":false},"excerpt":{"rendered":"<p>Die Bolkestein-Richtlinie ist ein Gesetz, das 2006 vom Europ\u00e4ischen Parlament angenommen und 2010 von Italien umgesetzt wurde, das durch die Wahl der Regierungen seither nie in Kraft getreten ist. Es sieht vor, dass viele \u00f6ffentliche Konzessionen verboten sind, um den Abbau von Barrieren zwischen den&#8230;<\/p>\n","protected":false},"author":2,"featured_media":9676,"comment_status":"open","ping_status":"open","sticky":false,"template":"","format":"gallery","meta":{"footnotes":""},"categories":[48],"tags":[267],"class_list":["post-9675","post","type-post","status-publish","format-gallery","has-post-thumbnail","hentry","category-non-categorizzato","tag-streetfood-business","post_format-post-format-gallery"],"yoast_head":"<!-- This site is optimized with the Yoast SEO plugin v25.4 - https:\/\/yoast.com\/wordpress\/plugins\/seo\/ -->\n<title>Streetfood-Wandergewerbe: Bolkestein-Richtlinie auf 2020 Verschoben<\/title>\n<meta name=\"description\" content=\"Die Regierung verschiebt die Umsetzung der Richtlinie zur Liberalisierung des Stra\u00dfenverkehrsmarktes um zwei Jahre. Stra\u00dfenh\u00e4ndler tun gut daran, ein Autogesch\u00e4ft zu kaufen und eine Lizenz f\u00fcr den Verkauf im Reisemodus zu erhalten &gt;\" \/>\n<meta name=\"robots\" content=\"index, follow, max-snippet:-1, max-image-preview:large, max-video-preview:-1\" \/>\n<link rel=\"canonical\" href=\"https:\/\/www.vsveicolispeciali.com\/de\/wandergewerbe-bolkestein-richtlinie-auf-2020-verschoben\/\" \/>\n<meta property=\"og:locale\" content=\"de_DE\" \/>\n<meta property=\"og:type\" content=\"article\" \/>\n<meta property=\"og:title\" content=\"Streetfood-Wandergewerbe: Bolkestein-Richtlinie auf 2020 Verschoben\" \/>\n<meta property=\"og:description\" content=\"Die Regierung verschiebt die Umsetzung der Richtlinie zur Liberalisierung des Stra\u00dfenverkehrsmarktes um zwei Jahre. Stra\u00dfenh\u00e4ndler tun gut daran, ein Autogesch\u00e4ft zu kaufen und eine Lizenz f\u00fcr den Verkauf im Reisemodus zu erhalten &gt;\" \/>\n<meta property=\"og:url\" content=\"https:\/\/www.vsveicolispeciali.com\/de\/wandergewerbe-bolkestein-richtlinie-auf-2020-verschoben\/\" \/>\n<meta property=\"og:site_name\" content=\"VS Veicoli Speciali\" \/>\n<meta property=\"article:publisher\" content=\"https:\/\/www.facebook.com\/VSVeicoliSpeciali.Food.Trucks\/\" \/>\n<meta property=\"article:published_time\" content=\"2017-12-22T13:22:53+00:00\" \/>\n<meta property=\"article:modified_time\" content=\"2023-01-18T16:03:17+00:00\" \/>\n<meta property=\"og:image\" content=\"https:\/\/www.vsveicolispeciali.com\/wp-content\/uploads\/2017\/12\/commercianti-ambulanti-e-direttiva-bolkestein.jpg\" \/>\n\t<meta property=\"og:image:width\" content=\"800\" \/>\n\t<meta property=\"og:image:height\" content=\"600\" \/>\n\t<meta property=\"og:image:type\" content=\"image\/jpeg\" \/>\n<meta name=\"author\" content=\"VS Veicoli Speciali\" \/>\n<meta name=\"twitter:card\" content=\"summary_large_image\" \/>\n<meta name=\"twitter:creator\" content=\"@veicolispeciali\" \/>\n<meta name=\"twitter:site\" content=\"@veicolispeciali\" \/>\n<meta name=\"twitter:label1\" content=\"Verfasst von\" \/>\n\t<meta name=\"twitter:data1\" content=\"VS Veicoli Speciali\" \/>\n\t<meta name=\"twitter:label2\" content=\"Gesch\u00e4tzte Lesezeit\" \/>\n\t<meta name=\"twitter:data2\" content=\"3\u00a0Minuten\" \/>\n<script type=\"application\/ld+json\" class=\"yoast-schema-graph\">{\"@context\":\"https:\/\/schema.org\",\"@graph\":[{\"@type\":\"Article\",\"@id\":\"https:\/\/www.vsveicolispeciali.com\/de\/wandergewerbe-bolkestein-richtlinie-auf-2020-verschoben\/#article\",\"isPartOf\":{\"@id\":\"https:\/\/www.vsveicolispeciali.com\/de\/wandergewerbe-bolkestein-richtlinie-auf-2020-verschoben\/\"},\"author\":{\"name\":\"VS Veicoli Speciali\",\"@id\":\"https:\/\/www.vsveicolispeciali.com\/de\/#\/schema\/person\/8c8e3b05db2eca472cca11ff78d1a62d\"},\"headline\":\"Streetfood-Wandergewerbe: Bolkestein-Richtlinie auf 2020 Verschoben\",\"datePublished\":\"2017-12-22T13:22:53+00:00\",\"dateModified\":\"2023-01-18T16:03:17+00:00\",\"mainEntityOfPage\":{\"@id\":\"https:\/\/www.vsveicolispeciali.com\/de\/wandergewerbe-bolkestein-richtlinie-auf-2020-verschoben\/\"},\"wordCount\":648,\"commentCount\":0,\"publisher\":{\"@id\":\"https:\/\/www.vsveicolispeciali.com\/de\/#organization\"},\"image\":{\"@id\":\"https:\/\/www.vsveicolispeciali.com\/de\/wandergewerbe-bolkestein-richtlinie-auf-2020-verschoben\/#primaryimage\"},\"thumbnailUrl\":\"https:\/\/www.vsveicolispeciali.com\/wp-content\/uploads\/2017\/12\/commercianti-ambulanti-e-direttiva-bolkestein.jpg\",\"keywords\":[\"streetfood business\"],\"articleSection\":[\"Non categorizzato\"],\"inLanguage\":\"de\",\"potentialAction\":[{\"@type\":\"CommentAction\",\"name\":\"Comment\",\"target\":[\"https:\/\/www.vsveicolispeciali.com\/de\/wandergewerbe-bolkestein-richtlinie-auf-2020-verschoben\/#respond\"]}]},{\"@type\":\"WebPage\",\"@id\":\"https:\/\/www.vsveicolispeciali.com\/de\/wandergewerbe-bolkestein-richtlinie-auf-2020-verschoben\/\",\"url\":\"https:\/\/www.vsveicolispeciali.com\/de\/wandergewerbe-bolkestein-richtlinie-auf-2020-verschoben\/\",\"name\":\"Streetfood-Wandergewerbe: Bolkestein-Richtlinie auf 2020 Verschoben\",\"isPartOf\":{\"@id\":\"https:\/\/www.vsveicolispeciali.com\/de\/#website\"},\"primaryImageOfPage\":{\"@id\":\"https:\/\/www.vsveicolispeciali.com\/de\/wandergewerbe-bolkestein-richtlinie-auf-2020-verschoben\/#primaryimage\"},\"image\":{\"@id\":\"https:\/\/www.vsveicolispeciali.com\/de\/wandergewerbe-bolkestein-richtlinie-auf-2020-verschoben\/#primaryimage\"},\"thumbnailUrl\":\"https:\/\/www.vsveicolispeciali.com\/wp-content\/uploads\/2017\/12\/commercianti-ambulanti-e-direttiva-bolkestein.jpg\",\"datePublished\":\"2017-12-22T13:22:53+00:00\",\"dateModified\":\"2023-01-18T16:03:17+00:00\",\"description\":\"Die Regierung verschiebt die Umsetzung der Richtlinie zur Liberalisierung des Stra\u00dfenverkehrsmarktes um zwei Jahre. Stra\u00dfenh\u00e4ndler tun gut daran, ein Autogesch\u00e4ft zu kaufen und eine Lizenz f\u00fcr den Verkauf im Reisemodus zu erhalten >\",\"breadcrumb\":{\"@id\":\"https:\/\/www.vsveicolispeciali.com\/de\/wandergewerbe-bolkestein-richtlinie-auf-2020-verschoben\/#breadcrumb\"},\"inLanguage\":\"de\",\"potentialAction\":[{\"@type\":\"ReadAction\",\"target\":[\"https:\/\/www.vsveicolispeciali.com\/de\/wandergewerbe-bolkestein-richtlinie-auf-2020-verschoben\/\"]}]},{\"@type\":\"ImageObject\",\"inLanguage\":\"de\",\"@id\":\"https:\/\/www.vsveicolispeciali.com\/de\/wandergewerbe-bolkestein-richtlinie-auf-2020-verschoben\/#primaryimage\",\"url\":\"https:\/\/www.vsveicolispeciali.com\/wp-content\/uploads\/2017\/12\/commercianti-ambulanti-e-direttiva-bolkestein.jpg\",\"contentUrl\":\"https:\/\/www.vsveicolispeciali.com\/wp-content\/uploads\/2017\/12\/commercianti-ambulanti-e-direttiva-bolkestein.jpg\",\"width\":800,\"height\":600},{\"@type\":\"BreadcrumbList\",\"@id\":\"https:\/\/www.vsveicolispeciali.com\/de\/wandergewerbe-bolkestein-richtlinie-auf-2020-verschoben\/#breadcrumb\",\"itemListElement\":[{\"@type\":\"ListItem\",\"position\":1,\"name\":\"Home\",\"item\":\"https:\/\/www.vsveicolispeciali.com\/de\/\"},{\"@type\":\"ListItem\",\"position\":2,\"name\":\"Streetfood-Wandergewerbe: Bolkestein-Richtlinie auf 2020 Verschoben\"}]},{\"@type\":\"WebSite\",\"@id\":\"https:\/\/www.vsveicolispeciali.com\/de\/#website\",\"url\":\"https:\/\/www.vsveicolispeciali.com\/de\/\",\"name\":\"VS Veicoli Speciali\",\"description\":\"\",\"publisher\":{\"@id\":\"https:\/\/www.vsveicolispeciali.com\/de\/#organization\"},\"potentialAction\":[{\"@type\":\"SearchAction\",\"target\":{\"@type\":\"EntryPoint\",\"urlTemplate\":\"https:\/\/www.vsveicolispeciali.com\/de\/?s={search_term_string}\"},\"query-input\":{\"@type\":\"PropertyValueSpecification\",\"valueRequired\":true,\"valueName\":\"search_term_string\"}}],\"inLanguage\":\"de\"},{\"@type\":\"Organization\",\"@id\":\"https:\/\/www.vsveicolispeciali.com\/de\/#organization\",\"name\":\"VS Veicoli Speciali\",\"url\":\"https:\/\/www.vsveicolispeciali.com\/de\/\",\"logo\":{\"@type\":\"ImageObject\",\"inLanguage\":\"de\",\"@id\":\"https:\/\/www.vsveicolispeciali.com\/de\/#\/schema\/logo\/image\/\",\"url\":\"http:\/\/www.vsveicolispeciali.com\/wp-content\/uploads\/2015\/05\/vs_veicoli_speciali-logo.png\",\"contentUrl\":\"http:\/\/www.vsveicolispeciali.com\/wp-content\/uploads\/2015\/05\/vs_veicoli_speciali-logo.png\",\"width\":252,\"height\":134,\"caption\":\"VS Veicoli Speciali\"},\"image\":{\"@id\":\"https:\/\/www.vsveicolispeciali.com\/de\/#\/schema\/logo\/image\/\"},\"sameAs\":[\"https:\/\/www.facebook.com\/VSVeicoliSpeciali.Food.Trucks\/\",\"https:\/\/x.com\/veicolispeciali\",\"https:\/\/www.instagram.com\/vs_veicolispeciali\/\",\"https:\/\/www.linkedin.com\/company\/2811960\/\",\"https:\/\/www.pinterest.com\/streetfoodtruck\/\",\"https:\/\/www.youtube.com\/user\/veicolispeciali\"]},{\"@type\":\"Person\",\"@id\":\"https:\/\/www.vsveicolispeciali.com\/de\/#\/schema\/person\/8c8e3b05db2eca472cca11ff78d1a62d\",\"name\":\"VS Veicoli Speciali\",\"image\":{\"@type\":\"ImageObject\",\"inLanguage\":\"de\",\"@id\":\"https:\/\/www.vsveicolispeciali.com\/de\/#\/schema\/person\/image\/\",\"url\":\"https:\/\/secure.gravatar.com\/avatar\/69112ab3f18e6754894da123600ad5b0?s=96&d=mm&r=g\",\"contentUrl\":\"https:\/\/secure.gravatar.com\/avatar\/69112ab3f18e6754894da123600ad5b0?s=96&d=mm&r=g\",\"caption\":\"VS Veicoli Speciali\"}}]}<\/script>\n<!-- \/ Yoast SEO plugin. -->","yoast_head_json":{"title":"Streetfood-Wandergewerbe: Bolkestein-Richtlinie auf 2020 Verschoben","description":"Die Regierung verschiebt die Umsetzung der Richtlinie zur Liberalisierung des Stra\u00dfenverkehrsmarktes um zwei Jahre. Stra\u00dfenh\u00e4ndler tun gut daran, ein Autogesch\u00e4ft zu kaufen und eine Lizenz f\u00fcr den Verkauf im Reisemodus zu erhalten >","robots":{"index":"index","follow":"follow","max-snippet":"max-snippet:-1","max-image-preview":"max-image-preview:large","max-video-preview":"max-video-preview:-1"},"canonical":"https:\/\/www.vsveicolispeciali.com\/de\/wandergewerbe-bolkestein-richtlinie-auf-2020-verschoben\/","og_locale":"de_DE","og_type":"article","og_title":"Streetfood-Wandergewerbe: Bolkestein-Richtlinie auf 2020 Verschoben","og_description":"Die Regierung verschiebt die Umsetzung der Richtlinie zur Liberalisierung des Stra\u00dfenverkehrsmarktes um zwei Jahre. Stra\u00dfenh\u00e4ndler tun gut daran, ein Autogesch\u00e4ft zu kaufen und eine Lizenz f\u00fcr den Verkauf im Reisemodus zu erhalten >","og_url":"https:\/\/www.vsveicolispeciali.com\/de\/wandergewerbe-bolkestein-richtlinie-auf-2020-verschoben\/","og_site_name":"VS Veicoli Speciali","article_publisher":"https:\/\/www.facebook.com\/VSVeicoliSpeciali.Food.Trucks\/","article_published_time":"2017-12-22T13:22:53+00:00","article_modified_time":"2023-01-18T16:03:17+00:00","og_image":[{"width":800,"height":600,"url":"https:\/\/www.vsveicolispeciali.com\/wp-content\/uploads\/2017\/12\/commercianti-ambulanti-e-direttiva-bolkestein.jpg","type":"image\/jpeg"}],"author":"VS Veicoli Speciali","twitter_card":"summary_large_image","twitter_creator":"@veicolispeciali","twitter_site":"@veicolispeciali","twitter_misc":{"Verfasst von":"VS Veicoli Speciali","Gesch\u00e4tzte Lesezeit":"3\u00a0Minuten"},"schema":{"@context":"https:\/\/schema.org","@graph":[{"@type":"Article","@id":"https:\/\/www.vsveicolispeciali.com\/de\/wandergewerbe-bolkestein-richtlinie-auf-2020-verschoben\/#article","isPartOf":{"@id":"https:\/\/www.vsveicolispeciali.com\/de\/wandergewerbe-bolkestein-richtlinie-auf-2020-verschoben\/"},"author":{"name":"VS Veicoli Speciali","@id":"https:\/\/www.vsveicolispeciali.com\/de\/#\/schema\/person\/8c8e3b05db2eca472cca11ff78d1a62d"},"headline":"Streetfood-Wandergewerbe: Bolkestein-Richtlinie auf 2020 Verschoben","datePublished":"2017-12-22T13:22:53+00:00","dateModified":"2023-01-18T16:03:17+00:00","mainEntityOfPage":{"@id":"https:\/\/www.vsveicolispeciali.com\/de\/wandergewerbe-bolkestein-richtlinie-auf-2020-verschoben\/"},"wordCount":648,"commentCount":0,"publisher":{"@id":"https:\/\/www.vsveicolispeciali.com\/de\/#organization"},"image":{"@id":"https:\/\/www.vsveicolispeciali.com\/de\/wandergewerbe-bolkestein-richtlinie-auf-2020-verschoben\/#primaryimage"},"thumbnailUrl":"https:\/\/www.vsveicolispeciali.com\/wp-content\/uploads\/2017\/12\/commercianti-ambulanti-e-direttiva-bolkestein.jpg","keywords":["streetfood business"],"articleSection":["Non categorizzato"],"inLanguage":"de","potentialAction":[{"@type":"CommentAction","name":"Comment","target":["https:\/\/www.vsveicolispeciali.com\/de\/wandergewerbe-bolkestein-richtlinie-auf-2020-verschoben\/#respond"]}]},{"@type":"WebPage","@id":"https:\/\/www.vsveicolispeciali.com\/de\/wandergewerbe-bolkestein-richtlinie-auf-2020-verschoben\/","url":"https:\/\/www.vsveicolispeciali.com\/de\/wandergewerbe-bolkestein-richtlinie-auf-2020-verschoben\/","name":"Streetfood-Wandergewerbe: Bolkestein-Richtlinie auf 2020 Verschoben","isPartOf":{"@id":"https:\/\/www.vsveicolispeciali.com\/de\/#website"},"primaryImageOfPage":{"@id":"https:\/\/www.vsveicolispeciali.com\/de\/wandergewerbe-bolkestein-richtlinie-auf-2020-verschoben\/#primaryimage"},"image":{"@id":"https:\/\/www.vsveicolispeciali.com\/de\/wandergewerbe-bolkestein-richtlinie-auf-2020-verschoben\/#primaryimage"},"thumbnailUrl":"https:\/\/www.vsveicolispeciali.com\/wp-content\/uploads\/2017\/12\/commercianti-ambulanti-e-direttiva-bolkestein.jpg","datePublished":"2017-12-22T13:22:53+00:00","dateModified":"2023-01-18T16:03:17+00:00","description":"Die Regierung verschiebt die Umsetzung der Richtlinie zur Liberalisierung des Stra\u00dfenverkehrsmarktes um zwei Jahre. Stra\u00dfenh\u00e4ndler tun gut daran, ein Autogesch\u00e4ft zu kaufen und eine Lizenz f\u00fcr den Verkauf im Reisemodus zu erhalten >","breadcrumb":{"@id":"https:\/\/www.vsveicolispeciali.com\/de\/wandergewerbe-bolkestein-richtlinie-auf-2020-verschoben\/#breadcrumb"},"inLanguage":"de","potentialAction":[{"@type":"ReadAction","target":["https:\/\/www.vsveicolispeciali.com\/de\/wandergewerbe-bolkestein-richtlinie-auf-2020-verschoben\/"]}]},{"@type":"ImageObject","inLanguage":"de","@id":"https:\/\/www.vsveicolispeciali.com\/de\/wandergewerbe-bolkestein-richtlinie-auf-2020-verschoben\/#primaryimage","url":"https:\/\/www.vsveicolispeciali.com\/wp-content\/uploads\/2017\/12\/commercianti-ambulanti-e-direttiva-bolkestein.jpg","contentUrl":"https:\/\/www.vsveicolispeciali.com\/wp-content\/uploads\/2017\/12\/commercianti-ambulanti-e-direttiva-bolkestein.jpg","width":800,"height":600},{"@type":"BreadcrumbList","@id":"https:\/\/www.vsveicolispeciali.com\/de\/wandergewerbe-bolkestein-richtlinie-auf-2020-verschoben\/#breadcrumb","itemListElement":[{"@type":"ListItem","position":1,"name":"Home","item":"https:\/\/www.vsveicolispeciali.com\/de\/"},{"@type":"ListItem","position":2,"name":"Streetfood-Wandergewerbe: Bolkestein-Richtlinie auf 2020 Verschoben"}]},{"@type":"WebSite","@id":"https:\/\/www.vsveicolispeciali.com\/de\/#website","url":"https:\/\/www.vsveicolispeciali.com\/de\/","name":"VS Veicoli Speciali","description":"","publisher":{"@id":"https:\/\/www.vsveicolispeciali.com\/de\/#organization"},"potentialAction":[{"@type":"SearchAction","target":{"@type":"EntryPoint","urlTemplate":"https:\/\/www.vsveicolispeciali.com\/de\/?s={search_term_string}"},"query-input":{"@type":"PropertyValueSpecification","valueRequired":true,"valueName":"search_term_string"}}],"inLanguage":"de"},{"@type":"Organization","@id":"https:\/\/www.vsveicolispeciali.com\/de\/#organization","name":"VS Veicoli Speciali","url":"https:\/\/www.vsveicolispeciali.com\/de\/","logo":{"@type":"ImageObject","inLanguage":"de","@id":"https:\/\/www.vsveicolispeciali.com\/de\/#\/schema\/logo\/image\/","url":"http:\/\/www.vsveicolispeciali.com\/wp-content\/uploads\/2015\/05\/vs_veicoli_speciali-logo.png","contentUrl":"http:\/\/www.vsveicolispeciali.com\/wp-content\/uploads\/2015\/05\/vs_veicoli_speciali-logo.png","width":252,"height":134,"caption":"VS Veicoli Speciali"},"image":{"@id":"https:\/\/www.vsveicolispeciali.com\/de\/#\/schema\/logo\/image\/"},"sameAs":["https:\/\/www.facebook.com\/VSVeicoliSpeciali.Food.Trucks\/","https:\/\/x.com\/veicolispeciali","https:\/\/www.instagram.com\/vs_veicolispeciali\/","https:\/\/www.linkedin.com\/company\/2811960\/","https:\/\/www.pinterest.com\/streetfoodtruck\/","https:\/\/www.youtube.com\/user\/veicolispeciali"]},{"@type":"Person","@id":"https:\/\/www.vsveicolispeciali.com\/de\/#\/schema\/person\/8c8e3b05db2eca472cca11ff78d1a62d","name":"VS Veicoli Speciali","image":{"@type":"ImageObject","inLanguage":"de","@id":"https:\/\/www.vsveicolispeciali.com\/de\/#\/schema\/person\/image\/","url":"https:\/\/secure.gravatar.com\/avatar\/69112ab3f18e6754894da123600ad5b0?s=96&d=mm&r=g","contentUrl":"https:\/\/secure.gravatar.com\/avatar\/69112ab3f18e6754894da123600ad5b0?s=96&d=mm&r=g","caption":"VS Veicoli Speciali"}}]}},"_links":{"self":[{"href":"https:\/\/www.vsveicolispeciali.com\/de\/wp-json\/wp\/v2\/posts\/9675"}],"collection":[{"href":"https:\/\/www.vsveicolispeciali.com\/de\/wp-json\/wp\/v2\/posts"}],"about":[{"href":"https:\/\/www.vsveicolispeciali.com\/de\/wp-json\/wp\/v2\/types\/post"}],"author":[{"embeddable":true,"href":"https:\/\/www.vsveicolispeciali.com\/de\/wp-json\/wp\/v2\/users\/2"}],"replies":[{"embeddable":true,"href":"https:\/\/www.vsveicolispeciali.com\/de\/wp-json\/wp\/v2\/comments?post=9675"}],"version-history":[{"count":3,"href":"https:\/\/www.vsveicolispeciali.com\/de\/wp-json\/wp\/v2\/posts\/9675\/revisions"}],"predecessor-version":[{"id":20943,"href":"https:\/\/www.vsveicolispeciali.com\/de\/wp-json\/wp\/v2\/posts\/9675\/revisions\/20943"}],"wp:featuredmedia":[{"embeddable":true,"href":"https:\/\/www.vsveicolispeciali.com\/de\/wp-json\/wp\/v2\/media\/9676"}],"wp:attachment":[{"href":"https:\/\/www.vsveicolispeciali.com\/de\/wp-json\/wp\/v2\/media?parent=9675"}],"wp:term":[{"taxonomy":"category","embeddable":true,"href":"https:\/\/www.vsveicolispeciali.com\/de\/wp-json\/wp\/v2\/categories?post=9675"},{"taxonomy":"post_tag","embeddable":true,"href":"https:\/\/www.vsveicolispeciali.com\/de\/wp-json\/wp\/v2\/tags?post=9675"}],"curies":[{"name":"wp","href":"https:\/\/api.w.org\/{rel}","templated":true}]}}