{"id":9372,"date":"2017-03-16T22:17:33","date_gmt":"2017-03-16T21:17:33","guid":{"rendered":"http:\/\/www.vsveicolispeciali.com\/mettere-le-ruote-al-proprio-business\/"},"modified":"2023-01-18T19:50:17","modified_gmt":"2023-01-18T18:50:17","slug":"setzen-sie-die-raeder-auf-ihr-geschaeft-mit-einem-food-truck","status":"publish","type":"post","link":"https:\/\/www.vsveicolispeciali.com\/de\/setzen-sie-die-raeder-auf-ihr-geschaeft-mit-einem-food-truck\/","title":{"rendered":"Setzen Sie die R\u00e4der auf ihr Gesch\u00e4ft"},"content":{"rendered":"<p>Alle Restaurants und ganz allgemein alle Unternehmen, die in der Gastronomie arbeiten, w\u00fcrden gut daran tun, sich mit einem <strong>Food Truck<\/strong> auszustatten. Dies ist die Meinung der meisten Arbeiter in der Industrie, aber es gibt immer noch diejenigen, die glauben, dass es ein Schritt zur\u00fcck ist, die R\u00e4der zu ihrem Gesch\u00e4ft zu machen oder sogar eine Entkalkungsaktion.<\/p>\n<p>Dieser Gedanke ergibt sich aus der Tatsache, dass es oft keinen Unterschied zwischen Stra\u00dfenh\u00e4ndlern, Wander-Sandwich-Shop und Food Trucker gibt, aber vor allem  wird das Potenzial eines Food Trucks nicht verstanden, seit es gedacht wird, dass nur ein lokaler mit einem festen B\u00fcro wirklich <strong>den Wert seines Gesch\u00e4fts erh\u00f6hen kann<\/strong>.<\/p>\n<p>Was nicht verstanden wird, ist, dass sich die Welt in den letzten Jahren radikal ver\u00e4ndert hat und damit auch die Gewohnheiten und Essgewohnheiten der Menschen. Dar\u00fcber hinaus hat der starke wirtschaftliche Wandel des letzten Jahrzehnts dazu gef\u00fchrt, dass <strong>viele Cateringunternehmen, die sich nicht an Ver\u00e4nderungen anpassen konnten, geschlossen wurden<\/strong>, weil sie ihr Angebot nicht modernisiert haben und ihren Weg zur Arbeit fesselnder und dynamischer gestaltet haben.<\/p>\n<p>Die Dynamik, die Attraktivit\u00e4t und die gro\u00dfe Flexibilit\u00e4t, kombiniert mit sehr niedrigen Verwaltungs- und Investitionskosten, sind die Hauptmerkmale der <a href=\"http:\/\/www.vsveicolispeciali.com\/de\/verkaufswagen-kaufen\/\" target=\"_blank\" rel=\"noopener\">Streetfood-Aktivit\u00e4t auf einem Food Truck<\/a>!<\/p>\n<p>Um ein Street-Food-Projekt mit diesen Eigenschaften zu schaffen, ist nat\u00fcrlich nicht nur ein sch\u00f6ner und funktioneller Food Truck notwendig, aber auch eine Marke und eine klare Kommunikation, ein Qualit\u00e4tsprodukt ohne \u00fcbertriebene Kosten und eine <strong>Diversifizierung in der Art und Weise, wie man seinen eigenen Food Truck benutzt<\/strong>.<\/p>\n<p>Die Entwicklung einer Aktivit\u00e4t auf der Stra\u00dfe erm\u00f6glicht nicht nur endlose Nutzungsm\u00f6glichkeiten, sondern eliminiert zus\u00e4tzliche Kosten, wenn diese Aktivit\u00e4t station\u00e4r bleibt. <strong>Mit einem Food Truck k\u00f6nnen Sie dorthin gelangen, wo der Markt es erfordert<\/strong>, keine \u00c4nderungen an Ihrem Arbeitsplatz vornehmen, und Sie vermeiden es, viel Geld f\u00fcr Werbung aus der zweifelhaften wirtschaftlichen Rendite auszugeben.<\/p>\n<p>In Kontexten wie <strong>Flugh\u00e4fen, Outlets, Superm\u00e4rkten, Museen, Parks und dergleichen<\/strong>, an denen die Realisierung fester Strukturen langwierig und ohne b\u00fcrokratische Gewissheiten erfolgen kann (ohne nennenswerte und teure Bauarbeiten zu nennen), sind Food Trucks die perfekte L\u00f6sung, da sie keine Maurerarbeiten erfordern, autonom sind und jederzeit bewegt werden k\u00f6nnen.<\/p>\n<p>Es ist daher klar, dass Stra\u00dfenessen eine <strong>Investition mit geringem Risiko<\/strong> ist, mit unendlichem Potenzial und v\u00f6llig au\u00dferhalb der Dynamik (und der damit verbundenen Probleme) der Aktivit\u00e4ten mit einem festen B\u00fcro.<\/p>\n<p>&nbsp;<\/p>\n\n\t\t<style type=\"text\/css\">\n\t\t\t#gallery-1 {\n\t\t\t\tmargin: auto;\n\t\t\t}\n\t\t\t#gallery-1 .gallery-item {\n\t\t\t\tfloat: left;\n\t\t\t\tmargin-top: 10px;\n\t\t\t\ttext-align: center;\n\t\t\t\twidth: 33%;\n\t\t\t}\n\t\t\t#gallery-1 img {\n\t\t\t\tborder: 2px solid #cfcfcf;\n\t\t\t}\n\t\t\t#gallery-1 .gallery-caption {\n\t\t\t\tmargin-left: 0;\n\t\t\t}\n\t\t\t\/* see gallery_shortcode() in wp-includes\/media.php *\/\n\t\t<\/style>\n\t\t<div id='gallery-1' class='gallery galleryid-9372 gallery-columns-3 gallery-size-thumbnail'><dl class='gallery-item'>\n\t\t\t<dt class='gallery-icon landscape'>\n\t\t\t\t<a href='https:\/\/www.vsveicolispeciali.com\/de\/setzen-sie-die-raeder-auf-ihr-geschaeft-mit-einem-food-truck\/03-articolo-2\/'><img loading=\"lazy\" decoding=\"async\" width=\"150\" height=\"150\" src=\"https:\/\/www.vsveicolispeciali.com\/wp-content\/uploads\/2017\/03\/03-Articolo-150x150.jpg\" class=\"attachment-thumbnail size-thumbnail\" alt=\"\" srcset=\"https:\/\/www.vsveicolispeciali.com\/wp-content\/uploads\/2017\/03\/03-Articolo-150x150.jpg 150w, https:\/\/www.vsveicolispeciali.com\/wp-content\/uploads\/2017\/03\/03-Articolo-500x500.jpg 500w\" sizes=\"(max-width: 150px) 100vw, 150px\" \/><\/a>\n\t\t\t<\/dt><\/dl><dl class='gallery-item'>\n\t\t\t<dt class='gallery-icon landscape'>\n\t\t\t\t<a href='https:\/\/www.vsveicolispeciali.com\/de\/setzen-sie-die-raeder-auf-ihr-geschaeft-mit-einem-food-truck\/01-articolo\/'><img loading=\"lazy\" decoding=\"async\" width=\"150\" height=\"150\" src=\"https:\/\/www.vsveicolispeciali.com\/wp-content\/uploads\/2017\/03\/01-Articolo-150x150.jpg\" class=\"attachment-thumbnail size-thumbnail\" alt=\"\" srcset=\"https:\/\/www.vsveicolispeciali.com\/wp-content\/uploads\/2017\/03\/01-Articolo-150x150.jpg 150w, https:\/\/www.vsveicolispeciali.com\/wp-content\/uploads\/2017\/03\/01-Articolo-500x500.jpg 500w\" sizes=\"(max-width: 150px) 100vw, 150px\" \/><\/a>\n\t\t\t<\/dt><\/dl><dl class='gallery-item'>\n\t\t\t<dt class='gallery-icon landscape'>\n\t\t\t\t<a href='https:\/\/www.vsveicolispeciali.com\/de\/setzen-sie-die-raeder-auf-ihr-geschaeft-mit-einem-food-truck\/02-articolo-2\/'><img loading=\"lazy\" decoding=\"async\" width=\"150\" height=\"150\" src=\"https:\/\/www.vsveicolispeciali.com\/wp-content\/uploads\/2017\/03\/02-Articolo-150x150.jpg\" class=\"attachment-thumbnail size-thumbnail\" alt=\"\" srcset=\"https:\/\/www.vsveicolispeciali.com\/wp-content\/uploads\/2017\/03\/02-Articolo-150x150.jpg 150w, https:\/\/www.vsveicolispeciali.com\/wp-content\/uploads\/2017\/03\/02-Articolo-500x500.jpg 500w\" sizes=\"(max-width: 150px) 100vw, 150px\" \/><\/a>\n\t\t\t<\/dt><\/dl><br style=\"clear: both\" \/><dl class='gallery-item'>\n\t\t\t<dt class='gallery-icon landscape'>\n\t\t\t\t<a href='https:\/\/www.vsveicolispeciali.com\/de\/setzen-sie-die-raeder-auf-ihr-geschaeft-mit-einem-food-truck\/04-articolo\/'><img loading=\"lazy\" decoding=\"async\" width=\"150\" height=\"150\" src=\"https:\/\/www.vsveicolispeciali.com\/wp-content\/uploads\/2017\/03\/04-Articolo-150x150.jpg\" class=\"attachment-thumbnail size-thumbnail\" alt=\"\" srcset=\"https:\/\/www.vsveicolispeciali.com\/wp-content\/uploads\/2017\/03\/04-Articolo-150x150.jpg 150w, https:\/\/www.vsveicolispeciali.com\/wp-content\/uploads\/2017\/03\/04-Articolo-500x500.jpg 500w\" sizes=\"(max-width: 150px) 100vw, 150px\" \/><\/a>\n\t\t\t<\/dt><\/dl>\n\t\t\t<br style='clear: both' \/>\n\t\t<\/div>\n\n","protected":false},"excerpt":{"rendered":"<p>Alle Restaurants und ganz allgemein alle Unternehmen, die in der Gastronomie arbeiten, w\u00fcrden gut daran tun, sich mit einem Food Truck auszustatten. Dies ist die Meinung der meisten Arbeiter in der Industrie, aber es gibt immer noch diejenigen, die glauben, dass es ein Schritt zur\u00fcck&#8230;<\/p>\n","protected":false},"author":2,"featured_media":9374,"comment_status":"open","ping_status":"open","sticky":false,"template":"","format":"gallery","meta":{"footnotes":""},"categories":[48],"tags":[],"class_list":["post-9372","post","type-post","status-publish","format-gallery","has-post-thumbnail","hentry","category-non-categorizzato","post_format-post-format-gallery"],"yoast_head":"<!-- This site is optimized with the Yoast SEO plugin v25.4 - https:\/\/yoast.com\/wordpress\/plugins\/seo\/ -->\n<title>Setzen Sie die R\u00e4der auf ihr Gesch\u00e4ft<\/title>\n<meta name=\"description\" content=\"Alle Restaurants und ganz allgemein alle Unternehmen, die in der Gastronomie arbeiten, w\u00fcrden gut daran tun, sich mit einem Food Truck auszustatten &gt;\" \/>\n<meta name=\"robots\" content=\"index, follow, max-snippet:-1, max-image-preview:large, max-video-preview:-1\" \/>\n<link rel=\"canonical\" href=\"https:\/\/www.vsveicolispeciali.com\/de\/setzen-sie-die-raeder-auf-ihr-geschaeft-mit-einem-food-truck\/\" \/>\n<meta property=\"og:locale\" content=\"de_DE\" \/>\n<meta property=\"og:type\" content=\"article\" \/>\n<meta property=\"og:title\" content=\"Setzen Sie die R\u00e4der auf ihr Gesch\u00e4ft\" \/>\n<meta property=\"og:description\" content=\"Alle Restaurants und ganz allgemein alle Unternehmen, die in der Gastronomie arbeiten, w\u00fcrden gut daran tun, sich mit einem Food Truck auszustatten &gt;\" \/>\n<meta property=\"og:url\" content=\"https:\/\/www.vsveicolispeciali.com\/de\/setzen-sie-die-raeder-auf-ihr-geschaeft-mit-einem-food-truck\/\" \/>\n<meta property=\"og:site_name\" content=\"VS Veicoli Speciali\" \/>\n<meta property=\"article:publisher\" content=\"https:\/\/www.facebook.com\/VSVeicoliSpeciali.Food.Trucks\/\" \/>\n<meta property=\"article:published_time\" content=\"2017-03-16T21:17:33+00:00\" \/>\n<meta property=\"article:modified_time\" content=\"2023-01-18T18:50:17+00:00\" \/>\n<meta property=\"og:image\" content=\"https:\/\/www.vsveicolispeciali.com\/wp-content\/uploads\/2017\/03\/03-Articolo.jpg\" \/>\n\t<meta property=\"og:image:width\" content=\"960\" \/>\n\t<meta property=\"og:image:height\" content=\"540\" \/>\n\t<meta property=\"og:image:type\" content=\"image\/jpeg\" \/>\n<meta name=\"author\" content=\"VS Veicoli Speciali\" \/>\n<meta name=\"twitter:card\" content=\"summary_large_image\" \/>\n<meta name=\"twitter:creator\" content=\"@veicolispeciali\" \/>\n<meta name=\"twitter:site\" content=\"@veicolispeciali\" \/>\n<meta name=\"twitter:label1\" content=\"Verfasst von\" \/>\n\t<meta name=\"twitter:data1\" content=\"VS Veicoli Speciali\" \/>\n\t<meta name=\"twitter:label2\" content=\"Gesch\u00e4tzte Lesezeit\" \/>\n\t<meta name=\"twitter:data2\" content=\"2\u00a0Minuten\" \/>\n<script type=\"application\/ld+json\" class=\"yoast-schema-graph\">{\"@context\":\"https:\/\/schema.org\",\"@graph\":[{\"@type\":\"Article\",\"@id\":\"https:\/\/www.vsveicolispeciali.com\/de\/setzen-sie-die-raeder-auf-ihr-geschaeft-mit-einem-food-truck\/#article\",\"isPartOf\":{\"@id\":\"https:\/\/www.vsveicolispeciali.com\/de\/setzen-sie-die-raeder-auf-ihr-geschaeft-mit-einem-food-truck\/\"},\"author\":{\"name\":\"VS Veicoli Speciali\",\"@id\":\"https:\/\/www.vsveicolispeciali.com\/de\/#\/schema\/person\/8c8e3b05db2eca472cca11ff78d1a62d\"},\"headline\":\"Setzen Sie die R\u00e4der auf ihr Gesch\u00e4ft\",\"datePublished\":\"2017-03-16T21:17:33+00:00\",\"dateModified\":\"2023-01-18T18:50:17+00:00\",\"mainEntityOfPage\":{\"@id\":\"https:\/\/www.vsveicolispeciali.com\/de\/setzen-sie-die-raeder-auf-ihr-geschaeft-mit-einem-food-truck\/\"},\"wordCount\":427,\"commentCount\":0,\"publisher\":{\"@id\":\"https:\/\/www.vsveicolispeciali.com\/de\/#organization\"},\"image\":{\"@id\":\"https:\/\/www.vsveicolispeciali.com\/de\/setzen-sie-die-raeder-auf-ihr-geschaeft-mit-einem-food-truck\/#primaryimage\"},\"thumbnailUrl\":\"https:\/\/www.vsveicolispeciali.com\/wp-content\/uploads\/2017\/03\/03-Articolo.jpg\",\"articleSection\":[\"Non categorizzato\"],\"inLanguage\":\"de\",\"potentialAction\":[{\"@type\":\"CommentAction\",\"name\":\"Comment\",\"target\":[\"https:\/\/www.vsveicolispeciali.com\/de\/setzen-sie-die-raeder-auf-ihr-geschaeft-mit-einem-food-truck\/#respond\"]}]},{\"@type\":\"WebPage\",\"@id\":\"https:\/\/www.vsveicolispeciali.com\/de\/setzen-sie-die-raeder-auf-ihr-geschaeft-mit-einem-food-truck\/\",\"url\":\"https:\/\/www.vsveicolispeciali.com\/de\/setzen-sie-die-raeder-auf-ihr-geschaeft-mit-einem-food-truck\/\",\"name\":\"Setzen Sie die R\u00e4der auf ihr Gesch\u00e4ft\",\"isPartOf\":{\"@id\":\"https:\/\/www.vsveicolispeciali.com\/de\/#website\"},\"primaryImageOfPage\":{\"@id\":\"https:\/\/www.vsveicolispeciali.com\/de\/setzen-sie-die-raeder-auf-ihr-geschaeft-mit-einem-food-truck\/#primaryimage\"},\"image\":{\"@id\":\"https:\/\/www.vsveicolispeciali.com\/de\/setzen-sie-die-raeder-auf-ihr-geschaeft-mit-einem-food-truck\/#primaryimage\"},\"thumbnailUrl\":\"https:\/\/www.vsveicolispeciali.com\/wp-content\/uploads\/2017\/03\/03-Articolo.jpg\",\"datePublished\":\"2017-03-16T21:17:33+00:00\",\"dateModified\":\"2023-01-18T18:50:17+00:00\",\"description\":\"Alle Restaurants und ganz allgemein alle Unternehmen, die in der Gastronomie arbeiten, w\u00fcrden gut daran tun, sich mit einem Food Truck auszustatten >\",\"breadcrumb\":{\"@id\":\"https:\/\/www.vsveicolispeciali.com\/de\/setzen-sie-die-raeder-auf-ihr-geschaeft-mit-einem-food-truck\/#breadcrumb\"},\"inLanguage\":\"de\",\"potentialAction\":[{\"@type\":\"ReadAction\",\"target\":[\"https:\/\/www.vsveicolispeciali.com\/de\/setzen-sie-die-raeder-auf-ihr-geschaeft-mit-einem-food-truck\/\"]}]},{\"@type\":\"ImageObject\",\"inLanguage\":\"de\",\"@id\":\"https:\/\/www.vsveicolispeciali.com\/de\/setzen-sie-die-raeder-auf-ihr-geschaeft-mit-einem-food-truck\/#primaryimage\",\"url\":\"https:\/\/www.vsveicolispeciali.com\/wp-content\/uploads\/2017\/03\/03-Articolo.jpg\",\"contentUrl\":\"https:\/\/www.vsveicolispeciali.com\/wp-content\/uploads\/2017\/03\/03-Articolo.jpg\",\"width\":960,\"height\":540},{\"@type\":\"BreadcrumbList\",\"@id\":\"https:\/\/www.vsveicolispeciali.com\/de\/setzen-sie-die-raeder-auf-ihr-geschaeft-mit-einem-food-truck\/#breadcrumb\",\"itemListElement\":[{\"@type\":\"ListItem\",\"position\":1,\"name\":\"Home\",\"item\":\"https:\/\/www.vsveicolispeciali.com\/de\/\"},{\"@type\":\"ListItem\",\"position\":2,\"name\":\"Setzen Sie die R\u00e4der auf ihr Gesch\u00e4ft\"}]},{\"@type\":\"WebSite\",\"@id\":\"https:\/\/www.vsveicolispeciali.com\/de\/#website\",\"url\":\"https:\/\/www.vsveicolispeciali.com\/de\/\",\"name\":\"VS Veicoli Speciali\",\"description\":\"\",\"publisher\":{\"@id\":\"https:\/\/www.vsveicolispeciali.com\/de\/#organization\"},\"potentialAction\":[{\"@type\":\"SearchAction\",\"target\":{\"@type\":\"EntryPoint\",\"urlTemplate\":\"https:\/\/www.vsveicolispeciali.com\/de\/?s={search_term_string}\"},\"query-input\":{\"@type\":\"PropertyValueSpecification\",\"valueRequired\":true,\"valueName\":\"search_term_string\"}}],\"inLanguage\":\"de\"},{\"@type\":\"Organization\",\"@id\":\"https:\/\/www.vsveicolispeciali.com\/de\/#organization\",\"name\":\"VS Veicoli Speciali\",\"url\":\"https:\/\/www.vsveicolispeciali.com\/de\/\",\"logo\":{\"@type\":\"ImageObject\",\"inLanguage\":\"de\",\"@id\":\"https:\/\/www.vsveicolispeciali.com\/de\/#\/schema\/logo\/image\/\",\"url\":\"http:\/\/www.vsveicolispeciali.com\/wp-content\/uploads\/2015\/05\/vs_veicoli_speciali-logo.png\",\"contentUrl\":\"http:\/\/www.vsveicolispeciali.com\/wp-content\/uploads\/2015\/05\/vs_veicoli_speciali-logo.png\",\"width\":252,\"height\":134,\"caption\":\"VS Veicoli Speciali\"},\"image\":{\"@id\":\"https:\/\/www.vsveicolispeciali.com\/de\/#\/schema\/logo\/image\/\"},\"sameAs\":[\"https:\/\/www.facebook.com\/VSVeicoliSpeciali.Food.Trucks\/\",\"https:\/\/x.com\/veicolispeciali\",\"https:\/\/www.instagram.com\/vs_veicolispeciali\/\",\"https:\/\/www.linkedin.com\/company\/2811960\/\",\"https:\/\/www.pinterest.com\/streetfoodtruck\/\",\"https:\/\/www.youtube.com\/user\/veicolispeciali\"]},{\"@type\":\"Person\",\"@id\":\"https:\/\/www.vsveicolispeciali.com\/de\/#\/schema\/person\/8c8e3b05db2eca472cca11ff78d1a62d\",\"name\":\"VS Veicoli Speciali\",\"image\":{\"@type\":\"ImageObject\",\"inLanguage\":\"de\",\"@id\":\"https:\/\/www.vsveicolispeciali.com\/de\/#\/schema\/person\/image\/\",\"url\":\"https:\/\/secure.gravatar.com\/avatar\/69112ab3f18e6754894da123600ad5b0?s=96&d=mm&r=g\",\"contentUrl\":\"https:\/\/secure.gravatar.com\/avatar\/69112ab3f18e6754894da123600ad5b0?s=96&d=mm&r=g\",\"caption\":\"VS Veicoli Speciali\"}}]}<\/script>\n<!-- \/ Yoast SEO plugin. -->","yoast_head_json":{"title":"Setzen Sie die R\u00e4der auf ihr Gesch\u00e4ft","description":"Alle Restaurants und ganz allgemein alle Unternehmen, die in der Gastronomie arbeiten, w\u00fcrden gut daran tun, sich mit einem Food Truck auszustatten >","robots":{"index":"index","follow":"follow","max-snippet":"max-snippet:-1","max-image-preview":"max-image-preview:large","max-video-preview":"max-video-preview:-1"},"canonical":"https:\/\/www.vsveicolispeciali.com\/de\/setzen-sie-die-raeder-auf-ihr-geschaeft-mit-einem-food-truck\/","og_locale":"de_DE","og_type":"article","og_title":"Setzen Sie die R\u00e4der auf ihr Gesch\u00e4ft","og_description":"Alle Restaurants und ganz allgemein alle Unternehmen, die in der Gastronomie arbeiten, w\u00fcrden gut daran tun, sich mit einem Food Truck auszustatten >","og_url":"https:\/\/www.vsveicolispeciali.com\/de\/setzen-sie-die-raeder-auf-ihr-geschaeft-mit-einem-food-truck\/","og_site_name":"VS Veicoli Speciali","article_publisher":"https:\/\/www.facebook.com\/VSVeicoliSpeciali.Food.Trucks\/","article_published_time":"2017-03-16T21:17:33+00:00","article_modified_time":"2023-01-18T18:50:17+00:00","og_image":[{"width":960,"height":540,"url":"https:\/\/www.vsveicolispeciali.com\/wp-content\/uploads\/2017\/03\/03-Articolo.jpg","type":"image\/jpeg"}],"author":"VS Veicoli Speciali","twitter_card":"summary_large_image","twitter_creator":"@veicolispeciali","twitter_site":"@veicolispeciali","twitter_misc":{"Verfasst von":"VS Veicoli Speciali","Gesch\u00e4tzte Lesezeit":"2\u00a0Minuten"},"schema":{"@context":"https:\/\/schema.org","@graph":[{"@type":"Article","@id":"https:\/\/www.vsveicolispeciali.com\/de\/setzen-sie-die-raeder-auf-ihr-geschaeft-mit-einem-food-truck\/#article","isPartOf":{"@id":"https:\/\/www.vsveicolispeciali.com\/de\/setzen-sie-die-raeder-auf-ihr-geschaeft-mit-einem-food-truck\/"},"author":{"name":"VS Veicoli Speciali","@id":"https:\/\/www.vsveicolispeciali.com\/de\/#\/schema\/person\/8c8e3b05db2eca472cca11ff78d1a62d"},"headline":"Setzen Sie die R\u00e4der auf ihr Gesch\u00e4ft","datePublished":"2017-03-16T21:17:33+00:00","dateModified":"2023-01-18T18:50:17+00:00","mainEntityOfPage":{"@id":"https:\/\/www.vsveicolispeciali.com\/de\/setzen-sie-die-raeder-auf-ihr-geschaeft-mit-einem-food-truck\/"},"wordCount":427,"commentCount":0,"publisher":{"@id":"https:\/\/www.vsveicolispeciali.com\/de\/#organization"},"image":{"@id":"https:\/\/www.vsveicolispeciali.com\/de\/setzen-sie-die-raeder-auf-ihr-geschaeft-mit-einem-food-truck\/#primaryimage"},"thumbnailUrl":"https:\/\/www.vsveicolispeciali.com\/wp-content\/uploads\/2017\/03\/03-Articolo.jpg","articleSection":["Non categorizzato"],"inLanguage":"de","potentialAction":[{"@type":"CommentAction","name":"Comment","target":["https:\/\/www.vsveicolispeciali.com\/de\/setzen-sie-die-raeder-auf-ihr-geschaeft-mit-einem-food-truck\/#respond"]}]},{"@type":"WebPage","@id":"https:\/\/www.vsveicolispeciali.com\/de\/setzen-sie-die-raeder-auf-ihr-geschaeft-mit-einem-food-truck\/","url":"https:\/\/www.vsveicolispeciali.com\/de\/setzen-sie-die-raeder-auf-ihr-geschaeft-mit-einem-food-truck\/","name":"Setzen Sie die R\u00e4der auf ihr Gesch\u00e4ft","isPartOf":{"@id":"https:\/\/www.vsveicolispeciali.com\/de\/#website"},"primaryImageOfPage":{"@id":"https:\/\/www.vsveicolispeciali.com\/de\/setzen-sie-die-raeder-auf-ihr-geschaeft-mit-einem-food-truck\/#primaryimage"},"image":{"@id":"https:\/\/www.vsveicolispeciali.com\/de\/setzen-sie-die-raeder-auf-ihr-geschaeft-mit-einem-food-truck\/#primaryimage"},"thumbnailUrl":"https:\/\/www.vsveicolispeciali.com\/wp-content\/uploads\/2017\/03\/03-Articolo.jpg","datePublished":"2017-03-16T21:17:33+00:00","dateModified":"2023-01-18T18:50:17+00:00","description":"Alle Restaurants und ganz allgemein alle Unternehmen, die in der Gastronomie arbeiten, w\u00fcrden gut daran tun, sich mit einem Food Truck auszustatten >","breadcrumb":{"@id":"https:\/\/www.vsveicolispeciali.com\/de\/setzen-sie-die-raeder-auf-ihr-geschaeft-mit-einem-food-truck\/#breadcrumb"},"inLanguage":"de","potentialAction":[{"@type":"ReadAction","target":["https:\/\/www.vsveicolispeciali.com\/de\/setzen-sie-die-raeder-auf-ihr-geschaeft-mit-einem-food-truck\/"]}]},{"@type":"ImageObject","inLanguage":"de","@id":"https:\/\/www.vsveicolispeciali.com\/de\/setzen-sie-die-raeder-auf-ihr-geschaeft-mit-einem-food-truck\/#primaryimage","url":"https:\/\/www.vsveicolispeciali.com\/wp-content\/uploads\/2017\/03\/03-Articolo.jpg","contentUrl":"https:\/\/www.vsveicolispeciali.com\/wp-content\/uploads\/2017\/03\/03-Articolo.jpg","width":960,"height":540},{"@type":"BreadcrumbList","@id":"https:\/\/www.vsveicolispeciali.com\/de\/setzen-sie-die-raeder-auf-ihr-geschaeft-mit-einem-food-truck\/#breadcrumb","itemListElement":[{"@type":"ListItem","position":1,"name":"Home","item":"https:\/\/www.vsveicolispeciali.com\/de\/"},{"@type":"ListItem","position":2,"name":"Setzen Sie die R\u00e4der auf ihr Gesch\u00e4ft"}]},{"@type":"WebSite","@id":"https:\/\/www.vsveicolispeciali.com\/de\/#website","url":"https:\/\/www.vsveicolispeciali.com\/de\/","name":"VS Veicoli Speciali","description":"","publisher":{"@id":"https:\/\/www.vsveicolispeciali.com\/de\/#organization"},"potentialAction":[{"@type":"SearchAction","target":{"@type":"EntryPoint","urlTemplate":"https:\/\/www.vsveicolispeciali.com\/de\/?s={search_term_string}"},"query-input":{"@type":"PropertyValueSpecification","valueRequired":true,"valueName":"search_term_string"}}],"inLanguage":"de"},{"@type":"Organization","@id":"https:\/\/www.vsveicolispeciali.com\/de\/#organization","name":"VS Veicoli Speciali","url":"https:\/\/www.vsveicolispeciali.com\/de\/","logo":{"@type":"ImageObject","inLanguage":"de","@id":"https:\/\/www.vsveicolispeciali.com\/de\/#\/schema\/logo\/image\/","url":"http:\/\/www.vsveicolispeciali.com\/wp-content\/uploads\/2015\/05\/vs_veicoli_speciali-logo.png","contentUrl":"http:\/\/www.vsveicolispeciali.com\/wp-content\/uploads\/2015\/05\/vs_veicoli_speciali-logo.png","width":252,"height":134,"caption":"VS Veicoli Speciali"},"image":{"@id":"https:\/\/www.vsveicolispeciali.com\/de\/#\/schema\/logo\/image\/"},"sameAs":["https:\/\/www.facebook.com\/VSVeicoliSpeciali.Food.Trucks\/","https:\/\/x.com\/veicolispeciali","https:\/\/www.instagram.com\/vs_veicolispeciali\/","https:\/\/www.linkedin.com\/company\/2811960\/","https:\/\/www.pinterest.com\/streetfoodtruck\/","https:\/\/www.youtube.com\/user\/veicolispeciali"]},{"@type":"Person","@id":"https:\/\/www.vsveicolispeciali.com\/de\/#\/schema\/person\/8c8e3b05db2eca472cca11ff78d1a62d","name":"VS Veicoli Speciali","image":{"@type":"ImageObject","inLanguage":"de","@id":"https:\/\/www.vsveicolispeciali.com\/de\/#\/schema\/person\/image\/","url":"https:\/\/secure.gravatar.com\/avatar\/69112ab3f18e6754894da123600ad5b0?s=96&d=mm&r=g","contentUrl":"https:\/\/secure.gravatar.com\/avatar\/69112ab3f18e6754894da123600ad5b0?s=96&d=mm&r=g","caption":"VS Veicoli Speciali"}}]}},"_links":{"self":[{"href":"https:\/\/www.vsveicolispeciali.com\/de\/wp-json\/wp\/v2\/posts\/9372"}],"collection":[{"href":"https:\/\/www.vsveicolispeciali.com\/de\/wp-json\/wp\/v2\/posts"}],"about":[{"href":"https:\/\/www.vsveicolispeciali.com\/de\/wp-json\/wp\/v2\/types\/post"}],"author":[{"embeddable":true,"href":"https:\/\/www.vsveicolispeciali.com\/de\/wp-json\/wp\/v2\/users\/2"}],"replies":[{"embeddable":true,"href":"https:\/\/www.vsveicolispeciali.com\/de\/wp-json\/wp\/v2\/comments?post=9372"}],"version-history":[{"count":2,"href":"https:\/\/www.vsveicolispeciali.com\/de\/wp-json\/wp\/v2\/posts\/9372\/revisions"}],"predecessor-version":[{"id":20986,"href":"https:\/\/www.vsveicolispeciali.com\/de\/wp-json\/wp\/v2\/posts\/9372\/revisions\/20986"}],"wp:featuredmedia":[{"embeddable":true,"href":"https:\/\/www.vsveicolispeciali.com\/de\/wp-json\/wp\/v2\/media\/9374"}],"wp:attachment":[{"href":"https:\/\/www.vsveicolispeciali.com\/de\/wp-json\/wp\/v2\/media?parent=9372"}],"wp:term":[{"taxonomy":"category","embeddable":true,"href":"https:\/\/www.vsveicolispeciali.com\/de\/wp-json\/wp\/v2\/categories?post=9372"},{"taxonomy":"post_tag","embeddable":true,"href":"https:\/\/www.vsveicolispeciali.com\/de\/wp-json\/wp\/v2\/tags?post=9372"}],"curies":[{"name":"wp","href":"https:\/\/api.w.org\/{rel}","templated":true}]}}