{"id":28440,"date":"2025-08-09T15:28:57","date_gmt":"2025-08-09T13:28:57","guid":{"rendered":"https:\/\/www.vsveicolispeciali.com\/10-exemples-de-food-trucks-francais-qui-donnent-faim\/"},"modified":"2025-12-18T19:39:25","modified_gmt":"2025-12-18T18:39:25","slug":"10-beispiele-franzoesischer-foodtrucks-die-appetit-machen","status":"publish","type":"post","link":"https:\/\/www.vsveicolispeciali.com\/de\/10-beispiele-franzoesischer-foodtrucks-die-appetit-machen\/","title":{"rendered":"10 Beispiele franz\u00f6sischer Foodtrucks, die Appetit machen"},"content":{"rendered":"<p>Heutzutage ist es keine Seltenheit, auf einen Food Truck zu sto\u00dfen \u2013 sei es auf dem Dorfplatz, in der N\u00e4he eines B\u00fcros oder mitten auf einer Hochzeit.<\/p>\n<p>Mit <strong>\u00fcber 3.000 Fahrzeugen, die in Frankreich gez\u00e4hlt wurden<\/strong>, befindet sich dieser Sektor in st\u00e4ndigem Wachstum und zieht sowohl talentierte K\u00f6che als auch Unternehmer an, die nach neuen Gewinnm\u00f6glichkeiten suchen.<\/p>\n<p>Der <strong>franz\u00f6sische Markt<\/strong>, traditionell stark mit der Kultur des \u201eam Tisch Essens\u201c verbunden, zeigt sich zunehmend offen f\u00fcr diese Form der schnellen, originellen und hochwertigen Gastronomie.<\/p>\n<p><a href=\"https:\/\/www.vsveicolispeciali.com\/de\/verkaufswagen-kaufen\/food-truck-imbisswagen-kosten\/\" target=\"_blank\" rel=\"noopener\">Foodtrucks<\/a>, einst als Kuriosit\u00e4t aus \u00dcbersee betrachtet, sind inzwischen fest in der franz\u00f6sischen Esskultur verankert.<\/p>\n<p>Autrefois consid\u00e9r\u00e9s comme une curiosit\u00e9 venue d\u2019outre-Atlantique, les <a href=\"https:\/\/www.vsveicolispeciali.com\/de\/verkaufswagen-kaufen\/food-truck-imbisswagen-kosten\/\" target=\"_blank\" rel=\"noopener\">food trucks<\/a> font d\u00e9sormais partie int\u00e9grante de la culture culinaire fran\u00e7aise.<\/p>\n<p>Durch die Verbindung von direktem Kundenkontakt und einem nomadischen Geist, der perfekt in unsere Zeit passt, erobern Food Trucks ein immer gr\u00f6\u00dferes Publikum von Liebhabern \u2013 in Frankreich und dar\u00fcber hinaus.<\/p>\n<p>Neben ihrem dynamischen und geselligen Stil zeichnet sich die mobile Gastronomie auch durch ein <strong>erfolgreiches Gesch\u00e4ftsmodell<\/strong> aus: geringe Investitionskosten, viele Gesch\u00e4ftsm\u00f6glichkeiten, hohe Gewinnspannen und ein starkes Imageplus.<\/p>\n<p>&nbsp;<\/p>\n<h2>10 Food Trucks, die schon auf den ersten Blick Appetit machen<\/h2>\n<p>&nbsp;<\/p>\n<h3>1.<\/h3>\n<p><a href=\"https:\/\/www.vsveicolispeciali.com\/de\/street-food-truck\/foodtruck-baeckerei-michel-et-augustin\/\" target=\"_blank\" rel=\"noopener\">Michel et Augustin<\/a><\/p>\n<p>Modell: Ape Smart Elektrisch<br \/>\nRegion: Paris<\/p>\n<p><a href=\"https:\/\/www.vsveicolispeciali.com\/wp-content\/uploads\/2025\/08\/michel-et-augustin-boulangerie-food-truck-1.jpg\"><img loading=\"lazy\" decoding=\"async\" class=\"alignleft size-full wp-image-28390\" src=\"https:\/\/www.vsveicolispeciali.com\/wp-content\/uploads\/2025\/08\/michel-et-augustin-boulangerie-food-truck-1.jpg\" alt=\"michel et augustin B\u00e4ckerei-Foodtruck nach Paris geliefert\" width=\"810\" height=\"810\" srcset=\"https:\/\/www.vsveicolispeciali.com\/wp-content\/uploads\/2025\/08\/michel-et-augustin-boulangerie-food-truck-1.jpg 810w, https:\/\/www.vsveicolispeciali.com\/wp-content\/uploads\/2025\/08\/michel-et-augustin-boulangerie-food-truck-1-300x300.jpg 300w, https:\/\/www.vsveicolispeciali.com\/wp-content\/uploads\/2025\/08\/michel-et-augustin-boulangerie-food-truck-1-150x150.jpg 150w, https:\/\/www.vsveicolispeciali.com\/wp-content\/uploads\/2025\/08\/michel-et-augustin-boulangerie-food-truck-1-768x768.jpg 768w, https:\/\/www.vsveicolispeciali.com\/wp-content\/uploads\/2025\/08\/michel-et-augustin-boulangerie-food-truck-1-570x570.jpg 570w, https:\/\/www.vsveicolispeciali.com\/wp-content\/uploads\/2025\/08\/michel-et-augustin-boulangerie-food-truck-1-500x500.jpg 500w, https:\/\/www.vsveicolispeciali.com\/wp-content\/uploads\/2025\/08\/michel-et-augustin-boulangerie-food-truck-1-700x700.jpg 700w\" sizes=\"(max-width: 810px) 100vw, 810px\" \/><\/a><\/p>\n<p>Ber\u00fchmt geworden durch ihre k\u00f6stlichen Butterkekse, sind Michel et Augustin heute eine in ganz Frankreich bekannte Marke mit B\u00e4ckereien und Feinkostl\u00e4den in jeder Stadt. Dieser kleine B\u00e4ckerei-Foodtruck taucht \u00fcberall in Paris auf, wie ein Kobold, der die Feinschmecker der Hauptstadt \u00fcberraschen und erfreuen will.<\/p>\n<p>&nbsp;<\/p>\n<h3>2.<\/h3>\n<p><a href=\"https:\/\/www.vsveicolispeciali.com\/de\/street-food-truck\/restaurant-auf-raedern-piaggio-porter\/\" target=\"_blank\" rel=\"noopener\">Haut Mets\u2019ghane<\/a><\/p>\n<p>Modell: Piaggio Porter Craft X<br \/>\nRegion: Bourgogne\u2013Franche-Comt\u00e9 und Jura<\/p>\n<p><a href=\"https:\/\/www.vsveicolispeciali.com\/wp-content\/uploads\/2024\/07\/food-truck-Haut-Mets-Ghane.jpg\"><img loading=\"lazy\" decoding=\"async\" class=\"alignleft size-full wp-image-25948\" src=\"https:\/\/www.vsveicolispeciali.com\/wp-content\/uploads\/2024\/07\/food-truck-Haut-Mets-Ghane.jpg\" alt=\"food truck Haut Mets'Ghane in Moussi\u00e8res, Frankreich\" width=\"1000\" height=\"800\" srcset=\"https:\/\/www.vsveicolispeciali.com\/wp-content\/uploads\/2024\/07\/food-truck-Haut-Mets-Ghane.jpg 1000w, https:\/\/www.vsveicolispeciali.com\/wp-content\/uploads\/2024\/07\/food-truck-Haut-Mets-Ghane-300x240.jpg 300w, https:\/\/www.vsveicolispeciali.com\/wp-content\/uploads\/2024\/07\/food-truck-Haut-Mets-Ghane-768x614.jpg 768w, https:\/\/www.vsveicolispeciali.com\/wp-content\/uploads\/2024\/07\/food-truck-Haut-Mets-Ghane-700x560.jpg 700w\" sizes=\"(max-width: 1000px) 100vw, 1000px\" \/><\/a><\/p>\n<p>Hausgemachte Gerichte und regionale Spezialit\u00e4ten, alles in einem Foodtruck.\u2028 Haut Mets\u2019Ghane, ein mobiler Feinkostladen mit Sitz in Les Moussi\u00e8res, kombiniert den Verkauf von frisch zubereiteten Mahlzeiten mit typischen regionalen Delikatessen. Er steht auf Pl\u00e4tzen, Parkpl\u00e4tzen und strategischen Orten in der Bourgogne\u2013Franche-Comt\u00e9 und im Jura, an der Grenze zur Schweiz, und bietet warme Mahlzeiten und Take-away f\u00fcr Einheimische und Pendler an. Au\u00dferdem ist er f\u00fcr Haus-Catering verf\u00fcgbar, mit ma\u00dfgeschneiderten L\u00f6sungen f\u00fcr jede Gelegenheit.<\/p>\n<p>&nbsp;<\/p>\n<h3>3.<\/h3>\n<p><a href=\"https:\/\/www.vsveicolispeciali.com\/de\/street-food-truck\/pizza-mobile-mit-gasofen-don-carlo\/\" target=\"_blank\" rel=\"noopener\">Pizzeria Don Carlo<\/a><\/p>\n<p>Modell: Ape Smart<br \/>\nRegion: Stra\u00dfburg<\/p>\n<p><a href=\"https:\/\/www.vsveicolispeciali.com\/wp-content\/uploads\/2025\/08\/food-truck-pizza-don-carlo.jpg\"><img loading=\"lazy\" decoding=\"async\" class=\"alignleft size-full wp-image-28394\" src=\"https:\/\/www.vsveicolispeciali.com\/wp-content\/uploads\/2025\/08\/food-truck-pizza-don-carlo.jpg\" alt=\"foodtruck pizza don carlo in Frankreich\" width=\"810\" height=\"999\" srcset=\"https:\/\/www.vsveicolispeciali.com\/wp-content\/uploads\/2025\/08\/food-truck-pizza-don-carlo.jpg 810w, https:\/\/www.vsveicolispeciali.com\/wp-content\/uploads\/2025\/08\/food-truck-pizza-don-carlo-243x300.jpg 243w, https:\/\/www.vsveicolispeciali.com\/wp-content\/uploads\/2025\/08\/food-truck-pizza-don-carlo-768x947.jpg 768w, https:\/\/www.vsveicolispeciali.com\/wp-content\/uploads\/2025\/08\/food-truck-pizza-don-carlo-700x863.jpg 700w\" sizes=\"(max-width: 810px) 100vw, 810px\" \/><\/a><\/p>\n<p>Er hei\u00dft Carlo, aber alle nennen ihn Don Carlo, den lustigsten Pizzab\u00e4cker Frankreichs. Mit seiner kleinen mobilen Pizzeria ist er \u00fcberall bekannt geworden, und alle mieten seinen Foodtruck, um die authentischste neapolitanische Pizza bei Hochzeiten, Geburtstagen und Veranstaltungen zu servieren. Die franz\u00f6sische Presse und das Fernsehen berichten \u00fcber ihn, doch Don Carlo bleibt bescheiden, immer mit einem L\u00e4cheln, serviert er Pizzen, hei\u00df wie der Vesuv und voller Aromen seiner Heimat.<\/p>\n<p>&nbsp;<\/p>\n<h3>4.<\/h3>\n<p><a href=\"https:\/\/www.vsveicolispeciali.com\/de\/street-food-truck\/wein-truck-pastot\/\" target=\"_blank\" rel=\"noopener\">Wine Truck Event Chez Filou<\/a><\/p>\n<p>Modell: NV Food Truck<br \/>\nRegion: Paris und Eure-et-Loir<\/p>\n<p><a href=\"https:\/\/www.vsveicolispeciali.com\/wp-content\/uploads\/2025\/08\/foodtruck-Wine-Truck-Event-Chez-Filou.jpg\"><img loading=\"lazy\" decoding=\"async\" class=\"alignleft size-full wp-image-28398\" src=\"https:\/\/www.vsveicolispeciali.com\/wp-content\/uploads\/2025\/08\/foodtruck-Wine-Truck-Event-Chez-Filou.jpg\" alt=\"Wine Truck Event Chez Filou Catering-Service f\u00fcr Veranstaltungen in Frankreich\" width=\"810\" height=\"536\" srcset=\"https:\/\/www.vsveicolispeciali.com\/wp-content\/uploads\/2025\/08\/foodtruck-Wine-Truck-Event-Chez-Filou.jpg 810w, https:\/\/www.vsveicolispeciali.com\/wp-content\/uploads\/2025\/08\/foodtruck-Wine-Truck-Event-Chez-Filou-300x199.jpg 300w, https:\/\/www.vsveicolispeciali.com\/wp-content\/uploads\/2025\/08\/foodtruck-Wine-Truck-Event-Chez-Filou-768x508.jpg 768w, https:\/\/www.vsveicolispeciali.com\/wp-content\/uploads\/2025\/08\/foodtruck-Wine-Truck-Event-Chez-Filou-700x463.jpg 700w\" sizes=\"(max-width: 810px) 100vw, 810px\" \/><\/a><\/p>\n<p>Dieser wundersch\u00f6ne Getr\u00e4nkefahrzeug-Foodtruck ist das au\u00dfergew\u00f6hnliche Projekt von Philippe und Lucie, Vater und Tochter, vereint durch ihre Leidenschaft f\u00fcr guten Wein und gutes Essen. Philippe, Schauspieler, Regisseur und k\u00fcnstlerischer Leiter, entwickelte durch seine Reisen und die Entdeckung der japanischen Gastronomie ein gro\u00dfes Interesse an nat\u00fcrlichen und nachhaltigen Weinen. Lucie, Expertin f\u00fcr Kommunikation und Eventorganisation, arbeitet ebenfalls in der vom Vater gegr\u00fcndeten Theatergruppe. Gemeinsam beschlossen sie, einen Wine Truck zu schaffen, um ein reisendes Catering-Unternehmen ins Leben zu rufen, das auf Anfrage Veranstaltungen betreut, mit neuen kulinarischen Erlebnissen, hochwertigen Produkten und jeder Menge guter Laune.<\/p>\n<p>&nbsp;<\/p>\n<h3>5.<\/h3>\n<p><a href=\"https:\/\/www.vsveicolispeciali.com\/de\/street-food-truck\/piaggio-ape-elektro-food-truck-knack-eat\/\" target=\"_blank\" rel=\"noopener\">Knack Eat<\/a><\/p>\n<p>Modell: Ape Piaggio V-Curve\u00ae Elektrisch<br \/>\nRegion: Elsass<\/p>\n<div class=\"video-youtube\"><iframe src=\"https:\/\/www.youtube.com\/embed\/kGndwoqRapw\" frameborder=\"0\" allowfullscreen=\"allowfullscreen\"><\/iframe><\/div>\n<p>&nbsp;<\/p>\n<p><em>Knack Eat<\/em> bietet W\u00fcrstchen zum Mitnehmen an, serviert aus einem leisen und umweltfreundlichen Piaggio-Dreirad. Der Foodtruck ist f\u00fcr Messen, Firmenveranstaltungen und Privatfeiern mietbar und auch f\u00fcr Hauslieferungen verf\u00fcgbar. \u00dcberall, wo <em>Knack Eat<\/em> auftaucht, bringt er eine Portion Geschmack, Farbe und Optimismus mit.<\/p>\n<p>&nbsp;<\/p>\n<h3>6.<\/h3>\n<p><a href=\"https:\/\/www.vsveicolispeciali.com\/de\/street-food-truck\/bbq-food-truck-barbecue-bbq-texan\/\" target=\"_blank\" rel=\"noopener\">BBQ Texan<\/a><\/p>\n<p>Modell: NV Food Truck<br \/>\nRegion: Toulouse<\/p>\n<p><a href=\"https:\/\/www.vsveicolispeciali.com\/wp-content\/uploads\/2025\/08\/food-truck-bbq-texan.jpeg\"><img loading=\"lazy\" decoding=\"async\" class=\"alignleft size-full wp-image-28402\" src=\"https:\/\/www.vsveicolispeciali.com\/wp-content\/uploads\/2025\/08\/food-truck-bbq-texan.jpeg\" alt=\"Texas BBQ Food Truck bietet amerikanische Grills und Barbecues f\u00fcr private und gesch\u00e4ftliche Veranstaltungen\" width=\"1081\" height=\"783\" srcset=\"https:\/\/www.vsveicolispeciali.com\/wp-content\/uploads\/2025\/08\/food-truck-bbq-texan.jpeg 1081w, https:\/\/www.vsveicolispeciali.com\/wp-content\/uploads\/2025\/08\/food-truck-bbq-texan-300x217.jpeg 300w, https:\/\/www.vsveicolispeciali.com\/wp-content\/uploads\/2025\/08\/food-truck-bbq-texan-1024x742.jpeg 1024w, https:\/\/www.vsveicolispeciali.com\/wp-content\/uploads\/2025\/08\/food-truck-bbq-texan-768x556.jpeg 768w, https:\/\/www.vsveicolispeciali.com\/wp-content\/uploads\/2025\/08\/food-truck-bbq-texan-700x507.jpeg 700w\" sizes=\"(max-width: 1081px) 100vw, 1081px\" \/><\/a><\/p>\n<p>Wir befinden uns im S\u00fcdwesten Frankreichs, doch wenn BBQ Texan eintrifft, f\u00fchlt man sich wie im amerikanischen Westen. Die Stimmung heizt sich auf, der Grill knistert, und das Fleisch gart genau so lange, dass es die Gaumen der Anwesenden begeistert. Ob Firmenfeiern, Messen, Festivals, Freiluftm\u00e4rkte, Sportevents, Hochzeiten oder private Feiern \u2013 das texanische Barbecue erscheint \u00fcberall dort, wo Fleischhunger und kreative Energie das Sagen haben.<\/p>\n<p>&nbsp;<\/p>\n<h3>7.<\/h3>\n<p><a href=\"https:\/\/www.vsveicolispeciali.com\/de\/street-food-truck\/ape-tr-bar-mobile-kiosk-schloss-chenonceau-frankreich\/\" target=\"_blank\" rel=\"noopener\">Chenonceau<\/a><\/p>\n<p>Modell: Ape Piaggio TR\u00ae<br \/>\nRegion: Loiretal<\/p>\n<p><a href=\"https:\/\/www.vsveicolispeciali.com\/wp-content\/uploads\/2025\/08\/food-truck-ape-piaggio-chateau-chenonceau.jpg\"><img loading=\"lazy\" decoding=\"async\" class=\"alignleft size-full wp-image-28410\" src=\"https:\/\/www.vsveicolispeciali.com\/wp-content\/uploads\/2025\/08\/food-truck-ape-piaggio-chateau-chenonceau.jpg\" alt=\"food truck ape piaggio chateau chenonceau bei Lieferung zum Schloss im Loiretal\" width=\"960\" height=\"540\" srcset=\"https:\/\/www.vsveicolispeciali.com\/wp-content\/uploads\/2025\/08\/food-truck-ape-piaggio-chateau-chenonceau.jpg 960w, https:\/\/www.vsveicolispeciali.com\/wp-content\/uploads\/2025\/08\/food-truck-ape-piaggio-chateau-chenonceau-300x169.jpg 300w, https:\/\/www.vsveicolispeciali.com\/wp-content\/uploads\/2025\/08\/food-truck-ape-piaggio-chateau-chenonceau-768x432.jpg 768w, https:\/\/www.vsveicolispeciali.com\/wp-content\/uploads\/2025\/08\/food-truck-ape-piaggio-chateau-chenonceau-700x394.jpg 700w, https:\/\/www.vsveicolispeciali.com\/wp-content\/uploads\/2025\/08\/food-truck-ape-piaggio-chateau-chenonceau-539x303.jpg 539w\" sizes=\"(max-width: 960px) 100vw, 960px\" \/><\/a><\/p>\n<p>Unter den wundersch\u00f6nen Schl\u00f6ssern des Loiretals gibt es eines, das seine Besucher mit einem zus\u00e4tzlichen Hauch von Magie empf\u00e4ngt. Inmitten der weitl\u00e4ufigen und spektakul\u00e4ren G\u00e4rten bietet das Schloss Chenonceau eine Erfrischungspause an einem kleinen mobilen Kiosk, aus dem Getr\u00e4nke und Snacks von hoher Qualit\u00e4t serviert werden, ein Barservice von k\u00f6niglichem Niveau.<\/p>\n<p>&nbsp;<\/p>\n<h3>8.<\/h3>\n<p>Rice Repuplic\u00a0Reunion<\/p>\n<p>Modell: Piaggio Porter Craft X<br \/>\nRegion: R\u00e9union<\/p>\n<p><a href=\"https:\/\/www.vsveicolispeciali.com\/wp-content\/uploads\/2025\/08\/rice-republic-reunion-food-truck-porter.jpg\"><img loading=\"lazy\" decoding=\"async\" class=\"alignleft size-full wp-image-28414\" src=\"https:\/\/www.vsveicolispeciali.com\/wp-content\/uploads\/2025\/08\/rice-republic-reunion-food-truck-porter.jpg\" alt=\"rice republic reunion foodtruck porter\" width=\"1080\" height=\"948\" srcset=\"https:\/\/www.vsveicolispeciali.com\/wp-content\/uploads\/2025\/08\/rice-republic-reunion-food-truck-porter.jpg 1080w, https:\/\/www.vsveicolispeciali.com\/wp-content\/uploads\/2025\/08\/rice-republic-reunion-food-truck-porter-300x263.jpg 300w, https:\/\/www.vsveicolispeciali.com\/wp-content\/uploads\/2025\/08\/rice-republic-reunion-food-truck-porter-1024x899.jpg 1024w, https:\/\/www.vsveicolispeciali.com\/wp-content\/uploads\/2025\/08\/rice-republic-reunion-food-truck-porter-768x674.jpg 768w, https:\/\/www.vsveicolispeciali.com\/wp-content\/uploads\/2025\/08\/rice-republic-reunion-food-truck-porter-700x614.jpg 700w\" sizes=\"(max-width: 1080px) 100vw, 1080px\" \/><\/a><\/p>\n<p>Zwei Burger-Restaurants auf der franz\u00f6sischen Insel R\u00e9union wurden ber\u00fchmt, weil sie japanische Aromen in die lokale K\u00fcche eingef\u00fchrt haben, doch dabei blieb es nicht. Das Team von Shiso Burger legte mit einem bunten Food Truck nach, gebaut auf einem Piaggio Porter, ausgestattet zur Zubereitung von Donburi, Curry-Bowls und reichhaltigen Salaten mit Katsu, Lachs oder Tofu, japanische K\u00fcche mit einem Schuss lokaler Tradition. Jetzt, da sie auf R\u00e4dern sind, kann sie nichts mehr aufhalten.<\/p>\n<p>&nbsp;<\/p>\n<h3>9.<\/h3>\n<p><a href=\"https:\/\/www.vsveicolispeciali.com\/de\/street-food-truck\/mobile-kaffeewagen-artari-kaffee-shop\/\" target=\"_blank\" rel=\"noopener\">Caff\u00e8 Artari<\/a><\/p>\n<p>Modell: Ape Piaggio V-Curve et V-Smart<br \/>\nRegion: Paris und Versailles<\/p>\n<p><a href=\"https:\/\/www.vsveicolispeciali.com\/wp-content\/uploads\/2025\/08\/artari-coffee-truck-paris-market.jpeg\"><img loading=\"lazy\" decoding=\"async\" class=\"alignleft size-full wp-image-28418\" src=\"https:\/\/www.vsveicolispeciali.com\/wp-content\/uploads\/2025\/08\/artari-coffee-truck-paris-market.jpeg\" alt=\"Artari-Kaffeewagen auf dem Pariser Markt\" width=\"1024\" height=\"1024\" srcset=\"https:\/\/www.vsveicolispeciali.com\/wp-content\/uploads\/2025\/08\/artari-coffee-truck-paris-market.jpeg 1024w, https:\/\/www.vsveicolispeciali.com\/wp-content\/uploads\/2025\/08\/artari-coffee-truck-paris-market-300x300.jpeg 300w, https:\/\/www.vsveicolispeciali.com\/wp-content\/uploads\/2025\/08\/artari-coffee-truck-paris-market-150x150.jpeg 150w, https:\/\/www.vsveicolispeciali.com\/wp-content\/uploads\/2025\/08\/artari-coffee-truck-paris-market-768x768.jpeg 768w, https:\/\/www.vsveicolispeciali.com\/wp-content\/uploads\/2025\/08\/artari-coffee-truck-paris-market-570x570.jpeg 570w, https:\/\/www.vsveicolispeciali.com\/wp-content\/uploads\/2025\/08\/artari-coffee-truck-paris-market-500x500.jpeg 500w, https:\/\/www.vsveicolispeciali.com\/wp-content\/uploads\/2025\/08\/artari-coffee-truck-paris-market-1000x1000.jpeg 1000w, https:\/\/www.vsveicolispeciali.com\/wp-content\/uploads\/2025\/08\/artari-coffee-truck-paris-market-700x700.jpeg 700w\" sizes=\"(max-width: 1024px) 100vw, 1024px\" \/><\/a><\/p>\n<p>Aus dem Aostatal trifft eine rote Welle mitten ins Herz Frankreichs: Emporio Artari, eine traditionsreiche italienische Kaffeemarke, schickt vier dreir\u00e4drige mobile Caf\u00e9s los und erobert die Szene zwischen Paris und Versailles. Haupts\u00e4chlich auf Wochenm\u00e4rkten unterwegs, sind sie auch in Einkaufszentren und Dorffesten anzutreffen. So wird die Kunst des Kaffeekochens mit Freude und Farbe verbreitet.<\/p>\n<p>&nbsp;<\/p>\n<h3>10.<\/h3>\n<p>ED traiteur<\/p>\n<p>Modell: NV Food Truck<br \/>\nRegion: Elsass<\/p>\n<p><a href=\"https:\/\/www.vsveicolispeciali.com\/wp-content\/uploads\/2025\/08\/ed-traiteur-food-truck.jpg\"><img loading=\"lazy\" decoding=\"async\" class=\"alignleft size-full wp-image-28426\" src=\"https:\/\/www.vsveicolispeciali.com\/wp-content\/uploads\/2025\/08\/ed-traiteur-food-truck.jpg\" alt=\"Ed Traiteur Food Truck bereit zur Auslieferung im Elsass, Frankreich\" width=\"1000\" height=\"755\" srcset=\"https:\/\/www.vsveicolispeciali.com\/wp-content\/uploads\/2025\/08\/ed-traiteur-food-truck.jpg 1000w, https:\/\/www.vsveicolispeciali.com\/wp-content\/uploads\/2025\/08\/ed-traiteur-food-truck-300x227.jpg 300w, https:\/\/www.vsveicolispeciali.com\/wp-content\/uploads\/2025\/08\/ed-traiteur-food-truck-768x580.jpg 768w, https:\/\/www.vsveicolispeciali.com\/wp-content\/uploads\/2025\/08\/ed-traiteur-food-truck-700x529.jpg 700w\" sizes=\"(max-width: 1000px) 100vw, 1000px\" \/><\/a><\/p>\n<p>Bereit zur Auslieferung und seit September im Einsatz, ED Traiteur ist der Foodtruck, von dem \u00c9milie und Damien lange getr\u00e4umt haben. Sie bieten Catering f\u00fcr Hochzeiten, Taufen, Kommunionen, Privatfeiern und Firmenveranstaltungen. H\u00f6chste Professionalit\u00e4t ist garantiert: \u00c9milie, Ma\u00eetre d\u2019H\u00f4tel, leitet ihr Team, um jede Veranstaltung perfekt zu gestalten; Damien, ein Sternekoch, verw\u00f6hnt die G\u00e4ste mit erlesenen Gerichten aus regionalen und saisonalen Zutaten. Getr\u00e4nke und Aperitifs sorgen zus\u00e4tzlich f\u00fcr gute Stimmung.<\/p>\n<p>&nbsp;<\/p>\n<p>Wenn auch nur einer dieser Foodtrucks Ihre Begeisterung geweckt hat, kontaktieren Sie uns, in wenigen Monaten k\u00f6nnten Sie Ihren ganz eigenen, nagelneuen Food Truck haben.<\/p>\n<p>&nbsp;<\/p>\n\n\t\t<style type=\"text\/css\">\n\t\t\t#gallery-1 {\n\t\t\t\tmargin: auto;\n\t\t\t}\n\t\t\t#gallery-1 .gallery-item {\n\t\t\t\tfloat: left;\n\t\t\t\tmargin-top: 10px;\n\t\t\t\ttext-align: center;\n\t\t\t\twidth: 33%;\n\t\t\t}\n\t\t\t#gallery-1 img {\n\t\t\t\tborder: 2px solid #cfcfcf;\n\t\t\t}\n\t\t\t#gallery-1 .gallery-caption {\n\t\t\t\tmargin-left: 0;\n\t\t\t}\n\t\t\t\/* see gallery_shortcode() in wp-includes\/media.php *\/\n\t\t<\/style>\n\t\t<div id='gallery-1' class='gallery galleryid-28440 gallery-columns-3 gallery-size-thumbnail'><dl class='gallery-item'>\n\t\t\t<dt class='gallery-icon landscape'>\n\t\t\t\t<a href='https:\/\/www.vsveicolispeciali.com\/de\/ed-traiteur-food-truck-stellato-france-2\/'><img loading=\"lazy\" decoding=\"async\" width=\"150\" height=\"150\" src=\"https:\/\/www.vsveicolispeciali.com\/wp-content\/uploads\/2025\/08\/ed-traiteur-food-truck-stellato-france-150x150.jpg\" class=\"attachment-thumbnail size-thumbnail\" alt=\"ED traiteur Beispiele franz\u00f6sischer Foodtrucks\" srcset=\"https:\/\/www.vsveicolispeciali.com\/wp-content\/uploads\/2025\/08\/ed-traiteur-food-truck-stellato-france-150x150.jpg 150w, https:\/\/www.vsveicolispeciali.com\/wp-content\/uploads\/2025\/08\/ed-traiteur-food-truck-stellato-france-570x570.jpg 570w, https:\/\/www.vsveicolispeciali.com\/wp-content\/uploads\/2025\/08\/ed-traiteur-food-truck-stellato-france-500x500.jpg 500w\" sizes=\"(max-width: 150px) 100vw, 150px\" \/><\/a>\n\t\t\t<\/dt><\/dl>\n\t\t\t<br style='clear: both' \/>\n\t\t<\/div>\n\n","protected":false},"excerpt":{"rendered":"<p>Heutzutage ist es keine Seltenheit, auf einen Food Truck zu sto\u00dfen \u2013 sei es auf dem Dorfplatz, in der N\u00e4he eines B\u00fcros oder mitten auf einer Hochzeit. Mit \u00fcber 3.000 Fahrzeugen, die in Frankreich gez\u00e4hlt wurden, befindet sich dieser Sektor in st\u00e4ndigem Wachstum und zieht&#8230;<\/p>\n","protected":false},"author":1001012,"featured_media":28425,"comment_status":"closed","ping_status":"open","sticky":false,"template":"","format":"gallery","meta":{"footnotes":""},"categories":[48],"tags":[279,612],"class_list":["post-28440","post","type-post","status-publish","format-gallery","has-post-thumbnail","hentry","category-non-categorizzato","tag-foodtruck-catering","tag-foodtrucks-frankreich","post_format-post-format-gallery"],"yoast_head":"<!-- This site is optimized with the Yoast SEO plugin v25.4 - https:\/\/yoast.com\/wordpress\/plugins\/seo\/ -->\n<title>10 Beispiele franz\u00f6sischer Foodtrucks, die Appetit machen<\/title>\n<meta name=\"description\" content=\"In Frankreich gibt es \u00fcber 3.000 Food Trucks. Lassen Sie sich von 10 der sch\u00f6nsten inspirieren, ausgestattet f\u00fcr Streetfood und Event-Catering\" \/>\n<meta name=\"robots\" content=\"index, follow, max-snippet:-1, max-image-preview:large, max-video-preview:-1\" \/>\n<link rel=\"canonical\" href=\"https:\/\/www.vsveicolispeciali.com\/de\/10-beispiele-franzoesischer-foodtrucks-die-appetit-machen\/\" \/>\n<meta property=\"og:locale\" content=\"de_DE\" \/>\n<meta property=\"og:type\" content=\"article\" \/>\n<meta property=\"og:title\" content=\"10 Beispiele franz\u00f6sischer Foodtrucks, die Appetit machen\" \/>\n<meta property=\"og:description\" content=\"In Frankreich gibt es \u00fcber 3.000 Food Trucks. Lassen Sie sich von 10 der sch\u00f6nsten inspirieren, ausgestattet f\u00fcr Streetfood und Event-Catering\" \/>\n<meta property=\"og:url\" content=\"https:\/\/www.vsveicolispeciali.com\/de\/10-beispiele-franzoesischer-foodtrucks-die-appetit-machen\/\" \/>\n<meta property=\"og:site_name\" content=\"VS Veicoli Speciali\" \/>\n<meta property=\"article:publisher\" content=\"https:\/\/www.facebook.com\/VSVeicoliSpeciali.Food.Trucks\/\" \/>\n<meta property=\"article:published_time\" content=\"2025-08-09T13:28:57+00:00\" \/>\n<meta property=\"article:modified_time\" content=\"2025-12-18T18:39:25+00:00\" \/>\n<meta property=\"og:image\" content=\"https:\/\/www.vsveicolispeciali.com\/wp-content\/uploads\/2025\/08\/ed-traiteur-food-truck-stellato-france.jpg\" \/>\n\t<meta property=\"og:image:width\" content=\"1000\" \/>\n\t<meta property=\"og:image:height\" content=\"958\" \/>\n\t<meta property=\"og:image:type\" content=\"image\/jpeg\" \/>\n<meta name=\"author\" content=\"VS Veicoli Speciali\" \/>\n<meta name=\"twitter:card\" content=\"summary_large_image\" \/>\n<meta name=\"twitter:creator\" content=\"@veicolispeciali\" \/>\n<meta name=\"twitter:site\" content=\"@veicolispeciali\" \/>\n<meta name=\"twitter:label1\" content=\"Verfasst von\" \/>\n\t<meta name=\"twitter:data1\" content=\"VS Veicoli Speciali\" \/>\n\t<meta name=\"twitter:label2\" content=\"Gesch\u00e4tzte Lesezeit\" \/>\n\t<meta name=\"twitter:data2\" content=\"8\u00a0Minuten\" \/>\n<script type=\"application\/ld+json\" class=\"yoast-schema-graph\">{\"@context\":\"https:\/\/schema.org\",\"@graph\":[{\"@type\":\"Article\",\"@id\":\"https:\/\/www.vsveicolispeciali.com\/de\/10-beispiele-franzoesischer-foodtrucks-die-appetit-machen\/#article\",\"isPartOf\":{\"@id\":\"https:\/\/www.vsveicolispeciali.com\/de\/10-beispiele-franzoesischer-foodtrucks-die-appetit-machen\/\"},\"author\":{\"name\":\"VS Veicoli Speciali\",\"@id\":\"https:\/\/www.vsveicolispeciali.com\/de\/#\/schema\/person\/1241826d792bde4333b3db1395b12be9\"},\"headline\":\"10 Beispiele franz\u00f6sischer Foodtrucks, die Appetit machen\",\"datePublished\":\"2025-08-09T13:28:57+00:00\",\"dateModified\":\"2025-12-18T18:39:25+00:00\",\"mainEntityOfPage\":{\"@id\":\"https:\/\/www.vsveicolispeciali.com\/de\/10-beispiele-franzoesischer-foodtrucks-die-appetit-machen\/\"},\"wordCount\":1057,\"publisher\":{\"@id\":\"https:\/\/www.vsveicolispeciali.com\/de\/#organization\"},\"image\":{\"@id\":\"https:\/\/www.vsveicolispeciali.com\/de\/10-beispiele-franzoesischer-foodtrucks-die-appetit-machen\/#primaryimage\"},\"thumbnailUrl\":\"https:\/\/www.vsveicolispeciali.com\/wp-content\/uploads\/2025\/08\/ed-traiteur-food-truck-stellato-france.jpg\",\"keywords\":[\"foodtruck catering\",\"foodtrucks frankreich\"],\"articleSection\":[\"Non categorizzato\"],\"inLanguage\":\"de\"},{\"@type\":\"WebPage\",\"@id\":\"https:\/\/www.vsveicolispeciali.com\/de\/10-beispiele-franzoesischer-foodtrucks-die-appetit-machen\/\",\"url\":\"https:\/\/www.vsveicolispeciali.com\/de\/10-beispiele-franzoesischer-foodtrucks-die-appetit-machen\/\",\"name\":\"10 Beispiele franz\u00f6sischer Foodtrucks, die Appetit machen\",\"isPartOf\":{\"@id\":\"https:\/\/www.vsveicolispeciali.com\/de\/#website\"},\"primaryImageOfPage\":{\"@id\":\"https:\/\/www.vsveicolispeciali.com\/de\/10-beispiele-franzoesischer-foodtrucks-die-appetit-machen\/#primaryimage\"},\"image\":{\"@id\":\"https:\/\/www.vsveicolispeciali.com\/de\/10-beispiele-franzoesischer-foodtrucks-die-appetit-machen\/#primaryimage\"},\"thumbnailUrl\":\"https:\/\/www.vsveicolispeciali.com\/wp-content\/uploads\/2025\/08\/ed-traiteur-food-truck-stellato-france.jpg\",\"datePublished\":\"2025-08-09T13:28:57+00:00\",\"dateModified\":\"2025-12-18T18:39:25+00:00\",\"description\":\"In Frankreich gibt es \u00fcber 3.000 Food Trucks. Lassen Sie sich von 10 der sch\u00f6nsten inspirieren, ausgestattet f\u00fcr Streetfood und Event-Catering\",\"breadcrumb\":{\"@id\":\"https:\/\/www.vsveicolispeciali.com\/de\/10-beispiele-franzoesischer-foodtrucks-die-appetit-machen\/#breadcrumb\"},\"inLanguage\":\"de\",\"potentialAction\":[{\"@type\":\"ReadAction\",\"target\":[\"https:\/\/www.vsveicolispeciali.com\/de\/10-beispiele-franzoesischer-foodtrucks-die-appetit-machen\/\"]}]},{\"@type\":\"ImageObject\",\"inLanguage\":\"de\",\"@id\":\"https:\/\/www.vsveicolispeciali.com\/de\/10-beispiele-franzoesischer-foodtrucks-die-appetit-machen\/#primaryimage\",\"url\":\"https:\/\/www.vsveicolispeciali.com\/wp-content\/uploads\/2025\/08\/ed-traiteur-food-truck-stellato-france.jpg\",\"contentUrl\":\"https:\/\/www.vsveicolispeciali.com\/wp-content\/uploads\/2025\/08\/ed-traiteur-food-truck-stellato-france.jpg\",\"width\":1000,\"height\":958,\"caption\":\"ED traiteur Beispiele franz\u00f6sischer Foodtrucks\"},{\"@type\":\"BreadcrumbList\",\"@id\":\"https:\/\/www.vsveicolispeciali.com\/de\/10-beispiele-franzoesischer-foodtrucks-die-appetit-machen\/#breadcrumb\",\"itemListElement\":[{\"@type\":\"ListItem\",\"position\":1,\"name\":\"Home\",\"item\":\"https:\/\/www.vsveicolispeciali.com\/de\/\"},{\"@type\":\"ListItem\",\"position\":2,\"name\":\"10 Beispiele franz\u00f6sischer Foodtrucks, die Appetit machen\"}]},{\"@type\":\"WebSite\",\"@id\":\"https:\/\/www.vsveicolispeciali.com\/de\/#website\",\"url\":\"https:\/\/www.vsveicolispeciali.com\/de\/\",\"name\":\"VS Veicoli Speciali\",\"description\":\"\",\"publisher\":{\"@id\":\"https:\/\/www.vsveicolispeciali.com\/de\/#organization\"},\"potentialAction\":[{\"@type\":\"SearchAction\",\"target\":{\"@type\":\"EntryPoint\",\"urlTemplate\":\"https:\/\/www.vsveicolispeciali.com\/de\/?s={search_term_string}\"},\"query-input\":{\"@type\":\"PropertyValueSpecification\",\"valueRequired\":true,\"valueName\":\"search_term_string\"}}],\"inLanguage\":\"de\"},{\"@type\":\"Organization\",\"@id\":\"https:\/\/www.vsveicolispeciali.com\/de\/#organization\",\"name\":\"VS Veicoli Speciali\",\"url\":\"https:\/\/www.vsveicolispeciali.com\/de\/\",\"logo\":{\"@type\":\"ImageObject\",\"inLanguage\":\"de\",\"@id\":\"https:\/\/www.vsveicolispeciali.com\/de\/#\/schema\/logo\/image\/\",\"url\":\"http:\/\/www.vsveicolispeciali.com\/wp-content\/uploads\/2015\/05\/vs_veicoli_speciali-logo.png\",\"contentUrl\":\"http:\/\/www.vsveicolispeciali.com\/wp-content\/uploads\/2015\/05\/vs_veicoli_speciali-logo.png\",\"width\":252,\"height\":134,\"caption\":\"VS Veicoli Speciali\"},\"image\":{\"@id\":\"https:\/\/www.vsveicolispeciali.com\/de\/#\/schema\/logo\/image\/\"},\"sameAs\":[\"https:\/\/www.facebook.com\/VSVeicoliSpeciali.Food.Trucks\/\",\"https:\/\/x.com\/veicolispeciali\",\"https:\/\/www.instagram.com\/vs_veicolispeciali\/\",\"https:\/\/www.linkedin.com\/company\/2811960\/\",\"https:\/\/www.pinterest.com\/streetfoodtruck\/\",\"https:\/\/www.youtube.com\/user\/veicolispeciali\"]},{\"@type\":\"Person\",\"@id\":\"https:\/\/www.vsveicolispeciali.com\/de\/#\/schema\/person\/1241826d792bde4333b3db1395b12be9\",\"name\":\"VS Veicoli Speciali\",\"image\":{\"@type\":\"ImageObject\",\"inLanguage\":\"de\",\"@id\":\"https:\/\/www.vsveicolispeciali.com\/de\/#\/schema\/person\/image\/\",\"url\":\"https:\/\/secure.gravatar.com\/avatar\/4ea93278e71ba140dbbbfb5d34409507?s=96&d=mm&r=g\",\"contentUrl\":\"https:\/\/secure.gravatar.com\/avatar\/4ea93278e71ba140dbbbfb5d34409507?s=96&d=mm&r=g\",\"caption\":\"VS Veicoli Speciali\"}}]}<\/script>\n<!-- \/ Yoast SEO plugin. -->","yoast_head_json":{"title":"10 Beispiele franz\u00f6sischer Foodtrucks, die Appetit machen","description":"In Frankreich gibt es \u00fcber 3.000 Food Trucks. Lassen Sie sich von 10 der sch\u00f6nsten inspirieren, ausgestattet f\u00fcr Streetfood und Event-Catering","robots":{"index":"index","follow":"follow","max-snippet":"max-snippet:-1","max-image-preview":"max-image-preview:large","max-video-preview":"max-video-preview:-1"},"canonical":"https:\/\/www.vsveicolispeciali.com\/de\/10-beispiele-franzoesischer-foodtrucks-die-appetit-machen\/","og_locale":"de_DE","og_type":"article","og_title":"10 Beispiele franz\u00f6sischer Foodtrucks, die Appetit machen","og_description":"In Frankreich gibt es \u00fcber 3.000 Food Trucks. Lassen Sie sich von 10 der sch\u00f6nsten inspirieren, ausgestattet f\u00fcr Streetfood und Event-Catering","og_url":"https:\/\/www.vsveicolispeciali.com\/de\/10-beispiele-franzoesischer-foodtrucks-die-appetit-machen\/","og_site_name":"VS Veicoli Speciali","article_publisher":"https:\/\/www.facebook.com\/VSVeicoliSpeciali.Food.Trucks\/","article_published_time":"2025-08-09T13:28:57+00:00","article_modified_time":"2025-12-18T18:39:25+00:00","og_image":[{"width":1000,"height":958,"url":"https:\/\/www.vsveicolispeciali.com\/wp-content\/uploads\/2025\/08\/ed-traiteur-food-truck-stellato-france.jpg","type":"image\/jpeg"}],"author":"VS Veicoli Speciali","twitter_card":"summary_large_image","twitter_creator":"@veicolispeciali","twitter_site":"@veicolispeciali","twitter_misc":{"Verfasst von":"VS Veicoli Speciali","Gesch\u00e4tzte Lesezeit":"8\u00a0Minuten"},"schema":{"@context":"https:\/\/schema.org","@graph":[{"@type":"Article","@id":"https:\/\/www.vsveicolispeciali.com\/de\/10-beispiele-franzoesischer-foodtrucks-die-appetit-machen\/#article","isPartOf":{"@id":"https:\/\/www.vsveicolispeciali.com\/de\/10-beispiele-franzoesischer-foodtrucks-die-appetit-machen\/"},"author":{"name":"VS Veicoli Speciali","@id":"https:\/\/www.vsveicolispeciali.com\/de\/#\/schema\/person\/1241826d792bde4333b3db1395b12be9"},"headline":"10 Beispiele franz\u00f6sischer Foodtrucks, die Appetit machen","datePublished":"2025-08-09T13:28:57+00:00","dateModified":"2025-12-18T18:39:25+00:00","mainEntityOfPage":{"@id":"https:\/\/www.vsveicolispeciali.com\/de\/10-beispiele-franzoesischer-foodtrucks-die-appetit-machen\/"},"wordCount":1057,"publisher":{"@id":"https:\/\/www.vsveicolispeciali.com\/de\/#organization"},"image":{"@id":"https:\/\/www.vsveicolispeciali.com\/de\/10-beispiele-franzoesischer-foodtrucks-die-appetit-machen\/#primaryimage"},"thumbnailUrl":"https:\/\/www.vsveicolispeciali.com\/wp-content\/uploads\/2025\/08\/ed-traiteur-food-truck-stellato-france.jpg","keywords":["foodtruck catering","foodtrucks frankreich"],"articleSection":["Non categorizzato"],"inLanguage":"de"},{"@type":"WebPage","@id":"https:\/\/www.vsveicolispeciali.com\/de\/10-beispiele-franzoesischer-foodtrucks-die-appetit-machen\/","url":"https:\/\/www.vsveicolispeciali.com\/de\/10-beispiele-franzoesischer-foodtrucks-die-appetit-machen\/","name":"10 Beispiele franz\u00f6sischer Foodtrucks, die Appetit machen","isPartOf":{"@id":"https:\/\/www.vsveicolispeciali.com\/de\/#website"},"primaryImageOfPage":{"@id":"https:\/\/www.vsveicolispeciali.com\/de\/10-beispiele-franzoesischer-foodtrucks-die-appetit-machen\/#primaryimage"},"image":{"@id":"https:\/\/www.vsveicolispeciali.com\/de\/10-beispiele-franzoesischer-foodtrucks-die-appetit-machen\/#primaryimage"},"thumbnailUrl":"https:\/\/www.vsveicolispeciali.com\/wp-content\/uploads\/2025\/08\/ed-traiteur-food-truck-stellato-france.jpg","datePublished":"2025-08-09T13:28:57+00:00","dateModified":"2025-12-18T18:39:25+00:00","description":"In Frankreich gibt es \u00fcber 3.000 Food Trucks. Lassen Sie sich von 10 der sch\u00f6nsten inspirieren, ausgestattet f\u00fcr Streetfood und Event-Catering","breadcrumb":{"@id":"https:\/\/www.vsveicolispeciali.com\/de\/10-beispiele-franzoesischer-foodtrucks-die-appetit-machen\/#breadcrumb"},"inLanguage":"de","potentialAction":[{"@type":"ReadAction","target":["https:\/\/www.vsveicolispeciali.com\/de\/10-beispiele-franzoesischer-foodtrucks-die-appetit-machen\/"]}]},{"@type":"ImageObject","inLanguage":"de","@id":"https:\/\/www.vsveicolispeciali.com\/de\/10-beispiele-franzoesischer-foodtrucks-die-appetit-machen\/#primaryimage","url":"https:\/\/www.vsveicolispeciali.com\/wp-content\/uploads\/2025\/08\/ed-traiteur-food-truck-stellato-france.jpg","contentUrl":"https:\/\/www.vsveicolispeciali.com\/wp-content\/uploads\/2025\/08\/ed-traiteur-food-truck-stellato-france.jpg","width":1000,"height":958,"caption":"ED traiteur Beispiele franz\u00f6sischer Foodtrucks"},{"@type":"BreadcrumbList","@id":"https:\/\/www.vsveicolispeciali.com\/de\/10-beispiele-franzoesischer-foodtrucks-die-appetit-machen\/#breadcrumb","itemListElement":[{"@type":"ListItem","position":1,"name":"Home","item":"https:\/\/www.vsveicolispeciali.com\/de\/"},{"@type":"ListItem","position":2,"name":"10 Beispiele franz\u00f6sischer Foodtrucks, die Appetit machen"}]},{"@type":"WebSite","@id":"https:\/\/www.vsveicolispeciali.com\/de\/#website","url":"https:\/\/www.vsveicolispeciali.com\/de\/","name":"VS Veicoli Speciali","description":"","publisher":{"@id":"https:\/\/www.vsveicolispeciali.com\/de\/#organization"},"potentialAction":[{"@type":"SearchAction","target":{"@type":"EntryPoint","urlTemplate":"https:\/\/www.vsveicolispeciali.com\/de\/?s={search_term_string}"},"query-input":{"@type":"PropertyValueSpecification","valueRequired":true,"valueName":"search_term_string"}}],"inLanguage":"de"},{"@type":"Organization","@id":"https:\/\/www.vsveicolispeciali.com\/de\/#organization","name":"VS Veicoli Speciali","url":"https:\/\/www.vsveicolispeciali.com\/de\/","logo":{"@type":"ImageObject","inLanguage":"de","@id":"https:\/\/www.vsveicolispeciali.com\/de\/#\/schema\/logo\/image\/","url":"http:\/\/www.vsveicolispeciali.com\/wp-content\/uploads\/2015\/05\/vs_veicoli_speciali-logo.png","contentUrl":"http:\/\/www.vsveicolispeciali.com\/wp-content\/uploads\/2015\/05\/vs_veicoli_speciali-logo.png","width":252,"height":134,"caption":"VS Veicoli Speciali"},"image":{"@id":"https:\/\/www.vsveicolispeciali.com\/de\/#\/schema\/logo\/image\/"},"sameAs":["https:\/\/www.facebook.com\/VSVeicoliSpeciali.Food.Trucks\/","https:\/\/x.com\/veicolispeciali","https:\/\/www.instagram.com\/vs_veicolispeciali\/","https:\/\/www.linkedin.com\/company\/2811960\/","https:\/\/www.pinterest.com\/streetfoodtruck\/","https:\/\/www.youtube.com\/user\/veicolispeciali"]},{"@type":"Person","@id":"https:\/\/www.vsveicolispeciali.com\/de\/#\/schema\/person\/1241826d792bde4333b3db1395b12be9","name":"VS Veicoli Speciali","image":{"@type":"ImageObject","inLanguage":"de","@id":"https:\/\/www.vsveicolispeciali.com\/de\/#\/schema\/person\/image\/","url":"https:\/\/secure.gravatar.com\/avatar\/4ea93278e71ba140dbbbfb5d34409507?s=96&d=mm&r=g","contentUrl":"https:\/\/secure.gravatar.com\/avatar\/4ea93278e71ba140dbbbfb5d34409507?s=96&d=mm&r=g","caption":"VS Veicoli Speciali"}}]}},"_links":{"self":[{"href":"https:\/\/www.vsveicolispeciali.com\/de\/wp-json\/wp\/v2\/posts\/28440"}],"collection":[{"href":"https:\/\/www.vsveicolispeciali.com\/de\/wp-json\/wp\/v2\/posts"}],"about":[{"href":"https:\/\/www.vsveicolispeciali.com\/de\/wp-json\/wp\/v2\/types\/post"}],"author":[{"embeddable":true,"href":"https:\/\/www.vsveicolispeciali.com\/de\/wp-json\/wp\/v2\/users\/1001012"}],"replies":[{"embeddable":true,"href":"https:\/\/www.vsveicolispeciali.com\/de\/wp-json\/wp\/v2\/comments?post=28440"}],"version-history":[{"count":3,"href":"https:\/\/www.vsveicolispeciali.com\/de\/wp-json\/wp\/v2\/posts\/28440\/revisions"}],"predecessor-version":[{"id":29108,"href":"https:\/\/www.vsveicolispeciali.com\/de\/wp-json\/wp\/v2\/posts\/28440\/revisions\/29108"}],"wp:featuredmedia":[{"embeddable":true,"href":"https:\/\/www.vsveicolispeciali.com\/de\/wp-json\/wp\/v2\/media\/28425"}],"wp:attachment":[{"href":"https:\/\/www.vsveicolispeciali.com\/de\/wp-json\/wp\/v2\/media?parent=28440"}],"wp:term":[{"taxonomy":"category","embeddable":true,"href":"https:\/\/www.vsveicolispeciali.com\/de\/wp-json\/wp\/v2\/categories?post=28440"},{"taxonomy":"post_tag","embeddable":true,"href":"https:\/\/www.vsveicolispeciali.com\/de\/wp-json\/wp\/v2\/tags?post=28440"}],"curies":[{"name":"wp","href":"https:\/\/api.w.org\/{rel}","templated":true}]}}