{"id":28041,"date":"2025-05-28T17:42:38","date_gmt":"2025-05-28T15:42:38","guid":{"rendered":"https:\/\/www.vsveicolispeciali.com\/i-food-truck-di-ginevra-acquistati-a-torino-una-magia-targata-vs\/"},"modified":"2025-05-29T11:26:42","modified_gmt":"2025-05-29T09:26:42","slug":"die-foodtrucks-aus-genf-gekauft-in-turin-ein-zauber-mit-dem-vs-label","status":"publish","type":"post","link":"https:\/\/www.vsveicolispeciali.com\/de\/die-foodtrucks-aus-genf-gekauft-in-turin-ein-zauber-mit-dem-vs-label\/","title":{"rendered":"Die Foodtrucks aus Genf, gekauft in Turin: ein Zauber mit dem VS-Label"},"content":{"rendered":"<p><strong>Genf<\/strong>, im Herzen Europas gelegen und mit Blick auf den Genfersee, zeigt seit jeher einen besonderen Unternehmergeist in allen Bereichen der Wirtschaft, auch in der Gastronomie.<\/p>\n<p>W\u00e4hrend die Stadt ihren Ruf als internationales Finanz- und Diplomatiezentrum bewahrt, florieren im <strong>Gastronomiebereich<\/strong> Gourmet-Foodtrucks und mobile Angebote.<\/p>\n<p>Gerade <strong>in der Schweiz<\/strong> zeichnet sich eine bemerkenswerte Ann\u00e4herung zwischen Street Food und hochwertiger Gastronomie ab. Das belegen die zahlreichen <a href=\"https:\/\/www.vsveicolispeciali.com\/de\/food-truck-festival-street-food-wanderhandel-in-der-schweiz-ist-in-vollem-gange\/\" rel=\"noopener\" target=\"_blank\">Street-Food-Festivals<\/a> und die Gourmet-Angebote der immer zahlreicheren <a href=\"https:\/\/www.vsveicolispeciali.com\/de\/15-wunderschoene-foodtrucks-die-in-der-schweiz-verkauft-wurden\/\" target=\"_blank\" rel=\"noopener\">Foodtrucks, die in der Eidgenossenschaft unterwegs sind<\/a>.<\/p>\n<p><strong>Genf<\/strong> mit seiner kosmopolitischen Bev\u00f6lkerung und der hohen Kaufkraft bietet ein ideales Umfeld f\u00fcr innovative Gastronomiekonzepte.<\/p>\n<p>Die <strong>Nachfrage nach dynamischen und zugleich erschwinglichen kulinarischen Erlebnissen<\/strong> w\u00e4chst kontinuierlich: Berufst\u00e4tige in der Mittagspause, Studierende, Touristinnen und Touristen sowie Einheimische suchen oft nach hochwertigen Speisen, die sie flexibel und unterwegs genie\u00dfen k\u00f6nnen.<\/p>\n<p><strong>Fast-Foodtrucks mit Gourmet-Angebot<\/strong> sind die ideale Antwort auf diese Bed\u00fcrfnisse, sie verbinden schnellen Service mit einem gleichzeitig stilvollen, modernen und leicht bohemischen Auftritt.<\/p>\n<p>Ein Beispiel daf\u00fcr ist <em>Eden Parc<\/em>, ein <a href=\"https:\/\/www.vsveicolispeciali.com\/de\/street-food-truck\/mexikanischer-foodtruck-eden-parc\/\" target=\"_blank\" rel=\"noopener\">Foodtruck<\/a>, der von einer bekannten Genfer Restaurantkette erworben wurde und mexikanische K\u00fcche anbietet, eine kulinarische Erweiterung in perfekter Erg\u00e4nzung zu den station\u00e4ren Lokalen.<\/p>\n<p>&nbsp;&nbsp;<\/p>\n<h2>Ein g\u00fcnstiges \u00d6kosystem f\u00fcr Gastronomiebetreiber<\/h2>\n<p>In den letzten Jahren zeigten sich die Genfer <strong>Beh\u00f6rden offen f\u00fcr mobile Gastronomiekonzepte<\/strong> und vergaben Lizenzen f\u00fcr strategische Orte wie Parks, Universit\u00e4tsgel\u00e4nde, \u00f6ffentliche Veranstaltungen und Kulturfestivals.<\/p>\n<p>Dieses regulative Wohlwollen, kombiniert mit effizienten Dienstleistungen und einer durchdachten st\u00e4dtischen Planung, erm\u00f6glicht den Betreiberinnen und Betreibern, sorgenfrei zu arbeiten, und <strong>das volle Potenzial der Mobilit\u00e4t<\/strong>, die das Street-Food-Modell auszeichnet, zu nutzen.<\/p>\n<p>Wer <strong>in Genf in einen Foodtruck investieren<\/strong> m\u00f6chte, muss jedoch hohe Anspr\u00fcche erf\u00fcllen. Der Genfer Markt belohnt die Qualit\u00e4t des Essens, das \u00e4sthetische Design des Fahrzeugs sowie die Effizienz des Service.<\/p>\n<p>Der Foodtruck ist in diesem Kontext nicht nur ein Arbeitsger\u00e4t, sondern ein zentraler Bestandteil des Konsumerlebnisses und des Markenimages.<\/p>\n<p>Daher ist es entscheidend, sich auf einen <a href=\"https:\/\/www.vsveicolispeciali.com\/de\/\">Hersteller<\/a> wie <strong>VS Veicoli Speciali<\/strong> zu verlassen, der Effizienz und Robustheit mit einem originellen Design verbindet \u2013 um das gastronomische Angebot und die Markenidentit\u00e4t bestm\u00f6glich zur Geltung zu bringen.<\/p>\n<p>Ein Beispiel: <strong>The Hamburger Foundation<\/strong> wandte sich an VS und entschied sich f\u00fcr zwei vollkommen unterschiedliche Foodtruck-Modelle, die beide dem Markenstil und der Unternehmenskultur gerecht werden:<\/p>\n<p>Ein komplett schwarzer <a href=\"https:\/\/www.vsveicolispeciali.com\/de\/street-food-truck\/ducato-food-truck-mobile-restaurant-the-hamburger-foundation\/\" target=\"_blank\" rel=\"noopener\">Burger Food Truck<\/a>:<\/p>\n<p><a href=\"https:\/\/www.vsveicolispeciali.com\/wp-content\/uploads\/2023\/12\/thf-food-truck.jpeg\"><img loading=\"lazy\" decoding=\"async\" src=\"https:\/\/www.vsveicolispeciali.com\/wp-content\/uploads\/2023\/12\/thf-food-truck.jpeg\" alt=\"thf burger food truck in Genf, Schweiz\" width=\"1080\" height=\"852\" class=\"alignleft size-full wp-image-24804\" srcset=\"https:\/\/www.vsveicolispeciali.com\/wp-content\/uploads\/2023\/12\/thf-food-truck.jpeg 1080w, https:\/\/www.vsveicolispeciali.com\/wp-content\/uploads\/2023\/12\/thf-food-truck-300x237.jpeg 300w, https:\/\/www.vsveicolispeciali.com\/wp-content\/uploads\/2023\/12\/thf-food-truck-1024x808.jpeg 1024w, https:\/\/www.vsveicolispeciali.com\/wp-content\/uploads\/2023\/12\/thf-food-truck-768x606.jpeg 768w, https:\/\/www.vsveicolispeciali.com\/wp-content\/uploads\/2023\/12\/thf-food-truck-700x552.jpeg 700w\" sizes=\"(max-width: 1080px) 100vw, 1080px\" \/><\/a><\/p>\n<p>Und ein ebenso eleganter schwarzer <a href=\"https:\/\/www.vsveicolispeciali.com\/de\/street-food-truck\/verkaufsfahrzeug-anhaenger-the-hamburger-foundation\/\" target=\"_blank\" rel=\"noopener\">Hamburger-Anh\u00e4nger<\/a>:<\/p>\n<p><a href=\"https:\/\/www.vsveicolispeciali.com\/wp-content\/uploads\/2025\/05\/thf-geneva-remorque-food-truck.jpg\"><img loading=\"lazy\" decoding=\"async\" src=\"https:\/\/www.vsveicolispeciali.com\/wp-content\/uploads\/2025\/05\/thf-geneva-remorque-food-truck.jpg\" alt=\"the hamburger foundation Hamburger-Anh\u00e4nger in Genf \" width=\"840\" height=\"496\" class=\"alignleft size-full wp-image-28010\" srcset=\"https:\/\/www.vsveicolispeciali.com\/wp-content\/uploads\/2025\/05\/thf-geneva-remorque-food-truck.jpg 840w, https:\/\/www.vsveicolispeciali.com\/wp-content\/uploads\/2025\/05\/thf-geneva-remorque-food-truck-300x177.jpg 300w, https:\/\/www.vsveicolispeciali.com\/wp-content\/uploads\/2025\/05\/thf-geneva-remorque-food-truck-768x453.jpg 768w, https:\/\/www.vsveicolispeciali.com\/wp-content\/uploads\/2025\/05\/thf-geneva-remorque-food-truck-700x413.jpg 700w\" sizes=\"(max-width: 840px) 100vw, 840px\" \/><\/a><\/p>\n<p>Drei Restaurants und zwei Foodtrucks, um ihre Philosophie zu verbreiten: das <a href=\"https:\/\/www.vsveicolispeciali.com\/de\/street-food\/burger-food-truck\/\" target=\"_blank\" rel=\"noopener\">Gourmet-Hamburger-Erlebnis<\/a>.<\/p>\n<p><strong>In die Gastronomie in Genf zu investieren<\/strong>, bedeutet zugleich, einen idealen Ausgangspunkt f\u00fcr eine Expansion in die \u00fcbrige Schweiz zu w\u00e4hlen.<\/p>\n<p><!--\nEin hervorragendes Beispiel daf\u00fcr ist <strong>Sando<\/strong>, eine Burgerkette, die f\u00fcr ihre japanischen Burger ber\u00fchmt ist und in Genf begann, mittlerweile aber auch Filialen in Z\u00fcrich, Bern und Malley betreibt.\n\nDer in Turin <a href=\"https:\/\/www.vsveicolispeciali.com\/de\/street-food-truck\/burger-foodtruck-sando\/\" target=\"_blank\" rel=\"noopener\">gekaufte Foodtruck<\/a> wird f\u00fcr Catering-Dienste bei Events und Feiern aller Art sowie zur mobilen Markenpromotion eingesetzt.\n--><\/p>\n<p>Nat\u00fcrlich entwickeln auch St\u00e4dte wie Lausanne, Z\u00fcrich und Basel ihre eigenen dynamischen Street-Food-Szenen.<\/p>\n<p>Doch viele Trends nehmen in Genf ihren Anfang, an diesem internationalen Knotenpunkt mit ausgepr\u00e4gtem Innovationsgeist.<\/p>\n<p>&nbsp;&nbsp;<\/p>\n<h2>Wie man von der Vielseitigkeit der Foodtrucks profitiert<\/h2>\n<p>Die Verbindung aus kulinarischer Exzellenz und <strong>operativer Flexibilit\u00e4t<\/strong> macht den Foodtruck zu einem strategischen Instrument, um das Angebot zu erneuern und Kunden \u00fcberall zu erreichen \u2013 mit starkem, unverwechselbarem Markenauftritt.<\/p>\n<p><em>Caviar House &#038; Prunier<\/em>, eine Luxusmarke der Spitzengastronomie, bekannt f\u00fcr Beluga-, Osietra- und Sibirischen Kaviar, beauftragte VS mit <a href=\"https:\/\/www.vsveicolispeciali.com\/de\/street-food-truck\/piaggio-ape-cocktailbar-genfer-caviar-house\/\" target=\"_blank\" rel=\"noopener\">zwei Ape TR-Foodtrucks<\/a>, die exklusive Speisen und Snacks anbieten.<\/p>\n<p><a href=\"https:\/\/www.vsveicolispeciali.com\/wp-content\/uploads\/2018\/06\/Caviar-House-Prunier-geneva-airport.jpg\"><img loading=\"lazy\" decoding=\"async\" src=\"https:\/\/www.vsveicolispeciali.com\/wp-content\/uploads\/2018\/06\/Caviar-House-Prunier-geneva-airport.jpg\" alt=\"Caviar House Prunier food truck tr geneva airport\" width=\"629\" height=\"419\" class=\"alignright size-full wp-image-7270\" srcset=\"https:\/\/www.vsveicolispeciali.com\/wp-content\/uploads\/2018\/06\/Caviar-House-Prunier-geneva-airport.jpg 629w, https:\/\/www.vsveicolispeciali.com\/wp-content\/uploads\/2018\/06\/Caviar-House-Prunier-geneva-airport-300x200.jpg 300w\" sizes=\"(max-width: 629px) 100vw, 629px\" \/><\/a><\/p>\n<p>Diese wurden <strong>im Flughafen<\/strong> Genf platziert, um anspruchsvolle Reisende mit edlen Meeresfr\u00fcchten und Snacks zu verw\u00f6hnen.<\/p>\n<p>Und was ist mit der r\u00f6mischen Pizza von <strong>Nero\u2019s Pizza<\/strong>? Mit frischen, hochwertigen Zutaten zubereitet, hat sie die Herzen der Genfer im Sturm erobert.<\/p>\n<p>Der <a href=\"https:\/\/www.vsveicolispeciali.com\/de\/street-food-truck\/pizza-food-truck-ducato-nero-s-pizza-verkaufswagen\/\" target=\"_blank\" rel=\"noopener\">Nero\u2019s-Pizza-Foodtruck<\/a> verbreitet seinen unwiderstehlichen Duft in der ganzen Stadt \u2013 sogar bei Hochzeiten, Geburtstagen oder \u00fcberall dort, wo ein emotional eindrucksvolles Catering gefragt ist.<\/p>\n<p><a href=\"https:\/\/www.vsveicolispeciali.com\/wp-content\/uploads\/2025\/05\/Neros-Pizza-foodtruck.jpg\"><img loading=\"lazy\" decoding=\"async\" src=\"https:\/\/www.vsveicolispeciali.com\/wp-content\/uploads\/2025\/05\/Neros-Pizza-foodtruck.jpg\" alt=\"Neros Pizza-Foodtruck\" width=\"960\" height=\"960\" class=\"alignleft size-full wp-image-28018\" srcset=\"https:\/\/www.vsveicolispeciali.com\/wp-content\/uploads\/2025\/05\/Neros-Pizza-foodtruck.jpg 960w, https:\/\/www.vsveicolispeciali.com\/wp-content\/uploads\/2025\/05\/Neros-Pizza-foodtruck-300x300.jpg 300w, https:\/\/www.vsveicolispeciali.com\/wp-content\/uploads\/2025\/05\/Neros-Pizza-foodtruck-150x150.jpg 150w, https:\/\/www.vsveicolispeciali.com\/wp-content\/uploads\/2025\/05\/Neros-Pizza-foodtruck-768x768.jpg 768w, https:\/\/www.vsveicolispeciali.com\/wp-content\/uploads\/2025\/05\/Neros-Pizza-foodtruck-570x570.jpg 570w, https:\/\/www.vsveicolispeciali.com\/wp-content\/uploads\/2025\/05\/Neros-Pizza-foodtruck-500x500.jpg 500w, https:\/\/www.vsveicolispeciali.com\/wp-content\/uploads\/2025\/05\/Neros-Pizza-foodtruck-700x700.jpg 700w\" sizes=\"(max-width: 960px) 100vw, 960px\" \/><\/a><\/p>\n<p>Bereit, ihn f\u00fcr Ihr Event zu mieten?<\/p>\n<p>Die Vielseitigkeit der Foodtrucks ist bekannt, doch selbst Brancheninsider sind manchmal von den zahlreichen Einsatzm\u00f6glichkeiten \u00fcberrascht.<\/p>\n<p>In Genf profitieren Foodtrucker von <strong>gro\u00dfen Events<\/strong> wie:<\/p>\n<ul class=\"lista\">\n<li>Geneva Street Food Festival;<\/li>\n<li>F\u00eate de la Musique;<\/li>\n<li>Lake Parade.<\/li>\n<\/ul>\n<p>&nbsp;<\/p>\n<p>In der touristischen Region rund um den <strong>Genfersee<\/strong> zeigt L\u2019Helvete, ein <a href=\"https:\/\/www.vsveicolispeciali.com\/de\/street-food-truck\/frittenwagen-lhelvete\/\" target=\"_blank\" rel=\"noopener\">Frittenwagen<\/a>, wie man sowohl im Sommer als auch im Winter erfolgreich arbeiten kann. Mit lokalen Spezialit\u00e4ten, Pommes, Salaten und hei\u00dfen sowie kalten Getr\u00e4nken.\u2028<\/p>\n<p><a href=\"https:\/\/www.vsveicolispeciali.com\/wp-content\/uploads\/2025\/05\/fry-food-truck-lhelvete.jpg\"><img loading=\"lazy\" decoding=\"async\" src=\"https:\/\/www.vsveicolispeciali.com\/wp-content\/uploads\/2025\/05\/fry-food-truck-lhelvete.jpg\" alt=\"frittenwagen l&#039;helvete, Fritteuse auf R\u00e4dern im Genferseegebiet, in der N\u00e4he von Genf\" width=\"1000\" height=\"563\" class=\"alignleft size-full wp-image-28014\" srcset=\"https:\/\/www.vsveicolispeciali.com\/wp-content\/uploads\/2025\/05\/fry-food-truck-lhelvete.jpg 1000w, https:\/\/www.vsveicolispeciali.com\/wp-content\/uploads\/2025\/05\/fry-food-truck-lhelvete-300x169.jpg 300w, https:\/\/www.vsveicolispeciali.com\/wp-content\/uploads\/2025\/05\/fry-food-truck-lhelvete-768x432.jpg 768w, https:\/\/www.vsveicolispeciali.com\/wp-content\/uploads\/2025\/05\/fry-food-truck-lhelvete-700x394.jpg 700w, https:\/\/www.vsveicolispeciali.com\/wp-content\/uploads\/2025\/05\/fry-food-truck-lhelvete-539x303.jpg 539w\" sizes=\"(max-width: 1000px) 100vw, 1000px\" \/><\/a><\/p>\n<p>Touristen und Einheimische genie\u00dfen das ganze Jahr \u00fcber Malakoff-Kroketten und ger\u00e4ucherte Sch\u00fcblig-W\u00fcrste.<\/p>\n<p>Ein weiteres gro\u00dfartiges Beispiel f\u00fcr ein erfolgreiches <a href=\"https:\/\/www.vsveicolispeciali.com\/de\/street-food\/\" rel=\"noopener\" target=\"_blank\">Street-Food-Konzept<\/a> in Genf ist <strong>Misses Fries<\/strong>, ein Kiosk am Ufer der Rhone, der mit seinen frittierten Leckereien gro\u00dfe Beliebtheit erlangte. Nun besitzt Misses Fries auch einen VS-Foodtruck, um diese Spezialit\u00e4ten direkt zu den Kunden zu bringen.<\/p>\n<p>Der <a href=\"https:\/\/www.vsveicolispeciali.com\/de\/street-food-truck\/frittenwagen-misses-fries\/\" rel=\"noopener\" target=\"_blank\">Frittenwagen Misses Fries<\/a> kann <strong>f\u00fcr private Veranstaltungen<\/strong> gemietet werden oder ist werktags an verschiedenen Orten in der Stadt unterwegs.<\/p>\n<p><a href=\"https:\/\/www.vsveicolispeciali.com\/wp-content\/uploads\/2024\/10\/friggitoria-ambulante-misses-fries-svizzera.jpg\"><img loading=\"lazy\" decoding=\"async\" src=\"https:\/\/www.vsveicolispeciali.com\/wp-content\/uploads\/2024\/10\/friggitoria-ambulante-misses-fries-svizzera.jpg\" alt=\"Misses Fries Frittenwagen in Genf, Schweiz\" width=\"1000\" height=\"800\" class=\"alignleft size-full wp-image-26600\" srcset=\"https:\/\/www.vsveicolispeciali.com\/wp-content\/uploads\/2024\/10\/friggitoria-ambulante-misses-fries-svizzera.jpg 1000w, https:\/\/www.vsveicolispeciali.com\/wp-content\/uploads\/2024\/10\/friggitoria-ambulante-misses-fries-svizzera-300x240.jpg 300w, https:\/\/www.vsveicolispeciali.com\/wp-content\/uploads\/2024\/10\/friggitoria-ambulante-misses-fries-svizzera-768x614.jpg 768w, https:\/\/www.vsveicolispeciali.com\/wp-content\/uploads\/2024\/10\/friggitoria-ambulante-misses-fries-svizzera-700x560.jpg 700w\" sizes=\"(max-width: 1000px) 100vw, 1000px\" \/><\/a><\/p>\n<p>Ein 40er Frytop, zwei Gas-Fritteusen mit je 18 Litern, ein Kartoffelw\u00e4rmer und zwei elektrische Bain-Maries, Misses Fries ist eine wahre Frittiermaschine, die kaum ihresgleichen kennt.<\/p>\n<p>&nbsp;<\/p>\n<p>Wir sind \u00fcberzeugt: Die Partnerschaft Genf\u2013Turin wird durch die Foodtrucks von VS Veicoli Speciali um viele weitere Erfolgsgeschichten bereichert werden.<\/p>\n<p>Erz\u00e4hlen Sie uns von Ihrem Projekt, vielleicht wird es bald das n\u00e4chste Vorzeigeprojekt f\u00fcr die Schweiz!<\/p>\n\n\t\t<style type=\"text\/css\">\n\t\t\t#gallery-1 {\n\t\t\t\tmargin: auto;\n\t\t\t}\n\t\t\t#gallery-1 .gallery-item {\n\t\t\t\tfloat: left;\n\t\t\t\tmargin-top: 10px;\n\t\t\t\ttext-align: center;\n\t\t\t\twidth: 33%;\n\t\t\t}\n\t\t\t#gallery-1 img {\n\t\t\t\tborder: 2px solid #cfcfcf;\n\t\t\t}\n\t\t\t#gallery-1 .gallery-caption {\n\t\t\t\tmargin-left: 0;\n\t\t\t}\n\t\t\t\/* see gallery_shortcode() in wp-includes\/media.php *\/\n\t\t<\/style>\n\t\t<div id='gallery-1' class='gallery galleryid-28041 gallery-columns-3 gallery-size-thumbnail'><dl class='gallery-item'>\n\t\t\t<dt class='gallery-icon landscape'>\n\t\t\t\t<a href='https:\/\/www.vsveicolispeciali.com\/de\/food-truck-fritterie-lhelvete-2\/'><img loading=\"lazy\" decoding=\"async\" width=\"150\" height=\"150\" src=\"https:\/\/www.vsveicolispeciali.com\/wp-content\/uploads\/2025\/05\/food-truck-fritterie-lhelvete-150x150.jpg\" class=\"attachment-thumbnail size-thumbnail\" alt=\"\" srcset=\"https:\/\/www.vsveicolispeciali.com\/wp-content\/uploads\/2025\/05\/food-truck-fritterie-lhelvete-150x150.jpg 150w, https:\/\/www.vsveicolispeciali.com\/wp-content\/uploads\/2025\/05\/food-truck-fritterie-lhelvete-570x570.jpg 570w, https:\/\/www.vsveicolispeciali.com\/wp-content\/uploads\/2025\/05\/food-truck-fritterie-lhelvete-500x500.jpg 500w, https:\/\/www.vsveicolispeciali.com\/wp-content\/uploads\/2025\/05\/food-truck-fritterie-lhelvete-1000x1000.jpg 1000w\" sizes=\"(max-width: 150px) 100vw, 150px\" \/><\/a>\n\t\t\t<\/dt><\/dl>\n\t\t\t<br style='clear: both' \/>\n\t\t<\/div>\n\n","protected":false},"excerpt":{"rendered":"<p>Genf, im Herzen Europas gelegen und mit Blick auf den Genfersee, zeigt seit jeher einen besonderen Unternehmergeist in allen Bereichen der Wirtschaft, auch in der Gastronomie. W\u00e4hrend die Stadt ihren Ruf als internationales Finanz- und Diplomatiezentrum bewahrt, florieren im Gastronomiebereich Gourmet-Foodtrucks und mobile Angebote. Gerade&#8230;<\/p>\n","protected":false},"author":1001012,"featured_media":28026,"comment_status":"closed","ping_status":"open","sticky":false,"template":"","format":"gallery","meta":{"footnotes":""},"categories":[48],"tags":[265,267],"class_list":["post-28041","post","type-post","status-publish","format-gallery","has-post-thumbnail","hentry","category-non-categorizzato","tag-gourmet-foodtruck-chef","tag-streetfood-business","post_format-post-format-gallery"],"yoast_head":"<!-- This site is optimized with the Yoast SEO plugin v25.4 - https:\/\/yoast.com\/wordpress\/plugins\/seo\/ -->\n<title>Die Foodtrucks aus Genf, gekauft in Turin: ein Zauber mit dem VS-Label<\/title>\n<meta name=\"description\" content=\"Food truck hamburgeria, friggitoria, pizzeria, di cucina messicana, giapponese e gourmet. In Svizzera e a Ginevra i mezzi di VS spopolano &gt;\" \/>\n<meta name=\"robots\" content=\"index, follow, max-snippet:-1, max-image-preview:large, max-video-preview:-1\" \/>\n<link rel=\"canonical\" href=\"https:\/\/www.vsveicolispeciali.com\/de\/die-foodtrucks-aus-genf-gekauft-in-turin-ein-zauber-mit-dem-vs-label\/\" \/>\n<meta property=\"og:locale\" content=\"de_DE\" \/>\n<meta property=\"og:type\" content=\"article\" \/>\n<meta property=\"og:title\" content=\"Die Foodtrucks aus Genf, gekauft in Turin: ein Zauber mit dem VS-Label\" \/>\n<meta property=\"og:description\" content=\"Food truck hamburgeria, friggitoria, pizzeria, di cucina messicana, giapponese e gourmet. In Svizzera e a Ginevra i mezzi di VS spopolano &gt;\" \/>\n<meta property=\"og:url\" content=\"https:\/\/www.vsveicolispeciali.com\/de\/die-foodtrucks-aus-genf-gekauft-in-turin-ein-zauber-mit-dem-vs-label\/\" \/>\n<meta property=\"og:site_name\" content=\"VS Veicoli Speciali\" \/>\n<meta property=\"article:publisher\" content=\"https:\/\/www.facebook.com\/VSVeicoliSpeciali.Food.Trucks\/\" \/>\n<meta property=\"article:published_time\" content=\"2025-05-28T15:42:38+00:00\" \/>\n<meta property=\"article:modified_time\" content=\"2025-05-29T09:26:42+00:00\" \/>\n<meta property=\"og:image\" content=\"https:\/\/www.vsveicolispeciali.com\/wp-content\/uploads\/2025\/05\/food-truck-fritterie-lhelvete.jpg\" \/>\n\t<meta property=\"og:image:width\" content=\"1728\" \/>\n\t<meta property=\"og:image:height\" content=\"1152\" \/>\n\t<meta property=\"og:image:type\" content=\"image\/jpeg\" \/>\n<meta name=\"author\" content=\"VS Veicoli Speciali\" \/>\n<meta name=\"twitter:card\" content=\"summary_large_image\" \/>\n<meta name=\"twitter:creator\" content=\"@veicolispeciali\" \/>\n<meta name=\"twitter:site\" content=\"@veicolispeciali\" \/>\n<meta name=\"twitter:label1\" content=\"Verfasst von\" \/>\n\t<meta name=\"twitter:data1\" content=\"VS Veicoli Speciali\" \/>\n\t<meta name=\"twitter:label2\" content=\"Gesch\u00e4tzte Lesezeit\" \/>\n\t<meta name=\"twitter:data2\" content=\"6\u00a0Minuten\" \/>\n<script type=\"application\/ld+json\" class=\"yoast-schema-graph\">{\"@context\":\"https:\/\/schema.org\",\"@graph\":[{\"@type\":\"Article\",\"@id\":\"https:\/\/www.vsveicolispeciali.com\/de\/die-foodtrucks-aus-genf-gekauft-in-turin-ein-zauber-mit-dem-vs-label\/#article\",\"isPartOf\":{\"@id\":\"https:\/\/www.vsveicolispeciali.com\/de\/die-foodtrucks-aus-genf-gekauft-in-turin-ein-zauber-mit-dem-vs-label\/\"},\"author\":{\"name\":\"VS Veicoli Speciali\",\"@id\":\"https:\/\/www.vsveicolispeciali.com\/de\/#\/schema\/person\/1241826d792bde4333b3db1395b12be9\"},\"headline\":\"Die Foodtrucks aus Genf, gekauft in Turin: ein Zauber mit dem VS-Label\",\"datePublished\":\"2025-05-28T15:42:38+00:00\",\"dateModified\":\"2025-05-29T09:26:42+00:00\",\"mainEntityOfPage\":{\"@id\":\"https:\/\/www.vsveicolispeciali.com\/de\/die-foodtrucks-aus-genf-gekauft-in-turin-ein-zauber-mit-dem-vs-label\/\"},\"wordCount\":851,\"publisher\":{\"@id\":\"https:\/\/www.vsveicolispeciali.com\/de\/#organization\"},\"image\":{\"@id\":\"https:\/\/www.vsveicolispeciali.com\/de\/die-foodtrucks-aus-genf-gekauft-in-turin-ein-zauber-mit-dem-vs-label\/#primaryimage\"},\"thumbnailUrl\":\"https:\/\/www.vsveicolispeciali.com\/wp-content\/uploads\/2025\/05\/food-truck-fritterie-lhelvete.jpg\",\"keywords\":[\"gourmet foodtruck chef\",\"streetfood business\"],\"articleSection\":[\"Non categorizzato\"],\"inLanguage\":\"de\"},{\"@type\":\"WebPage\",\"@id\":\"https:\/\/www.vsveicolispeciali.com\/de\/die-foodtrucks-aus-genf-gekauft-in-turin-ein-zauber-mit-dem-vs-label\/\",\"url\":\"https:\/\/www.vsveicolispeciali.com\/de\/die-foodtrucks-aus-genf-gekauft-in-turin-ein-zauber-mit-dem-vs-label\/\",\"name\":\"Die Foodtrucks aus Genf, gekauft in Turin: ein Zauber mit dem VS-Label\",\"isPartOf\":{\"@id\":\"https:\/\/www.vsveicolispeciali.com\/de\/#website\"},\"primaryImageOfPage\":{\"@id\":\"https:\/\/www.vsveicolispeciali.com\/de\/die-foodtrucks-aus-genf-gekauft-in-turin-ein-zauber-mit-dem-vs-label\/#primaryimage\"},\"image\":{\"@id\":\"https:\/\/www.vsveicolispeciali.com\/de\/die-foodtrucks-aus-genf-gekauft-in-turin-ein-zauber-mit-dem-vs-label\/#primaryimage\"},\"thumbnailUrl\":\"https:\/\/www.vsveicolispeciali.com\/wp-content\/uploads\/2025\/05\/food-truck-fritterie-lhelvete.jpg\",\"datePublished\":\"2025-05-28T15:42:38+00:00\",\"dateModified\":\"2025-05-29T09:26:42+00:00\",\"description\":\"Food truck hamburgeria, friggitoria, pizzeria, di cucina messicana, giapponese e gourmet. In Svizzera e a Ginevra i mezzi di VS spopolano >\",\"breadcrumb\":{\"@id\":\"https:\/\/www.vsveicolispeciali.com\/de\/die-foodtrucks-aus-genf-gekauft-in-turin-ein-zauber-mit-dem-vs-label\/#breadcrumb\"},\"inLanguage\":\"de\",\"potentialAction\":[{\"@type\":\"ReadAction\",\"target\":[\"https:\/\/www.vsveicolispeciali.com\/de\/die-foodtrucks-aus-genf-gekauft-in-turin-ein-zauber-mit-dem-vs-label\/\"]}]},{\"@type\":\"ImageObject\",\"inLanguage\":\"de\",\"@id\":\"https:\/\/www.vsveicolispeciali.com\/de\/die-foodtrucks-aus-genf-gekauft-in-turin-ein-zauber-mit-dem-vs-label\/#primaryimage\",\"url\":\"https:\/\/www.vsveicolispeciali.com\/wp-content\/uploads\/2025\/05\/food-truck-fritterie-lhelvete.jpg\",\"contentUrl\":\"https:\/\/www.vsveicolispeciali.com\/wp-content\/uploads\/2025\/05\/food-truck-fritterie-lhelvete.jpg\",\"width\":1728,\"height\":1152},{\"@type\":\"BreadcrumbList\",\"@id\":\"https:\/\/www.vsveicolispeciali.com\/de\/die-foodtrucks-aus-genf-gekauft-in-turin-ein-zauber-mit-dem-vs-label\/#breadcrumb\",\"itemListElement\":[{\"@type\":\"ListItem\",\"position\":1,\"name\":\"Home\",\"item\":\"https:\/\/www.vsveicolispeciali.com\/de\/\"},{\"@type\":\"ListItem\",\"position\":2,\"name\":\"Die Foodtrucks aus Genf, gekauft in Turin: ein Zauber mit dem VS-Label\"}]},{\"@type\":\"WebSite\",\"@id\":\"https:\/\/www.vsveicolispeciali.com\/de\/#website\",\"url\":\"https:\/\/www.vsveicolispeciali.com\/de\/\",\"name\":\"VS Veicoli Speciali\",\"description\":\"\",\"publisher\":{\"@id\":\"https:\/\/www.vsveicolispeciali.com\/de\/#organization\"},\"potentialAction\":[{\"@type\":\"SearchAction\",\"target\":{\"@type\":\"EntryPoint\",\"urlTemplate\":\"https:\/\/www.vsveicolispeciali.com\/de\/?s={search_term_string}\"},\"query-input\":{\"@type\":\"PropertyValueSpecification\",\"valueRequired\":true,\"valueName\":\"search_term_string\"}}],\"inLanguage\":\"de\"},{\"@type\":\"Organization\",\"@id\":\"https:\/\/www.vsveicolispeciali.com\/de\/#organization\",\"name\":\"VS Veicoli Speciali\",\"url\":\"https:\/\/www.vsveicolispeciali.com\/de\/\",\"logo\":{\"@type\":\"ImageObject\",\"inLanguage\":\"de\",\"@id\":\"https:\/\/www.vsveicolispeciali.com\/de\/#\/schema\/logo\/image\/\",\"url\":\"http:\/\/www.vsveicolispeciali.com\/wp-content\/uploads\/2015\/05\/vs_veicoli_speciali-logo.png\",\"contentUrl\":\"http:\/\/www.vsveicolispeciali.com\/wp-content\/uploads\/2015\/05\/vs_veicoli_speciali-logo.png\",\"width\":252,\"height\":134,\"caption\":\"VS Veicoli Speciali\"},\"image\":{\"@id\":\"https:\/\/www.vsveicolispeciali.com\/de\/#\/schema\/logo\/image\/\"},\"sameAs\":[\"https:\/\/www.facebook.com\/VSVeicoliSpeciali.Food.Trucks\/\",\"https:\/\/x.com\/veicolispeciali\",\"https:\/\/www.instagram.com\/vs_veicolispeciali\/\",\"https:\/\/www.linkedin.com\/company\/2811960\/\",\"https:\/\/www.pinterest.com\/streetfoodtruck\/\",\"https:\/\/www.youtube.com\/user\/veicolispeciali\"]},{\"@type\":\"Person\",\"@id\":\"https:\/\/www.vsveicolispeciali.com\/de\/#\/schema\/person\/1241826d792bde4333b3db1395b12be9\",\"name\":\"VS Veicoli Speciali\",\"image\":{\"@type\":\"ImageObject\",\"inLanguage\":\"de\",\"@id\":\"https:\/\/www.vsveicolispeciali.com\/de\/#\/schema\/person\/image\/\",\"url\":\"https:\/\/secure.gravatar.com\/avatar\/4ea93278e71ba140dbbbfb5d34409507?s=96&d=mm&r=g\",\"contentUrl\":\"https:\/\/secure.gravatar.com\/avatar\/4ea93278e71ba140dbbbfb5d34409507?s=96&d=mm&r=g\",\"caption\":\"VS Veicoli Speciali\"}}]}<\/script>\n<!-- \/ Yoast SEO plugin. -->","yoast_head_json":{"title":"Die Foodtrucks aus Genf, gekauft in Turin: ein Zauber mit dem VS-Label","description":"Food truck hamburgeria, friggitoria, pizzeria, di cucina messicana, giapponese e gourmet. In Svizzera e a Ginevra i mezzi di VS spopolano >","robots":{"index":"index","follow":"follow","max-snippet":"max-snippet:-1","max-image-preview":"max-image-preview:large","max-video-preview":"max-video-preview:-1"},"canonical":"https:\/\/www.vsveicolispeciali.com\/de\/die-foodtrucks-aus-genf-gekauft-in-turin-ein-zauber-mit-dem-vs-label\/","og_locale":"de_DE","og_type":"article","og_title":"Die Foodtrucks aus Genf, gekauft in Turin: ein Zauber mit dem VS-Label","og_description":"Food truck hamburgeria, friggitoria, pizzeria, di cucina messicana, giapponese e gourmet. In Svizzera e a Ginevra i mezzi di VS spopolano >","og_url":"https:\/\/www.vsveicolispeciali.com\/de\/die-foodtrucks-aus-genf-gekauft-in-turin-ein-zauber-mit-dem-vs-label\/","og_site_name":"VS Veicoli Speciali","article_publisher":"https:\/\/www.facebook.com\/VSVeicoliSpeciali.Food.Trucks\/","article_published_time":"2025-05-28T15:42:38+00:00","article_modified_time":"2025-05-29T09:26:42+00:00","og_image":[{"width":1728,"height":1152,"url":"https:\/\/www.vsveicolispeciali.com\/wp-content\/uploads\/2025\/05\/food-truck-fritterie-lhelvete.jpg","type":"image\/jpeg"}],"author":"VS Veicoli Speciali","twitter_card":"summary_large_image","twitter_creator":"@veicolispeciali","twitter_site":"@veicolispeciali","twitter_misc":{"Verfasst von":"VS Veicoli Speciali","Gesch\u00e4tzte Lesezeit":"6\u00a0Minuten"},"schema":{"@context":"https:\/\/schema.org","@graph":[{"@type":"Article","@id":"https:\/\/www.vsveicolispeciali.com\/de\/die-foodtrucks-aus-genf-gekauft-in-turin-ein-zauber-mit-dem-vs-label\/#article","isPartOf":{"@id":"https:\/\/www.vsveicolispeciali.com\/de\/die-foodtrucks-aus-genf-gekauft-in-turin-ein-zauber-mit-dem-vs-label\/"},"author":{"name":"VS Veicoli Speciali","@id":"https:\/\/www.vsveicolispeciali.com\/de\/#\/schema\/person\/1241826d792bde4333b3db1395b12be9"},"headline":"Die Foodtrucks aus Genf, gekauft in Turin: ein Zauber mit dem VS-Label","datePublished":"2025-05-28T15:42:38+00:00","dateModified":"2025-05-29T09:26:42+00:00","mainEntityOfPage":{"@id":"https:\/\/www.vsveicolispeciali.com\/de\/die-foodtrucks-aus-genf-gekauft-in-turin-ein-zauber-mit-dem-vs-label\/"},"wordCount":851,"publisher":{"@id":"https:\/\/www.vsveicolispeciali.com\/de\/#organization"},"image":{"@id":"https:\/\/www.vsveicolispeciali.com\/de\/die-foodtrucks-aus-genf-gekauft-in-turin-ein-zauber-mit-dem-vs-label\/#primaryimage"},"thumbnailUrl":"https:\/\/www.vsveicolispeciali.com\/wp-content\/uploads\/2025\/05\/food-truck-fritterie-lhelvete.jpg","keywords":["gourmet foodtruck chef","streetfood business"],"articleSection":["Non categorizzato"],"inLanguage":"de"},{"@type":"WebPage","@id":"https:\/\/www.vsveicolispeciali.com\/de\/die-foodtrucks-aus-genf-gekauft-in-turin-ein-zauber-mit-dem-vs-label\/","url":"https:\/\/www.vsveicolispeciali.com\/de\/die-foodtrucks-aus-genf-gekauft-in-turin-ein-zauber-mit-dem-vs-label\/","name":"Die Foodtrucks aus Genf, gekauft in Turin: ein Zauber mit dem VS-Label","isPartOf":{"@id":"https:\/\/www.vsveicolispeciali.com\/de\/#website"},"primaryImageOfPage":{"@id":"https:\/\/www.vsveicolispeciali.com\/de\/die-foodtrucks-aus-genf-gekauft-in-turin-ein-zauber-mit-dem-vs-label\/#primaryimage"},"image":{"@id":"https:\/\/www.vsveicolispeciali.com\/de\/die-foodtrucks-aus-genf-gekauft-in-turin-ein-zauber-mit-dem-vs-label\/#primaryimage"},"thumbnailUrl":"https:\/\/www.vsveicolispeciali.com\/wp-content\/uploads\/2025\/05\/food-truck-fritterie-lhelvete.jpg","datePublished":"2025-05-28T15:42:38+00:00","dateModified":"2025-05-29T09:26:42+00:00","description":"Food truck hamburgeria, friggitoria, pizzeria, di cucina messicana, giapponese e gourmet. In Svizzera e a Ginevra i mezzi di VS spopolano >","breadcrumb":{"@id":"https:\/\/www.vsveicolispeciali.com\/de\/die-foodtrucks-aus-genf-gekauft-in-turin-ein-zauber-mit-dem-vs-label\/#breadcrumb"},"inLanguage":"de","potentialAction":[{"@type":"ReadAction","target":["https:\/\/www.vsveicolispeciali.com\/de\/die-foodtrucks-aus-genf-gekauft-in-turin-ein-zauber-mit-dem-vs-label\/"]}]},{"@type":"ImageObject","inLanguage":"de","@id":"https:\/\/www.vsveicolispeciali.com\/de\/die-foodtrucks-aus-genf-gekauft-in-turin-ein-zauber-mit-dem-vs-label\/#primaryimage","url":"https:\/\/www.vsveicolispeciali.com\/wp-content\/uploads\/2025\/05\/food-truck-fritterie-lhelvete.jpg","contentUrl":"https:\/\/www.vsveicolispeciali.com\/wp-content\/uploads\/2025\/05\/food-truck-fritterie-lhelvete.jpg","width":1728,"height":1152},{"@type":"BreadcrumbList","@id":"https:\/\/www.vsveicolispeciali.com\/de\/die-foodtrucks-aus-genf-gekauft-in-turin-ein-zauber-mit-dem-vs-label\/#breadcrumb","itemListElement":[{"@type":"ListItem","position":1,"name":"Home","item":"https:\/\/www.vsveicolispeciali.com\/de\/"},{"@type":"ListItem","position":2,"name":"Die Foodtrucks aus Genf, gekauft in Turin: ein Zauber mit dem VS-Label"}]},{"@type":"WebSite","@id":"https:\/\/www.vsveicolispeciali.com\/de\/#website","url":"https:\/\/www.vsveicolispeciali.com\/de\/","name":"VS Veicoli Speciali","description":"","publisher":{"@id":"https:\/\/www.vsveicolispeciali.com\/de\/#organization"},"potentialAction":[{"@type":"SearchAction","target":{"@type":"EntryPoint","urlTemplate":"https:\/\/www.vsveicolispeciali.com\/de\/?s={search_term_string}"},"query-input":{"@type":"PropertyValueSpecification","valueRequired":true,"valueName":"search_term_string"}}],"inLanguage":"de"},{"@type":"Organization","@id":"https:\/\/www.vsveicolispeciali.com\/de\/#organization","name":"VS Veicoli Speciali","url":"https:\/\/www.vsveicolispeciali.com\/de\/","logo":{"@type":"ImageObject","inLanguage":"de","@id":"https:\/\/www.vsveicolispeciali.com\/de\/#\/schema\/logo\/image\/","url":"http:\/\/www.vsveicolispeciali.com\/wp-content\/uploads\/2015\/05\/vs_veicoli_speciali-logo.png","contentUrl":"http:\/\/www.vsveicolispeciali.com\/wp-content\/uploads\/2015\/05\/vs_veicoli_speciali-logo.png","width":252,"height":134,"caption":"VS Veicoli Speciali"},"image":{"@id":"https:\/\/www.vsveicolispeciali.com\/de\/#\/schema\/logo\/image\/"},"sameAs":["https:\/\/www.facebook.com\/VSVeicoliSpeciali.Food.Trucks\/","https:\/\/x.com\/veicolispeciali","https:\/\/www.instagram.com\/vs_veicolispeciali\/","https:\/\/www.linkedin.com\/company\/2811960\/","https:\/\/www.pinterest.com\/streetfoodtruck\/","https:\/\/www.youtube.com\/user\/veicolispeciali"]},{"@type":"Person","@id":"https:\/\/www.vsveicolispeciali.com\/de\/#\/schema\/person\/1241826d792bde4333b3db1395b12be9","name":"VS Veicoli Speciali","image":{"@type":"ImageObject","inLanguage":"de","@id":"https:\/\/www.vsveicolispeciali.com\/de\/#\/schema\/person\/image\/","url":"https:\/\/secure.gravatar.com\/avatar\/4ea93278e71ba140dbbbfb5d34409507?s=96&d=mm&r=g","contentUrl":"https:\/\/secure.gravatar.com\/avatar\/4ea93278e71ba140dbbbfb5d34409507?s=96&d=mm&r=g","caption":"VS Veicoli Speciali"}}]}},"_links":{"self":[{"href":"https:\/\/www.vsveicolispeciali.com\/de\/wp-json\/wp\/v2\/posts\/28041"}],"collection":[{"href":"https:\/\/www.vsveicolispeciali.com\/de\/wp-json\/wp\/v2\/posts"}],"about":[{"href":"https:\/\/www.vsveicolispeciali.com\/de\/wp-json\/wp\/v2\/types\/post"}],"author":[{"embeddable":true,"href":"https:\/\/www.vsveicolispeciali.com\/de\/wp-json\/wp\/v2\/users\/1001012"}],"replies":[{"embeddable":true,"href":"https:\/\/www.vsveicolispeciali.com\/de\/wp-json\/wp\/v2\/comments?post=28041"}],"version-history":[{"count":3,"href":"https:\/\/www.vsveicolispeciali.com\/de\/wp-json\/wp\/v2\/posts\/28041\/revisions"}],"predecessor-version":[{"id":28044,"href":"https:\/\/www.vsveicolispeciali.com\/de\/wp-json\/wp\/v2\/posts\/28041\/revisions\/28044"}],"wp:featuredmedia":[{"embeddable":true,"href":"https:\/\/www.vsveicolispeciali.com\/de\/wp-json\/wp\/v2\/media\/28026"}],"wp:attachment":[{"href":"https:\/\/www.vsveicolispeciali.com\/de\/wp-json\/wp\/v2\/media?parent=28041"}],"wp:term":[{"taxonomy":"category","embeddable":true,"href":"https:\/\/www.vsveicolispeciali.com\/de\/wp-json\/wp\/v2\/categories?post=28041"},{"taxonomy":"post_tag","embeddable":true,"href":"https:\/\/www.vsveicolispeciali.com\/de\/wp-json\/wp\/v2\/tags?post=28041"}],"curies":[{"name":"wp","href":"https:\/\/api.w.org\/{rel}","templated":true}]}}