{"id":27864,"date":"2025-04-27T16:23:23","date_gmt":"2025-04-27T14:23:23","guid":{"rendered":"https:\/\/www.vsveicolispeciali.com\/mercato-dei-food-truck-in-germania-austria-e-svizzera-tedesca\/"},"modified":"2025-05-29T13:00:24","modified_gmt":"2025-05-29T11:00:24","slug":"der-foodtruck-markt-in-deutschland-oesterreich-und-der-deutschschweiz","status":"publish","type":"post","link":"https:\/\/www.vsveicolispeciali.com\/de\/der-foodtruck-markt-in-deutschland-oesterreich-und-der-deutschschweiz\/","title":{"rendered":"Der Foodtruck-Markt in Deutschland, \u00d6sterreich und der Deutschschweiz"},"content":{"rendered":"<p>Im <strong>Herzen Mitteleuropas<\/strong> hat die <a href=\"https:\/\/www.vsveicolispeciali.com\/de\/die-12-beliebtesten-arten-von-streetfood-in-europa\/\" target=\"_blank\" rel=\"noopener\">Street-Food-Kultur<\/a> einen fruchtbaren Boden gefunden, um sich in einer zeitgem\u00e4\u00dfen Form weiterzuentwickeln.<\/p>\n<p><strong>Deutschland, \u00d6sterreich und die Deutschschweiz<\/strong> bilden heute ein besonders dynamisches \u00d6kosystem f\u00fcr Unternehmen im Bereich Foodtrucks, dank einer erfolgreichen Kombination aus kulinarischer Tradition und unternehmerischer Innovation.<\/p>\n<p>&nbsp;&nbsp;<\/p>\n<h2>Street Food zwischen Tradition und Moderne<\/h2>\n<p>In den <strong>deutschsprachigen L\u00e4ndern<\/strong> ist Street Food kein kurzlebiger Trend, sondern ein fester Bestandteil der modernen urbanen Kultur.<\/p>\n<p><a href=\"https:\/\/www.vsveicolispeciali.com\/de\/der-boom-der-street-food-in-deutschland\/\" target=\"_blank\" rel=\"noopener\">Deutschland verf\u00fcgt \u00fcber eine lange Geschichte des Stra\u00dfenessens<\/a>, die weit \u00fcber die bekannten Curryw\u00fcrste und Bratw\u00fcrste auf Volksfesten hinausgeht.<\/p>\n<p>In St\u00e4dten wie <strong>Berlin, Hamburg und K\u00f6ln<\/strong> haben zahlreiche Unternehmer aus der Gastronomie, und zunehmend auch aus anderen Branchen, Street-Food-Konzepte und Catering-Services als M\u00f6glichkeit genutzt, ihre Markenpr\u00e4senz auszubauen und ihr Unternehmensimage zu st\u00e4rken.<\/p>\n<p>In \u00d6sterreich hat sich die klassische Imbisskultur zu mobilen Projekten weiterentwickelt, die \u00e4sthetisches Design mit der Aufwertung regionaler Produkte verbinden. <strong>Wien, Graz und Salzburg<\/strong> zeichnen sich durch ein vielf\u00e4ltiges Gourmet-Angebot und zahlreiche Street-Food und Gastronomie-Events aus. Foodtrucks sind heute keine einfachen Verkaufsst\u00e4nde auf R\u00e4dern mehr, sondern mobile Einheiten, die au\u00dfergew\u00f6hnliche kulinarische Erlebnisse bieten.<\/p>\n<p>Die Deutschschweiz wiederum \u00fcberzeugt mit einem besonders qualit\u00e4ts, und nachhaltigkeitsbewussten Publikum, ideal f\u00fcr hochwertige, gut konzipierte Foodtrucks. In <strong>Z\u00fcrich, Basel und Luzern<\/strong> sind Foodtrucks l\u00e4ngst ein fester Bestandteil des st\u00e4dtischen Lebens geworden, nicht zuletzt dank der Begeisterung der Schweizer f\u00fcr innovative und stilvolle mobile L\u00f6sungen.<\/p>\n<p>&nbsp;&nbsp;<\/p>\n<h2>Warum der deutschsprachige Markt besonders g\u00fcnstig f\u00fcr Foodtrucks ist?<\/h2>\n<p>Mindestens f\u00fcnf Gr\u00fcnde sprechen daf\u00fcr.<\/p>\n<p><strong>Ein klarer, gut definierter gesetzlicher Rahmen<\/strong>, der Unternehmern Sicherheit gibt und Investitionen sowie neue Ideen f\u00f6rdert.<\/p>\n<p><strong>Wirtschaftliche Stabilit\u00e4t und hohe Kaufkraft<\/strong>: ein Umfeld, das qualitativ hochwertige Produkte und innovative Konzepte belohnt.<\/p>\n<p><strong>Ein bewusster, qualit\u00e4tsorientierter Konsum<\/strong>: Der durchschnittliche deutschsprachige Konsument ist neugierig, anspruchsvoll und bereit, in authentische kulinarische Erlebnisse zu investieren.<\/p>\n<p><a href=\"https:\/\/www.vsveicolispeciali.com\/wp-content\/uploads\/2025\/04\/andis-arancini-ape-piaggio-food-truck.jpg\"><img loading=\"lazy\" decoding=\"async\" src=\"https:\/\/www.vsveicolispeciali.com\/wp-content\/uploads\/2025\/04\/andis-arancini-ape-piaggio-food-truck.jpg\" alt=\"andis arancini ape piaggio food truck a vienna\" width=\"1099\" height=\"731\" class=\"alignleft size-full wp-image-27843\" srcset=\"https:\/\/www.vsveicolispeciali.com\/wp-content\/uploads\/2025\/04\/andis-arancini-ape-piaggio-food-truck.jpg 1099w, https:\/\/www.vsveicolispeciali.com\/wp-content\/uploads\/2025\/04\/andis-arancini-ape-piaggio-food-truck-300x200.jpg 300w, https:\/\/www.vsveicolispeciali.com\/wp-content\/uploads\/2025\/04\/andis-arancini-ape-piaggio-food-truck-1024x681.jpg 1024w, https:\/\/www.vsveicolispeciali.com\/wp-content\/uploads\/2025\/04\/andis-arancini-ape-piaggio-food-truck-768x511.jpg 768w, https:\/\/www.vsveicolispeciali.com\/wp-content\/uploads\/2025\/04\/andis-arancini-ape-piaggio-food-truck-700x466.jpg 700w\" sizes=\"(max-width: 1099px) 100vw, 1099px\" \/><\/a><\/p>\n<p><strong>Ein wachsendes Interesse an Design und Individualisierung<\/strong>, optisch ansprechende <a href=\"https:\/\/www.vsveicolispeciali.com\/food-truck-e-design-un-binomio-reso-popolare-da-vs-veicoli-speciali\/\" rel=\"noopener\" target=\"_blank\">Foodtrucks mit Wiedererkennungswert<\/a> sind f\u00fcr Kunden besonders attraktiv.<\/p>\n<p><strong>Ein gut etabliertes Netzwerk aus Veranstaltungen<\/strong>, M\u00e4rkten und Themenfestivals, das auch f\u00fcr neue Unternehmen lukrative Gesch\u00e4ftsm\u00f6glichkeiten und eine gute Rendite bietet.<\/p>\n<p>&nbsp;&nbsp;<\/p>\n<h2>Zahlreiche Veranstaltungen, bei denen Foodtrucks im Mittelpunkt stehen<\/h2>\n<p>In \u00d6sterreich, Deutschland und der Deutschschweiz wird die Gastronomieszene durch ein dichtes Netz an <strong>Street-Food-Festivals und Events<\/strong> belebt, sie bieten wichtige Plattformen f\u00fcr Anbieter:<\/p>\n<ul class=\"lista\">\n<li><strong>Street Food Festival (verschiedene St\u00e4dte in Deutschland)<\/strong>: eine Wanderausstellung, die zahlreiche deutsche Gro\u00dfst\u00e4dte besucht und Hunderte von Trucks aus ganz Europa vereint;<\/li>\n<li><strong>Eat &amp; Style (Hamburg, Stuttgart)<\/strong>: eine Food-Messe mit einem bedeutenden Bereich f\u00fcr mobilen Street Food und das Design von Verkaufsfahrzeugen;<\/li>\n<li><strong>Karlsruhe Food Truck Convention<\/strong>: ein st\u00e4rker auf Fachpublikum ausgerichtetes Event mit Fokus auf technische Innovationen und Branchentrends;<\/li>\n<li><strong>Wiener Genuss Festival (Wien)<\/strong>: eine Leitveranstaltung in \u00d6sterreich mit starker Pr\u00e4senz regionaler und internationaler Foodtrucks;<\/li>\n<li><strong>European Street Food Festival (Wien)<\/strong>: das gr\u00f6\u00dfte Street-Food-Event \u00d6sterreichs mit einem breiten Spektrum an internationalen und lokalen K\u00fcchen;<\/li>\n<li><strong>Street Food Festival Z\u00fcrich<\/strong>: eines der gr\u00f6\u00dften Festivals in der Schweiz mit Dutzenden von Foodtrucks und Tausenden von Besucherinnen und Besuchern jedes Jahr;<\/li>\n<li><strong>Streetfood Festival Basel (Basel)<\/strong>: auf dem Messeplatz im Herzen der Stadt findet dieses bunte Event mit zahlreichen St\u00e4nden und Foodtrucks statt, das internationale Spezialit\u00e4ten in lebendiger Atmosph\u00e4re bietet.<\/li>\n<li><strong>Geneva Street Food Festival<\/strong>: eine perfekte Gelegenheit, <a href=\"https:\/\/www.vsveicolispeciali.com\/de\/die-foodtrucks-aus-genf-gekauft-in-turin-ein-zauber-mit-dem-vs-label\/\" rel=\"noopener\" target=\"_blank\">Genfs kulinarische Vielfalt<\/a> zu entdecken und neue Geschmackserlebnisse in einem pulsierenden urbanen Ambiente zu genie\u00dfen.<\/li>\n<\/ul>\n<p>&nbsp;<\/p>\n<p>Diese Liste umfasst einige der bekanntesten Festivals, erg\u00e4nzt durch zahlreiche <strong>kleinere Veranstaltungen<\/strong>, die im gesamten deutschsprachigen Raum stattfinden.<\/p>\n<p>Unternehmen, die an solchen Events teilnehmen, verkaufen nicht nur ihre Produkte, sie pr\u00e4sentieren ihre Marke, testen neue Konzepte und sammeln wertvolles Feedback.<\/p>\n<p>&nbsp;&nbsp;<\/p>\n<h2>Der Beitrag von VS: Hochwertige Foodtrucks f\u00fcr einen erfolgreichen Auftritt<\/h2>\n<p><em>VS Veicoli Speciali<\/em> ist auf die Konzeption und Herstellung von <a href=\"https:\/\/www.vsveicolispeciali.com\/de\/wie-wir-einen-food-truck-zertifizieren\/\" target=\"_blank\" rel=\"noopener\">zertifizierte Foodtrucks<\/a>, die f\u00fcr den Einsatz in Deutschland, \u00d6sterreich und der Deutschschweiz zugelassen sind.<\/p>\n<p>Jedes Fahrzeug wird <a href=\"https:\/\/www.vsveicolispeciali.com\/de\/zutaten-fuer-einen-guten-imbisswagen\/\" target=\"_blank\" rel=\"noopener\">unter Einhaltung der geltenden Stra\u00dfenverkehrs, und Hygienevorschriften gebaut<\/a>, einschlie\u00dflich der Anforderungen an Elektroinstallationen, Bel\u00fcftungssysteme, Lebensmittelsicherheit und allgemeine Betriebssicherheit.<\/p>\n<p><strong>Wir arbeiten eng mit jedem Kunden zusammen<\/strong>, um ein funktionales Fahrzeug mit einer starken Markenidentit\u00e4t zu entwickeln, das den jeweiligen landesspezifischen Standards entspricht.<\/p>\n<p>Ob individuelles Einzelprojekt oder Flottenl\u00f6sung f\u00fcr eine etablierte Marke \u2013 wir bieten schl\u00fcsselfertige L\u00f6sungen mit <strong>umfassender Beratung<\/strong> zu Design, Materialien, Ausstattung und weiteren Optionen.<\/p>\n<p>In einem zunehmend anspruchsvollen und wettbewerbsintensiven Markt sind <strong>Individualisierung und Qualit\u00e4t<\/strong> f\u00fcr uns der entscheidende Erfolgsfaktor.<\/p>\n<p>Nachfolgend zeigen wir einige BEISPIELE von <strong>Foodtrucks, die wir f\u00fcr den Einsatz in Deutschland, \u00d6sterreich und der Deutschschweiz realisiert haben<\/strong>.<\/p>\n<p>&nbsp;<\/p>\n<h3>DEUTSCHLAND<\/h3>\n<p>&nbsp;<br \/>\n<a href=\"https:\/\/www.vsveicolispeciali.com\/de\/street-food-truck\/pizzawagen-360-street-food\/\" target=\"_blank\" rel=\"noopener\">360 Street Food<\/a><br \/>\n<a href=\"https:\/\/www.vsveicolispeciali.com\/wp-content\/uploads\/2025\/04\/foodtruck-360-streetfood.jpg\"><img loading=\"lazy\" decoding=\"async\" class=\"alignleft size-full wp-image-27814\" src=\"https:\/\/www.vsveicolispeciali.com\/wp-content\/uploads\/2025\/04\/foodtruck-360-streetfood.jpg\" alt=\"Pizzawagen 360 Street Food\" width=\"810\" height=\"540\" srcset=\"https:\/\/www.vsveicolispeciali.com\/wp-content\/uploads\/2025\/04\/foodtruck-360-streetfood.jpg 810w, https:\/\/www.vsveicolispeciali.com\/wp-content\/uploads\/2025\/04\/foodtruck-360-streetfood-300x200.jpg 300w, https:\/\/www.vsveicolispeciali.com\/wp-content\/uploads\/2025\/04\/foodtruck-360-streetfood-768x512.jpg 768w, https:\/\/www.vsveicolispeciali.com\/wp-content\/uploads\/2025\/04\/foodtruck-360-streetfood-700x467.jpg 700w\" sizes=\"(max-width: 810px) 100vw, 810px\" \/><\/a><\/p>\n<p>&nbsp;<\/p>\n<p><a href=\"https:\/\/www.vsveicolispeciali.com\/de\/street-food-truck\/dreiraedrigen-laden-von-piaggio-fuer-den-fahrenden-handel\/\" target=\"_blank\" rel=\"noopener\">Orangerie<\/a><br \/>\n<a href=\"https:\/\/www.vsveicolispeciali.com\/wp-content\/uploads\/2018\/11\/negozio-su-tre-ruote-piaggio.jpg\"><img loading=\"lazy\" decoding=\"async\" class=\"alignleft size-full wp-image-8417\" src=\"https:\/\/www.vsveicolispeciali.com\/wp-content\/uploads\/2018\/11\/negozio-su-tre-ruote-piaggio.jpg\" alt=\"Dreiradladen Ape Piaggio f\u00fcr den mobilen Verkauf in Deutschland\" width=\"1000\" height=\"800\" srcset=\"https:\/\/www.vsveicolispeciali.com\/wp-content\/uploads\/2018\/11\/negozio-su-tre-ruote-piaggio.jpg 1000w, https:\/\/www.vsveicolispeciali.com\/wp-content\/uploads\/2018\/11\/negozio-su-tre-ruote-piaggio-300x240.jpg 300w, https:\/\/www.vsveicolispeciali.com\/wp-content\/uploads\/2018\/11\/negozio-su-tre-ruote-piaggio-768x614.jpg 768w, https:\/\/www.vsveicolispeciali.com\/wp-content\/uploads\/2018\/11\/negozio-su-tre-ruote-piaggio-700x560.jpg 700w\" sizes=\"(max-width: 1000px) 100vw, 1000px\" \/><\/a><br \/>\n&nbsp;<\/p>\n<p><a href=\"https:\/\/www.vsveicolispeciali.com\/de\/street-food-truck\/ape-food-truck-deutschland-typisch-italienische-produkte\/\" target=\"_blank\" rel=\"noopener\">Ciao Italia<\/a><br \/>\n<a href=\"https:\/\/www.vsveicolispeciali.com\/wp-content\/uploads\/2025\/04\/ciao-italia-ape-foodtruck.jpg\"><img loading=\"lazy\" decoding=\"async\" class=\"alignleft size-full wp-image-27818\" src=\"https:\/\/www.vsveicolispeciali.com\/wp-content\/uploads\/2025\/04\/ciao-italia-ape-foodtruck.jpg\" alt=\"ciao italia piaggio ape food truck\" width=\"810\" height=\"608\" srcset=\"https:\/\/www.vsveicolispeciali.com\/wp-content\/uploads\/2025\/04\/ciao-italia-ape-foodtruck.jpg 810w, https:\/\/www.vsveicolispeciali.com\/wp-content\/uploads\/2025\/04\/ciao-italia-ape-foodtruck-300x225.jpg 300w, https:\/\/www.vsveicolispeciali.com\/wp-content\/uploads\/2025\/04\/ciao-italia-ape-foodtruck-768x576.jpg 768w, https:\/\/www.vsveicolispeciali.com\/wp-content\/uploads\/2025\/04\/ciao-italia-ape-foodtruck-800x600.jpg 800w, https:\/\/www.vsveicolispeciali.com\/wp-content\/uploads\/2025\/04\/ciao-italia-ape-foodtruck-700x525.jpg 700w\" sizes=\"(max-width: 810px) 100vw, 810px\" \/><\/a><\/p>\n<p>&nbsp;<\/p>\n<p><a href=\"https:\/\/www.vsveicolispeciali.com\/de\/street-food-truck\/eismobil-eiswerkstatt\/\" target=\"_blank\" rel=\"noopener\">Eiswerkstatt<\/a><br \/>\n<a href=\"https:\/\/www.vsveicolispeciali.com\/wp-content\/uploads\/2024\/12\/vendeur-glace-ambulant-eiswerkstaat.jpg\"><img loading=\"lazy\" decoding=\"async\" class=\"alignleft size-full wp-image-27336\" src=\"https:\/\/www.vsveicolispeciali.com\/wp-content\/uploads\/2024\/12\/vendeur-glace-ambulant-eiswerkstaat.jpg\" alt=\"Eiswerkstatt foodtruck\" width=\"810\" height=\"608\" srcset=\"https:\/\/www.vsveicolispeciali.com\/wp-content\/uploads\/2024\/12\/vendeur-glace-ambulant-eiswerkstaat.jpg 810w, https:\/\/www.vsveicolispeciali.com\/wp-content\/uploads\/2024\/12\/vendeur-glace-ambulant-eiswerkstaat-300x225.jpg 300w, https:\/\/www.vsveicolispeciali.com\/wp-content\/uploads\/2024\/12\/vendeur-glace-ambulant-eiswerkstaat-768x576.jpg 768w, https:\/\/www.vsveicolispeciali.com\/wp-content\/uploads\/2024\/12\/vendeur-glace-ambulant-eiswerkstaat-800x600.jpg 800w, https:\/\/www.vsveicolispeciali.com\/wp-content\/uploads\/2024\/12\/vendeur-glace-ambulant-eiswerkstaat-700x525.jpg 700w\" sizes=\"(max-width: 810px) 100vw, 810px\" \/><\/a><\/p>\n<p>&nbsp;<\/p>\n<p><a href=\"https:\/\/www.vsveicolispeciali.com\/de\/street-food-truck\/mobile-kaffeewagen-la-lela-kaffee-kunst\/\" target=\"_blank\" rel=\"noopener\">La Lela<\/a><br \/>\n<a href=\"https:\/\/www.vsveicolispeciali.com\/wp-content\/uploads\/2020\/12\/coffee-truck-caffe-la-lela.jpg\"><img loading=\"lazy\" decoding=\"async\" class=\"alignleft size-full wp-image-13892\" src=\"https:\/\/www.vsveicolispeciali.com\/wp-content\/uploads\/2020\/12\/coffee-truck-caffe-la-lela.jpg\" alt=\"Kaffee truck la lela\" width=\"1000\" height=\"800\" srcset=\"https:\/\/www.vsveicolispeciali.com\/wp-content\/uploads\/2020\/12\/coffee-truck-caffe-la-lela.jpg 1000w, https:\/\/www.vsveicolispeciali.com\/wp-content\/uploads\/2020\/12\/coffee-truck-caffe-la-lela-300x240.jpg 300w, https:\/\/www.vsveicolispeciali.com\/wp-content\/uploads\/2020\/12\/coffee-truck-caffe-la-lela-768x614.jpg 768w, https:\/\/www.vsveicolispeciali.com\/wp-content\/uploads\/2020\/12\/coffee-truck-caffe-la-lela-700x560.jpg 700w\" sizes=\"(max-width: 1000px) 100vw, 1000px\" \/><\/a><\/p>\n<p>&nbsp;<\/p>\n<p><a href=\"https:\/\/www.vsveicolispeciali.com\/de\/street-food-truck\/food-truck-ape-fahrendes-geschaeft-parma-food\/\" target=\"_blank\" rel=\"noopener\">Parma Food<\/a><br \/>\n<a href=\"https:\/\/www.vsveicolispeciali.com\/wp-content\/uploads\/2016\/09\/Ape_Street_Food_ParmaMen\u00f9_01-1.jpg\"><img loading=\"lazy\" decoding=\"async\" src=\"https:\/\/www.vsveicolispeciali.com\/wp-content\/uploads\/2016\/09\/Ape_Street_Food_ParmaMen\u00f9_01-1.jpg\" alt=\"parma food truck deutchland\" width=\"1000\" height=\"800\" class=\"alignleft size-full wp-image-2977\" srcset=\"https:\/\/www.vsveicolispeciali.com\/wp-content\/uploads\/2016\/09\/Ape_Street_Food_ParmaMen\u00f9_01-1.jpg 1000w, https:\/\/www.vsveicolispeciali.com\/wp-content\/uploads\/2016\/09\/Ape_Street_Food_ParmaMen\u00f9_01-1-300x240.jpg 300w, https:\/\/www.vsveicolispeciali.com\/wp-content\/uploads\/2016\/09\/Ape_Street_Food_ParmaMen\u00f9_01-1-768x614.jpg 768w, https:\/\/www.vsveicolispeciali.com\/wp-content\/uploads\/2016\/09\/Ape_Street_Food_ParmaMen\u00f9_01-1-700x560.jpg 700w\" sizes=\"(max-width: 1000px) 100vw, 1000px\" \/><\/a><\/p>\n<p>&nbsp;<\/p>\n<p>Der Bar<br \/>\n<a href=\"https:\/\/www.vsveicolispeciali.com\/wp-content\/uploads\/2025\/04\/der-bar-food-truck.jpg\"><img loading=\"lazy\" decoding=\"async\" class=\"alignleft size-full wp-image-27802\" src=\"https:\/\/www.vsveicolispeciali.com\/wp-content\/uploads\/2025\/04\/der-bar-food-truck.jpg\" alt=\"der bar Food Truck in Deutschland verkauft und auf NV Food Truck hergestellt\" width=\"810\" height=\"456\" srcset=\"https:\/\/www.vsveicolispeciali.com\/wp-content\/uploads\/2025\/04\/der-bar-food-truck.jpg 810w, https:\/\/www.vsveicolispeciali.com\/wp-content\/uploads\/2025\/04\/der-bar-food-truck-300x169.jpg 300w, https:\/\/www.vsveicolispeciali.com\/wp-content\/uploads\/2025\/04\/der-bar-food-truck-768x432.jpg 768w, https:\/\/www.vsveicolispeciali.com\/wp-content\/uploads\/2025\/04\/der-bar-food-truck-700x394.jpg 700w, https:\/\/www.vsveicolispeciali.com\/wp-content\/uploads\/2025\/04\/der-bar-food-truck-539x303.jpg 539w\" sizes=\"(max-width: 810px) 100vw, 810px\" \/><\/a><\/p>\n<p>&nbsp;<\/p>\n<p><a href=\"https:\/\/www.vsveicolispeciali.com\/wp-content\/uploads\/2025\/04\/ape-food-truck-deutch.jpg\"><img loading=\"lazy\" decoding=\"async\" class=\"alignleft size-full wp-image-27798\" src=\"https:\/\/www.vsveicolispeciali.com\/wp-content\/uploads\/2025\/04\/ape-food-truck-deutch.jpg\" alt=\"ape food truck Deutschland\" width=\"810\" height=\"675\" srcset=\"https:\/\/www.vsveicolispeciali.com\/wp-content\/uploads\/2025\/04\/ape-food-truck-deutch.jpg 810w, https:\/\/www.vsveicolispeciali.com\/wp-content\/uploads\/2025\/04\/ape-food-truck-deutch-300x250.jpg 300w, https:\/\/www.vsveicolispeciali.com\/wp-content\/uploads\/2025\/04\/ape-food-truck-deutch-768x640.jpg 768w, https:\/\/www.vsveicolispeciali.com\/wp-content\/uploads\/2025\/04\/ape-food-truck-deutch-700x583.jpg 700w\" sizes=\"(max-width: 810px) 100vw, 810px\" \/><\/a><\/p>\n<p>&nbsp;<\/p>\n<h3>\u00d6STERREICH<\/h3>\n<p>&nbsp;<br \/>\n<a href=\"https:\/\/www.vsveicolispeciali.com\/de\/street-food-truck\/cocktail-truck-aperol-spritz\/\" target=\"_blank\" rel=\"noopener\">Aperol Spritz<\/a><br \/>\n<a href=\"https:\/\/www.vsveicolispeciali.com\/wp-content\/uploads\/2023\/07\/cocktail-bar-truck-aperol-spritz.jpg\"><img loading=\"lazy\" decoding=\"async\" src=\"https:\/\/www.vsveicolispeciali.com\/wp-content\/uploads\/2023\/07\/cocktail-bar-truck-aperol-spritz.jpg\" alt=\"cocktail-bar truck aperol spritz\" width=\"1000\" height=\"800\" class=\"alignleft size-full wp-image-23684\" srcset=\"https:\/\/www.vsveicolispeciali.com\/wp-content\/uploads\/2023\/07\/cocktail-bar-truck-aperol-spritz.jpg 1000w, https:\/\/www.vsveicolispeciali.com\/wp-content\/uploads\/2023\/07\/cocktail-bar-truck-aperol-spritz-300x240.jpg 300w, https:\/\/www.vsveicolispeciali.com\/wp-content\/uploads\/2023\/07\/cocktail-bar-truck-aperol-spritz-768x614.jpg 768w, https:\/\/www.vsveicolispeciali.com\/wp-content\/uploads\/2023\/07\/cocktail-bar-truck-aperol-spritz-700x560.jpg 700w\" sizes=\"(max-width: 1000px) 100vw, 1000px\" \/><\/a><\/p>\n<p>&nbsp;<\/p>\n<p><a href=\"https:\/\/www.vsveicolispeciali.com\/de\/street-food-truck\/piaggio-imbisswagen-verkaufsmobil-wien\/\" target=\"_blank\" rel=\"noopener\">Andis Arancini<\/a><br \/>\n<a href=\"https:\/\/www.vsveicolispeciali.com\/wp-content\/uploads\/2025\/04\/andis-arancini-ape-piaggio-foodtruck.jpeg\"><img loading=\"lazy\" decoding=\"async\" class=\"alignleft size-full wp-image-27810\" src=\"https:\/\/www.vsveicolispeciali.com\/wp-content\/uploads\/2025\/04\/andis-arancini-ape-piaggio-foodtruck.jpeg\" alt=\"Andis Arancini ape piaggio street food\" width=\"949\" height=\"949\" srcset=\"https:\/\/www.vsveicolispeciali.com\/wp-content\/uploads\/2025\/04\/andis-arancini-ape-piaggio-foodtruck.jpeg 949w, https:\/\/www.vsveicolispeciali.com\/wp-content\/uploads\/2025\/04\/andis-arancini-ape-piaggio-foodtruck-300x300.jpeg 300w, https:\/\/www.vsveicolispeciali.com\/wp-content\/uploads\/2025\/04\/andis-arancini-ape-piaggio-foodtruck-150x150.jpeg 150w, https:\/\/www.vsveicolispeciali.com\/wp-content\/uploads\/2025\/04\/andis-arancini-ape-piaggio-foodtruck-768x768.jpeg 768w, https:\/\/www.vsveicolispeciali.com\/wp-content\/uploads\/2025\/04\/andis-arancini-ape-piaggio-foodtruck-570x570.jpeg 570w, https:\/\/www.vsveicolispeciali.com\/wp-content\/uploads\/2025\/04\/andis-arancini-ape-piaggio-foodtruck-500x500.jpeg 500w, https:\/\/www.vsveicolispeciali.com\/wp-content\/uploads\/2025\/04\/andis-arancini-ape-piaggio-foodtruck-700x700.jpeg 700w\" sizes=\"(max-width: 949px) 100vw, 949px\" \/><\/a><\/p>\n<p>&nbsp;<\/p>\n<h3>SVIZZERA TEDESCA<\/h3>\n<p>&nbsp;<br \/>\n<a href=\"https:\/\/www.vsveicolispeciali.com\/de\/street-food-truck\/bierwagen-joseph-kolb-switzerland\/\" target=\"_blank\" rel=\"noopener\">Joseph Kolb AG<\/a><br \/>\n<a href=\"https:\/\/www.vsveicolispeciali.com\/wp-content\/uploads\/2025\/04\/ale-house-bier-wagen.jpg\"><img loading=\"lazy\" decoding=\"async\" src=\"https:\/\/www.vsveicolispeciali.com\/wp-content\/uploads\/2025\/04\/ale-house-bier-wagen.jpg\" alt=\"alehouse bierwagen JOSEPH KOLB\" width=\"810\" height=\"609\" class=\"alignleft size-full wp-image-27806\" srcset=\"https:\/\/www.vsveicolispeciali.com\/wp-content\/uploads\/2025\/04\/ale-house-bier-wagen.jpg 810w, https:\/\/www.vsveicolispeciali.com\/wp-content\/uploads\/2025\/04\/ale-house-bier-wagen-300x226.jpg 300w, https:\/\/www.vsveicolispeciali.com\/wp-content\/uploads\/2025\/04\/ale-house-bier-wagen-768x577.jpg 768w, https:\/\/www.vsveicolispeciali.com\/wp-content\/uploads\/2025\/04\/ale-house-bier-wagen-800x600.jpg 800w, https:\/\/www.vsveicolispeciali.com\/wp-content\/uploads\/2025\/04\/ale-house-bier-wagen-700x526.jpg 700w\" sizes=\"(max-width: 810px) 100vw, 810px\" \/><\/a><\/p>\n<p>&nbsp;<\/p>\n<p><a href=\"https:\/\/www.vsveicolispeciali.com\/de\/street-food-truck\/elektro-ape-kaffee-unternehmen-mitte\/\" target=\"_blank\" rel=\"noopener\">Unternehmen Mitte<\/a><br \/>\n<a href=\"https:\/\/www.vsveicolispeciali.com\/wp-content\/uploads\/2025\/04\/unternehmen-mitte-foodtruck-ape.jpg\"><img loading=\"lazy\" decoding=\"async\" src=\"https:\/\/www.vsveicolispeciali.com\/wp-content\/uploads\/2025\/04\/unternehmen-mitte-foodtruck-ape.jpg\" alt=\"unternehmen mitte food truck ape\" width=\"810\" height=\"1013\" class=\"alignleft size-full wp-image-27823\" srcset=\"https:\/\/www.vsveicolispeciali.com\/wp-content\/uploads\/2025\/04\/unternehmen-mitte-foodtruck-ape.jpg 810w, https:\/\/www.vsveicolispeciali.com\/wp-content\/uploads\/2025\/04\/unternehmen-mitte-foodtruck-ape-240x300.jpg 240w, https:\/\/www.vsveicolispeciali.com\/wp-content\/uploads\/2025\/04\/unternehmen-mitte-foodtruck-ape-768x960.jpg 768w, https:\/\/www.vsveicolispeciali.com\/wp-content\/uploads\/2025\/04\/unternehmen-mitte-foodtruck-ape-700x875.jpg 700w\" sizes=\"(max-width: 810px) 100vw, 810px\" \/><\/a><\/p>\n<p>&nbsp;<\/p>\n<p><a href=\"https:\/\/www.vsveicolispeciali.com\/de\/street-food-truck\/transporter-fiat-ducato-food-truck-gabriele-street-food-fahrzeug\/\" target=\"_blank\" rel=\"noopener\">Gabriele<\/a><br \/>\n<a href=\"https:\/\/www.vsveicolispeciali.com\/wp-content\/uploads\/2025\/04\/foodtruck-gabriele-switzerland.jpg\"><img loading=\"lazy\" decoding=\"async\" src=\"https:\/\/www.vsveicolispeciali.com\/wp-content\/uploads\/2025\/04\/foodtruck-gabriele-switzerland.jpg\" alt=\"food truck gabriele switzerland\" width=\"810\" height=\"477\" class=\"alignleft size-full wp-image-27827\" srcset=\"https:\/\/www.vsveicolispeciali.com\/wp-content\/uploads\/2025\/04\/foodtruck-gabriele-switzerland.jpg 810w, https:\/\/www.vsveicolispeciali.com\/wp-content\/uploads\/2025\/04\/foodtruck-gabriele-switzerland-300x177.jpg 300w, https:\/\/www.vsveicolispeciali.com\/wp-content\/uploads\/2025\/04\/foodtruck-gabriele-switzerland-768x452.jpg 768w, https:\/\/www.vsveicolispeciali.com\/wp-content\/uploads\/2025\/04\/foodtruck-gabriele-switzerland-700x412.jpg 700w\" sizes=\"(max-width: 810px) 100vw, 810px\" \/><\/a><\/p>\n<p>&nbsp;<\/p>\n<p><a href=\"https:\/\/www.vsveicolispeciali.com\/de\/street-food-truck\/pizzawagen-pizza-da-salvo\/\" target=\"_blank\" rel=\"noopener\">Pizza Da Salvo<\/a><br \/>\n<a href=\"https:\/\/www.vsveicolispeciali.com\/wp-content\/uploads\/2025\/04\/foodtruck-pizza-da-salvo.jpg\"><img loading=\"lazy\" decoding=\"async\" src=\"https:\/\/www.vsveicolispeciali.com\/wp-content\/uploads\/2025\/04\/foodtruck-pizza-da-salvo.jpg\" alt=\"food truck pizza da salvo\" width=\"810\" height=\"551\" class=\"alignleft size-full wp-image-27831\" srcset=\"https:\/\/www.vsveicolispeciali.com\/wp-content\/uploads\/2025\/04\/foodtruck-pizza-da-salvo.jpg 810w, https:\/\/www.vsveicolispeciali.com\/wp-content\/uploads\/2025\/04\/foodtruck-pizza-da-salvo-300x204.jpg 300w, https:\/\/www.vsveicolispeciali.com\/wp-content\/uploads\/2025\/04\/foodtruck-pizza-da-salvo-768x522.jpg 768w, https:\/\/www.vsveicolispeciali.com\/wp-content\/uploads\/2025\/04\/foodtruck-pizza-da-salvo-700x476.jpg 700w\" sizes=\"(max-width: 810px) 100vw, 810px\" \/><\/a><\/p>\n<p>&nbsp;<\/p>\n<p><a href=\"https:\/\/www.vsveicolispeciali.com\/de\/street-food-truck\/piaggio-creperie-wagen-zurich-schweiz\/\" target=\"_blank\" rel=\"noopener\">La Creperie Switzerland<\/a><br \/>\n<a href=\"https:\/\/www.vsveicolispeciali.com\/wp-content\/uploads\/2024\/09\/ape-la-creperie-switzerland-zurich.jpg\"><img loading=\"lazy\" decoding=\"async\" src=\"https:\/\/www.vsveicolispeciali.com\/wp-content\/uploads\/2024\/09\/ape-la-creperie-switzerland-zurich.jpg\" alt=\"ape la creperie switzerland Z\u00fcrich\" width=\"810\" height=\"710\" class=\"alignleft size-full wp-image-26384\" srcset=\"https:\/\/www.vsveicolispeciali.com\/wp-content\/uploads\/2024\/09\/ape-la-creperie-switzerland-zurich.jpg 810w, https:\/\/www.vsveicolispeciali.com\/wp-content\/uploads\/2024\/09\/ape-la-creperie-switzerland-zurich-300x263.jpg 300w, https:\/\/www.vsveicolispeciali.com\/wp-content\/uploads\/2024\/09\/ape-la-creperie-switzerland-zurich-768x673.jpg 768w, https:\/\/www.vsveicolispeciali.com\/wp-content\/uploads\/2024\/09\/ape-la-creperie-switzerland-zurich-700x614.jpg 700w\" sizes=\"(max-width: 810px) 100vw, 810px\" \/><\/a><\/p>\n<p>&nbsp;<\/p>\n<p><a href=\"https:\/\/www.vsveicolispeciali.com\/de\/street-food-truck\/fahrende-restaurant-piaggio-ape-basel-schweiz\/\" target=\"_blank\" rel=\"noopener\">Pastardo<\/a><br \/>\n<a href=\"https:\/\/www.vsveicolispeciali.com\/wp-content\/uploads\/2025\/04\/pastardo-pasta-foodtruck.jpg\"><img loading=\"lazy\" decoding=\"async\" src=\"https:\/\/www.vsveicolispeciali.com\/wp-content\/uploads\/2025\/04\/pastardo-pasta-foodtruck.jpg\" alt=\"pastardo pasta food truck\" width=\"810\" height=\"810\" class=\"alignleft size-full wp-image-27835\" srcset=\"https:\/\/www.vsveicolispeciali.com\/wp-content\/uploads\/2025\/04\/pastardo-pasta-foodtruck.jpg 810w, https:\/\/www.vsveicolispeciali.com\/wp-content\/uploads\/2025\/04\/pastardo-pasta-foodtruck-300x300.jpg 300w, https:\/\/www.vsveicolispeciali.com\/wp-content\/uploads\/2025\/04\/pastardo-pasta-foodtruck-150x150.jpg 150w, https:\/\/www.vsveicolispeciali.com\/wp-content\/uploads\/2025\/04\/pastardo-pasta-foodtruck-768x768.jpg 768w, https:\/\/www.vsveicolispeciali.com\/wp-content\/uploads\/2025\/04\/pastardo-pasta-foodtruck-570x570.jpg 570w, https:\/\/www.vsveicolispeciali.com\/wp-content\/uploads\/2025\/04\/pastardo-pasta-foodtruck-500x500.jpg 500w, https:\/\/www.vsveicolispeciali.com\/wp-content\/uploads\/2025\/04\/pastardo-pasta-foodtruck-700x700.jpg 700w\" sizes=\"(max-width: 810px) 100vw, 810px\" \/><\/a><\/p>\n<p>&nbsp;<\/p>\n<p><a href=\"https:\/\/www.vsveicolispeciali.com\/de\/street-food-truck\/werbefahrzeug-promo-truck-fuer-promotion-und-verkostung-produkte-hugo-reitzel\/\" target=\"_blank\" rel=\"noopener\">Hugo Reitzel<\/a><br \/>\n<a href=\"https:\/\/www.vsveicolispeciali.com\/wp-content\/uploads\/2023\/03\/food-truck-hugo-reitzel-sottaceti.jpeg\"><img loading=\"lazy\" decoding=\"async\" src=\"https:\/\/www.vsveicolispeciali.com\/wp-content\/uploads\/2023\/03\/food-truck-hugo-reitzel-sottaceti.jpeg\" alt=\"food truck hugo reitzel\" width=\"960\" height=\"721\" class=\"alignleft size-full wp-image-21988\" srcset=\"https:\/\/www.vsveicolispeciali.com\/wp-content\/uploads\/2023\/03\/food-truck-hugo-reitzel-sottaceti.jpeg 960w, https:\/\/www.vsveicolispeciali.com\/wp-content\/uploads\/2023\/03\/food-truck-hugo-reitzel-sottaceti-300x225.jpeg 300w, https:\/\/www.vsveicolispeciali.com\/wp-content\/uploads\/2023\/03\/food-truck-hugo-reitzel-sottaceti-768x577.jpeg 768w, https:\/\/www.vsveicolispeciali.com\/wp-content\/uploads\/2023\/03\/food-truck-hugo-reitzel-sottaceti-800x600.jpeg 800w, https:\/\/www.vsveicolispeciali.com\/wp-content\/uploads\/2023\/03\/food-truck-hugo-reitzel-sottaceti-700x526.jpeg 700w\" sizes=\"(max-width: 960px) 100vw, 960px\" \/><\/a><\/p>\n<p>&nbsp;<\/p>\n<p><a href=\"https:\/\/www.vsveicolispeciali.com\/de\/street-food-truck\/mercedes-310-food-truck-oldtimer-kitchenette-zuerich\/\" target=\"_blank\" rel=\"noopener\">Kitchenette<\/a><br \/>\n<a href=\"https:\/\/www.vsveicolispeciali.com\/wp-content\/uploads\/2018\/02\/food-truck-mercedes-kitchenette-zurigo.jpg\"><img loading=\"lazy\" decoding=\"async\" src=\"https:\/\/www.vsveicolispeciali.com\/wp-content\/uploads\/2018\/02\/food-truck-mercedes-kitchenette-zurigo.jpg\" alt=\"Kitchenette ist ein gr\u00fcner Mercedes Food Truck, der im Strassenhandel in Z\u00fcrich operiert\" width=\"800\" height=\"537\" class=\"alignleft size-full wp-image-6403\" srcset=\"https:\/\/www.vsveicolispeciali.com\/wp-content\/uploads\/2018\/02\/food-truck-mercedes-kitchenette-zurigo.jpg 800w, https:\/\/www.vsveicolispeciali.com\/wp-content\/uploads\/2018\/02\/food-truck-mercedes-kitchenette-zurigo-300x201.jpg 300w, https:\/\/www.vsveicolispeciali.com\/wp-content\/uploads\/2018\/02\/food-truck-mercedes-kitchenette-zurigo-768x516.jpg 768w, https:\/\/www.vsveicolispeciali.com\/wp-content\/uploads\/2018\/02\/food-truck-mercedes-kitchenette-zurigo-700x470.jpg 700w\" sizes=\"(max-width: 800px) 100vw, 800px\" \/><\/a><\/p>\n<p>&nbsp;&nbsp;<\/p>\n\n\t\t<style type=\"text\/css\">\n\t\t\t#gallery-1 {\n\t\t\t\tmargin: auto;\n\t\t\t}\n\t\t\t#gallery-1 .gallery-item {\n\t\t\t\tfloat: left;\n\t\t\t\tmargin-top: 10px;\n\t\t\t\ttext-align: center;\n\t\t\t\twidth: 33%;\n\t\t\t}\n\t\t\t#gallery-1 img {\n\t\t\t\tborder: 2px solid #cfcfcf;\n\t\t\t}\n\t\t\t#gallery-1 .gallery-caption {\n\t\t\t\tmargin-left: 0;\n\t\t\t}\n\t\t\t\/* see gallery_shortcode() in wp-includes\/media.php *\/\n\t\t<\/style>\n\t\t<div id='gallery-1' class='gallery galleryid-27864 gallery-columns-3 gallery-size-thumbnail'><dl class='gallery-item'>\n\t\t\t<dt class='gallery-icon landscape'>\n\t\t\t\t<a href='https:\/\/www.vsveicolispeciali.com\/de\/pasta-foodtruck-gabriele-streetfood-2\/'><img loading=\"lazy\" decoding=\"async\" width=\"150\" height=\"150\" src=\"https:\/\/www.vsveicolispeciali.com\/wp-content\/uploads\/2025\/04\/pasta-foodtruck-gabriele-streetfood-150x150.jpg\" class=\"attachment-thumbnail size-thumbnail\" alt=\"pasta foodtruck gabriele street food\" srcset=\"https:\/\/www.vsveicolispeciali.com\/wp-content\/uploads\/2025\/04\/pasta-foodtruck-gabriele-streetfood-150x150.jpg 150w, https:\/\/www.vsveicolispeciali.com\/wp-content\/uploads\/2025\/04\/pasta-foodtruck-gabriele-streetfood-570x570.jpg 570w, https:\/\/www.vsveicolispeciali.com\/wp-content\/uploads\/2025\/04\/pasta-foodtruck-gabriele-streetfood-500x500.jpg 500w, https:\/\/www.vsveicolispeciali.com\/wp-content\/uploads\/2025\/04\/pasta-foodtruck-gabriele-streetfood-1000x1000.jpg 1000w\" sizes=\"(max-width: 150px) 100vw, 150px\" \/><\/a>\n\t\t\t<\/dt><\/dl>\n\t\t\t<br style='clear: both' \/>\n\t\t<\/div>\n\n","protected":false},"excerpt":{"rendered":"<p>Im Herzen Mitteleuropas hat die Street-Food-Kultur einen fruchtbaren Boden gefunden, um sich in einer zeitgem\u00e4\u00dfen Form weiterzuentwickeln. Deutschland, \u00d6sterreich und die Deutschschweiz bilden heute ein besonders dynamisches \u00d6kosystem f\u00fcr Unternehmen im Bereich Foodtrucks, dank einer erfolgreichen Kombination aus kulinarischer Tradition und unternehmerischer Innovation. &nbsp;&nbsp; Street&#8230;<\/p>\n","protected":false},"author":1001012,"featured_media":27842,"comment_status":"closed","ping_status":"open","sticky":false,"template":"","format":"gallery","meta":{"footnotes":""},"categories":[48],"tags":[261,266,278,282,284],"class_list":["post-27864","post","type-post","status-publish","format-gallery","has-post-thumbnail","hentry","category-non-categorizzato","tag-food-truck-design-de","tag-streetfood-ideen","tag-street-food-events","tag-foodtruck-voraussetzungen-und-vorschriften","tag-food-truck-hygienevorschriften","post_format-post-format-gallery"],"yoast_head":"<!-- This site is optimized with the Yoast SEO plugin v25.4 - https:\/\/yoast.com\/wordpress\/plugins\/seo\/ -->\n<title>Der Foodtruck-Markt in Deutschland, \u00d6sterreich und der Deutschschweiz<\/title>\n<meta name=\"description\" content=\"Im deutschsprachigen Raum gibt es eine reiche Streetfood-Tradition und einen florierenden Foodtruck-Markt. Entdecken Sie einige der besten &gt;\" \/>\n<meta name=\"robots\" content=\"index, follow, max-snippet:-1, max-image-preview:large, max-video-preview:-1\" \/>\n<link rel=\"canonical\" href=\"https:\/\/www.vsveicolispeciali.com\/de\/der-foodtruck-markt-in-deutschland-oesterreich-und-der-deutschschweiz\/\" \/>\n<meta property=\"og:locale\" content=\"de_DE\" \/>\n<meta property=\"og:type\" content=\"article\" \/>\n<meta property=\"og:title\" content=\"Der Foodtruck-Markt in Deutschland, \u00d6sterreich und der Deutschschweiz\" \/>\n<meta property=\"og:description\" content=\"Im deutschsprachigen Raum gibt es eine reiche Streetfood-Tradition und einen florierenden Foodtruck-Markt. Entdecken Sie einige der besten &gt;\" \/>\n<meta property=\"og:url\" content=\"https:\/\/www.vsveicolispeciali.com\/de\/der-foodtruck-markt-in-deutschland-oesterreich-und-der-deutschschweiz\/\" \/>\n<meta property=\"og:site_name\" content=\"VS Veicoli Speciali\" \/>\n<meta property=\"article:publisher\" content=\"https:\/\/www.facebook.com\/VSVeicoliSpeciali.Food.Trucks\/\" \/>\n<meta property=\"article:published_time\" content=\"2025-04-27T14:23:23+00:00\" \/>\n<meta property=\"article:modified_time\" content=\"2025-05-29T11:00:24+00:00\" \/>\n<meta property=\"og:image\" content=\"https:\/\/www.vsveicolispeciali.com\/wp-content\/uploads\/2025\/04\/pasta-foodtruck-gabriele-streetfood.jpg\" \/>\n\t<meta property=\"og:image:width\" content=\"1200\" \/>\n\t<meta property=\"og:image:height\" content=\"1010\" \/>\n\t<meta property=\"og:image:type\" content=\"image\/jpeg\" \/>\n<meta name=\"author\" content=\"VS Veicoli Speciali\" \/>\n<meta name=\"twitter:card\" content=\"summary_large_image\" \/>\n<meta name=\"twitter:creator\" content=\"@veicolispeciali\" \/>\n<meta name=\"twitter:site\" content=\"@veicolispeciali\" \/>\n<meta name=\"twitter:label1\" content=\"Verfasst von\" \/>\n\t<meta name=\"twitter:data1\" content=\"VS Veicoli Speciali\" \/>\n\t<meta name=\"twitter:label2\" content=\"Gesch\u00e4tzte Lesezeit\" \/>\n\t<meta name=\"twitter:data2\" content=\"8\u00a0Minuten\" \/>\n<script type=\"application\/ld+json\" class=\"yoast-schema-graph\">{\"@context\":\"https:\/\/schema.org\",\"@graph\":[{\"@type\":\"Article\",\"@id\":\"https:\/\/www.vsveicolispeciali.com\/de\/der-foodtruck-markt-in-deutschland-oesterreich-und-der-deutschschweiz\/#article\",\"isPartOf\":{\"@id\":\"https:\/\/www.vsveicolispeciali.com\/de\/der-foodtruck-markt-in-deutschland-oesterreich-und-der-deutschschweiz\/\"},\"author\":{\"name\":\"VS Veicoli Speciali\",\"@id\":\"https:\/\/www.vsveicolispeciali.com\/de\/#\/schema\/person\/1241826d792bde4333b3db1395b12be9\"},\"headline\":\"Der Foodtruck-Markt in Deutschland, \u00d6sterreich und der Deutschschweiz\",\"datePublished\":\"2025-04-27T14:23:23+00:00\",\"dateModified\":\"2025-05-29T11:00:24+00:00\",\"mainEntityOfPage\":{\"@id\":\"https:\/\/www.vsveicolispeciali.com\/de\/der-foodtruck-markt-in-deutschland-oesterreich-und-der-deutschschweiz\/\"},\"wordCount\":838,\"publisher\":{\"@id\":\"https:\/\/www.vsveicolispeciali.com\/de\/#organization\"},\"image\":{\"@id\":\"https:\/\/www.vsveicolispeciali.com\/de\/der-foodtruck-markt-in-deutschland-oesterreich-und-der-deutschschweiz\/#primaryimage\"},\"thumbnailUrl\":\"https:\/\/www.vsveicolispeciali.com\/wp-content\/uploads\/2025\/04\/pasta-foodtruck-gabriele-streetfood.jpg\",\"keywords\":[\"food truck design\",\"streetfood ideen\",\"street food events\",\"foodtruck voraussetzungen und vorschriften\",\"food truck hygienevorschriften\"],\"articleSection\":[\"Non categorizzato\"],\"inLanguage\":\"de\"},{\"@type\":\"WebPage\",\"@id\":\"https:\/\/www.vsveicolispeciali.com\/de\/der-foodtruck-markt-in-deutschland-oesterreich-und-der-deutschschweiz\/\",\"url\":\"https:\/\/www.vsveicolispeciali.com\/de\/der-foodtruck-markt-in-deutschland-oesterreich-und-der-deutschschweiz\/\",\"name\":\"Der Foodtruck-Markt in Deutschland, \u00d6sterreich und der Deutschschweiz\",\"isPartOf\":{\"@id\":\"https:\/\/www.vsveicolispeciali.com\/de\/#website\"},\"primaryImageOfPage\":{\"@id\":\"https:\/\/www.vsveicolispeciali.com\/de\/der-foodtruck-markt-in-deutschland-oesterreich-und-der-deutschschweiz\/#primaryimage\"},\"image\":{\"@id\":\"https:\/\/www.vsveicolispeciali.com\/de\/der-foodtruck-markt-in-deutschland-oesterreich-und-der-deutschschweiz\/#primaryimage\"},\"thumbnailUrl\":\"https:\/\/www.vsveicolispeciali.com\/wp-content\/uploads\/2025\/04\/pasta-foodtruck-gabriele-streetfood.jpg\",\"datePublished\":\"2025-04-27T14:23:23+00:00\",\"dateModified\":\"2025-05-29T11:00:24+00:00\",\"description\":\"Im deutschsprachigen Raum gibt es eine reiche Streetfood-Tradition und einen florierenden Foodtruck-Markt. Entdecken Sie einige der besten >\",\"breadcrumb\":{\"@id\":\"https:\/\/www.vsveicolispeciali.com\/de\/der-foodtruck-markt-in-deutschland-oesterreich-und-der-deutschschweiz\/#breadcrumb\"},\"inLanguage\":\"de\",\"potentialAction\":[{\"@type\":\"ReadAction\",\"target\":[\"https:\/\/www.vsveicolispeciali.com\/de\/der-foodtruck-markt-in-deutschland-oesterreich-und-der-deutschschweiz\/\"]}]},{\"@type\":\"ImageObject\",\"inLanguage\":\"de\",\"@id\":\"https:\/\/www.vsveicolispeciali.com\/de\/der-foodtruck-markt-in-deutschland-oesterreich-und-der-deutschschweiz\/#primaryimage\",\"url\":\"https:\/\/www.vsveicolispeciali.com\/wp-content\/uploads\/2025\/04\/pasta-foodtruck-gabriele-streetfood.jpg\",\"contentUrl\":\"https:\/\/www.vsveicolispeciali.com\/wp-content\/uploads\/2025\/04\/pasta-foodtruck-gabriele-streetfood.jpg\",\"width\":1200,\"height\":1010,\"caption\":\"pasta foodtruck gabriele street food\"},{\"@type\":\"BreadcrumbList\",\"@id\":\"https:\/\/www.vsveicolispeciali.com\/de\/der-foodtruck-markt-in-deutschland-oesterreich-und-der-deutschschweiz\/#breadcrumb\",\"itemListElement\":[{\"@type\":\"ListItem\",\"position\":1,\"name\":\"Home\",\"item\":\"https:\/\/www.vsveicolispeciali.com\/de\/\"},{\"@type\":\"ListItem\",\"position\":2,\"name\":\"Der Foodtruck-Markt in Deutschland, \u00d6sterreich und der Deutschschweiz\"}]},{\"@type\":\"WebSite\",\"@id\":\"https:\/\/www.vsveicolispeciali.com\/de\/#website\",\"url\":\"https:\/\/www.vsveicolispeciali.com\/de\/\",\"name\":\"VS Veicoli Speciali\",\"description\":\"\",\"publisher\":{\"@id\":\"https:\/\/www.vsveicolispeciali.com\/de\/#organization\"},\"potentialAction\":[{\"@type\":\"SearchAction\",\"target\":{\"@type\":\"EntryPoint\",\"urlTemplate\":\"https:\/\/www.vsveicolispeciali.com\/de\/?s={search_term_string}\"},\"query-input\":{\"@type\":\"PropertyValueSpecification\",\"valueRequired\":true,\"valueName\":\"search_term_string\"}}],\"inLanguage\":\"de\"},{\"@type\":\"Organization\",\"@id\":\"https:\/\/www.vsveicolispeciali.com\/de\/#organization\",\"name\":\"VS Veicoli Speciali\",\"url\":\"https:\/\/www.vsveicolispeciali.com\/de\/\",\"logo\":{\"@type\":\"ImageObject\",\"inLanguage\":\"de\",\"@id\":\"https:\/\/www.vsveicolispeciali.com\/de\/#\/schema\/logo\/image\/\",\"url\":\"http:\/\/www.vsveicolispeciali.com\/wp-content\/uploads\/2015\/05\/vs_veicoli_speciali-logo.png\",\"contentUrl\":\"http:\/\/www.vsveicolispeciali.com\/wp-content\/uploads\/2015\/05\/vs_veicoli_speciali-logo.png\",\"width\":252,\"height\":134,\"caption\":\"VS Veicoli Speciali\"},\"image\":{\"@id\":\"https:\/\/www.vsveicolispeciali.com\/de\/#\/schema\/logo\/image\/\"},\"sameAs\":[\"https:\/\/www.facebook.com\/VSVeicoliSpeciali.Food.Trucks\/\",\"https:\/\/x.com\/veicolispeciali\",\"https:\/\/www.instagram.com\/vs_veicolispeciali\/\",\"https:\/\/www.linkedin.com\/company\/2811960\/\",\"https:\/\/www.pinterest.com\/streetfoodtruck\/\",\"https:\/\/www.youtube.com\/user\/veicolispeciali\"]},{\"@type\":\"Person\",\"@id\":\"https:\/\/www.vsveicolispeciali.com\/de\/#\/schema\/person\/1241826d792bde4333b3db1395b12be9\",\"name\":\"VS Veicoli Speciali\",\"image\":{\"@type\":\"ImageObject\",\"inLanguage\":\"de\",\"@id\":\"https:\/\/www.vsveicolispeciali.com\/de\/#\/schema\/person\/image\/\",\"url\":\"https:\/\/secure.gravatar.com\/avatar\/4ea93278e71ba140dbbbfb5d34409507?s=96&d=mm&r=g\",\"contentUrl\":\"https:\/\/secure.gravatar.com\/avatar\/4ea93278e71ba140dbbbfb5d34409507?s=96&d=mm&r=g\",\"caption\":\"VS Veicoli Speciali\"}}]}<\/script>\n<!-- \/ Yoast SEO plugin. -->","yoast_head_json":{"title":"Der Foodtruck-Markt in Deutschland, \u00d6sterreich und der Deutschschweiz","description":"Im deutschsprachigen Raum gibt es eine reiche Streetfood-Tradition und einen florierenden Foodtruck-Markt. Entdecken Sie einige der besten >","robots":{"index":"index","follow":"follow","max-snippet":"max-snippet:-1","max-image-preview":"max-image-preview:large","max-video-preview":"max-video-preview:-1"},"canonical":"https:\/\/www.vsveicolispeciali.com\/de\/der-foodtruck-markt-in-deutschland-oesterreich-und-der-deutschschweiz\/","og_locale":"de_DE","og_type":"article","og_title":"Der Foodtruck-Markt in Deutschland, \u00d6sterreich und der Deutschschweiz","og_description":"Im deutschsprachigen Raum gibt es eine reiche Streetfood-Tradition und einen florierenden Foodtruck-Markt. Entdecken Sie einige der besten >","og_url":"https:\/\/www.vsveicolispeciali.com\/de\/der-foodtruck-markt-in-deutschland-oesterreich-und-der-deutschschweiz\/","og_site_name":"VS Veicoli Speciali","article_publisher":"https:\/\/www.facebook.com\/VSVeicoliSpeciali.Food.Trucks\/","article_published_time":"2025-04-27T14:23:23+00:00","article_modified_time":"2025-05-29T11:00:24+00:00","og_image":[{"width":1200,"height":1010,"url":"https:\/\/www.vsveicolispeciali.com\/wp-content\/uploads\/2025\/04\/pasta-foodtruck-gabriele-streetfood.jpg","type":"image\/jpeg"}],"author":"VS Veicoli Speciali","twitter_card":"summary_large_image","twitter_creator":"@veicolispeciali","twitter_site":"@veicolispeciali","twitter_misc":{"Verfasst von":"VS Veicoli Speciali","Gesch\u00e4tzte Lesezeit":"8\u00a0Minuten"},"schema":{"@context":"https:\/\/schema.org","@graph":[{"@type":"Article","@id":"https:\/\/www.vsveicolispeciali.com\/de\/der-foodtruck-markt-in-deutschland-oesterreich-und-der-deutschschweiz\/#article","isPartOf":{"@id":"https:\/\/www.vsveicolispeciali.com\/de\/der-foodtruck-markt-in-deutschland-oesterreich-und-der-deutschschweiz\/"},"author":{"name":"VS Veicoli Speciali","@id":"https:\/\/www.vsveicolispeciali.com\/de\/#\/schema\/person\/1241826d792bde4333b3db1395b12be9"},"headline":"Der Foodtruck-Markt in Deutschland, \u00d6sterreich und der Deutschschweiz","datePublished":"2025-04-27T14:23:23+00:00","dateModified":"2025-05-29T11:00:24+00:00","mainEntityOfPage":{"@id":"https:\/\/www.vsveicolispeciali.com\/de\/der-foodtruck-markt-in-deutschland-oesterreich-und-der-deutschschweiz\/"},"wordCount":838,"publisher":{"@id":"https:\/\/www.vsveicolispeciali.com\/de\/#organization"},"image":{"@id":"https:\/\/www.vsveicolispeciali.com\/de\/der-foodtruck-markt-in-deutschland-oesterreich-und-der-deutschschweiz\/#primaryimage"},"thumbnailUrl":"https:\/\/www.vsveicolispeciali.com\/wp-content\/uploads\/2025\/04\/pasta-foodtruck-gabriele-streetfood.jpg","keywords":["food truck design","streetfood ideen","street food events","foodtruck voraussetzungen und vorschriften","food truck hygienevorschriften"],"articleSection":["Non categorizzato"],"inLanguage":"de"},{"@type":"WebPage","@id":"https:\/\/www.vsveicolispeciali.com\/de\/der-foodtruck-markt-in-deutschland-oesterreich-und-der-deutschschweiz\/","url":"https:\/\/www.vsveicolispeciali.com\/de\/der-foodtruck-markt-in-deutschland-oesterreich-und-der-deutschschweiz\/","name":"Der Foodtruck-Markt in Deutschland, \u00d6sterreich und der Deutschschweiz","isPartOf":{"@id":"https:\/\/www.vsveicolispeciali.com\/de\/#website"},"primaryImageOfPage":{"@id":"https:\/\/www.vsveicolispeciali.com\/de\/der-foodtruck-markt-in-deutschland-oesterreich-und-der-deutschschweiz\/#primaryimage"},"image":{"@id":"https:\/\/www.vsveicolispeciali.com\/de\/der-foodtruck-markt-in-deutschland-oesterreich-und-der-deutschschweiz\/#primaryimage"},"thumbnailUrl":"https:\/\/www.vsveicolispeciali.com\/wp-content\/uploads\/2025\/04\/pasta-foodtruck-gabriele-streetfood.jpg","datePublished":"2025-04-27T14:23:23+00:00","dateModified":"2025-05-29T11:00:24+00:00","description":"Im deutschsprachigen Raum gibt es eine reiche Streetfood-Tradition und einen florierenden Foodtruck-Markt. Entdecken Sie einige der besten >","breadcrumb":{"@id":"https:\/\/www.vsveicolispeciali.com\/de\/der-foodtruck-markt-in-deutschland-oesterreich-und-der-deutschschweiz\/#breadcrumb"},"inLanguage":"de","potentialAction":[{"@type":"ReadAction","target":["https:\/\/www.vsveicolispeciali.com\/de\/der-foodtruck-markt-in-deutschland-oesterreich-und-der-deutschschweiz\/"]}]},{"@type":"ImageObject","inLanguage":"de","@id":"https:\/\/www.vsveicolispeciali.com\/de\/der-foodtruck-markt-in-deutschland-oesterreich-und-der-deutschschweiz\/#primaryimage","url":"https:\/\/www.vsveicolispeciali.com\/wp-content\/uploads\/2025\/04\/pasta-foodtruck-gabriele-streetfood.jpg","contentUrl":"https:\/\/www.vsveicolispeciali.com\/wp-content\/uploads\/2025\/04\/pasta-foodtruck-gabriele-streetfood.jpg","width":1200,"height":1010,"caption":"pasta foodtruck gabriele street food"},{"@type":"BreadcrumbList","@id":"https:\/\/www.vsveicolispeciali.com\/de\/der-foodtruck-markt-in-deutschland-oesterreich-und-der-deutschschweiz\/#breadcrumb","itemListElement":[{"@type":"ListItem","position":1,"name":"Home","item":"https:\/\/www.vsveicolispeciali.com\/de\/"},{"@type":"ListItem","position":2,"name":"Der Foodtruck-Markt in Deutschland, \u00d6sterreich und der Deutschschweiz"}]},{"@type":"WebSite","@id":"https:\/\/www.vsveicolispeciali.com\/de\/#website","url":"https:\/\/www.vsveicolispeciali.com\/de\/","name":"VS Veicoli Speciali","description":"","publisher":{"@id":"https:\/\/www.vsveicolispeciali.com\/de\/#organization"},"potentialAction":[{"@type":"SearchAction","target":{"@type":"EntryPoint","urlTemplate":"https:\/\/www.vsveicolispeciali.com\/de\/?s={search_term_string}"},"query-input":{"@type":"PropertyValueSpecification","valueRequired":true,"valueName":"search_term_string"}}],"inLanguage":"de"},{"@type":"Organization","@id":"https:\/\/www.vsveicolispeciali.com\/de\/#organization","name":"VS Veicoli Speciali","url":"https:\/\/www.vsveicolispeciali.com\/de\/","logo":{"@type":"ImageObject","inLanguage":"de","@id":"https:\/\/www.vsveicolispeciali.com\/de\/#\/schema\/logo\/image\/","url":"http:\/\/www.vsveicolispeciali.com\/wp-content\/uploads\/2015\/05\/vs_veicoli_speciali-logo.png","contentUrl":"http:\/\/www.vsveicolispeciali.com\/wp-content\/uploads\/2015\/05\/vs_veicoli_speciali-logo.png","width":252,"height":134,"caption":"VS Veicoli Speciali"},"image":{"@id":"https:\/\/www.vsveicolispeciali.com\/de\/#\/schema\/logo\/image\/"},"sameAs":["https:\/\/www.facebook.com\/VSVeicoliSpeciali.Food.Trucks\/","https:\/\/x.com\/veicolispeciali","https:\/\/www.instagram.com\/vs_veicolispeciali\/","https:\/\/www.linkedin.com\/company\/2811960\/","https:\/\/www.pinterest.com\/streetfoodtruck\/","https:\/\/www.youtube.com\/user\/veicolispeciali"]},{"@type":"Person","@id":"https:\/\/www.vsveicolispeciali.com\/de\/#\/schema\/person\/1241826d792bde4333b3db1395b12be9","name":"VS Veicoli Speciali","image":{"@type":"ImageObject","inLanguage":"de","@id":"https:\/\/www.vsveicolispeciali.com\/de\/#\/schema\/person\/image\/","url":"https:\/\/secure.gravatar.com\/avatar\/4ea93278e71ba140dbbbfb5d34409507?s=96&d=mm&r=g","contentUrl":"https:\/\/secure.gravatar.com\/avatar\/4ea93278e71ba140dbbbfb5d34409507?s=96&d=mm&r=g","caption":"VS Veicoli Speciali"}}]}},"_links":{"self":[{"href":"https:\/\/www.vsveicolispeciali.com\/de\/wp-json\/wp\/v2\/posts\/27864"}],"collection":[{"href":"https:\/\/www.vsveicolispeciali.com\/de\/wp-json\/wp\/v2\/posts"}],"about":[{"href":"https:\/\/www.vsveicolispeciali.com\/de\/wp-json\/wp\/v2\/types\/post"}],"author":[{"embeddable":true,"href":"https:\/\/www.vsveicolispeciali.com\/de\/wp-json\/wp\/v2\/users\/1001012"}],"replies":[{"embeddable":true,"href":"https:\/\/www.vsveicolispeciali.com\/de\/wp-json\/wp\/v2\/comments?post=27864"}],"version-history":[{"count":3,"href":"https:\/\/www.vsveicolispeciali.com\/de\/wp-json\/wp\/v2\/posts\/27864\/revisions"}],"predecessor-version":[{"id":28055,"href":"https:\/\/www.vsveicolispeciali.com\/de\/wp-json\/wp\/v2\/posts\/27864\/revisions\/28055"}],"wp:featuredmedia":[{"embeddable":true,"href":"https:\/\/www.vsveicolispeciali.com\/de\/wp-json\/wp\/v2\/media\/27842"}],"wp:attachment":[{"href":"https:\/\/www.vsveicolispeciali.com\/de\/wp-json\/wp\/v2\/media?parent=27864"}],"wp:term":[{"taxonomy":"category","embeddable":true,"href":"https:\/\/www.vsveicolispeciali.com\/de\/wp-json\/wp\/v2\/categories?post=27864"},{"taxonomy":"post_tag","embeddable":true,"href":"https:\/\/www.vsveicolispeciali.com\/de\/wp-json\/wp\/v2\/tags?post=27864"}],"curies":[{"name":"wp","href":"https:\/\/api.w.org\/{rel}","templated":true}]}}