{"id":27730,"date":"2025-03-25T22:16:37","date_gmt":"2025-03-25T21:16:37","guid":{"rendered":"https:\/\/www.vsveicolispeciali.com\/dal-salone-del-mobile-al-fuori-salone-spazio-allo-street-food\/"},"modified":"2025-03-27T16:01:49","modified_gmt":"2025-03-27T15:01:49","slug":"salone-del-mobile-und-fuorisalone-mailand-heisst-auch-foodtrucks-willkommen","status":"publish","type":"post","link":"https:\/\/www.vsveicolispeciali.com\/de\/salone-del-mobile-und-fuorisalone-mailand-heisst-auch-foodtrucks-willkommen\/","title":{"rendered":"Salone del Mobile und Fuorisalone: Mailand hei\u00dft auch Foodtrucks willkommen"},"content":{"rendered":"<p>Jeden Fr\u00fchling verwandelt sich Mailand in das pulsierende Zentrum des internationalen Designs \u2013 dank des <strong>Salone del Mobile<\/strong>, einer Veranstaltung, die weit mehr als nur eine Messe ist: ein echtes Manifest f\u00fcr Kreativit\u00e4t und handwerkliche Exzellenz.<\/p>\n<p>Der 1961 ins Leben gerufene Salone ist heute ein unverzichtbarer Bezugspunkt f\u00fcr <strong>die Welt der M\u00f6bel und Innenarchitektur<\/strong> ein Treffpunkt, an dem die Vorstellungskraft gro\u00dfer Marken, das Talent der Designer und die fortschrittlichsten Wohntechnologien aufeinandertreffen.<\/p>\n<p>Die kosmopolitische Atmosph\u00e4re auf dem Messegel\u00e4nde <strong>Fiera Milano Rho<\/strong> bietet jedes Jahr einen reichen Veranstaltungskalender mit Ausstellungen und Installationen und macht den Salone zu einer erstklassigen B\u00fchne f\u00fcr Unternehmen.<\/p>\n<p>J\u00e4hrlich zieht die Messe \u00fcber <strong>300.000 Besucher aus aller Welt<\/strong> an darunter Einzelh\u00e4ndler, Architekten, Journalisten und Fachleute der Branche und bietet Unternehmen eine einzigartige Gelegenheit, ihre Marke zu st\u00e4rken, neue Produkte zu pr\u00e4sentieren und gesch\u00e4ftliche Synergien zu schaffen.<\/p>\n<p><a href=\"https:\/\/www.vsveicolispeciali.com\/wp-content\/uploads\/2025\/03\/salone-mobile-milano-2025.jpg\"><img loading=\"lazy\" decoding=\"async\" src=\"https:\/\/www.vsveicolispeciali.com\/wp-content\/uploads\/2025\/03\/salone-mobile-milano-2025.jpg\" alt=\"salone del mobile in Mailand 2025\" width=\"1200\" height=\"675\" class=\"alignleft size-full wp-image-27708\" srcset=\"https:\/\/www.vsveicolispeciali.com\/wp-content\/uploads\/2025\/03\/salone-mobile-milano-2025.jpg 1200w, https:\/\/www.vsveicolispeciali.com\/wp-content\/uploads\/2025\/03\/salone-mobile-milano-2025-300x169.jpg 300w, https:\/\/www.vsveicolispeciali.com\/wp-content\/uploads\/2025\/03\/salone-mobile-milano-2025-1024x576.jpg 1024w, https:\/\/www.vsveicolispeciali.com\/wp-content\/uploads\/2025\/03\/salone-mobile-milano-2025-768x432.jpg 768w, https:\/\/www.vsveicolispeciali.com\/wp-content\/uploads\/2025\/03\/salone-mobile-milano-2025-700x394.jpg 700w, https:\/\/www.vsveicolispeciali.com\/wp-content\/uploads\/2025\/03\/salone-mobile-milano-2025-539x303.jpg 539w\" sizes=\"(max-width: 1200px) 100vw, 1200px\" \/><\/a><\/p>\n<p>Die M\u00f6glichkeiten zum Networking und zur Sichtbarkeit vervielfachen sich zus\u00e4tzlich durch die zahlreichen <strong>Begleitveranstaltungen des Fuorisalone<\/strong>, die die mediale Reichweite sowie das Engagement in sozialen Netzwerken erheblich steigern.<\/p>\n<p>&nbsp;&nbsp;<\/p>\n<h2>Fuorisalone<\/h2>\n<p>Parallel zum Salone del Mobile verwandelt der <strong>Fuorisalone<\/strong> die Stadt Mailand in eine weitl\u00e4ufige B\u00fchne, auf der Design im Mittelpunkt steht und Begegnungen inmitten einer begeisterten Menschenmenge stattfinden.<\/p>\n<p>Der Fuorisalone besteht aus einer <strong>Vielzahl von Events, Ausstellungen und Installationen<\/strong>, die sich durch die ikonischsten Viertel der Stadt ziehen \u2013 von Brera \u00fcber Tortona, Isola und Porta Venezia bis hin zu Lambrate und dem neuen Alcova-Distrikt. Dabei werden Galerien, Showrooms, umfunktionierte Industriefl\u00e4chen und andere originelle Locations miteinbezogen.<\/p>\n<p>In dieser dynamischen Atmosph\u00e4re inszenieren internationale Marken, Architekturb\u00fcros, aufstrebende Designer und gro\u00dfe Namen der Luxuswelt <strong>immersive und spektakul\u00e4re Erlebnisse<\/strong>, um die Aufmerksamkeit des Publikums zu gewinnen.<\/p>\n<p>Dank seines informellen und dezentralen Charakters bietet der Fuorisalone eine herausragende <strong>M\u00f6glichkeit f\u00fcr erlebnisorientiertes Marketing<\/strong>.<\/p>\n<p><strong>Unternehmen k\u00f6nnen direkt mit den Endverbrauchern in Kontakt treten<\/strong>, Events organisieren und Markenaktionen in einem kreativen Umfeld umsetzen.<\/p>\n<p><strong>Soziale Netzwerke<\/strong> tragen dazu bei, dass jede Initiative in Echtzeit verst\u00e4rkt wird und das mit einer spontanen, viralen Wirkung.<\/p>\n<p>Dar\u00fcber hinaus erm\u00f6glichen sektor\u00fcbergreifende Kooperationen zwischen Design, Mode, Technologie und Gastronomie die Erschlie\u00dfung neuer Ausdrucksformen und Zielgruppen und machen den Fuorisalone zu einem echten Labor f\u00fcr Kommunikation und Innovation.<\/p>\n<p>&nbsp;&nbsp;<\/p>\n<h2>Einzigartiges Streetfood beim Fuorisalone<\/h2>\n<p>Ein eigenes Kapitel verdient die Welt des <a href=\"https:\/\/www.vsveicolispeciali.com\/de\/street-food\/\" target=\"_blank\" rel=\"noopener\">street food<\/a>, die beim Fuorisalone eine zunehmend integrierte und strategische Rolle spielt.<\/p>\n<p><a href=\"https:\/\/www.vsveicolispeciali.com\/wp-content\/uploads\/2025\/03\/milano-fuori-salone-street-food.jpg\"><img loading=\"lazy\" decoding=\"async\" src=\"https:\/\/www.vsveicolispeciali.com\/wp-content\/uploads\/2025\/03\/milano-fuori-salone-street-food.jpg\" alt=\"Mailand Fuorisalone street food\" width=\"1200\" height=\"801\" class=\"alignleft size-full wp-image-27713\" srcset=\"https:\/\/www.vsveicolispeciali.com\/wp-content\/uploads\/2025\/03\/milano-fuori-salone-street-food.jpg 1200w, https:\/\/www.vsveicolispeciali.com\/wp-content\/uploads\/2025\/03\/milano-fuori-salone-street-food-300x200.jpg 300w, https:\/\/www.vsveicolispeciali.com\/wp-content\/uploads\/2025\/03\/milano-fuori-salone-street-food-1024x684.jpg 1024w, https:\/\/www.vsveicolispeciali.com\/wp-content\/uploads\/2025\/03\/milano-fuori-salone-street-food-768x513.jpg 768w, https:\/\/www.vsveicolispeciali.com\/wp-content\/uploads\/2025\/03\/milano-fuori-salone-street-food-700x467.jpg 700w\" sizes=\"(max-width: 1200px) 100vw, 1200px\" \/><\/a><\/p>\n<p>Food Trucks, tempor\u00e4re Bars und mobile K\u00fcchen beleben die Stra\u00dfen und Pl\u00e4tze der Designviertel mit einem vielf\u00e4ltigen und hochwertigen gastronomischen Angebot.<\/p>\n<p>F\u00fcr Unternehmen aus dem <strong>Food-&#038;-Beverage-Sektor<\/strong> bietet der Fuorisalone eine exzellente B\u00fchne f\u00fcr Verkostungen, Showcookings und kreative Kooperationen mit Designern und K\u00f6chen und verwandelt jede Mittagspause oder jeden Aperitif in einen Moment der Entdeckung und Markeninszenierung.<\/p>\n<p>Selbstverst\u00e4ndlich nutzen <strong>Food-Trucker und Unternehmen mit mobilen K\u00fcchen<\/strong> diese gro\u00dfartige Gelegenheit, um ihre Spezialit\u00e4ten einem begeisterten und hungrigen Publikum zu pr\u00e4sentieren.<\/p>\n<p>&nbsp;&nbsp;<\/p>\n<h2>Beim Fuorisalone sind selbst die Foodtrucks Design-Ikonen<\/h2>\n<p>W\u00e4hrend des Fuorisalone sind <a href=\"https:\/\/www.vsveicolispeciali.com\/de\/verkaufswagen-kaufen\/food-truck-imbisswagen-kosten\/\">Food-Trucks<\/a> nicht blo\u00df Verpflegungspunkte sie sind <strong>erlebnisorientierte Anlaufstellen<\/strong>, die die kreative, lebendige Atmosph\u00e4re der <a href=\"https:\/\/www.vsveicolispeciali.com\/de\/die-am-meisten-erwarteten-street-food-veranstaltungen-von-2018-in-italien\/\" rel=\"noopener\" target=\"_blank\">Streetfood Veranstaltung<\/a> aufgreifen und viel mehr bieten als nur schnelles Essen.<\/p>\n<p>Strategisch in den beliebtesten Stadtteilen positioniert, werden Food Trucks zum festen Bestandteil des urbanen Szenarios. Inspiriert vom Stellenwert des Events pr\u00e4sentieren sie kulinarische Spezialit\u00e4ten und <strong>hochwertiges Street-Food<\/strong> oft speziell f\u00fcr die Veranstaltung kreiert \u2013 mit thematischen Men\u00fcs zu Design, Nachhaltigkeit oder lokaler Kultur.<\/p>\n<p><a href=\"https:\/\/www.vsveicolispeciali.com\/de\/street-food-truck\/food-truck-piaggio-porter-haibin-sushi-milano\/\" rel=\"noopener\" target=\"_blank\">TAKEBO<\/a><br \/>\n<a href=\"https:\/\/www.vsveicolispeciali.com\/wp-content\/uploads\/2017\/03\/Food-Truck_Street-Food_Haibin_01.jpg\"><img loading=\"lazy\" decoding=\"async\" src=\"https:\/\/www.vsveicolispeciali.com\/wp-content\/uploads\/2017\/03\/Food-Truck_Street-Food_Haibin_01.jpg\" alt=\"Foodtruck sushi in Mailand\" width=\"1000\" height=\"800\" class=\"alignleft size-full wp-image-3885\" srcset=\"https:\/\/www.vsveicolispeciali.com\/wp-content\/uploads\/2017\/03\/Food-Truck_Street-Food_Haibin_01.jpg 1000w, https:\/\/www.vsveicolispeciali.com\/wp-content\/uploads\/2017\/03\/Food-Truck_Street-Food_Haibin_01-300x240.jpg 300w, https:\/\/www.vsveicolispeciali.com\/wp-content\/uploads\/2017\/03\/Food-Truck_Street-Food_Haibin_01-768x614.jpg 768w, https:\/\/www.vsveicolispeciali.com\/wp-content\/uploads\/2017\/03\/Food-Truck_Street-Food_Haibin_01-700x560.jpg 700w\" sizes=\"(max-width: 1000px) 100vw, 1000px\" \/><\/a><\/p>\n<p>Von Gourmet-Sandwiches mit regionalen Zutaten \u00fcber japanisches Sushi bis hin zu vegetarischen und veganen Gerichten mit raffiniertem Design jedes Angebot ist bis ins Detail durchdacht, um Gaumen und Augen gleicherma\u00dfen zu \u00fcberraschen.<\/p>\n<p><a href=\"https:\/\/www.vsveicolispeciali.com\/de\/street-food-truck\/piaggio-restaurant-mobile-kueche-veganen-und-vegetarischen-spezialitaeten\/\" rel=\"noopener\" target=\"_blank\">HORTUS<\/a><br \/>\n<a href=\"https:\/\/www.vsveicolispeciali.com\/wp-content\/uploads\/2017\/11\/food-truck-piaggio-hortus.jpg\"><img loading=\"lazy\" decoding=\"async\" src=\"https:\/\/www.vsveicolispeciali.com\/wp-content\/uploads\/2017\/11\/food-truck-piaggio-hortus.jpg\" alt=\"Piaggio Food Truck f\u00fcr Markenwerbung und Catering beim Fuorisalone in Mailand\" width=\"1000\" height=\"800\" class=\"alignleft size-full wp-image-5729\" srcset=\"https:\/\/www.vsveicolispeciali.com\/wp-content\/uploads\/2017\/11\/food-truck-piaggio-hortus.jpg 1000w, https:\/\/www.vsveicolispeciali.com\/wp-content\/uploads\/2017\/11\/food-truck-piaggio-hortus-300x240.jpg 300w, https:\/\/www.vsveicolispeciali.com\/wp-content\/uploads\/2017\/11\/food-truck-piaggio-hortus-768x614.jpg 768w, https:\/\/www.vsveicolispeciali.com\/wp-content\/uploads\/2017\/11\/food-truck-piaggio-hortus-700x560.jpg 700w\" sizes=\"(max-width: 1000px) 100vw, 1000px\" \/><\/a><\/p>\n<p><a href=\"https:\/\/www.vsveicolispeciali.com\/de\/spezialisierte-food-trucks-fuer-den-verkauf-von-cocktails-und-aperitifs\/\" target=\"_blank\" rel=\"noopener\">Drink-Trucks<\/a> erweitern das kulinarische Angebot mit frisch gemixten Cocktails, einer Auswahl an Craft-Bieren, Naturweinen, trendigen Aperitifs und alkoholfreien Getr\u00e4nken.<\/p>\n<p>Einige Food Trucks organisieren <strong>kreative Aperitifs<\/strong> mit eindrucksvollen Setups, DJ-Sets und Kooperationen mit Spirituosenmarken und werden so zu Treffpunkten f\u00fcr Unterhaltung und Geselligkeit.<\/p>\n<p>Zu den interessantesten Foodtrucks des Fuorisalone z\u00e4hlen jene von <strong>VS Veicoli Speciali<\/strong> entwickelten Fahrzeuge:<\/p>\n<p><a href=\"https:\/\/www.vsveicolispeciali.com\/de\/street-food-truck\/transporter-food-truck-renault-master-bop-mailand\/\" rel=\"noopener\" target=\"_blank\">BOP<\/a><br \/>\n<a href=\"https:\/\/www.vsveicolispeciali.com\/wp-content\/uploads\/2025\/03\/bop-food-truck-salone-milano.jpg\"><img loading=\"lazy\" decoding=\"async\" src=\"https:\/\/www.vsveicolispeciali.com\/wp-content\/uploads\/2025\/03\/bop-food-truck-salone-milano.jpg\" alt=\"bop food truck salone del mobile Mailand\" width=\"870\" height=\"461\" class=\"alignleft size-full wp-image-27692\" srcset=\"https:\/\/www.vsveicolispeciali.com\/wp-content\/uploads\/2025\/03\/bop-food-truck-salone-milano.jpg 870w, https:\/\/www.vsveicolispeciali.com\/wp-content\/uploads\/2025\/03\/bop-food-truck-salone-milano-300x159.jpg 300w, https:\/\/www.vsveicolispeciali.com\/wp-content\/uploads\/2025\/03\/bop-food-truck-salone-milano-768x407.jpg 768w, https:\/\/www.vsveicolispeciali.com\/wp-content\/uploads\/2025\/03\/bop-food-truck-salone-milano-700x371.jpg 700w\" sizes=\"(max-width: 870px) 100vw, 870px\" \/><\/a><\/p>\n<p><a href=\"https:\/\/www.vsveicolispeciali.com\/de\/street-food-truck\/transporter-food-truck-fiat-ducato-fuer-ambulanten-verkauf-bobson\/\" rel=\"noopener\" target=\"_blank\">BOBSON<\/a><br \/>\n<a href=\"https:\/\/www.vsveicolispeciali.com\/wp-content\/uploads\/2025\/03\/bobson-food-truck-fuorisalone-milano.jpg\"><img loading=\"lazy\" decoding=\"async\" src=\"https:\/\/www.vsveicolispeciali.com\/wp-content\/uploads\/2025\/03\/bobson-food-truck-fuorisalone-milano.jpg\" alt=\"bobson food truck beim Fuorisalone von Mailand\" width=\"810\" height=\"606\" class=\"alignleft size-full wp-image-27696\" srcset=\"https:\/\/www.vsveicolispeciali.com\/wp-content\/uploads\/2025\/03\/bobson-food-truck-fuorisalone-milano.jpg 810w, https:\/\/www.vsveicolispeciali.com\/wp-content\/uploads\/2025\/03\/bobson-food-truck-fuorisalone-milano-300x224.jpg 300w, https:\/\/www.vsveicolispeciali.com\/wp-content\/uploads\/2025\/03\/bobson-food-truck-fuorisalone-milano-768x575.jpg 768w, https:\/\/www.vsveicolispeciali.com\/wp-content\/uploads\/2025\/03\/bobson-food-truck-fuorisalone-milano-800x600.jpg 800w, https:\/\/www.vsveicolispeciali.com\/wp-content\/uploads\/2025\/03\/bobson-food-truck-fuorisalone-milano-700x524.jpg 700w\" sizes=\"(max-width: 810px) 100vw, 810px\" \/><\/a><\/p>\n<p><a href=\"https:\/\/www.vsveicolispeciali.com\/de\/street-food-truck\/event-catering-wagen-armani\/\" rel=\"noopener\" target=\"_blank\">ARMANI<\/a><br \/>\n<a href=\"https:\/\/www.vsveicolispeciali.com\/wp-content\/uploads\/2025\/03\/Armani-Forestami-ape-food-truck-milano.jpg\"><img loading=\"lazy\" decoding=\"async\" src=\"https:\/\/www.vsveicolispeciali.com\/wp-content\/uploads\/2025\/03\/Armani-Forestami-ape-food-truck-milano.jpg\" alt=\"Armani ape food truck in Mailand zum Fuorisalone\" width=\"810\" height=\"456\" class=\"alignleft size-full wp-image-27700\" srcset=\"https:\/\/www.vsveicolispeciali.com\/wp-content\/uploads\/2025\/03\/Armani-Forestami-ape-food-truck-milano.jpg 810w, https:\/\/www.vsveicolispeciali.com\/wp-content\/uploads\/2025\/03\/Armani-Forestami-ape-food-truck-milano-300x169.jpg 300w, https:\/\/www.vsveicolispeciali.com\/wp-content\/uploads\/2025\/03\/Armani-Forestami-ape-food-truck-milano-768x432.jpg 768w, https:\/\/www.vsveicolispeciali.com\/wp-content\/uploads\/2025\/03\/Armani-Forestami-ape-food-truck-milano-700x394.jpg 700w, https:\/\/www.vsveicolispeciali.com\/wp-content\/uploads\/2025\/03\/Armani-Forestami-ape-food-truck-milano-539x303.jpg 539w\" sizes=\"(max-width: 810px) 100vw, 810px\" \/><\/a><\/p>\n<p><a href=\"https:\/\/www.vsveicolispeciali.com\/de\/street-food-truck\/fastfood-truck-pescaria\/\" rel=\"noopener\" target=\"_blank\">PESCARIA<\/a><br \/>\n<a href=\"https:\/\/www.vsveicolispeciali.com\/wp-content\/uploads\/2024\/07\/fast-food-truck-pescaria.jpg\"><img loading=\"lazy\" decoding=\"async\" src=\"https:\/\/www.vsveicolispeciali.com\/wp-content\/uploads\/2024\/07\/fast-food-truck-pescaria.jpg\" alt=\"fast food truck pescaria\" width=\"1283\" height=\"973\" class=\"alignleft size-full wp-image-25903\" srcset=\"https:\/\/www.vsveicolispeciali.com\/wp-content\/uploads\/2024\/07\/fast-food-truck-pescaria.jpg 1283w, https:\/\/www.vsveicolispeciali.com\/wp-content\/uploads\/2024\/07\/fast-food-truck-pescaria-300x228.jpg 300w, https:\/\/www.vsveicolispeciali.com\/wp-content\/uploads\/2024\/07\/fast-food-truck-pescaria-1024x777.jpg 1024w, https:\/\/www.vsveicolispeciali.com\/wp-content\/uploads\/2024\/07\/fast-food-truck-pescaria-768x582.jpg 768w, https:\/\/www.vsveicolispeciali.com\/wp-content\/uploads\/2024\/07\/fast-food-truck-pescaria-500x380.jpg 500w, https:\/\/www.vsveicolispeciali.com\/wp-content\/uploads\/2024\/07\/fast-food-truck-pescaria-700x531.jpg 700w\" sizes=\"(max-width: 1283px) 100vw, 1283px\" \/><\/a><\/p>\n<p><a href=\"https:\/\/www.vsveicolispeciali.com\/wp-content\/uploads\/2024\/07\/food-truck-stellato-pescaria.jpg\"><img loading=\"lazy\" decoding=\"async\" src=\"https:\/\/www.vsveicolispeciali.com\/wp-content\/uploads\/2024\/07\/food-truck-stellato-pescaria.jpg\" alt=\"Pescaria Food Truck w\u00e4hrend der Er\u00f6ffnung mit den 3-Sterne-K\u00f6chen beim Kochen\" width=\"810\" height=\"299\" class=\"alignleft size-full wp-image-25922\" srcset=\"https:\/\/www.vsveicolispeciali.com\/wp-content\/uploads\/2024\/07\/food-truck-stellato-pescaria.jpg 810w, https:\/\/www.vsveicolispeciali.com\/wp-content\/uploads\/2024\/07\/food-truck-stellato-pescaria-300x111.jpg 300w, https:\/\/www.vsveicolispeciali.com\/wp-content\/uploads\/2024\/07\/food-truck-stellato-pescaria-768x283.jpg 768w, https:\/\/www.vsveicolispeciali.com\/wp-content\/uploads\/2024\/07\/food-truck-stellato-pescaria-700x258.jpg 700w\" sizes=\"(max-width: 810px) 100vw, 810px\" \/><\/a><\/p>\n<p>&nbsp;&nbsp;<\/p>\n<h2>Einen Food Truck f\u00fcr den Fuorisalone mieten<\/h2>\n<p>Am Fuorisalone mit einem <strong>Food-Truck<\/strong> teilzunehmen ist auch f\u00fcr Unternehmen m\u00f6glich, die kein eigenes Fahrzeug besitzen dank der M\u00f6glichkeit, speziell <strong>f\u00fcr das Event einen Truck zu mieten<\/strong>.<\/p>\n<p><strong>Die Miete reduziert die Anfangsinvestitionen<\/strong> und macht eine Teilnahme am Fuorisalone auch f\u00fcr Start-ups, kleine Gastronomen oder Marken zug\u00e4nglich, die ein Pop-up-Format ohne langfristige Bindung ausprobieren m\u00f6chten.<\/p>\n<p>VS bietet zwei Arten von <a href=\"https:\/\/www.vsveicolispeciali.com\/de\/vermietung-piaggio-food-truck-mieten\/\">Foodtrucks zur Miete<\/a> an:<\/p>\n<ul class=\"lista\">\n<li>Ape Piaggio V-Curve;<\/li>\n<li>Aircrome-Anh\u00e4nger.<\/li>\n<\/ul>\n<p>&nbsp;<br \/>\n<a href=\"https:\/\/www.vsveicolispeciali.com\/de\/street-food-truck\/food-trailer-fancytoast\/\" rel=\"noopener\" target=\"_blank\">FANCYTOAST<\/a><br \/>\n<a href=\"https:\/\/www.vsveicolispeciali.com\/wp-content\/uploads\/2024\/11\/airstream-rimorchio-food-truck-aircrome.jpeg\"><img loading=\"lazy\" decoding=\"async\" src=\"https:\/\/www.vsveicolispeciali.com\/wp-content\/uploads\/2024\/11\/airstream-rimorchio-food-truck-aircrome.jpeg\" alt=\"Aircrome Foodtruck-Anh\u00e4nger f\u00fcr Catering-Service beim Fuorisalone\" width=\"1080\" height=\"1080\" class=\"alignleft size-full wp-image-26937\" srcset=\"https:\/\/www.vsveicolispeciali.com\/wp-content\/uploads\/2024\/11\/airstream-rimorchio-food-truck-aircrome.jpeg 1080w, https:\/\/www.vsveicolispeciali.com\/wp-content\/uploads\/2024\/11\/airstream-rimorchio-food-truck-aircrome-300x300.jpeg 300w, https:\/\/www.vsveicolispeciali.com\/wp-content\/uploads\/2024\/11\/airstream-rimorchio-food-truck-aircrome-1024x1024.jpeg 1024w, https:\/\/www.vsveicolispeciali.com\/wp-content\/uploads\/2024\/11\/airstream-rimorchio-food-truck-aircrome-150x150.jpeg 150w, https:\/\/www.vsveicolispeciali.com\/wp-content\/uploads\/2024\/11\/airstream-rimorchio-food-truck-aircrome-768x768.jpeg 768w, https:\/\/www.vsveicolispeciali.com\/wp-content\/uploads\/2024\/11\/airstream-rimorchio-food-truck-aircrome-570x570.jpeg 570w, https:\/\/www.vsveicolispeciali.com\/wp-content\/uploads\/2024\/11\/airstream-rimorchio-food-truck-aircrome-500x500.jpeg 500w, https:\/\/www.vsveicolispeciali.com\/wp-content\/uploads\/2024\/11\/airstream-rimorchio-food-truck-aircrome-1000x1000.jpeg 1000w, https:\/\/www.vsveicolispeciali.com\/wp-content\/uploads\/2024\/11\/airstream-rimorchio-food-truck-aircrome-700x700.jpeg 700w\" sizes=\"(max-width: 1080px) 100vw, 1080px\" \/><\/a><\/p>\n<p>Beide Modelle lassen sich mit <strong>Grafiken, Logos und Ausstattung individuell<\/strong> an das Erscheinungsbild und Konzept des Unternehmens anpassen.<\/p>\n<p>Das Mieten eines Fahrzeugs erm\u00f6glicht es den Betreibern, sich voll und ganz <strong>auf das Produkt und das Kundenerlebnis zu konzentrieren<\/strong> ohne sich um organisatorische Details k\u00fcmmern zu m\u00fcssen.<\/p>\n<p><a href=\"https:\/\/www.vsveicolispeciali.com\/de\/kontakte\/\">Kontaktieren Sie<\/a> uns f\u00fcr weitere Informationen.<\/p>\n<p>\n\t\t<style type=\"text\/css\">\n\t\t\t#gallery-1 {\n\t\t\t\tmargin: auto;\n\t\t\t}\n\t\t\t#gallery-1 .gallery-item {\n\t\t\t\tfloat: left;\n\t\t\t\tmargin-top: 10px;\n\t\t\t\ttext-align: center;\n\t\t\t\twidth: 33%;\n\t\t\t}\n\t\t\t#gallery-1 img {\n\t\t\t\tborder: 2px solid #cfcfcf;\n\t\t\t}\n\t\t\t#gallery-1 .gallery-caption {\n\t\t\t\tmargin-left: 0;\n\t\t\t}\n\t\t\t\/* see gallery_shortcode() in wp-includes\/media.php *\/\n\t\t<\/style>\n\t\t<div id='gallery-1' class='gallery galleryid-27730 gallery-columns-3 gallery-size-thumbnail'><dl class='gallery-item'>\n\t\t\t<dt class='gallery-icon landscape'>\n\t\t\t\t<a href='https:\/\/www.vsveicolispeciali.com\/de\/salone-del-mobile-und-fuorisalone-mailand-heisst-auch-foodtrucks-willkommen\/armani-forestami-ape-food-truck-milano-2\/'><img loading=\"lazy\" decoding=\"async\" width=\"150\" height=\"150\" src=\"https:\/\/www.vsveicolispeciali.com\/wp-content\/uploads\/2025\/03\/Armani-Forestami-ape-food-truck-milano-150x150.jpg\" class=\"attachment-thumbnail size-thumbnail\" alt=\"Armani food truck Piaggio Mailand\" \/><\/a>\n\t\t\t<\/dt><\/dl>\n\t\t\t<br style='clear: both' \/>\n\t\t<\/div>\n<br \/>\n&nbsp;&nbsp;<\/p>\n","protected":false},"excerpt":{"rendered":"<p>Jeden Fr\u00fchling verwandelt sich Mailand in das pulsierende Zentrum des internationalen Designs \u2013 dank des Salone del Mobile, einer Veranstaltung, die weit mehr als nur eine Messe ist: ein echtes Manifest f\u00fcr Kreativit\u00e4t und handwerkliche Exzellenz. Der 1961 ins Leben gerufene Salone ist heute ein&#8230;<\/p>\n","protected":false},"author":1001012,"featured_media":27703,"comment_status":"closed","ping_status":"open","sticky":false,"template":"","format":"gallery","meta":{"footnotes":""},"categories":[48],"tags":[261,270,278,279],"class_list":["post-27730","post","type-post","status-publish","format-gallery","has-post-thumbnail","hentry","category-non-categorizzato","tag-food-truck-design-de","tag-promotionfahrzeuge","tag-street-food-events","tag-foodtruck-catering","post_format-post-format-gallery"],"yoast_head":"<!-- This site is optimized with the Yoast SEO plugin v25.4 - https:\/\/yoast.com\/wordpress\/plugins\/seo\/ -->\n<title>Salone del Mobile und Fuorisalone: Mailand hei\u00dft auch Foodtrucks willkommen<\/title>\n<meta name=\"description\" content=\"Beim Fuorisalone sind selbst die Food Trucks Design-Ikonen. Entdecken Sie die gesch\u00e4ftlichen Chancen, die das Event Unternehmen bietet &gt;\" \/>\n<meta name=\"robots\" content=\"index, follow, max-snippet:-1, max-image-preview:large, max-video-preview:-1\" \/>\n<link rel=\"canonical\" href=\"https:\/\/www.vsveicolispeciali.com\/de\/salone-del-mobile-und-fuorisalone-mailand-heisst-auch-foodtrucks-willkommen\/\" \/>\n<meta property=\"og:locale\" content=\"de_DE\" \/>\n<meta property=\"og:type\" content=\"article\" \/>\n<meta property=\"og:title\" content=\"Salone del Mobile und Fuorisalone: Mailand hei\u00dft auch Foodtrucks willkommen\" \/>\n<meta property=\"og:description\" content=\"Beim Fuorisalone sind selbst die Food Trucks Design-Ikonen. Entdecken Sie die gesch\u00e4ftlichen Chancen, die das Event Unternehmen bietet &gt;\" \/>\n<meta property=\"og:url\" content=\"https:\/\/www.vsveicolispeciali.com\/de\/salone-del-mobile-und-fuorisalone-mailand-heisst-auch-foodtrucks-willkommen\/\" \/>\n<meta property=\"og:site_name\" content=\"VS Veicoli Speciali\" \/>\n<meta property=\"article:publisher\" content=\"https:\/\/www.facebook.com\/VSVeicoliSpeciali.Food.Trucks\/\" \/>\n<meta property=\"article:published_time\" content=\"2025-03-25T21:16:37+00:00\" \/>\n<meta property=\"article:modified_time\" content=\"2025-03-27T15:01:49+00:00\" \/>\n<meta property=\"og:image\" content=\"https:\/\/www.vsveicolispeciali.com\/wp-content\/uploads\/2025\/03\/Armani-Forestami-ape-food-truck-milano.jpg\" \/>\n\t<meta property=\"og:image:width\" content=\"810\" \/>\n\t<meta property=\"og:image:height\" content=\"456\" \/>\n\t<meta property=\"og:image:type\" content=\"image\/jpeg\" \/>\n<meta name=\"author\" content=\"VS Veicoli Speciali\" \/>\n<meta name=\"twitter:card\" content=\"summary_large_image\" \/>\n<meta name=\"twitter:creator\" content=\"@veicolispeciali\" \/>\n<meta name=\"twitter:site\" content=\"@veicolispeciali\" \/>\n<meta name=\"twitter:label1\" content=\"Verfasst von\" \/>\n\t<meta name=\"twitter:data1\" content=\"VS Veicoli Speciali\" \/>\n\t<meta name=\"twitter:label2\" content=\"Gesch\u00e4tzte Lesezeit\" \/>\n\t<meta name=\"twitter:data2\" content=\"7\u00a0Minuten\" \/>\n<script type=\"application\/ld+json\" class=\"yoast-schema-graph\">{\"@context\":\"https:\/\/schema.org\",\"@graph\":[{\"@type\":\"Article\",\"@id\":\"https:\/\/www.vsveicolispeciali.com\/de\/salone-del-mobile-und-fuorisalone-mailand-heisst-auch-foodtrucks-willkommen\/#article\",\"isPartOf\":{\"@id\":\"https:\/\/www.vsveicolispeciali.com\/de\/salone-del-mobile-und-fuorisalone-mailand-heisst-auch-foodtrucks-willkommen\/\"},\"author\":{\"name\":\"VS Veicoli Speciali\",\"@id\":\"https:\/\/www.vsveicolispeciali.com\/de\/#\/schema\/person\/1241826d792bde4333b3db1395b12be9\"},\"headline\":\"Salone del Mobile und Fuorisalone: Mailand hei\u00dft auch Foodtrucks willkommen\",\"datePublished\":\"2025-03-25T21:16:37+00:00\",\"dateModified\":\"2025-03-27T15:01:49+00:00\",\"mainEntityOfPage\":{\"@id\":\"https:\/\/www.vsveicolispeciali.com\/de\/salone-del-mobile-und-fuorisalone-mailand-heisst-auch-foodtrucks-willkommen\/\"},\"wordCount\":840,\"publisher\":{\"@id\":\"https:\/\/www.vsveicolispeciali.com\/de\/#organization\"},\"image\":{\"@id\":\"https:\/\/www.vsveicolispeciali.com\/de\/salone-del-mobile-und-fuorisalone-mailand-heisst-auch-foodtrucks-willkommen\/#primaryimage\"},\"thumbnailUrl\":\"https:\/\/www.vsveicolispeciali.com\/wp-content\/uploads\/2025\/03\/Armani-Forestami-ape-food-truck-milano.jpg\",\"keywords\":[\"food truck design\",\"promotionfahrzeuge\",\"street food events\",\"foodtruck catering\"],\"articleSection\":[\"Non categorizzato\"],\"inLanguage\":\"de\"},{\"@type\":\"WebPage\",\"@id\":\"https:\/\/www.vsveicolispeciali.com\/de\/salone-del-mobile-und-fuorisalone-mailand-heisst-auch-foodtrucks-willkommen\/\",\"url\":\"https:\/\/www.vsveicolispeciali.com\/de\/salone-del-mobile-und-fuorisalone-mailand-heisst-auch-foodtrucks-willkommen\/\",\"name\":\"Salone del Mobile und Fuorisalone: Mailand hei\u00dft auch Foodtrucks willkommen\",\"isPartOf\":{\"@id\":\"https:\/\/www.vsveicolispeciali.com\/de\/#website\"},\"primaryImageOfPage\":{\"@id\":\"https:\/\/www.vsveicolispeciali.com\/de\/salone-del-mobile-und-fuorisalone-mailand-heisst-auch-foodtrucks-willkommen\/#primaryimage\"},\"image\":{\"@id\":\"https:\/\/www.vsveicolispeciali.com\/de\/salone-del-mobile-und-fuorisalone-mailand-heisst-auch-foodtrucks-willkommen\/#primaryimage\"},\"thumbnailUrl\":\"https:\/\/www.vsveicolispeciali.com\/wp-content\/uploads\/2025\/03\/Armani-Forestami-ape-food-truck-milano.jpg\",\"datePublished\":\"2025-03-25T21:16:37+00:00\",\"dateModified\":\"2025-03-27T15:01:49+00:00\",\"description\":\"Beim Fuorisalone sind selbst die Food Trucks Design-Ikonen. Entdecken Sie die gesch\u00e4ftlichen Chancen, die das Event Unternehmen bietet >\",\"breadcrumb\":{\"@id\":\"https:\/\/www.vsveicolispeciali.com\/de\/salone-del-mobile-und-fuorisalone-mailand-heisst-auch-foodtrucks-willkommen\/#breadcrumb\"},\"inLanguage\":\"de\",\"potentialAction\":[{\"@type\":\"ReadAction\",\"target\":[\"https:\/\/www.vsveicolispeciali.com\/de\/salone-del-mobile-und-fuorisalone-mailand-heisst-auch-foodtrucks-willkommen\/\"]}]},{\"@type\":\"ImageObject\",\"inLanguage\":\"de\",\"@id\":\"https:\/\/www.vsveicolispeciali.com\/de\/salone-del-mobile-und-fuorisalone-mailand-heisst-auch-foodtrucks-willkommen\/#primaryimage\",\"url\":\"https:\/\/www.vsveicolispeciali.com\/wp-content\/uploads\/2025\/03\/Armani-Forestami-ape-food-truck-milano.jpg\",\"contentUrl\":\"https:\/\/www.vsveicolispeciali.com\/wp-content\/uploads\/2025\/03\/Armani-Forestami-ape-food-truck-milano.jpg\",\"width\":810,\"height\":456,\"caption\":\"Armani food truck Piaggio Mailand\"},{\"@type\":\"BreadcrumbList\",\"@id\":\"https:\/\/www.vsveicolispeciali.com\/de\/salone-del-mobile-und-fuorisalone-mailand-heisst-auch-foodtrucks-willkommen\/#breadcrumb\",\"itemListElement\":[{\"@type\":\"ListItem\",\"position\":1,\"name\":\"Home\",\"item\":\"https:\/\/www.vsveicolispeciali.com\/de\/\"},{\"@type\":\"ListItem\",\"position\":2,\"name\":\"Salone del Mobile und Fuorisalone: Mailand hei\u00dft auch Foodtrucks willkommen\"}]},{\"@type\":\"WebSite\",\"@id\":\"https:\/\/www.vsveicolispeciali.com\/de\/#website\",\"url\":\"https:\/\/www.vsveicolispeciali.com\/de\/\",\"name\":\"VS Veicoli Speciali\",\"description\":\"\",\"publisher\":{\"@id\":\"https:\/\/www.vsveicolispeciali.com\/de\/#organization\"},\"potentialAction\":[{\"@type\":\"SearchAction\",\"target\":{\"@type\":\"EntryPoint\",\"urlTemplate\":\"https:\/\/www.vsveicolispeciali.com\/de\/?s={search_term_string}\"},\"query-input\":{\"@type\":\"PropertyValueSpecification\",\"valueRequired\":true,\"valueName\":\"search_term_string\"}}],\"inLanguage\":\"de\"},{\"@type\":\"Organization\",\"@id\":\"https:\/\/www.vsveicolispeciali.com\/de\/#organization\",\"name\":\"VS Veicoli Speciali\",\"url\":\"https:\/\/www.vsveicolispeciali.com\/de\/\",\"logo\":{\"@type\":\"ImageObject\",\"inLanguage\":\"de\",\"@id\":\"https:\/\/www.vsveicolispeciali.com\/de\/#\/schema\/logo\/image\/\",\"url\":\"http:\/\/www.vsveicolispeciali.com\/wp-content\/uploads\/2015\/05\/vs_veicoli_speciali-logo.png\",\"contentUrl\":\"http:\/\/www.vsveicolispeciali.com\/wp-content\/uploads\/2015\/05\/vs_veicoli_speciali-logo.png\",\"width\":252,\"height\":134,\"caption\":\"VS Veicoli Speciali\"},\"image\":{\"@id\":\"https:\/\/www.vsveicolispeciali.com\/de\/#\/schema\/logo\/image\/\"},\"sameAs\":[\"https:\/\/www.facebook.com\/VSVeicoliSpeciali.Food.Trucks\/\",\"https:\/\/x.com\/veicolispeciali\",\"https:\/\/www.instagram.com\/vs_veicolispeciali\/\",\"https:\/\/www.linkedin.com\/company\/2811960\/\",\"https:\/\/www.pinterest.com\/streetfoodtruck\/\",\"https:\/\/www.youtube.com\/user\/veicolispeciali\"]},{\"@type\":\"Person\",\"@id\":\"https:\/\/www.vsveicolispeciali.com\/de\/#\/schema\/person\/1241826d792bde4333b3db1395b12be9\",\"name\":\"VS Veicoli Speciali\",\"image\":{\"@type\":\"ImageObject\",\"inLanguage\":\"de\",\"@id\":\"https:\/\/www.vsveicolispeciali.com\/de\/#\/schema\/person\/image\/\",\"url\":\"https:\/\/secure.gravatar.com\/avatar\/4ea93278e71ba140dbbbfb5d34409507?s=96&d=mm&r=g\",\"contentUrl\":\"https:\/\/secure.gravatar.com\/avatar\/4ea93278e71ba140dbbbfb5d34409507?s=96&d=mm&r=g\",\"caption\":\"VS Veicoli Speciali\"}}]}<\/script>\n<!-- \/ Yoast SEO plugin. -->","yoast_head_json":{"title":"Salone del Mobile und Fuorisalone: Mailand hei\u00dft auch Foodtrucks willkommen","description":"Beim Fuorisalone sind selbst die Food Trucks Design-Ikonen. Entdecken Sie die gesch\u00e4ftlichen Chancen, die das Event Unternehmen bietet >","robots":{"index":"index","follow":"follow","max-snippet":"max-snippet:-1","max-image-preview":"max-image-preview:large","max-video-preview":"max-video-preview:-1"},"canonical":"https:\/\/www.vsveicolispeciali.com\/de\/salone-del-mobile-und-fuorisalone-mailand-heisst-auch-foodtrucks-willkommen\/","og_locale":"de_DE","og_type":"article","og_title":"Salone del Mobile und Fuorisalone: Mailand hei\u00dft auch Foodtrucks willkommen","og_description":"Beim Fuorisalone sind selbst die Food Trucks Design-Ikonen. Entdecken Sie die gesch\u00e4ftlichen Chancen, die das Event Unternehmen bietet >","og_url":"https:\/\/www.vsveicolispeciali.com\/de\/salone-del-mobile-und-fuorisalone-mailand-heisst-auch-foodtrucks-willkommen\/","og_site_name":"VS Veicoli Speciali","article_publisher":"https:\/\/www.facebook.com\/VSVeicoliSpeciali.Food.Trucks\/","article_published_time":"2025-03-25T21:16:37+00:00","article_modified_time":"2025-03-27T15:01:49+00:00","og_image":[{"width":810,"height":456,"url":"https:\/\/www.vsveicolispeciali.com\/wp-content\/uploads\/2025\/03\/Armani-Forestami-ape-food-truck-milano.jpg","type":"image\/jpeg"}],"author":"VS Veicoli Speciali","twitter_card":"summary_large_image","twitter_creator":"@veicolispeciali","twitter_site":"@veicolispeciali","twitter_misc":{"Verfasst von":"VS Veicoli Speciali","Gesch\u00e4tzte Lesezeit":"7\u00a0Minuten"},"schema":{"@context":"https:\/\/schema.org","@graph":[{"@type":"Article","@id":"https:\/\/www.vsveicolispeciali.com\/de\/salone-del-mobile-und-fuorisalone-mailand-heisst-auch-foodtrucks-willkommen\/#article","isPartOf":{"@id":"https:\/\/www.vsveicolispeciali.com\/de\/salone-del-mobile-und-fuorisalone-mailand-heisst-auch-foodtrucks-willkommen\/"},"author":{"name":"VS Veicoli Speciali","@id":"https:\/\/www.vsveicolispeciali.com\/de\/#\/schema\/person\/1241826d792bde4333b3db1395b12be9"},"headline":"Salone del Mobile und Fuorisalone: Mailand hei\u00dft auch Foodtrucks willkommen","datePublished":"2025-03-25T21:16:37+00:00","dateModified":"2025-03-27T15:01:49+00:00","mainEntityOfPage":{"@id":"https:\/\/www.vsveicolispeciali.com\/de\/salone-del-mobile-und-fuorisalone-mailand-heisst-auch-foodtrucks-willkommen\/"},"wordCount":840,"publisher":{"@id":"https:\/\/www.vsveicolispeciali.com\/de\/#organization"},"image":{"@id":"https:\/\/www.vsveicolispeciali.com\/de\/salone-del-mobile-und-fuorisalone-mailand-heisst-auch-foodtrucks-willkommen\/#primaryimage"},"thumbnailUrl":"https:\/\/www.vsveicolispeciali.com\/wp-content\/uploads\/2025\/03\/Armani-Forestami-ape-food-truck-milano.jpg","keywords":["food truck design","promotionfahrzeuge","street food events","foodtruck catering"],"articleSection":["Non categorizzato"],"inLanguage":"de"},{"@type":"WebPage","@id":"https:\/\/www.vsveicolispeciali.com\/de\/salone-del-mobile-und-fuorisalone-mailand-heisst-auch-foodtrucks-willkommen\/","url":"https:\/\/www.vsveicolispeciali.com\/de\/salone-del-mobile-und-fuorisalone-mailand-heisst-auch-foodtrucks-willkommen\/","name":"Salone del Mobile und Fuorisalone: Mailand hei\u00dft auch Foodtrucks willkommen","isPartOf":{"@id":"https:\/\/www.vsveicolispeciali.com\/de\/#website"},"primaryImageOfPage":{"@id":"https:\/\/www.vsveicolispeciali.com\/de\/salone-del-mobile-und-fuorisalone-mailand-heisst-auch-foodtrucks-willkommen\/#primaryimage"},"image":{"@id":"https:\/\/www.vsveicolispeciali.com\/de\/salone-del-mobile-und-fuorisalone-mailand-heisst-auch-foodtrucks-willkommen\/#primaryimage"},"thumbnailUrl":"https:\/\/www.vsveicolispeciali.com\/wp-content\/uploads\/2025\/03\/Armani-Forestami-ape-food-truck-milano.jpg","datePublished":"2025-03-25T21:16:37+00:00","dateModified":"2025-03-27T15:01:49+00:00","description":"Beim Fuorisalone sind selbst die Food Trucks Design-Ikonen. Entdecken Sie die gesch\u00e4ftlichen Chancen, die das Event Unternehmen bietet >","breadcrumb":{"@id":"https:\/\/www.vsveicolispeciali.com\/de\/salone-del-mobile-und-fuorisalone-mailand-heisst-auch-foodtrucks-willkommen\/#breadcrumb"},"inLanguage":"de","potentialAction":[{"@type":"ReadAction","target":["https:\/\/www.vsveicolispeciali.com\/de\/salone-del-mobile-und-fuorisalone-mailand-heisst-auch-foodtrucks-willkommen\/"]}]},{"@type":"ImageObject","inLanguage":"de","@id":"https:\/\/www.vsveicolispeciali.com\/de\/salone-del-mobile-und-fuorisalone-mailand-heisst-auch-foodtrucks-willkommen\/#primaryimage","url":"https:\/\/www.vsveicolispeciali.com\/wp-content\/uploads\/2025\/03\/Armani-Forestami-ape-food-truck-milano.jpg","contentUrl":"https:\/\/www.vsveicolispeciali.com\/wp-content\/uploads\/2025\/03\/Armani-Forestami-ape-food-truck-milano.jpg","width":810,"height":456,"caption":"Armani food truck Piaggio Mailand"},{"@type":"BreadcrumbList","@id":"https:\/\/www.vsveicolispeciali.com\/de\/salone-del-mobile-und-fuorisalone-mailand-heisst-auch-foodtrucks-willkommen\/#breadcrumb","itemListElement":[{"@type":"ListItem","position":1,"name":"Home","item":"https:\/\/www.vsveicolispeciali.com\/de\/"},{"@type":"ListItem","position":2,"name":"Salone del Mobile und Fuorisalone: Mailand hei\u00dft auch Foodtrucks willkommen"}]},{"@type":"WebSite","@id":"https:\/\/www.vsveicolispeciali.com\/de\/#website","url":"https:\/\/www.vsveicolispeciali.com\/de\/","name":"VS Veicoli Speciali","description":"","publisher":{"@id":"https:\/\/www.vsveicolispeciali.com\/de\/#organization"},"potentialAction":[{"@type":"SearchAction","target":{"@type":"EntryPoint","urlTemplate":"https:\/\/www.vsveicolispeciali.com\/de\/?s={search_term_string}"},"query-input":{"@type":"PropertyValueSpecification","valueRequired":true,"valueName":"search_term_string"}}],"inLanguage":"de"},{"@type":"Organization","@id":"https:\/\/www.vsveicolispeciali.com\/de\/#organization","name":"VS Veicoli Speciali","url":"https:\/\/www.vsveicolispeciali.com\/de\/","logo":{"@type":"ImageObject","inLanguage":"de","@id":"https:\/\/www.vsveicolispeciali.com\/de\/#\/schema\/logo\/image\/","url":"http:\/\/www.vsveicolispeciali.com\/wp-content\/uploads\/2015\/05\/vs_veicoli_speciali-logo.png","contentUrl":"http:\/\/www.vsveicolispeciali.com\/wp-content\/uploads\/2015\/05\/vs_veicoli_speciali-logo.png","width":252,"height":134,"caption":"VS Veicoli Speciali"},"image":{"@id":"https:\/\/www.vsveicolispeciali.com\/de\/#\/schema\/logo\/image\/"},"sameAs":["https:\/\/www.facebook.com\/VSVeicoliSpeciali.Food.Trucks\/","https:\/\/x.com\/veicolispeciali","https:\/\/www.instagram.com\/vs_veicolispeciali\/","https:\/\/www.linkedin.com\/company\/2811960\/","https:\/\/www.pinterest.com\/streetfoodtruck\/","https:\/\/www.youtube.com\/user\/veicolispeciali"]},{"@type":"Person","@id":"https:\/\/www.vsveicolispeciali.com\/de\/#\/schema\/person\/1241826d792bde4333b3db1395b12be9","name":"VS Veicoli Speciali","image":{"@type":"ImageObject","inLanguage":"de","@id":"https:\/\/www.vsveicolispeciali.com\/de\/#\/schema\/person\/image\/","url":"https:\/\/secure.gravatar.com\/avatar\/4ea93278e71ba140dbbbfb5d34409507?s=96&d=mm&r=g","contentUrl":"https:\/\/secure.gravatar.com\/avatar\/4ea93278e71ba140dbbbfb5d34409507?s=96&d=mm&r=g","caption":"VS Veicoli Speciali"}}]}},"_links":{"self":[{"href":"https:\/\/www.vsveicolispeciali.com\/de\/wp-json\/wp\/v2\/posts\/27730"}],"collection":[{"href":"https:\/\/www.vsveicolispeciali.com\/de\/wp-json\/wp\/v2\/posts"}],"about":[{"href":"https:\/\/www.vsveicolispeciali.com\/de\/wp-json\/wp\/v2\/types\/post"}],"author":[{"embeddable":true,"href":"https:\/\/www.vsveicolispeciali.com\/de\/wp-json\/wp\/v2\/users\/1001012"}],"replies":[{"embeddable":true,"href":"https:\/\/www.vsveicolispeciali.com\/de\/wp-json\/wp\/v2\/comments?post=27730"}],"version-history":[{"count":2,"href":"https:\/\/www.vsveicolispeciali.com\/de\/wp-json\/wp\/v2\/posts\/27730\/revisions"}],"predecessor-version":[{"id":27732,"href":"https:\/\/www.vsveicolispeciali.com\/de\/wp-json\/wp\/v2\/posts\/27730\/revisions\/27732"}],"wp:featuredmedia":[{"embeddable":true,"href":"https:\/\/www.vsveicolispeciali.com\/de\/wp-json\/wp\/v2\/media\/27703"}],"wp:attachment":[{"href":"https:\/\/www.vsveicolispeciali.com\/de\/wp-json\/wp\/v2\/media?parent=27730"}],"wp:term":[{"taxonomy":"category","embeddable":true,"href":"https:\/\/www.vsveicolispeciali.com\/de\/wp-json\/wp\/v2\/categories?post=27730"},{"taxonomy":"post_tag","embeddable":true,"href":"https:\/\/www.vsveicolispeciali.com\/de\/wp-json\/wp\/v2\/tags?post=27730"}],"curies":[{"name":"wp","href":"https:\/\/api.w.org\/{rel}","templated":true}]}}