{"id":25235,"date":"2024-03-07T21:02:17","date_gmt":"2024-03-07T20:02:17","guid":{"rendered":"https:\/\/www.vsveicolispeciali.com\/moltiplicare-i-food-truck-per-moltiplicare-i-profitti\/"},"modified":"2024-03-10T14:11:07","modified_gmt":"2024-03-10T13:11:07","slug":"mehr-foodtrucks-fuer-mehr-umsatz","status":"publish","type":"post","link":"https:\/\/www.vsveicolispeciali.com\/de\/mehr-foodtrucks-fuer-mehr-umsatz\/","title":{"rendered":"Mehr Foodtrucks f\u00fcr mehr Umsatz"},"content":{"rendered":"<p>Es ist allgemein bekannt, dass im Gastgewerbe ein <strong>schlechtes Produkt<\/strong> stets durch ein <strong>gutes Produkt<\/strong> verdr\u00e4ngt wird. <\/p>\n<p>Bei der <strong>Wahl des Restaurants<\/strong> ist jedoch die Produktqualit\u00e4t nicht alles. Es kommen noch andere Aspekte hinzu, wie der Service, die Sauberkeit des Lokals, die Einrichtung und das gebotene Ambiente.<\/p>\n<p><strong>Ein Foodtruck ist ein Restaurant auf R\u00e4dern<\/strong>, ein Ort, an dem man gutes Essen kauft und \u00e4hnlich positive Bedingungen vorfinden m\u00f6chte.<\/p>\n<p>Und jene Foodtrucks, die in der Lage sind derartiges Wohlbefinden zu vermitteln, zeugen von Effektivit\u00e4t. Nat\u00fcrlich bieten diese fahrenden Lokale dieselbe M\u00f6glichkeit wie traditionelle Restaurants: <strong>die Er\u00f6ffnung weiterer Betriebe, um den Erfolg zu maximieren und das Gesch\u00e4ft auszubauen<\/strong>.<\/p>\n<p>W\u00e4hrend im traditionellen Gastgewerbe Restaurantketten, Pizza-Ketten, Franchise-Eisdielen usw. entstehen, sind in der Streetfood-Branche <strong>Foodtruck-Flotten<\/strong> im Kommen.<\/p>\n<p>&nbsp;&nbsp;<\/p>\n<h2>Mehr Erfolg dank einer Flotte aus Foodtrucks<\/h2>\n<p>Mit dem <a href=\"https:\/\/www.vsveicolispeciali.com\/de\/9-gute-gruende-einen-food-truck-zu-kaufen-und-einen-wander-geschaeft-zu-beginnen\/\" target=\"_blank\" rel=\"noopener\">Kauf von zwei oder mehr Foodtrucks<\/a> k\u00f6nnen <strong>Unternehmen<\/strong> verschiedene strategische und operative Ziele verfolgen.<\/p>\n<p>Nachfolgend ein paar Beispiele:<\/p>\n<p>&nbsp;<\/p>\n<h3>Geographische Expansion<\/h3>\n<p>Mit mehreren Foodtrucks k\u00f6nnen Unternehmen gleichzeitig in verschiedenen Gebieten t\u00e4tig sein und so ein breiteres und vielf\u00e4ltigeres Kundenspektrum erreichen. Das erm\u00f6glicht es ihnen, neue M\u00e4rkte zu erkunden und zu verstehen, wo die Produkte und Dienstleistungen am besten angenommen werden.<\/p>\n<p>&nbsp;<\/p>\n<p><strong>Kalle<\/strong><br \/>\n<a href=\"https:\/\/www.vsveicolispeciali.com\/de\/street-food-truck\/gelato-ape-eiswagen-kaufen\/\" target=\"_blank\" rel=\"noopener\">2 Piaggio Ape V-Curve<\/a><br \/>\n<a href=\"https:\/\/www.vsveicolispeciali.com\/de\/street-food-truck\/eis-food-truck-kalle\/\" target=\"_blank\" rel=\"noopener\">1 Piaggio Porter Craft X<\/a><\/p>\n<p><a href=\"https:\/\/www.vsveicolispeciali.com\/wp-content\/uploads\/2020\/10\/gelateria-ambulante-ape-gelato-finlandia.jpg\"><img loading=\"lazy\" decoding=\"async\" class=\"alignleft size-full wp-image-13641\" src=\"https:\/\/www.vsveicolispeciali.com\/wp-content\/uploads\/2020\/10\/gelateria-ambulante-ape-gelato-finlandia.jpg\" alt=\"mobile Eisdiele auf Piaggio Ape in Finnland\" width=\"1000\" height=\"800\" srcset=\"https:\/\/www.vsveicolispeciali.com\/wp-content\/uploads\/2020\/10\/gelateria-ambulante-ape-gelato-finlandia.jpg 1000w, https:\/\/www.vsveicolispeciali.com\/wp-content\/uploads\/2020\/10\/gelateria-ambulante-ape-gelato-finlandia-300x240.jpg 300w, https:\/\/www.vsveicolispeciali.com\/wp-content\/uploads\/2020\/10\/gelateria-ambulante-ape-gelato-finlandia-768x614.jpg 768w, https:\/\/www.vsveicolispeciali.com\/wp-content\/uploads\/2020\/10\/gelateria-ambulante-ape-gelato-finlandia-700x560.jpg 700w\" sizes=\"(max-width: 1000px) 100vw, 1000px\" \/><\/a><\/p>\n<p><a href=\"https:\/\/www.vsveicolispeciali.com\/wp-content\/uploads\/2023\/06\/porter-gelateria-ambulante-kalle.jpg\"><img loading=\"lazy\" decoding=\"async\" class=\"alignleft size-full wp-image-23488\" src=\"https:\/\/www.vsveicolispeciali.com\/wp-content\/uploads\/2023\/06\/porter-gelateria-ambulante-kalle.jpg\" alt=\"piaggio porter eis mobil kalle\" width=\"1000\" height=\"800\" srcset=\"https:\/\/www.vsveicolispeciali.com\/wp-content\/uploads\/2023\/06\/porter-gelateria-ambulante-kalle.jpg 1000w, https:\/\/www.vsveicolispeciali.com\/wp-content\/uploads\/2023\/06\/porter-gelateria-ambulante-kalle-300x240.jpg 300w, https:\/\/www.vsveicolispeciali.com\/wp-content\/uploads\/2023\/06\/porter-gelateria-ambulante-kalle-768x614.jpg 768w, https:\/\/www.vsveicolispeciali.com\/wp-content\/uploads\/2023\/06\/porter-gelateria-ambulante-kalle-700x560.jpg 700w\" sizes=\"(max-width: 1000px) 100vw, 1000px\" \/><\/a><\/p>\n<p>&nbsp;&nbsp;<\/p>\n<h3>Konkurrenzvermeidung durch mehrere Niederlassungen in einem Gebiet<\/h3>\n<p>Die Ansiedlung mehrerer Fahrzeuge im selben Ort oder in derselben Gegend ist eine M\u00f6glichkeit, um den Wettbewerb zu verhindern und so eine Gebietsdominanz zu erreichen. Wer besonders ertragreiche Orte ausw\u00e4hlt, maximiert den Umsatz und h\u00e4lt die Konkurrenz fern.<\/p>\n<p>&nbsp;<\/p>\n<p><strong>Caf\u00e8 Alpin<\/strong><br \/>\n<a href=\"https:\/\/www.vsveicolispeciali.com\/de\/street-food-truck\/ape-kaffeemobil-piaggio-cafe-alpin\/\" target=\"_blank\" rel=\"noopener\">4 Piaggio Ape V-Curve<\/a><\/p>\n<p><a href=\"https:\/\/www.vsveicolispeciali.com\/wp-content\/uploads\/2018\/01\/bar-caffetteria-ambulante-alpin.jpg\"><img loading=\"lazy\" decoding=\"async\" class=\"alignleft size-full wp-image-6183\" src=\"https:\/\/www.vsveicolispeciali.com\/wp-content\/uploads\/2018\/01\/bar-caffetteria-ambulante-alpin.jpg\" alt=\"Mobile Caf\u00e9-Bar Alpin, hellblauer Imbisswagen zum Verkauf hei\u00dfer Getr\u00e4nke auf den Pisten von Chamonix\" width=\"1000\" height=\"800\" srcset=\"https:\/\/www.vsveicolispeciali.com\/wp-content\/uploads\/2018\/01\/bar-caffetteria-ambulante-alpin.jpg 1000w, https:\/\/www.vsveicolispeciali.com\/wp-content\/uploads\/2018\/01\/bar-caffetteria-ambulante-alpin-300x240.jpg 300w, https:\/\/www.vsveicolispeciali.com\/wp-content\/uploads\/2018\/01\/bar-caffetteria-ambulante-alpin-768x614.jpg 768w, https:\/\/www.vsveicolispeciali.com\/wp-content\/uploads\/2018\/01\/bar-caffetteria-ambulante-alpin-700x560.jpg 700w\" sizes=\"(max-width: 1000px) 100vw, 1000px\" \/><\/a><\/p>\n<p><strong>Artari<\/strong><br \/>\n3 Piaggio Ape V-Curve<br \/>\n<a href=\"https:\/\/www.vsveicolispeciali.com\/de\/street-food-truck\/mobile-kaffeewagen-artari-kaffee-shop\/\" target=\"_blank\" rel=\"noopener\">1 Piaggio Ape V-Smart<\/a><\/p>\n<p><a href=\"https:\/\/www.vsveicolispeciali.com\/wp-content\/uploads\/2020\/12\/ape-street-food-artari-caffe-italiano-versailles.jpg\"><img loading=\"lazy\" decoding=\"async\" class=\"alignleft size-full wp-image-14101\" src=\"https:\/\/www.vsveicolispeciali.com\/wp-content\/uploads\/2020\/12\/ape-street-food-artari-caffe-italiano-versailles.jpg\" alt=\"Piaggio Ape street food Emporio Artari Italienischer Kaffee auf dem Markt von Versailles in Frankreich\" width=\"1000\" height=\"800\" srcset=\"https:\/\/www.vsveicolispeciali.com\/wp-content\/uploads\/2020\/12\/ape-street-food-artari-caffe-italiano-versailles.jpg 1000w, https:\/\/www.vsveicolispeciali.com\/wp-content\/uploads\/2020\/12\/ape-street-food-artari-caffe-italiano-versailles-300x240.jpg 300w, https:\/\/www.vsveicolispeciali.com\/wp-content\/uploads\/2020\/12\/ape-street-food-artari-caffe-italiano-versailles-768x614.jpg 768w, https:\/\/www.vsveicolispeciali.com\/wp-content\/uploads\/2020\/12\/ape-street-food-artari-caffe-italiano-versailles-700x560.jpg 700w\" sizes=\"(max-width: 1000px) 100vw, 1000px\" \/><\/a><\/p>\n<p>&nbsp;&nbsp;<\/p>\n<h3>Steigerung der Dienstleistungskapazit\u00e4t<\/h3>\n<p>W\u00e4hrend gut besuchter Veranstaltungen oder an besonders beliebten Orten reicht ein einziger Foodtruck eventuell nicht aus, um das Kundenaufkommen zu bew\u00e4ltigen. Dank mehrerer Fahrzeuge k\u00f6nnen viele Menschen gleichzeitig bedient werden, was die Wartezeit verk\u00fcrzt und das Erlebnis f\u00fcr den Kunden sch\u00f6ner gestaltet.<\/p>\n<p>&nbsp;<\/p>\n<h3>Angebotsdifferenzierung<\/h3>\n<p>Die jeweiligen Foodtrucks k\u00f6nnen auf unterschiedliche Weise und je nach Motto ausgestattet werden. So ist es m\u00f6glich, an ein und demselben Ort verschiedene Men\u00fcs oder kulinarische Erlebnisse anzubieten. Dadurch wird eine breitere Zielgruppe mit unterschiedlichen Geschm\u00e4ckern und Vorlieben angesprochen.<\/p>\n<p>&nbsp;<\/p>\n<p><strong>Itinerant Street Food<\/strong><br \/>\n<a href=\"https:\/\/www.vsveicolispeciali.com\/de\/3-ape-food-truck-in-sardinien-fuer-ein-einzelnes-unternehmerisches-projekt\/\" target=\"_blank\" rel=\"noopener\">3 Piaggio Ape V-Curve<\/a><\/p>\n<p><a href=\"https:\/\/www.vsveicolispeciali.com\/wp-content\/uploads\/2017\/05\/Ape_StreetFood_SuPrimu_01.jpg\"><img loading=\"lazy\" decoding=\"async\" src=\"https:\/\/www.vsveicolispeciali.com\/wp-content\/uploads\/2017\/05\/Ape_StreetFood_SuPrimu_01.jpg\" alt=\"Ape Street Food SuPrimu\" width=\"1000\" height=\"800\" class=\"alignleft size-full wp-image-4506\" srcset=\"https:\/\/www.vsveicolispeciali.com\/wp-content\/uploads\/2017\/05\/Ape_StreetFood_SuPrimu_01.jpg 1000w, https:\/\/www.vsveicolispeciali.com\/wp-content\/uploads\/2017\/05\/Ape_StreetFood_SuPrimu_01-300x240.jpg 300w, https:\/\/www.vsveicolispeciali.com\/wp-content\/uploads\/2017\/05\/Ape_StreetFood_SuPrimu_01-768x614.jpg 768w, https:\/\/www.vsveicolispeciali.com\/wp-content\/uploads\/2017\/05\/Ape_StreetFood_SuPrimu_01-700x560.jpg 700w\" sizes=\"(max-width: 1000px) 100vw, 1000px\" \/><\/a><\/p>\n<p><a href=\"https:\/\/www.vsveicolispeciali.com\/wp-content\/uploads\/2017\/05\/Ape_StreetFood_SuSegundu_03.jpg\"><img loading=\"lazy\" decoding=\"async\" src=\"https:\/\/www.vsveicolispeciali.com\/wp-content\/uploads\/2017\/05\/Ape_StreetFood_SuSegundu_03.jpg\" alt=\"Ape Stree Food SuSegundu Sardinien\" width=\"1000\" height=\"800\" class=\"alignleft size-full wp-image-4497\" srcset=\"https:\/\/www.vsveicolispeciali.com\/wp-content\/uploads\/2017\/05\/Ape_StreetFood_SuSegundu_03.jpg 1000w, https:\/\/www.vsveicolispeciali.com\/wp-content\/uploads\/2017\/05\/Ape_StreetFood_SuSegundu_03-300x240.jpg 300w, https:\/\/www.vsveicolispeciali.com\/wp-content\/uploads\/2017\/05\/Ape_StreetFood_SuSegundu_03-768x614.jpg 768w, https:\/\/www.vsveicolispeciali.com\/wp-content\/uploads\/2017\/05\/Ape_StreetFood_SuSegundu_03-700x560.jpg 700w\" sizes=\"(max-width: 1000px) 100vw, 1000px\" \/><\/a><\/p>\n<p><a href=\"https:\/\/www.vsveicolispeciali.com\/wp-content\/uploads\/2016\/12\/Ape_Street_Food_SuFrittu_01.jpg\"><img loading=\"lazy\" decoding=\"async\" src=\"https:\/\/www.vsveicolispeciali.com\/wp-content\/uploads\/2016\/12\/Ape_Street_Food_SuFrittu_01.jpg\" alt=\"Piaggio Ape f\u00fcr street food sufrittu\" width=\"1000\" height=\"800\" class=\"alignleft size-full wp-image-3204\" srcset=\"https:\/\/www.vsveicolispeciali.com\/wp-content\/uploads\/2016\/12\/Ape_Street_Food_SuFrittu_01.jpg 1000w, https:\/\/www.vsveicolispeciali.com\/wp-content\/uploads\/2016\/12\/Ape_Street_Food_SuFrittu_01-300x240.jpg 300w, https:\/\/www.vsveicolispeciali.com\/wp-content\/uploads\/2016\/12\/Ape_Street_Food_SuFrittu_01-768x614.jpg 768w, https:\/\/www.vsveicolispeciali.com\/wp-content\/uploads\/2016\/12\/Ape_Street_Food_SuFrittu_01-700x560.jpg 700w\" sizes=\"(max-width: 1000px) 100vw, 1000px\" \/><\/a><\/p>\n<p>&nbsp;&nbsp;<\/p>\n<h3>Betriebliche Flexibilit\u00e4t<\/h3>\n<p>Bei mechanischen Ausf\u00e4llen oder geplanten Inspektionen kann das Gesch\u00e4ft dank mehrerer Fahrzeuge ohne Unterbrechung weiterlaufen. Zwei Trucks geben den Unternehmen au\u00dferdem die M\u00f6glichkeit, sich m\u00fchelos an die jeweilige Saison oder besondere Veranstaltungen anzupassen. Sie k\u00f6nnen mehr Ressourcen bereitstellen, wo und wann sie am meisten ben\u00f6tigt werden.<\/p>\n<p>&nbsp;&nbsp;<\/p>\n<h3>Steigerung der Markensichtbarkeit<\/h3>\n<p>Je mehr Foodtrucks unter der Marke eines Unternehmens unterwegs sind, desto mehr steigt die Sichtbarkeit der Marke. Das kann als wirksames Marketinginstrument dienen, insbesondere wenn die Fahrzeuge \u00e4sthetisch ansprechend und unverkennbar sind.<\/p>\n<p>&nbsp;<\/p>\n<p><strong>Consorzio Asti DOCG<\/strong><br \/>\n<a href=\"https:\/\/www.vsveicolispeciali.com\/de\/street-food-truck\/wine-truck-wein-spumante-moscato-asti-docg\/\" target=\"_blank\" rel=\"noopener\">2 Piaggio Ape V-Curve<\/a><\/p>\n<p><a href=\"https:\/\/www.vsveicolispeciali.com\/wp-content\/uploads\/2021\/10\/ape-wine-bar-consorzio-asti-docg.jpg\"><img loading=\"lazy\" decoding=\"async\" class=\"alignleft size-full wp-image-15125\" src=\"https:\/\/www.vsveicolispeciali.com\/wp-content\/uploads\/2021\/10\/ape-wine-bar-consorzio-asti-docg.jpg\" alt=\"Ape wine-bar consorzio d'asti docg\" width=\"1000\" height=\"800\" srcset=\"https:\/\/www.vsveicolispeciali.com\/wp-content\/uploads\/2021\/10\/ape-wine-bar-consorzio-asti-docg.jpg 1000w, https:\/\/www.vsveicolispeciali.com\/wp-content\/uploads\/2021\/10\/ape-wine-bar-consorzio-asti-docg-300x240.jpg 300w, https:\/\/www.vsveicolispeciali.com\/wp-content\/uploads\/2021\/10\/ape-wine-bar-consorzio-asti-docg-768x614.jpg 768w, https:\/\/www.vsveicolispeciali.com\/wp-content\/uploads\/2021\/10\/ape-wine-bar-consorzio-asti-docg-700x560.jpg 700w\" sizes=\"(max-width: 1000px) 100vw, 1000px\" \/><\/a><\/p>\n<p><strong>Aperol<\/strong><br \/>\n<a href=\"https:\/\/www.vsveicolispeciali.com\/de\/street-food-truck\/cocktail-truck-aperol-spritz\/\" target=\"_blank\" rel=\"noopener\">1 Piaggio Porter Craft X<\/a><br \/>\n<a href=\"https:\/\/www.vsveicolispeciali.com\/de\/street-food-truck\/ape-cocktail-bar-aperol-spritz\/\" target=\"_blank\" rel=\"noopener\">1 Piaggio Ape V-Curve<\/a><br \/>\n<a href=\"https:\/\/www.vsveicolispeciali.com\/de\/street-food-truck\/oldtimer-volkswagen-t2-food-truck\/\" rel=\"noopener\" target=\"_blank\">1 Wolkswagen T2<\/a><\/p>\n<p><a href=\"https:\/\/www.vsveicolispeciali.com\/wp-content\/uploads\/2023\/07\/cocktail-truck-aperol-spritz.jpg\"><img loading=\"lazy\" decoding=\"async\" src=\"https:\/\/www.vsveicolispeciali.com\/wp-content\/uploads\/2023\/07\/cocktail-truck-aperol-spritz.jpg\" alt=\"cocktail truck Orange aperol spritz, um Spritz-Aperitifs im Rhythmus der Musik zu servieren\" width=\"1000\" height=\"800\" class=\"alignleft size-full wp-image-23688\" srcset=\"https:\/\/www.vsveicolispeciali.com\/wp-content\/uploads\/2023\/07\/cocktail-truck-aperol-spritz.jpg 1000w, https:\/\/www.vsveicolispeciali.com\/wp-content\/uploads\/2023\/07\/cocktail-truck-aperol-spritz-300x240.jpg 300w, https:\/\/www.vsveicolispeciali.com\/wp-content\/uploads\/2023\/07\/cocktail-truck-aperol-spritz-768x614.jpg 768w, https:\/\/www.vsveicolispeciali.com\/wp-content\/uploads\/2023\/07\/cocktail-truck-aperol-spritz-700x560.jpg 700w\" sizes=\"(max-width: 1000px) 100vw, 1000px\" \/><\/a><\/p>\n<p><a href=\"https:\/\/www.vsveicolispeciali.com\/wp-content\/uploads\/2019\/08\/ape-cocktail-bar-aperol-2.jpg\"><img loading=\"lazy\" decoding=\"async\" src=\"https:\/\/www.vsveicolispeciali.com\/wp-content\/uploads\/2019\/08\/ape-cocktail-bar-aperol-2.jpg\" alt=\"Ape cocktail-bar Aperol zur Feier des 100-j\u00e4hrigen Firmenjubil\u00e4ums eingerichtet\" width=\"1000\" height=\"800\" class=\"alignleft size-full wp-image-10452\" srcset=\"https:\/\/www.vsveicolispeciali.com\/wp-content\/uploads\/2019\/08\/ape-cocktail-bar-aperol-2.jpg 1000w, https:\/\/www.vsveicolispeciali.com\/wp-content\/uploads\/2019\/08\/ape-cocktail-bar-aperol-2-300x240.jpg 300w, https:\/\/www.vsveicolispeciali.com\/wp-content\/uploads\/2019\/08\/ape-cocktail-bar-aperol-2-768x614.jpg 768w, https:\/\/www.vsveicolispeciali.com\/wp-content\/uploads\/2019\/08\/ape-cocktail-bar-aperol-2-700x560.jpg 700w\" sizes=\"(max-width: 1000px) 100vw, 1000px\" \/><\/a><\/p>\n<p><a href=\"https:\/\/www.vsveicolispeciali.com\/wp-content\/uploads\/2015\/11\/volkswagen-food-truck-t2-vw.jpg\"><img loading=\"lazy\" decoding=\"async\" src=\"https:\/\/www.vsveicolispeciali.com\/wp-content\/uploads\/2015\/11\/volkswagen-food-truck-t2-vw.jpg\" alt=\"volkswagen food truck T2 VW\" width=\"1000\" height=\"800\" class=\"alignleft size-full wp-image-1371\" srcset=\"https:\/\/www.vsveicolispeciali.com\/wp-content\/uploads\/2015\/11\/volkswagen-food-truck-t2-vw.jpg 1000w, https:\/\/www.vsveicolispeciali.com\/wp-content\/uploads\/2015\/11\/volkswagen-food-truck-t2-vw-300x240.jpg 300w, https:\/\/www.vsveicolispeciali.com\/wp-content\/uploads\/2015\/11\/volkswagen-food-truck-t2-vw-768x614.jpg 768w, https:\/\/www.vsveicolispeciali.com\/wp-content\/uploads\/2015\/11\/volkswagen-food-truck-t2-vw-700x560.jpg 700w\" sizes=\"(max-width: 1000px) 100vw, 1000px\" \/><\/a><\/p>\n<p><strong>Lavazza<\/strong><br \/>\n<a href=\"https:\/\/www.vsveicolispeciali.com\/de\/street-food-truck\/kaffee-anhaenger-airstream-lavazza\/\" target=\"_blank\" rel=\"noopener\">1 Airstream-Anh\u00e4nger<\/a><br \/>\n<a href=\"https:\/\/www.vsveicolispeciali.com\/de\/street-food-truck\/vintage-food-truck-lavazza-oldtimer-fiat-615\/\" target=\"_blank\" rel=\"noopener\">2 Food Truck Oldtimer<\/a><\/p>\n<p><a href=\"https:\/\/www.vsveicolispeciali.com\/wp-content\/uploads\/2018\/09\/carrello-rimorchio-food-airstream-lavazza.jpg\"><img loading=\"lazy\" decoding=\"async\" src=\"https:\/\/www.vsveicolispeciali.com\/wp-content\/uploads\/2018\/09\/carrello-rimorchio-food-airstream-lavazza.jpg\" alt=\"Lavazza Airstream-Anh\u00e4nger. Foto des renovierten und modernisierten Oldtimers aus den 70er Jahren\" width=\"1000\" height=\"800\" class=\"alignleft size-full wp-image-7882\" srcset=\"https:\/\/www.vsveicolispeciali.com\/wp-content\/uploads\/2018\/09\/carrello-rimorchio-food-airstream-lavazza.jpg 1000w, https:\/\/www.vsveicolispeciali.com\/wp-content\/uploads\/2018\/09\/carrello-rimorchio-food-airstream-lavazza-300x240.jpg 300w, https:\/\/www.vsveicolispeciali.com\/wp-content\/uploads\/2018\/09\/carrello-rimorchio-food-airstream-lavazza-768x614.jpg 768w, https:\/\/www.vsveicolispeciali.com\/wp-content\/uploads\/2018\/09\/carrello-rimorchio-food-airstream-lavazza-700x560.jpg 700w\" sizes=\"(max-width: 1000px) 100vw, 1000px\" \/><\/a><\/p>\n<p><a href=\"https:\/\/www.vsveicolispeciali.com\/wp-content\/uploads\/2016\/01\/FoodTruck_Street_Food_MyChefLavazza_01.jpg\"><img loading=\"lazy\" decoding=\"async\" src=\"https:\/\/www.vsveicolispeciali.com\/wp-content\/uploads\/2016\/01\/FoodTruck_Street_Food_MyChefLavazza_01.jpg\" alt=\"Food Truck Fiat 615 Lavazza\" width=\"1000\" height=\"800\" class=\"alignleft size-full wp-image-1557\" srcset=\"https:\/\/www.vsveicolispeciali.com\/wp-content\/uploads\/2016\/01\/FoodTruck_Street_Food_MyChefLavazza_01.jpg 1000w, https:\/\/www.vsveicolispeciali.com\/wp-content\/uploads\/2016\/01\/FoodTruck_Street_Food_MyChefLavazza_01-300x240.jpg 300w, https:\/\/www.vsveicolispeciali.com\/wp-content\/uploads\/2016\/01\/FoodTruck_Street_Food_MyChefLavazza_01-768x614.jpg 768w, https:\/\/www.vsveicolispeciali.com\/wp-content\/uploads\/2016\/01\/FoodTruck_Street_Food_MyChefLavazza_01-700x560.jpg 700w\" sizes=\"(max-width: 1000px) 100vw, 1000px\" \/><\/a><\/p>\n<p><a href=\"https:\/\/www.vsveicolispeciali.com\/wp-content\/uploads\/2018\/07\/food-truck-fiat-616-lavazza.jpg\"><img loading=\"lazy\" decoding=\"async\" src=\"https:\/\/www.vsveicolispeciali.com\/wp-content\/uploads\/2018\/07\/food-truck-fiat-616-lavazza.jpg\" alt=\"food truck fiat 616 lavazza f\u00fcr Kaffeef\u00f6rderung in der Schweiz\" width=\"1000\" height=\"800\" class=\"alignleft size-full wp-image-7360\" srcset=\"https:\/\/www.vsveicolispeciali.com\/wp-content\/uploads\/2018\/07\/food-truck-fiat-616-lavazza.jpg 1000w, https:\/\/www.vsveicolispeciali.com\/wp-content\/uploads\/2018\/07\/food-truck-fiat-616-lavazza-300x240.jpg 300w, https:\/\/www.vsveicolispeciali.com\/wp-content\/uploads\/2018\/07\/food-truck-fiat-616-lavazza-768x614.jpg 768w, https:\/\/www.vsveicolispeciali.com\/wp-content\/uploads\/2018\/07\/food-truck-fiat-616-lavazza-700x560.jpg 700w\" sizes=\"(max-width: 1000px) 100vw, 1000px\" \/><\/a><\/p>\n<p>&nbsp;&nbsp;<\/p>\n<h3>Testung neuer Konzepte und Produkte<\/h3>\n<p>Firmen k\u00f6nnen einen zus\u00e4tzlichen Foodtruck zur Testung neuer Men\u00fckonzepte oder Unternehmensstrategien nutzen, ohne den Betrieb des Hauptfahrzeugs zu beeintr\u00e4chtigen. Das erm\u00f6glicht eine vorsichtigere Herangehensweise in Bezug auf Innovationen und verringert die damit verbundenen Risiken.<\/p>\n<p>&nbsp;<\/p>\n<p><strong>Martini<\/strong><br \/>\n<a href=\"https:\/\/www.vsveicolispeciali.com\/de\/street-food-truck\/ape-martini-racing-aperitivi-e-cocktail\/\" target=\"_blank\" rel=\"noopener\">1 Piaggio Ape Classic<\/a><br \/>\n<a href=\"https:\/\/www.vsveicolispeciali.com\/de\/street-food-truck\/airstream-bar-martini\/\" target=\"_blank\" rel=\"noopener\">1 Airstream-Anh\u00e4nger<\/a><\/p>\n<p><a href=\"https:\/\/www.vsveicolispeciali.com\/wp-content\/uploads\/2015\/11\/food-truck-ape-martini-racing.jpg\"><img loading=\"lazy\" decoding=\"async\" src=\"https:\/\/www.vsveicolispeciali.com\/wp-content\/uploads\/2015\/11\/food-truck-ape-martini-racing.jpg\" alt=\"food truck ape martini racing\" width=\"1000\" height=\"800\" class=\"alignleft size-full wp-image-1255\" srcset=\"https:\/\/www.vsveicolispeciali.com\/wp-content\/uploads\/2015\/11\/food-truck-ape-martini-racing.jpg 1000w, https:\/\/www.vsveicolispeciali.com\/wp-content\/uploads\/2015\/11\/food-truck-ape-martini-racing-300x240.jpg 300w, https:\/\/www.vsveicolispeciali.com\/wp-content\/uploads\/2015\/11\/food-truck-ape-martini-racing-768x614.jpg 768w, https:\/\/www.vsveicolispeciali.com\/wp-content\/uploads\/2015\/11\/food-truck-ape-martini-racing-700x560.jpg 700w\" sizes=\"(max-width: 1000px) 100vw, 1000px\" \/><\/a><\/p>\n<p><a href=\"https:\/\/www.vsveicolispeciali.com\/wp-content\/uploads\/2023\/07\/airstream-cocktail-bar-martini.jpg\"><img loading=\"lazy\" decoding=\"async\" src=\"https:\/\/www.vsveicolispeciali.com\/wp-content\/uploads\/2023\/07\/airstream-cocktail-bar-martini.jpg\" alt=\"airstream cocktail-bar martini\" width=\"1000\" height=\"800\" class=\"alignleft size-full wp-image-23827\" srcset=\"https:\/\/www.vsveicolispeciali.com\/wp-content\/uploads\/2023\/07\/airstream-cocktail-bar-martini.jpg 1000w, https:\/\/www.vsveicolispeciali.com\/wp-content\/uploads\/2023\/07\/airstream-cocktail-bar-martini-300x240.jpg 300w, https:\/\/www.vsveicolispeciali.com\/wp-content\/uploads\/2023\/07\/airstream-cocktail-bar-martini-768x614.jpg 768w, https:\/\/www.vsveicolispeciali.com\/wp-content\/uploads\/2023\/07\/airstream-cocktail-bar-martini-700x560.jpg 700w\" sizes=\"(max-width: 1000px) 100vw, 1000px\" \/><\/a><\/p>\n<p>&nbsp;<\/p>\n<p><strong>Brazzale<\/strong><br \/>\n<a href=\"https:\/\/www.vsveicolispeciali.com\/de\/street-food-truck\/nv-food-truck-butterwagen-molkereiunternehmen-brazzale\/\" target=\"_blank\" rel=\"noopener\">2 NV Food Truck<\/a><\/p>\n<p><a href=\"https:\/\/www.vsveicolispeciali.com\/wp-content\/uploads\/2021\/07\/food-truck-formaggio-brazzale-gran-moravia.jpg\"><img loading=\"lazy\" decoding=\"async\" src=\"https:\/\/www.vsveicolispeciali.com\/wp-content\/uploads\/2021\/07\/food-truck-formaggio-brazzale-gran-moravia.jpg\" alt=\"Imbisswagen zum Verkauf und zur Werbung f\u00fcr den K\u00e4se und andere Milchprodukte des Unternehmens Brazzale\" width=\"1000\" height=\"800\" class=\"alignleft size-full wp-image-14908\" srcset=\"https:\/\/www.vsveicolispeciali.com\/wp-content\/uploads\/2021\/07\/food-truck-formaggio-brazzale-gran-moravia.jpg 1000w, https:\/\/www.vsveicolispeciali.com\/wp-content\/uploads\/2021\/07\/food-truck-formaggio-brazzale-gran-moravia-300x240.jpg 300w, https:\/\/www.vsveicolispeciali.com\/wp-content\/uploads\/2021\/07\/food-truck-formaggio-brazzale-gran-moravia-768x614.jpg 768w, https:\/\/www.vsveicolispeciali.com\/wp-content\/uploads\/2021\/07\/food-truck-formaggio-brazzale-gran-moravia-700x560.jpg 700w\" sizes=\"(max-width: 1000px) 100vw, 1000px\" \/><\/a><\/p>\n<p><a href=\"https:\/\/www.vsveicolispeciali.com\/wp-content\/uploads\/2021\/07\/nv-food-truck-tour-promozionale-brazzale.jpg\"><img loading=\"lazy\" decoding=\"async\" src=\"https:\/\/www.vsveicolispeciali.com\/wp-content\/uploads\/2021\/07\/nv-food-truck-tour-promozionale-brazzale.jpg\" alt=\"nv food truck Werbetour brazzale\" width=\"1000\" height=\"800\" class=\"alignleft size-full wp-image-14880\" srcset=\"https:\/\/www.vsveicolispeciali.com\/wp-content\/uploads\/2021\/07\/nv-food-truck-tour-promozionale-brazzale.jpg 1000w, https:\/\/www.vsveicolispeciali.com\/wp-content\/uploads\/2021\/07\/nv-food-truck-tour-promozionale-brazzale-300x240.jpg 300w, https:\/\/www.vsveicolispeciali.com\/wp-content\/uploads\/2021\/07\/nv-food-truck-tour-promozionale-brazzale-768x614.jpg 768w, https:\/\/www.vsveicolispeciali.com\/wp-content\/uploads\/2021\/07\/nv-food-truck-tour-promozionale-brazzale-700x560.jpg 700w\" sizes=\"(max-width: 1000px) 100vw, 1000px\" \/><\/a><\/p>\n<p>&nbsp;&nbsp;<\/p>\n<h3>Privatveranstaltungen und Catering<\/h3>\n<p>Dank eines gr\u00f6\u00dferen Fuhrparks aus Foodtrucks k\u00f6nnen sich Unternehmen auch dem Catering an Privatveranstaltungen, Feiern, Hochzeiten oder Firmenevents widmen, was ihnen eine zus\u00e4tzliche Einnahmequelle bietet.<\/p>\n<p>&nbsp;<\/p>\n<p><strong>Fabrique des Burgers<\/strong><br \/>\n<a href=\"https:\/\/www.vsveicolispeciali.com\/de\/street-food-truck\/burger-truck-ma-fabrique-du-burger\/\" target=\"_blank\" rel=\"noopener\">3 Professional Food Truck<\/a><\/p>\n<p><a href=\"https:\/\/www.vsveicolispeciali.com\/wp-content\/uploads\/2022\/11\/burger-truck-ma-fabrique-du-burger.jpg\"><img loading=\"lazy\" decoding=\"async\" class=\"alignleft size-full wp-image-19952\" src=\"https:\/\/www.vsveicolispeciali.com\/wp-content\/uploads\/2022\/11\/burger-truck-ma-fabrique-du-burger.jpg\" alt=\"burger truck ma fabrique du burger\" width=\"1000\" height=\"800\" srcset=\"https:\/\/www.vsveicolispeciali.com\/wp-content\/uploads\/2022\/11\/burger-truck-ma-fabrique-du-burger.jpg 1000w, https:\/\/www.vsveicolispeciali.com\/wp-content\/uploads\/2022\/11\/burger-truck-ma-fabrique-du-burger-300x240.jpg 300w, https:\/\/www.vsveicolispeciali.com\/wp-content\/uploads\/2022\/11\/burger-truck-ma-fabrique-du-burger-768x614.jpg 768w, https:\/\/www.vsveicolispeciali.com\/wp-content\/uploads\/2022\/11\/burger-truck-ma-fabrique-du-burger-700x560.jpg 700w\" sizes=\"(max-width: 1000px) 100vw, 1000px\" \/><\/a><\/p>\n<p>&nbsp;&nbsp;<\/p>\n<h3>Lieferungen nach Hause<\/h3>\n<p>Wer auf weitere Foodtrucks zur\u00fcckgreift, kann einen Lieferservice anbieten, ohne auf den zuvor erlangten, vorteilhaften Standort zu verzichten.<\/p>\n<p>&nbsp;<\/p>\n<p><strong>BBQ Valdichiana<\/strong><br \/>\n<a href=\"https:\/\/www.vsveicolispeciali.com\/de\/street-food-truck\/burger-verkaufswagen-piaggio-ape-bbq-valdichiana\/\" target=\"_blank\" rel=\"noopener\">1 Piaggio Ape Classic<\/a><br \/>\n1 NV Food Truck<\/p>\n<p><a href=\"https:\/\/www.vsveicolispeciali.com\/wp-content\/uploads\/2015\/11\/ape-hamburger-valdichiana.jpg\"><img loading=\"lazy\" decoding=\"async\" src=\"https:\/\/www.vsveicolispeciali.com\/wp-content\/uploads\/2015\/11\/ape-hamburger-valdichiana.jpg\" alt=\"Piaggio Ape Hamburger Valdichiana BBQ\" width=\"1000\" height=\"800\" class=\"alignleft size-full wp-image-1241\" srcset=\"https:\/\/www.vsveicolispeciali.com\/wp-content\/uploads\/2015\/11\/ape-hamburger-valdichiana.jpg 1000w, https:\/\/www.vsveicolispeciali.com\/wp-content\/uploads\/2015\/11\/ape-hamburger-valdichiana-300x240.jpg 300w, https:\/\/www.vsveicolispeciali.com\/wp-content\/uploads\/2015\/11\/ape-hamburger-valdichiana-768x614.jpg 768w, https:\/\/www.vsveicolispeciali.com\/wp-content\/uploads\/2015\/11\/ape-hamburger-valdichiana-700x560.jpg 700w\" sizes=\"(max-width: 1000px) 100vw, 1000px\" \/><\/a><\/p>\n<p>&nbsp;&nbsp;<\/p>\n<h3>Sich gegenseitig erg\u00e4nzende Foodtrucks<\/h3>\n<p>Verschiedene Modelle k\u00f6nnen unterschiedliche Funktionen erf\u00fcllen. Ein Unternehmen kann z. B. einen <a href=\"https:\/\/www.vsveicolispeciali.com\/de\/verkaufswagen-kaufen\/food-truck-imbisswagen-kosten\/pro-x-food-truck\/\" target=\"_blank\" rel=\"noopener\">Food Truck Pro X<\/a> erwerben, um ihn als fahrendes Restaurant zu verwenden, und durch einen <a href=\"https:\/\/www.vsveicolispeciali.com\/de\/verkaufswagen-kaufen\/imbiss-verkaufsanhanger\/\" target=\"_blank\" rel=\"noopener\">Yield-Anh\u00e4nger<\/a> als Cocktailbar auf R\u00e4dern erg\u00e4nzen.<\/p>\n<p>&nbsp;<\/p>\n<p><strong>Street Arbre<\/strong><br \/>\n<a href=\"https:\/\/www.vsveicolispeciali.com\/de\/street-food-truck\/gastro-ape-v-curve-street-arbre-franzoesischer-sternekoch\/\" target=\"_blank\" rel=\"noopener\">1 Piaggio Ape V-Curve<\/a><br \/>\n<a href=\"https:\/\/www.vsveicolispeciali.com\/de\/street-food-truck\/gourmet-imbisswagen-koch-mit-michelin-stern-nv-food-truck\/\" target=\"_blank\" rel=\"noopener\">1 NV Food Truck<\/a><\/p>\n<p><a href=\"https:\/\/www.vsveicolispeciali.com\/wp-content\/uploads\/2021\/10\/street-arbre-mini-food-truck-catering-delivery.jpg\"><img loading=\"lazy\" decoding=\"async\" src=\"https:\/\/www.vsveicolispeciali.com\/wp-content\/uploads\/2021\/10\/street-arbre-mini-food-truck-catering-delivery.jpg\" alt=\"street arbre mini food truck Piaggio ApeCar f\u00fcr Catering und Lieferung\" width=\"1000\" height=\"800\" class=\"alignleft size-full wp-image-15101\" srcset=\"https:\/\/www.vsveicolispeciali.com\/wp-content\/uploads\/2021\/10\/street-arbre-mini-food-truck-catering-delivery.jpg 1000w, https:\/\/www.vsveicolispeciali.com\/wp-content\/uploads\/2021\/10\/street-arbre-mini-food-truck-catering-delivery-300x240.jpg 300w, https:\/\/www.vsveicolispeciali.com\/wp-content\/uploads\/2021\/10\/street-arbre-mini-food-truck-catering-delivery-768x614.jpg 768w, https:\/\/www.vsveicolispeciali.com\/wp-content\/uploads\/2021\/10\/street-arbre-mini-food-truck-catering-delivery-700x560.jpg 700w\" sizes=\"(max-width: 1000px) 100vw, 1000px\" \/><\/a><\/p>\n<p><a href=\"https:\/\/www.vsveicolispeciali.com\/wp-content\/uploads\/2021\/10\/nv-food-truck-gastronomia-nomade-street-arbre.jpg\"><img loading=\"lazy\" decoding=\"async\" src=\"https:\/\/www.vsveicolispeciali.com\/wp-content\/uploads\/2021\/10\/nv-food-truck-gastronomia-nomade-street-arbre.jpg\" alt=\"nv food truck street arbre ist ein nomadisches Gastronomie-Streetfood-Projekt der franz\u00f6sischen K\u00f6chin Yoranne\" width=\"1000\" height=\"800\" class=\"alignleft size-full wp-image-15081\" srcset=\"https:\/\/www.vsveicolispeciali.com\/wp-content\/uploads\/2021\/10\/nv-food-truck-gastronomia-nomade-street-arbre.jpg 1000w, https:\/\/www.vsveicolispeciali.com\/wp-content\/uploads\/2021\/10\/nv-food-truck-gastronomia-nomade-street-arbre-300x240.jpg 300w, https:\/\/www.vsveicolispeciali.com\/wp-content\/uploads\/2021\/10\/nv-food-truck-gastronomia-nomade-street-arbre-768x614.jpg 768w, https:\/\/www.vsveicolispeciali.com\/wp-content\/uploads\/2021\/10\/nv-food-truck-gastronomia-nomade-street-arbre-700x560.jpg 700w\" sizes=\"(max-width: 1000px) 100vw, 1000px\" \/><\/a><\/p>\n<p>&nbsp;&nbsp;<br \/>\n<strong>The Hamburger Foundation<\/strong><br \/>\n<a href=\"https:\/\/www.vsveicolispeciali.com\/de\/street-food-truck\/verkaufsfahrzeug-anhaenger-the-hamburger-foundation\/\" target=\"_blank\" rel=\"noopener\">1 Anh\u00e4nger<\/a><br \/>\n<a href=\"https:\/\/www.vsveicolispeciali.com\/de\/street-food-truck\/ducato-food-truck-mobile-restaurant-the-hamburger-foundation\/\" target=\"_blank\" rel=\"noopener\">1 Professional Food Truck<\/a><\/p>\n<p><a href=\"https:\/\/www.vsveicolispeciali.com\/wp-content\/uploads\/2015\/11\/allestimento-autonegozio-rimorchio-thf.jpg\"><img loading=\"lazy\" decoding=\"async\" src=\"https:\/\/www.vsveicolispeciali.com\/wp-content\/uploads\/2015\/11\/allestimento-autonegozio-rimorchio-thf.jpg\" alt=\"Aufbau eines Foodtruck-Anh\u00e4ngers f\u00fcr THF\" width=\"1000\" height=\"800\" class=\"alignleft size-full wp-image-1421\" srcset=\"https:\/\/www.vsveicolispeciali.com\/wp-content\/uploads\/2015\/11\/allestimento-autonegozio-rimorchio-thf.jpg 1000w, https:\/\/www.vsveicolispeciali.com\/wp-content\/uploads\/2015\/11\/allestimento-autonegozio-rimorchio-thf-300x240.jpg 300w, https:\/\/www.vsveicolispeciali.com\/wp-content\/uploads\/2015\/11\/allestimento-autonegozio-rimorchio-thf-768x614.jpg 768w, https:\/\/www.vsveicolispeciali.com\/wp-content\/uploads\/2015\/11\/allestimento-autonegozio-rimorchio-thf-700x560.jpg 700w\" sizes=\"(max-width: 1000px) 100vw, 1000px\" \/><\/a><\/p>\n<p><a href=\"https:\/\/www.vsveicolispeciali.com\/wp-content\/uploads\/2015\/11\/allestimento-furgone-food-truck-thf.jpg\"><img loading=\"lazy\" decoding=\"async\" src=\"https:\/\/www.vsveicolispeciali.com\/wp-content\/uploads\/2015\/11\/allestimento-furgone-food-truck-thf.jpg\" alt=\"food truck thf\" width=\"1000\" height=\"800\" class=\"alignleft size-full wp-image-1349\" srcset=\"https:\/\/www.vsveicolispeciali.com\/wp-content\/uploads\/2015\/11\/allestimento-furgone-food-truck-thf.jpg 1000w, https:\/\/www.vsveicolispeciali.com\/wp-content\/uploads\/2015\/11\/allestimento-furgone-food-truck-thf-300x240.jpg 300w, https:\/\/www.vsveicolispeciali.com\/wp-content\/uploads\/2015\/11\/allestimento-furgone-food-truck-thf-768x614.jpg 768w, https:\/\/www.vsveicolispeciali.com\/wp-content\/uploads\/2015\/11\/allestimento-furgone-food-truck-thf-700x560.jpg 700w\" sizes=\"(max-width: 1000px) 100vw, 1000px\" \/><\/a><\/p>\n<p><strong>Tr3vor<\/strong><br \/>\n<a href=\"https:\/\/www.vsveicolispeciali.com\/de\/street-food-truck\/ape-vcurve-mini-food-truck-piaggio-fuer-die-fahrende-restauration-tr3vor\/\" target=\"_blank\" rel=\"noopener\">1 Piaggio Ape V-Curve<\/a><br \/>\n<a href=\"https:\/\/www.vsveicolispeciali.com\/de\/street-food-truck\/lieferwagen-food-truck-fiat-ducato-tr3vor-schweiz\/\" target=\"_blank\" rel=\"noopener\">1 Professional Food Truck<\/a><\/p>\n<p><a href=\"https:\/\/www.vsveicolispeciali.com\/wp-content\/uploads\/2019\/08\/mini-food-truck-piaggio-tr3vor.jpg\"><img loading=\"lazy\" decoding=\"async\" src=\"https:\/\/www.vsveicolispeciali.com\/wp-content\/uploads\/2019\/08\/mini-food-truck-piaggio-tr3vor.jpg\" alt=\"mini food truck piaggio tr3vor\" width=\"1000\" height=\"800\" class=\"alignleft size-full wp-image-10338\" srcset=\"https:\/\/www.vsveicolispeciali.com\/wp-content\/uploads\/2019\/08\/mini-food-truck-piaggio-tr3vor.jpg 1000w, https:\/\/www.vsveicolispeciali.com\/wp-content\/uploads\/2019\/08\/mini-food-truck-piaggio-tr3vor-300x240.jpg 300w, https:\/\/www.vsveicolispeciali.com\/wp-content\/uploads\/2019\/08\/mini-food-truck-piaggio-tr3vor-768x614.jpg 768w, https:\/\/www.vsveicolispeciali.com\/wp-content\/uploads\/2019\/08\/mini-food-truck-piaggio-tr3vor-700x560.jpg 700w\" sizes=\"(max-width: 1000px) 100vw, 1000px\" \/><\/a><\/p>\n<p><a href=\"https:\/\/www.vsveicolispeciali.com\/wp-content\/uploads\/2016\/03\/Food_Truck_Street_Food_Trevor_2.jpg\"><img loading=\"lazy\" decoding=\"async\" src=\"https:\/\/www.vsveicolispeciali.com\/wp-content\/uploads\/2016\/03\/Food_Truck_Street_Food_Trevor_2.jpg\" alt=\"Food Truck Tr3vor Schweiz\" width=\"1000\" height=\"800\" class=\"alignleft size-full wp-image-2342\" srcset=\"https:\/\/www.vsveicolispeciali.com\/wp-content\/uploads\/2016\/03\/Food_Truck_Street_Food_Trevor_2.jpg 1000w, https:\/\/www.vsveicolispeciali.com\/wp-content\/uploads\/2016\/03\/Food_Truck_Street_Food_Trevor_2-300x240.jpg 300w, https:\/\/www.vsveicolispeciali.com\/wp-content\/uploads\/2016\/03\/Food_Truck_Street_Food_Trevor_2-768x614.jpg 768w, https:\/\/www.vsveicolispeciali.com\/wp-content\/uploads\/2016\/03\/Food_Truck_Street_Food_Trevor_2-700x560.jpg 700w\" sizes=\"(max-width: 1000px) 100vw, 1000px\" \/><\/a><\/p>\n<p>&nbsp;<\/p>\n<p>Im Wesentlichen erm\u00f6glichen <strong>Foodtruck-Flotten<\/strong> es, das Gesch\u00e4ft auszuweiten, neue M\u00e4rkte zu erkunden und ein breiteres Kundenspektrum mit mehr Flexibilit\u00e4t und Belastbarkeit zufriedenzustellen.<\/p>\n<p>Der <a href=\"https:\/\/www.vsveicolispeciali.com\/de\/verkaufswagen-kaufen\/food-truck-imbisswagen-kosten\/\">Kauf von zwei oder mehr Foodtrucks<\/a> kann entweder im Vorfeld geplant oder aber auf den unerwarteten Erfolg einer Erstinvestition zur\u00fcckzuf\u00fchren sein.<\/p>\n<p>Wir von <strong>VS<\/strong> beobachten mit gro\u00dfer Freude, wie sich beide Szenarien wiederholen.<\/p>\n\n\t\t<style type=\"text\/css\">\n\t\t\t#gallery-1 {\n\t\t\t\tmargin: auto;\n\t\t\t}\n\t\t\t#gallery-1 .gallery-item {\n\t\t\t\tfloat: left;\n\t\t\t\tmargin-top: 10px;\n\t\t\t\ttext-align: center;\n\t\t\t\twidth: 33%;\n\t\t\t}\n\t\t\t#gallery-1 img {\n\t\t\t\tborder: 2px solid #cfcfcf;\n\t\t\t}\n\t\t\t#gallery-1 .gallery-caption {\n\t\t\t\tmargin-left: 0;\n\t\t\t}\n\t\t\t\/* see gallery_shortcode() in wp-includes\/media.php *\/\n\t\t<\/style>\n\t\t<div id='gallery-1' class='gallery galleryid-25235 gallery-columns-3 gallery-size-thumbnail'><dl class='gallery-item'>\n\t\t\t<dt class='gallery-icon landscape'>\n\t\t\t\t<a href='https:\/\/www.vsveicolispeciali.com\/de\/foodtruck-fleets-2\/'><img loading=\"lazy\" decoding=\"async\" width=\"150\" height=\"150\" src=\"https:\/\/www.vsveicolispeciali.com\/wp-content\/uploads\/2024\/03\/foodtruck-fleets-150x150.jpg\" class=\"attachment-thumbnail size-thumbnail\" alt=\"Foodtruck-Flotten von Ma Fabrique du Burgers\" srcset=\"https:\/\/www.vsveicolispeciali.com\/wp-content\/uploads\/2024\/03\/foodtruck-fleets-150x150.jpg 150w, https:\/\/www.vsveicolispeciali.com\/wp-content\/uploads\/2024\/03\/foodtruck-fleets-570x570.jpg 570w, https:\/\/www.vsveicolispeciali.com\/wp-content\/uploads\/2024\/03\/foodtruck-fleets-500x500.jpg 500w\" sizes=\"(max-width: 150px) 100vw, 150px\" \/><\/a>\n\t\t\t<\/dt><\/dl>\n\t\t\t<br style='clear: both' \/>\n\t\t<\/div>\n\n","protected":false},"excerpt":{"rendered":"<p>Es ist allgemein bekannt, dass im Gastgewerbe ein schlechtes Produkt stets durch ein gutes Produkt verdr\u00e4ngt wird. Bei der Wahl des Restaurants ist jedoch die Produktqualit\u00e4t nicht alles. Es kommen noch andere Aspekte hinzu, wie der Service, die Sauberkeit des Lokals, die Einrichtung und das&#8230;<\/p>\n","protected":false},"author":1001012,"featured_media":25222,"comment_status":"closed","ping_status":"open","sticky":false,"template":"","format":"gallery","meta":{"footnotes":""},"categories":[48],"tags":[257,259],"class_list":["post-25235","post","type-post","status-publish","format-gallery","has-post-thumbnail","hentry","category-non-categorizzato","tag-food-truck-kaufen","tag-foodtruck-eroeffnen","post_format-post-format-gallery"],"yoast_head":"<!-- This site is optimized with the Yoast SEO plugin v25.4 - https:\/\/yoast.com\/wordpress\/plugins\/seo\/ -->\n<title>Mehr Foodtrucks f\u00fcr mehr Umsatz<\/title>\n<meta name=\"description\" content=\"Die Anschaffung weiterer Imbisswagen bringt viele kommerzielle Vorteile mit sich. Finden Sie heraus, welche Unternehmen diesen Hebel nutzen, um ihr Gesch\u00e4ft auszubauen &gt;\" \/>\n<meta name=\"robots\" content=\"index, follow, max-snippet:-1, max-image-preview:large, max-video-preview:-1\" \/>\n<link rel=\"canonical\" href=\"https:\/\/www.vsveicolispeciali.com\/de\/mehr-foodtrucks-fuer-mehr-umsatz\/\" \/>\n<meta property=\"og:locale\" content=\"de_DE\" \/>\n<meta property=\"og:type\" content=\"article\" \/>\n<meta property=\"og:title\" content=\"Mehr Foodtrucks f\u00fcr mehr Umsatz\" \/>\n<meta property=\"og:description\" content=\"Die Anschaffung weiterer Imbisswagen bringt viele kommerzielle Vorteile mit sich. Finden Sie heraus, welche Unternehmen diesen Hebel nutzen, um ihr Gesch\u00e4ft auszubauen &gt;\" \/>\n<meta property=\"og:url\" content=\"https:\/\/www.vsveicolispeciali.com\/de\/mehr-foodtrucks-fuer-mehr-umsatz\/\" \/>\n<meta property=\"og:site_name\" content=\"VS Veicoli Speciali\" \/>\n<meta property=\"article:publisher\" content=\"https:\/\/www.facebook.com\/VSVeicoliSpeciali.Food.Trucks\/\" \/>\n<meta property=\"article:published_time\" content=\"2024-03-07T20:02:17+00:00\" \/>\n<meta property=\"article:modified_time\" content=\"2024-03-10T13:11:07+00:00\" \/>\n<meta property=\"og:image\" content=\"https:\/\/www.vsveicolispeciali.com\/wp-content\/uploads\/2024\/03\/foodtruck-fleets.jpg\" \/>\n\t<meta property=\"og:image:width\" content=\"1080\" \/>\n\t<meta property=\"og:image:height\" content=\"920\" \/>\n\t<meta property=\"og:image:type\" content=\"image\/jpeg\" \/>\n<meta name=\"author\" content=\"VS Veicoli Speciali\" \/>\n<meta name=\"twitter:card\" content=\"summary_large_image\" \/>\n<meta name=\"twitter:creator\" content=\"@veicolispeciali\" \/>\n<meta name=\"twitter:site\" content=\"@veicolispeciali\" \/>\n<meta name=\"twitter:label1\" content=\"Verfasst von\" \/>\n\t<meta name=\"twitter:data1\" content=\"VS Veicoli Speciali\" \/>\n\t<meta name=\"twitter:label2\" content=\"Gesch\u00e4tzte Lesezeit\" \/>\n\t<meta name=\"twitter:data2\" content=\"10\u00a0Minuten\" \/>\n<script type=\"application\/ld+json\" class=\"yoast-schema-graph\">{\"@context\":\"https:\/\/schema.org\",\"@graph\":[{\"@type\":\"Article\",\"@id\":\"https:\/\/www.vsveicolispeciali.com\/de\/mehr-foodtrucks-fuer-mehr-umsatz\/#article\",\"isPartOf\":{\"@id\":\"https:\/\/www.vsveicolispeciali.com\/de\/mehr-foodtrucks-fuer-mehr-umsatz\/\"},\"author\":{\"name\":\"VS Veicoli Speciali\",\"@id\":\"https:\/\/www.vsveicolispeciali.com\/de\/#\/schema\/person\/1241826d792bde4333b3db1395b12be9\"},\"headline\":\"Mehr Foodtrucks f\u00fcr mehr Umsatz\",\"datePublished\":\"2024-03-07T20:02:17+00:00\",\"dateModified\":\"2024-03-10T13:11:07+00:00\",\"mainEntityOfPage\":{\"@id\":\"https:\/\/www.vsveicolispeciali.com\/de\/mehr-foodtrucks-fuer-mehr-umsatz\/\"},\"wordCount\":780,\"publisher\":{\"@id\":\"https:\/\/www.vsveicolispeciali.com\/de\/#organization\"},\"image\":{\"@id\":\"https:\/\/www.vsveicolispeciali.com\/de\/mehr-foodtrucks-fuer-mehr-umsatz\/#primaryimage\"},\"thumbnailUrl\":\"https:\/\/www.vsveicolispeciali.com\/wp-content\/uploads\/2024\/03\/foodtruck-fleets.jpg\",\"keywords\":[\"food truck kaufen\",\"foodtruck er\u00f6ffnen\"],\"articleSection\":[\"Non categorizzato\"],\"inLanguage\":\"de\"},{\"@type\":\"WebPage\",\"@id\":\"https:\/\/www.vsveicolispeciali.com\/de\/mehr-foodtrucks-fuer-mehr-umsatz\/\",\"url\":\"https:\/\/www.vsveicolispeciali.com\/de\/mehr-foodtrucks-fuer-mehr-umsatz\/\",\"name\":\"Mehr Foodtrucks f\u00fcr mehr Umsatz\",\"isPartOf\":{\"@id\":\"https:\/\/www.vsveicolispeciali.com\/de\/#website\"},\"primaryImageOfPage\":{\"@id\":\"https:\/\/www.vsveicolispeciali.com\/de\/mehr-foodtrucks-fuer-mehr-umsatz\/#primaryimage\"},\"image\":{\"@id\":\"https:\/\/www.vsveicolispeciali.com\/de\/mehr-foodtrucks-fuer-mehr-umsatz\/#primaryimage\"},\"thumbnailUrl\":\"https:\/\/www.vsveicolispeciali.com\/wp-content\/uploads\/2024\/03\/foodtruck-fleets.jpg\",\"datePublished\":\"2024-03-07T20:02:17+00:00\",\"dateModified\":\"2024-03-10T13:11:07+00:00\",\"description\":\"Die Anschaffung weiterer Imbisswagen bringt viele kommerzielle Vorteile mit sich. Finden Sie heraus, welche Unternehmen diesen Hebel nutzen, um ihr Gesch\u00e4ft auszubauen >\",\"breadcrumb\":{\"@id\":\"https:\/\/www.vsveicolispeciali.com\/de\/mehr-foodtrucks-fuer-mehr-umsatz\/#breadcrumb\"},\"inLanguage\":\"de\",\"potentialAction\":[{\"@type\":\"ReadAction\",\"target\":[\"https:\/\/www.vsveicolispeciali.com\/de\/mehr-foodtrucks-fuer-mehr-umsatz\/\"]}]},{\"@type\":\"ImageObject\",\"inLanguage\":\"de\",\"@id\":\"https:\/\/www.vsveicolispeciali.com\/de\/mehr-foodtrucks-fuer-mehr-umsatz\/#primaryimage\",\"url\":\"https:\/\/www.vsveicolispeciali.com\/wp-content\/uploads\/2024\/03\/foodtruck-fleets.jpg\",\"contentUrl\":\"https:\/\/www.vsveicolispeciali.com\/wp-content\/uploads\/2024\/03\/foodtruck-fleets.jpg\",\"width\":1080,\"height\":920,\"caption\":\"Foodtruck-Flotten von Ma Fabrique du Burgers\"},{\"@type\":\"BreadcrumbList\",\"@id\":\"https:\/\/www.vsveicolispeciali.com\/de\/mehr-foodtrucks-fuer-mehr-umsatz\/#breadcrumb\",\"itemListElement\":[{\"@type\":\"ListItem\",\"position\":1,\"name\":\"Home\",\"item\":\"https:\/\/www.vsveicolispeciali.com\/de\/\"},{\"@type\":\"ListItem\",\"position\":2,\"name\":\"Mehr Foodtrucks f\u00fcr mehr Umsatz\"}]},{\"@type\":\"WebSite\",\"@id\":\"https:\/\/www.vsveicolispeciali.com\/de\/#website\",\"url\":\"https:\/\/www.vsveicolispeciali.com\/de\/\",\"name\":\"VS Veicoli Speciali\",\"description\":\"\",\"publisher\":{\"@id\":\"https:\/\/www.vsveicolispeciali.com\/de\/#organization\"},\"potentialAction\":[{\"@type\":\"SearchAction\",\"target\":{\"@type\":\"EntryPoint\",\"urlTemplate\":\"https:\/\/www.vsveicolispeciali.com\/de\/?s={search_term_string}\"},\"query-input\":{\"@type\":\"PropertyValueSpecification\",\"valueRequired\":true,\"valueName\":\"search_term_string\"}}],\"inLanguage\":\"de\"},{\"@type\":\"Organization\",\"@id\":\"https:\/\/www.vsveicolispeciali.com\/de\/#organization\",\"name\":\"VS Veicoli Speciali\",\"url\":\"https:\/\/www.vsveicolispeciali.com\/de\/\",\"logo\":{\"@type\":\"ImageObject\",\"inLanguage\":\"de\",\"@id\":\"https:\/\/www.vsveicolispeciali.com\/de\/#\/schema\/logo\/image\/\",\"url\":\"http:\/\/www.vsveicolispeciali.com\/wp-content\/uploads\/2015\/05\/vs_veicoli_speciali-logo.png\",\"contentUrl\":\"http:\/\/www.vsveicolispeciali.com\/wp-content\/uploads\/2015\/05\/vs_veicoli_speciali-logo.png\",\"width\":252,\"height\":134,\"caption\":\"VS Veicoli Speciali\"},\"image\":{\"@id\":\"https:\/\/www.vsveicolispeciali.com\/de\/#\/schema\/logo\/image\/\"},\"sameAs\":[\"https:\/\/www.facebook.com\/VSVeicoliSpeciali.Food.Trucks\/\",\"https:\/\/x.com\/veicolispeciali\",\"https:\/\/www.instagram.com\/vs_veicolispeciali\/\",\"https:\/\/www.linkedin.com\/company\/2811960\/\",\"https:\/\/www.pinterest.com\/streetfoodtruck\/\",\"https:\/\/www.youtube.com\/user\/veicolispeciali\"]},{\"@type\":\"Person\",\"@id\":\"https:\/\/www.vsveicolispeciali.com\/de\/#\/schema\/person\/1241826d792bde4333b3db1395b12be9\",\"name\":\"VS Veicoli Speciali\",\"image\":{\"@type\":\"ImageObject\",\"inLanguage\":\"de\",\"@id\":\"https:\/\/www.vsveicolispeciali.com\/de\/#\/schema\/person\/image\/\",\"url\":\"https:\/\/secure.gravatar.com\/avatar\/4ea93278e71ba140dbbbfb5d34409507?s=96&d=mm&r=g\",\"contentUrl\":\"https:\/\/secure.gravatar.com\/avatar\/4ea93278e71ba140dbbbfb5d34409507?s=96&d=mm&r=g\",\"caption\":\"VS Veicoli Speciali\"}}]}<\/script>\n<!-- \/ Yoast SEO plugin. -->","yoast_head_json":{"title":"Mehr Foodtrucks f\u00fcr mehr Umsatz","description":"Die Anschaffung weiterer Imbisswagen bringt viele kommerzielle Vorteile mit sich. Finden Sie heraus, welche Unternehmen diesen Hebel nutzen, um ihr Gesch\u00e4ft auszubauen >","robots":{"index":"index","follow":"follow","max-snippet":"max-snippet:-1","max-image-preview":"max-image-preview:large","max-video-preview":"max-video-preview:-1"},"canonical":"https:\/\/www.vsveicolispeciali.com\/de\/mehr-foodtrucks-fuer-mehr-umsatz\/","og_locale":"de_DE","og_type":"article","og_title":"Mehr Foodtrucks f\u00fcr mehr Umsatz","og_description":"Die Anschaffung weiterer Imbisswagen bringt viele kommerzielle Vorteile mit sich. Finden Sie heraus, welche Unternehmen diesen Hebel nutzen, um ihr Gesch\u00e4ft auszubauen >","og_url":"https:\/\/www.vsveicolispeciali.com\/de\/mehr-foodtrucks-fuer-mehr-umsatz\/","og_site_name":"VS Veicoli Speciali","article_publisher":"https:\/\/www.facebook.com\/VSVeicoliSpeciali.Food.Trucks\/","article_published_time":"2024-03-07T20:02:17+00:00","article_modified_time":"2024-03-10T13:11:07+00:00","og_image":[{"width":1080,"height":920,"url":"https:\/\/www.vsveicolispeciali.com\/wp-content\/uploads\/2024\/03\/foodtruck-fleets.jpg","type":"image\/jpeg"}],"author":"VS Veicoli Speciali","twitter_card":"summary_large_image","twitter_creator":"@veicolispeciali","twitter_site":"@veicolispeciali","twitter_misc":{"Verfasst von":"VS Veicoli Speciali","Gesch\u00e4tzte Lesezeit":"10\u00a0Minuten"},"schema":{"@context":"https:\/\/schema.org","@graph":[{"@type":"Article","@id":"https:\/\/www.vsveicolispeciali.com\/de\/mehr-foodtrucks-fuer-mehr-umsatz\/#article","isPartOf":{"@id":"https:\/\/www.vsveicolispeciali.com\/de\/mehr-foodtrucks-fuer-mehr-umsatz\/"},"author":{"name":"VS Veicoli Speciali","@id":"https:\/\/www.vsveicolispeciali.com\/de\/#\/schema\/person\/1241826d792bde4333b3db1395b12be9"},"headline":"Mehr Foodtrucks f\u00fcr mehr Umsatz","datePublished":"2024-03-07T20:02:17+00:00","dateModified":"2024-03-10T13:11:07+00:00","mainEntityOfPage":{"@id":"https:\/\/www.vsveicolispeciali.com\/de\/mehr-foodtrucks-fuer-mehr-umsatz\/"},"wordCount":780,"publisher":{"@id":"https:\/\/www.vsveicolispeciali.com\/de\/#organization"},"image":{"@id":"https:\/\/www.vsveicolispeciali.com\/de\/mehr-foodtrucks-fuer-mehr-umsatz\/#primaryimage"},"thumbnailUrl":"https:\/\/www.vsveicolispeciali.com\/wp-content\/uploads\/2024\/03\/foodtruck-fleets.jpg","keywords":["food truck kaufen","foodtruck er\u00f6ffnen"],"articleSection":["Non categorizzato"],"inLanguage":"de"},{"@type":"WebPage","@id":"https:\/\/www.vsveicolispeciali.com\/de\/mehr-foodtrucks-fuer-mehr-umsatz\/","url":"https:\/\/www.vsveicolispeciali.com\/de\/mehr-foodtrucks-fuer-mehr-umsatz\/","name":"Mehr Foodtrucks f\u00fcr mehr Umsatz","isPartOf":{"@id":"https:\/\/www.vsveicolispeciali.com\/de\/#website"},"primaryImageOfPage":{"@id":"https:\/\/www.vsveicolispeciali.com\/de\/mehr-foodtrucks-fuer-mehr-umsatz\/#primaryimage"},"image":{"@id":"https:\/\/www.vsveicolispeciali.com\/de\/mehr-foodtrucks-fuer-mehr-umsatz\/#primaryimage"},"thumbnailUrl":"https:\/\/www.vsveicolispeciali.com\/wp-content\/uploads\/2024\/03\/foodtruck-fleets.jpg","datePublished":"2024-03-07T20:02:17+00:00","dateModified":"2024-03-10T13:11:07+00:00","description":"Die Anschaffung weiterer Imbisswagen bringt viele kommerzielle Vorteile mit sich. Finden Sie heraus, welche Unternehmen diesen Hebel nutzen, um ihr Gesch\u00e4ft auszubauen >","breadcrumb":{"@id":"https:\/\/www.vsveicolispeciali.com\/de\/mehr-foodtrucks-fuer-mehr-umsatz\/#breadcrumb"},"inLanguage":"de","potentialAction":[{"@type":"ReadAction","target":["https:\/\/www.vsveicolispeciali.com\/de\/mehr-foodtrucks-fuer-mehr-umsatz\/"]}]},{"@type":"ImageObject","inLanguage":"de","@id":"https:\/\/www.vsveicolispeciali.com\/de\/mehr-foodtrucks-fuer-mehr-umsatz\/#primaryimage","url":"https:\/\/www.vsveicolispeciali.com\/wp-content\/uploads\/2024\/03\/foodtruck-fleets.jpg","contentUrl":"https:\/\/www.vsveicolispeciali.com\/wp-content\/uploads\/2024\/03\/foodtruck-fleets.jpg","width":1080,"height":920,"caption":"Foodtruck-Flotten von Ma Fabrique du Burgers"},{"@type":"BreadcrumbList","@id":"https:\/\/www.vsveicolispeciali.com\/de\/mehr-foodtrucks-fuer-mehr-umsatz\/#breadcrumb","itemListElement":[{"@type":"ListItem","position":1,"name":"Home","item":"https:\/\/www.vsveicolispeciali.com\/de\/"},{"@type":"ListItem","position":2,"name":"Mehr Foodtrucks f\u00fcr mehr Umsatz"}]},{"@type":"WebSite","@id":"https:\/\/www.vsveicolispeciali.com\/de\/#website","url":"https:\/\/www.vsveicolispeciali.com\/de\/","name":"VS Veicoli Speciali","description":"","publisher":{"@id":"https:\/\/www.vsveicolispeciali.com\/de\/#organization"},"potentialAction":[{"@type":"SearchAction","target":{"@type":"EntryPoint","urlTemplate":"https:\/\/www.vsveicolispeciali.com\/de\/?s={search_term_string}"},"query-input":{"@type":"PropertyValueSpecification","valueRequired":true,"valueName":"search_term_string"}}],"inLanguage":"de"},{"@type":"Organization","@id":"https:\/\/www.vsveicolispeciali.com\/de\/#organization","name":"VS Veicoli Speciali","url":"https:\/\/www.vsveicolispeciali.com\/de\/","logo":{"@type":"ImageObject","inLanguage":"de","@id":"https:\/\/www.vsveicolispeciali.com\/de\/#\/schema\/logo\/image\/","url":"http:\/\/www.vsveicolispeciali.com\/wp-content\/uploads\/2015\/05\/vs_veicoli_speciali-logo.png","contentUrl":"http:\/\/www.vsveicolispeciali.com\/wp-content\/uploads\/2015\/05\/vs_veicoli_speciali-logo.png","width":252,"height":134,"caption":"VS Veicoli Speciali"},"image":{"@id":"https:\/\/www.vsveicolispeciali.com\/de\/#\/schema\/logo\/image\/"},"sameAs":["https:\/\/www.facebook.com\/VSVeicoliSpeciali.Food.Trucks\/","https:\/\/x.com\/veicolispeciali","https:\/\/www.instagram.com\/vs_veicolispeciali\/","https:\/\/www.linkedin.com\/company\/2811960\/","https:\/\/www.pinterest.com\/streetfoodtruck\/","https:\/\/www.youtube.com\/user\/veicolispeciali"]},{"@type":"Person","@id":"https:\/\/www.vsveicolispeciali.com\/de\/#\/schema\/person\/1241826d792bde4333b3db1395b12be9","name":"VS Veicoli Speciali","image":{"@type":"ImageObject","inLanguage":"de","@id":"https:\/\/www.vsveicolispeciali.com\/de\/#\/schema\/person\/image\/","url":"https:\/\/secure.gravatar.com\/avatar\/4ea93278e71ba140dbbbfb5d34409507?s=96&d=mm&r=g","contentUrl":"https:\/\/secure.gravatar.com\/avatar\/4ea93278e71ba140dbbbfb5d34409507?s=96&d=mm&r=g","caption":"VS Veicoli Speciali"}}]}},"_links":{"self":[{"href":"https:\/\/www.vsveicolispeciali.com\/de\/wp-json\/wp\/v2\/posts\/25235"}],"collection":[{"href":"https:\/\/www.vsveicolispeciali.com\/de\/wp-json\/wp\/v2\/posts"}],"about":[{"href":"https:\/\/www.vsveicolispeciali.com\/de\/wp-json\/wp\/v2\/types\/post"}],"author":[{"embeddable":true,"href":"https:\/\/www.vsveicolispeciali.com\/de\/wp-json\/wp\/v2\/users\/1001012"}],"replies":[{"embeddable":true,"href":"https:\/\/www.vsveicolispeciali.com\/de\/wp-json\/wp\/v2\/comments?post=25235"}],"version-history":[{"count":2,"href":"https:\/\/www.vsveicolispeciali.com\/de\/wp-json\/wp\/v2\/posts\/25235\/revisions"}],"predecessor-version":[{"id":25236,"href":"https:\/\/www.vsveicolispeciali.com\/de\/wp-json\/wp\/v2\/posts\/25235\/revisions\/25236"}],"wp:featuredmedia":[{"embeddable":true,"href":"https:\/\/www.vsveicolispeciali.com\/de\/wp-json\/wp\/v2\/media\/25222"}],"wp:attachment":[{"href":"https:\/\/www.vsveicolispeciali.com\/de\/wp-json\/wp\/v2\/media?parent=25235"}],"wp:term":[{"taxonomy":"category","embeddable":true,"href":"https:\/\/www.vsveicolispeciali.com\/de\/wp-json\/wp\/v2\/categories?post=25235"},{"taxonomy":"post_tag","embeddable":true,"href":"https:\/\/www.vsveicolispeciali.com\/de\/wp-json\/wp\/v2\/tags?post=25235"}],"curies":[{"name":"wp","href":"https:\/\/api.w.org\/{rel}","templated":true}]}}