{"id":22372,"date":"2023-03-10T16:54:55","date_gmt":"2023-03-10T15:54:55","guid":{"rendered":"http:\/\/www.vsveicolispeciali.com\/i-food-truck-valorizzano-i-prodotti-dellindustria-alimentare\/"},"modified":"2023-09-21T21:55:17","modified_gmt":"2023-09-21T19:55:17","slug":"food-trucks-werten-produkte-der-lebensmittelindustrie-auf","status":"publish","type":"post","link":"https:\/\/www.vsveicolispeciali.com\/de\/food-trucks-werten-produkte-der-lebensmittelindustrie-auf\/","title":{"rendered":"Food-Trucks werten Produkte der Lebensmittelindustrie auf"},"content":{"rendered":"<p>Dass Foodtrucks ein hervorragendes Marketinginstrument sind, ist nichts Neues. Die Zeiten klobiger Food-Trucks f\u00fcr M\u00e4rkte sind l\u00e4ngst vorbei.<\/p>\n<p><strong>Schlecht gefertigte Produkte<\/strong>, die nicht den gesetzlichen Anforderungen entsprechen, gibt es immer noch viele, jedoch wurden sie von konzeptionell und qualitativ hochwertigen Produktionen v\u00f6llig in den Schatten gestellt.<\/p>\n<p>Die <a href=\"http:\/\/www.vsveicolispeciali.com\/de\/verkaufswagen-kaufen\/food-truck-imbisswagen-kosten\/\">besten Foodtrucks<\/a> werden heute von <a href=\"http:\/\/www.vsveicolispeciali.com\/de\/unternehmen\/\">strukturierten Unternehmen<\/a> hergestellt. Sie investieren in Technologie und Innovation und entwickeln Fahrzeuge, die mit traditionellen Gesch\u00e4ften und Restaurants konkurrieren k\u00f6nnen.<\/p>\n<p>Die Kunden sind nicht mehr nur <a href=\"http:\/\/www.vsveicolispeciali.com\/de\/wandergewerbe-bolkestein-richtlinie-auf-2020-verschoben\/\">Stra\u00dfenverk\u00e4ufer<\/a>, die auf M\u00e4rkten oder am Stra\u00dfenrand arbeiten, sondern zunehmend auch Unternehmen, die die <strong>Wettbewerbsvorteile<\/strong> von Food-Trucks nutzen wollen.<\/p>\n<p><strong>Gastronomie-, Tourismus- und Hotelbetriebe<\/strong> geh\u00f6rten nat\u00fcrlich zu den ersten, die das Potenzial der mobilen Verpflegung erkannten und in den Foodtrucks <strong>die mobile Variante einer Dienstleistung<\/strong> entdeckten, die schon immer im Mittelpunkt ihres Gesch\u00e4fts stand.<\/p>\n<p>Auch die LEBENSMITTELINDUSTRIE war nicht unt\u00e4tig, ebenso wie Konservenhersteller, Tiefk\u00fchlkostfirmen, <a href=\"https:\/\/www.vsveicolispeciali.com\/de\/welchen-nutzen-bieten-foodtrucks-fuer-einkaufszentren-und-grosse-vertriebsgruppen\/\" rel=\"noopener\" target=\"_blank\">gro\u00dfe Vertriebsgruppen<\/a> und viele weitere.<\/p>\n<p>F\u00fcr diese Unternehmen sind Food-Trucks eine gro\u00dfartige M\u00f6glichkeit, <strong>ihre Produkte und ihre Marke bekannt zu machen<\/strong> sowie den Umsatz zu steigern.<\/p>\n<p><a href=\"https:\/\/www.vsveicolispeciali.com\/wp-content\/uploads\/2023\/03\/rapelli-autonegozio-salumeria.jpg\"><img loading=\"lazy\" decoding=\"async\" class=\"alignnone size-full wp-image-21997\" src=\"https:\/\/www.vsveicolispeciali.com\/wp-content\/uploads\/2023\/03\/rapelli-autonegozio-salumeria.jpg\" alt=\"Wurstwaren Verkaufswagens von Rapelli\" width=\"797\" height=\"564\" srcset=\"https:\/\/www.vsveicolispeciali.com\/wp-content\/uploads\/2023\/03\/rapelli-autonegozio-salumeria.jpg 797w, https:\/\/www.vsveicolispeciali.com\/wp-content\/uploads\/2023\/03\/rapelli-autonegozio-salumeria-300x212.jpg 300w, https:\/\/www.vsveicolispeciali.com\/wp-content\/uploads\/2023\/03\/rapelli-autonegozio-salumeria-768x543.jpg 768w, https:\/\/www.vsveicolispeciali.com\/wp-content\/uploads\/2023\/03\/rapelli-autonegozio-salumeria-700x495.jpg 700w\" sizes=\"(max-width: 797px) 100vw, 797px\" \/><\/a><br \/>\nUnabh\u00e4ngig davon, ob sie im Inneren eine voll ausgestattete K\u00fcche beherbergen oder nur als Schaukasten konzipiert sind \u2013 FOOD-TRUCKS, die f\u00fcr Unternehmen der Lebensmittelindustrie gebaut werden, k\u00f6nnen zu Werbezwecken und f\u00fcr <strong>den Verkauf jeder Art von Lebensmitteln<\/strong> individuell gestaltet werden:<\/p>\n<ul class=\"lista\">\n<li>Aufschnitt<\/li>\n<li>K\u00e4se und Butter<\/li>\n<li>Essiggurken<\/li>\n<li>\u00d6le und Derivate<\/li>\n<li>Konfit\u00fcren und Marmeladen<\/li>\n<li>Lebensmittelkonserven<\/li>\n<li>Tiefk\u00fchlprodukte<\/li>\n<li>S\u00fc\u00dfwaren und B\u00e4ckereiprodukte<\/li>\n<li>Getr\u00e4nke<\/li>\n<li>und vieles mehr!<\/li>\n<\/ul>\n<p>&nbsp;<\/p>\n<p>Die PRODUKTE k\u00f6nnen den Verbrauchern direkt angeboten werden oder als Zutaten in der <strong>K\u00fcche des Foodtrucks<\/strong> f\u00fcr die Zubereitung von Gerichten und Rezepten aller Art dienen.<\/p>\n<p>Dank ihrer Mobilit\u00e4t werden umger\u00fcstete Fahrzeuge zu hochwirksamen Marketinginstrumenten, die in verschiedenen kommerziellen und werblichen Kontexten eingesetzt werden k\u00f6nnen:<\/p>\n<ul class=\"lista\">\n<li>Messen<\/li>\n<li>Feste und \u00f6ffentliche Veranstaltungen<\/li>\n<li>Privat- und Firmenveranstaltungen<\/li>\n<li>Pl\u00e4tze und Innenh\u00f6fe<\/li>\n<li>Parks und arch\u00e4ologische St\u00e4tten<\/li>\n<li>gro\u00dfe Einkaufszentren und Parkh\u00e4user<\/li>\n<li>Flugh\u00e4fen und Bahnh\u00f6fe<\/li>\n<li>H\u00e4fen und Str\u00e4nde<\/li>\n<\/ul>\n<p>&nbsp;<\/p>\n<p>Eine sehr dynamische <strong>Strategie<\/strong> ist der Einsatz von <strong>Food-Trucks f\u00fcr Promotionstouren<\/strong> mit mehreren Stationen in verschiedenen St\u00e4dten, Regionen oder L\u00e4ndern.<\/p>\n<p>Das <strong>Molkereiunternehmen Biraghi<\/strong> kaufte beispielsweise einen Foodtruck, um ihn f\u00fcr verschiedene Einsatzm\u00f6glichkeiten zu nutzen. Dazu geh\u00f6ren Werbetouren, wie z. B. die \u201e<a href=\"http:\/\/www.vsveicolispeciali.com\/de\/biraghi-unkonventionelles-marketing-auf-einen-promo-truck\/\" target=\"_blank\" rel=\"noopener\">Biraghi Truck Tour<\/a>\u201c, die durch verschiedene piemontesische St\u00e4dte f\u00fchrte, wobei der Foodtruck an den Eing\u00e4ngen von Gesch\u00e4ften und gro\u00dfen Einkaufszentren in der Region platziert wurde.<\/p>\n<p>Vor kurzem hat <strong>BIRAGHI<\/strong> den Giro d&#8217;Italia nach 21 Etappen mit seinem <a href=\"http:\/\/www.vsveicolispeciali.com\/de\/street-food-truck\/promotionfahrzeug-truckshop-mit-kuehltheke-renault-master-biraghi\/\" target=\"_blank\" rel=\"noopener\">Food-Truck gesponsert<\/a>, um f\u00fcr seine Biraghini-Snacks zu werben!<\/p>\n<p><a href=\"https:\/\/www.vsveicolispeciali.com\/wp-content\/uploads\/2023\/03\/biraghi-food-truck-tour-promozionale-giro-ditalia.jpg\"><img loading=\"lazy\" decoding=\"async\" class=\"alignnone size-full wp-image-21993\" src=\"https:\/\/www.vsveicolispeciali.com\/wp-content\/uploads\/2023\/03\/biraghi-food-truck-tour-promozionale-giro-ditalia.jpg\" alt=\"biraghi Food-Truck gesponsert tour giro d'italia\" width=\"1280\" height=\"799\" srcset=\"https:\/\/www.vsveicolispeciali.com\/wp-content\/uploads\/2023\/03\/biraghi-food-truck-tour-promozionale-giro-ditalia.jpg 1280w, https:\/\/www.vsveicolispeciali.com\/wp-content\/uploads\/2023\/03\/biraghi-food-truck-tour-promozionale-giro-ditalia-300x187.jpg 300w, https:\/\/www.vsveicolispeciali.com\/wp-content\/uploads\/2023\/03\/biraghi-food-truck-tour-promozionale-giro-ditalia-1024x639.jpg 1024w, https:\/\/www.vsveicolispeciali.com\/wp-content\/uploads\/2023\/03\/biraghi-food-truck-tour-promozionale-giro-ditalia-768x479.jpg 768w, https:\/\/www.vsveicolispeciali.com\/wp-content\/uploads\/2023\/03\/biraghi-food-truck-tour-promozionale-giro-ditalia-700x437.jpg 700w\" sizes=\"(max-width: 1280px) 100vw, 1280px\" \/><\/a><br \/>\nDer ber\u00fchmte Schweizer <strong>Feinkostladen Rapelli<\/strong> hingegen hat sich mit einem sch\u00f6nen <a href=\"http:\/\/www.vsveicolispeciali.com\/de\/street-food-truck\/wurstwaren-verkaufswagen-rapelli-nv-food-truck\/\" target=\"_blank\" rel=\"noopener\">Wurstwaren Verkaufswagen<\/a> ausgestattet, der keine Gelegenheit ausl\u00e4sst, um Burger, Focaccia und Sandwiches mit seinen regionalen Produkten zu verkaufen.<\/p>\n<p><a href=\"https:\/\/www.vsveicolispeciali.com\/wp-content\/uploads\/2023\/03\/rapelli-food-truck-autonegozio.jpg\"><img loading=\"lazy\" decoding=\"async\" class=\"alignnone size-full wp-image-22001\" src=\"https:\/\/www.vsveicolispeciali.com\/wp-content\/uploads\/2023\/03\/rapelli-food-truck-autonegozio.jpg\" alt=\"food truck Feinkostladen rapelli\" width=\"1280\" height=\"553\" srcset=\"https:\/\/www.vsveicolispeciali.com\/wp-content\/uploads\/2023\/03\/rapelli-food-truck-autonegozio.jpg 1280w, https:\/\/www.vsveicolispeciali.com\/wp-content\/uploads\/2023\/03\/rapelli-food-truck-autonegozio-300x130.jpg 300w, https:\/\/www.vsveicolispeciali.com\/wp-content\/uploads\/2023\/03\/rapelli-food-truck-autonegozio-1024x442.jpg 1024w, https:\/\/www.vsveicolispeciali.com\/wp-content\/uploads\/2023\/03\/rapelli-food-truck-autonegozio-768x332.jpg 768w, https:\/\/www.vsveicolispeciali.com\/wp-content\/uploads\/2023\/03\/rapelli-food-truck-autonegozio-700x302.jpg 700w\" sizes=\"(max-width: 1280px) 100vw, 1280px\" \/><\/a><\/p>\n<div class=\"video-youtube\"><iframe loading=\"lazy\" title=\"YouTube video player\" src=\"https:\/\/www.youtube.com\/embed\/YLbTbNZMx-s?controls=0\" width=\"\" height=\"\" frameborder=\"0\" allowfullscreen=\"allowfullscreen\"><\/iframe><\/div>\n<p>&nbsp;<\/p>\n<p>Rapelli hat auch einen <strong>K\u00fchlanh\u00e4nger<\/strong> erworben, der f\u00fcr die Pr\u00e4sentation frischer Produkte ausgestattet ist.<\/p>\n<p><a href=\"https:\/\/www.vsveicolispeciali.com\/wp-content\/uploads\/2022\/03\/rimorchio-refrigerato-per-street-food.jpg\"><img loading=\"lazy\" decoding=\"async\" class=\"alignnone size-full wp-image-15864\" src=\"https:\/\/www.vsveicolispeciali.com\/wp-content\/uploads\/2022\/03\/rimorchio-refrigerato-per-street-food.jpg\" alt=\"rapelli K\u00fchlanh\u00e4nger f\u00fcr streetfood\" width=\"1200\" height=\"800\" srcset=\"https:\/\/www.vsveicolispeciali.com\/wp-content\/uploads\/2022\/03\/rimorchio-refrigerato-per-street-food.jpg 1200w, https:\/\/www.vsveicolispeciali.com\/wp-content\/uploads\/2022\/03\/rimorchio-refrigerato-per-street-food-300x200.jpg 300w, https:\/\/www.vsveicolispeciali.com\/wp-content\/uploads\/2022\/03\/rimorchio-refrigerato-per-street-food-1024x683.jpg 1024w, https:\/\/www.vsveicolispeciali.com\/wp-content\/uploads\/2022\/03\/rimorchio-refrigerato-per-street-food-768x512.jpg 768w, https:\/\/www.vsveicolispeciali.com\/wp-content\/uploads\/2022\/03\/rimorchio-refrigerato-per-street-food-700x467.jpg 700w\" sizes=\"(max-width: 1200px) 100vw, 1200px\" \/><\/a><br \/>\n<strong>BRAZZALE<\/strong>, ein anderes gro\u00dfes <a href=\"http:\/\/www.vsveicolispeciali.com\/de\/milch-und-wurstwarenunternehmen-waehlen-nv-food-trucks-um-in-eine-engere-beziehung-mit-den-verbrauchern-zu-treten\/\">Molkereiunternehmen<\/a> Italiens, hat zwei Food-Trucks gekauft, von denen einer ganz der <a href=\"http:\/\/www.vsveicolispeciali.com\/de\/street-food-truck\/nv-food-truck-butterwagen-molkereiunternehmen-brazzale\/\">Butter<\/a> gewidmet ist, w\u00e4hrend sich der andere auf K\u00e4se konzentriert: ein <a href=\"http:\/\/www.vsveicolispeciali.com\/de\/street-food-truck\/kaese-food-truck-milchprodukten-brazzale-gran-moravia\/\" target=\"_blank\" rel=\"noopener\">Gastro Food-Truck<\/a>, der die Farben seines ber\u00fchmtesten Produkts, des <strong>Gran Moravia<\/strong>, tr\u00e4gt.<\/p>\n<p>&nbsp;<\/p>\n<div class=\"video-youtube\"><iframe loading=\"lazy\" title=\"YouTube video player\" src=\"https:\/\/www.youtube.com\/embed\/loudRk82GZQ?controls=0\" width=\"\" height=\"\" frameborder=\"0\" allowfullscreen=\"allowfullscreen\"><\/iframe><\/div>\n<p>&nbsp;<\/p>\n<p><a href=\"http:\/\/www.vsveicolispeciali.com\/wp-content\/uploads\/2021\/06\/realizzare-Food-Truck-che-produca-profitti-Brazzale-gran-moravia.jpg\"><img loading=\"lazy\" decoding=\"async\" class=\"alignnone size-full wp-image-14710\" src=\"http:\/\/www.vsveicolispeciali.com\/wp-content\/uploads\/2021\/06\/realizzare-Food-Truck-che-produca-profitti-Brazzale-gran-moravia.jpg\" alt=\"Imbisswagen f\u00fcr Brazzale, die ber\u00fchmte Marke f\u00fcr K\u00e4se wie Gran Moravia, Butter und Milchprodukte\" width=\"1200\" height=\"800\" srcset=\"https:\/\/www.vsveicolispeciali.com\/wp-content\/uploads\/2021\/06\/realizzare-Food-Truck-che-produca-profitti-Brazzale-gran-moravia.jpg 1200w, https:\/\/www.vsveicolispeciali.com\/wp-content\/uploads\/2021\/06\/realizzare-Food-Truck-che-produca-profitti-Brazzale-gran-moravia-300x200.jpg 300w, https:\/\/www.vsveicolispeciali.com\/wp-content\/uploads\/2021\/06\/realizzare-Food-Truck-che-produca-profitti-Brazzale-gran-moravia-1024x683.jpg 1024w, https:\/\/www.vsveicolispeciali.com\/wp-content\/uploads\/2021\/06\/realizzare-Food-Truck-che-produca-profitti-Brazzale-gran-moravia-768x512.jpg 768w, https:\/\/www.vsveicolispeciali.com\/wp-content\/uploads\/2021\/06\/realizzare-Food-Truck-che-produca-profitti-Brazzale-gran-moravia-700x467.jpg 700w\" sizes=\"(max-width: 1200px) 100vw, 1200px\" \/><\/a><\/p>\n<p>Beide wurden bei Werbetouren in Italien und im Ausland eingesetzt.<\/p>\n<p><a href=\"http:\/\/www.vsveicolispeciali.com\/de\/street-food-truck\/verkaufsfahrzeug-ape-piaggio-street-food-raspini\/\">RASPINI<\/a> e <a href=\"http:\/\/www.vsveicolispeciali.com\/de\/street-food-truck\/piaggio-verkaufswagen-fuer-street-food\/\">FARCHIONI<\/a> w\u00e4hlten den Charme der <strong>Piaggio Ape<\/strong>, um ihre Marke auf die Stra\u00dfe zu bringen und Menschen die M\u00f6glichkeit zu bieten, ihre K\u00f6stlichkeiten zu probieren.<\/p>\n<p><a href=\"https:\/\/www.vsveicolispeciali.com\/wp-content\/uploads\/2023\/03\/ape-food-farchioni.jpg\"><img loading=\"lazy\" decoding=\"async\" class=\"alignnone size-full wp-image-22006\" src=\"https:\/\/www.vsveicolispeciali.com\/wp-content\/uploads\/2023\/03\/ape-food-farchioni.jpg\" alt=\"ape food farchioni bruschette\" width=\"1200\" height=\"672\" srcset=\"https:\/\/www.vsveicolispeciali.com\/wp-content\/uploads\/2023\/03\/ape-food-farchioni.jpg 1200w, https:\/\/www.vsveicolispeciali.com\/wp-content\/uploads\/2023\/03\/ape-food-farchioni-300x168.jpg 300w, https:\/\/www.vsveicolispeciali.com\/wp-content\/uploads\/2023\/03\/ape-food-farchioni-1024x573.jpg 1024w, https:\/\/www.vsveicolispeciali.com\/wp-content\/uploads\/2023\/03\/ape-food-farchioni-768x430.jpg 768w, https:\/\/www.vsveicolispeciali.com\/wp-content\/uploads\/2023\/03\/ape-food-farchioni-700x392.jpg 700w, https:\/\/www.vsveicolispeciali.com\/wp-content\/uploads\/2023\/03\/ape-food-farchioni-539x303.jpg 539w\" sizes=\"(max-width: 1200px) 100vw, 1200px\" \/><\/a><\/p>\n<p><strong>HUGO REITZEL<\/strong>, der K\u00f6nig der Essiggurken, wirbt mit einem <a href=\"http:\/\/www.vsveicolispeciali.com\/de\/street-food-truck\/werbefahrzeug-promo-truck-fuer-promotion-und-verkostung-produkte-hugo-reitzel\/\" target=\"_blank\" rel=\"noopener\">Promo-Truck<\/a> f\u00fcr seine Produkte und bietet auf Festen, Messen und Veranstaltungen in der ganzen Schweiz Verkostungen an.<\/p>\n<p>Dies sind nur einige Beispiele daf\u00fcr, wie die <strong>Lebensmittelindustrie<\/strong> Food-Trucks f\u00fcr ihre Marketingaktivit\u00e4ten nutzen kann.<\/p>\n<p>Der Lebensmittelmarkt ist ein wettbewerbsintensiver und dynamischer Markt. Mit Foodtrucks nutzt die Lebensmittelindustrie, sowie <a href=\"https:\/\/www.vsveicolispeciali.com\/de\/welchen-nutzen-bieten-foodtrucks-fuer-einkaufszentren-und-grosse-vertriebsgruppen\/\">gro\u00dfe Vertriebsgruppen<\/a>, die M\u00f6glichkeit, <strong>direkt mit den Endkunden in Kontakt zu treten<\/strong>, was eine gro\u00dfartige Chance ist, sie kennenzulernen.<\/p>\n\n\t\t<style type=\"text\/css\">\n\t\t\t#gallery-1 {\n\t\t\t\tmargin: auto;\n\t\t\t}\n\t\t\t#gallery-1 .gallery-item {\n\t\t\t\tfloat: left;\n\t\t\t\tmargin-top: 10px;\n\t\t\t\ttext-align: center;\n\t\t\t\twidth: 33%;\n\t\t\t}\n\t\t\t#gallery-1 img {\n\t\t\t\tborder: 2px solid #cfcfcf;\n\t\t\t}\n\t\t\t#gallery-1 .gallery-caption {\n\t\t\t\tmargin-left: 0;\n\t\t\t}\n\t\t\t\/* see gallery_shortcode() in wp-includes\/media.php *\/\n\t\t<\/style>\n\t\t<div id='gallery-1' class='gallery galleryid-22372 gallery-columns-3 gallery-size-thumbnail'><dl class='gallery-item'>\n\t\t\t<dt class='gallery-icon landscape'>\n\t\t\t\t<a href='https:\/\/www.vsveicolispeciali.com\/de\/der-foodtruck-markt-in-deutschland-oesterreich-und-der-deutschschweiz\/food-truck-hugo-reitzel-sottaceti-2\/'><img loading=\"lazy\" decoding=\"async\" width=\"150\" height=\"150\" src=\"https:\/\/www.vsveicolispeciali.com\/wp-content\/uploads\/2023\/03\/food-truck-hugo-reitzel-sottaceti-150x150.jpeg\" class=\"attachment-thumbnail size-thumbnail\" alt=\"food truck hugo reitzel der K\u00f6nig der Essiggurken\" srcset=\"https:\/\/www.vsveicolispeciali.com\/wp-content\/uploads\/2023\/03\/food-truck-hugo-reitzel-sottaceti-150x150.jpeg 150w, https:\/\/www.vsveicolispeciali.com\/wp-content\/uploads\/2023\/03\/food-truck-hugo-reitzel-sottaceti-570x570.jpeg 570w, https:\/\/www.vsveicolispeciali.com\/wp-content\/uploads\/2023\/03\/food-truck-hugo-reitzel-sottaceti-500x500.jpeg 500w\" sizes=\"(max-width: 150px) 100vw, 150px\" \/><\/a>\n\t\t\t<\/dt><\/dl>\n\t\t\t<br style='clear: both' \/>\n\t\t<\/div>\n\n","protected":false},"excerpt":{"rendered":"<p>Dass Foodtrucks ein hervorragendes Marketinginstrument sind, ist nichts Neues. Die Zeiten klobiger Food-Trucks f\u00fcr M\u00e4rkte sind l\u00e4ngst vorbei. Schlecht gefertigte Produkte, die nicht den gesetzlichen Anforderungen entsprechen, gibt es immer noch viele, jedoch wurden sie von konzeptionell und qualitativ hochwertigen Produktionen v\u00f6llig in den Schatten&#8230;<\/p>\n","protected":false},"author":1001012,"featured_media":21991,"comment_status":"closed","ping_status":"open","sticky":false,"template":"","format":"gallery","meta":{"footnotes":""},"categories":[48],"tags":[264,270],"class_list":["post-22372","post","type-post","status-publish","format-gallery","has-post-thumbnail","hentry","category-non-categorizzato","tag-gastronomie-verkaufswagen","tag-promotionfahrzeuge","post_format-post-format-gallery"],"yoast_head":"<!-- This site is optimized with the Yoast SEO plugin v25.4 - https:\/\/yoast.com\/wordpress\/plugins\/seo\/ -->\n<title>Food-Trucks werten Produkte der Lebensmittelindustrie auf<\/title>\n<meta name=\"description\" content=\"Lebensmittelindustrie, Konservenhersteller, Tiefk\u00fchlkostfirmen, gro\u00dfe Lebensmitteleinzelh\u00e4ndler | FOOD-TRUCKS &gt;\" \/>\n<meta name=\"robots\" content=\"index, follow, max-snippet:-1, max-image-preview:large, max-video-preview:-1\" \/>\n<link rel=\"canonical\" href=\"https:\/\/www.vsveicolispeciali.com\/de\/food-trucks-werten-produkte-der-lebensmittelindustrie-auf\/\" \/>\n<meta property=\"og:locale\" content=\"de_DE\" \/>\n<meta property=\"og:type\" content=\"article\" \/>\n<meta property=\"og:title\" content=\"Food-Trucks werten Produkte der Lebensmittelindustrie auf\" \/>\n<meta property=\"og:description\" content=\"Lebensmittelindustrie, Konservenhersteller, Tiefk\u00fchlkostfirmen, gro\u00dfe Lebensmitteleinzelh\u00e4ndler | FOOD-TRUCKS &gt;\" \/>\n<meta property=\"og:url\" content=\"https:\/\/www.vsveicolispeciali.com\/de\/food-trucks-werten-produkte-der-lebensmittelindustrie-auf\/\" \/>\n<meta property=\"og:site_name\" content=\"VS Veicoli Speciali\" \/>\n<meta property=\"article:publisher\" content=\"https:\/\/www.facebook.com\/VSVeicoliSpeciali.Food.Trucks\/\" \/>\n<meta property=\"article:published_time\" content=\"2023-03-10T15:54:55+00:00\" \/>\n<meta property=\"article:modified_time\" content=\"2023-09-21T19:55:17+00:00\" \/>\n<meta property=\"og:image\" content=\"https:\/\/www.vsveicolispeciali.com\/wp-content\/uploads\/2023\/03\/food-truck-hugo-reitzel-sottaceti.jpeg\" \/>\n\t<meta property=\"og:image:width\" content=\"960\" \/>\n\t<meta property=\"og:image:height\" content=\"721\" \/>\n\t<meta property=\"og:image:type\" content=\"image\/jpeg\" \/>\n<meta name=\"author\" content=\"VS Veicoli Speciali\" \/>\n<meta name=\"twitter:card\" content=\"summary_large_image\" \/>\n<meta name=\"twitter:creator\" content=\"@veicolispeciali\" \/>\n<meta name=\"twitter:site\" content=\"@veicolispeciali\" \/>\n<meta name=\"twitter:label1\" content=\"Verfasst von\" \/>\n\t<meta name=\"twitter:data1\" content=\"VS Veicoli Speciali\" \/>\n\t<meta name=\"twitter:label2\" content=\"Gesch\u00e4tzte Lesezeit\" \/>\n\t<meta name=\"twitter:data2\" content=\"5\u00a0Minuten\" \/>\n<script type=\"application\/ld+json\" class=\"yoast-schema-graph\">{\"@context\":\"https:\/\/schema.org\",\"@graph\":[{\"@type\":\"Article\",\"@id\":\"https:\/\/www.vsveicolispeciali.com\/de\/food-trucks-werten-produkte-der-lebensmittelindustrie-auf\/#article\",\"isPartOf\":{\"@id\":\"https:\/\/www.vsveicolispeciali.com\/de\/food-trucks-werten-produkte-der-lebensmittelindustrie-auf\/\"},\"author\":{\"name\":\"VS Veicoli Speciali\",\"@id\":\"https:\/\/www.vsveicolispeciali.com\/de\/#\/schema\/person\/1241826d792bde4333b3db1395b12be9\"},\"headline\":\"Food-Trucks werten Produkte der Lebensmittelindustrie auf\",\"datePublished\":\"2023-03-10T15:54:55+00:00\",\"dateModified\":\"2023-09-21T19:55:17+00:00\",\"mainEntityOfPage\":{\"@id\":\"https:\/\/www.vsveicolispeciali.com\/de\/food-trucks-werten-produkte-der-lebensmittelindustrie-auf\/\"},\"wordCount\":669,\"publisher\":{\"@id\":\"https:\/\/www.vsveicolispeciali.com\/de\/#organization\"},\"image\":{\"@id\":\"https:\/\/www.vsveicolispeciali.com\/de\/food-trucks-werten-produkte-der-lebensmittelindustrie-auf\/#primaryimage\"},\"thumbnailUrl\":\"https:\/\/www.vsveicolispeciali.com\/wp-content\/uploads\/2023\/03\/food-truck-hugo-reitzel-sottaceti.jpeg\",\"keywords\":[\"gastronomie verkaufswagen\",\"promotionfahrzeuge\"],\"articleSection\":[\"Non categorizzato\"],\"inLanguage\":\"de\"},{\"@type\":\"WebPage\",\"@id\":\"https:\/\/www.vsveicolispeciali.com\/de\/food-trucks-werten-produkte-der-lebensmittelindustrie-auf\/\",\"url\":\"https:\/\/www.vsveicolispeciali.com\/de\/food-trucks-werten-produkte-der-lebensmittelindustrie-auf\/\",\"name\":\"Food-Trucks werten Produkte der Lebensmittelindustrie auf\",\"isPartOf\":{\"@id\":\"https:\/\/www.vsveicolispeciali.com\/de\/#website\"},\"primaryImageOfPage\":{\"@id\":\"https:\/\/www.vsveicolispeciali.com\/de\/food-trucks-werten-produkte-der-lebensmittelindustrie-auf\/#primaryimage\"},\"image\":{\"@id\":\"https:\/\/www.vsveicolispeciali.com\/de\/food-trucks-werten-produkte-der-lebensmittelindustrie-auf\/#primaryimage\"},\"thumbnailUrl\":\"https:\/\/www.vsveicolispeciali.com\/wp-content\/uploads\/2023\/03\/food-truck-hugo-reitzel-sottaceti.jpeg\",\"datePublished\":\"2023-03-10T15:54:55+00:00\",\"dateModified\":\"2023-09-21T19:55:17+00:00\",\"description\":\"Lebensmittelindustrie, Konservenhersteller, Tiefk\u00fchlkostfirmen, gro\u00dfe Lebensmitteleinzelh\u00e4ndler | FOOD-TRUCKS >\",\"breadcrumb\":{\"@id\":\"https:\/\/www.vsveicolispeciali.com\/de\/food-trucks-werten-produkte-der-lebensmittelindustrie-auf\/#breadcrumb\"},\"inLanguage\":\"de\",\"potentialAction\":[{\"@type\":\"ReadAction\",\"target\":[\"https:\/\/www.vsveicolispeciali.com\/de\/food-trucks-werten-produkte-der-lebensmittelindustrie-auf\/\"]}]},{\"@type\":\"ImageObject\",\"inLanguage\":\"de\",\"@id\":\"https:\/\/www.vsveicolispeciali.com\/de\/food-trucks-werten-produkte-der-lebensmittelindustrie-auf\/#primaryimage\",\"url\":\"https:\/\/www.vsveicolispeciali.com\/wp-content\/uploads\/2023\/03\/food-truck-hugo-reitzel-sottaceti.jpeg\",\"contentUrl\":\"https:\/\/www.vsveicolispeciali.com\/wp-content\/uploads\/2023\/03\/food-truck-hugo-reitzel-sottaceti.jpeg\",\"width\":960,\"height\":721,\"caption\":\"food truck hugo reitzel der K\u00f6nig der Essiggurken\"},{\"@type\":\"BreadcrumbList\",\"@id\":\"https:\/\/www.vsveicolispeciali.com\/de\/food-trucks-werten-produkte-der-lebensmittelindustrie-auf\/#breadcrumb\",\"itemListElement\":[{\"@type\":\"ListItem\",\"position\":1,\"name\":\"Home\",\"item\":\"https:\/\/www.vsveicolispeciali.com\/de\/\"},{\"@type\":\"ListItem\",\"position\":2,\"name\":\"Food-Trucks werten Produkte der Lebensmittelindustrie auf\"}]},{\"@type\":\"WebSite\",\"@id\":\"https:\/\/www.vsveicolispeciali.com\/de\/#website\",\"url\":\"https:\/\/www.vsveicolispeciali.com\/de\/\",\"name\":\"VS Veicoli Speciali\",\"description\":\"\",\"publisher\":{\"@id\":\"https:\/\/www.vsveicolispeciali.com\/de\/#organization\"},\"potentialAction\":[{\"@type\":\"SearchAction\",\"target\":{\"@type\":\"EntryPoint\",\"urlTemplate\":\"https:\/\/www.vsveicolispeciali.com\/de\/?s={search_term_string}\"},\"query-input\":{\"@type\":\"PropertyValueSpecification\",\"valueRequired\":true,\"valueName\":\"search_term_string\"}}],\"inLanguage\":\"de\"},{\"@type\":\"Organization\",\"@id\":\"https:\/\/www.vsveicolispeciali.com\/de\/#organization\",\"name\":\"VS Veicoli Speciali\",\"url\":\"https:\/\/www.vsveicolispeciali.com\/de\/\",\"logo\":{\"@type\":\"ImageObject\",\"inLanguage\":\"de\",\"@id\":\"https:\/\/www.vsveicolispeciali.com\/de\/#\/schema\/logo\/image\/\",\"url\":\"http:\/\/www.vsveicolispeciali.com\/wp-content\/uploads\/2015\/05\/vs_veicoli_speciali-logo.png\",\"contentUrl\":\"http:\/\/www.vsveicolispeciali.com\/wp-content\/uploads\/2015\/05\/vs_veicoli_speciali-logo.png\",\"width\":252,\"height\":134,\"caption\":\"VS Veicoli Speciali\"},\"image\":{\"@id\":\"https:\/\/www.vsveicolispeciali.com\/de\/#\/schema\/logo\/image\/\"},\"sameAs\":[\"https:\/\/www.facebook.com\/VSVeicoliSpeciali.Food.Trucks\/\",\"https:\/\/x.com\/veicolispeciali\",\"https:\/\/www.instagram.com\/vs_veicolispeciali\/\",\"https:\/\/www.linkedin.com\/company\/2811960\/\",\"https:\/\/www.pinterest.com\/streetfoodtruck\/\",\"https:\/\/www.youtube.com\/user\/veicolispeciali\"]},{\"@type\":\"Person\",\"@id\":\"https:\/\/www.vsveicolispeciali.com\/de\/#\/schema\/person\/1241826d792bde4333b3db1395b12be9\",\"name\":\"VS Veicoli Speciali\",\"image\":{\"@type\":\"ImageObject\",\"inLanguage\":\"de\",\"@id\":\"https:\/\/www.vsveicolispeciali.com\/de\/#\/schema\/person\/image\/\",\"url\":\"https:\/\/secure.gravatar.com\/avatar\/4ea93278e71ba140dbbbfb5d34409507?s=96&d=mm&r=g\",\"contentUrl\":\"https:\/\/secure.gravatar.com\/avatar\/4ea93278e71ba140dbbbfb5d34409507?s=96&d=mm&r=g\",\"caption\":\"VS Veicoli Speciali\"}}]}<\/script>\n<!-- \/ Yoast SEO plugin. -->","yoast_head_json":{"title":"Food-Trucks werten Produkte der Lebensmittelindustrie auf","description":"Lebensmittelindustrie, Konservenhersteller, Tiefk\u00fchlkostfirmen, gro\u00dfe Lebensmitteleinzelh\u00e4ndler | FOOD-TRUCKS >","robots":{"index":"index","follow":"follow","max-snippet":"max-snippet:-1","max-image-preview":"max-image-preview:large","max-video-preview":"max-video-preview:-1"},"canonical":"https:\/\/www.vsveicolispeciali.com\/de\/food-trucks-werten-produkte-der-lebensmittelindustrie-auf\/","og_locale":"de_DE","og_type":"article","og_title":"Food-Trucks werten Produkte der Lebensmittelindustrie auf","og_description":"Lebensmittelindustrie, Konservenhersteller, Tiefk\u00fchlkostfirmen, gro\u00dfe Lebensmitteleinzelh\u00e4ndler | FOOD-TRUCKS >","og_url":"https:\/\/www.vsveicolispeciali.com\/de\/food-trucks-werten-produkte-der-lebensmittelindustrie-auf\/","og_site_name":"VS Veicoli Speciali","article_publisher":"https:\/\/www.facebook.com\/VSVeicoliSpeciali.Food.Trucks\/","article_published_time":"2023-03-10T15:54:55+00:00","article_modified_time":"2023-09-21T19:55:17+00:00","og_image":[{"width":960,"height":721,"url":"https:\/\/www.vsveicolispeciali.com\/wp-content\/uploads\/2023\/03\/food-truck-hugo-reitzel-sottaceti.jpeg","type":"image\/jpeg"}],"author":"VS Veicoli Speciali","twitter_card":"summary_large_image","twitter_creator":"@veicolispeciali","twitter_site":"@veicolispeciali","twitter_misc":{"Verfasst von":"VS Veicoli Speciali","Gesch\u00e4tzte Lesezeit":"5\u00a0Minuten"},"schema":{"@context":"https:\/\/schema.org","@graph":[{"@type":"Article","@id":"https:\/\/www.vsveicolispeciali.com\/de\/food-trucks-werten-produkte-der-lebensmittelindustrie-auf\/#article","isPartOf":{"@id":"https:\/\/www.vsveicolispeciali.com\/de\/food-trucks-werten-produkte-der-lebensmittelindustrie-auf\/"},"author":{"name":"VS Veicoli Speciali","@id":"https:\/\/www.vsveicolispeciali.com\/de\/#\/schema\/person\/1241826d792bde4333b3db1395b12be9"},"headline":"Food-Trucks werten Produkte der Lebensmittelindustrie auf","datePublished":"2023-03-10T15:54:55+00:00","dateModified":"2023-09-21T19:55:17+00:00","mainEntityOfPage":{"@id":"https:\/\/www.vsveicolispeciali.com\/de\/food-trucks-werten-produkte-der-lebensmittelindustrie-auf\/"},"wordCount":669,"publisher":{"@id":"https:\/\/www.vsveicolispeciali.com\/de\/#organization"},"image":{"@id":"https:\/\/www.vsveicolispeciali.com\/de\/food-trucks-werten-produkte-der-lebensmittelindustrie-auf\/#primaryimage"},"thumbnailUrl":"https:\/\/www.vsveicolispeciali.com\/wp-content\/uploads\/2023\/03\/food-truck-hugo-reitzel-sottaceti.jpeg","keywords":["gastronomie verkaufswagen","promotionfahrzeuge"],"articleSection":["Non categorizzato"],"inLanguage":"de"},{"@type":"WebPage","@id":"https:\/\/www.vsveicolispeciali.com\/de\/food-trucks-werten-produkte-der-lebensmittelindustrie-auf\/","url":"https:\/\/www.vsveicolispeciali.com\/de\/food-trucks-werten-produkte-der-lebensmittelindustrie-auf\/","name":"Food-Trucks werten Produkte der Lebensmittelindustrie auf","isPartOf":{"@id":"https:\/\/www.vsveicolispeciali.com\/de\/#website"},"primaryImageOfPage":{"@id":"https:\/\/www.vsveicolispeciali.com\/de\/food-trucks-werten-produkte-der-lebensmittelindustrie-auf\/#primaryimage"},"image":{"@id":"https:\/\/www.vsveicolispeciali.com\/de\/food-trucks-werten-produkte-der-lebensmittelindustrie-auf\/#primaryimage"},"thumbnailUrl":"https:\/\/www.vsveicolispeciali.com\/wp-content\/uploads\/2023\/03\/food-truck-hugo-reitzel-sottaceti.jpeg","datePublished":"2023-03-10T15:54:55+00:00","dateModified":"2023-09-21T19:55:17+00:00","description":"Lebensmittelindustrie, Konservenhersteller, Tiefk\u00fchlkostfirmen, gro\u00dfe Lebensmitteleinzelh\u00e4ndler | FOOD-TRUCKS >","breadcrumb":{"@id":"https:\/\/www.vsveicolispeciali.com\/de\/food-trucks-werten-produkte-der-lebensmittelindustrie-auf\/#breadcrumb"},"inLanguage":"de","potentialAction":[{"@type":"ReadAction","target":["https:\/\/www.vsveicolispeciali.com\/de\/food-trucks-werten-produkte-der-lebensmittelindustrie-auf\/"]}]},{"@type":"ImageObject","inLanguage":"de","@id":"https:\/\/www.vsveicolispeciali.com\/de\/food-trucks-werten-produkte-der-lebensmittelindustrie-auf\/#primaryimage","url":"https:\/\/www.vsveicolispeciali.com\/wp-content\/uploads\/2023\/03\/food-truck-hugo-reitzel-sottaceti.jpeg","contentUrl":"https:\/\/www.vsveicolispeciali.com\/wp-content\/uploads\/2023\/03\/food-truck-hugo-reitzel-sottaceti.jpeg","width":960,"height":721,"caption":"food truck hugo reitzel der K\u00f6nig der Essiggurken"},{"@type":"BreadcrumbList","@id":"https:\/\/www.vsveicolispeciali.com\/de\/food-trucks-werten-produkte-der-lebensmittelindustrie-auf\/#breadcrumb","itemListElement":[{"@type":"ListItem","position":1,"name":"Home","item":"https:\/\/www.vsveicolispeciali.com\/de\/"},{"@type":"ListItem","position":2,"name":"Food-Trucks werten Produkte der Lebensmittelindustrie auf"}]},{"@type":"WebSite","@id":"https:\/\/www.vsveicolispeciali.com\/de\/#website","url":"https:\/\/www.vsveicolispeciali.com\/de\/","name":"VS Veicoli Speciali","description":"","publisher":{"@id":"https:\/\/www.vsveicolispeciali.com\/de\/#organization"},"potentialAction":[{"@type":"SearchAction","target":{"@type":"EntryPoint","urlTemplate":"https:\/\/www.vsveicolispeciali.com\/de\/?s={search_term_string}"},"query-input":{"@type":"PropertyValueSpecification","valueRequired":true,"valueName":"search_term_string"}}],"inLanguage":"de"},{"@type":"Organization","@id":"https:\/\/www.vsveicolispeciali.com\/de\/#organization","name":"VS Veicoli Speciali","url":"https:\/\/www.vsveicolispeciali.com\/de\/","logo":{"@type":"ImageObject","inLanguage":"de","@id":"https:\/\/www.vsveicolispeciali.com\/de\/#\/schema\/logo\/image\/","url":"http:\/\/www.vsveicolispeciali.com\/wp-content\/uploads\/2015\/05\/vs_veicoli_speciali-logo.png","contentUrl":"http:\/\/www.vsveicolispeciali.com\/wp-content\/uploads\/2015\/05\/vs_veicoli_speciali-logo.png","width":252,"height":134,"caption":"VS Veicoli Speciali"},"image":{"@id":"https:\/\/www.vsveicolispeciali.com\/de\/#\/schema\/logo\/image\/"},"sameAs":["https:\/\/www.facebook.com\/VSVeicoliSpeciali.Food.Trucks\/","https:\/\/x.com\/veicolispeciali","https:\/\/www.instagram.com\/vs_veicolispeciali\/","https:\/\/www.linkedin.com\/company\/2811960\/","https:\/\/www.pinterest.com\/streetfoodtruck\/","https:\/\/www.youtube.com\/user\/veicolispeciali"]},{"@type":"Person","@id":"https:\/\/www.vsveicolispeciali.com\/de\/#\/schema\/person\/1241826d792bde4333b3db1395b12be9","name":"VS Veicoli Speciali","image":{"@type":"ImageObject","inLanguage":"de","@id":"https:\/\/www.vsveicolispeciali.com\/de\/#\/schema\/person\/image\/","url":"https:\/\/secure.gravatar.com\/avatar\/4ea93278e71ba140dbbbfb5d34409507?s=96&d=mm&r=g","contentUrl":"https:\/\/secure.gravatar.com\/avatar\/4ea93278e71ba140dbbbfb5d34409507?s=96&d=mm&r=g","caption":"VS Veicoli Speciali"}}]}},"_links":{"self":[{"href":"https:\/\/www.vsveicolispeciali.com\/de\/wp-json\/wp\/v2\/posts\/22372"}],"collection":[{"href":"https:\/\/www.vsveicolispeciali.com\/de\/wp-json\/wp\/v2\/posts"}],"about":[{"href":"https:\/\/www.vsveicolispeciali.com\/de\/wp-json\/wp\/v2\/types\/post"}],"author":[{"embeddable":true,"href":"https:\/\/www.vsveicolispeciali.com\/de\/wp-json\/wp\/v2\/users\/1001012"}],"replies":[{"embeddable":true,"href":"https:\/\/www.vsveicolispeciali.com\/de\/wp-json\/wp\/v2\/comments?post=22372"}],"version-history":[{"count":4,"href":"https:\/\/www.vsveicolispeciali.com\/de\/wp-json\/wp\/v2\/posts\/22372\/revisions"}],"predecessor-version":[{"id":24433,"href":"https:\/\/www.vsveicolispeciali.com\/de\/wp-json\/wp\/v2\/posts\/22372\/revisions\/24433"}],"wp:featuredmedia":[{"embeddable":true,"href":"https:\/\/www.vsveicolispeciali.com\/de\/wp-json\/wp\/v2\/media\/21991"}],"wp:attachment":[{"href":"https:\/\/www.vsveicolispeciali.com\/de\/wp-json\/wp\/v2\/media?parent=22372"}],"wp:term":[{"taxonomy":"category","embeddable":true,"href":"https:\/\/www.vsveicolispeciali.com\/de\/wp-json\/wp\/v2\/categories?post=22372"},{"taxonomy":"post_tag","embeddable":true,"href":"https:\/\/www.vsveicolispeciali.com\/de\/wp-json\/wp\/v2\/tags?post=22372"}],"curies":[{"name":"wp","href":"https:\/\/api.w.org\/{rel}","templated":true}]}}