{"id":15053,"date":"2021-09-10T22:10:15","date_gmt":"2021-09-10T20:10:15","guid":{"rendered":"http:\/\/vsveicolispeciali.com\/yorann-vandriessche-french-chef-michelin-star-restaurant-2-food-trucks\/"},"modified":"2025-08-09T22:26:01","modified_gmt":"2025-08-09T20:26:01","slug":"yorann-vandriessche-franzoesischer-koch-michelin-stern-restaurant-2-food-trucks","status":"publish","type":"post","link":"https:\/\/www.vsveicolispeciali.com\/de\/yorann-vandriessche-franzoesischer-koch-michelin-stern-restaurant-2-food-trucks\/","title":{"rendered":"Yorann Vandriessche &#8211; Franz\u00f6sischer Koch mit 1 Michelin-Stern, 1 Restaurant und 2 Food Trucks"},"content":{"rendered":"<p>Dass die <strong>franz\u00f6sische K\u00fcche<\/strong> un\u00fcbertrefflich ist, ist altbekannt. Dank ihrer Experimentierfreudigkeit hat sie es geschafft, ihre kulinarischen Traditionen stets zu erneuern und am Leben zu erhalten.<\/p>\n<p><strong>F\u00fcr einen K\u00fcchenchef und sein Restaurant z\u00e4hlt nicht nur die Qualit\u00e4t der Gerichte<\/strong>. Er muss auch in der Lage sein, sein Gesch\u00e4ft zu f\u00f6rdern, seine Leidenschaft f\u00fcr das Kochen mitzuteilen und eine wahre und faszinierende Geschichte zu erz\u00e4hlen, Vertrauen zu schaffen und die Neugier der Kunden zu wecken.<\/p>\n<p><strong>Yorann Vandriessche<\/strong>, ein gro\u00dfartiger Koch der franz\u00f6sischen K\u00fcste, wei\u00df das gut.<\/p>\n<p>1998 hat er in Gruson (Lille), im Norden Frankreichs, die <em>Taverne de l&#8217;Arbre<\/em> er\u00f6ffnet, <strong>die sich mit traditionellen lokalen Gerichten einen Namen geschaffen hat<\/strong>. Das gastronomische Angebot der Taverne wurde dann erweitert, bis ein Restaurant mit anspruchsvolleren kulinarischen Vorschl\u00e4gen entstand: Das <em>Restaurant l&#8217;Arbre<\/em>.<\/p>\n<p>Im Laufe der Jahre hat sich <strong>das Restaurant mit Hilfe von Yoranns Frau B\u00e9n\u00e9dicte etabliert<\/strong>. Sein Markenzeichen waren saisonale Produkte und wahrhaftige Aromen in Kontinuit\u00e4t mit der Vergangenheit, und zugleich Offenheit f\u00fcr neue Ideen und Experimente.<\/p>\n<p>&nbsp;<br \/>\n<a href=\"https:\/\/vsveicolispeciali.com\/wp-content\/uploads\/2021\/09\/Yorann-Benedicte-restaurant-michelin.jpg\"><img loading=\"lazy\" decoding=\"async\" class=\"alignleft size-full wp-image-15011\" src=\"https:\/\/vsveicolispeciali.com\/wp-content\/uploads\/2021\/09\/Yorann-Benedicte-restaurant-michelin.jpg\" alt=\"Sternekoch Yorann Vandriessche mit seiner Frau Benedicte im neuen 1 Michelin Sterne Restaurant\" width=\"810\" height=\"540\" srcset=\"https:\/\/www.vsveicolispeciali.com\/wp-content\/uploads\/2021\/09\/Yorann-Benedicte-restaurant-michelin.jpg 810w, https:\/\/www.vsveicolispeciali.com\/wp-content\/uploads\/2021\/09\/Yorann-Benedicte-restaurant-michelin-300x200.jpg 300w, https:\/\/www.vsveicolispeciali.com\/wp-content\/uploads\/2021\/09\/Yorann-Benedicte-restaurant-michelin-768x512.jpg 768w, https:\/\/www.vsveicolispeciali.com\/wp-content\/uploads\/2021\/09\/Yorann-Benedicte-restaurant-michelin-700x467.jpg 700w\" sizes=\"(max-width: 810px) 100vw, 810px\" \/><\/a><br \/>\n&nbsp;<\/p>\n<p>Der langsame Weg von der regionalen K\u00fcche zur Gastronomie auf hohem Niveau stellte sowohl die alten als auch die neuen Kunden zufrieden und wurde im M\u00e4rz 2010 mit einem <strong>Bib Gourmand im Guide Michelin gekr\u00f6nt<\/strong>.<\/p>\n<p><strong>2012 kam auch der erste Michelin-Stern<\/strong> dazu. Von diesem Moment an machte der Ruf des Restaurants eindeutig einen weiteren Schritt nach oben. Yorann h\u00e4tten auf seinen Lorbeeren sitzen bleiben k\u00f6nnen, stattdessen verkaufte er das Restaurant und g\u00f6nnte sich eine Auszeit zusammen mit seiner Frau, auf der Suche nach einem neuen Abenteuer und einer neuen Herausforderung.<\/p>\n<p>Im Mai 2018, w\u00e4hrend eines Spaziergangs in Le Lavandou, im S\u00fcdosten Frankreichs (D\u00e9partement Var), stie\u00df das eng verbundene Gastronomenpaar auf den perfekten Ort f\u00fcr ein neues Restaurant: <strong>L&#8217;Arbre au Soleil<\/strong>.<\/p>\n<p>Neben einer herrlichen Aussicht auf den Hafen von Lavandou bietet das Restaurant Fischgerichte und eine au\u00dfergew\u00f6hnliche kulinarische Reise durch die mediterrane Kochtradition.<\/p>\n<p>&nbsp;<br \/>\n<a href=\"https:\/\/vsveicolispeciali.com\/wp-content\/uploads\/2021\/09\/restaurant-l-arbre-au-soleil-lavandou.jpg\"><img loading=\"lazy\" decoding=\"async\" class=\"alignleft size-full wp-image-15016\" src=\"https:\/\/vsveicolispeciali.com\/wp-content\/uploads\/2021\/09\/restaurant-l-arbre-au-soleil-lavandou.jpg\" alt=\"Panoramaterrasse mit Blick auf den Hafen von Le Lavandou des Restaurants Arbre au Soleil in Frankreich in der Region Var\" width=\"810\" height=\"519\" srcset=\"https:\/\/www.vsveicolispeciali.com\/wp-content\/uploads\/2021\/09\/restaurant-l-arbre-au-soleil-lavandou.jpg 810w, https:\/\/www.vsveicolispeciali.com\/wp-content\/uploads\/2021\/09\/restaurant-l-arbre-au-soleil-lavandou-300x192.jpg 300w, https:\/\/www.vsveicolispeciali.com\/wp-content\/uploads\/2021\/09\/restaurant-l-arbre-au-soleil-lavandou-768x492.jpg 768w, https:\/\/www.vsveicolispeciali.com\/wp-content\/uploads\/2021\/09\/restaurant-l-arbre-au-soleil-lavandou-700x449.jpg 700w\" sizes=\"(max-width: 810px) 100vw, 810px\" \/><\/a><br \/>\n&nbsp;<\/p>\n<p>Der Michelin-Stern w\u00fcrde ausreichen, um durch einfache Mundpropaganda die Neugier von Reisenden und lokalen Feinschmeckern zu wecken. Das Restaurant war auf Anhieb ein Erfolg, aber <strong>Yorann ist nicht nur ein Sternekoch<\/strong>, sondern auch ein Unternehmer, der erkannte, dass seine Kunst und sein Namen einen noch weiteren Horizont verdient hatten.<\/p>\n<p>So entstand Street ArBre, mit zwei <a href=\"https:\/\/vsveicolispeciali.com\/de\/verkaufswagen-kaufen\/food-truck-imbisswagen-kosten\/\" target=\"_blank\" rel=\"noopener\">Food Trucks<\/a> und dem Wunsch, die Chancen einer sich bewegenden K\u00fcche zu nutzen.<\/p>\n<p>&nbsp;&nbsp;<\/p>\n<h2>Hochwertige Food Trucks und Haute Cuisine f\u00fcr unterwegs<\/h2>\n<p>&nbsp;<\/p>\n<p>Wie in ganz Europa, ist Street Food auch in Frankreich aufgrund der vielen Gesch\u00e4ftsm\u00f6glichkeiten und der damit verbundenen Vorteile ein wachsender Sektor.<\/p>\n<p>Ein <strong>Food Truck<\/strong> erreicht ein breites Publikum potenzieller Kunden in verschiedensten Bereichen, verkauft hohe Produktmengen und erzielt eine sofortige Image-Rendite.<\/p>\n<p>&nbsp;<br \/>\n<a href=\"https:\/\/vsveicolispeciali.com\/wp-content\/uploads\/2021\/09\/ape-v-curve-etoile-street-food.jpg\"><img loading=\"lazy\" decoding=\"async\" class=\"alignleft size-full wp-image-15021\" src=\"https:\/\/vsveicolispeciali.com\/wp-content\/uploads\/2021\/09\/ape-v-curve-etoile-street-food.jpg\" alt=\"Piaggio Food Van gebaut f\u00fcr den franz\u00f6sischen Sternekoch Yorann\" width=\"810\" height=\"659\" srcset=\"https:\/\/www.vsveicolispeciali.com\/wp-content\/uploads\/2021\/09\/ape-v-curve-etoile-street-food.jpg 810w, https:\/\/www.vsveicolispeciali.com\/wp-content\/uploads\/2021\/09\/ape-v-curve-etoile-street-food-300x244.jpg 300w, https:\/\/www.vsveicolispeciali.com\/wp-content\/uploads\/2021\/09\/ape-v-curve-etoile-street-food-768x625.jpg 768w, https:\/\/www.vsveicolispeciali.com\/wp-content\/uploads\/2021\/09\/ape-v-curve-etoile-street-food-700x570.jpg 700w\" sizes=\"(max-width: 810px) 100vw, 810px\" \/><\/a><br \/>\n&nbsp;<\/p>\n<p>Dar\u00fcber hinaus <strong>erreicht er abgelegene Orte und kleine St\u00e4dte<\/strong>, die sonst kaum Zugang zu Angeboten dieser Art h\u00e4tten und die die kulinarischen K\u00f6stlichkeiten mit Begeisterung und gro\u00dfer Neugier begr\u00fc\u00dfen.<\/p>\n<p><strong>Yorann Vandriessche<\/strong> hat zwei sehr unterschiedliche Food Trucks gekauft, die sich in gewisser Weise erg\u00e4nzen: Sie machen seine K\u00fcche einem breiteren Publikum zug\u00e4nglich und werben gleichzeitig f\u00fcr das <a href=\"https:\/\/larbreausoleil.com\/\" target=\"_blank\" rel=\"noopener\">Restaurant<\/a>.<\/p>\n<p>Ein wundersch\u00f6ner NV Food Truck und eine fabelhafte Ape V-Curve im Vintage-Stil sind die mobilen Ableger der kulinarischen Kunst von Yorann in Street Food-Version.<\/p>\n<p>&nbsp;<br \/>\n<a href=\"https:\/\/vsveicolispeciali.com\/wp-content\/uploads\/2021\/09\/nv-food-truck-food-catering-service.jpg\"><img loading=\"lazy\" decoding=\"async\" class=\"alignleft size-full wp-image-15025\" src=\"https:\/\/vsveicolispeciali.com\/wp-content\/uploads\/2021\/09\/nv-food-truck-food-catering-service.jpg\" alt=\"nv Food Truck Catering Service und Street Food in der N\u00e4he an der C\u00f4te d'Azur und in Bormes Les Mimosas\" width=\"810\" height=\"511\" srcset=\"https:\/\/www.vsveicolispeciali.com\/wp-content\/uploads\/2021\/09\/nv-food-truck-food-catering-service.jpg 810w, https:\/\/www.vsveicolispeciali.com\/wp-content\/uploads\/2021\/09\/nv-food-truck-food-catering-service-300x189.jpg 300w, https:\/\/www.vsveicolispeciali.com\/wp-content\/uploads\/2021\/09\/nv-food-truck-food-catering-service-768x485.jpg 768w, https:\/\/www.vsveicolispeciali.com\/wp-content\/uploads\/2021\/09\/nv-food-truck-food-catering-service-700x442.jpg 700w\" sizes=\"(max-width: 810px) 100vw, 810px\" \/><\/a><br \/>\n&nbsp;<\/p>\n<p>Spezialisiert auf <strong>fahrende Gastronomie und Veranstaltungen in Villen<\/strong>, bieten die beiden Food Trucks\u00a0 die unverkennbaren Rezepte des Sternekochs f\u00fcr den Verkauf zum Mitnehmen und einen Catering-Service der Spitzenklasse. F\u00fcr die Bewohner der Gegend ein <strong>\u00f6rtlicher Service<\/strong> der speziellen Art: Etoile Street Food.<\/p>\n<p>&nbsp;<\/p>\n<div style=\"padding: 56.25% 0 0 0; position: relative;\"><iframe style=\"position: absolute; top: 0; left: 0; width: 100%; height: 100%;\" title=\"NV Food Truck | Street ArBre | Gastronomie Nomade France\" src=\"https:\/\/player.vimeo.com\/video\/560814577?badge=0&amp;autopause=0&amp;player_id=0&amp;app_id=58479&amp;h=63ccc8be4c\" frameborder=\"0\" allowfullscreen=\"allowfullscreen\"><\/iframe><\/div>\n<p><script src=\"https:\/\/player.vimeo.com\/api\/player.js\"><\/script><\/p>\n<p>&nbsp;<\/p>\n<p>Die beiden sorgf\u00e4ltig ausgestatteten Food Trucks bieten ihre Leckereien im wundersch\u00f6nen mittelalterlichen Dorf <strong>Bormes Les Mimosas<\/strong> an.<\/p>\n<p>Oftmals lernen die vielen Touristen, die durch die Stadt schlendern, das Restaurant dank dieser Fahrzeuge kennen.<\/p>\n<p>&nbsp;<br \/>\n<a href=\"https:\/\/vsveicolispeciali.com\/wp-content\/uploads\/2021\/09\/food-truck-promozionale-ristorante-larbre-au-soleil.jpg\"><img loading=\"lazy\" decoding=\"async\" class=\"alignleft size-full wp-image-15030\" src=\"https:\/\/vsveicolispeciali.com\/wp-content\/uploads\/2021\/09\/food-truck-promozionale-ristorante-larbre-au-soleil.jpg\" alt=\"Werbe-Foodtruck f\u00fcr das Restaurant l'Arbre au Soleil im Hafen von Le Lavandou in Frankreich\" width=\"810\" height=\"608\" srcset=\"https:\/\/www.vsveicolispeciali.com\/wp-content\/uploads\/2021\/09\/food-truck-promozionale-ristorante-larbre-au-soleil.jpg 810w, https:\/\/www.vsveicolispeciali.com\/wp-content\/uploads\/2021\/09\/food-truck-promozionale-ristorante-larbre-au-soleil-300x225.jpg 300w, https:\/\/www.vsveicolispeciali.com\/wp-content\/uploads\/2021\/09\/food-truck-promozionale-ristorante-larbre-au-soleil-768x576.jpg 768w, https:\/\/www.vsveicolispeciali.com\/wp-content\/uploads\/2021\/09\/food-truck-promozionale-ristorante-larbre-au-soleil-800x600.jpg 800w, https:\/\/www.vsveicolispeciali.com\/wp-content\/uploads\/2021\/09\/food-truck-promozionale-ristorante-larbre-au-soleil-700x525.jpg 700w\" sizes=\"(max-width: 810px) 100vw, 810px\" \/><\/a><br \/>\n&nbsp;<\/p>\n<p>Man spricht von <strong>Street Marketing oder unkonventionellem Marketing<\/strong>, aber im Grunde ist Yoranns Strategie lediglich intelligente, moderne Kommunikation. In anderen Worten, StreetArbre.<\/p>\n\n\t\t<style type=\"text\/css\">\n\t\t\t#gallery-1 {\n\t\t\t\tmargin: auto;\n\t\t\t}\n\t\t\t#gallery-1 .gallery-item {\n\t\t\t\tfloat: left;\n\t\t\t\tmargin-top: 10px;\n\t\t\t\ttext-align: center;\n\t\t\t\twidth: 33%;\n\t\t\t}\n\t\t\t#gallery-1 img {\n\t\t\t\tborder: 2px solid #cfcfcf;\n\t\t\t}\n\t\t\t#gallery-1 .gallery-caption {\n\t\t\t\tmargin-left: 0;\n\t\t\t}\n\t\t\t\/* see gallery_shortcode() in wp-includes\/media.php *\/\n\t\t<\/style>\n\t\t<div id='gallery-1' class='gallery galleryid-15053 gallery-columns-3 gallery-size-thumbnail'><dl class='gallery-item'>\n\t\t\t<dt class='gallery-icon landscape'>\n\t\t\t\t<a href='https:\/\/www.vsveicolispeciali.com\/de\/yorann-vandriessche-chef-michelin-star-2\/'><img loading=\"lazy\" decoding=\"async\" width=\"150\" height=\"150\" src=\"https:\/\/www.vsveicolispeciali.com\/wp-content\/uploads\/2021\/09\/Yorann-Vandriessche-Chef-michelin-star-1-150x150.jpg\" class=\"attachment-thumbnail size-thumbnail\" alt=\"Yorann Vandriessche Chef francese con 1 stella michelin e un ristorante in riviera\" srcset=\"https:\/\/www.vsveicolispeciali.com\/wp-content\/uploads\/2021\/09\/Yorann-Vandriessche-Chef-michelin-star-1-150x150.jpg 150w, https:\/\/www.vsveicolispeciali.com\/wp-content\/uploads\/2021\/09\/Yorann-Vandriessche-Chef-michelin-star-1-500x500.jpg 500w\" sizes=\"(max-width: 150px) 100vw, 150px\" \/><\/a>\n\t\t\t<\/dt><\/dl>\n\t\t\t<br style='clear: both' \/>\n\t\t<\/div>\n\n<p>&nbsp;<\/p>\n","protected":false},"excerpt":{"rendered":"<p>Dass die franz\u00f6sische K\u00fcche un\u00fcbertrefflich ist, ist altbekannt. Dank ihrer Experimentierfreudigkeit hat sie es geschafft, ihre kulinarischen Traditionen stets zu erneuern und am Leben zu erhalten. F\u00fcr einen K\u00fcchenchef und sein Restaurant z\u00e4hlt nicht nur die Qualit\u00e4t der Gerichte. Er muss auch in der Lage&#8230;<\/p>\n","protected":false},"author":1001012,"featured_media":15024,"comment_status":"closed","ping_status":"open","sticky":false,"template":"","format":"gallery","meta":{"footnotes":""},"categories":[48],"tags":[265,612],"class_list":["post-15053","post","type-post","status-publish","format-gallery","has-post-thumbnail","hentry","category-non-categorizzato","tag-gourmet-foodtruck-chef","tag-foodtrucks-frankreich","post_format-post-format-gallery"],"yoast_head":"<!-- This site is optimized with the Yoast SEO plugin v25.4 - https:\/\/yoast.com\/wordpress\/plugins\/seo\/ -->\n<title>Yorann Vandriessche Franz\u00f6sischer Koch 1 Michelin-Stern, 2 Food Trucks<\/title>\n<meta name=\"description\" content=\"Yorann ist ein gro\u00dfartiger Koch und Unternehmer, der ein Restaurant an der franz\u00f6sischen Riviera und 2 erstklassige Foodtrucks betreibt. Finden Sie heraus, wie &gt;\" \/>\n<meta name=\"robots\" content=\"index, follow, max-snippet:-1, max-image-preview:large, max-video-preview:-1\" \/>\n<link rel=\"canonical\" href=\"https:\/\/www.vsveicolispeciali.com\/de\/yorann-vandriessche-franzoesischer-koch-michelin-stern-restaurant-2-food-trucks\/\" \/>\n<meta property=\"og:locale\" content=\"de_DE\" \/>\n<meta property=\"og:type\" content=\"article\" \/>\n<meta property=\"og:title\" content=\"Yorann Vandriessche Franz\u00f6sischer Koch 1 Michelin-Stern, 2 Food Trucks\" \/>\n<meta property=\"og:description\" content=\"Yorann ist ein gro\u00dfartiger Koch und Unternehmer, der ein Restaurant an der franz\u00f6sischen Riviera und 2 erstklassige Foodtrucks betreibt. Finden Sie heraus, wie &gt;\" \/>\n<meta property=\"og:url\" content=\"https:\/\/www.vsveicolispeciali.com\/de\/yorann-vandriessche-franzoesischer-koch-michelin-stern-restaurant-2-food-trucks\/\" \/>\n<meta property=\"og:site_name\" content=\"VS Veicoli Speciali\" \/>\n<meta property=\"article:publisher\" content=\"https:\/\/www.facebook.com\/VSVeicoliSpeciali.Food.Trucks\/\" \/>\n<meta property=\"article:published_time\" content=\"2021-09-10T20:10:15+00:00\" \/>\n<meta property=\"article:modified_time\" content=\"2025-08-09T20:26:01+00:00\" \/>\n<meta property=\"og:image\" content=\"https:\/\/www.vsveicolispeciali.com\/wp-content\/uploads\/2021\/09\/ape-v-curve-etoile-street-food.jpg\" \/>\n\t<meta property=\"og:image:width\" content=\"810\" \/>\n\t<meta property=\"og:image:height\" content=\"659\" \/>\n\t<meta property=\"og:image:type\" content=\"image\/jpeg\" \/>\n<meta name=\"author\" content=\"VS Veicoli Speciali\" \/>\n<meta name=\"twitter:card\" content=\"summary_large_image\" \/>\n<meta name=\"twitter:creator\" content=\"@veicolispeciali\" \/>\n<meta name=\"twitter:site\" content=\"@veicolispeciali\" \/>\n<meta name=\"twitter:label1\" content=\"Verfasst von\" \/>\n\t<meta name=\"twitter:data1\" content=\"VS Veicoli Speciali\" \/>\n\t<meta name=\"twitter:label2\" content=\"Gesch\u00e4tzte Lesezeit\" \/>\n\t<meta name=\"twitter:data2\" content=\"5\u00a0Minuten\" \/>\n<script type=\"application\/ld+json\" class=\"yoast-schema-graph\">{\"@context\":\"https:\/\/schema.org\",\"@graph\":[{\"@type\":\"Article\",\"@id\":\"https:\/\/www.vsveicolispeciali.com\/de\/yorann-vandriessche-franzoesischer-koch-michelin-stern-restaurant-2-food-trucks\/#article\",\"isPartOf\":{\"@id\":\"https:\/\/www.vsveicolispeciali.com\/de\/yorann-vandriessche-franzoesischer-koch-michelin-stern-restaurant-2-food-trucks\/\"},\"author\":{\"name\":\"VS Veicoli Speciali\",\"@id\":\"https:\/\/www.vsveicolispeciali.com\/de\/#\/schema\/person\/1241826d792bde4333b3db1395b12be9\"},\"headline\":\"Yorann Vandriessche &#8211; Franz\u00f6sischer Koch mit 1 Michelin-Stern, 1 Restaurant und 2 Food Trucks\",\"datePublished\":\"2021-09-10T20:10:15+00:00\",\"dateModified\":\"2025-08-09T20:26:01+00:00\",\"mainEntityOfPage\":{\"@id\":\"https:\/\/www.vsveicolispeciali.com\/de\/yorann-vandriessche-franzoesischer-koch-michelin-stern-restaurant-2-food-trucks\/\"},\"wordCount\":684,\"publisher\":{\"@id\":\"https:\/\/www.vsveicolispeciali.com\/de\/#organization\"},\"image\":{\"@id\":\"https:\/\/www.vsveicolispeciali.com\/de\/yorann-vandriessche-franzoesischer-koch-michelin-stern-restaurant-2-food-trucks\/#primaryimage\"},\"thumbnailUrl\":\"https:\/\/www.vsveicolispeciali.com\/wp-content\/uploads\/2021\/09\/ape-v-curve-etoile-street-food.jpg\",\"keywords\":[\"gourmet foodtruck chef\",\"foodtrucks frankreich\"],\"articleSection\":[\"Non categorizzato\"],\"inLanguage\":\"de\"},{\"@type\":\"WebPage\",\"@id\":\"https:\/\/www.vsveicolispeciali.com\/de\/yorann-vandriessche-franzoesischer-koch-michelin-stern-restaurant-2-food-trucks\/\",\"url\":\"https:\/\/www.vsveicolispeciali.com\/de\/yorann-vandriessche-franzoesischer-koch-michelin-stern-restaurant-2-food-trucks\/\",\"name\":\"Yorann Vandriessche Franz\u00f6sischer Koch 1 Michelin-Stern, 2 Food Trucks\",\"isPartOf\":{\"@id\":\"https:\/\/www.vsveicolispeciali.com\/de\/#website\"},\"primaryImageOfPage\":{\"@id\":\"https:\/\/www.vsveicolispeciali.com\/de\/yorann-vandriessche-franzoesischer-koch-michelin-stern-restaurant-2-food-trucks\/#primaryimage\"},\"image\":{\"@id\":\"https:\/\/www.vsveicolispeciali.com\/de\/yorann-vandriessche-franzoesischer-koch-michelin-stern-restaurant-2-food-trucks\/#primaryimage\"},\"thumbnailUrl\":\"https:\/\/www.vsveicolispeciali.com\/wp-content\/uploads\/2021\/09\/ape-v-curve-etoile-street-food.jpg\",\"datePublished\":\"2021-09-10T20:10:15+00:00\",\"dateModified\":\"2025-08-09T20:26:01+00:00\",\"description\":\"Yorann ist ein gro\u00dfartiger Koch und Unternehmer, der ein Restaurant an der franz\u00f6sischen Riviera und 2 erstklassige Foodtrucks betreibt. Finden Sie heraus, wie >\",\"breadcrumb\":{\"@id\":\"https:\/\/www.vsveicolispeciali.com\/de\/yorann-vandriessche-franzoesischer-koch-michelin-stern-restaurant-2-food-trucks\/#breadcrumb\"},\"inLanguage\":\"de\",\"potentialAction\":[{\"@type\":\"ReadAction\",\"target\":[\"https:\/\/www.vsveicolispeciali.com\/de\/yorann-vandriessche-franzoesischer-koch-michelin-stern-restaurant-2-food-trucks\/\"]}]},{\"@type\":\"ImageObject\",\"inLanguage\":\"de\",\"@id\":\"https:\/\/www.vsveicolispeciali.com\/de\/yorann-vandriessche-franzoesischer-koch-michelin-stern-restaurant-2-food-trucks\/#primaryimage\",\"url\":\"https:\/\/www.vsveicolispeciali.com\/wp-content\/uploads\/2021\/09\/ape-v-curve-etoile-street-food.jpg\",\"contentUrl\":\"https:\/\/www.vsveicolispeciali.com\/wp-content\/uploads\/2021\/09\/ape-v-curve-etoile-street-food.jpg\",\"width\":810,\"height\":659,\"caption\":\"Piaggio Food Van gebaut f\u00fcr den franz\u00f6sischen Sternekoch Yorann\"},{\"@type\":\"BreadcrumbList\",\"@id\":\"https:\/\/www.vsveicolispeciali.com\/de\/yorann-vandriessche-franzoesischer-koch-michelin-stern-restaurant-2-food-trucks\/#breadcrumb\",\"itemListElement\":[{\"@type\":\"ListItem\",\"position\":1,\"name\":\"Home\",\"item\":\"https:\/\/www.vsveicolispeciali.com\/de\/\"},{\"@type\":\"ListItem\",\"position\":2,\"name\":\"Yorann Vandriessche &#8211; Franz\u00f6sischer Koch mit 1 Michelin-Stern, 1 Restaurant und 2 Food Trucks\"}]},{\"@type\":\"WebSite\",\"@id\":\"https:\/\/www.vsveicolispeciali.com\/de\/#website\",\"url\":\"https:\/\/www.vsveicolispeciali.com\/de\/\",\"name\":\"VS Veicoli Speciali\",\"description\":\"\",\"publisher\":{\"@id\":\"https:\/\/www.vsveicolispeciali.com\/de\/#organization\"},\"potentialAction\":[{\"@type\":\"SearchAction\",\"target\":{\"@type\":\"EntryPoint\",\"urlTemplate\":\"https:\/\/www.vsveicolispeciali.com\/de\/?s={search_term_string}\"},\"query-input\":{\"@type\":\"PropertyValueSpecification\",\"valueRequired\":true,\"valueName\":\"search_term_string\"}}],\"inLanguage\":\"de\"},{\"@type\":\"Organization\",\"@id\":\"https:\/\/www.vsveicolispeciali.com\/de\/#organization\",\"name\":\"VS Veicoli Speciali\",\"url\":\"https:\/\/www.vsveicolispeciali.com\/de\/\",\"logo\":{\"@type\":\"ImageObject\",\"inLanguage\":\"de\",\"@id\":\"https:\/\/www.vsveicolispeciali.com\/de\/#\/schema\/logo\/image\/\",\"url\":\"http:\/\/www.vsveicolispeciali.com\/wp-content\/uploads\/2015\/05\/vs_veicoli_speciali-logo.png\",\"contentUrl\":\"http:\/\/www.vsveicolispeciali.com\/wp-content\/uploads\/2015\/05\/vs_veicoli_speciali-logo.png\",\"width\":252,\"height\":134,\"caption\":\"VS Veicoli Speciali\"},\"image\":{\"@id\":\"https:\/\/www.vsveicolispeciali.com\/de\/#\/schema\/logo\/image\/\"},\"sameAs\":[\"https:\/\/www.facebook.com\/VSVeicoliSpeciali.Food.Trucks\/\",\"https:\/\/x.com\/veicolispeciali\",\"https:\/\/www.instagram.com\/vs_veicolispeciali\/\",\"https:\/\/www.linkedin.com\/company\/2811960\/\",\"https:\/\/www.pinterest.com\/streetfoodtruck\/\",\"https:\/\/www.youtube.com\/user\/veicolispeciali\"]},{\"@type\":\"Person\",\"@id\":\"https:\/\/www.vsveicolispeciali.com\/de\/#\/schema\/person\/1241826d792bde4333b3db1395b12be9\",\"name\":\"VS Veicoli Speciali\",\"image\":{\"@type\":\"ImageObject\",\"inLanguage\":\"de\",\"@id\":\"https:\/\/www.vsveicolispeciali.com\/de\/#\/schema\/person\/image\/\",\"url\":\"https:\/\/secure.gravatar.com\/avatar\/4ea93278e71ba140dbbbfb5d34409507?s=96&d=mm&r=g\",\"contentUrl\":\"https:\/\/secure.gravatar.com\/avatar\/4ea93278e71ba140dbbbfb5d34409507?s=96&d=mm&r=g\",\"caption\":\"VS Veicoli Speciali\"}}]}<\/script>\n<!-- \/ Yoast SEO plugin. -->","yoast_head_json":{"title":"Yorann Vandriessche Franz\u00f6sischer Koch 1 Michelin-Stern, 2 Food Trucks","description":"Yorann ist ein gro\u00dfartiger Koch und Unternehmer, der ein Restaurant an der franz\u00f6sischen Riviera und 2 erstklassige Foodtrucks betreibt. Finden Sie heraus, wie >","robots":{"index":"index","follow":"follow","max-snippet":"max-snippet:-1","max-image-preview":"max-image-preview:large","max-video-preview":"max-video-preview:-1"},"canonical":"https:\/\/www.vsveicolispeciali.com\/de\/yorann-vandriessche-franzoesischer-koch-michelin-stern-restaurant-2-food-trucks\/","og_locale":"de_DE","og_type":"article","og_title":"Yorann Vandriessche Franz\u00f6sischer Koch 1 Michelin-Stern, 2 Food Trucks","og_description":"Yorann ist ein gro\u00dfartiger Koch und Unternehmer, der ein Restaurant an der franz\u00f6sischen Riviera und 2 erstklassige Foodtrucks betreibt. Finden Sie heraus, wie >","og_url":"https:\/\/www.vsveicolispeciali.com\/de\/yorann-vandriessche-franzoesischer-koch-michelin-stern-restaurant-2-food-trucks\/","og_site_name":"VS Veicoli Speciali","article_publisher":"https:\/\/www.facebook.com\/VSVeicoliSpeciali.Food.Trucks\/","article_published_time":"2021-09-10T20:10:15+00:00","article_modified_time":"2025-08-09T20:26:01+00:00","og_image":[{"width":810,"height":659,"url":"https:\/\/www.vsveicolispeciali.com\/wp-content\/uploads\/2021\/09\/ape-v-curve-etoile-street-food.jpg","type":"image\/jpeg"}],"author":"VS Veicoli Speciali","twitter_card":"summary_large_image","twitter_creator":"@veicolispeciali","twitter_site":"@veicolispeciali","twitter_misc":{"Verfasst von":"VS Veicoli Speciali","Gesch\u00e4tzte Lesezeit":"5\u00a0Minuten"},"schema":{"@context":"https:\/\/schema.org","@graph":[{"@type":"Article","@id":"https:\/\/www.vsveicolispeciali.com\/de\/yorann-vandriessche-franzoesischer-koch-michelin-stern-restaurant-2-food-trucks\/#article","isPartOf":{"@id":"https:\/\/www.vsveicolispeciali.com\/de\/yorann-vandriessche-franzoesischer-koch-michelin-stern-restaurant-2-food-trucks\/"},"author":{"name":"VS Veicoli Speciali","@id":"https:\/\/www.vsveicolispeciali.com\/de\/#\/schema\/person\/1241826d792bde4333b3db1395b12be9"},"headline":"Yorann Vandriessche &#8211; Franz\u00f6sischer Koch mit 1 Michelin-Stern, 1 Restaurant und 2 Food Trucks","datePublished":"2021-09-10T20:10:15+00:00","dateModified":"2025-08-09T20:26:01+00:00","mainEntityOfPage":{"@id":"https:\/\/www.vsveicolispeciali.com\/de\/yorann-vandriessche-franzoesischer-koch-michelin-stern-restaurant-2-food-trucks\/"},"wordCount":684,"publisher":{"@id":"https:\/\/www.vsveicolispeciali.com\/de\/#organization"},"image":{"@id":"https:\/\/www.vsveicolispeciali.com\/de\/yorann-vandriessche-franzoesischer-koch-michelin-stern-restaurant-2-food-trucks\/#primaryimage"},"thumbnailUrl":"https:\/\/www.vsveicolispeciali.com\/wp-content\/uploads\/2021\/09\/ape-v-curve-etoile-street-food.jpg","keywords":["gourmet foodtruck chef","foodtrucks frankreich"],"articleSection":["Non categorizzato"],"inLanguage":"de"},{"@type":"WebPage","@id":"https:\/\/www.vsveicolispeciali.com\/de\/yorann-vandriessche-franzoesischer-koch-michelin-stern-restaurant-2-food-trucks\/","url":"https:\/\/www.vsveicolispeciali.com\/de\/yorann-vandriessche-franzoesischer-koch-michelin-stern-restaurant-2-food-trucks\/","name":"Yorann Vandriessche Franz\u00f6sischer Koch 1 Michelin-Stern, 2 Food Trucks","isPartOf":{"@id":"https:\/\/www.vsveicolispeciali.com\/de\/#website"},"primaryImageOfPage":{"@id":"https:\/\/www.vsveicolispeciali.com\/de\/yorann-vandriessche-franzoesischer-koch-michelin-stern-restaurant-2-food-trucks\/#primaryimage"},"image":{"@id":"https:\/\/www.vsveicolispeciali.com\/de\/yorann-vandriessche-franzoesischer-koch-michelin-stern-restaurant-2-food-trucks\/#primaryimage"},"thumbnailUrl":"https:\/\/www.vsveicolispeciali.com\/wp-content\/uploads\/2021\/09\/ape-v-curve-etoile-street-food.jpg","datePublished":"2021-09-10T20:10:15+00:00","dateModified":"2025-08-09T20:26:01+00:00","description":"Yorann ist ein gro\u00dfartiger Koch und Unternehmer, der ein Restaurant an der franz\u00f6sischen Riviera und 2 erstklassige Foodtrucks betreibt. Finden Sie heraus, wie >","breadcrumb":{"@id":"https:\/\/www.vsveicolispeciali.com\/de\/yorann-vandriessche-franzoesischer-koch-michelin-stern-restaurant-2-food-trucks\/#breadcrumb"},"inLanguage":"de","potentialAction":[{"@type":"ReadAction","target":["https:\/\/www.vsveicolispeciali.com\/de\/yorann-vandriessche-franzoesischer-koch-michelin-stern-restaurant-2-food-trucks\/"]}]},{"@type":"ImageObject","inLanguage":"de","@id":"https:\/\/www.vsveicolispeciali.com\/de\/yorann-vandriessche-franzoesischer-koch-michelin-stern-restaurant-2-food-trucks\/#primaryimage","url":"https:\/\/www.vsveicolispeciali.com\/wp-content\/uploads\/2021\/09\/ape-v-curve-etoile-street-food.jpg","contentUrl":"https:\/\/www.vsveicolispeciali.com\/wp-content\/uploads\/2021\/09\/ape-v-curve-etoile-street-food.jpg","width":810,"height":659,"caption":"Piaggio Food Van gebaut f\u00fcr den franz\u00f6sischen Sternekoch Yorann"},{"@type":"BreadcrumbList","@id":"https:\/\/www.vsveicolispeciali.com\/de\/yorann-vandriessche-franzoesischer-koch-michelin-stern-restaurant-2-food-trucks\/#breadcrumb","itemListElement":[{"@type":"ListItem","position":1,"name":"Home","item":"https:\/\/www.vsveicolispeciali.com\/de\/"},{"@type":"ListItem","position":2,"name":"Yorann Vandriessche &#8211; Franz\u00f6sischer Koch mit 1 Michelin-Stern, 1 Restaurant und 2 Food Trucks"}]},{"@type":"WebSite","@id":"https:\/\/www.vsveicolispeciali.com\/de\/#website","url":"https:\/\/www.vsveicolispeciali.com\/de\/","name":"VS Veicoli Speciali","description":"","publisher":{"@id":"https:\/\/www.vsveicolispeciali.com\/de\/#organization"},"potentialAction":[{"@type":"SearchAction","target":{"@type":"EntryPoint","urlTemplate":"https:\/\/www.vsveicolispeciali.com\/de\/?s={search_term_string}"},"query-input":{"@type":"PropertyValueSpecification","valueRequired":true,"valueName":"search_term_string"}}],"inLanguage":"de"},{"@type":"Organization","@id":"https:\/\/www.vsveicolispeciali.com\/de\/#organization","name":"VS Veicoli Speciali","url":"https:\/\/www.vsveicolispeciali.com\/de\/","logo":{"@type":"ImageObject","inLanguage":"de","@id":"https:\/\/www.vsveicolispeciali.com\/de\/#\/schema\/logo\/image\/","url":"http:\/\/www.vsveicolispeciali.com\/wp-content\/uploads\/2015\/05\/vs_veicoli_speciali-logo.png","contentUrl":"http:\/\/www.vsveicolispeciali.com\/wp-content\/uploads\/2015\/05\/vs_veicoli_speciali-logo.png","width":252,"height":134,"caption":"VS Veicoli Speciali"},"image":{"@id":"https:\/\/www.vsveicolispeciali.com\/de\/#\/schema\/logo\/image\/"},"sameAs":["https:\/\/www.facebook.com\/VSVeicoliSpeciali.Food.Trucks\/","https:\/\/x.com\/veicolispeciali","https:\/\/www.instagram.com\/vs_veicolispeciali\/","https:\/\/www.linkedin.com\/company\/2811960\/","https:\/\/www.pinterest.com\/streetfoodtruck\/","https:\/\/www.youtube.com\/user\/veicolispeciali"]},{"@type":"Person","@id":"https:\/\/www.vsveicolispeciali.com\/de\/#\/schema\/person\/1241826d792bde4333b3db1395b12be9","name":"VS Veicoli Speciali","image":{"@type":"ImageObject","inLanguage":"de","@id":"https:\/\/www.vsveicolispeciali.com\/de\/#\/schema\/person\/image\/","url":"https:\/\/secure.gravatar.com\/avatar\/4ea93278e71ba140dbbbfb5d34409507?s=96&d=mm&r=g","contentUrl":"https:\/\/secure.gravatar.com\/avatar\/4ea93278e71ba140dbbbfb5d34409507?s=96&d=mm&r=g","caption":"VS Veicoli Speciali"}}]}},"_links":{"self":[{"href":"https:\/\/www.vsveicolispeciali.com\/de\/wp-json\/wp\/v2\/posts\/15053"}],"collection":[{"href":"https:\/\/www.vsveicolispeciali.com\/de\/wp-json\/wp\/v2\/posts"}],"about":[{"href":"https:\/\/www.vsveicolispeciali.com\/de\/wp-json\/wp\/v2\/types\/post"}],"author":[{"embeddable":true,"href":"https:\/\/www.vsveicolispeciali.com\/de\/wp-json\/wp\/v2\/users\/1001012"}],"replies":[{"embeddable":true,"href":"https:\/\/www.vsveicolispeciali.com\/de\/wp-json\/wp\/v2\/comments?post=15053"}],"version-history":[{"count":4,"href":"https:\/\/www.vsveicolispeciali.com\/de\/wp-json\/wp\/v2\/posts\/15053\/revisions"}],"predecessor-version":[{"id":15055,"href":"https:\/\/www.vsveicolispeciali.com\/de\/wp-json\/wp\/v2\/posts\/15053\/revisions\/15055"}],"wp:featuredmedia":[{"embeddable":true,"href":"https:\/\/www.vsveicolispeciali.com\/de\/wp-json\/wp\/v2\/media\/15024"}],"wp:attachment":[{"href":"https:\/\/www.vsveicolispeciali.com\/de\/wp-json\/wp\/v2\/media?parent=15053"}],"wp:term":[{"taxonomy":"category","embeddable":true,"href":"https:\/\/www.vsveicolispeciali.com\/de\/wp-json\/wp\/v2\/categories?post=15053"},{"taxonomy":"post_tag","embeddable":true,"href":"https:\/\/www.vsveicolispeciali.com\/de\/wp-json\/wp\/v2\/tags?post=15053"}],"curies":[{"name":"wp","href":"https:\/\/api.w.org\/{rel}","templated":true}]}}