{"id":14784,"date":"2021-06-08T23:54:05","date_gmt":"2021-06-08T21:54:05","guid":{"rendered":"http:\/\/vsveicolispeciali.com\/il-nostro-obiettivo-non-e-vendere-un-food-truck-a-tutti-i-costi\/"},"modified":"2025-10-07T12:58:08","modified_gmt":"2025-10-07T10:58:08","slug":"uns-geht-es-nicht-darum-um-jeden-preis-einen-food-truck-zu-verkaufen","status":"publish","type":"post","link":"https:\/\/www.vsveicolispeciali.com\/de\/uns-geht-es-nicht-darum-um-jeden-preis-einen-food-truck-zu-verkaufen\/","title":{"rendered":"Uns geht es nicht darum, um jeden Preis einen Food Truck zu verkaufen"},"content":{"rendered":"<p>In vielen Jahren unerm\u00fcdlicher Arbeit in der <strong>Planung und Konstruktion von Food Trucks und Promo Trucks<\/strong> hat es VS Veicoli Speciali dank seiner innovativen L\u00f6sungen von h\u00f6chster Qualit\u00e4t geschafft, sich auf dem internationalen Markt als f\u00fchrendes Unternehmen zu etablieren.<\/p>\n<p>Wir produzieren Fahrzeuge f\u00fcr Unternehmen aller Gr\u00f6\u00dfen und Branchen, die einen gemeinsamen Nenner haben: Den Wunsch, ein <strong>exklusives Produkt zu kaufen<\/strong>, das ausschlie\u00dflich aus Spitzenkomponenten besteht.<\/p>\n<p>Beim <a href=\"http:\/\/www.vsveicolispeciali.com\/de\/einen-food-truck-kaufen-ohne-boese-ueberraschungen\/\">Kauf des Foodtrucks<\/a> und schon w\u00e4hrend der Bewertungsphase profitieren unsere Kunden von einer <strong>genauen Analyse ihrer Anforderungen<\/strong> und von unserer Fachberatung, die darauf abzielt, eine <strong>ma\u00dfgeschneiderte L\u00f6sung<\/strong> zu finden, die echte Resultate erzielt.<\/p>\n<p>In diesem Sinne liegt es VS Veicoli Speciali niemals daran, um <a href=\"https:\/\/vsveicolispeciali.com\/de\/verkaufswagen-kaufen\/food-truck-imbisswagen-kosten\/\" target=\"_blank\" rel=\"noopener noreferrer\">jeden Preis einen Food Truck zu verkaufen<\/a>, ohne dass der tats\u00e4chliche Nutzen f\u00fcr das betreffende Unternehmen ber\u00fccksichtigt wird.<\/p>\n<p>Unser Anliegen ist es, <strong>ein Fahrzeug zu bauen, das dem K\u00e4ufer konkrete Gewinne und Vorteile bringt<\/strong>. Aus diesem Grund beschr\u00e4nken wir uns nicht darauf, einen Verkaufsvertrag abzuschlie\u00dfen, sondern wir stellen uns in den Dienst des Kunden, um ihn bei der Umsetzung seiner Marketing- und Vertriebsstrategien zu unterst\u00fctzen.<br \/>\n&nbsp;<br \/>\n<a href=\"https:\/\/vsveicolispeciali.com\/wp-content\/uploads\/2021\/06\/realizzare-Food-Truck-che-produca-profitti-Brazzale-gran-moravia.jpg\"><img loading=\"lazy\" decoding=\"async\" class=\"alignright size-full wp-image-14710\" src=\"https:\/\/vsveicolispeciali.com\/wp-content\/uploads\/2021\/06\/realizzare-Food-Truck-che-produca-profitti-Brazzale-gran-moravia.jpg\" alt=\"food truck prodotto per Brazzale il famoso brand di formaggi come il Gran Moravia, burro e latticini\" width=\"1200\" height=\"800\" srcset=\"https:\/\/www.vsveicolispeciali.com\/wp-content\/uploads\/2021\/06\/realizzare-Food-Truck-che-produca-profitti-Brazzale-gran-moravia.jpg 1200w, https:\/\/www.vsveicolispeciali.com\/wp-content\/uploads\/2021\/06\/realizzare-Food-Truck-che-produca-profitti-Brazzale-gran-moravia-300x200.jpg 300w, https:\/\/www.vsveicolispeciali.com\/wp-content\/uploads\/2021\/06\/realizzare-Food-Truck-che-produca-profitti-Brazzale-gran-moravia-1024x683.jpg 1024w, https:\/\/www.vsveicolispeciali.com\/wp-content\/uploads\/2021\/06\/realizzare-Food-Truck-che-produca-profitti-Brazzale-gran-moravia-768x512.jpg 768w, https:\/\/www.vsveicolispeciali.com\/wp-content\/uploads\/2021\/06\/realizzare-Food-Truck-che-produca-profitti-Brazzale-gran-moravia-700x467.jpg 700w\" sizes=\"(max-width: 1200px) 100vw, 1200px\" \/><\/a><br \/>\n&nbsp;<br \/>\nVor dem Bau des Fahrzeugs bewerten wir verschiedene <strong>Aspekte<\/strong>:<\/p>\n<ul class=\"lista\">\n<li>Die Identit\u00e4t des Unternehmens, das unsere Dienstleistungen anfordert, seinen Kommunikationsstil und seine Kundschaft;<\/li>\n<li>Seine Ziele und Erwartungen;<\/li>\n<li>Die Art der t\u00e4glichen Arbeit auf und mit unserem Fahrzeug;<\/li>\n<li>Der Bereich, in dem der Truck eingesetzt wird;<\/li>\n<li>Wer ihn benutzen wird und wie.<\/li>\n<\/ul>\n<p>&nbsp;<\/p>\n<p>Die Planung ber\u00fccksichtigt diese und weitere Aspekte, die Schritt f\u00fcr Schritt gekl\u00e4rt werden, damit wir auf der Basis von klar definierten kommerziellen und kommunikativen Anforderungen ein <strong>optimiertes Produkt<\/strong> bereitstellen k\u00f6nnen.<\/p>\n<p>Auf dieser Basis <a href=\"https:\/\/vsveicolispeciali.com\/de\/massgeschneiderte-food-trucks-fuer-anspruchsvolle-unternehmen\/\" target=\"_blank\" rel=\"noopener noreferrer\">bauen wir Food Trucks und Verkaufswagen<\/a> von h\u00f6chster konstruktiver, \u00e4sthetischer und ergonomischer Qualit\u00e4t. Die <strong>Preise<\/strong> variieren erheblich je nach Fahrzeugtyp, Ausstattung, Art der Materialien, Oberfl\u00e4chen usw., beinhalten aber in jedem Fall die typische <strong>Qualit\u00e4t<\/strong> der Ausstattungen von VS Veicoli Speciali.<br \/>\n&nbsp;<br \/>\n<a href=\"https:\/\/vsveicolispeciali.com\/wp-content\/uploads\/2021\/06\/costo-food-truck-bierwagen-brauerei-zapfer-elektro.jpg\"><img loading=\"lazy\" decoding=\"async\" class=\"alignleft size-full wp-image-14718\" src=\"https:\/\/vsveicolispeciali.com\/wp-content\/uploads\/2021\/06\/costo-food-truck-bierwagen-brauerei-zapfer-elektro.jpg\" alt=\"costo food truck bierwagen brauerei zapfer elektro riflette la qualit\u00e0 dell'allestimento VS\" width=\"1200\" height=\"1200\" srcset=\"https:\/\/www.vsveicolispeciali.com\/wp-content\/uploads\/2021\/06\/costo-food-truck-bierwagen-brauerei-zapfer-elektro.jpg 1200w, https:\/\/www.vsveicolispeciali.com\/wp-content\/uploads\/2021\/06\/costo-food-truck-bierwagen-brauerei-zapfer-elektro-300x300.jpg 300w, https:\/\/www.vsveicolispeciali.com\/wp-content\/uploads\/2021\/06\/costo-food-truck-bierwagen-brauerei-zapfer-elektro-1024x1024.jpg 1024w, https:\/\/www.vsveicolispeciali.com\/wp-content\/uploads\/2021\/06\/costo-food-truck-bierwagen-brauerei-zapfer-elektro-150x150.jpg 150w, https:\/\/www.vsveicolispeciali.com\/wp-content\/uploads\/2021\/06\/costo-food-truck-bierwagen-brauerei-zapfer-elektro-768x768.jpg 768w, https:\/\/www.vsveicolispeciali.com\/wp-content\/uploads\/2021\/06\/costo-food-truck-bierwagen-brauerei-zapfer-elektro-570x570.jpg 570w, https:\/\/www.vsveicolispeciali.com\/wp-content\/uploads\/2021\/06\/costo-food-truck-bierwagen-brauerei-zapfer-elektro-500x500.jpg 500w, https:\/\/www.vsveicolispeciali.com\/wp-content\/uploads\/2021\/06\/costo-food-truck-bierwagen-brauerei-zapfer-elektro-1000x1000.jpg 1000w, https:\/\/www.vsveicolispeciali.com\/wp-content\/uploads\/2021\/06\/costo-food-truck-bierwagen-brauerei-zapfer-elektro-700x700.jpg 700w\" sizes=\"(max-width: 1200px) 100vw, 1200px\" \/><\/a><br \/>\n&nbsp;<br \/>\nDie Elemente, die <a href=\"http:\/\/www.vsveicolispeciali.com\/de\/wovon-haengen-die-kosten-eines-food-trucks-ab\/\">die Kosten eines Food Trucks<\/a> oder Promo Trucks bestimmen, sind verschiedener Art und oft f\u00fcr den unerfahrenen Blick nicht sofort erkennbar.<\/p>\n<p>Wir stehen <strong>unseren Kunden<\/strong> jederzeit zur Verf\u00fcgung, um zu erkl\u00e4ren, warum und wie sich die <a href=\"https:\/\/vsveicolispeciali.com\/de\/verkaufswagen-kaufen\/\" target=\"_blank\" rel=\"noopener noreferrer\">Qualit\u00e4t der Ausstattungen<\/a> von VS Veicoli Speciali von der Konkurrenz unterscheidet.<br \/>\n&nbsp;<br \/>\n<a href=\"https:\/\/vsveicolispeciali.com\/wp-content\/uploads\/2021\/06\/materiali-attrezzature-ergonomia-bierwagen-zapfer-elektro-fahrzeug.jpg\"><img loading=\"lazy\" decoding=\"async\" class=\"alignright size-medium wp-image-14722\" src=\"http:\/\/www.vsveicolispeciali.com\/wp-content\/uploads\/2021\/06\/materiali-attrezzature-ergonomia-bierwagen-zapfer-elektro-fahrzeug-300x300.jpg\" alt=\"materiali attrezzature ed ergonomia del bierwagen zapfer elektro fahrzeug. Piaggio Ape Birra\" width=\"450\" height=\"450\" srcset=\"https:\/\/www.vsveicolispeciali.com\/wp-content\/uploads\/2021\/06\/materiali-attrezzature-ergonomia-bierwagen-zapfer-elektro-fahrzeug-300x300.jpg 300w, https:\/\/www.vsveicolispeciali.com\/wp-content\/uploads\/2021\/06\/materiali-attrezzature-ergonomia-bierwagen-zapfer-elektro-fahrzeug-1024x1024.jpg 1024w, https:\/\/www.vsveicolispeciali.com\/wp-content\/uploads\/2021\/06\/materiali-attrezzature-ergonomia-bierwagen-zapfer-elektro-fahrzeug-150x150.jpg 150w, https:\/\/www.vsveicolispeciali.com\/wp-content\/uploads\/2021\/06\/materiali-attrezzature-ergonomia-bierwagen-zapfer-elektro-fahrzeug-768x768.jpg 768w, https:\/\/www.vsveicolispeciali.com\/wp-content\/uploads\/2021\/06\/materiali-attrezzature-ergonomia-bierwagen-zapfer-elektro-fahrzeug-570x570.jpg 570w, https:\/\/www.vsveicolispeciali.com\/wp-content\/uploads\/2021\/06\/materiali-attrezzature-ergonomia-bierwagen-zapfer-elektro-fahrzeug-500x500.jpg 500w, https:\/\/www.vsveicolispeciali.com\/wp-content\/uploads\/2021\/06\/materiali-attrezzature-ergonomia-bierwagen-zapfer-elektro-fahrzeug-1000x1000.jpg 1000w, https:\/\/www.vsveicolispeciali.com\/wp-content\/uploads\/2021\/06\/materiali-attrezzature-ergonomia-bierwagen-zapfer-elektro-fahrzeug-700x700.jpg 700w, https:\/\/www.vsveicolispeciali.com\/wp-content\/uploads\/2021\/06\/materiali-attrezzature-ergonomia-bierwagen-zapfer-elektro-fahrzeug.jpg 1200w\" sizes=\"(max-width: 450px) 100vw, 450px\" \/><\/a><br \/>\n&nbsp;<br \/>\nHierbei sind folgende <strong>Aspekte entscheidend<\/strong>:<\/p>\n<ul class=\"lista\">\n<li>Materialien<\/li>\n<li>Ausstattungen<\/li>\n<li>Design und Ergonomie<\/li>\n<li>Graphik, Farben und Lackierung<\/li>\n<li>Feinarbeiten<\/li>\n<li>Art der Anlagen<\/li>\n<li>Zubeh\u00f6r<\/li>\n<\/ul>\n<p>&nbsp;<\/p>\n<p>Jeder Aspekt wird sorgf\u00e4ltig untersucht und angepasst, um das Fahrzeug im Laufe der Zeit\u00a0 <strong>funktionsf\u00e4hig, effektiv und widerstandsf\u00e4hig<\/strong> zu machen.<\/p>\n<p>Beim Bau eines Food Trucks ist es extrem wichtig, das <strong>Design<\/strong> und die <strong>Ergonomie<\/strong> bis ins kleinste Detail zu planen, damit die Endbediener praktisch und komfortabel arbeiten k\u00f6nnen.<\/p>\n<p>Die Abmessungen, die Platzverh\u00e4ltnisse, die Positionierung von Ausstattungen und Ger\u00e4ten und die Materialien haben einen enormen Einfluss auf die <strong>Produktivit\u00e4t der Arbeit an Bord<\/strong> und auf die Zeit, die f\u00fcr die <strong>Reinigung und Wartung des Fahrzeugs<\/strong> aufgewendet werden muss.<br \/>\n&nbsp;<br \/>\n<a href=\"https:\/\/vsveicolispeciali.com\/wp-content\/uploads\/2021\/06\/mobile-food-truck-design-cucina-professionale-forni.jpg\"><img loading=\"lazy\" decoding=\"async\" class=\"alignleft size-full wp-image-14726\" src=\"https:\/\/vsveicolispeciali.com\/wp-content\/uploads\/2021\/06\/mobile-food-truck-design-cucina-professionale-forni.jpg\" alt=\"mobile food truck design con cucina professionale e due forni\" width=\"1200\" height=\"1200\" srcset=\"https:\/\/www.vsveicolispeciali.com\/wp-content\/uploads\/2021\/06\/mobile-food-truck-design-cucina-professionale-forni.jpg 1200w, https:\/\/www.vsveicolispeciali.com\/wp-content\/uploads\/2021\/06\/mobile-food-truck-design-cucina-professionale-forni-300x300.jpg 300w, https:\/\/www.vsveicolispeciali.com\/wp-content\/uploads\/2021\/06\/mobile-food-truck-design-cucina-professionale-forni-1024x1024.jpg 1024w, https:\/\/www.vsveicolispeciali.com\/wp-content\/uploads\/2021\/06\/mobile-food-truck-design-cucina-professionale-forni-150x150.jpg 150w, https:\/\/www.vsveicolispeciali.com\/wp-content\/uploads\/2021\/06\/mobile-food-truck-design-cucina-professionale-forni-768x768.jpg 768w, https:\/\/www.vsveicolispeciali.com\/wp-content\/uploads\/2021\/06\/mobile-food-truck-design-cucina-professionale-forni-570x570.jpg 570w, https:\/\/www.vsveicolispeciali.com\/wp-content\/uploads\/2021\/06\/mobile-food-truck-design-cucina-professionale-forni-500x500.jpg 500w, https:\/\/www.vsveicolispeciali.com\/wp-content\/uploads\/2021\/06\/mobile-food-truck-design-cucina-professionale-forni-1000x1000.jpg 1000w, https:\/\/www.vsveicolispeciali.com\/wp-content\/uploads\/2021\/06\/mobile-food-truck-design-cucina-professionale-forni-700x700.jpg 700w\" sizes=\"(max-width: 1200px) 100vw, 1200px\" \/><\/a><br \/>\n&nbsp;<br \/>\nIn Food Trucks mit kompletten Profik\u00fcchen, in denen <strong>Lebensmittel in gro\u00dfen Mengen behandelt werden<\/strong>, muss alles wie am Schn\u00fcrchen laufen und die geltenden <a href=\"https:\/\/vsveicolispeciali.com\/de\/zutaten-fuer-einen-guten-imbisswagen\/\" target=\"_blank\" rel=\"noopener noreferrer\">Gesundheitsvorschriften eingehalten<\/a> werden.<\/p>\n<p>Unsere <strong>t\u00e4gliche Herausforderung<\/strong> besteht darin, die Einhaltung dieser Vorschriften mit den Prinzipien der Ergonomie und den spezifischen Bed\u00fcrfnissen jedes Kunden in Einklang zu bringen.<\/p>\n<p>Diese Herausforderung ist f\u00fcr uns eine Quelle der Motivation. Sie treibt uns an, <strong>immer leistungsf\u00e4higere Installationen und innovativere L\u00f6sungen<\/strong> zu entwickeln, um f\u00fcr Street Food Trucks sowie f\u00fcr Promo Trucks stets neue M\u00f6glichkeiten zu schaffen.<\/p>\n<p>&nbsp;&nbsp;<\/p>\n<h2>Wir verkaufen Fahrzeuge der Exzellenz<\/h2>\n<p>&nbsp;<\/p>\n<p>Allen unseren kommerziellen Vorschl\u00e4gen liegt der Wunsch zugrunde, <strong>dem Kunden ein erfolgreiches Produkt zu bieten<\/strong>: Ein Werkzeug, das gegen\u00fcber der Konkurrenz einen Vorteil bietet und der Marke Prestige verleiht.<\/p>\n<p>Dar\u00fcber hinaus ist es unser Ziel, <a href=\"https:\/\/www.vsveicolispeciali.com\/de\/betriebskosten-eines-foodtrucks-praxisleitfaden-mit-beispielen\/\" rel=\"noopener\" target=\"_blank\">den Food Truck so zu gestalten, dass die Betriebskosten minimiert werden<\/a> und so die Gewinnmargen unserer Kunden steigen.<\/p>\n<p>Die von uns angebotenen <strong>Dienstleistungen<\/strong> w\u00e4ren jedoch nicht komplett, wenn wir den Kunden nicht auf dem ganzen Weg begleiten w\u00fcrden: Von der fr\u00fchen Planungsphase bis zur Auslieferung eines Spitzenfahrzeugs (oder einer Flotte) bis hin zum After-Sales.<\/p>\n<p>&nbsp;<\/p>\n<div class=\"video-youtube\"><iframe src=\"https:\/\/www.youtube.com\/embed\/kzj0XcnZQO4?rel=0\" frameborder=\"0\" allowfullscreen=\"allowfullscreen\"><\/iframe><\/div>\n<p>&nbsp;<\/p>\n<p>Wir k\u00fcmmern uns nicht nur um die Herstellung des Fahrzeugs, sondern wir <strong>bieten auch Beratung<\/strong>, um:<\/p>\n<ul class=\"lista\">\n<li>Das Fahrzeugs soweit wie m\u00f6glich an die Bed\u00fcrfnisse des Kunden anzupassen;<\/li>\n<li>Dem Kunden jahrzehntelange Erfahrung und Wissen in den Bereichen Street Food, Verkauf und fahrende Markenf\u00f6rderung zur Verf\u00fcgung stellen;<\/li>\n<li>Strategien f\u00fcr neue Gesch\u00e4ftsm\u00f6glichkeiten vorzuschlagen.<\/li>\n<\/ul>\n<p>&nbsp;<br \/>\nIn diesem Zusammenhang empfehlen wir, sich eingehender mit dem heutigen Wert eines Food Trucks und <a href=\"https:\/\/www.vsveicolispeciali.com\/de\/was-ein-foodtruck-ist-und-wie-er-sich-vom-street-food-emanzipiert\/\" rel=\"noopener\" target=\"_blank\">der sich ver\u00e4ndernden Beziehung zwischen Foodtruck und Streetfood zu befassen<\/a>.<\/p>\n<p>Dieser Weg endet nicht mit dem Verkauf des Food Trucks: VS Veicoli Speciali steht auch danach mit <strong>Rat und Tat<\/strong> zur Seite und beh\u00e4lt die konkreten Ergebnisse jedes Projektes im Blick.<\/p>\n<p>Unsere Welt befindet sich in einem kontinuierlichen Wandel. Inmitten von so viel Unsicherheit ergeben sich jedoch st\u00e4ndig <strong>Chancen<\/strong>, die wir mit Mut und Entschlossenheit ergreifen m\u00fcssen.<\/p>\n<p>VS Veicoli Speciali hat diese Herausforderung vor langer Zeit angenommen. Wir sind <strong>zukunftsorientiert<\/strong>, wir lieben unsere Arbeit und arbeiten gerne mit Unternehmen zusammen, die in die Zukunft blicken.<\/p>\n<p>Sie auch? Rufen Sie uns jetzt an!<br \/>\n&nbsp;<\/p>\n<p>&nbsp;<\/p>\n\n\t\t<style type=\"text\/css\">\n\t\t\t#gallery-1 {\n\t\t\t\tmargin: auto;\n\t\t\t}\n\t\t\t#gallery-1 .gallery-item {\n\t\t\t\tfloat: left;\n\t\t\t\tmargin-top: 10px;\n\t\t\t\ttext-align: center;\n\t\t\t\twidth: 33%;\n\t\t\t}\n\t\t\t#gallery-1 img {\n\t\t\t\tborder: 2px solid #cfcfcf;\n\t\t\t}\n\t\t\t#gallery-1 .gallery-caption {\n\t\t\t\tmargin-left: 0;\n\t\t\t}\n\t\t\t\/* see gallery_shortcode() in wp-includes\/media.php *\/\n\t\t<\/style>\n\t\t<div id='gallery-1' class='gallery galleryid-14784 gallery-columns-3 gallery-size-thumbnail'><dl class='gallery-item'>\n\t\t\t<dt class='gallery-icon landscape'>\n\t\t\t\t<a href='https:\/\/www.vsveicolispeciali.com\/de\/vendere-food-truck-top-world-2\/'><img loading=\"lazy\" decoding=\"async\" width=\"150\" height=\"150\" src=\"https:\/\/www.vsveicolispeciali.com\/wp-content\/uploads\/2021\/06\/vendere-food-truck-top-world-150x150.jpg\" class=\"attachment-thumbnail size-thumbnail\" alt=\"vendere food truck di livello top world come questo vintage food truck costruito su citroen\" srcset=\"https:\/\/www.vsveicolispeciali.com\/wp-content\/uploads\/2021\/06\/vendere-food-truck-top-world-150x150.jpg 150w, https:\/\/www.vsveicolispeciali.com\/wp-content\/uploads\/2021\/06\/vendere-food-truck-top-world-570x570.jpg 570w, https:\/\/www.vsveicolispeciali.com\/wp-content\/uploads\/2021\/06\/vendere-food-truck-top-world-500x500.jpg 500w\" sizes=\"(max-width: 150px) 100vw, 150px\" \/><\/a>\n\t\t\t<\/dt><\/dl>\n\t\t\t<br style='clear: both' \/>\n\t\t<\/div>\n\n<p>&nbsp;<\/p>\n","protected":false},"excerpt":{"rendered":"<p>In vielen Jahren unerm\u00fcdlicher Arbeit in der Planung und Konstruktion von Food Trucks und Promo Trucks hat es VS Veicoli Speciali dank seiner innovativen L\u00f6sungen von h\u00f6chster Qualit\u00e4t geschafft, sich auf dem internationalen Markt als f\u00fchrendes Unternehmen zu etablieren. Wir produzieren Fahrzeuge f\u00fcr Unternehmen aller&#8230;<\/p>\n","protected":false},"author":1001012,"featured_media":14717,"comment_status":"closed","ping_status":"open","sticky":false,"template":"","format":"gallery","meta":{"footnotes":""},"categories":[48],"tags":[256],"class_list":["post-14784","post","type-post","status-publish","format-gallery","has-post-thumbnail","hentry","category-non-categorizzato","tag-food-truck-preis","post_format-post-format-gallery"],"yoast_head":"<!-- This site is optimized with the Yoast SEO plugin v25.4 - https:\/\/yoast.com\/wordpress\/plugins\/seo\/ -->\n<title>Uns geht es nicht darum, um jeden Preis einen Food Truck zu verkaufen<\/title>\n<meta name=\"description\" content=\"Hersteller von hochwertigen Foodtrucks und Verkaufswagen, die an Unternehmen aller Gr\u00f6\u00dfen und Branchen verkauft werden. Versuchen wir Ihnen zu erkl\u00e4ren, warum wir von den gro\u00dfen Marken ausgew\u00e4hlt werden\" \/>\n<meta name=\"robots\" content=\"index, follow, max-snippet:-1, max-image-preview:large, max-video-preview:-1\" \/>\n<link rel=\"canonical\" href=\"https:\/\/www.vsveicolispeciali.com\/de\/uns-geht-es-nicht-darum-um-jeden-preis-einen-food-truck-zu-verkaufen\/\" \/>\n<meta property=\"og:locale\" content=\"de_DE\" \/>\n<meta property=\"og:type\" content=\"article\" \/>\n<meta property=\"og:title\" content=\"Uns geht es nicht darum, um jeden Preis einen Food Truck zu verkaufen\" \/>\n<meta property=\"og:description\" content=\"Hersteller von hochwertigen Foodtrucks und Verkaufswagen, die an Unternehmen aller Gr\u00f6\u00dfen und Branchen verkauft werden. Versuchen wir Ihnen zu erkl\u00e4ren, warum wir von den gro\u00dfen Marken ausgew\u00e4hlt werden\" \/>\n<meta property=\"og:url\" content=\"https:\/\/www.vsveicolispeciali.com\/de\/uns-geht-es-nicht-darum-um-jeden-preis-einen-food-truck-zu-verkaufen\/\" \/>\n<meta property=\"og:site_name\" content=\"VS Veicoli Speciali\" \/>\n<meta property=\"article:publisher\" content=\"https:\/\/www.facebook.com\/VSVeicoliSpeciali.Food.Trucks\/\" \/>\n<meta property=\"article:published_time\" content=\"2021-06-08T21:54:05+00:00\" \/>\n<meta property=\"article:modified_time\" content=\"2025-10-07T10:58:08+00:00\" \/>\n<meta property=\"og:image\" content=\"https:\/\/www.vsveicolispeciali.com\/wp-content\/uploads\/2021\/06\/vendere-food-truck-top-world.jpg\" \/>\n\t<meta property=\"og:image:width\" content=\"1200\" \/>\n\t<meta property=\"og:image:height\" content=\"800\" \/>\n\t<meta property=\"og:image:type\" content=\"image\/jpeg\" \/>\n<meta name=\"author\" content=\"VS Veicoli Speciali\" \/>\n<meta name=\"twitter:card\" content=\"summary_large_image\" \/>\n<meta name=\"twitter:creator\" content=\"@veicolispeciali\" \/>\n<meta name=\"twitter:site\" content=\"@veicolispeciali\" \/>\n<meta name=\"twitter:label1\" content=\"Verfasst von\" \/>\n\t<meta name=\"twitter:data1\" content=\"VS Veicoli Speciali\" \/>\n\t<meta name=\"twitter:label2\" content=\"Gesch\u00e4tzte Lesezeit\" \/>\n\t<meta name=\"twitter:data2\" content=\"6\u00a0Minuten\" \/>\n<script type=\"application\/ld+json\" class=\"yoast-schema-graph\">{\"@context\":\"https:\/\/schema.org\",\"@graph\":[{\"@type\":\"Article\",\"@id\":\"https:\/\/www.vsveicolispeciali.com\/de\/uns-geht-es-nicht-darum-um-jeden-preis-einen-food-truck-zu-verkaufen\/#article\",\"isPartOf\":{\"@id\":\"https:\/\/www.vsveicolispeciali.com\/de\/uns-geht-es-nicht-darum-um-jeden-preis-einen-food-truck-zu-verkaufen\/\"},\"author\":{\"name\":\"VS Veicoli Speciali\",\"@id\":\"https:\/\/www.vsveicolispeciali.com\/de\/#\/schema\/person\/1241826d792bde4333b3db1395b12be9\"},\"headline\":\"Uns geht es nicht darum, um jeden Preis einen Food Truck zu verkaufen\",\"datePublished\":\"2021-06-08T21:54:05+00:00\",\"dateModified\":\"2025-10-07T10:58:08+00:00\",\"mainEntityOfPage\":{\"@id\":\"https:\/\/www.vsveicolispeciali.com\/de\/uns-geht-es-nicht-darum-um-jeden-preis-einen-food-truck-zu-verkaufen\/\"},\"wordCount\":904,\"publisher\":{\"@id\":\"https:\/\/www.vsveicolispeciali.com\/de\/#organization\"},\"image\":{\"@id\":\"https:\/\/www.vsveicolispeciali.com\/de\/uns-geht-es-nicht-darum-um-jeden-preis-einen-food-truck-zu-verkaufen\/#primaryimage\"},\"thumbnailUrl\":\"https:\/\/www.vsveicolispeciali.com\/wp-content\/uploads\/2021\/06\/vendere-food-truck-top-world.jpg\",\"keywords\":[\"food truck preis\"],\"articleSection\":[\"Non categorizzato\"],\"inLanguage\":\"de\"},{\"@type\":\"WebPage\",\"@id\":\"https:\/\/www.vsveicolispeciali.com\/de\/uns-geht-es-nicht-darum-um-jeden-preis-einen-food-truck-zu-verkaufen\/\",\"url\":\"https:\/\/www.vsveicolispeciali.com\/de\/uns-geht-es-nicht-darum-um-jeden-preis-einen-food-truck-zu-verkaufen\/\",\"name\":\"Uns geht es nicht darum, um jeden Preis einen Food Truck zu verkaufen\",\"isPartOf\":{\"@id\":\"https:\/\/www.vsveicolispeciali.com\/de\/#website\"},\"primaryImageOfPage\":{\"@id\":\"https:\/\/www.vsveicolispeciali.com\/de\/uns-geht-es-nicht-darum-um-jeden-preis-einen-food-truck-zu-verkaufen\/#primaryimage\"},\"image\":{\"@id\":\"https:\/\/www.vsveicolispeciali.com\/de\/uns-geht-es-nicht-darum-um-jeden-preis-einen-food-truck-zu-verkaufen\/#primaryimage\"},\"thumbnailUrl\":\"https:\/\/www.vsveicolispeciali.com\/wp-content\/uploads\/2021\/06\/vendere-food-truck-top-world.jpg\",\"datePublished\":\"2021-06-08T21:54:05+00:00\",\"dateModified\":\"2025-10-07T10:58:08+00:00\",\"description\":\"Hersteller von hochwertigen Foodtrucks und Verkaufswagen, die an Unternehmen aller Gr\u00f6\u00dfen und Branchen verkauft werden. Versuchen wir Ihnen zu erkl\u00e4ren, warum wir von den gro\u00dfen Marken ausgew\u00e4hlt werden\",\"breadcrumb\":{\"@id\":\"https:\/\/www.vsveicolispeciali.com\/de\/uns-geht-es-nicht-darum-um-jeden-preis-einen-food-truck-zu-verkaufen\/#breadcrumb\"},\"inLanguage\":\"de\",\"potentialAction\":[{\"@type\":\"ReadAction\",\"target\":[\"https:\/\/www.vsveicolispeciali.com\/de\/uns-geht-es-nicht-darum-um-jeden-preis-einen-food-truck-zu-verkaufen\/\"]}]},{\"@type\":\"ImageObject\",\"inLanguage\":\"de\",\"@id\":\"https:\/\/www.vsveicolispeciali.com\/de\/uns-geht-es-nicht-darum-um-jeden-preis-einen-food-truck-zu-verkaufen\/#primaryimage\",\"url\":\"https:\/\/www.vsveicolispeciali.com\/wp-content\/uploads\/2021\/06\/vendere-food-truck-top-world.jpg\",\"contentUrl\":\"https:\/\/www.vsveicolispeciali.com\/wp-content\/uploads\/2021\/06\/vendere-food-truck-top-world.jpg\",\"width\":1200,\"height\":800,\"caption\":\"vendere food truck di livello top world come questo vintage food truck costruito su citroen\"},{\"@type\":\"BreadcrumbList\",\"@id\":\"https:\/\/www.vsveicolispeciali.com\/de\/uns-geht-es-nicht-darum-um-jeden-preis-einen-food-truck-zu-verkaufen\/#breadcrumb\",\"itemListElement\":[{\"@type\":\"ListItem\",\"position\":1,\"name\":\"Home\",\"item\":\"https:\/\/www.vsveicolispeciali.com\/de\/\"},{\"@type\":\"ListItem\",\"position\":2,\"name\":\"Uns geht es nicht darum, um jeden Preis einen Food Truck zu verkaufen\"}]},{\"@type\":\"WebSite\",\"@id\":\"https:\/\/www.vsveicolispeciali.com\/de\/#website\",\"url\":\"https:\/\/www.vsveicolispeciali.com\/de\/\",\"name\":\"VS Veicoli Speciali\",\"description\":\"\",\"publisher\":{\"@id\":\"https:\/\/www.vsveicolispeciali.com\/de\/#organization\"},\"potentialAction\":[{\"@type\":\"SearchAction\",\"target\":{\"@type\":\"EntryPoint\",\"urlTemplate\":\"https:\/\/www.vsveicolispeciali.com\/de\/?s={search_term_string}\"},\"query-input\":{\"@type\":\"PropertyValueSpecification\",\"valueRequired\":true,\"valueName\":\"search_term_string\"}}],\"inLanguage\":\"de\"},{\"@type\":\"Organization\",\"@id\":\"https:\/\/www.vsveicolispeciali.com\/de\/#organization\",\"name\":\"VS Veicoli Speciali\",\"url\":\"https:\/\/www.vsveicolispeciali.com\/de\/\",\"logo\":{\"@type\":\"ImageObject\",\"inLanguage\":\"de\",\"@id\":\"https:\/\/www.vsveicolispeciali.com\/de\/#\/schema\/logo\/image\/\",\"url\":\"http:\/\/www.vsveicolispeciali.com\/wp-content\/uploads\/2015\/05\/vs_veicoli_speciali-logo.png\",\"contentUrl\":\"http:\/\/www.vsveicolispeciali.com\/wp-content\/uploads\/2015\/05\/vs_veicoli_speciali-logo.png\",\"width\":252,\"height\":134,\"caption\":\"VS Veicoli Speciali\"},\"image\":{\"@id\":\"https:\/\/www.vsveicolispeciali.com\/de\/#\/schema\/logo\/image\/\"},\"sameAs\":[\"https:\/\/www.facebook.com\/VSVeicoliSpeciali.Food.Trucks\/\",\"https:\/\/x.com\/veicolispeciali\",\"https:\/\/www.instagram.com\/vs_veicolispeciali\/\",\"https:\/\/www.linkedin.com\/company\/2811960\/\",\"https:\/\/www.pinterest.com\/streetfoodtruck\/\",\"https:\/\/www.youtube.com\/user\/veicolispeciali\"]},{\"@type\":\"Person\",\"@id\":\"https:\/\/www.vsveicolispeciali.com\/de\/#\/schema\/person\/1241826d792bde4333b3db1395b12be9\",\"name\":\"VS Veicoli Speciali\",\"image\":{\"@type\":\"ImageObject\",\"inLanguage\":\"de\",\"@id\":\"https:\/\/www.vsveicolispeciali.com\/de\/#\/schema\/person\/image\/\",\"url\":\"https:\/\/secure.gravatar.com\/avatar\/4ea93278e71ba140dbbbfb5d34409507?s=96&d=mm&r=g\",\"contentUrl\":\"https:\/\/secure.gravatar.com\/avatar\/4ea93278e71ba140dbbbfb5d34409507?s=96&d=mm&r=g\",\"caption\":\"VS Veicoli Speciali\"}}]}<\/script>\n<!-- \/ Yoast SEO plugin. -->","yoast_head_json":{"title":"Uns geht es nicht darum, um jeden Preis einen Food Truck zu verkaufen","description":"Hersteller von hochwertigen Foodtrucks und Verkaufswagen, die an Unternehmen aller Gr\u00f6\u00dfen und Branchen verkauft werden. Versuchen wir Ihnen zu erkl\u00e4ren, warum wir von den gro\u00dfen Marken ausgew\u00e4hlt werden","robots":{"index":"index","follow":"follow","max-snippet":"max-snippet:-1","max-image-preview":"max-image-preview:large","max-video-preview":"max-video-preview:-1"},"canonical":"https:\/\/www.vsveicolispeciali.com\/de\/uns-geht-es-nicht-darum-um-jeden-preis-einen-food-truck-zu-verkaufen\/","og_locale":"de_DE","og_type":"article","og_title":"Uns geht es nicht darum, um jeden Preis einen Food Truck zu verkaufen","og_description":"Hersteller von hochwertigen Foodtrucks und Verkaufswagen, die an Unternehmen aller Gr\u00f6\u00dfen und Branchen verkauft werden. Versuchen wir Ihnen zu erkl\u00e4ren, warum wir von den gro\u00dfen Marken ausgew\u00e4hlt werden","og_url":"https:\/\/www.vsveicolispeciali.com\/de\/uns-geht-es-nicht-darum-um-jeden-preis-einen-food-truck-zu-verkaufen\/","og_site_name":"VS Veicoli Speciali","article_publisher":"https:\/\/www.facebook.com\/VSVeicoliSpeciali.Food.Trucks\/","article_published_time":"2021-06-08T21:54:05+00:00","article_modified_time":"2025-10-07T10:58:08+00:00","og_image":[{"width":1200,"height":800,"url":"https:\/\/www.vsveicolispeciali.com\/wp-content\/uploads\/2021\/06\/vendere-food-truck-top-world.jpg","type":"image\/jpeg"}],"author":"VS Veicoli Speciali","twitter_card":"summary_large_image","twitter_creator":"@veicolispeciali","twitter_site":"@veicolispeciali","twitter_misc":{"Verfasst von":"VS Veicoli Speciali","Gesch\u00e4tzte Lesezeit":"6\u00a0Minuten"},"schema":{"@context":"https:\/\/schema.org","@graph":[{"@type":"Article","@id":"https:\/\/www.vsveicolispeciali.com\/de\/uns-geht-es-nicht-darum-um-jeden-preis-einen-food-truck-zu-verkaufen\/#article","isPartOf":{"@id":"https:\/\/www.vsveicolispeciali.com\/de\/uns-geht-es-nicht-darum-um-jeden-preis-einen-food-truck-zu-verkaufen\/"},"author":{"name":"VS Veicoli Speciali","@id":"https:\/\/www.vsveicolispeciali.com\/de\/#\/schema\/person\/1241826d792bde4333b3db1395b12be9"},"headline":"Uns geht es nicht darum, um jeden Preis einen Food Truck zu verkaufen","datePublished":"2021-06-08T21:54:05+00:00","dateModified":"2025-10-07T10:58:08+00:00","mainEntityOfPage":{"@id":"https:\/\/www.vsveicolispeciali.com\/de\/uns-geht-es-nicht-darum-um-jeden-preis-einen-food-truck-zu-verkaufen\/"},"wordCount":904,"publisher":{"@id":"https:\/\/www.vsveicolispeciali.com\/de\/#organization"},"image":{"@id":"https:\/\/www.vsveicolispeciali.com\/de\/uns-geht-es-nicht-darum-um-jeden-preis-einen-food-truck-zu-verkaufen\/#primaryimage"},"thumbnailUrl":"https:\/\/www.vsveicolispeciali.com\/wp-content\/uploads\/2021\/06\/vendere-food-truck-top-world.jpg","keywords":["food truck preis"],"articleSection":["Non categorizzato"],"inLanguage":"de"},{"@type":"WebPage","@id":"https:\/\/www.vsveicolispeciali.com\/de\/uns-geht-es-nicht-darum-um-jeden-preis-einen-food-truck-zu-verkaufen\/","url":"https:\/\/www.vsveicolispeciali.com\/de\/uns-geht-es-nicht-darum-um-jeden-preis-einen-food-truck-zu-verkaufen\/","name":"Uns geht es nicht darum, um jeden Preis einen Food Truck zu verkaufen","isPartOf":{"@id":"https:\/\/www.vsveicolispeciali.com\/de\/#website"},"primaryImageOfPage":{"@id":"https:\/\/www.vsveicolispeciali.com\/de\/uns-geht-es-nicht-darum-um-jeden-preis-einen-food-truck-zu-verkaufen\/#primaryimage"},"image":{"@id":"https:\/\/www.vsveicolispeciali.com\/de\/uns-geht-es-nicht-darum-um-jeden-preis-einen-food-truck-zu-verkaufen\/#primaryimage"},"thumbnailUrl":"https:\/\/www.vsveicolispeciali.com\/wp-content\/uploads\/2021\/06\/vendere-food-truck-top-world.jpg","datePublished":"2021-06-08T21:54:05+00:00","dateModified":"2025-10-07T10:58:08+00:00","description":"Hersteller von hochwertigen Foodtrucks und Verkaufswagen, die an Unternehmen aller Gr\u00f6\u00dfen und Branchen verkauft werden. Versuchen wir Ihnen zu erkl\u00e4ren, warum wir von den gro\u00dfen Marken ausgew\u00e4hlt werden","breadcrumb":{"@id":"https:\/\/www.vsveicolispeciali.com\/de\/uns-geht-es-nicht-darum-um-jeden-preis-einen-food-truck-zu-verkaufen\/#breadcrumb"},"inLanguage":"de","potentialAction":[{"@type":"ReadAction","target":["https:\/\/www.vsveicolispeciali.com\/de\/uns-geht-es-nicht-darum-um-jeden-preis-einen-food-truck-zu-verkaufen\/"]}]},{"@type":"ImageObject","inLanguage":"de","@id":"https:\/\/www.vsveicolispeciali.com\/de\/uns-geht-es-nicht-darum-um-jeden-preis-einen-food-truck-zu-verkaufen\/#primaryimage","url":"https:\/\/www.vsveicolispeciali.com\/wp-content\/uploads\/2021\/06\/vendere-food-truck-top-world.jpg","contentUrl":"https:\/\/www.vsveicolispeciali.com\/wp-content\/uploads\/2021\/06\/vendere-food-truck-top-world.jpg","width":1200,"height":800,"caption":"vendere food truck di livello top world come questo vintage food truck costruito su citroen"},{"@type":"BreadcrumbList","@id":"https:\/\/www.vsveicolispeciali.com\/de\/uns-geht-es-nicht-darum-um-jeden-preis-einen-food-truck-zu-verkaufen\/#breadcrumb","itemListElement":[{"@type":"ListItem","position":1,"name":"Home","item":"https:\/\/www.vsveicolispeciali.com\/de\/"},{"@type":"ListItem","position":2,"name":"Uns geht es nicht darum, um jeden Preis einen Food Truck zu verkaufen"}]},{"@type":"WebSite","@id":"https:\/\/www.vsveicolispeciali.com\/de\/#website","url":"https:\/\/www.vsveicolispeciali.com\/de\/","name":"VS Veicoli Speciali","description":"","publisher":{"@id":"https:\/\/www.vsveicolispeciali.com\/de\/#organization"},"potentialAction":[{"@type":"SearchAction","target":{"@type":"EntryPoint","urlTemplate":"https:\/\/www.vsveicolispeciali.com\/de\/?s={search_term_string}"},"query-input":{"@type":"PropertyValueSpecification","valueRequired":true,"valueName":"search_term_string"}}],"inLanguage":"de"},{"@type":"Organization","@id":"https:\/\/www.vsveicolispeciali.com\/de\/#organization","name":"VS Veicoli Speciali","url":"https:\/\/www.vsveicolispeciali.com\/de\/","logo":{"@type":"ImageObject","inLanguage":"de","@id":"https:\/\/www.vsveicolispeciali.com\/de\/#\/schema\/logo\/image\/","url":"http:\/\/www.vsveicolispeciali.com\/wp-content\/uploads\/2015\/05\/vs_veicoli_speciali-logo.png","contentUrl":"http:\/\/www.vsveicolispeciali.com\/wp-content\/uploads\/2015\/05\/vs_veicoli_speciali-logo.png","width":252,"height":134,"caption":"VS Veicoli Speciali"},"image":{"@id":"https:\/\/www.vsveicolispeciali.com\/de\/#\/schema\/logo\/image\/"},"sameAs":["https:\/\/www.facebook.com\/VSVeicoliSpeciali.Food.Trucks\/","https:\/\/x.com\/veicolispeciali","https:\/\/www.instagram.com\/vs_veicolispeciali\/","https:\/\/www.linkedin.com\/company\/2811960\/","https:\/\/www.pinterest.com\/streetfoodtruck\/","https:\/\/www.youtube.com\/user\/veicolispeciali"]},{"@type":"Person","@id":"https:\/\/www.vsveicolispeciali.com\/de\/#\/schema\/person\/1241826d792bde4333b3db1395b12be9","name":"VS Veicoli Speciali","image":{"@type":"ImageObject","inLanguage":"de","@id":"https:\/\/www.vsveicolispeciali.com\/de\/#\/schema\/person\/image\/","url":"https:\/\/secure.gravatar.com\/avatar\/4ea93278e71ba140dbbbfb5d34409507?s=96&d=mm&r=g","contentUrl":"https:\/\/secure.gravatar.com\/avatar\/4ea93278e71ba140dbbbfb5d34409507?s=96&d=mm&r=g","caption":"VS Veicoli Speciali"}}]}},"_links":{"self":[{"href":"https:\/\/www.vsveicolispeciali.com\/de\/wp-json\/wp\/v2\/posts\/14784"}],"collection":[{"href":"https:\/\/www.vsveicolispeciali.com\/de\/wp-json\/wp\/v2\/posts"}],"about":[{"href":"https:\/\/www.vsveicolispeciali.com\/de\/wp-json\/wp\/v2\/types\/post"}],"author":[{"embeddable":true,"href":"https:\/\/www.vsveicolispeciali.com\/de\/wp-json\/wp\/v2\/users\/1001012"}],"replies":[{"embeddable":true,"href":"https:\/\/www.vsveicolispeciali.com\/de\/wp-json\/wp\/v2\/comments?post=14784"}],"version-history":[{"count":9,"href":"https:\/\/www.vsveicolispeciali.com\/de\/wp-json\/wp\/v2\/posts\/14784\/revisions"}],"predecessor-version":[{"id":28789,"href":"https:\/\/www.vsveicolispeciali.com\/de\/wp-json\/wp\/v2\/posts\/14784\/revisions\/28789"}],"wp:featuredmedia":[{"embeddable":true,"href":"https:\/\/www.vsveicolispeciali.com\/de\/wp-json\/wp\/v2\/media\/14717"}],"wp:attachment":[{"href":"https:\/\/www.vsveicolispeciali.com\/de\/wp-json\/wp\/v2\/media?parent=14784"}],"wp:term":[{"taxonomy":"category","embeddable":true,"href":"https:\/\/www.vsveicolispeciali.com\/de\/wp-json\/wp\/v2\/categories?post=14784"},{"taxonomy":"post_tag","embeddable":true,"href":"https:\/\/www.vsveicolispeciali.com\/de\/wp-json\/wp\/v2\/tags?post=14784"}],"curies":[{"name":"wp","href":"https:\/\/api.w.org\/{rel}","templated":true}]}}