{"id":14689,"date":"2021-05-16T18:11:58","date_gmt":"2021-05-16T16:11:58","guid":{"rendered":"http:\/\/vsveicolispeciali.com\/con-un-coffee-truck-il-successo-arriva-in-formato-espresso\/"},"modified":"2024-01-30T16:16:01","modified_gmt":"2024-01-30T15:16:01","slug":"der-coffee-truck-erfolg-im-espresso-format-italienische-kaffeewagen","status":"publish","type":"post","link":"https:\/\/www.vsveicolispeciali.com\/de\/der-coffee-truck-erfolg-im-espresso-format-italienische-kaffeewagen\/","title":{"rendered":"Der Coffee Truck: Erfolg im Espresso-Format"},"content":{"rendered":"<p>Die <strong>Kaffeepause<\/strong> ist ein Bestandteil der europ\u00e4ischen und amerikanischen Kultur und verbreitet sich auch an anderen Orten auf der Welt immer mehr.<\/p>\n<p>Ein Kaffee <strong>an der Bar oder in der Cafeteria<\/strong> ist perfekt, um einen Moment f\u00fcr sich zu haben, Kontakte zu kn\u00fcpfen oder Zeit in guter Gesellschaft zu verbringen.<\/p>\n<p>Viele <strong>Unternehmen<\/strong> haben inzwischen verstanden, dass ein solcher Ort gut f\u00fcr den Profit und das Image ist. Kleine und gro\u00dfe Marken wissen, dass das Sponsern von Freizeitveranstaltungen und das Angebot von kommerziellen Dienstleistungen von gro\u00dfem Vorteil sind.<\/p>\n<p>Eine <strong>Kaffeemobile<\/strong> oder ein <a href=\"https:\/\/www.vsveicolispeciali.com\/de\/street-food\/kaffeewagen-kaffee-foodtruck\/\">Kaffee Foodtruck<\/a> sind L\u00f6sungen mit gro\u00dfer kommunikativer Wirkung, nicht nur f\u00fcr das Gastst\u00e4ttengewerbe, sondern f\u00fcr alle Unternehmen, die ihr Image aufpeppen wollen, indem sie einen n\u00fctzlichen Service anbieten und ihre Marke mit willkommenen Freizeitmomenten verbinden.<\/p>\n<p>Die T\u00e4tigkeit eines Coffee Trucks <strong>beschr\u00e4nkt sich nicht auf den Verkauf von Kaffee<\/strong>: Die <a href=\"https:\/\/vsveicolispeciali.com\/de\/verkaufswagen-kaufen\/piaggio-ape-food-truck\/gastro-ape-tr-food-truck-verkaufsflaechen-mobiler-kioskwagen\/\" target=\"_blank\" rel=\"noopener noreferrer\">mobile Kiosk<\/a> kann genutzt werden, um Getr\u00e4nke und Snacks aller Art, warme Mahlzeiten und sonstige Getr\u00e4nke anzubieten &#8211; ganz nach Bedarf und Arbeitsbereich.<\/p>\n<p>Ein mit <strong>einer Espressomaschine ausgestatteter Coffee Truck<\/strong> wird zu einer Art <strong>Kiosk auf R\u00e4dern<\/strong>, einer mobilen Rastst\u00e4tte, die die Kunden \u00fcberall erreichen kann.<\/p>\n<p>Im Folgenden wird eine nicht ersch\u00f6pfende Liste von <strong>rentablen Aufstellorten<\/strong> angef\u00fchrt<\/p>\n<ul class=\"lista\">\n<li>Stra\u00dfen oder Pl\u00e4tze in der Stadt;<\/li>\n<li>Festivals und Messen;<\/li>\n<li>Unternehmensveranstaltungen;<\/li>\n<li>H\u00f6fe und private Pl\u00e4tze;<\/li>\n<li>Vor dem eigenen Gesch\u00e4ft;<\/li>\n<li>Parks (innerhalb oder beim Eingang);<\/li>\n<li>Einkaufszentren;<\/li>\n<li>Gro\u00dfe Ausstellungsfl\u00e4chen;<\/li>\n<li>Museen;<\/li>\n<li>Casinos;<\/li>\n<li>Private R\u00e4ume von Hotels und Resorts;<\/li>\n<li>Vergn\u00fcgungsparks;<\/li>\n<li>Bahnh\u00f6fe und Flugh\u00e4fen;<\/li>\n<li>usw.<\/li>\n<\/ul>\n<p>&nbsp;<\/p>\n<p>Die Profitchancen und Entwicklungsm\u00f6glichkeiten f\u00fcr <strong>Werbe- und Marketingsstrategien<\/strong> sind enorm.<\/p>\n<p>Jedes <strong>Ausstattungselement<\/strong> der <a href=\"https:\/\/www.vsveicolispeciali.com\/de\/die-kunst-der-kaffeemobile-nach-artari\/\" rel=\"noopener\" target=\"_blank\">Kaffeemobile<\/a> kann individuell abgestimmt werden:<\/p>\n<ul class=\"lista\">\n<li>Graphik und Farben<\/li>\n<li>Materialien<\/li>\n<li>Ausr\u00fcstungen<\/li>\n<li>Beleuchtung<\/li>\n<li>Zubeh\u00f6r<\/li>\n<\/ul>\n<p>&nbsp;<\/p>\n<p>Das Fahrzeug kann klein oder gro\u00df sein, einen Elektromotor oder gar keinen Motor (<a href=\"https:\/\/vsveicolispeciali.com\/de\/ape-tr-ein-neues-kaffeewagen-konzept-fuer-mobile-verkauf\/\" target=\"_blank\" rel=\"noopener noreferrer\">Ape TR<\/a>) haben.<\/p>\n<p>Das <strong>Konzept<\/strong> des Coffee Trucks wird dem Gesch\u00e4ftsziel angepasst.<\/p>\n<p>Im Folgenden wird eine Reihe von Beispielen von Unternehmen und Unternehmern angef\u00fchrt, die sich entschieden haben, Kaffee mit einem neuen, dynamischen und ungew\u00f6hnlichen Fahrzeug zu verkaufen.<\/p>\n<p>&nbsp;&nbsp;<\/p>\n<h2>Neue Coffee Trucks nach Ma\u00df<\/h2>\n<p>&nbsp;<\/p>\n<p><u>Ape TR &#8211; <a href=\"https:\/\/www.vsveicolispeciali.com\/de\/street-food-truck\/kaffeemobil-piaggio-ape-tr-italian-coffee\/\" rel=\"noopener\" target=\"_blank\">Italian Coffee<\/a><\/u><\/p>\n<p><a href=\"https:\/\/vsveicolispeciali.com\/wp-content\/uploads\/2020\/12\/ape-caffe-piaggio-tr-italian-coffee.jpg\"><img loading=\"lazy\" decoding=\"async\" class=\"alignright size-full wp-image-14079\" src=\"https:\/\/vsveicolispeciali.com\/wp-content\/uploads\/2020\/12\/ape-caffe-piaggio-tr-italian-coffee.jpg\" alt=\"Piaggio Ape Caff\u00e8 mit professioneller Kaffeemaschine und gek\u00fchlter Vitrine f\u00fcr mobiles Catering \" width=\"1000\" height=\"800\" srcset=\"https:\/\/www.vsveicolispeciali.com\/wp-content\/uploads\/2020\/12\/ape-caffe-piaggio-tr-italian-coffee.jpg 1000w, https:\/\/www.vsveicolispeciali.com\/wp-content\/uploads\/2020\/12\/ape-caffe-piaggio-tr-italian-coffee-300x240.jpg 300w, https:\/\/www.vsveicolispeciali.com\/wp-content\/uploads\/2020\/12\/ape-caffe-piaggio-tr-italian-coffee-768x614.jpg 768w, https:\/\/www.vsveicolispeciali.com\/wp-content\/uploads\/2020\/12\/ape-caffe-piaggio-tr-italian-coffee-700x560.jpg 700w\" sizes=\"(max-width: 1000px) 100vw, 1000px\" \/><\/a><\/p>\n<p>Nach Portugal verkauft, mit gro\u00dfem K\u00fchlraum<\/p>\n<p>&nbsp;<\/p>\n<p><u>Ape V-Curve \u2013 <a href=\"https:\/\/www.vsveicolispeciali.com\/de\/street-food-truck\/cafe-ape-tr-kaffee-vergnano-mobile-cafeteria\/\" rel=\"noopener\" target=\"_blank\">Vergnano 1882<\/a><\/u><\/p>\n<p><a href=\"https:\/\/vsveicolispeciali.com\/wp-content\/uploads\/2019\/07\/caffetteria-mobile-piaggio-ape-tr-vergnano.jpg\"><img loading=\"lazy\" decoding=\"async\" class=\"alignright size-full wp-image-10242\" src=\"https:\/\/vsveicolispeciali.com\/wp-content\/uploads\/2019\/07\/caffetteria-mobile-piaggio-ape-tr-vergnano.jpg\" alt=\"Kaffeemobile piaggio ape tr vergnano vor dem stand w\u00e4hrend der messe\" width=\"800\" height=\"443\" srcset=\"https:\/\/www.vsveicolispeciali.com\/wp-content\/uploads\/2019\/07\/caffetteria-mobile-piaggio-ape-tr-vergnano.jpg 800w, https:\/\/www.vsveicolispeciali.com\/wp-content\/uploads\/2019\/07\/caffetteria-mobile-piaggio-ape-tr-vergnano-300x166.jpg 300w, https:\/\/www.vsveicolispeciali.com\/wp-content\/uploads\/2019\/07\/caffetteria-mobile-piaggio-ape-tr-vergnano-768x425.jpg 768w, https:\/\/www.vsveicolispeciali.com\/wp-content\/uploads\/2019\/07\/caffetteria-mobile-piaggio-ape-tr-vergnano-700x388.jpg 700w\" sizes=\"(max-width: 800px) 100vw, 800px\" \/><\/a><\/p>\n<p>Der Coffee Truck einer Kultmarke, der auch w\u00e4hrend der Ausgangssperre aktiv war<\/p>\n<p>&nbsp;<\/p>\n<p><u>Ape V-Curve \u2013 <a href=\"https:\/\/www.vsveicolispeciali.com\/de\/street-food-truck\/mobile-kaffeewagen-la-lela-kaffee-kunst\/\" rel=\"noopener\" target=\"_blank\">La Lela Kaffee Kunst<\/a><\/u><\/p>\n<p><a href=\"https:\/\/vsveicolispeciali.com\/wp-content\/uploads\/2020\/12\/coffee-truck-natalia-guerrero.jpg\"><img loading=\"lazy\" decoding=\"async\" class=\"alignright size-full wp-image-13900\" src=\"https:\/\/vsveicolispeciali.com\/wp-content\/uploads\/2020\/12\/coffee-truck-natalia-guerrero.jpg\" alt=\"coffee truck f\u00fcr street food von natalia guerrero - La Lela kaffee kunst\" width=\"1000\" height=\"800\" srcset=\"https:\/\/www.vsveicolispeciali.com\/wp-content\/uploads\/2020\/12\/coffee-truck-natalia-guerrero.jpg 1000w, https:\/\/www.vsveicolispeciali.com\/wp-content\/uploads\/2020\/12\/coffee-truck-natalia-guerrero-300x240.jpg 300w, https:\/\/www.vsveicolispeciali.com\/wp-content\/uploads\/2020\/12\/coffee-truck-natalia-guerrero-768x614.jpg 768w, https:\/\/www.vsveicolispeciali.com\/wp-content\/uploads\/2020\/12\/coffee-truck-natalia-guerrero-700x560.jpg 700w\" sizes=\"(max-width: 1000px) 100vw, 1000px\" \/><\/a><\/p>\n<p>Das Projekt einer ber\u00fchmten Kaffeedegustiererin<\/p>\n<p>&nbsp;<\/p>\n<p><u>NV Food Truck &#8211; <a href=\"https:\/\/www.vsveicolispeciali.com\/de\/street-food-truck\/kaffeewagen-mobil-nespresso-citroen-jumper\/\" rel=\"noopener\" target=\"_blank\">Nespresso<\/a><\/u><\/p>\n<p><a href=\"https:\/\/vsveicolispeciali.com\/wp-content\/uploads\/2020\/03\/nespresso-food-truck-caffetteria-ambulante.jpg\"><img loading=\"lazy\" decoding=\"async\" class=\"alignright size-full wp-image-12321\" src=\"https:\/\/vsveicolispeciali.com\/wp-content\/uploads\/2020\/03\/nespresso-food-truck-caffetteria-ambulante.jpg\" alt=\"Nespresso Food Truck ist ein coffee truck zur F\u00f6rderung von Kaffeeprodukten und professionellen Maschinen\" width=\"1000\" height=\"800\" srcset=\"https:\/\/www.vsveicolispeciali.com\/wp-content\/uploads\/2020\/03\/nespresso-food-truck-caffetteria-ambulante.jpg 1000w, https:\/\/www.vsveicolispeciali.com\/wp-content\/uploads\/2020\/03\/nespresso-food-truck-caffetteria-ambulante-300x240.jpg 300w, https:\/\/www.vsveicolispeciali.com\/wp-content\/uploads\/2020\/03\/nespresso-food-truck-caffetteria-ambulante-768x614.jpg 768w, https:\/\/www.vsveicolispeciali.com\/wp-content\/uploads\/2020\/03\/nespresso-food-truck-caffetteria-ambulante-700x560.jpg 700w\" sizes=\"(max-width: 1000px) 100vw, 1000px\" \/><\/a><\/p>\n<p>Ein Coffee Truck mit erstaunlichem Arbeitsvolumen<br \/>\n&nbsp;<\/p>\n<p><u>Ape TR &#8211; <a href=\"https:\/\/www.vsveicolispeciali.com\/de\/street-food-truck\/kaffeewagen-mobil-kioskwagen-piaggio-ape-tr-caffe-re-nero\/\" rel=\"noopener\" target=\"_blank\">Re Nero Caff\u00e8<\/a><\/u><\/p>\n<div class=\"video-youtube\"><iframe loading=\"lazy\" src=\"https:\/\/www.youtube.com\/embed\/3PHBGnS49RI?rel=0\" width=\"\" height=\"\" frameborder=\"0\" allowfullscreen=\"allowfullscreen\"><\/iframe><\/div>\n<p>&nbsp;<br \/>\nEin echtes Juwel einer mobilen Cafeteria mit einer schiebbaren, automatischen Kassenanlage<\/p>\n<p><u>Ape TR &#8211; <a href=\"https:\/\/www.vsveicolispeciali.com\/de\/street-food-truck\/kaffeemobile-cafe-sympa-piaggio-ape-tr\/\" rel=\"noopener\" target=\"_blank\">Sympa<\/a><\/u><\/p>\n<p><a href=\"https:\/\/vsveicolispeciali.com\/wp-content\/uploads\/2020\/12\/food-truck-caffetteria-cafe-sympa.jpg\"><img loading=\"lazy\" decoding=\"async\" class=\"alignright size-full wp-image-14064\" src=\"https:\/\/vsveicolispeciali.com\/wp-content\/uploads\/2020\/12\/food-truck-caffetteria-cafe-sympa.jpg\" alt=\"Mobilstation f\u00fcr Catering-Service in einem Krankenhaus in Frankreich\" width=\"1000\" height=\"800\" srcset=\"https:\/\/www.vsveicolispeciali.com\/wp-content\/uploads\/2020\/12\/food-truck-caffetteria-cafe-sympa.jpg 1000w, https:\/\/www.vsveicolispeciali.com\/wp-content\/uploads\/2020\/12\/food-truck-caffetteria-cafe-sympa-300x240.jpg 300w, https:\/\/www.vsveicolispeciali.com\/wp-content\/uploads\/2020\/12\/food-truck-caffetteria-cafe-sympa-768x614.jpg 768w, https:\/\/www.vsveicolispeciali.com\/wp-content\/uploads\/2020\/12\/food-truck-caffetteria-cafe-sympa-700x560.jpg 700w\" sizes=\"(max-width: 1000px) 100vw, 1000px\" \/><\/a><\/p>\n<p>Kaffeemobile aufgestellt in einem franz\u00f6sischen Krankenhaus<\/p>\n<p>&nbsp;<\/p>\n<p><u>Ape V-Curve &#8211; <a href=\"https:\/\/www.vsveicolispeciali.com\/de\/street-food-truck\/ape-kaffeemobil-piaggio-cafe-alpin\/\" rel=\"noopener\" target=\"_blank\">Caf\u00e9 Alpin<\/a><\/u><\/p>\n<p><a href=\"https:\/\/vsveicolispeciali.com\/wp-content\/uploads\/2021\/05\/triporteur-Cafe-Alpin-Chamonix.jpg\"><img loading=\"lazy\" decoding=\"async\" class=\"alignright size-full wp-image-14663\" src=\"https:\/\/vsveicolispeciali.com\/wp-content\/uploads\/2021\/05\/triporteur-Cafe-Alpin-Chamonix.jpg\" alt=\"triporteur Cafe Alpin Chamonix coffee truck kundenspezifische\" width=\"800\" height=\"895\" srcset=\"https:\/\/www.vsveicolispeciali.com\/wp-content\/uploads\/2021\/05\/triporteur-Cafe-Alpin-Chamonix.jpg 800w, https:\/\/www.vsveicolispeciali.com\/wp-content\/uploads\/2021\/05\/triporteur-Cafe-Alpin-Chamonix-268x300.jpg 268w, https:\/\/www.vsveicolispeciali.com\/wp-content\/uploads\/2021\/05\/triporteur-Cafe-Alpin-Chamonix-768x859.jpg 768w, https:\/\/www.vsveicolispeciali.com\/wp-content\/uploads\/2021\/05\/triporteur-Cafe-Alpin-Chamonix-700x783.jpg 700w\" sizes=\"(max-width: 800px) 100vw, 800px\" \/><\/a><\/p>\n<p>Kleine reisende Kaffee-Bar an den H\u00e4ngen von Chamonix an der Grenze zwischen Italien und Frankreich<\/p>\n<p>&nbsp;<\/p>\n<p><u>Fiat 615 &#8211; <a href=\"https:\/\/www.vsveicolispeciali.com\/de\/street-food-truck\/vintage-food-truck-lavazza-oldtimer-fiat-615\/\" rel=\"noopener\" target=\"_blank\">Lavazza<\/a><\/u><\/p>\n<p><a href=\"https:\/\/vsveicolispeciali.com\/wp-content\/uploads\/2018\/02\/food-truck-fiat-615-lavazza.jpg\"><img loading=\"lazy\" decoding=\"async\" class=\"alignright size-full wp-image-6253\" src=\"https:\/\/vsveicolispeciali.com\/wp-content\/uploads\/2018\/02\/food-truck-fiat-615-lavazza.jpg\" alt=\"Oldtimer Fahrzeug Fiat 615 verwandelt in Food Truck f\u00fcr Lavazza Kaffee am Flughafen Turin\" width=\"800\" height=\"547\" srcset=\"https:\/\/www.vsveicolispeciali.com\/wp-content\/uploads\/2018\/02\/food-truck-fiat-615-lavazza.jpg 800w, https:\/\/www.vsveicolispeciali.com\/wp-content\/uploads\/2018\/02\/food-truck-fiat-615-lavazza-300x205.jpg 300w, https:\/\/www.vsveicolispeciali.com\/wp-content\/uploads\/2018\/02\/food-truck-fiat-615-lavazza-768x525.jpg 768w, https:\/\/www.vsveicolispeciali.com\/wp-content\/uploads\/2018\/02\/food-truck-fiat-615-lavazza-700x479.jpg 700w\" sizes=\"(max-width: 800px) 100vw, 800px\" \/><\/a><\/p>\n<p>Eine Bar-Coffee-Truck, die auf einem Oldtimer gebaut und am Flughafen Caselle Torinese platziert wurde<\/p>\n\n\t\t<style type=\"text\/css\">\n\t\t\t#gallery-1 {\n\t\t\t\tmargin: auto;\n\t\t\t}\n\t\t\t#gallery-1 .gallery-item {\n\t\t\t\tfloat: left;\n\t\t\t\tmargin-top: 10px;\n\t\t\t\ttext-align: center;\n\t\t\t\twidth: 33%;\n\t\t\t}\n\t\t\t#gallery-1 img {\n\t\t\t\tborder: 2px solid #cfcfcf;\n\t\t\t}\n\t\t\t#gallery-1 .gallery-caption {\n\t\t\t\tmargin-left: 0;\n\t\t\t}\n\t\t\t\/* see gallery_shortcode() in wp-includes\/media.php *\/\n\t\t<\/style>\n\t\t<div id='gallery-1' class='gallery galleryid-14689 gallery-columns-3 gallery-size-thumbnail'><dl class='gallery-item'>\n\t\t\t<dt class='gallery-icon landscape'>\n\t\t\t\t<a href='https:\/\/www.vsveicolispeciali.com\/de\/?attachment_id=7574'><img loading=\"lazy\" decoding=\"async\" width=\"150\" height=\"150\" src=\"https:\/\/www.vsveicolispeciali.com\/wp-content\/uploads\/2018\/07\/cafe-alpin-ape-street-food-inverno-150x150.jpg\" class=\"attachment-thumbnail size-thumbnail\" alt=\"\" srcset=\"https:\/\/www.vsveicolispeciali.com\/wp-content\/uploads\/2018\/07\/cafe-alpin-ape-street-food-inverno-150x150.jpg 150w, https:\/\/www.vsveicolispeciali.com\/wp-content\/uploads\/2018\/07\/cafe-alpin-ape-street-food-inverno-570x570.jpg 570w, https:\/\/www.vsveicolispeciali.com\/wp-content\/uploads\/2018\/07\/cafe-alpin-ape-street-food-inverno-600x600.jpg 600w, https:\/\/www.vsveicolispeciali.com\/wp-content\/uploads\/2018\/07\/cafe-alpin-ape-street-food-inverno-500x500.jpg 500w\" sizes=\"(max-width: 150px) 100vw, 150px\" \/><\/a>\n\t\t\t<\/dt><\/dl>\n\t\t\t<br style='clear: both' \/>\n\t\t<\/div>\n\n<p>&nbsp;<\/p>\n","protected":false},"excerpt":{"rendered":"<p>Die Kaffeepause ist ein Bestandteil der europ\u00e4ischen und amerikanischen Kultur und verbreitet sich auch an anderen Orten auf der Welt immer mehr. Ein Kaffee an der Bar oder in der Cafeteria ist perfekt, um einen Moment f\u00fcr sich zu haben, Kontakte zu kn\u00fcpfen oder Zeit&#8230;<\/p>\n","protected":false},"author":1001012,"featured_media":7574,"comment_status":"closed","ping_status":"open","sticky":false,"template":"","format":"gallery","meta":{"footnotes":""},"categories":[48],"tags":[268],"class_list":["post-14689","post","type-post","status-publish","format-gallery","has-post-thumbnail","hentry","category-non-categorizzato","tag-kaffeewagen-kaufen","post_format-post-format-gallery"],"yoast_head":"<!-- This site is optimized with the Yoast SEO plugin v25.4 - https:\/\/yoast.com\/wordpress\/plugins\/seo\/ -->\n<title>Der Coffee Truck: Erfolg im Espresso-Format | Italienische Kaffeewagen<\/title>\n<meta name=\"description\" content=\"Personalisiertes Coffee-Truck-Konzept f\u00fcr Verkaufs- und Marketingstrategien. Beispiele f\u00fcr Kaffeemobile und Kaffee Kiosken ber\u00fchmter Unternehmen &gt;\" \/>\n<meta name=\"robots\" content=\"index, follow, max-snippet:-1, max-image-preview:large, max-video-preview:-1\" \/>\n<link rel=\"canonical\" href=\"https:\/\/www.vsveicolispeciali.com\/de\/der-coffee-truck-erfolg-im-espresso-format-italienische-kaffeewagen\/\" \/>\n<meta property=\"og:locale\" content=\"de_DE\" \/>\n<meta property=\"og:type\" content=\"article\" \/>\n<meta property=\"og:title\" content=\"Der Coffee Truck: Erfolg im Espresso-Format | Italienische Kaffeewagen\" \/>\n<meta property=\"og:description\" content=\"Personalisiertes Coffee-Truck-Konzept f\u00fcr Verkaufs- und Marketingstrategien. Beispiele f\u00fcr Kaffeemobile und Kaffee Kiosken ber\u00fchmter Unternehmen &gt;\" \/>\n<meta property=\"og:url\" content=\"https:\/\/www.vsveicolispeciali.com\/de\/der-coffee-truck-erfolg-im-espresso-format-italienische-kaffeewagen\/\" \/>\n<meta property=\"og:site_name\" content=\"VS Veicoli Speciali\" \/>\n<meta property=\"article:publisher\" content=\"https:\/\/www.facebook.com\/VSVeicoliSpeciali.Food.Trucks\/\" \/>\n<meta property=\"article:published_time\" content=\"2021-05-16T16:11:58+00:00\" \/>\n<meta property=\"article:modified_time\" content=\"2024-01-30T15:16:01+00:00\" \/>\n<meta property=\"og:image\" content=\"https:\/\/www.vsveicolispeciali.com\/wp-content\/uploads\/2018\/07\/cafe-alpin-ape-street-food-inverno.jpg\" \/>\n\t<meta property=\"og:image:width\" content=\"800\" \/>\n\t<meta property=\"og:image:height\" content=\"600\" \/>\n\t<meta property=\"og:image:type\" content=\"image\/jpeg\" \/>\n<meta name=\"author\" content=\"VS Veicoli Speciali\" \/>\n<meta name=\"twitter:card\" content=\"summary_large_image\" \/>\n<meta name=\"twitter:creator\" content=\"@veicolispeciali\" \/>\n<meta name=\"twitter:site\" content=\"@veicolispeciali\" \/>\n<meta name=\"twitter:label1\" content=\"Verfasst von\" \/>\n\t<meta name=\"twitter:data1\" content=\"VS Veicoli Speciali\" \/>\n\t<meta name=\"twitter:label2\" content=\"Gesch\u00e4tzte Lesezeit\" \/>\n\t<meta name=\"twitter:data2\" content=\"2\u00a0Minuten\" \/>\n<script type=\"application\/ld+json\" class=\"yoast-schema-graph\">{\"@context\":\"https:\/\/schema.org\",\"@graph\":[{\"@type\":\"Article\",\"@id\":\"https:\/\/www.vsveicolispeciali.com\/de\/der-coffee-truck-erfolg-im-espresso-format-italienische-kaffeewagen\/#article\",\"isPartOf\":{\"@id\":\"https:\/\/www.vsveicolispeciali.com\/de\/der-coffee-truck-erfolg-im-espresso-format-italienische-kaffeewagen\/\"},\"author\":{\"name\":\"VS Veicoli Speciali\",\"@id\":\"https:\/\/www.vsveicolispeciali.com\/de\/#\/schema\/person\/1241826d792bde4333b3db1395b12be9\"},\"headline\":\"Der Coffee Truck: Erfolg im Espresso-Format\",\"datePublished\":\"2021-05-16T16:11:58+00:00\",\"dateModified\":\"2024-01-30T15:16:01+00:00\",\"mainEntityOfPage\":{\"@id\":\"https:\/\/www.vsveicolispeciali.com\/de\/der-coffee-truck-erfolg-im-espresso-format-italienische-kaffeewagen\/\"},\"wordCount\":494,\"publisher\":{\"@id\":\"https:\/\/www.vsveicolispeciali.com\/de\/#organization\"},\"image\":{\"@id\":\"https:\/\/www.vsveicolispeciali.com\/de\/der-coffee-truck-erfolg-im-espresso-format-italienische-kaffeewagen\/#primaryimage\"},\"thumbnailUrl\":\"https:\/\/www.vsveicolispeciali.com\/wp-content\/uploads\/2018\/07\/cafe-alpin-ape-street-food-inverno.jpg\",\"keywords\":[\"kaffeewagen kaufen\"],\"articleSection\":[\"Non categorizzato\"],\"inLanguage\":\"de\"},{\"@type\":\"WebPage\",\"@id\":\"https:\/\/www.vsveicolispeciali.com\/de\/der-coffee-truck-erfolg-im-espresso-format-italienische-kaffeewagen\/\",\"url\":\"https:\/\/www.vsveicolispeciali.com\/de\/der-coffee-truck-erfolg-im-espresso-format-italienische-kaffeewagen\/\",\"name\":\"Der Coffee Truck: Erfolg im Espresso-Format | Italienische Kaffeewagen\",\"isPartOf\":{\"@id\":\"https:\/\/www.vsveicolispeciali.com\/de\/#website\"},\"primaryImageOfPage\":{\"@id\":\"https:\/\/www.vsveicolispeciali.com\/de\/der-coffee-truck-erfolg-im-espresso-format-italienische-kaffeewagen\/#primaryimage\"},\"image\":{\"@id\":\"https:\/\/www.vsveicolispeciali.com\/de\/der-coffee-truck-erfolg-im-espresso-format-italienische-kaffeewagen\/#primaryimage\"},\"thumbnailUrl\":\"https:\/\/www.vsveicolispeciali.com\/wp-content\/uploads\/2018\/07\/cafe-alpin-ape-street-food-inverno.jpg\",\"datePublished\":\"2021-05-16T16:11:58+00:00\",\"dateModified\":\"2024-01-30T15:16:01+00:00\",\"description\":\"Personalisiertes Coffee-Truck-Konzept f\u00fcr Verkaufs- und Marketingstrategien. Beispiele f\u00fcr Kaffeemobile und Kaffee Kiosken ber\u00fchmter Unternehmen >\",\"breadcrumb\":{\"@id\":\"https:\/\/www.vsveicolispeciali.com\/de\/der-coffee-truck-erfolg-im-espresso-format-italienische-kaffeewagen\/#breadcrumb\"},\"inLanguage\":\"de\",\"potentialAction\":[{\"@type\":\"ReadAction\",\"target\":[\"https:\/\/www.vsveicolispeciali.com\/de\/der-coffee-truck-erfolg-im-espresso-format-italienische-kaffeewagen\/\"]}]},{\"@type\":\"ImageObject\",\"inLanguage\":\"de\",\"@id\":\"https:\/\/www.vsveicolispeciali.com\/de\/der-coffee-truck-erfolg-im-espresso-format-italienische-kaffeewagen\/#primaryimage\",\"url\":\"https:\/\/www.vsveicolispeciali.com\/wp-content\/uploads\/2018\/07\/cafe-alpin-ape-street-food-inverno.jpg\",\"contentUrl\":\"https:\/\/www.vsveicolispeciali.com\/wp-content\/uploads\/2018\/07\/cafe-alpin-ape-street-food-inverno.jpg\",\"width\":800,\"height\":600},{\"@type\":\"BreadcrumbList\",\"@id\":\"https:\/\/www.vsveicolispeciali.com\/de\/der-coffee-truck-erfolg-im-espresso-format-italienische-kaffeewagen\/#breadcrumb\",\"itemListElement\":[{\"@type\":\"ListItem\",\"position\":1,\"name\":\"Home\",\"item\":\"https:\/\/www.vsveicolispeciali.com\/de\/\"},{\"@type\":\"ListItem\",\"position\":2,\"name\":\"Der Coffee Truck: Erfolg im Espresso-Format\"}]},{\"@type\":\"WebSite\",\"@id\":\"https:\/\/www.vsveicolispeciali.com\/de\/#website\",\"url\":\"https:\/\/www.vsveicolispeciali.com\/de\/\",\"name\":\"VS Veicoli Speciali\",\"description\":\"\",\"publisher\":{\"@id\":\"https:\/\/www.vsveicolispeciali.com\/de\/#organization\"},\"potentialAction\":[{\"@type\":\"SearchAction\",\"target\":{\"@type\":\"EntryPoint\",\"urlTemplate\":\"https:\/\/www.vsveicolispeciali.com\/de\/?s={search_term_string}\"},\"query-input\":{\"@type\":\"PropertyValueSpecification\",\"valueRequired\":true,\"valueName\":\"search_term_string\"}}],\"inLanguage\":\"de\"},{\"@type\":\"Organization\",\"@id\":\"https:\/\/www.vsveicolispeciali.com\/de\/#organization\",\"name\":\"VS Veicoli Speciali\",\"url\":\"https:\/\/www.vsveicolispeciali.com\/de\/\",\"logo\":{\"@type\":\"ImageObject\",\"inLanguage\":\"de\",\"@id\":\"https:\/\/www.vsveicolispeciali.com\/de\/#\/schema\/logo\/image\/\",\"url\":\"http:\/\/www.vsveicolispeciali.com\/wp-content\/uploads\/2015\/05\/vs_veicoli_speciali-logo.png\",\"contentUrl\":\"http:\/\/www.vsveicolispeciali.com\/wp-content\/uploads\/2015\/05\/vs_veicoli_speciali-logo.png\",\"width\":252,\"height\":134,\"caption\":\"VS Veicoli Speciali\"},\"image\":{\"@id\":\"https:\/\/www.vsveicolispeciali.com\/de\/#\/schema\/logo\/image\/\"},\"sameAs\":[\"https:\/\/www.facebook.com\/VSVeicoliSpeciali.Food.Trucks\/\",\"https:\/\/x.com\/veicolispeciali\",\"https:\/\/www.instagram.com\/vs_veicolispeciali\/\",\"https:\/\/www.linkedin.com\/company\/2811960\/\",\"https:\/\/www.pinterest.com\/streetfoodtruck\/\",\"https:\/\/www.youtube.com\/user\/veicolispeciali\"]},{\"@type\":\"Person\",\"@id\":\"https:\/\/www.vsveicolispeciali.com\/de\/#\/schema\/person\/1241826d792bde4333b3db1395b12be9\",\"name\":\"VS Veicoli Speciali\",\"image\":{\"@type\":\"ImageObject\",\"inLanguage\":\"de\",\"@id\":\"https:\/\/www.vsveicolispeciali.com\/de\/#\/schema\/person\/image\/\",\"url\":\"https:\/\/secure.gravatar.com\/avatar\/4ea93278e71ba140dbbbfb5d34409507?s=96&d=mm&r=g\",\"contentUrl\":\"https:\/\/secure.gravatar.com\/avatar\/4ea93278e71ba140dbbbfb5d34409507?s=96&d=mm&r=g\",\"caption\":\"VS Veicoli Speciali\"}}]}<\/script>\n<!-- \/ Yoast SEO plugin. -->","yoast_head_json":{"title":"Der Coffee Truck: Erfolg im Espresso-Format | Italienische Kaffeewagen","description":"Personalisiertes Coffee-Truck-Konzept f\u00fcr Verkaufs- und Marketingstrategien. Beispiele f\u00fcr Kaffeemobile und Kaffee Kiosken ber\u00fchmter Unternehmen >","robots":{"index":"index","follow":"follow","max-snippet":"max-snippet:-1","max-image-preview":"max-image-preview:large","max-video-preview":"max-video-preview:-1"},"canonical":"https:\/\/www.vsveicolispeciali.com\/de\/der-coffee-truck-erfolg-im-espresso-format-italienische-kaffeewagen\/","og_locale":"de_DE","og_type":"article","og_title":"Der Coffee Truck: Erfolg im Espresso-Format | Italienische Kaffeewagen","og_description":"Personalisiertes Coffee-Truck-Konzept f\u00fcr Verkaufs- und Marketingstrategien. Beispiele f\u00fcr Kaffeemobile und Kaffee Kiosken ber\u00fchmter Unternehmen >","og_url":"https:\/\/www.vsveicolispeciali.com\/de\/der-coffee-truck-erfolg-im-espresso-format-italienische-kaffeewagen\/","og_site_name":"VS Veicoli Speciali","article_publisher":"https:\/\/www.facebook.com\/VSVeicoliSpeciali.Food.Trucks\/","article_published_time":"2021-05-16T16:11:58+00:00","article_modified_time":"2024-01-30T15:16:01+00:00","og_image":[{"width":800,"height":600,"url":"https:\/\/www.vsveicolispeciali.com\/wp-content\/uploads\/2018\/07\/cafe-alpin-ape-street-food-inverno.jpg","type":"image\/jpeg"}],"author":"VS Veicoli Speciali","twitter_card":"summary_large_image","twitter_creator":"@veicolispeciali","twitter_site":"@veicolispeciali","twitter_misc":{"Verfasst von":"VS Veicoli Speciali","Gesch\u00e4tzte Lesezeit":"2\u00a0Minuten"},"schema":{"@context":"https:\/\/schema.org","@graph":[{"@type":"Article","@id":"https:\/\/www.vsveicolispeciali.com\/de\/der-coffee-truck-erfolg-im-espresso-format-italienische-kaffeewagen\/#article","isPartOf":{"@id":"https:\/\/www.vsveicolispeciali.com\/de\/der-coffee-truck-erfolg-im-espresso-format-italienische-kaffeewagen\/"},"author":{"name":"VS Veicoli Speciali","@id":"https:\/\/www.vsveicolispeciali.com\/de\/#\/schema\/person\/1241826d792bde4333b3db1395b12be9"},"headline":"Der Coffee Truck: Erfolg im Espresso-Format","datePublished":"2021-05-16T16:11:58+00:00","dateModified":"2024-01-30T15:16:01+00:00","mainEntityOfPage":{"@id":"https:\/\/www.vsveicolispeciali.com\/de\/der-coffee-truck-erfolg-im-espresso-format-italienische-kaffeewagen\/"},"wordCount":494,"publisher":{"@id":"https:\/\/www.vsveicolispeciali.com\/de\/#organization"},"image":{"@id":"https:\/\/www.vsveicolispeciali.com\/de\/der-coffee-truck-erfolg-im-espresso-format-italienische-kaffeewagen\/#primaryimage"},"thumbnailUrl":"https:\/\/www.vsveicolispeciali.com\/wp-content\/uploads\/2018\/07\/cafe-alpin-ape-street-food-inverno.jpg","keywords":["kaffeewagen kaufen"],"articleSection":["Non categorizzato"],"inLanguage":"de"},{"@type":"WebPage","@id":"https:\/\/www.vsveicolispeciali.com\/de\/der-coffee-truck-erfolg-im-espresso-format-italienische-kaffeewagen\/","url":"https:\/\/www.vsveicolispeciali.com\/de\/der-coffee-truck-erfolg-im-espresso-format-italienische-kaffeewagen\/","name":"Der Coffee Truck: Erfolg im Espresso-Format | Italienische Kaffeewagen","isPartOf":{"@id":"https:\/\/www.vsveicolispeciali.com\/de\/#website"},"primaryImageOfPage":{"@id":"https:\/\/www.vsveicolispeciali.com\/de\/der-coffee-truck-erfolg-im-espresso-format-italienische-kaffeewagen\/#primaryimage"},"image":{"@id":"https:\/\/www.vsveicolispeciali.com\/de\/der-coffee-truck-erfolg-im-espresso-format-italienische-kaffeewagen\/#primaryimage"},"thumbnailUrl":"https:\/\/www.vsveicolispeciali.com\/wp-content\/uploads\/2018\/07\/cafe-alpin-ape-street-food-inverno.jpg","datePublished":"2021-05-16T16:11:58+00:00","dateModified":"2024-01-30T15:16:01+00:00","description":"Personalisiertes Coffee-Truck-Konzept f\u00fcr Verkaufs- und Marketingstrategien. Beispiele f\u00fcr Kaffeemobile und Kaffee Kiosken ber\u00fchmter Unternehmen >","breadcrumb":{"@id":"https:\/\/www.vsveicolispeciali.com\/de\/der-coffee-truck-erfolg-im-espresso-format-italienische-kaffeewagen\/#breadcrumb"},"inLanguage":"de","potentialAction":[{"@type":"ReadAction","target":["https:\/\/www.vsveicolispeciali.com\/de\/der-coffee-truck-erfolg-im-espresso-format-italienische-kaffeewagen\/"]}]},{"@type":"ImageObject","inLanguage":"de","@id":"https:\/\/www.vsveicolispeciali.com\/de\/der-coffee-truck-erfolg-im-espresso-format-italienische-kaffeewagen\/#primaryimage","url":"https:\/\/www.vsveicolispeciali.com\/wp-content\/uploads\/2018\/07\/cafe-alpin-ape-street-food-inverno.jpg","contentUrl":"https:\/\/www.vsveicolispeciali.com\/wp-content\/uploads\/2018\/07\/cafe-alpin-ape-street-food-inverno.jpg","width":800,"height":600},{"@type":"BreadcrumbList","@id":"https:\/\/www.vsveicolispeciali.com\/de\/der-coffee-truck-erfolg-im-espresso-format-italienische-kaffeewagen\/#breadcrumb","itemListElement":[{"@type":"ListItem","position":1,"name":"Home","item":"https:\/\/www.vsveicolispeciali.com\/de\/"},{"@type":"ListItem","position":2,"name":"Der Coffee Truck: Erfolg im Espresso-Format"}]},{"@type":"WebSite","@id":"https:\/\/www.vsveicolispeciali.com\/de\/#website","url":"https:\/\/www.vsveicolispeciali.com\/de\/","name":"VS Veicoli Speciali","description":"","publisher":{"@id":"https:\/\/www.vsveicolispeciali.com\/de\/#organization"},"potentialAction":[{"@type":"SearchAction","target":{"@type":"EntryPoint","urlTemplate":"https:\/\/www.vsveicolispeciali.com\/de\/?s={search_term_string}"},"query-input":{"@type":"PropertyValueSpecification","valueRequired":true,"valueName":"search_term_string"}}],"inLanguage":"de"},{"@type":"Organization","@id":"https:\/\/www.vsveicolispeciali.com\/de\/#organization","name":"VS Veicoli Speciali","url":"https:\/\/www.vsveicolispeciali.com\/de\/","logo":{"@type":"ImageObject","inLanguage":"de","@id":"https:\/\/www.vsveicolispeciali.com\/de\/#\/schema\/logo\/image\/","url":"http:\/\/www.vsveicolispeciali.com\/wp-content\/uploads\/2015\/05\/vs_veicoli_speciali-logo.png","contentUrl":"http:\/\/www.vsveicolispeciali.com\/wp-content\/uploads\/2015\/05\/vs_veicoli_speciali-logo.png","width":252,"height":134,"caption":"VS Veicoli Speciali"},"image":{"@id":"https:\/\/www.vsveicolispeciali.com\/de\/#\/schema\/logo\/image\/"},"sameAs":["https:\/\/www.facebook.com\/VSVeicoliSpeciali.Food.Trucks\/","https:\/\/x.com\/veicolispeciali","https:\/\/www.instagram.com\/vs_veicolispeciali\/","https:\/\/www.linkedin.com\/company\/2811960\/","https:\/\/www.pinterest.com\/streetfoodtruck\/","https:\/\/www.youtube.com\/user\/veicolispeciali"]},{"@type":"Person","@id":"https:\/\/www.vsveicolispeciali.com\/de\/#\/schema\/person\/1241826d792bde4333b3db1395b12be9","name":"VS Veicoli Speciali","image":{"@type":"ImageObject","inLanguage":"de","@id":"https:\/\/www.vsveicolispeciali.com\/de\/#\/schema\/person\/image\/","url":"https:\/\/secure.gravatar.com\/avatar\/4ea93278e71ba140dbbbfb5d34409507?s=96&d=mm&r=g","contentUrl":"https:\/\/secure.gravatar.com\/avatar\/4ea93278e71ba140dbbbfb5d34409507?s=96&d=mm&r=g","caption":"VS Veicoli Speciali"}}]}},"_links":{"self":[{"href":"https:\/\/www.vsveicolispeciali.com\/de\/wp-json\/wp\/v2\/posts\/14689"}],"collection":[{"href":"https:\/\/www.vsveicolispeciali.com\/de\/wp-json\/wp\/v2\/posts"}],"about":[{"href":"https:\/\/www.vsveicolispeciali.com\/de\/wp-json\/wp\/v2\/types\/post"}],"author":[{"embeddable":true,"href":"https:\/\/www.vsveicolispeciali.com\/de\/wp-json\/wp\/v2\/users\/1001012"}],"replies":[{"embeddable":true,"href":"https:\/\/www.vsveicolispeciali.com\/de\/wp-json\/wp\/v2\/comments?post=14689"}],"version-history":[{"count":8,"href":"https:\/\/www.vsveicolispeciali.com\/de\/wp-json\/wp\/v2\/posts\/14689\/revisions"}],"predecessor-version":[{"id":25116,"href":"https:\/\/www.vsveicolispeciali.com\/de\/wp-json\/wp\/v2\/posts\/14689\/revisions\/25116"}],"wp:featuredmedia":[{"embeddable":true,"href":"https:\/\/www.vsveicolispeciali.com\/de\/wp-json\/wp\/v2\/media\/7574"}],"wp:attachment":[{"href":"https:\/\/www.vsveicolispeciali.com\/de\/wp-json\/wp\/v2\/media?parent=14689"}],"wp:term":[{"taxonomy":"category","embeddable":true,"href":"https:\/\/www.vsveicolispeciali.com\/de\/wp-json\/wp\/v2\/categories?post=14689"},{"taxonomy":"post_tag","embeddable":true,"href":"https:\/\/www.vsveicolispeciali.com\/de\/wp-json\/wp\/v2\/tags?post=14689"}],"curies":[{"name":"wp","href":"https:\/\/api.w.org\/{rel}","templated":true}]}}