{"id":12846,"date":"2020-07-06T13:01:01","date_gmt":"2020-07-06T11:01:01","guid":{"rendered":"http:\/\/vsveicolispeciali.com\/il-mondo-del-food-riparte-su-truck\/"},"modified":"2023-01-16T20:06:43","modified_gmt":"2023-01-16T19:06:43","slug":"die-zukunft-der-verpflegung-bewegt-sich-auf-raedern","status":"publish","type":"post","link":"https:\/\/www.vsveicolispeciali.com\/de\/die-zukunft-der-verpflegung-bewegt-sich-auf-raedern\/","title":{"rendered":"Die Zukunft der Verpflegung bewegt sich auf R\u00e4dern"},"content":{"rendered":"<p><strong>Freude am Essen au\u00dfer Haus &#8211; die neue Herausforderung des Street Food<\/strong><\/p>\n<p>In diesen Wochen stellen wir uns alle sowohl auf privater als auch auf \u00f6f-fentlicher Ebene die Frage, wie man <a title=\"http:\/\/vsveicolispeciali.com\/de\/unser-weg-auch-in-einer-schwierigen-zeit-zu-beginnen\/\" href=\"https:\/\/vsveicolispeciali.com\/de\/unser-weg-auch-in-einer-schwierigen-zeit-zu-beginnen\/\" target=\"_blank\" rel=\"noopener noreferrer\">nach Monaten der Zwangsschlie\u00dfung wieder von vorne anf\u00e4ngt<\/a>. Dem gewerblichen Bereich stehen neue Regeln, \u00c4nderungen und Innovationen bevor, der Umgang mit der \u00d6ffentlichkeit ist auf den Kopf gestellt. Dabei wird versucht, die altbekannten Standards soweit wie m\u00f6glich beizubehalten.<\/p>\n<p>Dies gilt insbesondere f\u00fcr die Restauration, die sich zum einen zwar sehr ver\u00e4ndert, zum anderen aber auch die st\u00e4rkste Wiederankurbelung erlebt hat: Dies ist unserem Wunsch, unsere Lieblingsspeisen so schnell wie m\u00f6glich wieder genie\u00dfen zu d\u00fcrfen, zu ver-danken.<\/p>\n<p>Der Sommer steht vor der T\u00fcr, alle wollen das Stra\u00dfenleben und die Stadt genie\u00dfen: Es gibt wahrscheinlich keinen besseren Zeitpunkt als jetzt, um die Vorteile von Food Trucks und <a title=\"Promo Trucks f\u00fcr Promotion und Veranstaltungen\" href=\"https:\/\/vsveicolispeciali.com\/de\/verkaufswagen-kaufen\/werbefahrzeuge-promotion-truck-verkaufsmobil\/\" target=\"_blank\" rel=\"noopener noreferrer\">Promo Trucks<\/a> auf beste Weise zu nutzen. Dieser Weg wurde bereits von unz\u00e4hligen Unternehmern eingeschlagen, die die Qualit\u00e4t und Originalit\u00e4t ihres Angebots mit einem innovativen und zu-gleich sicheren Ansatz verbinden wollten.<\/p>\n<p><a href=\"http:\/\/vsveicolispeciali.com\/wp-content\/uploads\/2020\/07\/tr3vor-food-truck-ducato-fiat.jpg\"><img loading=\"lazy\" decoding=\"async\" class=\"alignnone wp-image-12809 size-full\" src=\"https:\/\/vsveicolispeciali.com\/wp-content\/uploads\/2020\/07\/tr3vor-food-truck-ducato-fiat.jpg\" alt=\"tr3vor der Sternekoch, der einen ducato Foodtruck er\u00f6ffnet, um seine Gourmetk\u00fcche zu verkaufen\" width=\"800\" height=\"600\" srcset=\"https:\/\/www.vsveicolispeciali.com\/wp-content\/uploads\/2020\/07\/tr3vor-food-truck-ducato-fiat.jpg 800w, https:\/\/www.vsveicolispeciali.com\/wp-content\/uploads\/2020\/07\/tr3vor-food-truck-ducato-fiat-300x225.jpg 300w, https:\/\/www.vsveicolispeciali.com\/wp-content\/uploads\/2020\/07\/tr3vor-food-truck-ducato-fiat-768x576.jpg 768w, https:\/\/www.vsveicolispeciali.com\/wp-content\/uploads\/2020\/07\/tr3vor-food-truck-ducato-fiat-700x525.jpg 700w\" sizes=\"(max-width: 800px) 100vw, 800px\" \/><\/a><\/p>\n<p>Einer unter vielen anderen, der den Ton angibt, ist Tr3vor. Der Schweizer Koch mit italienischem Herz setzt sein Talent am Herd auf vier R\u00e4dern ein: Seine Kreationen w\u00e4ren in einem Sterne-Restaurant recht am Platz, sind aber dank des <a title=\" Food Truck Ducato Imbisswagen \u2013 Tr3vor\" href=\"https:\/\/vsveicolispeciali.com\/de\/street-food-truck\/lieferwagen-food-truck-fiat-ducato-tr3vor-schweiz\/\" target=\"_blank\" rel=\"noopener noreferrer\">Ducato-Imbisswagens<\/a> f\u00fcr alle zug\u00e4nglich. Tr3vor macht Street Food, aber der besonderen Art: Seine exklusive K\u00fcche, die sicherlich vielen gefehlt hat, ist jetzt leicht zu finden.<\/p>\n<p>Auch <strong>Le Churros<\/strong> du Chef in Paris setzt auf Street Food: K\u00f6stliche Churros erster Qualit\u00e4t, die sich durch Inspiration und Leidenschaft auszeichnen. Renommierte K\u00f6che, hochwertige Zutaten, frische Zubereitungen und ein s\u00fc\u00dfes und herzhaftes Men\u00fc stellen alle Geschm\u00e4cker und W\u00fcnsche zufrie-den. Aber nicht im Restaurant, sondern bei einem Spaziergang durch die romantischen Pariser Stra\u00dfen. Was kann es Sch\u00f6neres geben?<\/p>\n<p><a href=\"https:\/\/vsveicolispeciali.com\/wp-content\/uploads\/2020\/07\/panificio-mobile-stria.jpg\"><img loading=\"lazy\" decoding=\"async\" class=\"alignnone size-full wp-image-12813\" src=\"https:\/\/vsveicolispeciali.com\/wp-content\/uploads\/2020\/07\/panificio-mobile-stria.jpg\" alt=\"Handwerksb\u00e4ckerei kauft Foodtruck, um ihre Produkte mit mobiler B\u00e4ckerei zu verkaufen\" width=\"800\" height=\"897\" srcset=\"https:\/\/www.vsveicolispeciali.com\/wp-content\/uploads\/2020\/07\/panificio-mobile-stria.jpg 800w, https:\/\/www.vsveicolispeciali.com\/wp-content\/uploads\/2020\/07\/panificio-mobile-stria-268x300.jpg 268w, https:\/\/www.vsveicolispeciali.com\/wp-content\/uploads\/2020\/07\/panificio-mobile-stria-768x861.jpg 768w, https:\/\/www.vsveicolispeciali.com\/wp-content\/uploads\/2020\/07\/panificio-mobile-stria-700x785.jpg 700w\" sizes=\"(max-width: 800px) 100vw, 800px\" \/><\/a><\/p>\n<p>W\u00e4hrend der Zwangsschlie\u00dfung haben viele Menschen die Backkunst wie-derentdeckt und mit Hingabe Mehl und Sauerteig vorbereitet, langsame Teigf\u00fchrungen abgewartet und verschiedene Kochtricks ausprobiert. Die <strong>B\u00e4ckerei Forno Stria<\/strong> aus Reggio Emilia verarbeitet uralte Getreide und Sau-erteige und produziert herzhafte Brote und S\u00fc\u00dfwaren aller Art. Wie haus-gemacht! Aromen und D\u00fcfte, auf die man nicht mehr verzichten m\u00f6chte: Genau darum hat Stria eine <a href=\"https:\/\/vsveicolispeciali.com\/de\/street-food-truck\/mobile-baeckerei-piaggio-imbisswagen-italien\/\" target=\"_blank\" rel=\"noopener noreferrer\">mobile B\u00e4ckerei<\/a> aufgebaut, auf einer Ape V-Curve, die speziell f\u00fcr den Verkauf von Brot, Focaccia und Bio-Kuchen ent-wickelt wurde. Brote nach altem Rezept f\u00fcr unterwegs in der Stadt.<\/p>\n<p><a href=\"https:\/\/vsveicolispeciali.com\/wp-content\/uploads\/2020\/07\/sanfish-ristorante-di-pesce-mobile-svizzera.jpg\"><img loading=\"lazy\" decoding=\"async\" class=\"alignnone size-full wp-image-12817\" src=\"https:\/\/vsveicolispeciali.com\/wp-content\/uploads\/2020\/07\/sanfish-ristorante-di-pesce-mobile-svizzera.jpg\" alt=\"sanfish mobiles Fischrestaurant in der Schweiz\" width=\"800\" height=\"798\" srcset=\"https:\/\/www.vsveicolispeciali.com\/wp-content\/uploads\/2020\/07\/sanfish-ristorante-di-pesce-mobile-svizzera.jpg 800w, https:\/\/www.vsveicolispeciali.com\/wp-content\/uploads\/2020\/07\/sanfish-ristorante-di-pesce-mobile-svizzera-300x300.jpg 300w, https:\/\/www.vsveicolispeciali.com\/wp-content\/uploads\/2020\/07\/sanfish-ristorante-di-pesce-mobile-svizzera-150x150.jpg 150w, https:\/\/www.vsveicolispeciali.com\/wp-content\/uploads\/2020\/07\/sanfish-ristorante-di-pesce-mobile-svizzera-768x766.jpg 768w, https:\/\/www.vsveicolispeciali.com\/wp-content\/uploads\/2020\/07\/sanfish-ristorante-di-pesce-mobile-svizzera-570x570.jpg 570w, https:\/\/www.vsveicolispeciali.com\/wp-content\/uploads\/2020\/07\/sanfish-ristorante-di-pesce-mobile-svizzera-500x500.jpg 500w, https:\/\/www.vsveicolispeciali.com\/wp-content\/uploads\/2020\/07\/sanfish-ristorante-di-pesce-mobile-svizzera-700x698.jpg 700w\" sizes=\"(max-width: 800px) 100vw, 800px\" \/><\/a><\/p>\n<p>Weitere Beispiele f\u00fchren uns in die Schweiz, nach \u00d6sterreich oder Deutsch-land. <strong>Sanfish<\/strong> zum Beispiel hat eine schwierige Herausforderung angenom-men: Fisch und Meeresfr\u00fcchte als Street Food-Angebot. Der Duft und der Geschmack dieser Delikatessen bringt sofort unbek\u00fcmmerte Urlaubstage am Meer, an der Sonne und im Freien in Erinnerung. Hochwertige, frische Zutaten und Leidenschaft erledigen den Rest. Was Sanfish zu etwas ganz Besonderem macht ist die Stra\u00dfenseele des Imbisswagens: Der <a title=\"Sanfish food truck PEUGEOT\" href=\"https:\/\/vsveicolispeciali.com\/de\/street-food-truck\/transporter-food-truck-peugeot-boxer-sanfish-oesterreich\/\" target=\"_blank\" rel=\"noopener noreferrer\">food truck Peugeot Boxer<\/a> ist mit einer bis ins kleinste Detail ausgekl\u00fcgelten Profik\u00fcche ausge-stattet, die das Meer auf den Teller bringt.<\/p>\n<p>Und last but not least gibt es Gastwirte, die beschlossen haben, die Stra\u00dfe zu ihrem alleinigen Zuhause zu machen und die traditionelle Restauration aufzugeben. Dies ist die Geschichte von <strong>The Club Sandwich<\/strong>, dessen Sch\u00f6p-fer seit 30 Jahren im Urlaubsort Jesolo, im Herzen des venetischen Nacht-lebens, verschiedene Clubs f\u00fchrten. Der starke Wille, den Wandel zu be-herrschen und die Zukunft zu meistern \u00fcberzeugte sie, ihre Clubs zu ver-kaufen und sich auf das mobile Street Food zu konzentrieren.<\/p>\n<p><a href=\"https:\/\/vsveicolispeciali.com\/wp-content\/uploads\/2020\/07\/the-club-sandwich-truck-top-notch.jpg\"><img loading=\"lazy\" decoding=\"async\" class=\"alignnone size-full wp-image-12821\" src=\"https:\/\/vsveicolispeciali.com\/wp-content\/uploads\/2020\/07\/the-club-sandwich-truck-top-notch.jpg\" alt=\"the club sandwich truck\" width=\"800\" height=\"533\" srcset=\"https:\/\/www.vsveicolispeciali.com\/wp-content\/uploads\/2020\/07\/the-club-sandwich-truck-top-notch.jpg 800w, https:\/\/www.vsveicolispeciali.com\/wp-content\/uploads\/2020\/07\/the-club-sandwich-truck-top-notch-300x200.jpg 300w, https:\/\/www.vsveicolispeciali.com\/wp-content\/uploads\/2020\/07\/the-club-sandwich-truck-top-notch-768x512.jpg 768w, https:\/\/www.vsveicolispeciali.com\/wp-content\/uploads\/2020\/07\/the-club-sandwich-truck-top-notch-700x466.jpg 700w\" sizes=\"(max-width: 800px) 100vw, 800px\" \/><\/a><\/p>\n<p>Ihr erstklas-siger <strong>NV Food Truck<\/strong> setzt voll und ganz auf diese Philosophie,\u00a0 ohne dass die K\u00fcche auf R\u00e4dern jemals auf beste Qualit\u00e4t verzichten muss &#8211; im Gegenteil! Technologie und Fachwissen haben den Sprung nach oben erm\u00f6g-licht, mit bisher unbekannten Innovationen im Street Food-Bereich, wie zum Beispiel die erste auf einem Food Truck installierte LED-Wand. Der Wunsch nach Abenteuer und Kontakt mit der Kundschaft hat ein \u00dcbriges getan und f\u00fcr Erfolg gesorgt: The Club Sandwich hat die regionalen Gren-zen \u00fcberquert und tourt nun durch ganz Italien.<\/p>\n\n\t\t<style type=\"text\/css\">\n\t\t\t#gallery-1 {\n\t\t\t\tmargin: auto;\n\t\t\t}\n\t\t\t#gallery-1 .gallery-item {\n\t\t\t\tfloat: left;\n\t\t\t\tmargin-top: 10px;\n\t\t\t\ttext-align: center;\n\t\t\t\twidth: 33%;\n\t\t\t}\n\t\t\t#gallery-1 img {\n\t\t\t\tborder: 2px solid #cfcfcf;\n\t\t\t}\n\t\t\t#gallery-1 .gallery-caption {\n\t\t\t\tmargin-left: 0;\n\t\t\t}\n\t\t\t\/* see gallery_shortcode() in wp-includes\/media.php *\/\n\t\t<\/style>\n\t\t<div id='gallery-1' class='gallery galleryid-12846 gallery-columns-3 gallery-size-thumbnail'><dl class='gallery-item'>\n\t\t\t<dt class='gallery-icon landscape'>\n\t\t\t\t<a href='https:\/\/www.vsveicolispeciali.com\/de\/die-zukunft-der-verpflegung-bewegt-sich-auf-raedern\/nv-food-truck-azienda-ristorazione-the-club-sandwich-2\/'><img loading=\"lazy\" decoding=\"async\" width=\"150\" height=\"150\" src=\"https:\/\/www.vsveicolispeciali.com\/wp-content\/uploads\/2020\/07\/nv-food-truck-azienda-ristorazione-the-club-sandwich-150x150.jpg\" class=\"attachment-thumbnail size-thumbnail\" alt=\"der Club Sandwich NV Food Truck Mobile Food Service\" srcset=\"https:\/\/www.vsveicolispeciali.com\/wp-content\/uploads\/2020\/07\/nv-food-truck-azienda-ristorazione-the-club-sandwich-150x150.jpg 150w, https:\/\/www.vsveicolispeciali.com\/wp-content\/uploads\/2020\/07\/nv-food-truck-azienda-ristorazione-the-club-sandwich-500x500.jpg 500w\" sizes=\"(max-width: 150px) 100vw, 150px\" \/><\/a>\n\t\t\t<\/dt><\/dl>\n\t\t\t<br style='clear: both' \/>\n\t\t<\/div>\n\n<p>&nbsp;<\/p>\n","protected":false},"excerpt":{"rendered":"<p>Freude am Essen au\u00dfer Haus &#8211; die neue Herausforderung des Street Food In diesen Wochen stellen wir uns alle sowohl auf privater als auch auf \u00f6f-fentlicher Ebene die Frage, wie man nach Monaten der Zwangsschlie\u00dfung wieder von vorne anf\u00e4ngt. Dem gewerblichen Bereich stehen neue Regeln,&#8230;<\/p>\n","protected":false},"author":1001012,"featured_media":13476,"comment_status":"closed","ping_status":"open","sticky":false,"template":"","format":"gallery","meta":{"footnotes":""},"categories":[48],"tags":[267],"class_list":["post-12846","post","type-post","status-publish","format-gallery","has-post-thumbnail","hentry","category-non-categorizzato","tag-streetfood-business","post_format-post-format-gallery"],"yoast_head":"<!-- This site is optimized with the Yoast SEO plugin v25.4 - https:\/\/yoast.com\/wordpress\/plugins\/seo\/ -->\n<title>Die Zukunft der Verpflegung bewegt sich auf R\u00e4dern<\/title>\n<meta name=\"description\" content=\"Street Food gewinnt eine neue zentrale Rolle, insbesondere f\u00fcr Unternehmen, die Catering herstellen. Mit einem Imbisswagen auf die Stra\u00dfe, um geschlossenen R\u00e4umen zu entkommen, in denen die Epidemie ein leichtes Spiel hat\" \/>\n<meta name=\"robots\" content=\"index, follow, max-snippet:-1, max-image-preview:large, max-video-preview:-1\" \/>\n<link rel=\"canonical\" href=\"https:\/\/www.vsveicolispeciali.com\/de\/die-zukunft-der-verpflegung-bewegt-sich-auf-raedern\/\" \/>\n<meta property=\"og:locale\" content=\"de_DE\" \/>\n<meta property=\"og:type\" content=\"article\" \/>\n<meta property=\"og:title\" content=\"Die Zukunft der Verpflegung bewegt sich auf R\u00e4dern\" \/>\n<meta property=\"og:description\" content=\"Street Food gewinnt eine neue zentrale Rolle, insbesondere f\u00fcr Unternehmen, die Catering herstellen. Mit einem Imbisswagen auf die Stra\u00dfe, um geschlossenen R\u00e4umen zu entkommen, in denen die Epidemie ein leichtes Spiel hat\" \/>\n<meta property=\"og:url\" content=\"https:\/\/www.vsveicolispeciali.com\/de\/die-zukunft-der-verpflegung-bewegt-sich-auf-raedern\/\" \/>\n<meta property=\"og:site_name\" content=\"VS Veicoli Speciali\" \/>\n<meta property=\"article:publisher\" content=\"https:\/\/www.facebook.com\/VSVeicoliSpeciali.Food.Trucks\/\" \/>\n<meta property=\"article:published_time\" content=\"2020-07-06T11:01:01+00:00\" \/>\n<meta property=\"article:modified_time\" content=\"2023-01-16T19:06:43+00:00\" \/>\n<meta property=\"og:image\" content=\"https:\/\/www.vsveicolispeciali.com\/wp-content\/uploads\/2019\/08\/the-club-sandwich-truck.jpg\" \/>\n\t<meta property=\"og:image:width\" content=\"800\" \/>\n\t<meta property=\"og:image:height\" content=\"533\" \/>\n\t<meta property=\"og:image:type\" content=\"image\/jpeg\" \/>\n<meta name=\"author\" content=\"VS Veicoli Speciali\" \/>\n<meta name=\"twitter:card\" content=\"summary_large_image\" \/>\n<meta name=\"twitter:creator\" content=\"@veicolispeciali\" \/>\n<meta name=\"twitter:site\" content=\"@veicolispeciali\" \/>\n<meta name=\"twitter:label1\" content=\"Verfasst von\" \/>\n\t<meta name=\"twitter:data1\" content=\"VS Veicoli Speciali\" \/>\n\t<meta name=\"twitter:label2\" content=\"Gesch\u00e4tzte Lesezeit\" \/>\n\t<meta name=\"twitter:data2\" content=\"3\u00a0Minuten\" \/>\n<script type=\"application\/ld+json\" class=\"yoast-schema-graph\">{\"@context\":\"https:\/\/schema.org\",\"@graph\":[{\"@type\":\"Article\",\"@id\":\"https:\/\/www.vsveicolispeciali.com\/de\/die-zukunft-der-verpflegung-bewegt-sich-auf-raedern\/#article\",\"isPartOf\":{\"@id\":\"https:\/\/www.vsveicolispeciali.com\/de\/die-zukunft-der-verpflegung-bewegt-sich-auf-raedern\/\"},\"author\":{\"name\":\"VS Veicoli Speciali\",\"@id\":\"https:\/\/www.vsveicolispeciali.com\/de\/#\/schema\/person\/1241826d792bde4333b3db1395b12be9\"},\"headline\":\"Die Zukunft der Verpflegung bewegt sich auf R\u00e4dern\",\"datePublished\":\"2020-07-06T11:01:01+00:00\",\"dateModified\":\"2023-01-16T19:06:43+00:00\",\"mainEntityOfPage\":{\"@id\":\"https:\/\/www.vsveicolispeciali.com\/de\/die-zukunft-der-verpflegung-bewegt-sich-auf-raedern\/\"},\"wordCount\":690,\"publisher\":{\"@id\":\"https:\/\/www.vsveicolispeciali.com\/de\/#organization\"},\"image\":{\"@id\":\"https:\/\/www.vsveicolispeciali.com\/de\/die-zukunft-der-verpflegung-bewegt-sich-auf-raedern\/#primaryimage\"},\"thumbnailUrl\":\"https:\/\/www.vsveicolispeciali.com\/wp-content\/uploads\/2019\/08\/the-club-sandwich-truck.jpg\",\"keywords\":[\"streetfood business\"],\"articleSection\":[\"Non categorizzato\"],\"inLanguage\":\"de\"},{\"@type\":\"WebPage\",\"@id\":\"https:\/\/www.vsveicolispeciali.com\/de\/die-zukunft-der-verpflegung-bewegt-sich-auf-raedern\/\",\"url\":\"https:\/\/www.vsveicolispeciali.com\/de\/die-zukunft-der-verpflegung-bewegt-sich-auf-raedern\/\",\"name\":\"Die Zukunft der Verpflegung bewegt sich auf R\u00e4dern\",\"isPartOf\":{\"@id\":\"https:\/\/www.vsveicolispeciali.com\/de\/#website\"},\"primaryImageOfPage\":{\"@id\":\"https:\/\/www.vsveicolispeciali.com\/de\/die-zukunft-der-verpflegung-bewegt-sich-auf-raedern\/#primaryimage\"},\"image\":{\"@id\":\"https:\/\/www.vsveicolispeciali.com\/de\/die-zukunft-der-verpflegung-bewegt-sich-auf-raedern\/#primaryimage\"},\"thumbnailUrl\":\"https:\/\/www.vsveicolispeciali.com\/wp-content\/uploads\/2019\/08\/the-club-sandwich-truck.jpg\",\"datePublished\":\"2020-07-06T11:01:01+00:00\",\"dateModified\":\"2023-01-16T19:06:43+00:00\",\"description\":\"Street Food gewinnt eine neue zentrale Rolle, insbesondere f\u00fcr Unternehmen, die Catering herstellen. Mit einem Imbisswagen auf die Stra\u00dfe, um geschlossenen R\u00e4umen zu entkommen, in denen die Epidemie ein leichtes Spiel hat\",\"breadcrumb\":{\"@id\":\"https:\/\/www.vsveicolispeciali.com\/de\/die-zukunft-der-verpflegung-bewegt-sich-auf-raedern\/#breadcrumb\"},\"inLanguage\":\"de\",\"potentialAction\":[{\"@type\":\"ReadAction\",\"target\":[\"https:\/\/www.vsveicolispeciali.com\/de\/die-zukunft-der-verpflegung-bewegt-sich-auf-raedern\/\"]}]},{\"@type\":\"ImageObject\",\"inLanguage\":\"de\",\"@id\":\"https:\/\/www.vsveicolispeciali.com\/de\/die-zukunft-der-verpflegung-bewegt-sich-auf-raedern\/#primaryimage\",\"url\":\"https:\/\/www.vsveicolispeciali.com\/wp-content\/uploads\/2019\/08\/the-club-sandwich-truck.jpg\",\"contentUrl\":\"https:\/\/www.vsveicolispeciali.com\/wp-content\/uploads\/2019\/08\/the-club-sandwich-truck.jpg\",\"width\":800,\"height\":533,\"caption\":\"food truck built on citroen van\"},{\"@type\":\"BreadcrumbList\",\"@id\":\"https:\/\/www.vsveicolispeciali.com\/de\/die-zukunft-der-verpflegung-bewegt-sich-auf-raedern\/#breadcrumb\",\"itemListElement\":[{\"@type\":\"ListItem\",\"position\":1,\"name\":\"Home\",\"item\":\"https:\/\/www.vsveicolispeciali.com\/de\/\"},{\"@type\":\"ListItem\",\"position\":2,\"name\":\"Die Zukunft der Verpflegung bewegt sich auf R\u00e4dern\"}]},{\"@type\":\"WebSite\",\"@id\":\"https:\/\/www.vsveicolispeciali.com\/de\/#website\",\"url\":\"https:\/\/www.vsveicolispeciali.com\/de\/\",\"name\":\"VS Veicoli Speciali\",\"description\":\"\",\"publisher\":{\"@id\":\"https:\/\/www.vsveicolispeciali.com\/de\/#organization\"},\"potentialAction\":[{\"@type\":\"SearchAction\",\"target\":{\"@type\":\"EntryPoint\",\"urlTemplate\":\"https:\/\/www.vsveicolispeciali.com\/de\/?s={search_term_string}\"},\"query-input\":{\"@type\":\"PropertyValueSpecification\",\"valueRequired\":true,\"valueName\":\"search_term_string\"}}],\"inLanguage\":\"de\"},{\"@type\":\"Organization\",\"@id\":\"https:\/\/www.vsveicolispeciali.com\/de\/#organization\",\"name\":\"VS Veicoli Speciali\",\"url\":\"https:\/\/www.vsveicolispeciali.com\/de\/\",\"logo\":{\"@type\":\"ImageObject\",\"inLanguage\":\"de\",\"@id\":\"https:\/\/www.vsveicolispeciali.com\/de\/#\/schema\/logo\/image\/\",\"url\":\"http:\/\/www.vsveicolispeciali.com\/wp-content\/uploads\/2015\/05\/vs_veicoli_speciali-logo.png\",\"contentUrl\":\"http:\/\/www.vsveicolispeciali.com\/wp-content\/uploads\/2015\/05\/vs_veicoli_speciali-logo.png\",\"width\":252,\"height\":134,\"caption\":\"VS Veicoli Speciali\"},\"image\":{\"@id\":\"https:\/\/www.vsveicolispeciali.com\/de\/#\/schema\/logo\/image\/\"},\"sameAs\":[\"https:\/\/www.facebook.com\/VSVeicoliSpeciali.Food.Trucks\/\",\"https:\/\/x.com\/veicolispeciali\",\"https:\/\/www.instagram.com\/vs_veicolispeciali\/\",\"https:\/\/www.linkedin.com\/company\/2811960\/\",\"https:\/\/www.pinterest.com\/streetfoodtruck\/\",\"https:\/\/www.youtube.com\/user\/veicolispeciali\"]},{\"@type\":\"Person\",\"@id\":\"https:\/\/www.vsveicolispeciali.com\/de\/#\/schema\/person\/1241826d792bde4333b3db1395b12be9\",\"name\":\"VS Veicoli Speciali\",\"image\":{\"@type\":\"ImageObject\",\"inLanguage\":\"de\",\"@id\":\"https:\/\/www.vsveicolispeciali.com\/de\/#\/schema\/person\/image\/\",\"url\":\"https:\/\/secure.gravatar.com\/avatar\/4ea93278e71ba140dbbbfb5d34409507?s=96&d=mm&r=g\",\"contentUrl\":\"https:\/\/secure.gravatar.com\/avatar\/4ea93278e71ba140dbbbfb5d34409507?s=96&d=mm&r=g\",\"caption\":\"VS Veicoli Speciali\"}}]}<\/script>\n<!-- \/ Yoast SEO plugin. -->","yoast_head_json":{"title":"Die Zukunft der Verpflegung bewegt sich auf R\u00e4dern","description":"Street Food gewinnt eine neue zentrale Rolle, insbesondere f\u00fcr Unternehmen, die Catering herstellen. Mit einem Imbisswagen auf die Stra\u00dfe, um geschlossenen R\u00e4umen zu entkommen, in denen die Epidemie ein leichtes Spiel hat","robots":{"index":"index","follow":"follow","max-snippet":"max-snippet:-1","max-image-preview":"max-image-preview:large","max-video-preview":"max-video-preview:-1"},"canonical":"https:\/\/www.vsveicolispeciali.com\/de\/die-zukunft-der-verpflegung-bewegt-sich-auf-raedern\/","og_locale":"de_DE","og_type":"article","og_title":"Die Zukunft der Verpflegung bewegt sich auf R\u00e4dern","og_description":"Street Food gewinnt eine neue zentrale Rolle, insbesondere f\u00fcr Unternehmen, die Catering herstellen. Mit einem Imbisswagen auf die Stra\u00dfe, um geschlossenen R\u00e4umen zu entkommen, in denen die Epidemie ein leichtes Spiel hat","og_url":"https:\/\/www.vsveicolispeciali.com\/de\/die-zukunft-der-verpflegung-bewegt-sich-auf-raedern\/","og_site_name":"VS Veicoli Speciali","article_publisher":"https:\/\/www.facebook.com\/VSVeicoliSpeciali.Food.Trucks\/","article_published_time":"2020-07-06T11:01:01+00:00","article_modified_time":"2023-01-16T19:06:43+00:00","og_image":[{"width":800,"height":533,"url":"https:\/\/www.vsveicolispeciali.com\/wp-content\/uploads\/2019\/08\/the-club-sandwich-truck.jpg","type":"image\/jpeg"}],"author":"VS Veicoli Speciali","twitter_card":"summary_large_image","twitter_creator":"@veicolispeciali","twitter_site":"@veicolispeciali","twitter_misc":{"Verfasst von":"VS Veicoli Speciali","Gesch\u00e4tzte Lesezeit":"3\u00a0Minuten"},"schema":{"@context":"https:\/\/schema.org","@graph":[{"@type":"Article","@id":"https:\/\/www.vsveicolispeciali.com\/de\/die-zukunft-der-verpflegung-bewegt-sich-auf-raedern\/#article","isPartOf":{"@id":"https:\/\/www.vsveicolispeciali.com\/de\/die-zukunft-der-verpflegung-bewegt-sich-auf-raedern\/"},"author":{"name":"VS Veicoli Speciali","@id":"https:\/\/www.vsveicolispeciali.com\/de\/#\/schema\/person\/1241826d792bde4333b3db1395b12be9"},"headline":"Die Zukunft der Verpflegung bewegt sich auf R\u00e4dern","datePublished":"2020-07-06T11:01:01+00:00","dateModified":"2023-01-16T19:06:43+00:00","mainEntityOfPage":{"@id":"https:\/\/www.vsveicolispeciali.com\/de\/die-zukunft-der-verpflegung-bewegt-sich-auf-raedern\/"},"wordCount":690,"publisher":{"@id":"https:\/\/www.vsveicolispeciali.com\/de\/#organization"},"image":{"@id":"https:\/\/www.vsveicolispeciali.com\/de\/die-zukunft-der-verpflegung-bewegt-sich-auf-raedern\/#primaryimage"},"thumbnailUrl":"https:\/\/www.vsveicolispeciali.com\/wp-content\/uploads\/2019\/08\/the-club-sandwich-truck.jpg","keywords":["streetfood business"],"articleSection":["Non categorizzato"],"inLanguage":"de"},{"@type":"WebPage","@id":"https:\/\/www.vsveicolispeciali.com\/de\/die-zukunft-der-verpflegung-bewegt-sich-auf-raedern\/","url":"https:\/\/www.vsveicolispeciali.com\/de\/die-zukunft-der-verpflegung-bewegt-sich-auf-raedern\/","name":"Die Zukunft der Verpflegung bewegt sich auf R\u00e4dern","isPartOf":{"@id":"https:\/\/www.vsveicolispeciali.com\/de\/#website"},"primaryImageOfPage":{"@id":"https:\/\/www.vsveicolispeciali.com\/de\/die-zukunft-der-verpflegung-bewegt-sich-auf-raedern\/#primaryimage"},"image":{"@id":"https:\/\/www.vsveicolispeciali.com\/de\/die-zukunft-der-verpflegung-bewegt-sich-auf-raedern\/#primaryimage"},"thumbnailUrl":"https:\/\/www.vsveicolispeciali.com\/wp-content\/uploads\/2019\/08\/the-club-sandwich-truck.jpg","datePublished":"2020-07-06T11:01:01+00:00","dateModified":"2023-01-16T19:06:43+00:00","description":"Street Food gewinnt eine neue zentrale Rolle, insbesondere f\u00fcr Unternehmen, die Catering herstellen. Mit einem Imbisswagen auf die Stra\u00dfe, um geschlossenen R\u00e4umen zu entkommen, in denen die Epidemie ein leichtes Spiel hat","breadcrumb":{"@id":"https:\/\/www.vsveicolispeciali.com\/de\/die-zukunft-der-verpflegung-bewegt-sich-auf-raedern\/#breadcrumb"},"inLanguage":"de","potentialAction":[{"@type":"ReadAction","target":["https:\/\/www.vsveicolispeciali.com\/de\/die-zukunft-der-verpflegung-bewegt-sich-auf-raedern\/"]}]},{"@type":"ImageObject","inLanguage":"de","@id":"https:\/\/www.vsveicolispeciali.com\/de\/die-zukunft-der-verpflegung-bewegt-sich-auf-raedern\/#primaryimage","url":"https:\/\/www.vsveicolispeciali.com\/wp-content\/uploads\/2019\/08\/the-club-sandwich-truck.jpg","contentUrl":"https:\/\/www.vsveicolispeciali.com\/wp-content\/uploads\/2019\/08\/the-club-sandwich-truck.jpg","width":800,"height":533,"caption":"food truck built on citroen van"},{"@type":"BreadcrumbList","@id":"https:\/\/www.vsveicolispeciali.com\/de\/die-zukunft-der-verpflegung-bewegt-sich-auf-raedern\/#breadcrumb","itemListElement":[{"@type":"ListItem","position":1,"name":"Home","item":"https:\/\/www.vsveicolispeciali.com\/de\/"},{"@type":"ListItem","position":2,"name":"Die Zukunft der Verpflegung bewegt sich auf R\u00e4dern"}]},{"@type":"WebSite","@id":"https:\/\/www.vsveicolispeciali.com\/de\/#website","url":"https:\/\/www.vsveicolispeciali.com\/de\/","name":"VS Veicoli Speciali","description":"","publisher":{"@id":"https:\/\/www.vsveicolispeciali.com\/de\/#organization"},"potentialAction":[{"@type":"SearchAction","target":{"@type":"EntryPoint","urlTemplate":"https:\/\/www.vsveicolispeciali.com\/de\/?s={search_term_string}"},"query-input":{"@type":"PropertyValueSpecification","valueRequired":true,"valueName":"search_term_string"}}],"inLanguage":"de"},{"@type":"Organization","@id":"https:\/\/www.vsveicolispeciali.com\/de\/#organization","name":"VS Veicoli Speciali","url":"https:\/\/www.vsveicolispeciali.com\/de\/","logo":{"@type":"ImageObject","inLanguage":"de","@id":"https:\/\/www.vsveicolispeciali.com\/de\/#\/schema\/logo\/image\/","url":"http:\/\/www.vsveicolispeciali.com\/wp-content\/uploads\/2015\/05\/vs_veicoli_speciali-logo.png","contentUrl":"http:\/\/www.vsveicolispeciali.com\/wp-content\/uploads\/2015\/05\/vs_veicoli_speciali-logo.png","width":252,"height":134,"caption":"VS Veicoli Speciali"},"image":{"@id":"https:\/\/www.vsveicolispeciali.com\/de\/#\/schema\/logo\/image\/"},"sameAs":["https:\/\/www.facebook.com\/VSVeicoliSpeciali.Food.Trucks\/","https:\/\/x.com\/veicolispeciali","https:\/\/www.instagram.com\/vs_veicolispeciali\/","https:\/\/www.linkedin.com\/company\/2811960\/","https:\/\/www.pinterest.com\/streetfoodtruck\/","https:\/\/www.youtube.com\/user\/veicolispeciali"]},{"@type":"Person","@id":"https:\/\/www.vsveicolispeciali.com\/de\/#\/schema\/person\/1241826d792bde4333b3db1395b12be9","name":"VS Veicoli Speciali","image":{"@type":"ImageObject","inLanguage":"de","@id":"https:\/\/www.vsveicolispeciali.com\/de\/#\/schema\/person\/image\/","url":"https:\/\/secure.gravatar.com\/avatar\/4ea93278e71ba140dbbbfb5d34409507?s=96&d=mm&r=g","contentUrl":"https:\/\/secure.gravatar.com\/avatar\/4ea93278e71ba140dbbbfb5d34409507?s=96&d=mm&r=g","caption":"VS Veicoli Speciali"}}]}},"_links":{"self":[{"href":"https:\/\/www.vsveicolispeciali.com\/de\/wp-json\/wp\/v2\/posts\/12846"}],"collection":[{"href":"https:\/\/www.vsveicolispeciali.com\/de\/wp-json\/wp\/v2\/posts"}],"about":[{"href":"https:\/\/www.vsveicolispeciali.com\/de\/wp-json\/wp\/v2\/types\/post"}],"author":[{"embeddable":true,"href":"https:\/\/www.vsveicolispeciali.com\/de\/wp-json\/wp\/v2\/users\/1001012"}],"replies":[{"embeddable":true,"href":"https:\/\/www.vsveicolispeciali.com\/de\/wp-json\/wp\/v2\/comments?post=12846"}],"version-history":[{"count":4,"href":"https:\/\/www.vsveicolispeciali.com\/de\/wp-json\/wp\/v2\/posts\/12846\/revisions"}],"predecessor-version":[{"id":12847,"href":"https:\/\/www.vsveicolispeciali.com\/de\/wp-json\/wp\/v2\/posts\/12846\/revisions\/12847"}],"wp:featuredmedia":[{"embeddable":true,"href":"https:\/\/www.vsveicolispeciali.com\/de\/wp-json\/wp\/v2\/media\/13476"}],"wp:attachment":[{"href":"https:\/\/www.vsveicolispeciali.com\/de\/wp-json\/wp\/v2\/media?parent=12846"}],"wp:term":[{"taxonomy":"category","embeddable":true,"href":"https:\/\/www.vsveicolispeciali.com\/de\/wp-json\/wp\/v2\/categories?post=12846"},{"taxonomy":"post_tag","embeddable":true,"href":"https:\/\/www.vsveicolispeciali.com\/de\/wp-json\/wp\/v2\/tags?post=12846"}],"curies":[{"name":"wp","href":"https:\/\/api.w.org\/{rel}","templated":true}]}}