{"id":12754,"date":"2019-11-19T01:30:41","date_gmt":"2019-11-19T00:30:41","guid":{"rendered":"http:\/\/vsveicolispeciali.com\/dai-carretti-ambulanti-ai-professional-food-truck\/"},"modified":"2025-06-27T21:31:58","modified_gmt":"2025-06-27T19:31:58","slug":"vom-handwagen-des-strassenhaendlers-zum-professionellen-food-truck","status":"publish","type":"post","link":"https:\/\/www.vsveicolispeciali.com\/de\/vom-handwagen-des-strassenhaendlers-zum-professionellen-food-truck\/","title":{"rendered":"Vom Handwagen des Stra\u00dfenh\u00e4ndlers zum professionellen Food Truck"},"content":{"rendered":"<p>Heute ist der <strong>Food Truck<\/strong> zu einem Massenph\u00e4nomen geworden. Er ist eine alternative und originelle Art, eine Mahlzeit au\u00dfer Haus zu genie\u00dfen. \u00dcber 2,5 Milliarden Menschen verpflegen sich jeden Tag mit <strong>Stra\u00dfenspeisen<\/strong>: Die Branche der Food Trucks scheint keine Krise zu kennen.<\/p>\n<p>Food Trucks sind seit der Rezession in 2008 popul\u00e4r geworden und geh\u00f6ren genauso zur Verpflegungsbranche wie Restaurants oder Fastfood-L\u00e4den. Aufgrund der niedrigen Kosten w\u00e4hlen viele angehende Gastwirte, <a href=\"https:\/\/www.vsveicolispeciali.com\/de\/wie-ein-street-food-geschaeft-zu-eroeffnen-die-abeille-gourmande-creperie-bretonne\/\">ihre Karriere im Gastst\u00e4ttengewerbe mit einem Food Truck zu er\u00f6ffnen<\/a>.<\/p>\n<p>Anders als die Stra\u00dfenspeisen von einst, stellen die heutigen Food Trucks alle Geschm\u00e4cker zufrieden: Das Angebot reicht vom simplen aber wahrhaftigen Men\u00fc \u00fcber Gourmet-Speisen bis hin zu regionalen Gerichten.<\/p>\n<p>Zwischen 2013 und 2018 ist die Konstruktion dieser Fahrzeuge exponentiell in die H\u00f6he geschossen. Das Street Food-Ph\u00e4nomen wurde auch schon auf der Leinwand erz\u00e4hlt: 2014 <strong>kam &#8222;Kiss the Cook \u2013 So schmeckt das Leben!&#8220;<\/strong> (Originaltitel: &#8222;Chef&#8220;) ins Kino. Der Film erz\u00e4hlt von einem Koch am Ende seiner Karriere, der ein fahrendes <a href=\"https:\/\/www.vsveicolispeciali.com\/de\/street-food\/\">Street Food-Business<\/a> er\u00f6ffnet. Dieses anscheinend moderne Konzept hat seine Wurzeln in weit bescheideneren Innovationen aus der Vergangenheit. Das Bestellen von Speisen an einem Food Truck garantiert eine genussvolle Erfahrung, noch besser ist es aber, wenn man die Geschichte hinter dem Ph\u00e4nomen kennt.<\/p>\n<p>Der Verkauf von Stra\u00dfenspeisen l\u00e4sst sich bis ins ausgehende 17. Jahrhundert zur\u00fcckverfolgen, als die Bev\u00f6lkerung keine Mittel hatte, um f\u00fcr sich zu kochen. Fahrende H\u00e4ndler verkauften Speisen auf kleinen Handkarren und in behelfsm\u00e4\u00dfigen K\u00fcchen. Diese T\u00e4tigkeit hat sich auf der ganzen Welt durchgesetzt, besonders in Stadtgebieten.<\/p>\n<p>Mitte des 19. Jahrhunderts liess <strong>Charles Goodnight<\/strong> ein Armeefahrzeug umbauen: Regale und Schubladen wurden eingebaut, um Teller, Gew\u00fcrze, T\u00f6pfe, Pfannen und Lebensmittel zu verstauen. Ein Koch wurde angeheuert, und der Wagen wurde in <strong>fahrende K\u00fcche umgebaut. Die zubereiteten Speisen waren auch auf Reisen einfach aufzubewahren. Au\u00dferdem bereitete der Koch oft Gerichte mit auf dem Weg gefundenen Lebensmitteln vor.<\/p>\n<p><a href=\"https:\/\/www.vsveicolispeciali.com\/wp-content\/uploads\/2019\/11\/chuckwagon-primi-carri-venditori-ambulanti.jpg\"><img loading=\"lazy\" decoding=\"async\" class=\"alignleft size-full wp-image-11302\" src=\"https:\/\/www.vsveicolispeciali.com\/wp-content\/uploads\/2019\/11\/chuckwagon-primi-carri-venditori-ambulanti.jpg\" alt=\"chuckwagon erste Stra\u00dfenh\u00e4ndlerwagen\" width=\"800\" height=\"480\" srcset=\"https:\/\/www.vsveicolispeciali.com\/wp-content\/uploads\/2019\/11\/chuckwagon-primi-carri-venditori-ambulanti.jpg 800w, https:\/\/www.vsveicolispeciali.com\/wp-content\/uploads\/2019\/11\/chuckwagon-primi-carri-venditori-ambulanti-300x180.jpg 300w, https:\/\/www.vsveicolispeciali.com\/wp-content\/uploads\/2019\/11\/chuckwagon-primi-carri-venditori-ambulanti-768x461.jpg 768w, https:\/\/www.vsveicolispeciali.com\/wp-content\/uploads\/2019\/11\/chuckwagon-primi-carri-venditori-ambulanti-700x420.jpg 700w\" sizes=\"(max-width: 800px) 100vw, 800px\" \/><\/a><\/p>\n<p>So entstand der <strong>Chuckwagon<\/strong>, der Verpflegungswagen des amerikanischen Westens. Das bedeutet nicht, dass es vorher keine fahrende Verpflegung gegeben h\u00e4tte, aber Goodnight hinterlie\u00df zweifellos ein Zeichen mit dieser Kreation.<\/p>\n<p>Traditionellerweise sind Food Trucks mit der Idee schnell und leicht zubereiteter Speisen verbunden und werden meist in \u00fcberf\u00fcllten Stadtzentren aufgestellt.<\/p>\n<p>Das Men\u00fcangebot und die Popularit\u00e4t dieser Fahrzeuge sind sehr gewachsen, daher werden Food Trucks mittlerweile nicht nur an Stra\u00dfenecken in dicht besiedelten St\u00e4dten aufgestellt, sondern auch in kleineren St\u00e4dten und Vorstadtgebieten und an Messen, Festivals, Konzerten, Sportanl\u00e4ssen und \u00fcberall dort, wo viele Menschen zusammenkommen. Einfache <a href=\"https:\/\/www.vsveicolispeciali.com\/de\/zwischen-gazebos-und-food-trucks-gibt-es-keinen-vergleich\/\">Ausstattungen und tempor\u00e4re St\u00e4nde<\/a> sind durch professionelle Food Trucks ersetzt worden, die \u00fcber ein breiteres Angebot verf\u00fcgen und die Anforderungen der Marken- und Produktf\u00f6rderung besser abdecken.<\/p>\n<p>Auch <a href=\"https:\/\/www.vsveicolispeciali.com\/de\/8-gruende-einen-food-truck-zu-kaufen-unternehmen-im-gaststaettengewerbe\/\">kleinere Gastst\u00e4ttengewerbe kaufen Food Trucks<\/a>, um an gro\u00dfen Veranstaltungen f\u00fcr <strong>die eigene Marke<\/strong> zu werben. Diese Fahrzeuge sind Marketinginstrumente, die ein Business erkennbar machen und den Aktionsradius eines Betriebs erweitern. Neue Kunden lernen ein Lokal kennen, weil sie einen Food Truck f\u00fcr eine Veranstaltung im Freien buchen oder ihn an einem Festival sehen.<\/p>\n<p><a href=\"https:\/\/www.vsveicolispeciali.com\/wp-content\/uploads\/2019\/11\/ape-promo-food-truck-la-creperie-zurich.jpg\"><img loading=\"lazy\" decoding=\"async\" class=\"alignleft size-full wp-image-11311\" src=\"https:\/\/www.vsveicolispeciali.com\/wp-content\/uploads\/2019\/11\/ape-promo-food-truck-la-creperie-zurich.jpg\" alt=\"ape piaggio promo food truck la creperie zurich Wanderverkauf von Crepes und Markenwerbung\" width=\"800\" height=\"1050\" srcset=\"https:\/\/www.vsveicolispeciali.com\/wp-content\/uploads\/2019\/11\/ape-promo-food-truck-la-creperie-zurich.jpg 800w, https:\/\/www.vsveicolispeciali.com\/wp-content\/uploads\/2019\/11\/ape-promo-food-truck-la-creperie-zurich-229x300.jpg 229w, https:\/\/www.vsveicolispeciali.com\/wp-content\/uploads\/2019\/11\/ape-promo-food-truck-la-creperie-zurich-768x1008.jpg 768w, https:\/\/www.vsveicolispeciali.com\/wp-content\/uploads\/2019\/11\/ape-promo-food-truck-la-creperie-zurich-780x1024.jpg 780w, https:\/\/www.vsveicolispeciali.com\/wp-content\/uploads\/2019\/11\/ape-promo-food-truck-la-creperie-zurich-700x919.jpg 700w\" sizes=\"(max-width: 800px) 100vw, 800px\" \/><\/a><\/p>\n<p>In den letzten f\u00fcnf Jahren hat sich die Zahl der Unternehmen, die einen eigenen <a href=\"https:\/\/www.vsveicolispeciali.com\/de\/verkaufswagen-kaufen\/werbefahrzeuge-promotion-truck-verkaufsmobil\/\">Promotionfahrzeug<\/a> besitzen, vervierfacht.<\/p>\n<p>Promofahrzeuge und Nutzfahrzeuge f\u00fcr den fahrenden Verkauf k\u00f6nnen zur F\u00f6rderung der Marke, der Produkte und der Dienstleistungen eines Unternehmens eingesetzt werden. Immer mehr <strong>Unternehmen und L\u00e4den statten sich mit einem Food Truck (oder Promo Truck) aus, um neuen Schwung ins Gesch\u00e4ft zu bringen.<\/p>\n<p>Ein <a href=\"https:\/\/www.vsveicolispeciali.com\/de\/massgeschneiderte-food-trucks-fuer-anspruchsvolle-unternehmen\/\" target=\"_blank\" rel=\"noopener noreferrer\">hochwertiger Imbisswagen<\/a> bietet wichtige Vorteile: Wachsende Popularit\u00e4t und extreme Flexibilit\u00e4t.<\/p>\n<p><strong>Die Anlaufkosten sind gering, das Leistungspotential sehr hoch.<\/strong><\/p>\n<p>Die <strong>Mobilit\u00e4t<\/strong> dieser Fahrzeuge erm\u00f6glicht es, sie jeden Tag an einem anderen Ort aufzustellen, um sich stets rentable Gesch\u00e4fte zuzusichern. Auch die Kosten des Personals sind niedrig, denn in einem Fahrzeug k\u00f6nnen maximal 4 Personen arbeiten.<\/p>\n<p>Millennials und Gen Z <strong>benutzen soziale Netzwerke, um die Position der verschiedenen Food Trucks zu ermitteln<\/strong> und \u00fcber bevorstehende Events immer auf dem Laufenden zu sein.<\/p>\n<p><strong>Food Trucks sind in verschiedener Hinsicht flexibel<\/strong>: Das Men\u00fc kann den Marktbed\u00fcrfnissen entsprechend ge\u00e4ndert werden; die Besitzer k\u00f6nnen jederzeit in den Urlaub fahren, ohne sich um die Erhaltungskosten eines festen Lokals k\u00fcmmern zu m\u00fcssen; das Fahrzeug kann der Marktnachfrage entsprechend problemlos an einem anderen Ort aufgestellt werden.<\/p>\n<p>Und dabei wird nicht ber\u00fccksichtigt, <a href=\"https:\/\/www.vsveicolispeciali.com\/de\/was-ein-foodtruck-ist-und-wie-er-sich-vom-street-food-emanzipiert\/\" rel=\"noopener\" target=\"_blank\">was aus modernen Food Trucks geworden ist<\/a> und wie sie Gesch\u00e4ftsstrategien entwickeln, die \u00fcber das Konzept des mobilen Streetfoods hinausgehen und neue Gewinnm\u00f6glichkeiten schaffen.<\/p>\n<p>&nbsp;<br \/>\n\n\t\t<style type=\"text\/css\">\n\t\t\t#gallery-1 {\n\t\t\t\tmargin: auto;\n\t\t\t}\n\t\t\t#gallery-1 .gallery-item {\n\t\t\t\tfloat: left;\n\t\t\t\tmargin-top: 10px;\n\t\t\t\ttext-align: center;\n\t\t\t\twidth: 33%;\n\t\t\t}\n\t\t\t#gallery-1 img {\n\t\t\t\tborder: 2px solid #cfcfcf;\n\t\t\t}\n\t\t\t#gallery-1 .gallery-caption {\n\t\t\t\tmargin-left: 0;\n\t\t\t}\n\t\t\t\/* see gallery_shortcode() in wp-includes\/media.php *\/\n\t\t<\/style>\n\t\t<div id='gallery-1' class='gallery galleryid-12754 gallery-columns-3 gallery-size-thumbnail'><dl class='gallery-item'>\n\t\t\t<dt class='gallery-icon landscape'>\n\t\t\t\t<a href='https:\/\/www.vsveicolispeciali.com\/de\/professional-food-truck-citroen-jumper-giowa-2\/'><img loading=\"lazy\" decoding=\"async\" width=\"150\" height=\"150\" src=\"https:\/\/www.vsveicolispeciali.com\/wp-content\/uploads\/2019\/11\/professional-food-truck-citroen-jumper-giowa-150x150.jpg\" class=\"attachment-thumbnail size-thumbnail\" alt=\"professional food truck citroen jumper giowa\" srcset=\"https:\/\/www.vsveicolispeciali.com\/wp-content\/uploads\/2019\/11\/professional-food-truck-citroen-jumper-giowa-150x150.jpg 150w, https:\/\/www.vsveicolispeciali.com\/wp-content\/uploads\/2019\/11\/professional-food-truck-citroen-jumper-giowa-570x570.jpg 570w, https:\/\/www.vsveicolispeciali.com\/wp-content\/uploads\/2019\/11\/professional-food-truck-citroen-jumper-giowa-600x600.jpg 600w, https:\/\/www.vsveicolispeciali.com\/wp-content\/uploads\/2019\/11\/professional-food-truck-citroen-jumper-giowa-500x500.jpg 500w\" sizes=\"(max-width: 150px) 100vw, 150px\" \/><\/a>\n\t\t\t<\/dt><\/dl>\n\t\t\t<br style='clear: both' \/>\n\t\t<\/div>\n","protected":false},"excerpt":{"rendered":"<p>Heute ist der Food Truck zu einem Massenph\u00e4nomen geworden. Er ist eine alternative und originelle Art, eine Mahlzeit au\u00dfer Haus zu genie\u00dfen. \u00dcber 2,5 Milliarden Menschen verpflegen sich jeden Tag mit Stra\u00dfenspeisen: Die Branche der Food Trucks scheint keine Krise zu kennen. Food Trucks sind&#8230;<\/p>\n","protected":false},"author":2,"featured_media":11310,"comment_status":"closed","ping_status":"open","sticky":false,"template":"","format":"gallery","meta":{"footnotes":""},"categories":[48],"tags":[259,267],"class_list":["post-12754","post","type-post","status-publish","format-gallery","has-post-thumbnail","hentry","category-non-categorizzato","tag-foodtruck-eroeffnen","tag-streetfood-business","post_format-post-format-gallery"],"yoast_head":"<!-- This site is optimized with the Yoast SEO plugin v25.4 - https:\/\/yoast.com\/wordpress\/plugins\/seo\/ -->\n<title>Vom Handwagen des Stra\u00dfenh\u00e4ndlers zum professionellen Food Truck<\/title>\n<meta name=\"description\" content=\"Auch kleinere Gastst\u00e4ttengewerbe kaufen Food Trucks, um an gro\u00dfen Veranstaltungen f\u00fcr die eigene Marke zu werben. Diese Fahrzeuge sind Marketinginstrumente, die ein Business erkennbar machen und den Aktionsradius eines Betriebs erweitern &gt;\" \/>\n<meta name=\"robots\" content=\"index, follow, max-snippet:-1, max-image-preview:large, max-video-preview:-1\" \/>\n<link rel=\"canonical\" href=\"https:\/\/www.vsveicolispeciali.com\/de\/vom-handwagen-des-strassenhaendlers-zum-professionellen-food-truck\/\" \/>\n<meta property=\"og:locale\" content=\"de_DE\" \/>\n<meta property=\"og:type\" content=\"article\" \/>\n<meta property=\"og:title\" content=\"Vom Handwagen des Stra\u00dfenh\u00e4ndlers zum professionellen Food Truck\" \/>\n<meta property=\"og:description\" content=\"Auch kleinere Gastst\u00e4ttengewerbe kaufen Food Trucks, um an gro\u00dfen Veranstaltungen f\u00fcr die eigene Marke zu werben. Diese Fahrzeuge sind Marketinginstrumente, die ein Business erkennbar machen und den Aktionsradius eines Betriebs erweitern &gt;\" \/>\n<meta property=\"og:url\" content=\"https:\/\/www.vsveicolispeciali.com\/de\/vom-handwagen-des-strassenhaendlers-zum-professionellen-food-truck\/\" \/>\n<meta property=\"og:site_name\" content=\"VS Veicoli Speciali\" \/>\n<meta property=\"article:publisher\" content=\"https:\/\/www.facebook.com\/VSVeicoliSpeciali.Food.Trucks\/\" \/>\n<meta property=\"article:published_time\" content=\"2019-11-19T00:30:41+00:00\" \/>\n<meta property=\"article:modified_time\" content=\"2025-06-27T19:31:58+00:00\" \/>\n<meta property=\"og:image\" content=\"https:\/\/www.vsveicolispeciali.com\/wp-content\/uploads\/2019\/11\/azienda-selle-royal-promo-truck-piaggio-porter-bar.jpg\" \/>\n\t<meta property=\"og:image:width\" content=\"800\" \/>\n\t<meta property=\"og:image:height\" content=\"634\" \/>\n\t<meta property=\"og:image:type\" content=\"image\/jpeg\" \/>\n<meta name=\"author\" content=\"VS Veicoli Speciali\" \/>\n<meta name=\"twitter:card\" content=\"summary_large_image\" \/>\n<meta name=\"twitter:creator\" content=\"@veicolispeciali\" \/>\n<meta name=\"twitter:site\" content=\"@veicolispeciali\" \/>\n<meta name=\"twitter:label1\" content=\"Verfasst von\" \/>\n\t<meta name=\"twitter:data1\" content=\"VS Veicoli Speciali\" \/>\n\t<meta name=\"twitter:label2\" content=\"Gesch\u00e4tzte Lesezeit\" \/>\n\t<meta name=\"twitter:data2\" content=\"5\u00a0Minuten\" \/>\n<script type=\"application\/ld+json\" class=\"yoast-schema-graph\">{\"@context\":\"https:\/\/schema.org\",\"@graph\":[{\"@type\":\"Article\",\"@id\":\"https:\/\/www.vsveicolispeciali.com\/de\/vom-handwagen-des-strassenhaendlers-zum-professionellen-food-truck\/#article\",\"isPartOf\":{\"@id\":\"https:\/\/www.vsveicolispeciali.com\/de\/vom-handwagen-des-strassenhaendlers-zum-professionellen-food-truck\/\"},\"author\":{\"name\":\"VS Veicoli Speciali\",\"@id\":\"https:\/\/www.vsveicolispeciali.com\/de\/#\/schema\/person\/8c8e3b05db2eca472cca11ff78d1a62d\"},\"headline\":\"Vom Handwagen des Stra\u00dfenh\u00e4ndlers zum professionellen Food Truck\",\"datePublished\":\"2019-11-19T00:30:41+00:00\",\"dateModified\":\"2025-06-27T19:31:58+00:00\",\"mainEntityOfPage\":{\"@id\":\"https:\/\/www.vsveicolispeciali.com\/de\/vom-handwagen-des-strassenhaendlers-zum-professionellen-food-truck\/\"},\"wordCount\":767,\"publisher\":{\"@id\":\"https:\/\/www.vsveicolispeciali.com\/de\/#organization\"},\"image\":{\"@id\":\"https:\/\/www.vsveicolispeciali.com\/de\/vom-handwagen-des-strassenhaendlers-zum-professionellen-food-truck\/#primaryimage\"},\"thumbnailUrl\":\"https:\/\/www.vsveicolispeciali.com\/wp-content\/uploads\/2019\/11\/azienda-selle-royal-promo-truck-piaggio-porter-bar.jpg\",\"keywords\":[\"foodtruck er\u00f6ffnen\",\"streetfood business\"],\"articleSection\":[\"Non categorizzato\"],\"inLanguage\":\"de\"},{\"@type\":\"WebPage\",\"@id\":\"https:\/\/www.vsveicolispeciali.com\/de\/vom-handwagen-des-strassenhaendlers-zum-professionellen-food-truck\/\",\"url\":\"https:\/\/www.vsveicolispeciali.com\/de\/vom-handwagen-des-strassenhaendlers-zum-professionellen-food-truck\/\",\"name\":\"Vom Handwagen des Stra\u00dfenh\u00e4ndlers zum professionellen Food Truck\",\"isPartOf\":{\"@id\":\"https:\/\/www.vsveicolispeciali.com\/de\/#website\"},\"primaryImageOfPage\":{\"@id\":\"https:\/\/www.vsveicolispeciali.com\/de\/vom-handwagen-des-strassenhaendlers-zum-professionellen-food-truck\/#primaryimage\"},\"image\":{\"@id\":\"https:\/\/www.vsveicolispeciali.com\/de\/vom-handwagen-des-strassenhaendlers-zum-professionellen-food-truck\/#primaryimage\"},\"thumbnailUrl\":\"https:\/\/www.vsveicolispeciali.com\/wp-content\/uploads\/2019\/11\/azienda-selle-royal-promo-truck-piaggio-porter-bar.jpg\",\"datePublished\":\"2019-11-19T00:30:41+00:00\",\"dateModified\":\"2025-06-27T19:31:58+00:00\",\"description\":\"Auch kleinere Gastst\u00e4ttengewerbe kaufen Food Trucks, um an gro\u00dfen Veranstaltungen f\u00fcr die eigene Marke zu werben. Diese Fahrzeuge sind Marketinginstrumente, die ein Business erkennbar machen und den Aktionsradius eines Betriebs erweitern >\",\"breadcrumb\":{\"@id\":\"https:\/\/www.vsveicolispeciali.com\/de\/vom-handwagen-des-strassenhaendlers-zum-professionellen-food-truck\/#breadcrumb\"},\"inLanguage\":\"de\",\"potentialAction\":[{\"@type\":\"ReadAction\",\"target\":[\"https:\/\/www.vsveicolispeciali.com\/de\/vom-handwagen-des-strassenhaendlers-zum-professionellen-food-truck\/\"]}]},{\"@type\":\"ImageObject\",\"inLanguage\":\"de\",\"@id\":\"https:\/\/www.vsveicolispeciali.com\/de\/vom-handwagen-des-strassenhaendlers-zum-professionellen-food-truck\/#primaryimage\",\"url\":\"https:\/\/www.vsveicolispeciali.com\/wp-content\/uploads\/2019\/11\/azienda-selle-royal-promo-truck-piaggio-porter-bar.jpg\",\"contentUrl\":\"https:\/\/www.vsveicolispeciali.com\/wp-content\/uploads\/2019\/11\/azienda-selle-royal-promo-truck-piaggio-porter-bar.jpg\",\"width\":800,\"height\":634,\"caption\":\"azienda selle royal promo truck piaggio porter bar\"},{\"@type\":\"BreadcrumbList\",\"@id\":\"https:\/\/www.vsveicolispeciali.com\/de\/vom-handwagen-des-strassenhaendlers-zum-professionellen-food-truck\/#breadcrumb\",\"itemListElement\":[{\"@type\":\"ListItem\",\"position\":1,\"name\":\"Home\",\"item\":\"https:\/\/www.vsveicolispeciali.com\/de\/\"},{\"@type\":\"ListItem\",\"position\":2,\"name\":\"Vom Handwagen des Stra\u00dfenh\u00e4ndlers zum professionellen Food Truck\"}]},{\"@type\":\"WebSite\",\"@id\":\"https:\/\/www.vsveicolispeciali.com\/de\/#website\",\"url\":\"https:\/\/www.vsveicolispeciali.com\/de\/\",\"name\":\"VS Veicoli Speciali\",\"description\":\"\",\"publisher\":{\"@id\":\"https:\/\/www.vsveicolispeciali.com\/de\/#organization\"},\"potentialAction\":[{\"@type\":\"SearchAction\",\"target\":{\"@type\":\"EntryPoint\",\"urlTemplate\":\"https:\/\/www.vsveicolispeciali.com\/de\/?s={search_term_string}\"},\"query-input\":{\"@type\":\"PropertyValueSpecification\",\"valueRequired\":true,\"valueName\":\"search_term_string\"}}],\"inLanguage\":\"de\"},{\"@type\":\"Organization\",\"@id\":\"https:\/\/www.vsveicolispeciali.com\/de\/#organization\",\"name\":\"VS Veicoli Speciali\",\"url\":\"https:\/\/www.vsveicolispeciali.com\/de\/\",\"logo\":{\"@type\":\"ImageObject\",\"inLanguage\":\"de\",\"@id\":\"https:\/\/www.vsveicolispeciali.com\/de\/#\/schema\/logo\/image\/\",\"url\":\"http:\/\/www.vsveicolispeciali.com\/wp-content\/uploads\/2015\/05\/vs_veicoli_speciali-logo.png\",\"contentUrl\":\"http:\/\/www.vsveicolispeciali.com\/wp-content\/uploads\/2015\/05\/vs_veicoli_speciali-logo.png\",\"width\":252,\"height\":134,\"caption\":\"VS Veicoli Speciali\"},\"image\":{\"@id\":\"https:\/\/www.vsveicolispeciali.com\/de\/#\/schema\/logo\/image\/\"},\"sameAs\":[\"https:\/\/www.facebook.com\/VSVeicoliSpeciali.Food.Trucks\/\",\"https:\/\/x.com\/veicolispeciali\",\"https:\/\/www.instagram.com\/vs_veicolispeciali\/\",\"https:\/\/www.linkedin.com\/company\/2811960\/\",\"https:\/\/www.pinterest.com\/streetfoodtruck\/\",\"https:\/\/www.youtube.com\/user\/veicolispeciali\"]},{\"@type\":\"Person\",\"@id\":\"https:\/\/www.vsveicolispeciali.com\/de\/#\/schema\/person\/8c8e3b05db2eca472cca11ff78d1a62d\",\"name\":\"VS Veicoli Speciali\",\"image\":{\"@type\":\"ImageObject\",\"inLanguage\":\"de\",\"@id\":\"https:\/\/www.vsveicolispeciali.com\/de\/#\/schema\/person\/image\/\",\"url\":\"https:\/\/secure.gravatar.com\/avatar\/69112ab3f18e6754894da123600ad5b0?s=96&d=mm&r=g\",\"contentUrl\":\"https:\/\/secure.gravatar.com\/avatar\/69112ab3f18e6754894da123600ad5b0?s=96&d=mm&r=g\",\"caption\":\"VS Veicoli Speciali\"}}]}<\/script>\n<!-- \/ Yoast SEO plugin. -->","yoast_head_json":{"title":"Vom Handwagen des Stra\u00dfenh\u00e4ndlers zum professionellen Food Truck","description":"Auch kleinere Gastst\u00e4ttengewerbe kaufen Food Trucks, um an gro\u00dfen Veranstaltungen f\u00fcr die eigene Marke zu werben. Diese Fahrzeuge sind Marketinginstrumente, die ein Business erkennbar machen und den Aktionsradius eines Betriebs erweitern >","robots":{"index":"index","follow":"follow","max-snippet":"max-snippet:-1","max-image-preview":"max-image-preview:large","max-video-preview":"max-video-preview:-1"},"canonical":"https:\/\/www.vsveicolispeciali.com\/de\/vom-handwagen-des-strassenhaendlers-zum-professionellen-food-truck\/","og_locale":"de_DE","og_type":"article","og_title":"Vom Handwagen des Stra\u00dfenh\u00e4ndlers zum professionellen Food Truck","og_description":"Auch kleinere Gastst\u00e4ttengewerbe kaufen Food Trucks, um an gro\u00dfen Veranstaltungen f\u00fcr die eigene Marke zu werben. Diese Fahrzeuge sind Marketinginstrumente, die ein Business erkennbar machen und den Aktionsradius eines Betriebs erweitern >","og_url":"https:\/\/www.vsveicolispeciali.com\/de\/vom-handwagen-des-strassenhaendlers-zum-professionellen-food-truck\/","og_site_name":"VS Veicoli Speciali","article_publisher":"https:\/\/www.facebook.com\/VSVeicoliSpeciali.Food.Trucks\/","article_published_time":"2019-11-19T00:30:41+00:00","article_modified_time":"2025-06-27T19:31:58+00:00","og_image":[{"width":800,"height":634,"url":"https:\/\/www.vsveicolispeciali.com\/wp-content\/uploads\/2019\/11\/azienda-selle-royal-promo-truck-piaggio-porter-bar.jpg","type":"image\/jpeg"}],"author":"VS Veicoli Speciali","twitter_card":"summary_large_image","twitter_creator":"@veicolispeciali","twitter_site":"@veicolispeciali","twitter_misc":{"Verfasst von":"VS Veicoli Speciali","Gesch\u00e4tzte Lesezeit":"5\u00a0Minuten"},"schema":{"@context":"https:\/\/schema.org","@graph":[{"@type":"Article","@id":"https:\/\/www.vsveicolispeciali.com\/de\/vom-handwagen-des-strassenhaendlers-zum-professionellen-food-truck\/#article","isPartOf":{"@id":"https:\/\/www.vsveicolispeciali.com\/de\/vom-handwagen-des-strassenhaendlers-zum-professionellen-food-truck\/"},"author":{"name":"VS Veicoli Speciali","@id":"https:\/\/www.vsveicolispeciali.com\/de\/#\/schema\/person\/8c8e3b05db2eca472cca11ff78d1a62d"},"headline":"Vom Handwagen des Stra\u00dfenh\u00e4ndlers zum professionellen Food Truck","datePublished":"2019-11-19T00:30:41+00:00","dateModified":"2025-06-27T19:31:58+00:00","mainEntityOfPage":{"@id":"https:\/\/www.vsveicolispeciali.com\/de\/vom-handwagen-des-strassenhaendlers-zum-professionellen-food-truck\/"},"wordCount":767,"publisher":{"@id":"https:\/\/www.vsveicolispeciali.com\/de\/#organization"},"image":{"@id":"https:\/\/www.vsveicolispeciali.com\/de\/vom-handwagen-des-strassenhaendlers-zum-professionellen-food-truck\/#primaryimage"},"thumbnailUrl":"https:\/\/www.vsveicolispeciali.com\/wp-content\/uploads\/2019\/11\/azienda-selle-royal-promo-truck-piaggio-porter-bar.jpg","keywords":["foodtruck er\u00f6ffnen","streetfood business"],"articleSection":["Non categorizzato"],"inLanguage":"de"},{"@type":"WebPage","@id":"https:\/\/www.vsveicolispeciali.com\/de\/vom-handwagen-des-strassenhaendlers-zum-professionellen-food-truck\/","url":"https:\/\/www.vsveicolispeciali.com\/de\/vom-handwagen-des-strassenhaendlers-zum-professionellen-food-truck\/","name":"Vom Handwagen des Stra\u00dfenh\u00e4ndlers zum professionellen Food Truck","isPartOf":{"@id":"https:\/\/www.vsveicolispeciali.com\/de\/#website"},"primaryImageOfPage":{"@id":"https:\/\/www.vsveicolispeciali.com\/de\/vom-handwagen-des-strassenhaendlers-zum-professionellen-food-truck\/#primaryimage"},"image":{"@id":"https:\/\/www.vsveicolispeciali.com\/de\/vom-handwagen-des-strassenhaendlers-zum-professionellen-food-truck\/#primaryimage"},"thumbnailUrl":"https:\/\/www.vsveicolispeciali.com\/wp-content\/uploads\/2019\/11\/azienda-selle-royal-promo-truck-piaggio-porter-bar.jpg","datePublished":"2019-11-19T00:30:41+00:00","dateModified":"2025-06-27T19:31:58+00:00","description":"Auch kleinere Gastst\u00e4ttengewerbe kaufen Food Trucks, um an gro\u00dfen Veranstaltungen f\u00fcr die eigene Marke zu werben. Diese Fahrzeuge sind Marketinginstrumente, die ein Business erkennbar machen und den Aktionsradius eines Betriebs erweitern >","breadcrumb":{"@id":"https:\/\/www.vsveicolispeciali.com\/de\/vom-handwagen-des-strassenhaendlers-zum-professionellen-food-truck\/#breadcrumb"},"inLanguage":"de","potentialAction":[{"@type":"ReadAction","target":["https:\/\/www.vsveicolispeciali.com\/de\/vom-handwagen-des-strassenhaendlers-zum-professionellen-food-truck\/"]}]},{"@type":"ImageObject","inLanguage":"de","@id":"https:\/\/www.vsveicolispeciali.com\/de\/vom-handwagen-des-strassenhaendlers-zum-professionellen-food-truck\/#primaryimage","url":"https:\/\/www.vsveicolispeciali.com\/wp-content\/uploads\/2019\/11\/azienda-selle-royal-promo-truck-piaggio-porter-bar.jpg","contentUrl":"https:\/\/www.vsveicolispeciali.com\/wp-content\/uploads\/2019\/11\/azienda-selle-royal-promo-truck-piaggio-porter-bar.jpg","width":800,"height":634,"caption":"azienda selle royal promo truck piaggio porter bar"},{"@type":"BreadcrumbList","@id":"https:\/\/www.vsveicolispeciali.com\/de\/vom-handwagen-des-strassenhaendlers-zum-professionellen-food-truck\/#breadcrumb","itemListElement":[{"@type":"ListItem","position":1,"name":"Home","item":"https:\/\/www.vsveicolispeciali.com\/de\/"},{"@type":"ListItem","position":2,"name":"Vom Handwagen des Stra\u00dfenh\u00e4ndlers zum professionellen Food Truck"}]},{"@type":"WebSite","@id":"https:\/\/www.vsveicolispeciali.com\/de\/#website","url":"https:\/\/www.vsveicolispeciali.com\/de\/","name":"VS Veicoli Speciali","description":"","publisher":{"@id":"https:\/\/www.vsveicolispeciali.com\/de\/#organization"},"potentialAction":[{"@type":"SearchAction","target":{"@type":"EntryPoint","urlTemplate":"https:\/\/www.vsveicolispeciali.com\/de\/?s={search_term_string}"},"query-input":{"@type":"PropertyValueSpecification","valueRequired":true,"valueName":"search_term_string"}}],"inLanguage":"de"},{"@type":"Organization","@id":"https:\/\/www.vsveicolispeciali.com\/de\/#organization","name":"VS Veicoli Speciali","url":"https:\/\/www.vsveicolispeciali.com\/de\/","logo":{"@type":"ImageObject","inLanguage":"de","@id":"https:\/\/www.vsveicolispeciali.com\/de\/#\/schema\/logo\/image\/","url":"http:\/\/www.vsveicolispeciali.com\/wp-content\/uploads\/2015\/05\/vs_veicoli_speciali-logo.png","contentUrl":"http:\/\/www.vsveicolispeciali.com\/wp-content\/uploads\/2015\/05\/vs_veicoli_speciali-logo.png","width":252,"height":134,"caption":"VS Veicoli Speciali"},"image":{"@id":"https:\/\/www.vsveicolispeciali.com\/de\/#\/schema\/logo\/image\/"},"sameAs":["https:\/\/www.facebook.com\/VSVeicoliSpeciali.Food.Trucks\/","https:\/\/x.com\/veicolispeciali","https:\/\/www.instagram.com\/vs_veicolispeciali\/","https:\/\/www.linkedin.com\/company\/2811960\/","https:\/\/www.pinterest.com\/streetfoodtruck\/","https:\/\/www.youtube.com\/user\/veicolispeciali"]},{"@type":"Person","@id":"https:\/\/www.vsveicolispeciali.com\/de\/#\/schema\/person\/8c8e3b05db2eca472cca11ff78d1a62d","name":"VS Veicoli Speciali","image":{"@type":"ImageObject","inLanguage":"de","@id":"https:\/\/www.vsveicolispeciali.com\/de\/#\/schema\/person\/image\/","url":"https:\/\/secure.gravatar.com\/avatar\/69112ab3f18e6754894da123600ad5b0?s=96&d=mm&r=g","contentUrl":"https:\/\/secure.gravatar.com\/avatar\/69112ab3f18e6754894da123600ad5b0?s=96&d=mm&r=g","caption":"VS Veicoli Speciali"}}]}},"_links":{"self":[{"href":"https:\/\/www.vsveicolispeciali.com\/de\/wp-json\/wp\/v2\/posts\/12754"}],"collection":[{"href":"https:\/\/www.vsveicolispeciali.com\/de\/wp-json\/wp\/v2\/posts"}],"about":[{"href":"https:\/\/www.vsveicolispeciali.com\/de\/wp-json\/wp\/v2\/types\/post"}],"author":[{"embeddable":true,"href":"https:\/\/www.vsveicolispeciali.com\/de\/wp-json\/wp\/v2\/users\/2"}],"replies":[{"embeddable":true,"href":"https:\/\/www.vsveicolispeciali.com\/de\/wp-json\/wp\/v2\/comments?post=12754"}],"version-history":[{"count":7,"href":"https:\/\/www.vsveicolispeciali.com\/de\/wp-json\/wp\/v2\/posts\/12754\/revisions"}],"predecessor-version":[{"id":20815,"href":"https:\/\/www.vsveicolispeciali.com\/de\/wp-json\/wp\/v2\/posts\/12754\/revisions\/20815"}],"wp:featuredmedia":[{"embeddable":true,"href":"https:\/\/www.vsveicolispeciali.com\/de\/wp-json\/wp\/v2\/media\/11310"}],"wp:attachment":[{"href":"https:\/\/www.vsveicolispeciali.com\/de\/wp-json\/wp\/v2\/media?parent=12754"}],"wp:term":[{"taxonomy":"category","embeddable":true,"href":"https:\/\/www.vsveicolispeciali.com\/de\/wp-json\/wp\/v2\/categories?post=12754"},{"taxonomy":"post_tag","embeddable":true,"href":"https:\/\/www.vsveicolispeciali.com\/de\/wp-json\/wp\/v2\/tags?post=12754"}],"curies":[{"name":"wp","href":"https:\/\/api.w.org\/{rel}","templated":true}]}}