{"id":12516,"date":"2020-05-14T01:00:22","date_gmt":"2020-05-13T23:00:22","guid":{"rendered":"http:\/\/vsveicolispeciali.com\/la-nostra-via-per-ripartire-anche-in-un-periodo-difficile\/"},"modified":"2023-01-17T11:25:39","modified_gmt":"2023-01-17T10:25:39","slug":"unser-weg-auch-in-einer-schwierigen-zeit-zu-beginnen","status":"publish","type":"post","link":"https:\/\/www.vsveicolispeciali.com\/de\/unser-weg-auch-in-einer-schwierigen-zeit-zu-beginnen\/","title":{"rendered":"UNSER WEG, AUCH IN EINER SCHWIERIGEN ZEIT ZU BEGINNEN"},"content":{"rendered":"\r\n<p>Gegen Ende der engen <strong>Quarant\u00e4nezeit<\/strong> schauen wir zur\u00fcck, um herauszufinden, wie wir vorankommen k\u00f6nnen. Keiner von uns war bereit f\u00fcr eine solch pl\u00f6tzliche Situation, und obwohl wir alle bereit sind, <a title=\" Die Zukunft der Verpflegung bewegt sich auf R\u00e4dern\" href=\"https:\/\/vsveicolispeciali.com\/de\/die-zukunft-der-verpflegung-bewegt-sich-auf-raedern\/\" target=\"_blank\" rel=\"noopener noreferrer\">nach einer zweimonatigen Sperrung wieder zu \u00f6ffnen<\/a>, m\u00fcssen wir uns dem Problem sehr strenger Regeln stellen.<\/p>\r\n\r\n\r\n\r\n<p>Dar\u00fcber hinaus m\u00f6chten Kunden m\u00f6glicherweise keinen Raum mit zu vielen Personen betreten. Dies ist \u00fcberhaupt nicht leicht zu verstehen, und dies wirft gro\u00dfe Fragen auf, insbesondere f\u00fcr <strong>Catering-Profis<\/strong> und \u00f6ffentliche Einrichtungen im Allgemeinen.<\/p>\r\n\r\n\r\n\r\n<p>Was ist die L\u00f6sung? Schlie\u00dfen? Offen mit hybriden L\u00f6sungen, die den \u00dcbergang zur Standardisierung (die mindestens 1 Jahr dauern wird) erm\u00f6glichen und sich an die <strong>neuen Bed\u00fcrfnisse von Kunden<\/strong> und Verordnungen anpassen k\u00f6nnen?<\/p>\r\n\r\n\r\n\r\n<p>Diese letztere L\u00f6sung wirft auch Probleme auf, weil diejenigen, die immer mit bestimmten Zahlen gearbeitet haben, basierend auf der Kapazit\u00e4t ihrer R\u00e4umlichkeiten, zumindest ihre F\u00e4higkeit sehen werden, ihre Kunden durch Dekret gegen Ausgaben, die immer gleich bleiben, um die H\u00e4lfte zu begr\u00fc\u00dfen.<\/p>\r\n\r\n\r\n\r\n<p>In der Gesch\u00e4ftswelt sinken diejenigen, die nicht schweben. Viele Fachleute folgten einem dritten Weg. Sie waren nicht in ihren H\u00e4nden und haben begonnen, <strong>alternative Initiativen mit Hauslieferungssystemen<\/strong> und <a href=\"https:\/\/vsveicolispeciali.com\/de\/verkaufswagen-kaufen\/food-truck-imbisswagen-kosten\/\">Food Trucks<\/a> zu verfolgen.<\/p>\r\n\r\n\r\n\r\n<p>Die Auslieferung hat f\u00fcr viele begonnen und verwendet verschiedene Aggregatoren und \/ oder mehr oder weniger Heimsysteme, um <strong>ihre Produkte an Kunden zu liefern<\/strong>. Diese beiden Methoden verbergen hohe Kosten und schlechten Service und im zweiten Fall eine Organisation, die nicht jeder ertragen kann.<\/p>\r\n\r\n\r\n\r\n<p>Aber heute wollen wir \u00fcber Food Trucks und <a href=\"https:\/\/vsveicolispeciali.com\/de\/verkaufswagen-kaufen\/werbefahrzeuge-promotion-truck-verkaufsmobil\/\">Promo Trucks<\/a> sprechen und wie sie der einzige Weg sein k\u00f6nnen, um die Quote der R\u00e4umlichkeiten und die sehr strengen <strong>Sicherheitssysteme zu kompensieren<\/strong>.<\/p>\r\n\r\n\r\n\r\n<figure class=\"wp-block-image size-large is-resized\"><img loading=\"lazy\" decoding=\"async\" class=\"wp-image-12501\" src=\"http:\/\/www.vsveicolispeciali.com\/wp-content\/uploads\/2020\/05\/edicola-mobile-vendita-giornali.jpg\" alt=\"edicola mobile per vendita giornali su strada\" width=\"800\" height=\"707\" srcset=\"https:\/\/www.vsveicolispeciali.com\/wp-content\/uploads\/2020\/05\/edicola-mobile-vendita-giornali.jpg 800w, https:\/\/www.vsveicolispeciali.com\/wp-content\/uploads\/2020\/05\/edicola-mobile-vendita-giornali-300x265.jpg 300w, https:\/\/www.vsveicolispeciali.com\/wp-content\/uploads\/2020\/05\/edicola-mobile-vendita-giornali-768x679.jpg 768w, https:\/\/www.vsveicolispeciali.com\/wp-content\/uploads\/2020\/05\/edicola-mobile-vendita-giornali-700x619.jpg 700w\" sizes=\"(max-width: 800px) 100vw, 800px\" \/><\/figure>\r\n\r\n\r\n\r\n<p>Zwei Beispiele sind vor allem zwei VS-Kunden, die ihre Aktivit\u00e4ten in einem Zeitraum, in dem alle Wettbewerber schlie\u00dfen mussten, fast voll ausgelastet haben: <strong>Quisco-Kiosk<\/strong> in der Lombardei und <a href=\"https:\/\/vsveicolispeciali.com\/de\/street-food-truck\/cafe-ape-tr-kaffee-vergnano-mobile-cafeteria\/\">Caff\u00e8 Vergnano<\/a> in Turin. Beide Unternehmen besa\u00dfen bereits ein ma\u00dfgeschneidertes VS-Fahrzeug und setzten ihre Aktivit\u00e4ten auf der Stra\u00dfe einfach fort. Sie erhielten eine gro\u00dfe Image-Rendite und landeten in nationalen Zeitungen und Fernsehnachrichten als Beispiele f\u00fcr die Quarant\u00e4ne.<\/p>\r\n\r\n\r\n\r\n<div class=\"wp-block-image\">\r\n<figure class=\"alignleft size-large\"><img loading=\"lazy\" decoding=\"async\" width=\"800\" height=\"472\" class=\"wp-image-8970\" src=\"http:\/\/www.vsveicolispeciali.com\/wp-content\/uploads\/2018\/11\/caffe-vergnano-ape-tr-street-marketing.jpg\" alt=\"caffe vergnano ape tr per street-marketing e vendita mobile\" srcset=\"https:\/\/www.vsveicolispeciali.com\/wp-content\/uploads\/2018\/11\/caffe-vergnano-ape-tr-street-marketing.jpg 800w, https:\/\/www.vsveicolispeciali.com\/wp-content\/uploads\/2018\/11\/caffe-vergnano-ape-tr-street-marketing-300x177.jpg 300w, https:\/\/www.vsveicolispeciali.com\/wp-content\/uploads\/2018\/11\/caffe-vergnano-ape-tr-street-marketing-768x453.jpg 768w, https:\/\/www.vsveicolispeciali.com\/wp-content\/uploads\/2018\/11\/caffe-vergnano-ape-tr-street-marketing-700x413.jpg 700w\" sizes=\"(max-width: 800px) 100vw, 800px\" \/><\/figure>\r\n<\/div>\r\n\r\n\r\n\r\n<p>Neben den normalen Gesch\u00e4ftsmotivationen sind diese Aktivit\u00e4ten zu Flaggen des Wunsches nach Normalit\u00e4t geworden. <strong>Caff\u00e8 Vergnano<\/strong> bietet seit M\u00e4rz einen Lieferservice nach Hause an und plant, sein Gesch\u00e4ft in Rom, Mailand und Bari auszubauen.<\/p>\r\n\r\n\r\n\r\n<p>Mit einem <strong>Imbisswagen<\/strong> k\u00f6nnen Sie den geschlossenen Raum verlassen und im Freien servieren. Sie m\u00fcssen keine R\u00e4ume, M\u00f6bel, Tische usw. desinfizieren. Sie haben das Problem der Eing\u00e4nge, sondern nur, um sicherzustellen, dass Sie ordentliche und beabstandete Reihen haben.<\/p>\r\n\r\n\r\n\r\n<p><strong>Food Trucks sind autonome und zertifizierte Fahrzeuge<\/strong> und k\u00f6nnen auf sehr flexible Weise eingesetzt werden. Sie werden zu einer Investition f\u00fcr die R\u00fcckkehr zum Normalzustand. So k\u00f6nnen Sie an Veranstaltungen teilnehmen oder Ihre Kunden auf den Pl\u00e4tzen und in Einkaufszentren bedienen, wenn sie zum Tanken zur\u00fcckkehren.<\/p>\r\n\r\n\r\n\r\n<p>Worauf warten Sie noch? Jagen Sie nicht Ihre Konkurrenten, sondern lassen Sie sich jagen.<\/p>\r\n\r\n\r\n\r\n\n\t\t<style type=\"text\/css\">\n\t\t\t#gallery-1 {\n\t\t\t\tmargin: auto;\n\t\t\t}\n\t\t\t#gallery-1 .gallery-item {\n\t\t\t\tfloat: left;\n\t\t\t\tmargin-top: 10px;\n\t\t\t\ttext-align: center;\n\t\t\t\twidth: 33%;\n\t\t\t}\n\t\t\t#gallery-1 img {\n\t\t\t\tborder: 2px solid #cfcfcf;\n\t\t\t}\n\t\t\t#gallery-1 .gallery-caption {\n\t\t\t\tmargin-left: 0;\n\t\t\t}\n\t\t\t\/* see gallery_shortcode() in wp-includes\/media.php *\/\n\t\t<\/style>\n\t\t<div id='gallery-1' class='gallery galleryid-12516 gallery-columns-3 gallery-size-thumbnail'><dl class='gallery-item'>\n\t\t\t<dt class='gallery-icon landscape'>\n\t\t\t\t<a href='https:\/\/www.vsveicolispeciali.com\/de\/mobile-business-coronavirus-time-2\/'><img loading=\"lazy\" decoding=\"async\" width=\"150\" height=\"150\" src=\"https:\/\/www.vsveicolispeciali.com\/wp-content\/uploads\/2020\/05\/mobile-business-coronavirus-time-150x150.jpg\" class=\"attachment-thumbnail size-thumbnail\" alt=\"mobiles Gesch\u00e4ft w\u00e4hrend der Coronavirus-Zeit\" srcset=\"https:\/\/www.vsveicolispeciali.com\/wp-content\/uploads\/2020\/05\/mobile-business-coronavirus-time-150x150.jpg 150w, https:\/\/www.vsveicolispeciali.com\/wp-content\/uploads\/2020\/05\/mobile-business-coronavirus-time-570x570.jpg 570w, https:\/\/www.vsveicolispeciali.com\/wp-content\/uploads\/2020\/05\/mobile-business-coronavirus-time-500x500.jpg 500w\" sizes=\"(max-width: 150px) 100vw, 150px\" \/><\/a>\n\t\t\t<\/dt><\/dl>\n\t\t\t<br style='clear: both' \/>\n\t\t<\/div>\n\r\n","protected":false},"excerpt":{"rendered":"<p>Gegen Ende der engen Quarant\u00e4nezeit schauen wir zur\u00fcck, um herauszufinden, wie wir vorankommen k\u00f6nnen. Keiner von uns war bereit f\u00fcr eine solch pl\u00f6tzliche Situation, und obwohl wir alle bereit sind, nach einer zweimonatigen Sperrung wieder zu \u00f6ffnen, m\u00fcssen wir uns dem Problem sehr strenger Regeln&#8230;<\/p>\n","protected":false},"author":2,"featured_media":12490,"comment_status":"closed","ping_status":"open","sticky":false,"template":"","format":"gallery","meta":{"footnotes":""},"categories":[48],"tags":[],"class_list":["post-12516","post","type-post","status-publish","format-gallery","has-post-thumbnail","hentry","category-non-categorizzato","post_format-post-format-gallery"],"yoast_head":"<!-- This site is optimized with the Yoast SEO plugin v25.4 - https:\/\/yoast.com\/wordpress\/plugins\/seo\/ -->\n<title>Unser Weg, auch in einer schwierigen Zeit zu beginnen<\/title>\n<meta name=\"description\" content=\"Zwei Beispiele sind vor allem zwei VS-Kunden, die ihre Aktivit\u00e4ten in einem Zeitraum, in dem alle Wettbewerber schlie\u00dfen mussten, fast voll ausgelastet haben: Quisco-Kiosk in der Lombardei und Caff\u00e8 Vergnano in Turin\" \/>\n<meta name=\"robots\" content=\"index, follow, max-snippet:-1, max-image-preview:large, max-video-preview:-1\" \/>\n<link rel=\"canonical\" href=\"https:\/\/www.vsveicolispeciali.com\/de\/unser-weg-auch-in-einer-schwierigen-zeit-zu-beginnen\/\" \/>\n<meta property=\"og:locale\" content=\"de_DE\" \/>\n<meta property=\"og:type\" content=\"article\" \/>\n<meta property=\"og:title\" content=\"Unser Weg, auch in einer schwierigen Zeit zu beginnen\" \/>\n<meta property=\"og:description\" content=\"Zwei Beispiele sind vor allem zwei VS-Kunden, die ihre Aktivit\u00e4ten in einem Zeitraum, in dem alle Wettbewerber schlie\u00dfen mussten, fast voll ausgelastet haben: Quisco-Kiosk in der Lombardei und Caff\u00e8 Vergnano in Turin\" \/>\n<meta property=\"og:url\" content=\"https:\/\/www.vsveicolispeciali.com\/de\/unser-weg-auch-in-einer-schwierigen-zeit-zu-beginnen\/\" \/>\n<meta property=\"og:site_name\" content=\"VS Veicoli Speciali\" \/>\n<meta property=\"article:publisher\" content=\"https:\/\/www.facebook.com\/VSVeicoliSpeciali.Food.Trucks\/\" \/>\n<meta property=\"article:published_time\" content=\"2020-05-13T23:00:22+00:00\" \/>\n<meta property=\"article:modified_time\" content=\"2023-01-17T10:25:39+00:00\" \/>\n<meta property=\"og:image\" content=\"https:\/\/www.vsveicolispeciali.com\/wp-content\/uploads\/2020\/05\/mobile-business-coronavirus-time.jpg\" \/>\n\t<meta property=\"og:image:width\" content=\"800\" \/>\n\t<meta property=\"og:image:height\" content=\"712\" \/>\n\t<meta property=\"og:image:type\" content=\"image\/jpeg\" \/>\n<meta name=\"author\" content=\"VS Veicoli Speciali\" \/>\n<meta name=\"twitter:card\" content=\"summary_large_image\" \/>\n<meta name=\"twitter:creator\" content=\"@veicolispeciali\" \/>\n<meta name=\"twitter:site\" content=\"@veicolispeciali\" \/>\n<meta name=\"twitter:label1\" content=\"Verfasst von\" \/>\n\t<meta name=\"twitter:data1\" content=\"VS Veicoli Speciali\" \/>\n\t<meta name=\"twitter:label2\" content=\"Gesch\u00e4tzte Lesezeit\" \/>\n\t<meta name=\"twitter:data2\" content=\"3\u00a0Minuten\" \/>\n<script type=\"application\/ld+json\" class=\"yoast-schema-graph\">{\"@context\":\"https:\/\/schema.org\",\"@graph\":[{\"@type\":\"Article\",\"@id\":\"https:\/\/www.vsveicolispeciali.com\/de\/unser-weg-auch-in-einer-schwierigen-zeit-zu-beginnen\/#article\",\"isPartOf\":{\"@id\":\"https:\/\/www.vsveicolispeciali.com\/de\/unser-weg-auch-in-einer-schwierigen-zeit-zu-beginnen\/\"},\"author\":{\"name\":\"VS Veicoli Speciali\",\"@id\":\"https:\/\/www.vsveicolispeciali.com\/de\/#\/schema\/person\/8c8e3b05db2eca472cca11ff78d1a62d\"},\"headline\":\"UNSER WEG, AUCH IN EINER SCHWIERIGEN ZEIT ZU BEGINNEN\",\"datePublished\":\"2020-05-13T23:00:22+00:00\",\"dateModified\":\"2023-01-17T10:25:39+00:00\",\"mainEntityOfPage\":{\"@id\":\"https:\/\/www.vsveicolispeciali.com\/de\/unser-weg-auch-in-einer-schwierigen-zeit-zu-beginnen\/\"},\"wordCount\":520,\"publisher\":{\"@id\":\"https:\/\/www.vsveicolispeciali.com\/de\/#organization\"},\"image\":{\"@id\":\"https:\/\/www.vsveicolispeciali.com\/de\/unser-weg-auch-in-einer-schwierigen-zeit-zu-beginnen\/#primaryimage\"},\"thumbnailUrl\":\"https:\/\/www.vsveicolispeciali.com\/wp-content\/uploads\/2020\/05\/mobile-business-coronavirus-time.jpg\",\"articleSection\":[\"Non categorizzato\"],\"inLanguage\":\"de\"},{\"@type\":\"WebPage\",\"@id\":\"https:\/\/www.vsveicolispeciali.com\/de\/unser-weg-auch-in-einer-schwierigen-zeit-zu-beginnen\/\",\"url\":\"https:\/\/www.vsveicolispeciali.com\/de\/unser-weg-auch-in-einer-schwierigen-zeit-zu-beginnen\/\",\"name\":\"Unser Weg, auch in einer schwierigen Zeit zu beginnen\",\"isPartOf\":{\"@id\":\"https:\/\/www.vsveicolispeciali.com\/de\/#website\"},\"primaryImageOfPage\":{\"@id\":\"https:\/\/www.vsveicolispeciali.com\/de\/unser-weg-auch-in-einer-schwierigen-zeit-zu-beginnen\/#primaryimage\"},\"image\":{\"@id\":\"https:\/\/www.vsveicolispeciali.com\/de\/unser-weg-auch-in-einer-schwierigen-zeit-zu-beginnen\/#primaryimage\"},\"thumbnailUrl\":\"https:\/\/www.vsveicolispeciali.com\/wp-content\/uploads\/2020\/05\/mobile-business-coronavirus-time.jpg\",\"datePublished\":\"2020-05-13T23:00:22+00:00\",\"dateModified\":\"2023-01-17T10:25:39+00:00\",\"description\":\"Zwei Beispiele sind vor allem zwei VS-Kunden, die ihre Aktivit\u00e4ten in einem Zeitraum, in dem alle Wettbewerber schlie\u00dfen mussten, fast voll ausgelastet haben: Quisco-Kiosk in der Lombardei und Caff\u00e8 Vergnano in Turin\",\"breadcrumb\":{\"@id\":\"https:\/\/www.vsveicolispeciali.com\/de\/unser-weg-auch-in-einer-schwierigen-zeit-zu-beginnen\/#breadcrumb\"},\"inLanguage\":\"de\",\"potentialAction\":[{\"@type\":\"ReadAction\",\"target\":[\"https:\/\/www.vsveicolispeciali.com\/de\/unser-weg-auch-in-einer-schwierigen-zeit-zu-beginnen\/\"]}]},{\"@type\":\"ImageObject\",\"inLanguage\":\"de\",\"@id\":\"https:\/\/www.vsveicolispeciali.com\/de\/unser-weg-auch-in-einer-schwierigen-zeit-zu-beginnen\/#primaryimage\",\"url\":\"https:\/\/www.vsveicolispeciali.com\/wp-content\/uploads\/2020\/05\/mobile-business-coronavirus-time.jpg\",\"contentUrl\":\"https:\/\/www.vsveicolispeciali.com\/wp-content\/uploads\/2020\/05\/mobile-business-coronavirus-time.jpg\",\"width\":800,\"height\":712,\"caption\":\"mobiles Gesch\u00e4ft w\u00e4hrend der Coronavirus-Zeit\"},{\"@type\":\"BreadcrumbList\",\"@id\":\"https:\/\/www.vsveicolispeciali.com\/de\/unser-weg-auch-in-einer-schwierigen-zeit-zu-beginnen\/#breadcrumb\",\"itemListElement\":[{\"@type\":\"ListItem\",\"position\":1,\"name\":\"Home\",\"item\":\"https:\/\/www.vsveicolispeciali.com\/de\/\"},{\"@type\":\"ListItem\",\"position\":2,\"name\":\"UNSER WEG, AUCH IN EINER SCHWIERIGEN ZEIT ZU BEGINNEN\"}]},{\"@type\":\"WebSite\",\"@id\":\"https:\/\/www.vsveicolispeciali.com\/de\/#website\",\"url\":\"https:\/\/www.vsveicolispeciali.com\/de\/\",\"name\":\"VS Veicoli Speciali\",\"description\":\"\",\"publisher\":{\"@id\":\"https:\/\/www.vsveicolispeciali.com\/de\/#organization\"},\"potentialAction\":[{\"@type\":\"SearchAction\",\"target\":{\"@type\":\"EntryPoint\",\"urlTemplate\":\"https:\/\/www.vsveicolispeciali.com\/de\/?s={search_term_string}\"},\"query-input\":{\"@type\":\"PropertyValueSpecification\",\"valueRequired\":true,\"valueName\":\"search_term_string\"}}],\"inLanguage\":\"de\"},{\"@type\":\"Organization\",\"@id\":\"https:\/\/www.vsveicolispeciali.com\/de\/#organization\",\"name\":\"VS Veicoli Speciali\",\"url\":\"https:\/\/www.vsveicolispeciali.com\/de\/\",\"logo\":{\"@type\":\"ImageObject\",\"inLanguage\":\"de\",\"@id\":\"https:\/\/www.vsveicolispeciali.com\/de\/#\/schema\/logo\/image\/\",\"url\":\"http:\/\/www.vsveicolispeciali.com\/wp-content\/uploads\/2015\/05\/vs_veicoli_speciali-logo.png\",\"contentUrl\":\"http:\/\/www.vsveicolispeciali.com\/wp-content\/uploads\/2015\/05\/vs_veicoli_speciali-logo.png\",\"width\":252,\"height\":134,\"caption\":\"VS Veicoli Speciali\"},\"image\":{\"@id\":\"https:\/\/www.vsveicolispeciali.com\/de\/#\/schema\/logo\/image\/\"},\"sameAs\":[\"https:\/\/www.facebook.com\/VSVeicoliSpeciali.Food.Trucks\/\",\"https:\/\/x.com\/veicolispeciali\",\"https:\/\/www.instagram.com\/vs_veicolispeciali\/\",\"https:\/\/www.linkedin.com\/company\/2811960\/\",\"https:\/\/www.pinterest.com\/streetfoodtruck\/\",\"https:\/\/www.youtube.com\/user\/veicolispeciali\"]},{\"@type\":\"Person\",\"@id\":\"https:\/\/www.vsveicolispeciali.com\/de\/#\/schema\/person\/8c8e3b05db2eca472cca11ff78d1a62d\",\"name\":\"VS Veicoli Speciali\",\"image\":{\"@type\":\"ImageObject\",\"inLanguage\":\"de\",\"@id\":\"https:\/\/www.vsveicolispeciali.com\/de\/#\/schema\/person\/image\/\",\"url\":\"https:\/\/secure.gravatar.com\/avatar\/69112ab3f18e6754894da123600ad5b0?s=96&d=mm&r=g\",\"contentUrl\":\"https:\/\/secure.gravatar.com\/avatar\/69112ab3f18e6754894da123600ad5b0?s=96&d=mm&r=g\",\"caption\":\"VS Veicoli Speciali\"}}]}<\/script>\n<!-- \/ Yoast SEO plugin. -->","yoast_head_json":{"title":"Unser Weg, auch in einer schwierigen Zeit zu beginnen","description":"Zwei Beispiele sind vor allem zwei VS-Kunden, die ihre Aktivit\u00e4ten in einem Zeitraum, in dem alle Wettbewerber schlie\u00dfen mussten, fast voll ausgelastet haben: Quisco-Kiosk in der Lombardei und Caff\u00e8 Vergnano in Turin","robots":{"index":"index","follow":"follow","max-snippet":"max-snippet:-1","max-image-preview":"max-image-preview:large","max-video-preview":"max-video-preview:-1"},"canonical":"https:\/\/www.vsveicolispeciali.com\/de\/unser-weg-auch-in-einer-schwierigen-zeit-zu-beginnen\/","og_locale":"de_DE","og_type":"article","og_title":"Unser Weg, auch in einer schwierigen Zeit zu beginnen","og_description":"Zwei Beispiele sind vor allem zwei VS-Kunden, die ihre Aktivit\u00e4ten in einem Zeitraum, in dem alle Wettbewerber schlie\u00dfen mussten, fast voll ausgelastet haben: Quisco-Kiosk in der Lombardei und Caff\u00e8 Vergnano in Turin","og_url":"https:\/\/www.vsveicolispeciali.com\/de\/unser-weg-auch-in-einer-schwierigen-zeit-zu-beginnen\/","og_site_name":"VS Veicoli Speciali","article_publisher":"https:\/\/www.facebook.com\/VSVeicoliSpeciali.Food.Trucks\/","article_published_time":"2020-05-13T23:00:22+00:00","article_modified_time":"2023-01-17T10:25:39+00:00","og_image":[{"width":800,"height":712,"url":"https:\/\/www.vsveicolispeciali.com\/wp-content\/uploads\/2020\/05\/mobile-business-coronavirus-time.jpg","type":"image\/jpeg"}],"author":"VS Veicoli Speciali","twitter_card":"summary_large_image","twitter_creator":"@veicolispeciali","twitter_site":"@veicolispeciali","twitter_misc":{"Verfasst von":"VS Veicoli Speciali","Gesch\u00e4tzte Lesezeit":"3\u00a0Minuten"},"schema":{"@context":"https:\/\/schema.org","@graph":[{"@type":"Article","@id":"https:\/\/www.vsveicolispeciali.com\/de\/unser-weg-auch-in-einer-schwierigen-zeit-zu-beginnen\/#article","isPartOf":{"@id":"https:\/\/www.vsveicolispeciali.com\/de\/unser-weg-auch-in-einer-schwierigen-zeit-zu-beginnen\/"},"author":{"name":"VS Veicoli Speciali","@id":"https:\/\/www.vsveicolispeciali.com\/de\/#\/schema\/person\/8c8e3b05db2eca472cca11ff78d1a62d"},"headline":"UNSER WEG, AUCH IN EINER SCHWIERIGEN ZEIT ZU BEGINNEN","datePublished":"2020-05-13T23:00:22+00:00","dateModified":"2023-01-17T10:25:39+00:00","mainEntityOfPage":{"@id":"https:\/\/www.vsveicolispeciali.com\/de\/unser-weg-auch-in-einer-schwierigen-zeit-zu-beginnen\/"},"wordCount":520,"publisher":{"@id":"https:\/\/www.vsveicolispeciali.com\/de\/#organization"},"image":{"@id":"https:\/\/www.vsveicolispeciali.com\/de\/unser-weg-auch-in-einer-schwierigen-zeit-zu-beginnen\/#primaryimage"},"thumbnailUrl":"https:\/\/www.vsveicolispeciali.com\/wp-content\/uploads\/2020\/05\/mobile-business-coronavirus-time.jpg","articleSection":["Non categorizzato"],"inLanguage":"de"},{"@type":"WebPage","@id":"https:\/\/www.vsveicolispeciali.com\/de\/unser-weg-auch-in-einer-schwierigen-zeit-zu-beginnen\/","url":"https:\/\/www.vsveicolispeciali.com\/de\/unser-weg-auch-in-einer-schwierigen-zeit-zu-beginnen\/","name":"Unser Weg, auch in einer schwierigen Zeit zu beginnen","isPartOf":{"@id":"https:\/\/www.vsveicolispeciali.com\/de\/#website"},"primaryImageOfPage":{"@id":"https:\/\/www.vsveicolispeciali.com\/de\/unser-weg-auch-in-einer-schwierigen-zeit-zu-beginnen\/#primaryimage"},"image":{"@id":"https:\/\/www.vsveicolispeciali.com\/de\/unser-weg-auch-in-einer-schwierigen-zeit-zu-beginnen\/#primaryimage"},"thumbnailUrl":"https:\/\/www.vsveicolispeciali.com\/wp-content\/uploads\/2020\/05\/mobile-business-coronavirus-time.jpg","datePublished":"2020-05-13T23:00:22+00:00","dateModified":"2023-01-17T10:25:39+00:00","description":"Zwei Beispiele sind vor allem zwei VS-Kunden, die ihre Aktivit\u00e4ten in einem Zeitraum, in dem alle Wettbewerber schlie\u00dfen mussten, fast voll ausgelastet haben: Quisco-Kiosk in der Lombardei und Caff\u00e8 Vergnano in Turin","breadcrumb":{"@id":"https:\/\/www.vsveicolispeciali.com\/de\/unser-weg-auch-in-einer-schwierigen-zeit-zu-beginnen\/#breadcrumb"},"inLanguage":"de","potentialAction":[{"@type":"ReadAction","target":["https:\/\/www.vsveicolispeciali.com\/de\/unser-weg-auch-in-einer-schwierigen-zeit-zu-beginnen\/"]}]},{"@type":"ImageObject","inLanguage":"de","@id":"https:\/\/www.vsveicolispeciali.com\/de\/unser-weg-auch-in-einer-schwierigen-zeit-zu-beginnen\/#primaryimage","url":"https:\/\/www.vsveicolispeciali.com\/wp-content\/uploads\/2020\/05\/mobile-business-coronavirus-time.jpg","contentUrl":"https:\/\/www.vsveicolispeciali.com\/wp-content\/uploads\/2020\/05\/mobile-business-coronavirus-time.jpg","width":800,"height":712,"caption":"mobiles Gesch\u00e4ft w\u00e4hrend der Coronavirus-Zeit"},{"@type":"BreadcrumbList","@id":"https:\/\/www.vsveicolispeciali.com\/de\/unser-weg-auch-in-einer-schwierigen-zeit-zu-beginnen\/#breadcrumb","itemListElement":[{"@type":"ListItem","position":1,"name":"Home","item":"https:\/\/www.vsveicolispeciali.com\/de\/"},{"@type":"ListItem","position":2,"name":"UNSER WEG, AUCH IN EINER SCHWIERIGEN ZEIT ZU BEGINNEN"}]},{"@type":"WebSite","@id":"https:\/\/www.vsveicolispeciali.com\/de\/#website","url":"https:\/\/www.vsveicolispeciali.com\/de\/","name":"VS Veicoli Speciali","description":"","publisher":{"@id":"https:\/\/www.vsveicolispeciali.com\/de\/#organization"},"potentialAction":[{"@type":"SearchAction","target":{"@type":"EntryPoint","urlTemplate":"https:\/\/www.vsveicolispeciali.com\/de\/?s={search_term_string}"},"query-input":{"@type":"PropertyValueSpecification","valueRequired":true,"valueName":"search_term_string"}}],"inLanguage":"de"},{"@type":"Organization","@id":"https:\/\/www.vsveicolispeciali.com\/de\/#organization","name":"VS Veicoli Speciali","url":"https:\/\/www.vsveicolispeciali.com\/de\/","logo":{"@type":"ImageObject","inLanguage":"de","@id":"https:\/\/www.vsveicolispeciali.com\/de\/#\/schema\/logo\/image\/","url":"http:\/\/www.vsveicolispeciali.com\/wp-content\/uploads\/2015\/05\/vs_veicoli_speciali-logo.png","contentUrl":"http:\/\/www.vsveicolispeciali.com\/wp-content\/uploads\/2015\/05\/vs_veicoli_speciali-logo.png","width":252,"height":134,"caption":"VS Veicoli Speciali"},"image":{"@id":"https:\/\/www.vsveicolispeciali.com\/de\/#\/schema\/logo\/image\/"},"sameAs":["https:\/\/www.facebook.com\/VSVeicoliSpeciali.Food.Trucks\/","https:\/\/x.com\/veicolispeciali","https:\/\/www.instagram.com\/vs_veicolispeciali\/","https:\/\/www.linkedin.com\/company\/2811960\/","https:\/\/www.pinterest.com\/streetfoodtruck\/","https:\/\/www.youtube.com\/user\/veicolispeciali"]},{"@type":"Person","@id":"https:\/\/www.vsveicolispeciali.com\/de\/#\/schema\/person\/8c8e3b05db2eca472cca11ff78d1a62d","name":"VS Veicoli Speciali","image":{"@type":"ImageObject","inLanguage":"de","@id":"https:\/\/www.vsveicolispeciali.com\/de\/#\/schema\/person\/image\/","url":"https:\/\/secure.gravatar.com\/avatar\/69112ab3f18e6754894da123600ad5b0?s=96&d=mm&r=g","contentUrl":"https:\/\/secure.gravatar.com\/avatar\/69112ab3f18e6754894da123600ad5b0?s=96&d=mm&r=g","caption":"VS Veicoli Speciali"}}]}},"_links":{"self":[{"href":"https:\/\/www.vsveicolispeciali.com\/de\/wp-json\/wp\/v2\/posts\/12516"}],"collection":[{"href":"https:\/\/www.vsveicolispeciali.com\/de\/wp-json\/wp\/v2\/posts"}],"about":[{"href":"https:\/\/www.vsveicolispeciali.com\/de\/wp-json\/wp\/v2\/types\/post"}],"author":[{"embeddable":true,"href":"https:\/\/www.vsveicolispeciali.com\/de\/wp-json\/wp\/v2\/users\/2"}],"replies":[{"embeddable":true,"href":"https:\/\/www.vsveicolispeciali.com\/de\/wp-json\/wp\/v2\/comments?post=12516"}],"version-history":[{"count":4,"href":"https:\/\/www.vsveicolispeciali.com\/de\/wp-json\/wp\/v2\/posts\/12516\/revisions"}],"predecessor-version":[{"id":20814,"href":"https:\/\/www.vsveicolispeciali.com\/de\/wp-json\/wp\/v2\/posts\/12516\/revisions\/20814"}],"wp:featuredmedia":[{"embeddable":true,"href":"https:\/\/www.vsveicolispeciali.com\/de\/wp-json\/wp\/v2\/media\/12490"}],"wp:attachment":[{"href":"https:\/\/www.vsveicolispeciali.com\/de\/wp-json\/wp\/v2\/media?parent=12516"}],"wp:term":[{"taxonomy":"category","embeddable":true,"href":"https:\/\/www.vsveicolispeciali.com\/de\/wp-json\/wp\/v2\/categories?post=12516"},{"taxonomy":"post_tag","embeddable":true,"href":"https:\/\/www.vsveicolispeciali.com\/de\/wp-json\/wp\/v2\/tags?post=12516"}],"curies":[{"name":"wp","href":"https:\/\/api.w.org\/{rel}","templated":true}]}}