{"id":11733,"date":"2019-10-28T12:44:58","date_gmt":"2019-10-28T11:44:58","guid":{"rendered":"http:\/\/vsveicolispeciali.com\/citroen-type-h-per-promuovere-acqua-sant-anna-intervista-al-marketing-director\/"},"modified":"2023-01-17T14:50:57","modified_gmt":"2023-01-17T13:50:57","slug":"citroen-type-h-werbung-fuer-acqua-santanna-interview-mit-der-marketingdirektorin","status":"publish","type":"post","link":"https:\/\/www.vsveicolispeciali.com\/de\/citroen-type-h-werbung-fuer-acqua-santanna-interview-mit-der-marketingdirektorin\/","title":{"rendered":"Ein Citro\u00ebn Type H als Werbung f\u00fcr Acqua Sant\u2019Anna: das Interview mit der Marketingdirektorin"},"content":{"rendered":"<p>Das Marketing kennt keine Grenzen. Das Unternehmen Fonti di Vinadio SpA ist der Beweis: Es hat einen <strong>Food Truck im Retro-Stil gekauft<\/strong>, um sein neues Top-Produkt, Acqua Sant\u2019Anna, zu f\u00f6rdern.<\/p>\n<p>Der wundersch\u00f6ne <strong>Citro\u00ebn Jumper Type H<\/strong>, in <a href=\"https:\/\/vsveicolispeciali.com\/de\/verkaufswagen-kaufen\/werbefahrzeuge-promotion-truck-verkaufsmobil\/\" target=\"_blank\" rel=\"noopener noreferrer\">Promo Truck<\/a> umgewandelt, um an Werbeinitiativen teilnehmen zu k\u00f6nnen, bringt frischen Wind auf die Stra\u00dfen Italiens.<\/p>\n<p>Wir haben Cristiana G. interviewt, die Marketingdirektorin des Unternehmens, um mehr \u00fcber diese Initiative und \u00fcber die Strategie dieses Einkaufs zu erfahren.<\/p>\n<p>&nbsp;&nbsp;<br \/>\n<strong>1. Wie sind Sie auf die Idee gekommen, einen Promo Truck zu kaufen? Welche Ziele haben Sie sich gesetzt?<\/strong><\/p>\n<p>Innovation und N\u00e4he zu den Menschen stehen f\u00fcr Sant&#8217;Anna an erster Stelle.\u2028 In diesem Zusammenhang ist ein personalisierter Food Truck das beste Mittel.<\/p>\n<p>&nbsp;&nbsp;<br \/>\n<strong>2. Was hat Sie \u00fcberzeugt, sich an VS Veicoli Speciali zu wenden?<\/strong><\/p>\n<p>Das Unternehmen wurde uns vom Verk\u00e4ufer des Citro\u00ebn Type H empfohlen.<\/p>\n<p>&nbsp;&nbsp;<br \/>\n<strong>3. Vom Entwurf bis hin zur Kreation des personalisierten Fahrzeugs, wie ist die Zusammenarbeit gelaufen?<\/strong><\/p>\n<p>Ab sofort herrschte absolute Harmonie.<\/p>\n<p>&nbsp;&nbsp;<br \/>\n<strong>4. Was ist so besonders am Promo Truck Sant&#8217;Anna? Welche sind seine St\u00e4rken?<\/strong><\/p>\n<p>Die Farbe und die \u00dcberraschung der Leute, wenn sie ihn sehen. Er f\u00e4llt definitiv auf!<\/p>\n<p>&nbsp;<br \/>\n<a href=\"https:\/\/vsveicolispeciali.com\/wp-content\/uploads\/2019\/10\/promo-truck-vintage-citroen-type-h-promozione-eventi.jpg\"><img loading=\"lazy\" decoding=\"async\" class=\"alignleft size-full wp-image-10869\" src=\"https:\/\/vsveicolispeciali.com\/wp-content\/uploads\/2019\/10\/promo-truck-vintage-citroen-type-h-promozione-eventi.jpg\" alt=\"promo truck vintage citroen type h f\u00fcr Acqua Sant'Anna zur F\u00f6rderung von Veranstaltungen erstellt. Bild des offenen Fahrzeugs mit den Bedienern an Bord\" width=\"800\" height=\"600\" srcset=\"https:\/\/www.vsveicolispeciali.com\/wp-content\/uploads\/2019\/10\/promo-truck-vintage-citroen-type-h-promozione-eventi.jpg 800w, https:\/\/www.vsveicolispeciali.com\/wp-content\/uploads\/2019\/10\/promo-truck-vintage-citroen-type-h-promozione-eventi-300x225.jpg 300w, https:\/\/www.vsveicolispeciali.com\/wp-content\/uploads\/2019\/10\/promo-truck-vintage-citroen-type-h-promozione-eventi-768x576.jpg 768w, https:\/\/www.vsveicolispeciali.com\/wp-content\/uploads\/2019\/10\/promo-truck-vintage-citroen-type-h-promozione-eventi-700x525.jpg 700w\" sizes=\"(max-width: 800px) 100vw, 800px\" \/><\/a><br \/>\n&nbsp;&nbsp;<\/p>\n<p><strong>5. Wo wird er eingesetzt?<\/strong><\/p>\n<p>An Veranstaltungen.<\/p>\n<p>&nbsp;&nbsp;<br \/>\n<strong>6. Wem haben Sie ihn anvertraut? Welche F\u00e4higkeiten muss man haben, um in einem solchen Laden zu arbeiten?<\/strong><\/p>\n<p>Zurzeit wird er vom Marketingb\u00fcro verwaltet, das sich um die Verkaufsgenehmigungen k\u00fcmmert.<\/p>\n<p>&nbsp;&nbsp;<br \/>\n<strong>7. Wie tr\u00e4gt dieses Fahrzeug der F\u00f6rderung der Marke bei?<\/strong><\/p>\n<p>Es ist ein fahrendes Werbeplakat, sehr eindrucksvoll.<\/p>\n<p>&nbsp;&nbsp;<br \/>\n<strong>8. L\u00e4uft alles wie erwartet? Waren Sie positiv \u00fcberrascht?<\/strong><\/p>\n<p>Es ist etwas schwierig, die n\u00f6tigen Genehmigungen bei der Gemeinde einzuholen, aber das war zu erwarten.<\/p>\n<p>&nbsp;&nbsp;<br \/>\n<strong>9. Erz\u00e4hlen Sie eine lustige Anekdote, oder eine komische Situation, die dank Ihrem Promo Truck stattgefunden hat?<\/strong><\/p>\n<p>Bisher haben wir noch keine Anekdoten, aber wir sind begeistert!<\/p>\n\n\t\t<style type=\"text\/css\">\n\t\t\t#gallery-1 {\n\t\t\t\tmargin: auto;\n\t\t\t}\n\t\t\t#gallery-1 .gallery-item {\n\t\t\t\tfloat: left;\n\t\t\t\tmargin-top: 10px;\n\t\t\t\ttext-align: center;\n\t\t\t\twidth: 33%;\n\t\t\t}\n\t\t\t#gallery-1 img {\n\t\t\t\tborder: 2px solid #cfcfcf;\n\t\t\t}\n\t\t\t#gallery-1 .gallery-caption {\n\t\t\t\tmargin-left: 0;\n\t\t\t}\n\t\t\t\/* see gallery_shortcode() in wp-includes\/media.php *\/\n\t\t<\/style>\n\t\t<div id='gallery-1' class='gallery galleryid-11733 gallery-columns-3 gallery-size-thumbnail'><dl class='gallery-item'>\n\t\t\t<dt class='gallery-icon landscape'>\n\t\t\t\t<a href='https:\/\/www.vsveicolispeciali.com\/de\/citroen-type-h-food-truck-acqua-sant-anna-2\/'><img loading=\"lazy\" decoding=\"async\" width=\"150\" height=\"150\" src=\"https:\/\/www.vsveicolispeciali.com\/wp-content\/uploads\/2019\/10\/citroen-type-h-food-truck-acqua-sant-anna-150x150.jpg\" class=\"attachment-thumbnail size-thumbnail\" alt=\"citroen type h food truck acqua sant&#039;anna di colore celeste per promozione e vendita ad eventi e street marketing\" srcset=\"https:\/\/www.vsveicolispeciali.com\/wp-content\/uploads\/2019\/10\/citroen-type-h-food-truck-acqua-sant-anna-150x150.jpg 150w, https:\/\/www.vsveicolispeciali.com\/wp-content\/uploads\/2019\/10\/citroen-type-h-food-truck-acqua-sant-anna-500x500.jpg 500w\" sizes=\"(max-width: 150px) 100vw, 150px\" \/><\/a>\n\t\t\t<\/dt><\/dl>\n\t\t\t<br style='clear: both' \/>\n\t\t<\/div>\n\n","protected":false},"excerpt":{"rendered":"<p>Das Marketing kennt keine Grenzen. Das Unternehmen Fonti di Vinadio SpA ist der Beweis: Es hat einen Food Truck im Retro-Stil gekauft, um sein neues Top-Produkt, Acqua Sant\u2019Anna, zu f\u00f6rdern. Der wundersch\u00f6ne Citro\u00ebn Jumper Type H, in Promo Truck umgewandelt, um an Werbeinitiativen teilnehmen zu&#8230;<\/p>\n","protected":false},"author":2,"featured_media":10867,"comment_status":"closed","ping_status":"open","sticky":false,"template":"","format":"gallery","meta":{"footnotes":""},"categories":[48],"tags":[270],"class_list":["post-11733","post","type-post","status-publish","format-gallery","has-post-thumbnail","hentry","category-non-categorizzato","tag-promotionfahrzeuge","post_format-post-format-gallery"],"yoast_head":"<!-- This site is optimized with the Yoast SEO plugin v25.4 - https:\/\/yoast.com\/wordpress\/plugins\/seo\/ -->\n<title>Citro\u00ebn Type H als Werbung f\u00fcr Acqua Sant\u2019Anna: Interview mit der Marketingdirektorin<\/title>\n<meta name=\"description\" content=\"Fonti di Vinadio SpA kauft einen Oldtimer-Imbisswagen, um f\u00fcr sein Flaggschiffprodukt zu werben: Acqua Sant&#039;Anna. Promo-Truck umgebaute Typ H nimmt an Werbeveranstaltungen und -initiativen teil\" \/>\n<meta name=\"robots\" content=\"index, follow, max-snippet:-1, max-image-preview:large, max-video-preview:-1\" \/>\n<link rel=\"canonical\" href=\"https:\/\/www.vsveicolispeciali.com\/de\/citroen-type-h-werbung-fuer-acqua-santanna-interview-mit-der-marketingdirektorin\/\" \/>\n<meta property=\"og:locale\" content=\"de_DE\" \/>\n<meta property=\"og:type\" content=\"article\" \/>\n<meta property=\"og:title\" content=\"Citro\u00ebn Type H als Werbung f\u00fcr Acqua Sant\u2019Anna: Interview mit der Marketingdirektorin\" \/>\n<meta property=\"og:description\" content=\"Fonti di Vinadio SpA kauft einen Oldtimer-Imbisswagen, um f\u00fcr sein Flaggschiffprodukt zu werben: Acqua Sant&#039;Anna. Promo-Truck umgebaute Typ H nimmt an Werbeveranstaltungen und -initiativen teil\" \/>\n<meta property=\"og:url\" content=\"https:\/\/www.vsveicolispeciali.com\/de\/citroen-type-h-werbung-fuer-acqua-santanna-interview-mit-der-marketingdirektorin\/\" \/>\n<meta property=\"og:site_name\" content=\"VS Veicoli Speciali\" \/>\n<meta property=\"article:publisher\" content=\"https:\/\/www.facebook.com\/VSVeicoliSpeciali.Food.Trucks\/\" \/>\n<meta property=\"article:published_time\" content=\"2019-10-28T11:44:58+00:00\" \/>\n<meta property=\"article:modified_time\" content=\"2023-01-17T13:50:57+00:00\" \/>\n<meta property=\"og:image\" content=\"https:\/\/www.vsveicolispeciali.com\/wp-content\/uploads\/2019\/10\/citroen-type-h-food-truck-acqua-sant-anna.jpg\" \/>\n\t<meta property=\"og:image:width\" content=\"800\" \/>\n\t<meta property=\"og:image:height\" content=\"539\" \/>\n\t<meta property=\"og:image:type\" content=\"image\/jpeg\" \/>\n<meta name=\"author\" content=\"VS Veicoli Speciali\" \/>\n<meta name=\"twitter:card\" content=\"summary_large_image\" \/>\n<meta name=\"twitter:creator\" content=\"@veicolispeciali\" \/>\n<meta name=\"twitter:site\" content=\"@veicolispeciali\" \/>\n<meta name=\"twitter:label1\" content=\"Verfasst von\" \/>\n\t<meta name=\"twitter:data1\" content=\"VS Veicoli Speciali\" \/>\n\t<meta name=\"twitter:label2\" content=\"Gesch\u00e4tzte Lesezeit\" \/>\n\t<meta name=\"twitter:data2\" content=\"2\u00a0Minuten\" \/>\n<script type=\"application\/ld+json\" class=\"yoast-schema-graph\">{\"@context\":\"https:\/\/schema.org\",\"@graph\":[{\"@type\":\"Article\",\"@id\":\"https:\/\/www.vsveicolispeciali.com\/de\/citroen-type-h-werbung-fuer-acqua-santanna-interview-mit-der-marketingdirektorin\/#article\",\"isPartOf\":{\"@id\":\"https:\/\/www.vsveicolispeciali.com\/de\/citroen-type-h-werbung-fuer-acqua-santanna-interview-mit-der-marketingdirektorin\/\"},\"author\":{\"name\":\"VS Veicoli Speciali\",\"@id\":\"https:\/\/www.vsveicolispeciali.com\/de\/#\/schema\/person\/8c8e3b05db2eca472cca11ff78d1a62d\"},\"headline\":\"Ein Citro\u00ebn Type H als Werbung f\u00fcr Acqua Sant\u2019Anna: das Interview mit der Marketingdirektorin\",\"datePublished\":\"2019-10-28T11:44:58+00:00\",\"dateModified\":\"2023-01-17T13:50:57+00:00\",\"mainEntityOfPage\":{\"@id\":\"https:\/\/www.vsveicolispeciali.com\/de\/citroen-type-h-werbung-fuer-acqua-santanna-interview-mit-der-marketingdirektorin\/\"},\"wordCount\":345,\"publisher\":{\"@id\":\"https:\/\/www.vsveicolispeciali.com\/de\/#organization\"},\"image\":{\"@id\":\"https:\/\/www.vsveicolispeciali.com\/de\/citroen-type-h-werbung-fuer-acqua-santanna-interview-mit-der-marketingdirektorin\/#primaryimage\"},\"thumbnailUrl\":\"https:\/\/www.vsveicolispeciali.com\/wp-content\/uploads\/2019\/10\/citroen-type-h-food-truck-acqua-sant-anna.jpg\",\"keywords\":[\"promotionfahrzeuge\"],\"articleSection\":[\"Non categorizzato\"],\"inLanguage\":\"de\"},{\"@type\":\"WebPage\",\"@id\":\"https:\/\/www.vsveicolispeciali.com\/de\/citroen-type-h-werbung-fuer-acqua-santanna-interview-mit-der-marketingdirektorin\/\",\"url\":\"https:\/\/www.vsveicolispeciali.com\/de\/citroen-type-h-werbung-fuer-acqua-santanna-interview-mit-der-marketingdirektorin\/\",\"name\":\"Citro\u00ebn Type H als Werbung f\u00fcr Acqua Sant\u2019Anna: Interview mit der Marketingdirektorin\",\"isPartOf\":{\"@id\":\"https:\/\/www.vsveicolispeciali.com\/de\/#website\"},\"primaryImageOfPage\":{\"@id\":\"https:\/\/www.vsveicolispeciali.com\/de\/citroen-type-h-werbung-fuer-acqua-santanna-interview-mit-der-marketingdirektorin\/#primaryimage\"},\"image\":{\"@id\":\"https:\/\/www.vsveicolispeciali.com\/de\/citroen-type-h-werbung-fuer-acqua-santanna-interview-mit-der-marketingdirektorin\/#primaryimage\"},\"thumbnailUrl\":\"https:\/\/www.vsveicolispeciali.com\/wp-content\/uploads\/2019\/10\/citroen-type-h-food-truck-acqua-sant-anna.jpg\",\"datePublished\":\"2019-10-28T11:44:58+00:00\",\"dateModified\":\"2023-01-17T13:50:57+00:00\",\"description\":\"Fonti di Vinadio SpA kauft einen Oldtimer-Imbisswagen, um f\u00fcr sein Flaggschiffprodukt zu werben: Acqua Sant'Anna. Promo-Truck umgebaute Typ H nimmt an Werbeveranstaltungen und -initiativen teil\",\"breadcrumb\":{\"@id\":\"https:\/\/www.vsveicolispeciali.com\/de\/citroen-type-h-werbung-fuer-acqua-santanna-interview-mit-der-marketingdirektorin\/#breadcrumb\"},\"inLanguage\":\"de\",\"potentialAction\":[{\"@type\":\"ReadAction\",\"target\":[\"https:\/\/www.vsveicolispeciali.com\/de\/citroen-type-h-werbung-fuer-acqua-santanna-interview-mit-der-marketingdirektorin\/\"]}]},{\"@type\":\"ImageObject\",\"inLanguage\":\"de\",\"@id\":\"https:\/\/www.vsveicolispeciali.com\/de\/citroen-type-h-werbung-fuer-acqua-santanna-interview-mit-der-marketingdirektorin\/#primaryimage\",\"url\":\"https:\/\/www.vsveicolispeciali.com\/wp-content\/uploads\/2019\/10\/citroen-type-h-food-truck-acqua-sant-anna.jpg\",\"contentUrl\":\"https:\/\/www.vsveicolispeciali.com\/wp-content\/uploads\/2019\/10\/citroen-type-h-food-truck-acqua-sant-anna.jpg\",\"width\":800,\"height\":539,\"caption\":\"citroen type h food truck acqua sant'anna di colore celeste per promozione e vendita ad eventi e street marketing\"},{\"@type\":\"BreadcrumbList\",\"@id\":\"https:\/\/www.vsveicolispeciali.com\/de\/citroen-type-h-werbung-fuer-acqua-santanna-interview-mit-der-marketingdirektorin\/#breadcrumb\",\"itemListElement\":[{\"@type\":\"ListItem\",\"position\":1,\"name\":\"Home\",\"item\":\"https:\/\/www.vsveicolispeciali.com\/de\/\"},{\"@type\":\"ListItem\",\"position\":2,\"name\":\"Ein Citro\u00ebn Type H als Werbung f\u00fcr Acqua Sant\u2019Anna: das Interview mit der Marketingdirektorin\"}]},{\"@type\":\"WebSite\",\"@id\":\"https:\/\/www.vsveicolispeciali.com\/de\/#website\",\"url\":\"https:\/\/www.vsveicolispeciali.com\/de\/\",\"name\":\"VS Veicoli Speciali\",\"description\":\"\",\"publisher\":{\"@id\":\"https:\/\/www.vsveicolispeciali.com\/de\/#organization\"},\"potentialAction\":[{\"@type\":\"SearchAction\",\"target\":{\"@type\":\"EntryPoint\",\"urlTemplate\":\"https:\/\/www.vsveicolispeciali.com\/de\/?s={search_term_string}\"},\"query-input\":{\"@type\":\"PropertyValueSpecification\",\"valueRequired\":true,\"valueName\":\"search_term_string\"}}],\"inLanguage\":\"de\"},{\"@type\":\"Organization\",\"@id\":\"https:\/\/www.vsveicolispeciali.com\/de\/#organization\",\"name\":\"VS Veicoli Speciali\",\"url\":\"https:\/\/www.vsveicolispeciali.com\/de\/\",\"logo\":{\"@type\":\"ImageObject\",\"inLanguage\":\"de\",\"@id\":\"https:\/\/www.vsveicolispeciali.com\/de\/#\/schema\/logo\/image\/\",\"url\":\"http:\/\/www.vsveicolispeciali.com\/wp-content\/uploads\/2015\/05\/vs_veicoli_speciali-logo.png\",\"contentUrl\":\"http:\/\/www.vsveicolispeciali.com\/wp-content\/uploads\/2015\/05\/vs_veicoli_speciali-logo.png\",\"width\":252,\"height\":134,\"caption\":\"VS Veicoli Speciali\"},\"image\":{\"@id\":\"https:\/\/www.vsveicolispeciali.com\/de\/#\/schema\/logo\/image\/\"},\"sameAs\":[\"https:\/\/www.facebook.com\/VSVeicoliSpeciali.Food.Trucks\/\",\"https:\/\/x.com\/veicolispeciali\",\"https:\/\/www.instagram.com\/vs_veicolispeciali\/\",\"https:\/\/www.linkedin.com\/company\/2811960\/\",\"https:\/\/www.pinterest.com\/streetfoodtruck\/\",\"https:\/\/www.youtube.com\/user\/veicolispeciali\"]},{\"@type\":\"Person\",\"@id\":\"https:\/\/www.vsveicolispeciali.com\/de\/#\/schema\/person\/8c8e3b05db2eca472cca11ff78d1a62d\",\"name\":\"VS Veicoli Speciali\",\"image\":{\"@type\":\"ImageObject\",\"inLanguage\":\"de\",\"@id\":\"https:\/\/www.vsveicolispeciali.com\/de\/#\/schema\/person\/image\/\",\"url\":\"https:\/\/secure.gravatar.com\/avatar\/69112ab3f18e6754894da123600ad5b0?s=96&d=mm&r=g\",\"contentUrl\":\"https:\/\/secure.gravatar.com\/avatar\/69112ab3f18e6754894da123600ad5b0?s=96&d=mm&r=g\",\"caption\":\"VS Veicoli Speciali\"}}]}<\/script>\n<!-- \/ Yoast SEO plugin. -->","yoast_head_json":{"title":"Citro\u00ebn Type H als Werbung f\u00fcr Acqua Sant\u2019Anna: Interview mit der Marketingdirektorin","description":"Fonti di Vinadio SpA kauft einen Oldtimer-Imbisswagen, um f\u00fcr sein Flaggschiffprodukt zu werben: Acqua Sant'Anna. Promo-Truck umgebaute Typ H nimmt an Werbeveranstaltungen und -initiativen teil","robots":{"index":"index","follow":"follow","max-snippet":"max-snippet:-1","max-image-preview":"max-image-preview:large","max-video-preview":"max-video-preview:-1"},"canonical":"https:\/\/www.vsveicolispeciali.com\/de\/citroen-type-h-werbung-fuer-acqua-santanna-interview-mit-der-marketingdirektorin\/","og_locale":"de_DE","og_type":"article","og_title":"Citro\u00ebn Type H als Werbung f\u00fcr Acqua Sant\u2019Anna: Interview mit der Marketingdirektorin","og_description":"Fonti di Vinadio SpA kauft einen Oldtimer-Imbisswagen, um f\u00fcr sein Flaggschiffprodukt zu werben: Acqua Sant'Anna. Promo-Truck umgebaute Typ H nimmt an Werbeveranstaltungen und -initiativen teil","og_url":"https:\/\/www.vsveicolispeciali.com\/de\/citroen-type-h-werbung-fuer-acqua-santanna-interview-mit-der-marketingdirektorin\/","og_site_name":"VS Veicoli Speciali","article_publisher":"https:\/\/www.facebook.com\/VSVeicoliSpeciali.Food.Trucks\/","article_published_time":"2019-10-28T11:44:58+00:00","article_modified_time":"2023-01-17T13:50:57+00:00","og_image":[{"width":800,"height":539,"url":"https:\/\/www.vsveicolispeciali.com\/wp-content\/uploads\/2019\/10\/citroen-type-h-food-truck-acqua-sant-anna.jpg","type":"image\/jpeg"}],"author":"VS Veicoli Speciali","twitter_card":"summary_large_image","twitter_creator":"@veicolispeciali","twitter_site":"@veicolispeciali","twitter_misc":{"Verfasst von":"VS Veicoli Speciali","Gesch\u00e4tzte Lesezeit":"2\u00a0Minuten"},"schema":{"@context":"https:\/\/schema.org","@graph":[{"@type":"Article","@id":"https:\/\/www.vsveicolispeciali.com\/de\/citroen-type-h-werbung-fuer-acqua-santanna-interview-mit-der-marketingdirektorin\/#article","isPartOf":{"@id":"https:\/\/www.vsveicolispeciali.com\/de\/citroen-type-h-werbung-fuer-acqua-santanna-interview-mit-der-marketingdirektorin\/"},"author":{"name":"VS Veicoli Speciali","@id":"https:\/\/www.vsveicolispeciali.com\/de\/#\/schema\/person\/8c8e3b05db2eca472cca11ff78d1a62d"},"headline":"Ein Citro\u00ebn Type H als Werbung f\u00fcr Acqua Sant\u2019Anna: das Interview mit der Marketingdirektorin","datePublished":"2019-10-28T11:44:58+00:00","dateModified":"2023-01-17T13:50:57+00:00","mainEntityOfPage":{"@id":"https:\/\/www.vsveicolispeciali.com\/de\/citroen-type-h-werbung-fuer-acqua-santanna-interview-mit-der-marketingdirektorin\/"},"wordCount":345,"publisher":{"@id":"https:\/\/www.vsveicolispeciali.com\/de\/#organization"},"image":{"@id":"https:\/\/www.vsveicolispeciali.com\/de\/citroen-type-h-werbung-fuer-acqua-santanna-interview-mit-der-marketingdirektorin\/#primaryimage"},"thumbnailUrl":"https:\/\/www.vsveicolispeciali.com\/wp-content\/uploads\/2019\/10\/citroen-type-h-food-truck-acqua-sant-anna.jpg","keywords":["promotionfahrzeuge"],"articleSection":["Non categorizzato"],"inLanguage":"de"},{"@type":"WebPage","@id":"https:\/\/www.vsveicolispeciali.com\/de\/citroen-type-h-werbung-fuer-acqua-santanna-interview-mit-der-marketingdirektorin\/","url":"https:\/\/www.vsveicolispeciali.com\/de\/citroen-type-h-werbung-fuer-acqua-santanna-interview-mit-der-marketingdirektorin\/","name":"Citro\u00ebn Type H als Werbung f\u00fcr Acqua Sant\u2019Anna: Interview mit der Marketingdirektorin","isPartOf":{"@id":"https:\/\/www.vsveicolispeciali.com\/de\/#website"},"primaryImageOfPage":{"@id":"https:\/\/www.vsveicolispeciali.com\/de\/citroen-type-h-werbung-fuer-acqua-santanna-interview-mit-der-marketingdirektorin\/#primaryimage"},"image":{"@id":"https:\/\/www.vsveicolispeciali.com\/de\/citroen-type-h-werbung-fuer-acqua-santanna-interview-mit-der-marketingdirektorin\/#primaryimage"},"thumbnailUrl":"https:\/\/www.vsveicolispeciali.com\/wp-content\/uploads\/2019\/10\/citroen-type-h-food-truck-acqua-sant-anna.jpg","datePublished":"2019-10-28T11:44:58+00:00","dateModified":"2023-01-17T13:50:57+00:00","description":"Fonti di Vinadio SpA kauft einen Oldtimer-Imbisswagen, um f\u00fcr sein Flaggschiffprodukt zu werben: Acqua Sant'Anna. Promo-Truck umgebaute Typ H nimmt an Werbeveranstaltungen und -initiativen teil","breadcrumb":{"@id":"https:\/\/www.vsveicolispeciali.com\/de\/citroen-type-h-werbung-fuer-acqua-santanna-interview-mit-der-marketingdirektorin\/#breadcrumb"},"inLanguage":"de","potentialAction":[{"@type":"ReadAction","target":["https:\/\/www.vsveicolispeciali.com\/de\/citroen-type-h-werbung-fuer-acqua-santanna-interview-mit-der-marketingdirektorin\/"]}]},{"@type":"ImageObject","inLanguage":"de","@id":"https:\/\/www.vsveicolispeciali.com\/de\/citroen-type-h-werbung-fuer-acqua-santanna-interview-mit-der-marketingdirektorin\/#primaryimage","url":"https:\/\/www.vsveicolispeciali.com\/wp-content\/uploads\/2019\/10\/citroen-type-h-food-truck-acqua-sant-anna.jpg","contentUrl":"https:\/\/www.vsveicolispeciali.com\/wp-content\/uploads\/2019\/10\/citroen-type-h-food-truck-acqua-sant-anna.jpg","width":800,"height":539,"caption":"citroen type h food truck acqua sant'anna di colore celeste per promozione e vendita ad eventi e street marketing"},{"@type":"BreadcrumbList","@id":"https:\/\/www.vsveicolispeciali.com\/de\/citroen-type-h-werbung-fuer-acqua-santanna-interview-mit-der-marketingdirektorin\/#breadcrumb","itemListElement":[{"@type":"ListItem","position":1,"name":"Home","item":"https:\/\/www.vsveicolispeciali.com\/de\/"},{"@type":"ListItem","position":2,"name":"Ein Citro\u00ebn Type H als Werbung f\u00fcr Acqua Sant\u2019Anna: das Interview mit der Marketingdirektorin"}]},{"@type":"WebSite","@id":"https:\/\/www.vsveicolispeciali.com\/de\/#website","url":"https:\/\/www.vsveicolispeciali.com\/de\/","name":"VS Veicoli Speciali","description":"","publisher":{"@id":"https:\/\/www.vsveicolispeciali.com\/de\/#organization"},"potentialAction":[{"@type":"SearchAction","target":{"@type":"EntryPoint","urlTemplate":"https:\/\/www.vsveicolispeciali.com\/de\/?s={search_term_string}"},"query-input":{"@type":"PropertyValueSpecification","valueRequired":true,"valueName":"search_term_string"}}],"inLanguage":"de"},{"@type":"Organization","@id":"https:\/\/www.vsveicolispeciali.com\/de\/#organization","name":"VS Veicoli Speciali","url":"https:\/\/www.vsveicolispeciali.com\/de\/","logo":{"@type":"ImageObject","inLanguage":"de","@id":"https:\/\/www.vsveicolispeciali.com\/de\/#\/schema\/logo\/image\/","url":"http:\/\/www.vsveicolispeciali.com\/wp-content\/uploads\/2015\/05\/vs_veicoli_speciali-logo.png","contentUrl":"http:\/\/www.vsveicolispeciali.com\/wp-content\/uploads\/2015\/05\/vs_veicoli_speciali-logo.png","width":252,"height":134,"caption":"VS Veicoli Speciali"},"image":{"@id":"https:\/\/www.vsveicolispeciali.com\/de\/#\/schema\/logo\/image\/"},"sameAs":["https:\/\/www.facebook.com\/VSVeicoliSpeciali.Food.Trucks\/","https:\/\/x.com\/veicolispeciali","https:\/\/www.instagram.com\/vs_veicolispeciali\/","https:\/\/www.linkedin.com\/company\/2811960\/","https:\/\/www.pinterest.com\/streetfoodtruck\/","https:\/\/www.youtube.com\/user\/veicolispeciali"]},{"@type":"Person","@id":"https:\/\/www.vsveicolispeciali.com\/de\/#\/schema\/person\/8c8e3b05db2eca472cca11ff78d1a62d","name":"VS Veicoli Speciali","image":{"@type":"ImageObject","inLanguage":"de","@id":"https:\/\/www.vsveicolispeciali.com\/de\/#\/schema\/person\/image\/","url":"https:\/\/secure.gravatar.com\/avatar\/69112ab3f18e6754894da123600ad5b0?s=96&d=mm&r=g","contentUrl":"https:\/\/secure.gravatar.com\/avatar\/69112ab3f18e6754894da123600ad5b0?s=96&d=mm&r=g","caption":"VS Veicoli Speciali"}}]}},"_links":{"self":[{"href":"https:\/\/www.vsveicolispeciali.com\/de\/wp-json\/wp\/v2\/posts\/11733"}],"collection":[{"href":"https:\/\/www.vsveicolispeciali.com\/de\/wp-json\/wp\/v2\/posts"}],"about":[{"href":"https:\/\/www.vsveicolispeciali.com\/de\/wp-json\/wp\/v2\/types\/post"}],"author":[{"embeddable":true,"href":"https:\/\/www.vsveicolispeciali.com\/de\/wp-json\/wp\/v2\/users\/2"}],"replies":[{"embeddable":true,"href":"https:\/\/www.vsveicolispeciali.com\/de\/wp-json\/wp\/v2\/comments?post=11733"}],"version-history":[{"count":4,"href":"https:\/\/www.vsveicolispeciali.com\/de\/wp-json\/wp\/v2\/posts\/11733\/revisions"}],"predecessor-version":[{"id":20823,"href":"https:\/\/www.vsveicolispeciali.com\/de\/wp-json\/wp\/v2\/posts\/11733\/revisions\/20823"}],"wp:featuredmedia":[{"embeddable":true,"href":"https:\/\/www.vsveicolispeciali.com\/de\/wp-json\/wp\/v2\/media\/10867"}],"wp:attachment":[{"href":"https:\/\/www.vsveicolispeciali.com\/de\/wp-json\/wp\/v2\/media?parent=11733"}],"wp:term":[{"taxonomy":"category","embeddable":true,"href":"https:\/\/www.vsveicolispeciali.com\/de\/wp-json\/wp\/v2\/categories?post=11733"},{"taxonomy":"post_tag","embeddable":true,"href":"https:\/\/www.vsveicolispeciali.com\/de\/wp-json\/wp\/v2\/tags?post=11733"}],"curies":[{"name":"wp","href":"https:\/\/api.w.org\/{rel}","templated":true}]}}