{"id":10572,"date":"2019-04-01T20:44:39","date_gmt":"2019-04-01T18:44:39","guid":{"rendered":"http:\/\/vsveicolispeciali.com\/carretto-a-mano-torna-in-auge-con-vkart-di-vs-street-food\/"},"modified":"2023-01-17T17:02:37","modified_gmt":"2023-01-17T16:02:37","slug":"der-handwagen-erlebt-ein-comeback-dank-vkart-von-vs-street-food","status":"publish","type":"post","link":"https:\/\/www.vsveicolispeciali.com\/de\/der-handwagen-erlebt-ein-comeback-dank-vkart-von-vs-street-food\/","title":{"rendered":"Der Handwagen erlebt ein Comeback dank VKart von VS Street Food"},"content":{"rendered":"<p>Was wir heute <strong>Street Food<\/strong> nennen, wurde einst auf h\u00f6lzernen Handkarren in den Stra\u00dfen von kleinen D\u00f6rfern und St\u00e4dten angeboten. Es handelte sich um eine alte, volkst\u00fcmliche Handelsart. Meist wurden Produkte aus der Erde, Brot und Mehlspeisen, gekochte und gebackene Speisen verkauft. Die Speisen wurden zu Hause zubereitet und dann den Passanten feilgeboten: Zu diesen Zeiten war der Lebensmittelverkauf noch nicht von Gesundheits- und Hygienenormen geregelt und die Stra\u00dfenverk\u00e4ufer brauchten keine Genehmigung.<\/p>\n<p>&nbsp;<br \/>\n<a href=\"http:\/\/www.vsveicolispeciali.com\/wp-content\/uploads\/2019\/03\/antichi-carretti-venditori-ambulanti.jpg\"><img loading=\"lazy\" decoding=\"async\" class=\"aligncenter size-full wp-image-9755\" src=\"http:\/\/www.vsveicolispeciali.com\/wp-content\/uploads\/2019\/03\/antichi-carretti-venditori-ambulanti.jpg\" alt=\"alte Karren Stra\u00dfenh\u00e4ndler\" width=\"579\" height=\"431\" srcset=\"https:\/\/www.vsveicolispeciali.com\/wp-content\/uploads\/2019\/03\/antichi-carretti-venditori-ambulanti.jpg 579w, https:\/\/www.vsveicolispeciali.com\/wp-content\/uploads\/2019\/03\/antichi-carretti-venditori-ambulanti-300x223.jpg 300w\" sizes=\"(max-width: 579px) 100vw, 579px\" \/><\/a><br \/>\n&nbsp;<\/p>\n<p>Zwischen dem 19. und dem 20. Jahrhundert haben diese <strong>Schubkarren<\/strong> das Leben in kleinen Provinzd\u00f6rfern und auf den Pl\u00e4tzen der Gro\u00dfstadt enorm gepr\u00e4gt. Scharen von begeisterten Kindern dr\u00e4ngten sich um den <strong>Eiskarren<\/strong>, oder um andere antike Holzwagen mit den verschiedensten Speisen der regionalen und lokalen Tradition.<\/p>\n<p>&nbsp;<br \/>\n<a href=\"http:\/\/www.vsveicolispeciali.com\/wp-content\/uploads\/2019\/03\/carretto-dei-gelati-antico.jpg\"><img loading=\"lazy\" decoding=\"async\" class=\"aligncenter size-full wp-image-9759\" src=\"http:\/\/www.vsveicolispeciali.com\/wp-content\/uploads\/2019\/03\/carretto-dei-gelati-antico.jpg\" alt=\"Antike Eiswagen\" width=\"665\" height=\"498\" srcset=\"https:\/\/www.vsveicolispeciali.com\/wp-content\/uploads\/2019\/03\/carretto-dei-gelati-antico.jpg 665w, https:\/\/www.vsveicolispeciali.com\/wp-content\/uploads\/2019\/03\/carretto-dei-gelati-antico-300x225.jpg 300w\" sizes=\"(max-width: 665px) 100vw, 665px\" \/><\/a><br \/>\n&nbsp;<\/p>\n<p><strong>Die sizilianische Tradition der Karren<\/strong> und der Stra\u00dfenspeisen ist eine der bedeutendsten in Europa. Wir k\u00f6nnen uns die Folklore der palermischen Stra\u00dfen, die Scharen von Stra\u00dfenh\u00e4ndlern, die alles m\u00f6gliche anbieten, nur vorstellen: Einfache Produkte wie Maiskolben, Auberginen und sonstige Gem\u00fcse, Tintenfische und Seeigel, Brot und Kuchen, Milzbr\u00f6tchen (&#8222;pani ca meusa&#8220;) und sonstige gef\u00fcllte Br\u00f6tchen (&#8222;pani cunzatu), Torten, trockene S\u00fc\u00dfwaren und, nat\u00fcrlich, Gramolatas.<\/p>\n<p>Im Laufe des 20. Jahrhunderts hat die Gewohnheit sich auf der Stra\u00dfe zu verpflegen zwar abgenommen, ist aber nie ganz verschwunden. Mit Tierkraft angetriebene oder von Hand gezogene Karren sind durch <strong>Motorfahrzeuge<\/strong> ersetzt worden. <strong>Lieferwagen f\u00fcr den Lebensmittelverkauf<\/strong> auf dem Markt, auf Pl\u00e4tzen und an Durchgangsstellen sind aufgekommen.<\/p>\n<p>Heute spricht man von <strong>&#8222;Street Food&#8220;<\/strong>, weil die Stra\u00dfenspeisen zuerst in den Vereinigten Staaten, und erst sp\u00e4ter in Europa wieder popul\u00e4r geworden sind. Die als L\u00e4den zusammengeschusterten Lieferwagen sind durch Food Trucks von spezialisierten Ausstattern ersetzt worden.<\/p>\n<p>Heutzutage k\u00f6nnen Food Trucks im Hinblick auf Design, Materialien und Ausstattungen sehr eintr\u00e4gliche Arbeitsinstrumente mit ausdrucksstarker \u00c4sthetik sein. Auch gro\u00dfe Firmen setzen Food Trucks f\u00fcr kommerzielle und Werbezwecke ein: In diesen F\u00e4llen spricht man auch von <a href=\"http:\/\/www.vsveicolispeciali.com\/de\/verkaufswagen-kaufen\/werbefahrzeuge-promotion-truck-verkaufsmobil\/\" target=\"_blank\" rel=\"noopener noreferrer\">Promo Trucks<\/a>.<\/p>\n<p>&nbsp;<br \/>\n<a href=\"http:\/\/www.vsveicolispeciali.com\/wp-content\/uploads\/2018\/04\/biraghi-furgone-promozionale-renault-master.jpg\"><img loading=\"lazy\" decoding=\"async\" class=\"alignleft size-full wp-image-6570\" src=\"http:\/\/www.vsveicolispeciali.com\/wp-content\/uploads\/2018\/04\/biraghi-furgone-promozionale-renault-master.jpg\" alt=\"biraghi renault master gelb van f\u00fcr die ausstellung und den verkauf von k\u00e4se\" width=\"800\" height=\"533\" srcset=\"https:\/\/www.vsveicolispeciali.com\/wp-content\/uploads\/2018\/04\/biraghi-furgone-promozionale-renault-master.jpg 800w, https:\/\/www.vsveicolispeciali.com\/wp-content\/uploads\/2018\/04\/biraghi-furgone-promozionale-renault-master-300x200.jpg 300w, https:\/\/www.vsveicolispeciali.com\/wp-content\/uploads\/2018\/04\/biraghi-furgone-promozionale-renault-master-768x512.jpg 768w, https:\/\/www.vsveicolispeciali.com\/wp-content\/uploads\/2018\/04\/biraghi-furgone-promozionale-renault-master-700x466.jpg 700w\" sizes=\"(max-width: 800px) 100vw, 800px\" \/><\/a><br \/>\n&nbsp;<\/p>\n<p>Im Rahmen dieser Renaissance der Stra\u00dfenk\u00fcche und der erneuerten Sch\u00e4tzung von Vintage-Objekten \u00fcberrascht es nicht, dass der Handkarren in der modernen Version eines <a href=\"http:\/\/www.vsveicolispeciali.com\/de\/verkaufswagen-kaufen\/\">Street Food Wagens<\/a> zur\u00fcck in Mode kommt. Bestes Beispiel ist ein <a href=\"http:\/\/www.vsveicolispeciali.com\/de\/der-mobile-eiswagen-ist-einfach-zeitlos\/\">mobiler Eiswagen<\/a>.<\/p>\n<p>&nbsp;&nbsp;<\/p>\n<h2>VKart &#8211; Der Street Food Wagen f\u00fcr Stra\u00dfenh\u00e4ndler und Unternehmen<\/h2>\n<p>&nbsp;<br \/>\nHeute sieht man vor den Ladenschaufenstern oft <strong>h\u00f6lzerne Karren<\/strong>, die Produkte und Dekorelemente zur Schau stellen.<\/p>\n<p>Dieses Geschmacksdetail bezeugt den Trend, <strong>altherk\u00f6mmliche Gegenst\u00e4nde zur\u00fcckzuholen<\/strong> und f\u00fcr Arbeits- und Kommunikationszwecke zu integrieren.<\/p>\n<p>Der Karren f\u00fcr den Lebensmittelverkauf auf der Stra\u00dfe, auf Englisch &#8222;Food Cart&#8220;, ist ein weiteres Vintage-Objekt mit unbestreitbarem Charme, das dank dem Erfolg des Street Foods zur\u00fcck in Mode gekommen ist.<\/p>\n<p>Aus diesem Grund, und um die Bed\u00fcrfnisse unserer Kunden zufriedenzustellen, hat VS <strong>VKart<\/strong> patentiert: Ein <a href=\"http:\/\/www.vsveicolispeciali.com\/de\/street-food\/\">Street Food Trucks<\/a> neuester Generation, der das Design der traditionellen Stra\u00dfenkarren in moderner Auflage zur\u00fcckholt und es den praktischen kommunikativen Bed\u00fcrfnissen der Unternehmen anpasst.<\/p>\n<p>Die Herstellung neuer Handkarren reagiert auf das Bed\u00fcrfnis der Unternehmen, <strong>leichte, kleine Verkaufsstellen f\u00fcr private Umgebungen zu Verf\u00fcgung<\/strong> zu haben: Bahnh\u00f6fe, Einkaufszentren, Hotels, Outlets, Museen, Resorts, usw.<\/p>\n<p>VKart kann f\u00fcr den Verkauf von <strong>Premium-Einzelprodukten<\/strong> ausgestattet werden:<\/p>\n<ul class=\"lista\">\n<li>Eis<\/li>\n<li>Kaffee<\/li>\n<li>Cocktails<\/li>\n<li>Fa\u00dfbier<\/li>\n<li>Offener Wein<\/li>\n<li>usw.<\/li>\n<\/ul>\n<p>&nbsp;<br \/>\n<a href=\"http:\/\/www.vsveicolispeciali.com\/wp-content\/uploads\/2019\/03\/carretto-gelato-vkart.jpg\"><img loading=\"lazy\" decoding=\"async\" class=\"alignleft size-full wp-image-9763\" src=\"http:\/\/www.vsveicolispeciali.com\/wp-content\/uploads\/2019\/03\/carretto-gelato-vkart.jpg\" alt=\"carretto gelato vkart\" width=\"800\" height=\"640\" srcset=\"https:\/\/www.vsveicolispeciali.com\/wp-content\/uploads\/2019\/03\/carretto-gelato-vkart.jpg 800w, https:\/\/www.vsveicolispeciali.com\/wp-content\/uploads\/2019\/03\/carretto-gelato-vkart-300x240.jpg 300w, https:\/\/www.vsveicolispeciali.com\/wp-content\/uploads\/2019\/03\/carretto-gelato-vkart-768x614.jpg 768w, https:\/\/www.vsveicolispeciali.com\/wp-content\/uploads\/2019\/03\/carretto-gelato-vkart-700x560.jpg 700w\" sizes=\"(max-width: 800px) 100vw, 800px\" \/><\/a><br \/>\n&nbsp;<br \/>\nIn anderen Worten,<strong> Produkte mit geringem Kontaminationsrisiko<\/strong>, da der Karren nicht \u00fcber gen\u00fcgend Platz f\u00fcr die Aufbewahrung und Zubereitung von Speisen verf\u00fcgt und daher nur f\u00fcr Zwecke verwendet werden darf, die keine Gesundheitsbescheinigung ben\u00f6tigen.<\/p>\n<p><strong>VKart kann auch in der N\u00e4he des Muttergesch\u00e4fts aufgestellt<\/strong> und somit stets mit den notwendigen Produkten aufgef\u00fcllt werden.<\/p>\n<p><strong>Ausstattung<\/strong>, Graphik, Farben und Segel sind komplett personalisierbar.<\/p>\n<p><strong>Der Karren kann zusammen mit einen Verkaufswagen oder einer <a href=\"http:\/\/www.vsveicolispeciali.com\/de\/verkaufswagen-kaufen\/food-truck-imbisswagen-kosten\/piaggio-porter-craft-x\/\">Food Truck Piaggio Porter<\/a> eingesetzt werden<\/strong>, um die kommunikative Wirkung an Orten mit hohem Passantenstrom oder in der N\u00e4he der eigenen Zielgruppe zu verst\u00e4rken.<\/p>\n<p>Au\u00dferdem bietet dieser <strong>Street Food Karren<\/strong> den Vorteil, an die elektrischen und strukturellen <strong>Standards jeglicher L\u00e4nder angepasst<\/strong> werden zu k\u00f6nnen.<\/p>\n<p>Will man die verschiedenen Betriebsst\u00e4tten und L\u00e4den einer Marke mit einer mobilen smarten Verkaufsstelle ausstatten, kann nat\u00fcrlich eine ganze <strong>VKart-Flotte<\/strong> gekauft werden.<\/p>\n\n\t\t<style type=\"text\/css\">\n\t\t\t#gallery-1 {\n\t\t\t\tmargin: auto;\n\t\t\t}\n\t\t\t#gallery-1 .gallery-item {\n\t\t\t\tfloat: left;\n\t\t\t\tmargin-top: 10px;\n\t\t\t\ttext-align: center;\n\t\t\t\twidth: 33%;\n\t\t\t}\n\t\t\t#gallery-1 img {\n\t\t\t\tborder: 2px solid #cfcfcf;\n\t\t\t}\n\t\t\t#gallery-1 .gallery-caption {\n\t\t\t\tmargin-left: 0;\n\t\t\t}\n\t\t\t\/* see gallery_shortcode() in wp-includes\/media.php *\/\n\t\t<\/style>\n\t\t<div id='gallery-1' class='gallery galleryid-10572 gallery-columns-3 gallery-size-thumbnail'><dl class='gallery-item'>\n\t\t\t<dt class='gallery-icon landscape'>\n\t\t\t\t<a href='https:\/\/www.vsveicolispeciali.com\/de\/der-handwagen-erlebt-ein-comeback-dank-vkart-von-vs-street-food\/carretto-gelato-vkart-2\/'><img loading=\"lazy\" decoding=\"async\" width=\"150\" height=\"150\" src=\"https:\/\/www.vsveicolispeciali.com\/wp-content\/uploads\/2019\/03\/carretto-gelato-vkart-150x150.jpg\" class=\"attachment-thumbnail size-thumbnail\" alt=\"carretto gelato vkart\" srcset=\"https:\/\/www.vsveicolispeciali.com\/wp-content\/uploads\/2019\/03\/carretto-gelato-vkart-150x150.jpg 150w, https:\/\/www.vsveicolispeciali.com\/wp-content\/uploads\/2019\/03\/carretto-gelato-vkart-570x570.jpg 570w, https:\/\/www.vsveicolispeciali.com\/wp-content\/uploads\/2019\/03\/carretto-gelato-vkart-500x500.jpg 500w\" sizes=\"(max-width: 150px) 100vw, 150px\" \/><\/a>\n\t\t\t<\/dt><\/dl>\n\t\t\t<br style='clear: both' \/>\n\t\t<\/div>\n\n","protected":false},"excerpt":{"rendered":"<p>Was wir heute Street Food nennen, wurde einst auf h\u00f6lzernen Handkarren in den Stra\u00dfen von kleinen D\u00f6rfern und St\u00e4dten angeboten. Es handelte sich um eine alte, volkst\u00fcmliche Handelsart. Meist wurden Produkte aus der Erde, Brot und Mehlspeisen, gekochte und gebackene Speisen verkauft. Die Speisen wurden&#8230;<\/p>\n","protected":false},"author":2,"featured_media":9758,"comment_status":"closed","ping_status":"open","sticky":false,"template":"","format":"gallery","meta":{"footnotes":""},"categories":[48],"tags":[266,275],"class_list":["post-10572","post","type-post","status-publish","format-gallery","has-post-thumbnail","hentry","category-non-categorizzato","tag-streetfood-ideen","tag-imbiss-handwagen","post_format-post-format-gallery"],"yoast_head":"<!-- This site is optimized with the Yoast SEO plugin v25.4 - https:\/\/yoast.com\/wordpress\/plugins\/seo\/ -->\n<title>Der Handwagen erlebt ein Comeback dank VKart von VS Street Food<\/title>\n<meta name=\"description\" content=\"Vom alten Holzkarren der Essen-Stra\u00dfenverk\u00e4ufer bis hin zu VKart, einem handbet\u00e4tigten Street Food-Wagen, der f\u00fcr Unternehmen und Marketing als mobile Workstation f\u00fcr den Verkauf und die Verkaufsf\u00f6rderung in privaten R\u00e4umen konzipiert ist\" \/>\n<meta name=\"robots\" content=\"index, follow, max-snippet:-1, max-image-preview:large, max-video-preview:-1\" \/>\n<link rel=\"canonical\" href=\"https:\/\/www.vsveicolispeciali.com\/de\/der-handwagen-erlebt-ein-comeback-dank-vkart-von-vs-street-food\/\" \/>\n<meta property=\"og:locale\" content=\"de_DE\" \/>\n<meta property=\"og:type\" content=\"article\" \/>\n<meta property=\"og:title\" content=\"Der Handwagen erlebt ein Comeback dank VKart von VS Street Food\" \/>\n<meta property=\"og:description\" content=\"Vom alten Holzkarren der Essen-Stra\u00dfenverk\u00e4ufer bis hin zu VKart, einem handbet\u00e4tigten Street Food-Wagen, der f\u00fcr Unternehmen und Marketing als mobile Workstation f\u00fcr den Verkauf und die Verkaufsf\u00f6rderung in privaten R\u00e4umen konzipiert ist\" \/>\n<meta property=\"og:url\" content=\"https:\/\/www.vsveicolispeciali.com\/de\/der-handwagen-erlebt-ein-comeback-dank-vkart-von-vs-street-food\/\" \/>\n<meta property=\"og:site_name\" content=\"VS Veicoli Speciali\" \/>\n<meta property=\"article:publisher\" content=\"https:\/\/www.facebook.com\/VSVeicoliSpeciali.Food.Trucks\/\" \/>\n<meta property=\"article:published_time\" content=\"2019-04-01T18:44:39+00:00\" \/>\n<meta property=\"article:modified_time\" content=\"2023-01-17T16:02:37+00:00\" \/>\n<meta property=\"og:image\" content=\"https:\/\/www.vsveicolispeciali.com\/wp-content\/uploads\/2019\/03\/antichi-carretti-venditori-ambulanti.jpg\" \/>\n\t<meta property=\"og:image:width\" content=\"579\" \/>\n\t<meta property=\"og:image:height\" content=\"431\" \/>\n\t<meta property=\"og:image:type\" content=\"image\/jpeg\" \/>\n<meta name=\"author\" content=\"VS Veicoli Speciali\" \/>\n<meta name=\"twitter:card\" content=\"summary_large_image\" \/>\n<meta name=\"twitter:creator\" content=\"@veicolispeciali\" \/>\n<meta name=\"twitter:site\" content=\"@veicolispeciali\" \/>\n<meta name=\"twitter:label1\" content=\"Verfasst von\" \/>\n\t<meta name=\"twitter:data1\" content=\"VS Veicoli Speciali\" \/>\n\t<meta name=\"twitter:label2\" content=\"Gesch\u00e4tzte Lesezeit\" \/>\n\t<meta name=\"twitter:data2\" content=\"4\u00a0Minuten\" \/>\n<script type=\"application\/ld+json\" class=\"yoast-schema-graph\">{\"@context\":\"https:\/\/schema.org\",\"@graph\":[{\"@type\":\"Article\",\"@id\":\"https:\/\/www.vsveicolispeciali.com\/de\/der-handwagen-erlebt-ein-comeback-dank-vkart-von-vs-street-food\/#article\",\"isPartOf\":{\"@id\":\"https:\/\/www.vsveicolispeciali.com\/de\/der-handwagen-erlebt-ein-comeback-dank-vkart-von-vs-street-food\/\"},\"author\":{\"name\":\"VS Veicoli Speciali\",\"@id\":\"https:\/\/www.vsveicolispeciali.com\/de\/#\/schema\/person\/8c8e3b05db2eca472cca11ff78d1a62d\"},\"headline\":\"Der Handwagen erlebt ein Comeback dank VKart von VS Street Food\",\"datePublished\":\"2019-04-01T18:44:39+00:00\",\"dateModified\":\"2023-01-17T16:02:37+00:00\",\"mainEntityOfPage\":{\"@id\":\"https:\/\/www.vsveicolispeciali.com\/de\/der-handwagen-erlebt-ein-comeback-dank-vkart-von-vs-street-food\/\"},\"wordCount\":726,\"publisher\":{\"@id\":\"https:\/\/www.vsveicolispeciali.com\/de\/#organization\"},\"image\":{\"@id\":\"https:\/\/www.vsveicolispeciali.com\/de\/der-handwagen-erlebt-ein-comeback-dank-vkart-von-vs-street-food\/#primaryimage\"},\"thumbnailUrl\":\"https:\/\/www.vsveicolispeciali.com\/wp-content\/uploads\/2019\/03\/antichi-carretti-venditori-ambulanti.jpg\",\"keywords\":[\"streetfood ideen\",\"imbiss handwagen\"],\"articleSection\":[\"Non categorizzato\"],\"inLanguage\":\"de\"},{\"@type\":\"WebPage\",\"@id\":\"https:\/\/www.vsveicolispeciali.com\/de\/der-handwagen-erlebt-ein-comeback-dank-vkart-von-vs-street-food\/\",\"url\":\"https:\/\/www.vsveicolispeciali.com\/de\/der-handwagen-erlebt-ein-comeback-dank-vkart-von-vs-street-food\/\",\"name\":\"Der Handwagen erlebt ein Comeback dank VKart von VS Street Food\",\"isPartOf\":{\"@id\":\"https:\/\/www.vsveicolispeciali.com\/de\/#website\"},\"primaryImageOfPage\":{\"@id\":\"https:\/\/www.vsveicolispeciali.com\/de\/der-handwagen-erlebt-ein-comeback-dank-vkart-von-vs-street-food\/#primaryimage\"},\"image\":{\"@id\":\"https:\/\/www.vsveicolispeciali.com\/de\/der-handwagen-erlebt-ein-comeback-dank-vkart-von-vs-street-food\/#primaryimage\"},\"thumbnailUrl\":\"https:\/\/www.vsveicolispeciali.com\/wp-content\/uploads\/2019\/03\/antichi-carretti-venditori-ambulanti.jpg\",\"datePublished\":\"2019-04-01T18:44:39+00:00\",\"dateModified\":\"2023-01-17T16:02:37+00:00\",\"description\":\"Vom alten Holzkarren der Essen-Stra\u00dfenverk\u00e4ufer bis hin zu VKart, einem handbet\u00e4tigten Street Food-Wagen, der f\u00fcr Unternehmen und Marketing als mobile Workstation f\u00fcr den Verkauf und die Verkaufsf\u00f6rderung in privaten R\u00e4umen konzipiert ist\",\"breadcrumb\":{\"@id\":\"https:\/\/www.vsveicolispeciali.com\/de\/der-handwagen-erlebt-ein-comeback-dank-vkart-von-vs-street-food\/#breadcrumb\"},\"inLanguage\":\"de\",\"potentialAction\":[{\"@type\":\"ReadAction\",\"target\":[\"https:\/\/www.vsveicolispeciali.com\/de\/der-handwagen-erlebt-ein-comeback-dank-vkart-von-vs-street-food\/\"]}]},{\"@type\":\"ImageObject\",\"inLanguage\":\"de\",\"@id\":\"https:\/\/www.vsveicolispeciali.com\/de\/der-handwagen-erlebt-ein-comeback-dank-vkart-von-vs-street-food\/#primaryimage\",\"url\":\"https:\/\/www.vsveicolispeciali.com\/wp-content\/uploads\/2019\/03\/antichi-carretti-venditori-ambulanti.jpg\",\"contentUrl\":\"https:\/\/www.vsveicolispeciali.com\/wp-content\/uploads\/2019\/03\/antichi-carretti-venditori-ambulanti.jpg\",\"width\":579,\"height\":431,\"caption\":\"antichi carretti venditori ambulanti\"},{\"@type\":\"BreadcrumbList\",\"@id\":\"https:\/\/www.vsveicolispeciali.com\/de\/der-handwagen-erlebt-ein-comeback-dank-vkart-von-vs-street-food\/#breadcrumb\",\"itemListElement\":[{\"@type\":\"ListItem\",\"position\":1,\"name\":\"Home\",\"item\":\"https:\/\/www.vsveicolispeciali.com\/de\/\"},{\"@type\":\"ListItem\",\"position\":2,\"name\":\"Der Handwagen erlebt ein Comeback dank VKart von VS Street Food\"}]},{\"@type\":\"WebSite\",\"@id\":\"https:\/\/www.vsveicolispeciali.com\/de\/#website\",\"url\":\"https:\/\/www.vsveicolispeciali.com\/de\/\",\"name\":\"VS Veicoli Speciali\",\"description\":\"\",\"publisher\":{\"@id\":\"https:\/\/www.vsveicolispeciali.com\/de\/#organization\"},\"potentialAction\":[{\"@type\":\"SearchAction\",\"target\":{\"@type\":\"EntryPoint\",\"urlTemplate\":\"https:\/\/www.vsveicolispeciali.com\/de\/?s={search_term_string}\"},\"query-input\":{\"@type\":\"PropertyValueSpecification\",\"valueRequired\":true,\"valueName\":\"search_term_string\"}}],\"inLanguage\":\"de\"},{\"@type\":\"Organization\",\"@id\":\"https:\/\/www.vsveicolispeciali.com\/de\/#organization\",\"name\":\"VS Veicoli Speciali\",\"url\":\"https:\/\/www.vsveicolispeciali.com\/de\/\",\"logo\":{\"@type\":\"ImageObject\",\"inLanguage\":\"de\",\"@id\":\"https:\/\/www.vsveicolispeciali.com\/de\/#\/schema\/logo\/image\/\",\"url\":\"http:\/\/www.vsveicolispeciali.com\/wp-content\/uploads\/2015\/05\/vs_veicoli_speciali-logo.png\",\"contentUrl\":\"http:\/\/www.vsveicolispeciali.com\/wp-content\/uploads\/2015\/05\/vs_veicoli_speciali-logo.png\",\"width\":252,\"height\":134,\"caption\":\"VS Veicoli Speciali\"},\"image\":{\"@id\":\"https:\/\/www.vsveicolispeciali.com\/de\/#\/schema\/logo\/image\/\"},\"sameAs\":[\"https:\/\/www.facebook.com\/VSVeicoliSpeciali.Food.Trucks\/\",\"https:\/\/x.com\/veicolispeciali\",\"https:\/\/www.instagram.com\/vs_veicolispeciali\/\",\"https:\/\/www.linkedin.com\/company\/2811960\/\",\"https:\/\/www.pinterest.com\/streetfoodtruck\/\",\"https:\/\/www.youtube.com\/user\/veicolispeciali\"]},{\"@type\":\"Person\",\"@id\":\"https:\/\/www.vsveicolispeciali.com\/de\/#\/schema\/person\/8c8e3b05db2eca472cca11ff78d1a62d\",\"name\":\"VS Veicoli Speciali\",\"image\":{\"@type\":\"ImageObject\",\"inLanguage\":\"de\",\"@id\":\"https:\/\/www.vsveicolispeciali.com\/de\/#\/schema\/person\/image\/\",\"url\":\"https:\/\/secure.gravatar.com\/avatar\/69112ab3f18e6754894da123600ad5b0?s=96&d=mm&r=g\",\"contentUrl\":\"https:\/\/secure.gravatar.com\/avatar\/69112ab3f18e6754894da123600ad5b0?s=96&d=mm&r=g\",\"caption\":\"VS Veicoli Speciali\"}}]}<\/script>\n<!-- \/ Yoast SEO plugin. -->","yoast_head_json":{"title":"Der Handwagen erlebt ein Comeback dank VKart von VS Street Food","description":"Vom alten Holzkarren der Essen-Stra\u00dfenverk\u00e4ufer bis hin zu VKart, einem handbet\u00e4tigten Street Food-Wagen, der f\u00fcr Unternehmen und Marketing als mobile Workstation f\u00fcr den Verkauf und die Verkaufsf\u00f6rderung in privaten R\u00e4umen konzipiert ist","robots":{"index":"index","follow":"follow","max-snippet":"max-snippet:-1","max-image-preview":"max-image-preview:large","max-video-preview":"max-video-preview:-1"},"canonical":"https:\/\/www.vsveicolispeciali.com\/de\/der-handwagen-erlebt-ein-comeback-dank-vkart-von-vs-street-food\/","og_locale":"de_DE","og_type":"article","og_title":"Der Handwagen erlebt ein Comeback dank VKart von VS Street Food","og_description":"Vom alten Holzkarren der Essen-Stra\u00dfenverk\u00e4ufer bis hin zu VKart, einem handbet\u00e4tigten Street Food-Wagen, der f\u00fcr Unternehmen und Marketing als mobile Workstation f\u00fcr den Verkauf und die Verkaufsf\u00f6rderung in privaten R\u00e4umen konzipiert ist","og_url":"https:\/\/www.vsveicolispeciali.com\/de\/der-handwagen-erlebt-ein-comeback-dank-vkart-von-vs-street-food\/","og_site_name":"VS Veicoli Speciali","article_publisher":"https:\/\/www.facebook.com\/VSVeicoliSpeciali.Food.Trucks\/","article_published_time":"2019-04-01T18:44:39+00:00","article_modified_time":"2023-01-17T16:02:37+00:00","og_image":[{"width":579,"height":431,"url":"https:\/\/www.vsveicolispeciali.com\/wp-content\/uploads\/2019\/03\/antichi-carretti-venditori-ambulanti.jpg","type":"image\/jpeg"}],"author":"VS Veicoli Speciali","twitter_card":"summary_large_image","twitter_creator":"@veicolispeciali","twitter_site":"@veicolispeciali","twitter_misc":{"Verfasst von":"VS Veicoli Speciali","Gesch\u00e4tzte Lesezeit":"4\u00a0Minuten"},"schema":{"@context":"https:\/\/schema.org","@graph":[{"@type":"Article","@id":"https:\/\/www.vsveicolispeciali.com\/de\/der-handwagen-erlebt-ein-comeback-dank-vkart-von-vs-street-food\/#article","isPartOf":{"@id":"https:\/\/www.vsveicolispeciali.com\/de\/der-handwagen-erlebt-ein-comeback-dank-vkart-von-vs-street-food\/"},"author":{"name":"VS Veicoli Speciali","@id":"https:\/\/www.vsveicolispeciali.com\/de\/#\/schema\/person\/8c8e3b05db2eca472cca11ff78d1a62d"},"headline":"Der Handwagen erlebt ein Comeback dank VKart von VS Street Food","datePublished":"2019-04-01T18:44:39+00:00","dateModified":"2023-01-17T16:02:37+00:00","mainEntityOfPage":{"@id":"https:\/\/www.vsveicolispeciali.com\/de\/der-handwagen-erlebt-ein-comeback-dank-vkart-von-vs-street-food\/"},"wordCount":726,"publisher":{"@id":"https:\/\/www.vsveicolispeciali.com\/de\/#organization"},"image":{"@id":"https:\/\/www.vsveicolispeciali.com\/de\/der-handwagen-erlebt-ein-comeback-dank-vkart-von-vs-street-food\/#primaryimage"},"thumbnailUrl":"https:\/\/www.vsveicolispeciali.com\/wp-content\/uploads\/2019\/03\/antichi-carretti-venditori-ambulanti.jpg","keywords":["streetfood ideen","imbiss handwagen"],"articleSection":["Non categorizzato"],"inLanguage":"de"},{"@type":"WebPage","@id":"https:\/\/www.vsveicolispeciali.com\/de\/der-handwagen-erlebt-ein-comeback-dank-vkart-von-vs-street-food\/","url":"https:\/\/www.vsveicolispeciali.com\/de\/der-handwagen-erlebt-ein-comeback-dank-vkart-von-vs-street-food\/","name":"Der Handwagen erlebt ein Comeback dank VKart von VS Street Food","isPartOf":{"@id":"https:\/\/www.vsveicolispeciali.com\/de\/#website"},"primaryImageOfPage":{"@id":"https:\/\/www.vsveicolispeciali.com\/de\/der-handwagen-erlebt-ein-comeback-dank-vkart-von-vs-street-food\/#primaryimage"},"image":{"@id":"https:\/\/www.vsveicolispeciali.com\/de\/der-handwagen-erlebt-ein-comeback-dank-vkart-von-vs-street-food\/#primaryimage"},"thumbnailUrl":"https:\/\/www.vsveicolispeciali.com\/wp-content\/uploads\/2019\/03\/antichi-carretti-venditori-ambulanti.jpg","datePublished":"2019-04-01T18:44:39+00:00","dateModified":"2023-01-17T16:02:37+00:00","description":"Vom alten Holzkarren der Essen-Stra\u00dfenverk\u00e4ufer bis hin zu VKart, einem handbet\u00e4tigten Street Food-Wagen, der f\u00fcr Unternehmen und Marketing als mobile Workstation f\u00fcr den Verkauf und die Verkaufsf\u00f6rderung in privaten R\u00e4umen konzipiert ist","breadcrumb":{"@id":"https:\/\/www.vsveicolispeciali.com\/de\/der-handwagen-erlebt-ein-comeback-dank-vkart-von-vs-street-food\/#breadcrumb"},"inLanguage":"de","potentialAction":[{"@type":"ReadAction","target":["https:\/\/www.vsveicolispeciali.com\/de\/der-handwagen-erlebt-ein-comeback-dank-vkart-von-vs-street-food\/"]}]},{"@type":"ImageObject","inLanguage":"de","@id":"https:\/\/www.vsveicolispeciali.com\/de\/der-handwagen-erlebt-ein-comeback-dank-vkart-von-vs-street-food\/#primaryimage","url":"https:\/\/www.vsveicolispeciali.com\/wp-content\/uploads\/2019\/03\/antichi-carretti-venditori-ambulanti.jpg","contentUrl":"https:\/\/www.vsveicolispeciali.com\/wp-content\/uploads\/2019\/03\/antichi-carretti-venditori-ambulanti.jpg","width":579,"height":431,"caption":"antichi carretti venditori ambulanti"},{"@type":"BreadcrumbList","@id":"https:\/\/www.vsveicolispeciali.com\/de\/der-handwagen-erlebt-ein-comeback-dank-vkart-von-vs-street-food\/#breadcrumb","itemListElement":[{"@type":"ListItem","position":1,"name":"Home","item":"https:\/\/www.vsveicolispeciali.com\/de\/"},{"@type":"ListItem","position":2,"name":"Der Handwagen erlebt ein Comeback dank VKart von VS Street Food"}]},{"@type":"WebSite","@id":"https:\/\/www.vsveicolispeciali.com\/de\/#website","url":"https:\/\/www.vsveicolispeciali.com\/de\/","name":"VS Veicoli Speciali","description":"","publisher":{"@id":"https:\/\/www.vsveicolispeciali.com\/de\/#organization"},"potentialAction":[{"@type":"SearchAction","target":{"@type":"EntryPoint","urlTemplate":"https:\/\/www.vsveicolispeciali.com\/de\/?s={search_term_string}"},"query-input":{"@type":"PropertyValueSpecification","valueRequired":true,"valueName":"search_term_string"}}],"inLanguage":"de"},{"@type":"Organization","@id":"https:\/\/www.vsveicolispeciali.com\/de\/#organization","name":"VS Veicoli Speciali","url":"https:\/\/www.vsveicolispeciali.com\/de\/","logo":{"@type":"ImageObject","inLanguage":"de","@id":"https:\/\/www.vsveicolispeciali.com\/de\/#\/schema\/logo\/image\/","url":"http:\/\/www.vsveicolispeciali.com\/wp-content\/uploads\/2015\/05\/vs_veicoli_speciali-logo.png","contentUrl":"http:\/\/www.vsveicolispeciali.com\/wp-content\/uploads\/2015\/05\/vs_veicoli_speciali-logo.png","width":252,"height":134,"caption":"VS Veicoli Speciali"},"image":{"@id":"https:\/\/www.vsveicolispeciali.com\/de\/#\/schema\/logo\/image\/"},"sameAs":["https:\/\/www.facebook.com\/VSVeicoliSpeciali.Food.Trucks\/","https:\/\/x.com\/veicolispeciali","https:\/\/www.instagram.com\/vs_veicolispeciali\/","https:\/\/www.linkedin.com\/company\/2811960\/","https:\/\/www.pinterest.com\/streetfoodtruck\/","https:\/\/www.youtube.com\/user\/veicolispeciali"]},{"@type":"Person","@id":"https:\/\/www.vsveicolispeciali.com\/de\/#\/schema\/person\/8c8e3b05db2eca472cca11ff78d1a62d","name":"VS Veicoli Speciali","image":{"@type":"ImageObject","inLanguage":"de","@id":"https:\/\/www.vsveicolispeciali.com\/de\/#\/schema\/person\/image\/","url":"https:\/\/secure.gravatar.com\/avatar\/69112ab3f18e6754894da123600ad5b0?s=96&d=mm&r=g","contentUrl":"https:\/\/secure.gravatar.com\/avatar\/69112ab3f18e6754894da123600ad5b0?s=96&d=mm&r=g","caption":"VS Veicoli Speciali"}}]}},"_links":{"self":[{"href":"https:\/\/www.vsveicolispeciali.com\/de\/wp-json\/wp\/v2\/posts\/10572"}],"collection":[{"href":"https:\/\/www.vsveicolispeciali.com\/de\/wp-json\/wp\/v2\/posts"}],"about":[{"href":"https:\/\/www.vsveicolispeciali.com\/de\/wp-json\/wp\/v2\/types\/post"}],"author":[{"embeddable":true,"href":"https:\/\/www.vsveicolispeciali.com\/de\/wp-json\/wp\/v2\/users\/2"}],"replies":[{"embeddable":true,"href":"https:\/\/www.vsveicolispeciali.com\/de\/wp-json\/wp\/v2\/comments?post=10572"}],"version-history":[{"count":4,"href":"https:\/\/www.vsveicolispeciali.com\/de\/wp-json\/wp\/v2\/posts\/10572\/revisions"}],"predecessor-version":[{"id":20849,"href":"https:\/\/www.vsveicolispeciali.com\/de\/wp-json\/wp\/v2\/posts\/10572\/revisions\/20849"}],"wp:featuredmedia":[{"embeddable":true,"href":"https:\/\/www.vsveicolispeciali.com\/de\/wp-json\/wp\/v2\/media\/9758"}],"wp:attachment":[{"href":"https:\/\/www.vsveicolispeciali.com\/de\/wp-json\/wp\/v2\/media?parent=10572"}],"wp:term":[{"taxonomy":"category","embeddable":true,"href":"https:\/\/www.vsveicolispeciali.com\/de\/wp-json\/wp\/v2\/categories?post=10572"},{"taxonomy":"post_tag","embeddable":true,"href":"https:\/\/www.vsveicolispeciali.com\/de\/wp-json\/wp\/v2\/tags?post=10572"}],"curies":[{"name":"wp","href":"https:\/\/api.w.org\/{rel}","templated":true}]}}